{"id":3326,"date":"2019-02-26T11:41:09","date_gmt":"2019-02-26T10:41:09","guid":{"rendered":"https:\/\/culturesco.com\/?p=3326"},"modified":"2020-04-24T22:29:43","modified_gmt":"2020-04-24T20:29:43","slug":"philr-emmene-moi-interview-un-enfant-du-reggae-et-de-la-musique-cubaine","status":"publish","type":"post","link":"https:\/\/culturesco.com\/index.php\/2019\/02\/26\/philr-emmene-moi-interview-un-enfant-du-reggae-et-de-la-musique-cubaine\/","title":{"rendered":"PhilR &#8211; Un enfant du reggae et de la musique afro-cubaine"},"content":{"rendered":"<h2>A la d\u00e9couverte de PhilR &#8211; Rencontre web Radio<\/h2>\n<p style=\"text-align: justify;\"><strong>PhilR<\/strong> est un enfant du reggae et de la musique afro-cubaine. A 41 ans, ce Quimp\u00e9rois offre \u00e0 son public naissant son 1er titre \u00ab Emm\u00e8ne-moi \u00bb.<\/p>\n<h3>Itin\u00e9raire d\u2019un artiste :<\/h3>\n<p style=\"text-align: justify;\">La musique et la sc\u00e8ne ont toujours fait partie de son univers. En parall\u00e8le, il peaufine sa culture musicale dans un caf\u00e9-concert \u00abLe Gainsbar\u00bb o\u00f9 les pr\u00e9mices de son engouement pour la musique latine et reggae prennent forme. Il n\u2019est pas rare de le retrouver \u00e0 jouer sur sc\u00e8ne des percussions sur des tabourets de bar \u00e0 la demande de la patronne.<\/p>\n<blockquote>\n<h5>\u00ab Parler de paix, d&rsquo;amour et de libert\u00e9. \u00bb<\/h5>\n<\/blockquote>\n<p><iframe loading=\"lazy\" src=\"https:\/\/w.soundcloud.com\/player\/?url=https%3A\/\/api.soundcloud.com\/tracks\/563837106&amp;color=%23ff5500&amp;auto_play=true&amp;hide_related=false&amp;show_comments=true&amp;show_user=true&amp;show_reposts=false&amp;show_teaser=true&amp;visual=true\" width=\"100%\" height=\"600\" frameborder=\"no\" scrolling=\"no\"><\/iframe><\/p>\n<p style=\"text-align: justify;\">En 1999, \u00e0 22 ans, il part sur la route des festivals de reggae. Jusqu&rsquo;en 2003, avec son groupe, il arpente la France et participe \u00e0 200 concerts. Sa passion pour le reggae lui permet de voir son r\u00eave prendre forme puisqu\u2019il encha\u00eene plusieurs premi\u00e8res parties: <strong>Sinsemilia<\/strong>, <strong>Wailers et culture<\/strong>, <strong>les Skatelites<\/strong>, <strong>Max Romeo and the Upseters<\/strong> ou <strong>Macka B<\/strong>. En 2003, au titre de \u00abRoadies\u00bb, il pousse des caisses pour Laurent Gerra! En 2006, il cofonde le collectif latino-am\u00e9ricain <strong>Chili con Carno<\/strong> \u00e0 Concarneau ou son talent de percussionniste prend forme. L\u2019aventure durera huit ans sur toutes les sc\u00e8nes du Finist\u00e8re.<\/p>\n<blockquote>\n<h5 style=\"text-align: justify;\">\u00abOn m&rsquo;a enseign\u00e9 \u00e0 Cuba \u00e0 aborder la vie comme elle est: simplement. Aujourd\u2019hui, je veux diffuser cet enseignement \u00e0 travers ce que je sais faire : la musique.\u00bb<\/h5>\n<\/blockquote>\n<h3>Un tournant radical<\/h3>\n<p style=\"text-align: justify;\">Le 24 d\u00e9cembre 2013, sa vie prend un tournant radical. Il d\u00e9cide, sur un coup de t\u00eate, de partir \u00e0 Cuba \u00e0 la suite de malheurs familiaux o\u00f9 il s\u00e9journe deux semaines. Heureux de se rapprocher de ses racines musicales, il s\u2019immerge dans cette culture, y fait des rencontres et parfait son instrument: la Percussion. Il est d\u2019ailleurs intronis\u00e9 par un ma\u00eetre de c\u00e9r\u00e9monie, son \u00abPadre \u00bb, qui lui l\u00e8gue un enseignement dans la plus pure tradition et lui offre la casquette cubaine qu\u2019il porte tout le temps. \u00abCe s\u00e9jour est une vraie renaissance pour moi\u00bb Les concerts s\u2019encha\u00eenent avec des dates importantes comme: La nuit de la Bretagne. Viendront \u00e9galement le Palais Omnisport de Paris Bercy ; le Z\u00e9nith de Nantes ; le Festival Inter celtique de Lorient et le Festival Ortigueira.<\/p>\n<blockquote>\n<h5 style=\"text-align: justify;\">\u00abOn \u00e9tait dans cette p\u00e9riode morbide des attentats de 2015, j&rsquo;avais besoin d&rsquo;exprimer ce que je ressentais\u00bb<\/h5>\n<\/blockquote>\n<h3>La Candela<\/h3>\n<p style=\"text-align: justify;\">En 2015, il rejoint le groupe latino-am\u00e9ricain <strong>La Candela<\/strong>. La naissance de son fils Paul apportera une pierre essentielle \u00e0 sa vie: \u00abUn gamin, \u00e7a vous ram\u00e8ne \u00e0 l&rsquo;essentiel, \u00e0 la simplicit\u00e9 de la vie, le tout est de garder le fil conducteur de la vie: l&rsquo;amour.\u00bb En 2017, il ressort de ses cartons deux textes qu&rsquo;il avait commenc\u00e9 \u00e0 \u00e9crire en 2001 <strong>Lovin<\/strong> et <strong>One Color<\/strong>. \u00abOne Color est une arme contre la violence, l&rsquo;int\u00e9grisme et l&rsquo;intol\u00e9rance. Un artiste doit servir \u00e0 quelque chose, d\u00e9fendre une cause.\u00bb<\/p>\n<h3>Emm\u00e8ne-moi<\/h3>\n<div class=\"youtube-embed\" data-video_id=\"Yoy01tTzWDw\"><iframe loading=\"lazy\" title=\"PhilR - Emm\u00e8ne-moi\" width=\"696\" height=\"392\" src=\"https:\/\/www.youtube.com\/embed\/Yoy01tTzWDw\" frameborder=\"0\" allow=\"accelerometer; autoplay; clipboard-write; encrypted-media; gyroscope; picture-in-picture; web-share\" referrerpolicy=\"strict-origin-when-cross-origin\" allowfullscreen><\/iframe><\/div>\n<p style=\"text-align: justify;\">En 2018, il \u00e9crit l\u2019\u00e9t\u00e9 dernier <strong>Emm\u00e8ne-moi.\u00a0<\/strong>\u00a0Puis il rentre en studio en septembre et r\u00e9alise un clip en octobre. Depuis sa sortie officielle le 1er novembre, Emm\u00e8ne-moi compte plus de 80900 vues sur sa cha\u00eene Youtube \u00ab<a href=\"https:\/\/www.youtube.com\/channel\/UCV2v1G_WLBe1SgN18_TL8PA\">PhilrVevo<\/a>\u00bb, une fan zone de 3100 aficionados sur sa page Facebook, la diffusion du clip sur MTV France, sur La Grosse Radio.com, 7 Entertainment T\u00e9l\u00e9vision, l\u2019ann\u00e9e 2019 verra en janvier la promotion de Emm\u00e8ne-moi (distribu\u00e9 par Aldam production Label d\u2019Universal music) aupr\u00e8s de 600 radios (GIE, associatives et nationales). Le printemps permettra la sortie d\u2019un nouveau titre et d\u2019un nouveau clip et pour l\u2019\u00e9t\u00e9 la pr\u00e9paration d\u2019une tourn\u00e9e de quelques dates.<\/p>\n<p style=\"text-align: justify;\">Tout est l\u00e0, pour vous emmener dans notre aventure.<\/p>\n<p><a href=\"https:\/\/culturesco.com\/index.php\/2018\/10\/12\/gerald-bloncourt-rencontre-avec-un-photographe-legendaire\/\">Production R\u00e9alisation<\/a><strong>\u00a0 &#8211; Thierry Buisson<\/strong> &#8211; <strong>Culturesco<\/strong><\/p>\n","protected":false},"excerpt":{"rendered":"<p>A la d\u00e9couverte de PhilR &#8211; Rencontre web Radio PhilR est un enfant du reggae et de la musique afro-cubaine. A 41 ans, ce Quimp\u00e9rois offre \u00e0 son public naissant son 1er titre \u00ab Emm\u00e8ne-moi \u00bb. Itin\u00e9raire d\u2019un artiste : La musique et la sc\u00e8ne ont toujours fait partie de son univers. En parall\u00e8le, il [&hellip;]<\/p>\n","protected":false},"author":1,"featured_media":3327,"comment_status":"closed","ping_status":"closed","sticky":false,"template":"","format":"image","meta":{"jetpack_post_was_ever_published":false,"tdm_status":"","tdm_grid_status":"","_jetpack_newsletter_access":"","_jetpack_dont_email_post_to_subs":false,"_jetpack_newsletter_tier_id":0,"_jetpack_memberships_contains_paywalled_content":false,"_jetpack_memberships_contains_paid_content":false,"footnotes":""},"categories":[17],"tags":[84],"class_list":{"0":"post-3326","1":"post","2":"type-post","3":"status-publish","4":"format-image","5":"has-post-thumbnail","7":"category-carotte-rock-cultures","8":"tag-web-radio","9":"post_format-post-format-image"},"yoast_head":"<!-- This site is optimized with the Yoast SEO plugin v27.5 - https:\/\/yoast.com\/product\/yoast-seo-wordpress\/ -->\n<title>PhilR - Un enfant du reggae et de la musique afro-cubaine - Culturesco<\/title>\n<meta name=\"description\" content=\"CulturesCo | Un bon coup de pied dans ta Culture | Chroniques et histoire du Rock, chanson fran\u00e7aise, litt\u00e9rature, cin\u00e9ma et bande dessin\u00e9e.\" \/>\n<meta name=\"robots\" content=\"index, follow, max-snippet:-1, max-image-preview:large, max-video-preview:-1\" \/>\n<link rel=\"canonical\" href=\"https:\/\/culturesco.com\/index.php\/2019\/02\/26\/philr-emmene-moi-interview-un-enfant-du-reggae-et-de-la-musique-cubaine\/\" \/>\n<meta property=\"og:locale\" content=\"fr_FR\" \/>\n<meta property=\"og:type\" content=\"article\" \/>\n<meta property=\"og:title\" content=\"PhilR - Un enfant du reggae et de la musique afro-cubaine - Culturesco\" \/>\n<meta property=\"og:description\" content=\"CulturesCo | Un bon coup de pied dans ta Culture | Chroniques et histoire du Rock, chanson fran\u00e7aise, litt\u00e9rature, cin\u00e9ma et bande dessin\u00e9e.\" \/>\n<meta property=\"og:url\" content=\"https:\/\/culturesco.com\/index.php\/2019\/02\/26\/philr-emmene-moi-interview-un-enfant-du-reggae-et-de-la-musique-cubaine\/\" \/>\n<meta property=\"og:site_name\" content=\"Culturesco\" \/>\n<meta property=\"article:publisher\" content=\"https:\/\/www.facebook.com\/radioculturesco\" \/>\n<meta property=\"article:author\" content=\"https:\/\/www.facebook.com\/radioculturesco\" \/>\n<meta property=\"article:published_time\" content=\"2019-02-26T10:41:09+00:00\" \/>\n<meta property=\"article:modified_time\" content=\"2020-04-24T20:29:43+00:00\" \/>\n<meta property=\"og:image\" content=\"https:\/\/i0.wp.com\/culturesco.com\/wp-content\/uploads\/2019\/02\/PhilR-Roadtrip-1200x630px.jpg?fit=600%2C315&ssl=1\" \/>\n\t<meta property=\"og:image:width\" content=\"600\" \/>\n\t<meta property=\"og:image:height\" content=\"315\" \/>\n\t<meta property=\"og:image:type\" content=\"image\/jpeg\" \/>\n<meta name=\"author\" content=\"Auguste Marshal\" \/>\n<meta name=\"twitter:card\" content=\"summary_large_image\" \/>\n<meta name=\"twitter:creator\" content=\"@https:\/\/twitter.com\/AugusteMarshal\" \/>\n<meta name=\"twitter:site\" content=\"@AugusteMarshal\" \/>\n<meta name=\"twitter:label1\" content=\"\u00c9crit par\" \/>\n\t<meta name=\"twitter:data1\" content=\"Auguste Marshal\" \/>\n\t<meta name=\"twitter:label2\" content=\"Dur\u00e9e de lecture estim\u00e9e\" \/>\n\t<meta name=\"twitter:data2\" content=\"3 minutes\" \/>\n<script type=\"application\/ld+json\" class=\"yoast-schema-graph\">{\"@context\":\"https:\\\/\\\/schema.org\",\"@graph\":[{\"@type\":\"Article\",\"@id\":\"https:\\\/\\\/culturesco.com\\\/index.php\\\/2019\\\/02\\\/26\\\/philr-emmene-moi-interview-un-enfant-du-reggae-et-de-la-musique-cubaine\\\/#article\",\"isPartOf\":{\"@id\":\"https:\\\/\\\/culturesco.com\\\/index.php\\\/2019\\\/02\\\/26\\\/philr-emmene-moi-interview-un-enfant-du-reggae-et-de-la-musique-cubaine\\\/\"},\"author\":{\"name\":\"Auguste Marshal\",\"@id\":\"https:\\\/\\\/culturesco.com\\\/#\\\/schema\\\/person\\\/9a265b03a60b0fa349532a231f7d1d0e\"},\"headline\":\"PhilR &#8211; Un enfant du reggae et de la musique afro-cubaine\",\"datePublished\":\"2019-02-26T10:41:09+00:00\",\"dateModified\":\"2020-04-24T20:29:43+00:00\",\"mainEntityOfPage\":{\"@id\":\"https:\\\/\\\/culturesco.com\\\/index.php\\\/2019\\\/02\\\/26\\\/philr-emmene-moi-interview-un-enfant-du-reggae-et-de-la-musique-cubaine\\\/\"},\"wordCount\":657,\"publisher\":{\"@id\":\"https:\\\/\\\/culturesco.com\\\/#organization\"},\"image\":{\"@id\":\"https:\\\/\\\/culturesco.com\\\/index.php\\\/2019\\\/02\\\/26\\\/philr-emmene-moi-interview-un-enfant-du-reggae-et-de-la-musique-cubaine\\\/#primaryimage\"},\"thumbnailUrl\":\"https:\\\/\\\/i0.wp.com\\\/culturesco.com\\\/wp-content\\\/uploads\\\/2019\\\/02\\\/PhilR-Roadtrip-1200x630px.jpg?fit=600%2C315&ssl=1\",\"keywords\":[\"web radio\"],\"articleSection\":[\"Carotte Rock Cultures\"],\"inLanguage\":\"fr-FR\"},{\"@type\":\"WebPage\",\"@id\":\"https:\\\/\\\/culturesco.com\\\/index.php\\\/2019\\\/02\\\/26\\\/philr-emmene-moi-interview-un-enfant-du-reggae-et-de-la-musique-cubaine\\\/\",\"url\":\"https:\\\/\\\/culturesco.com\\\/index.php\\\/2019\\\/02\\\/26\\\/philr-emmene-moi-interview-un-enfant-du-reggae-et-de-la-musique-cubaine\\\/\",\"name\":\"PhilR - Un enfant du reggae et de la musique afro-cubaine - Culturesco\",\"isPartOf\":{\"@id\":\"https:\\\/\\\/culturesco.com\\\/#website\"},\"primaryImageOfPage\":{\"@id\":\"https:\\\/\\\/culturesco.com\\\/index.php\\\/2019\\\/02\\\/26\\\/philr-emmene-moi-interview-un-enfant-du-reggae-et-de-la-musique-cubaine\\\/#primaryimage\"},\"image\":{\"@id\":\"https:\\\/\\\/culturesco.com\\\/index.php\\\/2019\\\/02\\\/26\\\/philr-emmene-moi-interview-un-enfant-du-reggae-et-de-la-musique-cubaine\\\/#primaryimage\"},\"thumbnailUrl\":\"https:\\\/\\\/i0.wp.com\\\/culturesco.com\\\/wp-content\\\/uploads\\\/2019\\\/02\\\/PhilR-Roadtrip-1200x630px.jpg?fit=600%2C315&ssl=1\",\"datePublished\":\"2019-02-26T10:41:09+00:00\",\"dateModified\":\"2020-04-24T20:29:43+00:00\",\"description\":\"CulturesCo | Un bon coup de pied dans ta Culture | Chroniques et histoire du Rock, chanson fran\u00e7aise, litt\u00e9rature, cin\u00e9ma et bande dessin\u00e9e.\",\"breadcrumb\":{\"@id\":\"https:\\\/\\\/culturesco.com\\\/index.php\\\/2019\\\/02\\\/26\\\/philr-emmene-moi-interview-un-enfant-du-reggae-et-de-la-musique-cubaine\\\/#breadcrumb\"},\"inLanguage\":\"fr-FR\",\"potentialAction\":[{\"@type\":\"ReadAction\",\"target\":[\"https:\\\/\\\/culturesco.com\\\/index.php\\\/2019\\\/02\\\/26\\\/philr-emmene-moi-interview-un-enfant-du-reggae-et-de-la-musique-cubaine\\\/\"]}]},{\"@type\":\"ImageObject\",\"inLanguage\":\"fr-FR\",\"@id\":\"https:\\\/\\\/culturesco.com\\\/index.php\\\/2019\\\/02\\\/26\\\/philr-emmene-moi-interview-un-enfant-du-reggae-et-de-la-musique-cubaine\\\/#primaryimage\",\"url\":\"https:\\\/\\\/i0.wp.com\\\/culturesco.com\\\/wp-content\\\/uploads\\\/2019\\\/02\\\/PhilR-Roadtrip-1200x630px.jpg?fit=600%2C315&ssl=1\",\"contentUrl\":\"https:\\\/\\\/i0.wp.com\\\/culturesco.com\\\/wp-content\\\/uploads\\\/2019\\\/02\\\/PhilR-Roadtrip-1200x630px.jpg?fit=600%2C315&ssl=1\",\"width\":600,\"height\":315,\"caption\":\"PhilR\"},{\"@type\":\"BreadcrumbList\",\"@id\":\"https:\\\/\\\/culturesco.com\\\/index.php\\\/2019\\\/02\\\/26\\\/philr-emmene-moi-interview-un-enfant-du-reggae-et-de-la-musique-cubaine\\\/#breadcrumb\",\"itemListElement\":[{\"@type\":\"ListItem\",\"position\":1,\"name\":\"Accueil\",\"item\":\"https:\\\/\\\/culturesco.com\\\/\"},{\"@type\":\"ListItem\",\"position\":2,\"name\":\"PhilR &#8211; Un enfant du reggae et de la musique afro-cubaine\"}]},{\"@type\":\"WebSite\",\"@id\":\"https:\\\/\\\/culturesco.com\\\/#website\",\"url\":\"https:\\\/\\\/culturesco.com\\\/\",\"name\":\"Culturesco\",\"description\":\"Culturesco | Un bon coup de pied dans ta Culture\",\"publisher\":{\"@id\":\"https:\\\/\\\/culturesco.com\\\/#organization\"},\"potentialAction\":[{\"@type\":\"SearchAction\",\"target\":{\"@type\":\"EntryPoint\",\"urlTemplate\":\"https:\\\/\\\/culturesco.com\\\/?s={search_term_string}\"},\"query-input\":{\"@type\":\"PropertyValueSpecification\",\"valueRequired\":true,\"valueName\":\"search_term_string\"}}],\"inLanguage\":\"fr-FR\"},{\"@type\":\"Organization\",\"@id\":\"https:\\\/\\\/culturesco.com\\\/#organization\",\"name\":\"CULTURESCO\",\"url\":\"https:\\\/\\\/culturesco.com\\\/\",\"logo\":{\"@type\":\"ImageObject\",\"inLanguage\":\"fr-FR\",\"@id\":\"https:\\\/\\\/culturesco.com\\\/#\\\/schema\\\/logo\\\/image\\\/\",\"url\":\"https:\\\/\\\/i0.wp.com\\\/culturesco.com\\\/wp-content\\\/uploads\\\/2022\\\/04\\\/culturesco-logo-blanc250p.png?fit=250%2C250&ssl=1\",\"contentUrl\":\"https:\\\/\\\/i0.wp.com\\\/culturesco.com\\\/wp-content\\\/uploads\\\/2022\\\/04\\\/culturesco-logo-blanc250p.png?fit=250%2C250&ssl=1\",\"width\":250,\"height\":250,\"caption\":\"CULTURESCO\"},\"image\":{\"@id\":\"https:\\\/\\\/culturesco.com\\\/#\\\/schema\\\/logo\\\/image\\\/\"},\"sameAs\":[\"https:\\\/\\\/www.facebook.com\\\/radioculturesco\",\"https:\\\/\\\/x.com\\\/AugusteMarshal\",\"https:\\\/\\\/www.instagram.com\\\/carotte_rock_culture\\\/\",\"https:\\\/\\\/www.pinterest.fr\\\/augustemarshal\\\/\",\"https:\\\/\\\/www.youtube.com\\\/channel\\\/UCiWLGffqWSXlNnfzp6YwwyQ\"]},{\"@type\":\"Person\",\"@id\":\"https:\\\/\\\/culturesco.com\\\/#\\\/schema\\\/person\\\/9a265b03a60b0fa349532a231f7d1d0e\",\"name\":\"Auguste Marshal\",\"image\":{\"@type\":\"ImageObject\",\"inLanguage\":\"fr-FR\",\"@id\":\"https:\\\/\\\/i0.wp.com\\\/culturesco.com\\\/wp-content\\\/uploads\\\/2019\\\/03\\\/auguste.jpg?fit=96%2C74&ssl=1\",\"url\":\"https:\\\/\\\/i0.wp.com\\\/culturesco.com\\\/wp-content\\\/uploads\\\/2019\\\/03\\\/auguste.jpg?fit=96%2C74&ssl=1\",\"contentUrl\":\"https:\\\/\\\/i0.wp.com\\\/culturesco.com\\\/wp-content\\\/uploads\\\/2019\\\/03\\\/auguste.jpg?fit=96%2C74&ssl=1\",\"caption\":\"Auguste Marshal\"},\"description\":\"Animateur Radio - Producteur animateur de l'\u00e9mission Culturesco sur Pop Culture Radio - Community Manager - Cr\u00e9ateur du blog Culturesco.com et pr\u00e9c\u00e9demment du Blog Rock Auguste Marshal - Administrateur des pages Facebook et Instagram Carotte Rock Cultures et Radio CulturesCo - Administrateur de groupes Facebook\",\"sameAs\":[\"https:\\\/\\\/culturesco.com\",\"https:\\\/\\\/www.facebook.com\\\/radioculturesco\",\"https:\\\/\\\/www.instagram.com\\\/carotte_rock_culture\\\/\",\"https:\\\/\\\/www.linkedin.com\\\/in\\\/auguste-marshal-7125b1151\\\/\",\"https:\\\/\\\/x.com\\\/https:\\\/\\\/twitter.com\\\/AugusteMarshal\",\"https:\\\/\\\/www.youtube.com\\\/channel\\\/UCiWLGffqWSXlNnfzp6YwwyQ\"],\"url\":\"https:\\\/\\\/culturesco.com\\\/index.php\\\/author\\\/admin8255\\\/\"}]}<\/script>\n<!-- \/ Yoast SEO plugin. -->","yoast_head_json":{"title":"PhilR - Un enfant du reggae et de la musique afro-cubaine - Culturesco","description":"CulturesCo | Un bon coup de pied dans ta Culture | Chroniques et histoire du Rock, chanson fran\u00e7aise, litt\u00e9rature, cin\u00e9ma et bande dessin\u00e9e.","robots":{"index":"index","follow":"follow","max-snippet":"max-snippet:-1","max-image-preview":"max-image-preview:large","max-video-preview":"max-video-preview:-1"},"canonical":"https:\/\/culturesco.com\/index.php\/2019\/02\/26\/philr-emmene-moi-interview-un-enfant-du-reggae-et-de-la-musique-cubaine\/","og_locale":"fr_FR","og_type":"article","og_title":"PhilR - Un enfant du reggae et de la musique afro-cubaine - Culturesco","og_description":"CulturesCo | Un bon coup de pied dans ta Culture | Chroniques et histoire du Rock, chanson fran\u00e7aise, litt\u00e9rature, cin\u00e9ma et bande dessin\u00e9e.","og_url":"https:\/\/culturesco.com\/index.php\/2019\/02\/26\/philr-emmene-moi-interview-un-enfant-du-reggae-et-de-la-musique-cubaine\/","og_site_name":"Culturesco","article_publisher":"https:\/\/www.facebook.com\/radioculturesco","article_author":"https:\/\/www.facebook.com\/radioculturesco","article_published_time":"2019-02-26T10:41:09+00:00","article_modified_time":"2020-04-24T20:29:43+00:00","og_image":[{"width":600,"height":315,"url":"https:\/\/i0.wp.com\/culturesco.com\/wp-content\/uploads\/2019\/02\/PhilR-Roadtrip-1200x630px.jpg?fit=600%2C315&ssl=1","type":"image\/jpeg"}],"author":"Auguste Marshal","twitter_card":"summary_large_image","twitter_creator":"@https:\/\/twitter.com\/AugusteMarshal","twitter_site":"@AugusteMarshal","twitter_misc":{"\u00c9crit par":"Auguste Marshal","Dur\u00e9e de lecture estim\u00e9e":"3 minutes"},"schema":{"@context":"https:\/\/schema.org","@graph":[{"@type":"Article","@id":"https:\/\/culturesco.com\/index.php\/2019\/02\/26\/philr-emmene-moi-interview-un-enfant-du-reggae-et-de-la-musique-cubaine\/#article","isPartOf":{"@id":"https:\/\/culturesco.com\/index.php\/2019\/02\/26\/philr-emmene-moi-interview-un-enfant-du-reggae-et-de-la-musique-cubaine\/"},"author":{"name":"Auguste Marshal","@id":"https:\/\/culturesco.com\/#\/schema\/person\/9a265b03a60b0fa349532a231f7d1d0e"},"headline":"PhilR &#8211; Un enfant du reggae et de la musique afro-cubaine","datePublished":"2019-02-26T10:41:09+00:00","dateModified":"2020-04-24T20:29:43+00:00","mainEntityOfPage":{"@id":"https:\/\/culturesco.com\/index.php\/2019\/02\/26\/philr-emmene-moi-interview-un-enfant-du-reggae-et-de-la-musique-cubaine\/"},"wordCount":657,"publisher":{"@id":"https:\/\/culturesco.com\/#organization"},"image":{"@id":"https:\/\/culturesco.com\/index.php\/2019\/02\/26\/philr-emmene-moi-interview-un-enfant-du-reggae-et-de-la-musique-cubaine\/#primaryimage"},"thumbnailUrl":"https:\/\/i0.wp.com\/culturesco.com\/wp-content\/uploads\/2019\/02\/PhilR-Roadtrip-1200x630px.jpg?fit=600%2C315&ssl=1","keywords":["web radio"],"articleSection":["Carotte Rock Cultures"],"inLanguage":"fr-FR"},{"@type":"WebPage","@id":"https:\/\/culturesco.com\/index.php\/2019\/02\/26\/philr-emmene-moi-interview-un-enfant-du-reggae-et-de-la-musique-cubaine\/","url":"https:\/\/culturesco.com\/index.php\/2019\/02\/26\/philr-emmene-moi-interview-un-enfant-du-reggae-et-de-la-musique-cubaine\/","name":"PhilR - Un enfant du reggae et de la musique afro-cubaine - Culturesco","isPartOf":{"@id":"https:\/\/culturesco.com\/#website"},"primaryImageOfPage":{"@id":"https:\/\/culturesco.com\/index.php\/2019\/02\/26\/philr-emmene-moi-interview-un-enfant-du-reggae-et-de-la-musique-cubaine\/#primaryimage"},"image":{"@id":"https:\/\/culturesco.com\/index.php\/2019\/02\/26\/philr-emmene-moi-interview-un-enfant-du-reggae-et-de-la-musique-cubaine\/#primaryimage"},"thumbnailUrl":"https:\/\/i0.wp.com\/culturesco.com\/wp-content\/uploads\/2019\/02\/PhilR-Roadtrip-1200x630px.jpg?fit=600%2C315&ssl=1","datePublished":"2019-02-26T10:41:09+00:00","dateModified":"2020-04-24T20:29:43+00:00","description":"CulturesCo | Un bon coup de pied dans ta Culture | Chroniques et histoire du Rock, chanson fran\u00e7aise, litt\u00e9rature, cin\u00e9ma et bande dessin\u00e9e.","breadcrumb":{"@id":"https:\/\/culturesco.com\/index.php\/2019\/02\/26\/philr-emmene-moi-interview-un-enfant-du-reggae-et-de-la-musique-cubaine\/#breadcrumb"},"inLanguage":"fr-FR","potentialAction":[{"@type":"ReadAction","target":["https:\/\/culturesco.com\/index.php\/2019\/02\/26\/philr-emmene-moi-interview-un-enfant-du-reggae-et-de-la-musique-cubaine\/"]}]},{"@type":"ImageObject","inLanguage":"fr-FR","@id":"https:\/\/culturesco.com\/index.php\/2019\/02\/26\/philr-emmene-moi-interview-un-enfant-du-reggae-et-de-la-musique-cubaine\/#primaryimage","url":"https:\/\/i0.wp.com\/culturesco.com\/wp-content\/uploads\/2019\/02\/PhilR-Roadtrip-1200x630px.jpg?fit=600%2C315&ssl=1","contentUrl":"https:\/\/i0.wp.com\/culturesco.com\/wp-content\/uploads\/2019\/02\/PhilR-Roadtrip-1200x630px.jpg?fit=600%2C315&ssl=1","width":600,"height":315,"caption":"PhilR"},{"@type":"BreadcrumbList","@id":"https:\/\/culturesco.com\/index.php\/2019\/02\/26\/philr-emmene-moi-interview-un-enfant-du-reggae-et-de-la-musique-cubaine\/#breadcrumb","itemListElement":[{"@type":"ListItem","position":1,"name":"Accueil","item":"https:\/\/culturesco.com\/"},{"@type":"ListItem","position":2,"name":"PhilR &#8211; Un enfant du reggae et de la musique afro-cubaine"}]},{"@type":"WebSite","@id":"https:\/\/culturesco.com\/#website","url":"https:\/\/culturesco.com\/","name":"Culturesco","description":"Culturesco | Un bon coup de pied dans ta Culture","publisher":{"@id":"https:\/\/culturesco.com\/#organization"},"potentialAction":[{"@type":"SearchAction","target":{"@type":"EntryPoint","urlTemplate":"https:\/\/culturesco.com\/?s={search_term_string}"},"query-input":{"@type":"PropertyValueSpecification","valueRequired":true,"valueName":"search_term_string"}}],"inLanguage":"fr-FR"},{"@type":"Organization","@id":"https:\/\/culturesco.com\/#organization","name":"CULTURESCO","url":"https:\/\/culturesco.com\/","logo":{"@type":"ImageObject","inLanguage":"fr-FR","@id":"https:\/\/culturesco.com\/#\/schema\/logo\/image\/","url":"https:\/\/i0.wp.com\/culturesco.com\/wp-content\/uploads\/2022\/04\/culturesco-logo-blanc250p.png?fit=250%2C250&ssl=1","contentUrl":"https:\/\/i0.wp.com\/culturesco.com\/wp-content\/uploads\/2022\/04\/culturesco-logo-blanc250p.png?fit=250%2C250&ssl=1","width":250,"height":250,"caption":"CULTURESCO"},"image":{"@id":"https:\/\/culturesco.com\/#\/schema\/logo\/image\/"},"sameAs":["https:\/\/www.facebook.com\/radioculturesco","https:\/\/x.com\/AugusteMarshal","https:\/\/www.instagram.com\/carotte_rock_culture\/","https:\/\/www.pinterest.fr\/augustemarshal\/","https:\/\/www.youtube.com\/channel\/UCiWLGffqWSXlNnfzp6YwwyQ"]},{"@type":"Person","@id":"https:\/\/culturesco.com\/#\/schema\/person\/9a265b03a60b0fa349532a231f7d1d0e","name":"Auguste Marshal","image":{"@type":"ImageObject","inLanguage":"fr-FR","@id":"https:\/\/i0.wp.com\/culturesco.com\/wp-content\/uploads\/2019\/03\/auguste.jpg?fit=96%2C74&ssl=1","url":"https:\/\/i0.wp.com\/culturesco.com\/wp-content\/uploads\/2019\/03\/auguste.jpg?fit=96%2C74&ssl=1","contentUrl":"https:\/\/i0.wp.com\/culturesco.com\/wp-content\/uploads\/2019\/03\/auguste.jpg?fit=96%2C74&ssl=1","caption":"Auguste Marshal"},"description":"Animateur Radio - Producteur animateur de l'\u00e9mission Culturesco sur Pop Culture Radio - Community Manager - Cr\u00e9ateur du blog Culturesco.com et pr\u00e9c\u00e9demment du Blog Rock Auguste Marshal - Administrateur des pages Facebook et Instagram Carotte Rock Cultures et Radio CulturesCo - Administrateur de groupes Facebook","sameAs":["https:\/\/culturesco.com","https:\/\/www.facebook.com\/radioculturesco","https:\/\/www.instagram.com\/carotte_rock_culture\/","https:\/\/www.linkedin.com\/in\/auguste-marshal-7125b1151\/","https:\/\/x.com\/https:\/\/twitter.com\/AugusteMarshal","https:\/\/www.youtube.com\/channel\/UCiWLGffqWSXlNnfzp6YwwyQ"],"url":"https:\/\/culturesco.com\/index.php\/author\/admin8255\/"}]}},"jetpack_featured_media_url":"https:\/\/i0.wp.com\/culturesco.com\/wp-content\/uploads\/2019\/02\/PhilR-Roadtrip-1200x630px.jpg?fit=600%2C315&ssl=1","jetpack_likes_enabled":true,"jetpack_sharing_enabled":true,"jetpack_shortlink":"https:\/\/wp.me\/paz89I-RE","_links":{"self":[{"href":"https:\/\/culturesco.com\/index.php\/wp-json\/wp\/v2\/posts\/3326","targetHints":{"allow":["GET"]}}],"collection":[{"href":"https:\/\/culturesco.com\/index.php\/wp-json\/wp\/v2\/posts"}],"about":[{"href":"https:\/\/culturesco.com\/index.php\/wp-json\/wp\/v2\/types\/post"}],"author":[{"embeddable":true,"href":"https:\/\/culturesco.com\/index.php\/wp-json\/wp\/v2\/users\/1"}],"replies":[{"embeddable":true,"href":"https:\/\/culturesco.com\/index.php\/wp-json\/wp\/v2\/comments?post=3326"}],"version-history":[{"count":0,"href":"https:\/\/culturesco.com\/index.php\/wp-json\/wp\/v2\/posts\/3326\/revisions"}],"wp:featuredmedia":[{"embeddable":true,"href":"https:\/\/culturesco.com\/index.php\/wp-json\/wp\/v2\/media\/3327"}],"wp:attachment":[{"href":"https:\/\/culturesco.com\/index.php\/wp-json\/wp\/v2\/media?parent=3326"}],"wp:term":[{"taxonomy":"category","embeddable":true,"href":"https:\/\/culturesco.com\/index.php\/wp-json\/wp\/v2\/categories?post=3326"},{"taxonomy":"post_tag","embeddable":true,"href":"https:\/\/culturesco.com\/index.php\/wp-json\/wp\/v2\/tags?post=3326"}],"curies":[{"name":"wp","href":"https:\/\/api.w.org\/{rel}","templated":true}]}}