{"id":3313,"date":"2019-02-25T14:58:35","date_gmt":"2019-02-25T13:58:35","guid":{"rendered":"https:\/\/culturesco.com\/?p=3313"},"modified":"2019-07-13T09:34:38","modified_gmt":"2019-07-13T07:34:38","slug":"max-linder-et-gaby-morlay","status":"publish","type":"post","link":"https:\/\/culturesco.com\/index.php\/2019\/02\/25\/max-linder-et-gaby-morlay\/","title":{"rendered":"Max LINDER et Gaby MORLAY"},"content":{"rendered":"<h2>\u00ab\u00a02 Ao\u00fbt 1914\u00a0\u00bb connu sous le titre \u00ab\u00a0Max soldat\u00a0\u00bb<\/h2>\n<h3>Un court-m\u00e9trage\u00a0consid\u00e9r\u00e9 comme perdu<\/h3>\n<p style=\"text-align: justify\">En 1915 Max Linder se porte volontaire et est envoy\u00e9 au front. Cette audace, il va la payer: les journaux, qui ont pr\u00e9matur\u00e9ment \u00e9voqu\u00e9 sa mort dans les Ardennes, annoncent bient\u00f4t qu\u2019il respirait encore lorsqu\u2019il fut ramen\u00e9 \u00e0 l\u2019arri\u00e8re et transport\u00e9 \u00e0 l\u2019h\u00f4pital militaire. Sa blessure n\u2019\u00e9tait pas vraiment grave mais il s\u2019\u00e9tait retrouv\u00e9 immobilis\u00e9 durant de longues heures au fond d\u2019un trou d\u2019obus rempli d\u2019eau glac\u00e9e. Gaz\u00e9 dans les tranch\u00e9es, il en souffrira pour le restant de ses jours.<\/p>\n<p style=\"text-align: justify\">Avant son d\u00e9part, avec <strong>Ren\u00e9 Leprince<\/strong>, il avait r\u00e9alis\u00e9 2 Ao\u00fbt 1914, un court m\u00e9trage \u00e9galement connu sous le titre Max soldat dans lequel figure Gaby, qui l\u2019oublia rapidement :<\/p>\n<blockquote>\n<h5 style=\"text-align: justify\"><em>\u00abAvant la guerre, le cin\u00e9ma n\u2019\u00e9tait pas reconnu comme un art. Je ne m\u2019en souciais que pour avoir quelques ressources suppl\u00e9mentaires. Je me rappelle que je recevais un saint-Honor\u00e9 cr\u00e9meux en pleine figure!\u00bb <\/em><\/h5>\n<\/blockquote>\n<p style=\"text-align: justify\">L\u2019auteur du pr\u00e9sent article est aux anges d\u2019avoir pu voir ce document rarissime qu\u2019on croyait perdu (la seule copie qu\u2019il ait pu voir, d\u2019une dur\u00e9e de 11 minutes, est-elle compl\u00e8te ? Il n\u2019y a pas de sc\u00e8ne o\u00f9 Gaby re\u00e7oit \u00ab un saint-Honor\u00e9 cr\u00e9meux en pleine figure ! \u00bb : ce n\u2019est pas elle, mais la cantatrice qui est ainsi&#8230; r\u00e9duite au silence. Ce qui est finalement normal pour un film\u2026 muet !)<\/p>\n<h3 style=\"text-align: justify\">L\u2019histoire :<\/h3>\n<p style=\"text-align: justify\">Invit\u00e9 \u00e0 un ridicule concert mondain, Max tente de concr\u00e9tiser une idylle contrari\u00e9e jusqu&rsquo;au moment o\u00f9 les crieurs de journaux annoncent la guerre. Max s&rsquo;engage et monte dans un train&#8230;<\/p>\n<figure id=\"attachment_3323\" aria-describedby=\"caption-attachment-3323\" style=\"width: 300px\" class=\"wp-caption aligncenter\"><img data-recalc-dims=\"1\" loading=\"lazy\" decoding=\"async\" class=\"wp-image-3323 size-medium\" src=\"https:\/\/i0.wp.com\/culturesco.com\/wp-content\/uploads\/2019\/02\/gaby.jpg?resize=300%2C153&#038;ssl=1\" alt=\"max linder- gaby morlay\" width=\"300\" height=\"153\" \/><figcaption id=\"caption-attachment-3323\" class=\"wp-caption-text\">max linder- gaby morlay<\/figcaption><\/figure>\n<p style=\"text-align: justify\">Quoique ce soit un film comique, nous voyons \u00e0 son d\u00e9but le mouvement et le tumulte des rues de Paris lorsque la guerre fut d\u00e9clar\u00e9e. Puis l\u2019on voit le c\u00e9l\u00e8bre com\u00e9dien qui d\u00e9cide de s\u2019engager lorsque la Belgique est envahie et qui console sa m\u00e8re avant de partir.<\/p>\n<figure id=\"attachment_3324\" aria-describedby=\"caption-attachment-3324\" style=\"width: 300px\" class=\"wp-caption aligncenter\"><img data-recalc-dims=\"1\" loading=\"lazy\" decoding=\"async\" class=\"wp-image-3324 size-medium\" src=\"https:\/\/i0.wp.com\/culturesco.com\/wp-content\/uploads\/2019\/02\/gab2.jpg?resize=300%2C186&#038;ssl=1\" alt=\"max linder- gaby morlay\" width=\"300\" height=\"186\" \/><figcaption id=\"caption-attachment-3324\" class=\"wp-caption-text\">max linder- gaby morlay<\/figcaption><\/figure>\n<p><strong>Daniel Lesueur<\/strong> &#8211;<strong> Culturesco<\/strong><\/p>\n","protected":false},"excerpt":{"rendered":"<p>\u00ab\u00a02 Ao\u00fbt 1914\u00a0\u00bb connu sous le titre \u00ab\u00a0Max soldat\u00a0\u00bb Un court-m\u00e9trage\u00a0consid\u00e9r\u00e9 comme perdu En 1915 Max Linder se porte volontaire et est envoy\u00e9 au front. Cette audace, il va la payer: les journaux, qui ont pr\u00e9matur\u00e9ment \u00e9voqu\u00e9 sa mort dans les Ardennes, annoncent bient\u00f4t qu\u2019il respirait encore lorsqu\u2019il fut ramen\u00e9 \u00e0 l\u2019arri\u00e8re et transport\u00e9 \u00e0 [&hellip;]<\/p>\n","protected":false},"author":2,"featured_media":3323,"comment_status":"closed","ping_status":"closed","sticky":false,"template":"","format":"image","meta":{"jetpack_post_was_ever_published":false,"tdm_status":"","tdm_grid_status":"","_jetpack_newsletter_access":"","_jetpack_dont_email_post_to_subs":false,"_jetpack_newsletter_tier_id":0,"_jetpack_memberships_contains_paywalled_content":false,"_jetpack_memberships_contains_paid_content":false,"footnotes":""},"categories":[24],"tags":[70],"class_list":{"0":"post-3313","1":"post","2":"type-post","3":"status-publish","4":"format-image","5":"has-post-thumbnail","7":"category-cinema","8":"tag-collections","9":"post_format-post-format-image"},"yoast_head":"<!-- This site is optimized with the Yoast SEO plugin v27.5 - https:\/\/yoast.com\/product\/yoast-seo-wordpress\/ -->\n<title>Max LINDER et Gaby MORLAY - Culturesco<\/title>\n<meta name=\"description\" content=\"CulturesCo | Un bon coup de pied dans ta Culture | Chroniques et histoire du Rock, chanson fran\u00e7aise, litt\u00e9rature, cin\u00e9ma et bande dessin\u00e9e.\" \/>\n<meta name=\"robots\" content=\"index, follow, max-snippet:-1, max-image-preview:large, max-video-preview:-1\" \/>\n<link rel=\"canonical\" href=\"https:\/\/culturesco.com\/index.php\/2019\/02\/25\/max-linder-et-gaby-morlay\/\" \/>\n<meta property=\"og:locale\" content=\"fr_FR\" \/>\n<meta property=\"og:type\" content=\"article\" \/>\n<meta property=\"og:title\" content=\"Max LINDER et Gaby MORLAY - Un court m\u00e9trage consid\u00e9r\u00e9 comme perdu\" \/>\n<meta property=\"og:description\" content=\"Le court m\u00e9trage &quot;2 Ao\u00fbt 1914&quot; connu sous le titre &quot;Max soldat&quot; avec Max LINDER et Gaby MORLAY\" \/>\n<meta property=\"og:url\" content=\"https:\/\/culturesco.com\/index.php\/2019\/02\/25\/max-linder-et-gaby-morlay\/\" \/>\n<meta property=\"og:site_name\" content=\"Culturesco\" \/>\n<meta property=\"article:publisher\" content=\"https:\/\/www.facebook.com\/radioculturesco\" \/>\n<meta property=\"article:published_time\" content=\"2019-02-25T13:58:35+00:00\" \/>\n<meta property=\"article:modified_time\" content=\"2019-07-13T07:34:38+00:00\" \/>\n<meta property=\"og:image\" content=\"https:\/\/i1.wp.com\/culturesco.com\/wp-content\/uploads\/2019\/02\/gaby-e1555060039555.jpg?fit=600%2C306&ssl=1\" \/>\n\t<meta property=\"og:image:width\" content=\"600\" \/>\n\t<meta property=\"og:image:height\" content=\"306\" \/>\n\t<meta property=\"og:image:type\" content=\"image\/jpeg\" \/>\n<meta name=\"author\" content=\"Daniel Lesueur\" \/>\n<meta name=\"twitter:card\" content=\"summary_large_image\" \/>\n<meta name=\"twitter:creator\" content=\"@AugusteMarshal\" \/>\n<meta name=\"twitter:site\" content=\"@AugusteMarshal\" \/>\n<meta name=\"twitter:label1\" content=\"\u00c9crit par\" \/>\n\t<meta name=\"twitter:data1\" content=\"Daniel Lesueur\" \/>\n\t<meta name=\"twitter:label2\" content=\"Dur\u00e9e de lecture estim\u00e9e\" \/>\n\t<meta name=\"twitter:data2\" content=\"2 minutes\" \/>\n<script type=\"application\/ld+json\" class=\"yoast-schema-graph\">{\"@context\":\"https:\\\/\\\/schema.org\",\"@graph\":[{\"@type\":\"Article\",\"@id\":\"https:\\\/\\\/culturesco.com\\\/index.php\\\/2019\\\/02\\\/25\\\/max-linder-et-gaby-morlay\\\/#article\",\"isPartOf\":{\"@id\":\"https:\\\/\\\/culturesco.com\\\/index.php\\\/2019\\\/02\\\/25\\\/max-linder-et-gaby-morlay\\\/\"},\"author\":{\"name\":\"Daniel Lesueur\",\"@id\":\"https:\\\/\\\/culturesco.com\\\/#\\\/schema\\\/person\\\/716087cb1b01edf85084af2d12096a8f\"},\"headline\":\"Max LINDER et Gaby MORLAY\",\"datePublished\":\"2019-02-25T13:58:35+00:00\",\"dateModified\":\"2019-07-13T07:34:38+00:00\",\"mainEntityOfPage\":{\"@id\":\"https:\\\/\\\/culturesco.com\\\/index.php\\\/2019\\\/02\\\/25\\\/max-linder-et-gaby-morlay\\\/\"},\"wordCount\":381,\"publisher\":{\"@id\":\"https:\\\/\\\/culturesco.com\\\/#organization\"},\"image\":{\"@id\":\"https:\\\/\\\/culturesco.com\\\/index.php\\\/2019\\\/02\\\/25\\\/max-linder-et-gaby-morlay\\\/#primaryimage\"},\"thumbnailUrl\":\"https:\\\/\\\/i0.wp.com\\\/culturesco.com\\\/wp-content\\\/uploads\\\/2019\\\/02\\\/gaby-e1555060039555.jpg?fit=600%2C306&ssl=1\",\"keywords\":[\"collections\"],\"articleSection\":[\"Cin\u00e9ma\"],\"inLanguage\":\"fr-FR\"},{\"@type\":\"WebPage\",\"@id\":\"https:\\\/\\\/culturesco.com\\\/index.php\\\/2019\\\/02\\\/25\\\/max-linder-et-gaby-morlay\\\/\",\"url\":\"https:\\\/\\\/culturesco.com\\\/index.php\\\/2019\\\/02\\\/25\\\/max-linder-et-gaby-morlay\\\/\",\"name\":\"Max LINDER et Gaby MORLAY - Culturesco\",\"isPartOf\":{\"@id\":\"https:\\\/\\\/culturesco.com\\\/#website\"},\"primaryImageOfPage\":{\"@id\":\"https:\\\/\\\/culturesco.com\\\/index.php\\\/2019\\\/02\\\/25\\\/max-linder-et-gaby-morlay\\\/#primaryimage\"},\"image\":{\"@id\":\"https:\\\/\\\/culturesco.com\\\/index.php\\\/2019\\\/02\\\/25\\\/max-linder-et-gaby-morlay\\\/#primaryimage\"},\"thumbnailUrl\":\"https:\\\/\\\/i0.wp.com\\\/culturesco.com\\\/wp-content\\\/uploads\\\/2019\\\/02\\\/gaby-e1555060039555.jpg?fit=600%2C306&ssl=1\",\"datePublished\":\"2019-02-25T13:58:35+00:00\",\"dateModified\":\"2019-07-13T07:34:38+00:00\",\"description\":\"CulturesCo | Un bon coup de pied dans ta Culture | Chroniques et histoire du Rock, chanson fran\u00e7aise, litt\u00e9rature, cin\u00e9ma et bande dessin\u00e9e.\",\"breadcrumb\":{\"@id\":\"https:\\\/\\\/culturesco.com\\\/index.php\\\/2019\\\/02\\\/25\\\/max-linder-et-gaby-morlay\\\/#breadcrumb\"},\"inLanguage\":\"fr-FR\",\"potentialAction\":[{\"@type\":\"ReadAction\",\"target\":[\"https:\\\/\\\/culturesco.com\\\/index.php\\\/2019\\\/02\\\/25\\\/max-linder-et-gaby-morlay\\\/\"]}]},{\"@type\":\"ImageObject\",\"inLanguage\":\"fr-FR\",\"@id\":\"https:\\\/\\\/culturesco.com\\\/index.php\\\/2019\\\/02\\\/25\\\/max-linder-et-gaby-morlay\\\/#primaryimage\",\"url\":\"https:\\\/\\\/i0.wp.com\\\/culturesco.com\\\/wp-content\\\/uploads\\\/2019\\\/02\\\/gaby-e1555060039555.jpg?fit=600%2C306&ssl=1\",\"contentUrl\":\"https:\\\/\\\/i0.wp.com\\\/culturesco.com\\\/wp-content\\\/uploads\\\/2019\\\/02\\\/gaby-e1555060039555.jpg?fit=600%2C306&ssl=1\",\"width\":600,\"height\":306,\"caption\":\"gaby morlay\"},{\"@type\":\"BreadcrumbList\",\"@id\":\"https:\\\/\\\/culturesco.com\\\/index.php\\\/2019\\\/02\\\/25\\\/max-linder-et-gaby-morlay\\\/#breadcrumb\",\"itemListElement\":[{\"@type\":\"ListItem\",\"position\":1,\"name\":\"Accueil\",\"item\":\"https:\\\/\\\/culturesco.com\\\/\"},{\"@type\":\"ListItem\",\"position\":2,\"name\":\"Max LINDER et Gaby MORLAY\"}]},{\"@type\":\"WebSite\",\"@id\":\"https:\\\/\\\/culturesco.com\\\/#website\",\"url\":\"https:\\\/\\\/culturesco.com\\\/\",\"name\":\"Culturesco\",\"description\":\"Culturesco | Un bon coup de pied dans ta Culture\",\"publisher\":{\"@id\":\"https:\\\/\\\/culturesco.com\\\/#organization\"},\"potentialAction\":[{\"@type\":\"SearchAction\",\"target\":{\"@type\":\"EntryPoint\",\"urlTemplate\":\"https:\\\/\\\/culturesco.com\\\/?s={search_term_string}\"},\"query-input\":{\"@type\":\"PropertyValueSpecification\",\"valueRequired\":true,\"valueName\":\"search_term_string\"}}],\"inLanguage\":\"fr-FR\"},{\"@type\":\"Organization\",\"@id\":\"https:\\\/\\\/culturesco.com\\\/#organization\",\"name\":\"CULTURESCO\",\"url\":\"https:\\\/\\\/culturesco.com\\\/\",\"logo\":{\"@type\":\"ImageObject\",\"inLanguage\":\"fr-FR\",\"@id\":\"https:\\\/\\\/culturesco.com\\\/#\\\/schema\\\/logo\\\/image\\\/\",\"url\":\"https:\\\/\\\/i0.wp.com\\\/culturesco.com\\\/wp-content\\\/uploads\\\/2022\\\/04\\\/culturesco-logo-blanc250p.png?fit=250%2C250&ssl=1\",\"contentUrl\":\"https:\\\/\\\/i0.wp.com\\\/culturesco.com\\\/wp-content\\\/uploads\\\/2022\\\/04\\\/culturesco-logo-blanc250p.png?fit=250%2C250&ssl=1\",\"width\":250,\"height\":250,\"caption\":\"CULTURESCO\"},\"image\":{\"@id\":\"https:\\\/\\\/culturesco.com\\\/#\\\/schema\\\/logo\\\/image\\\/\"},\"sameAs\":[\"https:\\\/\\\/www.facebook.com\\\/radioculturesco\",\"https:\\\/\\\/x.com\\\/AugusteMarshal\",\"https:\\\/\\\/www.instagram.com\\\/carotte_rock_culture\\\/\",\"https:\\\/\\\/www.pinterest.fr\\\/augustemarshal\\\/\",\"https:\\\/\\\/www.youtube.com\\\/channel\\\/UCiWLGffqWSXlNnfzp6YwwyQ\"]},{\"@type\":\"Person\",\"@id\":\"https:\\\/\\\/culturesco.com\\\/#\\\/schema\\\/person\\\/716087cb1b01edf85084af2d12096a8f\",\"name\":\"Daniel Lesueur\",\"image\":{\"@type\":\"ImageObject\",\"inLanguage\":\"fr-FR\",\"@id\":\"https:\\\/\\\/i0.wp.com\\\/culturesco.com\\\/wp-content\\\/uploads\\\/2018\\\/12\\\/lesueur.jpg?fit=96%2C89&ssl=1\",\"url\":\"https:\\\/\\\/i0.wp.com\\\/culturesco.com\\\/wp-content\\\/uploads\\\/2018\\\/12\\\/lesueur.jpg?fit=96%2C89&ssl=1\",\"contentUrl\":\"https:\\\/\\\/i0.wp.com\\\/culturesco.com\\\/wp-content\\\/uploads\\\/2018\\\/12\\\/lesueur.jpg?fit=96%2C89&ssl=1\",\"caption\":\"Daniel Lesueur\"},\"description\":\"\u00c9crivain - Directeur de collection chez Camion Blanc\",\"url\":\"https:\\\/\\\/culturesco.com\\\/index.php\\\/author\\\/daniel-lesueur\\\/\"}]}<\/script>\n<!-- \/ Yoast SEO plugin. -->","yoast_head_json":{"title":"Max LINDER et Gaby MORLAY - Culturesco","description":"CulturesCo | Un bon coup de pied dans ta Culture | Chroniques et histoire du Rock, chanson fran\u00e7aise, litt\u00e9rature, cin\u00e9ma et bande dessin\u00e9e.","robots":{"index":"index","follow":"follow","max-snippet":"max-snippet:-1","max-image-preview":"max-image-preview:large","max-video-preview":"max-video-preview:-1"},"canonical":"https:\/\/culturesco.com\/index.php\/2019\/02\/25\/max-linder-et-gaby-morlay\/","og_locale":"fr_FR","og_type":"article","og_title":"Max LINDER et Gaby MORLAY - Un court m\u00e9trage consid\u00e9r\u00e9 comme perdu","og_description":"Le court m\u00e9trage \"2 Ao\u00fbt 1914\" connu sous le titre \"Max soldat\" avec Max LINDER et Gaby MORLAY","og_url":"https:\/\/culturesco.com\/index.php\/2019\/02\/25\/max-linder-et-gaby-morlay\/","og_site_name":"Culturesco","article_publisher":"https:\/\/www.facebook.com\/radioculturesco","article_published_time":"2019-02-25T13:58:35+00:00","article_modified_time":"2019-07-13T07:34:38+00:00","og_image":[{"width":600,"height":306,"url":"https:\/\/i1.wp.com\/culturesco.com\/wp-content\/uploads\/2019\/02\/gaby-e1555060039555.jpg?fit=600%2C306&ssl=1","type":"image\/jpeg"}],"author":"Daniel Lesueur","twitter_card":"summary_large_image","twitter_creator":"@AugusteMarshal","twitter_site":"@AugusteMarshal","twitter_misc":{"\u00c9crit par":"Daniel Lesueur","Dur\u00e9e de lecture estim\u00e9e":"2 minutes"},"schema":{"@context":"https:\/\/schema.org","@graph":[{"@type":"Article","@id":"https:\/\/culturesco.com\/index.php\/2019\/02\/25\/max-linder-et-gaby-morlay\/#article","isPartOf":{"@id":"https:\/\/culturesco.com\/index.php\/2019\/02\/25\/max-linder-et-gaby-morlay\/"},"author":{"name":"Daniel Lesueur","@id":"https:\/\/culturesco.com\/#\/schema\/person\/716087cb1b01edf85084af2d12096a8f"},"headline":"Max LINDER et Gaby MORLAY","datePublished":"2019-02-25T13:58:35+00:00","dateModified":"2019-07-13T07:34:38+00:00","mainEntityOfPage":{"@id":"https:\/\/culturesco.com\/index.php\/2019\/02\/25\/max-linder-et-gaby-morlay\/"},"wordCount":381,"publisher":{"@id":"https:\/\/culturesco.com\/#organization"},"image":{"@id":"https:\/\/culturesco.com\/index.php\/2019\/02\/25\/max-linder-et-gaby-morlay\/#primaryimage"},"thumbnailUrl":"https:\/\/i0.wp.com\/culturesco.com\/wp-content\/uploads\/2019\/02\/gaby-e1555060039555.jpg?fit=600%2C306&ssl=1","keywords":["collections"],"articleSection":["Cin\u00e9ma"],"inLanguage":"fr-FR"},{"@type":"WebPage","@id":"https:\/\/culturesco.com\/index.php\/2019\/02\/25\/max-linder-et-gaby-morlay\/","url":"https:\/\/culturesco.com\/index.php\/2019\/02\/25\/max-linder-et-gaby-morlay\/","name":"Max LINDER et Gaby MORLAY - Culturesco","isPartOf":{"@id":"https:\/\/culturesco.com\/#website"},"primaryImageOfPage":{"@id":"https:\/\/culturesco.com\/index.php\/2019\/02\/25\/max-linder-et-gaby-morlay\/#primaryimage"},"image":{"@id":"https:\/\/culturesco.com\/index.php\/2019\/02\/25\/max-linder-et-gaby-morlay\/#primaryimage"},"thumbnailUrl":"https:\/\/i0.wp.com\/culturesco.com\/wp-content\/uploads\/2019\/02\/gaby-e1555060039555.jpg?fit=600%2C306&ssl=1","datePublished":"2019-02-25T13:58:35+00:00","dateModified":"2019-07-13T07:34:38+00:00","description":"CulturesCo | Un bon coup de pied dans ta Culture | Chroniques et histoire du Rock, chanson fran\u00e7aise, litt\u00e9rature, cin\u00e9ma et bande dessin\u00e9e.","breadcrumb":{"@id":"https:\/\/culturesco.com\/index.php\/2019\/02\/25\/max-linder-et-gaby-morlay\/#breadcrumb"},"inLanguage":"fr-FR","potentialAction":[{"@type":"ReadAction","target":["https:\/\/culturesco.com\/index.php\/2019\/02\/25\/max-linder-et-gaby-morlay\/"]}]},{"@type":"ImageObject","inLanguage":"fr-FR","@id":"https:\/\/culturesco.com\/index.php\/2019\/02\/25\/max-linder-et-gaby-morlay\/#primaryimage","url":"https:\/\/i0.wp.com\/culturesco.com\/wp-content\/uploads\/2019\/02\/gaby-e1555060039555.jpg?fit=600%2C306&ssl=1","contentUrl":"https:\/\/i0.wp.com\/culturesco.com\/wp-content\/uploads\/2019\/02\/gaby-e1555060039555.jpg?fit=600%2C306&ssl=1","width":600,"height":306,"caption":"gaby morlay"},{"@type":"BreadcrumbList","@id":"https:\/\/culturesco.com\/index.php\/2019\/02\/25\/max-linder-et-gaby-morlay\/#breadcrumb","itemListElement":[{"@type":"ListItem","position":1,"name":"Accueil","item":"https:\/\/culturesco.com\/"},{"@type":"ListItem","position":2,"name":"Max LINDER et Gaby MORLAY"}]},{"@type":"WebSite","@id":"https:\/\/culturesco.com\/#website","url":"https:\/\/culturesco.com\/","name":"Culturesco","description":"Culturesco | Un bon coup de pied dans ta Culture","publisher":{"@id":"https:\/\/culturesco.com\/#organization"},"potentialAction":[{"@type":"SearchAction","target":{"@type":"EntryPoint","urlTemplate":"https:\/\/culturesco.com\/?s={search_term_string}"},"query-input":{"@type":"PropertyValueSpecification","valueRequired":true,"valueName":"search_term_string"}}],"inLanguage":"fr-FR"},{"@type":"Organization","@id":"https:\/\/culturesco.com\/#organization","name":"CULTURESCO","url":"https:\/\/culturesco.com\/","logo":{"@type":"ImageObject","inLanguage":"fr-FR","@id":"https:\/\/culturesco.com\/#\/schema\/logo\/image\/","url":"https:\/\/i0.wp.com\/culturesco.com\/wp-content\/uploads\/2022\/04\/culturesco-logo-blanc250p.png?fit=250%2C250&ssl=1","contentUrl":"https:\/\/i0.wp.com\/culturesco.com\/wp-content\/uploads\/2022\/04\/culturesco-logo-blanc250p.png?fit=250%2C250&ssl=1","width":250,"height":250,"caption":"CULTURESCO"},"image":{"@id":"https:\/\/culturesco.com\/#\/schema\/logo\/image\/"},"sameAs":["https:\/\/www.facebook.com\/radioculturesco","https:\/\/x.com\/AugusteMarshal","https:\/\/www.instagram.com\/carotte_rock_culture\/","https:\/\/www.pinterest.fr\/augustemarshal\/","https:\/\/www.youtube.com\/channel\/UCiWLGffqWSXlNnfzp6YwwyQ"]},{"@type":"Person","@id":"https:\/\/culturesco.com\/#\/schema\/person\/716087cb1b01edf85084af2d12096a8f","name":"Daniel Lesueur","image":{"@type":"ImageObject","inLanguage":"fr-FR","@id":"https:\/\/i0.wp.com\/culturesco.com\/wp-content\/uploads\/2018\/12\/lesueur.jpg?fit=96%2C89&ssl=1","url":"https:\/\/i0.wp.com\/culturesco.com\/wp-content\/uploads\/2018\/12\/lesueur.jpg?fit=96%2C89&ssl=1","contentUrl":"https:\/\/i0.wp.com\/culturesco.com\/wp-content\/uploads\/2018\/12\/lesueur.jpg?fit=96%2C89&ssl=1","caption":"Daniel Lesueur"},"description":"\u00c9crivain - Directeur de collection chez Camion Blanc","url":"https:\/\/culturesco.com\/index.php\/author\/daniel-lesueur\/"}]}},"jetpack_featured_media_url":"https:\/\/i0.wp.com\/culturesco.com\/wp-content\/uploads\/2019\/02\/gaby-e1555060039555.jpg?fit=600%2C306&ssl=1","jetpack_likes_enabled":true,"jetpack_sharing_enabled":true,"jetpack_shortlink":"https:\/\/wp.me\/paz89I-Rr","_links":{"self":[{"href":"https:\/\/culturesco.com\/index.php\/wp-json\/wp\/v2\/posts\/3313","targetHints":{"allow":["GET"]}}],"collection":[{"href":"https:\/\/culturesco.com\/index.php\/wp-json\/wp\/v2\/posts"}],"about":[{"href":"https:\/\/culturesco.com\/index.php\/wp-json\/wp\/v2\/types\/post"}],"author":[{"embeddable":true,"href":"https:\/\/culturesco.com\/index.php\/wp-json\/wp\/v2\/users\/2"}],"replies":[{"embeddable":true,"href":"https:\/\/culturesco.com\/index.php\/wp-json\/wp\/v2\/comments?post=3313"}],"version-history":[{"count":0,"href":"https:\/\/culturesco.com\/index.php\/wp-json\/wp\/v2\/posts\/3313\/revisions"}],"wp:featuredmedia":[{"embeddable":true,"href":"https:\/\/culturesco.com\/index.php\/wp-json\/wp\/v2\/media\/3323"}],"wp:attachment":[{"href":"https:\/\/culturesco.com\/index.php\/wp-json\/wp\/v2\/media?parent=3313"}],"wp:term":[{"taxonomy":"category","embeddable":true,"href":"https:\/\/culturesco.com\/index.php\/wp-json\/wp\/v2\/categories?post=3313"},{"taxonomy":"post_tag","embeddable":true,"href":"https:\/\/culturesco.com\/index.php\/wp-json\/wp\/v2\/tags?post=3313"}],"curies":[{"name":"wp","href":"https:\/\/api.w.org\/{rel}","templated":true}]}}