{"id":3267,"date":"2019-02-22T16:19:31","date_gmt":"2019-02-22T15:19:31","guid":{"rendered":"https:\/\/culturesco.com\/?p=3267"},"modified":"2024-08-05T11:39:04","modified_gmt":"2024-08-05T09:39:04","slug":"songs-for-drella-lou-reed-et-john-cale-album-hommage-a-andy-warhol","status":"publish","type":"post","link":"https:\/\/culturesco.com\/index.php\/2019\/02\/22\/songs-for-drella-lou-reed-et-john-cale-album-hommage-a-andy-warhol\/","title":{"rendered":"Songs for Drella : Lou Reed et John Cale pour Andy Warhol"},"content":{"rendered":"<h2>Songs For Drella &#8211; Lou Reed et John Cale<\/h2>\n<p><img data-recalc-dims=\"1\" loading=\"lazy\" decoding=\"async\" class=\"size-full wp-image-22866 aligncenter\" src=\"https:\/\/i0.wp.com\/culturesco.com\/wp-content\/uploads\/2019\/02\/Songs_for_Drella.jpg?resize=300%2C300&#038;ssl=1\" alt=\"Songs for drella andy warhol\" width=\"300\" height=\"300\" srcset=\"https:\/\/i0.wp.com\/culturesco.com\/wp-content\/uploads\/2019\/02\/Songs_for_Drella.jpg?w=300&amp;ssl=1 300w, https:\/\/i0.wp.com\/culturesco.com\/wp-content\/uploads\/2019\/02\/Songs_for_Drella.jpg?resize=150%2C150&amp;ssl=1 150w, https:\/\/i0.wp.com\/culturesco.com\/wp-content\/uploads\/2019\/02\/Songs_for_Drella.jpg?resize=100%2C100&amp;ssl=1 100w, https:\/\/i0.wp.com\/culturesco.com\/wp-content\/uploads\/2019\/02\/Songs_for_Drella.jpg?resize=50%2C50&amp;ssl=1 50w\" sizes=\"auto, (max-width: 300px) 100vw, 300px\" \/><\/p>\n<p style=\"text-align: justify;\">Concept album ou album hommage, <strong>Songs for Drella<\/strong> de Lou Reed et John cale est arriv\u00e9 sur nos platines en 1990, un peu comme un intrus, un album atypique et d\u00e9cal\u00e9 qui n&rsquo;avait rien de l&rsquo;air du temps, un album hors saison, simple expression d&rsquo;un sentiment d&rsquo;hommage en forme de profond respect.<\/p>\n<p style=\"text-align: justify;\">Trois ans apr\u00e8s la mort de leur mentor et inspirateur <strong>Andy Warhol<\/strong> (<strong>Drella<\/strong> \u00e9tait son surnom), les deux faux fr\u00e8res ennemis, <strong>Lou Reed<\/strong> et <strong>John Cale<\/strong>, s&rsquo;\u00e9taient r\u00e9concili\u00e9s pour accoucher de ce projet. Une brouille qui datait de 1972. En pleine p\u00e9riode d&rsquo;exp\u00e9rimentation du <strong>Velvet Underground<\/strong>, elle avait induit \u00e0 l&rsquo;\u00e9poque le d\u00e9part de John Cale.<\/p>\n<p style=\"text-align: justify;\">L&rsquo;album raconte de fa\u00e7on plus ou moins romanc\u00e9e la vie d&rsquo;Andy Warhol, et notamment la p\u00e9riode Velvet Underground. L&rsquo;atmosph\u00e8re est \u00e0 la fois sombre et \u00e9mouvante, le plus souvent d\u00e9pouill\u00e9e. Les textes bruts et saisissants sont quant \u00e0 eux port\u00e9s par des arrangements minimalistes, le tout exprim\u00e9 avec une \u00e9motion palpable, \u00e0 fleur de peau.<\/p>\n<h3>Lou Reed &#8211; John Cale : Slip away<\/h3>\n<div class=\"youtube-embed\" data-video_id=\"lE7MmvN4mPM\"><iframe loading=\"lazy\" title=\"Lou Reed &amp; John Cale - Slip Away (A Warning)\" width=\"696\" height=\"522\" src=\"https:\/\/www.youtube.com\/embed\/lE7MmvN4mPM\" frameborder=\"0\" allow=\"accelerometer; autoplay; clipboard-write; encrypted-media; gyroscope; picture-in-picture; web-share\" referrerpolicy=\"strict-origin-when-cross-origin\" allowfullscreen><\/iframe><\/div>\n<h3>L&rsquo;album de la r\u00e9conciliation:<\/h3>\n<p style=\"text-align: justify;\">L&rsquo;album \u00e9tait \u00e9videmment annonc\u00e9 comme un \u00e9v\u00e9nement mais son succ\u00e8s fut sans doute port\u00e9 par l&rsquo;intention sinc\u00e8re des deux artistes. Il ne s&rsquo;agissait pas seulement d&rsquo;une op\u00e9ration marketing d&rsquo;une maison de disque, puisque Lou Reed et John Cale ont eu l&rsquo;extr\u00eame intelligence d&rsquo;en faire une production personnelle. Un disque qui est nourri et port\u00e9 par l&rsquo;admiration \u00e0 Andy Warhol.<\/p>\n<p><img data-recalc-dims=\"1\" loading=\"lazy\" decoding=\"async\" class=\"aligncenter wp-image-3268 size-medium\" src=\"https:\/\/i0.wp.com\/culturesco.com\/wp-content\/uploads\/2019\/02\/andy-warhol-lou-reed.jpg?resize=300%2C176&#038;ssl=1\" alt=\"andy warhol - lou reed\" width=\"300\" height=\"176\" srcset=\"https:\/\/i0.wp.com\/culturesco.com\/wp-content\/uploads\/2019\/02\/andy-warhol-lou-reed.jpg?resize=300%2C176&amp;ssl=1 300w, https:\/\/i0.wp.com\/culturesco.com\/wp-content\/uploads\/2019\/02\/andy-warhol-lou-reed.jpg?w=600&amp;ssl=1 600w\" sizes=\"auto, (max-width: 300px) 100vw, 300px\" \/><\/p>\n<h3>Le retour du Velvet?<\/h3>\n<p style=\"text-align: justify;\">Non, ce n&rsquo;\u00e9tait pas le retour du Velvet Underground, mais simplement l&rsquo;expression artistique de l&rsquo;exp\u00e9rience du Velvet. L&rsquo;histoire, vingt ans apr\u00e8s, est racont\u00e9e ou r\u00e9invent\u00e9e avec toute la tension et l&rsquo;\u00e9motion d&rsquo;une blessure encore ouverte. Les chansons sont lucides, parfois presque crues. Elles t\u00e9moignent de l&rsquo;ambigu\u00eft\u00e9 de Warhol et de son caract\u00e8re insaisissable, sa folie, ses exc\u00e8s, son g\u00e9nie. Drella prend parfois la parole depuis ses hauteurs insaisissables&#8230; John Cale raconte, Lou Reed \u00e9galement, ce dernier termine par un: <strong>Hello It&rsquo;s me<\/strong> dans un flot de regrets.<\/p>\n<h3 style=\"text-align: center;\">Hello It&rsquo;s me &#8211; Paroles<\/h3>\n<p style=\"text-align: center;\">Hello from the other side<br \/>\nI must have called a thousand times<br \/>\nTo tell you I&rsquo;m sorry for everything that I&rsquo;ve done<br \/>\nBut when I call you never seem to be home<br \/>\nHello from the outside<br \/>\nAt least I can say that I&rsquo;ve tried<br \/>\nTo tell you I&rsquo;m sorry for breaking your heart<br \/>\nBut it don&rsquo;t matter it clearly doesn&rsquo;t tear you apart anymore<\/p>\n<div class=\"youtube-embed\" data-video_id=\"UnLEjnrmPz0\"><iframe loading=\"lazy\" title=\"Lou Reed and John Cale at BAM: &quot;Hello It&#039;s Me&quot; (1989)\" width=\"696\" height=\"392\" src=\"https:\/\/www.youtube.com\/embed\/UnLEjnrmPz0\" frameborder=\"0\" allow=\"accelerometer; autoplay; clipboard-write; encrypted-media; gyroscope; picture-in-picture; web-share\" referrerpolicy=\"strict-origin-when-cross-origin\" allowfullscreen><\/iframe><\/div>\n<p style=\"text-align: justify;\">Le 9 janvier 1989, Lou Reed s\u2019associe \u00e0 John Cale et les deux comp\u00e8res se retrouvent afin de tester une s\u00e9lection de leur futur album <strong>Songs for Drella<\/strong> lors d&rsquo;un concert \u00e0 l\u2019Eglise St Anne de Brooklyn. Ces titres, ils les ont compos\u00e9s ensemble \u00e0 la m\u00e9moire d&rsquo;Andy Warhol, disparu deux ans plus t\u00f4t le<strong> 22 f\u00e9vrier 1987<\/strong>. Andy Warhol \u00e9tait bien s\u00fbr leur mentor, mais il \u00e9tait aussi celui qui a r\u00e9v\u00e9l\u00e9 et produit le premier album du Velvet Underground, le c\u00e9l\u00e8bre <strong>Velvet Underground &amp; Nico<\/strong>, <a href=\"https:\/\/amzn.to\/2WtKIX6\" target=\"_blank\" rel=\"noopener noreferrer\"><strong>l&rsquo;album \u00e0 la banane<\/strong><\/a>.<\/p>\n<p><a href=\"https:\/\/amzn.to\/2WtKIX6\" target=\"_blank\" rel=\"noopener noreferrer\"><img data-recalc-dims=\"1\" loading=\"lazy\" decoding=\"async\" class=\"aligncenter wp-image-3270 size-full\" src=\"https:\/\/i0.wp.com\/culturesco.com\/wp-content\/uploads\/2019\/02\/banane-velvet-underground-e1572516568477.jpg?resize=300%2C298&#038;ssl=1\" alt=\"velvet underground banane\" width=\"300\" height=\"298\" srcset=\"https:\/\/i0.wp.com\/culturesco.com\/wp-content\/uploads\/2019\/02\/banane-velvet-underground-e1572516568477.jpg?w=300&amp;ssl=1 300w, https:\/\/i0.wp.com\/culturesco.com\/wp-content\/uploads\/2019\/02\/banane-velvet-underground-e1572516568477.jpg?resize=100%2C100&amp;ssl=1 100w\" sizes=\"auto, (max-width: 300px) 100vw, 300px\" \/><\/a><\/p>\n<p>&nbsp;<\/p>\n<ul>\n<li style=\"text-align: justify;\">Andy Warhol meurt d\u2019une crise cardiaque en f\u00e9vrier 1987.<\/li>\n<li style=\"text-align: justify;\">La chanteuse Nico (Velvet underground) est d\u00e9c\u00e9d\u00e9e le 18 juillet 1988 d\u2019une h\u00e9morragie c\u00e9r\u00e9brale.<\/li>\n<li style=\"text-align: justify;\">Lou Reed est d\u00e9c\u00e9d\u00e9 le 27 octobre 2013<\/li>\n<\/ul>\n<p><strong>Auguste Marshal<\/strong><\/p>\n<p>A lire \u00e9galement : <strong>Lou Reed<\/strong>, <a href=\"https:\/\/culturesco.com\/index.php\/2018\/12\/19\/lou-reed-je-suis-un-berlinois\/\" target=\"_blank\" rel=\"noopener noreferrer\">je suis un Berlinois<\/a><\/p>\n<p>&nbsp;<\/p>\n","protected":false},"excerpt":{"rendered":"<p>Songs For Drella &#8211; Lou Reed et John Cale Concept album ou album hommage, Songs for Drella de Lou Reed et John cale est arriv\u00e9 sur nos platines en 1990, un peu comme un intrus, un album atypique et d\u00e9cal\u00e9 qui n&rsquo;avait rien de l&rsquo;air du temps, un album hors saison, simple expression d&rsquo;un sentiment [&hellip;]<\/p>\n","protected":false},"author":1,"featured_media":22866,"comment_status":"closed","ping_status":"closed","sticky":false,"template":"","format":"image","meta":{"jetpack_post_was_ever_published":false,"tdm_status":"","tdm_grid_status":"","_jetpack_newsletter_access":"","_jetpack_dont_email_post_to_subs":false,"_jetpack_newsletter_tier_id":0,"_jetpack_memberships_contains_paywalled_content":false,"_jetpack_memberships_contains_paid_content":false,"footnotes":""},"categories":[30,17,33],"tags":[58,48],"class_list":{"0":"post-3267","1":"post","2":"type-post","3":"status-publish","4":"format-image","5":"has-post-thumbnail","7":"category-albums-rock","8":"category-carotte-rock-cultures","9":"category-histoire-du-rock","10":"tag-histoire-du-rock","11":"tag-personnalite-rock","12":"post_format-post-format-image"},"yoast_head":"<!-- This site is optimized with the Yoast SEO plugin v27.5 - https:\/\/yoast.com\/product\/yoast-seo-wordpress\/ -->\n<title>Songs for Drella : Lou Reed et John Cale pour Andy Warhol - Culturesco<\/title>\n<meta name=\"description\" content=\"CulturesCo | Songs for Drella, album Lou Reed et John Cale en hommage \u00e0 Andy Warhol ! R\u00e9concilation des fr\u00e8res ennemis du Velvet Underground\" \/>\n<meta name=\"robots\" content=\"index, follow, max-snippet:-1, max-image-preview:large, max-video-preview:-1\" \/>\n<link rel=\"canonical\" href=\"https:\/\/culturesco.com\/index.php\/2019\/02\/22\/songs-for-drella-lou-reed-et-john-cale-album-hommage-a-andy-warhol\/\" \/>\n<meta property=\"og:locale\" content=\"fr_FR\" \/>\n<meta property=\"og:type\" content=\"article\" \/>\n<meta property=\"og:title\" content=\"Songs for Drella : Lou Reed et John Cale pour Andy Warhol - Culturesco\" \/>\n<meta property=\"og:description\" content=\"CulturesCo | Songs for Drella, album Lou Reed et John Cale en hommage \u00e0 Andy Warhol ! R\u00e9concilation des fr\u00e8res ennemis du Velvet Underground\" \/>\n<meta property=\"og:url\" content=\"https:\/\/culturesco.com\/index.php\/2019\/02\/22\/songs-for-drella-lou-reed-et-john-cale-album-hommage-a-andy-warhol\/\" \/>\n<meta property=\"og:site_name\" content=\"Culturesco\" \/>\n<meta property=\"article:publisher\" content=\"https:\/\/www.facebook.com\/radioculturesco\" \/>\n<meta property=\"article:author\" content=\"https:\/\/www.facebook.com\/radioculturesco\" \/>\n<meta property=\"article:published_time\" content=\"2019-02-22T15:19:31+00:00\" \/>\n<meta property=\"article:modified_time\" content=\"2024-08-05T09:39:04+00:00\" \/>\n<meta property=\"og:image\" content=\"https:\/\/culturesco.com\/wp-content\/uploads\/2019\/02\/Songs_for_Drella.jpg\" \/>\n\t<meta property=\"og:image:width\" content=\"300\" \/>\n\t<meta property=\"og:image:height\" content=\"300\" \/>\n\t<meta property=\"og:image:type\" content=\"image\/jpeg\" \/>\n<meta name=\"author\" content=\"Auguste Marshal\" \/>\n<meta name=\"twitter:card\" content=\"summary_large_image\" \/>\n<meta name=\"twitter:creator\" content=\"@https:\/\/twitter.com\/AugusteMarshal\" \/>\n<meta name=\"twitter:site\" content=\"@AugusteMarshal\" \/>\n<meta name=\"twitter:label1\" content=\"\u00c9crit par\" \/>\n\t<meta name=\"twitter:data1\" content=\"Auguste Marshal\" \/>\n\t<meta name=\"twitter:label2\" content=\"Dur\u00e9e de lecture estim\u00e9e\" \/>\n\t<meta name=\"twitter:data2\" content=\"4 minutes\" \/>\n<script type=\"application\/ld+json\" class=\"yoast-schema-graph\">{\"@context\":\"https:\\\/\\\/schema.org\",\"@graph\":[{\"@type\":\"Article\",\"@id\":\"https:\\\/\\\/culturesco.com\\\/index.php\\\/2019\\\/02\\\/22\\\/songs-for-drella-lou-reed-et-john-cale-album-hommage-a-andy-warhol\\\/#article\",\"isPartOf\":{\"@id\":\"https:\\\/\\\/culturesco.com\\\/index.php\\\/2019\\\/02\\\/22\\\/songs-for-drella-lou-reed-et-john-cale-album-hommage-a-andy-warhol\\\/\"},\"author\":{\"name\":\"Auguste Marshal\",\"@id\":\"https:\\\/\\\/culturesco.com\\\/#\\\/schema\\\/person\\\/9a265b03a60b0fa349532a231f7d1d0e\"},\"headline\":\"Songs for Drella : Lou Reed et John Cale pour Andy Warhol\",\"datePublished\":\"2019-02-22T15:19:31+00:00\",\"dateModified\":\"2024-08-05T09:39:04+00:00\",\"mainEntityOfPage\":{\"@id\":\"https:\\\/\\\/culturesco.com\\\/index.php\\\/2019\\\/02\\\/22\\\/songs-for-drella-lou-reed-et-john-cale-album-hommage-a-andy-warhol\\\/\"},\"wordCount\":636,\"publisher\":{\"@id\":\"https:\\\/\\\/culturesco.com\\\/#organization\"},\"image\":{\"@id\":\"https:\\\/\\\/culturesco.com\\\/index.php\\\/2019\\\/02\\\/22\\\/songs-for-drella-lou-reed-et-john-cale-album-hommage-a-andy-warhol\\\/#primaryimage\"},\"thumbnailUrl\":\"https:\\\/\\\/i0.wp.com\\\/culturesco.com\\\/wp-content\\\/uploads\\\/2019\\\/02\\\/Songs_for_Drella.jpg?fit=300%2C300&ssl=1\",\"keywords\":[\"histoire du rock\",\"Personnalit\u00e9 Rock\"],\"articleSection\":[\"Albums rock\",\"Carotte Rock Cultures\",\"Histoire du rock\"],\"inLanguage\":\"fr-FR\"},{\"@type\":\"WebPage\",\"@id\":\"https:\\\/\\\/culturesco.com\\\/index.php\\\/2019\\\/02\\\/22\\\/songs-for-drella-lou-reed-et-john-cale-album-hommage-a-andy-warhol\\\/\",\"url\":\"https:\\\/\\\/culturesco.com\\\/index.php\\\/2019\\\/02\\\/22\\\/songs-for-drella-lou-reed-et-john-cale-album-hommage-a-andy-warhol\\\/\",\"name\":\"Songs for Drella : Lou Reed et John Cale pour Andy Warhol - Culturesco\",\"isPartOf\":{\"@id\":\"https:\\\/\\\/culturesco.com\\\/#website\"},\"primaryImageOfPage\":{\"@id\":\"https:\\\/\\\/culturesco.com\\\/index.php\\\/2019\\\/02\\\/22\\\/songs-for-drella-lou-reed-et-john-cale-album-hommage-a-andy-warhol\\\/#primaryimage\"},\"image\":{\"@id\":\"https:\\\/\\\/culturesco.com\\\/index.php\\\/2019\\\/02\\\/22\\\/songs-for-drella-lou-reed-et-john-cale-album-hommage-a-andy-warhol\\\/#primaryimage\"},\"thumbnailUrl\":\"https:\\\/\\\/i0.wp.com\\\/culturesco.com\\\/wp-content\\\/uploads\\\/2019\\\/02\\\/Songs_for_Drella.jpg?fit=300%2C300&ssl=1\",\"datePublished\":\"2019-02-22T15:19:31+00:00\",\"dateModified\":\"2024-08-05T09:39:04+00:00\",\"description\":\"CulturesCo | Songs for Drella, album Lou Reed et John Cale en hommage \u00e0 Andy Warhol ! R\u00e9concilation des fr\u00e8res ennemis du Velvet Underground\",\"breadcrumb\":{\"@id\":\"https:\\\/\\\/culturesco.com\\\/index.php\\\/2019\\\/02\\\/22\\\/songs-for-drella-lou-reed-et-john-cale-album-hommage-a-andy-warhol\\\/#breadcrumb\"},\"inLanguage\":\"fr-FR\",\"potentialAction\":[{\"@type\":\"ReadAction\",\"target\":[\"https:\\\/\\\/culturesco.com\\\/index.php\\\/2019\\\/02\\\/22\\\/songs-for-drella-lou-reed-et-john-cale-album-hommage-a-andy-warhol\\\/\"]}]},{\"@type\":\"ImageObject\",\"inLanguage\":\"fr-FR\",\"@id\":\"https:\\\/\\\/culturesco.com\\\/index.php\\\/2019\\\/02\\\/22\\\/songs-for-drella-lou-reed-et-john-cale-album-hommage-a-andy-warhol\\\/#primaryimage\",\"url\":\"https:\\\/\\\/i0.wp.com\\\/culturesco.com\\\/wp-content\\\/uploads\\\/2019\\\/02\\\/Songs_for_Drella.jpg?fit=300%2C300&ssl=1\",\"contentUrl\":\"https:\\\/\\\/i0.wp.com\\\/culturesco.com\\\/wp-content\\\/uploads\\\/2019\\\/02\\\/Songs_for_Drella.jpg?fit=300%2C300&ssl=1\",\"width\":300,\"height\":300,\"caption\":\"Songs for drella andy warhol\"},{\"@type\":\"BreadcrumbList\",\"@id\":\"https:\\\/\\\/culturesco.com\\\/index.php\\\/2019\\\/02\\\/22\\\/songs-for-drella-lou-reed-et-john-cale-album-hommage-a-andy-warhol\\\/#breadcrumb\",\"itemListElement\":[{\"@type\":\"ListItem\",\"position\":1,\"name\":\"Accueil\",\"item\":\"https:\\\/\\\/culturesco.com\\\/\"},{\"@type\":\"ListItem\",\"position\":2,\"name\":\"Songs for Drella : Lou Reed et John Cale pour Andy Warhol\"}]},{\"@type\":\"WebSite\",\"@id\":\"https:\\\/\\\/culturesco.com\\\/#website\",\"url\":\"https:\\\/\\\/culturesco.com\\\/\",\"name\":\"Culturesco\",\"description\":\"Culturesco | Un bon coup de pied dans ta Culture\",\"publisher\":{\"@id\":\"https:\\\/\\\/culturesco.com\\\/#organization\"},\"potentialAction\":[{\"@type\":\"SearchAction\",\"target\":{\"@type\":\"EntryPoint\",\"urlTemplate\":\"https:\\\/\\\/culturesco.com\\\/?s={search_term_string}\"},\"query-input\":{\"@type\":\"PropertyValueSpecification\",\"valueRequired\":true,\"valueName\":\"search_term_string\"}}],\"inLanguage\":\"fr-FR\"},{\"@type\":\"Organization\",\"@id\":\"https:\\\/\\\/culturesco.com\\\/#organization\",\"name\":\"CULTURESCO\",\"url\":\"https:\\\/\\\/culturesco.com\\\/\",\"logo\":{\"@type\":\"ImageObject\",\"inLanguage\":\"fr-FR\",\"@id\":\"https:\\\/\\\/culturesco.com\\\/#\\\/schema\\\/logo\\\/image\\\/\",\"url\":\"https:\\\/\\\/i0.wp.com\\\/culturesco.com\\\/wp-content\\\/uploads\\\/2022\\\/04\\\/culturesco-logo-blanc250p.png?fit=250%2C250&ssl=1\",\"contentUrl\":\"https:\\\/\\\/i0.wp.com\\\/culturesco.com\\\/wp-content\\\/uploads\\\/2022\\\/04\\\/culturesco-logo-blanc250p.png?fit=250%2C250&ssl=1\",\"width\":250,\"height\":250,\"caption\":\"CULTURESCO\"},\"image\":{\"@id\":\"https:\\\/\\\/culturesco.com\\\/#\\\/schema\\\/logo\\\/image\\\/\"},\"sameAs\":[\"https:\\\/\\\/www.facebook.com\\\/radioculturesco\",\"https:\\\/\\\/x.com\\\/AugusteMarshal\",\"https:\\\/\\\/www.instagram.com\\\/carotte_rock_culture\\\/\",\"https:\\\/\\\/www.pinterest.fr\\\/augustemarshal\\\/\",\"https:\\\/\\\/www.youtube.com\\\/channel\\\/UCiWLGffqWSXlNnfzp6YwwyQ\"]},{\"@type\":\"Person\",\"@id\":\"https:\\\/\\\/culturesco.com\\\/#\\\/schema\\\/person\\\/9a265b03a60b0fa349532a231f7d1d0e\",\"name\":\"Auguste Marshal\",\"image\":{\"@type\":\"ImageObject\",\"inLanguage\":\"fr-FR\",\"@id\":\"https:\\\/\\\/i0.wp.com\\\/culturesco.com\\\/wp-content\\\/uploads\\\/2019\\\/03\\\/auguste.jpg?fit=96%2C74&ssl=1\",\"url\":\"https:\\\/\\\/i0.wp.com\\\/culturesco.com\\\/wp-content\\\/uploads\\\/2019\\\/03\\\/auguste.jpg?fit=96%2C74&ssl=1\",\"contentUrl\":\"https:\\\/\\\/i0.wp.com\\\/culturesco.com\\\/wp-content\\\/uploads\\\/2019\\\/03\\\/auguste.jpg?fit=96%2C74&ssl=1\",\"caption\":\"Auguste Marshal\"},\"description\":\"Animateur Radio - Producteur animateur de l'\u00e9mission Culturesco sur Pop Culture Radio - Community Manager - Cr\u00e9ateur du blog Culturesco.com et pr\u00e9c\u00e9demment du Blog Rock Auguste Marshal - Administrateur des pages Facebook et Instagram Carotte Rock Cultures et Radio CulturesCo - Administrateur de groupes Facebook\",\"sameAs\":[\"https:\\\/\\\/culturesco.com\",\"https:\\\/\\\/www.facebook.com\\\/radioculturesco\",\"https:\\\/\\\/www.instagram.com\\\/carotte_rock_culture\\\/\",\"https:\\\/\\\/www.linkedin.com\\\/in\\\/auguste-marshal-7125b1151\\\/\",\"https:\\\/\\\/x.com\\\/https:\\\/\\\/twitter.com\\\/AugusteMarshal\",\"https:\\\/\\\/www.youtube.com\\\/channel\\\/UCiWLGffqWSXlNnfzp6YwwyQ\"],\"url\":\"https:\\\/\\\/culturesco.com\\\/index.php\\\/author\\\/admin8255\\\/\"}]}<\/script>\n<!-- \/ Yoast SEO plugin. -->","yoast_head_json":{"title":"Songs for Drella : Lou Reed et John Cale pour Andy Warhol - Culturesco","description":"CulturesCo | Songs for Drella, album Lou Reed et John Cale en hommage \u00e0 Andy Warhol ! R\u00e9concilation des fr\u00e8res ennemis du Velvet Underground","robots":{"index":"index","follow":"follow","max-snippet":"max-snippet:-1","max-image-preview":"max-image-preview:large","max-video-preview":"max-video-preview:-1"},"canonical":"https:\/\/culturesco.com\/index.php\/2019\/02\/22\/songs-for-drella-lou-reed-et-john-cale-album-hommage-a-andy-warhol\/","og_locale":"fr_FR","og_type":"article","og_title":"Songs for Drella : Lou Reed et John Cale pour Andy Warhol - Culturesco","og_description":"CulturesCo | Songs for Drella, album Lou Reed et John Cale en hommage \u00e0 Andy Warhol ! R\u00e9concilation des fr\u00e8res ennemis du Velvet Underground","og_url":"https:\/\/culturesco.com\/index.php\/2019\/02\/22\/songs-for-drella-lou-reed-et-john-cale-album-hommage-a-andy-warhol\/","og_site_name":"Culturesco","article_publisher":"https:\/\/www.facebook.com\/radioculturesco","article_author":"https:\/\/www.facebook.com\/radioculturesco","article_published_time":"2019-02-22T15:19:31+00:00","article_modified_time":"2024-08-05T09:39:04+00:00","og_image":[{"width":300,"height":300,"url":"https:\/\/culturesco.com\/wp-content\/uploads\/2019\/02\/Songs_for_Drella.jpg","type":"image\/jpeg"}],"author":"Auguste Marshal","twitter_card":"summary_large_image","twitter_creator":"@https:\/\/twitter.com\/AugusteMarshal","twitter_site":"@AugusteMarshal","twitter_misc":{"\u00c9crit par":"Auguste Marshal","Dur\u00e9e de lecture estim\u00e9e":"4 minutes"},"schema":{"@context":"https:\/\/schema.org","@graph":[{"@type":"Article","@id":"https:\/\/culturesco.com\/index.php\/2019\/02\/22\/songs-for-drella-lou-reed-et-john-cale-album-hommage-a-andy-warhol\/#article","isPartOf":{"@id":"https:\/\/culturesco.com\/index.php\/2019\/02\/22\/songs-for-drella-lou-reed-et-john-cale-album-hommage-a-andy-warhol\/"},"author":{"name":"Auguste Marshal","@id":"https:\/\/culturesco.com\/#\/schema\/person\/9a265b03a60b0fa349532a231f7d1d0e"},"headline":"Songs for Drella : Lou Reed et John Cale pour Andy Warhol","datePublished":"2019-02-22T15:19:31+00:00","dateModified":"2024-08-05T09:39:04+00:00","mainEntityOfPage":{"@id":"https:\/\/culturesco.com\/index.php\/2019\/02\/22\/songs-for-drella-lou-reed-et-john-cale-album-hommage-a-andy-warhol\/"},"wordCount":636,"publisher":{"@id":"https:\/\/culturesco.com\/#organization"},"image":{"@id":"https:\/\/culturesco.com\/index.php\/2019\/02\/22\/songs-for-drella-lou-reed-et-john-cale-album-hommage-a-andy-warhol\/#primaryimage"},"thumbnailUrl":"https:\/\/i0.wp.com\/culturesco.com\/wp-content\/uploads\/2019\/02\/Songs_for_Drella.jpg?fit=300%2C300&ssl=1","keywords":["histoire du rock","Personnalit\u00e9 Rock"],"articleSection":["Albums rock","Carotte Rock Cultures","Histoire du rock"],"inLanguage":"fr-FR"},{"@type":"WebPage","@id":"https:\/\/culturesco.com\/index.php\/2019\/02\/22\/songs-for-drella-lou-reed-et-john-cale-album-hommage-a-andy-warhol\/","url":"https:\/\/culturesco.com\/index.php\/2019\/02\/22\/songs-for-drella-lou-reed-et-john-cale-album-hommage-a-andy-warhol\/","name":"Songs for Drella : Lou Reed et John Cale pour Andy Warhol - Culturesco","isPartOf":{"@id":"https:\/\/culturesco.com\/#website"},"primaryImageOfPage":{"@id":"https:\/\/culturesco.com\/index.php\/2019\/02\/22\/songs-for-drella-lou-reed-et-john-cale-album-hommage-a-andy-warhol\/#primaryimage"},"image":{"@id":"https:\/\/culturesco.com\/index.php\/2019\/02\/22\/songs-for-drella-lou-reed-et-john-cale-album-hommage-a-andy-warhol\/#primaryimage"},"thumbnailUrl":"https:\/\/i0.wp.com\/culturesco.com\/wp-content\/uploads\/2019\/02\/Songs_for_Drella.jpg?fit=300%2C300&ssl=1","datePublished":"2019-02-22T15:19:31+00:00","dateModified":"2024-08-05T09:39:04+00:00","description":"CulturesCo | Songs for Drella, album Lou Reed et John Cale en hommage \u00e0 Andy Warhol ! R\u00e9concilation des fr\u00e8res ennemis du Velvet Underground","breadcrumb":{"@id":"https:\/\/culturesco.com\/index.php\/2019\/02\/22\/songs-for-drella-lou-reed-et-john-cale-album-hommage-a-andy-warhol\/#breadcrumb"},"inLanguage":"fr-FR","potentialAction":[{"@type":"ReadAction","target":["https:\/\/culturesco.com\/index.php\/2019\/02\/22\/songs-for-drella-lou-reed-et-john-cale-album-hommage-a-andy-warhol\/"]}]},{"@type":"ImageObject","inLanguage":"fr-FR","@id":"https:\/\/culturesco.com\/index.php\/2019\/02\/22\/songs-for-drella-lou-reed-et-john-cale-album-hommage-a-andy-warhol\/#primaryimage","url":"https:\/\/i0.wp.com\/culturesco.com\/wp-content\/uploads\/2019\/02\/Songs_for_Drella.jpg?fit=300%2C300&ssl=1","contentUrl":"https:\/\/i0.wp.com\/culturesco.com\/wp-content\/uploads\/2019\/02\/Songs_for_Drella.jpg?fit=300%2C300&ssl=1","width":300,"height":300,"caption":"Songs for drella andy warhol"},{"@type":"BreadcrumbList","@id":"https:\/\/culturesco.com\/index.php\/2019\/02\/22\/songs-for-drella-lou-reed-et-john-cale-album-hommage-a-andy-warhol\/#breadcrumb","itemListElement":[{"@type":"ListItem","position":1,"name":"Accueil","item":"https:\/\/culturesco.com\/"},{"@type":"ListItem","position":2,"name":"Songs for Drella : Lou Reed et John Cale pour Andy Warhol"}]},{"@type":"WebSite","@id":"https:\/\/culturesco.com\/#website","url":"https:\/\/culturesco.com\/","name":"Culturesco","description":"Culturesco | Un bon coup de pied dans ta Culture","publisher":{"@id":"https:\/\/culturesco.com\/#organization"},"potentialAction":[{"@type":"SearchAction","target":{"@type":"EntryPoint","urlTemplate":"https:\/\/culturesco.com\/?s={search_term_string}"},"query-input":{"@type":"PropertyValueSpecification","valueRequired":true,"valueName":"search_term_string"}}],"inLanguage":"fr-FR"},{"@type":"Organization","@id":"https:\/\/culturesco.com\/#organization","name":"CULTURESCO","url":"https:\/\/culturesco.com\/","logo":{"@type":"ImageObject","inLanguage":"fr-FR","@id":"https:\/\/culturesco.com\/#\/schema\/logo\/image\/","url":"https:\/\/i0.wp.com\/culturesco.com\/wp-content\/uploads\/2022\/04\/culturesco-logo-blanc250p.png?fit=250%2C250&ssl=1","contentUrl":"https:\/\/i0.wp.com\/culturesco.com\/wp-content\/uploads\/2022\/04\/culturesco-logo-blanc250p.png?fit=250%2C250&ssl=1","width":250,"height":250,"caption":"CULTURESCO"},"image":{"@id":"https:\/\/culturesco.com\/#\/schema\/logo\/image\/"},"sameAs":["https:\/\/www.facebook.com\/radioculturesco","https:\/\/x.com\/AugusteMarshal","https:\/\/www.instagram.com\/carotte_rock_culture\/","https:\/\/www.pinterest.fr\/augustemarshal\/","https:\/\/www.youtube.com\/channel\/UCiWLGffqWSXlNnfzp6YwwyQ"]},{"@type":"Person","@id":"https:\/\/culturesco.com\/#\/schema\/person\/9a265b03a60b0fa349532a231f7d1d0e","name":"Auguste Marshal","image":{"@type":"ImageObject","inLanguage":"fr-FR","@id":"https:\/\/i0.wp.com\/culturesco.com\/wp-content\/uploads\/2019\/03\/auguste.jpg?fit=96%2C74&ssl=1","url":"https:\/\/i0.wp.com\/culturesco.com\/wp-content\/uploads\/2019\/03\/auguste.jpg?fit=96%2C74&ssl=1","contentUrl":"https:\/\/i0.wp.com\/culturesco.com\/wp-content\/uploads\/2019\/03\/auguste.jpg?fit=96%2C74&ssl=1","caption":"Auguste Marshal"},"description":"Animateur Radio - Producteur animateur de l'\u00e9mission Culturesco sur Pop Culture Radio - Community Manager - Cr\u00e9ateur du blog Culturesco.com et pr\u00e9c\u00e9demment du Blog Rock Auguste Marshal - Administrateur des pages Facebook et Instagram Carotte Rock Cultures et Radio CulturesCo - Administrateur de groupes Facebook","sameAs":["https:\/\/culturesco.com","https:\/\/www.facebook.com\/radioculturesco","https:\/\/www.instagram.com\/carotte_rock_culture\/","https:\/\/www.linkedin.com\/in\/auguste-marshal-7125b1151\/","https:\/\/x.com\/https:\/\/twitter.com\/AugusteMarshal","https:\/\/www.youtube.com\/channel\/UCiWLGffqWSXlNnfzp6YwwyQ"],"url":"https:\/\/culturesco.com\/index.php\/author\/admin8255\/"}]}},"jetpack_featured_media_url":"https:\/\/i0.wp.com\/culturesco.com\/wp-content\/uploads\/2019\/02\/Songs_for_Drella.jpg?fit=300%2C300&ssl=1","jetpack_likes_enabled":true,"jetpack_sharing_enabled":true,"jetpack_shortlink":"https:\/\/wp.me\/paz89I-QH","_links":{"self":[{"href":"https:\/\/culturesco.com\/index.php\/wp-json\/wp\/v2\/posts\/3267","targetHints":{"allow":["GET"]}}],"collection":[{"href":"https:\/\/culturesco.com\/index.php\/wp-json\/wp\/v2\/posts"}],"about":[{"href":"https:\/\/culturesco.com\/index.php\/wp-json\/wp\/v2\/types\/post"}],"author":[{"embeddable":true,"href":"https:\/\/culturesco.com\/index.php\/wp-json\/wp\/v2\/users\/1"}],"replies":[{"embeddable":true,"href":"https:\/\/culturesco.com\/index.php\/wp-json\/wp\/v2\/comments?post=3267"}],"version-history":[{"count":0,"href":"https:\/\/culturesco.com\/index.php\/wp-json\/wp\/v2\/posts\/3267\/revisions"}],"wp:featuredmedia":[{"embeddable":true,"href":"https:\/\/culturesco.com\/index.php\/wp-json\/wp\/v2\/media\/22866"}],"wp:attachment":[{"href":"https:\/\/culturesco.com\/index.php\/wp-json\/wp\/v2\/media?parent=3267"}],"wp:term":[{"taxonomy":"category","embeddable":true,"href":"https:\/\/culturesco.com\/index.php\/wp-json\/wp\/v2\/categories?post=3267"},{"taxonomy":"post_tag","embeddable":true,"href":"https:\/\/culturesco.com\/index.php\/wp-json\/wp\/v2\/tags?post=3267"}],"curies":[{"name":"wp","href":"https:\/\/api.w.org\/{rel}","templated":true}]}}