{"id":3158,"date":"2019-02-19T15:09:05","date_gmt":"2019-02-19T14:09:05","guid":{"rendered":"https:\/\/culturesco.com\/?p=3158"},"modified":"2019-02-19T15:51:05","modified_gmt":"2019-02-19T14:51:05","slug":"spatsz-la-moitie-de-kas-product-est-parti-ailleurs","status":"publish","type":"post","link":"https:\/\/culturesco.com\/index.php\/2019\/02\/19\/spatsz-la-moitie-de-kas-product-est-parti-ailleurs\/","title":{"rendered":"Spatsz, la moiti\u00e9 de KaS Product, est parti ailleurs"},"content":{"rendered":"<h2 style=\"text-align: justify;\">La longue m\u00e8che du clavi\u00e9riste s\u2019est \u00e9teinte pour toujours<\/h2>\n<p><img data-recalc-dims=\"1\" loading=\"lazy\" decoding=\"async\" class=\"aligncenter size-full wp-image-3170\" src=\"https:\/\/i0.wp.com\/culturesco.com\/wp-content\/uploads\/2019\/02\/kas-product.jpg?resize=696%2C364&#038;ssl=1\" alt=\"Kas Product\" width=\"696\" height=\"364\" \/><\/p>\n<h3 style=\"text-align: justify;\">Il laisse un duo hors-normes emmen\u00e9 par la f\u00e9line Mona Soyoc<\/h3>\n<h3 style=\"text-align: justify;\">KaS Product &#8211; Never Come Back<\/h3>\n<div class=\"youtube-embed\" data-video_id=\"6Ki2R9OieiY\"><iframe loading=\"lazy\" title=\"Kas Product - Never Come Back\" width=\"696\" height=\"522\" src=\"https:\/\/www.youtube.com\/embed\/6Ki2R9OieiY\" frameborder=\"0\" allow=\"accelerometer; autoplay; clipboard-write; encrypted-media; gyroscope; picture-in-picture; web-share\" referrerpolicy=\"strict-origin-when-cross-origin\" allowfullscreen><\/iframe><\/div>\n<p style=\"text-align: justify;\">L\u2019avantage\u2026 ou pas, quand on ne s\u00e9vit plus sur les r\u00e9seaux, facebook par exemple, est de d\u00e9couvrir des dizaines de jours plus tard, dans <strong>les avis mortuaires<\/strong> d\u2019un mensuel qui date mais qui reste r\u00e9solument rock, la perte d\u2019un type qu\u2019on admirait et qui s\u00e9vissait de nouveau avec son duo <strong>KaS Product<\/strong>. On semble \u00e9loign\u00e9 mais le coup de poing dans la gueule est franc et direct. <strong>Pleine tronche<\/strong>.<\/p>\n<p><img data-recalc-dims=\"1\" loading=\"lazy\" decoding=\"async\" class=\"aligncenter wp-image-3171 size-medium\" src=\"https:\/\/i0.wp.com\/culturesco.com\/wp-content\/uploads\/2019\/02\/kas-product-groupe.jpg?resize=186%2C300&#038;ssl=1\" alt=\"kas product\" width=\"186\" height=\"300\" srcset=\"https:\/\/i0.wp.com\/culturesco.com\/wp-content\/uploads\/2019\/02\/kas-product-groupe.jpg?resize=186%2C300&amp;ssl=1 186w, https:\/\/i0.wp.com\/culturesco.com\/wp-content\/uploads\/2019\/02\/kas-product-groupe.jpg?resize=389%2C627&amp;ssl=1 389w, https:\/\/i0.wp.com\/culturesco.com\/wp-content\/uploads\/2019\/02\/kas-product-groupe.jpg?resize=261%2C420&amp;ssl=1 261w, https:\/\/i0.wp.com\/culturesco.com\/wp-content\/uploads\/2019\/02\/kas-product-groupe.jpg?w=372&amp;ssl=1 372w\" sizes=\"auto, (max-width: 186px) 100vw, 186px\" \/><\/p>\n<p style=\"text-align: justify;\"><strong>La disparition de Spatsz<\/strong>, alias <strong>Daniel Favre<\/strong>, r\u00e9sonne comme un coup de massue. D\u2019autant qu\u2019ils avaient repris la route, tous les deux et on attendait m\u00eame un nouvel album. Il sortira peut-\u00eatre post-mortem. Ce serait une belle fin. Voici le texte que <strong>Mona Soyoc<\/strong> a laiss\u00e9 sur sa page Facebook<\/p>\n<blockquote>\n<h5 style=\"text-align: justify;\"><em>\u00abSpatsz, mon compagnon dans l\u2019aventure KaS Product, a quitt\u00e9 son corps dans l\u2019apr\u00e8s-midi du 1er f\u00e9vrier 2019. L\u2019homme le plus important de ma vie, avec son g\u00e9nie et sa cr\u00e9ativit\u00e9 et son influence, est parti. Il est irrempla\u00e7able. L\u2019alchimie de notre passion musicale partag\u00e9e et notre complicit\u00e9 unique qui est n\u00e9e il y a 40 ans est termin\u00e9e.\u00bb<\/em><\/h5>\n<\/blockquote>\n<h3 style=\"text-align: justify;\">KaS Product en concert 2016<\/h3>\n<div class=\"youtube-embed\" data-video_id=\"8WNj5kC2r4o\"><iframe loading=\"lazy\" title=\"KAS PRODUCT - Paris - 15.11.2016\" width=\"696\" height=\"392\" src=\"https:\/\/www.youtube.com\/embed\/8WNj5kC2r4o\" frameborder=\"0\" allow=\"accelerometer; autoplay; clipboard-write; encrypted-media; gyroscope; picture-in-picture; web-share\" referrerpolicy=\"strict-origin-when-cross-origin\" allowfullscreen><\/iframe><\/div>\n<p style=\"text-align: justify;\">Mona, on pense tous \u00e0 toi et \u00e0 ce que tu as v\u00e9cu. Deux albums magnifiques plus tard, continue du mieux que tu peux avec ou sans musique. De notre c\u00f4t\u00e9, partout en France et ailleurs, on parlera encore et encore de KaS Product. Good luck et belle vie.<\/p>\n<p style=\"text-align: justify;\"><strong>Patrick B\u00e9nard \/ Culturesco<\/strong><\/p>\n","protected":false},"excerpt":{"rendered":"<p>La longue m\u00e8che du clavi\u00e9riste s\u2019est \u00e9teinte pour toujours Il laisse un duo hors-normes emmen\u00e9 par la f\u00e9line Mona Soyoc KaS Product &#8211; Never Come Back L\u2019avantage\u2026 ou pas, quand on ne s\u00e9vit plus sur les r\u00e9seaux, facebook par exemple, est de d\u00e9couvrir des dizaines de jours plus tard, dans les avis mortuaires d\u2019un mensuel [&hellip;]<\/p>\n","protected":false},"author":4,"featured_media":3170,"comment_status":"closed","ping_status":"closed","sticky":false,"template":"","format":"image","meta":{"jetpack_post_was_ever_published":false,"tdm_status":"","tdm_grid_status":"","_jetpack_newsletter_access":"","_jetpack_dont_email_post_to_subs":false,"_jetpack_newsletter_tier_id":0,"_jetpack_memberships_contains_paywalled_content":false,"_jetpack_memberships_contains_paid_content":false,"footnotes":""},"categories":[17,33],"tags":[48],"class_list":{"0":"post-3158","1":"post","2":"type-post","3":"status-publish","4":"format-image","5":"has-post-thumbnail","7":"category-carotte-rock-cultures","8":"category-histoire-du-rock","9":"tag-personnalite-rock","10":"post_format-post-format-image"},"yoast_head":"<!-- This site is optimized with the Yoast SEO plugin v27.5 - https:\/\/yoast.com\/product\/yoast-seo-wordpress\/ -->\n<title>Spatsz, la moiti\u00e9 de KaS Product, est parti ailleurs - Culturesco<\/title>\n<meta name=\"description\" content=\"CulturesCo | Un bon coup de pied dans ta Culture | Chroniques et histoire du Rock, chanson fran\u00e7aise, litt\u00e9rature, cin\u00e9ma et bande dessin\u00e9e.\" \/>\n<meta name=\"robots\" content=\"index, follow, max-snippet:-1, max-image-preview:large, max-video-preview:-1\" \/>\n<link rel=\"canonical\" href=\"https:\/\/culturesco.com\/index.php\/2019\/02\/19\/spatsz-la-moitie-de-kas-product-est-parti-ailleurs\/\" \/>\n<meta property=\"og:locale\" content=\"fr_FR\" \/>\n<meta property=\"og:type\" content=\"article\" \/>\n<meta property=\"og:title\" content=\"Spatsz, la moiti\u00e9 de KaS Product, est parti ailleurs - Culturesco\" \/>\n<meta property=\"og:description\" content=\"CulturesCo | Un bon coup de pied dans ta Culture | Chroniques et histoire du Rock, chanson fran\u00e7aise, litt\u00e9rature, cin\u00e9ma et bande dessin\u00e9e.\" \/>\n<meta property=\"og:url\" content=\"https:\/\/culturesco.com\/index.php\/2019\/02\/19\/spatsz-la-moitie-de-kas-product-est-parti-ailleurs\/\" \/>\n<meta property=\"og:site_name\" content=\"Culturesco\" \/>\n<meta property=\"article:publisher\" content=\"https:\/\/www.facebook.com\/radioculturesco\" \/>\n<meta property=\"article:published_time\" content=\"2019-02-19T14:09:05+00:00\" \/>\n<meta property=\"article:modified_time\" content=\"2019-02-19T14:51:05+00:00\" \/>\n<meta property=\"og:image\" content=\"https:\/\/i0.wp.com\/culturesco.com\/wp-content\/uploads\/2019\/02\/kas-product-e1555060241734.jpg?fit=600%2C314&ssl=1\" \/>\n\t<meta property=\"og:image:width\" content=\"600\" \/>\n\t<meta property=\"og:image:height\" content=\"314\" \/>\n\t<meta property=\"og:image:type\" content=\"image\/jpeg\" \/>\n<meta name=\"author\" content=\"Patrick Benard\" \/>\n<meta name=\"twitter:card\" content=\"summary_large_image\" \/>\n<meta name=\"twitter:creator\" content=\"@AugusteMarshal\" \/>\n<meta name=\"twitter:site\" content=\"@AugusteMarshal\" \/>\n<meta name=\"twitter:label1\" content=\"\u00c9crit par\" \/>\n\t<meta name=\"twitter:data1\" content=\"Patrick Benard\" \/>\n\t<meta name=\"twitter:label2\" content=\"Dur\u00e9e de lecture estim\u00e9e\" \/>\n\t<meta name=\"twitter:data2\" content=\"2 minutes\" \/>\n<script type=\"application\/ld+json\" class=\"yoast-schema-graph\">{\"@context\":\"https:\\\/\\\/schema.org\",\"@graph\":[{\"@type\":\"Article\",\"@id\":\"https:\\\/\\\/culturesco.com\\\/index.php\\\/2019\\\/02\\\/19\\\/spatsz-la-moitie-de-kas-product-est-parti-ailleurs\\\/#article\",\"isPartOf\":{\"@id\":\"https:\\\/\\\/culturesco.com\\\/index.php\\\/2019\\\/02\\\/19\\\/spatsz-la-moitie-de-kas-product-est-parti-ailleurs\\\/\"},\"author\":{\"name\":\"Patrick Benard\",\"@id\":\"https:\\\/\\\/culturesco.com\\\/#\\\/schema\\\/person\\\/c2ddd6724863f3bbd20a8278df0891f3\"},\"headline\":\"Spatsz, la moiti\u00e9 de KaS Product, est parti ailleurs\",\"datePublished\":\"2019-02-19T14:09:05+00:00\",\"dateModified\":\"2019-02-19T14:51:05+00:00\",\"mainEntityOfPage\":{\"@id\":\"https:\\\/\\\/culturesco.com\\\/index.php\\\/2019\\\/02\\\/19\\\/spatsz-la-moitie-de-kas-product-est-parti-ailleurs\\\/\"},\"wordCount\":316,\"publisher\":{\"@id\":\"https:\\\/\\\/culturesco.com\\\/#organization\"},\"image\":{\"@id\":\"https:\\\/\\\/culturesco.com\\\/index.php\\\/2019\\\/02\\\/19\\\/spatsz-la-moitie-de-kas-product-est-parti-ailleurs\\\/#primaryimage\"},\"thumbnailUrl\":\"https:\\\/\\\/i0.wp.com\\\/culturesco.com\\\/wp-content\\\/uploads\\\/2019\\\/02\\\/kas-product-e1555060241734.jpg?fit=600%2C314&ssl=1\",\"keywords\":[\"Personnalit\u00e9 Rock\"],\"articleSection\":[\"Carotte Rock Cultures\",\"Histoire du rock\"],\"inLanguage\":\"fr-FR\"},{\"@type\":\"WebPage\",\"@id\":\"https:\\\/\\\/culturesco.com\\\/index.php\\\/2019\\\/02\\\/19\\\/spatsz-la-moitie-de-kas-product-est-parti-ailleurs\\\/\",\"url\":\"https:\\\/\\\/culturesco.com\\\/index.php\\\/2019\\\/02\\\/19\\\/spatsz-la-moitie-de-kas-product-est-parti-ailleurs\\\/\",\"name\":\"Spatsz, la moiti\u00e9 de KaS Product, est parti ailleurs - Culturesco\",\"isPartOf\":{\"@id\":\"https:\\\/\\\/culturesco.com\\\/#website\"},\"primaryImageOfPage\":{\"@id\":\"https:\\\/\\\/culturesco.com\\\/index.php\\\/2019\\\/02\\\/19\\\/spatsz-la-moitie-de-kas-product-est-parti-ailleurs\\\/#primaryimage\"},\"image\":{\"@id\":\"https:\\\/\\\/culturesco.com\\\/index.php\\\/2019\\\/02\\\/19\\\/spatsz-la-moitie-de-kas-product-est-parti-ailleurs\\\/#primaryimage\"},\"thumbnailUrl\":\"https:\\\/\\\/i0.wp.com\\\/culturesco.com\\\/wp-content\\\/uploads\\\/2019\\\/02\\\/kas-product-e1555060241734.jpg?fit=600%2C314&ssl=1\",\"datePublished\":\"2019-02-19T14:09:05+00:00\",\"dateModified\":\"2019-02-19T14:51:05+00:00\",\"description\":\"CulturesCo | Un bon coup de pied dans ta Culture | Chroniques et histoire du Rock, chanson fran\u00e7aise, litt\u00e9rature, cin\u00e9ma et bande dessin\u00e9e.\",\"breadcrumb\":{\"@id\":\"https:\\\/\\\/culturesco.com\\\/index.php\\\/2019\\\/02\\\/19\\\/spatsz-la-moitie-de-kas-product-est-parti-ailleurs\\\/#breadcrumb\"},\"inLanguage\":\"fr-FR\",\"potentialAction\":[{\"@type\":\"ReadAction\",\"target\":[\"https:\\\/\\\/culturesco.com\\\/index.php\\\/2019\\\/02\\\/19\\\/spatsz-la-moitie-de-kas-product-est-parti-ailleurs\\\/\"]}]},{\"@type\":\"ImageObject\",\"inLanguage\":\"fr-FR\",\"@id\":\"https:\\\/\\\/culturesco.com\\\/index.php\\\/2019\\\/02\\\/19\\\/spatsz-la-moitie-de-kas-product-est-parti-ailleurs\\\/#primaryimage\",\"url\":\"https:\\\/\\\/i0.wp.com\\\/culturesco.com\\\/wp-content\\\/uploads\\\/2019\\\/02\\\/kas-product-e1555060241734.jpg?fit=600%2C314&ssl=1\",\"contentUrl\":\"https:\\\/\\\/i0.wp.com\\\/culturesco.com\\\/wp-content\\\/uploads\\\/2019\\\/02\\\/kas-product-e1555060241734.jpg?fit=600%2C314&ssl=1\",\"width\":600,\"height\":314,\"caption\":\"Kas Product\"},{\"@type\":\"BreadcrumbList\",\"@id\":\"https:\\\/\\\/culturesco.com\\\/index.php\\\/2019\\\/02\\\/19\\\/spatsz-la-moitie-de-kas-product-est-parti-ailleurs\\\/#breadcrumb\",\"itemListElement\":[{\"@type\":\"ListItem\",\"position\":1,\"name\":\"Accueil\",\"item\":\"https:\\\/\\\/culturesco.com\\\/\"},{\"@type\":\"ListItem\",\"position\":2,\"name\":\"Spatsz, la moiti\u00e9 de KaS Product, est parti ailleurs\"}]},{\"@type\":\"WebSite\",\"@id\":\"https:\\\/\\\/culturesco.com\\\/#website\",\"url\":\"https:\\\/\\\/culturesco.com\\\/\",\"name\":\"Culturesco\",\"description\":\"Culturesco | Un bon coup de pied dans ta Culture\",\"publisher\":{\"@id\":\"https:\\\/\\\/culturesco.com\\\/#organization\"},\"potentialAction\":[{\"@type\":\"SearchAction\",\"target\":{\"@type\":\"EntryPoint\",\"urlTemplate\":\"https:\\\/\\\/culturesco.com\\\/?s={search_term_string}\"},\"query-input\":{\"@type\":\"PropertyValueSpecification\",\"valueRequired\":true,\"valueName\":\"search_term_string\"}}],\"inLanguage\":\"fr-FR\"},{\"@type\":\"Organization\",\"@id\":\"https:\\\/\\\/culturesco.com\\\/#organization\",\"name\":\"CULTURESCO\",\"url\":\"https:\\\/\\\/culturesco.com\\\/\",\"logo\":{\"@type\":\"ImageObject\",\"inLanguage\":\"fr-FR\",\"@id\":\"https:\\\/\\\/culturesco.com\\\/#\\\/schema\\\/logo\\\/image\\\/\",\"url\":\"https:\\\/\\\/i0.wp.com\\\/culturesco.com\\\/wp-content\\\/uploads\\\/2022\\\/04\\\/culturesco-logo-blanc250p.png?fit=250%2C250&ssl=1\",\"contentUrl\":\"https:\\\/\\\/i0.wp.com\\\/culturesco.com\\\/wp-content\\\/uploads\\\/2022\\\/04\\\/culturesco-logo-blanc250p.png?fit=250%2C250&ssl=1\",\"width\":250,\"height\":250,\"caption\":\"CULTURESCO\"},\"image\":{\"@id\":\"https:\\\/\\\/culturesco.com\\\/#\\\/schema\\\/logo\\\/image\\\/\"},\"sameAs\":[\"https:\\\/\\\/www.facebook.com\\\/radioculturesco\",\"https:\\\/\\\/x.com\\\/AugusteMarshal\",\"https:\\\/\\\/www.instagram.com\\\/carotte_rock_culture\\\/\",\"https:\\\/\\\/www.pinterest.fr\\\/augustemarshal\\\/\",\"https:\\\/\\\/www.youtube.com\\\/channel\\\/UCiWLGffqWSXlNnfzp6YwwyQ\"]},{\"@type\":\"Person\",\"@id\":\"https:\\\/\\\/culturesco.com\\\/#\\\/schema\\\/person\\\/c2ddd6724863f3bbd20a8278df0891f3\",\"name\":\"Patrick Benard\",\"image\":{\"@type\":\"ImageObject\",\"inLanguage\":\"fr-FR\",\"@id\":\"https:\\\/\\\/i0.wp.com\\\/culturesco.com\\\/wp-content\\\/uploads\\\/2019\\\/02\\\/patrick-benard-2.jpg?fit=90%2C96&ssl=1\",\"url\":\"https:\\\/\\\/i0.wp.com\\\/culturesco.com\\\/wp-content\\\/uploads\\\/2019\\\/02\\\/patrick-benard-2.jpg?fit=90%2C96&ssl=1\",\"contentUrl\":\"https:\\\/\\\/i0.wp.com\\\/culturesco.com\\\/wp-content\\\/uploads\\\/2019\\\/02\\\/patrick-benard-2.jpg?fit=90%2C96&ssl=1\",\"caption\":\"Patrick Benard\"},\"description\":\"Ecrivain, chroniqueur, animateur radio, cr\u00e9ateur de la revue \u00ab Cin\u00e9manie \u00bb, autour du cin\u00e9ma dit d\u2019art et d\u2019essai, sp\u00e9cialiste du groupe The Cure, archiviste... 2020 : \\\"Le Post Rock\\\" essai sur le post rock de Mogwa\u00ef \u00e0 Godspeed You Black Emperor - Camion Blanc 2014 : \u00ab On the rocks \u2013le rock de 2007 \u00e0 2014 \u00bb chroniques livres et cd rocks, interviews \u2013Editions Vaillant 2010 : \u00ab Dans la T\u00eate de Robert Smith \u00bb, roman fiction autour de l\u2019histoire des Cure et de Robert Smith \u2013 Edilivres 2007 : \u00ab Chroniques Fr\u00e9n\u00e9tiques, une histoire intime du rock \u00bb, roman, prix Technikart. 2001 : \u00ab Les Iles du D\u00e9sert \u00bb, polar autour du rock \u2013 Editions Nykta\",\"url\":\"https:\\\/\\\/culturesco.com\\\/index.php\\\/author\\\/patrick-benard89\\\/\"}]}<\/script>\n<!-- \/ Yoast SEO plugin. -->","yoast_head_json":{"title":"Spatsz, la moiti\u00e9 de KaS Product, est parti ailleurs - Culturesco","description":"CulturesCo | Un bon coup de pied dans ta Culture | Chroniques et histoire du Rock, chanson fran\u00e7aise, litt\u00e9rature, cin\u00e9ma et bande dessin\u00e9e.","robots":{"index":"index","follow":"follow","max-snippet":"max-snippet:-1","max-image-preview":"max-image-preview:large","max-video-preview":"max-video-preview:-1"},"canonical":"https:\/\/culturesco.com\/index.php\/2019\/02\/19\/spatsz-la-moitie-de-kas-product-est-parti-ailleurs\/","og_locale":"fr_FR","og_type":"article","og_title":"Spatsz, la moiti\u00e9 de KaS Product, est parti ailleurs - Culturesco","og_description":"CulturesCo | Un bon coup de pied dans ta Culture | Chroniques et histoire du Rock, chanson fran\u00e7aise, litt\u00e9rature, cin\u00e9ma et bande dessin\u00e9e.","og_url":"https:\/\/culturesco.com\/index.php\/2019\/02\/19\/spatsz-la-moitie-de-kas-product-est-parti-ailleurs\/","og_site_name":"Culturesco","article_publisher":"https:\/\/www.facebook.com\/radioculturesco","article_published_time":"2019-02-19T14:09:05+00:00","article_modified_time":"2019-02-19T14:51:05+00:00","og_image":[{"width":600,"height":314,"url":"https:\/\/i0.wp.com\/culturesco.com\/wp-content\/uploads\/2019\/02\/kas-product-e1555060241734.jpg?fit=600%2C314&ssl=1","type":"image\/jpeg"}],"author":"Patrick Benard","twitter_card":"summary_large_image","twitter_creator":"@AugusteMarshal","twitter_site":"@AugusteMarshal","twitter_misc":{"\u00c9crit par":"Patrick Benard","Dur\u00e9e de lecture estim\u00e9e":"2 minutes"},"schema":{"@context":"https:\/\/schema.org","@graph":[{"@type":"Article","@id":"https:\/\/culturesco.com\/index.php\/2019\/02\/19\/spatsz-la-moitie-de-kas-product-est-parti-ailleurs\/#article","isPartOf":{"@id":"https:\/\/culturesco.com\/index.php\/2019\/02\/19\/spatsz-la-moitie-de-kas-product-est-parti-ailleurs\/"},"author":{"name":"Patrick Benard","@id":"https:\/\/culturesco.com\/#\/schema\/person\/c2ddd6724863f3bbd20a8278df0891f3"},"headline":"Spatsz, la moiti\u00e9 de KaS Product, est parti ailleurs","datePublished":"2019-02-19T14:09:05+00:00","dateModified":"2019-02-19T14:51:05+00:00","mainEntityOfPage":{"@id":"https:\/\/culturesco.com\/index.php\/2019\/02\/19\/spatsz-la-moitie-de-kas-product-est-parti-ailleurs\/"},"wordCount":316,"publisher":{"@id":"https:\/\/culturesco.com\/#organization"},"image":{"@id":"https:\/\/culturesco.com\/index.php\/2019\/02\/19\/spatsz-la-moitie-de-kas-product-est-parti-ailleurs\/#primaryimage"},"thumbnailUrl":"https:\/\/i0.wp.com\/culturesco.com\/wp-content\/uploads\/2019\/02\/kas-product-e1555060241734.jpg?fit=600%2C314&ssl=1","keywords":["Personnalit\u00e9 Rock"],"articleSection":["Carotte Rock Cultures","Histoire du rock"],"inLanguage":"fr-FR"},{"@type":"WebPage","@id":"https:\/\/culturesco.com\/index.php\/2019\/02\/19\/spatsz-la-moitie-de-kas-product-est-parti-ailleurs\/","url":"https:\/\/culturesco.com\/index.php\/2019\/02\/19\/spatsz-la-moitie-de-kas-product-est-parti-ailleurs\/","name":"Spatsz, la moiti\u00e9 de KaS Product, est parti ailleurs - Culturesco","isPartOf":{"@id":"https:\/\/culturesco.com\/#website"},"primaryImageOfPage":{"@id":"https:\/\/culturesco.com\/index.php\/2019\/02\/19\/spatsz-la-moitie-de-kas-product-est-parti-ailleurs\/#primaryimage"},"image":{"@id":"https:\/\/culturesco.com\/index.php\/2019\/02\/19\/spatsz-la-moitie-de-kas-product-est-parti-ailleurs\/#primaryimage"},"thumbnailUrl":"https:\/\/i0.wp.com\/culturesco.com\/wp-content\/uploads\/2019\/02\/kas-product-e1555060241734.jpg?fit=600%2C314&ssl=1","datePublished":"2019-02-19T14:09:05+00:00","dateModified":"2019-02-19T14:51:05+00:00","description":"CulturesCo | Un bon coup de pied dans ta Culture | Chroniques et histoire du Rock, chanson fran\u00e7aise, litt\u00e9rature, cin\u00e9ma et bande dessin\u00e9e.","breadcrumb":{"@id":"https:\/\/culturesco.com\/index.php\/2019\/02\/19\/spatsz-la-moitie-de-kas-product-est-parti-ailleurs\/#breadcrumb"},"inLanguage":"fr-FR","potentialAction":[{"@type":"ReadAction","target":["https:\/\/culturesco.com\/index.php\/2019\/02\/19\/spatsz-la-moitie-de-kas-product-est-parti-ailleurs\/"]}]},{"@type":"ImageObject","inLanguage":"fr-FR","@id":"https:\/\/culturesco.com\/index.php\/2019\/02\/19\/spatsz-la-moitie-de-kas-product-est-parti-ailleurs\/#primaryimage","url":"https:\/\/i0.wp.com\/culturesco.com\/wp-content\/uploads\/2019\/02\/kas-product-e1555060241734.jpg?fit=600%2C314&ssl=1","contentUrl":"https:\/\/i0.wp.com\/culturesco.com\/wp-content\/uploads\/2019\/02\/kas-product-e1555060241734.jpg?fit=600%2C314&ssl=1","width":600,"height":314,"caption":"Kas Product"},{"@type":"BreadcrumbList","@id":"https:\/\/culturesco.com\/index.php\/2019\/02\/19\/spatsz-la-moitie-de-kas-product-est-parti-ailleurs\/#breadcrumb","itemListElement":[{"@type":"ListItem","position":1,"name":"Accueil","item":"https:\/\/culturesco.com\/"},{"@type":"ListItem","position":2,"name":"Spatsz, la moiti\u00e9 de KaS Product, est parti ailleurs"}]},{"@type":"WebSite","@id":"https:\/\/culturesco.com\/#website","url":"https:\/\/culturesco.com\/","name":"Culturesco","description":"Culturesco | Un bon coup de pied dans ta Culture","publisher":{"@id":"https:\/\/culturesco.com\/#organization"},"potentialAction":[{"@type":"SearchAction","target":{"@type":"EntryPoint","urlTemplate":"https:\/\/culturesco.com\/?s={search_term_string}"},"query-input":{"@type":"PropertyValueSpecification","valueRequired":true,"valueName":"search_term_string"}}],"inLanguage":"fr-FR"},{"@type":"Organization","@id":"https:\/\/culturesco.com\/#organization","name":"CULTURESCO","url":"https:\/\/culturesco.com\/","logo":{"@type":"ImageObject","inLanguage":"fr-FR","@id":"https:\/\/culturesco.com\/#\/schema\/logo\/image\/","url":"https:\/\/i0.wp.com\/culturesco.com\/wp-content\/uploads\/2022\/04\/culturesco-logo-blanc250p.png?fit=250%2C250&ssl=1","contentUrl":"https:\/\/i0.wp.com\/culturesco.com\/wp-content\/uploads\/2022\/04\/culturesco-logo-blanc250p.png?fit=250%2C250&ssl=1","width":250,"height":250,"caption":"CULTURESCO"},"image":{"@id":"https:\/\/culturesco.com\/#\/schema\/logo\/image\/"},"sameAs":["https:\/\/www.facebook.com\/radioculturesco","https:\/\/x.com\/AugusteMarshal","https:\/\/www.instagram.com\/carotte_rock_culture\/","https:\/\/www.pinterest.fr\/augustemarshal\/","https:\/\/www.youtube.com\/channel\/UCiWLGffqWSXlNnfzp6YwwyQ"]},{"@type":"Person","@id":"https:\/\/culturesco.com\/#\/schema\/person\/c2ddd6724863f3bbd20a8278df0891f3","name":"Patrick Benard","image":{"@type":"ImageObject","inLanguage":"fr-FR","@id":"https:\/\/i0.wp.com\/culturesco.com\/wp-content\/uploads\/2019\/02\/patrick-benard-2.jpg?fit=90%2C96&ssl=1","url":"https:\/\/i0.wp.com\/culturesco.com\/wp-content\/uploads\/2019\/02\/patrick-benard-2.jpg?fit=90%2C96&ssl=1","contentUrl":"https:\/\/i0.wp.com\/culturesco.com\/wp-content\/uploads\/2019\/02\/patrick-benard-2.jpg?fit=90%2C96&ssl=1","caption":"Patrick Benard"},"description":"Ecrivain, chroniqueur, animateur radio, cr\u00e9ateur de la revue \u00ab Cin\u00e9manie \u00bb, autour du cin\u00e9ma dit d\u2019art et d\u2019essai, sp\u00e9cialiste du groupe The Cure, archiviste... 2020 : \"Le Post Rock\" essai sur le post rock de Mogwa\u00ef \u00e0 Godspeed You Black Emperor - Camion Blanc 2014 : \u00ab On the rocks \u2013le rock de 2007 \u00e0 2014 \u00bb chroniques livres et cd rocks, interviews \u2013Editions Vaillant 2010 : \u00ab Dans la T\u00eate de Robert Smith \u00bb, roman fiction autour de l\u2019histoire des Cure et de Robert Smith \u2013 Edilivres 2007 : \u00ab Chroniques Fr\u00e9n\u00e9tiques, une histoire intime du rock \u00bb, roman, prix Technikart. 2001 : \u00ab Les Iles du D\u00e9sert \u00bb, polar autour du rock \u2013 Editions Nykta","url":"https:\/\/culturesco.com\/index.php\/author\/patrick-benard89\/"}]}},"jetpack_featured_media_url":"https:\/\/i0.wp.com\/culturesco.com\/wp-content\/uploads\/2019\/02\/kas-product-e1555060241734.jpg?fit=600%2C314&ssl=1","jetpack_likes_enabled":true,"jetpack_sharing_enabled":true,"jetpack_shortlink":"https:\/\/wp.me\/paz89I-OW","_links":{"self":[{"href":"https:\/\/culturesco.com\/index.php\/wp-json\/wp\/v2\/posts\/3158","targetHints":{"allow":["GET"]}}],"collection":[{"href":"https:\/\/culturesco.com\/index.php\/wp-json\/wp\/v2\/posts"}],"about":[{"href":"https:\/\/culturesco.com\/index.php\/wp-json\/wp\/v2\/types\/post"}],"author":[{"embeddable":true,"href":"https:\/\/culturesco.com\/index.php\/wp-json\/wp\/v2\/users\/4"}],"replies":[{"embeddable":true,"href":"https:\/\/culturesco.com\/index.php\/wp-json\/wp\/v2\/comments?post=3158"}],"version-history":[{"count":0,"href":"https:\/\/culturesco.com\/index.php\/wp-json\/wp\/v2\/posts\/3158\/revisions"}],"wp:featuredmedia":[{"embeddable":true,"href":"https:\/\/culturesco.com\/index.php\/wp-json\/wp\/v2\/media\/3170"}],"wp:attachment":[{"href":"https:\/\/culturesco.com\/index.php\/wp-json\/wp\/v2\/media?parent=3158"}],"wp:term":[{"taxonomy":"category","embeddable":true,"href":"https:\/\/culturesco.com\/index.php\/wp-json\/wp\/v2\/categories?post=3158"},{"taxonomy":"post_tag","embeddable":true,"href":"https:\/\/culturesco.com\/index.php\/wp-json\/wp\/v2\/tags?post=3158"}],"curies":[{"name":"wp","href":"https:\/\/api.w.org\/{rel}","templated":true}]}}