{"id":3038,"date":"2019-02-13T00:15:38","date_gmt":"2019-02-12T23:15:38","guid":{"rendered":"https:\/\/culturesco.com\/?p=3038"},"modified":"2019-02-15T11:31:51","modified_gmt":"2019-02-15T10:31:51","slug":"carole-zalberg-ou-vivre-sans-interrogation","status":"publish","type":"post","link":"https:\/\/culturesco.com\/index.php\/2019\/02\/13\/carole-zalberg-ou-vivre-sans-interrogation\/","title":{"rendered":"Carole Zalberg \u2013 O\u00f9 vivre sans interrogation"},"content":{"rendered":"<h2 style=\"text-align: justify;\">Carole Zalberg &#8211;\u00a0O\u00f9 Vivre<\/h2>\n<p><img data-recalc-dims=\"1\" loading=\"lazy\" decoding=\"async\" class=\"aligncenter size-full wp-image-3080\" src=\"https:\/\/i0.wp.com\/culturesco.com\/wp-content\/uploads\/2019\/02\/carole-zalberg.jpg?resize=696%2C364&#038;ssl=1\" alt=\"carole zalberg\" width=\"696\" height=\"364\" srcset=\"https:\/\/i0.wp.com\/culturesco.com\/wp-content\/uploads\/2019\/02\/carole-zalberg.jpg?w=600&amp;ssl=1 600w, https:\/\/i0.wp.com\/culturesco.com\/wp-content\/uploads\/2019\/02\/carole-zalberg.jpg?resize=300%2C157&amp;ssl=1 300w, https:\/\/i0.wp.com\/culturesco.com\/wp-content\/uploads\/2019\/02\/carole-zalberg.jpg?resize=768%2C401&amp;ssl=1 768w, https:\/\/i0.wp.com\/culturesco.com\/wp-content\/uploads\/2019\/02\/carole-zalberg.jpg?resize=696%2C364&amp;ssl=1 696w, https:\/\/i0.wp.com\/culturesco.com\/wp-content\/uploads\/2019\/02\/carole-zalberg.jpg?resize=1068%2C558&amp;ssl=1 1068w, https:\/\/i0.wp.com\/culturesco.com\/wp-content\/uploads\/2019\/02\/carole-zalberg.jpg?resize=804%2C420&amp;ssl=1 804w\" sizes=\"auto, (max-width: 696px) 100vw, 696px\" \/><\/p>\n<h3 style=\"text-align: justify;\">L\u2019Odyss\u00e9e d\u2019une famille juive\u2026 De la Shoah jusqu\u2019\u00e0 nos jours, tout en finesse.<\/h3>\n<p style=\"text-align: justify;\"><strong>Carole Zalberg<\/strong>, dont on conna\u00eet d\u00e9sormais la qualit\u00e9 de ses \u00e9crits au fil des ann\u00e9es, sa pr\u00e9cision, sa dext\u00e9rit\u00e9 \u00e0 raconter des histoires poignantes tout en retenue, offre avec <strong>O\u00f9 Vivre<\/strong>, un nouvel exercice de son talent.<\/p>\n<h4><em><strong>Une famille dispers\u00e9e<\/strong><\/em><\/h4>\n<p style=\"text-align: justify;\">En 140 pages \u00e0 peine, <strong>elle retrace toute l\u2019histoire d\u2019une famille juive, dispers\u00e9e par les ravages de la Shoah<\/strong>. Elle part de Marie, n\u00e9e en 1960, qui recompose les vies de ses grands parents juifs polonais. Elle \u00e9largit l\u2019arbre de vie o\u00f9 se croisent oncles, tantes, cousins et cousines. Certain(e)s vont aider \u00e0 cr\u00e9er l\u2019\u00e9tat d\u2019Isra\u00ebl avec toutes les complications engendr\u00e9es et qui risquent, h\u00e9las, de perdurer encore bien longtemps par la faute d\u2019extr\u00e9mistes de tous bords.<\/p>\n<figure id=\"attachment_3041\" aria-describedby=\"caption-attachment-3041\" style=\"width: 294px\" class=\"wp-caption aligncenter\"><img data-recalc-dims=\"1\" loading=\"lazy\" decoding=\"async\" class=\"size-medium wp-image-3041\" src=\"https:\/\/i0.wp.com\/culturesco.com\/wp-content\/uploads\/2019\/02\/2517740755.jpg?resize=294%2C300&#038;ssl=1\" alt=\"Photo Melania Avanzato\" width=\"294\" height=\"300\" srcset=\"https:\/\/i0.wp.com\/culturesco.com\/wp-content\/uploads\/2019\/02\/2517740755.jpg?resize=294%2C300&amp;ssl=1 294w, https:\/\/i0.wp.com\/culturesco.com\/wp-content\/uploads\/2019\/02\/2517740755.jpg?resize=356%2C364&amp;ssl=1 356w, https:\/\/i0.wp.com\/culturesco.com\/wp-content\/uploads\/2019\/02\/2517740755.jpg?resize=411%2C420&amp;ssl=1 411w, https:\/\/i0.wp.com\/culturesco.com\/wp-content\/uploads\/2019\/02\/2517740755.jpg?resize=50%2C50&amp;ssl=1 50w, https:\/\/i0.wp.com\/culturesco.com\/wp-content\/uploads\/2019\/02\/2517740755.jpg?w=575&amp;ssl=1 575w\" sizes=\"auto, (max-width: 294px) 100vw, 294px\" \/><figcaption id=\"caption-attachment-3041\" class=\"wp-caption-text\">Photo Melania Avanzato<\/figcaption><\/figure>\n<p style=\"text-align: justify;\"><strong>L\u2019auteure ne cherche pas \u00e0 prendre partie, surtout pas<\/strong>. Elle d\u00e9crit, le plus finement et d\u00e9licatement possible ce qu\u2019elle ressent, d\u00e9crivant avec sagesse, qualit\u00e9s et d\u00e9fauts de tous les personnages, n\u2019\u00e9pargnant pas la situation actuelle qui fait d\u2019une terre promise une terre de conqu\u00eate par la faute de dirigeants qui semblent se venger du mal innommable qu\u2019ils ont subi.<\/p>\n<h5><em><strong>Trouver sa place<\/strong><\/em><\/h5>\n<p style=\"text-align: justify;\">Il n\u2019est pas inint\u00e9ressant d\u2019ailleurs de pr\u00e9ciser que le titre de son roman n\u2019a pas de point d\u2019interrogation. Il signifie simplement que chacun doit <strong>trouver sa place<\/strong> dans un monde o\u00f9 chacun la cherche. Ce n\u2019est pas le parcours le plus facile des m\u00e9andres d\u2019une vie mais lorsqu\u2019on y parvient, le d\u00e9but de la reconnaissance agit.<\/p>\n<p style=\"text-align: justify;\"><strong>Carole Zalberg &#8211;\u00a0<em>O\u00f9 Vivre<\/em><\/strong><\/p>\n<p style=\"text-align: justify;\">Grasset \u2013 140 pages \u2013 16 \u20ac<\/p>\n<p style=\"text-align: justify;\"><strong>Patrick B\u00e9nard \/ CulturesCo<\/strong><\/p>\n","protected":false},"excerpt":{"rendered":"<p>Carole Zalberg &#8211;\u00a0O\u00f9 Vivre L\u2019Odyss\u00e9e d\u2019une famille juive\u2026 De la Shoah jusqu\u2019\u00e0 nos jours, tout en finesse. Carole Zalberg, dont on conna\u00eet d\u00e9sormais la qualit\u00e9 de ses \u00e9crits au fil des ann\u00e9es, sa pr\u00e9cision, sa dext\u00e9rit\u00e9 \u00e0 raconter des histoires poignantes tout en retenue, offre avec O\u00f9 Vivre, un nouvel exercice de son talent. Une [&hellip;]<\/p>\n","protected":false},"author":4,"featured_media":3080,"comment_status":"closed","ping_status":"closed","sticky":false,"template":"","format":"image","meta":{"jetpack_post_was_ever_published":false,"tdm_status":"","tdm_grid_status":"","_jetpack_newsletter_access":"","_jetpack_dont_email_post_to_subs":false,"_jetpack_newsletter_tier_id":0,"_jetpack_memberships_contains_paywalled_content":false,"_jetpack_memberships_contains_paid_content":false,"footnotes":""},"categories":[27],"tags":[42],"class_list":{"0":"post-3038","1":"post","2":"type-post","3":"status-publish","4":"format-image","5":"has-post-thumbnail","7":"category-litterature","8":"tag-litterature","9":"post_format-post-format-image"},"yoast_head":"<!-- This site is optimized with the Yoast SEO plugin v27.5 - https:\/\/yoast.com\/product\/yoast-seo-wordpress\/ -->\n<title>Carole Zalberg \u2013 O\u00f9 vivre sans interrogation - Culturesco<\/title>\n<meta name=\"description\" content=\"CulturesCo | Un bon coup de pied dans ta Culture | Chroniques et histoire du Rock, chanson fran\u00e7aise, litt\u00e9rature, cin\u00e9ma et bande dessin\u00e9e.\" \/>\n<meta name=\"robots\" content=\"index, follow, max-snippet:-1, max-image-preview:large, max-video-preview:-1\" \/>\n<link rel=\"canonical\" href=\"https:\/\/culturesco.com\/index.php\/2019\/02\/13\/carole-zalberg-ou-vivre-sans-interrogation\/\" \/>\n<meta property=\"og:locale\" content=\"fr_FR\" \/>\n<meta property=\"og:type\" content=\"article\" \/>\n<meta property=\"og:title\" content=\"Carole Zalberg \u2013 O\u00f9 vivre sans interrogation - Culturesco\" \/>\n<meta property=\"og:description\" content=\"CulturesCo | Un bon coup de pied dans ta Culture | Chroniques et histoire du Rock, chanson fran\u00e7aise, litt\u00e9rature, cin\u00e9ma et bande dessin\u00e9e.\" \/>\n<meta property=\"og:url\" content=\"https:\/\/culturesco.com\/index.php\/2019\/02\/13\/carole-zalberg-ou-vivre-sans-interrogation\/\" \/>\n<meta property=\"og:site_name\" content=\"Culturesco\" \/>\n<meta property=\"article:publisher\" content=\"https:\/\/www.facebook.com\/radioculturesco\" \/>\n<meta property=\"article:published_time\" content=\"2019-02-12T23:15:38+00:00\" \/>\n<meta property=\"article:modified_time\" content=\"2019-02-15T10:31:51+00:00\" \/>\n<meta property=\"og:image\" content=\"https:\/\/i2.wp.com\/culturesco.com\/wp-content\/uploads\/2019\/02\/carole-zalberg.jpg?fit=600%2C314&ssl=1\" \/>\n\t<meta property=\"og:image:width\" content=\"600\" \/>\n\t<meta property=\"og:image:height\" content=\"314\" \/>\n\t<meta property=\"og:image:type\" content=\"image\/jpeg\" \/>\n<meta name=\"author\" content=\"Patrick Benard\" \/>\n<meta name=\"twitter:card\" content=\"summary_large_image\" \/>\n<meta name=\"twitter:creator\" content=\"@AugusteMarshal\" \/>\n<meta name=\"twitter:site\" content=\"@AugusteMarshal\" \/>\n<meta name=\"twitter:label1\" content=\"\u00c9crit par\" \/>\n\t<meta name=\"twitter:data1\" content=\"Patrick Benard\" \/>\n\t<meta name=\"twitter:label2\" content=\"Dur\u00e9e de lecture estim\u00e9e\" \/>\n\t<meta name=\"twitter:data2\" content=\"2 minutes\" \/>\n<script type=\"application\/ld+json\" class=\"yoast-schema-graph\">{\"@context\":\"https:\\\/\\\/schema.org\",\"@graph\":[{\"@type\":\"Article\",\"@id\":\"https:\\\/\\\/culturesco.com\\\/index.php\\\/2019\\\/02\\\/13\\\/carole-zalberg-ou-vivre-sans-interrogation\\\/#article\",\"isPartOf\":{\"@id\":\"https:\\\/\\\/culturesco.com\\\/index.php\\\/2019\\\/02\\\/13\\\/carole-zalberg-ou-vivre-sans-interrogation\\\/\"},\"author\":{\"name\":\"Patrick Benard\",\"@id\":\"https:\\\/\\\/culturesco.com\\\/#\\\/schema\\\/person\\\/c2ddd6724863f3bbd20a8278df0891f3\"},\"headline\":\"Carole Zalberg \u2013 O\u00f9 vivre sans interrogation\",\"datePublished\":\"2019-02-12T23:15:38+00:00\",\"dateModified\":\"2019-02-15T10:31:51+00:00\",\"mainEntityOfPage\":{\"@id\":\"https:\\\/\\\/culturesco.com\\\/index.php\\\/2019\\\/02\\\/13\\\/carole-zalberg-ou-vivre-sans-interrogation\\\/\"},\"wordCount\":320,\"publisher\":{\"@id\":\"https:\\\/\\\/culturesco.com\\\/#organization\"},\"image\":{\"@id\":\"https:\\\/\\\/culturesco.com\\\/index.php\\\/2019\\\/02\\\/13\\\/carole-zalberg-ou-vivre-sans-interrogation\\\/#primaryimage\"},\"thumbnailUrl\":\"https:\\\/\\\/i0.wp.com\\\/culturesco.com\\\/wp-content\\\/uploads\\\/2019\\\/02\\\/carole-zalberg.jpg?fit=600%2C314&ssl=1\",\"keywords\":[\"litt\u00e9rature\"],\"articleSection\":[\"Litt\u00e9rature\"],\"inLanguage\":\"fr-FR\"},{\"@type\":\"WebPage\",\"@id\":\"https:\\\/\\\/culturesco.com\\\/index.php\\\/2019\\\/02\\\/13\\\/carole-zalberg-ou-vivre-sans-interrogation\\\/\",\"url\":\"https:\\\/\\\/culturesco.com\\\/index.php\\\/2019\\\/02\\\/13\\\/carole-zalberg-ou-vivre-sans-interrogation\\\/\",\"name\":\"Carole Zalberg \u2013 O\u00f9 vivre sans interrogation - Culturesco\",\"isPartOf\":{\"@id\":\"https:\\\/\\\/culturesco.com\\\/#website\"},\"primaryImageOfPage\":{\"@id\":\"https:\\\/\\\/culturesco.com\\\/index.php\\\/2019\\\/02\\\/13\\\/carole-zalberg-ou-vivre-sans-interrogation\\\/#primaryimage\"},\"image\":{\"@id\":\"https:\\\/\\\/culturesco.com\\\/index.php\\\/2019\\\/02\\\/13\\\/carole-zalberg-ou-vivre-sans-interrogation\\\/#primaryimage\"},\"thumbnailUrl\":\"https:\\\/\\\/i0.wp.com\\\/culturesco.com\\\/wp-content\\\/uploads\\\/2019\\\/02\\\/carole-zalberg.jpg?fit=600%2C314&ssl=1\",\"datePublished\":\"2019-02-12T23:15:38+00:00\",\"dateModified\":\"2019-02-15T10:31:51+00:00\",\"description\":\"CulturesCo | Un bon coup de pied dans ta Culture | Chroniques et histoire du Rock, chanson fran\u00e7aise, litt\u00e9rature, cin\u00e9ma et bande dessin\u00e9e.\",\"breadcrumb\":{\"@id\":\"https:\\\/\\\/culturesco.com\\\/index.php\\\/2019\\\/02\\\/13\\\/carole-zalberg-ou-vivre-sans-interrogation\\\/#breadcrumb\"},\"inLanguage\":\"fr-FR\",\"potentialAction\":[{\"@type\":\"ReadAction\",\"target\":[\"https:\\\/\\\/culturesco.com\\\/index.php\\\/2019\\\/02\\\/13\\\/carole-zalberg-ou-vivre-sans-interrogation\\\/\"]}]},{\"@type\":\"ImageObject\",\"inLanguage\":\"fr-FR\",\"@id\":\"https:\\\/\\\/culturesco.com\\\/index.php\\\/2019\\\/02\\\/13\\\/carole-zalberg-ou-vivre-sans-interrogation\\\/#primaryimage\",\"url\":\"https:\\\/\\\/i0.wp.com\\\/culturesco.com\\\/wp-content\\\/uploads\\\/2019\\\/02\\\/carole-zalberg.jpg?fit=600%2C314&ssl=1\",\"contentUrl\":\"https:\\\/\\\/i0.wp.com\\\/culturesco.com\\\/wp-content\\\/uploads\\\/2019\\\/02\\\/carole-zalberg.jpg?fit=600%2C314&ssl=1\",\"width\":600,\"height\":314,\"caption\":\"carole zalberg\"},{\"@type\":\"BreadcrumbList\",\"@id\":\"https:\\\/\\\/culturesco.com\\\/index.php\\\/2019\\\/02\\\/13\\\/carole-zalberg-ou-vivre-sans-interrogation\\\/#breadcrumb\",\"itemListElement\":[{\"@type\":\"ListItem\",\"position\":1,\"name\":\"Accueil\",\"item\":\"https:\\\/\\\/culturesco.com\\\/\"},{\"@type\":\"ListItem\",\"position\":2,\"name\":\"Carole Zalberg \u2013 O\u00f9 vivre sans interrogation\"}]},{\"@type\":\"WebSite\",\"@id\":\"https:\\\/\\\/culturesco.com\\\/#website\",\"url\":\"https:\\\/\\\/culturesco.com\\\/\",\"name\":\"Culturesco\",\"description\":\"Culturesco | Un bon coup de pied dans ta Culture\",\"publisher\":{\"@id\":\"https:\\\/\\\/culturesco.com\\\/#organization\"},\"potentialAction\":[{\"@type\":\"SearchAction\",\"target\":{\"@type\":\"EntryPoint\",\"urlTemplate\":\"https:\\\/\\\/culturesco.com\\\/?s={search_term_string}\"},\"query-input\":{\"@type\":\"PropertyValueSpecification\",\"valueRequired\":true,\"valueName\":\"search_term_string\"}}],\"inLanguage\":\"fr-FR\"},{\"@type\":\"Organization\",\"@id\":\"https:\\\/\\\/culturesco.com\\\/#organization\",\"name\":\"CULTURESCO\",\"url\":\"https:\\\/\\\/culturesco.com\\\/\",\"logo\":{\"@type\":\"ImageObject\",\"inLanguage\":\"fr-FR\",\"@id\":\"https:\\\/\\\/culturesco.com\\\/#\\\/schema\\\/logo\\\/image\\\/\",\"url\":\"https:\\\/\\\/i0.wp.com\\\/culturesco.com\\\/wp-content\\\/uploads\\\/2022\\\/04\\\/culturesco-logo-blanc250p.png?fit=250%2C250&ssl=1\",\"contentUrl\":\"https:\\\/\\\/i0.wp.com\\\/culturesco.com\\\/wp-content\\\/uploads\\\/2022\\\/04\\\/culturesco-logo-blanc250p.png?fit=250%2C250&ssl=1\",\"width\":250,\"height\":250,\"caption\":\"CULTURESCO\"},\"image\":{\"@id\":\"https:\\\/\\\/culturesco.com\\\/#\\\/schema\\\/logo\\\/image\\\/\"},\"sameAs\":[\"https:\\\/\\\/www.facebook.com\\\/radioculturesco\",\"https:\\\/\\\/x.com\\\/AugusteMarshal\",\"https:\\\/\\\/www.instagram.com\\\/carotte_rock_culture\\\/\",\"https:\\\/\\\/www.pinterest.fr\\\/augustemarshal\\\/\",\"https:\\\/\\\/www.youtube.com\\\/channel\\\/UCiWLGffqWSXlNnfzp6YwwyQ\"]},{\"@type\":\"Person\",\"@id\":\"https:\\\/\\\/culturesco.com\\\/#\\\/schema\\\/person\\\/c2ddd6724863f3bbd20a8278df0891f3\",\"name\":\"Patrick Benard\",\"image\":{\"@type\":\"ImageObject\",\"inLanguage\":\"fr-FR\",\"@id\":\"https:\\\/\\\/i0.wp.com\\\/culturesco.com\\\/wp-content\\\/uploads\\\/2019\\\/02\\\/patrick-benard-2.jpg?fit=90%2C96&ssl=1\",\"url\":\"https:\\\/\\\/i0.wp.com\\\/culturesco.com\\\/wp-content\\\/uploads\\\/2019\\\/02\\\/patrick-benard-2.jpg?fit=90%2C96&ssl=1\",\"contentUrl\":\"https:\\\/\\\/i0.wp.com\\\/culturesco.com\\\/wp-content\\\/uploads\\\/2019\\\/02\\\/patrick-benard-2.jpg?fit=90%2C96&ssl=1\",\"caption\":\"Patrick Benard\"},\"description\":\"Ecrivain, chroniqueur, animateur radio, cr\u00e9ateur de la revue \u00ab Cin\u00e9manie \u00bb, autour du cin\u00e9ma dit d\u2019art et d\u2019essai, sp\u00e9cialiste du groupe The Cure, archiviste... 2020 : \\\"Le Post Rock\\\" essai sur le post rock de Mogwa\u00ef \u00e0 Godspeed You Black Emperor - Camion Blanc 2014 : \u00ab On the rocks \u2013le rock de 2007 \u00e0 2014 \u00bb chroniques livres et cd rocks, interviews \u2013Editions Vaillant 2010 : \u00ab Dans la T\u00eate de Robert Smith \u00bb, roman fiction autour de l\u2019histoire des Cure et de Robert Smith \u2013 Edilivres 2007 : \u00ab Chroniques Fr\u00e9n\u00e9tiques, une histoire intime du rock \u00bb, roman, prix Technikart. 2001 : \u00ab Les Iles du D\u00e9sert \u00bb, polar autour du rock \u2013 Editions Nykta\",\"url\":\"https:\\\/\\\/culturesco.com\\\/index.php\\\/author\\\/patrick-benard89\\\/\"}]}<\/script>\n<!-- \/ Yoast SEO plugin. -->","yoast_head_json":{"title":"Carole Zalberg \u2013 O\u00f9 vivre sans interrogation - Culturesco","description":"CulturesCo | Un bon coup de pied dans ta Culture | Chroniques et histoire du Rock, chanson fran\u00e7aise, litt\u00e9rature, cin\u00e9ma et bande dessin\u00e9e.","robots":{"index":"index","follow":"follow","max-snippet":"max-snippet:-1","max-image-preview":"max-image-preview:large","max-video-preview":"max-video-preview:-1"},"canonical":"https:\/\/culturesco.com\/index.php\/2019\/02\/13\/carole-zalberg-ou-vivre-sans-interrogation\/","og_locale":"fr_FR","og_type":"article","og_title":"Carole Zalberg \u2013 O\u00f9 vivre sans interrogation - Culturesco","og_description":"CulturesCo | Un bon coup de pied dans ta Culture | Chroniques et histoire du Rock, chanson fran\u00e7aise, litt\u00e9rature, cin\u00e9ma et bande dessin\u00e9e.","og_url":"https:\/\/culturesco.com\/index.php\/2019\/02\/13\/carole-zalberg-ou-vivre-sans-interrogation\/","og_site_name":"Culturesco","article_publisher":"https:\/\/www.facebook.com\/radioculturesco","article_published_time":"2019-02-12T23:15:38+00:00","article_modified_time":"2019-02-15T10:31:51+00:00","og_image":[{"width":600,"height":314,"url":"https:\/\/i2.wp.com\/culturesco.com\/wp-content\/uploads\/2019\/02\/carole-zalberg.jpg?fit=600%2C314&ssl=1","type":"image\/jpeg"}],"author":"Patrick Benard","twitter_card":"summary_large_image","twitter_creator":"@AugusteMarshal","twitter_site":"@AugusteMarshal","twitter_misc":{"\u00c9crit par":"Patrick Benard","Dur\u00e9e de lecture estim\u00e9e":"2 minutes"},"schema":{"@context":"https:\/\/schema.org","@graph":[{"@type":"Article","@id":"https:\/\/culturesco.com\/index.php\/2019\/02\/13\/carole-zalberg-ou-vivre-sans-interrogation\/#article","isPartOf":{"@id":"https:\/\/culturesco.com\/index.php\/2019\/02\/13\/carole-zalberg-ou-vivre-sans-interrogation\/"},"author":{"name":"Patrick Benard","@id":"https:\/\/culturesco.com\/#\/schema\/person\/c2ddd6724863f3bbd20a8278df0891f3"},"headline":"Carole Zalberg \u2013 O\u00f9 vivre sans interrogation","datePublished":"2019-02-12T23:15:38+00:00","dateModified":"2019-02-15T10:31:51+00:00","mainEntityOfPage":{"@id":"https:\/\/culturesco.com\/index.php\/2019\/02\/13\/carole-zalberg-ou-vivre-sans-interrogation\/"},"wordCount":320,"publisher":{"@id":"https:\/\/culturesco.com\/#organization"},"image":{"@id":"https:\/\/culturesco.com\/index.php\/2019\/02\/13\/carole-zalberg-ou-vivre-sans-interrogation\/#primaryimage"},"thumbnailUrl":"https:\/\/i0.wp.com\/culturesco.com\/wp-content\/uploads\/2019\/02\/carole-zalberg.jpg?fit=600%2C314&ssl=1","keywords":["litt\u00e9rature"],"articleSection":["Litt\u00e9rature"],"inLanguage":"fr-FR"},{"@type":"WebPage","@id":"https:\/\/culturesco.com\/index.php\/2019\/02\/13\/carole-zalberg-ou-vivre-sans-interrogation\/","url":"https:\/\/culturesco.com\/index.php\/2019\/02\/13\/carole-zalberg-ou-vivre-sans-interrogation\/","name":"Carole Zalberg \u2013 O\u00f9 vivre sans interrogation - Culturesco","isPartOf":{"@id":"https:\/\/culturesco.com\/#website"},"primaryImageOfPage":{"@id":"https:\/\/culturesco.com\/index.php\/2019\/02\/13\/carole-zalberg-ou-vivre-sans-interrogation\/#primaryimage"},"image":{"@id":"https:\/\/culturesco.com\/index.php\/2019\/02\/13\/carole-zalberg-ou-vivre-sans-interrogation\/#primaryimage"},"thumbnailUrl":"https:\/\/i0.wp.com\/culturesco.com\/wp-content\/uploads\/2019\/02\/carole-zalberg.jpg?fit=600%2C314&ssl=1","datePublished":"2019-02-12T23:15:38+00:00","dateModified":"2019-02-15T10:31:51+00:00","description":"CulturesCo | Un bon coup de pied dans ta Culture | Chroniques et histoire du Rock, chanson fran\u00e7aise, litt\u00e9rature, cin\u00e9ma et bande dessin\u00e9e.","breadcrumb":{"@id":"https:\/\/culturesco.com\/index.php\/2019\/02\/13\/carole-zalberg-ou-vivre-sans-interrogation\/#breadcrumb"},"inLanguage":"fr-FR","potentialAction":[{"@type":"ReadAction","target":["https:\/\/culturesco.com\/index.php\/2019\/02\/13\/carole-zalberg-ou-vivre-sans-interrogation\/"]}]},{"@type":"ImageObject","inLanguage":"fr-FR","@id":"https:\/\/culturesco.com\/index.php\/2019\/02\/13\/carole-zalberg-ou-vivre-sans-interrogation\/#primaryimage","url":"https:\/\/i0.wp.com\/culturesco.com\/wp-content\/uploads\/2019\/02\/carole-zalberg.jpg?fit=600%2C314&ssl=1","contentUrl":"https:\/\/i0.wp.com\/culturesco.com\/wp-content\/uploads\/2019\/02\/carole-zalberg.jpg?fit=600%2C314&ssl=1","width":600,"height":314,"caption":"carole zalberg"},{"@type":"BreadcrumbList","@id":"https:\/\/culturesco.com\/index.php\/2019\/02\/13\/carole-zalberg-ou-vivre-sans-interrogation\/#breadcrumb","itemListElement":[{"@type":"ListItem","position":1,"name":"Accueil","item":"https:\/\/culturesco.com\/"},{"@type":"ListItem","position":2,"name":"Carole Zalberg \u2013 O\u00f9 vivre sans interrogation"}]},{"@type":"WebSite","@id":"https:\/\/culturesco.com\/#website","url":"https:\/\/culturesco.com\/","name":"Culturesco","description":"Culturesco | Un bon coup de pied dans ta Culture","publisher":{"@id":"https:\/\/culturesco.com\/#organization"},"potentialAction":[{"@type":"SearchAction","target":{"@type":"EntryPoint","urlTemplate":"https:\/\/culturesco.com\/?s={search_term_string}"},"query-input":{"@type":"PropertyValueSpecification","valueRequired":true,"valueName":"search_term_string"}}],"inLanguage":"fr-FR"},{"@type":"Organization","@id":"https:\/\/culturesco.com\/#organization","name":"CULTURESCO","url":"https:\/\/culturesco.com\/","logo":{"@type":"ImageObject","inLanguage":"fr-FR","@id":"https:\/\/culturesco.com\/#\/schema\/logo\/image\/","url":"https:\/\/i0.wp.com\/culturesco.com\/wp-content\/uploads\/2022\/04\/culturesco-logo-blanc250p.png?fit=250%2C250&ssl=1","contentUrl":"https:\/\/i0.wp.com\/culturesco.com\/wp-content\/uploads\/2022\/04\/culturesco-logo-blanc250p.png?fit=250%2C250&ssl=1","width":250,"height":250,"caption":"CULTURESCO"},"image":{"@id":"https:\/\/culturesco.com\/#\/schema\/logo\/image\/"},"sameAs":["https:\/\/www.facebook.com\/radioculturesco","https:\/\/x.com\/AugusteMarshal","https:\/\/www.instagram.com\/carotte_rock_culture\/","https:\/\/www.pinterest.fr\/augustemarshal\/","https:\/\/www.youtube.com\/channel\/UCiWLGffqWSXlNnfzp6YwwyQ"]},{"@type":"Person","@id":"https:\/\/culturesco.com\/#\/schema\/person\/c2ddd6724863f3bbd20a8278df0891f3","name":"Patrick Benard","image":{"@type":"ImageObject","inLanguage":"fr-FR","@id":"https:\/\/i0.wp.com\/culturesco.com\/wp-content\/uploads\/2019\/02\/patrick-benard-2.jpg?fit=90%2C96&ssl=1","url":"https:\/\/i0.wp.com\/culturesco.com\/wp-content\/uploads\/2019\/02\/patrick-benard-2.jpg?fit=90%2C96&ssl=1","contentUrl":"https:\/\/i0.wp.com\/culturesco.com\/wp-content\/uploads\/2019\/02\/patrick-benard-2.jpg?fit=90%2C96&ssl=1","caption":"Patrick Benard"},"description":"Ecrivain, chroniqueur, animateur radio, cr\u00e9ateur de la revue \u00ab Cin\u00e9manie \u00bb, autour du cin\u00e9ma dit d\u2019art et d\u2019essai, sp\u00e9cialiste du groupe The Cure, archiviste... 2020 : \"Le Post Rock\" essai sur le post rock de Mogwa\u00ef \u00e0 Godspeed You Black Emperor - Camion Blanc 2014 : \u00ab On the rocks \u2013le rock de 2007 \u00e0 2014 \u00bb chroniques livres et cd rocks, interviews \u2013Editions Vaillant 2010 : \u00ab Dans la T\u00eate de Robert Smith \u00bb, roman fiction autour de l\u2019histoire des Cure et de Robert Smith \u2013 Edilivres 2007 : \u00ab Chroniques Fr\u00e9n\u00e9tiques, une histoire intime du rock \u00bb, roman, prix Technikart. 2001 : \u00ab Les Iles du D\u00e9sert \u00bb, polar autour du rock \u2013 Editions Nykta","url":"https:\/\/culturesco.com\/index.php\/author\/patrick-benard89\/"}]}},"jetpack_featured_media_url":"https:\/\/i0.wp.com\/culturesco.com\/wp-content\/uploads\/2019\/02\/carole-zalberg.jpg?fit=600%2C314&ssl=1","jetpack_likes_enabled":true,"jetpack_sharing_enabled":true,"jetpack_shortlink":"https:\/\/wp.me\/paz89I-N0","_links":{"self":[{"href":"https:\/\/culturesco.com\/index.php\/wp-json\/wp\/v2\/posts\/3038","targetHints":{"allow":["GET"]}}],"collection":[{"href":"https:\/\/culturesco.com\/index.php\/wp-json\/wp\/v2\/posts"}],"about":[{"href":"https:\/\/culturesco.com\/index.php\/wp-json\/wp\/v2\/types\/post"}],"author":[{"embeddable":true,"href":"https:\/\/culturesco.com\/index.php\/wp-json\/wp\/v2\/users\/4"}],"replies":[{"embeddable":true,"href":"https:\/\/culturesco.com\/index.php\/wp-json\/wp\/v2\/comments?post=3038"}],"version-history":[{"count":0,"href":"https:\/\/culturesco.com\/index.php\/wp-json\/wp\/v2\/posts\/3038\/revisions"}],"wp:featuredmedia":[{"embeddable":true,"href":"https:\/\/culturesco.com\/index.php\/wp-json\/wp\/v2\/media\/3080"}],"wp:attachment":[{"href":"https:\/\/culturesco.com\/index.php\/wp-json\/wp\/v2\/media?parent=3038"}],"wp:term":[{"taxonomy":"category","embeddable":true,"href":"https:\/\/culturesco.com\/index.php\/wp-json\/wp\/v2\/categories?post=3038"},{"taxonomy":"post_tag","embeddable":true,"href":"https:\/\/culturesco.com\/index.php\/wp-json\/wp\/v2\/tags?post=3038"}],"curies":[{"name":"wp","href":"https:\/\/api.w.org\/{rel}","templated":true}]}}