{"id":2939,"date":"2019-02-08T15:24:03","date_gmt":"2019-02-08T14:24:03","guid":{"rendered":"https:\/\/culturesco.com\/?p=2939"},"modified":"2020-02-19T09:55:16","modified_gmt":"2020-02-19T08:55:16","slug":"nirvana-en-concert-et-en-studio","status":"publish","type":"post","link":"https:\/\/culturesco.com\/index.php\/2019\/02\/08\/nirvana-en-concert-et-en-studio\/","title":{"rendered":"NIRVANA : en concert et en studio"},"content":{"rendered":"<h2>NIRVANA &#8211; L&rsquo;Enfer au Paradis<\/h2>\n<h3>En studio<\/h3>\n<p style=\"text-align: justify;\">Lorsqu\u2019un <strong>groupe ou une chanson<\/strong> de rock parviennent \u00e0 <strong>mobiliser des personnes<\/strong> qui n\u2019entendent rien aux choses du \u00ab milieu \u00bb, qui n\u2019\u00e9coutent pas la radio ni ne lorgnent la t\u00e9l\u00e9vision, qui ignorent jusqu\u2019\u00e0 l\u2019existence de Youtube (!), on peut en d\u00e9duire que la, le, ou les protagonistes b\u00e9n\u00e9ficient d\u2019un pl\u00e9biscite plan\u00e9taire. \u00ab <strong>Smell like teen spirit<\/strong> \u00bb rel\u00e8ve de ce <strong>postulat<\/strong>.<\/p>\n<p style=\"text-align: justify;\">En quelques semaines, par assimilation, <strong>Nevermind<\/strong>\u00a0tourne au <strong>diamant<\/strong>. <strong>Nirvana<\/strong> devient LE\u00a0groupe, l\u2019instigateur\/fondateur d\u2019un nouveau courant musical : le Grunge. A partir de l\u00e0, c\u2019est la cascade : la chantilly m\u00e9diatique \u00ab cerise \u00bb le trio sur son Lp, tout en haut du \u00ab g\u00e2teau \u00bb commercial qui s\u2019annonce. En examinant de plus pr\u00e8s la personnalit\u00e9 du chanteur, on aurait pu se douter que ce d\u00e9but finirait mal, que Kurt Cobain ne vivrait pas l\u2019aspect mercantile de son entreprise comme une r\u00e9ussite.<\/p>\n<h3>NIRVANA &#8211; Smell like teen spirit<\/h3>\n<div class=\"youtube-embed\" data-video_id=\"hTWKbfoikeg\"><iframe loading=\"lazy\" title=\"Nirvana - Smells Like Teen Spirit (Official Music Video)\" width=\"696\" height=\"392\" src=\"https:\/\/www.youtube.com\/embed\/hTWKbfoikeg\" frameborder=\"0\" allow=\"accelerometer; autoplay; clipboard-write; encrypted-media; gyroscope; picture-in-picture; web-share\" referrerpolicy=\"strict-origin-when-cross-origin\" allowfullscreen><\/iframe><\/div>\n<p style=\"text-align: justify;\">Pris dans la \u00ab hype \u00bb, des combos originaires de Seattle int\u00e8grent l\u2019ouragan grunge : Alice in Chains, Soundgarden \u2026 les plus connus. Pour qui poss\u00e8de un minimum d\u2019oreille, aligner ces trois formations sous le m\u00eame drapeau fleurte audacieusement avec l\u2019ineptie (?). Autant Alice in Chains et <a href=\"https:\/\/culturesco.com\/index.php\/2019\/07\/03\/soundgarden-le-grunge-depressif-et-desespere-de-chris-cornell-de-superunknow-a-black-hole-sun\/\" target=\"_blank\" rel=\"noopener noreferrer\">Soundgarden<\/a>, en r\u00e9f\u00e9rence au Sabbath Noir, pars\u00e8ment leur musique d\u2019escarbilles m\u00e9talliques, autant Nirvana produit des sons d\u2019inclinaison <a href=\"https:\/\/culturesco.com\/index.php\/2019\/06\/18\/the-stooges-iggys-band-le-groupe-est-t-il-un-support-band-d-iggy-ron-asheton-scott-asheton-dave-alexander\/\" target=\"_blank\" rel=\"noopener noreferrer\">Stooges<\/a> et MC5. L\u2019\u00e9vidence \u00ab punk \u00bb se m\u00eale \u00e0 la vision propre de celui qui subit la destin\u00e9e de sa cr\u00e9ation.<\/p>\n<p style=\"text-align: justify;\">Faille-t-il surmonter l\u2019avanie de tout un fan club, la r\u00e9alit\u00e9 force l\u2019\u00e9criture : le grunge, comme le punk anglais fut aux <a href=\"https:\/\/culturesco.com\/index.php\/2019\/06\/18\/sex-pistols-de-no-future-a-god-save-the-queen-censure-violence-et-succes\/\" target=\"_blank\" rel=\"noopener noreferrer\">Pistols<\/a>, c\u2019est Nirvana. Si les autres groupes, Mudhoney, Screaming Trees, Pearl Jam compris, pratiquent un rock rugueux, une pierre ponce, un granit\u00e9 granitique, sorte de resuc\u00e9e du Loner en col\u00e8re (<a href=\"https:\/\/culturesco.com\/index.php\/2019\/03\/02\/neil-young-en-studio-et-en-concert\/\" target=\"_blank\" rel=\"noopener noreferrer\">Neil Young<\/a>), Nirvana joue autre chose. En fonction de l\u2019humeur de <strong>Cobain<\/strong>, des <strong>ombres noires<\/strong> qui <strong>hantent son esprit<\/strong>, il \u00e9crit : \u00ab <strong>Come as you are<\/strong> \u00bb, \u00ab <strong>Lithium<\/strong> \u00bb, \u00ab <strong>Polly<\/strong> \u00bb, \u00ab <strong>Territorial pissings<\/strong> \u00bb, des partitions personnelles. Le reste est une question d\u2019interpr\u00e9tation, de go\u00fbts&#8230;<\/p>\n<h3>NIRVANA &#8211; Territorial pissings<\/h3>\n<p>https:\/\/www.youtube.com\/watch?v=bm6Iz-I5OmQ<\/p>\n<h3>En concert<\/h3>\n<p><a href=\"https:\/\/i0.wp.com\/culturesco.com\/wp-content\/uploads\/2019\/02\/Billet-Nirv-live.jpg?ssl=1\"><img data-recalc-dims=\"1\" loading=\"lazy\" decoding=\"async\" class=\"aligncenter wp-image-2942 size-medium\" src=\"https:\/\/i0.wp.com\/culturesco.com\/wp-content\/uploads\/2019\/02\/Billet-Nirv-live.jpg?resize=300%2C95&#038;ssl=1\" alt=\"Nirvana\" width=\"300\" height=\"95\" \/><\/a><\/p>\n<p style=\"text-align: justify;\">Le <strong>24 juin 1992<\/strong>, le \u00ab nouveau-n\u00e9 \u00bb plante son chapiteau au <strong>Z\u00e9nith<\/strong> de Paris. <strong>Punk ?<\/strong> Depuis les gradins, personne n\u2019avait jamais vu <strong>la \u00ab fosse \u00bb pogoter<\/strong> d\u2019un commun \u00e9lan avec autant <strong>d\u2019entrain<\/strong>. Ondulant au <strong>rythme du groupe<\/strong>, les vagues se suivent desquelles surgissent, telle l\u2019\u00e9cume, des \u00ab<strong> body slamant<\/strong> \u00bb. Le trio <strong>joue serr\u00e9<\/strong> mais \u2026<\/p>\n<h3>NIRVANA &#8211; Come as you are (live)<\/h3>\n<div class=\"youtube-embed\" data-video_id=\"NJqQf5DObtY\"><iframe loading=\"lazy\" title=\"Nirvana - Come As You Are (Live at Reading 1992)\" width=\"696\" height=\"522\" src=\"https:\/\/www.youtube.com\/embed\/NJqQf5DObtY\" frameborder=\"0\" allow=\"accelerometer; autoplay; clipboard-write; encrypted-media; gyroscope; picture-in-picture; web-share\" referrerpolicy=\"strict-origin-when-cross-origin\" allowfullscreen><\/iframe><\/div>\n<p style=\"text-align: justify;\">\u00c9tonnamment, malgr\u00e9 une <strong>r\u00e9putation sc\u00e9nique<\/strong> faisant \u00e9tat de \u00ab <strong>d\u00e9chirures<\/strong> \u00bb, malgr\u00e9 un <strong>public en transe<\/strong>, ce soir-l\u00e0, les<strong> musiciens<\/strong> appliquent la r\u00e8gle de<strong> l\u2019inamovibilit\u00e9<\/strong>. Le show d\u00e9roule ses guirlandes de notes satur\u00e9es sans que l\u2019\u00e2me pyromane des brasiers musicaux ne vienne incendier les psych\u00e9s. Les tourn\u00e9es, incessantes autoroutes d\u2019une ville \u00e0 une autre, le <strong>bruit<\/strong>, la <strong>fureur<\/strong>, les <strong>fum\u00e9es<\/strong> \u2026 <strong>l\u2019usine<\/strong> ? Les corps <strong>fatigu\u00e9s<\/strong> rechignent. <strong>M\u00eame les mots<\/strong>. Pas une fois Cobain ne s\u2019adresse \u00e0 la foule. Les <strong>jeunes<\/strong> plantes se \u00ab <strong>chlorophyllisent<\/strong> \u00bb, agitent leurs <strong>corps envo\u00fbtes<\/strong>, parkinsoniens avant l\u2019heure, pendant que les <strong>briscards<\/strong>, ces hussards revenus de tous les \u00ab <strong>combats rock<\/strong> \u00bb, r\u00eavent au<strong> Clash<\/strong>. A quel camp <strong>l\u2019objectivit\u00e9<\/strong> sied-elle le mieux ? Plut\u00f4t que d\u2019opposer les g\u00e9n\u00e9rations, <strong>savourons l\u2019instant<\/strong> car il n\u2019en n\u2019est pas tant qui int\u00e8gre <strong>la L\u00e9gende<\/strong>.<\/p>\n<p>Thierry Dauge &#8211; Cultures Co<\/p>\n<h3>NIRVANA &#8211; Lithium<\/h3>\n<div class=\"youtube-embed\" data-video_id=\"VH0A6L_8Uns\"><iframe loading=\"lazy\" title=\"Nirvana - Lithium Live at the mtv awards 1992\" width=\"696\" height=\"522\" src=\"https:\/\/www.youtube.com\/embed\/VH0A6L_8Uns\" frameborder=\"0\" allow=\"accelerometer; autoplay; clipboard-write; encrypted-media; gyroscope; picture-in-picture; web-share\" referrerpolicy=\"strict-origin-when-cross-origin\" allowfullscreen><\/iframe><\/div>\n<p>&nbsp;<\/p>\n","protected":false},"excerpt":{"rendered":"<p>NIRVANA &#8211; L&rsquo;Enfer au Paradis En studio Lorsqu\u2019un groupe ou une chanson de rock parviennent \u00e0 mobiliser des personnes qui n\u2019entendent rien aux choses du \u00ab milieu \u00bb, qui n\u2019\u00e9coutent pas la radio ni ne lorgnent la t\u00e9l\u00e9vision, qui ignorent jusqu\u2019\u00e0 l\u2019existence de Youtube (!), on peut en d\u00e9duire que la, le, ou les protagonistes [&hellip;]<\/p>\n","protected":false},"author":3,"featured_media":4408,"comment_status":"closed","ping_status":"closed","sticky":false,"template":"","format":"standard","meta":{"jetpack_post_was_ever_published":false,"tdm_status":"","tdm_grid_status":"","_jetpack_newsletter_access":"","_jetpack_dont_email_post_to_subs":false,"_jetpack_newsletter_tier_id":0,"_jetpack_memberships_contains_paywalled_content":false,"_jetpack_memberships_contains_paid_content":false,"footnotes":""},"categories":[17,33],"tags":[58,48],"class_list":{"0":"post-2939","1":"post","2":"type-post","3":"status-publish","4":"format-standard","5":"has-post-thumbnail","7":"category-carotte-rock-cultures","8":"category-histoire-du-rock","9":"tag-histoire-du-rock","10":"tag-personnalite-rock"},"yoast_head":"<!-- This site is optimized with the Yoast SEO plugin v27.4 - https:\/\/yoast.com\/product\/yoast-seo-wordpress\/ -->\n<title>NIRVANA : en concert et en studio - Culturesco<\/title>\n<meta name=\"description\" content=\"CulturesCo | La saga du groupe Nirvana et de son leader charismatique Kurt Cobain | De l&#039;\u00e9coute sur disque \u00e0 l&#039;expr\u00e9rience Live |\" \/>\n<meta name=\"robots\" content=\"index, follow, max-snippet:-1, max-image-preview:large, max-video-preview:-1\" \/>\n<link rel=\"canonical\" href=\"https:\/\/culturesco.com\/index.php\/2019\/02\/08\/nirvana-en-concert-et-en-studio\/\" \/>\n<meta property=\"og:locale\" content=\"fr_FR\" \/>\n<meta property=\"og:type\" content=\"article\" \/>\n<meta property=\"og:title\" content=\"NIRVANA : en concert et en studio - Culturesco\" \/>\n<meta property=\"og:description\" content=\"CulturesCo | La saga du groupe Nirvana et de son leader charismatique Kurt Cobain | De l&#039;\u00e9coute sur disque \u00e0 l&#039;expr\u00e9rience Live |\" \/>\n<meta property=\"og:url\" content=\"https:\/\/culturesco.com\/index.php\/2019\/02\/08\/nirvana-en-concert-et-en-studio\/\" \/>\n<meta property=\"og:site_name\" content=\"Culturesco\" \/>\n<meta property=\"article:publisher\" content=\"https:\/\/www.facebook.com\/radioculturesco\" \/>\n<meta property=\"article:published_time\" content=\"2019-02-08T14:24:03+00:00\" \/>\n<meta property=\"article:modified_time\" content=\"2020-02-19T08:55:16+00:00\" \/>\n<meta property=\"og:image\" content=\"https:\/\/i1.wp.com\/culturesco.com\/wp-content\/uploads\/2019\/02\/nirvana.jpg?fit=600%2C326&ssl=1\" \/>\n\t<meta property=\"og:image:width\" content=\"600\" \/>\n\t<meta property=\"og:image:height\" content=\"326\" \/>\n\t<meta property=\"og:image:type\" content=\"image\/jpeg\" \/>\n<meta name=\"author\" content=\"Thierry Dauge\" \/>\n<meta name=\"twitter:card\" content=\"summary_large_image\" \/>\n<meta name=\"twitter:creator\" content=\"@AugusteMarshal\" \/>\n<meta name=\"twitter:site\" content=\"@AugusteMarshal\" \/>\n<meta name=\"twitter:label1\" content=\"\u00c9crit par\" \/>\n\t<meta name=\"twitter:data1\" content=\"Thierry Dauge\" \/>\n\t<meta name=\"twitter:label2\" content=\"Dur\u00e9e de lecture estim\u00e9e\" \/>\n\t<meta name=\"twitter:data2\" content=\"3 minutes\" \/>\n<script type=\"application\/ld+json\" class=\"yoast-schema-graph\">{\"@context\":\"https:\\\/\\\/schema.org\",\"@graph\":[{\"@type\":\"Article\",\"@id\":\"https:\\\/\\\/culturesco.com\\\/index.php\\\/2019\\\/02\\\/08\\\/nirvana-en-concert-et-en-studio\\\/#article\",\"isPartOf\":{\"@id\":\"https:\\\/\\\/culturesco.com\\\/index.php\\\/2019\\\/02\\\/08\\\/nirvana-en-concert-et-en-studio\\\/\"},\"author\":{\"name\":\"Thierry Dauge\",\"@id\":\"https:\\\/\\\/culturesco.com\\\/#\\\/schema\\\/person\\\/19f04cf232d246197f6e7d62abe6cb0e\"},\"headline\":\"NIRVANA : en concert et en studio\",\"datePublished\":\"2019-02-08T14:24:03+00:00\",\"dateModified\":\"2020-02-19T08:55:16+00:00\",\"mainEntityOfPage\":{\"@id\":\"https:\\\/\\\/culturesco.com\\\/index.php\\\/2019\\\/02\\\/08\\\/nirvana-en-concert-et-en-studio\\\/\"},\"wordCount\":634,\"publisher\":{\"@id\":\"https:\\\/\\\/culturesco.com\\\/#organization\"},\"image\":{\"@id\":\"https:\\\/\\\/culturesco.com\\\/index.php\\\/2019\\\/02\\\/08\\\/nirvana-en-concert-et-en-studio\\\/#primaryimage\"},\"thumbnailUrl\":\"https:\\\/\\\/i0.wp.com\\\/culturesco.com\\\/wp-content\\\/uploads\\\/2019\\\/02\\\/kurt-cobain-1.jpg?fit=600%2C314&ssl=1\",\"keywords\":[\"histoire du rock\",\"Personnalit\u00e9 Rock\"],\"articleSection\":[\"Carotte Rock Cultures\",\"Histoire du rock\"],\"inLanguage\":\"fr-FR\"},{\"@type\":\"WebPage\",\"@id\":\"https:\\\/\\\/culturesco.com\\\/index.php\\\/2019\\\/02\\\/08\\\/nirvana-en-concert-et-en-studio\\\/\",\"url\":\"https:\\\/\\\/culturesco.com\\\/index.php\\\/2019\\\/02\\\/08\\\/nirvana-en-concert-et-en-studio\\\/\",\"name\":\"NIRVANA : en concert et en studio - Culturesco\",\"isPartOf\":{\"@id\":\"https:\\\/\\\/culturesco.com\\\/#website\"},\"primaryImageOfPage\":{\"@id\":\"https:\\\/\\\/culturesco.com\\\/index.php\\\/2019\\\/02\\\/08\\\/nirvana-en-concert-et-en-studio\\\/#primaryimage\"},\"image\":{\"@id\":\"https:\\\/\\\/culturesco.com\\\/index.php\\\/2019\\\/02\\\/08\\\/nirvana-en-concert-et-en-studio\\\/#primaryimage\"},\"thumbnailUrl\":\"https:\\\/\\\/i0.wp.com\\\/culturesco.com\\\/wp-content\\\/uploads\\\/2019\\\/02\\\/kurt-cobain-1.jpg?fit=600%2C314&ssl=1\",\"datePublished\":\"2019-02-08T14:24:03+00:00\",\"dateModified\":\"2020-02-19T08:55:16+00:00\",\"description\":\"CulturesCo | La saga du groupe Nirvana et de son leader charismatique Kurt Cobain | De l'\u00e9coute sur disque \u00e0 l'expr\u00e9rience Live |\",\"breadcrumb\":{\"@id\":\"https:\\\/\\\/culturesco.com\\\/index.php\\\/2019\\\/02\\\/08\\\/nirvana-en-concert-et-en-studio\\\/#breadcrumb\"},\"inLanguage\":\"fr-FR\",\"potentialAction\":[{\"@type\":\"ReadAction\",\"target\":[\"https:\\\/\\\/culturesco.com\\\/index.php\\\/2019\\\/02\\\/08\\\/nirvana-en-concert-et-en-studio\\\/\"]}]},{\"@type\":\"ImageObject\",\"inLanguage\":\"fr-FR\",\"@id\":\"https:\\\/\\\/culturesco.com\\\/index.php\\\/2019\\\/02\\\/08\\\/nirvana-en-concert-et-en-studio\\\/#primaryimage\",\"url\":\"https:\\\/\\\/i0.wp.com\\\/culturesco.com\\\/wp-content\\\/uploads\\\/2019\\\/02\\\/kurt-cobain-1.jpg?fit=600%2C314&ssl=1\",\"contentUrl\":\"https:\\\/\\\/i0.wp.com\\\/culturesco.com\\\/wp-content\\\/uploads\\\/2019\\\/02\\\/kurt-cobain-1.jpg?fit=600%2C314&ssl=1\",\"width\":600,\"height\":314,\"caption\":\"kurt-cobain-nirvana\"},{\"@type\":\"BreadcrumbList\",\"@id\":\"https:\\\/\\\/culturesco.com\\\/index.php\\\/2019\\\/02\\\/08\\\/nirvana-en-concert-et-en-studio\\\/#breadcrumb\",\"itemListElement\":[{\"@type\":\"ListItem\",\"position\":1,\"name\":\"Accueil\",\"item\":\"https:\\\/\\\/culturesco.com\\\/\"},{\"@type\":\"ListItem\",\"position\":2,\"name\":\"NIRVANA : en concert et en studio\"}]},{\"@type\":\"WebSite\",\"@id\":\"https:\\\/\\\/culturesco.com\\\/#website\",\"url\":\"https:\\\/\\\/culturesco.com\\\/\",\"name\":\"Culturesco\",\"description\":\"Culturesco | Un bon coup de pied dans ta Culture\",\"publisher\":{\"@id\":\"https:\\\/\\\/culturesco.com\\\/#organization\"},\"potentialAction\":[{\"@type\":\"SearchAction\",\"target\":{\"@type\":\"EntryPoint\",\"urlTemplate\":\"https:\\\/\\\/culturesco.com\\\/?s={search_term_string}\"},\"query-input\":{\"@type\":\"PropertyValueSpecification\",\"valueRequired\":true,\"valueName\":\"search_term_string\"}}],\"inLanguage\":\"fr-FR\"},{\"@type\":\"Organization\",\"@id\":\"https:\\\/\\\/culturesco.com\\\/#organization\",\"name\":\"CULTURESCO\",\"url\":\"https:\\\/\\\/culturesco.com\\\/\",\"logo\":{\"@type\":\"ImageObject\",\"inLanguage\":\"fr-FR\",\"@id\":\"https:\\\/\\\/culturesco.com\\\/#\\\/schema\\\/logo\\\/image\\\/\",\"url\":\"https:\\\/\\\/i0.wp.com\\\/culturesco.com\\\/wp-content\\\/uploads\\\/2022\\\/04\\\/culturesco-logo-blanc250p.png?fit=250%2C250&ssl=1\",\"contentUrl\":\"https:\\\/\\\/i0.wp.com\\\/culturesco.com\\\/wp-content\\\/uploads\\\/2022\\\/04\\\/culturesco-logo-blanc250p.png?fit=250%2C250&ssl=1\",\"width\":250,\"height\":250,\"caption\":\"CULTURESCO\"},\"image\":{\"@id\":\"https:\\\/\\\/culturesco.com\\\/#\\\/schema\\\/logo\\\/image\\\/\"},\"sameAs\":[\"https:\\\/\\\/www.facebook.com\\\/radioculturesco\",\"https:\\\/\\\/x.com\\\/AugusteMarshal\",\"https:\\\/\\\/www.instagram.com\\\/carotte_rock_culture\\\/\",\"https:\\\/\\\/www.pinterest.fr\\\/augustemarshal\\\/\",\"https:\\\/\\\/www.youtube.com\\\/channel\\\/UCiWLGffqWSXlNnfzp6YwwyQ\"]},{\"@type\":\"Person\",\"@id\":\"https:\\\/\\\/culturesco.com\\\/#\\\/schema\\\/person\\\/19f04cf232d246197f6e7d62abe6cb0e\",\"name\":\"Thierry Dauge\",\"image\":{\"@type\":\"ImageObject\",\"inLanguage\":\"fr-FR\",\"@id\":\"https:\\\/\\\/i0.wp.com\\\/culturesco.com\\\/wp-content\\\/uploads\\\/2018\\\/12\\\/Black-Beauty-and-me.jpg?fit=96%2C96&ssl=1\",\"url\":\"https:\\\/\\\/i0.wp.com\\\/culturesco.com\\\/wp-content\\\/uploads\\\/2018\\\/12\\\/Black-Beauty-and-me.jpg?fit=96%2C96&ssl=1\",\"contentUrl\":\"https:\\\/\\\/i0.wp.com\\\/culturesco.com\\\/wp-content\\\/uploads\\\/2018\\\/12\\\/Black-Beauty-and-me.jpg?fit=96%2C96&ssl=1\",\"caption\":\"Thierry Dauge\"},\"description\":\"Amoureux des 70\u2019s et du hard rock en particulier, Thierry Dauge est chroniqueur sur Culturesco par amour de l\u2019\u00e9criture musicale. Co-auteur du livre\\\"Pop rock - Les instruments de l'ombre\\\" aux \u00e9ditions du Camion Blanc, collaborateur de Vivi pour \\\"Mes Ann\u00e9es Trust\\\", auteur de \\\"Sparks\\\" aux \u00e9ditions du Layeur, parce que le rock est loin d'\u00eatre mort ...\",\"url\":\"https:\\\/\\\/culturesco.com\\\/index.php\\\/author\\\/thierry-dauge888\\\/\"}]}<\/script>\n<!-- \/ Yoast SEO plugin. -->","yoast_head_json":{"title":"NIRVANA : en concert et en studio - Culturesco","description":"CulturesCo | La saga du groupe Nirvana et de son leader charismatique Kurt Cobain | De l'\u00e9coute sur disque \u00e0 l'expr\u00e9rience Live |","robots":{"index":"index","follow":"follow","max-snippet":"max-snippet:-1","max-image-preview":"max-image-preview:large","max-video-preview":"max-video-preview:-1"},"canonical":"https:\/\/culturesco.com\/index.php\/2019\/02\/08\/nirvana-en-concert-et-en-studio\/","og_locale":"fr_FR","og_type":"article","og_title":"NIRVANA : en concert et en studio - Culturesco","og_description":"CulturesCo | La saga du groupe Nirvana et de son leader charismatique Kurt Cobain | De l'\u00e9coute sur disque \u00e0 l'expr\u00e9rience Live |","og_url":"https:\/\/culturesco.com\/index.php\/2019\/02\/08\/nirvana-en-concert-et-en-studio\/","og_site_name":"Culturesco","article_publisher":"https:\/\/www.facebook.com\/radioculturesco","article_published_time":"2019-02-08T14:24:03+00:00","article_modified_time":"2020-02-19T08:55:16+00:00","og_image":[{"width":600,"height":326,"url":"https:\/\/i1.wp.com\/culturesco.com\/wp-content\/uploads\/2019\/02\/nirvana.jpg?fit=600%2C326&ssl=1","type":"image\/jpeg"}],"author":"Thierry Dauge","twitter_card":"summary_large_image","twitter_creator":"@AugusteMarshal","twitter_site":"@AugusteMarshal","twitter_misc":{"\u00c9crit par":"Thierry Dauge","Dur\u00e9e de lecture estim\u00e9e":"3 minutes"},"schema":{"@context":"https:\/\/schema.org","@graph":[{"@type":"Article","@id":"https:\/\/culturesco.com\/index.php\/2019\/02\/08\/nirvana-en-concert-et-en-studio\/#article","isPartOf":{"@id":"https:\/\/culturesco.com\/index.php\/2019\/02\/08\/nirvana-en-concert-et-en-studio\/"},"author":{"name":"Thierry Dauge","@id":"https:\/\/culturesco.com\/#\/schema\/person\/19f04cf232d246197f6e7d62abe6cb0e"},"headline":"NIRVANA : en concert et en studio","datePublished":"2019-02-08T14:24:03+00:00","dateModified":"2020-02-19T08:55:16+00:00","mainEntityOfPage":{"@id":"https:\/\/culturesco.com\/index.php\/2019\/02\/08\/nirvana-en-concert-et-en-studio\/"},"wordCount":634,"publisher":{"@id":"https:\/\/culturesco.com\/#organization"},"image":{"@id":"https:\/\/culturesco.com\/index.php\/2019\/02\/08\/nirvana-en-concert-et-en-studio\/#primaryimage"},"thumbnailUrl":"https:\/\/i0.wp.com\/culturesco.com\/wp-content\/uploads\/2019\/02\/kurt-cobain-1.jpg?fit=600%2C314&ssl=1","keywords":["histoire du rock","Personnalit\u00e9 Rock"],"articleSection":["Carotte Rock Cultures","Histoire du rock"],"inLanguage":"fr-FR"},{"@type":"WebPage","@id":"https:\/\/culturesco.com\/index.php\/2019\/02\/08\/nirvana-en-concert-et-en-studio\/","url":"https:\/\/culturesco.com\/index.php\/2019\/02\/08\/nirvana-en-concert-et-en-studio\/","name":"NIRVANA : en concert et en studio - Culturesco","isPartOf":{"@id":"https:\/\/culturesco.com\/#website"},"primaryImageOfPage":{"@id":"https:\/\/culturesco.com\/index.php\/2019\/02\/08\/nirvana-en-concert-et-en-studio\/#primaryimage"},"image":{"@id":"https:\/\/culturesco.com\/index.php\/2019\/02\/08\/nirvana-en-concert-et-en-studio\/#primaryimage"},"thumbnailUrl":"https:\/\/i0.wp.com\/culturesco.com\/wp-content\/uploads\/2019\/02\/kurt-cobain-1.jpg?fit=600%2C314&ssl=1","datePublished":"2019-02-08T14:24:03+00:00","dateModified":"2020-02-19T08:55:16+00:00","description":"CulturesCo | La saga du groupe Nirvana et de son leader charismatique Kurt Cobain | De l'\u00e9coute sur disque \u00e0 l'expr\u00e9rience Live |","breadcrumb":{"@id":"https:\/\/culturesco.com\/index.php\/2019\/02\/08\/nirvana-en-concert-et-en-studio\/#breadcrumb"},"inLanguage":"fr-FR","potentialAction":[{"@type":"ReadAction","target":["https:\/\/culturesco.com\/index.php\/2019\/02\/08\/nirvana-en-concert-et-en-studio\/"]}]},{"@type":"ImageObject","inLanguage":"fr-FR","@id":"https:\/\/culturesco.com\/index.php\/2019\/02\/08\/nirvana-en-concert-et-en-studio\/#primaryimage","url":"https:\/\/i0.wp.com\/culturesco.com\/wp-content\/uploads\/2019\/02\/kurt-cobain-1.jpg?fit=600%2C314&ssl=1","contentUrl":"https:\/\/i0.wp.com\/culturesco.com\/wp-content\/uploads\/2019\/02\/kurt-cobain-1.jpg?fit=600%2C314&ssl=1","width":600,"height":314,"caption":"kurt-cobain-nirvana"},{"@type":"BreadcrumbList","@id":"https:\/\/culturesco.com\/index.php\/2019\/02\/08\/nirvana-en-concert-et-en-studio\/#breadcrumb","itemListElement":[{"@type":"ListItem","position":1,"name":"Accueil","item":"https:\/\/culturesco.com\/"},{"@type":"ListItem","position":2,"name":"NIRVANA : en concert et en studio"}]},{"@type":"WebSite","@id":"https:\/\/culturesco.com\/#website","url":"https:\/\/culturesco.com\/","name":"Culturesco","description":"Culturesco | Un bon coup de pied dans ta Culture","publisher":{"@id":"https:\/\/culturesco.com\/#organization"},"potentialAction":[{"@type":"SearchAction","target":{"@type":"EntryPoint","urlTemplate":"https:\/\/culturesco.com\/?s={search_term_string}"},"query-input":{"@type":"PropertyValueSpecification","valueRequired":true,"valueName":"search_term_string"}}],"inLanguage":"fr-FR"},{"@type":"Organization","@id":"https:\/\/culturesco.com\/#organization","name":"CULTURESCO","url":"https:\/\/culturesco.com\/","logo":{"@type":"ImageObject","inLanguage":"fr-FR","@id":"https:\/\/culturesco.com\/#\/schema\/logo\/image\/","url":"https:\/\/i0.wp.com\/culturesco.com\/wp-content\/uploads\/2022\/04\/culturesco-logo-blanc250p.png?fit=250%2C250&ssl=1","contentUrl":"https:\/\/i0.wp.com\/culturesco.com\/wp-content\/uploads\/2022\/04\/culturesco-logo-blanc250p.png?fit=250%2C250&ssl=1","width":250,"height":250,"caption":"CULTURESCO"},"image":{"@id":"https:\/\/culturesco.com\/#\/schema\/logo\/image\/"},"sameAs":["https:\/\/www.facebook.com\/radioculturesco","https:\/\/x.com\/AugusteMarshal","https:\/\/www.instagram.com\/carotte_rock_culture\/","https:\/\/www.pinterest.fr\/augustemarshal\/","https:\/\/www.youtube.com\/channel\/UCiWLGffqWSXlNnfzp6YwwyQ"]},{"@type":"Person","@id":"https:\/\/culturesco.com\/#\/schema\/person\/19f04cf232d246197f6e7d62abe6cb0e","name":"Thierry Dauge","image":{"@type":"ImageObject","inLanguage":"fr-FR","@id":"https:\/\/i0.wp.com\/culturesco.com\/wp-content\/uploads\/2018\/12\/Black-Beauty-and-me.jpg?fit=96%2C96&ssl=1","url":"https:\/\/i0.wp.com\/culturesco.com\/wp-content\/uploads\/2018\/12\/Black-Beauty-and-me.jpg?fit=96%2C96&ssl=1","contentUrl":"https:\/\/i0.wp.com\/culturesco.com\/wp-content\/uploads\/2018\/12\/Black-Beauty-and-me.jpg?fit=96%2C96&ssl=1","caption":"Thierry Dauge"},"description":"Amoureux des 70\u2019s et du hard rock en particulier, Thierry Dauge est chroniqueur sur Culturesco par amour de l\u2019\u00e9criture musicale. Co-auteur du livre\"Pop rock - Les instruments de l'ombre\" aux \u00e9ditions du Camion Blanc, collaborateur de Vivi pour \"Mes Ann\u00e9es Trust\", auteur de \"Sparks\" aux \u00e9ditions du Layeur, parce que le rock est loin d'\u00eatre mort ...","url":"https:\/\/culturesco.com\/index.php\/author\/thierry-dauge888\/"}]}},"jetpack_featured_media_url":"https:\/\/i0.wp.com\/culturesco.com\/wp-content\/uploads\/2019\/02\/kurt-cobain-1.jpg?fit=600%2C314&ssl=1","jetpack_likes_enabled":true,"jetpack_sharing_enabled":true,"jetpack_shortlink":"https:\/\/wp.me\/paz89I-Lp","_links":{"self":[{"href":"https:\/\/culturesco.com\/index.php\/wp-json\/wp\/v2\/posts\/2939","targetHints":{"allow":["GET"]}}],"collection":[{"href":"https:\/\/culturesco.com\/index.php\/wp-json\/wp\/v2\/posts"}],"about":[{"href":"https:\/\/culturesco.com\/index.php\/wp-json\/wp\/v2\/types\/post"}],"author":[{"embeddable":true,"href":"https:\/\/culturesco.com\/index.php\/wp-json\/wp\/v2\/users\/3"}],"replies":[{"embeddable":true,"href":"https:\/\/culturesco.com\/index.php\/wp-json\/wp\/v2\/comments?post=2939"}],"version-history":[{"count":0,"href":"https:\/\/culturesco.com\/index.php\/wp-json\/wp\/v2\/posts\/2939\/revisions"}],"wp:featuredmedia":[{"embeddable":true,"href":"https:\/\/culturesco.com\/index.php\/wp-json\/wp\/v2\/media\/4408"}],"wp:attachment":[{"href":"https:\/\/culturesco.com\/index.php\/wp-json\/wp\/v2\/media?parent=2939"}],"wp:term":[{"taxonomy":"category","embeddable":true,"href":"https:\/\/culturesco.com\/index.php\/wp-json\/wp\/v2\/categories?post=2939"},{"taxonomy":"post_tag","embeddable":true,"href":"https:\/\/culturesco.com\/index.php\/wp-json\/wp\/v2\/tags?post=2939"}],"curies":[{"name":"wp","href":"https:\/\/api.w.org\/{rel}","templated":true}]}}