{"id":2832,"date":"2019-02-03T12:26:34","date_gmt":"2019-02-03T11:26:34","guid":{"rendered":"https:\/\/culturesco.com\/?p=2832"},"modified":"2019-06-09T23:19:24","modified_gmt":"2019-06-09T21:19:24","slug":"la-rentree-des-classes-de-manu-et-du-petit-nicolas","status":"publish","type":"post","link":"https:\/\/culturesco.com\/index.php\/2019\/02\/03\/la-rentree-des-classes-de-manu-et-du-petit-nicolas\/","title":{"rendered":"La rentr\u00e9e des classes de Manu et du Petit Nicolas"},"content":{"rendered":"<h2>Un \u00e9pisode in\u00e9dit et fictif\u00a0: \u00ab\u00a0Manu cherche la bagarre\u00a0\u00bb<\/h2>\n<h3>\u2026 Fictif, vraiment\u00a0?<\/h3>\n<figure id=\"attachment_2833\" aria-describedby=\"caption-attachment-2833\" style=\"width: 300px\" class=\"wp-caption aligncenter\"><img data-recalc-dims=\"1\" loading=\"lazy\" decoding=\"async\" class=\"size-medium wp-image-2833\" src=\"https:\/\/i0.wp.com\/culturesco.com\/wp-content\/uploads\/2019\/02\/illustration-pn-voisins.jpg?resize=300%2C104&#038;ssl=1\" alt=\"Petit Nicolas\" width=\"300\" height=\"104\" \/><figcaption id=\"caption-attachment-2833\" class=\"wp-caption-text\">Petit Nicolas<\/figcaption><\/figure>\n<p>Ah elle commen\u00e7ait bien, l\u2019ann\u00e9e scolaire\u00a0: de la flotte, de la flotte, apr\u00e8s un \u00e9t\u00e9 pourri. Le Petit Nicolas l\u2019avait pass\u00e9 \u00e0 jouer aux billes dans l\u2019arri\u00e8re-cour de la vieille maison familiale construite de ses propres mains par son arri\u00e8re-grand-p\u00e8re.<\/p>\n<p>De la flotte, de la flotte, et ce vieil imperm\u00e9able qui ne l\u2019\u00e9tait plus, imperm\u00e9able. Arriv\u00e9 dans la cour de l\u2019\u00e9cole, Petit Nicolas s\u2019en d\u00e9barrassa. De l\u2019imperm\u00e9able, pas encore de l\u2019\u00e9cole. Il l\u2019accrocha \u00e0 une branche de l\u2019unique arbre de la cour. Dans son vieux gilet jaune en laine, rapi\u00e9c\u00e9 car sa grand-m\u00e8re l\u2019avait tricot\u00e9 jadis pour le p\u00e8re de Nicolas, le mioche courut vers les copains (et les pas-copains\u00a0!) qu\u2019il avait quitt\u00e9s trois mois plus t\u00f4t. Les \u00ab\u00a0pas-copains\u00a0\u00bb, c\u2019\u00e9tait surtout Manu. Toujours \u00e0 se \u00ab\u00a0fiche\u00a0\u00bb de lui. Et c\u2019\u00e9tait reparti pour un tour\u00a0:<\/p>\n<ul>\n<li>Dis donc, Nicolas, il est vachement moche ton vieux gilet jaune\u2026<\/p>\n<\/li>\n<li>\n<p>Bin j\u2019en n\u2019ai pas d\u2019autre. Et puis il est bien chaud, encore.<\/p>\n<\/li>\n<li>\n<p>Bin oui, et comme \u00e7a on te voit bien. Si t\u2019avais la t\u00e9l\u00e9 ou si tu connaissais des gens qui y travaillent, peut-\u00eatre qu\u2019ils causeraient de toi. A la t\u00e9l\u00e9 on s\u2019occupe autant des Jojo ou Nicolas en gilet jaune que des ministres\u00a0! Mais sur la route, m\u00eame si on te voit bien, tu peux quand m\u00eame avoir un accident. C\u2019est pas ton gilet jaune qui t\u2019emp\u00eachera d\u2019\u00eatre \u00e9borgn\u00e9 ou d\u2019avoir une main arrach\u00e9e.<\/p>\n<\/li>\n<\/ul>\n<p>Eudes arrive et se joint \u00e0 la discussion. Eudes, c\u2019est un costaud, il file des gnons mais avant de filer des gnons, quand c\u2019est \u00e0 quelqu\u2019un qui porte des lunettes, il lui demande de les enlever.<\/p>\n<ul>\n<li>Salut Nicolas\u00a0! Salut Manu\u00a0!<\/p>\n<\/li>\n<li>\n<p>Salut Eudes. Dis donc, t\u2019es bien p\u00e2lichon toi. Moi y avait plein d\u2019soleil \u00e0 Saint-Tropez\u2026<\/p>\n<\/li>\n<li>\n<p>Nous on n\u2019est pas partis en vacances cette ann\u00e9e.<\/p>\n<\/li>\n<li>\n<p>Pourquoi\u00a0? Vous \u00eates trop pauvres ?<\/p>\n<\/li>\n<li>\n<p>Bin oui, on n\u2019avait pas de sous\u2026<\/p>\n<\/li>\n<li>\n<p>C\u2019est parce que tes parents i\u2019 travaillent pas assez. C\u2019est des feignants.<\/p>\n<\/li>\n<li>\n<p>C\u2019est pas des feignants, mes parents. L\u2019usine de mon p\u00e8re a ferm\u00e9. Maintenant ils font construire les bagnoles en Pologne. Alors\u00a0papa est au ch\u00f4mage.<\/p>\n<\/li>\n<li>\n<p>Ta m\u00e8re, elle pourrait faire des m\u00e9nages. La p&rsquo;tite vieille, en face de chez vous, elle cherche quelqu&rsquo;un. JUSTE EN FACE DE CHEZ VOUS ! Ta m\u00e8re, pour travailler, elle a qu&rsquo;\u00e0 traverser la rue.<\/p>\n<\/li>\n<\/ul>\n<figure id=\"attachment_2860\" aria-describedby=\"caption-attachment-2860\" style=\"width: 300px\" class=\"wp-caption aligncenter\"><img data-recalc-dims=\"1\" loading=\"lazy\" decoding=\"async\" class=\"size-medium wp-image-2860\" src=\"https:\/\/i0.wp.com\/culturesco.com\/wp-content\/uploads\/2019\/02\/M%C3%A9m%C3%A8res-abey-road.jpg?resize=300%2C200&#038;ssl=1\" alt=\"M\u00e9m\u00e8res sur abbey road\" width=\"300\" height=\"200\" \/><figcaption id=\"caption-attachment-2860\" class=\"wp-caption-text\">M\u00e9m\u00e8res sur abbey road<\/figcaption><\/figure>\n<ul>\n<li>C\u2019est normal qu&rsquo;ils aient pas de sous, tes parents c\u2019est des ignares, i\u2019 sont pas all\u00e9s longtemps \u00e0 l\u2019\u00e9cole. Moi j\u2019irai \u00e0 Harvard.<\/p>\n<\/li>\n<li>\n<p>Oh dis donc tu cherches la bagarre, toi. Je vais te filer des gnons\u2026<\/p>\n<\/li>\n<li>\n<p>Me file pas de gnons, me file pas de gnons sinon j\u2019appelle les CRS\u2026 euh, j\u2019appelle la ma\u00eetresse. Ma\u00eetresse, ma\u00eetresse, y a Eudes qui veut me filer des gnons\u2026<\/p>\n<\/li>\n<\/ul>\n<p>Mais la cloche sonna, il \u00e9tait neuf heures.<\/p>\n<p>\u00ab\u00a0Les enfants, mettez-vous en rang. Manu, mets-toi devant, tu es premier de cord\u00e9e\u00a0\u00bb.<\/p>\n<p>La ma\u00eetresse compta les enfants, les salua et posa une bise sur le front de Manu\u00a0:<\/p>\n<ul>\n<li>\u00ab\u00a0Tu n\u2019oublieras pas de venir me voir \u00e0 4h et demie, apr\u00e8s la classe, quand tous les autres seront partis\u00a0\u00bb.<\/li>\n<\/ul>\n<p>(dans la foul\u00e9e, lire, RICCARDO,\u00a0\u00ab\u00a0Le petit Nicolas et les \u00e9lections du primaire\u00a0\u00bb <a href=\"https:\/\/motsetimages.wordpress.com\/2017\/01\/27\/le-petit-nicolas-et-les-elections-du-primaire\">https:\/\/motsetimages.wordpress.com\/2017\/01\/27\/le-petit-nicolas-et-les-elections-du-primaire<\/a>)<\/p>\n<p>&nbsp;<\/p>\n<p>&nbsp;<\/p>\n","protected":false},"excerpt":{"rendered":"<p>Un \u00e9pisode in\u00e9dit et fictif\u00a0: \u00ab\u00a0Manu cherche la bagarre\u00a0\u00bb \u2026 Fictif, vraiment\u00a0? Ah elle commen\u00e7ait bien, l\u2019ann\u00e9e scolaire\u00a0: de la flotte, de la flotte, apr\u00e8s un \u00e9t\u00e9 pourri. Le Petit Nicolas l\u2019avait pass\u00e9 \u00e0 jouer aux billes dans l\u2019arri\u00e8re-cour de la vieille maison familiale construite de ses propres mains par son arri\u00e8re-grand-p\u00e8re. De la flotte, [&hellip;]<\/p>\n","protected":false},"author":2,"featured_media":3427,"comment_status":"closed","ping_status":"closed","sticky":false,"template":"","format":"image","meta":{"jetpack_post_was_ever_published":false,"tdm_status":"","tdm_grid_status":"","_jetpack_newsletter_access":"","_jetpack_dont_email_post_to_subs":false,"_jetpack_newsletter_tier_id":0,"_jetpack_memberships_contains_paywalled_content":false,"_jetpack_memberships_contains_paid_content":false,"footnotes":""},"categories":[21],"tags":[],"class_list":{"0":"post-2832","1":"post","2":"type-post","3":"status-publish","4":"format-image","5":"has-post-thumbnail","7":"category-bande-dessinee","8":"post_format-post-format-image"},"yoast_head":"<!-- This site is optimized with the Yoast SEO plugin v27.5 - https:\/\/yoast.com\/product\/yoast-seo-wordpress\/ -->\n<title>La rentr\u00e9e des classes de Manu et du Petit Nicolas - Culturesco<\/title>\n<meta name=\"description\" content=\"CulturesCo | Un bon coup de pied dans ta Culture | Chroniques et histoire du Rock, chanson fran\u00e7aise, litt\u00e9rature, cin\u00e9ma et bande dessin\u00e9e.\" \/>\n<meta name=\"robots\" content=\"index, follow, max-snippet:-1, max-image-preview:large, max-video-preview:-1\" \/>\n<link rel=\"canonical\" href=\"https:\/\/culturesco.com\/index.php\/2019\/02\/03\/la-rentree-des-classes-de-manu-et-du-petit-nicolas\/\" \/>\n<meta property=\"og:locale\" content=\"fr_FR\" \/>\n<meta property=\"og:type\" content=\"article\" \/>\n<meta property=\"og:title\" content=\"La rentr\u00e9e des classes de Manu et du Petit Nicolas - Culturesco\" \/>\n<meta property=\"og:description\" content=\"CulturesCo | Un bon coup de pied dans ta Culture | Chroniques et histoire du Rock, chanson fran\u00e7aise, litt\u00e9rature, cin\u00e9ma et bande dessin\u00e9e.\" \/>\n<meta property=\"og:url\" content=\"https:\/\/culturesco.com\/index.php\/2019\/02\/03\/la-rentree-des-classes-de-manu-et-du-petit-nicolas\/\" \/>\n<meta property=\"og:site_name\" content=\"Culturesco\" \/>\n<meta property=\"article:publisher\" content=\"https:\/\/www.facebook.com\/radioculturesco\" \/>\n<meta property=\"article:published_time\" content=\"2019-02-03T11:26:34+00:00\" \/>\n<meta property=\"article:modified_time\" content=\"2019-06-09T21:19:24+00:00\" \/>\n<meta property=\"og:image\" content=\"https:\/\/i0.wp.com\/culturesco.com\/wp-content\/uploads\/2019\/03\/degas-la-classe-de-danse-1871.jpg?fit=533%2C600&ssl=1\" \/>\n\t<meta property=\"og:image:width\" content=\"533\" \/>\n\t<meta property=\"og:image:height\" content=\"600\" \/>\n\t<meta property=\"og:image:type\" content=\"image\/jpeg\" \/>\n<meta name=\"author\" content=\"Daniel Lesueur\" \/>\n<meta name=\"twitter:card\" content=\"summary_large_image\" \/>\n<meta name=\"twitter:creator\" content=\"@AugusteMarshal\" \/>\n<meta name=\"twitter:site\" content=\"@AugusteMarshal\" \/>\n<meta name=\"twitter:label1\" content=\"\u00c9crit par\" \/>\n\t<meta name=\"twitter:data1\" content=\"Daniel Lesueur\" \/>\n\t<meta name=\"twitter:label2\" content=\"Dur\u00e9e de lecture estim\u00e9e\" \/>\n\t<meta name=\"twitter:data2\" content=\"3 minutes\" \/>\n<script type=\"application\/ld+json\" class=\"yoast-schema-graph\">{\"@context\":\"https:\\\/\\\/schema.org\",\"@graph\":[{\"@type\":\"Article\",\"@id\":\"https:\\\/\\\/culturesco.com\\\/index.php\\\/2019\\\/02\\\/03\\\/la-rentree-des-classes-de-manu-et-du-petit-nicolas\\\/#article\",\"isPartOf\":{\"@id\":\"https:\\\/\\\/culturesco.com\\\/index.php\\\/2019\\\/02\\\/03\\\/la-rentree-des-classes-de-manu-et-du-petit-nicolas\\\/\"},\"author\":{\"name\":\"Daniel Lesueur\",\"@id\":\"https:\\\/\\\/culturesco.com\\\/#\\\/schema\\\/person\\\/716087cb1b01edf85084af2d12096a8f\"},\"headline\":\"La rentr\u00e9e des classes de Manu et du Petit Nicolas\",\"datePublished\":\"2019-02-03T11:26:34+00:00\",\"dateModified\":\"2019-06-09T21:19:24+00:00\",\"mainEntityOfPage\":{\"@id\":\"https:\\\/\\\/culturesco.com\\\/index.php\\\/2019\\\/02\\\/03\\\/la-rentree-des-classes-de-manu-et-du-petit-nicolas\\\/\"},\"wordCount\":639,\"publisher\":{\"@id\":\"https:\\\/\\\/culturesco.com\\\/#organization\"},\"image\":{\"@id\":\"https:\\\/\\\/culturesco.com\\\/index.php\\\/2019\\\/02\\\/03\\\/la-rentree-des-classes-de-manu-et-du-petit-nicolas\\\/#primaryimage\"},\"thumbnailUrl\":\"https:\\\/\\\/i0.wp.com\\\/culturesco.com\\\/wp-content\\\/uploads\\\/2019\\\/03\\\/degas-la-classe-de-danse-1871.jpg?fit=533%2C600&ssl=1\",\"articleSection\":[\"Bande dessin\u00e9e\"],\"inLanguage\":\"fr-FR\"},{\"@type\":\"WebPage\",\"@id\":\"https:\\\/\\\/culturesco.com\\\/index.php\\\/2019\\\/02\\\/03\\\/la-rentree-des-classes-de-manu-et-du-petit-nicolas\\\/\",\"url\":\"https:\\\/\\\/culturesco.com\\\/index.php\\\/2019\\\/02\\\/03\\\/la-rentree-des-classes-de-manu-et-du-petit-nicolas\\\/\",\"name\":\"La rentr\u00e9e des classes de Manu et du Petit Nicolas - Culturesco\",\"isPartOf\":{\"@id\":\"https:\\\/\\\/culturesco.com\\\/#website\"},\"primaryImageOfPage\":{\"@id\":\"https:\\\/\\\/culturesco.com\\\/index.php\\\/2019\\\/02\\\/03\\\/la-rentree-des-classes-de-manu-et-du-petit-nicolas\\\/#primaryimage\"},\"image\":{\"@id\":\"https:\\\/\\\/culturesco.com\\\/index.php\\\/2019\\\/02\\\/03\\\/la-rentree-des-classes-de-manu-et-du-petit-nicolas\\\/#primaryimage\"},\"thumbnailUrl\":\"https:\\\/\\\/i0.wp.com\\\/culturesco.com\\\/wp-content\\\/uploads\\\/2019\\\/03\\\/degas-la-classe-de-danse-1871.jpg?fit=533%2C600&ssl=1\",\"datePublished\":\"2019-02-03T11:26:34+00:00\",\"dateModified\":\"2019-06-09T21:19:24+00:00\",\"description\":\"CulturesCo | Un bon coup de pied dans ta Culture | Chroniques et histoire du Rock, chanson fran\u00e7aise, litt\u00e9rature, cin\u00e9ma et bande dessin\u00e9e.\",\"breadcrumb\":{\"@id\":\"https:\\\/\\\/culturesco.com\\\/index.php\\\/2019\\\/02\\\/03\\\/la-rentree-des-classes-de-manu-et-du-petit-nicolas\\\/#breadcrumb\"},\"inLanguage\":\"fr-FR\",\"potentialAction\":[{\"@type\":\"ReadAction\",\"target\":[\"https:\\\/\\\/culturesco.com\\\/index.php\\\/2019\\\/02\\\/03\\\/la-rentree-des-classes-de-manu-et-du-petit-nicolas\\\/\"]}]},{\"@type\":\"ImageObject\",\"inLanguage\":\"fr-FR\",\"@id\":\"https:\\\/\\\/culturesco.com\\\/index.php\\\/2019\\\/02\\\/03\\\/la-rentree-des-classes-de-manu-et-du-petit-nicolas\\\/#primaryimage\",\"url\":\"https:\\\/\\\/i0.wp.com\\\/culturesco.com\\\/wp-content\\\/uploads\\\/2019\\\/03\\\/degas-la-classe-de-danse-1871.jpg?fit=533%2C600&ssl=1\",\"contentUrl\":\"https:\\\/\\\/i0.wp.com\\\/culturesco.com\\\/wp-content\\\/uploads\\\/2019\\\/03\\\/degas-la-classe-de-danse-1871.jpg?fit=533%2C600&ssl=1\",\"width\":533,\"height\":600,\"caption\":\"La danse\"},{\"@type\":\"BreadcrumbList\",\"@id\":\"https:\\\/\\\/culturesco.com\\\/index.php\\\/2019\\\/02\\\/03\\\/la-rentree-des-classes-de-manu-et-du-petit-nicolas\\\/#breadcrumb\",\"itemListElement\":[{\"@type\":\"ListItem\",\"position\":1,\"name\":\"Accueil\",\"item\":\"https:\\\/\\\/culturesco.com\\\/\"},{\"@type\":\"ListItem\",\"position\":2,\"name\":\"La rentr\u00e9e des classes de Manu et du Petit Nicolas\"}]},{\"@type\":\"WebSite\",\"@id\":\"https:\\\/\\\/culturesco.com\\\/#website\",\"url\":\"https:\\\/\\\/culturesco.com\\\/\",\"name\":\"Culturesco\",\"description\":\"Culturesco | Un bon coup de pied dans ta Culture\",\"publisher\":{\"@id\":\"https:\\\/\\\/culturesco.com\\\/#organization\"},\"potentialAction\":[{\"@type\":\"SearchAction\",\"target\":{\"@type\":\"EntryPoint\",\"urlTemplate\":\"https:\\\/\\\/culturesco.com\\\/?s={search_term_string}\"},\"query-input\":{\"@type\":\"PropertyValueSpecification\",\"valueRequired\":true,\"valueName\":\"search_term_string\"}}],\"inLanguage\":\"fr-FR\"},{\"@type\":\"Organization\",\"@id\":\"https:\\\/\\\/culturesco.com\\\/#organization\",\"name\":\"CULTURESCO\",\"url\":\"https:\\\/\\\/culturesco.com\\\/\",\"logo\":{\"@type\":\"ImageObject\",\"inLanguage\":\"fr-FR\",\"@id\":\"https:\\\/\\\/culturesco.com\\\/#\\\/schema\\\/logo\\\/image\\\/\",\"url\":\"https:\\\/\\\/i0.wp.com\\\/culturesco.com\\\/wp-content\\\/uploads\\\/2022\\\/04\\\/culturesco-logo-blanc250p.png?fit=250%2C250&ssl=1\",\"contentUrl\":\"https:\\\/\\\/i0.wp.com\\\/culturesco.com\\\/wp-content\\\/uploads\\\/2022\\\/04\\\/culturesco-logo-blanc250p.png?fit=250%2C250&ssl=1\",\"width\":250,\"height\":250,\"caption\":\"CULTURESCO\"},\"image\":{\"@id\":\"https:\\\/\\\/culturesco.com\\\/#\\\/schema\\\/logo\\\/image\\\/\"},\"sameAs\":[\"https:\\\/\\\/www.facebook.com\\\/radioculturesco\",\"https:\\\/\\\/x.com\\\/AugusteMarshal\",\"https:\\\/\\\/www.instagram.com\\\/carotte_rock_culture\\\/\",\"https:\\\/\\\/www.pinterest.fr\\\/augustemarshal\\\/\",\"https:\\\/\\\/www.youtube.com\\\/channel\\\/UCiWLGffqWSXlNnfzp6YwwyQ\"]},{\"@type\":\"Person\",\"@id\":\"https:\\\/\\\/culturesco.com\\\/#\\\/schema\\\/person\\\/716087cb1b01edf85084af2d12096a8f\",\"name\":\"Daniel Lesueur\",\"image\":{\"@type\":\"ImageObject\",\"inLanguage\":\"fr-FR\",\"@id\":\"https:\\\/\\\/i0.wp.com\\\/culturesco.com\\\/wp-content\\\/uploads\\\/2018\\\/12\\\/lesueur.jpg?fit=96%2C89&ssl=1\",\"url\":\"https:\\\/\\\/i0.wp.com\\\/culturesco.com\\\/wp-content\\\/uploads\\\/2018\\\/12\\\/lesueur.jpg?fit=96%2C89&ssl=1\",\"contentUrl\":\"https:\\\/\\\/i0.wp.com\\\/culturesco.com\\\/wp-content\\\/uploads\\\/2018\\\/12\\\/lesueur.jpg?fit=96%2C89&ssl=1\",\"caption\":\"Daniel Lesueur\"},\"description\":\"\u00c9crivain - Directeur de collection chez Camion Blanc\",\"url\":\"https:\\\/\\\/culturesco.com\\\/index.php\\\/author\\\/daniel-lesueur\\\/\"}]}<\/script>\n<!-- \/ Yoast SEO plugin. -->","yoast_head_json":{"title":"La rentr\u00e9e des classes de Manu et du Petit Nicolas - Culturesco","description":"CulturesCo | Un bon coup de pied dans ta Culture | Chroniques et histoire du Rock, chanson fran\u00e7aise, litt\u00e9rature, cin\u00e9ma et bande dessin\u00e9e.","robots":{"index":"index","follow":"follow","max-snippet":"max-snippet:-1","max-image-preview":"max-image-preview:large","max-video-preview":"max-video-preview:-1"},"canonical":"https:\/\/culturesco.com\/index.php\/2019\/02\/03\/la-rentree-des-classes-de-manu-et-du-petit-nicolas\/","og_locale":"fr_FR","og_type":"article","og_title":"La rentr\u00e9e des classes de Manu et du Petit Nicolas - Culturesco","og_description":"CulturesCo | Un bon coup de pied dans ta Culture | Chroniques et histoire du Rock, chanson fran\u00e7aise, litt\u00e9rature, cin\u00e9ma et bande dessin\u00e9e.","og_url":"https:\/\/culturesco.com\/index.php\/2019\/02\/03\/la-rentree-des-classes-de-manu-et-du-petit-nicolas\/","og_site_name":"Culturesco","article_publisher":"https:\/\/www.facebook.com\/radioculturesco","article_published_time":"2019-02-03T11:26:34+00:00","article_modified_time":"2019-06-09T21:19:24+00:00","og_image":[{"width":533,"height":600,"url":"https:\/\/i0.wp.com\/culturesco.com\/wp-content\/uploads\/2019\/03\/degas-la-classe-de-danse-1871.jpg?fit=533%2C600&ssl=1","type":"image\/jpeg"}],"author":"Daniel Lesueur","twitter_card":"summary_large_image","twitter_creator":"@AugusteMarshal","twitter_site":"@AugusteMarshal","twitter_misc":{"\u00c9crit par":"Daniel Lesueur","Dur\u00e9e de lecture estim\u00e9e":"3 minutes"},"schema":{"@context":"https:\/\/schema.org","@graph":[{"@type":"Article","@id":"https:\/\/culturesco.com\/index.php\/2019\/02\/03\/la-rentree-des-classes-de-manu-et-du-petit-nicolas\/#article","isPartOf":{"@id":"https:\/\/culturesco.com\/index.php\/2019\/02\/03\/la-rentree-des-classes-de-manu-et-du-petit-nicolas\/"},"author":{"name":"Daniel Lesueur","@id":"https:\/\/culturesco.com\/#\/schema\/person\/716087cb1b01edf85084af2d12096a8f"},"headline":"La rentr\u00e9e des classes de Manu et du Petit Nicolas","datePublished":"2019-02-03T11:26:34+00:00","dateModified":"2019-06-09T21:19:24+00:00","mainEntityOfPage":{"@id":"https:\/\/culturesco.com\/index.php\/2019\/02\/03\/la-rentree-des-classes-de-manu-et-du-petit-nicolas\/"},"wordCount":639,"publisher":{"@id":"https:\/\/culturesco.com\/#organization"},"image":{"@id":"https:\/\/culturesco.com\/index.php\/2019\/02\/03\/la-rentree-des-classes-de-manu-et-du-petit-nicolas\/#primaryimage"},"thumbnailUrl":"https:\/\/i0.wp.com\/culturesco.com\/wp-content\/uploads\/2019\/03\/degas-la-classe-de-danse-1871.jpg?fit=533%2C600&ssl=1","articleSection":["Bande dessin\u00e9e"],"inLanguage":"fr-FR"},{"@type":"WebPage","@id":"https:\/\/culturesco.com\/index.php\/2019\/02\/03\/la-rentree-des-classes-de-manu-et-du-petit-nicolas\/","url":"https:\/\/culturesco.com\/index.php\/2019\/02\/03\/la-rentree-des-classes-de-manu-et-du-petit-nicolas\/","name":"La rentr\u00e9e des classes de Manu et du Petit Nicolas - Culturesco","isPartOf":{"@id":"https:\/\/culturesco.com\/#website"},"primaryImageOfPage":{"@id":"https:\/\/culturesco.com\/index.php\/2019\/02\/03\/la-rentree-des-classes-de-manu-et-du-petit-nicolas\/#primaryimage"},"image":{"@id":"https:\/\/culturesco.com\/index.php\/2019\/02\/03\/la-rentree-des-classes-de-manu-et-du-petit-nicolas\/#primaryimage"},"thumbnailUrl":"https:\/\/i0.wp.com\/culturesco.com\/wp-content\/uploads\/2019\/03\/degas-la-classe-de-danse-1871.jpg?fit=533%2C600&ssl=1","datePublished":"2019-02-03T11:26:34+00:00","dateModified":"2019-06-09T21:19:24+00:00","description":"CulturesCo | Un bon coup de pied dans ta Culture | Chroniques et histoire du Rock, chanson fran\u00e7aise, litt\u00e9rature, cin\u00e9ma et bande dessin\u00e9e.","breadcrumb":{"@id":"https:\/\/culturesco.com\/index.php\/2019\/02\/03\/la-rentree-des-classes-de-manu-et-du-petit-nicolas\/#breadcrumb"},"inLanguage":"fr-FR","potentialAction":[{"@type":"ReadAction","target":["https:\/\/culturesco.com\/index.php\/2019\/02\/03\/la-rentree-des-classes-de-manu-et-du-petit-nicolas\/"]}]},{"@type":"ImageObject","inLanguage":"fr-FR","@id":"https:\/\/culturesco.com\/index.php\/2019\/02\/03\/la-rentree-des-classes-de-manu-et-du-petit-nicolas\/#primaryimage","url":"https:\/\/i0.wp.com\/culturesco.com\/wp-content\/uploads\/2019\/03\/degas-la-classe-de-danse-1871.jpg?fit=533%2C600&ssl=1","contentUrl":"https:\/\/i0.wp.com\/culturesco.com\/wp-content\/uploads\/2019\/03\/degas-la-classe-de-danse-1871.jpg?fit=533%2C600&ssl=1","width":533,"height":600,"caption":"La danse"},{"@type":"BreadcrumbList","@id":"https:\/\/culturesco.com\/index.php\/2019\/02\/03\/la-rentree-des-classes-de-manu-et-du-petit-nicolas\/#breadcrumb","itemListElement":[{"@type":"ListItem","position":1,"name":"Accueil","item":"https:\/\/culturesco.com\/"},{"@type":"ListItem","position":2,"name":"La rentr\u00e9e des classes de Manu et du Petit Nicolas"}]},{"@type":"WebSite","@id":"https:\/\/culturesco.com\/#website","url":"https:\/\/culturesco.com\/","name":"Culturesco","description":"Culturesco | Un bon coup de pied dans ta Culture","publisher":{"@id":"https:\/\/culturesco.com\/#organization"},"potentialAction":[{"@type":"SearchAction","target":{"@type":"EntryPoint","urlTemplate":"https:\/\/culturesco.com\/?s={search_term_string}"},"query-input":{"@type":"PropertyValueSpecification","valueRequired":true,"valueName":"search_term_string"}}],"inLanguage":"fr-FR"},{"@type":"Organization","@id":"https:\/\/culturesco.com\/#organization","name":"CULTURESCO","url":"https:\/\/culturesco.com\/","logo":{"@type":"ImageObject","inLanguage":"fr-FR","@id":"https:\/\/culturesco.com\/#\/schema\/logo\/image\/","url":"https:\/\/i0.wp.com\/culturesco.com\/wp-content\/uploads\/2022\/04\/culturesco-logo-blanc250p.png?fit=250%2C250&ssl=1","contentUrl":"https:\/\/i0.wp.com\/culturesco.com\/wp-content\/uploads\/2022\/04\/culturesco-logo-blanc250p.png?fit=250%2C250&ssl=1","width":250,"height":250,"caption":"CULTURESCO"},"image":{"@id":"https:\/\/culturesco.com\/#\/schema\/logo\/image\/"},"sameAs":["https:\/\/www.facebook.com\/radioculturesco","https:\/\/x.com\/AugusteMarshal","https:\/\/www.instagram.com\/carotte_rock_culture\/","https:\/\/www.pinterest.fr\/augustemarshal\/","https:\/\/www.youtube.com\/channel\/UCiWLGffqWSXlNnfzp6YwwyQ"]},{"@type":"Person","@id":"https:\/\/culturesco.com\/#\/schema\/person\/716087cb1b01edf85084af2d12096a8f","name":"Daniel Lesueur","image":{"@type":"ImageObject","inLanguage":"fr-FR","@id":"https:\/\/i0.wp.com\/culturesco.com\/wp-content\/uploads\/2018\/12\/lesueur.jpg?fit=96%2C89&ssl=1","url":"https:\/\/i0.wp.com\/culturesco.com\/wp-content\/uploads\/2018\/12\/lesueur.jpg?fit=96%2C89&ssl=1","contentUrl":"https:\/\/i0.wp.com\/culturesco.com\/wp-content\/uploads\/2018\/12\/lesueur.jpg?fit=96%2C89&ssl=1","caption":"Daniel Lesueur"},"description":"\u00c9crivain - Directeur de collection chez Camion Blanc","url":"https:\/\/culturesco.com\/index.php\/author\/daniel-lesueur\/"}]}},"jetpack_featured_media_url":"https:\/\/i0.wp.com\/culturesco.com\/wp-content\/uploads\/2019\/03\/degas-la-classe-de-danse-1871.jpg?fit=533%2C600&ssl=1","jetpack_likes_enabled":true,"jetpack_sharing_enabled":true,"jetpack_shortlink":"https:\/\/wp.me\/paz89I-JG","_links":{"self":[{"href":"https:\/\/culturesco.com\/index.php\/wp-json\/wp\/v2\/posts\/2832","targetHints":{"allow":["GET"]}}],"collection":[{"href":"https:\/\/culturesco.com\/index.php\/wp-json\/wp\/v2\/posts"}],"about":[{"href":"https:\/\/culturesco.com\/index.php\/wp-json\/wp\/v2\/types\/post"}],"author":[{"embeddable":true,"href":"https:\/\/culturesco.com\/index.php\/wp-json\/wp\/v2\/users\/2"}],"replies":[{"embeddable":true,"href":"https:\/\/culturesco.com\/index.php\/wp-json\/wp\/v2\/comments?post=2832"}],"version-history":[{"count":0,"href":"https:\/\/culturesco.com\/index.php\/wp-json\/wp\/v2\/posts\/2832\/revisions"}],"wp:featuredmedia":[{"embeddable":true,"href":"https:\/\/culturesco.com\/index.php\/wp-json\/wp\/v2\/media\/3427"}],"wp:attachment":[{"href":"https:\/\/culturesco.com\/index.php\/wp-json\/wp\/v2\/media?parent=2832"}],"wp:term":[{"taxonomy":"category","embeddable":true,"href":"https:\/\/culturesco.com\/index.php\/wp-json\/wp\/v2\/categories?post=2832"},{"taxonomy":"post_tag","embeddable":true,"href":"https:\/\/culturesco.com\/index.php\/wp-json\/wp\/v2\/tags?post=2832"}],"curies":[{"name":"wp","href":"https:\/\/api.w.org\/{rel}","templated":true}]}}