{"id":2646,"date":"2019-01-25T16:10:21","date_gmt":"2019-01-25T15:10:21","guid":{"rendered":"https:\/\/culturesco.com\/?p=2646"},"modified":"2019-04-18T17:44:47","modified_gmt":"2019-04-18T15:44:47","slug":"joe-strummer-the-clash-citation-on-est-venu-on-a-dit-ce-qu-on-avait-a-dire","status":"publish","type":"post","link":"https:\/\/culturesco.com\/index.php\/2019\/01\/25\/joe-strummer-the-clash-citation-on-est-venu-on-a-dit-ce-qu-on-avait-a-dire\/","title":{"rendered":"Joe Strummer Citation &#8211; On a dit ce qu\u2019on avait \u00e0 dire&#8230;"},"content":{"rendered":"<h2>Joe Strummer &#8211; Paroles<\/h2>\n<p><img data-recalc-dims=\"1\" loading=\"lazy\" decoding=\"async\" class=\"aligncenter size-full wp-image-2647\" src=\"https:\/\/i0.wp.com\/culturesco.com\/wp-content\/uploads\/2019\/01\/joe-strummer-1.jpg?resize=696%2C364&#038;ssl=1\" alt=\"Joe Strummer - Citation\" width=\"696\" height=\"364\" srcset=\"https:\/\/i0.wp.com\/culturesco.com\/wp-content\/uploads\/2019\/01\/joe-strummer-1.jpg?w=600&amp;ssl=1 600w, https:\/\/i0.wp.com\/culturesco.com\/wp-content\/uploads\/2019\/01\/joe-strummer-1.jpg?resize=300%2C157&amp;ssl=1 300w, https:\/\/i0.wp.com\/culturesco.com\/wp-content\/uploads\/2019\/01\/joe-strummer-1.jpg?resize=768%2C401&amp;ssl=1 768w, https:\/\/i0.wp.com\/culturesco.com\/wp-content\/uploads\/2019\/01\/joe-strummer-1.jpg?resize=696%2C364&amp;ssl=1 696w, https:\/\/i0.wp.com\/culturesco.com\/wp-content\/uploads\/2019\/01\/joe-strummer-1.jpg?resize=1068%2C558&amp;ssl=1 1068w, https:\/\/i0.wp.com\/culturesco.com\/wp-content\/uploads\/2019\/01\/joe-strummer-1.jpg?resize=804%2C420&amp;ssl=1 804w\" sizes=\"auto, (max-width: 696px) 100vw, 696px\" \/><\/p>\n<p style=\"text-align: justify;\">Joe Strummer citation :<em> \u00ab\u00a0On est venus, on a dit ce qu\u2019on avait \u00e0 dire, on s\u2019est cass\u00e9s, moi, <a href=\"https:\/\/culturesco.com\/index.php\/2019\/01\/22\/joe-strummer-de-the-clash-aux-mescaleros-en-studio-et-en-concert\/\">\u00e7a me pla\u00eet bien.<\/a>\u00a0\u00bb &#8211; <a href=\"http:\/\/www.augustemarshal.com\/2018\/03\/the-clash-london-calling-l-album-mythique-joe-strummer-mick-jones-topper-headon-paul-simonon-revolution-rock.html\">1983<\/a><\/em><\/p>\n<p style=\"text-align: justify;\"><strong>The Clash<\/strong> &#8211; <strong>Joe Strummer<\/strong>, <strong>Mick Jones<\/strong>,\u00a0<strong>Paul Simonon<\/strong> et <strong>Topper Headon<\/strong> &#8211; Le succ\u00e8s du groupe explose en 1977 avec le premier single <strong>White Riot<\/strong>\u00a0et l&rsquo;album \u00e9ponyme sorti juste derri\u00e8re.<\/p>\n<h3>London Calling<\/h3>\n<p style=\"text-align: justify;\">Un album souvent consid\u00e9r\u00e9 comme l&rsquo;un des plus abouti du groupe. Plus qu&rsquo;un v\u00e9ritable album styl\u00e9, il s&rsquo;ag\u00eet d&rsquo;un disque aux styles multiples. Du reggae de \u00ab\u00a0<strong>Guns of Brixton<\/strong>\u00ab\u00a0, au Ska de \u00ab\u00a0Wrong &lsquo;Em Boyo\u00a0\u00bb, en passant par la Pop de \u00ab\u00a0Lost in a supermarket\u00a0\u00bb, le rockabilly de \u00ab\u00a0Brand New Cadillac\u00a0\u00bb (reprise de <strong>Vince Taylor<\/strong>), le Rock de \u00ab\u00a0Clampdown\u00a0\u00bb, \u00ab\u00a0London Calling\u00a0\u00bb et les autres. Un floril\u00e8ge d&rsquo; influences et de tentations, avec pourtant une terrible unit\u00e9. <strong>London Calling<\/strong> demeure encore aujourd&rsquo;hui largement pl\u00e9biscit\u00e9 par les m\u00e9dias sp\u00e9cialis\u00e9s.<\/p>\n<h3>Six albums de 1977 \u00e0 1985.<\/h3>\n<p><img data-recalc-dims=\"1\" loading=\"lazy\" decoding=\"async\" class=\"aligncenter wp-image-2650 size-full\" title=\"the clash - albums\" src=\"https:\/\/i0.wp.com\/culturesco.com\/wp-content\/uploads\/2019\/01\/the-clash-albums.jpg?resize=450%2C294&#038;ssl=1\" alt=\"the clash - albums\" width=\"450\" height=\"294\" srcset=\"https:\/\/i0.wp.com\/culturesco.com\/wp-content\/uploads\/2019\/01\/the-clash-albums.jpg?w=450&amp;ssl=1 450w, https:\/\/i0.wp.com\/culturesco.com\/wp-content\/uploads\/2019\/01\/the-clash-albums.jpg?resize=300%2C196&amp;ssl=1 300w\" sizes=\"auto, (max-width: 450px) 100vw, 450px\" \/><\/p>\n<h3>Punk, et ouvert d&rsquo;esprit :<\/h3>\n<p style=\"text-align: justify;\">M\u00eame si le <strong>Clash<\/strong>\u00a0est affili\u00e9 Punk, on ne cesse d&rsquo;admirer le courage de l&rsquo; \u00e9clectisme musical du groupe. Le bassiste Paul Simonon d\u00e9clarait dans le magasine Rolling Stone :<\/p>\n<blockquote>\n<h5 style=\"text-align: center;\"><em>\u00ab\u00a0la r\u00e8gle num\u00e9ro un \u00e9tait : il n&rsquo;y a pas de r\u00e8gle\u00a0\u00bb<\/em><\/h5>\n<\/blockquote>\n<h3>Joe Strummer citation :<\/h3>\n<blockquote>\n<h4 style=\"text-align: justify;\"><em>Chacun doit r\u00e9aliser qu\u2019il ne doit pas s\u2019accrocher au pass\u00e9 s\u2019il veut avoir un quelconque futur. Chaque seconde devrait conduire \u00e0 la suivante.<\/em><\/h4>\n<\/blockquote>\n<h3>Complete Control &#8211; Live From here to eternity<\/h3>\n<p>https:\/\/www.youtube.com\/watch?v=OT6MPx_dvsY<\/p>\n<p>&nbsp;<\/p>\n<p><strong>Auguste Marshal<\/strong><\/p>\n<blockquote class=\"wp-embedded-content\" data-secret=\"eNVxwOthR4\"><p><a href=\"https:\/\/culturesco.com\/index.php\/2018\/09\/27\/annee-1976-au-commencement-etait-the-clash\/\">Au commencement \u00e9tait The Clash &#8211; Les d\u00e9buts 1976<\/a><\/p><\/blockquote>\n<p><iframe loading=\"lazy\" class=\"wp-embedded-content\" sandbox=\"allow-scripts\" security=\"restricted\" style=\"position: absolute; visibility: hidden;\" title=\"\u00ab\u00a0Au commencement \u00e9tait The Clash &#8211; Les d\u00e9buts 1976\u00a0\u00bb &#8212; Culturesco\" src=\"https:\/\/culturesco.com\/index.php\/2018\/09\/27\/annee-1976-au-commencement-etait-the-clash\/embed\/#?secret=WKuvhF9qkQ#?secret=eNVxwOthR4\" data-secret=\"eNVxwOthR4\" width=\"600\" height=\"338\" frameborder=\"0\" marginwidth=\"0\" marginheight=\"0\" scrolling=\"no\"><\/iframe><\/p>\n<blockquote class=\"wp-embedded-content\" data-secret=\"bsDFMeFGlQ\"><p><a href=\"https:\/\/culturesco.com\/index.php\/2018\/12\/16\/paul-simonon-the-clash-au-palladium-de-new-york-1979\/\">Paul Simonon de The Clash casse sa basse en plein concert<\/a><\/p><\/blockquote>\n<p><iframe loading=\"lazy\" class=\"wp-embedded-content\" sandbox=\"allow-scripts\" security=\"restricted\" style=\"position: absolute; visibility: hidden;\" title=\"\u00ab\u00a0Paul Simonon de The Clash casse sa basse en plein concert\u00a0\u00bb &#8212; Culturesco\" src=\"https:\/\/culturesco.com\/index.php\/2018\/12\/16\/paul-simonon-the-clash-au-palladium-de-new-york-1979\/embed\/#?secret=oKdytKytPV#?secret=bsDFMeFGlQ\" data-secret=\"bsDFMeFGlQ\" width=\"600\" height=\"338\" frameborder=\"0\" marginwidth=\"0\" marginheight=\"0\" scrolling=\"no\"><\/iframe><\/p>\n","protected":false},"excerpt":{"rendered":"<p>Joe Strummer &#8211; Paroles Joe Strummer citation : \u00ab\u00a0On est venus, on a dit ce qu\u2019on avait \u00e0 dire, on s\u2019est cass\u00e9s, moi, \u00e7a me pla\u00eet bien.\u00a0\u00bb &#8211; 1983 The Clash &#8211; Joe Strummer, Mick Jones,\u00a0Paul Simonon et Topper Headon &#8211; Le succ\u00e8s du groupe explose en 1977 avec le premier single White Riot\u00a0et l&rsquo;album [&hellip;]<\/p>\n","protected":false},"author":1,"featured_media":2647,"comment_status":"closed","ping_status":"closed","sticky":false,"template":"","format":"image","meta":{"jetpack_post_was_ever_published":false,"tdm_status":"","tdm_grid_status":"","_jetpack_newsletter_access":"","_jetpack_dont_email_post_to_subs":false,"_jetpack_newsletter_tier_id":0,"_jetpack_memberships_contains_paywalled_content":false,"_jetpack_memberships_contains_paid_content":false,"footnotes":""},"categories":[17,45],"tags":[39,48],"class_list":{"0":"post-2646","1":"post","2":"type-post","3":"status-publish","4":"format-image","5":"has-post-thumbnail","7":"category-carotte-rock-cultures","8":"category-citation-rock","9":"tag-citation","10":"tag-personnalite-rock","11":"post_format-post-format-image"},"yoast_head":"<!-- This site is optimized with the Yoast SEO plugin v27.5 - https:\/\/yoast.com\/product\/yoast-seo-wordpress\/ -->\n<title>Joe Strummer Citation - On a dit ce qu\u2019on avait \u00e0 dire... - Culturesco<\/title>\n<meta name=\"description\" content=\"CulturesCo | Joe Strummer The CLASH, citation : &quot;On est venus, on a dit ce qu\u2019on avait \u00e0 dire, on s\u2019est cass\u00e9s, moi, \u00e7a me pla\u00eet bien&quot;.\" \/>\n<meta name=\"robots\" content=\"index, follow, max-snippet:-1, max-image-preview:large, max-video-preview:-1\" \/>\n<link rel=\"canonical\" href=\"https:\/\/culturesco.com\/index.php\/2019\/01\/25\/joe-strummer-the-clash-citation-on-est-venu-on-a-dit-ce-qu-on-avait-a-dire\/\" \/>\n<meta property=\"og:locale\" content=\"fr_FR\" \/>\n<meta property=\"og:type\" content=\"article\" \/>\n<meta property=\"og:title\" content=\"Joe Strummer Citation - On a dit ce qu\u2019on avait \u00e0 dire... - Culturesco\" \/>\n<meta property=\"og:description\" content=\"CulturesCo | Joe Strummer The CLASH, citation : &quot;On est venus, on a dit ce qu\u2019on avait \u00e0 dire, on s\u2019est cass\u00e9s, moi, \u00e7a me pla\u00eet bien&quot;.\" \/>\n<meta property=\"og:url\" content=\"https:\/\/culturesco.com\/index.php\/2019\/01\/25\/joe-strummer-the-clash-citation-on-est-venu-on-a-dit-ce-qu-on-avait-a-dire\/\" \/>\n<meta property=\"og:site_name\" content=\"Culturesco\" \/>\n<meta property=\"article:publisher\" content=\"https:\/\/www.facebook.com\/radioculturesco\" \/>\n<meta property=\"article:author\" content=\"https:\/\/www.facebook.com\/radioculturesco\" \/>\n<meta property=\"article:published_time\" content=\"2019-01-25T15:10:21+00:00\" \/>\n<meta property=\"article:modified_time\" content=\"2019-04-18T15:44:47+00:00\" \/>\n<meta property=\"og:image\" content=\"https:\/\/i2.wp.com\/culturesco.com\/wp-content\/uploads\/2019\/01\/joe-strummer-1.jpg?fit=600%2C314&ssl=1\" \/>\n\t<meta property=\"og:image:width\" content=\"600\" \/>\n\t<meta property=\"og:image:height\" content=\"314\" \/>\n\t<meta property=\"og:image:type\" content=\"image\/jpeg\" \/>\n<meta name=\"author\" content=\"Auguste Marshal\" \/>\n<meta name=\"twitter:card\" content=\"summary_large_image\" \/>\n<meta name=\"twitter:creator\" content=\"@https:\/\/twitter.com\/AugusteMarshal\" \/>\n<meta name=\"twitter:site\" content=\"@AugusteMarshal\" \/>\n<meta name=\"twitter:label1\" content=\"\u00c9crit par\" \/>\n\t<meta name=\"twitter:data1\" content=\"Auguste Marshal\" \/>\n\t<meta name=\"twitter:label2\" content=\"Dur\u00e9e de lecture estim\u00e9e\" \/>\n\t<meta name=\"twitter:data2\" content=\"1 minute\" \/>\n<script type=\"application\/ld+json\" class=\"yoast-schema-graph\">{\"@context\":\"https:\\\/\\\/schema.org\",\"@graph\":[{\"@type\":\"Article\",\"@id\":\"https:\\\/\\\/culturesco.com\\\/index.php\\\/2019\\\/01\\\/25\\\/joe-strummer-the-clash-citation-on-est-venu-on-a-dit-ce-qu-on-avait-a-dire\\\/#article\",\"isPartOf\":{\"@id\":\"https:\\\/\\\/culturesco.com\\\/index.php\\\/2019\\\/01\\\/25\\\/joe-strummer-the-clash-citation-on-est-venu-on-a-dit-ce-qu-on-avait-a-dire\\\/\"},\"author\":{\"name\":\"Auguste Marshal\",\"@id\":\"https:\\\/\\\/culturesco.com\\\/#\\\/schema\\\/person\\\/9a265b03a60b0fa349532a231f7d1d0e\"},\"headline\":\"Joe Strummer Citation &#8211; On a dit ce qu\u2019on avait \u00e0 dire&#8230;\",\"datePublished\":\"2019-01-25T15:10:21+00:00\",\"dateModified\":\"2019-04-18T15:44:47+00:00\",\"mainEntityOfPage\":{\"@id\":\"https:\\\/\\\/culturesco.com\\\/index.php\\\/2019\\\/01\\\/25\\\/joe-strummer-the-clash-citation-on-est-venu-on-a-dit-ce-qu-on-avait-a-dire\\\/\"},\"wordCount\":295,\"publisher\":{\"@id\":\"https:\\\/\\\/culturesco.com\\\/#organization\"},\"image\":{\"@id\":\"https:\\\/\\\/culturesco.com\\\/index.php\\\/2019\\\/01\\\/25\\\/joe-strummer-the-clash-citation-on-est-venu-on-a-dit-ce-qu-on-avait-a-dire\\\/#primaryimage\"},\"thumbnailUrl\":\"https:\\\/\\\/i0.wp.com\\\/culturesco.com\\\/wp-content\\\/uploads\\\/2019\\\/01\\\/joe-strummer-1.jpg?fit=600%2C314&ssl=1\",\"keywords\":[\"citation\",\"Personnalit\u00e9 Rock\"],\"articleSection\":[\"Carotte Rock Cultures\",\"Citation rock\"],\"inLanguage\":\"fr-FR\"},{\"@type\":\"WebPage\",\"@id\":\"https:\\\/\\\/culturesco.com\\\/index.php\\\/2019\\\/01\\\/25\\\/joe-strummer-the-clash-citation-on-est-venu-on-a-dit-ce-qu-on-avait-a-dire\\\/\",\"url\":\"https:\\\/\\\/culturesco.com\\\/index.php\\\/2019\\\/01\\\/25\\\/joe-strummer-the-clash-citation-on-est-venu-on-a-dit-ce-qu-on-avait-a-dire\\\/\",\"name\":\"Joe Strummer Citation - On a dit ce qu\u2019on avait \u00e0 dire... - Culturesco\",\"isPartOf\":{\"@id\":\"https:\\\/\\\/culturesco.com\\\/#website\"},\"primaryImageOfPage\":{\"@id\":\"https:\\\/\\\/culturesco.com\\\/index.php\\\/2019\\\/01\\\/25\\\/joe-strummer-the-clash-citation-on-est-venu-on-a-dit-ce-qu-on-avait-a-dire\\\/#primaryimage\"},\"image\":{\"@id\":\"https:\\\/\\\/culturesco.com\\\/index.php\\\/2019\\\/01\\\/25\\\/joe-strummer-the-clash-citation-on-est-venu-on-a-dit-ce-qu-on-avait-a-dire\\\/#primaryimage\"},\"thumbnailUrl\":\"https:\\\/\\\/i0.wp.com\\\/culturesco.com\\\/wp-content\\\/uploads\\\/2019\\\/01\\\/joe-strummer-1.jpg?fit=600%2C314&ssl=1\",\"datePublished\":\"2019-01-25T15:10:21+00:00\",\"dateModified\":\"2019-04-18T15:44:47+00:00\",\"description\":\"CulturesCo | Joe Strummer The CLASH, citation : \\\"On est venus, on a dit ce qu\u2019on avait \u00e0 dire, on s\u2019est cass\u00e9s, moi, \u00e7a me pla\u00eet bien\\\".\",\"breadcrumb\":{\"@id\":\"https:\\\/\\\/culturesco.com\\\/index.php\\\/2019\\\/01\\\/25\\\/joe-strummer-the-clash-citation-on-est-venu-on-a-dit-ce-qu-on-avait-a-dire\\\/#breadcrumb\"},\"inLanguage\":\"fr-FR\",\"potentialAction\":[{\"@type\":\"ReadAction\",\"target\":[\"https:\\\/\\\/culturesco.com\\\/index.php\\\/2019\\\/01\\\/25\\\/joe-strummer-the-clash-citation-on-est-venu-on-a-dit-ce-qu-on-avait-a-dire\\\/\"]}]},{\"@type\":\"ImageObject\",\"inLanguage\":\"fr-FR\",\"@id\":\"https:\\\/\\\/culturesco.com\\\/index.php\\\/2019\\\/01\\\/25\\\/joe-strummer-the-clash-citation-on-est-venu-on-a-dit-ce-qu-on-avait-a-dire\\\/#primaryimage\",\"url\":\"https:\\\/\\\/i0.wp.com\\\/culturesco.com\\\/wp-content\\\/uploads\\\/2019\\\/01\\\/joe-strummer-1.jpg?fit=600%2C314&ssl=1\",\"contentUrl\":\"https:\\\/\\\/i0.wp.com\\\/culturesco.com\\\/wp-content\\\/uploads\\\/2019\\\/01\\\/joe-strummer-1.jpg?fit=600%2C314&ssl=1\",\"width\":600,\"height\":314,\"caption\":\"Joe Strummer - Citation\"},{\"@type\":\"BreadcrumbList\",\"@id\":\"https:\\\/\\\/culturesco.com\\\/index.php\\\/2019\\\/01\\\/25\\\/joe-strummer-the-clash-citation-on-est-venu-on-a-dit-ce-qu-on-avait-a-dire\\\/#breadcrumb\",\"itemListElement\":[{\"@type\":\"ListItem\",\"position\":1,\"name\":\"Accueil\",\"item\":\"https:\\\/\\\/culturesco.com\\\/\"},{\"@type\":\"ListItem\",\"position\":2,\"name\":\"Joe Strummer Citation &#8211; On a dit ce qu\u2019on avait \u00e0 dire&#8230;\"}]},{\"@type\":\"WebSite\",\"@id\":\"https:\\\/\\\/culturesco.com\\\/#website\",\"url\":\"https:\\\/\\\/culturesco.com\\\/\",\"name\":\"Culturesco\",\"description\":\"Culturesco | Un bon coup de pied dans ta Culture\",\"publisher\":{\"@id\":\"https:\\\/\\\/culturesco.com\\\/#organization\"},\"potentialAction\":[{\"@type\":\"SearchAction\",\"target\":{\"@type\":\"EntryPoint\",\"urlTemplate\":\"https:\\\/\\\/culturesco.com\\\/?s={search_term_string}\"},\"query-input\":{\"@type\":\"PropertyValueSpecification\",\"valueRequired\":true,\"valueName\":\"search_term_string\"}}],\"inLanguage\":\"fr-FR\"},{\"@type\":\"Organization\",\"@id\":\"https:\\\/\\\/culturesco.com\\\/#organization\",\"name\":\"CULTURESCO\",\"url\":\"https:\\\/\\\/culturesco.com\\\/\",\"logo\":{\"@type\":\"ImageObject\",\"inLanguage\":\"fr-FR\",\"@id\":\"https:\\\/\\\/culturesco.com\\\/#\\\/schema\\\/logo\\\/image\\\/\",\"url\":\"https:\\\/\\\/i0.wp.com\\\/culturesco.com\\\/wp-content\\\/uploads\\\/2022\\\/04\\\/culturesco-logo-blanc250p.png?fit=250%2C250&ssl=1\",\"contentUrl\":\"https:\\\/\\\/i0.wp.com\\\/culturesco.com\\\/wp-content\\\/uploads\\\/2022\\\/04\\\/culturesco-logo-blanc250p.png?fit=250%2C250&ssl=1\",\"width\":250,\"height\":250,\"caption\":\"CULTURESCO\"},\"image\":{\"@id\":\"https:\\\/\\\/culturesco.com\\\/#\\\/schema\\\/logo\\\/image\\\/\"},\"sameAs\":[\"https:\\\/\\\/www.facebook.com\\\/radioculturesco\",\"https:\\\/\\\/x.com\\\/AugusteMarshal\",\"https:\\\/\\\/www.instagram.com\\\/carotte_rock_culture\\\/\",\"https:\\\/\\\/www.pinterest.fr\\\/augustemarshal\\\/\",\"https:\\\/\\\/www.youtube.com\\\/channel\\\/UCiWLGffqWSXlNnfzp6YwwyQ\"]},{\"@type\":\"Person\",\"@id\":\"https:\\\/\\\/culturesco.com\\\/#\\\/schema\\\/person\\\/9a265b03a60b0fa349532a231f7d1d0e\",\"name\":\"Auguste Marshal\",\"image\":{\"@type\":\"ImageObject\",\"inLanguage\":\"fr-FR\",\"@id\":\"https:\\\/\\\/i0.wp.com\\\/culturesco.com\\\/wp-content\\\/uploads\\\/2019\\\/03\\\/auguste.jpg?fit=96%2C74&ssl=1\",\"url\":\"https:\\\/\\\/i0.wp.com\\\/culturesco.com\\\/wp-content\\\/uploads\\\/2019\\\/03\\\/auguste.jpg?fit=96%2C74&ssl=1\",\"contentUrl\":\"https:\\\/\\\/i0.wp.com\\\/culturesco.com\\\/wp-content\\\/uploads\\\/2019\\\/03\\\/auguste.jpg?fit=96%2C74&ssl=1\",\"caption\":\"Auguste Marshal\"},\"description\":\"Animateur Radio - Producteur animateur de l'\u00e9mission Culturesco sur Pop Culture Radio - Community Manager - Cr\u00e9ateur du blog Culturesco.com et pr\u00e9c\u00e9demment du Blog Rock Auguste Marshal - Administrateur des pages Facebook et Instagram Carotte Rock Cultures et Radio CulturesCo - Administrateur de groupes Facebook\",\"sameAs\":[\"https:\\\/\\\/culturesco.com\",\"https:\\\/\\\/www.facebook.com\\\/radioculturesco\",\"https:\\\/\\\/www.instagram.com\\\/carotte_rock_culture\\\/\",\"https:\\\/\\\/www.linkedin.com\\\/in\\\/auguste-marshal-7125b1151\\\/\",\"https:\\\/\\\/x.com\\\/https:\\\/\\\/twitter.com\\\/AugusteMarshal\",\"https:\\\/\\\/www.youtube.com\\\/channel\\\/UCiWLGffqWSXlNnfzp6YwwyQ\"],\"url\":\"https:\\\/\\\/culturesco.com\\\/index.php\\\/author\\\/admin8255\\\/\"}]}<\/script>\n<!-- \/ Yoast SEO plugin. -->","yoast_head_json":{"title":"Joe Strummer Citation - On a dit ce qu\u2019on avait \u00e0 dire... - Culturesco","description":"CulturesCo | Joe Strummer The CLASH, citation : \"On est venus, on a dit ce qu\u2019on avait \u00e0 dire, on s\u2019est cass\u00e9s, moi, \u00e7a me pla\u00eet bien\".","robots":{"index":"index","follow":"follow","max-snippet":"max-snippet:-1","max-image-preview":"max-image-preview:large","max-video-preview":"max-video-preview:-1"},"canonical":"https:\/\/culturesco.com\/index.php\/2019\/01\/25\/joe-strummer-the-clash-citation-on-est-venu-on-a-dit-ce-qu-on-avait-a-dire\/","og_locale":"fr_FR","og_type":"article","og_title":"Joe Strummer Citation - On a dit ce qu\u2019on avait \u00e0 dire... - Culturesco","og_description":"CulturesCo | Joe Strummer The CLASH, citation : \"On est venus, on a dit ce qu\u2019on avait \u00e0 dire, on s\u2019est cass\u00e9s, moi, \u00e7a me pla\u00eet bien\".","og_url":"https:\/\/culturesco.com\/index.php\/2019\/01\/25\/joe-strummer-the-clash-citation-on-est-venu-on-a-dit-ce-qu-on-avait-a-dire\/","og_site_name":"Culturesco","article_publisher":"https:\/\/www.facebook.com\/radioculturesco","article_author":"https:\/\/www.facebook.com\/radioculturesco","article_published_time":"2019-01-25T15:10:21+00:00","article_modified_time":"2019-04-18T15:44:47+00:00","og_image":[{"width":600,"height":314,"url":"https:\/\/i2.wp.com\/culturesco.com\/wp-content\/uploads\/2019\/01\/joe-strummer-1.jpg?fit=600%2C314&ssl=1","type":"image\/jpeg"}],"author":"Auguste Marshal","twitter_card":"summary_large_image","twitter_creator":"@https:\/\/twitter.com\/AugusteMarshal","twitter_site":"@AugusteMarshal","twitter_misc":{"\u00c9crit par":"Auguste Marshal","Dur\u00e9e de lecture estim\u00e9e":"1 minute"},"schema":{"@context":"https:\/\/schema.org","@graph":[{"@type":"Article","@id":"https:\/\/culturesco.com\/index.php\/2019\/01\/25\/joe-strummer-the-clash-citation-on-est-venu-on-a-dit-ce-qu-on-avait-a-dire\/#article","isPartOf":{"@id":"https:\/\/culturesco.com\/index.php\/2019\/01\/25\/joe-strummer-the-clash-citation-on-est-venu-on-a-dit-ce-qu-on-avait-a-dire\/"},"author":{"name":"Auguste Marshal","@id":"https:\/\/culturesco.com\/#\/schema\/person\/9a265b03a60b0fa349532a231f7d1d0e"},"headline":"Joe Strummer Citation &#8211; On a dit ce qu\u2019on avait \u00e0 dire&#8230;","datePublished":"2019-01-25T15:10:21+00:00","dateModified":"2019-04-18T15:44:47+00:00","mainEntityOfPage":{"@id":"https:\/\/culturesco.com\/index.php\/2019\/01\/25\/joe-strummer-the-clash-citation-on-est-venu-on-a-dit-ce-qu-on-avait-a-dire\/"},"wordCount":295,"publisher":{"@id":"https:\/\/culturesco.com\/#organization"},"image":{"@id":"https:\/\/culturesco.com\/index.php\/2019\/01\/25\/joe-strummer-the-clash-citation-on-est-venu-on-a-dit-ce-qu-on-avait-a-dire\/#primaryimage"},"thumbnailUrl":"https:\/\/i0.wp.com\/culturesco.com\/wp-content\/uploads\/2019\/01\/joe-strummer-1.jpg?fit=600%2C314&ssl=1","keywords":["citation","Personnalit\u00e9 Rock"],"articleSection":["Carotte Rock Cultures","Citation rock"],"inLanguage":"fr-FR"},{"@type":"WebPage","@id":"https:\/\/culturesco.com\/index.php\/2019\/01\/25\/joe-strummer-the-clash-citation-on-est-venu-on-a-dit-ce-qu-on-avait-a-dire\/","url":"https:\/\/culturesco.com\/index.php\/2019\/01\/25\/joe-strummer-the-clash-citation-on-est-venu-on-a-dit-ce-qu-on-avait-a-dire\/","name":"Joe Strummer Citation - On a dit ce qu\u2019on avait \u00e0 dire... - Culturesco","isPartOf":{"@id":"https:\/\/culturesco.com\/#website"},"primaryImageOfPage":{"@id":"https:\/\/culturesco.com\/index.php\/2019\/01\/25\/joe-strummer-the-clash-citation-on-est-venu-on-a-dit-ce-qu-on-avait-a-dire\/#primaryimage"},"image":{"@id":"https:\/\/culturesco.com\/index.php\/2019\/01\/25\/joe-strummer-the-clash-citation-on-est-venu-on-a-dit-ce-qu-on-avait-a-dire\/#primaryimage"},"thumbnailUrl":"https:\/\/i0.wp.com\/culturesco.com\/wp-content\/uploads\/2019\/01\/joe-strummer-1.jpg?fit=600%2C314&ssl=1","datePublished":"2019-01-25T15:10:21+00:00","dateModified":"2019-04-18T15:44:47+00:00","description":"CulturesCo | Joe Strummer The CLASH, citation : \"On est venus, on a dit ce qu\u2019on avait \u00e0 dire, on s\u2019est cass\u00e9s, moi, \u00e7a me pla\u00eet bien\".","breadcrumb":{"@id":"https:\/\/culturesco.com\/index.php\/2019\/01\/25\/joe-strummer-the-clash-citation-on-est-venu-on-a-dit-ce-qu-on-avait-a-dire\/#breadcrumb"},"inLanguage":"fr-FR","potentialAction":[{"@type":"ReadAction","target":["https:\/\/culturesco.com\/index.php\/2019\/01\/25\/joe-strummer-the-clash-citation-on-est-venu-on-a-dit-ce-qu-on-avait-a-dire\/"]}]},{"@type":"ImageObject","inLanguage":"fr-FR","@id":"https:\/\/culturesco.com\/index.php\/2019\/01\/25\/joe-strummer-the-clash-citation-on-est-venu-on-a-dit-ce-qu-on-avait-a-dire\/#primaryimage","url":"https:\/\/i0.wp.com\/culturesco.com\/wp-content\/uploads\/2019\/01\/joe-strummer-1.jpg?fit=600%2C314&ssl=1","contentUrl":"https:\/\/i0.wp.com\/culturesco.com\/wp-content\/uploads\/2019\/01\/joe-strummer-1.jpg?fit=600%2C314&ssl=1","width":600,"height":314,"caption":"Joe Strummer - Citation"},{"@type":"BreadcrumbList","@id":"https:\/\/culturesco.com\/index.php\/2019\/01\/25\/joe-strummer-the-clash-citation-on-est-venu-on-a-dit-ce-qu-on-avait-a-dire\/#breadcrumb","itemListElement":[{"@type":"ListItem","position":1,"name":"Accueil","item":"https:\/\/culturesco.com\/"},{"@type":"ListItem","position":2,"name":"Joe Strummer Citation &#8211; On a dit ce qu\u2019on avait \u00e0 dire&#8230;"}]},{"@type":"WebSite","@id":"https:\/\/culturesco.com\/#website","url":"https:\/\/culturesco.com\/","name":"Culturesco","description":"Culturesco | Un bon coup de pied dans ta Culture","publisher":{"@id":"https:\/\/culturesco.com\/#organization"},"potentialAction":[{"@type":"SearchAction","target":{"@type":"EntryPoint","urlTemplate":"https:\/\/culturesco.com\/?s={search_term_string}"},"query-input":{"@type":"PropertyValueSpecification","valueRequired":true,"valueName":"search_term_string"}}],"inLanguage":"fr-FR"},{"@type":"Organization","@id":"https:\/\/culturesco.com\/#organization","name":"CULTURESCO","url":"https:\/\/culturesco.com\/","logo":{"@type":"ImageObject","inLanguage":"fr-FR","@id":"https:\/\/culturesco.com\/#\/schema\/logo\/image\/","url":"https:\/\/i0.wp.com\/culturesco.com\/wp-content\/uploads\/2022\/04\/culturesco-logo-blanc250p.png?fit=250%2C250&ssl=1","contentUrl":"https:\/\/i0.wp.com\/culturesco.com\/wp-content\/uploads\/2022\/04\/culturesco-logo-blanc250p.png?fit=250%2C250&ssl=1","width":250,"height":250,"caption":"CULTURESCO"},"image":{"@id":"https:\/\/culturesco.com\/#\/schema\/logo\/image\/"},"sameAs":["https:\/\/www.facebook.com\/radioculturesco","https:\/\/x.com\/AugusteMarshal","https:\/\/www.instagram.com\/carotte_rock_culture\/","https:\/\/www.pinterest.fr\/augustemarshal\/","https:\/\/www.youtube.com\/channel\/UCiWLGffqWSXlNnfzp6YwwyQ"]},{"@type":"Person","@id":"https:\/\/culturesco.com\/#\/schema\/person\/9a265b03a60b0fa349532a231f7d1d0e","name":"Auguste Marshal","image":{"@type":"ImageObject","inLanguage":"fr-FR","@id":"https:\/\/i0.wp.com\/culturesco.com\/wp-content\/uploads\/2019\/03\/auguste.jpg?fit=96%2C74&ssl=1","url":"https:\/\/i0.wp.com\/culturesco.com\/wp-content\/uploads\/2019\/03\/auguste.jpg?fit=96%2C74&ssl=1","contentUrl":"https:\/\/i0.wp.com\/culturesco.com\/wp-content\/uploads\/2019\/03\/auguste.jpg?fit=96%2C74&ssl=1","caption":"Auguste Marshal"},"description":"Animateur Radio - Producteur animateur de l'\u00e9mission Culturesco sur Pop Culture Radio - Community Manager - Cr\u00e9ateur du blog Culturesco.com et pr\u00e9c\u00e9demment du Blog Rock Auguste Marshal - Administrateur des pages Facebook et Instagram Carotte Rock Cultures et Radio CulturesCo - Administrateur de groupes Facebook","sameAs":["https:\/\/culturesco.com","https:\/\/www.facebook.com\/radioculturesco","https:\/\/www.instagram.com\/carotte_rock_culture\/","https:\/\/www.linkedin.com\/in\/auguste-marshal-7125b1151\/","https:\/\/x.com\/https:\/\/twitter.com\/AugusteMarshal","https:\/\/www.youtube.com\/channel\/UCiWLGffqWSXlNnfzp6YwwyQ"],"url":"https:\/\/culturesco.com\/index.php\/author\/admin8255\/"}]}},"jetpack_featured_media_url":"https:\/\/i0.wp.com\/culturesco.com\/wp-content\/uploads\/2019\/01\/joe-strummer-1.jpg?fit=600%2C314&ssl=1","jetpack_likes_enabled":true,"jetpack_sharing_enabled":true,"jetpack_shortlink":"https:\/\/wp.me\/paz89I-GG","_links":{"self":[{"href":"https:\/\/culturesco.com\/index.php\/wp-json\/wp\/v2\/posts\/2646","targetHints":{"allow":["GET"]}}],"collection":[{"href":"https:\/\/culturesco.com\/index.php\/wp-json\/wp\/v2\/posts"}],"about":[{"href":"https:\/\/culturesco.com\/index.php\/wp-json\/wp\/v2\/types\/post"}],"author":[{"embeddable":true,"href":"https:\/\/culturesco.com\/index.php\/wp-json\/wp\/v2\/users\/1"}],"replies":[{"embeddable":true,"href":"https:\/\/culturesco.com\/index.php\/wp-json\/wp\/v2\/comments?post=2646"}],"version-history":[{"count":0,"href":"https:\/\/culturesco.com\/index.php\/wp-json\/wp\/v2\/posts\/2646\/revisions"}],"wp:featuredmedia":[{"embeddable":true,"href":"https:\/\/culturesco.com\/index.php\/wp-json\/wp\/v2\/media\/2647"}],"wp:attachment":[{"href":"https:\/\/culturesco.com\/index.php\/wp-json\/wp\/v2\/media?parent=2646"}],"wp:term":[{"taxonomy":"category","embeddable":true,"href":"https:\/\/culturesco.com\/index.php\/wp-json\/wp\/v2\/categories?post=2646"},{"taxonomy":"post_tag","embeddable":true,"href":"https:\/\/culturesco.com\/index.php\/wp-json\/wp\/v2\/tags?post=2646"}],"curies":[{"name":"wp","href":"https:\/\/api.w.org\/{rel}","templated":true}]}}