{"id":25840,"date":"2026-03-17T09:21:56","date_gmt":"2026-03-17T08:21:56","guid":{"rendered":"https:\/\/culturesco.com\/?p=25840"},"modified":"2026-03-21T11:16:08","modified_gmt":"2026-03-21T10:16:08","slug":"deus-worst-case-versus-in-a-bar-lille-2026","status":"publish","type":"post","link":"https:\/\/culturesco.com\/index.php\/2026\/03\/17\/deus-worst-case-versus-in-a-bar-lille-2026\/","title":{"rendered":"dEUS : Worst Case VERSUS In A Bar &#8211; LILLE 2026"},"content":{"rendered":"<h2 style=\"text-align: justify;\">Les duellistes<\/h2>\n<figure id=\"attachment_25842\" aria-describedby=\"caption-attachment-25842\" style=\"width: 450px\" class=\"wp-caption aligncenter\"><img data-recalc-dims=\"1\" loading=\"lazy\" decoding=\"async\" class=\"size-full wp-image-25842\" src=\"https:\/\/i0.wp.com\/culturesco.com\/wp-content\/uploads\/2026\/03\/649234667_18347511301233384_4391431275196173201_n-2.jpg?resize=450%2C600&#038;ssl=1\" alt=\"dEUS : affiche de la tourn\u00e9e fran\u00e7aise Worst Case Versus In A Bar\" width=\"450\" height=\"600\" srcset=\"https:\/\/i0.wp.com\/culturesco.com\/wp-content\/uploads\/2026\/03\/649234667_18347511301233384_4391431275196173201_n-2.jpg?w=450&amp;ssl=1 450w, https:\/\/i0.wp.com\/culturesco.com\/wp-content\/uploads\/2026\/03\/649234667_18347511301233384_4391431275196173201_n-2.jpg?resize=225%2C300&amp;ssl=1 225w, https:\/\/i0.wp.com\/culturesco.com\/wp-content\/uploads\/2026\/03\/649234667_18347511301233384_4391431275196173201_n-2.jpg?resize=315%2C420&amp;ssl=1 315w\" sizes=\"auto, (max-width: 450px) 100vw, 450px\" \/><figcaption id=\"caption-attachment-25842\" class=\"wp-caption-text\">dEUS : affiche de la tourn\u00e9e fran\u00e7aise Worst Case Versus In A Bar<\/figcaption><\/figure>\n<p style=\"text-align: justify;\">Que peut ressentir <strong>Tom Barman<\/strong> ce Jeudi 12 Mars dans le b\u00e9ton et le m\u00e9tal de l\u2019<strong>A\u00e9ronef<\/strong> \u00e0 Lille ? Le chanteur \/ guitariste et meneur incontest\u00e9 de <strong>dEUS<\/strong> se souvient sans doute de son premier concert ici, il y a trente ans, en Novembre 1996, deux ann\u00e9es apr\u00e8s un passage promotionnel \u2013 gratuit ! &#8211; en Mars 1994 dans l\u2019ancien A\u00e9ronef &#8211; la version Th\u00e9\u00e2tre 1900 -. Lors de ces deux dates, la formation anversoise initiale avait successivement pr\u00e9sent\u00e9 <em><strong>Worst Case Scenario<\/strong><\/em> en 1994, puis en 96 <em><strong>In A Bar, Under The Sea<\/strong><\/em>, les deux albums fondamentaux du collectif, deux disques devenus cultes depuis et c\u00e9l\u00e9br\u00e9s lors de cette tourn\u00e9e actuelle. A l&rsquo;\u00e9poque, ces concerts lillois avaient \u00e9t\u00e9 incandescents, d&rsquo;une richesse impr\u00e9visible (Lire <a href=\"https:\/\/culturesco.com\/index.php\/2021\/11\/28\/la-belgitude-rock-deus-1re-partie\/\"><strong>La Belgitude Rock : dEUS &#8211; 1re Partie<\/strong><\/a>).<\/p>\n<figure id=\"attachment_25846\" aria-describedby=\"caption-attachment-25846\" style=\"width: 400px\" class=\"wp-caption aligncenter\"><img data-recalc-dims=\"1\" loading=\"lazy\" decoding=\"async\" class=\"size-full wp-image-25846\" src=\"https:\/\/i0.wp.com\/culturesco.com\/wp-content\/uploads\/2026\/03\/IMG_1074-rotated.jpg?resize=400%2C533&#038;ssl=1\" alt=\"Klaas Janzoons et Tom Barman \u00e0 Lille (Photo : Bart Van Belle)\" width=\"400\" height=\"533\" srcset=\"https:\/\/i0.wp.com\/culturesco.com\/wp-content\/uploads\/2026\/03\/IMG_1074-rotated.jpg?w=400&amp;ssl=1 400w, https:\/\/i0.wp.com\/culturesco.com\/wp-content\/uploads\/2026\/03\/IMG_1074-rotated.jpg?resize=225%2C300&amp;ssl=1 225w, https:\/\/i0.wp.com\/culturesco.com\/wp-content\/uploads\/2026\/03\/IMG_1074-rotated.jpg?resize=315%2C420&amp;ssl=1 315w\" sizes=\"auto, (max-width: 400px) 100vw, 400px\" \/><figcaption id=\"caption-attachment-25846\" class=\"wp-caption-text\">Klaas Janzoons et Tom Barman \u00e0 Lille (Photo : Bart Van Belle)<\/figcaption><\/figure>\n<h3>Ces titres en dents de scie<\/h3>\n<p style=\"text-align: justify;\">Une trentaine d&rsquo;ann\u00e9es plus tard, la salle est pleine, au maximum de sa capacit\u00e9 (1850 personnes avec la mezzanine) depuis le d\u00e9but des r\u00e9servations. Nordistes ou Belges, on peut supposer qu\u2019ils sont nombreux et nombreuses \u00e0 suivre<strong> dEUS<\/strong> depuis des ann\u00e9es, dont votre chroniqueur qui a d\u00e9pass\u00e9 la vingtaine de RDV \u00e0 partir de 1994. Surtout, les fans attendent de red\u00e9couvrir en live les titres de la paire f\u00eat\u00e9e ce soir et parfois peu interpr\u00e9t\u00e9s depuis la fin du XXe si\u00e8cle (Eh oui\u2026).<\/p>\n<p style=\"text-align: justify;\">Quel plaisir donc de retrouver les premi\u00e8res cr\u00e9ations de <em><strong>Worst Case Scenario<\/strong><\/em>, ces titres en dents de scie, que les m\u00e9dias trouvaient Jazz et Arty \u00e0 l&rsquo;\u00e9poque, tant ils avaient du mal \u00e0 les d\u00e9crire. D&rsquo;ailleurs, une telle originalit\u00e9 serait-elle envisageable aujourd&rsquo;hui ? Et mise en avant par un gros label ? La question m\u00e9rite d&rsquo;\u00eatre pos\u00e9e. En se doutant de la r\u00e9ponse&#8230;<\/p>\n<figure id=\"attachment_25844\" aria-describedby=\"caption-attachment-25844\" style=\"width: 400px\" class=\"wp-caption aligncenter\"><img data-recalc-dims=\"1\" loading=\"lazy\" decoding=\"async\" class=\"size-full wp-image-25844\" src=\"https:\/\/i0.wp.com\/culturesco.com\/wp-content\/uploads\/2026\/03\/IMG_1056-rotated.jpg?resize=400%2C533&#038;ssl=1\" alt=\"Alan Gevaert\" width=\"400\" height=\"533\" srcset=\"https:\/\/i0.wp.com\/culturesco.com\/wp-content\/uploads\/2026\/03\/IMG_1056-rotated.jpg?w=400&amp;ssl=1 400w, https:\/\/i0.wp.com\/culturesco.com\/wp-content\/uploads\/2026\/03\/IMG_1056-rotated.jpg?resize=225%2C300&amp;ssl=1 225w, https:\/\/i0.wp.com\/culturesco.com\/wp-content\/uploads\/2026\/03\/IMG_1056-rotated.jpg?resize=315%2C420&amp;ssl=1 315w\" sizes=\"auto, (max-width: 400px) 100vw, 400px\" \/><figcaption id=\"caption-attachment-25844\" class=\"wp-caption-text\">Alan Gevaert (Photo : Bart Van Belle)<\/figcaption><\/figure>\n<p style=\"text-align: justify;\">\u00c9videmment, du gang liminaire, il ne reste que<strong> Tom<\/strong> plus l&rsquo;indispensable violoniste \/ clavi\u00e9riste \/ choriste et autres<em> istes<\/em> <strong>Klaas<\/strong> <strong>Janzoons<\/strong>. Mais la section rythmique avec les in\u00e9puisables autant que fid\u00e8les<strong> Stefan<\/strong> <strong>Misseghers<\/strong> \/ batterie et <strong>Alan Gevaert<\/strong> \/ basse, tout deux \u00e9galement aux ch\u0153urs, soutient sans failles les d\u00e9constructions des morceaux. Il en va aussi du nouveau soliste, le jeunot de l&rsquo;\u00e9quipe, le Norv\u00e9gien <strong>Simen F\u00f8lstad Nilsen<\/strong>. M\u00eame si ses sonorit\u00e9s s&rsquo;av\u00e8rent plus carr\u00e9es et moins r\u00eaches que les abrasions du premier guitariste <strong>Rudy Trouv\u00e9<\/strong>.<br \/>\nD&rsquo;ailleurs, on peut regretter que ni <strong>Rudy<\/strong>, ni le batteur originel <strong>Jules De Borgher<\/strong>, ni le chanteur \/ bassiste et charismatique <strong>Stef Kamil Carlens<\/strong>, ne soient venus en surprises sur le g\u00e2teau, contrairement \u00e0 certaines dates en Belgique auparavant.<\/p>\n<figure id=\"attachment_25845\" aria-describedby=\"caption-attachment-25845\" style=\"width: 400px\" class=\"wp-caption aligncenter\"><img data-recalc-dims=\"1\" loading=\"lazy\" decoding=\"async\" class=\"size-full wp-image-25845\" src=\"https:\/\/i0.wp.com\/culturesco.com\/wp-content\/uploads\/2026\/03\/IMG_1065-rotated.jpg?resize=400%2C533&#038;ssl=1\" alt=\"Simen F\u00f8lstad Nilsen et \u00e0 l'arri\u00e8re plan Stefan Misseghers\" width=\"400\" height=\"533\" srcset=\"https:\/\/i0.wp.com\/culturesco.com\/wp-content\/uploads\/2026\/03\/IMG_1065-rotated.jpg?w=400&amp;ssl=1 400w, https:\/\/i0.wp.com\/culturesco.com\/wp-content\/uploads\/2026\/03\/IMG_1065-rotated.jpg?resize=225%2C300&amp;ssl=1 225w, https:\/\/i0.wp.com\/culturesco.com\/wp-content\/uploads\/2026\/03\/IMG_1065-rotated.jpg?resize=315%2C420&amp;ssl=1 315w\" sizes=\"auto, (max-width: 400px) 100vw, 400px\" \/><figcaption id=\"caption-attachment-25845\" class=\"wp-caption-text\">Simen F\u00f8lstad Nilsen et \u00e0 l&rsquo;arri\u00e8re-plan Stefan Misseghers (Photo : Bart Van Belle)<\/figcaption><\/figure>\n<h3>Une voix unique<\/h3>\n<p style=\"text-align: justify;\">Curieusement, l&rsquo;\u00e9quipe joue au cordeau, sans grands bouleversements dans les notes, les arrangements et les battements des th\u00e8mes de <strong><em>Worst Case Scenari<\/em>o. <\/strong>Une certaine retenue, paradoxale dans la d\u00e9glingue mais qu&rsquo;honore le public, trop heureux de (re)vivre ce pass\u00e9 ant\u00e9rieur de <strong>dEUS<\/strong>.<br \/>\nC&rsquo;est \u00e0 partir du premier extrait de <em><strong>In A Bar, Under The Sea<\/strong><\/em>, &#8211; le cin\u00e9matographique<strong> Theme<\/strong> <strong>From Turnpike<\/strong> -, que les duellistes enfin se d\u00e9brident, avec un final percussif digne de la version live lilloise de 1996 (Y figurait comme invit\u00e9, <strong>Rudy Cloet<\/strong>, le batteur d<a href=\"https:\/\/culturesco.com\/index.php\/2022\/01\/04\/arno-lalbum-charlatan-portrait-dun-dandy-deglingue\/\"><strong>&lsquo;Arno<\/strong><\/a>.). Notons que des projections des vid\u00e9os originales ponctuent avec \u00e9motions &#8211; nostalgie ? &#8211; le d\u00e9roulement du concert pour cette seconde partie.<\/p>\n<h3>dEUS &#8211; Theme From Turnpike &#8211; In A Bar, Under The Sea (1996)<\/h3>\n<div class=\"youtube-embed\" data-video_id=\"0ctOyryYhaI\"><iframe loading=\"lazy\" title=\"dEUS - Theme From Turnpike (from In A Bar, Under The Sea)\" width=\"696\" height=\"522\" src=\"https:\/\/www.youtube.com\/embed\/0ctOyryYhaI\" frameborder=\"0\" allow=\"accelerometer; autoplay; clipboard-write; encrypted-media; gyroscope; picture-in-picture; web-share\" referrerpolicy=\"strict-origin-when-cross-origin\" allowfullscreen><\/iframe><\/div>\n<p style=\"text-align: justify;\">L\u00e0, les gars r\u00e9interpr\u00e8tent vraiment, rallongeant les s\u00e9quences, les structures et int\u00e9grant des ch\u0153urs, le guitariste <strong>Simen F\u00f8lstad Nilsen<\/strong> se permettant m\u00eame quelques ajouts de chorus, plut\u00f4t rares chez <strong>dEUS<\/strong>.<br \/>\nOn saluera \u00e0 nouveau le talent d&rsquo;\u00e9criture de <strong>Tom Barman<\/strong> quel que soit l&rsquo;\u00e9clectisme fascinant des chansons, ainsi que la qualit\u00e9 de son chant, en parlando ou plus traditionnel, une voix unique qui demeure l&rsquo;un des atouts de <strong>dEUS<\/strong>.<\/p>\n<figure id=\"attachment_25843\" aria-describedby=\"caption-attachment-25843\" style=\"width: 400px\" class=\"wp-caption aligncenter\"><img data-recalc-dims=\"1\" loading=\"lazy\" decoding=\"async\" class=\"size-full wp-image-25843\" src=\"https:\/\/i0.wp.com\/culturesco.com\/wp-content\/uploads\/2026\/03\/IMG_1046-rotated.jpg?resize=400%2C533&#038;ssl=1\" alt=\"Tom Barman (Photo : Bart Van Belle)\" width=\"400\" height=\"533\" srcset=\"https:\/\/i0.wp.com\/culturesco.com\/wp-content\/uploads\/2026\/03\/IMG_1046-rotated.jpg?w=400&amp;ssl=1 400w, https:\/\/i0.wp.com\/culturesco.com\/wp-content\/uploads\/2026\/03\/IMG_1046-rotated.jpg?resize=225%2C300&amp;ssl=1 225w, https:\/\/i0.wp.com\/culturesco.com\/wp-content\/uploads\/2026\/03\/IMG_1046-rotated.jpg?resize=315%2C420&amp;ssl=1 315w\" sizes=\"auto, (max-width: 400px) 100vw, 400px\" \/><figcaption id=\"caption-attachment-25843\" class=\"wp-caption-text\">Tom Barman (Photo : Bart Van Belle)<\/figcaption><\/figure>\n<p style=\"text-align: justify;\">Ce concert m\u00e9moriel se terminera par des versions \u00e9nergisantes des in\u00e9vitables <strong>Suds &amp; Soda<\/strong>,<strong> Gimme The Heat<\/strong> et l&rsquo;obs\u00e9dant <strong>Roses, <\/strong>avec les mont\u00e9es inexorables du violon de<strong> Klaas<\/strong>. Sans l&rsquo;\u00e9mouvant <strong>Hotellounge<\/strong>, pourtant pr\u00e9vu dans les rappels\u2026 Un prochain rendez-vous ?<\/p>\n<h3 style=\"text-align: justify;\">dEUS &#8211; Setlist du Jeudi 12 Mars 2026 \u00e0 Lille<\/h3>\n<p>Jigsaw You<br \/>\nVia<br \/>\nMorticiachair<br \/>\nLet\u2019s Get Lost<br \/>\nSecret Hell<br \/>\nRight as Rain<br \/>\nMute<br \/>\nShake Your Hip<br \/>\nGreat American Nude<br \/>\nW.C.S. (First Draft)<\/p>\n<p>Theme From Turnpike<br \/>\nGuilty Pleasures<br \/>\nSerpentine<br \/>\nA Shocking Lack Thereof<br \/>\nLittle Arithmetics<br \/>\nFell Off the Floor, Man<\/p>\n<p>Suds &amp; Soda<\/p>\n<p>Encore :<br \/>\nGimme the Heat<br \/>\nRoses<\/p>\n<p>Un \u00e9norme <strong>MERCI<\/strong> \u00e0<strong> Bart Van Belle<\/strong> du site <a href=\"https:\/\/www.hotellounge.be\/\"><strong>Hotellounge.be<\/strong><\/a> pour ses photos !<\/p>\n<p><strong>Bruno Polaro\u00efd <\/strong><\/p>\n<p>&nbsp;<\/p>\n","protected":false},"excerpt":{"rendered":"<p>Les duellistes Que peut ressentir Tom Barman ce Jeudi 12 Mars dans le b\u00e9ton et le m\u00e9tal de l\u2019A\u00e9ronef \u00e0 Lille ? Le chanteur \/ guitariste et meneur incontest\u00e9 de dEUS se souvient sans doute de son premier concert ici, il y a trente ans, en Novembre 1996, deux ann\u00e9es apr\u00e8s un passage promotionnel \u2013 [&hellip;]<\/p>\n","protected":false},"author":20,"featured_media":25841,"comment_status":"open","ping_status":"open","sticky":false,"template":"","format":"image","meta":{"jetpack_post_was_ever_published":false,"tdm_status":"","tdm_grid_status":"","_jetpack_newsletter_access":"","_jetpack_dont_email_post_to_subs":false,"_jetpack_newsletter_tier_id":0,"_jetpack_memberships_contains_paywalled_content":false,"_jetpack_memberships_contains_paid_content":false,"footnotes":""},"categories":[30,17,36,14548],"tags":[37,12189,651,52,11916,7103,14153],"class_list":{"0":"post-25840","1":"post","2":"type-post","3":"status-publish","4":"format-image","5":"has-post-thumbnail","7":"category-albums-rock","8":"category-carotte-rock-cultures","9":"category-groupes-rock-daujourdhui","10":"category-live-music","11":"tag-album-rock","12":"tag-albums-essentiels","13":"tag-concert","14":"tag-groupe-rock-actuel","15":"tag-prog-rock","16":"tag-rock","17":"tag-rock-belge","18":"post_format-post-format-image"},"yoast_head":"<!-- This site is optimized with the Yoast SEO plugin v27.5 - https:\/\/yoast.com\/product\/yoast-seo-wordpress\/ -->\n<title>dEUS : Worst Case VERSUS In A Bar - LILLE 2026 - Culturesco<\/title>\n<meta name=\"description\" content=\"CulturesCo | Un bon coup de pied dans ta Culture | Chroniques et histoire du Rock - dEUS : Worst Case VERSUS In A Bar - LILLE 2026\" \/>\n<meta name=\"robots\" content=\"index, follow, max-snippet:-1, max-image-preview:large, max-video-preview:-1\" \/>\n<link rel=\"canonical\" href=\"https:\/\/culturesco.com\/index.php\/2026\/03\/17\/deus-worst-case-versus-in-a-bar-lille-2026\/\" \/>\n<meta property=\"og:locale\" content=\"fr_FR\" \/>\n<meta property=\"og:type\" content=\"article\" \/>\n<meta property=\"og:title\" content=\"dEUS : Worst Case VERSUS In A Bar - LILLE 2026\" \/>\n<meta property=\"og:description\" content=\"CulturesCo | Un bon coup de pied dans ta Culture | Chroniques et histoire du Rock - dEUS : Worst Case VERSUS In A Bar - LILLE 2026\" \/>\n<meta property=\"og:url\" content=\"https:\/\/culturesco.com\/index.php\/2026\/03\/17\/deus-worst-case-versus-in-a-bar-lille-2026\/\" \/>\n<meta property=\"og:site_name\" content=\"Culturesco\" \/>\n<meta property=\"article:publisher\" content=\"https:\/\/www.facebook.com\/radioculturesco\" \/>\n<meta property=\"article:published_time\" content=\"2026-03-17T08:21:56+00:00\" \/>\n<meta property=\"article:modified_time\" content=\"2026-03-21T10:16:08+00:00\" \/>\n<meta property=\"og:image\" content=\"https:\/\/culturesco.com\/wp-content\/uploads\/2026\/03\/545146055_1339351677546338_1547304287823417379_n-3.jpg\" \/>\n\t<meta property=\"og:image:width\" content=\"600\" \/>\n\t<meta property=\"og:image:height\" content=\"314\" \/>\n\t<meta property=\"og:image:type\" content=\"image\/jpeg\" \/>\n<meta name=\"author\" content=\"Bruno Polaroid\" \/>\n<meta name=\"twitter:card\" content=\"summary_large_image\" \/>\n<meta name=\"twitter:creator\" content=\"@AugusteMarshal\" \/>\n<meta name=\"twitter:site\" content=\"@AugusteMarshal\" \/>\n<meta name=\"twitter:label1\" content=\"\u00c9crit par\" \/>\n\t<meta name=\"twitter:data1\" content=\"Bruno Polaroid\" \/>\n\t<meta name=\"twitter:label2\" content=\"Dur\u00e9e de lecture estim\u00e9e\" \/>\n\t<meta name=\"twitter:data2\" content=\"6 minutes\" \/>\n<script type=\"application\/ld+json\" class=\"yoast-schema-graph\">{\"@context\":\"https:\\\/\\\/schema.org\",\"@graph\":[{\"@type\":\"Article\",\"@id\":\"https:\\\/\\\/culturesco.com\\\/index.php\\\/2026\\\/03\\\/17\\\/deus-worst-case-versus-in-a-bar-lille-2026\\\/#article\",\"isPartOf\":{\"@id\":\"https:\\\/\\\/culturesco.com\\\/index.php\\\/2026\\\/03\\\/17\\\/deus-worst-case-versus-in-a-bar-lille-2026\\\/\"},\"author\":{\"name\":\"Bruno Polaroid\",\"@id\":\"https:\\\/\\\/culturesco.com\\\/#\\\/schema\\\/person\\\/81834f4613bae18e9afa0dfb9b4f5457\"},\"headline\":\"dEUS : Worst Case VERSUS In A Bar &#8211; LILLE 2026\",\"datePublished\":\"2026-03-17T08:21:56+00:00\",\"dateModified\":\"2026-03-21T10:16:08+00:00\",\"mainEntityOfPage\":{\"@id\":\"https:\\\/\\\/culturesco.com\\\/index.php\\\/2026\\\/03\\\/17\\\/deus-worst-case-versus-in-a-bar-lille-2026\\\/\"},\"wordCount\":878,\"commentCount\":0,\"publisher\":{\"@id\":\"https:\\\/\\\/culturesco.com\\\/#organization\"},\"image\":{\"@id\":\"https:\\\/\\\/culturesco.com\\\/index.php\\\/2026\\\/03\\\/17\\\/deus-worst-case-versus-in-a-bar-lille-2026\\\/#primaryimage\"},\"thumbnailUrl\":\"https:\\\/\\\/i0.wp.com\\\/culturesco.com\\\/wp-content\\\/uploads\\\/2026\\\/03\\\/545146055_1339351677546338_1547304287823417379_n-3.jpg?fit=600%2C314&ssl=1\",\"keywords\":[\"album rock\",\"Albums essentiels\",\"concert\",\"groupe rock actuel\",\"Prog-rock\",\"rock\",\"Rock belge\"],\"articleSection\":[\"Albums rock\",\"Carotte Rock Cultures\",\"Groupes rock d'aujourd'hui\",\"Live music\"],\"inLanguage\":\"fr-FR\",\"potentialAction\":[{\"@type\":\"CommentAction\",\"name\":\"Comment\",\"target\":[\"https:\\\/\\\/culturesco.com\\\/index.php\\\/2026\\\/03\\\/17\\\/deus-worst-case-versus-in-a-bar-lille-2026\\\/#respond\"]}]},{\"@type\":\"WebPage\",\"@id\":\"https:\\\/\\\/culturesco.com\\\/index.php\\\/2026\\\/03\\\/17\\\/deus-worst-case-versus-in-a-bar-lille-2026\\\/\",\"url\":\"https:\\\/\\\/culturesco.com\\\/index.php\\\/2026\\\/03\\\/17\\\/deus-worst-case-versus-in-a-bar-lille-2026\\\/\",\"name\":\"dEUS : Worst Case VERSUS In A Bar - LILLE 2026 - Culturesco\",\"isPartOf\":{\"@id\":\"https:\\\/\\\/culturesco.com\\\/#website\"},\"primaryImageOfPage\":{\"@id\":\"https:\\\/\\\/culturesco.com\\\/index.php\\\/2026\\\/03\\\/17\\\/deus-worst-case-versus-in-a-bar-lille-2026\\\/#primaryimage\"},\"image\":{\"@id\":\"https:\\\/\\\/culturesco.com\\\/index.php\\\/2026\\\/03\\\/17\\\/deus-worst-case-versus-in-a-bar-lille-2026\\\/#primaryimage\"},\"thumbnailUrl\":\"https:\\\/\\\/i0.wp.com\\\/culturesco.com\\\/wp-content\\\/uploads\\\/2026\\\/03\\\/545146055_1339351677546338_1547304287823417379_n-3.jpg?fit=600%2C314&ssl=1\",\"datePublished\":\"2026-03-17T08:21:56+00:00\",\"dateModified\":\"2026-03-21T10:16:08+00:00\",\"description\":\"CulturesCo | Un bon coup de pied dans ta Culture | Chroniques et histoire du Rock - dEUS : Worst Case VERSUS In A Bar - LILLE 2026\",\"breadcrumb\":{\"@id\":\"https:\\\/\\\/culturesco.com\\\/index.php\\\/2026\\\/03\\\/17\\\/deus-worst-case-versus-in-a-bar-lille-2026\\\/#breadcrumb\"},\"inLanguage\":\"fr-FR\",\"potentialAction\":[{\"@type\":\"ReadAction\",\"target\":[\"https:\\\/\\\/culturesco.com\\\/index.php\\\/2026\\\/03\\\/17\\\/deus-worst-case-versus-in-a-bar-lille-2026\\\/\"]}]},{\"@type\":\"ImageObject\",\"inLanguage\":\"fr-FR\",\"@id\":\"https:\\\/\\\/culturesco.com\\\/index.php\\\/2026\\\/03\\\/17\\\/deus-worst-case-versus-in-a-bar-lille-2026\\\/#primaryimage\",\"url\":\"https:\\\/\\\/i0.wp.com\\\/culturesco.com\\\/wp-content\\\/uploads\\\/2026\\\/03\\\/545146055_1339351677546338_1547304287823417379_n-3.jpg?fit=600%2C314&ssl=1\",\"contentUrl\":\"https:\\\/\\\/i0.wp.com\\\/culturesco.com\\\/wp-content\\\/uploads\\\/2026\\\/03\\\/545146055_1339351677546338_1547304287823417379_n-3.jpg?fit=600%2C314&ssl=1\",\"width\":600,\"height\":314,\"caption\":\"dEUS : affiche de la tourn\u00e9e Worst Case Versus In A Bar (D\u00e9tail)\"},{\"@type\":\"BreadcrumbList\",\"@id\":\"https:\\\/\\\/culturesco.com\\\/index.php\\\/2026\\\/03\\\/17\\\/deus-worst-case-versus-in-a-bar-lille-2026\\\/#breadcrumb\",\"itemListElement\":[{\"@type\":\"ListItem\",\"position\":1,\"name\":\"Accueil\",\"item\":\"https:\\\/\\\/culturesco.com\\\/\"},{\"@type\":\"ListItem\",\"position\":2,\"name\":\"dEUS : Worst Case VERSUS In A Bar &#8211; LILLE 2026\"}]},{\"@type\":\"WebSite\",\"@id\":\"https:\\\/\\\/culturesco.com\\\/#website\",\"url\":\"https:\\\/\\\/culturesco.com\\\/\",\"name\":\"Culturesco\",\"description\":\"Culturesco | Un bon coup de pied dans ta Culture\",\"publisher\":{\"@id\":\"https:\\\/\\\/culturesco.com\\\/#organization\"},\"potentialAction\":[{\"@type\":\"SearchAction\",\"target\":{\"@type\":\"EntryPoint\",\"urlTemplate\":\"https:\\\/\\\/culturesco.com\\\/?s={search_term_string}\"},\"query-input\":{\"@type\":\"PropertyValueSpecification\",\"valueRequired\":true,\"valueName\":\"search_term_string\"}}],\"inLanguage\":\"fr-FR\"},{\"@type\":\"Organization\",\"@id\":\"https:\\\/\\\/culturesco.com\\\/#organization\",\"name\":\"CULTURESCO\",\"url\":\"https:\\\/\\\/culturesco.com\\\/\",\"logo\":{\"@type\":\"ImageObject\",\"inLanguage\":\"fr-FR\",\"@id\":\"https:\\\/\\\/culturesco.com\\\/#\\\/schema\\\/logo\\\/image\\\/\",\"url\":\"https:\\\/\\\/i0.wp.com\\\/culturesco.com\\\/wp-content\\\/uploads\\\/2022\\\/04\\\/culturesco-logo-blanc250p.png?fit=250%2C250&ssl=1\",\"contentUrl\":\"https:\\\/\\\/i0.wp.com\\\/culturesco.com\\\/wp-content\\\/uploads\\\/2022\\\/04\\\/culturesco-logo-blanc250p.png?fit=250%2C250&ssl=1\",\"width\":250,\"height\":250,\"caption\":\"CULTURESCO\"},\"image\":{\"@id\":\"https:\\\/\\\/culturesco.com\\\/#\\\/schema\\\/logo\\\/image\\\/\"},\"sameAs\":[\"https:\\\/\\\/www.facebook.com\\\/radioculturesco\",\"https:\\\/\\\/x.com\\\/AugusteMarshal\",\"https:\\\/\\\/www.instagram.com\\\/carotte_rock_culture\\\/\",\"https:\\\/\\\/www.pinterest.fr\\\/augustemarshal\\\/\",\"https:\\\/\\\/www.youtube.com\\\/channel\\\/UCiWLGffqWSXlNnfzp6YwwyQ\"]},{\"@type\":\"Person\",\"@id\":\"https:\\\/\\\/culturesco.com\\\/#\\\/schema\\\/person\\\/81834f4613bae18e9afa0dfb9b4f5457\",\"name\":\"Bruno Polaroid\",\"image\":{\"@type\":\"ImageObject\",\"inLanguage\":\"fr-FR\",\"@id\":\"https:\\\/\\\/i0.wp.com\\\/culturesco.com\\\/wp-content\\\/uploads\\\/2021\\\/12\\\/1798853_1375590169374746_992490721_n.jpg?fit=94%2C96&ssl=1\",\"url\":\"https:\\\/\\\/i0.wp.com\\\/culturesco.com\\\/wp-content\\\/uploads\\\/2021\\\/12\\\/1798853_1375590169374746_992490721_n.jpg?fit=94%2C96&ssl=1\",\"contentUrl\":\"https:\\\/\\\/i0.wp.com\\\/culturesco.com\\\/wp-content\\\/uploads\\\/2021\\\/12\\\/1798853_1375590169374746_992490721_n.jpg?fit=94%2C96&ssl=1\",\"caption\":\"Bruno Polaroid\"},\"description\":\"Bruno Ledez alias Bruno Polaro\u00efd : Chroniqueur \u00e0 Cultures Co, Attach\u00e9 de Presse, ex Animateur \u00e0 Radio-Campus Lille \\\/ \u00c9mission La Folie (1986 - 2009), ex Chroniqueur \u00e9pisodique des fanzines Walking The Dog et Musiques, Images &amp; Passions Modernes.\",\"url\":\"https:\\\/\\\/culturesco.com\\\/index.php\\\/author\\\/bruno-polaroid\\\/\"}]}<\/script>\n<!-- \/ Yoast SEO plugin. -->","yoast_head_json":{"title":"dEUS : Worst Case VERSUS In A Bar - LILLE 2026 - Culturesco","description":"CulturesCo | Un bon coup de pied dans ta Culture | Chroniques et histoire du Rock - dEUS : Worst Case VERSUS In A Bar - LILLE 2026","robots":{"index":"index","follow":"follow","max-snippet":"max-snippet:-1","max-image-preview":"max-image-preview:large","max-video-preview":"max-video-preview:-1"},"canonical":"https:\/\/culturesco.com\/index.php\/2026\/03\/17\/deus-worst-case-versus-in-a-bar-lille-2026\/","og_locale":"fr_FR","og_type":"article","og_title":"dEUS : Worst Case VERSUS In A Bar - LILLE 2026","og_description":"CulturesCo | Un bon coup de pied dans ta Culture | Chroniques et histoire du Rock - dEUS : Worst Case VERSUS In A Bar - LILLE 2026","og_url":"https:\/\/culturesco.com\/index.php\/2026\/03\/17\/deus-worst-case-versus-in-a-bar-lille-2026\/","og_site_name":"Culturesco","article_publisher":"https:\/\/www.facebook.com\/radioculturesco","article_published_time":"2026-03-17T08:21:56+00:00","article_modified_time":"2026-03-21T10:16:08+00:00","og_image":[{"width":600,"height":314,"url":"https:\/\/culturesco.com\/wp-content\/uploads\/2026\/03\/545146055_1339351677546338_1547304287823417379_n-3.jpg","type":"image\/jpeg"}],"author":"Bruno Polaroid","twitter_card":"summary_large_image","twitter_creator":"@AugusteMarshal","twitter_site":"@AugusteMarshal","twitter_misc":{"\u00c9crit par":"Bruno Polaroid","Dur\u00e9e de lecture estim\u00e9e":"6 minutes"},"schema":{"@context":"https:\/\/schema.org","@graph":[{"@type":"Article","@id":"https:\/\/culturesco.com\/index.php\/2026\/03\/17\/deus-worst-case-versus-in-a-bar-lille-2026\/#article","isPartOf":{"@id":"https:\/\/culturesco.com\/index.php\/2026\/03\/17\/deus-worst-case-versus-in-a-bar-lille-2026\/"},"author":{"name":"Bruno Polaroid","@id":"https:\/\/culturesco.com\/#\/schema\/person\/81834f4613bae18e9afa0dfb9b4f5457"},"headline":"dEUS : Worst Case VERSUS In A Bar &#8211; LILLE 2026","datePublished":"2026-03-17T08:21:56+00:00","dateModified":"2026-03-21T10:16:08+00:00","mainEntityOfPage":{"@id":"https:\/\/culturesco.com\/index.php\/2026\/03\/17\/deus-worst-case-versus-in-a-bar-lille-2026\/"},"wordCount":878,"commentCount":0,"publisher":{"@id":"https:\/\/culturesco.com\/#organization"},"image":{"@id":"https:\/\/culturesco.com\/index.php\/2026\/03\/17\/deus-worst-case-versus-in-a-bar-lille-2026\/#primaryimage"},"thumbnailUrl":"https:\/\/i0.wp.com\/culturesco.com\/wp-content\/uploads\/2026\/03\/545146055_1339351677546338_1547304287823417379_n-3.jpg?fit=600%2C314&ssl=1","keywords":["album rock","Albums essentiels","concert","groupe rock actuel","Prog-rock","rock","Rock belge"],"articleSection":["Albums rock","Carotte Rock Cultures","Groupes rock d'aujourd'hui","Live music"],"inLanguage":"fr-FR","potentialAction":[{"@type":"CommentAction","name":"Comment","target":["https:\/\/culturesco.com\/index.php\/2026\/03\/17\/deus-worst-case-versus-in-a-bar-lille-2026\/#respond"]}]},{"@type":"WebPage","@id":"https:\/\/culturesco.com\/index.php\/2026\/03\/17\/deus-worst-case-versus-in-a-bar-lille-2026\/","url":"https:\/\/culturesco.com\/index.php\/2026\/03\/17\/deus-worst-case-versus-in-a-bar-lille-2026\/","name":"dEUS : Worst Case VERSUS In A Bar - LILLE 2026 - Culturesco","isPartOf":{"@id":"https:\/\/culturesco.com\/#website"},"primaryImageOfPage":{"@id":"https:\/\/culturesco.com\/index.php\/2026\/03\/17\/deus-worst-case-versus-in-a-bar-lille-2026\/#primaryimage"},"image":{"@id":"https:\/\/culturesco.com\/index.php\/2026\/03\/17\/deus-worst-case-versus-in-a-bar-lille-2026\/#primaryimage"},"thumbnailUrl":"https:\/\/i0.wp.com\/culturesco.com\/wp-content\/uploads\/2026\/03\/545146055_1339351677546338_1547304287823417379_n-3.jpg?fit=600%2C314&ssl=1","datePublished":"2026-03-17T08:21:56+00:00","dateModified":"2026-03-21T10:16:08+00:00","description":"CulturesCo | Un bon coup de pied dans ta Culture | Chroniques et histoire du Rock - dEUS : Worst Case VERSUS In A Bar - LILLE 2026","breadcrumb":{"@id":"https:\/\/culturesco.com\/index.php\/2026\/03\/17\/deus-worst-case-versus-in-a-bar-lille-2026\/#breadcrumb"},"inLanguage":"fr-FR","potentialAction":[{"@type":"ReadAction","target":["https:\/\/culturesco.com\/index.php\/2026\/03\/17\/deus-worst-case-versus-in-a-bar-lille-2026\/"]}]},{"@type":"ImageObject","inLanguage":"fr-FR","@id":"https:\/\/culturesco.com\/index.php\/2026\/03\/17\/deus-worst-case-versus-in-a-bar-lille-2026\/#primaryimage","url":"https:\/\/i0.wp.com\/culturesco.com\/wp-content\/uploads\/2026\/03\/545146055_1339351677546338_1547304287823417379_n-3.jpg?fit=600%2C314&ssl=1","contentUrl":"https:\/\/i0.wp.com\/culturesco.com\/wp-content\/uploads\/2026\/03\/545146055_1339351677546338_1547304287823417379_n-3.jpg?fit=600%2C314&ssl=1","width":600,"height":314,"caption":"dEUS : affiche de la tourn\u00e9e Worst Case Versus In A Bar (D\u00e9tail)"},{"@type":"BreadcrumbList","@id":"https:\/\/culturesco.com\/index.php\/2026\/03\/17\/deus-worst-case-versus-in-a-bar-lille-2026\/#breadcrumb","itemListElement":[{"@type":"ListItem","position":1,"name":"Accueil","item":"https:\/\/culturesco.com\/"},{"@type":"ListItem","position":2,"name":"dEUS : Worst Case VERSUS In A Bar &#8211; LILLE 2026"}]},{"@type":"WebSite","@id":"https:\/\/culturesco.com\/#website","url":"https:\/\/culturesco.com\/","name":"Culturesco","description":"Culturesco | Un bon coup de pied dans ta Culture","publisher":{"@id":"https:\/\/culturesco.com\/#organization"},"potentialAction":[{"@type":"SearchAction","target":{"@type":"EntryPoint","urlTemplate":"https:\/\/culturesco.com\/?s={search_term_string}"},"query-input":{"@type":"PropertyValueSpecification","valueRequired":true,"valueName":"search_term_string"}}],"inLanguage":"fr-FR"},{"@type":"Organization","@id":"https:\/\/culturesco.com\/#organization","name":"CULTURESCO","url":"https:\/\/culturesco.com\/","logo":{"@type":"ImageObject","inLanguage":"fr-FR","@id":"https:\/\/culturesco.com\/#\/schema\/logo\/image\/","url":"https:\/\/i0.wp.com\/culturesco.com\/wp-content\/uploads\/2022\/04\/culturesco-logo-blanc250p.png?fit=250%2C250&ssl=1","contentUrl":"https:\/\/i0.wp.com\/culturesco.com\/wp-content\/uploads\/2022\/04\/culturesco-logo-blanc250p.png?fit=250%2C250&ssl=1","width":250,"height":250,"caption":"CULTURESCO"},"image":{"@id":"https:\/\/culturesco.com\/#\/schema\/logo\/image\/"},"sameAs":["https:\/\/www.facebook.com\/radioculturesco","https:\/\/x.com\/AugusteMarshal","https:\/\/www.instagram.com\/carotte_rock_culture\/","https:\/\/www.pinterest.fr\/augustemarshal\/","https:\/\/www.youtube.com\/channel\/UCiWLGffqWSXlNnfzp6YwwyQ"]},{"@type":"Person","@id":"https:\/\/culturesco.com\/#\/schema\/person\/81834f4613bae18e9afa0dfb9b4f5457","name":"Bruno Polaroid","image":{"@type":"ImageObject","inLanguage":"fr-FR","@id":"https:\/\/i0.wp.com\/culturesco.com\/wp-content\/uploads\/2021\/12\/1798853_1375590169374746_992490721_n.jpg?fit=94%2C96&ssl=1","url":"https:\/\/i0.wp.com\/culturesco.com\/wp-content\/uploads\/2021\/12\/1798853_1375590169374746_992490721_n.jpg?fit=94%2C96&ssl=1","contentUrl":"https:\/\/i0.wp.com\/culturesco.com\/wp-content\/uploads\/2021\/12\/1798853_1375590169374746_992490721_n.jpg?fit=94%2C96&ssl=1","caption":"Bruno Polaroid"},"description":"Bruno Ledez alias Bruno Polaro\u00efd : Chroniqueur \u00e0 Cultures Co, Attach\u00e9 de Presse, ex Animateur \u00e0 Radio-Campus Lille \/ \u00c9mission La Folie (1986 - 2009), ex Chroniqueur \u00e9pisodique des fanzines Walking The Dog et Musiques, Images &amp; Passions Modernes.","url":"https:\/\/culturesco.com\/index.php\/author\/bruno-polaroid\/"}]}},"jetpack_featured_media_url":"https:\/\/i0.wp.com\/culturesco.com\/wp-content\/uploads\/2026\/03\/545146055_1339351677546338_1547304287823417379_n-3.jpg?fit=600%2C314&ssl=1","jetpack_likes_enabled":true,"jetpack_sharing_enabled":true,"jetpack_shortlink":"https:\/\/wp.me\/paz89I-6IM","_links":{"self":[{"href":"https:\/\/culturesco.com\/index.php\/wp-json\/wp\/v2\/posts\/25840","targetHints":{"allow":["GET"]}}],"collection":[{"href":"https:\/\/culturesco.com\/index.php\/wp-json\/wp\/v2\/posts"}],"about":[{"href":"https:\/\/culturesco.com\/index.php\/wp-json\/wp\/v2\/types\/post"}],"author":[{"embeddable":true,"href":"https:\/\/culturesco.com\/index.php\/wp-json\/wp\/v2\/users\/20"}],"replies":[{"embeddable":true,"href":"https:\/\/culturesco.com\/index.php\/wp-json\/wp\/v2\/comments?post=25840"}],"version-history":[{"count":11,"href":"https:\/\/culturesco.com\/index.php\/wp-json\/wp\/v2\/posts\/25840\/revisions"}],"predecessor-version":[{"id":25902,"href":"https:\/\/culturesco.com\/index.php\/wp-json\/wp\/v2\/posts\/25840\/revisions\/25902"}],"wp:featuredmedia":[{"embeddable":true,"href":"https:\/\/culturesco.com\/index.php\/wp-json\/wp\/v2\/media\/25841"}],"wp:attachment":[{"href":"https:\/\/culturesco.com\/index.php\/wp-json\/wp\/v2\/media?parent=25840"}],"wp:term":[{"taxonomy":"category","embeddable":true,"href":"https:\/\/culturesco.com\/index.php\/wp-json\/wp\/v2\/categories?post=25840"},{"taxonomy":"post_tag","embeddable":true,"href":"https:\/\/culturesco.com\/index.php\/wp-json\/wp\/v2\/tags?post=25840"}],"curies":[{"name":"wp","href":"https:\/\/api.w.org\/{rel}","templated":true}]}}