{"id":25047,"date":"2025-10-30T15:28:31","date_gmt":"2025-10-30T14:28:31","guid":{"rendered":"https:\/\/culturesco.com\/?p=25047"},"modified":"2025-10-31T09:27:20","modified_gmt":"2025-10-31T08:27:20","slug":"marquis-de-sade-1977-2019-par-philippe-gonin","status":"publish","type":"post","link":"https:\/\/culturesco.com\/index.php\/2025\/10\/30\/marquis-de-sade-1977-2019-par-philippe-gonin\/","title":{"rendered":"MARQUIS DE SADE 1977-2019 par Philippe Gonin"},"content":{"rendered":"<h2 style=\"text-align: justify;\">La danse de Conrad Veidt<\/h2>\n<figure id=\"attachment_25054\" aria-describedby=\"caption-attachment-25054\" style=\"width: 328px\" class=\"wp-caption aligncenter\"><img data-recalc-dims=\"1\" loading=\"lazy\" decoding=\"async\" class=\"size-full wp-image-25054\" src=\"https:\/\/i0.wp.com\/culturesco.com\/wp-content\/uploads\/2025\/10\/MARQUIS-DE-PASCAL-red.jpg?resize=328%2C600&#038;ssl=1\" alt=\"MARQUIS DE PASCAL par POUP (D'apr\u00e8s Egon Schiele)\" width=\"328\" height=\"600\" srcset=\"https:\/\/i0.wp.com\/culturesco.com\/wp-content\/uploads\/2025\/10\/MARQUIS-DE-PASCAL-red.jpg?w=328&amp;ssl=1 328w, https:\/\/i0.wp.com\/culturesco.com\/wp-content\/uploads\/2025\/10\/MARQUIS-DE-PASCAL-red.jpg?resize=164%2C300&amp;ssl=1 164w, https:\/\/i0.wp.com\/culturesco.com\/wp-content\/uploads\/2025\/10\/MARQUIS-DE-PASCAL-red.jpg?resize=343%2C627&amp;ssl=1 343w, https:\/\/i0.wp.com\/culturesco.com\/wp-content\/uploads\/2025\/10\/MARQUIS-DE-PASCAL-red.jpg?resize=768%2C1405&amp;ssl=1 768w, https:\/\/i0.wp.com\/culturesco.com\/wp-content\/uploads\/2025\/10\/MARQUIS-DE-PASCAL-red.jpg?resize=840%2C1536&amp;ssl=1 840w, https:\/\/i0.wp.com\/culturesco.com\/wp-content\/uploads\/2025\/10\/MARQUIS-DE-PASCAL-red.jpg?resize=1119%2C2048&amp;ssl=1 1119w, https:\/\/i0.wp.com\/culturesco.com\/wp-content\/uploads\/2025\/10\/MARQUIS-DE-PASCAL-red.jpg?resize=230%2C420&amp;ssl=1 230w, https:\/\/i0.wp.com\/culturesco.com\/wp-content\/uploads\/2025\/10\/MARQUIS-DE-PASCAL-red.jpg?resize=696%2C1273&amp;ssl=1 696w, https:\/\/i0.wp.com\/culturesco.com\/wp-content\/uploads\/2025\/10\/MARQUIS-DE-PASCAL-red.jpg?resize=1068%2C1954&amp;ssl=1 1068w, https:\/\/i0.wp.com\/culturesco.com\/wp-content\/uploads\/2025\/10\/MARQUIS-DE-PASCAL-red.jpg?resize=600%2C1098&amp;ssl=1 600w\" sizes=\"auto, (max-width: 328px) 100vw, 328px\" \/><figcaption id=\"caption-attachment-25054\" class=\"wp-caption-text\">MARQUIS DE PASCAL par POUP (D&rsquo;apr\u00e8s Egon Schiele)<\/figcaption><\/figure>\n<h3 style=\"text-align: justify;\">A partir d&rsquo;entretiens souvent in\u00e9dits, Philippe Gonin raconte l\u2019un des groupes les plus fascinants du Rock fran\u00e7ais, et ses avatars.<\/h3>\n<p style=\"text-align: justify;\">Le piano nostalgique, les paroles en Allemand et en Fran\u00e7ais, les secousses de la section rythmique, le son des guitares malingres, rien dans ce titre n\u2019\u00e9voquait le Rock en France pendant cet hiver 1979. S\u2019il fallait trouver des traces, des influences de <strong>Marquis de Sade<\/strong>, on pensait plut\u00f4t \u00e0 <a href=\"https:\/\/culturesco.com\/index.php\/2022\/04\/04\/television-adventure-lautre-grand-album\/\"><strong>Television<\/strong><\/a> ou au <strong>Bowie<\/strong> berlinois. Surtout, il y avait la voix, ample et d\u00e9chir\u00e9e, et son phras\u00e9 \u00e0 part. \u00c9coutez le d\u00e9coupage des syllabes et des mots de <strong>Philippe<\/strong> <strong>Pascal\u00a0<\/strong>:<em> \u00ab\u00a0Con &#8211; Raaaad \u2013 Veidt \u2013 Danse\u00a0!\u00a0\u00bb<\/em> \u00c7a vous agrippe et ne vous l\u00e2che plus\u00a0!<\/p>\n<h3>Marquis de Sade &#8211; Conrad Veidt &#8211; Dantzig Twist (1979)<\/h3>\n<div class=\"youtube-embed\" data-video_id=\"p4jUPlnabiU\"><iframe loading=\"lazy\" title=\"Conrad Veidt\" width=\"696\" height=\"522\" src=\"https:\/\/www.youtube.com\/embed\/p4jUPlnabiU\" frameborder=\"0\" allow=\"accelerometer; autoplay; clipboard-write; encrypted-media; gyroscope; picture-in-picture; web-share\" referrerpolicy=\"strict-origin-when-cross-origin\" allowfullscreen><\/iframe><\/div>\n<p style=\"text-align: justify;\">Donc, on a suivi le chanteur charismatique et son collectif men\u00e9 par le guitariste iconoclaste <strong>Frank Darcel<\/strong>, leurs deux albums, le cinglant et expressionniste <em><strong>Dantzig Twist<\/strong><\/em> (1979) ainsi que le chic et tragique <em><strong>Rue de Siam<\/strong> <\/em>(1981). Ou ce 45t, <em><strong>Rythmiques<\/strong><\/em>, entendu la nuit sur <strong>RTL<\/strong>, devenu depuis obsessionnel. Et les r\u00e9f\u00e9rences arty que le groupe d\u00e9voilait en parall\u00e8le de nos trouvailles : <a href=\"https:\/\/culturesco.com\/index.php\/2018\/10\/11\/gustav-klimt-du-cycle-d-or-periode-doree-a-l-impressionisme\/\"><strong>Klimt<\/strong><\/a>, <a href=\"https:\/\/culturesco.com\/index.php\/2023\/02\/16\/musee-du-belvedere-superieur-a-vienne-visite-guidee-klimt-monet-renoir-van-gogh\/\"><strong>Egon Schiele<\/strong><\/a>, <strong>Murnau<\/strong>, <strong>Fritz Lang<\/strong>&#8230; Mais sans jamais vivre <strong>Marquis de Sade<\/strong> en concert, malheureusement. Apr\u00e8s l\u2019\u00e9clatement en 1981, ce fut l\u2019aventure <a href=\"https:\/\/culturesco.com\/index.php\/2023\/12\/12\/marc-seberg-83-interview-de-pierre-corneau-bassiste\/\"><strong>Marc Seberg<\/strong> <\/a>d\u00e8s 1982 pour <strong>Philippe Pascal<\/strong>, un appel plus new wave et romantique vers l\u2019autre et le voyage. De son c\u00f4t\u00e9, <strong>Frank Darcel<\/strong> lan\u00e7ait <strong>Octobre<\/strong> avec son funk glac\u00e9, ou plus tard <strong>Senso<\/strong> et <strong>Republik<\/strong>, \u00e0 cela s\u2019ajoutant ses productions, du fan et ami <strong>\u00c9tienne Daho<\/strong> notamment.<\/p>\n<h3>Marquis de Sade &#8211; Rythmiques (1980)<\/h3>\n<div class=\"youtube-embed\" data-video_id=\"O-UPegjSFqA\"><iframe loading=\"lazy\" title=\"Marquis de Sade - Rythmiques (1980)\" width=\"696\" height=\"522\" src=\"https:\/\/www.youtube.com\/embed\/O-UPegjSFqA\" frameborder=\"0\" allow=\"accelerometer; autoplay; clipboard-write; encrypted-media; gyroscope; picture-in-picture; web-share\" referrerpolicy=\"strict-origin-when-cross-origin\" allowfullscreen><\/iframe><\/div>\n<p style=\"text-align: justify;\">Avec <a href=\"https:\/\/culturesco.com\/index.php\/2019\/09\/16\/deces-de-philippe-pascal-un-dernier-hommage-de-marquis-de-sade-a-marc-seberg\/\"><strong>Marc Seberg<\/strong><\/a>, <strong>Philippe Pascal<\/strong> et sa nouvelle \u00e9quipe all\u00e8rent jusqu\u2019au bout d\u2019un Rock passionn\u00e9, sans entraves et tr\u00e8s marqu\u00e9 par les confr\u00e8res anglais. De plus en plus \u00e9crites en Fran\u00e7ais, un tourment pour le chanteur \/ auteur \u2013 c\u2019est l\u2019une des r\u00e9v\u00e9lations du livre -, les chansons atteignaient en concert une dimension unique, \u00e0 la fois charnelle et spirituelle, une \u00e9l\u00e9vation baudelairienne, gr\u00e2ce \u00e0 la pr\u00e9sence sc\u00e9nique de leur cr\u00e9ateur. Un charme rompu en 1991, apr\u00e8s un triomphe \u00e0 l\u2019<strong>Olympia<\/strong> et l\u2019annonce ce soir-l\u00e0 de la s\u00e9paration de <strong>Marc Seberg.<\/strong> Comme <strong>Bowie<\/strong> version <a href=\"https:\/\/culturesco.com\/index.php\/2021\/06\/16\/the-rise-and-fall-of-ziggy-stardust-the-spider-from-mars-starman-hang-onto-yourself\/\"><strong>Ziggy<\/strong><\/a>. Ensuite, les ann\u00e9es s\u2019envol\u00e8rent et leurs espoirs pass\u00e8rent\u2026 Jusqu\u2019\u00e0 une reformation inesp\u00e9r\u00e9e de <strong>Marquis de Sade<\/strong> en 2017, pour le meilleur\u2026 Sans savoir que le pire \u00e9tait \u00e0 venir.<\/p>\n<h3>Marc Seberg &#8211; Quelque Chose, Noir &#8211; Le Bout des Nerfs (1990)<\/h3>\n<div class=\"youtube-embed\" data-video_id=\"Y7S-G_drViA\"><iframe loading=\"lazy\" title=\"Marc Seberg - Quelque chose, Noir\" width=\"696\" height=\"522\" src=\"https:\/\/www.youtube.com\/embed\/Y7S-G_drViA\" frameborder=\"0\" allow=\"accelerometer; autoplay; clipboard-write; encrypted-media; gyroscope; picture-in-picture; web-share\" referrerpolicy=\"strict-origin-when-cross-origin\" allowfullscreen><\/iframe><\/div>\n<p style=\"text-align: justify;\">Apr\u00e8s le premier livre \/ catalogue d\u2019exposition de <a href=\"https:\/\/kubweb.media\/fiche\/patrice-poch-plasticien-graffeur\/\"><strong>Patrice Poch<\/strong> <\/a>sur le sujet \u2013 <a href=\"https:\/\/kubweb.media\/page\/marquis-de-sade-concert-liberte-darcel-pascal-moriniere-alexandre-rock-rennes\/\"><strong>Marquis de Sade 1979-2017<\/strong> <\/a>-, cette fois c\u2019est <a href=\"https:\/\/culturesco.com\/index.php\/2025\/03\/20\/pink-floyd-animals-par-philippe-gonin\/\"><strong>Philippe Gonin<\/strong> <\/a>qui raconte les Rennais au fil des ans et des actes, <strong>Marquis de Sade<\/strong>, <strong>Marc Seberg<\/strong>, <strong>Octobre<\/strong>\u00a0entre autres.<\/p>\n<figure id=\"attachment_25050\" aria-describedby=\"caption-attachment-25050\" style=\"width: 400px\" class=\"wp-caption aligncenter\"><img data-recalc-dims=\"1\" loading=\"lazy\" decoding=\"async\" class=\"size-full wp-image-25050\" src=\"https:\/\/i0.wp.com\/culturesco.com\/wp-content\/uploads\/2025\/10\/713CYf1rW2L._SL1135_-3.jpg?resize=400%2C568&#038;ssl=1\" alt=\"MARQUIS DE SADE 1977-2019 par Philippe Gonin\" width=\"400\" height=\"568\" srcset=\"https:\/\/i0.wp.com\/culturesco.com\/wp-content\/uploads\/2025\/10\/713CYf1rW2L._SL1135_-3.jpg?w=400&amp;ssl=1 400w, https:\/\/i0.wp.com\/culturesco.com\/wp-content\/uploads\/2025\/10\/713CYf1rW2L._SL1135_-3.jpg?resize=211%2C300&amp;ssl=1 211w, https:\/\/i0.wp.com\/culturesco.com\/wp-content\/uploads\/2025\/10\/713CYf1rW2L._SL1135_-3.jpg?resize=296%2C420&amp;ssl=1 296w\" sizes=\"auto, (max-width: 400px) 100vw, 400px\" \/><figcaption id=\"caption-attachment-25050\" class=\"wp-caption-text\">MARQUIS DE SADE 1977-2019 par Philippe Gonin (Le mot et le reste)<\/figcaption><\/figure>\n<p style=\"text-align: justify;\">L\u2019auteur a recueilli de nombreux entretiens souvent in\u00e9dits des acteurs et actrices de l\u2019histoire \u2013 dont ceux des regrett\u00e9s <strong>Philippe Pascal<\/strong> et <strong>Frank Darcel<\/strong> &#8211; qui enrichissent et vivifient sa narration et ses analyses. Dans sa qu\u00eate d\u2019exhaustivit\u00e9, <strong>Philippe Gonin<\/strong> explore m\u00e9thodiquement aussi bien les enregistrements ou les pochettes que les textes, le style des compositions, les concerts ou les rares vid\u00e9os. Les fanatiques et les apprentis y d\u00e9couvriront ainsi les arcanes de ces groupes, leurs r\u00e9ussites comme leurs failles, et parfois les clefs de telle ou telle chanson. M\u00eame si le myst\u00e8re demeure, gliss\u00e9 l\u00e0 entre les gestes de <strong>Philippe Pascal<\/strong> et les boucles de guitares de<strong> Frank<\/strong> <strong>Darcel<\/strong>. Jusqu\u2019\u00e0 leurs disparitions, pour tous les deux \u00e9nigmatiques.<\/p>\n<p>&nbsp;<\/p>\n<p style=\"text-align: justify;\"><strong>Bruno Polaro\u00efd \/ Illustration par POUP<\/strong><\/p>\n<p style=\"text-align: justify;\"><em><strong>Marquis de Sade 1977 \u2013 2019 par Philippe Gonin<\/strong> \u2013 Le mot et le reste \u2013 256 pages \u2013 22 Euros \u2013 Disponible depuis le 24 Octobre 2025.<\/em><\/p>\n","protected":false},"excerpt":{"rendered":"<p>La danse de Conrad Veidt A partir d&rsquo;entretiens souvent in\u00e9dits, Philippe Gonin raconte l\u2019un des groupes les plus fascinants du Rock fran\u00e7ais, et ses avatars. Le piano nostalgique, les paroles en Allemand et en Fran\u00e7ais, les secousses de la section rythmique, le son des guitares malingres, rien dans ce titre n\u2019\u00e9voquait le Rock en France [&hellip;]<\/p>\n","protected":false},"author":20,"featured_media":25051,"comment_status":"open","ping_status":"open","sticky":false,"template":"","format":"image","meta":{"jetpack_post_was_ever_published":false,"tdm_status":"","tdm_grid_status":"","_jetpack_newsletter_access":"","_jetpack_dont_email_post_to_subs":false,"_jetpack_newsletter_tier_id":0,"_jetpack_memberships_contains_paywalled_content":false,"_jetpack_memberships_contains_paid_content":false,"footnotes":""},"categories":[36,33,66],"tags":[52,20,12188,13919,51],"class_list":{"0":"post-25047","1":"post","2":"type-post","3":"status-publish","4":"format-image","5":"has-post-thumbnail","7":"category-groupes-rock-daujourdhui","8":"category-histoire-du-rock","9":"category-livre-rock","10":"tag-groupe-rock-actuel","11":"tag-livre-rock","12":"tag-new-wave","13":"tag-post-punk","14":"tag-rock-francais","15":"post_format-post-format-image"},"yoast_head":"<!-- This site is optimized with the Yoast SEO plugin v27.5 - https:\/\/yoast.com\/product\/yoast-seo-wordpress\/ -->\n<title>MARQUIS DE SADE 1977-2019 par Philippe Gonin - Culturesco<\/title>\n<meta name=\"description\" content=\"CulturesCo | Un bon coup de pied dans ta Culture | Chroniques et histoire du Rock - MARQUIS DE SADE 1977-2019 par Philippe Gonin\" \/>\n<meta name=\"robots\" content=\"index, follow, max-snippet:-1, max-image-preview:large, max-video-preview:-1\" \/>\n<link rel=\"canonical\" href=\"https:\/\/culturesco.com\/index.php\/2025\/10\/30\/marquis-de-sade-1977-2019-par-philippe-gonin\/\" \/>\n<meta property=\"og:locale\" content=\"fr_FR\" \/>\n<meta property=\"og:type\" content=\"article\" \/>\n<meta property=\"og:title\" content=\"MARQUIS DE SADE 1977-2019 par Philippe Gonin - Culturesco\" \/>\n<meta property=\"og:description\" content=\"CulturesCo | Un bon coup de pied dans ta Culture | Chroniques et histoire du Rock - MARQUIS DE SADE 1977-2019 par Philippe Gonin\" \/>\n<meta property=\"og:url\" content=\"https:\/\/culturesco.com\/index.php\/2025\/10\/30\/marquis-de-sade-1977-2019-par-philippe-gonin\/\" \/>\n<meta property=\"og:site_name\" content=\"Culturesco\" \/>\n<meta property=\"article:publisher\" content=\"https:\/\/www.facebook.com\/radioculturesco\" \/>\n<meta property=\"article:published_time\" content=\"2025-10-30T14:28:31+00:00\" \/>\n<meta property=\"article:modified_time\" content=\"2025-10-31T08:27:20+00:00\" \/>\n<meta property=\"og:image\" content=\"https:\/\/culturesco.com\/wp-content\/uploads\/2025\/10\/96824798_10157725598361429_8090315344402448384_n-2.jpg\" \/>\n\t<meta property=\"og:image:width\" content=\"600\" \/>\n\t<meta property=\"og:image:height\" content=\"314\" \/>\n\t<meta property=\"og:image:type\" content=\"image\/jpeg\" \/>\n<meta name=\"author\" content=\"Bruno Polaroid\" \/>\n<meta name=\"twitter:card\" content=\"summary_large_image\" \/>\n<meta name=\"twitter:creator\" content=\"@AugusteMarshal\" \/>\n<meta name=\"twitter:site\" content=\"@AugusteMarshal\" \/>\n<meta name=\"twitter:label1\" content=\"\u00c9crit par\" \/>\n\t<meta name=\"twitter:data1\" content=\"Bruno Polaroid\" \/>\n\t<meta name=\"twitter:label2\" content=\"Dur\u00e9e de lecture estim\u00e9e\" \/>\n\t<meta name=\"twitter:data2\" content=\"4 minutes\" \/>\n<script type=\"application\/ld+json\" class=\"yoast-schema-graph\">{\"@context\":\"https:\\\/\\\/schema.org\",\"@graph\":[{\"@type\":\"Article\",\"@id\":\"https:\\\/\\\/culturesco.com\\\/index.php\\\/2025\\\/10\\\/30\\\/marquis-de-sade-1977-2019-par-philippe-gonin\\\/#article\",\"isPartOf\":{\"@id\":\"https:\\\/\\\/culturesco.com\\\/index.php\\\/2025\\\/10\\\/30\\\/marquis-de-sade-1977-2019-par-philippe-gonin\\\/\"},\"author\":{\"name\":\"Bruno Polaroid\",\"@id\":\"https:\\\/\\\/culturesco.com\\\/#\\\/schema\\\/person\\\/81834f4613bae18e9afa0dfb9b4f5457\"},\"headline\":\"MARQUIS DE SADE 1977-2019 par Philippe Gonin\",\"datePublished\":\"2025-10-30T14:28:31+00:00\",\"dateModified\":\"2025-10-31T08:27:20+00:00\",\"mainEntityOfPage\":{\"@id\":\"https:\\\/\\\/culturesco.com\\\/index.php\\\/2025\\\/10\\\/30\\\/marquis-de-sade-1977-2019-par-philippe-gonin\\\/\"},\"wordCount\":717,\"commentCount\":0,\"publisher\":{\"@id\":\"https:\\\/\\\/culturesco.com\\\/#organization\"},\"image\":{\"@id\":\"https:\\\/\\\/culturesco.com\\\/index.php\\\/2025\\\/10\\\/30\\\/marquis-de-sade-1977-2019-par-philippe-gonin\\\/#primaryimage\"},\"thumbnailUrl\":\"https:\\\/\\\/i0.wp.com\\\/culturesco.com\\\/wp-content\\\/uploads\\\/2025\\\/10\\\/96824798_10157725598361429_8090315344402448384_n-2.jpg?fit=600%2C314&ssl=1\",\"keywords\":[\"groupe rock actuel\",\"Livre Rock\",\"New Wave\",\"post punk\",\"Rock fran\u00e7ais\"],\"articleSection\":[\"Groupes rock d'aujourd'hui\",\"Histoire du rock\",\"Livre Rock\"],\"inLanguage\":\"fr-FR\",\"potentialAction\":[{\"@type\":\"CommentAction\",\"name\":\"Comment\",\"target\":[\"https:\\\/\\\/culturesco.com\\\/index.php\\\/2025\\\/10\\\/30\\\/marquis-de-sade-1977-2019-par-philippe-gonin\\\/#respond\"]}]},{\"@type\":\"WebPage\",\"@id\":\"https:\\\/\\\/culturesco.com\\\/index.php\\\/2025\\\/10\\\/30\\\/marquis-de-sade-1977-2019-par-philippe-gonin\\\/\",\"url\":\"https:\\\/\\\/culturesco.com\\\/index.php\\\/2025\\\/10\\\/30\\\/marquis-de-sade-1977-2019-par-philippe-gonin\\\/\",\"name\":\"MARQUIS DE SADE 1977-2019 par Philippe Gonin - Culturesco\",\"isPartOf\":{\"@id\":\"https:\\\/\\\/culturesco.com\\\/#website\"},\"primaryImageOfPage\":{\"@id\":\"https:\\\/\\\/culturesco.com\\\/index.php\\\/2025\\\/10\\\/30\\\/marquis-de-sade-1977-2019-par-philippe-gonin\\\/#primaryimage\"},\"image\":{\"@id\":\"https:\\\/\\\/culturesco.com\\\/index.php\\\/2025\\\/10\\\/30\\\/marquis-de-sade-1977-2019-par-philippe-gonin\\\/#primaryimage\"},\"thumbnailUrl\":\"https:\\\/\\\/i0.wp.com\\\/culturesco.com\\\/wp-content\\\/uploads\\\/2025\\\/10\\\/96824798_10157725598361429_8090315344402448384_n-2.jpg?fit=600%2C314&ssl=1\",\"datePublished\":\"2025-10-30T14:28:31+00:00\",\"dateModified\":\"2025-10-31T08:27:20+00:00\",\"description\":\"CulturesCo | Un bon coup de pied dans ta Culture | Chroniques et histoire du Rock - MARQUIS DE SADE 1977-2019 par Philippe Gonin\",\"breadcrumb\":{\"@id\":\"https:\\\/\\\/culturesco.com\\\/index.php\\\/2025\\\/10\\\/30\\\/marquis-de-sade-1977-2019-par-philippe-gonin\\\/#breadcrumb\"},\"inLanguage\":\"fr-FR\",\"potentialAction\":[{\"@type\":\"ReadAction\",\"target\":[\"https:\\\/\\\/culturesco.com\\\/index.php\\\/2025\\\/10\\\/30\\\/marquis-de-sade-1977-2019-par-philippe-gonin\\\/\"]}]},{\"@type\":\"ImageObject\",\"inLanguage\":\"fr-FR\",\"@id\":\"https:\\\/\\\/culturesco.com\\\/index.php\\\/2025\\\/10\\\/30\\\/marquis-de-sade-1977-2019-par-philippe-gonin\\\/#primaryimage\",\"url\":\"https:\\\/\\\/i0.wp.com\\\/culturesco.com\\\/wp-content\\\/uploads\\\/2025\\\/10\\\/96824798_10157725598361429_8090315344402448384_n-2.jpg?fit=600%2C314&ssl=1\",\"contentUrl\":\"https:\\\/\\\/i0.wp.com\\\/culturesco.com\\\/wp-content\\\/uploads\\\/2025\\\/10\\\/96824798_10157725598361429_8090315344402448384_n-2.jpg?fit=600%2C314&ssl=1\",\"width\":600,\"height\":314,\"caption\":\"Marquis de Sade : Frank Darcel et Philippe Pascal - Photo de Antoine Giacomoni\"},{\"@type\":\"BreadcrumbList\",\"@id\":\"https:\\\/\\\/culturesco.com\\\/index.php\\\/2025\\\/10\\\/30\\\/marquis-de-sade-1977-2019-par-philippe-gonin\\\/#breadcrumb\",\"itemListElement\":[{\"@type\":\"ListItem\",\"position\":1,\"name\":\"Accueil\",\"item\":\"https:\\\/\\\/culturesco.com\\\/\"},{\"@type\":\"ListItem\",\"position\":2,\"name\":\"MARQUIS DE SADE 1977-2019 par Philippe Gonin\"}]},{\"@type\":\"WebSite\",\"@id\":\"https:\\\/\\\/culturesco.com\\\/#website\",\"url\":\"https:\\\/\\\/culturesco.com\\\/\",\"name\":\"Culturesco\",\"description\":\"Culturesco | Un bon coup de pied dans ta Culture\",\"publisher\":{\"@id\":\"https:\\\/\\\/culturesco.com\\\/#organization\"},\"potentialAction\":[{\"@type\":\"SearchAction\",\"target\":{\"@type\":\"EntryPoint\",\"urlTemplate\":\"https:\\\/\\\/culturesco.com\\\/?s={search_term_string}\"},\"query-input\":{\"@type\":\"PropertyValueSpecification\",\"valueRequired\":true,\"valueName\":\"search_term_string\"}}],\"inLanguage\":\"fr-FR\"},{\"@type\":\"Organization\",\"@id\":\"https:\\\/\\\/culturesco.com\\\/#organization\",\"name\":\"CULTURESCO\",\"url\":\"https:\\\/\\\/culturesco.com\\\/\",\"logo\":{\"@type\":\"ImageObject\",\"inLanguage\":\"fr-FR\",\"@id\":\"https:\\\/\\\/culturesco.com\\\/#\\\/schema\\\/logo\\\/image\\\/\",\"url\":\"https:\\\/\\\/i0.wp.com\\\/culturesco.com\\\/wp-content\\\/uploads\\\/2022\\\/04\\\/culturesco-logo-blanc250p.png?fit=250%2C250&ssl=1\",\"contentUrl\":\"https:\\\/\\\/i0.wp.com\\\/culturesco.com\\\/wp-content\\\/uploads\\\/2022\\\/04\\\/culturesco-logo-blanc250p.png?fit=250%2C250&ssl=1\",\"width\":250,\"height\":250,\"caption\":\"CULTURESCO\"},\"image\":{\"@id\":\"https:\\\/\\\/culturesco.com\\\/#\\\/schema\\\/logo\\\/image\\\/\"},\"sameAs\":[\"https:\\\/\\\/www.facebook.com\\\/radioculturesco\",\"https:\\\/\\\/x.com\\\/AugusteMarshal\",\"https:\\\/\\\/www.instagram.com\\\/carotte_rock_culture\\\/\",\"https:\\\/\\\/www.pinterest.fr\\\/augustemarshal\\\/\",\"https:\\\/\\\/www.youtube.com\\\/channel\\\/UCiWLGffqWSXlNnfzp6YwwyQ\"]},{\"@type\":\"Person\",\"@id\":\"https:\\\/\\\/culturesco.com\\\/#\\\/schema\\\/person\\\/81834f4613bae18e9afa0dfb9b4f5457\",\"name\":\"Bruno Polaroid\",\"image\":{\"@type\":\"ImageObject\",\"inLanguage\":\"fr-FR\",\"@id\":\"https:\\\/\\\/i0.wp.com\\\/culturesco.com\\\/wp-content\\\/uploads\\\/2021\\\/12\\\/1798853_1375590169374746_992490721_n.jpg?fit=94%2C96&ssl=1\",\"url\":\"https:\\\/\\\/i0.wp.com\\\/culturesco.com\\\/wp-content\\\/uploads\\\/2021\\\/12\\\/1798853_1375590169374746_992490721_n.jpg?fit=94%2C96&ssl=1\",\"contentUrl\":\"https:\\\/\\\/i0.wp.com\\\/culturesco.com\\\/wp-content\\\/uploads\\\/2021\\\/12\\\/1798853_1375590169374746_992490721_n.jpg?fit=94%2C96&ssl=1\",\"caption\":\"Bruno Polaroid\"},\"description\":\"Bruno Ledez alias Bruno Polaro\u00efd : Chroniqueur \u00e0 Cultures Co, Attach\u00e9 de Presse, ex Animateur \u00e0 Radio-Campus Lille \\\/ \u00c9mission La Folie (1986 - 2009), ex Chroniqueur \u00e9pisodique des fanzines Walking The Dog et Musiques, Images &amp; Passions Modernes.\",\"url\":\"https:\\\/\\\/culturesco.com\\\/index.php\\\/author\\\/bruno-polaroid\\\/\"}]}<\/script>\n<!-- \/ Yoast SEO plugin. -->","yoast_head_json":{"title":"MARQUIS DE SADE 1977-2019 par Philippe Gonin - Culturesco","description":"CulturesCo | Un bon coup de pied dans ta Culture | Chroniques et histoire du Rock - MARQUIS DE SADE 1977-2019 par Philippe Gonin","robots":{"index":"index","follow":"follow","max-snippet":"max-snippet:-1","max-image-preview":"max-image-preview:large","max-video-preview":"max-video-preview:-1"},"canonical":"https:\/\/culturesco.com\/index.php\/2025\/10\/30\/marquis-de-sade-1977-2019-par-philippe-gonin\/","og_locale":"fr_FR","og_type":"article","og_title":"MARQUIS DE SADE 1977-2019 par Philippe Gonin - Culturesco","og_description":"CulturesCo | Un bon coup de pied dans ta Culture | Chroniques et histoire du Rock - MARQUIS DE SADE 1977-2019 par Philippe Gonin","og_url":"https:\/\/culturesco.com\/index.php\/2025\/10\/30\/marquis-de-sade-1977-2019-par-philippe-gonin\/","og_site_name":"Culturesco","article_publisher":"https:\/\/www.facebook.com\/radioculturesco","article_published_time":"2025-10-30T14:28:31+00:00","article_modified_time":"2025-10-31T08:27:20+00:00","og_image":[{"width":600,"height":314,"url":"https:\/\/culturesco.com\/wp-content\/uploads\/2025\/10\/96824798_10157725598361429_8090315344402448384_n-2.jpg","type":"image\/jpeg"}],"author":"Bruno Polaroid","twitter_card":"summary_large_image","twitter_creator":"@AugusteMarshal","twitter_site":"@AugusteMarshal","twitter_misc":{"\u00c9crit par":"Bruno Polaroid","Dur\u00e9e de lecture estim\u00e9e":"4 minutes"},"schema":{"@context":"https:\/\/schema.org","@graph":[{"@type":"Article","@id":"https:\/\/culturesco.com\/index.php\/2025\/10\/30\/marquis-de-sade-1977-2019-par-philippe-gonin\/#article","isPartOf":{"@id":"https:\/\/culturesco.com\/index.php\/2025\/10\/30\/marquis-de-sade-1977-2019-par-philippe-gonin\/"},"author":{"name":"Bruno Polaroid","@id":"https:\/\/culturesco.com\/#\/schema\/person\/81834f4613bae18e9afa0dfb9b4f5457"},"headline":"MARQUIS DE SADE 1977-2019 par Philippe Gonin","datePublished":"2025-10-30T14:28:31+00:00","dateModified":"2025-10-31T08:27:20+00:00","mainEntityOfPage":{"@id":"https:\/\/culturesco.com\/index.php\/2025\/10\/30\/marquis-de-sade-1977-2019-par-philippe-gonin\/"},"wordCount":717,"commentCount":0,"publisher":{"@id":"https:\/\/culturesco.com\/#organization"},"image":{"@id":"https:\/\/culturesco.com\/index.php\/2025\/10\/30\/marquis-de-sade-1977-2019-par-philippe-gonin\/#primaryimage"},"thumbnailUrl":"https:\/\/i0.wp.com\/culturesco.com\/wp-content\/uploads\/2025\/10\/96824798_10157725598361429_8090315344402448384_n-2.jpg?fit=600%2C314&ssl=1","keywords":["groupe rock actuel","Livre Rock","New Wave","post punk","Rock fran\u00e7ais"],"articleSection":["Groupes rock d'aujourd'hui","Histoire du rock","Livre Rock"],"inLanguage":"fr-FR","potentialAction":[{"@type":"CommentAction","name":"Comment","target":["https:\/\/culturesco.com\/index.php\/2025\/10\/30\/marquis-de-sade-1977-2019-par-philippe-gonin\/#respond"]}]},{"@type":"WebPage","@id":"https:\/\/culturesco.com\/index.php\/2025\/10\/30\/marquis-de-sade-1977-2019-par-philippe-gonin\/","url":"https:\/\/culturesco.com\/index.php\/2025\/10\/30\/marquis-de-sade-1977-2019-par-philippe-gonin\/","name":"MARQUIS DE SADE 1977-2019 par Philippe Gonin - Culturesco","isPartOf":{"@id":"https:\/\/culturesco.com\/#website"},"primaryImageOfPage":{"@id":"https:\/\/culturesco.com\/index.php\/2025\/10\/30\/marquis-de-sade-1977-2019-par-philippe-gonin\/#primaryimage"},"image":{"@id":"https:\/\/culturesco.com\/index.php\/2025\/10\/30\/marquis-de-sade-1977-2019-par-philippe-gonin\/#primaryimage"},"thumbnailUrl":"https:\/\/i0.wp.com\/culturesco.com\/wp-content\/uploads\/2025\/10\/96824798_10157725598361429_8090315344402448384_n-2.jpg?fit=600%2C314&ssl=1","datePublished":"2025-10-30T14:28:31+00:00","dateModified":"2025-10-31T08:27:20+00:00","description":"CulturesCo | Un bon coup de pied dans ta Culture | Chroniques et histoire du Rock - MARQUIS DE SADE 1977-2019 par Philippe Gonin","breadcrumb":{"@id":"https:\/\/culturesco.com\/index.php\/2025\/10\/30\/marquis-de-sade-1977-2019-par-philippe-gonin\/#breadcrumb"},"inLanguage":"fr-FR","potentialAction":[{"@type":"ReadAction","target":["https:\/\/culturesco.com\/index.php\/2025\/10\/30\/marquis-de-sade-1977-2019-par-philippe-gonin\/"]}]},{"@type":"ImageObject","inLanguage":"fr-FR","@id":"https:\/\/culturesco.com\/index.php\/2025\/10\/30\/marquis-de-sade-1977-2019-par-philippe-gonin\/#primaryimage","url":"https:\/\/i0.wp.com\/culturesco.com\/wp-content\/uploads\/2025\/10\/96824798_10157725598361429_8090315344402448384_n-2.jpg?fit=600%2C314&ssl=1","contentUrl":"https:\/\/i0.wp.com\/culturesco.com\/wp-content\/uploads\/2025\/10\/96824798_10157725598361429_8090315344402448384_n-2.jpg?fit=600%2C314&ssl=1","width":600,"height":314,"caption":"Marquis de Sade : Frank Darcel et Philippe Pascal - Photo de Antoine Giacomoni"},{"@type":"BreadcrumbList","@id":"https:\/\/culturesco.com\/index.php\/2025\/10\/30\/marquis-de-sade-1977-2019-par-philippe-gonin\/#breadcrumb","itemListElement":[{"@type":"ListItem","position":1,"name":"Accueil","item":"https:\/\/culturesco.com\/"},{"@type":"ListItem","position":2,"name":"MARQUIS DE SADE 1977-2019 par Philippe Gonin"}]},{"@type":"WebSite","@id":"https:\/\/culturesco.com\/#website","url":"https:\/\/culturesco.com\/","name":"Culturesco","description":"Culturesco | Un bon coup de pied dans ta Culture","publisher":{"@id":"https:\/\/culturesco.com\/#organization"},"potentialAction":[{"@type":"SearchAction","target":{"@type":"EntryPoint","urlTemplate":"https:\/\/culturesco.com\/?s={search_term_string}"},"query-input":{"@type":"PropertyValueSpecification","valueRequired":true,"valueName":"search_term_string"}}],"inLanguage":"fr-FR"},{"@type":"Organization","@id":"https:\/\/culturesco.com\/#organization","name":"CULTURESCO","url":"https:\/\/culturesco.com\/","logo":{"@type":"ImageObject","inLanguage":"fr-FR","@id":"https:\/\/culturesco.com\/#\/schema\/logo\/image\/","url":"https:\/\/i0.wp.com\/culturesco.com\/wp-content\/uploads\/2022\/04\/culturesco-logo-blanc250p.png?fit=250%2C250&ssl=1","contentUrl":"https:\/\/i0.wp.com\/culturesco.com\/wp-content\/uploads\/2022\/04\/culturesco-logo-blanc250p.png?fit=250%2C250&ssl=1","width":250,"height":250,"caption":"CULTURESCO"},"image":{"@id":"https:\/\/culturesco.com\/#\/schema\/logo\/image\/"},"sameAs":["https:\/\/www.facebook.com\/radioculturesco","https:\/\/x.com\/AugusteMarshal","https:\/\/www.instagram.com\/carotte_rock_culture\/","https:\/\/www.pinterest.fr\/augustemarshal\/","https:\/\/www.youtube.com\/channel\/UCiWLGffqWSXlNnfzp6YwwyQ"]},{"@type":"Person","@id":"https:\/\/culturesco.com\/#\/schema\/person\/81834f4613bae18e9afa0dfb9b4f5457","name":"Bruno Polaroid","image":{"@type":"ImageObject","inLanguage":"fr-FR","@id":"https:\/\/i0.wp.com\/culturesco.com\/wp-content\/uploads\/2021\/12\/1798853_1375590169374746_992490721_n.jpg?fit=94%2C96&ssl=1","url":"https:\/\/i0.wp.com\/culturesco.com\/wp-content\/uploads\/2021\/12\/1798853_1375590169374746_992490721_n.jpg?fit=94%2C96&ssl=1","contentUrl":"https:\/\/i0.wp.com\/culturesco.com\/wp-content\/uploads\/2021\/12\/1798853_1375590169374746_992490721_n.jpg?fit=94%2C96&ssl=1","caption":"Bruno Polaroid"},"description":"Bruno Ledez alias Bruno Polaro\u00efd : Chroniqueur \u00e0 Cultures Co, Attach\u00e9 de Presse, ex Animateur \u00e0 Radio-Campus Lille \/ \u00c9mission La Folie (1986 - 2009), ex Chroniqueur \u00e9pisodique des fanzines Walking The Dog et Musiques, Images &amp; Passions Modernes.","url":"https:\/\/culturesco.com\/index.php\/author\/bruno-polaroid\/"}]}},"jetpack_featured_media_url":"https:\/\/i0.wp.com\/culturesco.com\/wp-content\/uploads\/2025\/10\/96824798_10157725598361429_8090315344402448384_n-2.jpg?fit=600%2C314&ssl=1","jetpack_likes_enabled":true,"jetpack_sharing_enabled":true,"jetpack_shortlink":"https:\/\/wp.me\/paz89I-6vZ","_links":{"self":[{"href":"https:\/\/culturesco.com\/index.php\/wp-json\/wp\/v2\/posts\/25047","targetHints":{"allow":["GET"]}}],"collection":[{"href":"https:\/\/culturesco.com\/index.php\/wp-json\/wp\/v2\/posts"}],"about":[{"href":"https:\/\/culturesco.com\/index.php\/wp-json\/wp\/v2\/types\/post"}],"author":[{"embeddable":true,"href":"https:\/\/culturesco.com\/index.php\/wp-json\/wp\/v2\/users\/20"}],"replies":[{"embeddable":true,"href":"https:\/\/culturesco.com\/index.php\/wp-json\/wp\/v2\/comments?post=25047"}],"version-history":[{"count":0,"href":"https:\/\/culturesco.com\/index.php\/wp-json\/wp\/v2\/posts\/25047\/revisions"}],"wp:featuredmedia":[{"embeddable":true,"href":"https:\/\/culturesco.com\/index.php\/wp-json\/wp\/v2\/media\/25051"}],"wp:attachment":[{"href":"https:\/\/culturesco.com\/index.php\/wp-json\/wp\/v2\/media?parent=25047"}],"wp:term":[{"taxonomy":"category","embeddable":true,"href":"https:\/\/culturesco.com\/index.php\/wp-json\/wp\/v2\/categories?post=25047"},{"taxonomy":"post_tag","embeddable":true,"href":"https:\/\/culturesco.com\/index.php\/wp-json\/wp\/v2\/tags?post=25047"}],"curies":[{"name":"wp","href":"https:\/\/api.w.org\/{rel}","templated":true}]}}