{"id":24833,"date":"2025-09-16T14:28:35","date_gmt":"2025-09-16T12:28:35","guid":{"rendered":"https:\/\/culturesco.com\/?p=24833"},"modified":"2025-09-16T14:28:35","modified_gmt":"2025-09-16T12:28:35","slug":"the-celtic-social-club-you-should-know","status":"publish","type":"post","link":"https:\/\/culturesco.com\/index.php\/2025\/09\/16\/the-celtic-social-club-you-should-know\/","title":{"rendered":"The CELTIC SOCIAL CLUB &#8211; You Should Know"},"content":{"rendered":"<h2>The CELTIC SOCIAL CLUB &#8211; You Should Know<\/h2>\n<p><img data-recalc-dims=\"1\" loading=\"lazy\" decoding=\"async\" class=\" wp-image-24834 aligncenter\" src=\"https:\/\/i0.wp.com\/culturesco.com\/wp-content\/uploads\/2025\/09\/Celtic-Social-Club.jpg?resize=546%2C273&#038;ssl=1\" alt=\"The Celtic Social Club\" width=\"546\" height=\"273\" srcset=\"https:\/\/i0.wp.com\/culturesco.com\/wp-content\/uploads\/2025\/09\/Celtic-Social-Club.jpg?resize=300%2C150&amp;ssl=1 300w, https:\/\/i0.wp.com\/culturesco.com\/wp-content\/uploads\/2025\/09\/Celtic-Social-Club.jpg?resize=768%2C384&amp;ssl=1 768w, https:\/\/i0.wp.com\/culturesco.com\/wp-content\/uploads\/2025\/09\/Celtic-Social-Club.jpg?resize=840%2C420&amp;ssl=1 840w, https:\/\/i0.wp.com\/culturesco.com\/wp-content\/uploads\/2025\/09\/Celtic-Social-Club.jpg?resize=696%2C348&amp;ssl=1 696w, https:\/\/i0.wp.com\/culturesco.com\/wp-content\/uploads\/2025\/09\/Celtic-Social-Club.jpg?resize=1068%2C534&amp;ssl=1 1068w, https:\/\/i0.wp.com\/culturesco.com\/wp-content\/uploads\/2025\/09\/Celtic-Social-Club.jpg?w=600&amp;ssl=1 600w\" sizes=\"auto, (max-width: 546px) 100vw, 546px\" \/><\/p>\n<p style=\"text-align: justify;\">Le <strong>Celtic Social Club<\/strong> pr\u00e9sente son <strong>nouvel album<\/strong> ces jours-ci : <strong><em>You Should Know<\/em><\/strong>. Ni Dropkick Murphys, ni The Pogues, encore moins The Corrs, bien plus <strong>proche de <a href=\"https:\/\/www.youtube.com\/watch?v=xwtdhWltSIg&amp;list=RDxwtdhWltSIg&amp;start_radio=1\" target=\"_blank\" rel=\"noopener\">R.E.M.<\/a><\/strong> que de ces trois-l\u00e0, dans ce Club <strong>l\u2019aspect Celtic<\/strong> de l\u2019affaire <strong>revient<\/strong> socialement <strong>aux<\/strong> <strong>partitions et interventions du violon<\/strong>. Tout juste, en fond de mixe, un <strong>banjo<\/strong> ou une <strong>mandoline<\/strong> \u00ab <strong>irlandisant<\/strong> \u00bb enrubannent-ils les <strong>notes cristallines d\u2019une guitare dite \u00ab s\u00e8che \u00bb<\/strong>. Lorsque ces instruments identitaires ne jouent pas,<strong> le gang sonne acoustico-\u00e9lectrico-rock<\/strong>. L\u2019<strong>harmonica<\/strong> omnipr\u00e9sent vote \u00e9galement davantage <strong>en faveur du vieil adolescent<\/strong> que d\u2019une musique folklorique.<\/p>\n<h3>The CELTIC SOCIAL CLUB &#8211; Love Is A Madness<\/h3>\n<div class=\"youtube-embed\" data-video_id=\"NkS7NRzsiS4\"><iframe loading=\"lazy\" title=\"The Celtic Social Club : &quot; Love Is A Madness &quot; ( Official Video )\" width=\"696\" height=\"392\" src=\"https:\/\/www.youtube.com\/embed\/NkS7NRzsiS4\" frameborder=\"0\" allow=\"accelerometer; autoplay; clipboard-write; encrypted-media; gyroscope; picture-in-picture; web-share\" referrerpolicy=\"strict-origin-when-cross-origin\" allowfullscreen><\/iframe><\/div>\n<p style=\"text-align: justify;\">\u00c0 moins que l\u2019ou\u00efe du chroniqueur \u00e9rod\u00e9e par des ann\u00e9es de concert souffre d\u2019un d\u00e9but de surdit\u00e9, les couplets de \u00ab <strong>Love Is A Madness<\/strong> \u00bb \u00e9voquent \u00ab <a href=\"https:\/\/www.youtube.com\/watch?v=-35W_FWCT9Q&amp;list=RD-35W_FWCT9Q&amp;start_radio=1\" target=\"_blank\" rel=\"noopener\">Sweet Home Alabama<\/a> \u00bb, comptine pseudo traditionnelle d\u2019un autre continent \u2013 Lynyrd Skynyrd sur l\u2019album <em>Second Helping<\/em> (1974). En cinqui\u00e8me plage, \u00ab <strong>I Know Who you are<\/strong> \u00bb, nanti d\u2019une batterie \u00e0 la \u00ab Glory Box \u00bb \u2013 m\u00e9daille d\u2019or de Portishead \u2013 permet \u00e0 l\u2019auditeur d\u2019appr\u00e9cier une <strong>ballade originalement trouss\u00e9e<\/strong>, du genre <strong>qui accroche l\u2019oreille et l\u2019int\u00e9r\u00eat<\/strong>.<\/p>\n<p style=\"text-align: justify;\">Au fil de l\u2019album, le groupe expose <strong>un petit c\u00f4t\u00e9 <a href=\"https:\/\/www.youtube.com\/watch?v=FJ5qYNy8BS0&amp;list=RDFJ5qYNy8BS0&amp;start_radio=1\" target=\"_blank\" rel=\"noopener\">The Servant<\/a><\/strong> (CF \u00ab<strong> I Will Go<\/strong> \u00bb) ou <a href=\"https:\/\/www.youtube.com\/watch?v=S8PNXgLhkT0&amp;list=RDS8PNXgLhkT0&amp;start_radio=1\" target=\"_blank\" rel=\"noopener\"><strong>The Rembrandts<\/strong><\/a> (CF \u00ab <strong>Never Get Enough<\/strong> \u00bb) qui appuie notre premi\u00e8re impression, sensation que sur <strong><em>You Should Know<\/em><\/strong>, <strong>The Celtic Social Club<\/strong> <strong>sonne<\/strong> bien plus <strong>pop \/ rock<\/strong> que celtique au sens traditionnel du terme.<\/p>\n<h3>The CELTIC SOCIAL CLUB &#8211; Loud\u00e9ac (Live au Caf\u00e9 de la Danse &#8211; 03\/25)<\/h3>\n<div class=\"youtube-embed\" data-video_id=\"JrT8iwF-04U\"><iframe loading=\"lazy\" title=\"The Celtic Social Club - &quot;Loudeac&quot; - Caf\u00e9 de la Danse PARIS \/ 12.03.2025\" width=\"696\" height=\"392\" src=\"https:\/\/www.youtube.com\/embed\/JrT8iwF-04U\" frameborder=\"0\" allow=\"accelerometer; autoplay; clipboard-write; encrypted-media; gyroscope; picture-in-picture; web-share\" referrerpolicy=\"strict-origin-when-cross-origin\" allowfullscreen><\/iframe><\/div>\n<p style=\"text-align: justify;\">Ind\u00e9niablement, <strong>c\u2019est en concert que le septette<\/strong>, via ses violons et autres \u00ab instruments de l\u2019ombre \u00bb*, <strong>s\u2019entend \u00e0 parcourir la verte Erin<\/strong>, emportant le public avec lui dans une <strong>gigue tant esp\u00e9r\u00e9e qu\u2019effr\u00e9n\u00e9e.<\/strong> Cet abord live d\u00e9montre une nouvelle fois \u00e0 celles et ceux qui en douteraient qu\u2019au-del\u00e0 d\u2019une \u00e9coute de salon, <strong>la musique doit se d\u00e9guster \u00ab vivante \u00bb<\/strong>, au \u00ab contact \u00bb. Il nous tarde donc que sorte <strong><em>You Should Know<\/em><\/strong> <strong>que nous le<\/strong> d\u00e9gustions, le<strong> vivions<\/strong>, <strong>un tr\u00e8fle entre les dents<\/strong>.<\/p>\n<p style=\"text-align: justify;\">Thierry Dauge<\/p>\n<p><strong>The CELTIC SOCIAL CLUB<\/strong> \u2013 <strong><em>You Should Know<\/em><\/strong> \u2013 Label : Aztec Musique \u2013 <strong>Disponible le 24 octobre.<\/strong><\/p>\n<p style=\"text-align: justify;\">* CF l\u2019ouvrage : <a href=\"http:\/\/www.camionblanc.com\/?p=moteur&amp;Q=pop+rock+-+les+instruments+de+l%27ombre\" target=\"_blank\" rel=\"noopener\"><em>Pop Rock &#8211; Les instruments de l\u2019ombre<\/em><\/a> \u2013 Thierry Dauge \/ Julien Del\u00e9glise \u2013 Editions du Camion Blanc.<\/p>\n<p>&nbsp;<\/p>\n","protected":false},"excerpt":{"rendered":"<p>The CELTIC SOCIAL CLUB &#8211; You Should Know Le Celtic Social Club pr\u00e9sente son nouvel album ces jours-ci : You Should Know. Ni Dropkick Murphys, ni The Pogues, encore moins The Corrs, bien plus proche de R.E.M. que de ces trois-l\u00e0, dans ce Club l\u2019aspect Celtic de l\u2019affaire revient socialement aux partitions et interventions du [&hellip;]<\/p>\n","protected":false},"author":3,"featured_media":24834,"comment_status":"open","ping_status":"open","sticky":false,"template":"","format":"image","meta":{"jetpack_post_was_ever_published":false,"tdm_status":"","tdm_grid_status":"","_jetpack_newsletter_access":"","_jetpack_dont_email_post_to_subs":false,"_jetpack_newsletter_tier_id":0,"_jetpack_memberships_contains_paywalled_content":false,"_jetpack_memberships_contains_paid_content":false,"footnotes":""},"categories":[30,17,36],"tags":[37,52,51],"class_list":{"0":"post-24833","1":"post","2":"type-post","3":"status-publish","4":"format-image","5":"has-post-thumbnail","7":"category-albums-rock","8":"category-carotte-rock-cultures","9":"category-groupes-rock-daujourdhui","10":"tag-album-rock","11":"tag-groupe-rock-actuel","12":"tag-rock-francais","13":"post_format-post-format-image"},"yoast_head":"<!-- This site is optimized with the Yoast SEO plugin v27.5 - https:\/\/yoast.com\/product\/yoast-seo-wordpress\/ -->\n<title>The CELTIC SOCIAL CLUB - You Should Know - Culturesco rock fran\u00e7ais<\/title>\n<meta name=\"description\" content=\"CulturesCo | The Celtic Social Club annonce son nouvel album : &quot;You Should Know&quot;, pour octobre. Pop rock celtique, un bel ouvrage captivant.\" \/>\n<meta name=\"robots\" content=\"index, follow, max-snippet:-1, max-image-preview:large, max-video-preview:-1\" \/>\n<link rel=\"canonical\" href=\"https:\/\/culturesco.com\/index.php\/2025\/09\/16\/the-celtic-social-club-you-should-know\/\" \/>\n<meta property=\"og:locale\" content=\"fr_FR\" \/>\n<meta property=\"og:type\" content=\"article\" \/>\n<meta property=\"og:title\" content=\"The CELTIC SOCIAL CLUB - You Should Know - Culturesco rock fran\u00e7ais\" \/>\n<meta property=\"og:description\" content=\"CulturesCo | The Celtic Social Club annonce son nouvel album : &quot;You Should Know&quot;, pour octobre. Pop rock celtique, un bel ouvrage captivant.\" \/>\n<meta property=\"og:url\" content=\"https:\/\/culturesco.com\/index.php\/2025\/09\/16\/the-celtic-social-club-you-should-know\/\" \/>\n<meta property=\"og:site_name\" content=\"Culturesco\" \/>\n<meta property=\"article:publisher\" content=\"https:\/\/www.facebook.com\/radioculturesco\" \/>\n<meta property=\"article:published_time\" content=\"2025-09-16T12:28:35+00:00\" \/>\n<meta property=\"og:image\" content=\"https:\/\/culturesco.com\/wp-content\/uploads\/2025\/09\/Celtic-Social-Club.jpg\" \/>\n\t<meta property=\"og:image:width\" content=\"600\" \/>\n\t<meta property=\"og:image:height\" content=\"300\" \/>\n\t<meta property=\"og:image:type\" content=\"image\/jpeg\" \/>\n<meta name=\"author\" content=\"Thierry Dauge\" \/>\n<meta name=\"twitter:card\" content=\"summary_large_image\" \/>\n<meta name=\"twitter:creator\" content=\"@AugusteMarshal\" \/>\n<meta name=\"twitter:site\" content=\"@AugusteMarshal\" \/>\n<meta name=\"twitter:label1\" content=\"\u00c9crit par\" \/>\n\t<meta name=\"twitter:data1\" content=\"Thierry Dauge\" \/>\n\t<meta name=\"twitter:label2\" content=\"Dur\u00e9e de lecture estim\u00e9e\" \/>\n\t<meta name=\"twitter:data2\" content=\"3 minutes\" \/>\n<script type=\"application\/ld+json\" class=\"yoast-schema-graph\">{\"@context\":\"https:\\\/\\\/schema.org\",\"@graph\":[{\"@type\":\"Article\",\"@id\":\"https:\\\/\\\/culturesco.com\\\/index.php\\\/2025\\\/09\\\/16\\\/the-celtic-social-club-you-should-know\\\/#article\",\"isPartOf\":{\"@id\":\"https:\\\/\\\/culturesco.com\\\/index.php\\\/2025\\\/09\\\/16\\\/the-celtic-social-club-you-should-know\\\/\"},\"author\":{\"name\":\"Thierry Dauge\",\"@id\":\"https:\\\/\\\/culturesco.com\\\/#\\\/schema\\\/person\\\/19f04cf232d246197f6e7d62abe6cb0e\"},\"headline\":\"The CELTIC SOCIAL CLUB &#8211; You Should Know\",\"datePublished\":\"2025-09-16T12:28:35+00:00\",\"mainEntityOfPage\":{\"@id\":\"https:\\\/\\\/culturesco.com\\\/index.php\\\/2025\\\/09\\\/16\\\/the-celtic-social-club-you-should-know\\\/\"},\"wordCount\":446,\"commentCount\":0,\"publisher\":{\"@id\":\"https:\\\/\\\/culturesco.com\\\/#organization\"},\"image\":{\"@id\":\"https:\\\/\\\/culturesco.com\\\/index.php\\\/2025\\\/09\\\/16\\\/the-celtic-social-club-you-should-know\\\/#primaryimage\"},\"thumbnailUrl\":\"https:\\\/\\\/i0.wp.com\\\/culturesco.com\\\/wp-content\\\/uploads\\\/2025\\\/09\\\/Celtic-Social-Club.jpg?fit=600%2C300&ssl=1\",\"keywords\":[\"album rock\",\"groupe rock actuel\",\"Rock fran\u00e7ais\"],\"articleSection\":[\"Albums rock\",\"Carotte Rock Cultures\",\"Groupes rock d'aujourd'hui\"],\"inLanguage\":\"fr-FR\",\"potentialAction\":[{\"@type\":\"CommentAction\",\"name\":\"Comment\",\"target\":[\"https:\\\/\\\/culturesco.com\\\/index.php\\\/2025\\\/09\\\/16\\\/the-celtic-social-club-you-should-know\\\/#respond\"]}]},{\"@type\":\"WebPage\",\"@id\":\"https:\\\/\\\/culturesco.com\\\/index.php\\\/2025\\\/09\\\/16\\\/the-celtic-social-club-you-should-know\\\/\",\"url\":\"https:\\\/\\\/culturesco.com\\\/index.php\\\/2025\\\/09\\\/16\\\/the-celtic-social-club-you-should-know\\\/\",\"name\":\"The CELTIC SOCIAL CLUB - You Should Know - Culturesco rock fran\u00e7ais\",\"isPartOf\":{\"@id\":\"https:\\\/\\\/culturesco.com\\\/#website\"},\"primaryImageOfPage\":{\"@id\":\"https:\\\/\\\/culturesco.com\\\/index.php\\\/2025\\\/09\\\/16\\\/the-celtic-social-club-you-should-know\\\/#primaryimage\"},\"image\":{\"@id\":\"https:\\\/\\\/culturesco.com\\\/index.php\\\/2025\\\/09\\\/16\\\/the-celtic-social-club-you-should-know\\\/#primaryimage\"},\"thumbnailUrl\":\"https:\\\/\\\/i0.wp.com\\\/culturesco.com\\\/wp-content\\\/uploads\\\/2025\\\/09\\\/Celtic-Social-Club.jpg?fit=600%2C300&ssl=1\",\"datePublished\":\"2025-09-16T12:28:35+00:00\",\"description\":\"CulturesCo | The Celtic Social Club annonce son nouvel album : \\\"You Should Know\\\", pour octobre. Pop rock celtique, un bel ouvrage captivant.\",\"breadcrumb\":{\"@id\":\"https:\\\/\\\/culturesco.com\\\/index.php\\\/2025\\\/09\\\/16\\\/the-celtic-social-club-you-should-know\\\/#breadcrumb\"},\"inLanguage\":\"fr-FR\",\"potentialAction\":[{\"@type\":\"ReadAction\",\"target\":[\"https:\\\/\\\/culturesco.com\\\/index.php\\\/2025\\\/09\\\/16\\\/the-celtic-social-club-you-should-know\\\/\"]}]},{\"@type\":\"ImageObject\",\"inLanguage\":\"fr-FR\",\"@id\":\"https:\\\/\\\/culturesco.com\\\/index.php\\\/2025\\\/09\\\/16\\\/the-celtic-social-club-you-should-know\\\/#primaryimage\",\"url\":\"https:\\\/\\\/i0.wp.com\\\/culturesco.com\\\/wp-content\\\/uploads\\\/2025\\\/09\\\/Celtic-Social-Club.jpg?fit=600%2C300&ssl=1\",\"contentUrl\":\"https:\\\/\\\/i0.wp.com\\\/culturesco.com\\\/wp-content\\\/uploads\\\/2025\\\/09\\\/Celtic-Social-Club.jpg?fit=600%2C300&ssl=1\",\"width\":600,\"height\":300,\"caption\":\"The Celtic Social Club\"},{\"@type\":\"BreadcrumbList\",\"@id\":\"https:\\\/\\\/culturesco.com\\\/index.php\\\/2025\\\/09\\\/16\\\/the-celtic-social-club-you-should-know\\\/#breadcrumb\",\"itemListElement\":[{\"@type\":\"ListItem\",\"position\":1,\"name\":\"Accueil\",\"item\":\"https:\\\/\\\/culturesco.com\\\/\"},{\"@type\":\"ListItem\",\"position\":2,\"name\":\"The CELTIC SOCIAL CLUB &#8211; You Should Know\"}]},{\"@type\":\"WebSite\",\"@id\":\"https:\\\/\\\/culturesco.com\\\/#website\",\"url\":\"https:\\\/\\\/culturesco.com\\\/\",\"name\":\"Culturesco\",\"description\":\"Culturesco | Un bon coup de pied dans ta Culture\",\"publisher\":{\"@id\":\"https:\\\/\\\/culturesco.com\\\/#organization\"},\"potentialAction\":[{\"@type\":\"SearchAction\",\"target\":{\"@type\":\"EntryPoint\",\"urlTemplate\":\"https:\\\/\\\/culturesco.com\\\/?s={search_term_string}\"},\"query-input\":{\"@type\":\"PropertyValueSpecification\",\"valueRequired\":true,\"valueName\":\"search_term_string\"}}],\"inLanguage\":\"fr-FR\"},{\"@type\":\"Organization\",\"@id\":\"https:\\\/\\\/culturesco.com\\\/#organization\",\"name\":\"CULTURESCO\",\"url\":\"https:\\\/\\\/culturesco.com\\\/\",\"logo\":{\"@type\":\"ImageObject\",\"inLanguage\":\"fr-FR\",\"@id\":\"https:\\\/\\\/culturesco.com\\\/#\\\/schema\\\/logo\\\/image\\\/\",\"url\":\"https:\\\/\\\/i0.wp.com\\\/culturesco.com\\\/wp-content\\\/uploads\\\/2022\\\/04\\\/culturesco-logo-blanc250p.png?fit=250%2C250&ssl=1\",\"contentUrl\":\"https:\\\/\\\/i0.wp.com\\\/culturesco.com\\\/wp-content\\\/uploads\\\/2022\\\/04\\\/culturesco-logo-blanc250p.png?fit=250%2C250&ssl=1\",\"width\":250,\"height\":250,\"caption\":\"CULTURESCO\"},\"image\":{\"@id\":\"https:\\\/\\\/culturesco.com\\\/#\\\/schema\\\/logo\\\/image\\\/\"},\"sameAs\":[\"https:\\\/\\\/www.facebook.com\\\/radioculturesco\",\"https:\\\/\\\/x.com\\\/AugusteMarshal\",\"https:\\\/\\\/www.instagram.com\\\/carotte_rock_culture\\\/\",\"https:\\\/\\\/www.pinterest.fr\\\/augustemarshal\\\/\",\"https:\\\/\\\/www.youtube.com\\\/channel\\\/UCiWLGffqWSXlNnfzp6YwwyQ\"]},{\"@type\":\"Person\",\"@id\":\"https:\\\/\\\/culturesco.com\\\/#\\\/schema\\\/person\\\/19f04cf232d246197f6e7d62abe6cb0e\",\"name\":\"Thierry Dauge\",\"image\":{\"@type\":\"ImageObject\",\"inLanguage\":\"fr-FR\",\"@id\":\"https:\\\/\\\/i0.wp.com\\\/culturesco.com\\\/wp-content\\\/uploads\\\/2018\\\/12\\\/Black-Beauty-and-me.jpg?fit=96%2C96&ssl=1\",\"url\":\"https:\\\/\\\/i0.wp.com\\\/culturesco.com\\\/wp-content\\\/uploads\\\/2018\\\/12\\\/Black-Beauty-and-me.jpg?fit=96%2C96&ssl=1\",\"contentUrl\":\"https:\\\/\\\/i0.wp.com\\\/culturesco.com\\\/wp-content\\\/uploads\\\/2018\\\/12\\\/Black-Beauty-and-me.jpg?fit=96%2C96&ssl=1\",\"caption\":\"Thierry Dauge\"},\"description\":\"Amoureux des 70\u2019s et du hard rock en particulier, Thierry Dauge est chroniqueur sur Culturesco par amour de l\u2019\u00e9criture musicale. Co-auteur du livre\\\"Pop rock - Les instruments de l'ombre\\\" aux \u00e9ditions du Camion Blanc, collaborateur de Vivi pour \\\"Mes Ann\u00e9es Trust\\\", auteur de \\\"Sparks\\\" aux \u00e9ditions du Layeur, parce que le rock est loin d'\u00eatre mort ...\",\"url\":\"https:\\\/\\\/culturesco.com\\\/index.php\\\/author\\\/thierry-dauge888\\\/\"}]}<\/script>\n<!-- \/ Yoast SEO plugin. -->","yoast_head_json":{"title":"The CELTIC SOCIAL CLUB - You Should Know - Culturesco rock fran\u00e7ais","description":"CulturesCo | The Celtic Social Club annonce son nouvel album : \"You Should Know\", pour octobre. Pop rock celtique, un bel ouvrage captivant.","robots":{"index":"index","follow":"follow","max-snippet":"max-snippet:-1","max-image-preview":"max-image-preview:large","max-video-preview":"max-video-preview:-1"},"canonical":"https:\/\/culturesco.com\/index.php\/2025\/09\/16\/the-celtic-social-club-you-should-know\/","og_locale":"fr_FR","og_type":"article","og_title":"The CELTIC SOCIAL CLUB - You Should Know - Culturesco rock fran\u00e7ais","og_description":"CulturesCo | The Celtic Social Club annonce son nouvel album : \"You Should Know\", pour octobre. Pop rock celtique, un bel ouvrage captivant.","og_url":"https:\/\/culturesco.com\/index.php\/2025\/09\/16\/the-celtic-social-club-you-should-know\/","og_site_name":"Culturesco","article_publisher":"https:\/\/www.facebook.com\/radioculturesco","article_published_time":"2025-09-16T12:28:35+00:00","og_image":[{"width":600,"height":300,"url":"https:\/\/culturesco.com\/wp-content\/uploads\/2025\/09\/Celtic-Social-Club.jpg","type":"image\/jpeg"}],"author":"Thierry Dauge","twitter_card":"summary_large_image","twitter_creator":"@AugusteMarshal","twitter_site":"@AugusteMarshal","twitter_misc":{"\u00c9crit par":"Thierry Dauge","Dur\u00e9e de lecture estim\u00e9e":"3 minutes"},"schema":{"@context":"https:\/\/schema.org","@graph":[{"@type":"Article","@id":"https:\/\/culturesco.com\/index.php\/2025\/09\/16\/the-celtic-social-club-you-should-know\/#article","isPartOf":{"@id":"https:\/\/culturesco.com\/index.php\/2025\/09\/16\/the-celtic-social-club-you-should-know\/"},"author":{"name":"Thierry Dauge","@id":"https:\/\/culturesco.com\/#\/schema\/person\/19f04cf232d246197f6e7d62abe6cb0e"},"headline":"The CELTIC SOCIAL CLUB &#8211; You Should Know","datePublished":"2025-09-16T12:28:35+00:00","mainEntityOfPage":{"@id":"https:\/\/culturesco.com\/index.php\/2025\/09\/16\/the-celtic-social-club-you-should-know\/"},"wordCount":446,"commentCount":0,"publisher":{"@id":"https:\/\/culturesco.com\/#organization"},"image":{"@id":"https:\/\/culturesco.com\/index.php\/2025\/09\/16\/the-celtic-social-club-you-should-know\/#primaryimage"},"thumbnailUrl":"https:\/\/i0.wp.com\/culturesco.com\/wp-content\/uploads\/2025\/09\/Celtic-Social-Club.jpg?fit=600%2C300&ssl=1","keywords":["album rock","groupe rock actuel","Rock fran\u00e7ais"],"articleSection":["Albums rock","Carotte Rock Cultures","Groupes rock d'aujourd'hui"],"inLanguage":"fr-FR","potentialAction":[{"@type":"CommentAction","name":"Comment","target":["https:\/\/culturesco.com\/index.php\/2025\/09\/16\/the-celtic-social-club-you-should-know\/#respond"]}]},{"@type":"WebPage","@id":"https:\/\/culturesco.com\/index.php\/2025\/09\/16\/the-celtic-social-club-you-should-know\/","url":"https:\/\/culturesco.com\/index.php\/2025\/09\/16\/the-celtic-social-club-you-should-know\/","name":"The CELTIC SOCIAL CLUB - You Should Know - Culturesco rock fran\u00e7ais","isPartOf":{"@id":"https:\/\/culturesco.com\/#website"},"primaryImageOfPage":{"@id":"https:\/\/culturesco.com\/index.php\/2025\/09\/16\/the-celtic-social-club-you-should-know\/#primaryimage"},"image":{"@id":"https:\/\/culturesco.com\/index.php\/2025\/09\/16\/the-celtic-social-club-you-should-know\/#primaryimage"},"thumbnailUrl":"https:\/\/i0.wp.com\/culturesco.com\/wp-content\/uploads\/2025\/09\/Celtic-Social-Club.jpg?fit=600%2C300&ssl=1","datePublished":"2025-09-16T12:28:35+00:00","description":"CulturesCo | The Celtic Social Club annonce son nouvel album : \"You Should Know\", pour octobre. Pop rock celtique, un bel ouvrage captivant.","breadcrumb":{"@id":"https:\/\/culturesco.com\/index.php\/2025\/09\/16\/the-celtic-social-club-you-should-know\/#breadcrumb"},"inLanguage":"fr-FR","potentialAction":[{"@type":"ReadAction","target":["https:\/\/culturesco.com\/index.php\/2025\/09\/16\/the-celtic-social-club-you-should-know\/"]}]},{"@type":"ImageObject","inLanguage":"fr-FR","@id":"https:\/\/culturesco.com\/index.php\/2025\/09\/16\/the-celtic-social-club-you-should-know\/#primaryimage","url":"https:\/\/i0.wp.com\/culturesco.com\/wp-content\/uploads\/2025\/09\/Celtic-Social-Club.jpg?fit=600%2C300&ssl=1","contentUrl":"https:\/\/i0.wp.com\/culturesco.com\/wp-content\/uploads\/2025\/09\/Celtic-Social-Club.jpg?fit=600%2C300&ssl=1","width":600,"height":300,"caption":"The Celtic Social Club"},{"@type":"BreadcrumbList","@id":"https:\/\/culturesco.com\/index.php\/2025\/09\/16\/the-celtic-social-club-you-should-know\/#breadcrumb","itemListElement":[{"@type":"ListItem","position":1,"name":"Accueil","item":"https:\/\/culturesco.com\/"},{"@type":"ListItem","position":2,"name":"The CELTIC SOCIAL CLUB &#8211; You Should Know"}]},{"@type":"WebSite","@id":"https:\/\/culturesco.com\/#website","url":"https:\/\/culturesco.com\/","name":"Culturesco","description":"Culturesco | Un bon coup de pied dans ta Culture","publisher":{"@id":"https:\/\/culturesco.com\/#organization"},"potentialAction":[{"@type":"SearchAction","target":{"@type":"EntryPoint","urlTemplate":"https:\/\/culturesco.com\/?s={search_term_string}"},"query-input":{"@type":"PropertyValueSpecification","valueRequired":true,"valueName":"search_term_string"}}],"inLanguage":"fr-FR"},{"@type":"Organization","@id":"https:\/\/culturesco.com\/#organization","name":"CULTURESCO","url":"https:\/\/culturesco.com\/","logo":{"@type":"ImageObject","inLanguage":"fr-FR","@id":"https:\/\/culturesco.com\/#\/schema\/logo\/image\/","url":"https:\/\/i0.wp.com\/culturesco.com\/wp-content\/uploads\/2022\/04\/culturesco-logo-blanc250p.png?fit=250%2C250&ssl=1","contentUrl":"https:\/\/i0.wp.com\/culturesco.com\/wp-content\/uploads\/2022\/04\/culturesco-logo-blanc250p.png?fit=250%2C250&ssl=1","width":250,"height":250,"caption":"CULTURESCO"},"image":{"@id":"https:\/\/culturesco.com\/#\/schema\/logo\/image\/"},"sameAs":["https:\/\/www.facebook.com\/radioculturesco","https:\/\/x.com\/AugusteMarshal","https:\/\/www.instagram.com\/carotte_rock_culture\/","https:\/\/www.pinterest.fr\/augustemarshal\/","https:\/\/www.youtube.com\/channel\/UCiWLGffqWSXlNnfzp6YwwyQ"]},{"@type":"Person","@id":"https:\/\/culturesco.com\/#\/schema\/person\/19f04cf232d246197f6e7d62abe6cb0e","name":"Thierry Dauge","image":{"@type":"ImageObject","inLanguage":"fr-FR","@id":"https:\/\/i0.wp.com\/culturesco.com\/wp-content\/uploads\/2018\/12\/Black-Beauty-and-me.jpg?fit=96%2C96&ssl=1","url":"https:\/\/i0.wp.com\/culturesco.com\/wp-content\/uploads\/2018\/12\/Black-Beauty-and-me.jpg?fit=96%2C96&ssl=1","contentUrl":"https:\/\/i0.wp.com\/culturesco.com\/wp-content\/uploads\/2018\/12\/Black-Beauty-and-me.jpg?fit=96%2C96&ssl=1","caption":"Thierry Dauge"},"description":"Amoureux des 70\u2019s et du hard rock en particulier, Thierry Dauge est chroniqueur sur Culturesco par amour de l\u2019\u00e9criture musicale. Co-auteur du livre\"Pop rock - Les instruments de l'ombre\" aux \u00e9ditions du Camion Blanc, collaborateur de Vivi pour \"Mes Ann\u00e9es Trust\", auteur de \"Sparks\" aux \u00e9ditions du Layeur, parce que le rock est loin d'\u00eatre mort ...","url":"https:\/\/culturesco.com\/index.php\/author\/thierry-dauge888\/"}]}},"jetpack_featured_media_url":"https:\/\/i0.wp.com\/culturesco.com\/wp-content\/uploads\/2025\/09\/Celtic-Social-Club.jpg?fit=600%2C300&ssl=1","jetpack_likes_enabled":true,"jetpack_sharing_enabled":true,"jetpack_shortlink":"https:\/\/wp.me\/paz89I-6sx","_links":{"self":[{"href":"https:\/\/culturesco.com\/index.php\/wp-json\/wp\/v2\/posts\/24833","targetHints":{"allow":["GET"]}}],"collection":[{"href":"https:\/\/culturesco.com\/index.php\/wp-json\/wp\/v2\/posts"}],"about":[{"href":"https:\/\/culturesco.com\/index.php\/wp-json\/wp\/v2\/types\/post"}],"author":[{"embeddable":true,"href":"https:\/\/culturesco.com\/index.php\/wp-json\/wp\/v2\/users\/3"}],"replies":[{"embeddable":true,"href":"https:\/\/culturesco.com\/index.php\/wp-json\/wp\/v2\/comments?post=24833"}],"version-history":[{"count":0,"href":"https:\/\/culturesco.com\/index.php\/wp-json\/wp\/v2\/posts\/24833\/revisions"}],"wp:featuredmedia":[{"embeddable":true,"href":"https:\/\/culturesco.com\/index.php\/wp-json\/wp\/v2\/media\/24834"}],"wp:attachment":[{"href":"https:\/\/culturesco.com\/index.php\/wp-json\/wp\/v2\/media?parent=24833"}],"wp:term":[{"taxonomy":"category","embeddable":true,"href":"https:\/\/culturesco.com\/index.php\/wp-json\/wp\/v2\/categories?post=24833"},{"taxonomy":"post_tag","embeddable":true,"href":"https:\/\/culturesco.com\/index.php\/wp-json\/wp\/v2\/tags?post=24833"}],"curies":[{"name":"wp","href":"https:\/\/api.w.org\/{rel}","templated":true}]}}