{"id":2471,"date":"2019-01-18T22:18:29","date_gmt":"2019-01-18T21:18:29","guid":{"rendered":"https:\/\/culturesco.com\/?p=2471"},"modified":"2019-05-08T00:20:21","modified_gmt":"2019-05-07T22:20:21","slug":"bernard-lavilliers-si-o-gringo-metait-conte","status":"publish","type":"post","link":"https:\/\/culturesco.com\/index.php\/2019\/01\/18\/bernard-lavilliers-si-o-gringo-metait-conte\/","title":{"rendered":"Bernard LAVILLIERS : Si \u00ab\u00a0O gringo\u00a0\u00bb m&rsquo;\u00e9tait cont\u00e9"},"content":{"rendered":"<h2>Bernard LAVILLIERS : Si \u00ab\u00a0O gringo\u00a0\u00bb m&rsquo;\u00e9tait cont\u00e9<\/h2>\n<p><a href=\"https:\/\/i0.wp.com\/culturesco.com\/wp-content\/uploads\/2019\/01\/Front-page.jpg?ssl=1\"><img data-recalc-dims=\"1\" loading=\"lazy\" decoding=\"async\" class=\"aligncenter wp-image-2473\" src=\"https:\/\/i0.wp.com\/culturesco.com\/wp-content\/uploads\/2019\/01\/Front-page.jpg?resize=536%2C229&#038;ssl=1\" alt=\"B. Lavilliers\" width=\"536\" height=\"229\" srcset=\"https:\/\/i0.wp.com\/culturesco.com\/wp-content\/uploads\/2019\/01\/Front-page.jpg?resize=300%2C128&amp;ssl=1 300w, https:\/\/i0.wp.com\/culturesco.com\/wp-content\/uploads\/2019\/01\/Front-page.jpg?w=600&amp;ssl=1 600w, https:\/\/i0.wp.com\/culturesco.com\/wp-content\/uploads\/2019\/01\/Front-page.jpg?resize=696%2C297&amp;ssl=1 696w\" sizes=\"auto, (max-width: 536px) 100vw, 536px\" \/><\/a><\/p>\n<p style=\"text-align: justify;\">En qu\u00eate de mat\u00e9riel d\u2019enregistrement num\u00e9rique, \u00e0 une \u00e9poque o\u00f9 un ordinateur ne r\u00e9glait pas \u00ab tout \u00bb, le hasard des connaissances me fait rencontrer un homme \u00e9patant exer\u00e7ant le beau m\u00e9tier d\u2019\u00e9clairagiste. Plus exactement, un cr\u00e9ateur d\u2019univers lumineux \u00e0 destination de prestations live d\u2019artistes identifi\u00e9s rockeurs ou d\u2019ailleurs. Lors d\u2019une conversation \u00e0 connotation musicale, il me d\u00e9crit l\u2019amiti\u00e9 qui le lie \u00e0 <strong>Bernard Lavilliers<\/strong>.<\/p>\n<p style=\"text-align: justify;\">Son r\u00e9cit pr\u00e9cise que, pour son plaisir et celui de ses clients, le chanteuranime fr\u00e9quemment les soir\u00e9es de son restaurant parisien. Cette anecdote assoit une hypoth\u00e8se en un c\u0153ur g\u00e9n\u00e9reux sous une musculeuse image, l\u2019anneau \u00e0 l\u2019oreille relevant \u00e0 coup s\u00fbr du compagnonnage. Et c\u2019est bien de cela dont il s\u2019agit dans \u00ab<a href=\"https:\/\/fr.wikipedia.org\/wiki\/O_gringo\" target=\"_blank\" rel=\"noopener\">O gringo<\/a>\u00bb, d\u2019un tour du monde pour aff\u00fbter son art \u00e0 celui d\u2019autrui, apprendre des autres tout en livrant son propre bagage. Riche de ces nouveaux rythmes, il accouple les chatoyantes couleurs amazoniennes au binaire urbain<strong>.<\/strong><\/p>\n<h3>Bernard LAVILLIERS &#8211; Rock city<\/h3>\n<p><iframe loading=\"lazy\" src=\"https:\/\/www.youtube.com\/embed\/0TpvwZ9jeXo\" width=\"560\" height=\"315\" frameborder=\"0\" allowfullscreen=\"allowfullscreen\"><\/iframe><\/p>\n<p style=\"text-align: justify;\"><strong>1980<\/strong>. Dans les bistrots, un \u00ab<strong>Rock city<\/strong>\u00bb tout droit sorti du juke-box accompagne les forniqueurs de baby-foot et les supports de comptoir. Apr\u00e8s la <strong>ville<\/strong> et son regard d\u2019<strong>acier<\/strong>, une autre s\u00e9lection d\u00e9livre les pulsations de \u00ab<strong>Stand the ghetto<\/strong>\u00bb, onirique odyss\u00e9e d\u2019une <strong>Jama\u00efque<\/strong> exclusive en<strong> reggae<\/strong>.<\/p>\n<h3>Bernard LAVILLIERS &#8211; Stand the ghetto<\/h3>\n<p><iframe loading=\"lazy\" src=\"https:\/\/www.youtube.com\/embed\/OUx3-t9SC8U\" width=\"560\" height=\"315\" frameborder=\"0\" allowfullscreen=\"allowfullscreen\"><\/iframe><\/p>\n<h3>\u00ab\u00a0O gringo\u00a0\u00bb, la pluralit\u00e9<\/h3>\n<p style=\"text-align: justify;\">Dans cet opus de \u00ab vari\u00e9t\u00e9s \u00bb, <strong>Mr Lavilliers<\/strong> ajuste les <strong>changements d\u2019ambiances<\/strong> et de rythmes comme les ouvriers sp\u00e9cialis\u00e9s ajustent ou fraisent en usine. Il expose les doutes de <strong>Mr Ferr\u00e9<\/strong> : \u00ab <strong>Est-ce ainsi que les hommes vivent ?<\/strong> \u00bb, puis nous prend \u00e0 t\u00e9moin de ses propres fissures : \u00ab <strong>Attention fragile<\/strong> \u00bb. Ind\u00e9cis, il noie r\u00e9ponses et d\u00e9nuement dans la \u00ab<em> \u2026 frangine portoricaine qui vit dans le Spanish Harlem, les reins cambr\u00e9s au bon endroit, elle est superbe, c\u2019est<\/em><strong><em> la Salsa<\/em><\/strong>\u00bb. M\u00eame lorsqu\u2019il \u00ab prose \u00bb la malfaisance : \u00ab <strong>Pierrot la lame<\/strong> \u00bb, l\u2019assemblage de notes girondes emporte la r\u00e9ticence \u00e0 pl\u00e9bisciter.<\/p>\n<p style=\"text-align: justify;\">Une <strong>production en \u00ab relief<\/strong> <strong>\u00bb<\/strong> promeut l\u2019exotisme \u00e0 partir d\u2019une basse profonde et chaleureuse, creuset id\u00e9al o\u00f9 couler les autres instruments. Ce 33 tours \u00e9voque un grand <strong>raout polymorphe<\/strong>, <strong>melting-pot ethnique<\/strong> savamment \u00e9pic\u00e9 de<strong> condiments rock<\/strong>. Avant de finir dans le ghetto, Bernard nous gratifie d\u2019une ultime r\u00e9flexion en 3\u00e8me face du Lp suppl\u00e9mentaire : \u00ab<em> Que veux-tu que je sois dans cette soci\u00e9t\u00e9-l\u00e0<\/em> ? \u00bb. Je ne peux que lui r\u00e9pondre : un<strong> auteur\/compositeur\/interpr\u00e8te talentueux<\/strong> aux commandes de chansons plurielles. Quant \u00e0 moi ? Il l\u2019a devin\u00e9 : un lyophilisat dissout dans le \u00ab<strong> Traffic<\/strong> \u00bb.<\/p>\n<h3>Bernard LAVILLIERS &#8211; La salsa<\/h3>\n<p><iframe loading=\"lazy\" src=\"https:\/\/www.youtube.com\/embed\/CLwlqloTeqE\" width=\"560\" height=\"315\" frameborder=\"0\" allowfullscreen=\"allowfullscreen\"><\/iframe><\/p>\n<h3>La ville y est en concert<\/h3>\n<p style=\"text-align: justify;\">Le <strong>2\/03\/1989<\/strong> au Z\u00e9nith de Paris, une partie du public se rend \u00e0 sa premi\u00e8re <strong>s\u00e9ance de \u00ab musculation \u00bb auditive<\/strong>. Dans la foule d\u2019avant concert, on identifie des Perfecto, des casquettes de rasta, des costards\/cravates, des familles en sortie, des \u00ab apaches \u00bb gomin\u00e9s et des jeunes filles en fleur. Faut-il \u00eatre <strong>pluripotent<\/strong> pour r\u00e9unir autour de sa musique autant d\u2019effets !<\/p>\n<p style=\"text-align: justify;\">A l\u2019image et l\u2019attendu, <strong>la prestation<\/strong> du plus br\u00e9silien des chanteurs fran\u00e7ais <strong>casse la baraque<\/strong>, l\u2019isba et le township. Sa palette de <strong>chansons color\u00e9es<\/strong> recr\u00e9\u00e9e le march\u00e9 aux \u00e9pices de Dakar. Tout autant qu\u2019elle fait couler la majestueuse Amazone au c\u0153ur de la capitale. Sur sc\u00e8ne, les \u00e9paules de Bernard roulent, d\u00e9crivant des courbes qu\u2019oscillant dans la fosse des bassins clonent. La salle n\u2019\u00e9tant pas remplie, le chanteur invite ses convives \u00e0 <strong>communier d\u2019avantage<\/strong> en se rapprochant de lui. La promiscuit\u00e9, parfois, promeut des <strong>\u00e9motions<\/strong> qui perdurent loin, tr\u00e8s loin dans la nuit \u2026<a href=\"https:\/\/i0.wp.com\/culturesco.com\/wp-content\/uploads\/2019\/01\/Billet-conccert.jpg?ssl=1\"><img data-recalc-dims=\"1\" loading=\"lazy\" decoding=\"async\" class=\"aligncenter wp-image-2474\" title=\"Bernard Lavilliers\" src=\"https:\/\/i0.wp.com\/culturesco.com\/wp-content\/uploads\/2019\/01\/Billet-conccert.jpg?resize=452%2C271&#038;ssl=1\" alt=\"Bernard Lavilliers\" width=\"452\" height=\"271\" srcset=\"https:\/\/i0.wp.com\/culturesco.com\/wp-content\/uploads\/2019\/01\/Billet-conccert.jpg?resize=300%2C180&amp;ssl=1 300w, https:\/\/i0.wp.com\/culturesco.com\/wp-content\/uploads\/2019\/01\/Billet-conccert.jpg?w=484&amp;ssl=1 484w\" sizes=\"auto, (max-width: 452px) 100vw, 452px\" \/><\/a><\/p>\n<p>Thierry Dauge<\/p>\n<p>D\u00e9couvrez \u00e9galement notre article sur <a href=\"https:\/\/culturesco.com\/index.php\/2019\/02\/05\/alain-bashung-en-studio-et-en-concert\/\" target=\"_blank\" rel=\"noopener\">Alain Bashung<\/a><\/p>\n","protected":false},"excerpt":{"rendered":"<p>Bernard LAVILLIERS : Si \u00ab\u00a0O gringo\u00a0\u00bb m&rsquo;\u00e9tait cont\u00e9 En qu\u00eate de mat\u00e9riel d\u2019enregistrement num\u00e9rique, \u00e0 une \u00e9poque o\u00f9 un ordinateur ne r\u00e9glait pas \u00ab tout \u00bb, le hasard des connaissances me fait rencontrer un homme \u00e9patant exer\u00e7ant le beau m\u00e9tier d\u2019\u00e9clairagiste. Plus exactement, un cr\u00e9ateur d\u2019univers lumineux \u00e0 destination de prestations live d\u2019artistes identifi\u00e9s rockeurs [&hellip;]<\/p>\n","protected":false},"author":3,"featured_media":2472,"comment_status":"closed","ping_status":"closed","sticky":false,"template":"","format":"standard","meta":{"jetpack_post_was_ever_published":false,"tdm_status":"","tdm_grid_status":"","_jetpack_newsletter_access":"","_jetpack_dont_email_post_to_subs":false,"_jetpack_newsletter_tier_id":0,"_jetpack_memberships_contains_paywalled_content":false,"_jetpack_memberships_contains_paid_content":false,"footnotes":""},"categories":[17],"tags":[40],"class_list":{"0":"post-2471","1":"post","2":"type-post","3":"status-publish","4":"format-standard","5":"has-post-thumbnail","7":"category-carotte-rock-cultures","8":"tag-chanson-francaise"},"yoast_head":"<!-- This site is optimized with the Yoast SEO plugin v27.5 - https:\/\/yoast.com\/product\/yoast-seo-wordpress\/ -->\n<title>Bernard LAVILLIERS : Si &quot;O gringo&quot; m&#039;\u00e9tait cont\u00e9 - Culturesco<\/title>\n<meta name=\"description\" content=\"CulturesCo | Bernard LAVILLIERS : Si O gringo m&#039;\u00e9tait cont\u00e9 | Biographie, chronique de l&#039;album et Live report Lavilliers au Zenith Paris 1989\" \/>\n<meta name=\"robots\" content=\"index, follow, max-snippet:-1, max-image-preview:large, max-video-preview:-1\" \/>\n<link rel=\"canonical\" href=\"https:\/\/culturesco.com\/index.php\/2019\/01\/18\/bernard-lavilliers-si-o-gringo-metait-conte\/\" \/>\n<meta property=\"og:locale\" content=\"fr_FR\" \/>\n<meta property=\"og:type\" content=\"article\" \/>\n<meta property=\"og:title\" content=\"Bernard LAVILLIERS : Si &quot;O gringo&quot; m&#039;\u00e9tait cont\u00e9 - Culturesco\" \/>\n<meta property=\"og:description\" content=\"CulturesCo | Bernard LAVILLIERS : Si O gringo m&#039;\u00e9tait cont\u00e9 | Biographie, chronique de l&#039;album et Live report Lavilliers au Zenith Paris 1989\" \/>\n<meta property=\"og:url\" content=\"https:\/\/culturesco.com\/index.php\/2019\/01\/18\/bernard-lavilliers-si-o-gringo-metait-conte\/\" \/>\n<meta property=\"og:site_name\" content=\"Culturesco\" \/>\n<meta property=\"article:publisher\" content=\"https:\/\/www.facebook.com\/radioculturesco\" \/>\n<meta property=\"article:published_time\" content=\"2019-01-18T21:18:29+00:00\" \/>\n<meta property=\"article:modified_time\" content=\"2019-05-07T22:20:21+00:00\" \/>\n<meta property=\"og:image\" content=\"https:\/\/i1.wp.com\/culturesco.com\/wp-content\/uploads\/2019\/01\/Lavilliers-prtrait.jpg?fit=600%2C398&ssl=1\" \/>\n\t<meta property=\"og:image:width\" content=\"600\" \/>\n\t<meta property=\"og:image:height\" content=\"398\" \/>\n\t<meta property=\"og:image:type\" content=\"image\/jpeg\" \/>\n<meta name=\"author\" content=\"Thierry Dauge\" \/>\n<meta name=\"twitter:card\" content=\"summary_large_image\" \/>\n<meta name=\"twitter:creator\" content=\"@AugusteMarshal\" \/>\n<meta name=\"twitter:site\" content=\"@AugusteMarshal\" \/>\n<meta name=\"twitter:label1\" content=\"\u00c9crit par\" \/>\n\t<meta name=\"twitter:data1\" content=\"Thierry Dauge\" \/>\n\t<meta name=\"twitter:label2\" content=\"Dur\u00e9e de lecture estim\u00e9e\" \/>\n\t<meta name=\"twitter:data2\" content=\"3 minutes\" \/>\n<script type=\"application\/ld+json\" class=\"yoast-schema-graph\">{\"@context\":\"https:\\\/\\\/schema.org\",\"@graph\":[{\"@type\":\"Article\",\"@id\":\"https:\\\/\\\/culturesco.com\\\/index.php\\\/2019\\\/01\\\/18\\\/bernard-lavilliers-si-o-gringo-metait-conte\\\/#article\",\"isPartOf\":{\"@id\":\"https:\\\/\\\/culturesco.com\\\/index.php\\\/2019\\\/01\\\/18\\\/bernard-lavilliers-si-o-gringo-metait-conte\\\/\"},\"author\":{\"name\":\"Thierry Dauge\",\"@id\":\"https:\\\/\\\/culturesco.com\\\/#\\\/schema\\\/person\\\/19f04cf232d246197f6e7d62abe6cb0e\"},\"headline\":\"Bernard LAVILLIERS : Si \u00ab\u00a0O gringo\u00a0\u00bb m&rsquo;\u00e9tait cont\u00e9\",\"datePublished\":\"2019-01-18T21:18:29+00:00\",\"dateModified\":\"2019-05-07T22:20:21+00:00\",\"mainEntityOfPage\":{\"@id\":\"https:\\\/\\\/culturesco.com\\\/index.php\\\/2019\\\/01\\\/18\\\/bernard-lavilliers-si-o-gringo-metait-conte\\\/\"},\"wordCount\":654,\"publisher\":{\"@id\":\"https:\\\/\\\/culturesco.com\\\/#organization\"},\"image\":{\"@id\":\"https:\\\/\\\/culturesco.com\\\/index.php\\\/2019\\\/01\\\/18\\\/bernard-lavilliers-si-o-gringo-metait-conte\\\/#primaryimage\"},\"thumbnailUrl\":\"https:\\\/\\\/i0.wp.com\\\/culturesco.com\\\/wp-content\\\/uploads\\\/2019\\\/01\\\/Lavilliers-prtrait.jpg?fit=600%2C398&ssl=1\",\"keywords\":[\"chanson fran\u00e7aise\"],\"articleSection\":[\"Carotte Rock Cultures\"],\"inLanguage\":\"fr-FR\"},{\"@type\":\"WebPage\",\"@id\":\"https:\\\/\\\/culturesco.com\\\/index.php\\\/2019\\\/01\\\/18\\\/bernard-lavilliers-si-o-gringo-metait-conte\\\/\",\"url\":\"https:\\\/\\\/culturesco.com\\\/index.php\\\/2019\\\/01\\\/18\\\/bernard-lavilliers-si-o-gringo-metait-conte\\\/\",\"name\":\"Bernard LAVILLIERS : Si \\\"O gringo\\\" m'\u00e9tait cont\u00e9 - Culturesco\",\"isPartOf\":{\"@id\":\"https:\\\/\\\/culturesco.com\\\/#website\"},\"primaryImageOfPage\":{\"@id\":\"https:\\\/\\\/culturesco.com\\\/index.php\\\/2019\\\/01\\\/18\\\/bernard-lavilliers-si-o-gringo-metait-conte\\\/#primaryimage\"},\"image\":{\"@id\":\"https:\\\/\\\/culturesco.com\\\/index.php\\\/2019\\\/01\\\/18\\\/bernard-lavilliers-si-o-gringo-metait-conte\\\/#primaryimage\"},\"thumbnailUrl\":\"https:\\\/\\\/i0.wp.com\\\/culturesco.com\\\/wp-content\\\/uploads\\\/2019\\\/01\\\/Lavilliers-prtrait.jpg?fit=600%2C398&ssl=1\",\"datePublished\":\"2019-01-18T21:18:29+00:00\",\"dateModified\":\"2019-05-07T22:20:21+00:00\",\"description\":\"CulturesCo | Bernard LAVILLIERS : Si O gringo m'\u00e9tait cont\u00e9 | Biographie, chronique de l'album et Live report Lavilliers au Zenith Paris 1989\",\"breadcrumb\":{\"@id\":\"https:\\\/\\\/culturesco.com\\\/index.php\\\/2019\\\/01\\\/18\\\/bernard-lavilliers-si-o-gringo-metait-conte\\\/#breadcrumb\"},\"inLanguage\":\"fr-FR\",\"potentialAction\":[{\"@type\":\"ReadAction\",\"target\":[\"https:\\\/\\\/culturesco.com\\\/index.php\\\/2019\\\/01\\\/18\\\/bernard-lavilliers-si-o-gringo-metait-conte\\\/\"]}]},{\"@type\":\"ImageObject\",\"inLanguage\":\"fr-FR\",\"@id\":\"https:\\\/\\\/culturesco.com\\\/index.php\\\/2019\\\/01\\\/18\\\/bernard-lavilliers-si-o-gringo-metait-conte\\\/#primaryimage\",\"url\":\"https:\\\/\\\/i0.wp.com\\\/culturesco.com\\\/wp-content\\\/uploads\\\/2019\\\/01\\\/Lavilliers-prtrait.jpg?fit=600%2C398&ssl=1\",\"contentUrl\":\"https:\\\/\\\/i0.wp.com\\\/culturesco.com\\\/wp-content\\\/uploads\\\/2019\\\/01\\\/Lavilliers-prtrait.jpg?fit=600%2C398&ssl=1\",\"width\":600,\"height\":398,\"caption\":\"B. Lavilliers\"},{\"@type\":\"BreadcrumbList\",\"@id\":\"https:\\\/\\\/culturesco.com\\\/index.php\\\/2019\\\/01\\\/18\\\/bernard-lavilliers-si-o-gringo-metait-conte\\\/#breadcrumb\",\"itemListElement\":[{\"@type\":\"ListItem\",\"position\":1,\"name\":\"Accueil\",\"item\":\"https:\\\/\\\/culturesco.com\\\/\"},{\"@type\":\"ListItem\",\"position\":2,\"name\":\"Bernard LAVILLIERS : Si \u00ab\u00a0O gringo\u00a0\u00bb m&rsquo;\u00e9tait cont\u00e9\"}]},{\"@type\":\"WebSite\",\"@id\":\"https:\\\/\\\/culturesco.com\\\/#website\",\"url\":\"https:\\\/\\\/culturesco.com\\\/\",\"name\":\"Culturesco\",\"description\":\"Culturesco | Un bon coup de pied dans ta Culture\",\"publisher\":{\"@id\":\"https:\\\/\\\/culturesco.com\\\/#organization\"},\"potentialAction\":[{\"@type\":\"SearchAction\",\"target\":{\"@type\":\"EntryPoint\",\"urlTemplate\":\"https:\\\/\\\/culturesco.com\\\/?s={search_term_string}\"},\"query-input\":{\"@type\":\"PropertyValueSpecification\",\"valueRequired\":true,\"valueName\":\"search_term_string\"}}],\"inLanguage\":\"fr-FR\"},{\"@type\":\"Organization\",\"@id\":\"https:\\\/\\\/culturesco.com\\\/#organization\",\"name\":\"CULTURESCO\",\"url\":\"https:\\\/\\\/culturesco.com\\\/\",\"logo\":{\"@type\":\"ImageObject\",\"inLanguage\":\"fr-FR\",\"@id\":\"https:\\\/\\\/culturesco.com\\\/#\\\/schema\\\/logo\\\/image\\\/\",\"url\":\"https:\\\/\\\/i0.wp.com\\\/culturesco.com\\\/wp-content\\\/uploads\\\/2022\\\/04\\\/culturesco-logo-blanc250p.png?fit=250%2C250&ssl=1\",\"contentUrl\":\"https:\\\/\\\/i0.wp.com\\\/culturesco.com\\\/wp-content\\\/uploads\\\/2022\\\/04\\\/culturesco-logo-blanc250p.png?fit=250%2C250&ssl=1\",\"width\":250,\"height\":250,\"caption\":\"CULTURESCO\"},\"image\":{\"@id\":\"https:\\\/\\\/culturesco.com\\\/#\\\/schema\\\/logo\\\/image\\\/\"},\"sameAs\":[\"https:\\\/\\\/www.facebook.com\\\/radioculturesco\",\"https:\\\/\\\/x.com\\\/AugusteMarshal\",\"https:\\\/\\\/www.instagram.com\\\/carotte_rock_culture\\\/\",\"https:\\\/\\\/www.pinterest.fr\\\/augustemarshal\\\/\",\"https:\\\/\\\/www.youtube.com\\\/channel\\\/UCiWLGffqWSXlNnfzp6YwwyQ\"]},{\"@type\":\"Person\",\"@id\":\"https:\\\/\\\/culturesco.com\\\/#\\\/schema\\\/person\\\/19f04cf232d246197f6e7d62abe6cb0e\",\"name\":\"Thierry Dauge\",\"image\":{\"@type\":\"ImageObject\",\"inLanguage\":\"fr-FR\",\"@id\":\"https:\\\/\\\/i0.wp.com\\\/culturesco.com\\\/wp-content\\\/uploads\\\/2018\\\/12\\\/Black-Beauty-and-me.jpg?fit=96%2C96&ssl=1\",\"url\":\"https:\\\/\\\/i0.wp.com\\\/culturesco.com\\\/wp-content\\\/uploads\\\/2018\\\/12\\\/Black-Beauty-and-me.jpg?fit=96%2C96&ssl=1\",\"contentUrl\":\"https:\\\/\\\/i0.wp.com\\\/culturesco.com\\\/wp-content\\\/uploads\\\/2018\\\/12\\\/Black-Beauty-and-me.jpg?fit=96%2C96&ssl=1\",\"caption\":\"Thierry Dauge\"},\"description\":\"Amoureux des 70\u2019s et du hard rock en particulier, Thierry Dauge est chroniqueur sur Culturesco par amour de l\u2019\u00e9criture musicale. Co-auteur du livre\\\"Pop rock - Les instruments de l'ombre\\\" aux \u00e9ditions du Camion Blanc, collaborateur de Vivi pour \\\"Mes Ann\u00e9es Trust\\\", auteur de \\\"Sparks\\\" aux \u00e9ditions du Layeur, parce que le rock est loin d'\u00eatre mort ...\",\"url\":\"https:\\\/\\\/culturesco.com\\\/index.php\\\/author\\\/thierry-dauge888\\\/\"}]}<\/script>\n<!-- \/ Yoast SEO plugin. -->","yoast_head_json":{"title":"Bernard LAVILLIERS : Si \"O gringo\" m'\u00e9tait cont\u00e9 - Culturesco","description":"CulturesCo | Bernard LAVILLIERS : Si O gringo m'\u00e9tait cont\u00e9 | Biographie, chronique de l'album et Live report Lavilliers au Zenith Paris 1989","robots":{"index":"index","follow":"follow","max-snippet":"max-snippet:-1","max-image-preview":"max-image-preview:large","max-video-preview":"max-video-preview:-1"},"canonical":"https:\/\/culturesco.com\/index.php\/2019\/01\/18\/bernard-lavilliers-si-o-gringo-metait-conte\/","og_locale":"fr_FR","og_type":"article","og_title":"Bernard LAVILLIERS : Si \"O gringo\" m'\u00e9tait cont\u00e9 - Culturesco","og_description":"CulturesCo | Bernard LAVILLIERS : Si O gringo m'\u00e9tait cont\u00e9 | Biographie, chronique de l'album et Live report Lavilliers au Zenith Paris 1989","og_url":"https:\/\/culturesco.com\/index.php\/2019\/01\/18\/bernard-lavilliers-si-o-gringo-metait-conte\/","og_site_name":"Culturesco","article_publisher":"https:\/\/www.facebook.com\/radioculturesco","article_published_time":"2019-01-18T21:18:29+00:00","article_modified_time":"2019-05-07T22:20:21+00:00","og_image":[{"width":600,"height":398,"url":"https:\/\/i1.wp.com\/culturesco.com\/wp-content\/uploads\/2019\/01\/Lavilliers-prtrait.jpg?fit=600%2C398&ssl=1","type":"image\/jpeg"}],"author":"Thierry Dauge","twitter_card":"summary_large_image","twitter_creator":"@AugusteMarshal","twitter_site":"@AugusteMarshal","twitter_misc":{"\u00c9crit par":"Thierry Dauge","Dur\u00e9e de lecture estim\u00e9e":"3 minutes"},"schema":{"@context":"https:\/\/schema.org","@graph":[{"@type":"Article","@id":"https:\/\/culturesco.com\/index.php\/2019\/01\/18\/bernard-lavilliers-si-o-gringo-metait-conte\/#article","isPartOf":{"@id":"https:\/\/culturesco.com\/index.php\/2019\/01\/18\/bernard-lavilliers-si-o-gringo-metait-conte\/"},"author":{"name":"Thierry Dauge","@id":"https:\/\/culturesco.com\/#\/schema\/person\/19f04cf232d246197f6e7d62abe6cb0e"},"headline":"Bernard LAVILLIERS : Si \u00ab\u00a0O gringo\u00a0\u00bb m&rsquo;\u00e9tait cont\u00e9","datePublished":"2019-01-18T21:18:29+00:00","dateModified":"2019-05-07T22:20:21+00:00","mainEntityOfPage":{"@id":"https:\/\/culturesco.com\/index.php\/2019\/01\/18\/bernard-lavilliers-si-o-gringo-metait-conte\/"},"wordCount":654,"publisher":{"@id":"https:\/\/culturesco.com\/#organization"},"image":{"@id":"https:\/\/culturesco.com\/index.php\/2019\/01\/18\/bernard-lavilliers-si-o-gringo-metait-conte\/#primaryimage"},"thumbnailUrl":"https:\/\/i0.wp.com\/culturesco.com\/wp-content\/uploads\/2019\/01\/Lavilliers-prtrait.jpg?fit=600%2C398&ssl=1","keywords":["chanson fran\u00e7aise"],"articleSection":["Carotte Rock Cultures"],"inLanguage":"fr-FR"},{"@type":"WebPage","@id":"https:\/\/culturesco.com\/index.php\/2019\/01\/18\/bernard-lavilliers-si-o-gringo-metait-conte\/","url":"https:\/\/culturesco.com\/index.php\/2019\/01\/18\/bernard-lavilliers-si-o-gringo-metait-conte\/","name":"Bernard LAVILLIERS : Si \"O gringo\" m'\u00e9tait cont\u00e9 - Culturesco","isPartOf":{"@id":"https:\/\/culturesco.com\/#website"},"primaryImageOfPage":{"@id":"https:\/\/culturesco.com\/index.php\/2019\/01\/18\/bernard-lavilliers-si-o-gringo-metait-conte\/#primaryimage"},"image":{"@id":"https:\/\/culturesco.com\/index.php\/2019\/01\/18\/bernard-lavilliers-si-o-gringo-metait-conte\/#primaryimage"},"thumbnailUrl":"https:\/\/i0.wp.com\/culturesco.com\/wp-content\/uploads\/2019\/01\/Lavilliers-prtrait.jpg?fit=600%2C398&ssl=1","datePublished":"2019-01-18T21:18:29+00:00","dateModified":"2019-05-07T22:20:21+00:00","description":"CulturesCo | Bernard LAVILLIERS : Si O gringo m'\u00e9tait cont\u00e9 | Biographie, chronique de l'album et Live report Lavilliers au Zenith Paris 1989","breadcrumb":{"@id":"https:\/\/culturesco.com\/index.php\/2019\/01\/18\/bernard-lavilliers-si-o-gringo-metait-conte\/#breadcrumb"},"inLanguage":"fr-FR","potentialAction":[{"@type":"ReadAction","target":["https:\/\/culturesco.com\/index.php\/2019\/01\/18\/bernard-lavilliers-si-o-gringo-metait-conte\/"]}]},{"@type":"ImageObject","inLanguage":"fr-FR","@id":"https:\/\/culturesco.com\/index.php\/2019\/01\/18\/bernard-lavilliers-si-o-gringo-metait-conte\/#primaryimage","url":"https:\/\/i0.wp.com\/culturesco.com\/wp-content\/uploads\/2019\/01\/Lavilliers-prtrait.jpg?fit=600%2C398&ssl=1","contentUrl":"https:\/\/i0.wp.com\/culturesco.com\/wp-content\/uploads\/2019\/01\/Lavilliers-prtrait.jpg?fit=600%2C398&ssl=1","width":600,"height":398,"caption":"B. Lavilliers"},{"@type":"BreadcrumbList","@id":"https:\/\/culturesco.com\/index.php\/2019\/01\/18\/bernard-lavilliers-si-o-gringo-metait-conte\/#breadcrumb","itemListElement":[{"@type":"ListItem","position":1,"name":"Accueil","item":"https:\/\/culturesco.com\/"},{"@type":"ListItem","position":2,"name":"Bernard LAVILLIERS : Si \u00ab\u00a0O gringo\u00a0\u00bb m&rsquo;\u00e9tait cont\u00e9"}]},{"@type":"WebSite","@id":"https:\/\/culturesco.com\/#website","url":"https:\/\/culturesco.com\/","name":"Culturesco","description":"Culturesco | Un bon coup de pied dans ta Culture","publisher":{"@id":"https:\/\/culturesco.com\/#organization"},"potentialAction":[{"@type":"SearchAction","target":{"@type":"EntryPoint","urlTemplate":"https:\/\/culturesco.com\/?s={search_term_string}"},"query-input":{"@type":"PropertyValueSpecification","valueRequired":true,"valueName":"search_term_string"}}],"inLanguage":"fr-FR"},{"@type":"Organization","@id":"https:\/\/culturesco.com\/#organization","name":"CULTURESCO","url":"https:\/\/culturesco.com\/","logo":{"@type":"ImageObject","inLanguage":"fr-FR","@id":"https:\/\/culturesco.com\/#\/schema\/logo\/image\/","url":"https:\/\/i0.wp.com\/culturesco.com\/wp-content\/uploads\/2022\/04\/culturesco-logo-blanc250p.png?fit=250%2C250&ssl=1","contentUrl":"https:\/\/i0.wp.com\/culturesco.com\/wp-content\/uploads\/2022\/04\/culturesco-logo-blanc250p.png?fit=250%2C250&ssl=1","width":250,"height":250,"caption":"CULTURESCO"},"image":{"@id":"https:\/\/culturesco.com\/#\/schema\/logo\/image\/"},"sameAs":["https:\/\/www.facebook.com\/radioculturesco","https:\/\/x.com\/AugusteMarshal","https:\/\/www.instagram.com\/carotte_rock_culture\/","https:\/\/www.pinterest.fr\/augustemarshal\/","https:\/\/www.youtube.com\/channel\/UCiWLGffqWSXlNnfzp6YwwyQ"]},{"@type":"Person","@id":"https:\/\/culturesco.com\/#\/schema\/person\/19f04cf232d246197f6e7d62abe6cb0e","name":"Thierry Dauge","image":{"@type":"ImageObject","inLanguage":"fr-FR","@id":"https:\/\/i0.wp.com\/culturesco.com\/wp-content\/uploads\/2018\/12\/Black-Beauty-and-me.jpg?fit=96%2C96&ssl=1","url":"https:\/\/i0.wp.com\/culturesco.com\/wp-content\/uploads\/2018\/12\/Black-Beauty-and-me.jpg?fit=96%2C96&ssl=1","contentUrl":"https:\/\/i0.wp.com\/culturesco.com\/wp-content\/uploads\/2018\/12\/Black-Beauty-and-me.jpg?fit=96%2C96&ssl=1","caption":"Thierry Dauge"},"description":"Amoureux des 70\u2019s et du hard rock en particulier, Thierry Dauge est chroniqueur sur Culturesco par amour de l\u2019\u00e9criture musicale. Co-auteur du livre\"Pop rock - Les instruments de l'ombre\" aux \u00e9ditions du Camion Blanc, collaborateur de Vivi pour \"Mes Ann\u00e9es Trust\", auteur de \"Sparks\" aux \u00e9ditions du Layeur, parce que le rock est loin d'\u00eatre mort ...","url":"https:\/\/culturesco.com\/index.php\/author\/thierry-dauge888\/"}]}},"jetpack_featured_media_url":"https:\/\/i0.wp.com\/culturesco.com\/wp-content\/uploads\/2019\/01\/Lavilliers-prtrait.jpg?fit=600%2C398&ssl=1","jetpack_likes_enabled":true,"jetpack_sharing_enabled":true,"jetpack_shortlink":"https:\/\/wp.me\/paz89I-DR","_links":{"self":[{"href":"https:\/\/culturesco.com\/index.php\/wp-json\/wp\/v2\/posts\/2471","targetHints":{"allow":["GET"]}}],"collection":[{"href":"https:\/\/culturesco.com\/index.php\/wp-json\/wp\/v2\/posts"}],"about":[{"href":"https:\/\/culturesco.com\/index.php\/wp-json\/wp\/v2\/types\/post"}],"author":[{"embeddable":true,"href":"https:\/\/culturesco.com\/index.php\/wp-json\/wp\/v2\/users\/3"}],"replies":[{"embeddable":true,"href":"https:\/\/culturesco.com\/index.php\/wp-json\/wp\/v2\/comments?post=2471"}],"version-history":[{"count":0,"href":"https:\/\/culturesco.com\/index.php\/wp-json\/wp\/v2\/posts\/2471\/revisions"}],"wp:featuredmedia":[{"embeddable":true,"href":"https:\/\/culturesco.com\/index.php\/wp-json\/wp\/v2\/media\/2472"}],"wp:attachment":[{"href":"https:\/\/culturesco.com\/index.php\/wp-json\/wp\/v2\/media?parent=2471"}],"wp:term":[{"taxonomy":"category","embeddable":true,"href":"https:\/\/culturesco.com\/index.php\/wp-json\/wp\/v2\/categories?post=2471"},{"taxonomy":"post_tag","embeddable":true,"href":"https:\/\/culturesco.com\/index.php\/wp-json\/wp\/v2\/tags?post=2471"}],"curies":[{"name":"wp","href":"https:\/\/api.w.org\/{rel}","templated":true}]}}