{"id":24609,"date":"2025-07-21T18:17:49","date_gmt":"2025-07-21T16:17:49","guid":{"rendered":"https:\/\/culturesco.com\/?p=24609"},"modified":"2025-07-21T18:17:49","modified_gmt":"2025-07-21T16:17:49","slug":"francois-de-roubaix-la-scoumoune-bo-du-film","status":"publish","type":"post","link":"https:\/\/culturesco.com\/index.php\/2025\/07\/21\/francois-de-roubaix-la-scoumoune-bo-du-film\/","title":{"rendered":"Fran\u00e7ois de Roubaix &#8211; La Scoumoune (BO du film)"},"content":{"rendered":"<h2>Fran\u00e7ois de Roubaix &#8211; La Scoumoune (BO du film)<\/h2>\n<p><img data-recalc-dims=\"1\" loading=\"lazy\" decoding=\"async\" class=\" wp-image-24611 aligncenter\" src=\"https:\/\/i0.wp.com\/culturesco.com\/wp-content\/uploads\/2025\/07\/La-Scoumoune-BO.jpg?resize=504%2C262&#038;ssl=1\" alt=\"Fran\u00e7ois de Roubaix\" width=\"504\" height=\"262\" srcset=\"https:\/\/i0.wp.com\/culturesco.com\/wp-content\/uploads\/2025\/07\/La-Scoumoune-BO.jpg?resize=300%2C156&amp;ssl=1 300w, https:\/\/i0.wp.com\/culturesco.com\/wp-content\/uploads\/2025\/07\/La-Scoumoune-BO.jpg?resize=768%2C399&amp;ssl=1 768w, https:\/\/i0.wp.com\/culturesco.com\/wp-content\/uploads\/2025\/07\/La-Scoumoune-BO.jpg?resize=809%2C420&amp;ssl=1 809w, https:\/\/i0.wp.com\/culturesco.com\/wp-content\/uploads\/2025\/07\/La-Scoumoune-BO.jpg?resize=696%2C361&amp;ssl=1 696w, https:\/\/i0.wp.com\/culturesco.com\/wp-content\/uploads\/2025\/07\/La-Scoumoune-BO.jpg?resize=1068%2C554&amp;ssl=1 1068w, https:\/\/i0.wp.com\/culturesco.com\/wp-content\/uploads\/2025\/07\/La-Scoumoune-BO.jpg?w=600&amp;ssl=1 600w\" sizes=\"auto, (max-width: 504px) 100vw, 504px\" \/><\/p>\n<p style=\"text-align: justify;\">N\u00e9 en 1939, mort en 1975, <strong>Fran\u00e7ois de Roubaix<\/strong> a parsem\u00e9 ses <strong>trente-six ann\u00e9es d\u2019existence<\/strong> d\u2019une myriade de <strong>bandes originales de film<\/strong> ; allant jusqu\u2019\u00e0 en r\u00e9aliser huit en 1971 ! Parmi <strong>les plus marquantes<\/strong> on identifie :<strong><em> Les Grande<\/em><em>s gueules<\/em><\/strong> (1966) avec Bourvil et Lino Ventura, <strong><em>Boulevard du rhum<\/em><\/strong> (1971) avec Lino Ventura et Brigitte Bardot ou Le <a href=\"https:\/\/www.youtube.com\/watch?v=GWR9z5Fzdpw&amp;list=RDGWR9z5Fzdpw&amp;start_radio=1\" target=\"_blank\" rel=\"noopener\"><strong><em>Vieux Fusil<\/em><\/strong><\/a> (1975) avec Philippe Noiret et Romy Schneider, trois films de Robert Enrico. Et puis il y a <strong><em>Le samoura\u00ef<\/em> <\/strong>de JP Melville (1967) avec Alain Delon et\u2026 <strong><em>La Scoumoune<\/em> <\/strong>(1972) de Jos\u00e9 Giovani avec Jean-Paul Belmondo, Michel Constantin et Claudia Cardinale.<\/p>\n<h3>La Scoumoune (th\u00e8me principal)<\/h3>\n<div class=\"youtube-embed\" data-video_id=\"XkIAue604EU\"><iframe loading=\"lazy\" title=\"Fran\u00e7ois de Roubaix la Scoumoune\" width=\"696\" height=\"522\" src=\"https:\/\/www.youtube.com\/embed\/XkIAue604EU\" frameborder=\"0\" allow=\"accelerometer; autoplay; clipboard-write; encrypted-media; gyroscope; picture-in-picture; web-share\" referrerpolicy=\"strict-origin-when-cross-origin\" allowfullscreen><\/iframe><\/div>\n<p style=\"text-align: justify;\">Pour le <strong>th\u00e8me principal<\/strong> de <strong><em>La Scoumoune<\/em><\/strong>, il avance par \u00ab touches \u00bb, mixe progressivement <strong>partitions de synth\u00e9tiseurs sur partitions de synth\u00e9tiseurs<\/strong>, introduit une <strong>batterie<\/strong> pour le rythme, jusqu\u2019\u00e0 obtenir <strong>cet air qui colle au film<\/strong> comme le chewing-gum \u00e0 la semelle.<\/p>\n<p><img data-recalc-dims=\"1\" loading=\"lazy\" decoding=\"async\" class=\"size-medium wp-image-24612 aligncenter\" src=\"https:\/\/i0.wp.com\/culturesco.com\/wp-content\/uploads\/2025\/07\/Francois-de-Roubaix.jpg?resize=300%2C300&#038;ssl=1\" alt=\"Fran\u00e7ois de Roubaix\" width=\"300\" height=\"300\" srcset=\"https:\/\/i0.wp.com\/culturesco.com\/wp-content\/uploads\/2025\/07\/Francois-de-Roubaix.jpg?resize=300%2C300&amp;ssl=1 300w, https:\/\/i0.wp.com\/culturesco.com\/wp-content\/uploads\/2025\/07\/Francois-de-Roubaix.jpg?resize=627%2C627&amp;ssl=1 627w, https:\/\/i0.wp.com\/culturesco.com\/wp-content\/uploads\/2025\/07\/Francois-de-Roubaix.jpg?resize=150%2C150&amp;ssl=1 150w, https:\/\/i0.wp.com\/culturesco.com\/wp-content\/uploads\/2025\/07\/Francois-de-Roubaix.jpg?resize=420%2C420&amp;ssl=1 420w, https:\/\/i0.wp.com\/culturesco.com\/wp-content\/uploads\/2025\/07\/Francois-de-Roubaix.jpg?w=600&amp;ssl=1 600w, https:\/\/i0.wp.com\/culturesco.com\/wp-content\/uploads\/2025\/07\/Francois-de-Roubaix.jpg?resize=100%2C100&amp;ssl=1 100w, https:\/\/i0.wp.com\/culturesco.com\/wp-content\/uploads\/2025\/07\/Francois-de-Roubaix.jpg?resize=50%2C50&amp;ssl=1 50w\" sizes=\"auto, (max-width: 300px) 100vw, 300px\" \/><\/p>\n<p style=\"text-align: center;\"><span style=\"font-size: 8pt;\"><em>Fran\u00e7ois de Roubaix<\/em><\/span><\/p>\n<p style=\"text-align: justify;\">Les diverses ambiances sises dans le film lui permettent de <strong>mixer les genres<\/strong>. Un <strong>ragtime jazzy, type cabaret<\/strong>, avec foisonnement de <strong>cuivres,<\/strong> solos de trompette,<strong> guitare manouche<\/strong> et <strong>batterie scalp\u00e9e aux balais<\/strong> parcourent \u00ab <strong><a href=\"https:\/\/www.youtube.com\/watch?v=B8vLYCeChkQ&amp;list=RDB8vLYCeChkQ&amp;start_radio=1\" target=\"_blank\" rel=\"noopener\">Pigalle 1944<\/a> <\/strong>\u00bb, \u00ab <strong>Avant-Guerre<\/strong> \u00bb adoptant un <strong>piano bastringue<\/strong> sur le mode bistro \/ saloon, soutenu par une <strong>basse \u00e9lastique<\/strong> et une <strong>batterie jazz<\/strong>. Quant \u00e0 \u00ab <strong>Intrusion des racketteurs noirs dans les maisons closes<\/strong> \u00bb, on y retrouve le th\u00e8me principal alternant avec des percussions de <strong>tablas, darboukas et djemb\u00e9s saupoudr\u00e9es de luth<\/strong>.<\/p>\n<h3>Intrusion des racketteurs noirs dans les maisons closes<\/h3>\n<div class=\"youtube-embed\" data-video_id=\"TbyLozzo1Dk\"><iframe loading=\"lazy\" title=\"Fran\u00e7ois de Roubaix - Intrusion des Racketteurs Noirs dans les Maisons Closes (La Scoumoune)\" width=\"696\" height=\"392\" src=\"https:\/\/www.youtube.com\/embed\/TbyLozzo1Dk\" frameborder=\"0\" allow=\"accelerometer; autoplay; clipboard-write; encrypted-media; gyroscope; picture-in-picture; web-share\" referrerpolicy=\"strict-origin-when-cross-origin\" allowfullscreen><\/iframe><\/div>\n<p style=\"text-align: justify;\"><strong><em>La Scoumoune<\/em><\/strong> narre l\u2019histoire d\u2019<strong>un trio<\/strong>. <strong>Bebel<\/strong>, Roberto, c\u2019est la \u00ab Scoumoune \u00bb, surnomm\u00e9 ainsi parce qu\u2019<strong>il porte malheur \u00e0 ses ennemis<\/strong>. Xavier, <strong>Michel Constantin<\/strong>, c\u2019est l\u2019ami de toujours, d\u2019une <strong>amiti\u00e9 \u00ab \u00e0 la vie, \u00e0 la mort \u00bb<\/strong>. Georgia, <strong>Claudia Cardinale<\/strong>, c\u2019est <strong>la s\u0153ur<\/strong> de Xavier et qui, \u00e0 ce titre, est <strong>la prot\u00e9g\u00e9e<\/strong> de Roberto. L\u2019histoire se d\u00e9roule \u00e0 <strong>Marseille<\/strong>, entre <strong>1935 et 1950<\/strong>, dans le <strong>milieu du grand banditisme<\/strong> o\u00f9 chacun cherche \u00e0 enterrer l\u2019autre. Au milieu de cette <strong>dramaturgie<\/strong>, Bebel <strong>\u00ab m\u00e9chant \u00bb au grand c\u0153ur<\/strong>, passe son temps \u00e0 <strong>d\u00e9zinguer les malfaisants.<\/strong> Ce faisant, <strong>son regard \u00e9voque un ailleurs\u2026<\/strong><\/p>\n<p style=\"text-align: justify;\">A cet \u00e9gard, m\u00eame sur les airs musicaux les plus enjou\u00e9s, <strong>il flotte comme un sentiment de nostalgie<\/strong>, des fragrances \u00e9rod\u00e9es se raccrochant au v\u00e9cu.<\/p>\n<h3>La Scoumoune &#8211; Avant Guerre<\/h3>\n<div class=\"youtube-embed\" data-video_id=\"-BmMq8BJsiU\"><iframe loading=\"lazy\" title=\"Fran\u00e7ois de Roubaix - Avant-guerre (La Scoumoune)\" width=\"696\" height=\"392\" src=\"https:\/\/www.youtube.com\/embed\/-BmMq8BJsiU\" frameborder=\"0\" allow=\"accelerometer; autoplay; clipboard-write; encrypted-media; gyroscope; picture-in-picture; web-share\" referrerpolicy=\"strict-origin-when-cross-origin\" allowfullscreen><\/iframe><\/div>\n<p style=\"text-align: justify;\">De fait, quel que soit le film pour lequel il ait \u0153uvr\u00e9, <strong>Fran\u00e7ois de Roubaix trempe ses partitions dans l\u2019eau du th\u00e9<\/strong>, <strong>propos s\u00e9pia \u00e9pris de nostalgie.<\/strong><\/p>\n<p style=\"text-align: justify;\">Disparu \u00e0 Tenerife dans un \u00ab accident \u00bb de plong\u00e9e, <strong>vivait-il lui-m\u00eame quelque part entre le pr\u00e9sent et le pass\u00e9 ?<\/strong> Auquel cas <strong>recherchait-il le sens de sa vie ?<\/strong> l&rsquo;a-t-il trouv\u00e9 dans l\u2019immensit\u00e9, le calme absolu de la Grande Bleue ? \u00c9tait-il habit\u00e9 par un vide insondable que seul l\u2019abyssal azur M\u00e9diterran\u00e9en pouvait combler ? <strong>Sa musique \u00e9voque cela.<\/strong> Jouer <strong>quelques-unes de ses notes suffit \u00e0 identifier les films qui les portent.<\/strong> Les <strong>grands compositeurs<\/strong> d\u00e9tiennent <strong>ce pouvoir-l\u00e0.<\/strong><\/p>\n<p style=\"text-align: justify;\">Thierry Dauge<\/p>\n","protected":false},"excerpt":{"rendered":"<p>Fran\u00e7ois de Roubaix &#8211; La Scoumoune (BO du film) N\u00e9 en 1939, mort en 1975, Fran\u00e7ois de Roubaix a parsem\u00e9 ses trente-six ann\u00e9es d\u2019existence d\u2019une myriade de bandes originales de film ; allant jusqu\u2019\u00e0 en r\u00e9aliser huit en 1971 ! Parmi les plus marquantes on identifie : Les Grandes gueules (1966) avec Bourvil et Lino [&hellip;]<\/p>\n","protected":false},"author":3,"featured_media":24611,"comment_status":"open","ping_status":"open","sticky":false,"template":"","format":"image","meta":{"jetpack_post_was_ever_published":false,"tdm_status":"","tdm_grid_status":"","_jetpack_newsletter_access":"","_jetpack_dont_email_post_to_subs":false,"_jetpack_newsletter_tier_id":0,"_jetpack_memberships_contains_paywalled_content":false,"_jetpack_memberships_contains_paid_content":false,"footnotes":""},"categories":[17,24,14419,14494],"tags":[54,14495],"class_list":{"0":"post-24609","1":"post","2":"type-post","3":"status-publish","4":"format-image","5":"has-post-thumbnail","7":"category-carotte-rock-cultures","8":"category-cinema","9":"category-jazz","10":"category-musique-de-film","11":"tag-cinema","12":"tag-musique-de-film","13":"post_format-post-format-image"},"yoast_head":"<!-- This site is optimized with the Yoast SEO plugin v27.4 - https:\/\/yoast.com\/product\/yoast-seo-wordpress\/ -->\n<title>Fran\u00e7ois de Roubaix - La Scoumoune (BO du film) - Culturesco musique de film<\/title>\n<meta name=\"description\" content=\"CulturesCo | Fran\u00e7ois de Roubaix fut le compositeur de BO de films inoubliables, pour les images et leur musique. Hommage.\" \/>\n<meta name=\"robots\" content=\"index, follow, max-snippet:-1, max-image-preview:large, max-video-preview:-1\" \/>\n<link rel=\"canonical\" href=\"https:\/\/culturesco.com\/index.php\/2025\/07\/21\/francois-de-roubaix-la-scoumoune-bo-du-film\/\" \/>\n<meta property=\"og:locale\" content=\"fr_FR\" \/>\n<meta property=\"og:type\" content=\"article\" \/>\n<meta property=\"og:title\" content=\"Fran\u00e7ois de Roubaix - La Scoumoune (BO du film) - Culturesco musique de film\" \/>\n<meta property=\"og:description\" content=\"CulturesCo | Fran\u00e7ois de Roubaix fut le compositeur de BO de films inoubliables, pour les images et leur musique. Hommage.\" \/>\n<meta property=\"og:url\" content=\"https:\/\/culturesco.com\/index.php\/2025\/07\/21\/francois-de-roubaix-la-scoumoune-bo-du-film\/\" \/>\n<meta property=\"og:site_name\" content=\"Culturesco\" \/>\n<meta property=\"article:publisher\" content=\"https:\/\/www.facebook.com\/radioculturesco\" \/>\n<meta property=\"article:published_time\" content=\"2025-07-21T16:17:49+00:00\" \/>\n<meta property=\"og:image\" content=\"https:\/\/culturesco.com\/wp-content\/uploads\/2025\/07\/La-Scoumoune-BO.jpg\" \/>\n\t<meta property=\"og:image:width\" content=\"600\" \/>\n\t<meta property=\"og:image:height\" content=\"311\" \/>\n\t<meta property=\"og:image:type\" content=\"image\/jpeg\" \/>\n<meta name=\"author\" content=\"Thierry Dauge\" \/>\n<meta name=\"twitter:card\" content=\"summary_large_image\" \/>\n<meta name=\"twitter:creator\" content=\"@AugusteMarshal\" \/>\n<meta name=\"twitter:site\" content=\"@AugusteMarshal\" \/>\n<meta name=\"twitter:label1\" content=\"\u00c9crit par\" \/>\n\t<meta name=\"twitter:data1\" content=\"Thierry Dauge\" \/>\n\t<meta name=\"twitter:label2\" content=\"Dur\u00e9e de lecture estim\u00e9e\" \/>\n\t<meta name=\"twitter:data2\" content=\"4 minutes\" \/>\n<script type=\"application\/ld+json\" class=\"yoast-schema-graph\">{\"@context\":\"https:\\\/\\\/schema.org\",\"@graph\":[{\"@type\":\"Article\",\"@id\":\"https:\\\/\\\/culturesco.com\\\/index.php\\\/2025\\\/07\\\/21\\\/francois-de-roubaix-la-scoumoune-bo-du-film\\\/#article\",\"isPartOf\":{\"@id\":\"https:\\\/\\\/culturesco.com\\\/index.php\\\/2025\\\/07\\\/21\\\/francois-de-roubaix-la-scoumoune-bo-du-film\\\/\"},\"author\":{\"name\":\"Thierry Dauge\",\"@id\":\"https:\\\/\\\/culturesco.com\\\/#\\\/schema\\\/person\\\/19f04cf232d246197f6e7d62abe6cb0e\"},\"headline\":\"Fran\u00e7ois de Roubaix &#8211; La Scoumoune (BO du film)\",\"datePublished\":\"2025-07-21T16:17:49+00:00\",\"mainEntityOfPage\":{\"@id\":\"https:\\\/\\\/culturesco.com\\\/index.php\\\/2025\\\/07\\\/21\\\/francois-de-roubaix-la-scoumoune-bo-du-film\\\/\"},\"wordCount\":557,\"commentCount\":0,\"publisher\":{\"@id\":\"https:\\\/\\\/culturesco.com\\\/#organization\"},\"image\":{\"@id\":\"https:\\\/\\\/culturesco.com\\\/index.php\\\/2025\\\/07\\\/21\\\/francois-de-roubaix-la-scoumoune-bo-du-film\\\/#primaryimage\"},\"thumbnailUrl\":\"https:\\\/\\\/i0.wp.com\\\/culturesco.com\\\/wp-content\\\/uploads\\\/2025\\\/07\\\/La-Scoumoune-BO.jpg?fit=600%2C311&ssl=1\",\"keywords\":[\"cin\u00e9ma\",\"Musique de film\"],\"articleSection\":[\"Carotte Rock Cultures\",\"Cin\u00e9ma\",\"Jazz\",\"Musique de film\"],\"inLanguage\":\"fr-FR\",\"potentialAction\":[{\"@type\":\"CommentAction\",\"name\":\"Comment\",\"target\":[\"https:\\\/\\\/culturesco.com\\\/index.php\\\/2025\\\/07\\\/21\\\/francois-de-roubaix-la-scoumoune-bo-du-film\\\/#respond\"]}]},{\"@type\":\"WebPage\",\"@id\":\"https:\\\/\\\/culturesco.com\\\/index.php\\\/2025\\\/07\\\/21\\\/francois-de-roubaix-la-scoumoune-bo-du-film\\\/\",\"url\":\"https:\\\/\\\/culturesco.com\\\/index.php\\\/2025\\\/07\\\/21\\\/francois-de-roubaix-la-scoumoune-bo-du-film\\\/\",\"name\":\"Fran\u00e7ois de Roubaix - La Scoumoune (BO du film) - Culturesco musique de film\",\"isPartOf\":{\"@id\":\"https:\\\/\\\/culturesco.com\\\/#website\"},\"primaryImageOfPage\":{\"@id\":\"https:\\\/\\\/culturesco.com\\\/index.php\\\/2025\\\/07\\\/21\\\/francois-de-roubaix-la-scoumoune-bo-du-film\\\/#primaryimage\"},\"image\":{\"@id\":\"https:\\\/\\\/culturesco.com\\\/index.php\\\/2025\\\/07\\\/21\\\/francois-de-roubaix-la-scoumoune-bo-du-film\\\/#primaryimage\"},\"thumbnailUrl\":\"https:\\\/\\\/i0.wp.com\\\/culturesco.com\\\/wp-content\\\/uploads\\\/2025\\\/07\\\/La-Scoumoune-BO.jpg?fit=600%2C311&ssl=1\",\"datePublished\":\"2025-07-21T16:17:49+00:00\",\"description\":\"CulturesCo | Fran\u00e7ois de Roubaix fut le compositeur de BO de films inoubliables, pour les images et leur musique. Hommage.\",\"breadcrumb\":{\"@id\":\"https:\\\/\\\/culturesco.com\\\/index.php\\\/2025\\\/07\\\/21\\\/francois-de-roubaix-la-scoumoune-bo-du-film\\\/#breadcrumb\"},\"inLanguage\":\"fr-FR\",\"potentialAction\":[{\"@type\":\"ReadAction\",\"target\":[\"https:\\\/\\\/culturesco.com\\\/index.php\\\/2025\\\/07\\\/21\\\/francois-de-roubaix-la-scoumoune-bo-du-film\\\/\"]}]},{\"@type\":\"ImageObject\",\"inLanguage\":\"fr-FR\",\"@id\":\"https:\\\/\\\/culturesco.com\\\/index.php\\\/2025\\\/07\\\/21\\\/francois-de-roubaix-la-scoumoune-bo-du-film\\\/#primaryimage\",\"url\":\"https:\\\/\\\/i0.wp.com\\\/culturesco.com\\\/wp-content\\\/uploads\\\/2025\\\/07\\\/La-Scoumoune-BO.jpg?fit=600%2C311&ssl=1\",\"contentUrl\":\"https:\\\/\\\/i0.wp.com\\\/culturesco.com\\\/wp-content\\\/uploads\\\/2025\\\/07\\\/La-Scoumoune-BO.jpg?fit=600%2C311&ssl=1\",\"width\":600,\"height\":311,\"caption\":\"Fran\u00e7ois de Roubaix\"},{\"@type\":\"BreadcrumbList\",\"@id\":\"https:\\\/\\\/culturesco.com\\\/index.php\\\/2025\\\/07\\\/21\\\/francois-de-roubaix-la-scoumoune-bo-du-film\\\/#breadcrumb\",\"itemListElement\":[{\"@type\":\"ListItem\",\"position\":1,\"name\":\"Accueil\",\"item\":\"https:\\\/\\\/culturesco.com\\\/\"},{\"@type\":\"ListItem\",\"position\":2,\"name\":\"Fran\u00e7ois de Roubaix &#8211; La Scoumoune (BO du film)\"}]},{\"@type\":\"WebSite\",\"@id\":\"https:\\\/\\\/culturesco.com\\\/#website\",\"url\":\"https:\\\/\\\/culturesco.com\\\/\",\"name\":\"Culturesco\",\"description\":\"Culturesco | Un bon coup de pied dans ta Culture\",\"publisher\":{\"@id\":\"https:\\\/\\\/culturesco.com\\\/#organization\"},\"potentialAction\":[{\"@type\":\"SearchAction\",\"target\":{\"@type\":\"EntryPoint\",\"urlTemplate\":\"https:\\\/\\\/culturesco.com\\\/?s={search_term_string}\"},\"query-input\":{\"@type\":\"PropertyValueSpecification\",\"valueRequired\":true,\"valueName\":\"search_term_string\"}}],\"inLanguage\":\"fr-FR\"},{\"@type\":\"Organization\",\"@id\":\"https:\\\/\\\/culturesco.com\\\/#organization\",\"name\":\"CULTURESCO\",\"url\":\"https:\\\/\\\/culturesco.com\\\/\",\"logo\":{\"@type\":\"ImageObject\",\"inLanguage\":\"fr-FR\",\"@id\":\"https:\\\/\\\/culturesco.com\\\/#\\\/schema\\\/logo\\\/image\\\/\",\"url\":\"https:\\\/\\\/i0.wp.com\\\/culturesco.com\\\/wp-content\\\/uploads\\\/2022\\\/04\\\/culturesco-logo-blanc250p.png?fit=250%2C250&ssl=1\",\"contentUrl\":\"https:\\\/\\\/i0.wp.com\\\/culturesco.com\\\/wp-content\\\/uploads\\\/2022\\\/04\\\/culturesco-logo-blanc250p.png?fit=250%2C250&ssl=1\",\"width\":250,\"height\":250,\"caption\":\"CULTURESCO\"},\"image\":{\"@id\":\"https:\\\/\\\/culturesco.com\\\/#\\\/schema\\\/logo\\\/image\\\/\"},\"sameAs\":[\"https:\\\/\\\/www.facebook.com\\\/radioculturesco\",\"https:\\\/\\\/x.com\\\/AugusteMarshal\",\"https:\\\/\\\/www.instagram.com\\\/carotte_rock_culture\\\/\",\"https:\\\/\\\/www.pinterest.fr\\\/augustemarshal\\\/\",\"https:\\\/\\\/www.youtube.com\\\/channel\\\/UCiWLGffqWSXlNnfzp6YwwyQ\"]},{\"@type\":\"Person\",\"@id\":\"https:\\\/\\\/culturesco.com\\\/#\\\/schema\\\/person\\\/19f04cf232d246197f6e7d62abe6cb0e\",\"name\":\"Thierry Dauge\",\"image\":{\"@type\":\"ImageObject\",\"inLanguage\":\"fr-FR\",\"@id\":\"https:\\\/\\\/i0.wp.com\\\/culturesco.com\\\/wp-content\\\/uploads\\\/2018\\\/12\\\/Black-Beauty-and-me.jpg?fit=96%2C96&ssl=1\",\"url\":\"https:\\\/\\\/i0.wp.com\\\/culturesco.com\\\/wp-content\\\/uploads\\\/2018\\\/12\\\/Black-Beauty-and-me.jpg?fit=96%2C96&ssl=1\",\"contentUrl\":\"https:\\\/\\\/i0.wp.com\\\/culturesco.com\\\/wp-content\\\/uploads\\\/2018\\\/12\\\/Black-Beauty-and-me.jpg?fit=96%2C96&ssl=1\",\"caption\":\"Thierry Dauge\"},\"description\":\"Amoureux des 70\u2019s et du hard rock en particulier, Thierry Dauge est chroniqueur sur Culturesco par amour de l\u2019\u00e9criture musicale. Co-auteur du livre\\\"Pop rock - Les instruments de l'ombre\\\" aux \u00e9ditions du Camion Blanc, collaborateur de Vivi pour \\\"Mes Ann\u00e9es Trust\\\", auteur de \\\"Sparks\\\" aux \u00e9ditions du Layeur, parce que le rock est loin d'\u00eatre mort ...\",\"url\":\"https:\\\/\\\/culturesco.com\\\/index.php\\\/author\\\/thierry-dauge888\\\/\"}]}<\/script>\n<!-- \/ Yoast SEO plugin. -->","yoast_head_json":{"title":"Fran\u00e7ois de Roubaix - La Scoumoune (BO du film) - Culturesco musique de film","description":"CulturesCo | Fran\u00e7ois de Roubaix fut le compositeur de BO de films inoubliables, pour les images et leur musique. Hommage.","robots":{"index":"index","follow":"follow","max-snippet":"max-snippet:-1","max-image-preview":"max-image-preview:large","max-video-preview":"max-video-preview:-1"},"canonical":"https:\/\/culturesco.com\/index.php\/2025\/07\/21\/francois-de-roubaix-la-scoumoune-bo-du-film\/","og_locale":"fr_FR","og_type":"article","og_title":"Fran\u00e7ois de Roubaix - La Scoumoune (BO du film) - Culturesco musique de film","og_description":"CulturesCo | Fran\u00e7ois de Roubaix fut le compositeur de BO de films inoubliables, pour les images et leur musique. Hommage.","og_url":"https:\/\/culturesco.com\/index.php\/2025\/07\/21\/francois-de-roubaix-la-scoumoune-bo-du-film\/","og_site_name":"Culturesco","article_publisher":"https:\/\/www.facebook.com\/radioculturesco","article_published_time":"2025-07-21T16:17:49+00:00","og_image":[{"width":600,"height":311,"url":"https:\/\/culturesco.com\/wp-content\/uploads\/2025\/07\/La-Scoumoune-BO.jpg","type":"image\/jpeg"}],"author":"Thierry Dauge","twitter_card":"summary_large_image","twitter_creator":"@AugusteMarshal","twitter_site":"@AugusteMarshal","twitter_misc":{"\u00c9crit par":"Thierry Dauge","Dur\u00e9e de lecture estim\u00e9e":"4 minutes"},"schema":{"@context":"https:\/\/schema.org","@graph":[{"@type":"Article","@id":"https:\/\/culturesco.com\/index.php\/2025\/07\/21\/francois-de-roubaix-la-scoumoune-bo-du-film\/#article","isPartOf":{"@id":"https:\/\/culturesco.com\/index.php\/2025\/07\/21\/francois-de-roubaix-la-scoumoune-bo-du-film\/"},"author":{"name":"Thierry Dauge","@id":"https:\/\/culturesco.com\/#\/schema\/person\/19f04cf232d246197f6e7d62abe6cb0e"},"headline":"Fran\u00e7ois de Roubaix &#8211; La Scoumoune (BO du film)","datePublished":"2025-07-21T16:17:49+00:00","mainEntityOfPage":{"@id":"https:\/\/culturesco.com\/index.php\/2025\/07\/21\/francois-de-roubaix-la-scoumoune-bo-du-film\/"},"wordCount":557,"commentCount":0,"publisher":{"@id":"https:\/\/culturesco.com\/#organization"},"image":{"@id":"https:\/\/culturesco.com\/index.php\/2025\/07\/21\/francois-de-roubaix-la-scoumoune-bo-du-film\/#primaryimage"},"thumbnailUrl":"https:\/\/i0.wp.com\/culturesco.com\/wp-content\/uploads\/2025\/07\/La-Scoumoune-BO.jpg?fit=600%2C311&ssl=1","keywords":["cin\u00e9ma","Musique de film"],"articleSection":["Carotte Rock Cultures","Cin\u00e9ma","Jazz","Musique de film"],"inLanguage":"fr-FR","potentialAction":[{"@type":"CommentAction","name":"Comment","target":["https:\/\/culturesco.com\/index.php\/2025\/07\/21\/francois-de-roubaix-la-scoumoune-bo-du-film\/#respond"]}]},{"@type":"WebPage","@id":"https:\/\/culturesco.com\/index.php\/2025\/07\/21\/francois-de-roubaix-la-scoumoune-bo-du-film\/","url":"https:\/\/culturesco.com\/index.php\/2025\/07\/21\/francois-de-roubaix-la-scoumoune-bo-du-film\/","name":"Fran\u00e7ois de Roubaix - La Scoumoune (BO du film) - Culturesco musique de film","isPartOf":{"@id":"https:\/\/culturesco.com\/#website"},"primaryImageOfPage":{"@id":"https:\/\/culturesco.com\/index.php\/2025\/07\/21\/francois-de-roubaix-la-scoumoune-bo-du-film\/#primaryimage"},"image":{"@id":"https:\/\/culturesco.com\/index.php\/2025\/07\/21\/francois-de-roubaix-la-scoumoune-bo-du-film\/#primaryimage"},"thumbnailUrl":"https:\/\/i0.wp.com\/culturesco.com\/wp-content\/uploads\/2025\/07\/La-Scoumoune-BO.jpg?fit=600%2C311&ssl=1","datePublished":"2025-07-21T16:17:49+00:00","description":"CulturesCo | Fran\u00e7ois de Roubaix fut le compositeur de BO de films inoubliables, pour les images et leur musique. Hommage.","breadcrumb":{"@id":"https:\/\/culturesco.com\/index.php\/2025\/07\/21\/francois-de-roubaix-la-scoumoune-bo-du-film\/#breadcrumb"},"inLanguage":"fr-FR","potentialAction":[{"@type":"ReadAction","target":["https:\/\/culturesco.com\/index.php\/2025\/07\/21\/francois-de-roubaix-la-scoumoune-bo-du-film\/"]}]},{"@type":"ImageObject","inLanguage":"fr-FR","@id":"https:\/\/culturesco.com\/index.php\/2025\/07\/21\/francois-de-roubaix-la-scoumoune-bo-du-film\/#primaryimage","url":"https:\/\/i0.wp.com\/culturesco.com\/wp-content\/uploads\/2025\/07\/La-Scoumoune-BO.jpg?fit=600%2C311&ssl=1","contentUrl":"https:\/\/i0.wp.com\/culturesco.com\/wp-content\/uploads\/2025\/07\/La-Scoumoune-BO.jpg?fit=600%2C311&ssl=1","width":600,"height":311,"caption":"Fran\u00e7ois de Roubaix"},{"@type":"BreadcrumbList","@id":"https:\/\/culturesco.com\/index.php\/2025\/07\/21\/francois-de-roubaix-la-scoumoune-bo-du-film\/#breadcrumb","itemListElement":[{"@type":"ListItem","position":1,"name":"Accueil","item":"https:\/\/culturesco.com\/"},{"@type":"ListItem","position":2,"name":"Fran\u00e7ois de Roubaix &#8211; La Scoumoune (BO du film)"}]},{"@type":"WebSite","@id":"https:\/\/culturesco.com\/#website","url":"https:\/\/culturesco.com\/","name":"Culturesco","description":"Culturesco | Un bon coup de pied dans ta Culture","publisher":{"@id":"https:\/\/culturesco.com\/#organization"},"potentialAction":[{"@type":"SearchAction","target":{"@type":"EntryPoint","urlTemplate":"https:\/\/culturesco.com\/?s={search_term_string}"},"query-input":{"@type":"PropertyValueSpecification","valueRequired":true,"valueName":"search_term_string"}}],"inLanguage":"fr-FR"},{"@type":"Organization","@id":"https:\/\/culturesco.com\/#organization","name":"CULTURESCO","url":"https:\/\/culturesco.com\/","logo":{"@type":"ImageObject","inLanguage":"fr-FR","@id":"https:\/\/culturesco.com\/#\/schema\/logo\/image\/","url":"https:\/\/i0.wp.com\/culturesco.com\/wp-content\/uploads\/2022\/04\/culturesco-logo-blanc250p.png?fit=250%2C250&ssl=1","contentUrl":"https:\/\/i0.wp.com\/culturesco.com\/wp-content\/uploads\/2022\/04\/culturesco-logo-blanc250p.png?fit=250%2C250&ssl=1","width":250,"height":250,"caption":"CULTURESCO"},"image":{"@id":"https:\/\/culturesco.com\/#\/schema\/logo\/image\/"},"sameAs":["https:\/\/www.facebook.com\/radioculturesco","https:\/\/x.com\/AugusteMarshal","https:\/\/www.instagram.com\/carotte_rock_culture\/","https:\/\/www.pinterest.fr\/augustemarshal\/","https:\/\/www.youtube.com\/channel\/UCiWLGffqWSXlNnfzp6YwwyQ"]},{"@type":"Person","@id":"https:\/\/culturesco.com\/#\/schema\/person\/19f04cf232d246197f6e7d62abe6cb0e","name":"Thierry Dauge","image":{"@type":"ImageObject","inLanguage":"fr-FR","@id":"https:\/\/i0.wp.com\/culturesco.com\/wp-content\/uploads\/2018\/12\/Black-Beauty-and-me.jpg?fit=96%2C96&ssl=1","url":"https:\/\/i0.wp.com\/culturesco.com\/wp-content\/uploads\/2018\/12\/Black-Beauty-and-me.jpg?fit=96%2C96&ssl=1","contentUrl":"https:\/\/i0.wp.com\/culturesco.com\/wp-content\/uploads\/2018\/12\/Black-Beauty-and-me.jpg?fit=96%2C96&ssl=1","caption":"Thierry Dauge"},"description":"Amoureux des 70\u2019s et du hard rock en particulier, Thierry Dauge est chroniqueur sur Culturesco par amour de l\u2019\u00e9criture musicale. Co-auteur du livre\"Pop rock - Les instruments de l'ombre\" aux \u00e9ditions du Camion Blanc, collaborateur de Vivi pour \"Mes Ann\u00e9es Trust\", auteur de \"Sparks\" aux \u00e9ditions du Layeur, parce que le rock est loin d'\u00eatre mort ...","url":"https:\/\/culturesco.com\/index.php\/author\/thierry-dauge888\/"}]}},"jetpack_featured_media_url":"https:\/\/i0.wp.com\/culturesco.com\/wp-content\/uploads\/2025\/07\/La-Scoumoune-BO.jpg?fit=600%2C311&ssl=1","jetpack_likes_enabled":true,"jetpack_sharing_enabled":true,"jetpack_shortlink":"https:\/\/wp.me\/paz89I-6oV","_links":{"self":[{"href":"https:\/\/culturesco.com\/index.php\/wp-json\/wp\/v2\/posts\/24609","targetHints":{"allow":["GET"]}}],"collection":[{"href":"https:\/\/culturesco.com\/index.php\/wp-json\/wp\/v2\/posts"}],"about":[{"href":"https:\/\/culturesco.com\/index.php\/wp-json\/wp\/v2\/types\/post"}],"author":[{"embeddable":true,"href":"https:\/\/culturesco.com\/index.php\/wp-json\/wp\/v2\/users\/3"}],"replies":[{"embeddable":true,"href":"https:\/\/culturesco.com\/index.php\/wp-json\/wp\/v2\/comments?post=24609"}],"version-history":[{"count":0,"href":"https:\/\/culturesco.com\/index.php\/wp-json\/wp\/v2\/posts\/24609\/revisions"}],"wp:featuredmedia":[{"embeddable":true,"href":"https:\/\/culturesco.com\/index.php\/wp-json\/wp\/v2\/media\/24611"}],"wp:attachment":[{"href":"https:\/\/culturesco.com\/index.php\/wp-json\/wp\/v2\/media?parent=24609"}],"wp:term":[{"taxonomy":"category","embeddable":true,"href":"https:\/\/culturesco.com\/index.php\/wp-json\/wp\/v2\/categories?post=24609"},{"taxonomy":"post_tag","embeddable":true,"href":"https:\/\/culturesco.com\/index.php\/wp-json\/wp\/v2\/tags?post=24609"}],"curies":[{"name":"wp","href":"https:\/\/api.w.org\/{rel}","templated":true}]}}