{"id":24419,"date":"2025-06-10T15:17:28","date_gmt":"2025-06-10T13:17:28","guid":{"rendered":"https:\/\/culturesco.com\/?p=24419"},"modified":"2025-06-10T17:19:20","modified_gmt":"2025-06-10T15:19:20","slug":"emerald-moon-the-sky-s-the-limit","status":"publish","type":"post","link":"https:\/\/culturesco.com\/index.php\/2025\/06\/10\/emerald-moon-the-sky-s-the-limit\/","title":{"rendered":"EMERALD MOON &#8211; The Sky&rsquo;s The Limit"},"content":{"rendered":"<h2>EMERALD MOON &#8211; The Sky&rsquo;s The Limit<\/h2>\n<p><img data-recalc-dims=\"1\" loading=\"lazy\" decoding=\"async\" class=\" wp-image-24420 aligncenter\" src=\"https:\/\/i0.wp.com\/culturesco.com\/wp-content\/uploads\/2025\/06\/EMERALD-MOON-The-skys.jpg?resize=586%2C305&#038;ssl=1\" alt=\"Emerald Moon\" width=\"586\" height=\"305\" srcset=\"https:\/\/i0.wp.com\/culturesco.com\/wp-content\/uploads\/2025\/06\/EMERALD-MOON-The-skys.jpg?resize=300%2C156&amp;ssl=1 300w, https:\/\/i0.wp.com\/culturesco.com\/wp-content\/uploads\/2025\/06\/EMERALD-MOON-The-skys.jpg?resize=768%2C398&amp;ssl=1 768w, https:\/\/i0.wp.com\/culturesco.com\/wp-content\/uploads\/2025\/06\/EMERALD-MOON-The-skys.jpg?resize=810%2C420&amp;ssl=1 810w, https:\/\/i0.wp.com\/culturesco.com\/wp-content\/uploads\/2025\/06\/EMERALD-MOON-The-skys.jpg?resize=696%2C361&amp;ssl=1 696w, https:\/\/i0.wp.com\/culturesco.com\/wp-content\/uploads\/2025\/06\/EMERALD-MOON-The-skys.jpg?w=600&amp;ssl=1 600w\" sizes=\"auto, (max-width: 586px) 100vw, 586px\" \/><\/p>\n<p style=\"text-align: justify;\">D\u00e8s l\u2019entame de<strong><em> The Sky\u2019s The Limit<\/em><\/strong>, via \u00ab <strong>Rock\u2019n\u2019Roll Soul<\/strong> \u00bb, rythmique syncop\u00e9e toute en rupture constitu\u00e9e d\u2019une grappe de notes plut\u00f4t que d\u2019accords plaqu\u00e9s, <strong>Emerald Moon<\/strong> nous <strong>plonge dans un bain de hard rock made in 70<\/strong>. Visuellement, <strong>depuis le logo<\/strong> du groupe qui rappelle celui de <a href=\"https:\/\/www.youtube.com\/watch?v=Zg9FGe5pWFg\" target=\"_blank\" rel=\"noopener\">The Magpie Salute<\/a>, formation <strong>vintage<\/strong> du <a href=\"https:\/\/www.youtube.com\/watch?v=BRcs_OzQb14\" target=\"_blank\" rel=\"noopener\">Black Crowes<\/a> Rich Robinson, <strong>jusqu\u2019au visuel<\/strong> quasi psych\u00e9d\u00e9lique de <strong><em>The Sky\u2019s The Limit<\/em><\/strong> situ\u00e9 entre le Bifr\u00f6st qui m\u00e8ne \u00e0 Asgard et une voie \u00ab cact\u00e9e \/ color\u00e9e \u00bb de type desert line, <strong>Emeral Moon ne nous parle pas d\u2019autre chose. <\/strong><\/p>\n<p style=\"text-align: justify;\"><strong>Rythmiques virevoltantes<\/strong>, <strong>guitare tant ac\u00e9r\u00e9es qu\u2019harmonis\u00e9es<\/strong>, <strong>voix f\u00e9minine puissante et m\u00e9lodique<\/strong>, le bloc moteur rugit <strong>Gibson Les Paul sur amplis Marshall,<\/strong> une formule adoub\u00e9e.<\/p>\n<h3>EMERALD MOON &#8211; Rock&rsquo;n&rsquo;Roll Soul<\/h3>\n<div class=\"youtube-embed\" data-video_id=\"g9B2OCqSv6Y\"><iframe loading=\"lazy\" title=\"EMERALD MOON - Rock N&#039; Roll Soul - Live Rehearsal\" width=\"696\" height=\"392\" src=\"https:\/\/www.youtube.com\/embed\/g9B2OCqSv6Y\" frameborder=\"0\" allow=\"accelerometer; autoplay; clipboard-write; encrypted-media; gyroscope; picture-in-picture; web-share\" referrerpolicy=\"strict-origin-when-cross-origin\" allowfullscreen><\/iframe><\/div>\n<p style=\"text-align: justify;\">Il aurait \u00e9t\u00e9 \u00e9tonnant que l\u2019alchimie \u00e0 l\u2019\u0153uvre serve une autre p\u00e9riode musicale spatio-temporelle lorsqu\u2019on identifie <strong>Fabrice Dutour dans le line-up<\/strong>, l\u2019\u00e2me pensante et damn\u00e9e de <a href=\"https:\/\/culturesco.com\/index.php\/2019\/12\/13\/back-roads-ii-monstrueux\/\" target=\"_blank\" rel=\"noopener\"><strong>Back Roads<\/strong><\/a>, autre formation vintage quoiqu\u2019un qu\u2019un rien plus m\u00e9tallis\u00e9e. <strong>La filiation d\u2019Emerald Moon<\/strong> penche plus volontiers vers <strong>Thin Lizzy<\/strong> \u2013 <em>Emerald<\/em> pour \u00ab <a href=\"https:\/\/www.youtube.com\/watch?v=pPTPrEoT9BI\" target=\"_blank\" rel=\"noopener\"><strong>Emerals<\/strong><\/a> \u00bb from <em>Jailbreak<\/em> \u2013, <strong>Mama\u2019s Boys et consorts<\/strong> \u2013 cette propension \u00e0 <strong>travailler leurs partitions<\/strong> \u2013, tout en <strong>sonnant contemporain<\/strong>, \u00e0 l\u2019image de Gygax, Dead Lord ou <a href=\"https:\/\/www.youtube.com\/watch?v=0-qZqAQ836k\" target=\"_blank\" rel=\"noopener\">Black Star Riders<\/a>, les h\u00e9ritiers.<\/p>\n<p style=\"text-align: justify;\">C\u2019est que<strong> les deux bretteurs<\/strong>, Dutour, donc, associ\u00e9 \u00e0 <strong>Michaal Benjeloun<\/strong>, s\u2019y entendent pour <strong>d\u00e9livrer des arabesques h\u00e9lico\u00efdales<\/strong>, des <strong>lianes d\u2019ADN<\/strong> pr\u00e9lev\u00e9es aux <strong>g\u00e9nomes de leurs ain\u00e9s<\/strong> tout en touillant <strong>leur propre mixture.<\/strong> Dans le mortier, <strong>ils pilonnent citron verts et wasabi<\/strong> puis les irradient de <strong>rayons gamma<\/strong> afin d\u2019en <strong>relever l\u2019\u00e9clat<\/strong>. La concurrence fulmine, verte de rage !<\/p>\n<h3>What You&rsquo;re Told<\/h3>\n<div class=\"youtube-embed\" data-video_id=\"T_kA00oZzlA\"><iframe loading=\"lazy\" title=\"EMERALD MOON - What You&#039;re Told (Live Rehearsal)\" width=\"696\" height=\"392\" src=\"https:\/\/www.youtube.com\/embed\/T_kA00oZzlA\" frameborder=\"0\" allow=\"accelerometer; autoplay; clipboard-write; encrypted-media; gyroscope; picture-in-picture; web-share\" referrerpolicy=\"strict-origin-when-cross-origin\" allowfullscreen><\/iframe><\/div>\n<p style=\"text-align: justify;\">Des tournures de rythmiques chevauchent les plaines texanes, <strong>southern heavy rock<\/strong> \u00e0 la <strong>Point Blank<\/strong> \u2013<a href=\"https:\/\/www.youtube.com\/watch?v=98_IL3HDo1E\" target=\"_blank\" rel=\"noopener\"> album \u00e9ponyme<\/a> \u2013, d\u2019autres <strong>voyagent en Albion<\/strong>, la <a href=\"https:\/\/www.youtube.com\/watch?v=qjjs4thy-R0\" target=\"_blank\" rel=\"noopener\">science du riff<\/a> de <strong>Paul Kossoff \u00e0 son sommet avec Free<\/strong>. Quoi qu\u2019il en soit, <strong>le groupe cultive l\u2019originalit\u00e9<\/strong>, boute au large les deux accords \/ batterie monolithique chers \u00e0 d\u2019autres formations, adopte une <strong>broderie barbel\u00e9e sur f\u00fbts pyrotechniques.<\/strong><\/p>\n<p style=\"text-align: justify;\">\u00c9videmment, pratiquer ce genre d\u2019exercice <strong>n\u00e9cessite des musiciens aguerris<\/strong>, capables de l\u00e9viter au-dessus des <strong>chausse-trappes techniques et m\u00e9lodiques<\/strong> creus\u00e9es sous leurs pieds. Qu\u2019\u00e0 cela ne tienne !<strong> Fran\u00e7ois C. Delacoudre<\/strong> et <strong>Laurent Falso<\/strong> bourdonnent et percutent <strong>\u00e0 l\u2019id\u00e9al<\/strong> pour soutenir <strong>les solos enlumin\u00e9s<\/strong> des deux \u00ab allum\u00e9s \u00bb. Combative, <strong>Vanessa Di Mauro<\/strong> ne s\u2019en laisse pas conter qui depuis <strong>son chant \u00e9l\u00e8ve ses comparses<\/strong>, les pousse \u00e0 s\u2019envoler.<\/p>\n<p style=\"text-align: justify;\">Lorsqu\u2019on <strong>ma\u00eetrise son sujet<\/strong> \u00e0 ce point, quoi de plus gourmand que de <strong>se frotter au feeling du ma\u00eetre en la mati\u00e8re<\/strong>, le pharaonique <a href=\"https:\/\/www.youtube.com\/watch?v=LzGBQerkvWs\" target=\"_blank\" rel=\"noopener\">Zeppelin<\/a> ?<\/p>\n<h3>EMERALD MOON &#8211; Ramble On (Cover de Led Zeppelin)<\/h3>\n<div class=\"youtube-embed\" data-video_id=\"q7tcoNEO-MI\"><iframe loading=\"lazy\" title=\"Ramble On Live - Led Zeppelin (cover by Emerald Moon)\" width=\"696\" height=\"392\" src=\"https:\/\/www.youtube.com\/embed\/q7tcoNEO-MI\" frameborder=\"0\" allow=\"accelerometer; autoplay; clipboard-write; encrypted-media; gyroscope; picture-in-picture; web-share\" referrerpolicy=\"strict-origin-when-cross-origin\" allowfullscreen><\/iframe><\/div>\n<p style=\"text-align: justify;\">Sans pr\u00e9tention, il se pourrait bien que <strong>cette Lune Emeraude s\u2019en aille verdir l\u2019Univers au-del\u00e0 du ciel \u00e9toil\u00e9<\/strong>. Adepte de heavy rock, pourquoi chercher ailleurs ce qui brille \u00e0 ta proximit\u00e9 ? <strong>Emerald Moon<\/strong>, <strong><em>The Sky\u2019s The Limit<\/em><\/strong>, un album \u00e0 <strong>s\u00e9duire les innocents<\/strong> et <strong>r\u00e9galer les initi\u00e9s<\/strong>.<\/p>\n<p style=\"text-align: justify;\">Thierry Dauge<\/p>\n<p><strong>EMERALD MOON<\/strong> \u2013 <strong><em>The Sky\u2019s The Limit<\/em><\/strong> \u2013 Disponible <strong>\u00e0 partir du 13 juin !<\/strong><\/p>\n<p>Pour <strong>plus d&rsquo;informations<\/strong> et <strong>commander l&rsquo;album<\/strong> : https:\/\/www.emeraldmoonmusic.com\/<\/p>\n","protected":false},"excerpt":{"rendered":"<p>EMERALD MOON &#8211; The Sky&rsquo;s The Limit D\u00e8s l\u2019entame de The Sky\u2019s The Limit, via \u00ab Rock\u2019n\u2019Roll Soul \u00bb, rythmique syncop\u00e9e toute en rupture constitu\u00e9e d\u2019une grappe de notes plut\u00f4t que d\u2019accords plaqu\u00e9s, Emerald Moon nous plonge dans un bain de hard rock made in 70. Visuellement, depuis le logo du groupe qui rappelle celui [&hellip;]<\/p>\n","protected":false},"author":3,"featured_media":24420,"comment_status":"open","ping_status":"open","sticky":false,"template":"","format":"image","meta":{"jetpack_post_was_ever_published":false,"tdm_status":"","tdm_grid_status":"","_jetpack_newsletter_access":"","_jetpack_dont_email_post_to_subs":false,"_jetpack_newsletter_tier_id":0,"_jetpack_memberships_contains_paywalled_content":false,"_jetpack_memberships_contains_paid_content":false,"footnotes":""},"categories":[30,17,36],"tags":[37,52,50,51],"class_list":{"0":"post-24419","1":"post","2":"type-post","3":"status-publish","4":"format-image","5":"has-post-thumbnail","7":"category-albums-rock","8":"category-carotte-rock-cultures","9":"category-groupes-rock-daujourdhui","10":"tag-album-rock","11":"tag-groupe-rock-actuel","12":"tag-hard-rock","13":"tag-rock-francais","14":"post_format-post-format-image"},"yoast_head":"<!-- This site is optimized with the Yoast SEO plugin v27.5 - https:\/\/yoast.com\/product\/yoast-seo-wordpress\/ -->\n<title>EMERALD MOON - The Sky&#039;s The Limit - Culturesco groupe hard rock fran\u00e7ais<\/title>\n<meta name=\"description\" content=\"CulturesCo | Emerald Moon, groupe de hard rock frenchy, sort son premier album : The Sky&#039;s The Limit, un voyage vintage 70&#039;s m\u00e9lodique.\" \/>\n<meta name=\"robots\" content=\"index, follow, max-snippet:-1, max-image-preview:large, max-video-preview:-1\" \/>\n<link rel=\"canonical\" href=\"https:\/\/culturesco.com\/index.php\/2025\/06\/10\/emerald-moon-the-sky-s-the-limit\/\" \/>\n<meta property=\"og:locale\" content=\"fr_FR\" \/>\n<meta property=\"og:type\" content=\"article\" \/>\n<meta property=\"og:title\" content=\"EMERALD MOON - The Sky&#039;s The Limit - Culturesco groupe hard rock fran\u00e7ais\" \/>\n<meta property=\"og:description\" content=\"CulturesCo | Emerald Moon, groupe de hard rock frenchy, sort son premier album : The Sky&#039;s The Limit, un voyage vintage 70&#039;s m\u00e9lodique.\" \/>\n<meta property=\"og:url\" content=\"https:\/\/culturesco.com\/index.php\/2025\/06\/10\/emerald-moon-the-sky-s-the-limit\/\" \/>\n<meta property=\"og:site_name\" content=\"Culturesco\" \/>\n<meta property=\"article:publisher\" content=\"https:\/\/www.facebook.com\/radioculturesco\" \/>\n<meta property=\"article:published_time\" content=\"2025-06-10T13:17:28+00:00\" \/>\n<meta property=\"article:modified_time\" content=\"2025-06-10T15:19:20+00:00\" \/>\n<meta property=\"og:image\" content=\"https:\/\/culturesco.com\/wp-content\/uploads\/2025\/06\/EMERALD-MOON-The-skys.jpg\" \/>\n\t<meta property=\"og:image:width\" content=\"600\" \/>\n\t<meta property=\"og:image:height\" content=\"311\" \/>\n\t<meta property=\"og:image:type\" content=\"image\/jpeg\" \/>\n<meta name=\"author\" content=\"Thierry Dauge\" \/>\n<meta name=\"twitter:card\" content=\"summary_large_image\" \/>\n<meta name=\"twitter:creator\" content=\"@AugusteMarshal\" \/>\n<meta name=\"twitter:site\" content=\"@AugusteMarshal\" \/>\n<meta name=\"twitter:label1\" content=\"\u00c9crit par\" \/>\n\t<meta name=\"twitter:data1\" content=\"Thierry Dauge\" \/>\n\t<meta name=\"twitter:label2\" content=\"Dur\u00e9e de lecture estim\u00e9e\" \/>\n\t<meta name=\"twitter:data2\" content=\"3 minutes\" \/>\n<script type=\"application\/ld+json\" class=\"yoast-schema-graph\">{\"@context\":\"https:\\\/\\\/schema.org\",\"@graph\":[{\"@type\":\"Article\",\"@id\":\"https:\\\/\\\/culturesco.com\\\/index.php\\\/2025\\\/06\\\/10\\\/emerald-moon-the-sky-s-the-limit\\\/#article\",\"isPartOf\":{\"@id\":\"https:\\\/\\\/culturesco.com\\\/index.php\\\/2025\\\/06\\\/10\\\/emerald-moon-the-sky-s-the-limit\\\/\"},\"author\":{\"name\":\"Thierry Dauge\",\"@id\":\"https:\\\/\\\/culturesco.com\\\/#\\\/schema\\\/person\\\/19f04cf232d246197f6e7d62abe6cb0e\"},\"headline\":\"EMERALD MOON &#8211; The Sky&rsquo;s The Limit\",\"datePublished\":\"2025-06-10T13:17:28+00:00\",\"dateModified\":\"2025-06-10T15:19:20+00:00\",\"mainEntityOfPage\":{\"@id\":\"https:\\\/\\\/culturesco.com\\\/index.php\\\/2025\\\/06\\\/10\\\/emerald-moon-the-sky-s-the-limit\\\/\"},\"wordCount\":604,\"commentCount\":0,\"publisher\":{\"@id\":\"https:\\\/\\\/culturesco.com\\\/#organization\"},\"image\":{\"@id\":\"https:\\\/\\\/culturesco.com\\\/index.php\\\/2025\\\/06\\\/10\\\/emerald-moon-the-sky-s-the-limit\\\/#primaryimage\"},\"thumbnailUrl\":\"https:\\\/\\\/i0.wp.com\\\/culturesco.com\\\/wp-content\\\/uploads\\\/2025\\\/06\\\/EMERALD-MOON-The-skys.jpg?fit=600%2C311&ssl=1\",\"keywords\":[\"album rock\",\"groupe rock actuel\",\"hard rock\",\"Rock fran\u00e7ais\"],\"articleSection\":[\"Albums rock\",\"Carotte Rock Cultures\",\"Groupes rock d'aujourd'hui\"],\"inLanguage\":\"fr-FR\",\"potentialAction\":[{\"@type\":\"CommentAction\",\"name\":\"Comment\",\"target\":[\"https:\\\/\\\/culturesco.com\\\/index.php\\\/2025\\\/06\\\/10\\\/emerald-moon-the-sky-s-the-limit\\\/#respond\"]}]},{\"@type\":\"WebPage\",\"@id\":\"https:\\\/\\\/culturesco.com\\\/index.php\\\/2025\\\/06\\\/10\\\/emerald-moon-the-sky-s-the-limit\\\/\",\"url\":\"https:\\\/\\\/culturesco.com\\\/index.php\\\/2025\\\/06\\\/10\\\/emerald-moon-the-sky-s-the-limit\\\/\",\"name\":\"EMERALD MOON - The Sky's The Limit - Culturesco groupe hard rock fran\u00e7ais\",\"isPartOf\":{\"@id\":\"https:\\\/\\\/culturesco.com\\\/#website\"},\"primaryImageOfPage\":{\"@id\":\"https:\\\/\\\/culturesco.com\\\/index.php\\\/2025\\\/06\\\/10\\\/emerald-moon-the-sky-s-the-limit\\\/#primaryimage\"},\"image\":{\"@id\":\"https:\\\/\\\/culturesco.com\\\/index.php\\\/2025\\\/06\\\/10\\\/emerald-moon-the-sky-s-the-limit\\\/#primaryimage\"},\"thumbnailUrl\":\"https:\\\/\\\/i0.wp.com\\\/culturesco.com\\\/wp-content\\\/uploads\\\/2025\\\/06\\\/EMERALD-MOON-The-skys.jpg?fit=600%2C311&ssl=1\",\"datePublished\":\"2025-06-10T13:17:28+00:00\",\"dateModified\":\"2025-06-10T15:19:20+00:00\",\"description\":\"CulturesCo | Emerald Moon, groupe de hard rock frenchy, sort son premier album : The Sky's The Limit, un voyage vintage 70's m\u00e9lodique.\",\"breadcrumb\":{\"@id\":\"https:\\\/\\\/culturesco.com\\\/index.php\\\/2025\\\/06\\\/10\\\/emerald-moon-the-sky-s-the-limit\\\/#breadcrumb\"},\"inLanguage\":\"fr-FR\",\"potentialAction\":[{\"@type\":\"ReadAction\",\"target\":[\"https:\\\/\\\/culturesco.com\\\/index.php\\\/2025\\\/06\\\/10\\\/emerald-moon-the-sky-s-the-limit\\\/\"]}]},{\"@type\":\"ImageObject\",\"inLanguage\":\"fr-FR\",\"@id\":\"https:\\\/\\\/culturesco.com\\\/index.php\\\/2025\\\/06\\\/10\\\/emerald-moon-the-sky-s-the-limit\\\/#primaryimage\",\"url\":\"https:\\\/\\\/i0.wp.com\\\/culturesco.com\\\/wp-content\\\/uploads\\\/2025\\\/06\\\/EMERALD-MOON-The-skys.jpg?fit=600%2C311&ssl=1\",\"contentUrl\":\"https:\\\/\\\/i0.wp.com\\\/culturesco.com\\\/wp-content\\\/uploads\\\/2025\\\/06\\\/EMERALD-MOON-The-skys.jpg?fit=600%2C311&ssl=1\",\"width\":600,\"height\":311,\"caption\":\"Emerald Moon\"},{\"@type\":\"BreadcrumbList\",\"@id\":\"https:\\\/\\\/culturesco.com\\\/index.php\\\/2025\\\/06\\\/10\\\/emerald-moon-the-sky-s-the-limit\\\/#breadcrumb\",\"itemListElement\":[{\"@type\":\"ListItem\",\"position\":1,\"name\":\"Accueil\",\"item\":\"https:\\\/\\\/culturesco.com\\\/\"},{\"@type\":\"ListItem\",\"position\":2,\"name\":\"EMERALD MOON &#8211; The Sky&rsquo;s The Limit\"}]},{\"@type\":\"WebSite\",\"@id\":\"https:\\\/\\\/culturesco.com\\\/#website\",\"url\":\"https:\\\/\\\/culturesco.com\\\/\",\"name\":\"Culturesco\",\"description\":\"Culturesco | Un bon coup de pied dans ta Culture\",\"publisher\":{\"@id\":\"https:\\\/\\\/culturesco.com\\\/#organization\"},\"potentialAction\":[{\"@type\":\"SearchAction\",\"target\":{\"@type\":\"EntryPoint\",\"urlTemplate\":\"https:\\\/\\\/culturesco.com\\\/?s={search_term_string}\"},\"query-input\":{\"@type\":\"PropertyValueSpecification\",\"valueRequired\":true,\"valueName\":\"search_term_string\"}}],\"inLanguage\":\"fr-FR\"},{\"@type\":\"Organization\",\"@id\":\"https:\\\/\\\/culturesco.com\\\/#organization\",\"name\":\"CULTURESCO\",\"url\":\"https:\\\/\\\/culturesco.com\\\/\",\"logo\":{\"@type\":\"ImageObject\",\"inLanguage\":\"fr-FR\",\"@id\":\"https:\\\/\\\/culturesco.com\\\/#\\\/schema\\\/logo\\\/image\\\/\",\"url\":\"https:\\\/\\\/i0.wp.com\\\/culturesco.com\\\/wp-content\\\/uploads\\\/2022\\\/04\\\/culturesco-logo-blanc250p.png?fit=250%2C250&ssl=1\",\"contentUrl\":\"https:\\\/\\\/i0.wp.com\\\/culturesco.com\\\/wp-content\\\/uploads\\\/2022\\\/04\\\/culturesco-logo-blanc250p.png?fit=250%2C250&ssl=1\",\"width\":250,\"height\":250,\"caption\":\"CULTURESCO\"},\"image\":{\"@id\":\"https:\\\/\\\/culturesco.com\\\/#\\\/schema\\\/logo\\\/image\\\/\"},\"sameAs\":[\"https:\\\/\\\/www.facebook.com\\\/radioculturesco\",\"https:\\\/\\\/x.com\\\/AugusteMarshal\",\"https:\\\/\\\/www.instagram.com\\\/carotte_rock_culture\\\/\",\"https:\\\/\\\/www.pinterest.fr\\\/augustemarshal\\\/\",\"https:\\\/\\\/www.youtube.com\\\/channel\\\/UCiWLGffqWSXlNnfzp6YwwyQ\"]},{\"@type\":\"Person\",\"@id\":\"https:\\\/\\\/culturesco.com\\\/#\\\/schema\\\/person\\\/19f04cf232d246197f6e7d62abe6cb0e\",\"name\":\"Thierry Dauge\",\"image\":{\"@type\":\"ImageObject\",\"inLanguage\":\"fr-FR\",\"@id\":\"https:\\\/\\\/i0.wp.com\\\/culturesco.com\\\/wp-content\\\/uploads\\\/2018\\\/12\\\/Black-Beauty-and-me.jpg?fit=96%2C96&ssl=1\",\"url\":\"https:\\\/\\\/i0.wp.com\\\/culturesco.com\\\/wp-content\\\/uploads\\\/2018\\\/12\\\/Black-Beauty-and-me.jpg?fit=96%2C96&ssl=1\",\"contentUrl\":\"https:\\\/\\\/i0.wp.com\\\/culturesco.com\\\/wp-content\\\/uploads\\\/2018\\\/12\\\/Black-Beauty-and-me.jpg?fit=96%2C96&ssl=1\",\"caption\":\"Thierry Dauge\"},\"description\":\"Amoureux des 70\u2019s et du hard rock en particulier, Thierry Dauge est chroniqueur sur Culturesco par amour de l\u2019\u00e9criture musicale. Co-auteur du livre\\\"Pop rock - Les instruments de l'ombre\\\" aux \u00e9ditions du Camion Blanc, collaborateur de Vivi pour \\\"Mes Ann\u00e9es Trust\\\", auteur de \\\"Sparks\\\" aux \u00e9ditions du Layeur, parce que le rock est loin d'\u00eatre mort ...\",\"url\":\"https:\\\/\\\/culturesco.com\\\/index.php\\\/author\\\/thierry-dauge888\\\/\"}]}<\/script>\n<!-- \/ Yoast SEO plugin. -->","yoast_head_json":{"title":"EMERALD MOON - The Sky's The Limit - Culturesco groupe hard rock fran\u00e7ais","description":"CulturesCo | Emerald Moon, groupe de hard rock frenchy, sort son premier album : The Sky's The Limit, un voyage vintage 70's m\u00e9lodique.","robots":{"index":"index","follow":"follow","max-snippet":"max-snippet:-1","max-image-preview":"max-image-preview:large","max-video-preview":"max-video-preview:-1"},"canonical":"https:\/\/culturesco.com\/index.php\/2025\/06\/10\/emerald-moon-the-sky-s-the-limit\/","og_locale":"fr_FR","og_type":"article","og_title":"EMERALD MOON - The Sky's The Limit - Culturesco groupe hard rock fran\u00e7ais","og_description":"CulturesCo | Emerald Moon, groupe de hard rock frenchy, sort son premier album : The Sky's The Limit, un voyage vintage 70's m\u00e9lodique.","og_url":"https:\/\/culturesco.com\/index.php\/2025\/06\/10\/emerald-moon-the-sky-s-the-limit\/","og_site_name":"Culturesco","article_publisher":"https:\/\/www.facebook.com\/radioculturesco","article_published_time":"2025-06-10T13:17:28+00:00","article_modified_time":"2025-06-10T15:19:20+00:00","og_image":[{"width":600,"height":311,"url":"https:\/\/culturesco.com\/wp-content\/uploads\/2025\/06\/EMERALD-MOON-The-skys.jpg","type":"image\/jpeg"}],"author":"Thierry Dauge","twitter_card":"summary_large_image","twitter_creator":"@AugusteMarshal","twitter_site":"@AugusteMarshal","twitter_misc":{"\u00c9crit par":"Thierry Dauge","Dur\u00e9e de lecture estim\u00e9e":"3 minutes"},"schema":{"@context":"https:\/\/schema.org","@graph":[{"@type":"Article","@id":"https:\/\/culturesco.com\/index.php\/2025\/06\/10\/emerald-moon-the-sky-s-the-limit\/#article","isPartOf":{"@id":"https:\/\/culturesco.com\/index.php\/2025\/06\/10\/emerald-moon-the-sky-s-the-limit\/"},"author":{"name":"Thierry Dauge","@id":"https:\/\/culturesco.com\/#\/schema\/person\/19f04cf232d246197f6e7d62abe6cb0e"},"headline":"EMERALD MOON &#8211; The Sky&rsquo;s The Limit","datePublished":"2025-06-10T13:17:28+00:00","dateModified":"2025-06-10T15:19:20+00:00","mainEntityOfPage":{"@id":"https:\/\/culturesco.com\/index.php\/2025\/06\/10\/emerald-moon-the-sky-s-the-limit\/"},"wordCount":604,"commentCount":0,"publisher":{"@id":"https:\/\/culturesco.com\/#organization"},"image":{"@id":"https:\/\/culturesco.com\/index.php\/2025\/06\/10\/emerald-moon-the-sky-s-the-limit\/#primaryimage"},"thumbnailUrl":"https:\/\/i0.wp.com\/culturesco.com\/wp-content\/uploads\/2025\/06\/EMERALD-MOON-The-skys.jpg?fit=600%2C311&ssl=1","keywords":["album rock","groupe rock actuel","hard rock","Rock fran\u00e7ais"],"articleSection":["Albums rock","Carotte Rock Cultures","Groupes rock d'aujourd'hui"],"inLanguage":"fr-FR","potentialAction":[{"@type":"CommentAction","name":"Comment","target":["https:\/\/culturesco.com\/index.php\/2025\/06\/10\/emerald-moon-the-sky-s-the-limit\/#respond"]}]},{"@type":"WebPage","@id":"https:\/\/culturesco.com\/index.php\/2025\/06\/10\/emerald-moon-the-sky-s-the-limit\/","url":"https:\/\/culturesco.com\/index.php\/2025\/06\/10\/emerald-moon-the-sky-s-the-limit\/","name":"EMERALD MOON - The Sky's The Limit - Culturesco groupe hard rock fran\u00e7ais","isPartOf":{"@id":"https:\/\/culturesco.com\/#website"},"primaryImageOfPage":{"@id":"https:\/\/culturesco.com\/index.php\/2025\/06\/10\/emerald-moon-the-sky-s-the-limit\/#primaryimage"},"image":{"@id":"https:\/\/culturesco.com\/index.php\/2025\/06\/10\/emerald-moon-the-sky-s-the-limit\/#primaryimage"},"thumbnailUrl":"https:\/\/i0.wp.com\/culturesco.com\/wp-content\/uploads\/2025\/06\/EMERALD-MOON-The-skys.jpg?fit=600%2C311&ssl=1","datePublished":"2025-06-10T13:17:28+00:00","dateModified":"2025-06-10T15:19:20+00:00","description":"CulturesCo | Emerald Moon, groupe de hard rock frenchy, sort son premier album : The Sky's The Limit, un voyage vintage 70's m\u00e9lodique.","breadcrumb":{"@id":"https:\/\/culturesco.com\/index.php\/2025\/06\/10\/emerald-moon-the-sky-s-the-limit\/#breadcrumb"},"inLanguage":"fr-FR","potentialAction":[{"@type":"ReadAction","target":["https:\/\/culturesco.com\/index.php\/2025\/06\/10\/emerald-moon-the-sky-s-the-limit\/"]}]},{"@type":"ImageObject","inLanguage":"fr-FR","@id":"https:\/\/culturesco.com\/index.php\/2025\/06\/10\/emerald-moon-the-sky-s-the-limit\/#primaryimage","url":"https:\/\/i0.wp.com\/culturesco.com\/wp-content\/uploads\/2025\/06\/EMERALD-MOON-The-skys.jpg?fit=600%2C311&ssl=1","contentUrl":"https:\/\/i0.wp.com\/culturesco.com\/wp-content\/uploads\/2025\/06\/EMERALD-MOON-The-skys.jpg?fit=600%2C311&ssl=1","width":600,"height":311,"caption":"Emerald Moon"},{"@type":"BreadcrumbList","@id":"https:\/\/culturesco.com\/index.php\/2025\/06\/10\/emerald-moon-the-sky-s-the-limit\/#breadcrumb","itemListElement":[{"@type":"ListItem","position":1,"name":"Accueil","item":"https:\/\/culturesco.com\/"},{"@type":"ListItem","position":2,"name":"EMERALD MOON &#8211; The Sky&rsquo;s The Limit"}]},{"@type":"WebSite","@id":"https:\/\/culturesco.com\/#website","url":"https:\/\/culturesco.com\/","name":"Culturesco","description":"Culturesco | Un bon coup de pied dans ta Culture","publisher":{"@id":"https:\/\/culturesco.com\/#organization"},"potentialAction":[{"@type":"SearchAction","target":{"@type":"EntryPoint","urlTemplate":"https:\/\/culturesco.com\/?s={search_term_string}"},"query-input":{"@type":"PropertyValueSpecification","valueRequired":true,"valueName":"search_term_string"}}],"inLanguage":"fr-FR"},{"@type":"Organization","@id":"https:\/\/culturesco.com\/#organization","name":"CULTURESCO","url":"https:\/\/culturesco.com\/","logo":{"@type":"ImageObject","inLanguage":"fr-FR","@id":"https:\/\/culturesco.com\/#\/schema\/logo\/image\/","url":"https:\/\/i0.wp.com\/culturesco.com\/wp-content\/uploads\/2022\/04\/culturesco-logo-blanc250p.png?fit=250%2C250&ssl=1","contentUrl":"https:\/\/i0.wp.com\/culturesco.com\/wp-content\/uploads\/2022\/04\/culturesco-logo-blanc250p.png?fit=250%2C250&ssl=1","width":250,"height":250,"caption":"CULTURESCO"},"image":{"@id":"https:\/\/culturesco.com\/#\/schema\/logo\/image\/"},"sameAs":["https:\/\/www.facebook.com\/radioculturesco","https:\/\/x.com\/AugusteMarshal","https:\/\/www.instagram.com\/carotte_rock_culture\/","https:\/\/www.pinterest.fr\/augustemarshal\/","https:\/\/www.youtube.com\/channel\/UCiWLGffqWSXlNnfzp6YwwyQ"]},{"@type":"Person","@id":"https:\/\/culturesco.com\/#\/schema\/person\/19f04cf232d246197f6e7d62abe6cb0e","name":"Thierry Dauge","image":{"@type":"ImageObject","inLanguage":"fr-FR","@id":"https:\/\/i0.wp.com\/culturesco.com\/wp-content\/uploads\/2018\/12\/Black-Beauty-and-me.jpg?fit=96%2C96&ssl=1","url":"https:\/\/i0.wp.com\/culturesco.com\/wp-content\/uploads\/2018\/12\/Black-Beauty-and-me.jpg?fit=96%2C96&ssl=1","contentUrl":"https:\/\/i0.wp.com\/culturesco.com\/wp-content\/uploads\/2018\/12\/Black-Beauty-and-me.jpg?fit=96%2C96&ssl=1","caption":"Thierry Dauge"},"description":"Amoureux des 70\u2019s et du hard rock en particulier, Thierry Dauge est chroniqueur sur Culturesco par amour de l\u2019\u00e9criture musicale. Co-auteur du livre\"Pop rock - Les instruments de l'ombre\" aux \u00e9ditions du Camion Blanc, collaborateur de Vivi pour \"Mes Ann\u00e9es Trust\", auteur de \"Sparks\" aux \u00e9ditions du Layeur, parce que le rock est loin d'\u00eatre mort ...","url":"https:\/\/culturesco.com\/index.php\/author\/thierry-dauge888\/"}]}},"jetpack_featured_media_url":"https:\/\/i0.wp.com\/culturesco.com\/wp-content\/uploads\/2025\/06\/EMERALD-MOON-The-skys.jpg?fit=600%2C311&ssl=1","jetpack_likes_enabled":true,"jetpack_sharing_enabled":true,"jetpack_shortlink":"https:\/\/wp.me\/paz89I-6lR","_links":{"self":[{"href":"https:\/\/culturesco.com\/index.php\/wp-json\/wp\/v2\/posts\/24419","targetHints":{"allow":["GET"]}}],"collection":[{"href":"https:\/\/culturesco.com\/index.php\/wp-json\/wp\/v2\/posts"}],"about":[{"href":"https:\/\/culturesco.com\/index.php\/wp-json\/wp\/v2\/types\/post"}],"author":[{"embeddable":true,"href":"https:\/\/culturesco.com\/index.php\/wp-json\/wp\/v2\/users\/3"}],"replies":[{"embeddable":true,"href":"https:\/\/culturesco.com\/index.php\/wp-json\/wp\/v2\/comments?post=24419"}],"version-history":[{"count":0,"href":"https:\/\/culturesco.com\/index.php\/wp-json\/wp\/v2\/posts\/24419\/revisions"}],"wp:featuredmedia":[{"embeddable":true,"href":"https:\/\/culturesco.com\/index.php\/wp-json\/wp\/v2\/media\/24420"}],"wp:attachment":[{"href":"https:\/\/culturesco.com\/index.php\/wp-json\/wp\/v2\/media?parent=24419"}],"wp:term":[{"taxonomy":"category","embeddable":true,"href":"https:\/\/culturesco.com\/index.php\/wp-json\/wp\/v2\/categories?post=24419"},{"taxonomy":"post_tag","embeddable":true,"href":"https:\/\/culturesco.com\/index.php\/wp-json\/wp\/v2\/tags?post=24419"}],"curies":[{"name":"wp","href":"https:\/\/api.w.org\/{rel}","templated":true}]}}