{"id":2438,"date":"2019-01-23T15:20:53","date_gmt":"2019-01-23T14:20:53","guid":{"rendered":"https:\/\/culturesco.com\/?p=2438"},"modified":"2019-11-19T15:46:10","modified_gmt":"2019-11-19T14:46:10","slug":"oberkampf-groupe-punk-rock-francais-reedition-de-tous-les-albums-couleurs-sur-paris","status":"publish","type":"post","link":"https:\/\/culturesco.com\/index.php\/2019\/01\/23\/oberkampf-groupe-punk-rock-francais-reedition-de-tous-les-albums-couleurs-sur-paris\/","title":{"rendered":"Oberkampf &#8211; R\u00e9\u00e9dition de tous les albums remasteris\u00e9s"},"content":{"rendered":"<h2>OBERKAMPF &#8211; LE RETOUR\u2026 OU PRESQUE<\/h2>\n<figure id=\"attachment_2523\" aria-describedby=\"caption-attachment-2523\" style=\"width: 300px\" class=\"wp-caption aligncenter\"><a href=\"https:\/\/i0.wp.com\/culturesco.com\/wp-content\/uploads\/2019\/01\/oberkampf-e1554713036679.jpg?ssl=1\"><img data-recalc-dims=\"1\" loading=\"lazy\" decoding=\"async\" class=\"wp-image-2523 size-medium\" src=\"https:\/\/i0.wp.com\/culturesco.com\/wp-content\/uploads\/2019\/01\/oberkampf.jpg?resize=300%2C157&#038;ssl=1\" alt=\"oberkampf -Groupe\" width=\"300\" height=\"157\" \/><\/a><figcaption id=\"caption-attachment-2523\" class=\"wp-caption-text\">Oberkampf R\u00e9\u00e9dition<\/figcaption><\/figure>\n<p style=\"text-align: justify;\"><strong>Oberkampf R\u00e9\u00e9dition<\/strong> : l\u2019ann\u00e9e 2019 voit la r\u00e9\u00e9dition de la discographie compl\u00e8te de l&rsquo;un des groupes cultes du\u00a0<a href=\"https:\/\/culturesco.com\/index.php\/2018\/10\/09\/100-club-punk-special-20-et-21-septembre-1976\/\" target=\"_blank\" rel=\"noopener noreferrer\">Punk Rock<\/a> fran\u00e7ais. TOUS les albums d\u2019Oberkampf vont \u00eatre remasteris\u00e9s !<br \/>\n<a href=\"http:\/\/www.oberkampf.net\/\">Oberkampf &#8211; Site Officiel<\/a><\/p>\n<p style=\"text-align: justify;\">Pat Kebra, guitariste (et fondateur) du groupe :<br \/>\n\u00abJ\u2019ai compos\u00e9 mes premiers titres, maximum et rien \u00e0 foutre sur ma mobylette, chansons agressives mais joyeuses\u2026\u00bb<\/p>\n<div class=\"youtube-embed\" data-video_id=\"KawEBrHzh0U\"><iframe loading=\"lazy\" title=\"Oberkampf - Rien \u00e0 foutre\" width=\"696\" height=\"522\" src=\"https:\/\/www.youtube.com\/embed\/KawEBrHzh0U\" frameborder=\"0\" allow=\"accelerometer; autoplay; clipboard-write; encrypted-media; gyroscope; picture-in-picture; web-share\" referrerpolicy=\"strict-origin-when-cross-origin\" allowfullscreen><\/iframe><\/div>\n<p>GENESE ET SPLIT<\/p>\n<blockquote>\n<h4 style=\"text-align: justify;\">\u00ab Le premier chanteur est parti, c\u2019est Joe Hell qui a pris la place jusqu\u2019en 85, ann\u00e9e o\u00f9 on a tout arr\u00eat\u00e9. On s\u2019est dit que ce n\u2019\u00e9tait plus la peine, \u00e7a ne marche pas, cette musique l\u00e0 personne n\u2019en veut. Ce qui est paradoxal, c\u2019est que un an apr\u00e8s surgissait la vague alternative, tout le monde s\u2019est mis \u00e0 nous \u00e9couter, mais on existait plus&#8230;Mauvais timing.\u00bb<\/h4>\n<h4 style=\"text-align: justify;\">\u00ab On pensait vraiment que le mot punk n\u2019existerait plus. Je suis pass\u00e9 \u00e0 autre chose. Et puis 20 ans apr\u00e8s, j\u2019ai fait un groupe, 3 albums solo, et je me suis aper\u00e7u qu\u2019aux 4 coins de La France il y avait des gens qui avaient aim\u00e9 ce qu\u2019on avait fait. L\u2019\u00e9tonnement s\u2019est transform\u00e9 en certitude, certitude que l\u2019on avait fait quelque chose d\u2019important\u2026 \u00bb<\/h4>\n<h4 style=\"text-align: justify;\">\u00ab Je me suis dit : il est temps de mettre des choses que les gens peuvent \u00e9couter, parce que les gens entendent parler d\u2019Oberkampf mais ils ne savent pas ce que c\u2019est, on n\u2019a pas fait de CD , et les radios actuelles n\u2019ont pas de platine pour repasser nos vinyles.. \u00bb<\/h4>\n<h4 style=\"text-align: justify;\">\u00ab\u00a0Et j\u2019ai voulu tout num\u00e9riser, pas une simple affaire, le son \u00e9tait pourri, c\u2019\u00e9tait in\u00e9coutable. Mais j\u2019ai retrouv\u00e9 l\u2019ing\u00e9nieur du son de l\u2019\u00e9poque, il a nettoy\u00e9 tout \u00e7a et on a r\u00e9ussi \u00e0 num\u00e9riser toutes les bandes\u2026\u00a0\u00bb<\/h4>\n<\/blockquote>\n<h3>PLEIN LES COUILLES \u2026PLC<\/h3>\n<blockquote>\n<h4 style=\"text-align: justify;\">\u00ab\u00a0Et j\u2019ai red\u00e9couvert PLC, notre premier album . En fait, c\u2019est un album qui a \u00e9t\u00e9 massacr\u00e9 par le vinyle parce qu\u2019\u00e0 l\u2019\u00e9poque les gens ne savaient pas masteriser ce type de musique. Et j\u2019ai sorti les 2 45 tours, Linda et la Marseillaise, ainsi que couleurs sur Paris. J\u2019ai red\u00e9couvert un album que je pensais rat\u00e9, mais qui est en fait tr\u00e8s bon \u2026Les gens vont se r\u00e9galer\u2026\u00a0\u00bb<\/h4>\n<\/blockquote>\n<h3>Oberkampf &#8211; Linda<\/h3>\n<div class=\"youtube-embed\" data-video_id=\"BiEEd7w6cYM\"><iframe loading=\"lazy\" title=\"Oberkampf - Linda\" width=\"696\" height=\"522\" src=\"https:\/\/www.youtube.com\/embed\/BiEEd7w6cYM\" frameborder=\"0\" allow=\"accelerometer; autoplay; clipboard-write; encrypted-media; gyroscope; picture-in-picture; web-share\" referrerpolicy=\"strict-origin-when-cross-origin\" allowfullscreen><\/iframe><\/div>\n<h3>CRIS SANS THEMES<\/h3>\n<blockquote>\n<h4 style=\"text-align: justify;\">\u00ab\u00a0Je croyais vraiment que l\u2019album \u00e9tait massacr\u00e9, et l\u00e0 en studio j\u2019ai red\u00e9couvert un album qui \u00e9tait vraiment super et je suis content de le partager, de donner \u00e0 mon d\u00e9funt groupe une reconnaissance, qu\u2019il n\u2019\u00e9tait pas si naze que \u00e7a . Et 35 ans apr\u00e8s, l\u2019album va pouvoir etre d\u00e9couvert, et les gens vont pouvoir d\u00e9couvrir qu\u2019Oberkampf \u00e9tait un bon groupe\u00a0\u00bb<\/h4>\n<\/blockquote>\n<h3>Hopital &#8211;<\/h3>\n<div class=\"youtube-embed\" data-video_id=\"bNNy5ip1DyY\"><iframe loading=\"lazy\" title=\"Oberkampf - Hopital\" width=\"696\" height=\"522\" src=\"https:\/\/www.youtube.com\/embed\/bNNy5ip1DyY\" frameborder=\"0\" allow=\"accelerometer; autoplay; clipboard-write; encrypted-media; gyroscope; picture-in-picture; web-share\" referrerpolicy=\"strict-origin-when-cross-origin\" allowfullscreen><\/iframe><\/div>\n<h3>Oberkampf &#8211; REFORMATION ?<\/h3>\n<p style=\"text-align: justify;\">Il y a 3-4 ans , Joe Hell m\u2019a propos\u00e9 une reformation, j\u2019ai dit non\u2026Moi je ne suis pas pour les reformations, parce quelque part \u00e7a repr\u00e9sente des vieux qui se prennent pour des jeunes, et \u00e7a ne me plait pas du tout. Mais depuis il me fait la gueule ..<\/p>\n<h3>LE MOT DE LA FIN<\/h3>\n<blockquote>\n<h4 style=\"text-align: justify;\">\u00abAvant , on pouvait \u00eatre CONTRE, se battre contre le monde environnant. Maintenant, cette attitude est p\u00e9rim\u00e9e. Maintenant quand on n\u2019est pas d\u2019accord, on doit \u00eatre POUR quelque chose. C\u2019est-\u00e0-dire amener une id\u00e9e. On a quelques ann\u00e9es pour r\u00e9agir. On voit que tout a chang\u00e9, que c\u2019est une n\u00e9cessit\u00e9 d\u2019arr\u00eater de polluer les sols, supprimer des esp\u00e8ces animales\u2026\u00bb<\/h4>\n<\/blockquote>\n<h3>Oberkampf R\u00e9\u00e9dition &#8211; A red\u00e9couvrir de tout urgence<\/h3>\n<p style=\"text-align: justify;\">Couleurs sur Paris : un 45 t enregistr\u00e9 et sorti en 1982, mis en licence chez Virgin<br \/>\nvia le label Mankin qui produisait entre autres Taxi girl, Les Civils etc.<br \/>\nA cette \u00e9poque, Alexis, leur manager imagine dans la chanson \u00ab Couleurs sur Paris \u00bb un potentiel commercial \u00e0 exploiter.<br \/>\nC\u2019\u00e9tait sans compter l\u2019\u00e2me rebelle d&rsquo;Oberkampf qui souhaitait avant tout une d\u00e9marche sinc\u00e8re et authentique dans leur travail!<\/p>\n<p style=\"text-align: justify;\">Au bout de 6 mois de \u00ab coop\u00e9ration \u00bb houleuse, Oberkampf reprend ses bandes et fait stopper la fabrication de ce vinyl.<br \/>\nIls partent alors vers de nouvelles aventures et s&rsquo;engagent sur le chemin de l\u2019autoproduction pure et dure.<br \/>\nEffectivement, on n\u2019est jamais mieux servi que par soi-m\u00eame dans un pays o\u00f9 le \u00abPunk Rock\u00bb restera certainement \u00e0 jamais \u00e0 l&rsquo;\u00e9cart.<br \/>\nPourtant gr\u00e2ce \u00e0 la puissance m\u00e9diatique de Virgin, le groupe gagne en notori\u00e9t\u00e9 et devient \u00a0au fil du temps, un certain symbole du Punk Rock Fran\u00e7ais sans concession&#8230; Respect!<\/p>\n","protected":false},"excerpt":{"rendered":"<p>OBERKAMPF &#8211; LE RETOUR\u2026 OU PRESQUE Oberkampf R\u00e9\u00e9dition : l\u2019ann\u00e9e 2019 voit la r\u00e9\u00e9dition de la discographie compl\u00e8te de l&rsquo;un des groupes cultes du\u00a0Punk Rock fran\u00e7ais. TOUS les albums d\u2019Oberkampf vont \u00eatre remasteris\u00e9s ! Oberkampf &#8211; Site Officiel Pat Kebra, guitariste (et fondateur) du groupe : \u00abJ\u2019ai compos\u00e9 mes premiers titres, maximum et rien \u00e0 [&hellip;]<\/p>\n","protected":false},"author":5,"featured_media":2523,"comment_status":"closed","ping_status":"closed","sticky":false,"template":"","format":"standard","meta":{"jetpack_post_was_ever_published":false,"tdm_status":"","tdm_grid_status":"","_jetpack_newsletter_access":"","_jetpack_dont_email_post_to_subs":false,"_jetpack_newsletter_tier_id":0,"_jetpack_memberships_contains_paywalled_content":false,"_jetpack_memberships_contains_paid_content":false,"footnotes":""},"categories":[30,17,33],"tags":[46],"class_list":{"0":"post-2438","1":"post","2":"type-post","3":"status-publish","4":"format-standard","5":"has-post-thumbnail","7":"category-albums-rock","8":"category-carotte-rock-cultures","9":"category-histoire-du-rock","10":"tag-punk"},"yoast_head":"<!-- This site is optimized with the Yoast SEO plugin v27.5 - https:\/\/yoast.com\/product\/yoast-seo-wordpress\/ -->\n<title>Oberkampf - R\u00e9\u00e9dition de tous les albums remasteris\u00e9s - Culturesco<\/title>\n<meta name=\"description\" content=\"CulturesCo | OBERKAMPF - Le retour... ou presque | R\u00e9\u00e9dition de tous les albums remasteris\u00e9s du groupe Punk fran\u00e7ais | La Marseillaise - PLC\" \/>\n<meta name=\"robots\" content=\"index, follow, max-snippet:-1, max-image-preview:large, max-video-preview:-1\" \/>\n<link rel=\"canonical\" href=\"https:\/\/culturesco.com\/index.php\/2019\/01\/23\/oberkampf-groupe-punk-rock-francais-reedition-de-tous-les-albums-couleurs-sur-paris\/\" \/>\n<meta property=\"og:locale\" content=\"fr_FR\" \/>\n<meta property=\"og:type\" content=\"article\" \/>\n<meta property=\"og:title\" content=\"Oberkampf - R\u00e9\u00e9dition de tous les albums remasteris\u00e9s - Culturesco\" \/>\n<meta property=\"og:description\" content=\"CulturesCo | OBERKAMPF - Le retour... ou presque | R\u00e9\u00e9dition de tous les albums remasteris\u00e9s du groupe Punk fran\u00e7ais | La Marseillaise - PLC\" \/>\n<meta property=\"og:url\" content=\"https:\/\/culturesco.com\/index.php\/2019\/01\/23\/oberkampf-groupe-punk-rock-francais-reedition-de-tous-les-albums-couleurs-sur-paris\/\" \/>\n<meta property=\"og:site_name\" content=\"Culturesco\" \/>\n<meta property=\"article:publisher\" content=\"https:\/\/www.facebook.com\/radioculturesco\" \/>\n<meta property=\"article:published_time\" content=\"2019-01-23T14:20:53+00:00\" \/>\n<meta property=\"article:modified_time\" content=\"2019-11-19T14:46:10+00:00\" \/>\n<meta property=\"og:image\" content=\"https:\/\/i1.wp.com\/culturesco.com\/wp-content\/uploads\/2019\/01\/oberkampf-1.jpg?fit=600%2C314&ssl=1\" \/>\n\t<meta property=\"og:image:width\" content=\"600\" \/>\n\t<meta property=\"og:image:height\" content=\"314\" \/>\n\t<meta property=\"og:image:type\" content=\"image\/jpeg\" \/>\n<meta name=\"author\" content=\"Etienne FLT\" \/>\n<meta name=\"twitter:card\" content=\"summary_large_image\" \/>\n<meta name=\"twitter:creator\" content=\"@AugusteMarshal\" \/>\n<meta name=\"twitter:site\" content=\"@AugusteMarshal\" \/>\n<meta name=\"twitter:label1\" content=\"\u00c9crit par\" \/>\n\t<meta name=\"twitter:data1\" content=\"Etienne FLT\" \/>\n\t<meta name=\"twitter:label2\" content=\"Dur\u00e9e de lecture estim\u00e9e\" \/>\n\t<meta name=\"twitter:data2\" content=\"4 minutes\" \/>\n<script type=\"application\/ld+json\" class=\"yoast-schema-graph\">{\"@context\":\"https:\\\/\\\/schema.org\",\"@graph\":[{\"@type\":\"Article\",\"@id\":\"https:\\\/\\\/culturesco.com\\\/index.php\\\/2019\\\/01\\\/23\\\/oberkampf-groupe-punk-rock-francais-reedition-de-tous-les-albums-couleurs-sur-paris\\\/#article\",\"isPartOf\":{\"@id\":\"https:\\\/\\\/culturesco.com\\\/index.php\\\/2019\\\/01\\\/23\\\/oberkampf-groupe-punk-rock-francais-reedition-de-tous-les-albums-couleurs-sur-paris\\\/\"},\"author\":{\"name\":\"Etienne FLT\",\"@id\":\"https:\\\/\\\/culturesco.com\\\/#\\\/schema\\\/person\\\/308502c77dc8b99e12c725a9cf6edd7b\"},\"headline\":\"Oberkampf &#8211; R\u00e9\u00e9dition de tous les albums remasteris\u00e9s\",\"datePublished\":\"2019-01-23T14:20:53+00:00\",\"dateModified\":\"2019-11-19T14:46:10+00:00\",\"mainEntityOfPage\":{\"@id\":\"https:\\\/\\\/culturesco.com\\\/index.php\\\/2019\\\/01\\\/23\\\/oberkampf-groupe-punk-rock-francais-reedition-de-tous-les-albums-couleurs-sur-paris\\\/\"},\"wordCount\":821,\"publisher\":{\"@id\":\"https:\\\/\\\/culturesco.com\\\/#organization\"},\"image\":{\"@id\":\"https:\\\/\\\/culturesco.com\\\/index.php\\\/2019\\\/01\\\/23\\\/oberkampf-groupe-punk-rock-francais-reedition-de-tous-les-albums-couleurs-sur-paris\\\/#primaryimage\"},\"thumbnailUrl\":\"https:\\\/\\\/i0.wp.com\\\/culturesco.com\\\/wp-content\\\/uploads\\\/2019\\\/01\\\/oberkampf-e1554713036679.jpg?fit=600%2C314&ssl=1\",\"keywords\":[\"punk\"],\"articleSection\":[\"Albums rock\",\"Carotte Rock Cultures\",\"Histoire du rock\"],\"inLanguage\":\"fr-FR\"},{\"@type\":\"WebPage\",\"@id\":\"https:\\\/\\\/culturesco.com\\\/index.php\\\/2019\\\/01\\\/23\\\/oberkampf-groupe-punk-rock-francais-reedition-de-tous-les-albums-couleurs-sur-paris\\\/\",\"url\":\"https:\\\/\\\/culturesco.com\\\/index.php\\\/2019\\\/01\\\/23\\\/oberkampf-groupe-punk-rock-francais-reedition-de-tous-les-albums-couleurs-sur-paris\\\/\",\"name\":\"Oberkampf - R\u00e9\u00e9dition de tous les albums remasteris\u00e9s - Culturesco\",\"isPartOf\":{\"@id\":\"https:\\\/\\\/culturesco.com\\\/#website\"},\"primaryImageOfPage\":{\"@id\":\"https:\\\/\\\/culturesco.com\\\/index.php\\\/2019\\\/01\\\/23\\\/oberkampf-groupe-punk-rock-francais-reedition-de-tous-les-albums-couleurs-sur-paris\\\/#primaryimage\"},\"image\":{\"@id\":\"https:\\\/\\\/culturesco.com\\\/index.php\\\/2019\\\/01\\\/23\\\/oberkampf-groupe-punk-rock-francais-reedition-de-tous-les-albums-couleurs-sur-paris\\\/#primaryimage\"},\"thumbnailUrl\":\"https:\\\/\\\/i0.wp.com\\\/culturesco.com\\\/wp-content\\\/uploads\\\/2019\\\/01\\\/oberkampf-e1554713036679.jpg?fit=600%2C314&ssl=1\",\"datePublished\":\"2019-01-23T14:20:53+00:00\",\"dateModified\":\"2019-11-19T14:46:10+00:00\",\"description\":\"CulturesCo | OBERKAMPF - Le retour... ou presque | R\u00e9\u00e9dition de tous les albums remasteris\u00e9s du groupe Punk fran\u00e7ais | La Marseillaise - PLC\",\"breadcrumb\":{\"@id\":\"https:\\\/\\\/culturesco.com\\\/index.php\\\/2019\\\/01\\\/23\\\/oberkampf-groupe-punk-rock-francais-reedition-de-tous-les-albums-couleurs-sur-paris\\\/#breadcrumb\"},\"inLanguage\":\"fr-FR\",\"potentialAction\":[{\"@type\":\"ReadAction\",\"target\":[\"https:\\\/\\\/culturesco.com\\\/index.php\\\/2019\\\/01\\\/23\\\/oberkampf-groupe-punk-rock-francais-reedition-de-tous-les-albums-couleurs-sur-paris\\\/\"]}]},{\"@type\":\"ImageObject\",\"inLanguage\":\"fr-FR\",\"@id\":\"https:\\\/\\\/culturesco.com\\\/index.php\\\/2019\\\/01\\\/23\\\/oberkampf-groupe-punk-rock-francais-reedition-de-tous-les-albums-couleurs-sur-paris\\\/#primaryimage\",\"url\":\"https:\\\/\\\/i0.wp.com\\\/culturesco.com\\\/wp-content\\\/uploads\\\/2019\\\/01\\\/oberkampf-e1554713036679.jpg?fit=600%2C314&ssl=1\",\"contentUrl\":\"https:\\\/\\\/i0.wp.com\\\/culturesco.com\\\/wp-content\\\/uploads\\\/2019\\\/01\\\/oberkampf-e1554713036679.jpg?fit=600%2C314&ssl=1\",\"width\":600,\"height\":314,\"caption\":\"oberkampf -Groupe\"},{\"@type\":\"BreadcrumbList\",\"@id\":\"https:\\\/\\\/culturesco.com\\\/index.php\\\/2019\\\/01\\\/23\\\/oberkampf-groupe-punk-rock-francais-reedition-de-tous-les-albums-couleurs-sur-paris\\\/#breadcrumb\",\"itemListElement\":[{\"@type\":\"ListItem\",\"position\":1,\"name\":\"Accueil\",\"item\":\"https:\\\/\\\/culturesco.com\\\/\"},{\"@type\":\"ListItem\",\"position\":2,\"name\":\"Oberkampf &#8211; R\u00e9\u00e9dition de tous les albums remasteris\u00e9s\"}]},{\"@type\":\"WebSite\",\"@id\":\"https:\\\/\\\/culturesco.com\\\/#website\",\"url\":\"https:\\\/\\\/culturesco.com\\\/\",\"name\":\"Culturesco\",\"description\":\"Culturesco | Un bon coup de pied dans ta Culture\",\"publisher\":{\"@id\":\"https:\\\/\\\/culturesco.com\\\/#organization\"},\"potentialAction\":[{\"@type\":\"SearchAction\",\"target\":{\"@type\":\"EntryPoint\",\"urlTemplate\":\"https:\\\/\\\/culturesco.com\\\/?s={search_term_string}\"},\"query-input\":{\"@type\":\"PropertyValueSpecification\",\"valueRequired\":true,\"valueName\":\"search_term_string\"}}],\"inLanguage\":\"fr-FR\"},{\"@type\":\"Organization\",\"@id\":\"https:\\\/\\\/culturesco.com\\\/#organization\",\"name\":\"CULTURESCO\",\"url\":\"https:\\\/\\\/culturesco.com\\\/\",\"logo\":{\"@type\":\"ImageObject\",\"inLanguage\":\"fr-FR\",\"@id\":\"https:\\\/\\\/culturesco.com\\\/#\\\/schema\\\/logo\\\/image\\\/\",\"url\":\"https:\\\/\\\/i0.wp.com\\\/culturesco.com\\\/wp-content\\\/uploads\\\/2022\\\/04\\\/culturesco-logo-blanc250p.png?fit=250%2C250&ssl=1\",\"contentUrl\":\"https:\\\/\\\/i0.wp.com\\\/culturesco.com\\\/wp-content\\\/uploads\\\/2022\\\/04\\\/culturesco-logo-blanc250p.png?fit=250%2C250&ssl=1\",\"width\":250,\"height\":250,\"caption\":\"CULTURESCO\"},\"image\":{\"@id\":\"https:\\\/\\\/culturesco.com\\\/#\\\/schema\\\/logo\\\/image\\\/\"},\"sameAs\":[\"https:\\\/\\\/www.facebook.com\\\/radioculturesco\",\"https:\\\/\\\/x.com\\\/AugusteMarshal\",\"https:\\\/\\\/www.instagram.com\\\/carotte_rock_culture\\\/\",\"https:\\\/\\\/www.pinterest.fr\\\/augustemarshal\\\/\",\"https:\\\/\\\/www.youtube.com\\\/channel\\\/UCiWLGffqWSXlNnfzp6YwwyQ\"]},{\"@type\":\"Person\",\"@id\":\"https:\\\/\\\/culturesco.com\\\/#\\\/schema\\\/person\\\/308502c77dc8b99e12c725a9cf6edd7b\",\"name\":\"Etienne FLT\",\"image\":{\"@type\":\"ImageObject\",\"inLanguage\":\"fr-FR\",\"@id\":\"https:\\\/\\\/i0.wp.com\\\/culturesco.com\\\/wp-content\\\/uploads\\\/2019\\\/01\\\/etienne.jpg?fit=90%2C96&ssl=1\",\"url\":\"https:\\\/\\\/i0.wp.com\\\/culturesco.com\\\/wp-content\\\/uploads\\\/2019\\\/01\\\/etienne.jpg?fit=90%2C96&ssl=1\",\"contentUrl\":\"https:\\\/\\\/i0.wp.com\\\/culturesco.com\\\/wp-content\\\/uploads\\\/2019\\\/01\\\/etienne.jpg?fit=90%2C96&ssl=1\",\"caption\":\"Etienne FLT\"},\"description\":\"Etienne FLT - Passionn\u00e9 des p\u00e9riodes Rock Fifties et Punk - Chroniqueur CulturesCo\",\"url\":\"https:\\\/\\\/culturesco.com\\\/index.php\\\/author\\\/etienne-flt\\\/\"}]}<\/script>\n<!-- \/ Yoast SEO plugin. -->","yoast_head_json":{"title":"Oberkampf - R\u00e9\u00e9dition de tous les albums remasteris\u00e9s - Culturesco","description":"CulturesCo | OBERKAMPF - Le retour... ou presque | R\u00e9\u00e9dition de tous les albums remasteris\u00e9s du groupe Punk fran\u00e7ais | La Marseillaise - PLC","robots":{"index":"index","follow":"follow","max-snippet":"max-snippet:-1","max-image-preview":"max-image-preview:large","max-video-preview":"max-video-preview:-1"},"canonical":"https:\/\/culturesco.com\/index.php\/2019\/01\/23\/oberkampf-groupe-punk-rock-francais-reedition-de-tous-les-albums-couleurs-sur-paris\/","og_locale":"fr_FR","og_type":"article","og_title":"Oberkampf - R\u00e9\u00e9dition de tous les albums remasteris\u00e9s - Culturesco","og_description":"CulturesCo | OBERKAMPF - Le retour... ou presque | R\u00e9\u00e9dition de tous les albums remasteris\u00e9s du groupe Punk fran\u00e7ais | La Marseillaise - PLC","og_url":"https:\/\/culturesco.com\/index.php\/2019\/01\/23\/oberkampf-groupe-punk-rock-francais-reedition-de-tous-les-albums-couleurs-sur-paris\/","og_site_name":"Culturesco","article_publisher":"https:\/\/www.facebook.com\/radioculturesco","article_published_time":"2019-01-23T14:20:53+00:00","article_modified_time":"2019-11-19T14:46:10+00:00","og_image":[{"width":600,"height":314,"url":"https:\/\/i1.wp.com\/culturesco.com\/wp-content\/uploads\/2019\/01\/oberkampf-1.jpg?fit=600%2C314&ssl=1","type":"image\/jpeg"}],"author":"Etienne FLT","twitter_card":"summary_large_image","twitter_creator":"@AugusteMarshal","twitter_site":"@AugusteMarshal","twitter_misc":{"\u00c9crit par":"Etienne FLT","Dur\u00e9e de lecture estim\u00e9e":"4 minutes"},"schema":{"@context":"https:\/\/schema.org","@graph":[{"@type":"Article","@id":"https:\/\/culturesco.com\/index.php\/2019\/01\/23\/oberkampf-groupe-punk-rock-francais-reedition-de-tous-les-albums-couleurs-sur-paris\/#article","isPartOf":{"@id":"https:\/\/culturesco.com\/index.php\/2019\/01\/23\/oberkampf-groupe-punk-rock-francais-reedition-de-tous-les-albums-couleurs-sur-paris\/"},"author":{"name":"Etienne FLT","@id":"https:\/\/culturesco.com\/#\/schema\/person\/308502c77dc8b99e12c725a9cf6edd7b"},"headline":"Oberkampf &#8211; R\u00e9\u00e9dition de tous les albums remasteris\u00e9s","datePublished":"2019-01-23T14:20:53+00:00","dateModified":"2019-11-19T14:46:10+00:00","mainEntityOfPage":{"@id":"https:\/\/culturesco.com\/index.php\/2019\/01\/23\/oberkampf-groupe-punk-rock-francais-reedition-de-tous-les-albums-couleurs-sur-paris\/"},"wordCount":821,"publisher":{"@id":"https:\/\/culturesco.com\/#organization"},"image":{"@id":"https:\/\/culturesco.com\/index.php\/2019\/01\/23\/oberkampf-groupe-punk-rock-francais-reedition-de-tous-les-albums-couleurs-sur-paris\/#primaryimage"},"thumbnailUrl":"https:\/\/i0.wp.com\/culturesco.com\/wp-content\/uploads\/2019\/01\/oberkampf-e1554713036679.jpg?fit=600%2C314&ssl=1","keywords":["punk"],"articleSection":["Albums rock","Carotte Rock Cultures","Histoire du rock"],"inLanguage":"fr-FR"},{"@type":"WebPage","@id":"https:\/\/culturesco.com\/index.php\/2019\/01\/23\/oberkampf-groupe-punk-rock-francais-reedition-de-tous-les-albums-couleurs-sur-paris\/","url":"https:\/\/culturesco.com\/index.php\/2019\/01\/23\/oberkampf-groupe-punk-rock-francais-reedition-de-tous-les-albums-couleurs-sur-paris\/","name":"Oberkampf - R\u00e9\u00e9dition de tous les albums remasteris\u00e9s - Culturesco","isPartOf":{"@id":"https:\/\/culturesco.com\/#website"},"primaryImageOfPage":{"@id":"https:\/\/culturesco.com\/index.php\/2019\/01\/23\/oberkampf-groupe-punk-rock-francais-reedition-de-tous-les-albums-couleurs-sur-paris\/#primaryimage"},"image":{"@id":"https:\/\/culturesco.com\/index.php\/2019\/01\/23\/oberkampf-groupe-punk-rock-francais-reedition-de-tous-les-albums-couleurs-sur-paris\/#primaryimage"},"thumbnailUrl":"https:\/\/i0.wp.com\/culturesco.com\/wp-content\/uploads\/2019\/01\/oberkampf-e1554713036679.jpg?fit=600%2C314&ssl=1","datePublished":"2019-01-23T14:20:53+00:00","dateModified":"2019-11-19T14:46:10+00:00","description":"CulturesCo | OBERKAMPF - Le retour... ou presque | R\u00e9\u00e9dition de tous les albums remasteris\u00e9s du groupe Punk fran\u00e7ais | La Marseillaise - PLC","breadcrumb":{"@id":"https:\/\/culturesco.com\/index.php\/2019\/01\/23\/oberkampf-groupe-punk-rock-francais-reedition-de-tous-les-albums-couleurs-sur-paris\/#breadcrumb"},"inLanguage":"fr-FR","potentialAction":[{"@type":"ReadAction","target":["https:\/\/culturesco.com\/index.php\/2019\/01\/23\/oberkampf-groupe-punk-rock-francais-reedition-de-tous-les-albums-couleurs-sur-paris\/"]}]},{"@type":"ImageObject","inLanguage":"fr-FR","@id":"https:\/\/culturesco.com\/index.php\/2019\/01\/23\/oberkampf-groupe-punk-rock-francais-reedition-de-tous-les-albums-couleurs-sur-paris\/#primaryimage","url":"https:\/\/i0.wp.com\/culturesco.com\/wp-content\/uploads\/2019\/01\/oberkampf-e1554713036679.jpg?fit=600%2C314&ssl=1","contentUrl":"https:\/\/i0.wp.com\/culturesco.com\/wp-content\/uploads\/2019\/01\/oberkampf-e1554713036679.jpg?fit=600%2C314&ssl=1","width":600,"height":314,"caption":"oberkampf -Groupe"},{"@type":"BreadcrumbList","@id":"https:\/\/culturesco.com\/index.php\/2019\/01\/23\/oberkampf-groupe-punk-rock-francais-reedition-de-tous-les-albums-couleurs-sur-paris\/#breadcrumb","itemListElement":[{"@type":"ListItem","position":1,"name":"Accueil","item":"https:\/\/culturesco.com\/"},{"@type":"ListItem","position":2,"name":"Oberkampf &#8211; R\u00e9\u00e9dition de tous les albums remasteris\u00e9s"}]},{"@type":"WebSite","@id":"https:\/\/culturesco.com\/#website","url":"https:\/\/culturesco.com\/","name":"Culturesco","description":"Culturesco | Un bon coup de pied dans ta Culture","publisher":{"@id":"https:\/\/culturesco.com\/#organization"},"potentialAction":[{"@type":"SearchAction","target":{"@type":"EntryPoint","urlTemplate":"https:\/\/culturesco.com\/?s={search_term_string}"},"query-input":{"@type":"PropertyValueSpecification","valueRequired":true,"valueName":"search_term_string"}}],"inLanguage":"fr-FR"},{"@type":"Organization","@id":"https:\/\/culturesco.com\/#organization","name":"CULTURESCO","url":"https:\/\/culturesco.com\/","logo":{"@type":"ImageObject","inLanguage":"fr-FR","@id":"https:\/\/culturesco.com\/#\/schema\/logo\/image\/","url":"https:\/\/i0.wp.com\/culturesco.com\/wp-content\/uploads\/2022\/04\/culturesco-logo-blanc250p.png?fit=250%2C250&ssl=1","contentUrl":"https:\/\/i0.wp.com\/culturesco.com\/wp-content\/uploads\/2022\/04\/culturesco-logo-blanc250p.png?fit=250%2C250&ssl=1","width":250,"height":250,"caption":"CULTURESCO"},"image":{"@id":"https:\/\/culturesco.com\/#\/schema\/logo\/image\/"},"sameAs":["https:\/\/www.facebook.com\/radioculturesco","https:\/\/x.com\/AugusteMarshal","https:\/\/www.instagram.com\/carotte_rock_culture\/","https:\/\/www.pinterest.fr\/augustemarshal\/","https:\/\/www.youtube.com\/channel\/UCiWLGffqWSXlNnfzp6YwwyQ"]},{"@type":"Person","@id":"https:\/\/culturesco.com\/#\/schema\/person\/308502c77dc8b99e12c725a9cf6edd7b","name":"Etienne FLT","image":{"@type":"ImageObject","inLanguage":"fr-FR","@id":"https:\/\/i0.wp.com\/culturesco.com\/wp-content\/uploads\/2019\/01\/etienne.jpg?fit=90%2C96&ssl=1","url":"https:\/\/i0.wp.com\/culturesco.com\/wp-content\/uploads\/2019\/01\/etienne.jpg?fit=90%2C96&ssl=1","contentUrl":"https:\/\/i0.wp.com\/culturesco.com\/wp-content\/uploads\/2019\/01\/etienne.jpg?fit=90%2C96&ssl=1","caption":"Etienne FLT"},"description":"Etienne FLT - Passionn\u00e9 des p\u00e9riodes Rock Fifties et Punk - Chroniqueur CulturesCo","url":"https:\/\/culturesco.com\/index.php\/author\/etienne-flt\/"}]}},"jetpack_featured_media_url":"https:\/\/i0.wp.com\/culturesco.com\/wp-content\/uploads\/2019\/01\/oberkampf-e1554713036679.jpg?fit=600%2C314&ssl=1","jetpack_likes_enabled":true,"jetpack_sharing_enabled":true,"jetpack_shortlink":"https:\/\/wp.me\/paz89I-Dk","_links":{"self":[{"href":"https:\/\/culturesco.com\/index.php\/wp-json\/wp\/v2\/posts\/2438","targetHints":{"allow":["GET"]}}],"collection":[{"href":"https:\/\/culturesco.com\/index.php\/wp-json\/wp\/v2\/posts"}],"about":[{"href":"https:\/\/culturesco.com\/index.php\/wp-json\/wp\/v2\/types\/post"}],"author":[{"embeddable":true,"href":"https:\/\/culturesco.com\/index.php\/wp-json\/wp\/v2\/users\/5"}],"replies":[{"embeddable":true,"href":"https:\/\/culturesco.com\/index.php\/wp-json\/wp\/v2\/comments?post=2438"}],"version-history":[{"count":0,"href":"https:\/\/culturesco.com\/index.php\/wp-json\/wp\/v2\/posts\/2438\/revisions"}],"wp:featuredmedia":[{"embeddable":true,"href":"https:\/\/culturesco.com\/index.php\/wp-json\/wp\/v2\/media\/2523"}],"wp:attachment":[{"href":"https:\/\/culturesco.com\/index.php\/wp-json\/wp\/v2\/media?parent=2438"}],"wp:term":[{"taxonomy":"category","embeddable":true,"href":"https:\/\/culturesco.com\/index.php\/wp-json\/wp\/v2\/categories?post=2438"},{"taxonomy":"post_tag","embeddable":true,"href":"https:\/\/culturesco.com\/index.php\/wp-json\/wp\/v2\/tags?post=2438"}],"curies":[{"name":"wp","href":"https:\/\/api.w.org\/{rel}","templated":true}]}}