{"id":2435,"date":"2019-01-24T17:07:02","date_gmt":"2019-01-24T16:07:02","guid":{"rendered":"https:\/\/culturesco.com\/?p=2435"},"modified":"2022-09-08T17:19:58","modified_gmt":"2022-09-08T15:19:58","slug":"rock-fictions-carole-epinette-photographe-des-legendes-rock","status":"publish","type":"post","link":"https:\/\/culturesco.com\/index.php\/2019\/01\/24\/rock-fictions-carole-epinette-photographe-des-legendes-rock\/","title":{"rendered":"Rock Fictions &#8211; Carole Epinette photographe des l\u00e9gendes Rock"},"content":{"rendered":"<h2>Rock Fictions \u2013\u00a0 De la photographie \u00e0 la litt\u00e9rature<\/h2>\n<p><a href=\"https:\/\/amzn.to\/2TqruSo\" target=\"_blank\" rel=\"noopener noreferrer\"><img data-recalc-dims=\"1\" loading=\"lazy\" decoding=\"async\" class=\"aligncenter wp-image-2620 size-medium\" src=\"https:\/\/i0.wp.com\/culturesco.com\/wp-content\/uploads\/2019\/01\/rock-fictions.jpg?resize=300%2C157&#038;ssl=1\" alt=\"Rock Fictions - Carole Epinette\" width=\"300\" height=\"157\" \/><\/a><\/p>\n<h3>Carole Epinette et les l\u00e9gendes du Rock<\/h3>\n<p style=\"text-align: justify;\">Rock Fictions le nouveau livre de Carole Epinette est une aventure \u00e0 partager. Amateurs de Rock, admirateurs de nos artistes de l\u00e9gendes, vous n&rsquo;\u00eates certainement pas pass\u00e9s ces derni\u00e8res ann\u00e9es \u00e0 c\u00f4t\u00e9 des nombreuses photos de Carole Epinette. Depuis maintenant plus de \u00a0vingt cinq ans, elle s&rsquo;immisce dans les coulisses, \u00ab\u00a0shootant\u00a0\u00bb les plus grands artistes afin de nous offrir des instantan\u00e9s mythiques. <a href=\"https:\/\/culturesco.com\/index.php\/2019\/01\/07\/david-bowie-et-iggy-pop-amitie-eternelle\/\" target=\"_blank\" rel=\"noopener noreferrer\">Iggy Pop<\/a>, <a href=\"https:\/\/culturesco.com\/index.php\/2019\/04\/09\/marilyn-manson-ou-lart-de-la-provocation\/\" target=\"_blank\" rel=\"noopener noreferrer\">Marylin Manson<\/a>, <a href=\"https:\/\/culturesco.com\/index.php\/2019\/05\/29\/the-cure-trilogy-de-l-extreme-en-3-albums-de-pure-cold-wave-seventeen-seconds-faith-pornography\/\" target=\"_blank\" rel=\"noopener noreferrer\">The Cure<\/a>, <a href=\"https:\/\/culturesco.com\/index.php\/2018\/12\/28\/de-lemmy-kilmister-a-motorhead-l-histoire-d-un-bombardier-du-rock\/\" target=\"_blank\" rel=\"noopener noreferrer\">Mot\u00f6rhead<\/a>, <a href=\"https:\/\/culturesco.com\/index.php\/2018\/12\/29\/rolling-stones-leurs-pochettes-de-disques-censurees\/\" target=\"_blank\" rel=\"noopener noreferrer\">les Stones<\/a>, <a href=\"https:\/\/culturesco.com\/index.php\/2019\/02\/13\/ac-dc-79-en-studio-et-en-concert\/\" target=\"_blank\" rel=\"noopener noreferrer\">AC\/DC<\/a>&#8230; tous ont \u00e9t\u00e9 fig\u00e9s par l\u2019\u0153il ac\u00e9r\u00e9 de Carole. Un amour de la photographie au service de la musique rock&#8230; ou l&rsquo;inverse.<\/p>\n<blockquote>\n<h3 style=\"text-align: justify;\"><em>\u00ab\u00a0Puissent ces fugaces observations du monde\u00a0apporter une petite lueur dans votre \u00e2me\u00a0\u00bb,\u00a0<\/em>\u00e9crit l&rsquo;artiste en accueil de\u00a0<a href=\"http:\/\/www.karoll.fr\/\">son site internet<\/a>.<\/h3>\n<\/blockquote>\n<h3 style=\"text-align: justify;\">Rock Fictions: un concept original.<\/h3>\n<p style=\"text-align: justify;\">Les photographes ont g\u00e9n\u00e9ralement l&rsquo;habitude de partager leurs travaux bien souvent chichement comment\u00e9s, ou plus g\u00e9n\u00e9ralement de servir d&rsquo;illustration au texte d&rsquo;\u00e9crivains ou de journalistes. Carole Epinette est une cr\u00e9ative. Son id\u00e9e de renverser le concept classique produit un ouvrage aussi riche qu&rsquo;atypique. Le concept est g\u00e9nial. La photographie illustr\u00e9e par la litt\u00e9rature, elle qui si souvent est \u00e0 l\u2019inverse!<\/p>\n<h3>Des auteurs s&rsquo;inspirent des photos de Carole<\/h3>\n<p style=\"text-align: justify;\">Des \u00e9crivains, des po\u00e8tes et des journalistes ont donc choisi une photographie inspirante \u00e0 leur yeux, pour y laisser divaguer les affres de l&rsquo;imagination.\u00a021 auteurs au total, dont <a href=\"https:\/\/fr.wikipedia.org\/wiki\/Am%C3%A9lie_Nothomb\" target=\"_blank\" rel=\"noopener noreferrer\">Am\u00e9lie Nothomb<\/a>, Erwan Larher, Gilles Marchand, Bernard Minier, ou encore Thomas VDB et J\u00e9r\u00f4me Attal, se sont pr\u00eat\u00e9s au jeu. Le livre de Carole Epinette s&rsquo;intitule Rock fictions. Vous y d\u00e9couvrirez les histoires imagin\u00e9es \u00e0 partir de moments authentiques fig\u00e9s sur la pellicule par Carole.<\/p>\n<p style=\"text-align: justify;\">Nouvelles sombres, ou r\u00e9cits lumineux, divagations imaginaires, et parfois m\u00eame d\u00e9claration d\u2019amour \u00e0 un groupe. C\u2019est notamment le cas pour <strong>Jean Luc Bizien<\/strong> qui nous conte divinement <strong>Mot\u00f6rhead<\/strong> en Live :<\/p>\n<blockquote>\n<h4 style=\"text-align: justify;\"><em>\u00abL\u2019univers se divise en deux cat\u00e9gories, ceux qui ont vu Mot\u00f6rhead en Live\u2026 et ceux qui n\u2019ont pas eu la chance. Pour ces derniers, un rappel succinct. Aller \u00e0 un concert de Mot\u00f6rhead, ce n\u2019\u00e9tait pas assister \u00e0 un concert de Rock. C\u2019\u00e9tait vivre une exp\u00e9rience METAPHYSIQUE.\u00bb<\/em><\/h4>\n<\/blockquote>\n<p><a href=\"https:\/\/amzn.to\/2MEj4p0\" target=\"_blank\" rel=\"noopener noreferrer\">Carole Epinette \u2013 Rock Fictions \u2013 Editions Cherche Midi<\/a><\/p>\n<p style=\"text-align: center;\"><iframe style=\"width: 120px; height: 240px;\" src=\"\/\/ws-eu.amazon-adsystem.com\/widgets\/q?ServiceVersion=20070822&amp;OneJS=1&amp;Operation=GetAdHtml&amp;MarketPlace=FR&amp;source=ss&amp;ref=as_ss_li_til&amp;ad_type=product_link&amp;tracking_id=auguste00-21&amp;language=fr_FR&amp;marketplace=amazon&amp;region=FR&amp;placement=2749159024&amp;asins=2749159024&amp;linkId=ab0ee98b8b82c016090217e60891795b&amp;show_border=true&amp;link_opens_in_new_window=true\" frameborder=\"0\" marginwidth=\"0\" marginheight=\"0\" scrolling=\"no\"><\/iframe><\/p>\n<p>Auguste Marshal<\/p>\n<blockquote class=\"wp-embedded-content\" data-secret=\"OSDyNMzhRH\"><p><a href=\"https:\/\/culturesco.com\/index.php\/2019\/01\/11\/ramon-pipin-nouvel-album-2019-qu-est-ce-que-cest-beau\/\">Ramon Pipin &#8211; Qu&rsquo;est-ce que c&rsquo;est beau<\/a><\/p><\/blockquote>\n<p><iframe loading=\"lazy\" class=\"wp-embedded-content\" sandbox=\"allow-scripts\" security=\"restricted\" style=\"position: absolute; visibility: hidden;\" title=\"\u00ab\u00a0Ramon Pipin &#8211; Qu&rsquo;est-ce que c&rsquo;est beau\u00a0\u00bb &#8212; Culturesco\" src=\"https:\/\/culturesco.com\/index.php\/2019\/01\/11\/ramon-pipin-nouvel-album-2019-qu-est-ce-que-cest-beau\/embed\/#?secret=sYDsct7I4E#?secret=OSDyNMzhRH\" data-secret=\"OSDyNMzhRH\" width=\"600\" height=\"338\" frameborder=\"0\" marginwidth=\"0\" marginheight=\"0\" scrolling=\"no\"><\/iframe><\/p>\n","protected":false},"excerpt":{"rendered":"<p>Rock Fictions \u2013\u00a0 De la photographie \u00e0 la litt\u00e9rature Carole Epinette et les l\u00e9gendes du Rock Rock Fictions le nouveau livre de Carole Epinette est une aventure \u00e0 partager. Amateurs de Rock, admirateurs de nos artistes de l\u00e9gendes, vous n&rsquo;\u00eates certainement pas pass\u00e9s ces derni\u00e8res ann\u00e9es \u00e0 c\u00f4t\u00e9 des nombreuses photos de Carole Epinette. Depuis [&hellip;]<\/p>\n","protected":false},"author":1,"featured_media":2620,"comment_status":"closed","ping_status":"closed","sticky":false,"template":"","format":"image","meta":{"jetpack_post_was_ever_published":false,"tdm_status":"","tdm_grid_status":"","_jetpack_newsletter_access":"","_jetpack_dont_email_post_to_subs":false,"_jetpack_newsletter_tier_id":0,"_jetpack_memberships_contains_paywalled_content":false,"_jetpack_memberships_contains_paid_content":false,"footnotes":""},"categories":[17,66],"tags":[20],"class_list":{"0":"post-2435","1":"post","2":"type-post","3":"status-publish","4":"format-image","5":"has-post-thumbnail","7":"category-carotte-rock-cultures","8":"category-livre-rock","9":"tag-livre-rock","10":"post_format-post-format-image"},"yoast_head":"<!-- This site is optimized with the Yoast SEO plugin v27.5 - https:\/\/yoast.com\/product\/yoast-seo-wordpress\/ -->\n<title>Rock Fictions - Carole Epinette photographe des l\u00e9gendes Rock - Culturesco<\/title>\n<meta name=\"description\" content=\"CulturesCo | Rock Fictions : livre de Carole Epinette, photographe Rock depuis 20 ans (Mot\u00f6rhead, Cure, Iggy Pop). Illustr\u00e9 par des \u00e9crivains\" \/>\n<meta name=\"robots\" content=\"index, follow, max-snippet:-1, max-image-preview:large, max-video-preview:-1\" \/>\n<link rel=\"canonical\" href=\"https:\/\/culturesco.com\/index.php\/2019\/01\/24\/rock-fictions-carole-epinette-photographe-des-legendes-rock\/\" \/>\n<meta property=\"og:locale\" content=\"fr_FR\" \/>\n<meta property=\"og:type\" content=\"article\" \/>\n<meta property=\"og:title\" content=\"Rock Fictions - Carole Epinette photographe des l\u00e9gendes Rock - Culturesco\" \/>\n<meta property=\"og:description\" content=\"CulturesCo | Rock Fictions : livre de Carole Epinette, photographe Rock depuis 20 ans (Mot\u00f6rhead, Cure, Iggy Pop). Illustr\u00e9 par des \u00e9crivains\" \/>\n<meta property=\"og:url\" content=\"https:\/\/culturesco.com\/index.php\/2019\/01\/24\/rock-fictions-carole-epinette-photographe-des-legendes-rock\/\" \/>\n<meta property=\"og:site_name\" content=\"Culturesco\" \/>\n<meta property=\"article:publisher\" content=\"https:\/\/www.facebook.com\/radioculturesco\" \/>\n<meta property=\"article:author\" content=\"https:\/\/www.facebook.com\/radioculturesco\" \/>\n<meta property=\"article:published_time\" content=\"2019-01-24T16:07:02+00:00\" \/>\n<meta property=\"article:modified_time\" content=\"2022-09-08T15:19:58+00:00\" \/>\n<meta property=\"og:image\" content=\"https:\/\/culturesco.com\/wp-content\/uploads\/2019\/01\/rock-fictions-e1560243725272.jpg\" \/>\n\t<meta property=\"og:image:width\" content=\"600\" \/>\n\t<meta property=\"og:image:height\" content=\"314\" \/>\n\t<meta property=\"og:image:type\" content=\"image\/jpeg\" \/>\n<meta name=\"author\" content=\"Auguste Marshal\" \/>\n<meta name=\"twitter:card\" content=\"summary_large_image\" \/>\n<meta name=\"twitter:creator\" content=\"@https:\/\/twitter.com\/AugusteMarshal\" \/>\n<meta name=\"twitter:site\" content=\"@AugusteMarshal\" \/>\n<meta name=\"twitter:label1\" content=\"\u00c9crit par\" \/>\n\t<meta name=\"twitter:data1\" content=\"Auguste Marshal\" \/>\n\t<meta name=\"twitter:label2\" content=\"Dur\u00e9e de lecture estim\u00e9e\" \/>\n\t<meta name=\"twitter:data2\" content=\"3 minutes\" \/>\n<script type=\"application\/ld+json\" class=\"yoast-schema-graph\">{\"@context\":\"https:\\\/\\\/schema.org\",\"@graph\":[{\"@type\":\"Article\",\"@id\":\"https:\\\/\\\/culturesco.com\\\/index.php\\\/2019\\\/01\\\/24\\\/rock-fictions-carole-epinette-photographe-des-legendes-rock\\\/#article\",\"isPartOf\":{\"@id\":\"https:\\\/\\\/culturesco.com\\\/index.php\\\/2019\\\/01\\\/24\\\/rock-fictions-carole-epinette-photographe-des-legendes-rock\\\/\"},\"author\":{\"name\":\"Auguste Marshal\",\"@id\":\"https:\\\/\\\/culturesco.com\\\/#\\\/schema\\\/person\\\/9a265b03a60b0fa349532a231f7d1d0e\"},\"headline\":\"Rock Fictions &#8211; Carole Epinette photographe des l\u00e9gendes Rock\",\"datePublished\":\"2019-01-24T16:07:02+00:00\",\"dateModified\":\"2022-09-08T15:19:58+00:00\",\"mainEntityOfPage\":{\"@id\":\"https:\\\/\\\/culturesco.com\\\/index.php\\\/2019\\\/01\\\/24\\\/rock-fictions-carole-epinette-photographe-des-legendes-rock\\\/\"},\"wordCount\":427,\"publisher\":{\"@id\":\"https:\\\/\\\/culturesco.com\\\/#organization\"},\"image\":{\"@id\":\"https:\\\/\\\/culturesco.com\\\/index.php\\\/2019\\\/01\\\/24\\\/rock-fictions-carole-epinette-photographe-des-legendes-rock\\\/#primaryimage\"},\"thumbnailUrl\":\"https:\\\/\\\/i0.wp.com\\\/culturesco.com\\\/wp-content\\\/uploads\\\/2019\\\/01\\\/rock-fictions-e1560243725272.jpg?fit=600%2C314&ssl=1\",\"keywords\":[\"Livre Rock\"],\"articleSection\":[\"Carotte Rock Cultures\",\"Livre Rock\"],\"inLanguage\":\"fr-FR\"},{\"@type\":\"WebPage\",\"@id\":\"https:\\\/\\\/culturesco.com\\\/index.php\\\/2019\\\/01\\\/24\\\/rock-fictions-carole-epinette-photographe-des-legendes-rock\\\/\",\"url\":\"https:\\\/\\\/culturesco.com\\\/index.php\\\/2019\\\/01\\\/24\\\/rock-fictions-carole-epinette-photographe-des-legendes-rock\\\/\",\"name\":\"Rock Fictions - Carole Epinette photographe des l\u00e9gendes Rock - Culturesco\",\"isPartOf\":{\"@id\":\"https:\\\/\\\/culturesco.com\\\/#website\"},\"primaryImageOfPage\":{\"@id\":\"https:\\\/\\\/culturesco.com\\\/index.php\\\/2019\\\/01\\\/24\\\/rock-fictions-carole-epinette-photographe-des-legendes-rock\\\/#primaryimage\"},\"image\":{\"@id\":\"https:\\\/\\\/culturesco.com\\\/index.php\\\/2019\\\/01\\\/24\\\/rock-fictions-carole-epinette-photographe-des-legendes-rock\\\/#primaryimage\"},\"thumbnailUrl\":\"https:\\\/\\\/i0.wp.com\\\/culturesco.com\\\/wp-content\\\/uploads\\\/2019\\\/01\\\/rock-fictions-e1560243725272.jpg?fit=600%2C314&ssl=1\",\"datePublished\":\"2019-01-24T16:07:02+00:00\",\"dateModified\":\"2022-09-08T15:19:58+00:00\",\"description\":\"CulturesCo | Rock Fictions : livre de Carole Epinette, photographe Rock depuis 20 ans (Mot\u00f6rhead, Cure, Iggy Pop). Illustr\u00e9 par des \u00e9crivains\",\"breadcrumb\":{\"@id\":\"https:\\\/\\\/culturesco.com\\\/index.php\\\/2019\\\/01\\\/24\\\/rock-fictions-carole-epinette-photographe-des-legendes-rock\\\/#breadcrumb\"},\"inLanguage\":\"fr-FR\",\"potentialAction\":[{\"@type\":\"ReadAction\",\"target\":[\"https:\\\/\\\/culturesco.com\\\/index.php\\\/2019\\\/01\\\/24\\\/rock-fictions-carole-epinette-photographe-des-legendes-rock\\\/\"]}]},{\"@type\":\"ImageObject\",\"inLanguage\":\"fr-FR\",\"@id\":\"https:\\\/\\\/culturesco.com\\\/index.php\\\/2019\\\/01\\\/24\\\/rock-fictions-carole-epinette-photographe-des-legendes-rock\\\/#primaryimage\",\"url\":\"https:\\\/\\\/i0.wp.com\\\/culturesco.com\\\/wp-content\\\/uploads\\\/2019\\\/01\\\/rock-fictions-e1560243725272.jpg?fit=600%2C314&ssl=1\",\"contentUrl\":\"https:\\\/\\\/i0.wp.com\\\/culturesco.com\\\/wp-content\\\/uploads\\\/2019\\\/01\\\/rock-fictions-e1560243725272.jpg?fit=600%2C314&ssl=1\",\"width\":600,\"height\":314,\"caption\":\"Rock Fictions - Carole Epinette\"},{\"@type\":\"BreadcrumbList\",\"@id\":\"https:\\\/\\\/culturesco.com\\\/index.php\\\/2019\\\/01\\\/24\\\/rock-fictions-carole-epinette-photographe-des-legendes-rock\\\/#breadcrumb\",\"itemListElement\":[{\"@type\":\"ListItem\",\"position\":1,\"name\":\"Accueil\",\"item\":\"https:\\\/\\\/culturesco.com\\\/\"},{\"@type\":\"ListItem\",\"position\":2,\"name\":\"Rock Fictions &#8211; Carole Epinette photographe des l\u00e9gendes Rock\"}]},{\"@type\":\"WebSite\",\"@id\":\"https:\\\/\\\/culturesco.com\\\/#website\",\"url\":\"https:\\\/\\\/culturesco.com\\\/\",\"name\":\"Culturesco\",\"description\":\"Culturesco | Un bon coup de pied dans ta Culture\",\"publisher\":{\"@id\":\"https:\\\/\\\/culturesco.com\\\/#organization\"},\"potentialAction\":[{\"@type\":\"SearchAction\",\"target\":{\"@type\":\"EntryPoint\",\"urlTemplate\":\"https:\\\/\\\/culturesco.com\\\/?s={search_term_string}\"},\"query-input\":{\"@type\":\"PropertyValueSpecification\",\"valueRequired\":true,\"valueName\":\"search_term_string\"}}],\"inLanguage\":\"fr-FR\"},{\"@type\":\"Organization\",\"@id\":\"https:\\\/\\\/culturesco.com\\\/#organization\",\"name\":\"CULTURESCO\",\"url\":\"https:\\\/\\\/culturesco.com\\\/\",\"logo\":{\"@type\":\"ImageObject\",\"inLanguage\":\"fr-FR\",\"@id\":\"https:\\\/\\\/culturesco.com\\\/#\\\/schema\\\/logo\\\/image\\\/\",\"url\":\"https:\\\/\\\/i0.wp.com\\\/culturesco.com\\\/wp-content\\\/uploads\\\/2022\\\/04\\\/culturesco-logo-blanc250p.png?fit=250%2C250&ssl=1\",\"contentUrl\":\"https:\\\/\\\/i0.wp.com\\\/culturesco.com\\\/wp-content\\\/uploads\\\/2022\\\/04\\\/culturesco-logo-blanc250p.png?fit=250%2C250&ssl=1\",\"width\":250,\"height\":250,\"caption\":\"CULTURESCO\"},\"image\":{\"@id\":\"https:\\\/\\\/culturesco.com\\\/#\\\/schema\\\/logo\\\/image\\\/\"},\"sameAs\":[\"https:\\\/\\\/www.facebook.com\\\/radioculturesco\",\"https:\\\/\\\/x.com\\\/AugusteMarshal\",\"https:\\\/\\\/www.instagram.com\\\/carotte_rock_culture\\\/\",\"https:\\\/\\\/www.pinterest.fr\\\/augustemarshal\\\/\",\"https:\\\/\\\/www.youtube.com\\\/channel\\\/UCiWLGffqWSXlNnfzp6YwwyQ\"]},{\"@type\":\"Person\",\"@id\":\"https:\\\/\\\/culturesco.com\\\/#\\\/schema\\\/person\\\/9a265b03a60b0fa349532a231f7d1d0e\",\"name\":\"Auguste Marshal\",\"image\":{\"@type\":\"ImageObject\",\"inLanguage\":\"fr-FR\",\"@id\":\"https:\\\/\\\/i0.wp.com\\\/culturesco.com\\\/wp-content\\\/uploads\\\/2019\\\/03\\\/auguste.jpg?fit=96%2C74&ssl=1\",\"url\":\"https:\\\/\\\/i0.wp.com\\\/culturesco.com\\\/wp-content\\\/uploads\\\/2019\\\/03\\\/auguste.jpg?fit=96%2C74&ssl=1\",\"contentUrl\":\"https:\\\/\\\/i0.wp.com\\\/culturesco.com\\\/wp-content\\\/uploads\\\/2019\\\/03\\\/auguste.jpg?fit=96%2C74&ssl=1\",\"caption\":\"Auguste Marshal\"},\"description\":\"Animateur Radio - Producteur animateur de l'\u00e9mission Culturesco sur Pop Culture Radio - Community Manager - Cr\u00e9ateur du blog Culturesco.com et pr\u00e9c\u00e9demment du Blog Rock Auguste Marshal - Administrateur des pages Facebook et Instagram Carotte Rock Cultures et Radio CulturesCo - Administrateur de groupes Facebook\",\"sameAs\":[\"https:\\\/\\\/culturesco.com\",\"https:\\\/\\\/www.facebook.com\\\/radioculturesco\",\"https:\\\/\\\/www.instagram.com\\\/carotte_rock_culture\\\/\",\"https:\\\/\\\/www.linkedin.com\\\/in\\\/auguste-marshal-7125b1151\\\/\",\"https:\\\/\\\/x.com\\\/https:\\\/\\\/twitter.com\\\/AugusteMarshal\",\"https:\\\/\\\/www.youtube.com\\\/channel\\\/UCiWLGffqWSXlNnfzp6YwwyQ\"],\"url\":\"https:\\\/\\\/culturesco.com\\\/index.php\\\/author\\\/admin8255\\\/\"}]}<\/script>\n<!-- \/ Yoast SEO plugin. -->","yoast_head_json":{"title":"Rock Fictions - Carole Epinette photographe des l\u00e9gendes Rock - Culturesco","description":"CulturesCo | Rock Fictions : livre de Carole Epinette, photographe Rock depuis 20 ans (Mot\u00f6rhead, Cure, Iggy Pop). Illustr\u00e9 par des \u00e9crivains","robots":{"index":"index","follow":"follow","max-snippet":"max-snippet:-1","max-image-preview":"max-image-preview:large","max-video-preview":"max-video-preview:-1"},"canonical":"https:\/\/culturesco.com\/index.php\/2019\/01\/24\/rock-fictions-carole-epinette-photographe-des-legendes-rock\/","og_locale":"fr_FR","og_type":"article","og_title":"Rock Fictions - Carole Epinette photographe des l\u00e9gendes Rock - Culturesco","og_description":"CulturesCo | Rock Fictions : livre de Carole Epinette, photographe Rock depuis 20 ans (Mot\u00f6rhead, Cure, Iggy Pop). Illustr\u00e9 par des \u00e9crivains","og_url":"https:\/\/culturesco.com\/index.php\/2019\/01\/24\/rock-fictions-carole-epinette-photographe-des-legendes-rock\/","og_site_name":"Culturesco","article_publisher":"https:\/\/www.facebook.com\/radioculturesco","article_author":"https:\/\/www.facebook.com\/radioculturesco","article_published_time":"2019-01-24T16:07:02+00:00","article_modified_time":"2022-09-08T15:19:58+00:00","og_image":[{"width":600,"height":314,"url":"https:\/\/culturesco.com\/wp-content\/uploads\/2019\/01\/rock-fictions-e1560243725272.jpg","type":"image\/jpeg"}],"author":"Auguste Marshal","twitter_card":"summary_large_image","twitter_creator":"@https:\/\/twitter.com\/AugusteMarshal","twitter_site":"@AugusteMarshal","twitter_misc":{"\u00c9crit par":"Auguste Marshal","Dur\u00e9e de lecture estim\u00e9e":"3 minutes"},"schema":{"@context":"https:\/\/schema.org","@graph":[{"@type":"Article","@id":"https:\/\/culturesco.com\/index.php\/2019\/01\/24\/rock-fictions-carole-epinette-photographe-des-legendes-rock\/#article","isPartOf":{"@id":"https:\/\/culturesco.com\/index.php\/2019\/01\/24\/rock-fictions-carole-epinette-photographe-des-legendes-rock\/"},"author":{"name":"Auguste Marshal","@id":"https:\/\/culturesco.com\/#\/schema\/person\/9a265b03a60b0fa349532a231f7d1d0e"},"headline":"Rock Fictions &#8211; Carole Epinette photographe des l\u00e9gendes Rock","datePublished":"2019-01-24T16:07:02+00:00","dateModified":"2022-09-08T15:19:58+00:00","mainEntityOfPage":{"@id":"https:\/\/culturesco.com\/index.php\/2019\/01\/24\/rock-fictions-carole-epinette-photographe-des-legendes-rock\/"},"wordCount":427,"publisher":{"@id":"https:\/\/culturesco.com\/#organization"},"image":{"@id":"https:\/\/culturesco.com\/index.php\/2019\/01\/24\/rock-fictions-carole-epinette-photographe-des-legendes-rock\/#primaryimage"},"thumbnailUrl":"https:\/\/i0.wp.com\/culturesco.com\/wp-content\/uploads\/2019\/01\/rock-fictions-e1560243725272.jpg?fit=600%2C314&ssl=1","keywords":["Livre Rock"],"articleSection":["Carotte Rock Cultures","Livre Rock"],"inLanguage":"fr-FR"},{"@type":"WebPage","@id":"https:\/\/culturesco.com\/index.php\/2019\/01\/24\/rock-fictions-carole-epinette-photographe-des-legendes-rock\/","url":"https:\/\/culturesco.com\/index.php\/2019\/01\/24\/rock-fictions-carole-epinette-photographe-des-legendes-rock\/","name":"Rock Fictions - Carole Epinette photographe des l\u00e9gendes Rock - Culturesco","isPartOf":{"@id":"https:\/\/culturesco.com\/#website"},"primaryImageOfPage":{"@id":"https:\/\/culturesco.com\/index.php\/2019\/01\/24\/rock-fictions-carole-epinette-photographe-des-legendes-rock\/#primaryimage"},"image":{"@id":"https:\/\/culturesco.com\/index.php\/2019\/01\/24\/rock-fictions-carole-epinette-photographe-des-legendes-rock\/#primaryimage"},"thumbnailUrl":"https:\/\/i0.wp.com\/culturesco.com\/wp-content\/uploads\/2019\/01\/rock-fictions-e1560243725272.jpg?fit=600%2C314&ssl=1","datePublished":"2019-01-24T16:07:02+00:00","dateModified":"2022-09-08T15:19:58+00:00","description":"CulturesCo | Rock Fictions : livre de Carole Epinette, photographe Rock depuis 20 ans (Mot\u00f6rhead, Cure, Iggy Pop). Illustr\u00e9 par des \u00e9crivains","breadcrumb":{"@id":"https:\/\/culturesco.com\/index.php\/2019\/01\/24\/rock-fictions-carole-epinette-photographe-des-legendes-rock\/#breadcrumb"},"inLanguage":"fr-FR","potentialAction":[{"@type":"ReadAction","target":["https:\/\/culturesco.com\/index.php\/2019\/01\/24\/rock-fictions-carole-epinette-photographe-des-legendes-rock\/"]}]},{"@type":"ImageObject","inLanguage":"fr-FR","@id":"https:\/\/culturesco.com\/index.php\/2019\/01\/24\/rock-fictions-carole-epinette-photographe-des-legendes-rock\/#primaryimage","url":"https:\/\/i0.wp.com\/culturesco.com\/wp-content\/uploads\/2019\/01\/rock-fictions-e1560243725272.jpg?fit=600%2C314&ssl=1","contentUrl":"https:\/\/i0.wp.com\/culturesco.com\/wp-content\/uploads\/2019\/01\/rock-fictions-e1560243725272.jpg?fit=600%2C314&ssl=1","width":600,"height":314,"caption":"Rock Fictions - Carole Epinette"},{"@type":"BreadcrumbList","@id":"https:\/\/culturesco.com\/index.php\/2019\/01\/24\/rock-fictions-carole-epinette-photographe-des-legendes-rock\/#breadcrumb","itemListElement":[{"@type":"ListItem","position":1,"name":"Accueil","item":"https:\/\/culturesco.com\/"},{"@type":"ListItem","position":2,"name":"Rock Fictions &#8211; Carole Epinette photographe des l\u00e9gendes Rock"}]},{"@type":"WebSite","@id":"https:\/\/culturesco.com\/#website","url":"https:\/\/culturesco.com\/","name":"Culturesco","description":"Culturesco | Un bon coup de pied dans ta Culture","publisher":{"@id":"https:\/\/culturesco.com\/#organization"},"potentialAction":[{"@type":"SearchAction","target":{"@type":"EntryPoint","urlTemplate":"https:\/\/culturesco.com\/?s={search_term_string}"},"query-input":{"@type":"PropertyValueSpecification","valueRequired":true,"valueName":"search_term_string"}}],"inLanguage":"fr-FR"},{"@type":"Organization","@id":"https:\/\/culturesco.com\/#organization","name":"CULTURESCO","url":"https:\/\/culturesco.com\/","logo":{"@type":"ImageObject","inLanguage":"fr-FR","@id":"https:\/\/culturesco.com\/#\/schema\/logo\/image\/","url":"https:\/\/i0.wp.com\/culturesco.com\/wp-content\/uploads\/2022\/04\/culturesco-logo-blanc250p.png?fit=250%2C250&ssl=1","contentUrl":"https:\/\/i0.wp.com\/culturesco.com\/wp-content\/uploads\/2022\/04\/culturesco-logo-blanc250p.png?fit=250%2C250&ssl=1","width":250,"height":250,"caption":"CULTURESCO"},"image":{"@id":"https:\/\/culturesco.com\/#\/schema\/logo\/image\/"},"sameAs":["https:\/\/www.facebook.com\/radioculturesco","https:\/\/x.com\/AugusteMarshal","https:\/\/www.instagram.com\/carotte_rock_culture\/","https:\/\/www.pinterest.fr\/augustemarshal\/","https:\/\/www.youtube.com\/channel\/UCiWLGffqWSXlNnfzp6YwwyQ"]},{"@type":"Person","@id":"https:\/\/culturesco.com\/#\/schema\/person\/9a265b03a60b0fa349532a231f7d1d0e","name":"Auguste Marshal","image":{"@type":"ImageObject","inLanguage":"fr-FR","@id":"https:\/\/i0.wp.com\/culturesco.com\/wp-content\/uploads\/2019\/03\/auguste.jpg?fit=96%2C74&ssl=1","url":"https:\/\/i0.wp.com\/culturesco.com\/wp-content\/uploads\/2019\/03\/auguste.jpg?fit=96%2C74&ssl=1","contentUrl":"https:\/\/i0.wp.com\/culturesco.com\/wp-content\/uploads\/2019\/03\/auguste.jpg?fit=96%2C74&ssl=1","caption":"Auguste Marshal"},"description":"Animateur Radio - Producteur animateur de l'\u00e9mission Culturesco sur Pop Culture Radio - Community Manager - Cr\u00e9ateur du blog Culturesco.com et pr\u00e9c\u00e9demment du Blog Rock Auguste Marshal - Administrateur des pages Facebook et Instagram Carotte Rock Cultures et Radio CulturesCo - Administrateur de groupes Facebook","sameAs":["https:\/\/culturesco.com","https:\/\/www.facebook.com\/radioculturesco","https:\/\/www.instagram.com\/carotte_rock_culture\/","https:\/\/www.linkedin.com\/in\/auguste-marshal-7125b1151\/","https:\/\/x.com\/https:\/\/twitter.com\/AugusteMarshal","https:\/\/www.youtube.com\/channel\/UCiWLGffqWSXlNnfzp6YwwyQ"],"url":"https:\/\/culturesco.com\/index.php\/author\/admin8255\/"}]}},"jetpack_featured_media_url":"https:\/\/i0.wp.com\/culturesco.com\/wp-content\/uploads\/2019\/01\/rock-fictions-e1560243725272.jpg?fit=600%2C314&ssl=1","jetpack_likes_enabled":true,"jetpack_sharing_enabled":true,"jetpack_shortlink":"https:\/\/wp.me\/paz89I-Dh","_links":{"self":[{"href":"https:\/\/culturesco.com\/index.php\/wp-json\/wp\/v2\/posts\/2435","targetHints":{"allow":["GET"]}}],"collection":[{"href":"https:\/\/culturesco.com\/index.php\/wp-json\/wp\/v2\/posts"}],"about":[{"href":"https:\/\/culturesco.com\/index.php\/wp-json\/wp\/v2\/types\/post"}],"author":[{"embeddable":true,"href":"https:\/\/culturesco.com\/index.php\/wp-json\/wp\/v2\/users\/1"}],"replies":[{"embeddable":true,"href":"https:\/\/culturesco.com\/index.php\/wp-json\/wp\/v2\/comments?post=2435"}],"version-history":[{"count":0,"href":"https:\/\/culturesco.com\/index.php\/wp-json\/wp\/v2\/posts\/2435\/revisions"}],"wp:featuredmedia":[{"embeddable":true,"href":"https:\/\/culturesco.com\/index.php\/wp-json\/wp\/v2\/media\/2620"}],"wp:attachment":[{"href":"https:\/\/culturesco.com\/index.php\/wp-json\/wp\/v2\/media?parent=2435"}],"wp:term":[{"taxonomy":"category","embeddable":true,"href":"https:\/\/culturesco.com\/index.php\/wp-json\/wp\/v2\/categories?post=2435"},{"taxonomy":"post_tag","embeddable":true,"href":"https:\/\/culturesco.com\/index.php\/wp-json\/wp\/v2\/tags?post=2435"}],"curies":[{"name":"wp","href":"https:\/\/api.w.org\/{rel}","templated":true}]}}