{"id":242,"date":"2018-08-11T17:52:08","date_gmt":"2018-08-11T15:52:08","guid":{"rendered":"http:\/\/culturesco.com\/?p=242"},"modified":"2018-10-18T17:35:25","modified_gmt":"2018-10-18T15:35:25","slug":"interferences-bande-dessinee-histoire-mouvementee-des-radios-libres","status":"publish","type":"post","link":"https:\/\/culturesco.com\/index.php\/2018\/08\/11\/interferences-bande-dessinee-histoire-mouvementee-des-radios-libres\/","title":{"rendered":"Interf\u00e9rences &#8211; Bande Dessin\u00e9e &#8211; Histoire mouvement\u00e9e des Radios libres"},"content":{"rendered":"<h2>\u00ab\u00a0Interf\u00e9rences\u00a0\u00bb &#8211; Bande Dessin\u00e9e &#8211; Jeanne Puchol et Laurent Galandon &#8211;<\/h2>\n<h2>L&rsquo;histoire mouvement\u00e9e des Radios libres<\/h2>\n<figure id=\"attachment_244\" aria-describedby=\"caption-attachment-244\" style=\"width: 553px\" class=\"wp-caption aligncenter\"><img data-recalc-dims=\"1\" loading=\"lazy\" decoding=\"async\" class=\" wp-image-244\" src=\"https:\/\/i0.wp.com\/culturesco.com\/wp-content\/uploads\/2018\/08\/interferences-300x157.jpg?resize=553%2C289\" alt=\"interference-bande-dessinee\" width=\"553\" height=\"289\" srcset=\"https:\/\/i0.wp.com\/culturesco.com\/wp-content\/uploads\/2018\/08\/interferences.jpg?resize=300%2C157&amp;ssl=1 300w, https:\/\/i0.wp.com\/culturesco.com\/wp-content\/uploads\/2018\/08\/interferences.jpg?w=600&amp;ssl=1 600w, https:\/\/i0.wp.com\/culturesco.com\/wp-content\/uploads\/2018\/08\/interferences.jpg?resize=768%2C401&amp;ssl=1 768w, https:\/\/i0.wp.com\/culturesco.com\/wp-content\/uploads\/2018\/08\/interferences.jpg?resize=1024%2C535&amp;ssl=1 1024w, https:\/\/i0.wp.com\/culturesco.com\/wp-content\/uploads\/2018\/08\/interferences.jpg?resize=696%2C364&amp;ssl=1 696w, https:\/\/i0.wp.com\/culturesco.com\/wp-content\/uploads\/2018\/08\/interferences.jpg?resize=1068%2C558&amp;ssl=1 1068w, https:\/\/i0.wp.com\/culturesco.com\/wp-content\/uploads\/2018\/08\/interferences.jpg?resize=804%2C420&amp;ssl=1 804w\" sizes=\"auto, (max-width: 553px) 100vw, 553px\" \/><figcaption id=\"caption-attachment-244\" class=\"wp-caption-text\">\u00ab\u00a0Interf\u00e9rences\u00a0\u00bb &#8211; Bande Dessin\u00e9e &#8211; Jeanne Puchol et Laurent Galandon<\/figcaption><\/figure>\n<h3>Quand la radio bulle<\/h3>\n<div style=\"text-align: justify;\">Avant 1981, la radio \u00e9tait un monopole d\u2019Etat en France. Dans l\u2019hexagone, on ne pouvait capter que les cha\u00eenes de service public et les radios dites \u00abp\u00e9riph\u00e9riques\u00bb \u00e9mettant de pays proches: <b>Radio Luxembourg <\/b>(<b>RTL<\/b>) , <b>Europe n\u00b01<\/b> (<b>Europe 1<\/b>) et <b>Radio Monte Carlo<\/b> (<b>RMC<\/b>).<br \/>\nBravant le monopole, un peu partout sur le territoire, fleurissaient, depuis les ann\u00e9es 1970, des radios libres, locales, n\u2019ayant ni autorisation d\u2019\u00e9mettre, ni fr\u00e9quence attitr\u00e9e. Appel\u00e9es aussi \u00abpirates\u00bb, certaines ayant \u00e9mis de bateaux stationnant dans les eaux internationales. Ce fut le cas de la fameuse et tr\u00e8s rock <b>Radio Caroline<\/b>, \u00e9mettant d\u2019un rafiot en Mer du Nord, capt\u00e9e notamment du Nord Pas-de-Calais aux c\u00f4tes normandes et \u00e9voqu\u00e9 avec beaucoup d\u2019humour dans le film <b>Good morning England<\/b><\/div>\n<div style=\"text-align: justify;\"><a href=\"http:\/\/www.allocine.fr\/video\/player_gen_cmedia=18874442&amp;cfilm=134316.html%C2%A0\" target=\"_blank\" rel=\"noopener\">Allocine &#8211; Good Morning England<\/a><\/div>\n<h3>Comment d\u00e9fier la censure?<\/h3>\n<div style=\"text-align: justify;\"><b>Interf\u00e9rences<\/b>, BD sign\u00e9e <b>Jeanne Puchol<\/b> au dessin et <b>Laurent Galandon <\/b>au sc\u00e9nario nous conte en un flash-back, \u00e0 travers la fictive <b>Radio Nomade<\/b>, l\u2019histoire mouvement\u00e9e de <b>Pablo<\/b> et <b>Alban<\/b> qui vont d\u00e9fier la censure pour faire vivre leur modeste radio libre parisienne. Bien qu\u2019issus de milieux tr\u00e8s diff\u00e9rents, les deux jeunes gens vont se d\u00e9couvrir une passion commune pour la radio, moyen d\u2019\u00e9chapper \u00e0 leur quotidien. Rencontrant un ex animateur de radio pirate britannique, ils bricolent un \u00e9metteur de fortune qu\u2019ils embarquent dans un combi Volkswagen. <b>Alban <\/b>est le plus politis\u00e9, <b>Pablo<\/b> ne r\u00eave que de musique et d\u2019\u00e9vasion\u2026 Tous deux se lancent dans une aventure dont les cons\u00e9quences les d\u00e9passent un peu et qui pourrait bien mettre \u00e0 mal leur amiti\u00e9\u2026<\/div>\n<div><\/div>\n<h4 style=\"text-align: center;\">Interf\u00e9rences o\u00f9 l&rsquo;histoire des radios libres<\/h4>\n<div><img data-recalc-dims=\"1\" loading=\"lazy\" decoding=\"async\" class=\"aligncenter size-medium wp-image-247\" src=\"https:\/\/i0.wp.com\/culturesco.com\/wp-content\/uploads\/2018\/08\/interferences-mini.jpg?resize=300%2C300&#038;ssl=1\" alt=\"interf\u00e9rence bd bande dessin\u00e9e radios libres\" width=\"300\" height=\"300\" srcset=\"https:\/\/i0.wp.com\/culturesco.com\/wp-content\/uploads\/2018\/08\/interferences-mini.jpg?resize=300%2C300&amp;ssl=1 300w, https:\/\/i0.wp.com\/culturesco.com\/wp-content\/uploads\/2018\/08\/interferences-mini.jpg?resize=100%2C100&amp;ssl=1 100w, https:\/\/i0.wp.com\/culturesco.com\/wp-content\/uploads\/2018\/08\/interferences-mini.jpg?resize=150%2C150&amp;ssl=1 150w, https:\/\/i0.wp.com\/culturesco.com\/wp-content\/uploads\/2018\/08\/interferences-mini.jpg?resize=420%2C420&amp;ssl=1 420w, https:\/\/i0.wp.com\/culturesco.com\/wp-content\/uploads\/2018\/08\/interferences-mini.jpg?w=600&amp;ssl=1 600w\" sizes=\"auto, (max-width: 300px) 100vw, 300px\" \/><\/div>\n<div style=\"text-align: justify;\"><\/div>\n<div style=\"text-align: justify;\">Au-del\u00e0 de l\u2019histoire, la pr\u00e9cision du dessin restitue l\u2019ambiance, tandis que le r\u00e9cit, bien document\u00e9, rappelle la partie de cache-cache avec la police, les <i>camions gonio<\/i>\u00a0charg\u00e9s de rep\u00e9rer et brouiller les fr\u00e9quences qu\u2019ont connu toutes les radios libres. La r\u00e9pression disproportionn\u00e9e s\u2019abattant sur ces jeunes gens, dignes h\u00e9ritiers de l\u2019esprit de libert\u00e9 de mai 68 et suspectant tout ce qui portait jeans et cheveux longs en \u00e9coutant des musiques jug\u00e9es subversives ne s\u2019arr\u00eatera, pour les radios libres, qu\u2019en 1981 avec la lib\u00e9ration des ondes, bouleversant totalement le paysage audio fran\u00e7ais.<\/div>\n<p>&nbsp;<\/p>\n<div style=\"text-align: justify;\">\n<p><b><b>\u00ab Interf\u00e9rences \u00bb. Editions Dargaud.<\/b><\/b><\/p>\n<\/div>\n<div style=\"text-align: justify;\"><\/div>\n<div style=\"text-align: right;\"><b>Dee Brooks<\/b><\/div>\n","protected":false},"excerpt":{"rendered":"<p>\u00ab\u00a0Interf\u00e9rences\u00a0\u00bb &#8211; Bande Dessin\u00e9e &#8211; Jeanne Puchol et Laurent Galandon &#8211; L&rsquo;histoire mouvement\u00e9e des Radios libres Quand la radio bulle Avant 1981, la radio \u00e9tait un monopole d\u2019Etat en France. Dans l\u2019hexagone, on ne pouvait capter que les cha\u00eenes de service public et les radios dites \u00abp\u00e9riph\u00e9riques\u00bb \u00e9mettant de pays proches: Radio Luxembourg (RTL) , [&hellip;]<\/p>\n","protected":false},"author":1,"featured_media":247,"comment_status":"open","ping_status":"open","sticky":false,"template":"","format":"standard","meta":{"jetpack_post_was_ever_published":false,"tdm_status":"","tdm_grid_status":"","_jetpack_newsletter_access":"","_jetpack_dont_email_post_to_subs":false,"_jetpack_newsletter_tier_id":0,"_jetpack_memberships_contains_paywalled_content":false,"_jetpack_memberships_contains_paid_content":false,"footnotes":""},"categories":[21],"tags":[41],"class_list":{"0":"post-242","1":"post","2":"type-post","3":"status-publish","4":"format-standard","5":"has-post-thumbnail","7":"category-bande-dessinee","8":"tag-bande-dessinee"},"yoast_head":"<!-- This site is optimized with the Yoast SEO plugin v27.5 - https:\/\/yoast.com\/product\/yoast-seo-wordpress\/ -->\n<title>Interf\u00e9rences - Bande Dessin\u00e9e - Histoire mouvement\u00e9e des Radios libres - Culturesco<\/title>\n<meta name=\"description\" content=\"CulturesCo | Un bon coup de pied dans ta Culture | Chroniques et histoire du Rock, chanson fran\u00e7aise, litt\u00e9rature, cin\u00e9ma et bande dessin\u00e9e.\" \/>\n<meta name=\"robots\" content=\"index, follow, max-snippet:-1, max-image-preview:large, max-video-preview:-1\" \/>\n<link rel=\"canonical\" href=\"https:\/\/culturesco.com\/index.php\/2018\/08\/11\/interferences-bande-dessinee-histoire-mouvementee-des-radios-libres\/\" \/>\n<meta property=\"og:locale\" content=\"fr_FR\" \/>\n<meta property=\"og:type\" content=\"article\" \/>\n<meta property=\"og:title\" content=\"Interf\u00e9rences - Bande Dessin\u00e9e - Histoire mouvement\u00e9e des Radios libres - Culturesco\" \/>\n<meta property=\"og:description\" content=\"CulturesCo | Un bon coup de pied dans ta Culture | Chroniques et histoire du Rock, chanson fran\u00e7aise, litt\u00e9rature, cin\u00e9ma et bande dessin\u00e9e.\" \/>\n<meta property=\"og:url\" content=\"https:\/\/culturesco.com\/index.php\/2018\/08\/11\/interferences-bande-dessinee-histoire-mouvementee-des-radios-libres\/\" \/>\n<meta property=\"og:site_name\" content=\"Culturesco\" \/>\n<meta property=\"article:publisher\" content=\"https:\/\/www.facebook.com\/radioculturesco\" \/>\n<meta property=\"article:author\" content=\"https:\/\/www.facebook.com\/radioculturesco\" \/>\n<meta property=\"article:published_time\" content=\"2018-08-11T15:52:08+00:00\" \/>\n<meta property=\"article:modified_time\" content=\"2018-10-18T15:35:25+00:00\" \/>\n<meta property=\"og:image\" content=\"https:\/\/i0.wp.com\/culturesco.com\/wp-content\/uploads\/2018\/08\/interferences-mini.jpg?fit=600%2C600&ssl=1\" \/>\n\t<meta property=\"og:image:width\" content=\"600\" \/>\n\t<meta property=\"og:image:height\" content=\"600\" \/>\n\t<meta property=\"og:image:type\" content=\"image\/jpeg\" \/>\n<meta name=\"author\" content=\"Auguste Marshal\" \/>\n<meta name=\"twitter:card\" content=\"summary_large_image\" \/>\n<meta name=\"twitter:creator\" content=\"@https:\/\/twitter.com\/AugusteMarshal\" \/>\n<meta name=\"twitter:site\" content=\"@AugusteMarshal\" \/>\n<meta name=\"twitter:label1\" content=\"\u00c9crit par\" \/>\n\t<meta name=\"twitter:data1\" content=\"Auguste Marshal\" \/>\n\t<meta name=\"twitter:label2\" content=\"Dur\u00e9e de lecture estim\u00e9e\" \/>\n\t<meta name=\"twitter:data2\" content=\"2 minutes\" \/>\n<script type=\"application\/ld+json\" class=\"yoast-schema-graph\">{\"@context\":\"https:\\\/\\\/schema.org\",\"@graph\":[{\"@type\":\"Article\",\"@id\":\"https:\\\/\\\/culturesco.com\\\/index.php\\\/2018\\\/08\\\/11\\\/interferences-bande-dessinee-histoire-mouvementee-des-radios-libres\\\/#article\",\"isPartOf\":{\"@id\":\"https:\\\/\\\/culturesco.com\\\/index.php\\\/2018\\\/08\\\/11\\\/interferences-bande-dessinee-histoire-mouvementee-des-radios-libres\\\/\"},\"author\":{\"name\":\"Auguste Marshal\",\"@id\":\"https:\\\/\\\/culturesco.com\\\/#\\\/schema\\\/person\\\/9a265b03a60b0fa349532a231f7d1d0e\"},\"headline\":\"Interf\u00e9rences &#8211; Bande Dessin\u00e9e &#8211; Histoire mouvement\u00e9e des Radios libres\",\"datePublished\":\"2018-08-11T15:52:08+00:00\",\"dateModified\":\"2018-10-18T15:35:25+00:00\",\"mainEntityOfPage\":{\"@id\":\"https:\\\/\\\/culturesco.com\\\/index.php\\\/2018\\\/08\\\/11\\\/interferences-bande-dessinee-histoire-mouvementee-des-radios-libres\\\/\"},\"wordCount\":456,\"commentCount\":2,\"publisher\":{\"@id\":\"https:\\\/\\\/culturesco.com\\\/#organization\"},\"image\":{\"@id\":\"https:\\\/\\\/culturesco.com\\\/index.php\\\/2018\\\/08\\\/11\\\/interferences-bande-dessinee-histoire-mouvementee-des-radios-libres\\\/#primaryimage\"},\"thumbnailUrl\":\"https:\\\/\\\/i0.wp.com\\\/culturesco.com\\\/wp-content\\\/uploads\\\/2018\\\/08\\\/interferences-mini.jpg?fit=600%2C600&ssl=1\",\"keywords\":[\"bande dessin\u00e9e\"],\"articleSection\":[\"Bande dessin\u00e9e\"],\"inLanguage\":\"fr-FR\",\"potentialAction\":[{\"@type\":\"CommentAction\",\"name\":\"Comment\",\"target\":[\"https:\\\/\\\/culturesco.com\\\/index.php\\\/2018\\\/08\\\/11\\\/interferences-bande-dessinee-histoire-mouvementee-des-radios-libres\\\/#respond\"]}]},{\"@type\":\"WebPage\",\"@id\":\"https:\\\/\\\/culturesco.com\\\/index.php\\\/2018\\\/08\\\/11\\\/interferences-bande-dessinee-histoire-mouvementee-des-radios-libres\\\/\",\"url\":\"https:\\\/\\\/culturesco.com\\\/index.php\\\/2018\\\/08\\\/11\\\/interferences-bande-dessinee-histoire-mouvementee-des-radios-libres\\\/\",\"name\":\"Interf\u00e9rences - Bande Dessin\u00e9e - Histoire mouvement\u00e9e des Radios libres - Culturesco\",\"isPartOf\":{\"@id\":\"https:\\\/\\\/culturesco.com\\\/#website\"},\"primaryImageOfPage\":{\"@id\":\"https:\\\/\\\/culturesco.com\\\/index.php\\\/2018\\\/08\\\/11\\\/interferences-bande-dessinee-histoire-mouvementee-des-radios-libres\\\/#primaryimage\"},\"image\":{\"@id\":\"https:\\\/\\\/culturesco.com\\\/index.php\\\/2018\\\/08\\\/11\\\/interferences-bande-dessinee-histoire-mouvementee-des-radios-libres\\\/#primaryimage\"},\"thumbnailUrl\":\"https:\\\/\\\/i0.wp.com\\\/culturesco.com\\\/wp-content\\\/uploads\\\/2018\\\/08\\\/interferences-mini.jpg?fit=600%2C600&ssl=1\",\"datePublished\":\"2018-08-11T15:52:08+00:00\",\"dateModified\":\"2018-10-18T15:35:25+00:00\",\"description\":\"CulturesCo | Un bon coup de pied dans ta Culture | Chroniques et histoire du Rock, chanson fran\u00e7aise, litt\u00e9rature, cin\u00e9ma et bande dessin\u00e9e.\",\"breadcrumb\":{\"@id\":\"https:\\\/\\\/culturesco.com\\\/index.php\\\/2018\\\/08\\\/11\\\/interferences-bande-dessinee-histoire-mouvementee-des-radios-libres\\\/#breadcrumb\"},\"inLanguage\":\"fr-FR\",\"potentialAction\":[{\"@type\":\"ReadAction\",\"target\":[\"https:\\\/\\\/culturesco.com\\\/index.php\\\/2018\\\/08\\\/11\\\/interferences-bande-dessinee-histoire-mouvementee-des-radios-libres\\\/\"]}]},{\"@type\":\"ImageObject\",\"inLanguage\":\"fr-FR\",\"@id\":\"https:\\\/\\\/culturesco.com\\\/index.php\\\/2018\\\/08\\\/11\\\/interferences-bande-dessinee-histoire-mouvementee-des-radios-libres\\\/#primaryimage\",\"url\":\"https:\\\/\\\/i0.wp.com\\\/culturesco.com\\\/wp-content\\\/uploads\\\/2018\\\/08\\\/interferences-mini.jpg?fit=600%2C600&ssl=1\",\"contentUrl\":\"https:\\\/\\\/i0.wp.com\\\/culturesco.com\\\/wp-content\\\/uploads\\\/2018\\\/08\\\/interferences-mini.jpg?fit=600%2C600&ssl=1\",\"width\":600,\"height\":600,\"caption\":\"interf\u00e9rence bd bande dessin\u00e9e radios libres\"},{\"@type\":\"BreadcrumbList\",\"@id\":\"https:\\\/\\\/culturesco.com\\\/index.php\\\/2018\\\/08\\\/11\\\/interferences-bande-dessinee-histoire-mouvementee-des-radios-libres\\\/#breadcrumb\",\"itemListElement\":[{\"@type\":\"ListItem\",\"position\":1,\"name\":\"Accueil\",\"item\":\"https:\\\/\\\/culturesco.com\\\/\"},{\"@type\":\"ListItem\",\"position\":2,\"name\":\"Interf\u00e9rences &#8211; Bande Dessin\u00e9e &#8211; Histoire mouvement\u00e9e des Radios libres\"}]},{\"@type\":\"WebSite\",\"@id\":\"https:\\\/\\\/culturesco.com\\\/#website\",\"url\":\"https:\\\/\\\/culturesco.com\\\/\",\"name\":\"Culturesco\",\"description\":\"Culturesco | Un bon coup de pied dans ta Culture\",\"publisher\":{\"@id\":\"https:\\\/\\\/culturesco.com\\\/#organization\"},\"potentialAction\":[{\"@type\":\"SearchAction\",\"target\":{\"@type\":\"EntryPoint\",\"urlTemplate\":\"https:\\\/\\\/culturesco.com\\\/?s={search_term_string}\"},\"query-input\":{\"@type\":\"PropertyValueSpecification\",\"valueRequired\":true,\"valueName\":\"search_term_string\"}}],\"inLanguage\":\"fr-FR\"},{\"@type\":\"Organization\",\"@id\":\"https:\\\/\\\/culturesco.com\\\/#organization\",\"name\":\"CULTURESCO\",\"url\":\"https:\\\/\\\/culturesco.com\\\/\",\"logo\":{\"@type\":\"ImageObject\",\"inLanguage\":\"fr-FR\",\"@id\":\"https:\\\/\\\/culturesco.com\\\/#\\\/schema\\\/logo\\\/image\\\/\",\"url\":\"https:\\\/\\\/i0.wp.com\\\/culturesco.com\\\/wp-content\\\/uploads\\\/2022\\\/04\\\/culturesco-logo-blanc250p.png?fit=250%2C250&ssl=1\",\"contentUrl\":\"https:\\\/\\\/i0.wp.com\\\/culturesco.com\\\/wp-content\\\/uploads\\\/2022\\\/04\\\/culturesco-logo-blanc250p.png?fit=250%2C250&ssl=1\",\"width\":250,\"height\":250,\"caption\":\"CULTURESCO\"},\"image\":{\"@id\":\"https:\\\/\\\/culturesco.com\\\/#\\\/schema\\\/logo\\\/image\\\/\"},\"sameAs\":[\"https:\\\/\\\/www.facebook.com\\\/radioculturesco\",\"https:\\\/\\\/x.com\\\/AugusteMarshal\",\"https:\\\/\\\/www.instagram.com\\\/carotte_rock_culture\\\/\",\"https:\\\/\\\/www.pinterest.fr\\\/augustemarshal\\\/\",\"https:\\\/\\\/www.youtube.com\\\/channel\\\/UCiWLGffqWSXlNnfzp6YwwyQ\"]},{\"@type\":\"Person\",\"@id\":\"https:\\\/\\\/culturesco.com\\\/#\\\/schema\\\/person\\\/9a265b03a60b0fa349532a231f7d1d0e\",\"name\":\"Auguste Marshal\",\"image\":{\"@type\":\"ImageObject\",\"inLanguage\":\"fr-FR\",\"@id\":\"https:\\\/\\\/i0.wp.com\\\/culturesco.com\\\/wp-content\\\/uploads\\\/2019\\\/03\\\/auguste.jpg?fit=96%2C74&ssl=1\",\"url\":\"https:\\\/\\\/i0.wp.com\\\/culturesco.com\\\/wp-content\\\/uploads\\\/2019\\\/03\\\/auguste.jpg?fit=96%2C74&ssl=1\",\"contentUrl\":\"https:\\\/\\\/i0.wp.com\\\/culturesco.com\\\/wp-content\\\/uploads\\\/2019\\\/03\\\/auguste.jpg?fit=96%2C74&ssl=1\",\"caption\":\"Auguste Marshal\"},\"description\":\"Animateur Radio - Producteur animateur de l'\u00e9mission Culturesco sur Pop Culture Radio - Community Manager - Cr\u00e9ateur du blog Culturesco.com et pr\u00e9c\u00e9demment du Blog Rock Auguste Marshal - Administrateur des pages Facebook et Instagram Carotte Rock Cultures et Radio CulturesCo - Administrateur de groupes Facebook\",\"sameAs\":[\"https:\\\/\\\/culturesco.com\",\"https:\\\/\\\/www.facebook.com\\\/radioculturesco\",\"https:\\\/\\\/www.instagram.com\\\/carotte_rock_culture\\\/\",\"https:\\\/\\\/www.linkedin.com\\\/in\\\/auguste-marshal-7125b1151\\\/\",\"https:\\\/\\\/x.com\\\/https:\\\/\\\/twitter.com\\\/AugusteMarshal\",\"https:\\\/\\\/www.youtube.com\\\/channel\\\/UCiWLGffqWSXlNnfzp6YwwyQ\"],\"url\":\"https:\\\/\\\/culturesco.com\\\/index.php\\\/author\\\/admin8255\\\/\"}]}<\/script>\n<!-- \/ Yoast SEO plugin. -->","yoast_head_json":{"title":"Interf\u00e9rences - Bande Dessin\u00e9e - Histoire mouvement\u00e9e des Radios libres - Culturesco","description":"CulturesCo | Un bon coup de pied dans ta Culture | Chroniques et histoire du Rock, chanson fran\u00e7aise, litt\u00e9rature, cin\u00e9ma et bande dessin\u00e9e.","robots":{"index":"index","follow":"follow","max-snippet":"max-snippet:-1","max-image-preview":"max-image-preview:large","max-video-preview":"max-video-preview:-1"},"canonical":"https:\/\/culturesco.com\/index.php\/2018\/08\/11\/interferences-bande-dessinee-histoire-mouvementee-des-radios-libres\/","og_locale":"fr_FR","og_type":"article","og_title":"Interf\u00e9rences - Bande Dessin\u00e9e - Histoire mouvement\u00e9e des Radios libres - Culturesco","og_description":"CulturesCo | Un bon coup de pied dans ta Culture | Chroniques et histoire du Rock, chanson fran\u00e7aise, litt\u00e9rature, cin\u00e9ma et bande dessin\u00e9e.","og_url":"https:\/\/culturesco.com\/index.php\/2018\/08\/11\/interferences-bande-dessinee-histoire-mouvementee-des-radios-libres\/","og_site_name":"Culturesco","article_publisher":"https:\/\/www.facebook.com\/radioculturesco","article_author":"https:\/\/www.facebook.com\/radioculturesco","article_published_time":"2018-08-11T15:52:08+00:00","article_modified_time":"2018-10-18T15:35:25+00:00","og_image":[{"width":600,"height":600,"url":"https:\/\/i0.wp.com\/culturesco.com\/wp-content\/uploads\/2018\/08\/interferences-mini.jpg?fit=600%2C600&ssl=1","type":"image\/jpeg"}],"author":"Auguste Marshal","twitter_card":"summary_large_image","twitter_creator":"@https:\/\/twitter.com\/AugusteMarshal","twitter_site":"@AugusteMarshal","twitter_misc":{"\u00c9crit par":"Auguste Marshal","Dur\u00e9e de lecture estim\u00e9e":"2 minutes"},"schema":{"@context":"https:\/\/schema.org","@graph":[{"@type":"Article","@id":"https:\/\/culturesco.com\/index.php\/2018\/08\/11\/interferences-bande-dessinee-histoire-mouvementee-des-radios-libres\/#article","isPartOf":{"@id":"https:\/\/culturesco.com\/index.php\/2018\/08\/11\/interferences-bande-dessinee-histoire-mouvementee-des-radios-libres\/"},"author":{"name":"Auguste Marshal","@id":"https:\/\/culturesco.com\/#\/schema\/person\/9a265b03a60b0fa349532a231f7d1d0e"},"headline":"Interf\u00e9rences &#8211; Bande Dessin\u00e9e &#8211; Histoire mouvement\u00e9e des Radios libres","datePublished":"2018-08-11T15:52:08+00:00","dateModified":"2018-10-18T15:35:25+00:00","mainEntityOfPage":{"@id":"https:\/\/culturesco.com\/index.php\/2018\/08\/11\/interferences-bande-dessinee-histoire-mouvementee-des-radios-libres\/"},"wordCount":456,"commentCount":2,"publisher":{"@id":"https:\/\/culturesco.com\/#organization"},"image":{"@id":"https:\/\/culturesco.com\/index.php\/2018\/08\/11\/interferences-bande-dessinee-histoire-mouvementee-des-radios-libres\/#primaryimage"},"thumbnailUrl":"https:\/\/i0.wp.com\/culturesco.com\/wp-content\/uploads\/2018\/08\/interferences-mini.jpg?fit=600%2C600&ssl=1","keywords":["bande dessin\u00e9e"],"articleSection":["Bande dessin\u00e9e"],"inLanguage":"fr-FR","potentialAction":[{"@type":"CommentAction","name":"Comment","target":["https:\/\/culturesco.com\/index.php\/2018\/08\/11\/interferences-bande-dessinee-histoire-mouvementee-des-radios-libres\/#respond"]}]},{"@type":"WebPage","@id":"https:\/\/culturesco.com\/index.php\/2018\/08\/11\/interferences-bande-dessinee-histoire-mouvementee-des-radios-libres\/","url":"https:\/\/culturesco.com\/index.php\/2018\/08\/11\/interferences-bande-dessinee-histoire-mouvementee-des-radios-libres\/","name":"Interf\u00e9rences - Bande Dessin\u00e9e - Histoire mouvement\u00e9e des Radios libres - Culturesco","isPartOf":{"@id":"https:\/\/culturesco.com\/#website"},"primaryImageOfPage":{"@id":"https:\/\/culturesco.com\/index.php\/2018\/08\/11\/interferences-bande-dessinee-histoire-mouvementee-des-radios-libres\/#primaryimage"},"image":{"@id":"https:\/\/culturesco.com\/index.php\/2018\/08\/11\/interferences-bande-dessinee-histoire-mouvementee-des-radios-libres\/#primaryimage"},"thumbnailUrl":"https:\/\/i0.wp.com\/culturesco.com\/wp-content\/uploads\/2018\/08\/interferences-mini.jpg?fit=600%2C600&ssl=1","datePublished":"2018-08-11T15:52:08+00:00","dateModified":"2018-10-18T15:35:25+00:00","description":"CulturesCo | Un bon coup de pied dans ta Culture | Chroniques et histoire du Rock, chanson fran\u00e7aise, litt\u00e9rature, cin\u00e9ma et bande dessin\u00e9e.","breadcrumb":{"@id":"https:\/\/culturesco.com\/index.php\/2018\/08\/11\/interferences-bande-dessinee-histoire-mouvementee-des-radios-libres\/#breadcrumb"},"inLanguage":"fr-FR","potentialAction":[{"@type":"ReadAction","target":["https:\/\/culturesco.com\/index.php\/2018\/08\/11\/interferences-bande-dessinee-histoire-mouvementee-des-radios-libres\/"]}]},{"@type":"ImageObject","inLanguage":"fr-FR","@id":"https:\/\/culturesco.com\/index.php\/2018\/08\/11\/interferences-bande-dessinee-histoire-mouvementee-des-radios-libres\/#primaryimage","url":"https:\/\/i0.wp.com\/culturesco.com\/wp-content\/uploads\/2018\/08\/interferences-mini.jpg?fit=600%2C600&ssl=1","contentUrl":"https:\/\/i0.wp.com\/culturesco.com\/wp-content\/uploads\/2018\/08\/interferences-mini.jpg?fit=600%2C600&ssl=1","width":600,"height":600,"caption":"interf\u00e9rence bd bande dessin\u00e9e radios libres"},{"@type":"BreadcrumbList","@id":"https:\/\/culturesco.com\/index.php\/2018\/08\/11\/interferences-bande-dessinee-histoire-mouvementee-des-radios-libres\/#breadcrumb","itemListElement":[{"@type":"ListItem","position":1,"name":"Accueil","item":"https:\/\/culturesco.com\/"},{"@type":"ListItem","position":2,"name":"Interf\u00e9rences &#8211; Bande Dessin\u00e9e &#8211; Histoire mouvement\u00e9e des Radios libres"}]},{"@type":"WebSite","@id":"https:\/\/culturesco.com\/#website","url":"https:\/\/culturesco.com\/","name":"Culturesco","description":"Culturesco | Un bon coup de pied dans ta Culture","publisher":{"@id":"https:\/\/culturesco.com\/#organization"},"potentialAction":[{"@type":"SearchAction","target":{"@type":"EntryPoint","urlTemplate":"https:\/\/culturesco.com\/?s={search_term_string}"},"query-input":{"@type":"PropertyValueSpecification","valueRequired":true,"valueName":"search_term_string"}}],"inLanguage":"fr-FR"},{"@type":"Organization","@id":"https:\/\/culturesco.com\/#organization","name":"CULTURESCO","url":"https:\/\/culturesco.com\/","logo":{"@type":"ImageObject","inLanguage":"fr-FR","@id":"https:\/\/culturesco.com\/#\/schema\/logo\/image\/","url":"https:\/\/i0.wp.com\/culturesco.com\/wp-content\/uploads\/2022\/04\/culturesco-logo-blanc250p.png?fit=250%2C250&ssl=1","contentUrl":"https:\/\/i0.wp.com\/culturesco.com\/wp-content\/uploads\/2022\/04\/culturesco-logo-blanc250p.png?fit=250%2C250&ssl=1","width":250,"height":250,"caption":"CULTURESCO"},"image":{"@id":"https:\/\/culturesco.com\/#\/schema\/logo\/image\/"},"sameAs":["https:\/\/www.facebook.com\/radioculturesco","https:\/\/x.com\/AugusteMarshal","https:\/\/www.instagram.com\/carotte_rock_culture\/","https:\/\/www.pinterest.fr\/augustemarshal\/","https:\/\/www.youtube.com\/channel\/UCiWLGffqWSXlNnfzp6YwwyQ"]},{"@type":"Person","@id":"https:\/\/culturesco.com\/#\/schema\/person\/9a265b03a60b0fa349532a231f7d1d0e","name":"Auguste Marshal","image":{"@type":"ImageObject","inLanguage":"fr-FR","@id":"https:\/\/i0.wp.com\/culturesco.com\/wp-content\/uploads\/2019\/03\/auguste.jpg?fit=96%2C74&ssl=1","url":"https:\/\/i0.wp.com\/culturesco.com\/wp-content\/uploads\/2019\/03\/auguste.jpg?fit=96%2C74&ssl=1","contentUrl":"https:\/\/i0.wp.com\/culturesco.com\/wp-content\/uploads\/2019\/03\/auguste.jpg?fit=96%2C74&ssl=1","caption":"Auguste Marshal"},"description":"Animateur Radio - Producteur animateur de l'\u00e9mission Culturesco sur Pop Culture Radio - Community Manager - Cr\u00e9ateur du blog Culturesco.com et pr\u00e9c\u00e9demment du Blog Rock Auguste Marshal - Administrateur des pages Facebook et Instagram Carotte Rock Cultures et Radio CulturesCo - Administrateur de groupes Facebook","sameAs":["https:\/\/culturesco.com","https:\/\/www.facebook.com\/radioculturesco","https:\/\/www.instagram.com\/carotte_rock_culture\/","https:\/\/www.linkedin.com\/in\/auguste-marshal-7125b1151\/","https:\/\/x.com\/https:\/\/twitter.com\/AugusteMarshal","https:\/\/www.youtube.com\/channel\/UCiWLGffqWSXlNnfzp6YwwyQ"],"url":"https:\/\/culturesco.com\/index.php\/author\/admin8255\/"}]}},"jetpack_featured_media_url":"https:\/\/i0.wp.com\/culturesco.com\/wp-content\/uploads\/2018\/08\/interferences-mini.jpg?fit=600%2C600&ssl=1","jetpack_likes_enabled":true,"jetpack_sharing_enabled":true,"jetpack_shortlink":"https:\/\/wp.me\/paz89I-3U","_links":{"self":[{"href":"https:\/\/culturesco.com\/index.php\/wp-json\/wp\/v2\/posts\/242","targetHints":{"allow":["GET"]}}],"collection":[{"href":"https:\/\/culturesco.com\/index.php\/wp-json\/wp\/v2\/posts"}],"about":[{"href":"https:\/\/culturesco.com\/index.php\/wp-json\/wp\/v2\/types\/post"}],"author":[{"embeddable":true,"href":"https:\/\/culturesco.com\/index.php\/wp-json\/wp\/v2\/users\/1"}],"replies":[{"embeddable":true,"href":"https:\/\/culturesco.com\/index.php\/wp-json\/wp\/v2\/comments?post=242"}],"version-history":[{"count":0,"href":"https:\/\/culturesco.com\/index.php\/wp-json\/wp\/v2\/posts\/242\/revisions"}],"wp:featuredmedia":[{"embeddable":true,"href":"https:\/\/culturesco.com\/index.php\/wp-json\/wp\/v2\/media\/247"}],"wp:attachment":[{"href":"https:\/\/culturesco.com\/index.php\/wp-json\/wp\/v2\/media?parent=242"}],"wp:term":[{"taxonomy":"category","embeddable":true,"href":"https:\/\/culturesco.com\/index.php\/wp-json\/wp\/v2\/categories?post=242"},{"taxonomy":"post_tag","embeddable":true,"href":"https:\/\/culturesco.com\/index.php\/wp-json\/wp\/v2\/tags?post=242"}],"curies":[{"name":"wp","href":"https:\/\/api.w.org\/{rel}","templated":true}]}}