{"id":2341,"date":"2019-01-13T23:27:16","date_gmt":"2019-01-13T22:27:16","guid":{"rendered":"https:\/\/culturesco.com\/?p=2341"},"modified":"2019-09-24T14:45:43","modified_gmt":"2019-09-24T12:45:43","slug":"dave-grohl-de-l-heritage-de-kurt-cobain-et-de-nirvana-aux-foo-fighters","status":"publish","type":"post","link":"https:\/\/culturesco.com\/index.php\/2019\/01\/13\/dave-grohl-de-l-heritage-de-kurt-cobain-et-de-nirvana-aux-foo-fighters\/","title":{"rendered":"Dave Grohl &#8211; De l&rsquo;h\u00e9ritage de Kurt Cobain aux Foo Fighters"},"content":{"rendered":"<h2>Dave Grohl &#8211; De Nirvana \u00e0 Foo Fighters<\/h2>\n<p>&nbsp;<\/p>\n<p style=\"text-align: justify;\"><strong>Dave Grohl<\/strong>\u00a0 \u00e9tait <a href=\"https:\/\/culturesco.com\/index.php\/2019\/04\/11\/palem-candillier-nirvana-in-utero\/\" target=\"_blank\" rel=\"noopener noreferrer\">le batteur<\/a> de Nirvana pour ceux d&rsquo;entre vous qui auraient manqu\u00e9 une \u00e9tape importante de l&rsquo;histoire du rock!\u00a0A la mort de <a href=\"https:\/\/culturesco.com\/index.php\/2019\/02\/08\/nirvana-en-concert-et-en-studio\/\" target=\"_blank\" rel=\"noopener noreferrer\"><strong>Kurt Cobain<\/strong><\/a>, \u00a0il conna\u00eet une p\u00e9riode d\u00e9licate, trouble et d\u00e9pressive. La musique ne donne plus sens \u00e0 sa vie. A tel point que <a href=\"https:\/\/culturesco.com\/index.php\/2019\/04\/11\/palem-candillier-nirvana-in-utero\/\" target=\"_blank\" rel=\"noopener noreferrer\">le simple fait d&rsquo;\u00eatre derri\u00e8re les f\u00fbts lui rem\u00e9more l&rsquo;exp\u00e9rience<\/a> Nirvana. Cependant cette p\u00e9riode est heureusement transitoire. Et Dave Grohl va alors se lancer dans un projet pour le moins original.<\/p>\n<blockquote>\n<h3 style=\"text-align: justify;\"><em>\u00ab\u00a0Quand Kurt est mort, j\u2019\u00e9tais perdu. J\u2019\u00e9tais l\u00e9thargique. La musique \u00e0 laquelle j\u2019avais vou\u00e9 ma vie m\u2019avait trahi. Je n\u2019avais pas de voix. J\u2019ai \u00e9teint la radio. J\u2019ai rang\u00e9 ma batterie. Je ne pouvais pas entendre la voix de quelqu\u2019un d\u2019autre chanter la douleur ou la joie\u00a0\u00bb. (Dave Grohl).<\/em><\/h3>\n<\/blockquote>\n<p><img data-recalc-dims=\"1\" loading=\"lazy\" decoding=\"async\" class=\"aligncenter wp-image-5418 size-medium\" src=\"https:\/\/i0.wp.com\/culturesco.com\/wp-content\/uploads\/2019\/01\/foo-fighters.jpg?resize=300%2C173&#038;ssl=1\" alt=\"dave grohl foo fighters\" width=\"300\" height=\"173\" srcset=\"https:\/\/i0.wp.com\/culturesco.com\/wp-content\/uploads\/2019\/01\/foo-fighters.jpg?resize=300%2C173&amp;ssl=1 300w, https:\/\/i0.wp.com\/culturesco.com\/wp-content\/uploads\/2019\/01\/foo-fighters.jpg?w=600&amp;ssl=1 600w\" sizes=\"auto, (max-width: 300px) 100vw, 300px\" \/><\/p>\n<h3>Multi-instrumentiste talentueux<\/h3>\n<p style=\"text-align: justify;\">Ce multi-instrumentiste talentueux entre en studio accompagn\u00e9 du producteur <strong>Barrett Jones<\/strong> avec lequel il r\u00e9alise une dizaine de titres. C&rsquo;est Dave Grohl Himself qui enregistrera batterie, guitare, basse et chant. Les sessions donneront naissance au premier album de son projet qu&rsquo;il nomme\u00a0<strong>Foo Fighters<\/strong>.<\/p>\n<p style=\"text-align: justify;\">C&rsquo;est un album qui conserve les stigmates de l&rsquo;\u00e9poque Nirvana, le son des guitares est encore grunge, un peu crade, et il est obtenu en branchant une Gibson LesPaul Custom dans une ProCo Rat reli\u00e9e \u00e0 un ampli Marshall JCM900&#8230; Sensation assur\u00e9e.<\/p>\n<h3>Foo Fighters : Everlong<\/h3>\n<p><iframe loading=\"lazy\" src=\"https:\/\/www.youtube.com\/embed\/eBG7P-K-r1Y\" width=\"560\" height=\"315\" frameborder=\"0\" allowfullscreen=\"allowfullscreen\"><\/iframe><\/p>\n<p style=\"text-align: justify;\">Les d\u00e9buts solos de Dave Grohl ne dureront que le temps de l&rsquo;enregistrement. Il forme rapidement un groupe pour la tourn\u00e9e. Celui-ci sera compos\u00e9 de\u00a0<strong>Nate Mendel<\/strong> \u00e0 la basse et <strong>William Goldsmith<\/strong> \u00e0 la batterie, et <strong>Pat Smear<\/strong> (The Germs) \u00e9galement ancien guitariste sur sc\u00e8ne de Nirvana.<\/p>\n<p style=\"text-align: justify;\">Depuis, <a href=\"https:\/\/foofighters.com\/\" target=\"_blank\" rel=\"noopener noreferrer\">le son<\/a>\u00a0<strong>Foo Fighters<\/strong> a nettement \u00e9volu\u00e9. Preuve d\u00e8s le second album <strong>The Colour and the Shape<\/strong> qui sort en 1997 avec pour second single <strong>Everlong.<\/strong>\u00a0<a href=\"https:\/\/culturesco.com\/index.php\/2018\/12\/28\/de-lemmy-kilmister-a-motorhead-l-histoire-d-un-bombardier-du-rock\/\" target=\"_blank\" rel=\"noopener noreferrer\">Un titre brillant et tout en puissance<\/a> que l&rsquo;on retrouvera en 2013 dans la Bo du film<strong> Le Loup de Wall Street<\/strong> de <strong>Martin Scorsese<\/strong>.<\/p>\n<p>Pour se rem\u00e9morer l&rsquo;exp\u00e9rience Foo Fighters, rien de tel que de se plonger dans cet <a href=\"https:\/\/amzn.to\/2VeoH18\" target=\"_blank\" rel=\"noopener noreferrer\">excellent Best Of<\/a><\/p>\n<p>Quelques citations de Dave Grohl :<\/p>\n<p><img data-recalc-dims=\"1\" loading=\"lazy\" decoding=\"async\" class=\"aligncenter wp-image-2342 size-full\" src=\"https:\/\/i0.wp.com\/culturesco.com\/wp-content\/uploads\/2019\/01\/Davegrohl-e1557090247915.jpg?resize=600%2C314&#038;ssl=1\" alt=\"dave grohl\" width=\"600\" height=\"314\" \/><\/p>\n<blockquote>\n<h4 style=\"text-align: justify;\"><em>\u00abC\u2019est VOTRE VOIX. Ch\u00e9rissez-la. Respectez-la. Nourrissez-la. Challengez-la. Etirez-la et hurlez jusqu\u2019\u00e0 ce qu\u2019elle s\u2019\u00e9teigne parce que qui sait combien de temps \u00e7a va durer\u00bb<\/em><\/h4>\n<h4 style=\"text-align: justify;\"><em>\u00abJ\u2019ai appris seul \u00e0 jouer de la guitare. J\u2019ai appris seul \u00e0 jouer de la batterie et je fais un peu semblant d\u2019en faire. Mais faire de la batterie est plus naturel pour moi et \u00e7a me va mieux\u00bb<\/em><\/h4>\n<h4 style=\"text-align: justify;\"><em>\u00abQuand vous \u00eates jeune, vous n\u2019avez pas peur de ce qui va arriver. \u00c7a vous excite\u00bb<\/em><\/h4>\n<h4 style=\"text-align: justify;\"><em>\u00abComment ne pas vouloir faire \u00e7a ? Je parle de rock\u2019n\u2019roll toute la journ\u00e9e, ensuite je vais jouer de la musique avec mes potes et me taper des barres en coulisses jusqu\u2019au moment o\u00f9 il est l\u2019heure de boire une bi\u00e8re et de faire chanter 80000 personnes avec moi. Ce n\u2019est pas du travail!\u00bb<\/em><\/h4>\n<h4 style=\"text-align: justify;\"><em>\u00ab\u00a0Quand Nirvana faisait de la musique, il n\u2019y avait pas beaucoup de conversation. Nous voulions que tout soit surr\u00e9aliste\u00a0\u00bb.<\/em><\/h4>\n<\/blockquote>\n<p>Auguste Marshal<\/p>\n<p style=\"text-align: center;\"><iframe style=\"width: 120px; height: 240px;\" src=\"\/\/ws-eu.amazon-adsystem.com\/widgets\/q?ServiceVersion=20070822&amp;OneJS=1&amp;Operation=GetAdHtml&amp;MarketPlace=FR&amp;source=ss&amp;ref=as_ss_li_til&amp;ad_type=product_link&amp;tracking_id=auguste00-21&amp;language=fr_FR&amp;marketplace=amazon&amp;region=FR&amp;placement=B002PL5GTC&amp;asins=B002PL5GTC&amp;linkId=b727931dca87384bb532dc3448fc130c&amp;show_border=true&amp;link_opens_in_new_window=true\" frameborder=\"0\" marginwidth=\"0\" marginheight=\"0\" scrolling=\"no\"><\/iframe><\/p>\n<p>A lire \u00e9galement :<\/p>\n<p><a href=\"https:\/\/culturesco.com\/index.php\/2019\/04\/11\/palem-candillier-nirvana-in-utero\/\" target=\"_blank\" rel=\"noopener noreferrer\">Nirvana \u2013 In Utero : Un livre de Palem Candillier<\/a><br \/>\n<a href=\"https:\/\/culturesco.com\/index.php\/2019\/02\/08\/nirvana-en-concert-et-en-studio\/\" target=\"_blank\" rel=\"noopener noreferrer\">Nirvana en concert et en studio : l&rsquo;enfer au paradis<\/a><\/p>\n<p>&nbsp;<\/p>\n","protected":false},"excerpt":{"rendered":"<p>A la mort de Kurt Cobain, Dave Grohl batteur de Nirvana conna\u00eet une p\u00e9riode trouble et d\u00e9pressive. La musique ne donne plus sens \u00e0 sa vie et le simple fait d&rsquo;\u00eatre derri\u00e8re les f\u00fbts lui rem\u00e9more l&rsquo;exp\u00e9rience Nirvana. Cependant cette p\u00e9riode est transitoire et Dave Grohl va alors se lancer dans un projet pour le moins original.<\/p>\n","protected":false},"author":1,"featured_media":5418,"comment_status":"closed","ping_status":"closed","sticky":false,"template":"","format":"standard","meta":{"jetpack_post_was_ever_published":false,"tdm_status":"","tdm_grid_status":"","_jetpack_newsletter_access":"","_jetpack_dont_email_post_to_subs":false,"_jetpack_newsletter_tier_id":0,"_jetpack_memberships_contains_paywalled_content":false,"_jetpack_memberships_contains_paid_content":false,"footnotes":""},"categories":[17,45,33],"tags":[39,58],"class_list":{"0":"post-2341","1":"post","2":"type-post","3":"status-publish","4":"format-standard","5":"has-post-thumbnail","7":"category-carotte-rock-cultures","8":"category-citation-rock","9":"category-histoire-du-rock","10":"tag-citation","11":"tag-histoire-du-rock"},"yoast_head":"<!-- This site is optimized with the Yoast SEO plugin v27.5 - https:\/\/yoast.com\/product\/yoast-seo-wordpress\/ -->\n<title>Dave Grohl - De l&#039;h\u00e9ritage de Kurt Cobain aux Foo Fighters - Culturesco<\/title>\n<meta name=\"description\" content=\"CulturesCo | Dave Grohl : batteur de NIRVANA, multi-instrumentiste et leader des FOO FIGHTERS : comment a-t-il g\u00e9r\u00e9 l&#039;h\u00e9ritage de KURT COBAIN\" \/>\n<meta name=\"robots\" content=\"index, follow, max-snippet:-1, max-image-preview:large, max-video-preview:-1\" \/>\n<link rel=\"canonical\" href=\"https:\/\/culturesco.com\/index.php\/2019\/01\/13\/dave-grohl-de-l-heritage-de-kurt-cobain-et-de-nirvana-aux-foo-fighters\/\" \/>\n<meta property=\"og:locale\" content=\"fr_FR\" \/>\n<meta property=\"og:type\" content=\"article\" \/>\n<meta property=\"og:title\" content=\"Quand Nirvana faisait de la musique, il n\u2019y avait pas beaucoup de conversation. Nous voulions que tout soit surr\u00e9aliste.\" \/>\n<meta property=\"og:description\" content=\"CulturesCo | Dave Grohl : batteur de NIRVANA, multi-instrumentiste et leader des FOO FIGHTERS : comment a-t-il g\u00e9r\u00e9 l&#039;h\u00e9ritage de KURT COBAIN\" \/>\n<meta property=\"og:url\" content=\"https:\/\/culturesco.com\/index.php\/2019\/01\/13\/dave-grohl-de-l-heritage-de-kurt-cobain-et-de-nirvana-aux-foo-fighters\/\" \/>\n<meta property=\"og:site_name\" content=\"Culturesco\" \/>\n<meta property=\"article:publisher\" content=\"https:\/\/www.facebook.com\/radioculturesco\" \/>\n<meta property=\"article:author\" content=\"https:\/\/www.facebook.com\/radioculturesco\" \/>\n<meta property=\"article:published_time\" content=\"2019-01-13T22:27:16+00:00\" \/>\n<meta property=\"article:modified_time\" content=\"2019-09-24T12:45:43+00:00\" \/>\n<meta property=\"og:image\" content=\"https:\/\/i2.wp.com\/culturesco.com\/wp-content\/uploads\/2019\/01\/dave-grohl.jpg?fit=600%2C314&ssl=1\" \/>\n\t<meta property=\"og:image:width\" content=\"600\" \/>\n\t<meta property=\"og:image:height\" content=\"314\" \/>\n\t<meta property=\"og:image:type\" content=\"image\/jpeg\" \/>\n<meta name=\"author\" content=\"Auguste Marshal\" \/>\n<meta name=\"twitter:card\" content=\"summary_large_image\" \/>\n<meta name=\"twitter:creator\" content=\"@https:\/\/twitter.com\/AugusteMarshal\" \/>\n<meta name=\"twitter:site\" content=\"@AugusteMarshal\" \/>\n<meta name=\"twitter:label1\" content=\"\u00c9crit par\" \/>\n\t<meta name=\"twitter:data1\" content=\"Auguste Marshal\" \/>\n\t<meta name=\"twitter:label2\" content=\"Dur\u00e9e de lecture estim\u00e9e\" \/>\n\t<meta name=\"twitter:data2\" content=\"3 minutes\" \/>\n<script type=\"application\/ld+json\" class=\"yoast-schema-graph\">{\"@context\":\"https:\\\/\\\/schema.org\",\"@graph\":[{\"@type\":\"Article\",\"@id\":\"https:\\\/\\\/culturesco.com\\\/index.php\\\/2019\\\/01\\\/13\\\/dave-grohl-de-l-heritage-de-kurt-cobain-et-de-nirvana-aux-foo-fighters\\\/#article\",\"isPartOf\":{\"@id\":\"https:\\\/\\\/culturesco.com\\\/index.php\\\/2019\\\/01\\\/13\\\/dave-grohl-de-l-heritage-de-kurt-cobain-et-de-nirvana-aux-foo-fighters\\\/\"},\"author\":{\"name\":\"Auguste Marshal\",\"@id\":\"https:\\\/\\\/culturesco.com\\\/#\\\/schema\\\/person\\\/9a265b03a60b0fa349532a231f7d1d0e\"},\"headline\":\"Dave Grohl &#8211; De l&rsquo;h\u00e9ritage de Kurt Cobain aux Foo Fighters\",\"datePublished\":\"2019-01-13T22:27:16+00:00\",\"dateModified\":\"2019-09-24T12:45:43+00:00\",\"mainEntityOfPage\":{\"@id\":\"https:\\\/\\\/culturesco.com\\\/index.php\\\/2019\\\/01\\\/13\\\/dave-grohl-de-l-heritage-de-kurt-cobain-et-de-nirvana-aux-foo-fighters\\\/\"},\"wordCount\":584,\"publisher\":{\"@id\":\"https:\\\/\\\/culturesco.com\\\/#organization\"},\"image\":{\"@id\":\"https:\\\/\\\/culturesco.com\\\/index.php\\\/2019\\\/01\\\/13\\\/dave-grohl-de-l-heritage-de-kurt-cobain-et-de-nirvana-aux-foo-fighters\\\/#primaryimage\"},\"thumbnailUrl\":\"https:\\\/\\\/i0.wp.com\\\/culturesco.com\\\/wp-content\\\/uploads\\\/2019\\\/01\\\/foo-fighters.jpg?fit=600%2C345&ssl=1\",\"keywords\":[\"citation\",\"histoire du rock\"],\"articleSection\":[\"Carotte Rock Cultures\",\"Citation rock\",\"Histoire du rock\"],\"inLanguage\":\"fr-FR\"},{\"@type\":\"WebPage\",\"@id\":\"https:\\\/\\\/culturesco.com\\\/index.php\\\/2019\\\/01\\\/13\\\/dave-grohl-de-l-heritage-de-kurt-cobain-et-de-nirvana-aux-foo-fighters\\\/\",\"url\":\"https:\\\/\\\/culturesco.com\\\/index.php\\\/2019\\\/01\\\/13\\\/dave-grohl-de-l-heritage-de-kurt-cobain-et-de-nirvana-aux-foo-fighters\\\/\",\"name\":\"Dave Grohl - De l'h\u00e9ritage de Kurt Cobain aux Foo Fighters - Culturesco\",\"isPartOf\":{\"@id\":\"https:\\\/\\\/culturesco.com\\\/#website\"},\"primaryImageOfPage\":{\"@id\":\"https:\\\/\\\/culturesco.com\\\/index.php\\\/2019\\\/01\\\/13\\\/dave-grohl-de-l-heritage-de-kurt-cobain-et-de-nirvana-aux-foo-fighters\\\/#primaryimage\"},\"image\":{\"@id\":\"https:\\\/\\\/culturesco.com\\\/index.php\\\/2019\\\/01\\\/13\\\/dave-grohl-de-l-heritage-de-kurt-cobain-et-de-nirvana-aux-foo-fighters\\\/#primaryimage\"},\"thumbnailUrl\":\"https:\\\/\\\/i0.wp.com\\\/culturesco.com\\\/wp-content\\\/uploads\\\/2019\\\/01\\\/foo-fighters.jpg?fit=600%2C345&ssl=1\",\"datePublished\":\"2019-01-13T22:27:16+00:00\",\"dateModified\":\"2019-09-24T12:45:43+00:00\",\"description\":\"CulturesCo | Dave Grohl : batteur de NIRVANA, multi-instrumentiste et leader des FOO FIGHTERS : comment a-t-il g\u00e9r\u00e9 l'h\u00e9ritage de KURT COBAIN\",\"breadcrumb\":{\"@id\":\"https:\\\/\\\/culturesco.com\\\/index.php\\\/2019\\\/01\\\/13\\\/dave-grohl-de-l-heritage-de-kurt-cobain-et-de-nirvana-aux-foo-fighters\\\/#breadcrumb\"},\"inLanguage\":\"fr-FR\",\"potentialAction\":[{\"@type\":\"ReadAction\",\"target\":[\"https:\\\/\\\/culturesco.com\\\/index.php\\\/2019\\\/01\\\/13\\\/dave-grohl-de-l-heritage-de-kurt-cobain-et-de-nirvana-aux-foo-fighters\\\/\"]}]},{\"@type\":\"ImageObject\",\"inLanguage\":\"fr-FR\",\"@id\":\"https:\\\/\\\/culturesco.com\\\/index.php\\\/2019\\\/01\\\/13\\\/dave-grohl-de-l-heritage-de-kurt-cobain-et-de-nirvana-aux-foo-fighters\\\/#primaryimage\",\"url\":\"https:\\\/\\\/i0.wp.com\\\/culturesco.com\\\/wp-content\\\/uploads\\\/2019\\\/01\\\/foo-fighters.jpg?fit=600%2C345&ssl=1\",\"contentUrl\":\"https:\\\/\\\/i0.wp.com\\\/culturesco.com\\\/wp-content\\\/uploads\\\/2019\\\/01\\\/foo-fighters.jpg?fit=600%2C345&ssl=1\",\"width\":600,\"height\":345,\"caption\":\"dave grohl foo fighters\"},{\"@type\":\"BreadcrumbList\",\"@id\":\"https:\\\/\\\/culturesco.com\\\/index.php\\\/2019\\\/01\\\/13\\\/dave-grohl-de-l-heritage-de-kurt-cobain-et-de-nirvana-aux-foo-fighters\\\/#breadcrumb\",\"itemListElement\":[{\"@type\":\"ListItem\",\"position\":1,\"name\":\"Accueil\",\"item\":\"https:\\\/\\\/culturesco.com\\\/\"},{\"@type\":\"ListItem\",\"position\":2,\"name\":\"Dave Grohl &#8211; De l&rsquo;h\u00e9ritage de Kurt Cobain aux Foo Fighters\"}]},{\"@type\":\"WebSite\",\"@id\":\"https:\\\/\\\/culturesco.com\\\/#website\",\"url\":\"https:\\\/\\\/culturesco.com\\\/\",\"name\":\"Culturesco\",\"description\":\"Culturesco | Un bon coup de pied dans ta Culture\",\"publisher\":{\"@id\":\"https:\\\/\\\/culturesco.com\\\/#organization\"},\"potentialAction\":[{\"@type\":\"SearchAction\",\"target\":{\"@type\":\"EntryPoint\",\"urlTemplate\":\"https:\\\/\\\/culturesco.com\\\/?s={search_term_string}\"},\"query-input\":{\"@type\":\"PropertyValueSpecification\",\"valueRequired\":true,\"valueName\":\"search_term_string\"}}],\"inLanguage\":\"fr-FR\"},{\"@type\":\"Organization\",\"@id\":\"https:\\\/\\\/culturesco.com\\\/#organization\",\"name\":\"CULTURESCO\",\"url\":\"https:\\\/\\\/culturesco.com\\\/\",\"logo\":{\"@type\":\"ImageObject\",\"inLanguage\":\"fr-FR\",\"@id\":\"https:\\\/\\\/culturesco.com\\\/#\\\/schema\\\/logo\\\/image\\\/\",\"url\":\"https:\\\/\\\/i0.wp.com\\\/culturesco.com\\\/wp-content\\\/uploads\\\/2022\\\/04\\\/culturesco-logo-blanc250p.png?fit=250%2C250&ssl=1\",\"contentUrl\":\"https:\\\/\\\/i0.wp.com\\\/culturesco.com\\\/wp-content\\\/uploads\\\/2022\\\/04\\\/culturesco-logo-blanc250p.png?fit=250%2C250&ssl=1\",\"width\":250,\"height\":250,\"caption\":\"CULTURESCO\"},\"image\":{\"@id\":\"https:\\\/\\\/culturesco.com\\\/#\\\/schema\\\/logo\\\/image\\\/\"},\"sameAs\":[\"https:\\\/\\\/www.facebook.com\\\/radioculturesco\",\"https:\\\/\\\/x.com\\\/AugusteMarshal\",\"https:\\\/\\\/www.instagram.com\\\/carotte_rock_culture\\\/\",\"https:\\\/\\\/www.pinterest.fr\\\/augustemarshal\\\/\",\"https:\\\/\\\/www.youtube.com\\\/channel\\\/UCiWLGffqWSXlNnfzp6YwwyQ\"]},{\"@type\":\"Person\",\"@id\":\"https:\\\/\\\/culturesco.com\\\/#\\\/schema\\\/person\\\/9a265b03a60b0fa349532a231f7d1d0e\",\"name\":\"Auguste Marshal\",\"image\":{\"@type\":\"ImageObject\",\"inLanguage\":\"fr-FR\",\"@id\":\"https:\\\/\\\/i0.wp.com\\\/culturesco.com\\\/wp-content\\\/uploads\\\/2019\\\/03\\\/auguste.jpg?fit=96%2C74&ssl=1\",\"url\":\"https:\\\/\\\/i0.wp.com\\\/culturesco.com\\\/wp-content\\\/uploads\\\/2019\\\/03\\\/auguste.jpg?fit=96%2C74&ssl=1\",\"contentUrl\":\"https:\\\/\\\/i0.wp.com\\\/culturesco.com\\\/wp-content\\\/uploads\\\/2019\\\/03\\\/auguste.jpg?fit=96%2C74&ssl=1\",\"caption\":\"Auguste Marshal\"},\"description\":\"Animateur Radio - Producteur animateur de l'\u00e9mission Culturesco sur Pop Culture Radio - Community Manager - Cr\u00e9ateur du blog Culturesco.com et pr\u00e9c\u00e9demment du Blog Rock Auguste Marshal - Administrateur des pages Facebook et Instagram Carotte Rock Cultures et Radio CulturesCo - Administrateur de groupes Facebook\",\"sameAs\":[\"https:\\\/\\\/culturesco.com\",\"https:\\\/\\\/www.facebook.com\\\/radioculturesco\",\"https:\\\/\\\/www.instagram.com\\\/carotte_rock_culture\\\/\",\"https:\\\/\\\/www.linkedin.com\\\/in\\\/auguste-marshal-7125b1151\\\/\",\"https:\\\/\\\/x.com\\\/https:\\\/\\\/twitter.com\\\/AugusteMarshal\",\"https:\\\/\\\/www.youtube.com\\\/channel\\\/UCiWLGffqWSXlNnfzp6YwwyQ\"],\"url\":\"https:\\\/\\\/culturesco.com\\\/index.php\\\/author\\\/admin8255\\\/\"}]}<\/script>\n<!-- \/ Yoast SEO plugin. -->","yoast_head_json":{"title":"Dave Grohl - De l'h\u00e9ritage de Kurt Cobain aux Foo Fighters - Culturesco","description":"CulturesCo | Dave Grohl : batteur de NIRVANA, multi-instrumentiste et leader des FOO FIGHTERS : comment a-t-il g\u00e9r\u00e9 l'h\u00e9ritage de KURT COBAIN","robots":{"index":"index","follow":"follow","max-snippet":"max-snippet:-1","max-image-preview":"max-image-preview:large","max-video-preview":"max-video-preview:-1"},"canonical":"https:\/\/culturesco.com\/index.php\/2019\/01\/13\/dave-grohl-de-l-heritage-de-kurt-cobain-et-de-nirvana-aux-foo-fighters\/","og_locale":"fr_FR","og_type":"article","og_title":"Quand Nirvana faisait de la musique, il n\u2019y avait pas beaucoup de conversation. Nous voulions que tout soit surr\u00e9aliste.","og_description":"CulturesCo | Dave Grohl : batteur de NIRVANA, multi-instrumentiste et leader des FOO FIGHTERS : comment a-t-il g\u00e9r\u00e9 l'h\u00e9ritage de KURT COBAIN","og_url":"https:\/\/culturesco.com\/index.php\/2019\/01\/13\/dave-grohl-de-l-heritage-de-kurt-cobain-et-de-nirvana-aux-foo-fighters\/","og_site_name":"Culturesco","article_publisher":"https:\/\/www.facebook.com\/radioculturesco","article_author":"https:\/\/www.facebook.com\/radioculturesco","article_published_time":"2019-01-13T22:27:16+00:00","article_modified_time":"2019-09-24T12:45:43+00:00","og_image":[{"width":600,"height":314,"url":"https:\/\/i2.wp.com\/culturesco.com\/wp-content\/uploads\/2019\/01\/dave-grohl.jpg?fit=600%2C314&ssl=1","type":"image\/jpeg"}],"author":"Auguste Marshal","twitter_card":"summary_large_image","twitter_creator":"@https:\/\/twitter.com\/AugusteMarshal","twitter_site":"@AugusteMarshal","twitter_misc":{"\u00c9crit par":"Auguste Marshal","Dur\u00e9e de lecture estim\u00e9e":"3 minutes"},"schema":{"@context":"https:\/\/schema.org","@graph":[{"@type":"Article","@id":"https:\/\/culturesco.com\/index.php\/2019\/01\/13\/dave-grohl-de-l-heritage-de-kurt-cobain-et-de-nirvana-aux-foo-fighters\/#article","isPartOf":{"@id":"https:\/\/culturesco.com\/index.php\/2019\/01\/13\/dave-grohl-de-l-heritage-de-kurt-cobain-et-de-nirvana-aux-foo-fighters\/"},"author":{"name":"Auguste Marshal","@id":"https:\/\/culturesco.com\/#\/schema\/person\/9a265b03a60b0fa349532a231f7d1d0e"},"headline":"Dave Grohl &#8211; De l&rsquo;h\u00e9ritage de Kurt Cobain aux Foo Fighters","datePublished":"2019-01-13T22:27:16+00:00","dateModified":"2019-09-24T12:45:43+00:00","mainEntityOfPage":{"@id":"https:\/\/culturesco.com\/index.php\/2019\/01\/13\/dave-grohl-de-l-heritage-de-kurt-cobain-et-de-nirvana-aux-foo-fighters\/"},"wordCount":584,"publisher":{"@id":"https:\/\/culturesco.com\/#organization"},"image":{"@id":"https:\/\/culturesco.com\/index.php\/2019\/01\/13\/dave-grohl-de-l-heritage-de-kurt-cobain-et-de-nirvana-aux-foo-fighters\/#primaryimage"},"thumbnailUrl":"https:\/\/i0.wp.com\/culturesco.com\/wp-content\/uploads\/2019\/01\/foo-fighters.jpg?fit=600%2C345&ssl=1","keywords":["citation","histoire du rock"],"articleSection":["Carotte Rock Cultures","Citation rock","Histoire du rock"],"inLanguage":"fr-FR"},{"@type":"WebPage","@id":"https:\/\/culturesco.com\/index.php\/2019\/01\/13\/dave-grohl-de-l-heritage-de-kurt-cobain-et-de-nirvana-aux-foo-fighters\/","url":"https:\/\/culturesco.com\/index.php\/2019\/01\/13\/dave-grohl-de-l-heritage-de-kurt-cobain-et-de-nirvana-aux-foo-fighters\/","name":"Dave Grohl - De l'h\u00e9ritage de Kurt Cobain aux Foo Fighters - Culturesco","isPartOf":{"@id":"https:\/\/culturesco.com\/#website"},"primaryImageOfPage":{"@id":"https:\/\/culturesco.com\/index.php\/2019\/01\/13\/dave-grohl-de-l-heritage-de-kurt-cobain-et-de-nirvana-aux-foo-fighters\/#primaryimage"},"image":{"@id":"https:\/\/culturesco.com\/index.php\/2019\/01\/13\/dave-grohl-de-l-heritage-de-kurt-cobain-et-de-nirvana-aux-foo-fighters\/#primaryimage"},"thumbnailUrl":"https:\/\/i0.wp.com\/culturesco.com\/wp-content\/uploads\/2019\/01\/foo-fighters.jpg?fit=600%2C345&ssl=1","datePublished":"2019-01-13T22:27:16+00:00","dateModified":"2019-09-24T12:45:43+00:00","description":"CulturesCo | Dave Grohl : batteur de NIRVANA, multi-instrumentiste et leader des FOO FIGHTERS : comment a-t-il g\u00e9r\u00e9 l'h\u00e9ritage de KURT COBAIN","breadcrumb":{"@id":"https:\/\/culturesco.com\/index.php\/2019\/01\/13\/dave-grohl-de-l-heritage-de-kurt-cobain-et-de-nirvana-aux-foo-fighters\/#breadcrumb"},"inLanguage":"fr-FR","potentialAction":[{"@type":"ReadAction","target":["https:\/\/culturesco.com\/index.php\/2019\/01\/13\/dave-grohl-de-l-heritage-de-kurt-cobain-et-de-nirvana-aux-foo-fighters\/"]}]},{"@type":"ImageObject","inLanguage":"fr-FR","@id":"https:\/\/culturesco.com\/index.php\/2019\/01\/13\/dave-grohl-de-l-heritage-de-kurt-cobain-et-de-nirvana-aux-foo-fighters\/#primaryimage","url":"https:\/\/i0.wp.com\/culturesco.com\/wp-content\/uploads\/2019\/01\/foo-fighters.jpg?fit=600%2C345&ssl=1","contentUrl":"https:\/\/i0.wp.com\/culturesco.com\/wp-content\/uploads\/2019\/01\/foo-fighters.jpg?fit=600%2C345&ssl=1","width":600,"height":345,"caption":"dave grohl foo fighters"},{"@type":"BreadcrumbList","@id":"https:\/\/culturesco.com\/index.php\/2019\/01\/13\/dave-grohl-de-l-heritage-de-kurt-cobain-et-de-nirvana-aux-foo-fighters\/#breadcrumb","itemListElement":[{"@type":"ListItem","position":1,"name":"Accueil","item":"https:\/\/culturesco.com\/"},{"@type":"ListItem","position":2,"name":"Dave Grohl &#8211; De l&rsquo;h\u00e9ritage de Kurt Cobain aux Foo Fighters"}]},{"@type":"WebSite","@id":"https:\/\/culturesco.com\/#website","url":"https:\/\/culturesco.com\/","name":"Culturesco","description":"Culturesco | Un bon coup de pied dans ta Culture","publisher":{"@id":"https:\/\/culturesco.com\/#organization"},"potentialAction":[{"@type":"SearchAction","target":{"@type":"EntryPoint","urlTemplate":"https:\/\/culturesco.com\/?s={search_term_string}"},"query-input":{"@type":"PropertyValueSpecification","valueRequired":true,"valueName":"search_term_string"}}],"inLanguage":"fr-FR"},{"@type":"Organization","@id":"https:\/\/culturesco.com\/#organization","name":"CULTURESCO","url":"https:\/\/culturesco.com\/","logo":{"@type":"ImageObject","inLanguage":"fr-FR","@id":"https:\/\/culturesco.com\/#\/schema\/logo\/image\/","url":"https:\/\/i0.wp.com\/culturesco.com\/wp-content\/uploads\/2022\/04\/culturesco-logo-blanc250p.png?fit=250%2C250&ssl=1","contentUrl":"https:\/\/i0.wp.com\/culturesco.com\/wp-content\/uploads\/2022\/04\/culturesco-logo-blanc250p.png?fit=250%2C250&ssl=1","width":250,"height":250,"caption":"CULTURESCO"},"image":{"@id":"https:\/\/culturesco.com\/#\/schema\/logo\/image\/"},"sameAs":["https:\/\/www.facebook.com\/radioculturesco","https:\/\/x.com\/AugusteMarshal","https:\/\/www.instagram.com\/carotte_rock_culture\/","https:\/\/www.pinterest.fr\/augustemarshal\/","https:\/\/www.youtube.com\/channel\/UCiWLGffqWSXlNnfzp6YwwyQ"]},{"@type":"Person","@id":"https:\/\/culturesco.com\/#\/schema\/person\/9a265b03a60b0fa349532a231f7d1d0e","name":"Auguste Marshal","image":{"@type":"ImageObject","inLanguage":"fr-FR","@id":"https:\/\/i0.wp.com\/culturesco.com\/wp-content\/uploads\/2019\/03\/auguste.jpg?fit=96%2C74&ssl=1","url":"https:\/\/i0.wp.com\/culturesco.com\/wp-content\/uploads\/2019\/03\/auguste.jpg?fit=96%2C74&ssl=1","contentUrl":"https:\/\/i0.wp.com\/culturesco.com\/wp-content\/uploads\/2019\/03\/auguste.jpg?fit=96%2C74&ssl=1","caption":"Auguste Marshal"},"description":"Animateur Radio - Producteur animateur de l'\u00e9mission Culturesco sur Pop Culture Radio - Community Manager - Cr\u00e9ateur du blog Culturesco.com et pr\u00e9c\u00e9demment du Blog Rock Auguste Marshal - Administrateur des pages Facebook et Instagram Carotte Rock Cultures et Radio CulturesCo - Administrateur de groupes Facebook","sameAs":["https:\/\/culturesco.com","https:\/\/www.facebook.com\/radioculturesco","https:\/\/www.instagram.com\/carotte_rock_culture\/","https:\/\/www.linkedin.com\/in\/auguste-marshal-7125b1151\/","https:\/\/x.com\/https:\/\/twitter.com\/AugusteMarshal","https:\/\/www.youtube.com\/channel\/UCiWLGffqWSXlNnfzp6YwwyQ"],"url":"https:\/\/culturesco.com\/index.php\/author\/admin8255\/"}]}},"jetpack_featured_media_url":"https:\/\/i0.wp.com\/culturesco.com\/wp-content\/uploads\/2019\/01\/foo-fighters.jpg?fit=600%2C345&ssl=1","jetpack_likes_enabled":true,"jetpack_sharing_enabled":true,"jetpack_shortlink":"https:\/\/wp.me\/paz89I-BL","_links":{"self":[{"href":"https:\/\/culturesco.com\/index.php\/wp-json\/wp\/v2\/posts\/2341","targetHints":{"allow":["GET"]}}],"collection":[{"href":"https:\/\/culturesco.com\/index.php\/wp-json\/wp\/v2\/posts"}],"about":[{"href":"https:\/\/culturesco.com\/index.php\/wp-json\/wp\/v2\/types\/post"}],"author":[{"embeddable":true,"href":"https:\/\/culturesco.com\/index.php\/wp-json\/wp\/v2\/users\/1"}],"replies":[{"embeddable":true,"href":"https:\/\/culturesco.com\/index.php\/wp-json\/wp\/v2\/comments?post=2341"}],"version-history":[{"count":0,"href":"https:\/\/culturesco.com\/index.php\/wp-json\/wp\/v2\/posts\/2341\/revisions"}],"wp:featuredmedia":[{"embeddable":true,"href":"https:\/\/culturesco.com\/index.php\/wp-json\/wp\/v2\/media\/5418"}],"wp:attachment":[{"href":"https:\/\/culturesco.com\/index.php\/wp-json\/wp\/v2\/media?parent=2341"}],"wp:term":[{"taxonomy":"category","embeddable":true,"href":"https:\/\/culturesco.com\/index.php\/wp-json\/wp\/v2\/categories?post=2341"},{"taxonomy":"post_tag","embeddable":true,"href":"https:\/\/culturesco.com\/index.php\/wp-json\/wp\/v2\/tags?post=2341"}],"curies":[{"name":"wp","href":"https:\/\/api.w.org\/{rel}","templated":true}]}}