{"id":23409,"date":"2024-11-24T12:25:35","date_gmt":"2024-11-24T11:25:35","guid":{"rendered":"https:\/\/culturesco.com\/?p=23409"},"modified":"2024-11-24T12:25:35","modified_gmt":"2024-11-24T11:25:35","slug":"fred-pallem-et-le-sacre-du-tympan-lodyssee-musique-imaginee-pour-film-imaginaire","status":"publish","type":"post","link":"https:\/\/culturesco.com\/index.php\/2024\/11\/24\/fred-pallem-et-le-sacre-du-tympan-lodyssee-musique-imaginee-pour-film-imaginaire\/","title":{"rendered":"Fred Pallem et le Sacre du Tympan \u2013 L\u2019Odyss\u00e9e \u2013 Musique imagin\u00e9e pour film imaginaire"},"content":{"rendered":"<h2 style=\"text-align: center;\">Fred Pallem et le Sacre du Tympan<br \/>\nL\u2019Odyss\u00e9e<br \/>\nMusique imagin\u00e9e pour film imaginaire<\/h2>\n<p><img data-recalc-dims=\"1\" loading=\"lazy\" decoding=\"async\" class=\" wp-image-23427 aligncenter\" src=\"https:\/\/i0.wp.com\/culturesco.com\/wp-content\/uploads\/2024\/11\/mV79ICTI_400x400.jpg?resize=423%2C423&#038;ssl=1\" alt=\"Fred Pallem\" width=\"423\" height=\"423\" srcset=\"https:\/\/i0.wp.com\/culturesco.com\/wp-content\/uploads\/2024\/11\/mV79ICTI_400x400.jpg?resize=300%2C300&amp;ssl=1 300w, https:\/\/i0.wp.com\/culturesco.com\/wp-content\/uploads\/2024\/11\/mV79ICTI_400x400.jpg?resize=150%2C150&amp;ssl=1 150w, https:\/\/i0.wp.com\/culturesco.com\/wp-content\/uploads\/2024\/11\/mV79ICTI_400x400.jpg?resize=100%2C100&amp;ssl=1 100w, https:\/\/i0.wp.com\/culturesco.com\/wp-content\/uploads\/2024\/11\/mV79ICTI_400x400.jpg?resize=50%2C50&amp;ssl=1 50w, https:\/\/i0.wp.com\/culturesco.com\/wp-content\/uploads\/2024\/11\/mV79ICTI_400x400.jpg?w=400&amp;ssl=1 400w\" sizes=\"auto, (max-width: 423px) 100vw, 423px\" \/><\/p>\n<p style=\"text-align: justify;\">L\u2019ouvreuse vient juste de faire sa distribution, le panier en osier autour du cou. Bonbecs, pains au chocolat. Le pop-corn ne s\u00e9vit pas encore. La lumi\u00e8re commence \u00e0 baisser. L\u2019\u00e9cran s\u2019agite. G\u00e9n\u00e9rique.<\/p>\n<h6 style=\"text-align: justify;\">Te souviens-tu ?<\/h6>\n<p style=\"text-align: justify;\">Le h\u00e9ros, debout sur le toit du bus lanc\u00e9 \u00e0 pleine vitesse, poursuivi par le flic obstin\u00e9. Belmondo. B\u00e9bel les biscotos. Descente en rappel de l\u2019h\u00e9lico au-dessus des immeubles. Le m\u00e9chant tueur psycho s\u2019en prendra plein la tronche. Bien fait.<\/p>\n<h6 style=\"text-align: justify;\">Te souviens-tu ?<\/h6>\n<p style=\"text-align: justify;\">La poursuite en bagnole \u00e9lev\u00e9e au rang d\u2019art majeur. Steve McQueen. Les rues de San Francisco au petit matin. Moteurs au point de rupture. Bo\u00eete de vitesse en souffrance. Carrosseries joyeusement broy\u00e9es. Qu\u2019on se demande, Steve, comment il peut encore rouler ton tas de ferraille. On s\u2019en fout. Tu les a bien eus.<\/p>\n<h6 style=\"text-align: justify;\">Te souviens-tu ?<\/h6>\n<p style=\"text-align: justify;\">Mexique. Panoramique sur le d\u00e9sert. Puis les yeux noirs du desperado, impitoyables, immenses, qui d\u00e9vorent la toile en cin\u00e9mascope. Lee Van Cleef. Gueule taill\u00e9e \u00e0 coup de tomahawk. La main f\u00e9brile au-dessus de la crosse. Ca va chier. Aussi s\u00fbr que le cri du coyote me glacera les sangs \u00e0 la nuit tomb\u00e9e.<\/p>\n<p style=\"text-align: justify;\">Toutes ces images. Oui, te souviens-tu ? Et la musique ?<br \/>\nParce qu\u2019il y avait aussi la musique\u2026<\/p>\n<figure id=\"attachment_23434\" aria-describedby=\"caption-attachment-23434\" style=\"width: 380px\" class=\"wp-caption aligncenter\"><img data-recalc-dims=\"1\" loading=\"lazy\" decoding=\"async\" class=\" wp-image-23434\" src=\"https:\/\/i0.wp.com\/culturesco.com\/wp-content\/uploads\/2024\/11\/BEBEL.jpg?resize=380%2C380&#038;ssl=1\" alt=\"Belmondo\" width=\"380\" height=\"380\" srcset=\"https:\/\/i0.wp.com\/culturesco.com\/wp-content\/uploads\/2024\/11\/BEBEL.jpg?resize=300%2C300&amp;ssl=1 300w, https:\/\/i0.wp.com\/culturesco.com\/wp-content\/uploads\/2024\/11\/BEBEL.jpg?resize=627%2C627&amp;ssl=1 627w, https:\/\/i0.wp.com\/culturesco.com\/wp-content\/uploads\/2024\/11\/BEBEL.jpg?resize=150%2C150&amp;ssl=1 150w, https:\/\/i0.wp.com\/culturesco.com\/wp-content\/uploads\/2024\/11\/BEBEL.jpg?resize=768%2C768&amp;ssl=1 768w, https:\/\/i0.wp.com\/culturesco.com\/wp-content\/uploads\/2024\/11\/BEBEL.jpg?resize=420%2C420&amp;ssl=1 420w, https:\/\/i0.wp.com\/culturesco.com\/wp-content\/uploads\/2024\/11\/BEBEL.jpg?resize=696%2C696&amp;ssl=1 696w, https:\/\/i0.wp.com\/culturesco.com\/wp-content\/uploads\/2024\/11\/BEBEL.jpg?resize=1068%2C1068&amp;ssl=1 1068w, https:\/\/i0.wp.com\/culturesco.com\/wp-content\/uploads\/2024\/11\/BEBEL.jpg?w=600&amp;ssl=1 600w, https:\/\/i0.wp.com\/culturesco.com\/wp-content\/uploads\/2024\/11\/BEBEL.jpg?resize=100%2C100&amp;ssl=1 100w, https:\/\/i0.wp.com\/culturesco.com\/wp-content\/uploads\/2024\/11\/BEBEL.jpg?resize=50%2C50&amp;ssl=1 50w\" sizes=\"auto, (max-width: 380px) 100vw, 380px\" \/><figcaption id=\"caption-attachment-23434\" class=\"wp-caption-text\">Dessin : Poup<\/figcaption><\/figure>\n<h3 style=\"text-align: justify;\"><strong>Michel Magne<\/strong>&#8230;<\/h3>\n<p style=\"text-align: justify;\">&#8230; <a href=\"https:\/\/fr.wikipedia.org\/wiki\/Fran%C3%A7ois_de_Roubaix\"><strong>Fran\u00e7ois de Roubaix<\/strong><\/a>, <a href=\"https:\/\/fr.wikipedia.org\/wiki\/Lalo_Schifrin\"><strong>Lalo Schifrin<\/strong><\/a>, <a href=\"https:\/\/fr.wikipedia.org\/wiki\/Ennio_Morricone\"><strong>Ennio Morricone<\/strong><\/a>\u2026 Belle brochette non ? \u00c2ge d\u2019or de la B.O du cin\u00e9matographe estampill\u00e9 sixties et seventies. Les metteurs en sc\u00e8ne ne s\u2019y trompent pas. Les studios d\u2019enregistrement de l\u2019\u00e9poque ne d\u00e9semplissent pas de compositeurs et d\u2019arrangeurs de g\u00e9nie.<\/p>\n<p style=\"text-align: justify;\">Un demi-si\u00e8cle plus tard ces musiciens d\u2019exception sont toujours l\u00e0, dans nos m\u00e9moires et nos oreilles. Et surtout dans celles d\u2019un autre surdou\u00e9, <strong>Fred Pallem<\/strong>\u2026<\/p>\n<figure id=\"attachment_23435\" aria-describedby=\"caption-attachment-23435\" style=\"width: 434px\" class=\"wp-caption aligncenter\"><img data-recalc-dims=\"1\" loading=\"lazy\" decoding=\"async\" class=\" wp-image-23435\" src=\"https:\/\/i0.wp.com\/culturesco.com\/wp-content\/uploads\/2024\/11\/francois_de_roubaix_une.webp?resize=434%2C278&#038;ssl=1\" alt=\"Fran\u00e7ois de Roubaix\" width=\"434\" height=\"278\" srcset=\"https:\/\/i0.wp.com\/culturesco.com\/wp-content\/uploads\/2024\/11\/francois_de_roubaix_une.webp?resize=300%2C192&amp;ssl=1 300w, https:\/\/i0.wp.com\/culturesco.com\/wp-content\/uploads\/2024\/11\/francois_de_roubaix_une.webp?resize=768%2C492&amp;ssl=1 768w, https:\/\/i0.wp.com\/culturesco.com\/wp-content\/uploads\/2024\/11\/francois_de_roubaix_une.webp?resize=656%2C420&amp;ssl=1 656w, https:\/\/i0.wp.com\/culturesco.com\/wp-content\/uploads\/2024\/11\/francois_de_roubaix_une.webp?resize=696%2C446&amp;ssl=1 696w, https:\/\/i0.wp.com\/culturesco.com\/wp-content\/uploads\/2024\/11\/francois_de_roubaix_une.webp?resize=600%2C384&amp;ssl=1 600w, https:\/\/i0.wp.com\/culturesco.com\/wp-content\/uploads\/2024\/11\/francois_de_roubaix_une.webp?w=854&amp;ssl=1 854w\" sizes=\"auto, (max-width: 434px) 100vw, 434px\" \/><figcaption id=\"caption-attachment-23435\" class=\"wp-caption-text\">Fran\u00e7ois de Roubaix<\/figcaption><\/figure>\n<h3 style=\"text-align: justify;\">C\u2019est au coeur de cette \u00e9poque b\u00e9nie&#8230;<\/h3>\n<p style=\"text-align: justify;\">&#8230; de la zizique du septi\u00e8me art, en 1973, que le petit Fred se d\u00e9cide \u00e0 passer une premi\u00e8re t\u00eate dans le vaste monde. La t\u00eate, le reste et surtout les feuilles car ce qui semble titiller ce jeune humano\u00efde tout neuf ce sont les sons, si possible plus ou moins organis\u00e9s. Plus que moins, d&rsquo;ailleurs, car arriv\u00e9 \u00e0 ses 14 tours du soleil le chenapan vibre d\u00e9j\u00e0 aux planeries de <a href=\"https:\/\/culturesco.com\/index.php\/2024\/06\/14\/pink-floyd-gilmour-vs-waters-par-alexandre-higounet\/\"><strong>Pink Floyd<\/strong><\/a> tandis que la science m\u00e9lodique des <strong>Beatles<\/strong> interroge les neurones idoines qui , \u00e0 leur tour, d\u00e9clenchent dans son enc\u00e9phale juv\u00e9nile et survolt\u00e9 des r\u00e9actions du type : \u00ab Wow !!! \u00bb \u00ab Yeah !!! \u00bb ou bien encore \u00ab Bigre !!! \u00bb pour la touche franchouillarde.<\/p>\n<p><img data-recalc-dims=\"1\" loading=\"lazy\" decoding=\"async\" class=\" wp-image-23437 aligncenter\" src=\"https:\/\/i0.wp.com\/culturesco.com\/wp-content\/uploads\/2024\/11\/Fred_Pallem_-_CLARK_magazine.jpg?resize=301%2C452&#038;ssl=1\" alt=\"Fred Pallem\" width=\"301\" height=\"452\" srcset=\"https:\/\/i0.wp.com\/culturesco.com\/wp-content\/uploads\/2024\/11\/Fred_Pallem_-_CLARK_magazine.jpg?resize=200%2C300&amp;ssl=1 200w, https:\/\/i0.wp.com\/culturesco.com\/wp-content\/uploads\/2024\/11\/Fred_Pallem_-_CLARK_magazine.jpg?resize=418%2C627&amp;ssl=1 418w, https:\/\/i0.wp.com\/culturesco.com\/wp-content\/uploads\/2024\/11\/Fred_Pallem_-_CLARK_magazine.jpg?resize=768%2C1151&amp;ssl=1 768w, https:\/\/i0.wp.com\/culturesco.com\/wp-content\/uploads\/2024\/11\/Fred_Pallem_-_CLARK_magazine.jpg?resize=280%2C420&amp;ssl=1 280w, https:\/\/i0.wp.com\/culturesco.com\/wp-content\/uploads\/2024\/11\/Fred_Pallem_-_CLARK_magazine.jpg?resize=696%2C1043&amp;ssl=1 696w, https:\/\/i0.wp.com\/culturesco.com\/wp-content\/uploads\/2024\/11\/Fred_Pallem_-_CLARK_magazine.jpg?resize=600%2C899&amp;ssl=1 600w, https:\/\/i0.wp.com\/culturesco.com\/wp-content\/uploads\/2024\/11\/Fred_Pallem_-_CLARK_magazine.jpg?w=400&amp;ssl=1 400w\" sizes=\"auto, (max-width: 301px) 100vw, 301px\" \/><\/p>\n<h3 style=\"text-align: justify;\">Apr\u00e8s une longue p\u00e9riode&#8230;<\/h3>\n<p style=\"text-align: justify;\">&#8230; d\u2019autodidactisme forcen\u00e9 il entre, en 1996, au <strong>Conservatoire national sup\u00e9rieur de musique et de danse de Paris<\/strong> au d\u00e9partement <strong>Jazz et musique improvis\u00e9e<\/strong>, s\u2019il vous pla\u00eet. D\u00e9couverte de l\u2019arrangement, de la contrebasse puis de la basse. Fred, atteint de boulimie sonique, exp\u00e9rimentalise, concocte, tambouille, bidouille, explore dans des formats divers et vari\u00e9s : orchestre \u00e0 cordes, big band, quintette de saxos. Et ne pr\u00e9sentant visiblement pas d\u2019accointances pour la tra\u00eenaillerie, il compose, cette m\u00eame ann\u00e9e, pour la compagnie de th\u00e9\u00e2tre et de music-hall, la <strong>Troupe du Ph\u00e9nix<\/strong>, des petites bricoles comme \u00ab <strong>La Nuit des Rois<\/strong> \u00bb de <strong>Shakespeare<\/strong>. Rien de moins.<\/p>\n<p><img data-recalc-dims=\"1\" loading=\"lazy\" decoding=\"async\" class=\" wp-image-23439 aligncenter\" src=\"https:\/\/i0.wp.com\/culturesco.com\/wp-content\/uploads\/2024\/11\/2675507_2022-03-15-fred-pallem-songbook-paris.jpg?resize=408%2C408&#038;ssl=1\" alt=\"Fred Pallem\" width=\"408\" height=\"408\" srcset=\"https:\/\/i0.wp.com\/culturesco.com\/wp-content\/uploads\/2024\/11\/2675507_2022-03-15-fred-pallem-songbook-paris.jpg?resize=300%2C300&amp;ssl=1 300w, https:\/\/i0.wp.com\/culturesco.com\/wp-content\/uploads\/2024\/11\/2675507_2022-03-15-fred-pallem-songbook-paris.jpg?resize=150%2C150&amp;ssl=1 150w, https:\/\/i0.wp.com\/culturesco.com\/wp-content\/uploads\/2024\/11\/2675507_2022-03-15-fred-pallem-songbook-paris.jpg?resize=420%2C420&amp;ssl=1 420w, https:\/\/i0.wp.com\/culturesco.com\/wp-content\/uploads\/2024\/11\/2675507_2022-03-15-fred-pallem-songbook-paris.jpg?resize=100%2C100&amp;ssl=1 100w, https:\/\/i0.wp.com\/culturesco.com\/wp-content\/uploads\/2024\/11\/2675507_2022-03-15-fred-pallem-songbook-paris.jpg?resize=50%2C50&amp;ssl=1 50w, https:\/\/i0.wp.com\/culturesco.com\/wp-content\/uploads\/2024\/11\/2675507_2022-03-15-fred-pallem-songbook-paris.jpg?w=550&amp;ssl=1 550w\" sizes=\"auto, (max-width: 408px) 100vw, 408px\" \/><\/p>\n<h3 style=\"text-align: justify;\">1998<\/h3>\n<p style=\"text-align: justify;\">Fred is ready.<br \/>\nIl monte son propre orchestre \u00e0 g\u00e9om\u00e9trie variable avec des potes du Conservatoire.<br \/>\n<strong>Le Sacre du Tympan<\/strong>.<br \/>\nC\u2019est ce cher Igor qui se serait bien marr\u00e9.<br \/>\nIl adorait les blagues.<br \/>\nQuoique&#8230;<\/p>\n<p>Fred Pallem r\u00e9alise alors la fusion dont il r\u00eave depuis longtemps. Musique et cinoche\u2026<\/p>\n<figure id=\"attachment_23441\" aria-describedby=\"caption-attachment-23441\" style=\"width: 436px\" class=\"wp-caption aligncenter\"><img data-recalc-dims=\"1\" loading=\"lazy\" decoding=\"async\" class=\" wp-image-23441\" src=\"https:\/\/i0.wp.com\/culturesco.com\/wp-content\/uploads\/2024\/11\/FRED-PALLEM-ET-LE-SACFE-DU-TYMPAN-C-SYLVAIN-GRIPOIX-02.jpg?resize=436%2C436&#038;ssl=1\" alt=\"Le Sacre du Tympan\" width=\"436\" height=\"436\" srcset=\"https:\/\/i0.wp.com\/culturesco.com\/wp-content\/uploads\/2024\/11\/FRED-PALLEM-ET-LE-SACFE-DU-TYMPAN-C-SYLVAIN-GRIPOIX-02.jpg?resize=300%2C300&amp;ssl=1 300w, https:\/\/i0.wp.com\/culturesco.com\/wp-content\/uploads\/2024\/11\/FRED-PALLEM-ET-LE-SACFE-DU-TYMPAN-C-SYLVAIN-GRIPOIX-02.jpg?resize=627%2C627&amp;ssl=1 627w, https:\/\/i0.wp.com\/culturesco.com\/wp-content\/uploads\/2024\/11\/FRED-PALLEM-ET-LE-SACFE-DU-TYMPAN-C-SYLVAIN-GRIPOIX-02.jpg?resize=150%2C150&amp;ssl=1 150w, https:\/\/i0.wp.com\/culturesco.com\/wp-content\/uploads\/2024\/11\/FRED-PALLEM-ET-LE-SACFE-DU-TYMPAN-C-SYLVAIN-GRIPOIX-02.jpg?resize=768%2C768&amp;ssl=1 768w, https:\/\/i0.wp.com\/culturesco.com\/wp-content\/uploads\/2024\/11\/FRED-PALLEM-ET-LE-SACFE-DU-TYMPAN-C-SYLVAIN-GRIPOIX-02.jpg?resize=1536%2C1536&amp;ssl=1 1536w, https:\/\/i0.wp.com\/culturesco.com\/wp-content\/uploads\/2024\/11\/FRED-PALLEM-ET-LE-SACFE-DU-TYMPAN-C-SYLVAIN-GRIPOIX-02.jpg?resize=2048%2C2048&amp;ssl=1 2048w, https:\/\/i0.wp.com\/culturesco.com\/wp-content\/uploads\/2024\/11\/FRED-PALLEM-ET-LE-SACFE-DU-TYMPAN-C-SYLVAIN-GRIPOIX-02.jpg?resize=420%2C420&amp;ssl=1 420w, https:\/\/i0.wp.com\/culturesco.com\/wp-content\/uploads\/2024\/11\/FRED-PALLEM-ET-LE-SACFE-DU-TYMPAN-C-SYLVAIN-GRIPOIX-02.jpg?resize=696%2C696&amp;ssl=1 696w, https:\/\/i0.wp.com\/culturesco.com\/wp-content\/uploads\/2024\/11\/FRED-PALLEM-ET-LE-SACFE-DU-TYMPAN-C-SYLVAIN-GRIPOIX-02.jpg?resize=1068%2C1068&amp;ssl=1 1068w, https:\/\/i0.wp.com\/culturesco.com\/wp-content\/uploads\/2024\/11\/FRED-PALLEM-ET-LE-SACFE-DU-TYMPAN-C-SYLVAIN-GRIPOIX-02.jpg?w=600&amp;ssl=1 600w, https:\/\/i0.wp.com\/culturesco.com\/wp-content\/uploads\/2024\/11\/FRED-PALLEM-ET-LE-SACFE-DU-TYMPAN-C-SYLVAIN-GRIPOIX-02.jpg?resize=100%2C100&amp;ssl=1 100w, https:\/\/i0.wp.com\/culturesco.com\/wp-content\/uploads\/2024\/11\/FRED-PALLEM-ET-LE-SACFE-DU-TYMPAN-C-SYLVAIN-GRIPOIX-02.jpg?resize=50%2C50&amp;ssl=1 50w\" sizes=\"auto, (max-width: 436px) 100vw, 436px\" \/><figcaption id=\"caption-attachment-23441\" class=\"wp-caption-text\">Le Sacre du Tympan<\/figcaption><\/figure>\n<p><span style=\"color: var(--td_text_color, #111111); font-family: var(--td_default_google_font_2, 'Roboto', sans-serif); font-size: 22px; text-align: justify;\">Car elle le tient aussi depuis longtemps cette passion l\u00e0&#8230;<\/span><\/p>\n<p style=\"text-align: justify;\">&#8230; Le cin\u00e9ma de genre, de l\u2019apr\u00e8s-guerre aux ann\u00e9es 70, fait carburer l\u2019imaginaire du musicien depuis l\u2019adolescence. <strong>Thrillers italiens<\/strong>, <strong>polars \u00ab french touch \u00bb<\/strong>, <strong>s\u00e9ries z d\u2019horreur<\/strong>, <strong>nanars sci fi<\/strong>, tout est bon. Nourri de ces kilom\u00e8tres de pellicule, Pallem se fait son cin\u00e9ma, tel un Nougaro sur l\u2019\u00e9cran noir de ses nuits blanches.. Alors mettre une bande son sur ce film imaginaire&#8230; La tentation est grande et, comme le disait fort \u00e0 propos ce cher <strong>Oscar Wilde<\/strong>, la meilleure fa\u00e7on de r\u00e9sister \u00e0 une tentation c&rsquo;est d&rsquo;y c\u00e9der&#8230;<\/p>\n<h3 style=\"text-align: center;\">L\u2019Odyss\u00e9e<\/h3>\n<p><img data-recalc-dims=\"1\" loading=\"lazy\" decoding=\"async\" class=\" wp-image-23442 aligncenter\" src=\"https:\/\/i0.wp.com\/culturesco.com\/wp-content\/uploads\/2024\/11\/a3511735862_10.jpg?resize=427%2C427&#038;ssl=1\" alt=\"L'Odyss\u00e9e\" width=\"427\" height=\"427\" srcset=\"https:\/\/i0.wp.com\/culturesco.com\/wp-content\/uploads\/2024\/11\/a3511735862_10.jpg?resize=300%2C300&amp;ssl=1 300w, https:\/\/i0.wp.com\/culturesco.com\/wp-content\/uploads\/2024\/11\/a3511735862_10.jpg?resize=627%2C627&amp;ssl=1 627w, https:\/\/i0.wp.com\/culturesco.com\/wp-content\/uploads\/2024\/11\/a3511735862_10.jpg?resize=150%2C150&amp;ssl=1 150w, https:\/\/i0.wp.com\/culturesco.com\/wp-content\/uploads\/2024\/11\/a3511735862_10.jpg?resize=768%2C768&amp;ssl=1 768w, https:\/\/i0.wp.com\/culturesco.com\/wp-content\/uploads\/2024\/11\/a3511735862_10.jpg?resize=420%2C420&amp;ssl=1 420w, https:\/\/i0.wp.com\/culturesco.com\/wp-content\/uploads\/2024\/11\/a3511735862_10.jpg?resize=696%2C696&amp;ssl=1 696w, https:\/\/i0.wp.com\/culturesco.com\/wp-content\/uploads\/2024\/11\/a3511735862_10.jpg?resize=1068%2C1068&amp;ssl=1 1068w, https:\/\/i0.wp.com\/culturesco.com\/wp-content\/uploads\/2024\/11\/a3511735862_10.jpg?w=600&amp;ssl=1 600w, https:\/\/i0.wp.com\/culturesco.com\/wp-content\/uploads\/2024\/11\/a3511735862_10.jpg?resize=100%2C100&amp;ssl=1 100w, https:\/\/i0.wp.com\/culturesco.com\/wp-content\/uploads\/2024\/11\/a3511735862_10.jpg?resize=50%2C50&amp;ssl=1 50w\" sizes=\"auto, (max-width: 427px) 100vw, 427px\" \/><\/p>\n<h3 style=\"text-align: justify;\">Fred Pallem, avec cet album&#8230;<\/h3>\n<p style=\"text-align: justify;\">&#8230; n\u2019en est pas \u00e0 son premier coup d\u2019essai dans l\u2019exercice de la musique fantasm\u00e9e et r\u00e9f\u00e9renc\u00e9e. \u00ab <strong>Soulcin\u00e9ma<\/strong> \u00bb, d\u00e9di\u00e9e \u00e0 la <a href=\"https:\/\/fr.wikipedia.org\/wiki\/Blaxploitation\"><strong>blackploitation<\/strong><\/a>, et \u00ab <strong>Fran\u00e7ois de Roubaix<\/strong> \u00bb, brillante revisite de son idole ultime, avaient d\u00e9j\u00e0 impos\u00e9 le chef d\u2019orchestre. En 2018, avec L\u2019Odyss\u00e9e, il atteint un v\u00e9ritable pic dans sa production.<br \/>\nL\u2019Odyss\u00e9e. Pas de doute, le bon titre. Fred Pallem nous embarque dans un film qui ne fut jamais tourn\u00e9 et ne le sera certainement jamais, superproduction irr\u00e9elle et inatteignable que la r\u00e9alit\u00e9 ne pourra jamais nous offrir.<\/p>\n<h3 style=\"text-align: justify;\">Ca commence grand angle&#8230;<\/h3>\n<p style=\"text-align: justify;\">&#8230; \u00ab <strong>Astringent Mouse Trap<\/strong> \u00bb. La basse claque comme dans les vieux <strong>Gainsbourg<\/strong>. Une gratte western s\u2019invite dans une ambiance urbaine pos\u00e9e par les cuivres et, nouveaut\u00e9 dans le gang Pallem, par un quatuor \u00e0 cordes . Des bruitages cosmiques \u00e9voquent une cit\u00e9 SF \u00e0 la <strong>Blade Runner<\/strong>.<\/p>\n<p><em>Fred Pallem et le Sacre du Tympan &#8211; Astringent Mouse Trap<\/em><\/p>\n<div class=\"youtube-embed\" data-video_id=\"PsGRq6KC9ho\"><iframe loading=\"lazy\" title=\"Astringent Mouse Trap\" width=\"696\" height=\"522\" src=\"https:\/\/www.youtube.com\/embed\/PsGRq6KC9ho\" frameborder=\"0\" allow=\"accelerometer; autoplay; clipboard-write; encrypted-media; gyroscope; picture-in-picture; web-share\" referrerpolicy=\"strict-origin-when-cross-origin\" allowfullscreen><\/iframe><\/div>\n<h3 style=\"text-align: justify;\">Panoramique&#8230;<\/h3>\n<p style=\"text-align: justify;\">&#8230; Entrons dans \u00ab <strong>Le Village du Sorcier<\/strong> \u00bb. L\u00e0 on rem\u00e9more s\u00e9v\u00e8re. Des bribes de vieilles s\u00e9ries t\u00e9l\u00e9 affleurent. <strong>Lalo Schifrin<\/strong> surfe sur les volutes entrecrois\u00e9es de l\u2019orchestration. Mission impossible ? Pas pour Fred Pallem\u2026<\/p>\n<p><em>Fred Pallem et le Sacre du Tympan &#8211; Le Village du Sorcier<\/em><\/p>\n<div class=\"youtube-embed\" data-video_id=\"xFFktZ5WdY8\"><iframe loading=\"lazy\" title=\"Fred Pallem &amp; Le Sacre du Tympan - L&#039;Odyss\u00e9e - 02   Le village du sorcier\" width=\"696\" height=\"522\" src=\"https:\/\/www.youtube.com\/embed\/xFFktZ5WdY8\" frameborder=\"0\" allow=\"accelerometer; autoplay; clipboard-write; encrypted-media; gyroscope; picture-in-picture; web-share\" referrerpolicy=\"strict-origin-when-cross-origin\" allowfullscreen><\/iframe><\/div>\n<h3>Cam\u00e9ra subjective&#8230;<\/h3>\n<p style=\"text-align: justify;\">&#8230; dans un d\u00e9dale de rues. \u00ab<strong> L\u2019Intrus part. 1<\/strong> \u00bb.\u00a0 Ambiance flippante. Peur sur la ville. Pallem nous plonge en plein trip polar \u00e0 la fran\u00e7aise seventies. Cuivres et cordes distillent un cocktail malsain \u00e0 souhait.<\/p>\n<h3>Plan large&#8230;<\/h3>\n<p style=\"text-align: justify;\">&#8230; sur les c\u00f4tes am\u00e9ricaines pour \u00ab <strong>L\u2019Intrus part. 2<\/strong> \u00bb. Les cordes se font dissonantes tandis qu\u2019un saxo et une fl\u00fbte dansent un vaudou free et d\u00e9jant\u00e9. Nouveau plan large sur les rivages yankees qui s\u2019\u00e9loignent. Retour nocturne sur les quais d\u2019un port du nord de l\u2019hexagone pour un final frenchy.<\/p>\n<p><img data-recalc-dims=\"1\" loading=\"lazy\" decoding=\"async\" class=\" wp-image-23447 aligncenter\" src=\"https:\/\/i0.wp.com\/culturesco.com\/wp-content\/uploads\/2024\/11\/cartoons_le_retour.jpg?resize=498%2C229&#038;ssl=1\" alt=\"Sacre du Tympan\" width=\"498\" height=\"229\" srcset=\"https:\/\/i0.wp.com\/culturesco.com\/wp-content\/uploads\/2024\/11\/cartoons_le_retour.jpg?resize=300%2C138&amp;ssl=1 300w, https:\/\/i0.wp.com\/culturesco.com\/wp-content\/uploads\/2024\/11\/cartoons_le_retour.jpg?resize=768%2C353&amp;ssl=1 768w, https:\/\/i0.wp.com\/culturesco.com\/wp-content\/uploads\/2024\/11\/cartoons_le_retour.jpg?resize=696%2C320&amp;ssl=1 696w, https:\/\/i0.wp.com\/culturesco.com\/wp-content\/uploads\/2024\/11\/cartoons_le_retour.jpg?w=600&amp;ssl=1 600w\" sizes=\"auto, (max-width: 498px) 100vw, 498px\" \/><\/p>\n<h3 style=\"text-align: justify;\">Fondu \u00e0 l\u2019ouverture&#8230;<\/h3>\n<p style=\"text-align: justify;\">&#8230; Brume. P\u00e9niches sagement rang\u00e9es le long du canal comme de gros animaux endormis. Une atmosph\u00e8re \u00e0 la Simenon plante le d\u00e9cor de \u00ab <strong>Death and Life of a Suburban Guy<\/strong> \u00bb. La basse Gainsbourgienne sixties revient pointer le bout de ses frets. On aper\u00e7oit au loin <strong>Melody Nelson<\/strong> balan\u00e7ant ses hanches et ses cheveux rouges. Les cuivres rutilent, luttant de charme avec les cordes. Des gangsters, doulos savamment inclin\u00e9, costard impeccable, f\u00eatent leur dernier coup dans une grande brasserie du Paris de <strong>Nestor Burma<\/strong>. Dehors, sur le trottoir encore humide de la derni\u00e8re pluie du soir, un solo de violon se fait entendre, qui ferait saliver<a href=\"https:\/\/fr.wikipedia.org\/wiki\/Jean-Luc_Ponty\"><strong> Jean-Luc Ponty<\/strong><\/a>. Puis on retrouve la Picardie brouillardeuse pour une conclusion m\u00e9lancolique.<\/p>\n<p><img data-recalc-dims=\"1\" loading=\"lazy\" decoding=\"async\" class=\" wp-image-23448 aligncenter\" src=\"https:\/\/i0.wp.com\/culturesco.com\/wp-content\/uploads\/2024\/11\/DSC_0620.jpg?resize=509%2C339&#038;ssl=1\" alt=\"Fred Pallem et le Sacre du Tympan\" width=\"509\" height=\"339\" srcset=\"https:\/\/i0.wp.com\/culturesco.com\/wp-content\/uploads\/2024\/11\/DSC_0620.jpg?resize=300%2C200&amp;ssl=1 300w, https:\/\/i0.wp.com\/culturesco.com\/wp-content\/uploads\/2024\/11\/DSC_0620.jpg?resize=943%2C627&amp;ssl=1 943w, https:\/\/i0.wp.com\/culturesco.com\/wp-content\/uploads\/2024\/11\/DSC_0620.jpg?resize=768%2C511&amp;ssl=1 768w, https:\/\/i0.wp.com\/culturesco.com\/wp-content\/uploads\/2024\/11\/DSC_0620.jpg?resize=632%2C420&amp;ssl=1 632w, https:\/\/i0.wp.com\/culturesco.com\/wp-content\/uploads\/2024\/11\/DSC_0620.jpg?resize=696%2C463&amp;ssl=1 696w, https:\/\/i0.wp.com\/culturesco.com\/wp-content\/uploads\/2024\/11\/DSC_0620.jpg?w=600&amp;ssl=1 600w\" sizes=\"auto, (max-width: 509px) 100vw, 509px\" \/><\/p>\n<h3>Multiscreen&#8230;<\/h3>\n<p style=\"text-align: justify;\">&#8230; \u00c9cran affol\u00e9. \u00ab <strong>Hemophilus Aphrophilus<\/strong> \u00bb bombarde nos r\u00e9tines de couleurs psych\u00e9s sur un orgue qui doit faire se tr\u00e9mousser les popotins sur B\u00e9telgeuse.<\/p>\n<figure id=\"attachment_23450\" aria-describedby=\"caption-attachment-23450\" style=\"width: 435px\" class=\"wp-caption aligncenter\"><img data-recalc-dims=\"1\" loading=\"lazy\" decoding=\"async\" class=\" wp-image-23450\" src=\"https:\/\/i0.wp.com\/culturesco.com\/wp-content\/uploads\/2024\/11\/FRED-PALLEM-ET-LE-SACFE-DU-TYMPAN-C-SYLVAIN-GRIPOIX-03.jpg?resize=435%2C435&#038;ssl=1\" alt=\"Fred Pallem et le Sacre du Tympan\" width=\"435\" height=\"435\" srcset=\"https:\/\/i0.wp.com\/culturesco.com\/wp-content\/uploads\/2024\/11\/FRED-PALLEM-ET-LE-SACFE-DU-TYMPAN-C-SYLVAIN-GRIPOIX-03.jpg?resize=300%2C300&amp;ssl=1 300w, https:\/\/i0.wp.com\/culturesco.com\/wp-content\/uploads\/2024\/11\/FRED-PALLEM-ET-LE-SACFE-DU-TYMPAN-C-SYLVAIN-GRIPOIX-03.jpg?resize=627%2C627&amp;ssl=1 627w, https:\/\/i0.wp.com\/culturesco.com\/wp-content\/uploads\/2024\/11\/FRED-PALLEM-ET-LE-SACFE-DU-TYMPAN-C-SYLVAIN-GRIPOIX-03.jpg?resize=150%2C150&amp;ssl=1 150w, https:\/\/i0.wp.com\/culturesco.com\/wp-content\/uploads\/2024\/11\/FRED-PALLEM-ET-LE-SACFE-DU-TYMPAN-C-SYLVAIN-GRIPOIX-03.jpg?resize=768%2C768&amp;ssl=1 768w, https:\/\/i0.wp.com\/culturesco.com\/wp-content\/uploads\/2024\/11\/FRED-PALLEM-ET-LE-SACFE-DU-TYMPAN-C-SYLVAIN-GRIPOIX-03.jpg?resize=1536%2C1536&amp;ssl=1 1536w, https:\/\/i0.wp.com\/culturesco.com\/wp-content\/uploads\/2024\/11\/FRED-PALLEM-ET-LE-SACFE-DU-TYMPAN-C-SYLVAIN-GRIPOIX-03.jpg?resize=2048%2C2048&amp;ssl=1 2048w, https:\/\/i0.wp.com\/culturesco.com\/wp-content\/uploads\/2024\/11\/FRED-PALLEM-ET-LE-SACFE-DU-TYMPAN-C-SYLVAIN-GRIPOIX-03.jpg?resize=420%2C420&amp;ssl=1 420w, https:\/\/i0.wp.com\/culturesco.com\/wp-content\/uploads\/2024\/11\/FRED-PALLEM-ET-LE-SACFE-DU-TYMPAN-C-SYLVAIN-GRIPOIX-03.jpg?resize=696%2C696&amp;ssl=1 696w, https:\/\/i0.wp.com\/culturesco.com\/wp-content\/uploads\/2024\/11\/FRED-PALLEM-ET-LE-SACFE-DU-TYMPAN-C-SYLVAIN-GRIPOIX-03.jpg?resize=1068%2C1068&amp;ssl=1 1068w, https:\/\/i0.wp.com\/culturesco.com\/wp-content\/uploads\/2024\/11\/FRED-PALLEM-ET-LE-SACFE-DU-TYMPAN-C-SYLVAIN-GRIPOIX-03.jpg?w=600&amp;ssl=1 600w, https:\/\/i0.wp.com\/culturesco.com\/wp-content\/uploads\/2024\/11\/FRED-PALLEM-ET-LE-SACFE-DU-TYMPAN-C-SYLVAIN-GRIPOIX-03.jpg?resize=100%2C100&amp;ssl=1 100w, https:\/\/i0.wp.com\/culturesco.com\/wp-content\/uploads\/2024\/11\/FRED-PALLEM-ET-LE-SACFE-DU-TYMPAN-C-SYLVAIN-GRIPOIX-03.jpg?resize=50%2C50&amp;ssl=1 50w\" sizes=\"auto, (max-width: 435px) 100vw, 435px\" \/><figcaption id=\"caption-attachment-23450\" class=\"wp-caption-text\">Le Sacre du Tympan<\/figcaption><\/figure>\n<h3 style=\"text-align: justify;\">Zoom arri\u00e8re&#8230;<\/h3>\n<p style=\"text-align: justify;\">&#8230; lent. \u00ab <strong>L\u2019Odyss\u00e9e<\/strong> \u00bb se laisse d\u00e9couvrir aux accents d\u2019un clavecin dans une veine flirtant avec la musique classique. C\u2019est l\u00e9ger, sautillant, comme un menuet un brin d\u00e9suet dans un film de <a href=\"https:\/\/fr.wikipedia.org\/wiki\/Philippe_de_Broca\"><strong>Philippe de Broca<\/strong><\/a>.<\/p>\n<p><em>Fred Pallem et le Sacre du Tympan &#8211; L&rsquo;Odyss\u00e9e<\/em><\/p>\n<div class=\"youtube-embed\" data-video_id=\"q7uLL1oYLq8\"><iframe loading=\"lazy\" title=\"L&#039;Odyss\u00e9e\" width=\"696\" height=\"522\" src=\"https:\/\/www.youtube.com\/embed\/q7uLL1oYLq8\" frameborder=\"0\" allow=\"accelerometer; autoplay; clipboard-write; encrypted-media; gyroscope; picture-in-picture; web-share\" referrerpolicy=\"strict-origin-when-cross-origin\" allowfullscreen><\/iframe><\/div>\n<h3 style=\"text-align: justify;\">Montage speed&#8230;<\/h3>\n<p style=\"text-align: justify;\">&#8230; Stroboscopique. \u00ab <strong>L\u2019Enfant dans la Jungle Urbaine<\/strong> \u00bb nous chope \u00e0 la gorge pour une vir\u00e9e funky dans les bas-fonds de <strong>New York<\/strong>, les cops au cul toutes sir\u00e8nes hurlantes. La basse tabasse un groove redoutable et \u00e7a d\u00e9boule comme \u00e7a \u00e0 perdre haleine jusqu\u2019\u00e0 un final cuivr\u00e9 grandiose.<\/p>\n<p><em>Fred Pallem et le Sacre du Tympan &#8211; L&rsquo;enfant dans la Jungle Urbaine<\/em><\/p>\n<div class=\"youtube-embed\" data-video_id=\"Y_MSBlFMr9U\"><iframe loading=\"lazy\" title=\"L&#039;enfant dans la jungle urbaine\" width=\"696\" height=\"522\" src=\"https:\/\/www.youtube.com\/embed\/Y_MSBlFMr9U\" frameborder=\"0\" allow=\"accelerometer; autoplay; clipboard-write; encrypted-media; gyroscope; picture-in-picture; web-share\" referrerpolicy=\"strict-origin-when-cross-origin\" allowfullscreen><\/iframe><\/div>\n<h3 style=\"text-align: justify;\">Les mots \u00ab The End \u00bb s\u2019inscrivent sur la toile&#8230;<\/h3>\n<p style=\"text-align: justify;\">&#8230; G\u00e9n\u00e9rique de fin. Les lumi\u00e8res de la salle se rallument. Le projectionniste va rembobiner la belle odyss\u00e9e de Mister Fred Pallem. Alors, pass\u00e9iste ? Non, un nostalgique moderne bien ancr\u00e9 dans le son d\u2019aujourd\u2019hui. Alors, imitateur ? Non, un vrai cr\u00e9ateur dont la docte patte \u00e9vite les pi\u00e8ges du pastiche.<\/p>\n<p><em>Fred Pallem et le Sacre du Tympan &#8211; Petit best of live<\/em><\/p>\n<div class=\"youtube-embed\" data-video_id=\"lVaL4ug_Dnk\"><iframe loading=\"lazy\" title=\"Fred Pallem &amp; Le Sacre du Tympan | L&#039;Odyss\u00e9e - Jazz \u00e0 Junas, juillet 2021\" width=\"696\" height=\"392\" src=\"https:\/\/www.youtube.com\/embed\/lVaL4ug_Dnk?start=210\" frameborder=\"0\" allow=\"accelerometer; autoplay; clipboard-write; encrypted-media; gyroscope; picture-in-picture; web-share\" referrerpolicy=\"strict-origin-when-cross-origin\" allowfullscreen><\/iframe><\/div>\n<h3 style=\"text-align: justify;\">Retour sur image&#8230;<\/h3>\n<p style=\"text-align: justify;\">&#8230; Parler de cet album sans \u00e9voquer la pochette serait impardonnable. Car on a affaire ici au talentueux <strong>Elzo Durt<\/strong>. Artiste belge, il cr\u00e9e depuis bient\u00f4t 20 ans d\u2019innombrables visuels qui font la part belle \u00e0 l\u2019univers musical avec affiches, pochettes de disques, flyers et j\u2019en passe. D\u00e9tournant des gravures du 18\u00e8me et 19\u00e8me si\u00e8cle, Durt cr\u00e9e un monde <strong>Steampunk-Psych\u00e9d\u00e9lique<\/strong> aux couleurs <strong>Pop Art<\/strong>, fascinant et unique.<\/p>\n<p>Pour en voir plus : <strong><a href=\"https:\/\/elzodurt.com\/\">Elzo Durt<\/a><\/strong><\/p>\n<h3 style=\"text-align: center;\">Fred Pallem et le Sacre du Tympan \u2013 L\u2019Odyss\u00e9e<\/h3>\n<p>Musique compos\u00e9e et dirig\u00e9e par Fred Pallem<\/p>\n<p style=\"text-align: left;\">Face A<br \/>\nAstringent Mouse Trap \u2013 Le Village du Sorcier \u2013 L\u2019Intrus part.1 \u2013 L\u2019Intrus part.2<\/p>\n<p style=\"text-align: left;\">Face B<br \/>\nDeath and Life of a Suburban Guy \u2013 Hemophilus Aphrophilus \u2013 L\u2019Odyss\u00e9e \u2013 L\u2019enfant dans la Jungle Urbaine<\/p>\n<p style=\"text-align: left;\">Label : Train Fant\u00f4me<\/p>\n<p style=\"text-align: left;\">2018<\/p>\n","protected":false},"excerpt":{"rendered":"<p>Fred Pallem et le Sacre du Tympan L\u2019Odyss\u00e9e Musique imagin\u00e9e pour film imaginaire L\u2019ouvreuse vient juste de faire sa distribution, le panier en osier autour du cou. Bonbecs, pains au chocolat. Le pop-corn ne s\u00e9vit pas encore. La lumi\u00e8re commence \u00e0 baisser. L\u2019\u00e9cran s\u2019agite. G\u00e9n\u00e9rique. Te souviens-tu ? Le h\u00e9ros, debout sur le toit du [&hellip;]<\/p>\n","protected":false},"author":21,"featured_media":23453,"comment_status":"open","ping_status":"open","sticky":false,"template":"","format":"image","meta":{"jetpack_post_was_ever_published":false,"tdm_status":"","tdm_grid_status":"","_jetpack_newsletter_access":"","_jetpack_dont_email_post_to_subs":false,"_jetpack_newsletter_tier_id":0,"_jetpack_memberships_contains_paywalled_content":false,"_jetpack_memberships_contains_paid_content":false,"footnotes":""},"categories":[17,24,14494],"tags":[54,14495,4171],"class_list":{"0":"post-23409","1":"post","2":"type-post","3":"status-publish","4":"format-image","5":"has-post-thumbnail","7":"category-carotte-rock-cultures","8":"category-cinema","9":"category-musique-de-film","10":"tag-cinema","11":"tag-musique-de-film","12":"tag-pop-culture","13":"post_format-post-format-image"},"yoast_head":"<!-- This site is optimized with the Yoast SEO plugin v27.5 - https:\/\/yoast.com\/product\/yoast-seo-wordpress\/ -->\n<title>Fred Pallem et le Sacre du Tympan \u2013 L\u2019Odyss\u00e9e \u2013 Musique imagin\u00e9e pour film imaginaire - Culturesco<\/title>\n<meta name=\"description\" content=\"Avec L&#039;Odyss\u00e9e Fred Pallem et son Sacre du Tympan nous emm\u00e8nent dans une B.O de r\u00eave, celle d&#039;un film que seul notre imaginaire peut tourner.\" \/>\n<meta name=\"robots\" content=\"index, follow, max-snippet:-1, max-image-preview:large, max-video-preview:-1\" \/>\n<link rel=\"canonical\" href=\"https:\/\/culturesco.com\/index.php\/2024\/11\/24\/fred-pallem-et-le-sacre-du-tympan-lodyssee-musique-imaginee-pour-film-imaginaire\/\" \/>\n<meta property=\"og:locale\" content=\"fr_FR\" \/>\n<meta property=\"og:type\" content=\"article\" \/>\n<meta property=\"og:title\" content=\"Fred Pallem et le Sacre du Tympan \u2013 L\u2019Odyss\u00e9e \u2013 Musique imagin\u00e9e pour film imaginaire - Culturesco\" \/>\n<meta property=\"og:description\" content=\"Avec L&#039;Odyss\u00e9e Fred Pallem et son Sacre du Tympan nous emm\u00e8nent dans une B.O de r\u00eave, celle d&#039;un film que seul notre imaginaire peut tourner.\" \/>\n<meta property=\"og:url\" content=\"https:\/\/culturesco.com\/index.php\/2024\/11\/24\/fred-pallem-et-le-sacre-du-tympan-lodyssee-musique-imaginee-pour-film-imaginaire\/\" \/>\n<meta property=\"og:site_name\" content=\"Culturesco\" \/>\n<meta property=\"article:publisher\" content=\"https:\/\/www.facebook.com\/radioculturesco\" \/>\n<meta property=\"article:published_time\" content=\"2024-11-24T11:25:35+00:00\" \/>\n<meta property=\"og:image\" content=\"https:\/\/culturesco.com\/wp-content\/uploads\/2024\/11\/FRED-PALLEM-600-X-314.jpg\" \/>\n\t<meta property=\"og:image:width\" content=\"600\" \/>\n\t<meta property=\"og:image:height\" content=\"314\" \/>\n\t<meta property=\"og:image:type\" content=\"image\/jpeg\" \/>\n<meta name=\"author\" content=\"POUP\" \/>\n<meta name=\"twitter:card\" content=\"summary_large_image\" \/>\n<meta name=\"twitter:creator\" content=\"@AugusteMarshal\" \/>\n<meta name=\"twitter:site\" content=\"@AugusteMarshal\" \/>\n<meta name=\"twitter:label1\" content=\"\u00c9crit par\" \/>\n\t<meta name=\"twitter:data1\" content=\"POUP\" \/>\n\t<meta name=\"twitter:label2\" content=\"Dur\u00e9e de lecture estim\u00e9e\" \/>\n\t<meta name=\"twitter:data2\" content=\"10 minutes\" \/>\n<script type=\"application\/ld+json\" class=\"yoast-schema-graph\">{\"@context\":\"https:\\\/\\\/schema.org\",\"@graph\":[{\"@type\":\"Article\",\"@id\":\"https:\\\/\\\/culturesco.com\\\/index.php\\\/2024\\\/11\\\/24\\\/fred-pallem-et-le-sacre-du-tympan-lodyssee-musique-imaginee-pour-film-imaginaire\\\/#article\",\"isPartOf\":{\"@id\":\"https:\\\/\\\/culturesco.com\\\/index.php\\\/2024\\\/11\\\/24\\\/fred-pallem-et-le-sacre-du-tympan-lodyssee-musique-imaginee-pour-film-imaginaire\\\/\"},\"author\":{\"name\":\"POUP\",\"@id\":\"https:\\\/\\\/culturesco.com\\\/#\\\/schema\\\/person\\\/141a9f2445bccecf38edf04e7689ca59\"},\"headline\":\"Fred Pallem et le Sacre du Tympan \u2013 L\u2019Odyss\u00e9e \u2013 Musique imagin\u00e9e pour film imaginaire\",\"datePublished\":\"2024-11-24T11:25:35+00:00\",\"mainEntityOfPage\":{\"@id\":\"https:\\\/\\\/culturesco.com\\\/index.php\\\/2024\\\/11\\\/24\\\/fred-pallem-et-le-sacre-du-tympan-lodyssee-musique-imaginee-pour-film-imaginaire\\\/\"},\"wordCount\":1647,\"commentCount\":0,\"publisher\":{\"@id\":\"https:\\\/\\\/culturesco.com\\\/#organization\"},\"image\":{\"@id\":\"https:\\\/\\\/culturesco.com\\\/index.php\\\/2024\\\/11\\\/24\\\/fred-pallem-et-le-sacre-du-tympan-lodyssee-musique-imaginee-pour-film-imaginaire\\\/#primaryimage\"},\"thumbnailUrl\":\"https:\\\/\\\/i0.wp.com\\\/culturesco.com\\\/wp-content\\\/uploads\\\/2024\\\/11\\\/FRED-PALLEM-600-X-314.jpg?fit=600%2C314&ssl=1\",\"keywords\":[\"cin\u00e9ma\",\"Musique de film\",\"Pop culture\"],\"articleSection\":[\"Carotte Rock Cultures\",\"Cin\u00e9ma\",\"Musique de film\"],\"inLanguage\":\"fr-FR\",\"potentialAction\":[{\"@type\":\"CommentAction\",\"name\":\"Comment\",\"target\":[\"https:\\\/\\\/culturesco.com\\\/index.php\\\/2024\\\/11\\\/24\\\/fred-pallem-et-le-sacre-du-tympan-lodyssee-musique-imaginee-pour-film-imaginaire\\\/#respond\"]}]},{\"@type\":\"WebPage\",\"@id\":\"https:\\\/\\\/culturesco.com\\\/index.php\\\/2024\\\/11\\\/24\\\/fred-pallem-et-le-sacre-du-tympan-lodyssee-musique-imaginee-pour-film-imaginaire\\\/\",\"url\":\"https:\\\/\\\/culturesco.com\\\/index.php\\\/2024\\\/11\\\/24\\\/fred-pallem-et-le-sacre-du-tympan-lodyssee-musique-imaginee-pour-film-imaginaire\\\/\",\"name\":\"Fred Pallem et le Sacre du Tympan \u2013 L\u2019Odyss\u00e9e \u2013 Musique imagin\u00e9e pour film imaginaire - Culturesco\",\"isPartOf\":{\"@id\":\"https:\\\/\\\/culturesco.com\\\/#website\"},\"primaryImageOfPage\":{\"@id\":\"https:\\\/\\\/culturesco.com\\\/index.php\\\/2024\\\/11\\\/24\\\/fred-pallem-et-le-sacre-du-tympan-lodyssee-musique-imaginee-pour-film-imaginaire\\\/#primaryimage\"},\"image\":{\"@id\":\"https:\\\/\\\/culturesco.com\\\/index.php\\\/2024\\\/11\\\/24\\\/fred-pallem-et-le-sacre-du-tympan-lodyssee-musique-imaginee-pour-film-imaginaire\\\/#primaryimage\"},\"thumbnailUrl\":\"https:\\\/\\\/i0.wp.com\\\/culturesco.com\\\/wp-content\\\/uploads\\\/2024\\\/11\\\/FRED-PALLEM-600-X-314.jpg?fit=600%2C314&ssl=1\",\"datePublished\":\"2024-11-24T11:25:35+00:00\",\"description\":\"Avec L'Odyss\u00e9e Fred Pallem et son Sacre du Tympan nous emm\u00e8nent dans une B.O de r\u00eave, celle d'un film que seul notre imaginaire peut tourner.\",\"breadcrumb\":{\"@id\":\"https:\\\/\\\/culturesco.com\\\/index.php\\\/2024\\\/11\\\/24\\\/fred-pallem-et-le-sacre-du-tympan-lodyssee-musique-imaginee-pour-film-imaginaire\\\/#breadcrumb\"},\"inLanguage\":\"fr-FR\",\"potentialAction\":[{\"@type\":\"ReadAction\",\"target\":[\"https:\\\/\\\/culturesco.com\\\/index.php\\\/2024\\\/11\\\/24\\\/fred-pallem-et-le-sacre-du-tympan-lodyssee-musique-imaginee-pour-film-imaginaire\\\/\"]}]},{\"@type\":\"ImageObject\",\"inLanguage\":\"fr-FR\",\"@id\":\"https:\\\/\\\/culturesco.com\\\/index.php\\\/2024\\\/11\\\/24\\\/fred-pallem-et-le-sacre-du-tympan-lodyssee-musique-imaginee-pour-film-imaginaire\\\/#primaryimage\",\"url\":\"https:\\\/\\\/i0.wp.com\\\/culturesco.com\\\/wp-content\\\/uploads\\\/2024\\\/11\\\/FRED-PALLEM-600-X-314.jpg?fit=600%2C314&ssl=1\",\"contentUrl\":\"https:\\\/\\\/i0.wp.com\\\/culturesco.com\\\/wp-content\\\/uploads\\\/2024\\\/11\\\/FRED-PALLEM-600-X-314.jpg?fit=600%2C314&ssl=1\",\"width\":600,\"height\":314,\"caption\":\"Fred Pallem et le Sacre du Tympan\"},{\"@type\":\"BreadcrumbList\",\"@id\":\"https:\\\/\\\/culturesco.com\\\/index.php\\\/2024\\\/11\\\/24\\\/fred-pallem-et-le-sacre-du-tympan-lodyssee-musique-imaginee-pour-film-imaginaire\\\/#breadcrumb\",\"itemListElement\":[{\"@type\":\"ListItem\",\"position\":1,\"name\":\"Accueil\",\"item\":\"https:\\\/\\\/culturesco.com\\\/\"},{\"@type\":\"ListItem\",\"position\":2,\"name\":\"Fred Pallem et le Sacre du Tympan \u2013 L\u2019Odyss\u00e9e \u2013 Musique imagin\u00e9e pour film imaginaire\"}]},{\"@type\":\"WebSite\",\"@id\":\"https:\\\/\\\/culturesco.com\\\/#website\",\"url\":\"https:\\\/\\\/culturesco.com\\\/\",\"name\":\"Culturesco\",\"description\":\"Culturesco | Un bon coup de pied dans ta Culture\",\"publisher\":{\"@id\":\"https:\\\/\\\/culturesco.com\\\/#organization\"},\"potentialAction\":[{\"@type\":\"SearchAction\",\"target\":{\"@type\":\"EntryPoint\",\"urlTemplate\":\"https:\\\/\\\/culturesco.com\\\/?s={search_term_string}\"},\"query-input\":{\"@type\":\"PropertyValueSpecification\",\"valueRequired\":true,\"valueName\":\"search_term_string\"}}],\"inLanguage\":\"fr-FR\"},{\"@type\":\"Organization\",\"@id\":\"https:\\\/\\\/culturesco.com\\\/#organization\",\"name\":\"CULTURESCO\",\"url\":\"https:\\\/\\\/culturesco.com\\\/\",\"logo\":{\"@type\":\"ImageObject\",\"inLanguage\":\"fr-FR\",\"@id\":\"https:\\\/\\\/culturesco.com\\\/#\\\/schema\\\/logo\\\/image\\\/\",\"url\":\"https:\\\/\\\/i0.wp.com\\\/culturesco.com\\\/wp-content\\\/uploads\\\/2022\\\/04\\\/culturesco-logo-blanc250p.png?fit=250%2C250&ssl=1\",\"contentUrl\":\"https:\\\/\\\/i0.wp.com\\\/culturesco.com\\\/wp-content\\\/uploads\\\/2022\\\/04\\\/culturesco-logo-blanc250p.png?fit=250%2C250&ssl=1\",\"width\":250,\"height\":250,\"caption\":\"CULTURESCO\"},\"image\":{\"@id\":\"https:\\\/\\\/culturesco.com\\\/#\\\/schema\\\/logo\\\/image\\\/\"},\"sameAs\":[\"https:\\\/\\\/www.facebook.com\\\/radioculturesco\",\"https:\\\/\\\/x.com\\\/AugusteMarshal\",\"https:\\\/\\\/www.instagram.com\\\/carotte_rock_culture\\\/\",\"https:\\\/\\\/www.pinterest.fr\\\/augustemarshal\\\/\",\"https:\\\/\\\/www.youtube.com\\\/channel\\\/UCiWLGffqWSXlNnfzp6YwwyQ\"]},{\"@type\":\"Person\",\"@id\":\"https:\\\/\\\/culturesco.com\\\/#\\\/schema\\\/person\\\/141a9f2445bccecf38edf04e7689ca59\",\"name\":\"POUP\",\"image\":{\"@type\":\"ImageObject\",\"inLanguage\":\"fr-FR\",\"@id\":\"https:\\\/\\\/i0.wp.com\\\/culturesco.com\\\/wp-content\\\/uploads\\\/2021\\\/12\\\/CROOKED-HOUSE-BLUES-7.jpg?fit=96%2C71&ssl=1\",\"url\":\"https:\\\/\\\/i0.wp.com\\\/culturesco.com\\\/wp-content\\\/uploads\\\/2021\\\/12\\\/CROOKED-HOUSE-BLUES-7.jpg?fit=96%2C71&ssl=1\",\"contentUrl\":\"https:\\\/\\\/i0.wp.com\\\/culturesco.com\\\/wp-content\\\/uploads\\\/2021\\\/12\\\/CROOKED-HOUSE-BLUES-7.jpg?fit=96%2C71&ssl=1\",\"caption\":\"POUP\"},\"description\":\"Laurent Poupinais, alias Poup. Diverses aventures dans le monde du fanzine (Nestor Mag, La Chronique Du Vermifuge), dans le Rock Punk\\\/Garage (Les Ambulances, Mystery Machine, Traffic Drone) en tant que batteur. Dessinateur addict au noir et blanc qui r\u00e9alise des illustrations pour des fanzines (Rock Hardi , Cafzic) mais aussi des visuels pour des groupes (pochette de disque, T-shirt, affiche, flyers et toutes ces sortes de choses).\",\"url\":\"https:\\\/\\\/culturesco.com\\\/index.php\\\/author\\\/poup\\\/\"}]}<\/script>\n<!-- \/ Yoast SEO plugin. -->","yoast_head_json":{"title":"Fred Pallem et le Sacre du Tympan \u2013 L\u2019Odyss\u00e9e \u2013 Musique imagin\u00e9e pour film imaginaire - Culturesco","description":"Avec L'Odyss\u00e9e Fred Pallem et son Sacre du Tympan nous emm\u00e8nent dans une B.O de r\u00eave, celle d'un film que seul notre imaginaire peut tourner.","robots":{"index":"index","follow":"follow","max-snippet":"max-snippet:-1","max-image-preview":"max-image-preview:large","max-video-preview":"max-video-preview:-1"},"canonical":"https:\/\/culturesco.com\/index.php\/2024\/11\/24\/fred-pallem-et-le-sacre-du-tympan-lodyssee-musique-imaginee-pour-film-imaginaire\/","og_locale":"fr_FR","og_type":"article","og_title":"Fred Pallem et le Sacre du Tympan \u2013 L\u2019Odyss\u00e9e \u2013 Musique imagin\u00e9e pour film imaginaire - Culturesco","og_description":"Avec L'Odyss\u00e9e Fred Pallem et son Sacre du Tympan nous emm\u00e8nent dans une B.O de r\u00eave, celle d'un film que seul notre imaginaire peut tourner.","og_url":"https:\/\/culturesco.com\/index.php\/2024\/11\/24\/fred-pallem-et-le-sacre-du-tympan-lodyssee-musique-imaginee-pour-film-imaginaire\/","og_site_name":"Culturesco","article_publisher":"https:\/\/www.facebook.com\/radioculturesco","article_published_time":"2024-11-24T11:25:35+00:00","og_image":[{"width":600,"height":314,"url":"https:\/\/culturesco.com\/wp-content\/uploads\/2024\/11\/FRED-PALLEM-600-X-314.jpg","type":"image\/jpeg"}],"author":"POUP","twitter_card":"summary_large_image","twitter_creator":"@AugusteMarshal","twitter_site":"@AugusteMarshal","twitter_misc":{"\u00c9crit par":"POUP","Dur\u00e9e de lecture estim\u00e9e":"10 minutes"},"schema":{"@context":"https:\/\/schema.org","@graph":[{"@type":"Article","@id":"https:\/\/culturesco.com\/index.php\/2024\/11\/24\/fred-pallem-et-le-sacre-du-tympan-lodyssee-musique-imaginee-pour-film-imaginaire\/#article","isPartOf":{"@id":"https:\/\/culturesco.com\/index.php\/2024\/11\/24\/fred-pallem-et-le-sacre-du-tympan-lodyssee-musique-imaginee-pour-film-imaginaire\/"},"author":{"name":"POUP","@id":"https:\/\/culturesco.com\/#\/schema\/person\/141a9f2445bccecf38edf04e7689ca59"},"headline":"Fred Pallem et le Sacre du Tympan \u2013 L\u2019Odyss\u00e9e \u2013 Musique imagin\u00e9e pour film imaginaire","datePublished":"2024-11-24T11:25:35+00:00","mainEntityOfPage":{"@id":"https:\/\/culturesco.com\/index.php\/2024\/11\/24\/fred-pallem-et-le-sacre-du-tympan-lodyssee-musique-imaginee-pour-film-imaginaire\/"},"wordCount":1647,"commentCount":0,"publisher":{"@id":"https:\/\/culturesco.com\/#organization"},"image":{"@id":"https:\/\/culturesco.com\/index.php\/2024\/11\/24\/fred-pallem-et-le-sacre-du-tympan-lodyssee-musique-imaginee-pour-film-imaginaire\/#primaryimage"},"thumbnailUrl":"https:\/\/i0.wp.com\/culturesco.com\/wp-content\/uploads\/2024\/11\/FRED-PALLEM-600-X-314.jpg?fit=600%2C314&ssl=1","keywords":["cin\u00e9ma","Musique de film","Pop culture"],"articleSection":["Carotte Rock Cultures","Cin\u00e9ma","Musique de film"],"inLanguage":"fr-FR","potentialAction":[{"@type":"CommentAction","name":"Comment","target":["https:\/\/culturesco.com\/index.php\/2024\/11\/24\/fred-pallem-et-le-sacre-du-tympan-lodyssee-musique-imaginee-pour-film-imaginaire\/#respond"]}]},{"@type":"WebPage","@id":"https:\/\/culturesco.com\/index.php\/2024\/11\/24\/fred-pallem-et-le-sacre-du-tympan-lodyssee-musique-imaginee-pour-film-imaginaire\/","url":"https:\/\/culturesco.com\/index.php\/2024\/11\/24\/fred-pallem-et-le-sacre-du-tympan-lodyssee-musique-imaginee-pour-film-imaginaire\/","name":"Fred Pallem et le Sacre du Tympan \u2013 L\u2019Odyss\u00e9e \u2013 Musique imagin\u00e9e pour film imaginaire - Culturesco","isPartOf":{"@id":"https:\/\/culturesco.com\/#website"},"primaryImageOfPage":{"@id":"https:\/\/culturesco.com\/index.php\/2024\/11\/24\/fred-pallem-et-le-sacre-du-tympan-lodyssee-musique-imaginee-pour-film-imaginaire\/#primaryimage"},"image":{"@id":"https:\/\/culturesco.com\/index.php\/2024\/11\/24\/fred-pallem-et-le-sacre-du-tympan-lodyssee-musique-imaginee-pour-film-imaginaire\/#primaryimage"},"thumbnailUrl":"https:\/\/i0.wp.com\/culturesco.com\/wp-content\/uploads\/2024\/11\/FRED-PALLEM-600-X-314.jpg?fit=600%2C314&ssl=1","datePublished":"2024-11-24T11:25:35+00:00","description":"Avec L'Odyss\u00e9e Fred Pallem et son Sacre du Tympan nous emm\u00e8nent dans une B.O de r\u00eave, celle d'un film que seul notre imaginaire peut tourner.","breadcrumb":{"@id":"https:\/\/culturesco.com\/index.php\/2024\/11\/24\/fred-pallem-et-le-sacre-du-tympan-lodyssee-musique-imaginee-pour-film-imaginaire\/#breadcrumb"},"inLanguage":"fr-FR","potentialAction":[{"@type":"ReadAction","target":["https:\/\/culturesco.com\/index.php\/2024\/11\/24\/fred-pallem-et-le-sacre-du-tympan-lodyssee-musique-imaginee-pour-film-imaginaire\/"]}]},{"@type":"ImageObject","inLanguage":"fr-FR","@id":"https:\/\/culturesco.com\/index.php\/2024\/11\/24\/fred-pallem-et-le-sacre-du-tympan-lodyssee-musique-imaginee-pour-film-imaginaire\/#primaryimage","url":"https:\/\/i0.wp.com\/culturesco.com\/wp-content\/uploads\/2024\/11\/FRED-PALLEM-600-X-314.jpg?fit=600%2C314&ssl=1","contentUrl":"https:\/\/i0.wp.com\/culturesco.com\/wp-content\/uploads\/2024\/11\/FRED-PALLEM-600-X-314.jpg?fit=600%2C314&ssl=1","width":600,"height":314,"caption":"Fred Pallem et le Sacre du Tympan"},{"@type":"BreadcrumbList","@id":"https:\/\/culturesco.com\/index.php\/2024\/11\/24\/fred-pallem-et-le-sacre-du-tympan-lodyssee-musique-imaginee-pour-film-imaginaire\/#breadcrumb","itemListElement":[{"@type":"ListItem","position":1,"name":"Accueil","item":"https:\/\/culturesco.com\/"},{"@type":"ListItem","position":2,"name":"Fred Pallem et le Sacre du Tympan \u2013 L\u2019Odyss\u00e9e \u2013 Musique imagin\u00e9e pour film imaginaire"}]},{"@type":"WebSite","@id":"https:\/\/culturesco.com\/#website","url":"https:\/\/culturesco.com\/","name":"Culturesco","description":"Culturesco | Un bon coup de pied dans ta Culture","publisher":{"@id":"https:\/\/culturesco.com\/#organization"},"potentialAction":[{"@type":"SearchAction","target":{"@type":"EntryPoint","urlTemplate":"https:\/\/culturesco.com\/?s={search_term_string}"},"query-input":{"@type":"PropertyValueSpecification","valueRequired":true,"valueName":"search_term_string"}}],"inLanguage":"fr-FR"},{"@type":"Organization","@id":"https:\/\/culturesco.com\/#organization","name":"CULTURESCO","url":"https:\/\/culturesco.com\/","logo":{"@type":"ImageObject","inLanguage":"fr-FR","@id":"https:\/\/culturesco.com\/#\/schema\/logo\/image\/","url":"https:\/\/i0.wp.com\/culturesco.com\/wp-content\/uploads\/2022\/04\/culturesco-logo-blanc250p.png?fit=250%2C250&ssl=1","contentUrl":"https:\/\/i0.wp.com\/culturesco.com\/wp-content\/uploads\/2022\/04\/culturesco-logo-blanc250p.png?fit=250%2C250&ssl=1","width":250,"height":250,"caption":"CULTURESCO"},"image":{"@id":"https:\/\/culturesco.com\/#\/schema\/logo\/image\/"},"sameAs":["https:\/\/www.facebook.com\/radioculturesco","https:\/\/x.com\/AugusteMarshal","https:\/\/www.instagram.com\/carotte_rock_culture\/","https:\/\/www.pinterest.fr\/augustemarshal\/","https:\/\/www.youtube.com\/channel\/UCiWLGffqWSXlNnfzp6YwwyQ"]},{"@type":"Person","@id":"https:\/\/culturesco.com\/#\/schema\/person\/141a9f2445bccecf38edf04e7689ca59","name":"POUP","image":{"@type":"ImageObject","inLanguage":"fr-FR","@id":"https:\/\/i0.wp.com\/culturesco.com\/wp-content\/uploads\/2021\/12\/CROOKED-HOUSE-BLUES-7.jpg?fit=96%2C71&ssl=1","url":"https:\/\/i0.wp.com\/culturesco.com\/wp-content\/uploads\/2021\/12\/CROOKED-HOUSE-BLUES-7.jpg?fit=96%2C71&ssl=1","contentUrl":"https:\/\/i0.wp.com\/culturesco.com\/wp-content\/uploads\/2021\/12\/CROOKED-HOUSE-BLUES-7.jpg?fit=96%2C71&ssl=1","caption":"POUP"},"description":"Laurent Poupinais, alias Poup. Diverses aventures dans le monde du fanzine (Nestor Mag, La Chronique Du Vermifuge), dans le Rock Punk\/Garage (Les Ambulances, Mystery Machine, Traffic Drone) en tant que batteur. Dessinateur addict au noir et blanc qui r\u00e9alise des illustrations pour des fanzines (Rock Hardi , Cafzic) mais aussi des visuels pour des groupes (pochette de disque, T-shirt, affiche, flyers et toutes ces sortes de choses).","url":"https:\/\/culturesco.com\/index.php\/author\/poup\/"}]}},"jetpack_featured_media_url":"https:\/\/i0.wp.com\/culturesco.com\/wp-content\/uploads\/2024\/11\/FRED-PALLEM-600-X-314.jpg?fit=600%2C314&ssl=1","jetpack_likes_enabled":true,"jetpack_sharing_enabled":true,"jetpack_shortlink":"https:\/\/wp.me\/paz89I-65z","_links":{"self":[{"href":"https:\/\/culturesco.com\/index.php\/wp-json\/wp\/v2\/posts\/23409","targetHints":{"allow":["GET"]}}],"collection":[{"href":"https:\/\/culturesco.com\/index.php\/wp-json\/wp\/v2\/posts"}],"about":[{"href":"https:\/\/culturesco.com\/index.php\/wp-json\/wp\/v2\/types\/post"}],"author":[{"embeddable":true,"href":"https:\/\/culturesco.com\/index.php\/wp-json\/wp\/v2\/users\/21"}],"replies":[{"embeddable":true,"href":"https:\/\/culturesco.com\/index.php\/wp-json\/wp\/v2\/comments?post=23409"}],"version-history":[{"count":0,"href":"https:\/\/culturesco.com\/index.php\/wp-json\/wp\/v2\/posts\/23409\/revisions"}],"wp:featuredmedia":[{"embeddable":true,"href":"https:\/\/culturesco.com\/index.php\/wp-json\/wp\/v2\/media\/23453"}],"wp:attachment":[{"href":"https:\/\/culturesco.com\/index.php\/wp-json\/wp\/v2\/media?parent=23409"}],"wp:term":[{"taxonomy":"category","embeddable":true,"href":"https:\/\/culturesco.com\/index.php\/wp-json\/wp\/v2\/categories?post=23409"},{"taxonomy":"post_tag","embeddable":true,"href":"https:\/\/culturesco.com\/index.php\/wp-json\/wp\/v2\/tags?post=23409"}],"curies":[{"name":"wp","href":"https:\/\/api.w.org\/{rel}","templated":true}]}}