{"id":23206,"date":"2024-10-18T17:57:51","date_gmt":"2024-10-18T15:57:51","guid":{"rendered":"https:\/\/culturesco.com\/?p=23206"},"modified":"2024-10-18T20:56:45","modified_gmt":"2024-10-18T18:56:45","slug":"petit-pierre-son-manege-a-lui","status":"publish","type":"post","link":"https:\/\/culturesco.com\/index.php\/2024\/10\/18\/petit-pierre-son-manege-a-lui\/","title":{"rendered":"Petit Pierre &#8211; Son man\u00e8ge \u00e0 lui"},"content":{"rendered":"<h2 style=\"text-align: center;\">Petit Pierre &#8211; Son man\u00e8ge \u00e0 lui<\/h2>\n<figure id=\"attachment_23217\" aria-describedby=\"caption-attachment-23217\" style=\"width: 314px\" class=\"wp-caption aligncenter\"><img data-recalc-dims=\"1\" loading=\"lazy\" decoding=\"async\" class=\" wp-image-23217\" src=\"https:\/\/i0.wp.com\/culturesco.com\/wp-content\/uploads\/2024\/09\/petit-pierre-c-jean-yves-varrier-avec-l-aimable-autorisation-de-Jean-Francois-Raffestin.png?resize=314%2C464&#038;ssl=1\" alt=\"Petit Pierre\" width=\"314\" height=\"464\" srcset=\"https:\/\/i0.wp.com\/culturesco.com\/wp-content\/uploads\/2024\/09\/petit-pierre-c-jean-yves-varrier-avec-l-aimable-autorisation-de-Jean-Francois-Raffestin.png?resize=203%2C300&amp;ssl=1 203w, https:\/\/i0.wp.com\/culturesco.com\/wp-content\/uploads\/2024\/09\/petit-pierre-c-jean-yves-varrier-avec-l-aimable-autorisation-de-Jean-Francois-Raffestin.png?resize=424%2C627&amp;ssl=1 424w, https:\/\/i0.wp.com\/culturesco.com\/wp-content\/uploads\/2024\/09\/petit-pierre-c-jean-yves-varrier-avec-l-aimable-autorisation-de-Jean-Francois-Raffestin.png?resize=768%2C1137&amp;ssl=1 768w, https:\/\/i0.wp.com\/culturesco.com\/wp-content\/uploads\/2024\/09\/petit-pierre-c-jean-yves-varrier-avec-l-aimable-autorisation-de-Jean-Francois-Raffestin.png?resize=1038%2C1536&amp;ssl=1 1038w, https:\/\/i0.wp.com\/culturesco.com\/wp-content\/uploads\/2024\/09\/petit-pierre-c-jean-yves-varrier-avec-l-aimable-autorisation-de-Jean-Francois-Raffestin.png?resize=284%2C420&amp;ssl=1 284w, https:\/\/i0.wp.com\/culturesco.com\/wp-content\/uploads\/2024\/09\/petit-pierre-c-jean-yves-varrier-avec-l-aimable-autorisation-de-Jean-Francois-Raffestin.png?resize=696%2C1030&amp;ssl=1 696w, https:\/\/i0.wp.com\/culturesco.com\/wp-content\/uploads\/2024\/09\/petit-pierre-c-jean-yves-varrier-avec-l-aimable-autorisation-de-Jean-Francois-Raffestin.png?resize=1068%2C1581&amp;ssl=1 1068w, https:\/\/i0.wp.com\/culturesco.com\/wp-content\/uploads\/2024\/09\/petit-pierre-c-jean-yves-varrier-avec-l-aimable-autorisation-de-Jean-Francois-Raffestin.png?resize=600%2C888&amp;ssl=1 600w, https:\/\/i0.wp.com\/culturesco.com\/wp-content\/uploads\/2024\/09\/petit-pierre-c-jean-yves-varrier-avec-l-aimable-autorisation-de-Jean-Francois-Raffestin.png?w=405&amp;ssl=1 405w\" sizes=\"auto, (max-width: 314px) 100vw, 314px\" \/><figcaption id=\"caption-attachment-23217\" class=\"wp-caption-text\">Cr\u00e9dit photo : Jean-Yves Varrier<\/figcaption><\/figure>\n<p>\u2014 H\u00e9\u00a0! L\u2019beugniot\u00a0! Ha ha\u00a0!<br \/>\n\u2014 Ah mais alors, c\u2019qu\u2019i\u2019 peut \u00eat\u2019 moche\u00a0!<br \/>\n\u2014 Vip\u00e8re, t\u00eate de vip\u00e8re\u00a0! Ha ha\u00a0!<br \/>\n\u2014 Sais m\u00eame pas causer en plus\u00a0!<\/p>\n<h3 style=\"text-align: justify;\">Tous les jours, ou presque&#8230;<\/h3>\n<p style=\"text-align: justify;\">&#8230; l\u2019enfant encaisse les m\u00eames m\u00e9chancet\u00e9s, les m\u00eames moqueries b\u00eatasses. On est pas toujours tendre, entre gamins dans la cour de r\u00e9cr\u00e9, quand la diff\u00e9rence vous cloue dans votre coin, \u00e0 part. Parce que la diff\u00e9rence \u00e7a fout la trouille. Alors on exclut, bien loin. On balance des vacheries comme on jetterait des pierres. \u00c7a rassure.<\/p>\n<h3 style=\"text-align: justify;\">Loiret. Vienne-en-Val. 1909&#8230;<\/h3>\n<p style=\"text-align: justify;\"><strong>&#8230; Pierre Avezard<\/strong>, dit <strong>Petit Pierre<\/strong>, arrive au monde. Une arriv\u00e9e pas vraiment plac\u00e9e sous les meilleures auspices. Ce jour l\u00e0 les bonnes f\u00e9es de la providence devaient \u00eatre occup\u00e9es ailleurs. Le bulletin de sant\u00e9 n\u2019est effectivement pas folichon : n\u00e9 avant terme, le bambin est frapp\u00e9 du syndrome Treacher Collins. R\u00e9sultat : Pierre d\u00e9marre dans la vie borgne, pratiquement sourd et de surcro\u00eet muet puisque Dame Nature, au passage, a oubli\u00e9 de lui fabriquer un palais.<\/p>\n<p><img data-recalc-dims=\"1\" loading=\"lazy\" decoding=\"async\" class=\" wp-image-23223 aligncenter\" src=\"https:\/\/i0.wp.com\/culturesco.com\/wp-content\/uploads\/2024\/09\/scan71.jpg?resize=305%2C455&#038;ssl=1\" alt=\"Petit Pierre\" width=\"305\" height=\"455\" srcset=\"https:\/\/i0.wp.com\/culturesco.com\/wp-content\/uploads\/2024\/09\/scan71.jpg?resize=201%2C300&amp;ssl=1 201w, https:\/\/i0.wp.com\/culturesco.com\/wp-content\/uploads\/2024\/09\/scan71.jpg?resize=281%2C420&amp;ssl=1 281w, https:\/\/i0.wp.com\/culturesco.com\/wp-content\/uploads\/2024\/09\/scan71.jpg?w=298&amp;ssl=1 298w\" sizes=\"auto, (max-width: 305px) 100vw, 305px\" \/><\/p>\n<p>Alors, \u00e9videmment, \u00e7a ne va pas \u00eatre simple&#8230;<\/p>\n<h3 style=\"text-align: justify;\">Pour commencer&#8230;<\/h3>\n<p style=\"text-align: justify;\">&#8230; l\u2019\u00e9cole. \u00c9preuve redoutable \u00e0 cette \u00e9poque pour un handicap\u00e9. Petit Pierre a du mal \u00e0 se concentrer mais est fascin\u00e9 par la g\u00e9om\u00e9trie et la mappemonde qui tr\u00f4ne dans la salle de classe. Fascination peu partag\u00e9e par ses \u00ab camarades \u00bb qui voit surtout en lui un objet de brimades perp\u00e9tuelles. L\u2019exp\u00e9rience ne dure pas. Au bout d\u2019un an l\u2019\u00e9ducation nationale remercie Petit Pierre. Par ici la sortie, on ne vous raccompagne pas, vous connaissez le chemin.<\/p>\n<h3 style=\"text-align: justify;\">Heureusement, au coeur de ce calvaire&#8230;<\/h3>\n<p style=\"text-align: justify;\">&#8230; existe un refuge. Sa famille. Aimante et protectrice. Th\u00e9r\u00e8se, la grande s\u0153ur, joue un r\u00f4le important en lui apprenant \u00e0 lire et \u00e0 \u00e9crire. En 1935 il est plac\u00e9 dans une ferme, dite de <strong>La Coinche<\/strong>, pour garder les vaches, ce qu\u2019il fera toute sa vie. \u00ab Le m\u00e9tier des innocents \u00bb comme on dit\u2026<\/p>\n<p><img data-recalc-dims=\"1\" loading=\"lazy\" decoding=\"async\" class=\" wp-image-23224 aligncenter\" src=\"https:\/\/i0.wp.com\/culturesco.com\/wp-content\/uploads\/2024\/09\/860_capture3.png.jpg?resize=377%2C433&#038;ssl=1\" alt=\"Petit Pierre\" width=\"377\" height=\"433\" srcset=\"https:\/\/i0.wp.com\/culturesco.com\/wp-content\/uploads\/2024\/09\/860_capture3.png.jpg?resize=261%2C300&amp;ssl=1 261w, https:\/\/i0.wp.com\/culturesco.com\/wp-content\/uploads\/2024\/09\/860_capture3.png.jpg?resize=546%2C627&amp;ssl=1 546w, https:\/\/i0.wp.com\/culturesco.com\/wp-content\/uploads\/2024\/09\/860_capture3.png.jpg?resize=365%2C420&amp;ssl=1 365w, https:\/\/i0.wp.com\/culturesco.com\/wp-content\/uploads\/2024\/09\/860_capture3.png.jpg?w=522&amp;ssl=1 522w\" sizes=\"auto, (max-width: 377px) 100vw, 377px\" \/><\/p>\n<h3 style=\"text-align: justify;\">Pas facile non plus \u00e0 la ferme&#8230;<\/h3>\n<p style=\"text-align: justify;\">&#8230; Les autres employ\u00e9s prennent vite pour cible ce qui n\u2019est \u00e0 leurs yeux qu\u2019un \u00eatre monstrueux et d\u00e9bile. C\u2019est \u00e0 cette \u00e9poque que Petit Pierre commence \u00e0 manifester un int\u00e9r\u00eat croissant pour le bricolage doubl\u00e9 d\u2019un don d\u2019observation exceptionnel. Il ramasse tout ce qu\u2019il trouve. Vieux clous, chambre \u00e0 air, fil de fer, bouts de ficelle, tout est bon. Il passe son temps libre \u00e0 examiner les machines agricoles, \u00e0 d\u00e9cortiquer les secrets de leur fonctionnement. Petit Pierre, patiemment, apprend.<\/p>\n<h3 style=\"text-align: justify;\">Cette intelligence&#8230;<\/h3>\n<p style=\"text-align: justify;\">&#8230; il va la mettre \u00e0 profit une premi\u00e8re fois pour \u00e9chapper \u00e0 la cruaut\u00e9 ambiante. Petit Pierre, \u00e0 la pause, a l\u2019habitude d\u2019aller piquer un petit somme dans les hauteurs de l\u2019\u00e9table. Repos trop souvent d\u00e9rang\u00e9 par ces joyeux drilles de coll\u00e8gues. Il se concocte alors une \u00e9chelle r\u00e9tractable qui lui permet de faire gentiment la nique \u00e0 ses harceleurs. Belle victoire de l&rsquo;esprit qui laisse entrevoir \u00e0 notre gar\u00e7on vacher des perspectives inattendues. Le monde ne veut pas de moi ? Je vais m\u2019en inventer un. G\u00e9nie de la bricole VS Monde cruel.<\/p>\n<p><img data-recalc-dims=\"1\" loading=\"lazy\" decoding=\"async\" class=\" wp-image-23226 aligncenter\" src=\"https:\/\/i0.wp.com\/culturesco.com\/wp-content\/uploads\/2024\/09\/scan121__PadWzc4OCw1MjUsIkZGRkZGRiIsMF0.jpg?resize=507%2C338&#038;ssl=1\" alt=\"Petit Pierre\" width=\"507\" height=\"338\" srcset=\"https:\/\/i0.wp.com\/culturesco.com\/wp-content\/uploads\/2024\/09\/scan121__PadWzc4OCw1MjUsIkZGRkZGRiIsMF0.jpg?resize=300%2C200&amp;ssl=1 300w, https:\/\/i0.wp.com\/culturesco.com\/wp-content\/uploads\/2024\/09\/scan121__PadWzc4OCw1MjUsIkZGRkZGRiIsMF0.jpg?resize=768%2C512&amp;ssl=1 768w, https:\/\/i0.wp.com\/culturesco.com\/wp-content\/uploads\/2024\/09\/scan121__PadWzc4OCw1MjUsIkZGRkZGRiIsMF0.jpg?resize=630%2C420&amp;ssl=1 630w, https:\/\/i0.wp.com\/culturesco.com\/wp-content\/uploads\/2024\/09\/scan121__PadWzc4OCw1MjUsIkZGRkZGRiIsMF0.jpg?resize=696%2C464&amp;ssl=1 696w, https:\/\/i0.wp.com\/culturesco.com\/wp-content\/uploads\/2024\/09\/scan121__PadWzc4OCw1MjUsIkZGRkZGRiIsMF0.jpg?w=600&amp;ssl=1 600w\" sizes=\"auto, (max-width: 507px) 100vw, 507px\" \/><\/p>\n<h3 style=\"text-align: justify;\">Alors il ne s\u2019arr\u00eate pas l\u00e0&#8230;<\/h3>\n<p style=\"text-align: justify;\">&#8230; Il va m\u00eame participer \u00e0 l\u2019am\u00e9lioration des conditions de travail \u00e0 la ferme en inventant un syst\u00e8me de distribution de betteraves pour les vaches. Un mini avion, actionn\u00e9 le long d\u2019un fil par un p\u00e9dalier de v\u00e9lo, va d\u00e9charger sa cargaison dans les mangeoires des bovid\u00e9s stup\u00e9fi\u00e9s. C\u2019est qu\u2019il les aime ses vaches ador\u00e9es. Petit Pierre appr\u00e9cie leur compagnie. Les vaches, elles au moins, ne passent pas leur temps \u00e0 le tourmenter. Il a \u00e7a pour lui, le bancale, le difforme. Pas revanchard. La rancune, c\u2019est pas son truc. Il pr\u00e9f\u00e8re, quand il rentre chez ses parents le dimanche, fabriquer des jouets pour <strong>L\u00e9on<\/strong>, son petit fr\u00e8re cadet de 17 ans. Constructeur et constructif.<\/p>\n<h3 style=\"text-align: justify;\">C\u2019est cette m\u00eame ann\u00e9e&#8230;<\/h3>\n<p style=\"text-align: justify;\">&#8230; 1937, que Petit Pierre imagine et commence son grand \u0153uvre. Un man\u00e8ge. La construction d\u00e9marre dans l\u2019\u00e9table. Petit \u00e0 petit, avec quelques mat\u00e9riaux. Et puis, en 1942, aubaine. Un bombardier allemand se crashe dans les environs. Chez <strong>Paul Hareng<\/strong>, plus pr\u00e9cis\u00e9ment, un ancien ma\u00e7on du coin devenu rebouteux. L\u2019homme aura son importance dans la vie de Petit Pierre, on le verra. En attendant celui-ci en profite pour r\u00e9cup\u00e9rer une manne in\u00e9puisable de ferraille, de t\u00f4les, de boulons et rivets de toutes tailles. Tout ce qu\u2019il faut pour d\u00e9velopper l\u2019\u00e9laboration du fameux man\u00e8ge.<\/p>\n<p><img data-recalc-dims=\"1\" loading=\"lazy\" decoding=\"async\" class=\" wp-image-23227 aligncenter\" src=\"https:\/\/i0.wp.com\/culturesco.com\/wp-content\/uploads\/2024\/09\/scan21.jpg?resize=498%2C335&#038;ssl=1\" alt=\"Petit Pierre\" width=\"498\" height=\"335\" srcset=\"https:\/\/i0.wp.com\/culturesco.com\/wp-content\/uploads\/2024\/09\/scan21.jpg?resize=300%2C202&amp;ssl=1 300w, https:\/\/i0.wp.com\/culturesco.com\/wp-content\/uploads\/2024\/09\/scan21.jpg?w=600&amp;ssl=1 600w\" sizes=\"auto, (max-width: 498px) 100vw, 498px\" \/><\/p>\n<h3 style=\"text-align: justify;\">1955&#8230;<\/h3>\n<p style=\"text-align: justify;\">&#8230; La chance semble sourire \u00e0 l\u2019artiste. Nous retrouvons Paul Hareng qui, s\u2019\u00e9tant pris de sympathie pour ce petit bonhomme pas comme les autres, d\u00e9cide de lui offrir un lopin de terre. Petit Pierre a un chez lui. C\u2019est l\u00e0 qu\u2019il va \u00e9riger sa bicoque, son petit havre o\u00f9 il pourra cogiter en paix ses futures r\u00e9alisations.<\/p>\n<h3 style=\"text-align: justify;\">Cette maison&#8230;<\/h3>\n<p style=\"text-align: justify;\">&#8230; plut\u00f4t assembl\u00e9e de bric et de broc, sera deux ans plus tard, reb\u00e2tie en dur \u00e0 l\u2019occasion de la r\u00e9novation de la ferme de la Coinche. Bonne augure, gr\u00e2ce au d\u00e9frichage d\u2019un massif d\u2019acacias de la ferme voisine, suffisamment de bois pourra \u00eatre rassembl\u00e9 pour la construction d\u2019une tour Eiffel de 23 m\u00e8tres qui deviendra une des attractions les plus spectaculaires du man\u00e8ge. Petit Pierre se sent le vent en poupe.<\/p>\n<h3 style=\"text-align: justify;\">Pendant pr\u00e8s de quarante ans&#8230;<\/h3>\n<p style=\"text-align: justify;\">&#8230; il continue, inlassablement, trouvaille apr\u00e8s trouvaille, de scier, clouer, marteler sa petite utopie \u00e0 lui. Et puis, en 1974, c\u2019est le p\u00e9pin. Attaque d\u2019h\u00e9mipl\u00e9gie. Soign\u00e9 dans un hospice du coin, il retourne tout de m\u00eame en taxi, tous les week-ends, pr\u00e9senter son carrousel qui, ann\u00e9e apr\u00e8s ann\u00e9e, attire une foule toujours plus nombreuses de curieux.<\/p>\n<h3 style=\"text-align: center;\"><strong>Le man\u00e8ge<\/strong><\/h3>\n<h3 style=\"text-align: justify;\">La Fabuloserie&#8230;<\/h3>\n<p style=\"text-align: justify;\">&#8230; Un samedi apr\u00e8s-midi. On est bien une quinzaine, avec la guide, \u00e0 d\u00e9ambuler dans le parc autour de l\u2019\u00e9tang. Une quinzaine de parapluies sous un crachin tenace. Pas grave. La pluie ne peut rien contre la magie du lieu. Un des bijoux du mus\u00e9e nous attend. Le man\u00e8ge de Petit Pierre.<\/p>\n<p><img data-recalc-dims=\"1\" loading=\"lazy\" decoding=\"async\" class=\" wp-image-23229 aligncenter\" src=\"https:\/\/i0.wp.com\/culturesco.com\/wp-content\/uploads\/2024\/09\/unnamed.jpg?resize=625%2C152&#038;ssl=1\" alt=\"Petit Pierre\" width=\"625\" height=\"152\" srcset=\"https:\/\/i0.wp.com\/culturesco.com\/wp-content\/uploads\/2024\/09\/unnamed.jpg?resize=300%2C73&amp;ssl=1 300w, https:\/\/i0.wp.com\/culturesco.com\/wp-content\/uploads\/2024\/09\/unnamed.jpg?w=512&amp;ssl=1 512w\" sizes=\"auto, (max-width: 625px) 100vw, 625px\" \/><\/p>\n<h3 style=\"text-align: justify;\">On y arrive&#8230;<\/h3>\n<p style=\"text-align: justify;\">&#8230; Un assemblage incroyable de carrousels. Des voitures, des trains, des avions, on reconna\u00eet le Concorde au passage, souvenir parmi tant d\u2019autres des voyages offerts en sa compagnie par L\u00e9on, le petit fr\u00e9rot devenu ing\u00e9nieur en a\u00e9ronautique. Des tracteurs, des vaches, \u00e9videmment, et m\u00eame une vache \u00e9lectrique, pied de nez de l\u2019artiste au \u00ab progr\u00e8s \u00bb. Et puis encore une foule de personnages, un automate buvant son verre de vin jusqu\u2019\u00e0 plus soif, des danseurs du bal du samedi soir o\u00f9 Petit Pierre s\u2019est repr\u00e9sent\u00e9 en train de valser avec une vache puisque personne ne veut de lui pour cavalier. Un peu plus loin des cyclistes tournent \u00e9perdument, poursuivis par un tramway.<\/p>\n<figure id=\"attachment_23231\" aria-describedby=\"caption-attachment-23231\" style=\"width: 487px\" class=\"wp-caption aligncenter\"><img data-recalc-dims=\"1\" loading=\"lazy\" decoding=\"async\" class=\" wp-image-23231\" src=\"https:\/\/i0.wp.com\/culturesco.com\/wp-content\/uploads\/2024\/09\/1200x680_1-_le_manege_de_petit_pierre_credit_jean_francois_hamon.jpg?resize=487%2C276&#038;ssl=1\" alt=\"Petit Pierre\" width=\"487\" height=\"276\" srcset=\"https:\/\/i0.wp.com\/culturesco.com\/wp-content\/uploads\/2024\/09\/1200x680_1-_le_manege_de_petit_pierre_credit_jean_francois_hamon.jpg?resize=300%2C170&amp;ssl=1 300w, https:\/\/i0.wp.com\/culturesco.com\/wp-content\/uploads\/2024\/09\/1200x680_1-_le_manege_de_petit_pierre_credit_jean_francois_hamon.jpg?resize=1106%2C627&amp;ssl=1 1106w, https:\/\/i0.wp.com\/culturesco.com\/wp-content\/uploads\/2024\/09\/1200x680_1-_le_manege_de_petit_pierre_credit_jean_francois_hamon.jpg?resize=768%2C435&amp;ssl=1 768w, https:\/\/i0.wp.com\/culturesco.com\/wp-content\/uploads\/2024\/09\/1200x680_1-_le_manege_de_petit_pierre_credit_jean_francois_hamon.jpg?resize=741%2C420&amp;ssl=1 741w, https:\/\/i0.wp.com\/culturesco.com\/wp-content\/uploads\/2024\/09\/1200x680_1-_le_manege_de_petit_pierre_credit_jean_francois_hamon.jpg?resize=696%2C394&amp;ssl=1 696w, https:\/\/i0.wp.com\/culturesco.com\/wp-content\/uploads\/2024\/09\/1200x680_1-_le_manege_de_petit_pierre_credit_jean_francois_hamon.jpg?resize=1068%2C605&amp;ssl=1 1068w, https:\/\/i0.wp.com\/culturesco.com\/wp-content\/uploads\/2024\/09\/1200x680_1-_le_manege_de_petit_pierre_credit_jean_francois_hamon.jpg?w=600&amp;ssl=1 600w\" sizes=\"auto, (max-width: 487px) 100vw, 487px\" \/><figcaption id=\"caption-attachment-23231\" class=\"wp-caption-text\">Cr\u00e9dit photo : Jean-Fran\u00e7ois Hamon<\/figcaption><\/figure>\n<h3 style=\"text-align: justify;\">Soudain tout s\u2019anime&#8230;.<\/h3>\n<p style=\"text-align: justify;\">&#8230; \u00e7a cliquette, \u00e7a bringuebale, \u00e7a grince. Vacarme joyeux. Et nous au milieu de tout \u00e7a. Sourires b\u00e9ats de m\u00f4mes ravis. \u00c9merveillement de gosses conquis. Adieu la pluie. Adieu parapluies. Salut fantaisie. Bienvenue r\u00eave. Merci Petit Pierre, m\u00e9canicien po\u00e8te, pour ce message plein d\u2019\u00e9motion, d\u2019humour et, malgr\u00e9 tout, de tendresse pour un genre humain qui ne lui a pas toujours rendu la pareille. Belle le\u00e7on de vie.<\/p>\n<p><img data-recalc-dims=\"1\" loading=\"lazy\" decoding=\"async\" class=\" wp-image-23232 aligncenter\" src=\"https:\/\/i0.wp.com\/culturesco.com\/wp-content\/uploads\/2024\/09\/aFlptpaQJJTZ29I-mqcgALRX77E.jpg?resize=495%2C371&#038;ssl=1\" alt=\"Petit Pierre\" width=\"495\" height=\"371\" srcset=\"https:\/\/i0.wp.com\/culturesco.com\/wp-content\/uploads\/2024\/09\/aFlptpaQJJTZ29I-mqcgALRX77E.jpg?resize=300%2C225&amp;ssl=1 300w, https:\/\/i0.wp.com\/culturesco.com\/wp-content\/uploads\/2024\/09\/aFlptpaQJJTZ29I-mqcgALRX77E.jpg?resize=836%2C627&amp;ssl=1 836w, https:\/\/i0.wp.com\/culturesco.com\/wp-content\/uploads\/2024\/09\/aFlptpaQJJTZ29I-mqcgALRX77E.jpg?resize=768%2C576&amp;ssl=1 768w, https:\/\/i0.wp.com\/culturesco.com\/wp-content\/uploads\/2024\/09\/aFlptpaQJJTZ29I-mqcgALRX77E.jpg?resize=560%2C420&amp;ssl=1 560w, https:\/\/i0.wp.com\/culturesco.com\/wp-content\/uploads\/2024\/09\/aFlptpaQJJTZ29I-mqcgALRX77E.jpg?resize=80%2C60&amp;ssl=1 80w, https:\/\/i0.wp.com\/culturesco.com\/wp-content\/uploads\/2024\/09\/aFlptpaQJJTZ29I-mqcgALRX77E.jpg?resize=696%2C522&amp;ssl=1 696w, https:\/\/i0.wp.com\/culturesco.com\/wp-content\/uploads\/2024\/09\/aFlptpaQJJTZ29I-mqcgALRX77E.jpg?resize=265%2C198&amp;ssl=1 265w, https:\/\/i0.wp.com\/culturesco.com\/wp-content\/uploads\/2024\/09\/aFlptpaQJJTZ29I-mqcgALRX77E.jpg?w=600&amp;ssl=1 600w\" sizes=\"auto, (max-width: 495px) 100vw, 495px\" \/><\/p>\n<p><img data-recalc-dims=\"1\" loading=\"lazy\" decoding=\"async\" class=\" wp-image-23233 aligncenter\" src=\"https:\/\/i0.wp.com\/culturesco.com\/wp-content\/uploads\/2024\/09\/maxresdefault.jpg?resize=538%2C303&#038;ssl=1\" alt=\"Petit Pierre\" width=\"538\" height=\"303\" srcset=\"https:\/\/i0.wp.com\/culturesco.com\/wp-content\/uploads\/2024\/09\/maxresdefault.jpg?resize=300%2C169&amp;ssl=1 300w, https:\/\/i0.wp.com\/culturesco.com\/wp-content\/uploads\/2024\/09\/maxresdefault.jpg?resize=1115%2C627&amp;ssl=1 1115w, https:\/\/i0.wp.com\/culturesco.com\/wp-content\/uploads\/2024\/09\/maxresdefault.jpg?resize=768%2C432&amp;ssl=1 768w, https:\/\/i0.wp.com\/culturesco.com\/wp-content\/uploads\/2024\/09\/maxresdefault.jpg?resize=747%2C420&amp;ssl=1 747w, https:\/\/i0.wp.com\/culturesco.com\/wp-content\/uploads\/2024\/09\/maxresdefault.jpg?resize=696%2C392&amp;ssl=1 696w, https:\/\/i0.wp.com\/culturesco.com\/wp-content\/uploads\/2024\/09\/maxresdefault.jpg?resize=1068%2C601&amp;ssl=1 1068w, https:\/\/i0.wp.com\/culturesco.com\/wp-content\/uploads\/2024\/09\/maxresdefault.jpg?w=600&amp;ssl=1 600w\" sizes=\"auto, (max-width: 538px) 100vw, 538px\" \/><\/p>\n<h3 style=\"text-align: justify;\">1985&#8230;<\/h3>\n<p style=\"text-align: justify;\">&#8230; Petit Pierre est victime d\u2019une seconde attaque d\u2019h\u00e9mipl\u00e9gie. Trop affaibli, c\u2019en est fini du man\u00e8ge qui tourne une derni\u00e8re fois cette ann\u00e9e l\u00e0. Une derni\u00e8re fois ? Peut-\u00eatre pas\u2026 En 1987 son fr\u00e8re L\u00e9on, d\u00e9sol\u00e9 de voir le man\u00e8ge s\u2019ab\u00eemer faute d\u2019entretien, d\u00e9cide de le sauver. Il a entendu parler de la Fabuloserie, \u00e0 <strong>Dicy<\/strong> dans l\u2019Yonne, cr\u00e9\u00e9e en 1983 par <a href=\"https:\/\/fr.wikipedia.org\/wiki\/Alain_Bourbonnais\"><strong>Alain et Caroline Bourbonnais<\/strong><\/a>, deux passionn\u00e9s d\u2019<a href=\"https:\/\/fr.wikipedia.org\/wiki\/Art_brut\"><strong>art brut<\/strong><\/a> qui s\u2019installent l\u00e0 pour montrer leur collection. Le couple craque \u00e9videmment pour le fabuleux man\u00e8ge. Toute l\u2019installation est alors d\u00e9mont\u00e9e pi\u00e8ce par pi\u00e8ce et remont\u00e9e dans le parc de <b>La Fabuloserie<\/b>. Deux ans de travail acharn\u00e9 qui ont permis de ressusciter la merveille de Petit Pierre, visible aujourd\u2019hui dans le superbe cadre du mus\u00e9e.<\/p>\n<p><img data-recalc-dims=\"1\" loading=\"lazy\" decoding=\"async\" class=\" wp-image-23234 aligncenter\" src=\"https:\/\/i0.wp.com\/culturesco.com\/wp-content\/uploads\/2024\/09\/ob_63a085_20180616-174304.jpg?resize=313%2C470&#038;ssl=1\" alt=\"Petit Pierre\" width=\"313\" height=\"470\" srcset=\"https:\/\/i0.wp.com\/culturesco.com\/wp-content\/uploads\/2024\/09\/ob_63a085_20180616-174304.jpg?resize=200%2C300&amp;ssl=1 200w, https:\/\/i0.wp.com\/culturesco.com\/wp-content\/uploads\/2024\/09\/ob_63a085_20180616-174304.jpg?resize=418%2C627&amp;ssl=1 418w, https:\/\/i0.wp.com\/culturesco.com\/wp-content\/uploads\/2024\/09\/ob_63a085_20180616-174304.jpg?resize=280%2C420&amp;ssl=1 280w, https:\/\/i0.wp.com\/culturesco.com\/wp-content\/uploads\/2024\/09\/ob_63a085_20180616-174304.jpg?resize=600%2C900&amp;ssl=1 600w, https:\/\/i0.wp.com\/culturesco.com\/wp-content\/uploads\/2024\/09\/ob_63a085_20180616-174304.jpg?w=400&amp;ssl=1 400w\" sizes=\"auto, (max-width: 313px) 100vw, 313px\" \/><\/p>\n<p><em>Petit Pierre et son man\u00e8ge film\u00e9s en 1977 \u00e0 Fay-aux-Loges &#8211; Film super 8 muet<\/em><\/p>\n<div class=\"youtube-embed\" data-video_id=\"KtOgN9qET-Y\"><iframe loading=\"lazy\" title=\"Petit Pierre et son man\u00e8ge en 1977\" width=\"696\" height=\"522\" src=\"https:\/\/www.youtube.com\/embed\/KtOgN9qET-Y\" frameborder=\"0\" allow=\"accelerometer; autoplay; clipboard-write; encrypted-media; gyroscope; picture-in-picture; web-share\" referrerpolicy=\"strict-origin-when-cross-origin\" allowfullscreen><\/iframe><\/div>\n<p>&nbsp;<\/p>\n<p>Petit Pierre, quant \u00e0 lui, descend d\u00e9finitivement de son man\u00e8ge en 1992. \u00c0 l&rsquo;instar d&rsquo;un <a href=\"https:\/\/culturesco.com\/index.php\/2023\/06\/11\/les-songes-miniatures-de-gilbert-garcin\/\"><strong>Gilbert Garcin<\/strong><\/a>, photographe lui aussi autodidacte, le petit homme aura marqu\u00e9 la cr\u00e9ation artistique de son temps&#8230;<\/p>\n<p><img data-recalc-dims=\"1\" loading=\"lazy\" decoding=\"async\" class=\" wp-image-23235 aligncenter\" src=\"https:\/\/i0.wp.com\/culturesco.com\/wp-content\/uploads\/2024\/09\/6b1be8b9d4a335a49ddadd357b51f62bpierre-1.jpg?resize=469%2C352&#038;ssl=1\" alt=\"Petit Pierre\" width=\"469\" height=\"352\" srcset=\"https:\/\/i0.wp.com\/culturesco.com\/wp-content\/uploads\/2024\/09\/6b1be8b9d4a335a49ddadd357b51f62bpierre-1.jpg?resize=300%2C225&amp;ssl=1 300w, https:\/\/i0.wp.com\/culturesco.com\/wp-content\/uploads\/2024\/09\/6b1be8b9d4a335a49ddadd357b51f62bpierre-1.jpg?resize=80%2C60&amp;ssl=1 80w, https:\/\/i0.wp.com\/culturesco.com\/wp-content\/uploads\/2024\/09\/6b1be8b9d4a335a49ddadd357b51f62bpierre-1.jpg?resize=265%2C198&amp;ssl=1 265w, https:\/\/i0.wp.com\/culturesco.com\/wp-content\/uploads\/2024\/09\/6b1be8b9d4a335a49ddadd357b51f62bpierre-1.jpg?w=520&amp;ssl=1 520w\" sizes=\"auto, (max-width: 469px) 100vw, 469px\" \/><\/p>\n<h3 style=\"text-align: justify;\">&#8230; Et des temps \u00e0 venir&#8230;<\/h3>\n<p style=\"text-align: justify;\">&#8230; L&rsquo;h\u00e9ritage est riche. D\u00e9j\u00e0 en 1978 une expo de photos de ses r\u00e9alisations avait \u00e9t\u00e9 pr\u00e9sent\u00e9e au <strong>Mus\u00e9e d\u2019Art Moderne de Paris<\/strong>. Deux ans plus tard c\u2019est un documentaire du r\u00e9alisateur <a href=\"https:\/\/fr.wikipedia.org\/wiki\/Emmanuel_Clot\"><strong>Emmanuel Clot<\/strong><\/a> qui est r\u00e9compens\u00e9 par le C\u00e9sar du meilleur court-m\u00e9trage. Suivent de nombreux reportages pour la t\u00e9l\u00e9vision, la radio et la presse \u00e9crite en France et \u00e0 l\u2019\u00e9tranger. Les ann\u00e9es 2000 verront m\u00eame la cr\u00e9ation de pi\u00e8ces de th\u00e9\u00e2tre en <strong>Espagne<\/strong> et au <strong>Mexique<\/strong>. Sans oublier un personnage qui lui ressemble furieusement dans la com\u00e9die \u00ab\u00a0<strong>Micmacs \u00e0 tire-larigot<\/strong>\u00a0\u00bb de <a href=\"https:\/\/fr.wikipedia.org\/wiki\/Jean-Pierre_Jeunet\"><strong>Jean-Pierre Jeunet<\/strong><\/a> en 2009, et une BD, \u00ab<strong>Petit Pierre, \u00a0la m\u00e9canique des r\u00eaves<\/strong>\u00a0\u00bb, de <a href=\"https:\/\/fr.wikipedia.org\/wiki\/Daniel_Casanave\"><strong>Daniel Casanave<\/strong><\/a> et <a href=\"https:\/\/www.etonnants-voyageurs.com\/LEBONVALLET-Florence.html\"><strong>Florence Lebonvallet<\/strong><\/a>, parue chez Casterman.<\/p>\n<p><img data-recalc-dims=\"1\" loading=\"lazy\" decoding=\"async\" class=\" wp-image-23244 aligncenter\" src=\"https:\/\/i0.wp.com\/culturesco.com\/wp-content\/uploads\/2024\/09\/71aKVg34QDL._AC_UF10001000_QL80_.jpg?resize=343%2C457&#038;ssl=1\" alt=\"Petit Pierre la m\u00e9canique des r\u00eaves\" width=\"343\" height=\"457\" srcset=\"https:\/\/i0.wp.com\/culturesco.com\/wp-content\/uploads\/2024\/09\/71aKVg34QDL._AC_UF10001000_QL80_.jpg?resize=225%2C300&amp;ssl=1 225w, https:\/\/i0.wp.com\/culturesco.com\/wp-content\/uploads\/2024\/09\/71aKVg34QDL._AC_UF10001000_QL80_.jpg?resize=470%2C627&amp;ssl=1 470w, https:\/\/i0.wp.com\/culturesco.com\/wp-content\/uploads\/2024\/09\/71aKVg34QDL._AC_UF10001000_QL80_.jpg?resize=315%2C420&amp;ssl=1 315w, https:\/\/i0.wp.com\/culturesco.com\/wp-content\/uploads\/2024\/09\/71aKVg34QDL._AC_UF10001000_QL80_.jpg?resize=696%2C929&amp;ssl=1 696w, https:\/\/i0.wp.com\/culturesco.com\/wp-content\/uploads\/2024\/09\/71aKVg34QDL._AC_UF10001000_QL80_.jpg?resize=600%2C801&amp;ssl=1 600w, https:\/\/i0.wp.com\/culturesco.com\/wp-content\/uploads\/2024\/09\/71aKVg34QDL._AC_UF10001000_QL80_.jpg?w=449&amp;ssl=1 449w\" sizes=\"auto, (max-width: 343px) 100vw, 343px\" \/><\/p>\n<h3 style=\"text-align: justify;\">Un petit mot sur la Fabuloserie&#8230;<\/h3>\n<p style=\"text-align: justify;\">&#8230; Si vous passez du c\u00f4t\u00e9 de Dicy, dans l\u2019Yonne, ne manquez pas de faire un petit crochet pour d\u00e9couvrir ce bel endroit insolite qui propose une collection de cr\u00e9ations d\u2019art brut unique en son genre, install\u00e9e dans l\u2019ancienne demeure du couple Bourbonnais, ainsi qu\u2019autour d\u2019un \u00e9tang dans un parc magnifique.<\/p>\n<p><img data-recalc-dims=\"1\" loading=\"lazy\" decoding=\"async\" class=\" wp-image-23245 aligncenter\" src=\"https:\/\/i0.wp.com\/culturesco.com\/wp-content\/uploads\/2024\/09\/1200x680__dsc0661.jpg?resize=494%2C280&#038;ssl=1\" alt=\"La Fabuloserie\" width=\"494\" height=\"280\" srcset=\"https:\/\/i0.wp.com\/culturesco.com\/wp-content\/uploads\/2024\/09\/1200x680__dsc0661.jpg?resize=300%2C170&amp;ssl=1 300w, https:\/\/i0.wp.com\/culturesco.com\/wp-content\/uploads\/2024\/09\/1200x680__dsc0661.jpg?resize=1106%2C627&amp;ssl=1 1106w, https:\/\/i0.wp.com\/culturesco.com\/wp-content\/uploads\/2024\/09\/1200x680__dsc0661.jpg?resize=768%2C435&amp;ssl=1 768w, https:\/\/i0.wp.com\/culturesco.com\/wp-content\/uploads\/2024\/09\/1200x680__dsc0661.jpg?resize=741%2C420&amp;ssl=1 741w, https:\/\/i0.wp.com\/culturesco.com\/wp-content\/uploads\/2024\/09\/1200x680__dsc0661.jpg?resize=696%2C394&amp;ssl=1 696w, https:\/\/i0.wp.com\/culturesco.com\/wp-content\/uploads\/2024\/09\/1200x680__dsc0661.jpg?resize=1068%2C605&amp;ssl=1 1068w, https:\/\/i0.wp.com\/culturesco.com\/wp-content\/uploads\/2024\/09\/1200x680__dsc0661.jpg?w=600&amp;ssl=1 600w\" sizes=\"auto, (max-width: 494px) 100vw, 494px\" \/><\/p>\n<p>Pour en savoir plus\u00a0:<br \/>\n<strong><a href=\"http:\/\/www.fabuloserie.com\/\">La Fabuloserie<\/a><\/strong><\/p>\n","protected":false},"excerpt":{"rendered":"<p>Petit Pierre &#8211; Son man\u00e8ge \u00e0 lui \u2014 H\u00e9\u00a0! L\u2019beugniot\u00a0! Ha ha\u00a0! \u2014 Ah mais alors, c\u2019qu\u2019i\u2019 peut \u00eat\u2019 moche\u00a0! \u2014 Vip\u00e8re, t\u00eate de vip\u00e8re\u00a0! Ha ha\u00a0! \u2014 Sais m\u00eame pas causer en plus\u00a0! Tous les jours, ou presque&#8230; &#8230; l\u2019enfant encaisse les m\u00eames m\u00e9chancet\u00e9s, les m\u00eames moqueries b\u00eatasses. On est pas toujours tendre, entre [&hellip;]<\/p>\n","protected":false},"author":21,"featured_media":23248,"comment_status":"open","ping_status":"open","sticky":false,"template":"","format":"image","meta":{"jetpack_post_was_ever_published":false,"tdm_status":"","tdm_grid_status":"","_jetpack_newsletter_access":"","_jetpack_dont_email_post_to_subs":false,"_jetpack_newsletter_tier_id":0,"_jetpack_memberships_contains_paywalled_content":false,"_jetpack_memberships_contains_paid_content":false,"footnotes":""},"categories":[14478,17],"tags":[14479],"class_list":{"0":"post-23206","1":"post","2":"type-post","3":"status-publish","4":"format-image","5":"has-post-thumbnail","7":"category-art-brut","8":"category-carotte-rock-cultures","9":"tag-art-brut","10":"post_format-post-format-image"},"yoast_head":"<!-- This site is optimized with the Yoast SEO plugin v27.5 - https:\/\/yoast.com\/product\/yoast-seo-wordpress\/ -->\n<title>Petit Pierre - Son man\u00e8ge \u00e0 lui - Culturesco<\/title>\n<meta name=\"description\" content=\"Le man\u00e8ge de Petit Pierre, la merveilleuse utopie po\u00e9tique et la belle le\u00e7on de vie d&#039;un grand cr\u00e9ateur de l&#039;art brut.\" \/>\n<meta name=\"robots\" content=\"index, follow, max-snippet:-1, max-image-preview:large, max-video-preview:-1\" \/>\n<link rel=\"canonical\" href=\"https:\/\/culturesco.com\/index.php\/2024\/10\/18\/petit-pierre-son-manege-a-lui\/\" \/>\n<meta property=\"og:locale\" content=\"fr_FR\" \/>\n<meta property=\"og:type\" content=\"article\" \/>\n<meta property=\"og:title\" content=\"Petit Pierre - Son man\u00e8ge \u00e0 lui - Culturesco\" \/>\n<meta property=\"og:description\" content=\"Le man\u00e8ge de Petit Pierre, la merveilleuse utopie po\u00e9tique et la belle le\u00e7on de vie d&#039;un grand cr\u00e9ateur de l&#039;art brut.\" \/>\n<meta property=\"og:url\" content=\"https:\/\/culturesco.com\/index.php\/2024\/10\/18\/petit-pierre-son-manege-a-lui\/\" \/>\n<meta property=\"og:site_name\" content=\"Culturesco\" \/>\n<meta property=\"article:publisher\" content=\"https:\/\/www.facebook.com\/radioculturesco\" \/>\n<meta property=\"article:published_time\" content=\"2024-10-18T15:57:51+00:00\" \/>\n<meta property=\"article:modified_time\" content=\"2024-10-18T18:56:45+00:00\" \/>\n<meta property=\"og:image\" content=\"https:\/\/culturesco.com\/wp-content\/uploads\/2024\/09\/Petit-Pierre-600-X-314.jpg\" \/>\n\t<meta property=\"og:image:width\" content=\"600\" \/>\n\t<meta property=\"og:image:height\" content=\"314\" \/>\n\t<meta property=\"og:image:type\" content=\"image\/jpeg\" \/>\n<meta name=\"author\" content=\"POUP\" \/>\n<meta name=\"twitter:card\" content=\"summary_large_image\" \/>\n<meta name=\"twitter:creator\" content=\"@AugusteMarshal\" \/>\n<meta name=\"twitter:site\" content=\"@AugusteMarshal\" \/>\n<meta name=\"twitter:label1\" content=\"\u00c9crit par\" \/>\n\t<meta name=\"twitter:data1\" content=\"POUP\" \/>\n\t<meta name=\"twitter:label2\" content=\"Dur\u00e9e de lecture estim\u00e9e\" \/>\n\t<meta name=\"twitter:data2\" content=\"11 minutes\" \/>\n<script type=\"application\/ld+json\" class=\"yoast-schema-graph\">{\"@context\":\"https:\\\/\\\/schema.org\",\"@graph\":[{\"@type\":\"Article\",\"@id\":\"https:\\\/\\\/culturesco.com\\\/index.php\\\/2024\\\/10\\\/18\\\/petit-pierre-son-manege-a-lui\\\/#article\",\"isPartOf\":{\"@id\":\"https:\\\/\\\/culturesco.com\\\/index.php\\\/2024\\\/10\\\/18\\\/petit-pierre-son-manege-a-lui\\\/\"},\"author\":{\"name\":\"POUP\",\"@id\":\"https:\\\/\\\/culturesco.com\\\/#\\\/schema\\\/person\\\/141a9f2445bccecf38edf04e7689ca59\"},\"headline\":\"Petit Pierre &#8211; Son man\u00e8ge \u00e0 lui\",\"datePublished\":\"2024-10-18T15:57:51+00:00\",\"dateModified\":\"2024-10-18T18:56:45+00:00\",\"mainEntityOfPage\":{\"@id\":\"https:\\\/\\\/culturesco.com\\\/index.php\\\/2024\\\/10\\\/18\\\/petit-pierre-son-manege-a-lui\\\/\"},\"wordCount\":1708,\"commentCount\":0,\"publisher\":{\"@id\":\"https:\\\/\\\/culturesco.com\\\/#organization\"},\"image\":{\"@id\":\"https:\\\/\\\/culturesco.com\\\/index.php\\\/2024\\\/10\\\/18\\\/petit-pierre-son-manege-a-lui\\\/#primaryimage\"},\"thumbnailUrl\":\"https:\\\/\\\/i0.wp.com\\\/culturesco.com\\\/wp-content\\\/uploads\\\/2024\\\/09\\\/Petit-Pierre-600-X-314.jpg?fit=600%2C314&ssl=1\",\"keywords\":[\"Art Brut\"],\"articleSection\":[\"Art Brut\",\"Carotte Rock Cultures\"],\"inLanguage\":\"fr-FR\",\"potentialAction\":[{\"@type\":\"CommentAction\",\"name\":\"Comment\",\"target\":[\"https:\\\/\\\/culturesco.com\\\/index.php\\\/2024\\\/10\\\/18\\\/petit-pierre-son-manege-a-lui\\\/#respond\"]}]},{\"@type\":\"WebPage\",\"@id\":\"https:\\\/\\\/culturesco.com\\\/index.php\\\/2024\\\/10\\\/18\\\/petit-pierre-son-manege-a-lui\\\/\",\"url\":\"https:\\\/\\\/culturesco.com\\\/index.php\\\/2024\\\/10\\\/18\\\/petit-pierre-son-manege-a-lui\\\/\",\"name\":\"Petit Pierre - Son man\u00e8ge \u00e0 lui - Culturesco\",\"isPartOf\":{\"@id\":\"https:\\\/\\\/culturesco.com\\\/#website\"},\"primaryImageOfPage\":{\"@id\":\"https:\\\/\\\/culturesco.com\\\/index.php\\\/2024\\\/10\\\/18\\\/petit-pierre-son-manege-a-lui\\\/#primaryimage\"},\"image\":{\"@id\":\"https:\\\/\\\/culturesco.com\\\/index.php\\\/2024\\\/10\\\/18\\\/petit-pierre-son-manege-a-lui\\\/#primaryimage\"},\"thumbnailUrl\":\"https:\\\/\\\/i0.wp.com\\\/culturesco.com\\\/wp-content\\\/uploads\\\/2024\\\/09\\\/Petit-Pierre-600-X-314.jpg?fit=600%2C314&ssl=1\",\"datePublished\":\"2024-10-18T15:57:51+00:00\",\"dateModified\":\"2024-10-18T18:56:45+00:00\",\"description\":\"Le man\u00e8ge de Petit Pierre, la merveilleuse utopie po\u00e9tique et la belle le\u00e7on de vie d'un grand cr\u00e9ateur de l'art brut.\",\"breadcrumb\":{\"@id\":\"https:\\\/\\\/culturesco.com\\\/index.php\\\/2024\\\/10\\\/18\\\/petit-pierre-son-manege-a-lui\\\/#breadcrumb\"},\"inLanguage\":\"fr-FR\",\"potentialAction\":[{\"@type\":\"ReadAction\",\"target\":[\"https:\\\/\\\/culturesco.com\\\/index.php\\\/2024\\\/10\\\/18\\\/petit-pierre-son-manege-a-lui\\\/\"]}]},{\"@type\":\"ImageObject\",\"inLanguage\":\"fr-FR\",\"@id\":\"https:\\\/\\\/culturesco.com\\\/index.php\\\/2024\\\/10\\\/18\\\/petit-pierre-son-manege-a-lui\\\/#primaryimage\",\"url\":\"https:\\\/\\\/i0.wp.com\\\/culturesco.com\\\/wp-content\\\/uploads\\\/2024\\\/09\\\/Petit-Pierre-600-X-314.jpg?fit=600%2C314&ssl=1\",\"contentUrl\":\"https:\\\/\\\/i0.wp.com\\\/culturesco.com\\\/wp-content\\\/uploads\\\/2024\\\/09\\\/Petit-Pierre-600-X-314.jpg?fit=600%2C314&ssl=1\",\"width\":600,\"height\":314,\"caption\":\"Petit Pierre\"},{\"@type\":\"BreadcrumbList\",\"@id\":\"https:\\\/\\\/culturesco.com\\\/index.php\\\/2024\\\/10\\\/18\\\/petit-pierre-son-manege-a-lui\\\/#breadcrumb\",\"itemListElement\":[{\"@type\":\"ListItem\",\"position\":1,\"name\":\"Accueil\",\"item\":\"https:\\\/\\\/culturesco.com\\\/\"},{\"@type\":\"ListItem\",\"position\":2,\"name\":\"Petit Pierre &#8211; Son man\u00e8ge \u00e0 lui\"}]},{\"@type\":\"WebSite\",\"@id\":\"https:\\\/\\\/culturesco.com\\\/#website\",\"url\":\"https:\\\/\\\/culturesco.com\\\/\",\"name\":\"Culturesco\",\"description\":\"Culturesco | Un bon coup de pied dans ta Culture\",\"publisher\":{\"@id\":\"https:\\\/\\\/culturesco.com\\\/#organization\"},\"potentialAction\":[{\"@type\":\"SearchAction\",\"target\":{\"@type\":\"EntryPoint\",\"urlTemplate\":\"https:\\\/\\\/culturesco.com\\\/?s={search_term_string}\"},\"query-input\":{\"@type\":\"PropertyValueSpecification\",\"valueRequired\":true,\"valueName\":\"search_term_string\"}}],\"inLanguage\":\"fr-FR\"},{\"@type\":\"Organization\",\"@id\":\"https:\\\/\\\/culturesco.com\\\/#organization\",\"name\":\"CULTURESCO\",\"url\":\"https:\\\/\\\/culturesco.com\\\/\",\"logo\":{\"@type\":\"ImageObject\",\"inLanguage\":\"fr-FR\",\"@id\":\"https:\\\/\\\/culturesco.com\\\/#\\\/schema\\\/logo\\\/image\\\/\",\"url\":\"https:\\\/\\\/i0.wp.com\\\/culturesco.com\\\/wp-content\\\/uploads\\\/2022\\\/04\\\/culturesco-logo-blanc250p.png?fit=250%2C250&ssl=1\",\"contentUrl\":\"https:\\\/\\\/i0.wp.com\\\/culturesco.com\\\/wp-content\\\/uploads\\\/2022\\\/04\\\/culturesco-logo-blanc250p.png?fit=250%2C250&ssl=1\",\"width\":250,\"height\":250,\"caption\":\"CULTURESCO\"},\"image\":{\"@id\":\"https:\\\/\\\/culturesco.com\\\/#\\\/schema\\\/logo\\\/image\\\/\"},\"sameAs\":[\"https:\\\/\\\/www.facebook.com\\\/radioculturesco\",\"https:\\\/\\\/x.com\\\/AugusteMarshal\",\"https:\\\/\\\/www.instagram.com\\\/carotte_rock_culture\\\/\",\"https:\\\/\\\/www.pinterest.fr\\\/augustemarshal\\\/\",\"https:\\\/\\\/www.youtube.com\\\/channel\\\/UCiWLGffqWSXlNnfzp6YwwyQ\"]},{\"@type\":\"Person\",\"@id\":\"https:\\\/\\\/culturesco.com\\\/#\\\/schema\\\/person\\\/141a9f2445bccecf38edf04e7689ca59\",\"name\":\"POUP\",\"image\":{\"@type\":\"ImageObject\",\"inLanguage\":\"fr-FR\",\"@id\":\"https:\\\/\\\/i0.wp.com\\\/culturesco.com\\\/wp-content\\\/uploads\\\/2021\\\/12\\\/CROOKED-HOUSE-BLUES-7.jpg?fit=96%2C71&ssl=1\",\"url\":\"https:\\\/\\\/i0.wp.com\\\/culturesco.com\\\/wp-content\\\/uploads\\\/2021\\\/12\\\/CROOKED-HOUSE-BLUES-7.jpg?fit=96%2C71&ssl=1\",\"contentUrl\":\"https:\\\/\\\/i0.wp.com\\\/culturesco.com\\\/wp-content\\\/uploads\\\/2021\\\/12\\\/CROOKED-HOUSE-BLUES-7.jpg?fit=96%2C71&ssl=1\",\"caption\":\"POUP\"},\"description\":\"Laurent Poupinais, alias Poup. Diverses aventures dans le monde du fanzine (Nestor Mag, La Chronique Du Vermifuge), dans le Rock Punk\\\/Garage (Les Ambulances, Mystery Machine, Traffic Drone) en tant que batteur. Dessinateur addict au noir et blanc qui r\u00e9alise des illustrations pour des fanzines (Rock Hardi , Cafzic) mais aussi des visuels pour des groupes (pochette de disque, T-shirt, affiche, flyers et toutes ces sortes de choses).\",\"url\":\"https:\\\/\\\/culturesco.com\\\/index.php\\\/author\\\/poup\\\/\"}]}<\/script>\n<!-- \/ Yoast SEO plugin. -->","yoast_head_json":{"title":"Petit Pierre - Son man\u00e8ge \u00e0 lui - Culturesco","description":"Le man\u00e8ge de Petit Pierre, la merveilleuse utopie po\u00e9tique et la belle le\u00e7on de vie d'un grand cr\u00e9ateur de l'art brut.","robots":{"index":"index","follow":"follow","max-snippet":"max-snippet:-1","max-image-preview":"max-image-preview:large","max-video-preview":"max-video-preview:-1"},"canonical":"https:\/\/culturesco.com\/index.php\/2024\/10\/18\/petit-pierre-son-manege-a-lui\/","og_locale":"fr_FR","og_type":"article","og_title":"Petit Pierre - Son man\u00e8ge \u00e0 lui - Culturesco","og_description":"Le man\u00e8ge de Petit Pierre, la merveilleuse utopie po\u00e9tique et la belle le\u00e7on de vie d'un grand cr\u00e9ateur de l'art brut.","og_url":"https:\/\/culturesco.com\/index.php\/2024\/10\/18\/petit-pierre-son-manege-a-lui\/","og_site_name":"Culturesco","article_publisher":"https:\/\/www.facebook.com\/radioculturesco","article_published_time":"2024-10-18T15:57:51+00:00","article_modified_time":"2024-10-18T18:56:45+00:00","og_image":[{"width":600,"height":314,"url":"https:\/\/culturesco.com\/wp-content\/uploads\/2024\/09\/Petit-Pierre-600-X-314.jpg","type":"image\/jpeg"}],"author":"POUP","twitter_card":"summary_large_image","twitter_creator":"@AugusteMarshal","twitter_site":"@AugusteMarshal","twitter_misc":{"\u00c9crit par":"POUP","Dur\u00e9e de lecture estim\u00e9e":"11 minutes"},"schema":{"@context":"https:\/\/schema.org","@graph":[{"@type":"Article","@id":"https:\/\/culturesco.com\/index.php\/2024\/10\/18\/petit-pierre-son-manege-a-lui\/#article","isPartOf":{"@id":"https:\/\/culturesco.com\/index.php\/2024\/10\/18\/petit-pierre-son-manege-a-lui\/"},"author":{"name":"POUP","@id":"https:\/\/culturesco.com\/#\/schema\/person\/141a9f2445bccecf38edf04e7689ca59"},"headline":"Petit Pierre &#8211; Son man\u00e8ge \u00e0 lui","datePublished":"2024-10-18T15:57:51+00:00","dateModified":"2024-10-18T18:56:45+00:00","mainEntityOfPage":{"@id":"https:\/\/culturesco.com\/index.php\/2024\/10\/18\/petit-pierre-son-manege-a-lui\/"},"wordCount":1708,"commentCount":0,"publisher":{"@id":"https:\/\/culturesco.com\/#organization"},"image":{"@id":"https:\/\/culturesco.com\/index.php\/2024\/10\/18\/petit-pierre-son-manege-a-lui\/#primaryimage"},"thumbnailUrl":"https:\/\/i0.wp.com\/culturesco.com\/wp-content\/uploads\/2024\/09\/Petit-Pierre-600-X-314.jpg?fit=600%2C314&ssl=1","keywords":["Art Brut"],"articleSection":["Art Brut","Carotte Rock Cultures"],"inLanguage":"fr-FR","potentialAction":[{"@type":"CommentAction","name":"Comment","target":["https:\/\/culturesco.com\/index.php\/2024\/10\/18\/petit-pierre-son-manege-a-lui\/#respond"]}]},{"@type":"WebPage","@id":"https:\/\/culturesco.com\/index.php\/2024\/10\/18\/petit-pierre-son-manege-a-lui\/","url":"https:\/\/culturesco.com\/index.php\/2024\/10\/18\/petit-pierre-son-manege-a-lui\/","name":"Petit Pierre - Son man\u00e8ge \u00e0 lui - Culturesco","isPartOf":{"@id":"https:\/\/culturesco.com\/#website"},"primaryImageOfPage":{"@id":"https:\/\/culturesco.com\/index.php\/2024\/10\/18\/petit-pierre-son-manege-a-lui\/#primaryimage"},"image":{"@id":"https:\/\/culturesco.com\/index.php\/2024\/10\/18\/petit-pierre-son-manege-a-lui\/#primaryimage"},"thumbnailUrl":"https:\/\/i0.wp.com\/culturesco.com\/wp-content\/uploads\/2024\/09\/Petit-Pierre-600-X-314.jpg?fit=600%2C314&ssl=1","datePublished":"2024-10-18T15:57:51+00:00","dateModified":"2024-10-18T18:56:45+00:00","description":"Le man\u00e8ge de Petit Pierre, la merveilleuse utopie po\u00e9tique et la belle le\u00e7on de vie d'un grand cr\u00e9ateur de l'art brut.","breadcrumb":{"@id":"https:\/\/culturesco.com\/index.php\/2024\/10\/18\/petit-pierre-son-manege-a-lui\/#breadcrumb"},"inLanguage":"fr-FR","potentialAction":[{"@type":"ReadAction","target":["https:\/\/culturesco.com\/index.php\/2024\/10\/18\/petit-pierre-son-manege-a-lui\/"]}]},{"@type":"ImageObject","inLanguage":"fr-FR","@id":"https:\/\/culturesco.com\/index.php\/2024\/10\/18\/petit-pierre-son-manege-a-lui\/#primaryimage","url":"https:\/\/i0.wp.com\/culturesco.com\/wp-content\/uploads\/2024\/09\/Petit-Pierre-600-X-314.jpg?fit=600%2C314&ssl=1","contentUrl":"https:\/\/i0.wp.com\/culturesco.com\/wp-content\/uploads\/2024\/09\/Petit-Pierre-600-X-314.jpg?fit=600%2C314&ssl=1","width":600,"height":314,"caption":"Petit Pierre"},{"@type":"BreadcrumbList","@id":"https:\/\/culturesco.com\/index.php\/2024\/10\/18\/petit-pierre-son-manege-a-lui\/#breadcrumb","itemListElement":[{"@type":"ListItem","position":1,"name":"Accueil","item":"https:\/\/culturesco.com\/"},{"@type":"ListItem","position":2,"name":"Petit Pierre &#8211; Son man\u00e8ge \u00e0 lui"}]},{"@type":"WebSite","@id":"https:\/\/culturesco.com\/#website","url":"https:\/\/culturesco.com\/","name":"Culturesco","description":"Culturesco | Un bon coup de pied dans ta Culture","publisher":{"@id":"https:\/\/culturesco.com\/#organization"},"potentialAction":[{"@type":"SearchAction","target":{"@type":"EntryPoint","urlTemplate":"https:\/\/culturesco.com\/?s={search_term_string}"},"query-input":{"@type":"PropertyValueSpecification","valueRequired":true,"valueName":"search_term_string"}}],"inLanguage":"fr-FR"},{"@type":"Organization","@id":"https:\/\/culturesco.com\/#organization","name":"CULTURESCO","url":"https:\/\/culturesco.com\/","logo":{"@type":"ImageObject","inLanguage":"fr-FR","@id":"https:\/\/culturesco.com\/#\/schema\/logo\/image\/","url":"https:\/\/i0.wp.com\/culturesco.com\/wp-content\/uploads\/2022\/04\/culturesco-logo-blanc250p.png?fit=250%2C250&ssl=1","contentUrl":"https:\/\/i0.wp.com\/culturesco.com\/wp-content\/uploads\/2022\/04\/culturesco-logo-blanc250p.png?fit=250%2C250&ssl=1","width":250,"height":250,"caption":"CULTURESCO"},"image":{"@id":"https:\/\/culturesco.com\/#\/schema\/logo\/image\/"},"sameAs":["https:\/\/www.facebook.com\/radioculturesco","https:\/\/x.com\/AugusteMarshal","https:\/\/www.instagram.com\/carotte_rock_culture\/","https:\/\/www.pinterest.fr\/augustemarshal\/","https:\/\/www.youtube.com\/channel\/UCiWLGffqWSXlNnfzp6YwwyQ"]},{"@type":"Person","@id":"https:\/\/culturesco.com\/#\/schema\/person\/141a9f2445bccecf38edf04e7689ca59","name":"POUP","image":{"@type":"ImageObject","inLanguage":"fr-FR","@id":"https:\/\/i0.wp.com\/culturesco.com\/wp-content\/uploads\/2021\/12\/CROOKED-HOUSE-BLUES-7.jpg?fit=96%2C71&ssl=1","url":"https:\/\/i0.wp.com\/culturesco.com\/wp-content\/uploads\/2021\/12\/CROOKED-HOUSE-BLUES-7.jpg?fit=96%2C71&ssl=1","contentUrl":"https:\/\/i0.wp.com\/culturesco.com\/wp-content\/uploads\/2021\/12\/CROOKED-HOUSE-BLUES-7.jpg?fit=96%2C71&ssl=1","caption":"POUP"},"description":"Laurent Poupinais, alias Poup. Diverses aventures dans le monde du fanzine (Nestor Mag, La Chronique Du Vermifuge), dans le Rock Punk\/Garage (Les Ambulances, Mystery Machine, Traffic Drone) en tant que batteur. Dessinateur addict au noir et blanc qui r\u00e9alise des illustrations pour des fanzines (Rock Hardi , Cafzic) mais aussi des visuels pour des groupes (pochette de disque, T-shirt, affiche, flyers et toutes ces sortes de choses).","url":"https:\/\/culturesco.com\/index.php\/author\/poup\/"}]}},"jetpack_featured_media_url":"https:\/\/i0.wp.com\/culturesco.com\/wp-content\/uploads\/2024\/09\/Petit-Pierre-600-X-314.jpg?fit=600%2C314&ssl=1","jetpack_likes_enabled":true,"jetpack_sharing_enabled":true,"jetpack_shortlink":"https:\/\/wp.me\/paz89I-62i","_links":{"self":[{"href":"https:\/\/culturesco.com\/index.php\/wp-json\/wp\/v2\/posts\/23206","targetHints":{"allow":["GET"]}}],"collection":[{"href":"https:\/\/culturesco.com\/index.php\/wp-json\/wp\/v2\/posts"}],"about":[{"href":"https:\/\/culturesco.com\/index.php\/wp-json\/wp\/v2\/types\/post"}],"author":[{"embeddable":true,"href":"https:\/\/culturesco.com\/index.php\/wp-json\/wp\/v2\/users\/21"}],"replies":[{"embeddable":true,"href":"https:\/\/culturesco.com\/index.php\/wp-json\/wp\/v2\/comments?post=23206"}],"version-history":[{"count":0,"href":"https:\/\/culturesco.com\/index.php\/wp-json\/wp\/v2\/posts\/23206\/revisions"}],"wp:featuredmedia":[{"embeddable":true,"href":"https:\/\/culturesco.com\/index.php\/wp-json\/wp\/v2\/media\/23248"}],"wp:attachment":[{"href":"https:\/\/culturesco.com\/index.php\/wp-json\/wp\/v2\/media?parent=23206"}],"wp:term":[{"taxonomy":"category","embeddable":true,"href":"https:\/\/culturesco.com\/index.php\/wp-json\/wp\/v2\/categories?post=23206"},{"taxonomy":"post_tag","embeddable":true,"href":"https:\/\/culturesco.com\/index.php\/wp-json\/wp\/v2\/tags?post=23206"}],"curies":[{"name":"wp","href":"https:\/\/api.w.org\/{rel}","templated":true}]}}