{"id":22645,"date":"2024-06-18T17:14:39","date_gmt":"2024-06-18T15:14:39","guid":{"rendered":"https:\/\/culturesco.com\/?p=22645"},"modified":"2024-06-18T17:14:39","modified_gmt":"2024-06-18T15:14:39","slug":"suicide-leur-premier-album-par-pedro-penas-y-robles","status":"publish","type":"post","link":"https:\/\/culturesco.com\/index.php\/2024\/06\/18\/suicide-leur-premier-album-par-pedro-penas-y-robles\/","title":{"rendered":"SUICIDE leur premier album par Pedro Pe\u00f1as y Robles"},"content":{"rendered":"<h2 style=\"text-align: justify;\">32 minutes \u00e0 New York<\/h2>\n<figure id=\"attachment_22649\" aria-describedby=\"caption-attachment-22649\" style=\"width: 450px\" class=\"wp-caption aligncenter\"><img data-recalc-dims=\"1\" loading=\"lazy\" decoding=\"async\" class=\"wp-image-22649 size-full\" src=\"https:\/\/i0.wp.com\/culturesco.com\/wp-content\/uploads\/2024\/06\/SUICIDE-DISCOGONIE-2.jpg?resize=450%2C450&#038;ssl=1\" alt=\"Pedro Pe\u00f1as y Robles : Suicide\" width=\"450\" height=\"450\" srcset=\"https:\/\/i0.wp.com\/culturesco.com\/wp-content\/uploads\/2024\/06\/SUICIDE-DISCOGONIE-2.jpg?w=450&amp;ssl=1 450w, https:\/\/i0.wp.com\/culturesco.com\/wp-content\/uploads\/2024\/06\/SUICIDE-DISCOGONIE-2.jpg?resize=300%2C300&amp;ssl=1 300w, https:\/\/i0.wp.com\/culturesco.com\/wp-content\/uploads\/2024\/06\/SUICIDE-DISCOGONIE-2.jpg?resize=150%2C150&amp;ssl=1 150w, https:\/\/i0.wp.com\/culturesco.com\/wp-content\/uploads\/2024\/06\/SUICIDE-DISCOGONIE-2.jpg?resize=420%2C420&amp;ssl=1 420w, https:\/\/i0.wp.com\/culturesco.com\/wp-content\/uploads\/2024\/06\/SUICIDE-DISCOGONIE-2.jpg?resize=100%2C100&amp;ssl=1 100w, https:\/\/i0.wp.com\/culturesco.com\/wp-content\/uploads\/2024\/06\/SUICIDE-DISCOGONIE-2.jpg?resize=50%2C50&amp;ssl=1 50w\" sizes=\"auto, (max-width: 450px) 100vw, 450px\" \/><figcaption id=\"caption-attachment-22649\" class=\"wp-caption-text\">Le livre Suicide par Pedro Pe\u00f1as y Robles<\/figcaption><\/figure>\n<h3>Dans un ouvrage passionnant de l\u2019excellente collection DISCOGONIE (1 livre = 1 album), Pedro Pe\u00f1as y Robles explore le cultissime premier disque du duo Suicide.<\/h3>\n<p style=\"text-align: justify;\">Plasticien et performer du New York arty des ann\u00e9es 70, <strong>Boruch Alan Bermowitz<\/strong> aka <strong>Alan<\/strong> <strong>Vega<\/strong> comme l\u2019\u00e9toile d\u00e9cide de former un groupe en 1970 avec un copain, <strong>Martin Reverby<\/strong> dit <strong>Rev<\/strong>. D\u00e9j\u00e0 marqu\u00e9 par <a href=\"https:\/\/culturesco.com\/index.php\/2020\/01\/07\/elvis-presley-the-sun-sessions-laube-du-rocknroll-pierre-de-rosette-du-rock-thats-all-right-mama-jailhouse-rock-blue-moon-of-kentucky\/\"><strong>Elvis Presley<\/strong> <\/a>quand il \u00e9tait gamin, il voit<strong><a href=\"https:\/\/culturesco.com\/index.php\/2019\/08\/06\/iggy-pop-ses-debuts-avec-the-stooges-sa-carriere-solo-histoire-mouvementee-de-l-iguane\/\"> Iggy et ses Stooges<\/a><\/strong> en concert et ressent ce soir-l\u00e0 une v\u00e9ritable illumination tel un <strong>Rimbaud<\/strong> de Brooklyn ! Apr\u00e8s plusieurs configurations \u00e0 plusieurs, le groupe se limite au duo <strong>Vega \/ Rev<\/strong>. Le premier prend le micro et la cha\u00eene de v\u00e9lo pour taquiner le public, comme <strong>Iggy<\/strong> ou <a href=\"https:\/\/en.wikipedia.org\/wiki\/Vince_Taylor\"><strong>Vince Taylor<\/strong><\/a> justement, le second traficotant une bo\u00eete \u00e0 rythmes &#8211; de bal note l\u2019auteur -, un orgue <strong>Farfisa<\/strong> avec des bo\u00eetes d\u2019effets <strong>Electro Harmonix<\/strong> et une petite radio \u00e0 transistor.<\/p>\n<p style=\"text-align: justify;\">La paire gal\u00e8re, pas de flouze donc pas possible d\u2019acheter un synth\u00e9. Ces contraintes vont aussi d\u00e9terminer leur style. Pendant ce temps-l\u00e0, l\u2019Am\u00e9rique de <strong>Nixon<\/strong> se heurte au Vietnam et aux scandales, New York s\u2019enfonce dans la pauvret\u00e9 et la drogue. Les deux complices adoptent donc le nom de <strong>Suicide<\/strong>, d\u2019apr\u00e8s l\u2019\u00e9pisode<strong> Satan Suicide <\/strong>du comics ricain <strong>Ghost Rider<\/strong>&#8230;<\/p>\n<figure id=\"attachment_22647\" aria-describedby=\"caption-attachment-22647\" style=\"width: 450px\" class=\"wp-caption aligncenter\"><img data-recalc-dims=\"1\" loading=\"lazy\" decoding=\"async\" class=\"size-full wp-image-22647\" src=\"https:\/\/i0.wp.com\/culturesco.com\/wp-content\/uploads\/2024\/06\/444444876_17976688481703746_6425372590905986935_n.jpg?resize=450%2C450&#038;ssl=1\" alt=\"Le duo Suicide\" width=\"450\" height=\"450\" srcset=\"https:\/\/i0.wp.com\/culturesco.com\/wp-content\/uploads\/2024\/06\/444444876_17976688481703746_6425372590905986935_n.jpg?w=450&amp;ssl=1 450w, https:\/\/i0.wp.com\/culturesco.com\/wp-content\/uploads\/2024\/06\/444444876_17976688481703746_6425372590905986935_n.jpg?resize=300%2C300&amp;ssl=1 300w, https:\/\/i0.wp.com\/culturesco.com\/wp-content\/uploads\/2024\/06\/444444876_17976688481703746_6425372590905986935_n.jpg?resize=150%2C150&amp;ssl=1 150w, https:\/\/i0.wp.com\/culturesco.com\/wp-content\/uploads\/2024\/06\/444444876_17976688481703746_6425372590905986935_n.jpg?resize=420%2C420&amp;ssl=1 420w, https:\/\/i0.wp.com\/culturesco.com\/wp-content\/uploads\/2024\/06\/444444876_17976688481703746_6425372590905986935_n.jpg?resize=100%2C100&amp;ssl=1 100w, https:\/\/i0.wp.com\/culturesco.com\/wp-content\/uploads\/2024\/06\/444444876_17976688481703746_6425372590905986935_n.jpg?resize=50%2C50&amp;ssl=1 50w\" sizes=\"auto, (max-width: 450px) 100vw, 450px\" \/><figcaption id=\"caption-attachment-22647\" class=\"wp-caption-text\">Suicide dans les ann\u00e9es 70 : Martin Rev et Alan Vega (Photo : Adrian Boot)<\/figcaption><\/figure>\n<h3 style=\"text-align: justify;\">Radical et sans \u00e9quivalent<\/h3>\n<p style=\"text-align: justify;\">Punk avant l\u2019heure, la paire va cr\u00e9er deux albums mythiques. Le premier, le plus radical et sans \u00e9quivalent, sorti en D\u00e9cembre 1977, invente <strong>l\u2019Electro Trash<\/strong> sous une pochette sanglante. Dans son livre, <strong>Pedro Pe\u00f1as y Robles<\/strong> d\u00e9taille chaque titre, apportant des informations rares sur les \u00e9tapes de cr\u00e9ation.<\/p>\n<p style=\"text-align: justify;\"><em>\u00ab Nous venions d\u2019enregistrer notre set en direct en studio, exactement comme nous le jouions depuis cinq ans, le tout dans l\u2019ordre o\u00f9 vous l\u2019entendez sur l\u2019album. Il nous a fallu le temps qu\u2019il faut pour \u00e9couter l\u2019album pour que nous l\u2019enregistrions. Environ trente-cinq minutes ! \u00bb<\/em><br \/>\n<strong>Martin Rev<\/strong><\/p>\n<h3>Suicide &#8211; Ghost Rider &#8211; Suicide (1977)<\/h3>\n<div class=\"youtube-embed\" data-video_id=\"Qn0_fDjvI_s\"><iframe loading=\"lazy\" title=\"Suicide - Ghost Rider (Official Audio)\" width=\"696\" height=\"392\" src=\"https:\/\/www.youtube.com\/embed\/Qn0_fDjvI_s\" frameborder=\"0\" allow=\"accelerometer; autoplay; clipboard-write; encrypted-media; gyroscope; picture-in-picture; web-share\" referrerpolicy=\"strict-origin-when-cross-origin\" allowfullscreen><\/iframe><\/div>\n<p style=\"text-align: justify;\">Sur une trame r\u00e9p\u00e9titive \u00e0 base de bo\u00eete \u00e0 rythmes hypnotique et primitive, <strong>Marty<\/strong> irradie les enceintes avec un m\u00e9lange de riffs de claviers distordus et de bruits blancs. Son pote <strong>Alan<\/strong>, lui, d\u00e9clame ses histoires de missiles dans <strong>Rocket USA<\/strong>, de fant\u00f4mes de comics avec <strong>Ghost Rider<\/strong>, se faisant crooner mutant dans le romantique <strong>Cheree<\/strong>, ou narrateur ambigu de familicide dans <strong>Frankie<\/strong> <strong>Teardrop<\/strong>. Sa voix singuli\u00e8re, tout en feulements, hoqu\u00eatements, cris, spasmes, est modul\u00e9e, tritur\u00e9e par l\u2019\u00e9cho, la r\u00e9verb\u00e9ration et les larsens. L\u00e0 aussi, les aficionados et les curieux se r\u00e9galeront des r\u00e9v\u00e9lations de <strong>Pedro Pe\u00f1as y Robles<\/strong> sur les techniques d\u2019enregistrement \u00e0 contre courant et innovantes du disque, par exemple l\u2019influence du Dub.<\/p>\n<h3>Suicide &#8211; Rocket USA<\/h3>\n<div class=\"youtube-embed\" data-video_id=\"3GN1VkRX5co\"><iframe loading=\"lazy\" title=\"Suicide - Rocket USA (Official Audio)\" width=\"696\" height=\"392\" src=\"https:\/\/www.youtube.com\/embed\/3GN1VkRX5co\" frameborder=\"0\" allow=\"accelerometer; autoplay; clipboard-write; encrypted-media; gyroscope; picture-in-picture; web-share\" referrerpolicy=\"strict-origin-when-cross-origin\" allowfullscreen><\/iframe><\/div>\n<p style=\"text-align: justify;\">Ce br\u00fblot de <strong>Suicide<\/strong> est accompagn\u00e9 de performances se terminant le plus souvent par des jets de chaises et autres bagarres dans la salle, le chanteur allant jusqu\u2019\u00e0 l\u2019automutilation (\u00c9coutez le Live <a href=\"https:\/\/www.youtube.com\/watch?v=VU4Qu3rlkWk\"><strong>23 Minutes Over Brussels<\/strong><\/a>). Car, <strong>Pedro Pe\u00f1as y Robles<\/strong> le rappelle avec justesse, beaucoup ne comprennent pas ces gus et leur musique minimaliste alors que le Rock des 70\u2019s joue la surench\u00e8re des effets et des moyens. Et le tout SANS guitare !<\/p>\n<h3>Suicide &#8211; Frankie Teardrop<\/h3>\n<div class=\"youtube-embed\" data-video_id=\"Ugyp4CZF8rU\"><iframe loading=\"lazy\" title=\"Suicide  - Frankie Teardrop (Official Audio)\" width=\"696\" height=\"392\" src=\"https:\/\/www.youtube.com\/embed\/Ugyp4CZF8rU\" frameborder=\"0\" allow=\"accelerometer; autoplay; clipboard-write; encrypted-media; gyroscope; picture-in-picture; web-share\" referrerpolicy=\"strict-origin-when-cross-origin\" allowfullscreen><\/iframe><\/div>\n<p style=\"text-align: justify;\">Leur LP se vendra peu \u2013 quelques centaines d\u2019exemplaires &#8211; mais traumatisera tout un tas de musiciens et de jeunots, pr\u00e9cise l\u2019auteur<strong>. <\/strong>Des noms ? <strong>Ian Curtis<\/strong> de <strong>Joy<\/strong> <strong>Division<\/strong>, les futurs <strong>Sonic Youth<\/strong>, les frangins de <a href=\"https:\/\/culturesco.com\/index.php\/2022\/01\/23\/the-jesus-and-mary-chain-lalbum-darklands\/\"><strong>Jesus And Mary Chain<\/strong><\/a>&#8230; Rajoutons<strong> Ric<\/strong> <strong>Ocazek<\/strong> des <strong>Cars<\/strong>, qui produira leur second opus en 1980, <strong>Nick Cave<\/strong>, <strong>Bruce Springsteen<\/strong> ou m\u00eame les Hommes Machines de <a href=\"https:\/\/culturesco.com\/index.php\/2022\/02\/21\/kraftwerk-radioactivity-sur-toutes-les-ondes\/\"><strong>Kraftwerk<\/strong><\/a> ! En France, certains ne s\u2019en remettront jamais : <strong>Taxi Girl<\/strong>, <strong>Kas Product<\/strong>, <strong>Bashung<\/strong> et m\u00eame <a href=\"https:\/\/culturesco.com\/index.php\/2022\/07\/04\/christophe-la-dolce-vita\/\"><strong>Christophe<\/strong><\/a>, qui bossera ensuite avec <strong>Alan Vega<\/strong>. Et bien s\u00fbr l&rsquo;auteur du livre&#8230; Plus modestement votre chroniqueur.<\/p>\n<h3>Suicide &#8211; Cheree<\/h3>\n<div class=\"youtube-embed\" data-video_id=\"3L7PhuW3o-w\"><iframe loading=\"lazy\" title=\"Suicide - Cheree (Official Audio)\" width=\"696\" height=\"392\" src=\"https:\/\/www.youtube.com\/embed\/3L7PhuW3o-w\" frameborder=\"0\" allow=\"accelerometer; autoplay; clipboard-write; encrypted-media; gyroscope; picture-in-picture; web-share\" referrerpolicy=\"strict-origin-when-cross-origin\" allowfullscreen><\/iframe><\/div>\n<p style=\"text-align: justify;\">Avec enthousiasme et sinc\u00e9rit\u00e9, <strong>Pedro Pe\u00f1as y Robles<\/strong> nous transmet sa passion et son \u00e9rudition pour cet acte initial de <strong>Suicide<\/strong>, arguant de son importance pour l\u2019\u00e9volution de la Musique \u00c9lectronique et le Rock. Encore une fois chez <strong>DISCOGONIE<\/strong>, un compl\u00e9ment indispensable \u00e0 glisser pr\u00e8s du disque originel\u00a0!<\/p>\n<p style=\"text-align: justify;\"><strong>Bruno Polaro\u00efd<\/strong><\/p>\n<p style=\"text-align: justify;\"><strong>SUICIDE par Pedro Pe\u00f1as y Robles<\/strong> \u2013 <em>\u00c9ditions Densit\u00e9 \/ DISCOGONIE (<a href=\"https:\/\/www.editionsdensite.fr\/Discogonie.html\">Leur site<\/a>) \u2013 96 pages \u2013 12,OO Euros \u2013 Disponible depuis Mai 2024<\/em><\/p>\n<p style=\"text-align: justify;\"><em>A lire aussi, notre article \u00a0: <a href=\"https:\/\/culturesco.com\/index.php\/2022\/05\/16\/alan-vega-jukebox-babe\/\"><strong>ALAN VEGA Jukebox Babe<\/strong><\/a>, qui a en partie inspir\u00e9 cette chronique<\/em><\/p>\n","protected":false},"excerpt":{"rendered":"<p>32 minutes \u00e0 New York Dans un ouvrage passionnant de l\u2019excellente collection DISCOGONIE (1 livre = 1 album), Pedro Pe\u00f1as y Robles explore le cultissime premier disque du duo Suicide. Plasticien et performer du New York arty des ann\u00e9es 70, Boruch Alan Bermowitz aka Alan Vega comme l\u2019\u00e9toile d\u00e9cide de former un groupe en 1970 [&hellip;]<\/p>\n","protected":false},"author":20,"featured_media":22648,"comment_status":"open","ping_status":"open","sticky":false,"template":"","format":"image","meta":{"jetpack_post_was_ever_published":false,"tdm_status":"","tdm_grid_status":"","_jetpack_newsletter_access":"","_jetpack_dont_email_post_to_subs":false,"_jetpack_newsletter_tier_id":0,"_jetpack_memberships_contains_paywalled_content":false,"_jetpack_memberships_contains_paid_content":false,"footnotes":""},"categories":[30,17,33,66],"tags":[12189,7625,58,20,12188,46],"class_list":{"0":"post-22645","1":"post","2":"type-post","3":"status-publish","4":"format-image","5":"has-post-thumbnail","7":"category-albums-rock","8":"category-carotte-rock-cultures","9":"category-histoire-du-rock","10":"category-livre-rock","11":"tag-albums-essentiels","12":"tag-electro-rock","13":"tag-histoire-du-rock","14":"tag-livre-rock","15":"tag-new-wave","16":"tag-punk","17":"post_format-post-format-image"},"yoast_head":"<!-- This site is optimized with the Yoast SEO plugin v27.5 - https:\/\/yoast.com\/product\/yoast-seo-wordpress\/ -->\n<title>SUICIDE leur premier album par Pedro Pe\u00f1as y Robles - Culturesco<\/title>\n<meta name=\"description\" content=\"CulturesCo | Un bon coup de pied dans ta Culture | Chroniques et histoire du Rock - SUICIDE leur premier album par Pedro Pe\u00f1as y Robles\" \/>\n<meta name=\"robots\" content=\"index, follow, max-snippet:-1, max-image-preview:large, max-video-preview:-1\" \/>\n<link rel=\"canonical\" href=\"https:\/\/culturesco.com\/index.php\/2024\/06\/18\/suicide-leur-premier-album-par-pedro-penas-y-robles\/\" \/>\n<meta property=\"og:locale\" content=\"fr_FR\" \/>\n<meta property=\"og:type\" content=\"article\" \/>\n<meta property=\"og:title\" content=\"SUICIDE leur premier album par Pedro Pe\u00f1as y Robles - Culturesco\" \/>\n<meta property=\"og:description\" content=\"CulturesCo | Un bon coup de pied dans ta Culture | Chroniques et histoire du Rock - SUICIDE leur premier album par Pedro Pe\u00f1as y Robles\" \/>\n<meta property=\"og:url\" content=\"https:\/\/culturesco.com\/index.php\/2024\/06\/18\/suicide-leur-premier-album-par-pedro-penas-y-robles\/\" \/>\n<meta property=\"og:site_name\" content=\"Culturesco\" \/>\n<meta property=\"article:publisher\" content=\"https:\/\/www.facebook.com\/radioculturesco\" \/>\n<meta property=\"article:published_time\" content=\"2024-06-18T15:14:39+00:00\" \/>\n<meta property=\"og:image\" content=\"https:\/\/culturesco.com\/wp-content\/uploads\/2024\/06\/SUICIDE-SUICIDE-LP-4.jpg\" \/>\n\t<meta property=\"og:image:width\" content=\"600\" \/>\n\t<meta property=\"og:image:height\" content=\"314\" \/>\n\t<meta property=\"og:image:type\" content=\"image\/jpeg\" \/>\n<meta name=\"author\" content=\"Bruno Polaroid\" \/>\n<meta name=\"twitter:card\" content=\"summary_large_image\" \/>\n<meta name=\"twitter:creator\" content=\"@AugusteMarshal\" \/>\n<meta name=\"twitter:site\" content=\"@AugusteMarshal\" \/>\n<meta name=\"twitter:label1\" content=\"\u00c9crit par\" \/>\n\t<meta name=\"twitter:data1\" content=\"Bruno Polaroid\" \/>\n\t<meta name=\"twitter:label2\" content=\"Dur\u00e9e de lecture estim\u00e9e\" \/>\n\t<meta name=\"twitter:data2\" content=\"5 minutes\" \/>\n<script type=\"application\/ld+json\" class=\"yoast-schema-graph\">{\"@context\":\"https:\\\/\\\/schema.org\",\"@graph\":[{\"@type\":\"Article\",\"@id\":\"https:\\\/\\\/culturesco.com\\\/index.php\\\/2024\\\/06\\\/18\\\/suicide-leur-premier-album-par-pedro-penas-y-robles\\\/#article\",\"isPartOf\":{\"@id\":\"https:\\\/\\\/culturesco.com\\\/index.php\\\/2024\\\/06\\\/18\\\/suicide-leur-premier-album-par-pedro-penas-y-robles\\\/\"},\"author\":{\"name\":\"Bruno Polaroid\",\"@id\":\"https:\\\/\\\/culturesco.com\\\/#\\\/schema\\\/person\\\/81834f4613bae18e9afa0dfb9b4f5457\"},\"headline\":\"SUICIDE leur premier album par Pedro Pe\u00f1as y Robles\",\"datePublished\":\"2024-06-18T15:14:39+00:00\",\"mainEntityOfPage\":{\"@id\":\"https:\\\/\\\/culturesco.com\\\/index.php\\\/2024\\\/06\\\/18\\\/suicide-leur-premier-album-par-pedro-penas-y-robles\\\/\"},\"wordCount\":831,\"commentCount\":0,\"publisher\":{\"@id\":\"https:\\\/\\\/culturesco.com\\\/#organization\"},\"image\":{\"@id\":\"https:\\\/\\\/culturesco.com\\\/index.php\\\/2024\\\/06\\\/18\\\/suicide-leur-premier-album-par-pedro-penas-y-robles\\\/#primaryimage\"},\"thumbnailUrl\":\"https:\\\/\\\/i0.wp.com\\\/culturesco.com\\\/wp-content\\\/uploads\\\/2024\\\/06\\\/SUICIDE-SUICIDE-LP-4.jpg?fit=600%2C314&ssl=1\",\"keywords\":[\"Albums essentiels\",\"Electro rock\",\"histoire du rock\",\"Livre Rock\",\"New Wave\",\"punk\"],\"articleSection\":[\"Albums rock\",\"Carotte Rock Cultures\",\"Histoire du rock\",\"Livre Rock\"],\"inLanguage\":\"fr-FR\",\"potentialAction\":[{\"@type\":\"CommentAction\",\"name\":\"Comment\",\"target\":[\"https:\\\/\\\/culturesco.com\\\/index.php\\\/2024\\\/06\\\/18\\\/suicide-leur-premier-album-par-pedro-penas-y-robles\\\/#respond\"]}]},{\"@type\":\"WebPage\",\"@id\":\"https:\\\/\\\/culturesco.com\\\/index.php\\\/2024\\\/06\\\/18\\\/suicide-leur-premier-album-par-pedro-penas-y-robles\\\/\",\"url\":\"https:\\\/\\\/culturesco.com\\\/index.php\\\/2024\\\/06\\\/18\\\/suicide-leur-premier-album-par-pedro-penas-y-robles\\\/\",\"name\":\"SUICIDE leur premier album par Pedro Pe\u00f1as y Robles - Culturesco\",\"isPartOf\":{\"@id\":\"https:\\\/\\\/culturesco.com\\\/#website\"},\"primaryImageOfPage\":{\"@id\":\"https:\\\/\\\/culturesco.com\\\/index.php\\\/2024\\\/06\\\/18\\\/suicide-leur-premier-album-par-pedro-penas-y-robles\\\/#primaryimage\"},\"image\":{\"@id\":\"https:\\\/\\\/culturesco.com\\\/index.php\\\/2024\\\/06\\\/18\\\/suicide-leur-premier-album-par-pedro-penas-y-robles\\\/#primaryimage\"},\"thumbnailUrl\":\"https:\\\/\\\/i0.wp.com\\\/culturesco.com\\\/wp-content\\\/uploads\\\/2024\\\/06\\\/SUICIDE-SUICIDE-LP-4.jpg?fit=600%2C314&ssl=1\",\"datePublished\":\"2024-06-18T15:14:39+00:00\",\"description\":\"CulturesCo | Un bon coup de pied dans ta Culture | Chroniques et histoire du Rock - SUICIDE leur premier album par Pedro Pe\u00f1as y Robles\",\"breadcrumb\":{\"@id\":\"https:\\\/\\\/culturesco.com\\\/index.php\\\/2024\\\/06\\\/18\\\/suicide-leur-premier-album-par-pedro-penas-y-robles\\\/#breadcrumb\"},\"inLanguage\":\"fr-FR\",\"potentialAction\":[{\"@type\":\"ReadAction\",\"target\":[\"https:\\\/\\\/culturesco.com\\\/index.php\\\/2024\\\/06\\\/18\\\/suicide-leur-premier-album-par-pedro-penas-y-robles\\\/\"]}]},{\"@type\":\"ImageObject\",\"inLanguage\":\"fr-FR\",\"@id\":\"https:\\\/\\\/culturesco.com\\\/index.php\\\/2024\\\/06\\\/18\\\/suicide-leur-premier-album-par-pedro-penas-y-robles\\\/#primaryimage\",\"url\":\"https:\\\/\\\/i0.wp.com\\\/culturesco.com\\\/wp-content\\\/uploads\\\/2024\\\/06\\\/SUICIDE-SUICIDE-LP-4.jpg?fit=600%2C314&ssl=1\",\"contentUrl\":\"https:\\\/\\\/i0.wp.com\\\/culturesco.com\\\/wp-content\\\/uploads\\\/2024\\\/06\\\/SUICIDE-SUICIDE-LP-4.jpg?fit=600%2C314&ssl=1\",\"width\":600,\"height\":314,\"caption\":\"Le livre Suicide par Pedro Pe\u00f1as y Robles\"},{\"@type\":\"BreadcrumbList\",\"@id\":\"https:\\\/\\\/culturesco.com\\\/index.php\\\/2024\\\/06\\\/18\\\/suicide-leur-premier-album-par-pedro-penas-y-robles\\\/#breadcrumb\",\"itemListElement\":[{\"@type\":\"ListItem\",\"position\":1,\"name\":\"Accueil\",\"item\":\"https:\\\/\\\/culturesco.com\\\/\"},{\"@type\":\"ListItem\",\"position\":2,\"name\":\"SUICIDE leur premier album par Pedro Pe\u00f1as y Robles\"}]},{\"@type\":\"WebSite\",\"@id\":\"https:\\\/\\\/culturesco.com\\\/#website\",\"url\":\"https:\\\/\\\/culturesco.com\\\/\",\"name\":\"Culturesco\",\"description\":\"Culturesco | Un bon coup de pied dans ta Culture\",\"publisher\":{\"@id\":\"https:\\\/\\\/culturesco.com\\\/#organization\"},\"potentialAction\":[{\"@type\":\"SearchAction\",\"target\":{\"@type\":\"EntryPoint\",\"urlTemplate\":\"https:\\\/\\\/culturesco.com\\\/?s={search_term_string}\"},\"query-input\":{\"@type\":\"PropertyValueSpecification\",\"valueRequired\":true,\"valueName\":\"search_term_string\"}}],\"inLanguage\":\"fr-FR\"},{\"@type\":\"Organization\",\"@id\":\"https:\\\/\\\/culturesco.com\\\/#organization\",\"name\":\"CULTURESCO\",\"url\":\"https:\\\/\\\/culturesco.com\\\/\",\"logo\":{\"@type\":\"ImageObject\",\"inLanguage\":\"fr-FR\",\"@id\":\"https:\\\/\\\/culturesco.com\\\/#\\\/schema\\\/logo\\\/image\\\/\",\"url\":\"https:\\\/\\\/i0.wp.com\\\/culturesco.com\\\/wp-content\\\/uploads\\\/2022\\\/04\\\/culturesco-logo-blanc250p.png?fit=250%2C250&ssl=1\",\"contentUrl\":\"https:\\\/\\\/i0.wp.com\\\/culturesco.com\\\/wp-content\\\/uploads\\\/2022\\\/04\\\/culturesco-logo-blanc250p.png?fit=250%2C250&ssl=1\",\"width\":250,\"height\":250,\"caption\":\"CULTURESCO\"},\"image\":{\"@id\":\"https:\\\/\\\/culturesco.com\\\/#\\\/schema\\\/logo\\\/image\\\/\"},\"sameAs\":[\"https:\\\/\\\/www.facebook.com\\\/radioculturesco\",\"https:\\\/\\\/x.com\\\/AugusteMarshal\",\"https:\\\/\\\/www.instagram.com\\\/carotte_rock_culture\\\/\",\"https:\\\/\\\/www.pinterest.fr\\\/augustemarshal\\\/\",\"https:\\\/\\\/www.youtube.com\\\/channel\\\/UCiWLGffqWSXlNnfzp6YwwyQ\"]},{\"@type\":\"Person\",\"@id\":\"https:\\\/\\\/culturesco.com\\\/#\\\/schema\\\/person\\\/81834f4613bae18e9afa0dfb9b4f5457\",\"name\":\"Bruno Polaroid\",\"image\":{\"@type\":\"ImageObject\",\"inLanguage\":\"fr-FR\",\"@id\":\"https:\\\/\\\/i0.wp.com\\\/culturesco.com\\\/wp-content\\\/uploads\\\/2021\\\/12\\\/1798853_1375590169374746_992490721_n.jpg?fit=94%2C96&ssl=1\",\"url\":\"https:\\\/\\\/i0.wp.com\\\/culturesco.com\\\/wp-content\\\/uploads\\\/2021\\\/12\\\/1798853_1375590169374746_992490721_n.jpg?fit=94%2C96&ssl=1\",\"contentUrl\":\"https:\\\/\\\/i0.wp.com\\\/culturesco.com\\\/wp-content\\\/uploads\\\/2021\\\/12\\\/1798853_1375590169374746_992490721_n.jpg?fit=94%2C96&ssl=1\",\"caption\":\"Bruno Polaroid\"},\"description\":\"Bruno Ledez alias Bruno Polaro\u00efd : Chroniqueur \u00e0 Cultures Co, Attach\u00e9 de Presse, ex Animateur \u00e0 Radio-Campus Lille \\\/ \u00c9mission La Folie (1986 - 2009), ex Chroniqueur \u00e9pisodique des fanzines Walking The Dog et Musiques, Images &amp; Passions Modernes.\",\"url\":\"https:\\\/\\\/culturesco.com\\\/index.php\\\/author\\\/bruno-polaroid\\\/\"}]}<\/script>\n<!-- \/ Yoast SEO plugin. -->","yoast_head_json":{"title":"SUICIDE leur premier album par Pedro Pe\u00f1as y Robles - Culturesco","description":"CulturesCo | Un bon coup de pied dans ta Culture | Chroniques et histoire du Rock - SUICIDE leur premier album par Pedro Pe\u00f1as y Robles","robots":{"index":"index","follow":"follow","max-snippet":"max-snippet:-1","max-image-preview":"max-image-preview:large","max-video-preview":"max-video-preview:-1"},"canonical":"https:\/\/culturesco.com\/index.php\/2024\/06\/18\/suicide-leur-premier-album-par-pedro-penas-y-robles\/","og_locale":"fr_FR","og_type":"article","og_title":"SUICIDE leur premier album par Pedro Pe\u00f1as y Robles - Culturesco","og_description":"CulturesCo | Un bon coup de pied dans ta Culture | Chroniques et histoire du Rock - SUICIDE leur premier album par Pedro Pe\u00f1as y Robles","og_url":"https:\/\/culturesco.com\/index.php\/2024\/06\/18\/suicide-leur-premier-album-par-pedro-penas-y-robles\/","og_site_name":"Culturesco","article_publisher":"https:\/\/www.facebook.com\/radioculturesco","article_published_time":"2024-06-18T15:14:39+00:00","og_image":[{"width":600,"height":314,"url":"https:\/\/culturesco.com\/wp-content\/uploads\/2024\/06\/SUICIDE-SUICIDE-LP-4.jpg","type":"image\/jpeg"}],"author":"Bruno Polaroid","twitter_card":"summary_large_image","twitter_creator":"@AugusteMarshal","twitter_site":"@AugusteMarshal","twitter_misc":{"\u00c9crit par":"Bruno Polaroid","Dur\u00e9e de lecture estim\u00e9e":"5 minutes"},"schema":{"@context":"https:\/\/schema.org","@graph":[{"@type":"Article","@id":"https:\/\/culturesco.com\/index.php\/2024\/06\/18\/suicide-leur-premier-album-par-pedro-penas-y-robles\/#article","isPartOf":{"@id":"https:\/\/culturesco.com\/index.php\/2024\/06\/18\/suicide-leur-premier-album-par-pedro-penas-y-robles\/"},"author":{"name":"Bruno Polaroid","@id":"https:\/\/culturesco.com\/#\/schema\/person\/81834f4613bae18e9afa0dfb9b4f5457"},"headline":"SUICIDE leur premier album par Pedro Pe\u00f1as y Robles","datePublished":"2024-06-18T15:14:39+00:00","mainEntityOfPage":{"@id":"https:\/\/culturesco.com\/index.php\/2024\/06\/18\/suicide-leur-premier-album-par-pedro-penas-y-robles\/"},"wordCount":831,"commentCount":0,"publisher":{"@id":"https:\/\/culturesco.com\/#organization"},"image":{"@id":"https:\/\/culturesco.com\/index.php\/2024\/06\/18\/suicide-leur-premier-album-par-pedro-penas-y-robles\/#primaryimage"},"thumbnailUrl":"https:\/\/i0.wp.com\/culturesco.com\/wp-content\/uploads\/2024\/06\/SUICIDE-SUICIDE-LP-4.jpg?fit=600%2C314&ssl=1","keywords":["Albums essentiels","Electro rock","histoire du rock","Livre Rock","New Wave","punk"],"articleSection":["Albums rock","Carotte Rock Cultures","Histoire du rock","Livre Rock"],"inLanguage":"fr-FR","potentialAction":[{"@type":"CommentAction","name":"Comment","target":["https:\/\/culturesco.com\/index.php\/2024\/06\/18\/suicide-leur-premier-album-par-pedro-penas-y-robles\/#respond"]}]},{"@type":"WebPage","@id":"https:\/\/culturesco.com\/index.php\/2024\/06\/18\/suicide-leur-premier-album-par-pedro-penas-y-robles\/","url":"https:\/\/culturesco.com\/index.php\/2024\/06\/18\/suicide-leur-premier-album-par-pedro-penas-y-robles\/","name":"SUICIDE leur premier album par Pedro Pe\u00f1as y Robles - Culturesco","isPartOf":{"@id":"https:\/\/culturesco.com\/#website"},"primaryImageOfPage":{"@id":"https:\/\/culturesco.com\/index.php\/2024\/06\/18\/suicide-leur-premier-album-par-pedro-penas-y-robles\/#primaryimage"},"image":{"@id":"https:\/\/culturesco.com\/index.php\/2024\/06\/18\/suicide-leur-premier-album-par-pedro-penas-y-robles\/#primaryimage"},"thumbnailUrl":"https:\/\/i0.wp.com\/culturesco.com\/wp-content\/uploads\/2024\/06\/SUICIDE-SUICIDE-LP-4.jpg?fit=600%2C314&ssl=1","datePublished":"2024-06-18T15:14:39+00:00","description":"CulturesCo | Un bon coup de pied dans ta Culture | Chroniques et histoire du Rock - SUICIDE leur premier album par Pedro Pe\u00f1as y Robles","breadcrumb":{"@id":"https:\/\/culturesco.com\/index.php\/2024\/06\/18\/suicide-leur-premier-album-par-pedro-penas-y-robles\/#breadcrumb"},"inLanguage":"fr-FR","potentialAction":[{"@type":"ReadAction","target":["https:\/\/culturesco.com\/index.php\/2024\/06\/18\/suicide-leur-premier-album-par-pedro-penas-y-robles\/"]}]},{"@type":"ImageObject","inLanguage":"fr-FR","@id":"https:\/\/culturesco.com\/index.php\/2024\/06\/18\/suicide-leur-premier-album-par-pedro-penas-y-robles\/#primaryimage","url":"https:\/\/i0.wp.com\/culturesco.com\/wp-content\/uploads\/2024\/06\/SUICIDE-SUICIDE-LP-4.jpg?fit=600%2C314&ssl=1","contentUrl":"https:\/\/i0.wp.com\/culturesco.com\/wp-content\/uploads\/2024\/06\/SUICIDE-SUICIDE-LP-4.jpg?fit=600%2C314&ssl=1","width":600,"height":314,"caption":"Le livre Suicide par Pedro Pe\u00f1as y Robles"},{"@type":"BreadcrumbList","@id":"https:\/\/culturesco.com\/index.php\/2024\/06\/18\/suicide-leur-premier-album-par-pedro-penas-y-robles\/#breadcrumb","itemListElement":[{"@type":"ListItem","position":1,"name":"Accueil","item":"https:\/\/culturesco.com\/"},{"@type":"ListItem","position":2,"name":"SUICIDE leur premier album par Pedro Pe\u00f1as y Robles"}]},{"@type":"WebSite","@id":"https:\/\/culturesco.com\/#website","url":"https:\/\/culturesco.com\/","name":"Culturesco","description":"Culturesco | Un bon coup de pied dans ta Culture","publisher":{"@id":"https:\/\/culturesco.com\/#organization"},"potentialAction":[{"@type":"SearchAction","target":{"@type":"EntryPoint","urlTemplate":"https:\/\/culturesco.com\/?s={search_term_string}"},"query-input":{"@type":"PropertyValueSpecification","valueRequired":true,"valueName":"search_term_string"}}],"inLanguage":"fr-FR"},{"@type":"Organization","@id":"https:\/\/culturesco.com\/#organization","name":"CULTURESCO","url":"https:\/\/culturesco.com\/","logo":{"@type":"ImageObject","inLanguage":"fr-FR","@id":"https:\/\/culturesco.com\/#\/schema\/logo\/image\/","url":"https:\/\/i0.wp.com\/culturesco.com\/wp-content\/uploads\/2022\/04\/culturesco-logo-blanc250p.png?fit=250%2C250&ssl=1","contentUrl":"https:\/\/i0.wp.com\/culturesco.com\/wp-content\/uploads\/2022\/04\/culturesco-logo-blanc250p.png?fit=250%2C250&ssl=1","width":250,"height":250,"caption":"CULTURESCO"},"image":{"@id":"https:\/\/culturesco.com\/#\/schema\/logo\/image\/"},"sameAs":["https:\/\/www.facebook.com\/radioculturesco","https:\/\/x.com\/AugusteMarshal","https:\/\/www.instagram.com\/carotte_rock_culture\/","https:\/\/www.pinterest.fr\/augustemarshal\/","https:\/\/www.youtube.com\/channel\/UCiWLGffqWSXlNnfzp6YwwyQ"]},{"@type":"Person","@id":"https:\/\/culturesco.com\/#\/schema\/person\/81834f4613bae18e9afa0dfb9b4f5457","name":"Bruno Polaroid","image":{"@type":"ImageObject","inLanguage":"fr-FR","@id":"https:\/\/i0.wp.com\/culturesco.com\/wp-content\/uploads\/2021\/12\/1798853_1375590169374746_992490721_n.jpg?fit=94%2C96&ssl=1","url":"https:\/\/i0.wp.com\/culturesco.com\/wp-content\/uploads\/2021\/12\/1798853_1375590169374746_992490721_n.jpg?fit=94%2C96&ssl=1","contentUrl":"https:\/\/i0.wp.com\/culturesco.com\/wp-content\/uploads\/2021\/12\/1798853_1375590169374746_992490721_n.jpg?fit=94%2C96&ssl=1","caption":"Bruno Polaroid"},"description":"Bruno Ledez alias Bruno Polaro\u00efd : Chroniqueur \u00e0 Cultures Co, Attach\u00e9 de Presse, ex Animateur \u00e0 Radio-Campus Lille \/ \u00c9mission La Folie (1986 - 2009), ex Chroniqueur \u00e9pisodique des fanzines Walking The Dog et Musiques, Images &amp; Passions Modernes.","url":"https:\/\/culturesco.com\/index.php\/author\/bruno-polaroid\/"}]}},"jetpack_featured_media_url":"https:\/\/i0.wp.com\/culturesco.com\/wp-content\/uploads\/2024\/06\/SUICIDE-SUICIDE-LP-4.jpg?fit=600%2C314&ssl=1","jetpack_likes_enabled":true,"jetpack_sharing_enabled":true,"jetpack_shortlink":"https:\/\/wp.me\/paz89I-5Tf","_links":{"self":[{"href":"https:\/\/culturesco.com\/index.php\/wp-json\/wp\/v2\/posts\/22645","targetHints":{"allow":["GET"]}}],"collection":[{"href":"https:\/\/culturesco.com\/index.php\/wp-json\/wp\/v2\/posts"}],"about":[{"href":"https:\/\/culturesco.com\/index.php\/wp-json\/wp\/v2\/types\/post"}],"author":[{"embeddable":true,"href":"https:\/\/culturesco.com\/index.php\/wp-json\/wp\/v2\/users\/20"}],"replies":[{"embeddable":true,"href":"https:\/\/culturesco.com\/index.php\/wp-json\/wp\/v2\/comments?post=22645"}],"version-history":[{"count":0,"href":"https:\/\/culturesco.com\/index.php\/wp-json\/wp\/v2\/posts\/22645\/revisions"}],"wp:featuredmedia":[{"embeddable":true,"href":"https:\/\/culturesco.com\/index.php\/wp-json\/wp\/v2\/media\/22648"}],"wp:attachment":[{"href":"https:\/\/culturesco.com\/index.php\/wp-json\/wp\/v2\/media?parent=22645"}],"wp:term":[{"taxonomy":"category","embeddable":true,"href":"https:\/\/culturesco.com\/index.php\/wp-json\/wp\/v2\/categories?post=22645"},{"taxonomy":"post_tag","embeddable":true,"href":"https:\/\/culturesco.com\/index.php\/wp-json\/wp\/v2\/tags?post=22645"}],"curies":[{"name":"wp","href":"https:\/\/api.w.org\/{rel}","templated":true}]}}