{"id":22217,"date":"2024-04-18T08:36:42","date_gmt":"2024-04-18T06:36:42","guid":{"rendered":"https:\/\/culturesco.com\/?p=22217"},"modified":"2024-04-18T08:36:42","modified_gmt":"2024-04-18T06:36:42","slug":"amok-le-polar-a-lamericaine-du-groupe-coffee","status":"publish","type":"post","link":"https:\/\/culturesco.com\/index.php\/2024\/04\/18\/amok-le-polar-a-lamericaine-du-groupe-coffee\/","title":{"rendered":"AMOK, le polar \u00e0 l\u2019am\u00e9ricaine du groupe Coffee"},"content":{"rendered":"<h2 style=\"text-align: justify\">Un p\u00e9riple meurtrier au son du blues<\/h2>\n<p style=\"text-align: justify\">Quatre ans apr\u00e8s la publication de son second opus, le groupe <strong>Coffee<\/strong> revient avec <strong><em>Amok<\/em><\/strong>, un mini-album conceptuel et savoureux.<\/p>\n<p><img data-recalc-dims=\"1\" loading=\"lazy\" decoding=\"async\" class=\"size-medium wp-image-22219 aligncenter\" src=\"https:\/\/i0.wp.com\/culturesco.com\/wp-content\/uploads\/2024\/04\/424569485_3756591117905548_7351203387639599145_n.jpg?resize=300%2C300&#038;ssl=1\" alt=\"Amok\" width=\"300\" height=\"300\" srcset=\"https:\/\/i0.wp.com\/culturesco.com\/wp-content\/uploads\/2024\/04\/424569485_3756591117905548_7351203387639599145_n.jpg?resize=300%2C300&amp;ssl=1 300w, https:\/\/i0.wp.com\/culturesco.com\/wp-content\/uploads\/2024\/04\/424569485_3756591117905548_7351203387639599145_n.jpg?resize=627%2C627&amp;ssl=1 627w, https:\/\/i0.wp.com\/culturesco.com\/wp-content\/uploads\/2024\/04\/424569485_3756591117905548_7351203387639599145_n.jpg?resize=150%2C150&amp;ssl=1 150w, https:\/\/i0.wp.com\/culturesco.com\/wp-content\/uploads\/2024\/04\/424569485_3756591117905548_7351203387639599145_n.jpg?resize=768%2C768&amp;ssl=1 768w, https:\/\/i0.wp.com\/culturesco.com\/wp-content\/uploads\/2024\/04\/424569485_3756591117905548_7351203387639599145_n.jpg?resize=1536%2C1536&amp;ssl=1 1536w, https:\/\/i0.wp.com\/culturesco.com\/wp-content\/uploads\/2024\/04\/424569485_3756591117905548_7351203387639599145_n.jpg?resize=420%2C420&amp;ssl=1 420w, https:\/\/i0.wp.com\/culturesco.com\/wp-content\/uploads\/2024\/04\/424569485_3756591117905548_7351203387639599145_n.jpg?resize=696%2C696&amp;ssl=1 696w, https:\/\/i0.wp.com\/culturesco.com\/wp-content\/uploads\/2024\/04\/424569485_3756591117905548_7351203387639599145_n.jpg?resize=1068%2C1068&amp;ssl=1 1068w, https:\/\/i0.wp.com\/culturesco.com\/wp-content\/uploads\/2024\/04\/424569485_3756591117905548_7351203387639599145_n.jpg?w=600&amp;ssl=1 600w, https:\/\/i0.wp.com\/culturesco.com\/wp-content\/uploads\/2024\/04\/424569485_3756591117905548_7351203387639599145_n.jpg?resize=100%2C100&amp;ssl=1 100w, https:\/\/i0.wp.com\/culturesco.com\/wp-content\/uploads\/2024\/04\/424569485_3756591117905548_7351203387639599145_n.jpg?resize=50%2C50&amp;ssl=1 50w, https:\/\/i0.wp.com\/culturesco.com\/wp-content\/uploads\/2024\/04\/424569485_3756591117905548_7351203387639599145_n.jpg?resize=60%2C60&amp;ssl=1 60w, https:\/\/i0.wp.com\/culturesco.com\/wp-content\/uploads\/2024\/04\/424569485_3756591117905548_7351203387639599145_n.jpg?resize=90%2C90&amp;ssl=1 90w\" sizes=\"auto, (max-width: 300px) 100vw, 300px\" \/><\/p>\n<p style=\"text-align: justify\">De 1991 \u00e0 2004, la paire <strong>Herv\u00e9 Templier<\/strong> (chant et batterie) et <strong>Herv\u00e9 Broquet<\/strong> (guitare) constitue le noyau dur de la formation parisienne <strong>Soul Finger<\/strong>. Les deux musiciens tentent ensuite l\u2019aventure en duo. Une formation ultra r\u00e9duite, fa\u00e7on <a href=\"https:\/\/culturesco.com\/index.php\/2019\/04\/05\/the-black-keys-glam-rock-et-psychedelique\/\" target=\"_blank\" rel=\"noopener\">Black Keys<\/a>, qu\u2019ils baptisent <strong>\u201cCoffee\u201d<\/strong>. Un troisi\u00e8me larron, le guitariste <strong>Samuel Rumeur<\/strong>, les rejoint en 2011.<\/p>\n<p><img data-recalc-dims=\"1\" loading=\"lazy\" decoding=\"async\" class=\"aligncenter wp-image-22218\" src=\"https:\/\/i0.wp.com\/culturesco.com\/wp-content\/uploads\/2024\/04\/318329974_3415084698722860_2019485944951476810_n.jpg?resize=556%2C417&#038;ssl=1\" alt=\"Coffee - Amok\" width=\"556\" height=\"417\" srcset=\"https:\/\/i0.wp.com\/culturesco.com\/wp-content\/uploads\/2024\/04\/318329974_3415084698722860_2019485944951476810_n.jpg?resize=836%2C627&amp;ssl=1 836w, https:\/\/i0.wp.com\/culturesco.com\/wp-content\/uploads\/2024\/04\/318329974_3415084698722860_2019485944951476810_n.jpg?resize=300%2C225&amp;ssl=1 300w, https:\/\/i0.wp.com\/culturesco.com\/wp-content\/uploads\/2024\/04\/318329974_3415084698722860_2019485944951476810_n.jpg?resize=768%2C576&amp;ssl=1 768w, https:\/\/i0.wp.com\/culturesco.com\/wp-content\/uploads\/2024\/04\/318329974_3415084698722860_2019485944951476810_n.jpg?resize=1536%2C1152&amp;ssl=1 1536w, https:\/\/i0.wp.com\/culturesco.com\/wp-content\/uploads\/2024\/04\/318329974_3415084698722860_2019485944951476810_n.jpg?resize=560%2C420&amp;ssl=1 560w, https:\/\/i0.wp.com\/culturesco.com\/wp-content\/uploads\/2024\/04\/318329974_3415084698722860_2019485944951476810_n.jpg?resize=80%2C60&amp;ssl=1 80w, https:\/\/i0.wp.com\/culturesco.com\/wp-content\/uploads\/2024\/04\/318329974_3415084698722860_2019485944951476810_n.jpg?resize=696%2C522&amp;ssl=1 696w, https:\/\/i0.wp.com\/culturesco.com\/wp-content\/uploads\/2024\/04\/318329974_3415084698722860_2019485944951476810_n.jpg?resize=1068%2C801&amp;ssl=1 1068w, https:\/\/i0.wp.com\/culturesco.com\/wp-content\/uploads\/2024\/04\/318329974_3415084698722860_2019485944951476810_n.jpg?resize=265%2C198&amp;ssl=1 265w, https:\/\/i0.wp.com\/culturesco.com\/wp-content\/uploads\/2024\/04\/318329974_3415084698722860_2019485944951476810_n.jpg?w=600&amp;ssl=1 600w, https:\/\/i0.wp.com\/culturesco.com\/wp-content\/uploads\/2024\/04\/318329974_3415084698722860_2019485944951476810_n.jpg?resize=120%2C90&amp;ssl=1 120w\" sizes=\"auto, (max-width: 556px) 100vw, 556px\" \/><\/p>\n<p style=\"text-align: justify\">A cette \u00e9poque, avec ses deux guitares suintant le blues et le rock psych\u00e9, <strong>Coffee<\/strong> est d\u00e9j\u00e0 un power-trio imaginatif, aux influences affirm\u00e9es. Apr\u00e8s avoir publi\u00e9 un mini-opus suivi d\u2019un Ep, l\u2019album <em>Nobody\u2019s Perfect<\/em> voit le jour en 2020.<\/p>\n<h3 style=\"text-align: justify\">Coffee &#8211; Apollo (Nobody&rsquo;s Perfect)<\/h3>\n<div class=\"youtube-embed\" data-video_id=\"qjnQ7NH68gc\"><iframe loading=\"lazy\" title=\"Apollo\" width=\"696\" height=\"392\" src=\"https:\/\/www.youtube.com\/embed\/qjnQ7NH68gc\" frameborder=\"0\" allow=\"accelerometer; autoplay; clipboard-write; encrypted-media; gyroscope; picture-in-picture; web-share\" referrerpolicy=\"strict-origin-when-cross-origin\" allowfullscreen><\/iframe><\/div>\n<p style=\"text-align: justify\">En parlant d\u2019influences, celles de Coffee respirent le bon go\u00fbt et convergent autour d\u2019un axe central\u2026 le blues !<\/p>\n<blockquote>\n<h4 style=\"text-align: justify\"><em>\u201cSi l\u2019on veut faire court, on pourrait dire qu\u2019elles couvrent toute la musique populaire entre John Lee Hooker et Jack White.\u201d<\/em><\/h4>\n<\/blockquote>\n<p style=\"text-align: justify\">Entre ces deux orf\u00e8vres, le trio cite \u00e9galement Buddy Guy, <a href=\"https:\/\/culturesco.com\/index.php\/produit\/the-doors-l-album-une-notice-d-ecoute-livre-serge-de-bono\/\" target=\"_blank\" rel=\"noopener\">The Doors<\/a>, <a href=\"https:\/\/culturesco.com\/index.php\/2023\/10\/20\/crown-of-creation-la-petite-bombe-de-jefferson-airplane-triad-lather\/\" target=\"_blank\" rel=\"noopener\">Jefferson Airplane<\/a>, <a href=\"https:\/\/culturesco.com\/index.php\/2021\/04\/07\/creedence-clearwater-revival-debuts-et-premier-album-suzie-q-i-put-a-spell-on-you\/\" target=\"_blank\" rel=\"noopener\">Creedence Clearwater Revival<\/a>, Donovan, Morphine, <a href=\"https:\/\/culturesco.com\/index.php\/2020\/03\/24\/the-clash-et-roxy-music-pop-and-rock-around-1982\/\" target=\"_blank\" rel=\"noopener\">The Clash<\/a>, <a href=\"https:\/\/culturesco.com\/index.php\/2019\/09\/27\/kat-onoma-billy-the-kid-un-album-ou-rodolphe-burger-s-inspire-du-poete-jack-spicer-chanson-le-desert\/\" target=\"_blank\" rel=\"noopener\">Kat Onoma<\/a>, Black Keys ou encore <a href=\"https:\/\/culturesco.com\/index.php\/2019\/12\/24\/james-brown-phenomene-musical-et-heros-de-tout-un-peuple-its-a-mans-world-i-feel-good\/\" target=\"_blank\" rel=\"noopener\">James Brown<\/a>.<\/p>\n<p style=\"text-align: justify\">Coffee poss\u00e8de des oreilles fines, et un esprit aventureux. Samuel Rumeur ayant troqu\u00e9 sa guitare pour une basse vient doper la section rythmique du trio. Ils peuvent d\u00e9sormais aborder un projet plus ambitieux&#8230;<\/p>\n<p style=\"text-align: justify\"><strong><em>Amok<\/em><\/strong>, second album du groupe publi\u00e9 le <strong>31<\/strong> <strong>janvier\u00a02024<\/strong>, est un polar blues-rock. Il s\u2019ouvre sur un riff nocturne et lancinant. Le chant de Herv\u00e9 Templier, \u00e9voquant la grande \u00e9poque du rock psych\u00e9, fait poindre l\u2019aurore, et nous conte l\u2019histoire d\u2019un homme \u00e0 la fois d\u00e9sorient\u00e9 et soulag\u00e9. Il erre dans les rues et confesse avoir commis un crime. Incapable d\u2019expliquer le d\u00e9roulement des \u00e9v\u00e8nements, il propose de dessiner son histoire\u2026<\/p>\n<h3 style=\"text-align: justify\">Coffee &#8211; Feelin\u2019 Fine (Amok)<\/h3>\n<div class=\"youtube-embed\" data-video_id=\"n5KNO1mH6HE\"><iframe loading=\"lazy\" title=\"Feelin&#039; Fine\" width=\"696\" height=\"392\" src=\"https:\/\/www.youtube.com\/embed\/n5KNO1mH6HE\" frameborder=\"0\" allow=\"accelerometer; autoplay; clipboard-write; encrypted-media; gyroscope; picture-in-picture; web-share\" referrerpolicy=\"strict-origin-when-cross-origin\" allowfullscreen><\/iframe><\/div>\n<p style=\"text-align: justify\">En ethnologie, l\u2019<strong>amok<\/strong>\u00a0d\u00e9signe une rupture de l\u2019\u00e9quilibre interne, un acc\u00e8s de violence manifest\u00e9 par un individu, et ne prenant fin qu\u2019une fois son crime accompli.<\/p>\n<p style=\"text-align: justify\">L\u2019album de Coffee d\u00e9cline le p\u00e9riple de son protagoniste en sept s\u00e9quences, et donc sept titres. L\u2019histoire d\u2019un homme amoureux rendu fou par la guerre et la jalousie. Un homme us\u00e9, d\u00e9\u00e7u, et fatigu\u00e9 de r\u00eaver, trouvant dans le meurtre et la vengeance, un exutoire \u00e0 son malheur.<\/p>\n<p style=\"text-align: justify\">En fran\u00e7ais, ou en anglais, le blues et les miaulements d\u2019harmonica de Coffee sonnent aussi authentiques qu\u2019un groupe de Nashville. Le blues du sud des Etats-Unis est omnipr\u00e9sent. Et quand ils s\u2019aventurent en terrain funky, les locaux de <a href=\"https:\/\/www.quickstudio.com\/fr\/studios\/amstud\" target=\"_blank\" rel=\"noopener\">AM Stud<\/a> o\u00f9 ils enregistrent, exhalent m\u00eame le parfum du nord-ouest de l\u2019Alabama, et des studios <strong>Muscle Shoals<\/strong>\u2026<\/p>\n<h3 style=\"text-align: justify\">Coffee &#8211; The Nightmare (Amok)<\/h3>\n<div class=\"youtube-embed\" data-video_id=\"5n1L4zopYA0\"><iframe loading=\"lazy\" title=\"The Nightmare\" width=\"696\" height=\"392\" src=\"https:\/\/www.youtube.com\/embed\/5n1L4zopYA0\" frameborder=\"0\" allow=\"accelerometer; autoplay; clipboard-write; encrypted-media; gyroscope; picture-in-picture; web-share\" referrerpolicy=\"strict-origin-when-cross-origin\" allowfullscreen><\/iframe><\/div>\n<p style=\"text-align: justify\">A l\u2019heure de la d\u00e9mat\u00e9rialisation, l\u2019id\u00e9e de proposer une \u0153uvre musicale dans un emballage soign\u00e9 peut para\u00eetre d\u00e9su\u00e8te \u00e0 certains. Il n\u2019emp\u00eache que lorsqu\u2019une \u0153uvre puise autant dans l\u2019imagination, le visuel vient souvent nourrir, ou d\u00e9cupler, le plaisir de l\u2019auditeur.<\/p>\n<p><img data-recalc-dims=\"1\" loading=\"lazy\" decoding=\"async\" class=\"size-medium wp-image-22221 aligncenter\" src=\"https:\/\/i0.wp.com\/culturesco.com\/wp-content\/uploads\/2024\/04\/424581615_10161460149501558_7830771411539979588_n.jpg?resize=300%2C169&#038;ssl=1\" alt=\"Amok\" width=\"300\" height=\"169\" srcset=\"https:\/\/i0.wp.com\/culturesco.com\/wp-content\/uploads\/2024\/04\/424581615_10161460149501558_7830771411539979588_n.jpg?resize=300%2C169&amp;ssl=1 300w, https:\/\/i0.wp.com\/culturesco.com\/wp-content\/uploads\/2024\/04\/424581615_10161460149501558_7830771411539979588_n.jpg?resize=107%2C60&amp;ssl=1 107w, https:\/\/i0.wp.com\/culturesco.com\/wp-content\/uploads\/2024\/04\/424581615_10161460149501558_7830771411539979588_n.jpg?resize=160%2C90&amp;ssl=1 160w, https:\/\/i0.wp.com\/culturesco.com\/wp-content\/uploads\/2024\/04\/424581615_10161460149501558_7830771411539979588_n.jpg?w=600&amp;ssl=1 600w\" sizes=\"auto, (max-width: 300px) 100vw, 300px\" \/><\/p>\n<p style=\"text-align: justify\">Et comme <strong>Coffee<\/strong> sait m\u00ealer les genres, les influences, et les \u00e9poques avec harmonie, le CD de l\u2019album <strong><em>Amok<\/em><\/strong> est gliss\u00e9 dans un classieux package (sign\u00e9 Eric Daumont), fa\u00e7on club de jazz et polar am\u00e9ricain des 50\u2019s. Ce dernier abrite \u00e9galement un livret comportant de superbes illustrations correspondant au r\u00e9cit dessin\u00e9 du protagoniste. Un contenant \u00e0 la hauteur du contenu jou\u00e9 par Coffee, grisant et hypnotique.<\/p>\n<p><img data-recalc-dims=\"1\" loading=\"lazy\" decoding=\"async\" class=\"size-medium wp-image-22222 aligncenter\" src=\"https:\/\/i0.wp.com\/culturesco.com\/wp-content\/uploads\/2024\/04\/436013284_7787099911302469_3557984093886181223_n.jpg?resize=300%2C225&#038;ssl=1\" alt=\"Coffe - Amok\" width=\"300\" height=\"225\" srcset=\"https:\/\/i0.wp.com\/culturesco.com\/wp-content\/uploads\/2024\/04\/436013284_7787099911302469_3557984093886181223_n.jpg?resize=300%2C225&amp;ssl=1 300w, https:\/\/i0.wp.com\/culturesco.com\/wp-content\/uploads\/2024\/04\/436013284_7787099911302469_3557984093886181223_n.jpg?resize=836%2C627&amp;ssl=1 836w, https:\/\/i0.wp.com\/culturesco.com\/wp-content\/uploads\/2024\/04\/436013284_7787099911302469_3557984093886181223_n.jpg?resize=768%2C576&amp;ssl=1 768w, https:\/\/i0.wp.com\/culturesco.com\/wp-content\/uploads\/2024\/04\/436013284_7787099911302469_3557984093886181223_n.jpg?resize=1536%2C1152&amp;ssl=1 1536w, https:\/\/i0.wp.com\/culturesco.com\/wp-content\/uploads\/2024\/04\/436013284_7787099911302469_3557984093886181223_n.jpg?resize=2048%2C1536&amp;ssl=1 2048w, https:\/\/i0.wp.com\/culturesco.com\/wp-content\/uploads\/2024\/04\/436013284_7787099911302469_3557984093886181223_n.jpg?resize=560%2C420&amp;ssl=1 560w, https:\/\/i0.wp.com\/culturesco.com\/wp-content\/uploads\/2024\/04\/436013284_7787099911302469_3557984093886181223_n.jpg?resize=80%2C60&amp;ssl=1 80w, https:\/\/i0.wp.com\/culturesco.com\/wp-content\/uploads\/2024\/04\/436013284_7787099911302469_3557984093886181223_n.jpg?resize=696%2C522&amp;ssl=1 696w, https:\/\/i0.wp.com\/culturesco.com\/wp-content\/uploads\/2024\/04\/436013284_7787099911302469_3557984093886181223_n.jpg?resize=1068%2C801&amp;ssl=1 1068w, https:\/\/i0.wp.com\/culturesco.com\/wp-content\/uploads\/2024\/04\/436013284_7787099911302469_3557984093886181223_n.jpg?resize=265%2C198&amp;ssl=1 265w, https:\/\/i0.wp.com\/culturesco.com\/wp-content\/uploads\/2024\/04\/436013284_7787099911302469_3557984093886181223_n.jpg?w=600&amp;ssl=1 600w, https:\/\/i0.wp.com\/culturesco.com\/wp-content\/uploads\/2024\/04\/436013284_7787099911302469_3557984093886181223_n.jpg?resize=120%2C90&amp;ssl=1 120w\" sizes=\"auto, (max-width: 300px) 100vw, 300px\" \/><\/p>\n<p style=\"text-align: justify\">Si vous souhaitez les \u00e9couter en live, Coffee sera en concert <strong>le 22 mai aux Disquaires, 6 rue des Taillandiers (Paris 11\u00e8me)<\/strong>. En attendant que <em>Amok<\/em> soit disponible sur les diff\u00e9rentes plateformes, vous pourrez en profiter pour vous procurer sur place le pr\u00e9cieux s\u00e9same.<\/p>\n<p><strong>Serge Debono<\/strong><\/p>\n","protected":false},"excerpt":{"rendered":"<p>Un p\u00e9riple meurtrier au son du blues Quatre ans apr\u00e8s la publication de son second opus, le groupe Coffee revient avec Amok, un mini-album conceptuel et savoureux. De 1991 \u00e0 2004, la paire Herv\u00e9 Templier (chant et batterie) et Herv\u00e9 Broquet (guitare) constitue le noyau dur de la formation parisienne Soul Finger. Les deux musiciens [&hellip;]<\/p>\n","protected":false},"author":15,"featured_media":22221,"comment_status":"open","ping_status":"open","sticky":false,"template":"","format":"image","meta":{"jetpack_post_was_ever_published":false,"tdm_status":"","tdm_grid_status":"","_jetpack_newsletter_access":"","_jetpack_dont_email_post_to_subs":false,"_jetpack_newsletter_tier_id":0,"_jetpack_memberships_contains_paywalled_content":false,"_jetpack_memberships_contains_paid_content":false,"footnotes":""},"categories":[30,17,14344,14363,36],"tags":[37,11669,52,13837],"class_list":{"0":"post-22217","1":"post","2":"type-post","3":"status-publish","4":"format-image","5":"has-post-thumbnail","7":"category-albums-rock","8":"category-carotte-rock-cultures","9":"category-chanson-francaise","10":"category-folk-blues","11":"category-groupes-rock-daujourdhui","12":"tag-album-rock","13":"tag-blues","14":"tag-groupe-rock-actuel","15":"tag-rock-psyche","16":"post_format-post-format-image"},"yoast_head":"<!-- This site is optimized with the Yoast SEO plugin v27.5 - https:\/\/yoast.com\/product\/yoast-seo-wordpress\/ -->\n<title>AMOK, le polar \u00e0 l\u2019am\u00e9ricaine du groupe Coffee - Culturesco<\/title>\n<meta name=\"description\" content=\"CulturesCo | Apr\u00e8s l&#039;opus Nobody&#039;s Perfect publi\u00e9 en 2020, le trio de Coffee revient avec un album concept. Un polar blues-rock baptis\u00e9 Amok.\" \/>\n<meta name=\"robots\" content=\"index, follow, max-snippet:-1, max-image-preview:large, max-video-preview:-1\" \/>\n<link rel=\"canonical\" href=\"https:\/\/culturesco.com\/index.php\/2024\/04\/18\/amok-le-polar-a-lamericaine-du-groupe-coffee\/\" \/>\n<meta property=\"og:locale\" content=\"fr_FR\" \/>\n<meta property=\"og:type\" content=\"article\" \/>\n<meta property=\"og:title\" content=\"AMOK, le polar \u00e0 l\u2019am\u00e9ricaine du groupe Coffee - Culturesco\" \/>\n<meta property=\"og:description\" content=\"CulturesCo | Apr\u00e8s l&#039;opus Nobody&#039;s Perfect publi\u00e9 en 2020, le trio de Coffee revient avec un album concept. Un polar blues-rock baptis\u00e9 Amok.\" \/>\n<meta property=\"og:url\" content=\"https:\/\/culturesco.com\/index.php\/2024\/04\/18\/amok-le-polar-a-lamericaine-du-groupe-coffee\/\" \/>\n<meta property=\"og:site_name\" content=\"Culturesco\" \/>\n<meta property=\"article:publisher\" content=\"https:\/\/www.facebook.com\/radioculturesco\" \/>\n<meta property=\"article:published_time\" content=\"2024-04-18T06:36:42+00:00\" \/>\n<meta property=\"og:image\" content=\"https:\/\/culturesco.com\/wp-content\/uploads\/2024\/04\/424581615_10161460149501558_7830771411539979588_n.jpg\" \/>\n\t<meta property=\"og:image:width\" content=\"600\" \/>\n\t<meta property=\"og:image:height\" content=\"337\" \/>\n\t<meta property=\"og:image:type\" content=\"image\/jpeg\" \/>\n<meta name=\"author\" content=\"Serge Debono\" \/>\n<meta name=\"twitter:card\" content=\"summary_large_image\" \/>\n<meta name=\"twitter:creator\" content=\"@AugusteMarshal\" \/>\n<meta name=\"twitter:site\" content=\"@AugusteMarshal\" \/>\n<meta name=\"twitter:label1\" content=\"\u00c9crit par\" \/>\n\t<meta name=\"twitter:data1\" content=\"Serge Debono\" \/>\n\t<meta name=\"twitter:label2\" content=\"Dur\u00e9e de lecture estim\u00e9e\" \/>\n\t<meta name=\"twitter:data2\" content=\"4 minutes\" \/>\n<script type=\"application\/ld+json\" class=\"yoast-schema-graph\">{\"@context\":\"https:\\\/\\\/schema.org\",\"@graph\":[{\"@type\":\"Article\",\"@id\":\"https:\\\/\\\/culturesco.com\\\/index.php\\\/2024\\\/04\\\/18\\\/amok-le-polar-a-lamericaine-du-groupe-coffee\\\/#article\",\"isPartOf\":{\"@id\":\"https:\\\/\\\/culturesco.com\\\/index.php\\\/2024\\\/04\\\/18\\\/amok-le-polar-a-lamericaine-du-groupe-coffee\\\/\"},\"author\":{\"name\":\"Serge Debono\",\"@id\":\"https:\\\/\\\/culturesco.com\\\/#\\\/schema\\\/person\\\/3bb0040ed615ad5553a08cf2d68ec38e\"},\"headline\":\"AMOK, le polar \u00e0 l\u2019am\u00e9ricaine du groupe Coffee\",\"datePublished\":\"2024-04-18T06:36:42+00:00\",\"mainEntityOfPage\":{\"@id\":\"https:\\\/\\\/culturesco.com\\\/index.php\\\/2024\\\/04\\\/18\\\/amok-le-polar-a-lamericaine-du-groupe-coffee\\\/\"},\"wordCount\":686,\"commentCount\":0,\"publisher\":{\"@id\":\"https:\\\/\\\/culturesco.com\\\/#organization\"},\"image\":{\"@id\":\"https:\\\/\\\/culturesco.com\\\/index.php\\\/2024\\\/04\\\/18\\\/amok-le-polar-a-lamericaine-du-groupe-coffee\\\/#primaryimage\"},\"thumbnailUrl\":\"https:\\\/\\\/i0.wp.com\\\/culturesco.com\\\/wp-content\\\/uploads\\\/2024\\\/04\\\/424581615_10161460149501558_7830771411539979588_n.jpg?fit=600%2C337&ssl=1\",\"keywords\":[\"album rock\",\"blues\",\"groupe rock actuel\",\"rock-psych\u00e9\"],\"articleSection\":[\"Albums rock\",\"Carotte Rock Cultures\",\"Chanson fran\u00e7aise\",\"Folk blues\",\"Groupes rock d'aujourd'hui\"],\"inLanguage\":\"fr-FR\",\"potentialAction\":[{\"@type\":\"CommentAction\",\"name\":\"Comment\",\"target\":[\"https:\\\/\\\/culturesco.com\\\/index.php\\\/2024\\\/04\\\/18\\\/amok-le-polar-a-lamericaine-du-groupe-coffee\\\/#respond\"]}]},{\"@type\":\"WebPage\",\"@id\":\"https:\\\/\\\/culturesco.com\\\/index.php\\\/2024\\\/04\\\/18\\\/amok-le-polar-a-lamericaine-du-groupe-coffee\\\/\",\"url\":\"https:\\\/\\\/culturesco.com\\\/index.php\\\/2024\\\/04\\\/18\\\/amok-le-polar-a-lamericaine-du-groupe-coffee\\\/\",\"name\":\"AMOK, le polar \u00e0 l\u2019am\u00e9ricaine du groupe Coffee - Culturesco\",\"isPartOf\":{\"@id\":\"https:\\\/\\\/culturesco.com\\\/#website\"},\"primaryImageOfPage\":{\"@id\":\"https:\\\/\\\/culturesco.com\\\/index.php\\\/2024\\\/04\\\/18\\\/amok-le-polar-a-lamericaine-du-groupe-coffee\\\/#primaryimage\"},\"image\":{\"@id\":\"https:\\\/\\\/culturesco.com\\\/index.php\\\/2024\\\/04\\\/18\\\/amok-le-polar-a-lamericaine-du-groupe-coffee\\\/#primaryimage\"},\"thumbnailUrl\":\"https:\\\/\\\/i0.wp.com\\\/culturesco.com\\\/wp-content\\\/uploads\\\/2024\\\/04\\\/424581615_10161460149501558_7830771411539979588_n.jpg?fit=600%2C337&ssl=1\",\"datePublished\":\"2024-04-18T06:36:42+00:00\",\"description\":\"CulturesCo | Apr\u00e8s l'opus Nobody's Perfect publi\u00e9 en 2020, le trio de Coffee revient avec un album concept. Un polar blues-rock baptis\u00e9 Amok.\",\"breadcrumb\":{\"@id\":\"https:\\\/\\\/culturesco.com\\\/index.php\\\/2024\\\/04\\\/18\\\/amok-le-polar-a-lamericaine-du-groupe-coffee\\\/#breadcrumb\"},\"inLanguage\":\"fr-FR\",\"potentialAction\":[{\"@type\":\"ReadAction\",\"target\":[\"https:\\\/\\\/culturesco.com\\\/index.php\\\/2024\\\/04\\\/18\\\/amok-le-polar-a-lamericaine-du-groupe-coffee\\\/\"]}]},{\"@type\":\"ImageObject\",\"inLanguage\":\"fr-FR\",\"@id\":\"https:\\\/\\\/culturesco.com\\\/index.php\\\/2024\\\/04\\\/18\\\/amok-le-polar-a-lamericaine-du-groupe-coffee\\\/#primaryimage\",\"url\":\"https:\\\/\\\/i0.wp.com\\\/culturesco.com\\\/wp-content\\\/uploads\\\/2024\\\/04\\\/424581615_10161460149501558_7830771411539979588_n.jpg?fit=600%2C337&ssl=1\",\"contentUrl\":\"https:\\\/\\\/i0.wp.com\\\/culturesco.com\\\/wp-content\\\/uploads\\\/2024\\\/04\\\/424581615_10161460149501558_7830771411539979588_n.jpg?fit=600%2C337&ssl=1\",\"width\":600,\"height\":337,\"caption\":\"Amok\"},{\"@type\":\"BreadcrumbList\",\"@id\":\"https:\\\/\\\/culturesco.com\\\/index.php\\\/2024\\\/04\\\/18\\\/amok-le-polar-a-lamericaine-du-groupe-coffee\\\/#breadcrumb\",\"itemListElement\":[{\"@type\":\"ListItem\",\"position\":1,\"name\":\"Accueil\",\"item\":\"https:\\\/\\\/culturesco.com\\\/\"},{\"@type\":\"ListItem\",\"position\":2,\"name\":\"AMOK, le polar \u00e0 l\u2019am\u00e9ricaine du groupe Coffee\"}]},{\"@type\":\"WebSite\",\"@id\":\"https:\\\/\\\/culturesco.com\\\/#website\",\"url\":\"https:\\\/\\\/culturesco.com\\\/\",\"name\":\"Culturesco\",\"description\":\"Culturesco | Un bon coup de pied dans ta Culture\",\"publisher\":{\"@id\":\"https:\\\/\\\/culturesco.com\\\/#organization\"},\"potentialAction\":[{\"@type\":\"SearchAction\",\"target\":{\"@type\":\"EntryPoint\",\"urlTemplate\":\"https:\\\/\\\/culturesco.com\\\/?s={search_term_string}\"},\"query-input\":{\"@type\":\"PropertyValueSpecification\",\"valueRequired\":true,\"valueName\":\"search_term_string\"}}],\"inLanguage\":\"fr-FR\"},{\"@type\":\"Organization\",\"@id\":\"https:\\\/\\\/culturesco.com\\\/#organization\",\"name\":\"CULTURESCO\",\"url\":\"https:\\\/\\\/culturesco.com\\\/\",\"logo\":{\"@type\":\"ImageObject\",\"inLanguage\":\"fr-FR\",\"@id\":\"https:\\\/\\\/culturesco.com\\\/#\\\/schema\\\/logo\\\/image\\\/\",\"url\":\"https:\\\/\\\/i0.wp.com\\\/culturesco.com\\\/wp-content\\\/uploads\\\/2022\\\/04\\\/culturesco-logo-blanc250p.png?fit=250%2C250&ssl=1\",\"contentUrl\":\"https:\\\/\\\/i0.wp.com\\\/culturesco.com\\\/wp-content\\\/uploads\\\/2022\\\/04\\\/culturesco-logo-blanc250p.png?fit=250%2C250&ssl=1\",\"width\":250,\"height\":250,\"caption\":\"CULTURESCO\"},\"image\":{\"@id\":\"https:\\\/\\\/culturesco.com\\\/#\\\/schema\\\/logo\\\/image\\\/\"},\"sameAs\":[\"https:\\\/\\\/www.facebook.com\\\/radioculturesco\",\"https:\\\/\\\/x.com\\\/AugusteMarshal\",\"https:\\\/\\\/www.instagram.com\\\/carotte_rock_culture\\\/\",\"https:\\\/\\\/www.pinterest.fr\\\/augustemarshal\\\/\",\"https:\\\/\\\/www.youtube.com\\\/channel\\\/UCiWLGffqWSXlNnfzp6YwwyQ\"]},{\"@type\":\"Person\",\"@id\":\"https:\\\/\\\/culturesco.com\\\/#\\\/schema\\\/person\\\/3bb0040ed615ad5553a08cf2d68ec38e\",\"name\":\"Serge Debono\",\"image\":{\"@type\":\"ImageObject\",\"inLanguage\":\"fr-FR\",\"@id\":\"https:\\\/\\\/i0.wp.com\\\/culturesco.com\\\/wp-content\\\/uploads\\\/2022\\\/05\\\/60002991_386930685257671_7441165878386753536_n.jpg?fit=96%2C96&ssl=1\",\"url\":\"https:\\\/\\\/i0.wp.com\\\/culturesco.com\\\/wp-content\\\/uploads\\\/2022\\\/05\\\/60002991_386930685257671_7441165878386753536_n.jpg?fit=96%2C96&ssl=1\",\"contentUrl\":\"https:\\\/\\\/i0.wp.com\\\/culturesco.com\\\/wp-content\\\/uploads\\\/2022\\\/05\\\/60002991_386930685257671_7441165878386753536_n.jpg?fit=96%2C96&ssl=1\",\"caption\":\"Serge Debono\"},\"description\":\"Passionn\u00e9 de musique 60's et 70's, Serge Debono est l'auteur de \\\"Crossroads, dans l'ombre de Jimi Hendrix\\\", un livre \u00e0 mi-chemin entre le roman initiatique et le conte rock, ainsi que d'une analyse du premier opus des Doors, tous deux publi\u00e9s aux Editions Andr\u00e9 Odemard. Il est \u00e9galement chroniqueur et auteur de fictions sur le site Cultures Co, la page FB Carottes Rock Culture, ainsi que animateur sur la radio web Pop Culture.\",\"url\":\"https:\\\/\\\/culturesco.com\\\/index.php\\\/author\\\/serge-debono\\\/\"}]}<\/script>\n<!-- \/ Yoast SEO plugin. -->","yoast_head_json":{"title":"AMOK, le polar \u00e0 l\u2019am\u00e9ricaine du groupe Coffee - Culturesco","description":"CulturesCo | Apr\u00e8s l'opus Nobody's Perfect publi\u00e9 en 2020, le trio de Coffee revient avec un album concept. Un polar blues-rock baptis\u00e9 Amok.","robots":{"index":"index","follow":"follow","max-snippet":"max-snippet:-1","max-image-preview":"max-image-preview:large","max-video-preview":"max-video-preview:-1"},"canonical":"https:\/\/culturesco.com\/index.php\/2024\/04\/18\/amok-le-polar-a-lamericaine-du-groupe-coffee\/","og_locale":"fr_FR","og_type":"article","og_title":"AMOK, le polar \u00e0 l\u2019am\u00e9ricaine du groupe Coffee - Culturesco","og_description":"CulturesCo | Apr\u00e8s l'opus Nobody's Perfect publi\u00e9 en 2020, le trio de Coffee revient avec un album concept. Un polar blues-rock baptis\u00e9 Amok.","og_url":"https:\/\/culturesco.com\/index.php\/2024\/04\/18\/amok-le-polar-a-lamericaine-du-groupe-coffee\/","og_site_name":"Culturesco","article_publisher":"https:\/\/www.facebook.com\/radioculturesco","article_published_time":"2024-04-18T06:36:42+00:00","og_image":[{"width":600,"height":337,"url":"https:\/\/culturesco.com\/wp-content\/uploads\/2024\/04\/424581615_10161460149501558_7830771411539979588_n.jpg","type":"image\/jpeg"}],"author":"Serge Debono","twitter_card":"summary_large_image","twitter_creator":"@AugusteMarshal","twitter_site":"@AugusteMarshal","twitter_misc":{"\u00c9crit par":"Serge Debono","Dur\u00e9e de lecture estim\u00e9e":"4 minutes"},"schema":{"@context":"https:\/\/schema.org","@graph":[{"@type":"Article","@id":"https:\/\/culturesco.com\/index.php\/2024\/04\/18\/amok-le-polar-a-lamericaine-du-groupe-coffee\/#article","isPartOf":{"@id":"https:\/\/culturesco.com\/index.php\/2024\/04\/18\/amok-le-polar-a-lamericaine-du-groupe-coffee\/"},"author":{"name":"Serge Debono","@id":"https:\/\/culturesco.com\/#\/schema\/person\/3bb0040ed615ad5553a08cf2d68ec38e"},"headline":"AMOK, le polar \u00e0 l\u2019am\u00e9ricaine du groupe Coffee","datePublished":"2024-04-18T06:36:42+00:00","mainEntityOfPage":{"@id":"https:\/\/culturesco.com\/index.php\/2024\/04\/18\/amok-le-polar-a-lamericaine-du-groupe-coffee\/"},"wordCount":686,"commentCount":0,"publisher":{"@id":"https:\/\/culturesco.com\/#organization"},"image":{"@id":"https:\/\/culturesco.com\/index.php\/2024\/04\/18\/amok-le-polar-a-lamericaine-du-groupe-coffee\/#primaryimage"},"thumbnailUrl":"https:\/\/i0.wp.com\/culturesco.com\/wp-content\/uploads\/2024\/04\/424581615_10161460149501558_7830771411539979588_n.jpg?fit=600%2C337&ssl=1","keywords":["album rock","blues","groupe rock actuel","rock-psych\u00e9"],"articleSection":["Albums rock","Carotte Rock Cultures","Chanson fran\u00e7aise","Folk blues","Groupes rock d'aujourd'hui"],"inLanguage":"fr-FR","potentialAction":[{"@type":"CommentAction","name":"Comment","target":["https:\/\/culturesco.com\/index.php\/2024\/04\/18\/amok-le-polar-a-lamericaine-du-groupe-coffee\/#respond"]}]},{"@type":"WebPage","@id":"https:\/\/culturesco.com\/index.php\/2024\/04\/18\/amok-le-polar-a-lamericaine-du-groupe-coffee\/","url":"https:\/\/culturesco.com\/index.php\/2024\/04\/18\/amok-le-polar-a-lamericaine-du-groupe-coffee\/","name":"AMOK, le polar \u00e0 l\u2019am\u00e9ricaine du groupe Coffee - Culturesco","isPartOf":{"@id":"https:\/\/culturesco.com\/#website"},"primaryImageOfPage":{"@id":"https:\/\/culturesco.com\/index.php\/2024\/04\/18\/amok-le-polar-a-lamericaine-du-groupe-coffee\/#primaryimage"},"image":{"@id":"https:\/\/culturesco.com\/index.php\/2024\/04\/18\/amok-le-polar-a-lamericaine-du-groupe-coffee\/#primaryimage"},"thumbnailUrl":"https:\/\/i0.wp.com\/culturesco.com\/wp-content\/uploads\/2024\/04\/424581615_10161460149501558_7830771411539979588_n.jpg?fit=600%2C337&ssl=1","datePublished":"2024-04-18T06:36:42+00:00","description":"CulturesCo | Apr\u00e8s l'opus Nobody's Perfect publi\u00e9 en 2020, le trio de Coffee revient avec un album concept. Un polar blues-rock baptis\u00e9 Amok.","breadcrumb":{"@id":"https:\/\/culturesco.com\/index.php\/2024\/04\/18\/amok-le-polar-a-lamericaine-du-groupe-coffee\/#breadcrumb"},"inLanguage":"fr-FR","potentialAction":[{"@type":"ReadAction","target":["https:\/\/culturesco.com\/index.php\/2024\/04\/18\/amok-le-polar-a-lamericaine-du-groupe-coffee\/"]}]},{"@type":"ImageObject","inLanguage":"fr-FR","@id":"https:\/\/culturesco.com\/index.php\/2024\/04\/18\/amok-le-polar-a-lamericaine-du-groupe-coffee\/#primaryimage","url":"https:\/\/i0.wp.com\/culturesco.com\/wp-content\/uploads\/2024\/04\/424581615_10161460149501558_7830771411539979588_n.jpg?fit=600%2C337&ssl=1","contentUrl":"https:\/\/i0.wp.com\/culturesco.com\/wp-content\/uploads\/2024\/04\/424581615_10161460149501558_7830771411539979588_n.jpg?fit=600%2C337&ssl=1","width":600,"height":337,"caption":"Amok"},{"@type":"BreadcrumbList","@id":"https:\/\/culturesco.com\/index.php\/2024\/04\/18\/amok-le-polar-a-lamericaine-du-groupe-coffee\/#breadcrumb","itemListElement":[{"@type":"ListItem","position":1,"name":"Accueil","item":"https:\/\/culturesco.com\/"},{"@type":"ListItem","position":2,"name":"AMOK, le polar \u00e0 l\u2019am\u00e9ricaine du groupe Coffee"}]},{"@type":"WebSite","@id":"https:\/\/culturesco.com\/#website","url":"https:\/\/culturesco.com\/","name":"Culturesco","description":"Culturesco | Un bon coup de pied dans ta Culture","publisher":{"@id":"https:\/\/culturesco.com\/#organization"},"potentialAction":[{"@type":"SearchAction","target":{"@type":"EntryPoint","urlTemplate":"https:\/\/culturesco.com\/?s={search_term_string}"},"query-input":{"@type":"PropertyValueSpecification","valueRequired":true,"valueName":"search_term_string"}}],"inLanguage":"fr-FR"},{"@type":"Organization","@id":"https:\/\/culturesco.com\/#organization","name":"CULTURESCO","url":"https:\/\/culturesco.com\/","logo":{"@type":"ImageObject","inLanguage":"fr-FR","@id":"https:\/\/culturesco.com\/#\/schema\/logo\/image\/","url":"https:\/\/i0.wp.com\/culturesco.com\/wp-content\/uploads\/2022\/04\/culturesco-logo-blanc250p.png?fit=250%2C250&ssl=1","contentUrl":"https:\/\/i0.wp.com\/culturesco.com\/wp-content\/uploads\/2022\/04\/culturesco-logo-blanc250p.png?fit=250%2C250&ssl=1","width":250,"height":250,"caption":"CULTURESCO"},"image":{"@id":"https:\/\/culturesco.com\/#\/schema\/logo\/image\/"},"sameAs":["https:\/\/www.facebook.com\/radioculturesco","https:\/\/x.com\/AugusteMarshal","https:\/\/www.instagram.com\/carotte_rock_culture\/","https:\/\/www.pinterest.fr\/augustemarshal\/","https:\/\/www.youtube.com\/channel\/UCiWLGffqWSXlNnfzp6YwwyQ"]},{"@type":"Person","@id":"https:\/\/culturesco.com\/#\/schema\/person\/3bb0040ed615ad5553a08cf2d68ec38e","name":"Serge Debono","image":{"@type":"ImageObject","inLanguage":"fr-FR","@id":"https:\/\/i0.wp.com\/culturesco.com\/wp-content\/uploads\/2022\/05\/60002991_386930685257671_7441165878386753536_n.jpg?fit=96%2C96&ssl=1","url":"https:\/\/i0.wp.com\/culturesco.com\/wp-content\/uploads\/2022\/05\/60002991_386930685257671_7441165878386753536_n.jpg?fit=96%2C96&ssl=1","contentUrl":"https:\/\/i0.wp.com\/culturesco.com\/wp-content\/uploads\/2022\/05\/60002991_386930685257671_7441165878386753536_n.jpg?fit=96%2C96&ssl=1","caption":"Serge Debono"},"description":"Passionn\u00e9 de musique 60's et 70's, Serge Debono est l'auteur de \"Crossroads, dans l'ombre de Jimi Hendrix\", un livre \u00e0 mi-chemin entre le roman initiatique et le conte rock, ainsi que d'une analyse du premier opus des Doors, tous deux publi\u00e9s aux Editions Andr\u00e9 Odemard. Il est \u00e9galement chroniqueur et auteur de fictions sur le site Cultures Co, la page FB Carottes Rock Culture, ainsi que animateur sur la radio web Pop Culture.","url":"https:\/\/culturesco.com\/index.php\/author\/serge-debono\/"}]}},"jetpack_featured_media_url":"https:\/\/i0.wp.com\/culturesco.com\/wp-content\/uploads\/2024\/04\/424581615_10161460149501558_7830771411539979588_n.jpg?fit=600%2C337&ssl=1","jetpack_likes_enabled":true,"jetpack_sharing_enabled":true,"jetpack_shortlink":"https:\/\/wp.me\/paz89I-5Ml","_links":{"self":[{"href":"https:\/\/culturesco.com\/index.php\/wp-json\/wp\/v2\/posts\/22217","targetHints":{"allow":["GET"]}}],"collection":[{"href":"https:\/\/culturesco.com\/index.php\/wp-json\/wp\/v2\/posts"}],"about":[{"href":"https:\/\/culturesco.com\/index.php\/wp-json\/wp\/v2\/types\/post"}],"author":[{"embeddable":true,"href":"https:\/\/culturesco.com\/index.php\/wp-json\/wp\/v2\/users\/15"}],"replies":[{"embeddable":true,"href":"https:\/\/culturesco.com\/index.php\/wp-json\/wp\/v2\/comments?post=22217"}],"version-history":[{"count":0,"href":"https:\/\/culturesco.com\/index.php\/wp-json\/wp\/v2\/posts\/22217\/revisions"}],"wp:featuredmedia":[{"embeddable":true,"href":"https:\/\/culturesco.com\/index.php\/wp-json\/wp\/v2\/media\/22221"}],"wp:attachment":[{"href":"https:\/\/culturesco.com\/index.php\/wp-json\/wp\/v2\/media?parent=22217"}],"wp:term":[{"taxonomy":"category","embeddable":true,"href":"https:\/\/culturesco.com\/index.php\/wp-json\/wp\/v2\/categories?post=22217"},{"taxonomy":"post_tag","embeddable":true,"href":"https:\/\/culturesco.com\/index.php\/wp-json\/wp\/v2\/tags?post=22217"}],"curies":[{"name":"wp","href":"https:\/\/api.w.org\/{rel}","templated":true}]}}