{"id":22131,"date":"2024-04-09T10:29:52","date_gmt":"2024-04-09T08:29:52","guid":{"rendered":"https:\/\/culturesco.com\/?p=22131"},"modified":"2024-04-09T16:07:17","modified_gmt":"2024-04-09T14:07:17","slug":"kraftwerk-par-eric-deshayes","status":"publish","type":"post","link":"https:\/\/culturesco.com\/index.php\/2024\/04\/09\/kraftwerk-par-eric-deshayes\/","title":{"rendered":"KRAFTWERK par \u00c9ric Deshayes"},"content":{"rendered":"<h2>Les 4 de D\u00fcsseldorf<\/h2>\n<figure id=\"attachment_22135\" aria-describedby=\"caption-attachment-22135\" style=\"width: 550px\" class=\"wp-caption aligncenter\"><img data-recalc-dims=\"1\" loading=\"lazy\" decoding=\"async\" class=\"size-full wp-image-22135\" src=\"https:\/\/i0.wp.com\/culturesco.com\/wp-content\/uploads\/2024\/04\/K-2.jpg?resize=550%2C395&#038;ssl=1\" alt=\"Kraftwerk \" width=\"550\" height=\"395\" srcset=\"https:\/\/i0.wp.com\/culturesco.com\/wp-content\/uploads\/2024\/04\/K-2.jpg?w=550&amp;ssl=1 550w, https:\/\/i0.wp.com\/culturesco.com\/wp-content\/uploads\/2024\/04\/K-2.jpg?resize=300%2C215&amp;ssl=1 300w, https:\/\/i0.wp.com\/culturesco.com\/wp-content\/uploads\/2024\/04\/K-2.jpg?resize=84%2C60&amp;ssl=1 84w, https:\/\/i0.wp.com\/culturesco.com\/wp-content\/uploads\/2024\/04\/K-2.jpg?resize=125%2C90&amp;ssl=1 125w\" sizes=\"auto, (max-width: 550px) 100vw, 550px\" \/><figcaption id=\"caption-attachment-22135\" class=\"wp-caption-text\">Kraftwerk vers 1977<\/figcaption><\/figure>\n<h3>\u00c9ric Deshayes raconte et analyse l\u2019histoire de ces pionniers de la Musique \u00c9lectronique.<\/h3>\n<p style=\"text-align: justify;\">A la fin des ann\u00e9es 60 et au d\u00e9but des ann\u00e9es 70, des formations apparaissent un peu partout en Allemagne de l\u2019Ouest. Influenc\u00e9s entre autres par <strong>Pink Floyd<\/strong>, le <a href=\"https:\/\/culturesco.com\/index.php\/2021\/03\/12\/velvet-underground-nico-le-culte-de-la-banane-sunday-morning-venus-in-furs-im-waiting-for-the-man\/\"><strong>Velvet Underground<\/strong><\/a>, le <strong>Free Jazz<\/strong>, <strong>Stockhausen<\/strong>, <strong>Terry Riley<\/strong> ou les musiques ethniques, la plupart de ces groupes cherchent \u00e0 se d\u00e9marquer du Rock anglo-saxon traditionnel. Citons entre autres <strong>Amon D\u00fc\u00fcl II<\/strong>, <strong>Can<\/strong>, <strong>Faust<\/strong>, <strong>Ash Ra Tempel<\/strong>, <strong>Popol Vuh<\/strong>, <strong>Cluster<\/strong>, <strong>Neu!<\/strong>\u2026 Tr\u00e8s vite, certains utilisent des synth\u00e9tiseurs, instruments encore myst\u00e9rieux \u00e0 l\u2019\u00e9poque, difficilement contr\u00f4lables et souvent de la taille d\u2019une armoire bavaroise. La presse \u00e9voque la<strong> Kosmische Musik<\/strong> ou le <strong>Krautrock<\/strong>, le Rock choucroute ! Parmi ces artistes se distinguant par un primat de l\u2019\u00e9lectronique se trouvent le wagn\u00e9rien <a href=\"https:\/\/culturesco.com\/index.php\/2023\/10\/10\/klaus-schulze-lalbum-dune\/\"><strong>Klaus Schulze<\/strong><\/a>, les cosmiques <a href=\"https:\/\/culturesco.com\/index.php\/2022\/03\/07\/tangerine-dream-dans-loeil-du-cyclone\/\"><strong>Tangerine Dream<\/strong> <\/a>et enfin <strong>Kraftwerk<\/strong>, la \u201ccentrale \u00e9lectrique\u201d de D\u00fcsseldorf.<\/p>\n<figure id=\"attachment_22133\" aria-describedby=\"caption-attachment-22133\" style=\"width: 300px\" class=\"wp-caption aligncenter\"><img data-recalc-dims=\"1\" loading=\"lazy\" decoding=\"async\" class=\"size-full wp-image-22133\" src=\"https:\/\/i0.wp.com\/culturesco.com\/wp-content\/uploads\/2024\/04\/couv_livre_2969-4.jpg?resize=300%2C425&#038;ssl=1\" alt=\"Kraftwerk par Eric Deshayes\" width=\"300\" height=\"425\" srcset=\"https:\/\/i0.wp.com\/culturesco.com\/wp-content\/uploads\/2024\/04\/couv_livre_2969-4.jpg?w=300&amp;ssl=1 300w, https:\/\/i0.wp.com\/culturesco.com\/wp-content\/uploads\/2024\/04\/couv_livre_2969-4.jpg?resize=212%2C300&amp;ssl=1 212w, https:\/\/i0.wp.com\/culturesco.com\/wp-content\/uploads\/2024\/04\/couv_livre_2969-4.jpg?resize=296%2C420&amp;ssl=1 296w, https:\/\/i0.wp.com\/culturesco.com\/wp-content\/uploads\/2024\/04\/couv_livre_2969-4.jpg?resize=42%2C60&amp;ssl=1 42w, https:\/\/i0.wp.com\/culturesco.com\/wp-content\/uploads\/2024\/04\/couv_livre_2969-4.jpg?resize=64%2C90&amp;ssl=1 64w\" sizes=\"auto, (max-width: 300px) 100vw, 300px\" \/><figcaption id=\"caption-attachment-22133\" class=\"wp-caption-text\">Le livre Kraftwerk par \u00c9ric Deshayes \/ Nouvelle \u00e9dition<\/figcaption><\/figure>\n<p style=\"text-align: justify;\">Au d\u00e9part en 1968, un duo \u2013 <strong>Organisation<\/strong> \u2013 avec deux amis \u00e9tudiants au Conservatoire, <strong>Ralf<\/strong> <strong>H\u00fctter<\/strong> \/ instruments puis chant et <strong>Florian Schneider<\/strong> \/ idem, le projet devient <strong>Kraftwerk<\/strong> en 70. Il s\u2019\u00e9largit \u00e0 un quatuor avec l\u2019arriv\u00e9e de deux percussionnistes <strong>Wolfgang Fl\u00fcr<\/strong> en 1973 puis<strong> Karl Bartos<\/strong> en 1975. Contrairement \u00e0 <strong>Schulze<\/strong> ou <strong>Edgar Froese<\/strong> de <strong>Tangerine Dream<\/strong> qui ont une vision spatiale avec des titres longs et introspectifs, <strong>H\u00fctter<\/strong> et <strong>Schneider<\/strong> privil\u00e9gient une approche plus terre \u00e0 terre, \u00e0 la fois rythmique, m\u00e9lodique et bruitiste, autant que r\u00e9aliste et minimaliste. Leur musique reste n\u00e9anmoins impr\u00e9gn\u00e9e d\u2019un certain Romantisme europ\u00e9en, tout en ne manquant pas d\u2019un sens de l\u2019humour \u00e0 froid.<br \/>\nSur sc\u00e8ne, <strong>Kraftwerk<\/strong> affiche encore sa diff\u00e9rence en choisissant une sc\u00e9nographie d\u00e9pouill\u00e9e : n\u00e9ons, machines miniaturis\u00e9es&#8230; Quant \u00e0 leur aspect, les gars arborent rapidement des cheveux courts \u2013 on est loin des bouclettes \u00e0 la mode &#8211; et des costumes de bureaucrates.<\/p>\n<h3>Kraftwerk &#8211; Radioactivity &#8211; Radio-Activity (1975)<\/h3>\n<div class=\"youtube-embed\" data-video_id=\"jgNdIO63uiI\"><iframe loading=\"lazy\" title=\"Kraftwerk &quot;Radio-Activity&quot; | Archive INA\" width=\"696\" height=\"392\" src=\"https:\/\/www.youtube.com\/embed\/jgNdIO63uiI\" frameborder=\"0\" allow=\"accelerometer; autoplay; clipboard-write; encrypted-media; gyroscope; picture-in-picture; web-share\" referrerpolicy=\"strict-origin-when-cross-origin\" allowfullscreen><\/iframe><\/div>\n<p style=\"text-align: justify;\">A partir de leur 4e album, <strong>Autobahn<\/strong> (1974), conceptualis\u00e9 en partie autour de l\u2019univers de la route, et avec des lignes de chant pour la premi\u00e8re fois, le quatuor cartonne chez les critiques et le public. Curieusement pr\u00e9cise <strong>\u00c9ric Deshayes<\/strong>, ce virage &#8211; sic &#8211; deviendra le point de d\u00e9part de leur discographie, les trois volumes ant\u00e9rieurs \u00e9tant \u00e9cart\u00e9s de toute anthologie ou r\u00e9\u00e9dition.<br \/>\n<strong>Autobahn<\/strong> sera suivi d\u2019une s\u00e9rie de disques phares, m\u00ealant courants esth\u00e9tiques, notamment le r\u00e9tro-futurisme, recherches artistiques et technologiques, tout en rencontrant parfois un r\u00e9el succ\u00e8s commercial : <strong>Radio-Activity<\/strong> (1975), <strong>Trans-Europe Express <\/strong>(1977), <a href=\"https:\/\/culturesco.com\/index.php\/2023\/05\/02\/kraftwerk-the-man-machine\/\"><strong>The Man-Machine<\/strong><\/a> (1978), <strong>Computer World<\/strong> (1981),<strong> Electric Caf\u00e9<\/strong> (1986)\u2026 Ces chefs-d\u2019\u0153uvre auront une influence consid\u00e9rable et marqueront l\u2019\u00e9volution de la Musique \u00c9lectronique, l\u2019imaginaire collectif et la culture contemporaine.<\/p>\n<h3>Computer Love &#8211; Computer World (1981)<\/h3>\n<div class=\"youtube-embed\" data-video_id=\"uNBGWenPlGo\"><iframe loading=\"lazy\" title=\"Computer Love (2009 Remaster)\" width=\"696\" height=\"522\" src=\"https:\/\/www.youtube.com\/embed\/uNBGWenPlGo\" frameborder=\"0\" allow=\"accelerometer; autoplay; clipboard-write; encrypted-media; gyroscope; picture-in-picture; web-share\" referrerpolicy=\"strict-origin-when-cross-origin\" allowfullscreen><\/iframe><\/div>\n<p style=\"text-align: justify;\">Avec brio,<strong> \u00c9ric Deshayes<\/strong> raconte et analyse ces diff\u00e9rentes \u00e9tapes de l\u2019histoire de<strong> Kraftwerk<\/strong> et leurs cr\u00e9ations. Il \u00e9voque ainsi qu\u2019en unissant sons, langages, images et concepts, la d\u00e9marche du quatuor s\u2019approche d\u2019un art total, sublim\u00e9 actuellement par ses performances en 3 D. L\u2019ouvrage d\u00e9coup\u00e9 en quatre parties \u2013 <em>Das Konzept<\/em>, <em>Arch\u00e9ologie Sonore<\/em>, <em>La Production des<\/em> <em>Classiques<\/em> et <em>R\u00e9tro-Activity ! Live !<\/em> &#8211; foisonne d\u2019informations, de r\u00e9f\u00e9rences et d\u2019introspections qui passionneront autant les fans des Hommes-Machines que les novices. Alors que <strong>Kraftwerk<\/strong> a perdu r\u00e9cemment l\u2019un de ses fondateurs \u2013 <strong>Florian Schneider<\/strong> en Avril 2020 -, cette nouvelle \u00e9dition du livre de <strong>\u00c9ric Deshayes<\/strong> chez <strong>Le mot et le reste<\/strong> rappelle combien ces pionniers et leur \u0153uvre nous sont indispensables. Comme les autres 4&#8230;<\/p>\n<p style=\"text-align: justify;\"><strong>Bruno Polaro\u00efd<\/strong><\/p>\n<p style=\"text-align: justify;\"><strong>Kraftwerk<\/strong> par \u00c9ric Deshayes \/ <em>Nouvelle \u00e9dition \u2013 Le mot et le reste (<a href=\"https:\/\/lemotetlereste.com\/\"><strong>Leur site<\/strong><\/a>) \u2013 190 pages \u2013 21,00 Euros<\/em><br \/>\n<em>Parution le 19 Avril 2024<\/em><\/p>\n<h3>The Telephone Call &#8211; Electric Caf\u00e9 (1986)<\/h3>\n<div class=\"youtube-embed\" data-video_id=\"OYhQVrXBgxU\"><iframe loading=\"lazy\" title=\"Kraftwerk - The telephone call\" width=\"696\" height=\"522\" src=\"https:\/\/www.youtube.com\/embed\/OYhQVrXBgxU\" frameborder=\"0\" allow=\"accelerometer; autoplay; clipboard-write; encrypted-media; gyroscope; picture-in-picture; web-share\" referrerpolicy=\"strict-origin-when-cross-origin\" allowfullscreen><\/iframe><\/div>\n","protected":false},"excerpt":{"rendered":"<p>Les 4 de D\u00fcsseldorf \u00c9ric Deshayes raconte et analyse l\u2019histoire de ces pionniers de la Musique \u00c9lectronique. A la fin des ann\u00e9es 60 et au d\u00e9but des ann\u00e9es 70, des formations apparaissent un peu partout en Allemagne de l\u2019Ouest. Influenc\u00e9s entre autres par Pink Floyd, le Velvet Underground, le Free Jazz, Stockhausen, Terry Riley ou [&hellip;]<\/p>\n","protected":false},"author":20,"featured_media":22132,"comment_status":"open","ping_status":"open","sticky":false,"template":"","format":"image","meta":{"jetpack_post_was_ever_published":false,"tdm_status":"","tdm_grid_status":"","_jetpack_newsletter_access":"","_jetpack_dont_email_post_to_subs":false,"_jetpack_newsletter_tier_id":0,"_jetpack_memberships_contains_paywalled_content":false,"_jetpack_memberships_contains_paid_content":false,"footnotes":""},"categories":[17,36,33,66],"tags":[7625,58,20,85,11916],"class_list":{"0":"post-22131","1":"post","2":"type-post","3":"status-publish","4":"format-image","5":"has-post-thumbnail","7":"category-carotte-rock-cultures","8":"category-groupes-rock-daujourdhui","9":"category-histoire-du-rock","10":"category-livre-rock","11":"tag-electro-rock","12":"tag-histoire-du-rock","13":"tag-livre-rock","14":"tag-musique-electronique","15":"tag-prog-rock","16":"post_format-post-format-image"},"yoast_head":"<!-- This site is optimized with the Yoast SEO plugin v27.5 - https:\/\/yoast.com\/product\/yoast-seo-wordpress\/ -->\n<title>KRAFTWERK par \u00c9ric Deshayes - Culturesco<\/title>\n<meta name=\"description\" content=\"CulturesCo | Un bon coup de pied dans ta Culture | Chroniques et histoire du Rock - KRAFTWERK par Eric Deshayes\" \/>\n<meta name=\"robots\" content=\"index, follow, max-snippet:-1, max-image-preview:large, max-video-preview:-1\" \/>\n<link rel=\"canonical\" href=\"https:\/\/culturesco.com\/index.php\/2024\/04\/09\/kraftwerk-par-eric-deshayes\/\" \/>\n<meta property=\"og:locale\" content=\"fr_FR\" \/>\n<meta property=\"og:type\" content=\"article\" \/>\n<meta property=\"og:title\" content=\"KRAFTWERK par \u00c9ric Deshayes - Culturesco\" \/>\n<meta property=\"og:description\" content=\"CulturesCo | Un bon coup de pied dans ta Culture | Chroniques et histoire du Rock - KRAFTWERK par Eric Deshayes\" \/>\n<meta property=\"og:url\" content=\"https:\/\/culturesco.com\/index.php\/2024\/04\/09\/kraftwerk-par-eric-deshayes\/\" \/>\n<meta property=\"og:site_name\" content=\"Culturesco\" \/>\n<meta property=\"article:publisher\" content=\"https:\/\/www.facebook.com\/radioculturesco\" \/>\n<meta property=\"article:published_time\" content=\"2024-04-09T08:29:52+00:00\" \/>\n<meta property=\"article:modified_time\" content=\"2024-04-09T14:07:17+00:00\" \/>\n<meta property=\"og:image\" content=\"https:\/\/culturesco.com\/wp-content\/uploads\/2024\/04\/couv_livre_2969-3.jpg\" \/>\n\t<meta property=\"og:image:width\" content=\"600\" \/>\n\t<meta property=\"og:image:height\" content=\"314\" \/>\n\t<meta property=\"og:image:type\" content=\"image\/jpeg\" \/>\n<meta name=\"author\" content=\"Bruno Polaroid\" \/>\n<meta name=\"twitter:card\" content=\"summary_large_image\" \/>\n<meta name=\"twitter:creator\" content=\"@AugusteMarshal\" \/>\n<meta name=\"twitter:site\" content=\"@AugusteMarshal\" \/>\n<meta name=\"twitter:label1\" content=\"\u00c9crit par\" \/>\n\t<meta name=\"twitter:data1\" content=\"Bruno Polaroid\" \/>\n\t<meta name=\"twitter:label2\" content=\"Dur\u00e9e de lecture estim\u00e9e\" \/>\n\t<meta name=\"twitter:data2\" content=\"4 minutes\" \/>\n<script type=\"application\/ld+json\" class=\"yoast-schema-graph\">{\"@context\":\"https:\\\/\\\/schema.org\",\"@graph\":[{\"@type\":\"Article\",\"@id\":\"https:\\\/\\\/culturesco.com\\\/index.php\\\/2024\\\/04\\\/09\\\/kraftwerk-par-eric-deshayes\\\/#article\",\"isPartOf\":{\"@id\":\"https:\\\/\\\/culturesco.com\\\/index.php\\\/2024\\\/04\\\/09\\\/kraftwerk-par-eric-deshayes\\\/\"},\"author\":{\"name\":\"Bruno Polaroid\",\"@id\":\"https:\\\/\\\/culturesco.com\\\/#\\\/schema\\\/person\\\/81834f4613bae18e9afa0dfb9b4f5457\"},\"headline\":\"KRAFTWERK par \u00c9ric Deshayes\",\"datePublished\":\"2024-04-09T08:29:52+00:00\",\"dateModified\":\"2024-04-09T14:07:17+00:00\",\"mainEntityOfPage\":{\"@id\":\"https:\\\/\\\/culturesco.com\\\/index.php\\\/2024\\\/04\\\/09\\\/kraftwerk-par-eric-deshayes\\\/\"},\"wordCount\":678,\"commentCount\":0,\"publisher\":{\"@id\":\"https:\\\/\\\/culturesco.com\\\/#organization\"},\"image\":{\"@id\":\"https:\\\/\\\/culturesco.com\\\/index.php\\\/2024\\\/04\\\/09\\\/kraftwerk-par-eric-deshayes\\\/#primaryimage\"},\"thumbnailUrl\":\"https:\\\/\\\/i0.wp.com\\\/culturesco.com\\\/wp-content\\\/uploads\\\/2024\\\/04\\\/couv_livre_2969-3.jpg?fit=600%2C314&ssl=1\",\"keywords\":[\"Electro rock\",\"histoire du rock\",\"Livre Rock\",\"Musique \u00e9lectronique\",\"Prog-rock\"],\"articleSection\":[\"Carotte Rock Cultures\",\"Groupes rock d'aujourd'hui\",\"Histoire du rock\",\"Livre Rock\"],\"inLanguage\":\"fr-FR\",\"potentialAction\":[{\"@type\":\"CommentAction\",\"name\":\"Comment\",\"target\":[\"https:\\\/\\\/culturesco.com\\\/index.php\\\/2024\\\/04\\\/09\\\/kraftwerk-par-eric-deshayes\\\/#respond\"]}]},{\"@type\":\"WebPage\",\"@id\":\"https:\\\/\\\/culturesco.com\\\/index.php\\\/2024\\\/04\\\/09\\\/kraftwerk-par-eric-deshayes\\\/\",\"url\":\"https:\\\/\\\/culturesco.com\\\/index.php\\\/2024\\\/04\\\/09\\\/kraftwerk-par-eric-deshayes\\\/\",\"name\":\"KRAFTWERK par \u00c9ric Deshayes - Culturesco\",\"isPartOf\":{\"@id\":\"https:\\\/\\\/culturesco.com\\\/#website\"},\"primaryImageOfPage\":{\"@id\":\"https:\\\/\\\/culturesco.com\\\/index.php\\\/2024\\\/04\\\/09\\\/kraftwerk-par-eric-deshayes\\\/#primaryimage\"},\"image\":{\"@id\":\"https:\\\/\\\/culturesco.com\\\/index.php\\\/2024\\\/04\\\/09\\\/kraftwerk-par-eric-deshayes\\\/#primaryimage\"},\"thumbnailUrl\":\"https:\\\/\\\/i0.wp.com\\\/culturesco.com\\\/wp-content\\\/uploads\\\/2024\\\/04\\\/couv_livre_2969-3.jpg?fit=600%2C314&ssl=1\",\"datePublished\":\"2024-04-09T08:29:52+00:00\",\"dateModified\":\"2024-04-09T14:07:17+00:00\",\"description\":\"CulturesCo | Un bon coup de pied dans ta Culture | Chroniques et histoire du Rock - KRAFTWERK par Eric Deshayes\",\"breadcrumb\":{\"@id\":\"https:\\\/\\\/culturesco.com\\\/index.php\\\/2024\\\/04\\\/09\\\/kraftwerk-par-eric-deshayes\\\/#breadcrumb\"},\"inLanguage\":\"fr-FR\",\"potentialAction\":[{\"@type\":\"ReadAction\",\"target\":[\"https:\\\/\\\/culturesco.com\\\/index.php\\\/2024\\\/04\\\/09\\\/kraftwerk-par-eric-deshayes\\\/\"]}]},{\"@type\":\"ImageObject\",\"inLanguage\":\"fr-FR\",\"@id\":\"https:\\\/\\\/culturesco.com\\\/index.php\\\/2024\\\/04\\\/09\\\/kraftwerk-par-eric-deshayes\\\/#primaryimage\",\"url\":\"https:\\\/\\\/i0.wp.com\\\/culturesco.com\\\/wp-content\\\/uploads\\\/2024\\\/04\\\/couv_livre_2969-3.jpg?fit=600%2C314&ssl=1\",\"contentUrl\":\"https:\\\/\\\/i0.wp.com\\\/culturesco.com\\\/wp-content\\\/uploads\\\/2024\\\/04\\\/couv_livre_2969-3.jpg?fit=600%2C314&ssl=1\",\"width\":600,\"height\":314,\"caption\":\"Kraftwerk par Eric Deshayes\"},{\"@type\":\"BreadcrumbList\",\"@id\":\"https:\\\/\\\/culturesco.com\\\/index.php\\\/2024\\\/04\\\/09\\\/kraftwerk-par-eric-deshayes\\\/#breadcrumb\",\"itemListElement\":[{\"@type\":\"ListItem\",\"position\":1,\"name\":\"Accueil\",\"item\":\"https:\\\/\\\/culturesco.com\\\/\"},{\"@type\":\"ListItem\",\"position\":2,\"name\":\"KRAFTWERK par \u00c9ric Deshayes\"}]},{\"@type\":\"WebSite\",\"@id\":\"https:\\\/\\\/culturesco.com\\\/#website\",\"url\":\"https:\\\/\\\/culturesco.com\\\/\",\"name\":\"Culturesco\",\"description\":\"Culturesco | Un bon coup de pied dans ta Culture\",\"publisher\":{\"@id\":\"https:\\\/\\\/culturesco.com\\\/#organization\"},\"potentialAction\":[{\"@type\":\"SearchAction\",\"target\":{\"@type\":\"EntryPoint\",\"urlTemplate\":\"https:\\\/\\\/culturesco.com\\\/?s={search_term_string}\"},\"query-input\":{\"@type\":\"PropertyValueSpecification\",\"valueRequired\":true,\"valueName\":\"search_term_string\"}}],\"inLanguage\":\"fr-FR\"},{\"@type\":\"Organization\",\"@id\":\"https:\\\/\\\/culturesco.com\\\/#organization\",\"name\":\"CULTURESCO\",\"url\":\"https:\\\/\\\/culturesco.com\\\/\",\"logo\":{\"@type\":\"ImageObject\",\"inLanguage\":\"fr-FR\",\"@id\":\"https:\\\/\\\/culturesco.com\\\/#\\\/schema\\\/logo\\\/image\\\/\",\"url\":\"https:\\\/\\\/i0.wp.com\\\/culturesco.com\\\/wp-content\\\/uploads\\\/2022\\\/04\\\/culturesco-logo-blanc250p.png?fit=250%2C250&ssl=1\",\"contentUrl\":\"https:\\\/\\\/i0.wp.com\\\/culturesco.com\\\/wp-content\\\/uploads\\\/2022\\\/04\\\/culturesco-logo-blanc250p.png?fit=250%2C250&ssl=1\",\"width\":250,\"height\":250,\"caption\":\"CULTURESCO\"},\"image\":{\"@id\":\"https:\\\/\\\/culturesco.com\\\/#\\\/schema\\\/logo\\\/image\\\/\"},\"sameAs\":[\"https:\\\/\\\/www.facebook.com\\\/radioculturesco\",\"https:\\\/\\\/x.com\\\/AugusteMarshal\",\"https:\\\/\\\/www.instagram.com\\\/carotte_rock_culture\\\/\",\"https:\\\/\\\/www.pinterest.fr\\\/augustemarshal\\\/\",\"https:\\\/\\\/www.youtube.com\\\/channel\\\/UCiWLGffqWSXlNnfzp6YwwyQ\"]},{\"@type\":\"Person\",\"@id\":\"https:\\\/\\\/culturesco.com\\\/#\\\/schema\\\/person\\\/81834f4613bae18e9afa0dfb9b4f5457\",\"name\":\"Bruno Polaroid\",\"image\":{\"@type\":\"ImageObject\",\"inLanguage\":\"fr-FR\",\"@id\":\"https:\\\/\\\/i0.wp.com\\\/culturesco.com\\\/wp-content\\\/uploads\\\/2021\\\/12\\\/1798853_1375590169374746_992490721_n.jpg?fit=94%2C96&ssl=1\",\"url\":\"https:\\\/\\\/i0.wp.com\\\/culturesco.com\\\/wp-content\\\/uploads\\\/2021\\\/12\\\/1798853_1375590169374746_992490721_n.jpg?fit=94%2C96&ssl=1\",\"contentUrl\":\"https:\\\/\\\/i0.wp.com\\\/culturesco.com\\\/wp-content\\\/uploads\\\/2021\\\/12\\\/1798853_1375590169374746_992490721_n.jpg?fit=94%2C96&ssl=1\",\"caption\":\"Bruno Polaroid\"},\"description\":\"Bruno Ledez alias Bruno Polaro\u00efd : Chroniqueur \u00e0 Cultures Co, Attach\u00e9 de Presse, ex Animateur \u00e0 Radio-Campus Lille \\\/ \u00c9mission La Folie (1986 - 2009), ex Chroniqueur \u00e9pisodique des fanzines Walking The Dog et Musiques, Images &amp; Passions Modernes.\",\"url\":\"https:\\\/\\\/culturesco.com\\\/index.php\\\/author\\\/bruno-polaroid\\\/\"}]}<\/script>\n<!-- \/ Yoast SEO plugin. -->","yoast_head_json":{"title":"KRAFTWERK par \u00c9ric Deshayes - Culturesco","description":"CulturesCo | Un bon coup de pied dans ta Culture | Chroniques et histoire du Rock - KRAFTWERK par Eric Deshayes","robots":{"index":"index","follow":"follow","max-snippet":"max-snippet:-1","max-image-preview":"max-image-preview:large","max-video-preview":"max-video-preview:-1"},"canonical":"https:\/\/culturesco.com\/index.php\/2024\/04\/09\/kraftwerk-par-eric-deshayes\/","og_locale":"fr_FR","og_type":"article","og_title":"KRAFTWERK par \u00c9ric Deshayes - Culturesco","og_description":"CulturesCo | Un bon coup de pied dans ta Culture | Chroniques et histoire du Rock - KRAFTWERK par Eric Deshayes","og_url":"https:\/\/culturesco.com\/index.php\/2024\/04\/09\/kraftwerk-par-eric-deshayes\/","og_site_name":"Culturesco","article_publisher":"https:\/\/www.facebook.com\/radioculturesco","article_published_time":"2024-04-09T08:29:52+00:00","article_modified_time":"2024-04-09T14:07:17+00:00","og_image":[{"width":600,"height":314,"url":"https:\/\/culturesco.com\/wp-content\/uploads\/2024\/04\/couv_livre_2969-3.jpg","type":"image\/jpeg"}],"author":"Bruno Polaroid","twitter_card":"summary_large_image","twitter_creator":"@AugusteMarshal","twitter_site":"@AugusteMarshal","twitter_misc":{"\u00c9crit par":"Bruno Polaroid","Dur\u00e9e de lecture estim\u00e9e":"4 minutes"},"schema":{"@context":"https:\/\/schema.org","@graph":[{"@type":"Article","@id":"https:\/\/culturesco.com\/index.php\/2024\/04\/09\/kraftwerk-par-eric-deshayes\/#article","isPartOf":{"@id":"https:\/\/culturesco.com\/index.php\/2024\/04\/09\/kraftwerk-par-eric-deshayes\/"},"author":{"name":"Bruno Polaroid","@id":"https:\/\/culturesco.com\/#\/schema\/person\/81834f4613bae18e9afa0dfb9b4f5457"},"headline":"KRAFTWERK par \u00c9ric Deshayes","datePublished":"2024-04-09T08:29:52+00:00","dateModified":"2024-04-09T14:07:17+00:00","mainEntityOfPage":{"@id":"https:\/\/culturesco.com\/index.php\/2024\/04\/09\/kraftwerk-par-eric-deshayes\/"},"wordCount":678,"commentCount":0,"publisher":{"@id":"https:\/\/culturesco.com\/#organization"},"image":{"@id":"https:\/\/culturesco.com\/index.php\/2024\/04\/09\/kraftwerk-par-eric-deshayes\/#primaryimage"},"thumbnailUrl":"https:\/\/i0.wp.com\/culturesco.com\/wp-content\/uploads\/2024\/04\/couv_livre_2969-3.jpg?fit=600%2C314&ssl=1","keywords":["Electro rock","histoire du rock","Livre Rock","Musique \u00e9lectronique","Prog-rock"],"articleSection":["Carotte Rock Cultures","Groupes rock d'aujourd'hui","Histoire du rock","Livre Rock"],"inLanguage":"fr-FR","potentialAction":[{"@type":"CommentAction","name":"Comment","target":["https:\/\/culturesco.com\/index.php\/2024\/04\/09\/kraftwerk-par-eric-deshayes\/#respond"]}]},{"@type":"WebPage","@id":"https:\/\/culturesco.com\/index.php\/2024\/04\/09\/kraftwerk-par-eric-deshayes\/","url":"https:\/\/culturesco.com\/index.php\/2024\/04\/09\/kraftwerk-par-eric-deshayes\/","name":"KRAFTWERK par \u00c9ric Deshayes - Culturesco","isPartOf":{"@id":"https:\/\/culturesco.com\/#website"},"primaryImageOfPage":{"@id":"https:\/\/culturesco.com\/index.php\/2024\/04\/09\/kraftwerk-par-eric-deshayes\/#primaryimage"},"image":{"@id":"https:\/\/culturesco.com\/index.php\/2024\/04\/09\/kraftwerk-par-eric-deshayes\/#primaryimage"},"thumbnailUrl":"https:\/\/i0.wp.com\/culturesco.com\/wp-content\/uploads\/2024\/04\/couv_livre_2969-3.jpg?fit=600%2C314&ssl=1","datePublished":"2024-04-09T08:29:52+00:00","dateModified":"2024-04-09T14:07:17+00:00","description":"CulturesCo | Un bon coup de pied dans ta Culture | Chroniques et histoire du Rock - KRAFTWERK par Eric Deshayes","breadcrumb":{"@id":"https:\/\/culturesco.com\/index.php\/2024\/04\/09\/kraftwerk-par-eric-deshayes\/#breadcrumb"},"inLanguage":"fr-FR","potentialAction":[{"@type":"ReadAction","target":["https:\/\/culturesco.com\/index.php\/2024\/04\/09\/kraftwerk-par-eric-deshayes\/"]}]},{"@type":"ImageObject","inLanguage":"fr-FR","@id":"https:\/\/culturesco.com\/index.php\/2024\/04\/09\/kraftwerk-par-eric-deshayes\/#primaryimage","url":"https:\/\/i0.wp.com\/culturesco.com\/wp-content\/uploads\/2024\/04\/couv_livre_2969-3.jpg?fit=600%2C314&ssl=1","contentUrl":"https:\/\/i0.wp.com\/culturesco.com\/wp-content\/uploads\/2024\/04\/couv_livre_2969-3.jpg?fit=600%2C314&ssl=1","width":600,"height":314,"caption":"Kraftwerk par Eric Deshayes"},{"@type":"BreadcrumbList","@id":"https:\/\/culturesco.com\/index.php\/2024\/04\/09\/kraftwerk-par-eric-deshayes\/#breadcrumb","itemListElement":[{"@type":"ListItem","position":1,"name":"Accueil","item":"https:\/\/culturesco.com\/"},{"@type":"ListItem","position":2,"name":"KRAFTWERK par \u00c9ric Deshayes"}]},{"@type":"WebSite","@id":"https:\/\/culturesco.com\/#website","url":"https:\/\/culturesco.com\/","name":"Culturesco","description":"Culturesco | Un bon coup de pied dans ta Culture","publisher":{"@id":"https:\/\/culturesco.com\/#organization"},"potentialAction":[{"@type":"SearchAction","target":{"@type":"EntryPoint","urlTemplate":"https:\/\/culturesco.com\/?s={search_term_string}"},"query-input":{"@type":"PropertyValueSpecification","valueRequired":true,"valueName":"search_term_string"}}],"inLanguage":"fr-FR"},{"@type":"Organization","@id":"https:\/\/culturesco.com\/#organization","name":"CULTURESCO","url":"https:\/\/culturesco.com\/","logo":{"@type":"ImageObject","inLanguage":"fr-FR","@id":"https:\/\/culturesco.com\/#\/schema\/logo\/image\/","url":"https:\/\/i0.wp.com\/culturesco.com\/wp-content\/uploads\/2022\/04\/culturesco-logo-blanc250p.png?fit=250%2C250&ssl=1","contentUrl":"https:\/\/i0.wp.com\/culturesco.com\/wp-content\/uploads\/2022\/04\/culturesco-logo-blanc250p.png?fit=250%2C250&ssl=1","width":250,"height":250,"caption":"CULTURESCO"},"image":{"@id":"https:\/\/culturesco.com\/#\/schema\/logo\/image\/"},"sameAs":["https:\/\/www.facebook.com\/radioculturesco","https:\/\/x.com\/AugusteMarshal","https:\/\/www.instagram.com\/carotte_rock_culture\/","https:\/\/www.pinterest.fr\/augustemarshal\/","https:\/\/www.youtube.com\/channel\/UCiWLGffqWSXlNnfzp6YwwyQ"]},{"@type":"Person","@id":"https:\/\/culturesco.com\/#\/schema\/person\/81834f4613bae18e9afa0dfb9b4f5457","name":"Bruno Polaroid","image":{"@type":"ImageObject","inLanguage":"fr-FR","@id":"https:\/\/i0.wp.com\/culturesco.com\/wp-content\/uploads\/2021\/12\/1798853_1375590169374746_992490721_n.jpg?fit=94%2C96&ssl=1","url":"https:\/\/i0.wp.com\/culturesco.com\/wp-content\/uploads\/2021\/12\/1798853_1375590169374746_992490721_n.jpg?fit=94%2C96&ssl=1","contentUrl":"https:\/\/i0.wp.com\/culturesco.com\/wp-content\/uploads\/2021\/12\/1798853_1375590169374746_992490721_n.jpg?fit=94%2C96&ssl=1","caption":"Bruno Polaroid"},"description":"Bruno Ledez alias Bruno Polaro\u00efd : Chroniqueur \u00e0 Cultures Co, Attach\u00e9 de Presse, ex Animateur \u00e0 Radio-Campus Lille \/ \u00c9mission La Folie (1986 - 2009), ex Chroniqueur \u00e9pisodique des fanzines Walking The Dog et Musiques, Images &amp; Passions Modernes.","url":"https:\/\/culturesco.com\/index.php\/author\/bruno-polaroid\/"}]}},"jetpack_featured_media_url":"https:\/\/i0.wp.com\/culturesco.com\/wp-content\/uploads\/2024\/04\/couv_livre_2969-3.jpg?fit=600%2C314&ssl=1","jetpack_likes_enabled":true,"jetpack_sharing_enabled":true,"jetpack_shortlink":"https:\/\/wp.me\/paz89I-5KX","_links":{"self":[{"href":"https:\/\/culturesco.com\/index.php\/wp-json\/wp\/v2\/posts\/22131","targetHints":{"allow":["GET"]}}],"collection":[{"href":"https:\/\/culturesco.com\/index.php\/wp-json\/wp\/v2\/posts"}],"about":[{"href":"https:\/\/culturesco.com\/index.php\/wp-json\/wp\/v2\/types\/post"}],"author":[{"embeddable":true,"href":"https:\/\/culturesco.com\/index.php\/wp-json\/wp\/v2\/users\/20"}],"replies":[{"embeddable":true,"href":"https:\/\/culturesco.com\/index.php\/wp-json\/wp\/v2\/comments?post=22131"}],"version-history":[{"count":0,"href":"https:\/\/culturesco.com\/index.php\/wp-json\/wp\/v2\/posts\/22131\/revisions"}],"wp:featuredmedia":[{"embeddable":true,"href":"https:\/\/culturesco.com\/index.php\/wp-json\/wp\/v2\/media\/22132"}],"wp:attachment":[{"href":"https:\/\/culturesco.com\/index.php\/wp-json\/wp\/v2\/media?parent=22131"}],"wp:term":[{"taxonomy":"category","embeddable":true,"href":"https:\/\/culturesco.com\/index.php\/wp-json\/wp\/v2\/categories?post=22131"},{"taxonomy":"post_tag","embeddable":true,"href":"https:\/\/culturesco.com\/index.php\/wp-json\/wp\/v2\/tags?post=22131"}],"curies":[{"name":"wp","href":"https:\/\/api.w.org\/{rel}","templated":true}]}}