{"id":22126,"date":"2024-04-05T16:37:39","date_gmt":"2024-04-05T14:37:39","guid":{"rendered":"https:\/\/culturesco.com\/?p=22126"},"modified":"2024-04-05T16:37:39","modified_gmt":"2024-04-05T14:37:39","slug":"march-mallow-the-silence","status":"publish","type":"post","link":"https:\/\/culturesco.com\/index.php\/2024\/04\/05\/march-mallow-the-silence\/","title":{"rendered":"MARCH MALLOW &#8211; The Silence"},"content":{"rendered":"<h2>MARCH MALLOW &#8211; The Silence<\/h2>\n<p><img data-recalc-dims=\"1\" loading=\"lazy\" decoding=\"async\" class=\" wp-image-22127 aligncenter\" src=\"https:\/\/i0.wp.com\/culturesco.com\/wp-content\/uploads\/2024\/04\/MARCH-MALLOW.jpg?resize=616%2C312&#038;ssl=1\" alt=\"March Mallow\" width=\"616\" height=\"312\" srcset=\"https:\/\/i0.wp.com\/culturesco.com\/wp-content\/uploads\/2024\/04\/MARCH-MALLOW.jpg?resize=300%2C152&amp;ssl=1 300w, https:\/\/i0.wp.com\/culturesco.com\/wp-content\/uploads\/2024\/04\/MARCH-MALLOW.jpg?resize=768%2C389&amp;ssl=1 768w, https:\/\/i0.wp.com\/culturesco.com\/wp-content\/uploads\/2024\/04\/MARCH-MALLOW.jpg?resize=829%2C420&amp;ssl=1 829w, https:\/\/i0.wp.com\/culturesco.com\/wp-content\/uploads\/2024\/04\/MARCH-MALLOW.jpg?resize=696%2C352&amp;ssl=1 696w, https:\/\/i0.wp.com\/culturesco.com\/wp-content\/uploads\/2024\/04\/MARCH-MALLOW.jpg?resize=1068%2C541&amp;ssl=1 1068w, https:\/\/i0.wp.com\/culturesco.com\/wp-content\/uploads\/2024\/04\/MARCH-MALLOW.jpg?w=600&amp;ssl=1 600w, https:\/\/i0.wp.com\/culturesco.com\/wp-content\/uploads\/2024\/04\/MARCH-MALLOW.jpg?resize=118%2C60&amp;ssl=1 118w, https:\/\/i0.wp.com\/culturesco.com\/wp-content\/uploads\/2024\/04\/MARCH-MALLOW.jpg?resize=178%2C90&amp;ssl=1 178w\" sizes=\"auto, (max-width: 616px) 100vw, 616px\" \/><\/p>\n<p style=\"text-align: justify;\">D\u00e8s l\u2019entame de <strong><em>The Silence<\/em><\/strong>, l\u2019atmosph\u00e8re saisit l\u2019auditeur en maraude. Assis costum\u00e9 \/ cravat\u00e9 \u2013 col de chemise d\u00e9boutonn\u00e9, cravate partiellement d\u00e9nou\u00e9e, chapeau mou imbib\u00e9 de sueur sur cheveux brillantin\u00e9s \u2013 dans un bar enfum\u00e9, il porte alternativement \u00e0 ses l\u00e8vres une Lucky Strike sans filtre et\/ou un shot de whiskey au titrage XXL. <strong>L\u2019orchestre transpire<\/strong>, coinc\u00e9 dans un recoin aux murs suintants, <strong>la chanteuse \u00e0 la robe largement fendue sinue entre les tables, repoussant du pied les ivrognes cuvant \u00e0 m\u00eame le sol.<\/strong><\/p>\n<p style=\"text-align: justify;\">Un autre soir, un autre auditeur en smoking si\u00e8ge dans une salle de cabaret illumin\u00e9e de lustres dont l\u2019\u00e9clat fait miroiter moulures et lambris. Un cocktail mordor\u00e9, d\u00e9pos\u00e9 \u00e0 sa proximit\u00e9, attend d\u2019\u00eatre sirot\u00e9 sur la table art d\u00e9co largement recouverte d\u2019une nappe \u00e0 plis roses candy. Du fume-cigarette qu\u2019il tient n\u00e9gligemment entre ses doigts manucur\u00e9s, une blonde exhale des volutes de fum\u00e9es translucides et sucr\u00e9es. Sur sc\u00e8ne, <strong>l\u2019orchestre endimanch\u00e9, musiciens tout sourire,<\/strong> suit le rythme impos\u00e9 aux chansons par <strong>l\u2019ensorceleuse qui butine son micro, sorte de boite grillag\u00e9e qu\u2019elle caresse de sa main gant\u00e9e.<\/strong><\/p>\n<h3>MARCH MALLOW &#8211; Les couleurs<\/h3>\n<div class=\"youtube-embed\" data-video_id=\"U1M9hMZfJS8\"><iframe loading=\"lazy\" title=\"Les couleurs (feat. C\u00e9dric Thimon)\" width=\"696\" height=\"522\" src=\"https:\/\/www.youtube.com\/embed\/U1M9hMZfJS8\" frameborder=\"0\" allow=\"accelerometer; autoplay; clipboard-write; encrypted-media; gyroscope; picture-in-picture; web-share\" referrerpolicy=\"strict-origin-when-cross-origin\" allowfullscreen><\/iframe><\/div>\n<p style=\"text-align: justify;\"><strong>\u00c9couter<\/strong> <strong>March Mallow<\/strong>, <strong>c\u2019est escalader les d\u00e9cennies<\/strong>, remonter <strong>jusqu\u2019aux 50\u2019s<\/strong> et savourer un <strong>cocktail de jazz cool \/ West Coast Jazz<\/strong> \u00e0 la<a href=\"https:\/\/www.youtube.com\/watch?v=P3qS363m7-w\" target=\"_blank\" rel=\"noopener\"> Stan Getz<\/a>, <a href=\"https:\/\/www.youtube.com\/watch?v=25yQ9C4E79w\" target=\"_blank\" rel=\"noopener\">Gerry Mulligan<\/a> ou bien encore <a href=\"https:\/\/www.youtube.com\/watch?v=z4PKzz81m5c\" target=\"_blank\" rel=\"noopener\">Chet Baker<\/a>. Avec <strong><em>The Silence<\/em><\/strong>, on s\u2019attend \u00e0 entendre Nat King Cole nous susurrer \u00ab <a href=\"https:\/\/www.youtube.com\/watch?v=JErVP6xLZwg\" target=\"_blank\" rel=\"noopener\">Love<\/a> \u00bb au coquillage de l\u2019oreille ou \u00e0 s\u2019alanguir via la version d\u00e9finitive de \u00ab <a href=\"https:\/\/www.youtube.com\/watch?v=u4JTE76Xnp0\" target=\"_blank\" rel=\"noopener\">Stormy Weather<\/a> \u00bb par<strong> Billie Holiday<\/strong>.<\/p>\n<p style=\"text-align: justify;\">C\u2019est qu\u2019<strong>Astrid<\/strong>, <strong>\u00c9ric<\/strong>, <strong>Christian<\/strong>, <strong>C\u00e9dric<\/strong>, <strong>Jean-Pierre<\/strong>, <strong>Thomas<\/strong> et <strong>Alexandre<\/strong>, qui \u00e0 la guitare, qui au piano, soutenus par saxophone et trompette, rythm\u00e9s par contrebasse et batterie, <strong>s\u2019y entendent \u00e0 nous soulever,<\/strong> nous charmer,<strong> nous s\u00e9duire<\/strong>. <strong>En France<\/strong>, contrairement aux id\u00e9es re\u00e7ues, <strong>on a du talent et on sait swinguer.<\/strong><\/p>\n<h3>Fool&rsquo;s Train<\/h3>\n<div class=\"youtube-embed\" data-video_id=\"YgHlpgxN6m0\"><iframe loading=\"lazy\" title=\"March Mallow - Fools&#039; Train (Clip officiel - feat. Jean-Pierre Derouard, C\u00e9dric Thimon)\" width=\"696\" height=\"392\" src=\"https:\/\/www.youtube.com\/embed\/YgHlpgxN6m0\" frameborder=\"0\" allow=\"accelerometer; autoplay; clipboard-write; encrypted-media; gyroscope; picture-in-picture; web-share\" referrerpolicy=\"strict-origin-when-cross-origin\" allowfullscreen><\/iframe><\/div>\n<p style=\"text-align: justify;\"><strong>Au-del\u00e0 d\u2019un revival fifties<\/strong>, \u00ab <strong>The Silence<\/strong> \u00bb, la chanson titre, <strong>offre une m\u00e9lodie en cin\u00e9mascope<\/strong> plus contemporaine, port\u00e9e par des <strong>nappes orchestr\u00e9es d\u2019instruments \u00e0 cordes<\/strong>. \u00ab<strong> Bo Jungle<\/strong> \u00bb, lui, incite \u00e0 <strong>danser le jitterbug avec Fred Astaire<\/strong>, queue de pie virevoltante, index battant la mesure sur une <strong>chor\u00e9graphie savante \/ endiabl\u00e9e.<\/strong><\/p>\n<p style=\"text-align: justify;\">Si, pour clore l\u2019album, \u00ab <strong>Mr Bojangles<\/strong> \u00bb nous renvoie \u00e0 <a href=\"https:\/\/www.youtube.com\/watch?v=lbjZPFBD6JU\" target=\"_blank\" rel=\"noopener\">Norah Jones<\/a> feulant les <strong>chansons les plus jazz<\/strong> de<em> Come Away With Me<\/em> (2002), <strong>March Mallow<\/strong> <strong>imprime royalement sa marque dans nos psych\u00e9s offertes.<\/strong><\/p>\n<h3>MARCH MALLOW &#8211; Teaser live de <em>The Silence<\/em><\/h3>\n<div class=\"youtube-embed\" data-video_id=\"VpIylfQJ8bg\"><iframe loading=\"lazy\" title=\"MARCH MALLOW - Extraits du nouveau Spectacle &quot;The Silence&quot; en live \u00e0 &quot;Le Ch\u00e2teau&quot; (Barbezieux)\" width=\"696\" height=\"392\" src=\"https:\/\/www.youtube.com\/embed\/VpIylfQJ8bg\" frameborder=\"0\" allow=\"accelerometer; autoplay; clipboard-write; encrypted-media; gyroscope; picture-in-picture; web-share\" referrerpolicy=\"strict-origin-when-cross-origin\" allowfullscreen><\/iframe><\/div>\n<p style=\"text-align: justify;\"><strong><em>The Silence<\/em><\/strong>, plus qu\u2019un enregistrement discographique, propose un <strong>voyage enivrant au pays de la musique<\/strong>, celle <strong>qui berce l\u2019\u00e2me des m\u00e9lomanes.<\/strong><\/p>\n<p style=\"text-align: justify;\">Thierry Dauge<\/p>\n<p><strong>MARCH MALLOW<\/strong> \u2013 <strong><em>The Silence<\/em> <\/strong>\u2013 Distribution : <em>Absilone<\/em> \u2013<strong> Disponible le 19 avril 2024<\/strong><\/p>\n","protected":false},"excerpt":{"rendered":"<p>MARCH MALLOW &#8211; The Silence D\u00e8s l\u2019entame de The Silence, l\u2019atmosph\u00e8re saisit l\u2019auditeur en maraude. Assis costum\u00e9 \/ cravat\u00e9 \u2013 col de chemise d\u00e9boutonn\u00e9, cravate partiellement d\u00e9nou\u00e9e, chapeau mou imbib\u00e9 de sueur sur cheveux brillantin\u00e9s \u2013 dans un bar enfum\u00e9, il porte alternativement \u00e0 ses l\u00e8vres une Lucky Strike sans filtre et\/ou un shot de [&hellip;]<\/p>\n","protected":false},"author":3,"featured_media":22127,"comment_status":"open","ping_status":"open","sticky":false,"template":"","format":"image","meta":{"jetpack_post_was_ever_published":false,"tdm_status":"","tdm_grid_status":"","_jetpack_newsletter_access":"","_jetpack_dont_email_post_to_subs":false,"_jetpack_newsletter_tier_id":0,"_jetpack_memberships_contains_paywalled_content":false,"_jetpack_memberships_contains_paid_content":false,"footnotes":""},"categories":[17,14419],"tags":[12189,52,12709],"class_list":{"0":"post-22126","1":"post","2":"type-post","3":"status-publish","4":"format-image","5":"has-post-thumbnail","7":"category-carotte-rock-cultures","8":"category-jazz","9":"tag-albums-essentiels","10":"tag-groupe-rock-actuel","11":"tag-jazz","12":"post_format-post-format-image"},"yoast_head":"<!-- This site is optimized with the Yoast SEO plugin v27.5 - https:\/\/yoast.com\/product\/yoast-seo-wordpress\/ -->\n<title>MARCH MALLOW - The Silence - Culturesco Jazz fifties<\/title>\n<meta name=\"description\" content=\"CulturesCo | March Mallow livre sous peu son nouvel album, The Silence. Musique jazz fifties et au-del\u00e0, un disque qui berce l&#039;\u00e2me.\" \/>\n<meta name=\"robots\" content=\"index, follow, max-snippet:-1, max-image-preview:large, max-video-preview:-1\" \/>\n<link rel=\"canonical\" href=\"https:\/\/culturesco.com\/index.php\/2024\/04\/05\/march-mallow-the-silence\/\" \/>\n<meta property=\"og:locale\" content=\"fr_FR\" \/>\n<meta property=\"og:type\" content=\"article\" \/>\n<meta property=\"og:title\" content=\"MARCH MALLOW - The Silence - Culturesco Jazz fifties\" \/>\n<meta property=\"og:description\" content=\"CulturesCo | March Mallow livre sous peu son nouvel album, The Silence. Musique jazz fifties et au-del\u00e0, un disque qui berce l&#039;\u00e2me.\" \/>\n<meta property=\"og:url\" content=\"https:\/\/culturesco.com\/index.php\/2024\/04\/05\/march-mallow-the-silence\/\" \/>\n<meta property=\"og:site_name\" content=\"Culturesco\" \/>\n<meta property=\"article:publisher\" content=\"https:\/\/www.facebook.com\/radioculturesco\" \/>\n<meta property=\"article:published_time\" content=\"2024-04-05T14:37:39+00:00\" \/>\n<meta property=\"og:image\" content=\"https:\/\/culturesco.com\/wp-content\/uploads\/2024\/04\/MARCH-MALLOW.jpg\" \/>\n\t<meta property=\"og:image:width\" content=\"600\" \/>\n\t<meta property=\"og:image:height\" content=\"304\" \/>\n\t<meta property=\"og:image:type\" content=\"image\/jpeg\" \/>\n<meta name=\"author\" content=\"Thierry Dauge\" \/>\n<meta name=\"twitter:card\" content=\"summary_large_image\" \/>\n<meta name=\"twitter:creator\" content=\"@AugusteMarshal\" \/>\n<meta name=\"twitter:site\" content=\"@AugusteMarshal\" \/>\n<meta name=\"twitter:label1\" content=\"\u00c9crit par\" \/>\n\t<meta name=\"twitter:data1\" content=\"Thierry Dauge\" \/>\n\t<meta name=\"twitter:label2\" content=\"Dur\u00e9e de lecture estim\u00e9e\" \/>\n\t<meta name=\"twitter:data2\" content=\"3 minutes\" \/>\n<script type=\"application\/ld+json\" class=\"yoast-schema-graph\">{\"@context\":\"https:\\\/\\\/schema.org\",\"@graph\":[{\"@type\":\"Article\",\"@id\":\"https:\\\/\\\/culturesco.com\\\/index.php\\\/2024\\\/04\\\/05\\\/march-mallow-the-silence\\\/#article\",\"isPartOf\":{\"@id\":\"https:\\\/\\\/culturesco.com\\\/index.php\\\/2024\\\/04\\\/05\\\/march-mallow-the-silence\\\/\"},\"author\":{\"name\":\"Thierry Dauge\",\"@id\":\"https:\\\/\\\/culturesco.com\\\/#\\\/schema\\\/person\\\/19f04cf232d246197f6e7d62abe6cb0e\"},\"headline\":\"MARCH MALLOW &#8211; The Silence\",\"datePublished\":\"2024-04-05T14:37:39+00:00\",\"mainEntityOfPage\":{\"@id\":\"https:\\\/\\\/culturesco.com\\\/index.php\\\/2024\\\/04\\\/05\\\/march-mallow-the-silence\\\/\"},\"wordCount\":495,\"commentCount\":0,\"publisher\":{\"@id\":\"https:\\\/\\\/culturesco.com\\\/#organization\"},\"image\":{\"@id\":\"https:\\\/\\\/culturesco.com\\\/index.php\\\/2024\\\/04\\\/05\\\/march-mallow-the-silence\\\/#primaryimage\"},\"thumbnailUrl\":\"https:\\\/\\\/i0.wp.com\\\/culturesco.com\\\/wp-content\\\/uploads\\\/2024\\\/04\\\/MARCH-MALLOW.jpg?fit=600%2C304&ssl=1\",\"keywords\":[\"Albums essentiels\",\"groupe rock actuel\",\"jazz\"],\"articleSection\":[\"Carotte Rock Cultures\",\"Jazz\"],\"inLanguage\":\"fr-FR\",\"potentialAction\":[{\"@type\":\"CommentAction\",\"name\":\"Comment\",\"target\":[\"https:\\\/\\\/culturesco.com\\\/index.php\\\/2024\\\/04\\\/05\\\/march-mallow-the-silence\\\/#respond\"]}]},{\"@type\":\"WebPage\",\"@id\":\"https:\\\/\\\/culturesco.com\\\/index.php\\\/2024\\\/04\\\/05\\\/march-mallow-the-silence\\\/\",\"url\":\"https:\\\/\\\/culturesco.com\\\/index.php\\\/2024\\\/04\\\/05\\\/march-mallow-the-silence\\\/\",\"name\":\"MARCH MALLOW - The Silence - Culturesco Jazz fifties\",\"isPartOf\":{\"@id\":\"https:\\\/\\\/culturesco.com\\\/#website\"},\"primaryImageOfPage\":{\"@id\":\"https:\\\/\\\/culturesco.com\\\/index.php\\\/2024\\\/04\\\/05\\\/march-mallow-the-silence\\\/#primaryimage\"},\"image\":{\"@id\":\"https:\\\/\\\/culturesco.com\\\/index.php\\\/2024\\\/04\\\/05\\\/march-mallow-the-silence\\\/#primaryimage\"},\"thumbnailUrl\":\"https:\\\/\\\/i0.wp.com\\\/culturesco.com\\\/wp-content\\\/uploads\\\/2024\\\/04\\\/MARCH-MALLOW.jpg?fit=600%2C304&ssl=1\",\"datePublished\":\"2024-04-05T14:37:39+00:00\",\"description\":\"CulturesCo | March Mallow livre sous peu son nouvel album, The Silence. Musique jazz fifties et au-del\u00e0, un disque qui berce l'\u00e2me.\",\"breadcrumb\":{\"@id\":\"https:\\\/\\\/culturesco.com\\\/index.php\\\/2024\\\/04\\\/05\\\/march-mallow-the-silence\\\/#breadcrumb\"},\"inLanguage\":\"fr-FR\",\"potentialAction\":[{\"@type\":\"ReadAction\",\"target\":[\"https:\\\/\\\/culturesco.com\\\/index.php\\\/2024\\\/04\\\/05\\\/march-mallow-the-silence\\\/\"]}]},{\"@type\":\"ImageObject\",\"inLanguage\":\"fr-FR\",\"@id\":\"https:\\\/\\\/culturesco.com\\\/index.php\\\/2024\\\/04\\\/05\\\/march-mallow-the-silence\\\/#primaryimage\",\"url\":\"https:\\\/\\\/i0.wp.com\\\/culturesco.com\\\/wp-content\\\/uploads\\\/2024\\\/04\\\/MARCH-MALLOW.jpg?fit=600%2C304&ssl=1\",\"contentUrl\":\"https:\\\/\\\/i0.wp.com\\\/culturesco.com\\\/wp-content\\\/uploads\\\/2024\\\/04\\\/MARCH-MALLOW.jpg?fit=600%2C304&ssl=1\",\"width\":600,\"height\":304,\"caption\":\"March Mallow\"},{\"@type\":\"BreadcrumbList\",\"@id\":\"https:\\\/\\\/culturesco.com\\\/index.php\\\/2024\\\/04\\\/05\\\/march-mallow-the-silence\\\/#breadcrumb\",\"itemListElement\":[{\"@type\":\"ListItem\",\"position\":1,\"name\":\"Accueil\",\"item\":\"https:\\\/\\\/culturesco.com\\\/\"},{\"@type\":\"ListItem\",\"position\":2,\"name\":\"MARCH MALLOW &#8211; The Silence\"}]},{\"@type\":\"WebSite\",\"@id\":\"https:\\\/\\\/culturesco.com\\\/#website\",\"url\":\"https:\\\/\\\/culturesco.com\\\/\",\"name\":\"Culturesco\",\"description\":\"Culturesco | Un bon coup de pied dans ta Culture\",\"publisher\":{\"@id\":\"https:\\\/\\\/culturesco.com\\\/#organization\"},\"potentialAction\":[{\"@type\":\"SearchAction\",\"target\":{\"@type\":\"EntryPoint\",\"urlTemplate\":\"https:\\\/\\\/culturesco.com\\\/?s={search_term_string}\"},\"query-input\":{\"@type\":\"PropertyValueSpecification\",\"valueRequired\":true,\"valueName\":\"search_term_string\"}}],\"inLanguage\":\"fr-FR\"},{\"@type\":\"Organization\",\"@id\":\"https:\\\/\\\/culturesco.com\\\/#organization\",\"name\":\"CULTURESCO\",\"url\":\"https:\\\/\\\/culturesco.com\\\/\",\"logo\":{\"@type\":\"ImageObject\",\"inLanguage\":\"fr-FR\",\"@id\":\"https:\\\/\\\/culturesco.com\\\/#\\\/schema\\\/logo\\\/image\\\/\",\"url\":\"https:\\\/\\\/i0.wp.com\\\/culturesco.com\\\/wp-content\\\/uploads\\\/2022\\\/04\\\/culturesco-logo-blanc250p.png?fit=250%2C250&ssl=1\",\"contentUrl\":\"https:\\\/\\\/i0.wp.com\\\/culturesco.com\\\/wp-content\\\/uploads\\\/2022\\\/04\\\/culturesco-logo-blanc250p.png?fit=250%2C250&ssl=1\",\"width\":250,\"height\":250,\"caption\":\"CULTURESCO\"},\"image\":{\"@id\":\"https:\\\/\\\/culturesco.com\\\/#\\\/schema\\\/logo\\\/image\\\/\"},\"sameAs\":[\"https:\\\/\\\/www.facebook.com\\\/radioculturesco\",\"https:\\\/\\\/x.com\\\/AugusteMarshal\",\"https:\\\/\\\/www.instagram.com\\\/carotte_rock_culture\\\/\",\"https:\\\/\\\/www.pinterest.fr\\\/augustemarshal\\\/\",\"https:\\\/\\\/www.youtube.com\\\/channel\\\/UCiWLGffqWSXlNnfzp6YwwyQ\"]},{\"@type\":\"Person\",\"@id\":\"https:\\\/\\\/culturesco.com\\\/#\\\/schema\\\/person\\\/19f04cf232d246197f6e7d62abe6cb0e\",\"name\":\"Thierry Dauge\",\"image\":{\"@type\":\"ImageObject\",\"inLanguage\":\"fr-FR\",\"@id\":\"https:\\\/\\\/i0.wp.com\\\/culturesco.com\\\/wp-content\\\/uploads\\\/2018\\\/12\\\/Black-Beauty-and-me.jpg?fit=96%2C96&ssl=1\",\"url\":\"https:\\\/\\\/i0.wp.com\\\/culturesco.com\\\/wp-content\\\/uploads\\\/2018\\\/12\\\/Black-Beauty-and-me.jpg?fit=96%2C96&ssl=1\",\"contentUrl\":\"https:\\\/\\\/i0.wp.com\\\/culturesco.com\\\/wp-content\\\/uploads\\\/2018\\\/12\\\/Black-Beauty-and-me.jpg?fit=96%2C96&ssl=1\",\"caption\":\"Thierry Dauge\"},\"description\":\"Amoureux des 70\u2019s et du hard rock en particulier, Thierry Dauge est chroniqueur sur Culturesco par amour de l\u2019\u00e9criture musicale. Co-auteur du livre\\\"Pop rock - Les instruments de l'ombre\\\" aux \u00e9ditions du Camion Blanc, collaborateur de Vivi pour \\\"Mes Ann\u00e9es Trust\\\", auteur de \\\"Sparks\\\" aux \u00e9ditions du Layeur, parce que le rock est loin d'\u00eatre mort ...\",\"url\":\"https:\\\/\\\/culturesco.com\\\/index.php\\\/author\\\/thierry-dauge888\\\/\"}]}<\/script>\n<!-- \/ Yoast SEO plugin. -->","yoast_head_json":{"title":"MARCH MALLOW - The Silence - Culturesco Jazz fifties","description":"CulturesCo | March Mallow livre sous peu son nouvel album, The Silence. Musique jazz fifties et au-del\u00e0, un disque qui berce l'\u00e2me.","robots":{"index":"index","follow":"follow","max-snippet":"max-snippet:-1","max-image-preview":"max-image-preview:large","max-video-preview":"max-video-preview:-1"},"canonical":"https:\/\/culturesco.com\/index.php\/2024\/04\/05\/march-mallow-the-silence\/","og_locale":"fr_FR","og_type":"article","og_title":"MARCH MALLOW - The Silence - Culturesco Jazz fifties","og_description":"CulturesCo | March Mallow livre sous peu son nouvel album, The Silence. Musique jazz fifties et au-del\u00e0, un disque qui berce l'\u00e2me.","og_url":"https:\/\/culturesco.com\/index.php\/2024\/04\/05\/march-mallow-the-silence\/","og_site_name":"Culturesco","article_publisher":"https:\/\/www.facebook.com\/radioculturesco","article_published_time":"2024-04-05T14:37:39+00:00","og_image":[{"width":600,"height":304,"url":"https:\/\/culturesco.com\/wp-content\/uploads\/2024\/04\/MARCH-MALLOW.jpg","type":"image\/jpeg"}],"author":"Thierry Dauge","twitter_card":"summary_large_image","twitter_creator":"@AugusteMarshal","twitter_site":"@AugusteMarshal","twitter_misc":{"\u00c9crit par":"Thierry Dauge","Dur\u00e9e de lecture estim\u00e9e":"3 minutes"},"schema":{"@context":"https:\/\/schema.org","@graph":[{"@type":"Article","@id":"https:\/\/culturesco.com\/index.php\/2024\/04\/05\/march-mallow-the-silence\/#article","isPartOf":{"@id":"https:\/\/culturesco.com\/index.php\/2024\/04\/05\/march-mallow-the-silence\/"},"author":{"name":"Thierry Dauge","@id":"https:\/\/culturesco.com\/#\/schema\/person\/19f04cf232d246197f6e7d62abe6cb0e"},"headline":"MARCH MALLOW &#8211; The Silence","datePublished":"2024-04-05T14:37:39+00:00","mainEntityOfPage":{"@id":"https:\/\/culturesco.com\/index.php\/2024\/04\/05\/march-mallow-the-silence\/"},"wordCount":495,"commentCount":0,"publisher":{"@id":"https:\/\/culturesco.com\/#organization"},"image":{"@id":"https:\/\/culturesco.com\/index.php\/2024\/04\/05\/march-mallow-the-silence\/#primaryimage"},"thumbnailUrl":"https:\/\/i0.wp.com\/culturesco.com\/wp-content\/uploads\/2024\/04\/MARCH-MALLOW.jpg?fit=600%2C304&ssl=1","keywords":["Albums essentiels","groupe rock actuel","jazz"],"articleSection":["Carotte Rock Cultures","Jazz"],"inLanguage":"fr-FR","potentialAction":[{"@type":"CommentAction","name":"Comment","target":["https:\/\/culturesco.com\/index.php\/2024\/04\/05\/march-mallow-the-silence\/#respond"]}]},{"@type":"WebPage","@id":"https:\/\/culturesco.com\/index.php\/2024\/04\/05\/march-mallow-the-silence\/","url":"https:\/\/culturesco.com\/index.php\/2024\/04\/05\/march-mallow-the-silence\/","name":"MARCH MALLOW - The Silence - Culturesco Jazz fifties","isPartOf":{"@id":"https:\/\/culturesco.com\/#website"},"primaryImageOfPage":{"@id":"https:\/\/culturesco.com\/index.php\/2024\/04\/05\/march-mallow-the-silence\/#primaryimage"},"image":{"@id":"https:\/\/culturesco.com\/index.php\/2024\/04\/05\/march-mallow-the-silence\/#primaryimage"},"thumbnailUrl":"https:\/\/i0.wp.com\/culturesco.com\/wp-content\/uploads\/2024\/04\/MARCH-MALLOW.jpg?fit=600%2C304&ssl=1","datePublished":"2024-04-05T14:37:39+00:00","description":"CulturesCo | March Mallow livre sous peu son nouvel album, The Silence. Musique jazz fifties et au-del\u00e0, un disque qui berce l'\u00e2me.","breadcrumb":{"@id":"https:\/\/culturesco.com\/index.php\/2024\/04\/05\/march-mallow-the-silence\/#breadcrumb"},"inLanguage":"fr-FR","potentialAction":[{"@type":"ReadAction","target":["https:\/\/culturesco.com\/index.php\/2024\/04\/05\/march-mallow-the-silence\/"]}]},{"@type":"ImageObject","inLanguage":"fr-FR","@id":"https:\/\/culturesco.com\/index.php\/2024\/04\/05\/march-mallow-the-silence\/#primaryimage","url":"https:\/\/i0.wp.com\/culturesco.com\/wp-content\/uploads\/2024\/04\/MARCH-MALLOW.jpg?fit=600%2C304&ssl=1","contentUrl":"https:\/\/i0.wp.com\/culturesco.com\/wp-content\/uploads\/2024\/04\/MARCH-MALLOW.jpg?fit=600%2C304&ssl=1","width":600,"height":304,"caption":"March Mallow"},{"@type":"BreadcrumbList","@id":"https:\/\/culturesco.com\/index.php\/2024\/04\/05\/march-mallow-the-silence\/#breadcrumb","itemListElement":[{"@type":"ListItem","position":1,"name":"Accueil","item":"https:\/\/culturesco.com\/"},{"@type":"ListItem","position":2,"name":"MARCH MALLOW &#8211; The Silence"}]},{"@type":"WebSite","@id":"https:\/\/culturesco.com\/#website","url":"https:\/\/culturesco.com\/","name":"Culturesco","description":"Culturesco | Un bon coup de pied dans ta Culture","publisher":{"@id":"https:\/\/culturesco.com\/#organization"},"potentialAction":[{"@type":"SearchAction","target":{"@type":"EntryPoint","urlTemplate":"https:\/\/culturesco.com\/?s={search_term_string}"},"query-input":{"@type":"PropertyValueSpecification","valueRequired":true,"valueName":"search_term_string"}}],"inLanguage":"fr-FR"},{"@type":"Organization","@id":"https:\/\/culturesco.com\/#organization","name":"CULTURESCO","url":"https:\/\/culturesco.com\/","logo":{"@type":"ImageObject","inLanguage":"fr-FR","@id":"https:\/\/culturesco.com\/#\/schema\/logo\/image\/","url":"https:\/\/i0.wp.com\/culturesco.com\/wp-content\/uploads\/2022\/04\/culturesco-logo-blanc250p.png?fit=250%2C250&ssl=1","contentUrl":"https:\/\/i0.wp.com\/culturesco.com\/wp-content\/uploads\/2022\/04\/culturesco-logo-blanc250p.png?fit=250%2C250&ssl=1","width":250,"height":250,"caption":"CULTURESCO"},"image":{"@id":"https:\/\/culturesco.com\/#\/schema\/logo\/image\/"},"sameAs":["https:\/\/www.facebook.com\/radioculturesco","https:\/\/x.com\/AugusteMarshal","https:\/\/www.instagram.com\/carotte_rock_culture\/","https:\/\/www.pinterest.fr\/augustemarshal\/","https:\/\/www.youtube.com\/channel\/UCiWLGffqWSXlNnfzp6YwwyQ"]},{"@type":"Person","@id":"https:\/\/culturesco.com\/#\/schema\/person\/19f04cf232d246197f6e7d62abe6cb0e","name":"Thierry Dauge","image":{"@type":"ImageObject","inLanguage":"fr-FR","@id":"https:\/\/i0.wp.com\/culturesco.com\/wp-content\/uploads\/2018\/12\/Black-Beauty-and-me.jpg?fit=96%2C96&ssl=1","url":"https:\/\/i0.wp.com\/culturesco.com\/wp-content\/uploads\/2018\/12\/Black-Beauty-and-me.jpg?fit=96%2C96&ssl=1","contentUrl":"https:\/\/i0.wp.com\/culturesco.com\/wp-content\/uploads\/2018\/12\/Black-Beauty-and-me.jpg?fit=96%2C96&ssl=1","caption":"Thierry Dauge"},"description":"Amoureux des 70\u2019s et du hard rock en particulier, Thierry Dauge est chroniqueur sur Culturesco par amour de l\u2019\u00e9criture musicale. Co-auteur du livre\"Pop rock - Les instruments de l'ombre\" aux \u00e9ditions du Camion Blanc, collaborateur de Vivi pour \"Mes Ann\u00e9es Trust\", auteur de \"Sparks\" aux \u00e9ditions du Layeur, parce que le rock est loin d'\u00eatre mort ...","url":"https:\/\/culturesco.com\/index.php\/author\/thierry-dauge888\/"}]}},"jetpack_featured_media_url":"https:\/\/i0.wp.com\/culturesco.com\/wp-content\/uploads\/2024\/04\/MARCH-MALLOW.jpg?fit=600%2C304&ssl=1","jetpack_likes_enabled":true,"jetpack_sharing_enabled":true,"jetpack_shortlink":"https:\/\/wp.me\/paz89I-5KS","_links":{"self":[{"href":"https:\/\/culturesco.com\/index.php\/wp-json\/wp\/v2\/posts\/22126","targetHints":{"allow":["GET"]}}],"collection":[{"href":"https:\/\/culturesco.com\/index.php\/wp-json\/wp\/v2\/posts"}],"about":[{"href":"https:\/\/culturesco.com\/index.php\/wp-json\/wp\/v2\/types\/post"}],"author":[{"embeddable":true,"href":"https:\/\/culturesco.com\/index.php\/wp-json\/wp\/v2\/users\/3"}],"replies":[{"embeddable":true,"href":"https:\/\/culturesco.com\/index.php\/wp-json\/wp\/v2\/comments?post=22126"}],"version-history":[{"count":0,"href":"https:\/\/culturesco.com\/index.php\/wp-json\/wp\/v2\/posts\/22126\/revisions"}],"wp:featuredmedia":[{"embeddable":true,"href":"https:\/\/culturesco.com\/index.php\/wp-json\/wp\/v2\/media\/22127"}],"wp:attachment":[{"href":"https:\/\/culturesco.com\/index.php\/wp-json\/wp\/v2\/media?parent=22126"}],"wp:term":[{"taxonomy":"category","embeddable":true,"href":"https:\/\/culturesco.com\/index.php\/wp-json\/wp\/v2\/categories?post=22126"},{"taxonomy":"post_tag","embeddable":true,"href":"https:\/\/culturesco.com\/index.php\/wp-json\/wp\/v2\/tags?post=22126"}],"curies":[{"name":"wp","href":"https:\/\/api.w.org\/{rel}","templated":true}]}}