{"id":21866,"date":"2024-03-06T18:26:28","date_gmt":"2024-03-06T17:26:28","guid":{"rendered":"https:\/\/culturesco.com\/?p=21866"},"modified":"2024-03-06T18:35:29","modified_gmt":"2024-03-06T17:35:29","slug":"le-voyage-de-la-peur-la-cineaste-etait-en-noir","status":"publish","type":"post","link":"https:\/\/culturesco.com\/index.php\/2024\/03\/06\/le-voyage-de-la-peur-la-cineaste-etait-en-noir\/","title":{"rendered":"Le Voyage de la peur &#8211; La cin\u00e9aste \u00e9tait en noir"},"content":{"rendered":"<h2 style=\"text-align: center;\">Le Voyage de la peur \u2013 La cin\u00e9aste \u00e9tait en noir<\/h2>\n<p><img data-recalc-dims=\"1\" loading=\"lazy\" decoding=\"async\" class=\" wp-image-21875 aligncenter\" src=\"https:\/\/i0.wp.com\/culturesco.com\/wp-content\/uploads\/2024\/03\/MV5BNzkyZGY1MzItYmVjOC00YmQ1LWEzNjYtMTljNWI2YTdiNzM3XkEyXkFqcGdeQXVyNjc1NTYyMjg%40._V1_.jpg?resize=285%2C428&#038;ssl=1\" alt=\"The Hitch-Hiker\" width=\"285\" height=\"428\" srcset=\"https:\/\/i0.wp.com\/culturesco.com\/wp-content\/uploads\/2024\/03\/MV5BNzkyZGY1MzItYmVjOC00YmQ1LWEzNjYtMTljNWI2YTdiNzM3XkEyXkFqcGdeQXVyNjc1NTYyMjg%40._V1_.jpg?resize=200%2C300&amp;ssl=1 200w, https:\/\/i0.wp.com\/culturesco.com\/wp-content\/uploads\/2024\/03\/MV5BNzkyZGY1MzItYmVjOC00YmQ1LWEzNjYtMTljNWI2YTdiNzM3XkEyXkFqcGdeQXVyNjc1NTYyMjg%40._V1_.jpg?resize=418%2C627&amp;ssl=1 418w, https:\/\/i0.wp.com\/culturesco.com\/wp-content\/uploads\/2024\/03\/MV5BNzkyZGY1MzItYmVjOC00YmQ1LWEzNjYtMTljNWI2YTdiNzM3XkEyXkFqcGdeQXVyNjc1NTYyMjg%40._V1_.jpg?resize=768%2C1152&amp;ssl=1 768w, https:\/\/i0.wp.com\/culturesco.com\/wp-content\/uploads\/2024\/03\/MV5BNzkyZGY1MzItYmVjOC00YmQ1LWEzNjYtMTljNWI2YTdiNzM3XkEyXkFqcGdeQXVyNjc1NTYyMjg%40._V1_.jpg?resize=696%2C1044&amp;ssl=1 696w, https:\/\/i0.wp.com\/culturesco.com\/wp-content\/uploads\/2024\/03\/MV5BNzkyZGY1MzItYmVjOC00YmQ1LWEzNjYtMTljNWI2YTdiNzM3XkEyXkFqcGdeQXVyNjc1NTYyMjg%40._V1_.jpg?resize=280%2C420&amp;ssl=1 280w, https:\/\/i0.wp.com\/culturesco.com\/wp-content\/uploads\/2024\/03\/MV5BNzkyZGY1MzItYmVjOC00YmQ1LWEzNjYtMTljNWI2YTdiNzM3XkEyXkFqcGdeQXVyNjc1NTYyMjg%40._V1_.jpg?resize=600%2C900&amp;ssl=1 600w, https:\/\/i0.wp.com\/culturesco.com\/wp-content\/uploads\/2024\/03\/MV5BNzkyZGY1MzItYmVjOC00YmQ1LWEzNjYtMTljNWI2YTdiNzM3XkEyXkFqcGdeQXVyNjc1NTYyMjg%40._V1_.jpg?resize=40%2C60&amp;ssl=1 40w, https:\/\/i0.wp.com\/culturesco.com\/wp-content\/uploads\/2024\/03\/MV5BNzkyZGY1MzItYmVjOC00YmQ1LWEzNjYtMTljNWI2YTdiNzM3XkEyXkFqcGdeQXVyNjc1NTYyMjg%40._V1_.jpg?resize=60%2C90&amp;ssl=1 60w, https:\/\/i0.wp.com\/culturesco.com\/wp-content\/uploads\/2024\/03\/MV5BNzkyZGY1MzItYmVjOC00YmQ1LWEzNjYtMTljNWI2YTdiNzM3XkEyXkFqcGdeQXVyNjc1NTYyMjg%40._V1_.jpg?w=400&amp;ssl=1 400w\" sizes=\"auto, (max-width: 285px) 100vw, 285px\" \/><\/p>\n<p style=\"text-align: justify;\">Une route d\u00e9sertique. Quelque part en Californie, non loin de la fronti\u00e8re mexicaine. Une voiture, d\u2019abord petit point minuscule \u00e0 l\u2019horizon, \u00e9claire peu \u00e0 peu de ses phares le ruban du macadam. \u00c0 son bord, Roy et Gilbert. Deux vieux potes peinards qui partent en vir\u00e9e p\u00eache, avec peut-\u00eatre, cerise sur le g\u00e2teau, un petit d\u00e9tour dans un cabaret chaud de Mexicali. La conversation roule bon train et la bonne humeur est de mise. Alors quand surgit la silhouette d\u2019un auto-stoppeur, les comp\u00e8res d\u00e9cident de s\u2019arr\u00eater pour charger le quidam. Sans le savoir encore ils viennent de changer le programme de la journ\u00e9e\u2026<\/p>\n<h3>Arr\u00eat sur image.<\/h3>\n<p style=\"text-align: justify;\">Stoppons l\u00e0 pour l\u2019instant la bande-annonce. Bande-annonce ? Car oui, il s\u2019agit bien d\u2019un film. \u00ab\u00a0<strong>Le Voyage de la peur<\/strong>\u00ab\u00a0, \u00ab\u00a0<strong>The Hitch-Hiker<\/strong>\u00ab\u00a0, in english in the text. Sorti en 1953, il a \u00e9t\u00e9, fait encore exceptionnel \u00e0 cette \u00e9poque, r\u00e9alis\u00e9 par une femme. Une certaine <strong>Ida Lupino<\/strong>&#8230;<\/p>\n<h3 style=\"text-align: center;\"><strong>Ida Lupino, la rebelle<\/strong><\/h3>\n<p><img data-recalc-dims=\"1\" loading=\"lazy\" decoding=\"async\" class=\" wp-image-21876 aligncenter\" src=\"https:\/\/i0.wp.com\/culturesco.com\/wp-content\/uploads\/2024\/03\/ida_lupino-gentlemen-miss-lupino-1.jpg?resize=464%2C212&#038;ssl=1\" alt=\"Ida Lupino\" width=\"464\" height=\"212\" srcset=\"https:\/\/i0.wp.com\/culturesco.com\/wp-content\/uploads\/2024\/03\/ida_lupino-gentlemen-miss-lupino-1.jpg?resize=300%2C137&amp;ssl=1 300w, https:\/\/i0.wp.com\/culturesco.com\/wp-content\/uploads\/2024\/03\/ida_lupino-gentlemen-miss-lupino-1.jpg?resize=1200%2C547&amp;ssl=1 1200w, https:\/\/i0.wp.com\/culturesco.com\/wp-content\/uploads\/2024\/03\/ida_lupino-gentlemen-miss-lupino-1.jpg?resize=768%2C350&amp;ssl=1 768w, https:\/\/i0.wp.com\/culturesco.com\/wp-content\/uploads\/2024\/03\/ida_lupino-gentlemen-miss-lupino-1.jpg?resize=1536%2C700&amp;ssl=1 1536w, https:\/\/i0.wp.com\/culturesco.com\/wp-content\/uploads\/2024\/03\/ida_lupino-gentlemen-miss-lupino-1.jpg?resize=696%2C317&amp;ssl=1 696w, https:\/\/i0.wp.com\/culturesco.com\/wp-content\/uploads\/2024\/03\/ida_lupino-gentlemen-miss-lupino-1.jpg?resize=1068%2C487&amp;ssl=1 1068w, https:\/\/i0.wp.com\/culturesco.com\/wp-content\/uploads\/2024\/03\/ida_lupino-gentlemen-miss-lupino-1.jpg?resize=922%2C420&amp;ssl=1 922w, https:\/\/i0.wp.com\/culturesco.com\/wp-content\/uploads\/2024\/03\/ida_lupino-gentlemen-miss-lupino-1.jpg?w=600&amp;ssl=1 600w, https:\/\/i0.wp.com\/culturesco.com\/wp-content\/uploads\/2024\/03\/ida_lupino-gentlemen-miss-lupino-1.jpg?resize=132%2C60&amp;ssl=1 132w, https:\/\/i0.wp.com\/culturesco.com\/wp-content\/uploads\/2024\/03\/ida_lupino-gentlemen-miss-lupino-1.jpg?resize=198%2C90&amp;ssl=1 198w\" sizes=\"auto, (max-width: 464px) 100vw, 464px\" \/><\/p>\n<h3>Premi\u00e8res armes british<\/h3>\n<p style=\"text-align: justify;\">N\u00e9e en 1918 \u00e0 Londres, Ida Lupino est issue d\u2019une dynastie de com\u00e9diens dont les origines remontent \u00e0 la renaissance italienne. Un ADN qui l\u2019attire tr\u00e8s t\u00f4t, gamine, vers le th\u00e9\u00e2tre puisqu\u2019elle int\u00e8gre \u00e0 13 ans l\u2019<strong>Acad\u00e9mie Royale d\u2019Art Dramatique<\/strong>. Vite remarqu\u00e9e, elle fait ses d\u00e9buts devant la cam\u00e9ra dans de petites productions sans lendemain. Peut-\u00eatre, mais c\u2019est en jetant un \u0153il sur un de ces nanars que des dirigeants de la Paramount rep\u00e8rent cette jeune actrice au charisme certain et lui proposent tout de go le r\u00f4le titre dans un de leurs projets, \u00ab\u00a0<strong>Alice au pays des merveilles<\/strong>\u00ab\u00a0.<\/p>\n<figure id=\"attachment_21877\" aria-describedby=\"caption-attachment-21877\" style=\"width: 453px\" class=\"wp-caption aligncenter\"><img data-recalc-dims=\"1\" loading=\"lazy\" decoding=\"async\" class=\" wp-image-21877\" src=\"https:\/\/i0.wp.com\/culturesco.com\/wp-content\/uploads\/2024\/03\/caption.jpg?resize=453%2C302&#038;ssl=1\" alt=\"Acad\u00e9mie royale d'art dramatique\" width=\"453\" height=\"302\" srcset=\"https:\/\/i0.wp.com\/culturesco.com\/wp-content\/uploads\/2024\/03\/caption.jpg?resize=300%2C200&amp;ssl=1 300w, https:\/\/i0.wp.com\/culturesco.com\/wp-content\/uploads\/2024\/03\/caption.jpg?resize=941%2C627&amp;ssl=1 941w, https:\/\/i0.wp.com\/culturesco.com\/wp-content\/uploads\/2024\/03\/caption.jpg?resize=768%2C512&amp;ssl=1 768w, https:\/\/i0.wp.com\/culturesco.com\/wp-content\/uploads\/2024\/03\/caption.jpg?resize=696%2C464&amp;ssl=1 696w, https:\/\/i0.wp.com\/culturesco.com\/wp-content\/uploads\/2024\/03\/caption.jpg?resize=1068%2C712&amp;ssl=1 1068w, https:\/\/i0.wp.com\/culturesco.com\/wp-content\/uploads\/2024\/03\/caption.jpg?resize=630%2C420&amp;ssl=1 630w, https:\/\/i0.wp.com\/culturesco.com\/wp-content\/uploads\/2024\/03\/caption.jpg?w=600&amp;ssl=1 600w, https:\/\/i0.wp.com\/culturesco.com\/wp-content\/uploads\/2024\/03\/caption.jpg?resize=90%2C60&amp;ssl=1 90w, https:\/\/i0.wp.com\/culturesco.com\/wp-content\/uploads\/2024\/03\/caption.jpg?resize=135%2C90&amp;ssl=1 135w\" sizes=\"auto, (max-width: 453px) 100vw, 453px\" \/><figcaption id=\"caption-attachment-21877\" class=\"wp-caption-text\">Acad\u00e9mie Royale d&rsquo;Art Dramatique<\/figcaption><\/figure>\n<h3>American dream<\/h3>\n<p style=\"text-align: justify;\">C\u2019est donc \u00e0 15 ans que s\u2019envole Ida Lupino vers les mirages d\u2019<a href=\"https:\/\/culturesco.com\/index.php\/2020\/09\/29\/mad-in-hollywood-un-livre-de-chris-anderson\/\"><strong>Hollywood<\/strong><\/a> qui portent bien leurs noms car \u00e7a commence plut\u00f4t mal. La <a href=\"https:\/\/fr.wikipedia.org\/wiki\/Paramount_Pictures\"><strong>Paramount<\/strong><\/a> r\u00e9trop\u00e9dale et l\u2019engagement promis tombe aux oubliettes. Trop sophistiqu\u00e9e pour le job, la m\u00f4me, il para\u00eet. Adieu Alice. Et bonjour quelques emplois sur des pellicules qui ne feront pas date dans l\u2019histoire du 7\u00e8me art.<\/p>\n<p><img data-recalc-dims=\"1\" loading=\"lazy\" decoding=\"async\" class=\" wp-image-21905 aligncenter\" src=\"https:\/\/i0.wp.com\/culturesco.com\/wp-content\/uploads\/2024\/03\/uTjtQHZuCmwcMtH-800x450-noPad.jpg?resize=474%2C267&#038;ssl=1\" alt=\"Paramount\" width=\"474\" height=\"267\" srcset=\"https:\/\/i0.wp.com\/culturesco.com\/wp-content\/uploads\/2024\/03\/uTjtQHZuCmwcMtH-800x450-noPad.jpg?resize=300%2C169&amp;ssl=1 300w, https:\/\/i0.wp.com\/culturesco.com\/wp-content\/uploads\/2024\/03\/uTjtQHZuCmwcMtH-800x450-noPad.jpg?resize=768%2C433&amp;ssl=1 768w, https:\/\/i0.wp.com\/culturesco.com\/wp-content\/uploads\/2024\/03\/uTjtQHZuCmwcMtH-800x450-noPad.jpg?resize=696%2C392&amp;ssl=1 696w, https:\/\/i0.wp.com\/culturesco.com\/wp-content\/uploads\/2024\/03\/uTjtQHZuCmwcMtH-800x450-noPad.jpg?resize=746%2C420&amp;ssl=1 746w, https:\/\/i0.wp.com\/culturesco.com\/wp-content\/uploads\/2024\/03\/uTjtQHZuCmwcMtH-800x450-noPad.jpg?w=600&amp;ssl=1 600w, https:\/\/i0.wp.com\/culturesco.com\/wp-content\/uploads\/2024\/03\/uTjtQHZuCmwcMtH-800x450-noPad.jpg?resize=107%2C60&amp;ssl=1 107w, https:\/\/i0.wp.com\/culturesco.com\/wp-content\/uploads\/2024\/03\/uTjtQHZuCmwcMtH-800x450-noPad.jpg?resize=160%2C90&amp;ssl=1 160w\" sizes=\"auto, (max-width: 474px) 100vw, 474px\" \/><\/p>\n<h3>La lumi\u00e8re qui s\u2019\u00e9teint<\/h3>\n<p style=\"text-align: justify;\">Ou plut\u00f4t qui s\u2019allume soudain pour l\u2019apprentie star. 1939. Un film, \u00ab\u00a0<strong>La Lumi\u00e8re qui s\u2019\u00e9teint<\/strong>\u00a0\u00bb (\u00ab\u00a0<strong>The Light that Failed<\/strong>\u00ab\u00a0), va \u00eatre d\u00e9terminant dans la carri\u00e8re de la Lupino. Elle y incarne, dans une histoire de vengeance, une prostitu\u00e9e tourment\u00e9e \u00e0 qui elle donne une v\u00e9ritable humanit\u00e9, chose rare dans le cin\u00e9ma des ann\u00e9es 30 qui d\u00e9peignait ce type de personnage de mani\u00e8re caricaturale. Ce premier r\u00f4le digne de ce nom va d\u00e9boucher sur une s\u00e9rie de films, voire m\u00eame de chefs-d\u2019oeuvre comme \u00ab\u00a0<strong>La grande \u00e9vasion<\/strong>\u00ab\u00a0, (\u00ab\u00a0<a href=\"https:\/\/fr.wikipedia.org\/wiki\/La_Grande_%C3%89vasion_(film,_1941)\"><strong>High Sierra<\/strong><\/a>\u00ab\u00a0, \u00e0 ne pas confondre avec celle de <strong>Steve McQueen<\/strong>) o\u00f9 elle donne la r\u00e9plique au gigantesque <a href=\"https:\/\/fr.wikipedia.org\/wiki\/Humphrey_Bogart\"><strong>Humphrey Bogart<\/strong><\/a>.<\/p>\n<figure id=\"attachment_21879\" aria-describedby=\"caption-attachment-21879\" style=\"width: 371px\" class=\"wp-caption aligncenter\"><img data-recalc-dims=\"1\" loading=\"lazy\" decoding=\"async\" class=\" wp-image-21879\" src=\"https:\/\/i0.wp.com\/culturesco.com\/wp-content\/uploads\/2024\/03\/lumiere_qui_s-eteint_01.jpg?resize=371%2C452&#038;ssl=1\" alt=\"Ida Lupino\" width=\"371\" height=\"452\" srcset=\"https:\/\/i0.wp.com\/culturesco.com\/wp-content\/uploads\/2024\/03\/lumiere_qui_s-eteint_01.jpg?resize=246%2C300&amp;ssl=1 246w, https:\/\/i0.wp.com\/culturesco.com\/wp-content\/uploads\/2024\/03\/lumiere_qui_s-eteint_01.jpg?resize=514%2C627&amp;ssl=1 514w, https:\/\/i0.wp.com\/culturesco.com\/wp-content\/uploads\/2024\/03\/lumiere_qui_s-eteint_01.jpg?resize=768%2C936&amp;ssl=1 768w, https:\/\/i0.wp.com\/culturesco.com\/wp-content\/uploads\/2024\/03\/lumiere_qui_s-eteint_01.jpg?resize=696%2C848&amp;ssl=1 696w, https:\/\/i0.wp.com\/culturesco.com\/wp-content\/uploads\/2024\/03\/lumiere_qui_s-eteint_01.jpg?resize=345%2C420&amp;ssl=1 345w, https:\/\/i0.wp.com\/culturesco.com\/wp-content\/uploads\/2024\/03\/lumiere_qui_s-eteint_01.jpg?resize=600%2C731&amp;ssl=1 600w, https:\/\/i0.wp.com\/culturesco.com\/wp-content\/uploads\/2024\/03\/lumiere_qui_s-eteint_01.jpg?resize=49%2C60&amp;ssl=1 49w, https:\/\/i0.wp.com\/culturesco.com\/wp-content\/uploads\/2024\/03\/lumiere_qui_s-eteint_01.jpg?resize=74%2C90&amp;ssl=1 74w, https:\/\/i0.wp.com\/culturesco.com\/wp-content\/uploads\/2024\/03\/lumiere_qui_s-eteint_01.jpg?w=492&amp;ssl=1 492w\" sizes=\"auto, (max-width: 371px) 100vw, 371px\" \/><figcaption id=\"caption-attachment-21879\" class=\"wp-caption-text\">Ida Lupino dans \u00ab\u00a0La lumi\u00e8re qui s&rsquo;\u00e9teint\u00a0\u00bb<\/figcaption><\/figure>\n<figure id=\"attachment_21880\" aria-describedby=\"caption-attachment-21880\" style=\"width: 455px\" class=\"wp-caption aligncenter\"><img data-recalc-dims=\"1\" loading=\"lazy\" decoding=\"async\" class=\" wp-image-21880\" src=\"https:\/\/i0.wp.com\/culturesco.com\/wp-content\/uploads\/2024\/03\/55d820ce241220af690308033ce2787f.jpg?resize=455%2C352&#038;ssl=1\" alt=\"Lupino Bogart\" width=\"455\" height=\"352\" srcset=\"https:\/\/i0.wp.com\/culturesco.com\/wp-content\/uploads\/2024\/03\/55d820ce241220af690308033ce2787f.jpg?resize=300%2C232&amp;ssl=1 300w, https:\/\/i0.wp.com\/culturesco.com\/wp-content\/uploads\/2024\/03\/55d820ce241220af690308033ce2787f.jpg?resize=696%2C539&amp;ssl=1 696w, https:\/\/i0.wp.com\/culturesco.com\/wp-content\/uploads\/2024\/03\/55d820ce241220af690308033ce2787f.jpg?resize=542%2C420&amp;ssl=1 542w, https:\/\/i0.wp.com\/culturesco.com\/wp-content\/uploads\/2024\/03\/55d820ce241220af690308033ce2787f.jpg?w=600&amp;ssl=1 600w, https:\/\/i0.wp.com\/culturesco.com\/wp-content\/uploads\/2024\/03\/55d820ce241220af690308033ce2787f.jpg?resize=77%2C60&amp;ssl=1 77w, https:\/\/i0.wp.com\/culturesco.com\/wp-content\/uploads\/2024\/03\/55d820ce241220af690308033ce2787f.jpg?resize=116%2C90&amp;ssl=1 116w\" sizes=\"auto, (max-width: 455px) 100vw, 455px\" \/><figcaption id=\"caption-attachment-21880\" class=\"wp-caption-text\">Avec Humphrey Bogart dans \u00ab\u00a0High Sierra\u00a0\u00bb<\/figcaption><\/figure>\n<h3>Fatale<\/h3>\n<p style=\"text-align: justify;\">M\u00eame si ces r\u00e9alisations lui permettent de se faire un nom aux c\u00f4t\u00e9s des plus grands, Ida Lupino se rend compte qu\u2019on l\u2019utilise trop souvent dans les m\u00eames compositions de femmes fatales sulfureuses. Bref, Ida s\u2019emmerde\u2026 Ce qui se passe derri\u00e8re la cam\u00e9ra semble bien plus int\u00e9ressant. Dans la s\u00e9rie \u00ab\u00a0le malheur des uns fait le bonheur des autres\u00a0\u00bb, un concours de circonstance va lui mettre le pied \u00e0 l\u2019\u00e9trier. Lors d\u2019un tournage, le r\u00e9alisateur jette l\u2019\u00e9ponge suite \u00e0 une crise cardiaque. Ida, \u00e0 l\u2019arrache, termine le film et chope le virus. Elle sera cin\u00e9aste.<\/p>\n<figure id=\"attachment_21882\" aria-describedby=\"caption-attachment-21882\" style=\"width: 393px\" class=\"wp-caption aligncenter\"><img data-recalc-dims=\"1\" loading=\"lazy\" decoding=\"async\" class=\" wp-image-21882\" src=\"https:\/\/i0.wp.com\/culturesco.com\/wp-content\/uploads\/2024\/03\/mv5bmja4ndqxntu5mf5bml5banbnxkftztgwnjkwodc5mte-_v1_sy1000_cr007971000_al_.jpg?resize=393%2C493&#038;ssl=1\" alt=\"Ida Lupino\" width=\"393\" height=\"493\" srcset=\"https:\/\/i0.wp.com\/culturesco.com\/wp-content\/uploads\/2024\/03\/mv5bmja4ndqxntu5mf5bml5banbnxkftztgwnjkwodc5mte-_v1_sy1000_cr007971000_al_.jpg?resize=239%2C300&amp;ssl=1 239w, https:\/\/i0.wp.com\/culturesco.com\/wp-content\/uploads\/2024\/03\/mv5bmja4ndqxntu5mf5bml5banbnxkftztgwnjkwodc5mte-_v1_sy1000_cr007971000_al_.jpg?resize=500%2C627&amp;ssl=1 500w, https:\/\/i0.wp.com\/culturesco.com\/wp-content\/uploads\/2024\/03\/mv5bmja4ndqxntu5mf5bml5banbnxkftztgwnjkwodc5mte-_v1_sy1000_cr007971000_al_.jpg?resize=335%2C420&amp;ssl=1 335w, https:\/\/i0.wp.com\/culturesco.com\/wp-content\/uploads\/2024\/03\/mv5bmja4ndqxntu5mf5bml5banbnxkftztgwnjkwodc5mte-_v1_sy1000_cr007971000_al_.jpg?resize=600%2C753&amp;ssl=1 600w, https:\/\/i0.wp.com\/culturesco.com\/wp-content\/uploads\/2024\/03\/mv5bmja4ndqxntu5mf5bml5banbnxkftztgwnjkwodc5mte-_v1_sy1000_cr007971000_al_.jpg?resize=48%2C60&amp;ssl=1 48w, https:\/\/i0.wp.com\/culturesco.com\/wp-content\/uploads\/2024\/03\/mv5bmja4ndqxntu5mf5bml5banbnxkftztgwnjkwodc5mte-_v1_sy1000_cr007971000_al_.jpg?resize=72%2C90&amp;ssl=1 72w, https:\/\/i0.wp.com\/culturesco.com\/wp-content\/uploads\/2024\/03\/mv5bmja4ndqxntu5mf5bml5banbnxkftztgwnjkwodc5mte-_v1_sy1000_cr007971000_al_.jpg?w=478&amp;ssl=1 478w\" sizes=\"auto, (max-width: 393px) 100vw, 393px\" \/><figcaption id=\"caption-attachment-21882\" class=\"wp-caption-text\">Ida Lupino, p\u00e9riode \u00ab\u00a0fatale\u00a0\u00bb<\/figcaption><\/figure>\n<h3>The Filmakers<\/h3>\n<p style=\"text-align: justify;\">Avec son mari, le producteur et sc\u00e9nariste Collier Young, elle fonde sa soci\u00e9t\u00e9 de production ind\u00e9pendante, <strong>The Filmakers<\/strong>. et devient, dans la foul\u00e9e, la premi\u00e8re femme \u00e0 rejoindre le syndicat des r\u00e9alisateurs, seule au milieu de 1300 hommes. Avec des budgets modestes et des acteurs peu connus, Ida Lupino monte des projets totalement \u00e0 rebrousse poil du glamour tout puissant de ces ann\u00e9es d\u2019apr\u00e8s-guerre. Ses films sont r\u00e9alistes et abordent des sujets tabous comme la maladie avec \u00ab\u00a0<strong>Faire face<\/strong>\u00a0\u00bb (\u00ab\u00a0<strong>Never Fear<\/strong>\u00ab\u00a0) en 1949 ou le viol avec \u00ab\u00a0<strong>Outrage<\/strong>\u00a0\u00bb en 1950. Audacieuse, courageuse, en avance sur son temps, Ida envoie un bon de coup de pied dans la fourmili\u00e8re auto-satisfaite du r\u00eave am\u00e9ricain qui restera, on s\u2019en doute, insensible \u00e0 ses prises de position. Les \u00e9checs commerciaux s\u2019accumulent. C\u2019est la faillite. Ida Lupino dissout The Filmakers apr\u00e8s un dernier film.<\/p>\n<p><img data-recalc-dims=\"1\" loading=\"lazy\" decoding=\"async\" class=\" wp-image-21883 aligncenter\" src=\"https:\/\/i0.wp.com\/culturesco.com\/wp-content\/uploads\/2024\/03\/faire_face.jpg?resize=315%2C473&#038;ssl=1\" alt=\"Faire face film\" width=\"315\" height=\"473\" srcset=\"https:\/\/i0.wp.com\/culturesco.com\/wp-content\/uploads\/2024\/03\/faire_face.jpg?resize=200%2C300&amp;ssl=1 200w, https:\/\/i0.wp.com\/culturesco.com\/wp-content\/uploads\/2024\/03\/faire_face.jpg?resize=418%2C627&amp;ssl=1 418w, https:\/\/i0.wp.com\/culturesco.com\/wp-content\/uploads\/2024\/03\/faire_face.jpg?resize=280%2C420&amp;ssl=1 280w, https:\/\/i0.wp.com\/culturesco.com\/wp-content\/uploads\/2024\/03\/faire_face.jpg?resize=40%2C60&amp;ssl=1 40w, https:\/\/i0.wp.com\/culturesco.com\/wp-content\/uploads\/2024\/03\/faire_face.jpg?resize=60%2C90&amp;ssl=1 60w, https:\/\/i0.wp.com\/culturesco.com\/wp-content\/uploads\/2024\/03\/faire_face.jpg?w=400&amp;ssl=1 400w\" sizes=\"auto, (max-width: 315px) 100vw, 315px\" \/><\/p>\n<p><img data-recalc-dims=\"1\" loading=\"lazy\" decoding=\"async\" class=\" wp-image-21884 aligncenter\" src=\"https:\/\/i0.wp.com\/culturesco.com\/wp-content\/uploads\/2024\/03\/outrage.jpg?resize=372%2C457&#038;ssl=1\" alt=\"Outrage film\" width=\"372\" height=\"457\" srcset=\"https:\/\/i0.wp.com\/culturesco.com\/wp-content\/uploads\/2024\/03\/outrage.jpg?resize=244%2C300&amp;ssl=1 244w, https:\/\/i0.wp.com\/culturesco.com\/wp-content\/uploads\/2024\/03\/outrage.jpg?resize=49%2C60&amp;ssl=1 49w, https:\/\/i0.wp.com\/culturesco.com\/wp-content\/uploads\/2024\/03\/outrage.jpg?resize=73%2C90&amp;ssl=1 73w, https:\/\/i0.wp.com\/culturesco.com\/wp-content\/uploads\/2024\/03\/outrage.jpg?w=300&amp;ssl=1 300w\" sizes=\"auto, (max-width: 372px) 100vw, 372px\" \/><\/p>\n<p>Et quel film\u00a0!<br \/>\nUne p\u00e9pite\u2026<\/p>\n<h3 style=\"text-align: center;\"><strong>Le Voyage de la peur<\/strong><\/h3>\n<p><img data-recalc-dims=\"1\" loading=\"lazy\" decoding=\"async\" class=\" wp-image-21887 aligncenter\" src=\"https:\/\/i0.wp.com\/culturesco.com\/wp-content\/uploads\/2024\/03\/Review_221_Photo_2_-_The_Hitch_Hiker_Ida_Lupino_1953_1000_420_90_c1.jpg?resize=481%2C202&#038;ssl=1\" alt=\"The Hitch-Hiker\" width=\"481\" height=\"202\" srcset=\"https:\/\/i0.wp.com\/culturesco.com\/wp-content\/uploads\/2024\/03\/Review_221_Photo_2_-_The_Hitch_Hiker_Ida_Lupino_1953_1000_420_90_c1.jpg?resize=300%2C126&amp;ssl=1 300w, https:\/\/i0.wp.com\/culturesco.com\/wp-content\/uploads\/2024\/03\/Review_221_Photo_2_-_The_Hitch_Hiker_Ida_Lupino_1953_1000_420_90_c1.jpg?resize=768%2C323&amp;ssl=1 768w, https:\/\/i0.wp.com\/culturesco.com\/wp-content\/uploads\/2024\/03\/Review_221_Photo_2_-_The_Hitch_Hiker_Ida_Lupino_1953_1000_420_90_c1.jpg?resize=696%2C292&amp;ssl=1 696w, https:\/\/i0.wp.com\/culturesco.com\/wp-content\/uploads\/2024\/03\/Review_221_Photo_2_-_The_Hitch_Hiker_Ida_Lupino_1953_1000_420_90_c1.jpg?w=600&amp;ssl=1 600w, https:\/\/i0.wp.com\/culturesco.com\/wp-content\/uploads\/2024\/03\/Review_221_Photo_2_-_The_Hitch_Hiker_Ida_Lupino_1953_1000_420_90_c1.jpg?resize=143%2C60&amp;ssl=1 143w, https:\/\/i0.wp.com\/culturesco.com\/wp-content\/uploads\/2024\/03\/Review_221_Photo_2_-_The_Hitch_Hiker_Ida_Lupino_1953_1000_420_90_c1.jpg?resize=214%2C90&amp;ssl=1 214w\" sizes=\"auto, (max-width: 481px) 100vw, 481px\" \/><\/p>\n<h3 style=\"text-align: justify;\">Touche Play&#8230;<\/h3>\n<p style=\"text-align: justify;\">&#8230; Reprenons la lecture et retrouvons nos deux acolytes, Gilbert et Roy , en vadrouille pour aller taquiner la truite et plus, si affinit\u00e9s. Ils viennent donc de faire monter \u00e0 bord un auto stoppeur perdu au beau milieu de la pampa. Mal leur en a pris. Le lascar qui tendait le pouce n\u2019est autre qu\u2019<strong>Emmett Myers<\/strong>, un criminel en fuite recherch\u00e9 par la police qui tente de passer la fronti\u00e8re pour s\u2019\u00e9vaporer au Mexique. Tr\u00e8s vite Myers explique le topo tout en braquant son flingue sur les deux infortun\u00e9s. La cavale ne fait que commencer\u2026<\/p>\n<p><em>The Hitch-Hiker -Extrait<\/em><\/p>\n<div class=\"youtube-embed\" data-video_id=\"RFUvtjka5rs\"><iframe loading=\"lazy\" title=\"Le Voyage de la peur (The Hitch-Hiker  - 1953) - Extrait HD VOST\" width=\"696\" height=\"392\" src=\"https:\/\/www.youtube.com\/embed\/RFUvtjka5rs\" frameborder=\"0\" allow=\"accelerometer; autoplay; clipboard-write; encrypted-media; gyroscope; picture-in-picture; web-share\" referrerpolicy=\"strict-origin-when-cross-origin\" allowfullscreen><\/iframe><\/div>\n<h3 style=\"text-align: justify;\">Ida Lupino, avec ce film&#8230;<\/h3>\n<p style=\"text-align: justify;\">&#8230; change de registre, elle qui s\u2019\u00e9tait forg\u00e9 un style \u00e0 part en abordant des sujets sociaux ancr\u00e9s dans le quotidien. Car on tient l\u00e0 un pur <a href=\"https:\/\/fr.wikipedia.org\/wiki\/Film_noir\"><strong>film noir<\/strong><\/a>, genre tr\u00e8s cod\u00e9 o\u00f9 l\u2019esth\u00e9tique, expressionniste, prend souvent le pas sur un souci de r\u00e9alisme. Ida, toutefois, reste fid\u00e8le \u00e0 elle m\u00eame avec un sc\u00e9nario inspir\u00e9 d\u2019un fait r\u00e9el, le massacre de six personnes en 1950 par un d\u00e9s\u00e9quilibr\u00e9 du nom de <a href=\"https:\/\/en.wikipedia.org\/wiki\/Billy_Cook_(criminal)\"><strong>William Eward Cook<\/strong><\/a>. Elle ira m\u00eame jusqu\u2019\u00e0 aller le rencontrer en prison pour mieux cerner le personnage.<\/p>\n<p><img data-recalc-dims=\"1\" loading=\"lazy\" decoding=\"async\" class=\" wp-image-21899 aligncenter\" src=\"https:\/\/i0.wp.com\/culturesco.com\/wp-content\/uploads\/2024\/03\/157908.jpg?resize=369%2C492&#038;ssl=1\" alt=\"Le voyage de la peur\" width=\"369\" height=\"492\" srcset=\"https:\/\/i0.wp.com\/culturesco.com\/wp-content\/uploads\/2024\/03\/157908.jpg?resize=225%2C300&amp;ssl=1 225w, https:\/\/i0.wp.com\/culturesco.com\/wp-content\/uploads\/2024\/03\/157908.jpg?resize=45%2C60&amp;ssl=1 45w, https:\/\/i0.wp.com\/culturesco.com\/wp-content\/uploads\/2024\/03\/157908.jpg?resize=68%2C90&amp;ssl=1 68w, https:\/\/i0.wp.com\/culturesco.com\/wp-content\/uploads\/2024\/03\/157908.jpg?w=300&amp;ssl=1 300w\" sizes=\"auto, (max-width: 369px) 100vw, 369px\" \/><\/p>\n<h3 style=\"text-align: justify;\">Fi\u00e8re de ses convictions&#8230;<\/h3>\n<p style=\"text-align: justify;\">&#8230; et toujours franche-tireuse, elle devient aussi la premi\u00e8re femme, et peut-\u00eatre une des seules \u00e0 ce jour, \u00e0 tourner un film noir, chasse gard\u00e9e des mecs r\u00e9put\u00e9e pour son machisme. Du genre \u00ab\u00a0on fait des films de durs pour les durs\u00a0\u00bb. Non mais&#8230;<\/p>\n<p><img data-recalc-dims=\"1\" loading=\"lazy\" decoding=\"async\" class=\" wp-image-21889 aligncenter\" src=\"https:\/\/i0.wp.com\/culturesco.com\/wp-content\/uploads\/2024\/03\/idalupinothehitchhiker1953.jpeg?resize=470%2C282&#038;ssl=1\" alt=\"Ida Lupino\" width=\"470\" height=\"282\" srcset=\"https:\/\/i0.wp.com\/culturesco.com\/wp-content\/uploads\/2024\/03\/idalupinothehitchhiker1953.jpeg?resize=300%2C180&amp;ssl=1 300w, https:\/\/i0.wp.com\/culturesco.com\/wp-content\/uploads\/2024\/03\/idalupinothehitchhiker1953.jpeg?resize=768%2C461&amp;ssl=1 768w, https:\/\/i0.wp.com\/culturesco.com\/wp-content\/uploads\/2024\/03\/idalupinothehitchhiker1953.jpeg?resize=696%2C417&amp;ssl=1 696w, https:\/\/i0.wp.com\/culturesco.com\/wp-content\/uploads\/2024\/03\/idalupinothehitchhiker1953.jpeg?resize=700%2C420&amp;ssl=1 700w, https:\/\/i0.wp.com\/culturesco.com\/wp-content\/uploads\/2024\/03\/idalupinothehitchhiker1953.jpeg?w=600&amp;ssl=1 600w, https:\/\/i0.wp.com\/culturesco.com\/wp-content\/uploads\/2024\/03\/idalupinothehitchhiker1953.jpeg?resize=100%2C60&amp;ssl=1 100w, https:\/\/i0.wp.com\/culturesco.com\/wp-content\/uploads\/2024\/03\/idalupinothehitchhiker1953.jpeg?resize=150%2C90&amp;ssl=1 150w\" sizes=\"auto, (max-width: 470px) 100vw, 470px\" \/><\/p>\n<h3>Casting<\/h3>\n<p style=\"text-align: justify;\">Ida lupino, pour le r\u00f4le de Roy, choisit <a href=\"https:\/\/fr.wikipedia.org\/wiki\/Edmond_O%27Brien\"><strong>Edmond O\u2019Brien<\/strong><\/a>, un acteur solide \u00e0 la filmographie d\u00e9j\u00e0 bien remplie. Il conna\u00eet le monde du thriller et du polar comme la poche de son imper, son exp\u00e9rience sera donc profitable. Gilbert, lui, sera interpr\u00e9t\u00e9 par <a href=\"https:\/\/fr.wikipedia.org\/wiki\/Frank_Lovejoy\"><strong>Frank Lovejoy<\/strong><\/a>, com\u00e9dien plus discret mais n\u00e9anmoins rompu au genre avec plusieurs r\u00f4les de d\u00e9tective sous le borsalino. Et puis il y a le m\u00e9chant. Et un m\u00e9chant bien m\u00e9chamment m\u00e9chant. C\u2019est <a href=\"https:\/\/fr.wikipedia.org\/wiki\/William_Talman_(acteur)\"><strong>William Talman<\/strong><\/a> qui d\u00e9croche la timbale et qui endosse la d\u00e9froque de Myers le tueur. Talman n\u2019a que trois films \u00e0 son actif mais il a l\u2019aura du mec inqui\u00e9tant. La gueule de l\u2019emploi. Et le talent aussi. Sa composition dans \u00ab\u00a0<strong>Le Voyage de la peur<\/strong>\u00a0\u00bb est tout simplement saisissante.<\/p>\n<figure id=\"attachment_21891\" aria-describedby=\"caption-attachment-21891\" style=\"width: 454px\" class=\"wp-caption aligncenter\"><img data-recalc-dims=\"1\" loading=\"lazy\" decoding=\"async\" class=\" wp-image-21891\" src=\"https:\/\/i0.wp.com\/culturesco.com\/wp-content\/uploads\/2024\/03\/TELEMMGLPICT000003404413_trans_NvBQzQNjv4BqqVzuuqpFlyLIwiB6NTmJwfSVWeZ_vEN7c6bHu2jJnT8.jpeg?resize=454%2C360&#038;ssl=1\" alt=\"Ida Lupino\" width=\"454\" height=\"360\" srcset=\"https:\/\/i0.wp.com\/culturesco.com\/wp-content\/uploads\/2024\/03\/TELEMMGLPICT000003404413_trans_NvBQzQNjv4BqqVzuuqpFlyLIwiB6NTmJwfSVWeZ_vEN7c6bHu2jJnT8.jpeg?resize=300%2C238&amp;ssl=1 300w, https:\/\/i0.wp.com\/culturesco.com\/wp-content\/uploads\/2024\/03\/TELEMMGLPICT000003404413_trans_NvBQzQNjv4BqqVzuuqpFlyLIwiB6NTmJwfSVWeZ_vEN7c6bHu2jJnT8.jpeg?resize=791%2C627&amp;ssl=1 791w, https:\/\/i0.wp.com\/culturesco.com\/wp-content\/uploads\/2024\/03\/TELEMMGLPICT000003404413_trans_NvBQzQNjv4BqqVzuuqpFlyLIwiB6NTmJwfSVWeZ_vEN7c6bHu2jJnT8.jpeg?resize=768%2C609&amp;ssl=1 768w, https:\/\/i0.wp.com\/culturesco.com\/wp-content\/uploads\/2024\/03\/TELEMMGLPICT000003404413_trans_NvBQzQNjv4BqqVzuuqpFlyLIwiB6NTmJwfSVWeZ_vEN7c6bHu2jJnT8.jpeg?resize=1536%2C1218&amp;ssl=1 1536w, https:\/\/i0.wp.com\/culturesco.com\/wp-content\/uploads\/2024\/03\/TELEMMGLPICT000003404413_trans_NvBQzQNjv4BqqVzuuqpFlyLIwiB6NTmJwfSVWeZ_vEN7c6bHu2jJnT8.jpeg?resize=2048%2C1624&amp;ssl=1 2048w, https:\/\/i0.wp.com\/culturesco.com\/wp-content\/uploads\/2024\/03\/TELEMMGLPICT000003404413_trans_NvBQzQNjv4BqqVzuuqpFlyLIwiB6NTmJwfSVWeZ_vEN7c6bHu2jJnT8.jpeg?resize=696%2C552&amp;ssl=1 696w, https:\/\/i0.wp.com\/culturesco.com\/wp-content\/uploads\/2024\/03\/TELEMMGLPICT000003404413_trans_NvBQzQNjv4BqqVzuuqpFlyLIwiB6NTmJwfSVWeZ_vEN7c6bHu2jJnT8.jpeg?resize=1068%2C847&amp;ssl=1 1068w, https:\/\/i0.wp.com\/culturesco.com\/wp-content\/uploads\/2024\/03\/TELEMMGLPICT000003404413_trans_NvBQzQNjv4BqqVzuuqpFlyLIwiB6NTmJwfSVWeZ_vEN7c6bHu2jJnT8.jpeg?resize=530%2C420&amp;ssl=1 530w, https:\/\/i0.wp.com\/culturesco.com\/wp-content\/uploads\/2024\/03\/TELEMMGLPICT000003404413_trans_NvBQzQNjv4BqqVzuuqpFlyLIwiB6NTmJwfSVWeZ_vEN7c6bHu2jJnT8.jpeg?w=600&amp;ssl=1 600w, https:\/\/i0.wp.com\/culturesco.com\/wp-content\/uploads\/2024\/03\/TELEMMGLPICT000003404413_trans_NvBQzQNjv4BqqVzuuqpFlyLIwiB6NTmJwfSVWeZ_vEN7c6bHu2jJnT8.jpeg?resize=76%2C60&amp;ssl=1 76w, https:\/\/i0.wp.com\/culturesco.com\/wp-content\/uploads\/2024\/03\/TELEMMGLPICT000003404413_trans_NvBQzQNjv4BqqVzuuqpFlyLIwiB6NTmJwfSVWeZ_vEN7c6bHu2jJnT8.jpeg?resize=114%2C90&amp;ssl=1 114w\" sizes=\"auto, (max-width: 454px) 100vw, 454px\" \/><figcaption id=\"caption-attachment-21891\" class=\"wp-caption-text\">Ida Lupino dirige ses trois acteurs principaux<\/figcaption><\/figure>\n<h3>71 minutes<\/h3>\n<p style=\"text-align: justify;\">C\u2019est la dur\u00e9e du film. Avec Ida \u00e7a ne tra\u00eene pas. C\u2019est sec, tendu, intense du d\u00e9but \u00e0 la fin. Pas de gras sur une intrigue somme toute assez basique. Tout l\u2019int\u00e9r\u00eat est dans la mise en sc\u00e8ne virtuose de ce petit bijou esth\u00e9tique o\u00f9 tout concourt \u00e0 embarquer le spectateur dans un trip sensoriel et \u00e9motionnel.<\/p>\n<figure id=\"attachment_21907\" aria-describedby=\"caption-attachment-21907\" style=\"width: 345px\" class=\"wp-caption aligncenter\"><img data-recalc-dims=\"1\" loading=\"lazy\" decoding=\"async\" class=\" wp-image-21907\" src=\"https:\/\/i0.wp.com\/culturesco.com\/wp-content\/uploads\/2024\/03\/voyage_de_la_peur_100-1.jpg?resize=345%2C439&#038;ssl=1\" alt=\"Voyage de la peur\" width=\"345\" height=\"439\" srcset=\"https:\/\/i0.wp.com\/culturesco.com\/wp-content\/uploads\/2024\/03\/voyage_de_la_peur_100-1.jpg?resize=236%2C300&amp;ssl=1 236w, https:\/\/i0.wp.com\/culturesco.com\/wp-content\/uploads\/2024\/03\/voyage_de_la_peur_100-1.jpg?resize=494%2C627&amp;ssl=1 494w, https:\/\/i0.wp.com\/culturesco.com\/wp-content\/uploads\/2024\/03\/voyage_de_la_peur_100-1.jpg?resize=768%2C975&amp;ssl=1 768w, https:\/\/i0.wp.com\/culturesco.com\/wp-content\/uploads\/2024\/03\/voyage_de_la_peur_100-1.jpg?resize=696%2C884&amp;ssl=1 696w, https:\/\/i0.wp.com\/culturesco.com\/wp-content\/uploads\/2024\/03\/voyage_de_la_peur_100-1.jpg?resize=331%2C420&amp;ssl=1 331w, https:\/\/i0.wp.com\/culturesco.com\/wp-content\/uploads\/2024\/03\/voyage_de_la_peur_100-1.jpg?resize=600%2C762&amp;ssl=1 600w, https:\/\/i0.wp.com\/culturesco.com\/wp-content\/uploads\/2024\/03\/voyage_de_la_peur_100-1.jpg?resize=47%2C60&amp;ssl=1 47w, https:\/\/i0.wp.com\/culturesco.com\/wp-content\/uploads\/2024\/03\/voyage_de_la_peur_100-1.jpg?resize=71%2C90&amp;ssl=1 71w, https:\/\/i0.wp.com\/culturesco.com\/wp-content\/uploads\/2024\/03\/voyage_de_la_peur_100-1.jpg?w=472&amp;ssl=1 472w\" sizes=\"auto, (max-width: 345px) 100vw, 345px\" \/><figcaption id=\"caption-attachment-21907\" class=\"wp-caption-text\">Ida Lupino sur le tournage<\/figcaption><\/figure>\n<h3 style=\"text-align: justify;\">Tout d\u2019abord le d\u00e9cor&#8230;<\/h3>\n<p style=\"text-align: justify;\">&#8230; Original. Souvent au cin\u00e9ma les prises d\u2019otages ont pour cadre une banque ou une maison (\u00ab\u00a0<a href=\"https:\/\/fr.wikipedia.org\/wiki\/La_Maison_des_otages_(film,_1955)\"><strong>Desperate Hours<\/strong><\/a>\u00ab\u00a0, avec Bogart). Ici une modeste bagnole sera le th\u00e9\u00e2tre principal, \u00e0 tel point qu\u2019on peut presque la consid\u00e9rer comme un personnage \u00e0 part enti\u00e8re.<\/p>\n<p><img data-recalc-dims=\"1\" loading=\"lazy\" decoding=\"async\" class=\" wp-image-21894 aligncenter\" src=\"https:\/\/i0.wp.com\/culturesco.com\/wp-content\/uploads\/2024\/03\/124374.jpg?resize=456%2C333&#038;ssl=1\" alt=\"Le voyage de la peur\" width=\"456\" height=\"333\" srcset=\"https:\/\/i0.wp.com\/culturesco.com\/wp-content\/uploads\/2024\/03\/124374.jpg?resize=300%2C219&amp;ssl=1 300w, https:\/\/i0.wp.com\/culturesco.com\/wp-content\/uploads\/2024\/03\/124374.jpg?resize=858%2C627&amp;ssl=1 858w, https:\/\/i0.wp.com\/culturesco.com\/wp-content\/uploads\/2024\/03\/124374.jpg?resize=768%2C561&amp;ssl=1 768w, https:\/\/i0.wp.com\/culturesco.com\/wp-content\/uploads\/2024\/03\/124374.jpg?resize=696%2C509&amp;ssl=1 696w, https:\/\/i0.wp.com\/culturesco.com\/wp-content\/uploads\/2024\/03\/124374.jpg?resize=1068%2C780&amp;ssl=1 1068w, https:\/\/i0.wp.com\/culturesco.com\/wp-content\/uploads\/2024\/03\/124374.jpg?resize=575%2C420&amp;ssl=1 575w, https:\/\/i0.wp.com\/culturesco.com\/wp-content\/uploads\/2024\/03\/124374.jpg?w=600&amp;ssl=1 600w, https:\/\/i0.wp.com\/culturesco.com\/wp-content\/uploads\/2024\/03\/124374.jpg?resize=82%2C60&amp;ssl=1 82w, https:\/\/i0.wp.com\/culturesco.com\/wp-content\/uploads\/2024\/03\/124374.jpg?resize=123%2C90&amp;ssl=1 123w\" sizes=\"auto, (max-width: 456px) 100vw, 456px\" \/><\/p>\n<h3>C\u2019est qui ce type\u00a0?<\/h3>\n<p style=\"text-align: justify;\">Car on ne voit d\u2019abord de <strong>Myers<\/strong> que le revolver dans sa main. La cam\u00e9ra, ensuite, le cadre en dessous de la ceinture. Ses intentions ? Plut\u00f4t claires. Ne pas laisser de traces. Le d\u00e9but de l&rsquo;intrigue n&rsquo;est qu&rsquo;une succession d&rsquo;automobilistes aussit\u00f4t transform\u00e9s en viande froide et d\u00e9lest\u00e9s de leurs menue monnaie.\u00a0 Son \u00e9tat d\u2019esprit ? Aux abois ? Psychopathe au sang froid ? Myst\u00e8re myst\u00e8re\u2026<\/p>\n<p><img data-recalc-dims=\"1\" loading=\"lazy\" decoding=\"async\" class=\" wp-image-21893 aligncenter\" src=\"https:\/\/i0.wp.com\/culturesco.com\/wp-content\/uploads\/2024\/03\/124372.jpg?resize=445%2C325&#038;ssl=1\" alt=\"Le voyage de la peur\" width=\"445\" height=\"325\" srcset=\"https:\/\/i0.wp.com\/culturesco.com\/wp-content\/uploads\/2024\/03\/124372.jpg?resize=300%2C219&amp;ssl=1 300w, https:\/\/i0.wp.com\/culturesco.com\/wp-content\/uploads\/2024\/03\/124372.jpg?resize=858%2C627&amp;ssl=1 858w, https:\/\/i0.wp.com\/culturesco.com\/wp-content\/uploads\/2024\/03\/124372.jpg?resize=768%2C561&amp;ssl=1 768w, https:\/\/i0.wp.com\/culturesco.com\/wp-content\/uploads\/2024\/03\/124372.jpg?resize=696%2C509&amp;ssl=1 696w, https:\/\/i0.wp.com\/culturesco.com\/wp-content\/uploads\/2024\/03\/124372.jpg?resize=1068%2C780&amp;ssl=1 1068w, https:\/\/i0.wp.com\/culturesco.com\/wp-content\/uploads\/2024\/03\/124372.jpg?resize=575%2C420&amp;ssl=1 575w, https:\/\/i0.wp.com\/culturesco.com\/wp-content\/uploads\/2024\/03\/124372.jpg?w=600&amp;ssl=1 600w, https:\/\/i0.wp.com\/culturesco.com\/wp-content\/uploads\/2024\/03\/124372.jpg?resize=82%2C60&amp;ssl=1 82w, https:\/\/i0.wp.com\/culturesco.com\/wp-content\/uploads\/2024\/03\/124372.jpg?resize=123%2C90&amp;ssl=1 123w\" sizes=\"auto, (max-width: 445px) 100vw, 445px\" \/><\/p>\n<h3>Int\u00e9rieur<\/h3>\n<p style=\"text-align: justify;\">Myers vient de s\u2019installer sur la banquette arri\u00e8re. Dans l\u2019ombre, son visage, livide, creus\u00e9, avance soudain dans la lumi\u00e8re. Le mec \u00e0 qui on n\u2019a m\u00eame pas envie de demander du feu. Les plans serr\u00e9s et les \u00e9clairages contrast\u00e9s sur les tronches terroris\u00e9es de Roy et Gilbert installent une claustrophobie et une ambiance malsaine.<\/p>\n<p><img data-recalc-dims=\"1\" loading=\"lazy\" decoding=\"async\" class=\" wp-image-21888 aligncenter\" src=\"https:\/\/i0.wp.com\/culturesco.com\/wp-content\/uploads\/2024\/03\/image-w1280.png?resize=522%2C294&#038;ssl=1\" alt=\"Le voyage de la peur\" width=\"522\" height=\"294\" srcset=\"https:\/\/i0.wp.com\/culturesco.com\/wp-content\/uploads\/2024\/03\/image-w1280.png?resize=300%2C169&amp;ssl=1 300w, https:\/\/i0.wp.com\/culturesco.com\/wp-content\/uploads\/2024\/03\/image-w1280.png?resize=768%2C432&amp;ssl=1 768w, https:\/\/i0.wp.com\/culturesco.com\/wp-content\/uploads\/2024\/03\/image-w1280.png?resize=696%2C392&amp;ssl=1 696w, https:\/\/i0.wp.com\/culturesco.com\/wp-content\/uploads\/2024\/03\/image-w1280.png?resize=747%2C420&amp;ssl=1 747w, https:\/\/i0.wp.com\/culturesco.com\/wp-content\/uploads\/2024\/03\/image-w1280.png?w=600&amp;ssl=1 600w, https:\/\/i0.wp.com\/culturesco.com\/wp-content\/uploads\/2024\/03\/image-w1280.png?resize=107%2C60&amp;ssl=1 107w, https:\/\/i0.wp.com\/culturesco.com\/wp-content\/uploads\/2024\/03\/image-w1280.png?resize=160%2C90&amp;ssl=1 160w\" sizes=\"auto, (max-width: 522px) 100vw, 522px\" \/><\/p>\n<h3>Ext\u00e9rieur<\/h3>\n<p style=\"text-align: justify;\">Le cauchemar continue. Ils ont beau s\u2019extirper de l\u2019habitacle \u00e9troit sous le soleil \u00e9crasant maintenant haut dans le ciel, l\u2019\u00e9touffement reste le m\u00eame sous la menace du flingue du <strong>killer<\/strong>. Vous esp\u00e9riez un petit bol d\u2019air\u00a0? Faudra attendre\u2026<\/p>\n<p><img data-recalc-dims=\"1\" loading=\"lazy\" decoding=\"async\" class=\" wp-image-21895 aligncenter\" src=\"https:\/\/i0.wp.com\/culturesco.com\/wp-content\/uploads\/2024\/03\/188250-photo_the_hitchhiker_web.jpg?resize=526%2C350&#038;ssl=1\" alt=\"Le voyage de la peur\" width=\"526\" height=\"350\" srcset=\"https:\/\/i0.wp.com\/culturesco.com\/wp-content\/uploads\/2024\/03\/188250-photo_the_hitchhiker_web.jpg?resize=300%2C200&amp;ssl=1 300w, https:\/\/i0.wp.com\/culturesco.com\/wp-content\/uploads\/2024\/03\/188250-photo_the_hitchhiker_web.jpg?resize=696%2C464&amp;ssl=1 696w, https:\/\/i0.wp.com\/culturesco.com\/wp-content\/uploads\/2024\/03\/188250-photo_the_hitchhiker_web.jpg?resize=630%2C420&amp;ssl=1 630w, https:\/\/i0.wp.com\/culturesco.com\/wp-content\/uploads\/2024\/03\/188250-photo_the_hitchhiker_web.jpg?w=600&amp;ssl=1 600w, https:\/\/i0.wp.com\/culturesco.com\/wp-content\/uploads\/2024\/03\/188250-photo_the_hitchhiker_web.jpg?resize=90%2C60&amp;ssl=1 90w, https:\/\/i0.wp.com\/culturesco.com\/wp-content\/uploads\/2024\/03\/188250-photo_the_hitchhiker_web.jpg?resize=135%2C90&amp;ssl=1 135w\" sizes=\"auto, (max-width: 526px) 100vw, 526px\" \/><\/p>\n<h3>Nuit<\/h3>\n<p style=\"text-align: justify;\">La nuit arrive. Bivouac. Ida Lupino ajoute \u00e0 ce moment une caract\u00e9ristique \u00e9trange au personnage du criminel, \u00e0 la limite du fantastique. Myers dort avec un \u0153il ouvert, s\u00e9quelle probable d\u2019un mauvais traitement du temps de son enfance. D\u2019ailleurs dort-il vraiment ? Sous le regard fixe de ce cyclope, Roy et Gilbert ne savent pas \u00e0 quoi s\u2019en tenir. Tenter une \u00e9vasion ? Ou pas ? That is the question. Flippant isn\u2019t it ?<\/p>\n<p><img data-recalc-dims=\"1\" loading=\"lazy\" decoding=\"async\" class=\" wp-image-21896 aligncenter\" src=\"https:\/\/i0.wp.com\/culturesco.com\/wp-content\/uploads\/2024\/03\/hitchhikerduonight.jpg?resize=500%2C372&#038;ssl=1\" alt=\"Le voyage de la peur\" width=\"500\" height=\"372\" srcset=\"https:\/\/i0.wp.com\/culturesco.com\/wp-content\/uploads\/2024\/03\/hitchhikerduonight.jpg?resize=300%2C223&amp;ssl=1 300w, https:\/\/i0.wp.com\/culturesco.com\/wp-content\/uploads\/2024\/03\/hitchhikerduonight.jpg?resize=845%2C627&amp;ssl=1 845w, https:\/\/i0.wp.com\/culturesco.com\/wp-content\/uploads\/2024\/03\/hitchhikerduonight.jpg?resize=768%2C570&amp;ssl=1 768w, https:\/\/i0.wp.com\/culturesco.com\/wp-content\/uploads\/2024\/03\/hitchhikerduonight.jpg?resize=696%2C517&amp;ssl=1 696w, https:\/\/i0.wp.com\/culturesco.com\/wp-content\/uploads\/2024\/03\/hitchhikerduonight.jpg?resize=566%2C420&amp;ssl=1 566w, https:\/\/i0.wp.com\/culturesco.com\/wp-content\/uploads\/2024\/03\/hitchhikerduonight.jpg?resize=80%2C60&amp;ssl=1 80w, https:\/\/i0.wp.com\/culturesco.com\/wp-content\/uploads\/2024\/03\/hitchhikerduonight.jpg?resize=265%2C198&amp;ssl=1 265w, https:\/\/i0.wp.com\/culturesco.com\/wp-content\/uploads\/2024\/03\/hitchhikerduonight.jpg?w=600&amp;ssl=1 600w, https:\/\/i0.wp.com\/culturesco.com\/wp-content\/uploads\/2024\/03\/hitchhikerduonight.jpg?resize=81%2C60&amp;ssl=1 81w, https:\/\/i0.wp.com\/culturesco.com\/wp-content\/uploads\/2024\/03\/hitchhikerduonight.jpg?resize=121%2C90&amp;ssl=1 121w\" sizes=\"auto, (max-width: 500px) 100vw, 500px\" \/><\/p>\n<h3 style=\"text-align: justify;\">La situation semble inextricable&#8230;<\/h3>\n<p style=\"text-align: justify;\">&#8230; Mais petit \u00e0 petit, Les deux prisonniers vont passer de l\u2019\u00e9tat de soumission et de d\u00e9sespoir \u00e0 celui de r\u00e9volte. Pas envie de crever l\u00e0. Pas d\u00e9j\u00e0 ! Ils tenteront le tout pour le tout. Car c\u2019est la seule solution\u2026<\/p>\n<p><img data-recalc-dims=\"1\" loading=\"lazy\" decoding=\"async\" class=\" wp-image-21897 aligncenter\" src=\"https:\/\/i0.wp.com\/culturesco.com\/wp-content\/uploads\/2024\/03\/imdb2.jpg?resize=504%2C376&#038;ssl=1\" alt=\"Le voyage de la peur\" width=\"504\" height=\"376\" srcset=\"https:\/\/i0.wp.com\/culturesco.com\/wp-content\/uploads\/2024\/03\/imdb2.jpg?resize=300%2C224&amp;ssl=1 300w, https:\/\/i0.wp.com\/culturesco.com\/wp-content\/uploads\/2024\/03\/imdb2.jpg?resize=839%2C627&amp;ssl=1 839w, https:\/\/i0.wp.com\/culturesco.com\/wp-content\/uploads\/2024\/03\/imdb2.jpg?resize=768%2C574&amp;ssl=1 768w, https:\/\/i0.wp.com\/culturesco.com\/wp-content\/uploads\/2024\/03\/imdb2.jpg?resize=696%2C520&amp;ssl=1 696w, https:\/\/i0.wp.com\/culturesco.com\/wp-content\/uploads\/2024\/03\/imdb2.jpg?resize=562%2C420&amp;ssl=1 562w, https:\/\/i0.wp.com\/culturesco.com\/wp-content\/uploads\/2024\/03\/imdb2.jpg?resize=80%2C60&amp;ssl=1 80w, https:\/\/i0.wp.com\/culturesco.com\/wp-content\/uploads\/2024\/03\/imdb2.jpg?resize=265%2C198&amp;ssl=1 265w, https:\/\/i0.wp.com\/culturesco.com\/wp-content\/uploads\/2024\/03\/imdb2.jpg?w=600&amp;ssl=1 600w, https:\/\/i0.wp.com\/culturesco.com\/wp-content\/uploads\/2024\/03\/imdb2.jpg?resize=120%2C90&amp;ssl=1 120w\" sizes=\"auto, (max-width: 504px) 100vw, 504px\" \/><\/p>\n<p style=\"text-align: justify;\">\u2026 Que je ne vous narrerai point. Si vous voyez un de ces quatre cette superbe toile, \u00e7a vous g\u00e2cherait le plaisir de conna\u00eetre la fin, non\u00a0?<\/p>\n<h3>Petit \u00e9cran<\/h3>\n<p style=\"text-align: justify;\">Ida Lupino va ensuite peu \u00e0 peu d\u00e9laisser le cin\u00e9ma et amorcera une carri\u00e8re \u00e0 la t\u00e9l\u00e9vision. Elle r\u00e9alisera de nombreux \u00e9pisodes pour des s\u00e9ries comme \u00ab\u00a0<a href=\"https:\/\/fr.wikipedia.org\/wiki\/Alfred_Hitchcock_pr%C3%A9sente_(s%C3%A9rie_t%C3%A9l%C3%A9vis%C3%A9e,_1955)\"><strong>Alfred Hitchcock pr\u00e9sente<\/strong>\u00ab\u00a0<\/a>, \u00ab\u00a0<a href=\"https:\/\/fr.wikipedia.org\/wiki\/La_Quatri%C3%A8me_Dimension_(s%C3%A9rie_t%C3%A9l%C3%A9vis%C3%A9e)\"><strong>La Quatri\u00e8me dimension<\/strong><\/a>\u00a0\u00bb ou encore \u00ab\u00a0<a href=\"https:\/\/fr.wikipedia.org\/wiki\/Les_Incorruptibles_(s%C3%A9rie_t%C3%A9l%C3%A9vis%C3%A9e)\"><strong>Les Incorruptibles<\/strong><\/a>\u00ab\u00a0. Elle quitte d\u00e9finitivement les plateaux en 1995, vaincue par le crabe.<\/p>\n<h3 style=\"text-align: center;\">Le Voyage de la peur \u2013 The Hitch-Hiker<\/h3>\n<p>R\u00e9alisation\u00a0: Ida Lupino<br \/>\nSc\u00e9nario\u00a0: Robert L. Joseph, Ida Lupino, Collier Young<br \/>\nProducteur\u00a0: Collier Young<br \/>\nMusique\u00a0: Leith Stevens<br \/>\nDur\u00e9e\u00a0: 71 minutes<br \/>\nDate de sortie\u00a0: USA\u00a0: 30 mars 1953 \u2013 France\u00a0: 16 octobre 1953<\/p>\n<p>Distribution\u00a0:<\/p>\n<p>Edmond O\u2019Brien\u00a0: Roy Collins<br \/>\nFrank Lovejoy\u00a0: Gilbert Bowen<br \/>\nWilliam Talman\u00a0: Emmett Myers<br \/>\nJos\u00e9 Torvay\u00a0: le capitaine Alvarado<br \/>\nSam Hayes\u00a0: lui m\u00eame \u2013 Radio broadcaster<br \/>\nJean Del Val\u00a0: l\u2019inspecteur g\u00e9n\u00e9ral<br \/>\nClark Howat\u00a0: L\u2019agent gouvernemental<\/p>\n","protected":false},"excerpt":{"rendered":"<p>Le Voyage de la peur \u2013 La cin\u00e9aste \u00e9tait en noir Une route d\u00e9sertique. Quelque part en Californie, non loin de la fronti\u00e8re mexicaine. Une voiture, d\u2019abord petit point minuscule \u00e0 l\u2019horizon, \u00e9claire peu \u00e0 peu de ses phares le ruban du macadam. \u00c0 son bord, Roy et Gilbert. Deux vieux potes peinards qui partent [&hellip;]<\/p>\n","protected":false},"author":21,"featured_media":21909,"comment_status":"open","ping_status":"open","sticky":false,"template":"","format":"image","meta":{"jetpack_post_was_ever_published":false,"tdm_status":"","tdm_grid_status":"","_jetpack_newsletter_access":"","_jetpack_dont_email_post_to_subs":false,"_jetpack_newsletter_tier_id":0,"_jetpack_memberships_contains_paywalled_content":false,"_jetpack_memberships_contains_paid_content":false,"footnotes":""},"categories":[17,24],"tags":[54,14465],"class_list":{"0":"post-21866","1":"post","2":"type-post","3":"status-publish","4":"format-image","5":"has-post-thumbnail","7":"category-carotte-rock-cultures","8":"category-cinema","9":"tag-cinema","10":"tag-film-noir","11":"post_format-post-format-image"},"yoast_head":"<!-- This site is optimized with the Yoast SEO plugin v27.5 - https:\/\/yoast.com\/product\/yoast-seo-wordpress\/ -->\n<title>Le Voyage de la peur - La cin\u00e9aste \u00e9tait en noir - Culturesco<\/title>\n<meta name=\"description\" content=\"Le Voyage de la peur, Ida Lupino passe derri\u00e8re la cam\u00e9ra et signe le premier film noir r\u00e9alis\u00e9 par une femme.\" \/>\n<meta name=\"robots\" content=\"index, follow, max-snippet:-1, max-image-preview:large, max-video-preview:-1\" \/>\n<link rel=\"canonical\" href=\"https:\/\/culturesco.com\/index.php\/2024\/03\/06\/le-voyage-de-la-peur-la-cineaste-etait-en-noir\/\" \/>\n<meta property=\"og:locale\" content=\"fr_FR\" \/>\n<meta property=\"og:type\" content=\"article\" \/>\n<meta property=\"og:title\" content=\"Le Voyage de la peur - La cin\u00e9aste \u00e9tait en noir - Culturesco\" \/>\n<meta property=\"og:description\" content=\"Le Voyage de la peur, Ida Lupino passe derri\u00e8re la cam\u00e9ra et signe le premier film noir r\u00e9alis\u00e9 par une femme.\" \/>\n<meta property=\"og:url\" content=\"https:\/\/culturesco.com\/index.php\/2024\/03\/06\/le-voyage-de-la-peur-la-cineaste-etait-en-noir\/\" \/>\n<meta property=\"og:site_name\" content=\"Culturesco\" \/>\n<meta property=\"article:publisher\" content=\"https:\/\/www.facebook.com\/radioculturesco\" \/>\n<meta property=\"article:published_time\" content=\"2024-03-06T17:26:28+00:00\" \/>\n<meta property=\"article:modified_time\" content=\"2024-03-06T17:35:29+00:00\" \/>\n<meta property=\"og:image\" content=\"https:\/\/culturesco.com\/wp-content\/uploads\/2024\/03\/Ida-LUPINO-600-X-314.jpeg\" \/>\n\t<meta property=\"og:image:width\" content=\"600\" \/>\n\t<meta property=\"og:image:height\" content=\"314\" \/>\n\t<meta property=\"og:image:type\" content=\"image\/jpeg\" \/>\n<meta name=\"author\" content=\"POUP\" \/>\n<meta name=\"twitter:card\" content=\"summary_large_image\" \/>\n<meta name=\"twitter:creator\" content=\"@AugusteMarshal\" \/>\n<meta name=\"twitter:site\" content=\"@AugusteMarshal\" \/>\n<meta name=\"twitter:label1\" content=\"\u00c9crit par\" \/>\n\t<meta name=\"twitter:data1\" content=\"POUP\" \/>\n\t<meta name=\"twitter:label2\" content=\"Dur\u00e9e de lecture estim\u00e9e\" \/>\n\t<meta name=\"twitter:data2\" content=\"13 minutes\" \/>\n<script type=\"application\/ld+json\" class=\"yoast-schema-graph\">{\"@context\":\"https:\\\/\\\/schema.org\",\"@graph\":[{\"@type\":\"Article\",\"@id\":\"https:\\\/\\\/culturesco.com\\\/index.php\\\/2024\\\/03\\\/06\\\/le-voyage-de-la-peur-la-cineaste-etait-en-noir\\\/#article\",\"isPartOf\":{\"@id\":\"https:\\\/\\\/culturesco.com\\\/index.php\\\/2024\\\/03\\\/06\\\/le-voyage-de-la-peur-la-cineaste-etait-en-noir\\\/\"},\"author\":{\"name\":\"POUP\",\"@id\":\"https:\\\/\\\/culturesco.com\\\/#\\\/schema\\\/person\\\/141a9f2445bccecf38edf04e7689ca59\"},\"headline\":\"Le Voyage de la peur &#8211; La cin\u00e9aste \u00e9tait en noir\",\"datePublished\":\"2024-03-06T17:26:28+00:00\",\"dateModified\":\"2024-03-06T17:35:29+00:00\",\"mainEntityOfPage\":{\"@id\":\"https:\\\/\\\/culturesco.com\\\/index.php\\\/2024\\\/03\\\/06\\\/le-voyage-de-la-peur-la-cineaste-etait-en-noir\\\/\"},\"wordCount\":1864,\"commentCount\":0,\"publisher\":{\"@id\":\"https:\\\/\\\/culturesco.com\\\/#organization\"},\"image\":{\"@id\":\"https:\\\/\\\/culturesco.com\\\/index.php\\\/2024\\\/03\\\/06\\\/le-voyage-de-la-peur-la-cineaste-etait-en-noir\\\/#primaryimage\"},\"thumbnailUrl\":\"https:\\\/\\\/i0.wp.com\\\/culturesco.com\\\/wp-content\\\/uploads\\\/2024\\\/03\\\/Ida-LUPINO-600-X-314.jpeg?fit=600%2C314&ssl=1\",\"keywords\":[\"cin\u00e9ma\",\"Film Noir\"],\"articleSection\":[\"Carotte Rock Cultures\",\"Cin\u00e9ma\"],\"inLanguage\":\"fr-FR\",\"potentialAction\":[{\"@type\":\"CommentAction\",\"name\":\"Comment\",\"target\":[\"https:\\\/\\\/culturesco.com\\\/index.php\\\/2024\\\/03\\\/06\\\/le-voyage-de-la-peur-la-cineaste-etait-en-noir\\\/#respond\"]}]},{\"@type\":\"WebPage\",\"@id\":\"https:\\\/\\\/culturesco.com\\\/index.php\\\/2024\\\/03\\\/06\\\/le-voyage-de-la-peur-la-cineaste-etait-en-noir\\\/\",\"url\":\"https:\\\/\\\/culturesco.com\\\/index.php\\\/2024\\\/03\\\/06\\\/le-voyage-de-la-peur-la-cineaste-etait-en-noir\\\/\",\"name\":\"Le Voyage de la peur - La cin\u00e9aste \u00e9tait en noir - Culturesco\",\"isPartOf\":{\"@id\":\"https:\\\/\\\/culturesco.com\\\/#website\"},\"primaryImageOfPage\":{\"@id\":\"https:\\\/\\\/culturesco.com\\\/index.php\\\/2024\\\/03\\\/06\\\/le-voyage-de-la-peur-la-cineaste-etait-en-noir\\\/#primaryimage\"},\"image\":{\"@id\":\"https:\\\/\\\/culturesco.com\\\/index.php\\\/2024\\\/03\\\/06\\\/le-voyage-de-la-peur-la-cineaste-etait-en-noir\\\/#primaryimage\"},\"thumbnailUrl\":\"https:\\\/\\\/i0.wp.com\\\/culturesco.com\\\/wp-content\\\/uploads\\\/2024\\\/03\\\/Ida-LUPINO-600-X-314.jpeg?fit=600%2C314&ssl=1\",\"datePublished\":\"2024-03-06T17:26:28+00:00\",\"dateModified\":\"2024-03-06T17:35:29+00:00\",\"description\":\"Le Voyage de la peur, Ida Lupino passe derri\u00e8re la cam\u00e9ra et signe le premier film noir r\u00e9alis\u00e9 par une femme.\",\"breadcrumb\":{\"@id\":\"https:\\\/\\\/culturesco.com\\\/index.php\\\/2024\\\/03\\\/06\\\/le-voyage-de-la-peur-la-cineaste-etait-en-noir\\\/#breadcrumb\"},\"inLanguage\":\"fr-FR\",\"potentialAction\":[{\"@type\":\"ReadAction\",\"target\":[\"https:\\\/\\\/culturesco.com\\\/index.php\\\/2024\\\/03\\\/06\\\/le-voyage-de-la-peur-la-cineaste-etait-en-noir\\\/\"]}]},{\"@type\":\"ImageObject\",\"inLanguage\":\"fr-FR\",\"@id\":\"https:\\\/\\\/culturesco.com\\\/index.php\\\/2024\\\/03\\\/06\\\/le-voyage-de-la-peur-la-cineaste-etait-en-noir\\\/#primaryimage\",\"url\":\"https:\\\/\\\/i0.wp.com\\\/culturesco.com\\\/wp-content\\\/uploads\\\/2024\\\/03\\\/Ida-LUPINO-600-X-314.jpeg?fit=600%2C314&ssl=1\",\"contentUrl\":\"https:\\\/\\\/i0.wp.com\\\/culturesco.com\\\/wp-content\\\/uploads\\\/2024\\\/03\\\/Ida-LUPINO-600-X-314.jpeg?fit=600%2C314&ssl=1\",\"width\":600,\"height\":314,\"caption\":\"Ida Lupino\"},{\"@type\":\"BreadcrumbList\",\"@id\":\"https:\\\/\\\/culturesco.com\\\/index.php\\\/2024\\\/03\\\/06\\\/le-voyage-de-la-peur-la-cineaste-etait-en-noir\\\/#breadcrumb\",\"itemListElement\":[{\"@type\":\"ListItem\",\"position\":1,\"name\":\"Accueil\",\"item\":\"https:\\\/\\\/culturesco.com\\\/\"},{\"@type\":\"ListItem\",\"position\":2,\"name\":\"Le Voyage de la peur &#8211; La cin\u00e9aste \u00e9tait en noir\"}]},{\"@type\":\"WebSite\",\"@id\":\"https:\\\/\\\/culturesco.com\\\/#website\",\"url\":\"https:\\\/\\\/culturesco.com\\\/\",\"name\":\"Culturesco\",\"description\":\"Culturesco | Un bon coup de pied dans ta Culture\",\"publisher\":{\"@id\":\"https:\\\/\\\/culturesco.com\\\/#organization\"},\"potentialAction\":[{\"@type\":\"SearchAction\",\"target\":{\"@type\":\"EntryPoint\",\"urlTemplate\":\"https:\\\/\\\/culturesco.com\\\/?s={search_term_string}\"},\"query-input\":{\"@type\":\"PropertyValueSpecification\",\"valueRequired\":true,\"valueName\":\"search_term_string\"}}],\"inLanguage\":\"fr-FR\"},{\"@type\":\"Organization\",\"@id\":\"https:\\\/\\\/culturesco.com\\\/#organization\",\"name\":\"CULTURESCO\",\"url\":\"https:\\\/\\\/culturesco.com\\\/\",\"logo\":{\"@type\":\"ImageObject\",\"inLanguage\":\"fr-FR\",\"@id\":\"https:\\\/\\\/culturesco.com\\\/#\\\/schema\\\/logo\\\/image\\\/\",\"url\":\"https:\\\/\\\/i0.wp.com\\\/culturesco.com\\\/wp-content\\\/uploads\\\/2022\\\/04\\\/culturesco-logo-blanc250p.png?fit=250%2C250&ssl=1\",\"contentUrl\":\"https:\\\/\\\/i0.wp.com\\\/culturesco.com\\\/wp-content\\\/uploads\\\/2022\\\/04\\\/culturesco-logo-blanc250p.png?fit=250%2C250&ssl=1\",\"width\":250,\"height\":250,\"caption\":\"CULTURESCO\"},\"image\":{\"@id\":\"https:\\\/\\\/culturesco.com\\\/#\\\/schema\\\/logo\\\/image\\\/\"},\"sameAs\":[\"https:\\\/\\\/www.facebook.com\\\/radioculturesco\",\"https:\\\/\\\/x.com\\\/AugusteMarshal\",\"https:\\\/\\\/www.instagram.com\\\/carotte_rock_culture\\\/\",\"https:\\\/\\\/www.pinterest.fr\\\/augustemarshal\\\/\",\"https:\\\/\\\/www.youtube.com\\\/channel\\\/UCiWLGffqWSXlNnfzp6YwwyQ\"]},{\"@type\":\"Person\",\"@id\":\"https:\\\/\\\/culturesco.com\\\/#\\\/schema\\\/person\\\/141a9f2445bccecf38edf04e7689ca59\",\"name\":\"POUP\",\"image\":{\"@type\":\"ImageObject\",\"inLanguage\":\"fr-FR\",\"@id\":\"https:\\\/\\\/i0.wp.com\\\/culturesco.com\\\/wp-content\\\/uploads\\\/2021\\\/12\\\/CROOKED-HOUSE-BLUES-7.jpg?fit=96%2C71&ssl=1\",\"url\":\"https:\\\/\\\/i0.wp.com\\\/culturesco.com\\\/wp-content\\\/uploads\\\/2021\\\/12\\\/CROOKED-HOUSE-BLUES-7.jpg?fit=96%2C71&ssl=1\",\"contentUrl\":\"https:\\\/\\\/i0.wp.com\\\/culturesco.com\\\/wp-content\\\/uploads\\\/2021\\\/12\\\/CROOKED-HOUSE-BLUES-7.jpg?fit=96%2C71&ssl=1\",\"caption\":\"POUP\"},\"description\":\"Laurent Poupinais, alias Poup. Diverses aventures dans le monde du fanzine (Nestor Mag, La Chronique Du Vermifuge), dans le Rock Punk\\\/Garage (Les Ambulances, Mystery Machine, Traffic Drone) en tant que batteur. Dessinateur addict au noir et blanc qui r\u00e9alise des illustrations pour des fanzines (Rock Hardi , Cafzic) mais aussi des visuels pour des groupes (pochette de disque, T-shirt, affiche, flyers et toutes ces sortes de choses).\",\"url\":\"https:\\\/\\\/culturesco.com\\\/index.php\\\/author\\\/poup\\\/\"}]}<\/script>\n<!-- \/ Yoast SEO plugin. -->","yoast_head_json":{"title":"Le Voyage de la peur - La cin\u00e9aste \u00e9tait en noir - Culturesco","description":"Le Voyage de la peur, Ida Lupino passe derri\u00e8re la cam\u00e9ra et signe le premier film noir r\u00e9alis\u00e9 par une femme.","robots":{"index":"index","follow":"follow","max-snippet":"max-snippet:-1","max-image-preview":"max-image-preview:large","max-video-preview":"max-video-preview:-1"},"canonical":"https:\/\/culturesco.com\/index.php\/2024\/03\/06\/le-voyage-de-la-peur-la-cineaste-etait-en-noir\/","og_locale":"fr_FR","og_type":"article","og_title":"Le Voyage de la peur - La cin\u00e9aste \u00e9tait en noir - Culturesco","og_description":"Le Voyage de la peur, Ida Lupino passe derri\u00e8re la cam\u00e9ra et signe le premier film noir r\u00e9alis\u00e9 par une femme.","og_url":"https:\/\/culturesco.com\/index.php\/2024\/03\/06\/le-voyage-de-la-peur-la-cineaste-etait-en-noir\/","og_site_name":"Culturesco","article_publisher":"https:\/\/www.facebook.com\/radioculturesco","article_published_time":"2024-03-06T17:26:28+00:00","article_modified_time":"2024-03-06T17:35:29+00:00","og_image":[{"width":600,"height":314,"url":"https:\/\/culturesco.com\/wp-content\/uploads\/2024\/03\/Ida-LUPINO-600-X-314.jpeg","type":"image\/jpeg"}],"author":"POUP","twitter_card":"summary_large_image","twitter_creator":"@AugusteMarshal","twitter_site":"@AugusteMarshal","twitter_misc":{"\u00c9crit par":"POUP","Dur\u00e9e de lecture estim\u00e9e":"13 minutes"},"schema":{"@context":"https:\/\/schema.org","@graph":[{"@type":"Article","@id":"https:\/\/culturesco.com\/index.php\/2024\/03\/06\/le-voyage-de-la-peur-la-cineaste-etait-en-noir\/#article","isPartOf":{"@id":"https:\/\/culturesco.com\/index.php\/2024\/03\/06\/le-voyage-de-la-peur-la-cineaste-etait-en-noir\/"},"author":{"name":"POUP","@id":"https:\/\/culturesco.com\/#\/schema\/person\/141a9f2445bccecf38edf04e7689ca59"},"headline":"Le Voyage de la peur &#8211; La cin\u00e9aste \u00e9tait en noir","datePublished":"2024-03-06T17:26:28+00:00","dateModified":"2024-03-06T17:35:29+00:00","mainEntityOfPage":{"@id":"https:\/\/culturesco.com\/index.php\/2024\/03\/06\/le-voyage-de-la-peur-la-cineaste-etait-en-noir\/"},"wordCount":1864,"commentCount":0,"publisher":{"@id":"https:\/\/culturesco.com\/#organization"},"image":{"@id":"https:\/\/culturesco.com\/index.php\/2024\/03\/06\/le-voyage-de-la-peur-la-cineaste-etait-en-noir\/#primaryimage"},"thumbnailUrl":"https:\/\/i0.wp.com\/culturesco.com\/wp-content\/uploads\/2024\/03\/Ida-LUPINO-600-X-314.jpeg?fit=600%2C314&ssl=1","keywords":["cin\u00e9ma","Film Noir"],"articleSection":["Carotte Rock Cultures","Cin\u00e9ma"],"inLanguage":"fr-FR","potentialAction":[{"@type":"CommentAction","name":"Comment","target":["https:\/\/culturesco.com\/index.php\/2024\/03\/06\/le-voyage-de-la-peur-la-cineaste-etait-en-noir\/#respond"]}]},{"@type":"WebPage","@id":"https:\/\/culturesco.com\/index.php\/2024\/03\/06\/le-voyage-de-la-peur-la-cineaste-etait-en-noir\/","url":"https:\/\/culturesco.com\/index.php\/2024\/03\/06\/le-voyage-de-la-peur-la-cineaste-etait-en-noir\/","name":"Le Voyage de la peur - La cin\u00e9aste \u00e9tait en noir - Culturesco","isPartOf":{"@id":"https:\/\/culturesco.com\/#website"},"primaryImageOfPage":{"@id":"https:\/\/culturesco.com\/index.php\/2024\/03\/06\/le-voyage-de-la-peur-la-cineaste-etait-en-noir\/#primaryimage"},"image":{"@id":"https:\/\/culturesco.com\/index.php\/2024\/03\/06\/le-voyage-de-la-peur-la-cineaste-etait-en-noir\/#primaryimage"},"thumbnailUrl":"https:\/\/i0.wp.com\/culturesco.com\/wp-content\/uploads\/2024\/03\/Ida-LUPINO-600-X-314.jpeg?fit=600%2C314&ssl=1","datePublished":"2024-03-06T17:26:28+00:00","dateModified":"2024-03-06T17:35:29+00:00","description":"Le Voyage de la peur, Ida Lupino passe derri\u00e8re la cam\u00e9ra et signe le premier film noir r\u00e9alis\u00e9 par une femme.","breadcrumb":{"@id":"https:\/\/culturesco.com\/index.php\/2024\/03\/06\/le-voyage-de-la-peur-la-cineaste-etait-en-noir\/#breadcrumb"},"inLanguage":"fr-FR","potentialAction":[{"@type":"ReadAction","target":["https:\/\/culturesco.com\/index.php\/2024\/03\/06\/le-voyage-de-la-peur-la-cineaste-etait-en-noir\/"]}]},{"@type":"ImageObject","inLanguage":"fr-FR","@id":"https:\/\/culturesco.com\/index.php\/2024\/03\/06\/le-voyage-de-la-peur-la-cineaste-etait-en-noir\/#primaryimage","url":"https:\/\/i0.wp.com\/culturesco.com\/wp-content\/uploads\/2024\/03\/Ida-LUPINO-600-X-314.jpeg?fit=600%2C314&ssl=1","contentUrl":"https:\/\/i0.wp.com\/culturesco.com\/wp-content\/uploads\/2024\/03\/Ida-LUPINO-600-X-314.jpeg?fit=600%2C314&ssl=1","width":600,"height":314,"caption":"Ida Lupino"},{"@type":"BreadcrumbList","@id":"https:\/\/culturesco.com\/index.php\/2024\/03\/06\/le-voyage-de-la-peur-la-cineaste-etait-en-noir\/#breadcrumb","itemListElement":[{"@type":"ListItem","position":1,"name":"Accueil","item":"https:\/\/culturesco.com\/"},{"@type":"ListItem","position":2,"name":"Le Voyage de la peur &#8211; La cin\u00e9aste \u00e9tait en noir"}]},{"@type":"WebSite","@id":"https:\/\/culturesco.com\/#website","url":"https:\/\/culturesco.com\/","name":"Culturesco","description":"Culturesco | Un bon coup de pied dans ta Culture","publisher":{"@id":"https:\/\/culturesco.com\/#organization"},"potentialAction":[{"@type":"SearchAction","target":{"@type":"EntryPoint","urlTemplate":"https:\/\/culturesco.com\/?s={search_term_string}"},"query-input":{"@type":"PropertyValueSpecification","valueRequired":true,"valueName":"search_term_string"}}],"inLanguage":"fr-FR"},{"@type":"Organization","@id":"https:\/\/culturesco.com\/#organization","name":"CULTURESCO","url":"https:\/\/culturesco.com\/","logo":{"@type":"ImageObject","inLanguage":"fr-FR","@id":"https:\/\/culturesco.com\/#\/schema\/logo\/image\/","url":"https:\/\/i0.wp.com\/culturesco.com\/wp-content\/uploads\/2022\/04\/culturesco-logo-blanc250p.png?fit=250%2C250&ssl=1","contentUrl":"https:\/\/i0.wp.com\/culturesco.com\/wp-content\/uploads\/2022\/04\/culturesco-logo-blanc250p.png?fit=250%2C250&ssl=1","width":250,"height":250,"caption":"CULTURESCO"},"image":{"@id":"https:\/\/culturesco.com\/#\/schema\/logo\/image\/"},"sameAs":["https:\/\/www.facebook.com\/radioculturesco","https:\/\/x.com\/AugusteMarshal","https:\/\/www.instagram.com\/carotte_rock_culture\/","https:\/\/www.pinterest.fr\/augustemarshal\/","https:\/\/www.youtube.com\/channel\/UCiWLGffqWSXlNnfzp6YwwyQ"]},{"@type":"Person","@id":"https:\/\/culturesco.com\/#\/schema\/person\/141a9f2445bccecf38edf04e7689ca59","name":"POUP","image":{"@type":"ImageObject","inLanguage":"fr-FR","@id":"https:\/\/i0.wp.com\/culturesco.com\/wp-content\/uploads\/2021\/12\/CROOKED-HOUSE-BLUES-7.jpg?fit=96%2C71&ssl=1","url":"https:\/\/i0.wp.com\/culturesco.com\/wp-content\/uploads\/2021\/12\/CROOKED-HOUSE-BLUES-7.jpg?fit=96%2C71&ssl=1","contentUrl":"https:\/\/i0.wp.com\/culturesco.com\/wp-content\/uploads\/2021\/12\/CROOKED-HOUSE-BLUES-7.jpg?fit=96%2C71&ssl=1","caption":"POUP"},"description":"Laurent Poupinais, alias Poup. Diverses aventures dans le monde du fanzine (Nestor Mag, La Chronique Du Vermifuge), dans le Rock Punk\/Garage (Les Ambulances, Mystery Machine, Traffic Drone) en tant que batteur. Dessinateur addict au noir et blanc qui r\u00e9alise des illustrations pour des fanzines (Rock Hardi , Cafzic) mais aussi des visuels pour des groupes (pochette de disque, T-shirt, affiche, flyers et toutes ces sortes de choses).","url":"https:\/\/culturesco.com\/index.php\/author\/poup\/"}]}},"jetpack_featured_media_url":"https:\/\/i0.wp.com\/culturesco.com\/wp-content\/uploads\/2024\/03\/Ida-LUPINO-600-X-314.jpeg?fit=600%2C314&ssl=1","jetpack_likes_enabled":true,"jetpack_sharing_enabled":true,"jetpack_shortlink":"https:\/\/wp.me\/paz89I-5GG","_links":{"self":[{"href":"https:\/\/culturesco.com\/index.php\/wp-json\/wp\/v2\/posts\/21866","targetHints":{"allow":["GET"]}}],"collection":[{"href":"https:\/\/culturesco.com\/index.php\/wp-json\/wp\/v2\/posts"}],"about":[{"href":"https:\/\/culturesco.com\/index.php\/wp-json\/wp\/v2\/types\/post"}],"author":[{"embeddable":true,"href":"https:\/\/culturesco.com\/index.php\/wp-json\/wp\/v2\/users\/21"}],"replies":[{"embeddable":true,"href":"https:\/\/culturesco.com\/index.php\/wp-json\/wp\/v2\/comments?post=21866"}],"version-history":[{"count":0,"href":"https:\/\/culturesco.com\/index.php\/wp-json\/wp\/v2\/posts\/21866\/revisions"}],"wp:featuredmedia":[{"embeddable":true,"href":"https:\/\/culturesco.com\/index.php\/wp-json\/wp\/v2\/media\/21909"}],"wp:attachment":[{"href":"https:\/\/culturesco.com\/index.php\/wp-json\/wp\/v2\/media?parent=21866"}],"wp:term":[{"taxonomy":"category","embeddable":true,"href":"https:\/\/culturesco.com\/index.php\/wp-json\/wp\/v2\/categories?post=21866"},{"taxonomy":"post_tag","embeddable":true,"href":"https:\/\/culturesco.com\/index.php\/wp-json\/wp\/v2\/tags?post=21866"}],"curies":[{"name":"wp","href":"https:\/\/api.w.org\/{rel}","templated":true}]}}