{"id":21624,"date":"2024-01-30T20:19:41","date_gmt":"2024-01-30T19:19:41","guid":{"rendered":"https:\/\/culturesco.com\/?p=21624"},"modified":"2024-06-26T17:21:28","modified_gmt":"2024-06-26T15:21:28","slug":"interview-the-twin-souls","status":"publish","type":"post","link":"https:\/\/culturesco.com\/index.php\/2024\/01\/30\/interview-the-twin-souls\/","title":{"rendered":"[INTERVIEW] The Twin Souls : \u00ab\u00a0Beaucoup de choses se sont pass\u00e9es en 5 ans.\u00a0\u00bb"},"content":{"rendered":"<h2 style=\"text-align: justify\">\u00ab\u00a0Le duo a m\u00fbri et nous sommes aujourd&rsquo;hui assez loin de ce que nous \u00e9tions \u00e0 nos d\u00e9buts.\u00a0\u00bb<\/h2>\n<p style=\"text-align: justify\">A l\u2019\u00e9tranger vous avez des groupes comme les <a href=\"https:\/\/en.wikipedia.org\/wiki\/The_White_Stripes\">White Stripes<\/a>, <a href=\"https:\/\/en.wikipedia.org\/wiki\/Royal_Blood_(band)\">Royal Blood<\/a>, <a href=\"https:\/\/en.wikipedia.org\/wiki\/Greta_Van_Fleet\">Greta Van Fleet<\/a>, <a href=\"https:\/\/en.wikipedia.org\/wiki\/The_Black_Keys\">The Black Keys<\/a> dans les cat\u00e9gories duos et fratries qui m\u00e9langent rock 70\u2019s et garage \u00e0 la perfection. Et chez nous en France, nous avons les <a href=\"https:\/\/www.ko-ko-mo.com\/\">Ko Ko Mo<\/a>, <a href=\"https:\/\/nomoneykids.com\/\">No Money Kids<\/a>, <a href=\"https:\/\/www.mowno.com\/articles\/interviews\/th-da-freak-thoineau-simple-freak\/\">Th Da Freaks<\/a>, <a href=\"https:\/\/www.rocknfolk.com\/news\/exclu-siz-completement-zombifie-dans-le-clip-dilluminated\/344705\">Siz<\/a>, <a href=\"https:\/\/www.mowno.com\/news\/infos\/slift-rejoint-sub-pop-pour-la-sortie-de-son-nouvel-album\/\">Slift<\/a> qui n\u2019ont rien \u00e0 envier \u00e0 leurs confr\u00e8res \u00e9trangers et r\u00e9ussissent \u00e0 m\u00e9langer les genres avec un talent certain et une originalit\u00e9 hors du commun. Les fr\u00e8res Marcos plus connus sous le nom de <a href=\"https:\/\/www.rollingstone.fr\/the-twin-souls-all-for-you\/\">The Twin Souls<\/a> cochent toutes les cases car en plus d\u2019\u00eatre un duo, ils sont fr\u00e8res et prouvent avec brio que le rock made in France est loin d\u2019\u00eatre mort avec la sortie de leur premier opus hautement r\u00e9ussi, r\u00e9unissant leurs 2 premiers ep\u2019s sortis en 2019 et 2020 avec en bonus plusieurs collaborations in\u00e9dites avec les <a href=\"https:\/\/www.datchamandala.net\/\">D\u00e4tcha Mandala<\/a>, <a href=\"https:\/\/alias-production.fr\/artistes\/yarol\/\">Yarol Poupaud<\/a>, <a href=\"https:\/\/www.guitarpart.fr\/articles\/open-mic-gunnar-ellwanger-gunwood\">Gunnar Ellwanger<\/a> et leur p\u00e8re <strong>Tonio Marcos<\/strong>. Rencontre avec <strong>Martin<\/strong> et <strong>Guilhem<\/strong> pour en apprendre un peu plus sur cette premi\u00e8re galette! Sortie pr\u00e9vue le vendredi 9 f\u00e9vrier chez <a href=\"https:\/\/archipelmusic.com\/\">Archipel Records<\/a>.<\/p>\n<figure id=\"attachment_21628\" aria-describedby=\"caption-attachment-21628\" style=\"width: 444px\" class=\"wp-caption aligncenter\"><img data-recalc-dims=\"1\" loading=\"lazy\" decoding=\"async\" class=\"wp-image-21628 \" src=\"https:\/\/i0.wp.com\/culturesco.com\/wp-content\/uploads\/2024\/01\/original-BA115C1F-A478-4455-AAD6-3EBBAC043EFF.jpeg?resize=444%2C433&#038;ssl=1\" alt=\"The Twin Souls\" width=\"444\" height=\"433\" srcset=\"https:\/\/i0.wp.com\/culturesco.com\/wp-content\/uploads\/2024\/01\/original-BA115C1F-A478-4455-AAD6-3EBBAC043EFF.jpeg?resize=300%2C293&amp;ssl=1 300w, https:\/\/i0.wp.com\/culturesco.com\/wp-content\/uploads\/2024\/01\/original-BA115C1F-A478-4455-AAD6-3EBBAC043EFF.jpeg?resize=642%2C627&amp;ssl=1 642w, https:\/\/i0.wp.com\/culturesco.com\/wp-content\/uploads\/2024\/01\/original-BA115C1F-A478-4455-AAD6-3EBBAC043EFF.jpeg?resize=768%2C750&amp;ssl=1 768w, https:\/\/i0.wp.com\/culturesco.com\/wp-content\/uploads\/2024\/01\/original-BA115C1F-A478-4455-AAD6-3EBBAC043EFF.jpeg?resize=696%2C680&amp;ssl=1 696w, https:\/\/i0.wp.com\/culturesco.com\/wp-content\/uploads\/2024\/01\/original-BA115C1F-A478-4455-AAD6-3EBBAC043EFF.jpeg?resize=1068%2C1043&amp;ssl=1 1068w, https:\/\/i0.wp.com\/culturesco.com\/wp-content\/uploads\/2024\/01\/original-BA115C1F-A478-4455-AAD6-3EBBAC043EFF.jpeg?resize=430%2C420&amp;ssl=1 430w, https:\/\/i0.wp.com\/culturesco.com\/wp-content\/uploads\/2024\/01\/original-BA115C1F-A478-4455-AAD6-3EBBAC043EFF.jpeg?w=600&amp;ssl=1 600w, https:\/\/i0.wp.com\/culturesco.com\/wp-content\/uploads\/2024\/01\/original-BA115C1F-A478-4455-AAD6-3EBBAC043EFF.jpeg?resize=50%2C50&amp;ssl=1 50w, https:\/\/i0.wp.com\/culturesco.com\/wp-content\/uploads\/2024\/01\/original-BA115C1F-A478-4455-AAD6-3EBBAC043EFF.jpeg?resize=61%2C60&amp;ssl=1 61w, https:\/\/i0.wp.com\/culturesco.com\/wp-content\/uploads\/2024\/01\/original-BA115C1F-A478-4455-AAD6-3EBBAC043EFF.jpeg?resize=92%2C90&amp;ssl=1 92w\" sizes=\"auto, (max-width: 444px) 100vw, 444px\" \/><figcaption id=\"caption-attachment-21628\" class=\"wp-caption-text\">Guilhem et Martin par Gabbie Burns.<span style=\"color: #222222;font-size: 15px\">\u00a0<\/span><\/figcaption><\/figure>\n<h3 style=\"text-align: justify\">Pourquoi avez-vous choisi de faire un premier album en r\u00e9unissant vos 2 premiers ep\u2019s et plusieurs titres in\u00e9dits en collaboration avec d\u2019autres artistes ?<\/h3>\n<p style=\"text-align: justify\"><em><strong>On ne consid\u00e8re pas ce vinyle \u00ab\u00a0Collection\u00a0\u00bb comme notre premier album<\/strong>. En effet, nous avons d\u00e9cid\u00e9 de r\u00e9unir nos deux ep&rsquo;s et plusieurs titres en collaboration pour immortaliser cette 1\u00e8re collection de titres sur vinyle.<\/em><br \/>\n<em>En parall\u00e8le, <strong>nous travaillons actuellement sur notre premier album<\/strong>. Celui-ci sera compos\u00e9 de dix titres in\u00e9dits et sortira plus tard dans l&rsquo;ann\u00e9e. Mais en attendant, \u00ab\u00a0<strong>Family &amp; Friends<\/strong>\u00a0\u00bb est l\u00e0 pour rendre hommage \u00e0 tout ce que l&rsquo;on a fait jusqu&rsquo;\u00e0 pr\u00e9sent et vous faire patienter\u00a0jusqu&rsquo;\u00e0 la sortie des prochains nouveaux singles.<\/em><\/p>\n<h3 style=\"text-align: justify\">Est-ce une fa\u00e7on de boucler un premier chapitre dans l\u2019histoire du groupe ?<\/h3>\n<p style=\"text-align: justify\"><em><strong>C&rsquo;est en effet une fa\u00e7on de tourner une page pour nous<\/strong>, celle de la premi\u00e8re partie des <strong>Twin\u00a0Souls<\/strong>. Et c\u2019est \u00e9galement l\u2019occasion de remercier toutes les personnes qui nous ont soutenus depuis le d\u00e9but du groupe et de r\u00e9pondre \u00e0 la demande de notre communaut\u00e9 qui s&rsquo;impatientait\u00a0de voir nos chansons grav\u00e9es sur ce beau format qu&rsquo;est le vinyle.<\/em><\/p>\n<figure id=\"attachment_21629\" aria-describedby=\"caption-attachment-21629\" style=\"width: 504px\" class=\"wp-caption aligncenter\"><img data-recalc-dims=\"1\" loading=\"lazy\" decoding=\"async\" class=\" wp-image-21629\" src=\"https:\/\/i0.wp.com\/culturesco.com\/wp-content\/uploads\/2024\/01\/original-F2B8221F-473F-4A3F-BC62-3330CC8BE131.jpeg?resize=504%2C350&#038;ssl=1\" alt=\"The Twin Souls interview\" width=\"504\" height=\"350\" srcset=\"https:\/\/i0.wp.com\/culturesco.com\/wp-content\/uploads\/2024\/01\/original-F2B8221F-473F-4A3F-BC62-3330CC8BE131.jpeg?resize=300%2C208&amp;ssl=1 300w, https:\/\/i0.wp.com\/culturesco.com\/wp-content\/uploads\/2024\/01\/original-F2B8221F-473F-4A3F-BC62-3330CC8BE131.jpeg?resize=906%2C627&amp;ssl=1 906w, https:\/\/i0.wp.com\/culturesco.com\/wp-content\/uploads\/2024\/01\/original-F2B8221F-473F-4A3F-BC62-3330CC8BE131.jpeg?resize=768%2C532&amp;ssl=1 768w, https:\/\/i0.wp.com\/culturesco.com\/wp-content\/uploads\/2024\/01\/original-F2B8221F-473F-4A3F-BC62-3330CC8BE131.jpeg?resize=218%2C150&amp;ssl=1 218w, https:\/\/i0.wp.com\/culturesco.com\/wp-content\/uploads\/2024\/01\/original-F2B8221F-473F-4A3F-BC62-3330CC8BE131.jpeg?resize=696%2C482&amp;ssl=1 696w, https:\/\/i0.wp.com\/culturesco.com\/wp-content\/uploads\/2024\/01\/original-F2B8221F-473F-4A3F-BC62-3330CC8BE131.jpeg?resize=607%2C420&amp;ssl=1 607w, https:\/\/i0.wp.com\/culturesco.com\/wp-content\/uploads\/2024\/01\/original-F2B8221F-473F-4A3F-BC62-3330CC8BE131.jpeg?resize=100%2C70&amp;ssl=1 100w, https:\/\/i0.wp.com\/culturesco.com\/wp-content\/uploads\/2024\/01\/original-F2B8221F-473F-4A3F-BC62-3330CC8BE131.jpeg?w=600&amp;ssl=1 600w, https:\/\/i0.wp.com\/culturesco.com\/wp-content\/uploads\/2024\/01\/original-F2B8221F-473F-4A3F-BC62-3330CC8BE131.jpeg?resize=87%2C60&amp;ssl=1 87w, https:\/\/i0.wp.com\/culturesco.com\/wp-content\/uploads\/2024\/01\/original-F2B8221F-473F-4A3F-BC62-3330CC8BE131.jpeg?resize=130%2C90&amp;ssl=1 130w\" sizes=\"auto, (max-width: 504px) 100vw, 504px\" \/><figcaption id=\"caption-attachment-21629\" class=\"wp-caption-text\">The Twin Souls par Carolyne Sh\u00fc.<\/figcaption><\/figure>\n<h3 style=\"text-align: justify\">Est-ce que les Twin Souls d\u2019aujourd\u2019hui sont les m\u00eames que ceux du d\u00e9but ?<\/h3>\n<p style=\"text-align: justify\"><em><strong>Nous avons commenc\u00e9 ce duo en 2018<\/strong> et \u00e0 ce moment-l\u00e0, nous apprenions la batterie pour devenir nous-m\u00eame batteurs de ce groupe. Lors de notre premi\u00e8re session studio en tant que batteurs, <a href=\"https:\/\/fr.wikipedia.org\/wiki\/Ken_Scott_(producteur)\">Ken Scott<\/a> (<a href=\"https:\/\/culturesco.com\/index.php\/2022\/12\/17\/the-beatles-one-two-three-four-le-nouvel-ouvrage-de-reference-sur-les-fab-four\/\">The Beatles One<\/a>, <a href=\"https:\/\/culturesco.com\/index.php\/2019\/11\/04\/space-oddity-album-lunaire-de-david-bowie-paru-le-4-novembre-1969-fete-ses-50-ans-en-2019\/\">David Bowie<\/a>&#8230;) nous avait compar\u00e9s \u00e0 <a href=\"https:\/\/culturesco.com\/index.php\/2019\/02\/26\/the-white-stripes-en-studio-et-en-concert\/\">Meg White<\/a>\u00a0! Depuis, nous avons fait plus d&rsquo;une centaine de concerts, notre fa\u00e7on de jouer a donc \u00e9norm\u00e9ment \u00e9volu\u00e9 et nos compos aussi.<\/em><\/p>\n<p style=\"text-align: justify\"><em>De plus, humainement parlant, <strong>beaucoup de choses se sont pass\u00e9es en 5 ans<\/strong>. Le monde de la musique a aussi beaucoup chang\u00e9 depuis le <strong>covid<\/strong>, ce qui a forc\u00e9ment eu un impact sur notre fa\u00e7on d&rsquo;envisager\u00a0notre m\u00e9tier. Je dirais que <strong>notre passion est rest\u00e9e intacte<\/strong>, idem pour notre envie de partager notre vision du <strong>Rock\u2019n\u2019Roll<\/strong> mais le duo a m\u00fbri et <strong>nous sommes aujourd&rsquo;hui assez loin de ce que nous \u00e9tions \u00e0 nos d\u00e9buts<\/strong>.<\/em><\/p>\n<h3 style=\"text-align: justify\">Qu\u2019avez-vous appris depuis la cr\u00e9ation du groupe ?<\/h3>\n<p style=\"text-align: justify\"><em>Premi\u00e8rement, \u00e0 jouer de la batterie, haha ! <strong>Nous avons appris et v\u00e9cu \u00e9norm\u00e9ment de choses depuis le d\u00e9but du groupe<\/strong>. Nos exp\u00e9riences sur la route nous ont fait faire de superbes rencontres. Mais on ne vit pas que des moments de gloire dans un groupe et vivre \u00e0 travers les hauts et les bas nous a aussi appris l&rsquo;<strong>humilit\u00e9<\/strong>, la <strong>patience<\/strong> et l&rsquo;<strong>obstination<\/strong>. Je pense que ce sont toutes ces petites choses que l&rsquo;on vit tous les jours qui nous font grandir sur le plan humain et qui finalement, une fois les exp\u00e9riences dig\u00e9r\u00e9es, se retrouvent dans nos nouvelles chansons\u00a0; cr\u00e9ant aussi une \u00ab\u00a0nouvelle identit\u00e9\u00a0\u00bb.<\/em><\/p>\n<h4 style=\"text-align: center\"><strong>The Twin Souls avec D\u00e4tcha Mandala<\/strong><\/h4>\n<h3><\/h3>\n<div class=\"youtube-embed\" data-video_id=\"ZIO5u51id8E\"><iframe loading=\"lazy\" title=\"The Twin Souls FEAT Datcha Mandala - THE ONE\" width=\"696\" height=\"392\" src=\"https:\/\/www.youtube.com\/embed\/ZIO5u51id8E\" frameborder=\"0\" allow=\"accelerometer; autoplay; clipboard-write; encrypted-media; gyroscope; picture-in-picture; web-share\" referrerpolicy=\"strict-origin-when-cross-origin\" allowfullscreen><\/iframe><\/div>\n<h3 style=\"text-align: justify\">La l\u00e9gende raconte que le titre \u00ab\u00a0The One\u00a0\u00bb avec les D<a href=\"https:\/\/www.datchamandala.net\/\">\u00e4<\/a>tcha Mandala a \u00e9t\u00e9 enregistr\u00e9 en une journ\u00e9e. Est-ce vrai ?<\/h3>\n<p style=\"text-align: justify\"><em>Ce morceau, <strong>nous l&rsquo;avons \u00e9crit et compos\u00e9 en 45 min<\/strong>. Ce jour-l\u00e0, on avait pass\u00e9 des heures \u00e0 jouer ensemble avec les <strong>D\u00e4tcha<\/strong>. C&rsquo;\u00e9tait cool mais rien ne sortait vraiment, pas une chanson sur laquelle on avait tous le coup de c\u0153ur. Jusqu&rsquo;\u00e0 ce que <strong>Guilhem<\/strong> propose ce bout de riff qu&rsquo;il avait trouv\u00e9 quelques temps auparavant et moi-m\u00eame, un texte que j&rsquo;avais \u00e9crit la veille. Le temps qu&rsquo;on se mette le morceau dans les doigts tous les 5, le tour \u00e9tait jou\u00e9 !<\/em><\/p>\n<h3 style=\"text-align: justify\">Le second single clip\u00e9 de l\u2019album est en collaboration avec Yarol Poupaud pour le titre \u00ab\u00a0Tenderly\u00a0\u00bb ? Qu\u2019avez-vous appris de cette l\u00e9gende vivante en studio ?<\/h3>\n<p style=\"text-align: justify\"><em>Nous avons pass\u00e9 un\u00a0tr\u00e8s bon moment avec <strong>Yarol<\/strong> en studio. Ce qui nous a marqu\u00e9s, c&rsquo;est la vision globale qu\u2019il a tout de suite eu du morceau final. <strong>On lui a fait confiance et on est tr\u00e8s contents du r\u00e9sultat<\/strong>. Mais avant tout, cette session c&rsquo;\u00e9tait le fun et je pense que \u00e7a d\u00e9crit bien Yarol. Pas de prises de t\u00eate, du <strong>live<\/strong>, du <strong>rock<\/strong> avec un <strong>gros son<\/strong> et la <strong>f\u00eate<\/strong> !<\/em><\/p>\n<h4 style=\"text-align: center\"><strong>The Twin Souls avec Yarol Poupaud<\/strong><\/h4>\n<div class=\"youtube-embed\" data-video_id=\"BUyRQRqsvVQ\"><iframe loading=\"lazy\" title=\"The Twin Souls X Yarol Poupaud - TENDERLY\" width=\"696\" height=\"392\" src=\"https:\/\/www.youtube.com\/embed\/BUyRQRqsvVQ\" frameborder=\"0\" allow=\"accelerometer; autoplay; clipboard-write; encrypted-media; gyroscope; picture-in-picture; web-share\" referrerpolicy=\"strict-origin-when-cross-origin\" allowfullscreen><\/iframe><\/div>\n<h3 style=\"text-align: justify\">Le titre \u00ab\u00a0Remember\u00a0\u00bb a \u00e9t\u00e9 enregistr\u00e9 avec votre p\u00e8re Tonio Marcos. Qu\u2019est-ce que \u00e7a fait d\u2019\u00eatre avec son papa sur son premier album ?<\/h3>\n<p style=\"text-align: justify\"><em><strong>La session studio avec notre p\u00e8re \u00e9tait un de ces moments suspendus<\/strong>, \u00e0 peine r\u00e9el. Nous sommes heureux et fiers qu&rsquo;il se retrouve dans cet album Collection. <strong>Il a \u00e9t\u00e9 une grande source d&rsquo;inspiration<\/strong> dans notre parcours musical et c&rsquo;est un petit hommage qu&rsquo;on peut lui rendre de cette fa\u00e7on.<\/em><\/p>\n<h3 style=\"text-align: justify\">Pouvez-vous nous raconter son histoire musicale ?<\/h3>\n<p style=\"text-align: justify\"><em>Il a commenc\u00e9 la musique de fa\u00e7on s\u00e9rieuse dans les ann\u00e9es 60, tournant avec des orchestres plut\u00f4t rock\u00a0; la musique de l&rsquo;\u00e9poque quoi ! Dans les ann\u00e9es 70, il a suivi le filon de musicien side man, accompagnant des artistes comme <a href=\"https:\/\/culturesco.com\/index.php\/2021\/01\/25\/michel-delpech-quand-jetais-chanteur-le-loir-et-cher-wight-is-wight\/\">Michel Delpech<\/a>, <a href=\"https:\/\/fr.wikipedia.org\/wiki\/Alberto_Cortez\">Alberto Cortez<\/a> et <a href=\"https:\/\/fr.wikipedia.org\/wiki\/Jos%C3%A9_Luis_Perales\">Jos\u00e9 Luiz\u00a0Perales<\/a> en <strong>Espagne<\/strong> et en <strong>Am\u00e9rique Latine<\/strong>. Il a aussi fait beaucoup de sessions studio entre Madrid et Toulouse \u00e0 cette \u00e9poque. Puis, \u00e0 moment donn\u00e9, cette vie ne lui correspondait plus et nous sommes arriv\u00e9s \u00e0 peu pr\u00e8s \u00e0 ce moment-l\u00e0.<\/em><\/p>\n<figure id=\"attachment_21632\" aria-describedby=\"caption-attachment-21632\" style=\"width: 532px\" class=\"wp-caption aligncenter\"><img data-recalc-dims=\"1\" loading=\"lazy\" decoding=\"async\" class=\" wp-image-21632\" src=\"https:\/\/i0.wp.com\/culturesco.com\/wp-content\/uploads\/2024\/01\/The-Twin-Souls-2-%C2%A9Jessica-Calvo.jpg?resize=532%2C354&#038;ssl=1\" alt=\"The Twin Souls Family &amp; Friends.\" width=\"532\" height=\"354\" srcset=\"https:\/\/i0.wp.com\/culturesco.com\/wp-content\/uploads\/2024\/01\/The-Twin-Souls-2-%C2%A9Jessica-Calvo.jpg?resize=300%2C200&amp;ssl=1 300w, https:\/\/i0.wp.com\/culturesco.com\/wp-content\/uploads\/2024\/01\/The-Twin-Souls-2-%C2%A9Jessica-Calvo.jpg?resize=941%2C627&amp;ssl=1 941w, https:\/\/i0.wp.com\/culturesco.com\/wp-content\/uploads\/2024\/01\/The-Twin-Souls-2-%C2%A9Jessica-Calvo.jpg?resize=768%2C512&amp;ssl=1 768w, https:\/\/i0.wp.com\/culturesco.com\/wp-content\/uploads\/2024\/01\/The-Twin-Souls-2-%C2%A9Jessica-Calvo.jpg?resize=1536%2C1024&amp;ssl=1 1536w, https:\/\/i0.wp.com\/culturesco.com\/wp-content\/uploads\/2024\/01\/The-Twin-Souls-2-%C2%A9Jessica-Calvo.jpg?resize=2048%2C1365&amp;ssl=1 2048w, https:\/\/i0.wp.com\/culturesco.com\/wp-content\/uploads\/2024\/01\/The-Twin-Souls-2-%C2%A9Jessica-Calvo.jpg?resize=696%2C464&amp;ssl=1 696w, https:\/\/i0.wp.com\/culturesco.com\/wp-content\/uploads\/2024\/01\/The-Twin-Souls-2-%C2%A9Jessica-Calvo.jpg?resize=1068%2C712&amp;ssl=1 1068w, https:\/\/i0.wp.com\/culturesco.com\/wp-content\/uploads\/2024\/01\/The-Twin-Souls-2-%C2%A9Jessica-Calvo.jpg?resize=630%2C420&amp;ssl=1 630w, https:\/\/i0.wp.com\/culturesco.com\/wp-content\/uploads\/2024\/01\/The-Twin-Souls-2-%C2%A9Jessica-Calvo.jpg?w=600&amp;ssl=1 600w, https:\/\/i0.wp.com\/culturesco.com\/wp-content\/uploads\/2024\/01\/The-Twin-Souls-2-%C2%A9Jessica-Calvo.jpg?resize=90%2C60&amp;ssl=1 90w, https:\/\/i0.wp.com\/culturesco.com\/wp-content\/uploads\/2024\/01\/The-Twin-Souls-2-%C2%A9Jessica-Calvo.jpg?resize=135%2C90&amp;ssl=1 135w\" sizes=\"auto, (max-width: 532px) 100vw, 532px\" \/><figcaption id=\"caption-attachment-21632\" class=\"wp-caption-text\">The Twin Souls par Jessica Calvo.<\/figcaption><\/figure>\n<h3 style=\"text-align: justify\">Avec quels groupes dans les oreilles avez-vous grandi ?<\/h3>\n<p style=\"text-align: justify\"><em><strong>Nous avons grandi\u00a0avec deux artistes majeurs<\/strong>\u00a0: <a href=\"https:\/\/culturesco.com\/index.php\/2021\/11\/06\/the-beatles-the-beatles-ou-lalbum-blanc-de-palem-candillier\/\">The Beatles<\/a> et <a href=\"https:\/\/culturesco.com\/index.php\/2023\/01\/17\/the-good-the-bad-the-queen-leur-premier-album\/\">Queen<\/a> ! Puis, en grandissant nous avons d\u00e9couvert <a href=\"https:\/\/culturesco.com\/index.php\/2022\/03\/31\/led-zeppelin-i-le-projet-ambitieux-de-jimmy-page-communication-breakdown-babe-im-gonna-leave-you-good-times-bad-times-dazed-and-confused\/\">Led Zep<\/a>, <a href=\"https:\/\/culturesco.com\/index.php\/2019\/11\/27\/jimi-hendrix-il-etait-une-fois-l-histoire-de-l-ascension-du-gaucher-virtuose\/\">Jimi Hendrix<\/a>, <a href=\"https:\/\/culturesco.com\/index.php\/2021\/10\/04\/janis-joplin-et-la-legende-de-la-dame-cosmique-conte-rock\/\">Janis Joplin<\/a>, <a href=\"https:\/\/fr.wikipedia.org\/wiki\/Sly_and_the_Family_Stone\">Sly and the Family Stone<\/a>&#8230; <strong>Tous les groupes de la p\u00e9riode hippie<\/strong>. Mais ceux qui nous ont vraiment donn\u00e9 le d\u00e9clic, c&rsquo;est <a href=\"https:\/\/fr.wikipedia.org\/wiki\/The_Raconteurs\">The Raconteurs<\/a>. Quand on les a d\u00e9couverts, \u00e7a a \u00e9t\u00e9 une illumination. Ces mecs font du super <strong>rock bien vintage<\/strong> et bien actuel en m\u00eame temps, \u00e7a nous a rendu fous !<\/em><\/p>\n<h4 style=\"text-align: center\"><strong>The Twin Souls &#8211; Dead End<\/strong><\/h4>\n<div class=\"youtube-embed\" data-video_id=\"I_-B722DlVc\"><iframe loading=\"lazy\" title=\"The Twin Souls - Dead End [Official Video]\" width=\"696\" height=\"392\" src=\"https:\/\/www.youtube.com\/embed\/I_-B722DlVc\" frameborder=\"0\" allow=\"accelerometer; autoplay; clipboard-write; encrypted-media; gyroscope; picture-in-picture; web-share\" referrerpolicy=\"strict-origin-when-cross-origin\" allowfullscreen><\/iframe><\/div>\n<h3 style=\"text-align: justify\">Quels sont les avantages \u00e0 jouer en duo et entre fr\u00e8res ?<\/h3>\n<p style=\"text-align: justify\"><em>Les avantages sont les m\u00eames que les inconv\u00e9nients ! <strong>On se conna\u00eet par c\u0153ur<\/strong> alors la connexion est imm\u00e9diate. On sait ce qu&rsquo;on aime, on sait ce que l&rsquo;un ou l&rsquo;autre va apporter, etc\u2026<\/em><\/p>\n<h3 style=\"text-align: justify\">Y a-t-il des inconv\u00e9nients ?<\/h3>\n<p style=\"text-align: justify\"><em>Mais comme se conna\u00eet tr\u00e8s\/trop bien, parfois on s&rsquo;anticipe trop et ce n&rsquo;est plus naturel. <strong>Un duo c&rsquo;est comme un couple<\/strong>, on est deux et on doit s&rsquo;entendre pour avancer.<\/em><\/p>\n<figure id=\"attachment_21625\" aria-describedby=\"caption-attachment-21625\" style=\"width: 471px\" class=\"wp-caption aligncenter\"><img data-recalc-dims=\"1\" loading=\"lazy\" decoding=\"async\" class=\" wp-image-21625\" src=\"https:\/\/i0.wp.com\/culturesco.com\/wp-content\/uploads\/2024\/01\/original-2CB98D80-5700-4B1E-99A5-48FB39183646.jpeg?resize=471%2C342&#038;ssl=1\" alt=\"The Twin Souls live.\" width=\"471\" height=\"342\" srcset=\"https:\/\/i0.wp.com\/culturesco.com\/wp-content\/uploads\/2024\/01\/original-2CB98D80-5700-4B1E-99A5-48FB39183646.jpeg?resize=300%2C218&amp;ssl=1 300w, https:\/\/i0.wp.com\/culturesco.com\/wp-content\/uploads\/2024\/01\/original-2CB98D80-5700-4B1E-99A5-48FB39183646.jpeg?resize=864%2C627&amp;ssl=1 864w, https:\/\/i0.wp.com\/culturesco.com\/wp-content\/uploads\/2024\/01\/original-2CB98D80-5700-4B1E-99A5-48FB39183646.jpeg?resize=768%2C557&amp;ssl=1 768w, https:\/\/i0.wp.com\/culturesco.com\/wp-content\/uploads\/2024\/01\/original-2CB98D80-5700-4B1E-99A5-48FB39183646.jpeg?resize=696%2C505&amp;ssl=1 696w, https:\/\/i0.wp.com\/culturesco.com\/wp-content\/uploads\/2024\/01\/original-2CB98D80-5700-4B1E-99A5-48FB39183646.jpeg?resize=579%2C420&amp;ssl=1 579w, https:\/\/i0.wp.com\/culturesco.com\/wp-content\/uploads\/2024\/01\/original-2CB98D80-5700-4B1E-99A5-48FB39183646.jpeg?resize=324%2C235&amp;ssl=1 324w, https:\/\/i0.wp.com\/culturesco.com\/wp-content\/uploads\/2024\/01\/original-2CB98D80-5700-4B1E-99A5-48FB39183646.jpeg?w=600&amp;ssl=1 600w, https:\/\/i0.wp.com\/culturesco.com\/wp-content\/uploads\/2024\/01\/original-2CB98D80-5700-4B1E-99A5-48FB39183646.jpeg?resize=83%2C60&amp;ssl=1 83w, https:\/\/i0.wp.com\/culturesco.com\/wp-content\/uploads\/2024\/01\/original-2CB98D80-5700-4B1E-99A5-48FB39183646.jpeg?resize=124%2C90&amp;ssl=1 124w\" sizes=\"auto, (max-width: 471px) 100vw, 471px\" \/><figcaption id=\"caption-attachment-21625\" class=\"wp-caption-text\">The Twin Souls par Julien Dupeyron.<\/figcaption><\/figure>\n<h3 style=\"text-align: justify\">Vous venez de Toulouse, ville qui compte une multitude d\u2019excellents groupes. Comment expliquez-vous cela ?<\/h3>\n<p style=\"text-align: justify\"><em>En effet, <strong>il y a \u00e9norm\u00e9ment de musiciens(iennes) talentueux(ses) \u00e0 Toulouse !<\/strong> De ce que j&rsquo;ai pu vivre et entendre, <strong>\u00e7a date de la g\u00e9n\u00e9ration qui s\u00e9vissait dans les ann\u00e9es 60<\/strong>. \u00c7a jouait \u00e9norm\u00e9ment \u00e0 l&rsquo;\u00e9poque et beaucoup de musiciens(iennes) toulousains(saines) ont rejoint des artistes en vogue \u00e0 ce moment ; partant sur des tourn\u00e9es internationales ou ayant de grandes carri\u00e8res de musiciens(iennes). Ce qui est assez dr\u00f4le, c&rsquo;est que ces gens-l\u00e0 sont devenus, de r\u00e9putation, des dieux vivants \u00e0 Toulouse. Je me rappellerais toujours tous ces zicos me disant <strong>\u00ab\u00a0putain, votre p\u00e8re c&rsquo;est un tueur, un de meilleurs guitaristes de Toulouse\u00a0\u00bb<\/strong> alors qu&rsquo;aucun d&rsquo;eux ne l&rsquo;a entendu jouer ! Haha !\u00a0<\/em><\/p>\n<p style=\"text-align: justify\"><em>Je ne sais pas si \u00e7a existe dans d&rsquo;autres villes mais \u00e0 Toulouse, il y a un peu le c\u00f4t\u00e9 <strong>\u00ab\u00a0qui sera le meilleur de Toulouse\u00a0\u00bb<\/strong>. Et du coup, de nombreux(euses) musiciens(iennes) talentueux(ses) sont rest\u00e9 toute leur vie \u00e0 Toulouse, devenant aussi des mythes de la musique locale mais sans passer le cap de l&rsquo;exportation comme la g\u00e9n\u00e9ration d&rsquo;avant avait fait. Avec toutes ces personnes ayant \u00e9crit l&rsquo;histoire de la musique \u00e0 Toulouse (<a href=\"https:\/\/fr.wikipedia.org\/wiki\/Claude_Nougaro\">Nougaro<\/a>, etc..) je comprends qu&rsquo;aujourd&rsquo;hui <strong>il y a beaucoup d&rsquo;artistes \u00e9mergents venant de cette ville<\/strong>.<\/em><\/p>\n<p style=\"text-align: justify\"><em>Mais sinon, nous <strong>on vient de Rabastens<\/strong> pas vraiment de Toulouse !<\/em><\/p>\n<h4 style=\"text-align: center\"><strong>The Twin Souls &#8211; All For You<\/strong><\/h4>\n<div class=\"youtube-embed\" data-video_id=\"9h0pvLRgp4s\"><iframe loading=\"lazy\" title=\"The Twin Souls - All For You [Video]\" width=\"696\" height=\"392\" src=\"https:\/\/www.youtube.com\/embed\/9h0pvLRgp4s\" frameborder=\"0\" allow=\"accelerometer; autoplay; clipboard-write; encrypted-media; gyroscope; picture-in-picture; web-share\" referrerpolicy=\"strict-origin-when-cross-origin\" allowfullscreen><\/iframe><\/div>\n<h3 style=\"text-align: justify\">Comment s\u2019est pass\u00e9 votre concert au Supersonic le 10 janvier dernier ?<\/h3>\n<p style=\"text-align: justify\"><em>Le concert au <a href=\"https:\/\/supersonic-club.fr\/\">Supersonic<\/a>, c&rsquo;\u00e9tait un moment que l&rsquo;on attendait depuis longtemps. Il nous tardait de revenir \u00e0 Paris. Le dernier concert dans cette ville datait d\u2019un an, au <a href=\"https:\/\/www.letrabendo.net\/\">Trabendo<\/a> avec <a href=\"https:\/\/en.wikipedia.org\/wiki\/Reignwolf\">Reignwolf<\/a>. <strong>Il faisait -5\u00b0C<\/strong> ce soir-l\u00e0 mais les gens ont quand m\u00eame brav\u00e9 le froid pour venir passer un moment avec nous alors <strong>on est super contents !<\/strong><\/em><\/p>\n<h3 style=\"text-align: justify\">Pr\u00eats \u00e0 repartir sur les routes de France pour d\u00e9fendre cet album Collection ?<\/h3>\n<p style=\"text-align: justify\"><em>Plus que jamais ! Pas mal de dates sont d\u00e9j\u00e0 annonc\u00e9es et d&rsquo;autres vont arriver bient\u00f4t. Vous pouvez trouver toutes ces informations\u00a0sur notre page <a href=\"https:\/\/www.facebook.com\/thetwinsoulsband\/?locale=fr_FR\">facebook<\/a> ou en suivant notre compte <a href=\"https:\/\/www.instagram.com\/thetwinsoulsband\/\">instagram<\/a>. Nous sommes aussi sur <a href=\"https:\/\/www.youtube.com\/channel\/UC_wWjCpTuZ7ktuFqRCYdhbg\">YouTube<\/a>, plein de clips sont \u00e0 voir sur notre cha\u00eene et d&rsquo;autres \u00e0 venir avec la sortie de \u00ab\u00a0<strong>Family &amp; Friends<\/strong>\u00ab\u00a0.<\/em><\/p>\n<p>Merci d\u2019avoir r\u00e9pondu \u00e0 cette interview et \u00e0 bient\u00f4t sur la route du rock.<\/p>\n<h4 style=\"text-align: center\"><strong>The Twin Souls on tour.<\/strong><\/h4>\n<figure id=\"attachment_21630\" aria-describedby=\"caption-attachment-21630\" style=\"width: 425px\" class=\"wp-caption aligncenter\"><img data-recalc-dims=\"1\" loading=\"lazy\" decoding=\"async\" class=\"wp-image-21630 \" src=\"https:\/\/i0.wp.com\/culturesco.com\/wp-content\/uploads\/2024\/01\/original-FF3119DD-3B18-461C-AC55-0DE2D47EC214.jpeg?resize=425%2C432&#038;ssl=1\" alt=\"The Twin Souls\" width=\"425\" height=\"432\" srcset=\"https:\/\/i0.wp.com\/culturesco.com\/wp-content\/uploads\/2024\/01\/original-FF3119DD-3B18-461C-AC55-0DE2D47EC214.jpeg?resize=295%2C300&amp;ssl=1 295w, https:\/\/i0.wp.com\/culturesco.com\/wp-content\/uploads\/2024\/01\/original-FF3119DD-3B18-461C-AC55-0DE2D47EC214.jpeg?resize=617%2C627&amp;ssl=1 617w, https:\/\/i0.wp.com\/culturesco.com\/wp-content\/uploads\/2024\/01\/original-FF3119DD-3B18-461C-AC55-0DE2D47EC214.jpeg?resize=768%2C781&amp;ssl=1 768w, https:\/\/i0.wp.com\/culturesco.com\/wp-content\/uploads\/2024\/01\/original-FF3119DD-3B18-461C-AC55-0DE2D47EC214.jpeg?resize=696%2C708&amp;ssl=1 696w, https:\/\/i0.wp.com\/culturesco.com\/wp-content\/uploads\/2024\/01\/original-FF3119DD-3B18-461C-AC55-0DE2D47EC214.jpeg?resize=1068%2C1086&amp;ssl=1 1068w, https:\/\/i0.wp.com\/culturesco.com\/wp-content\/uploads\/2024\/01\/original-FF3119DD-3B18-461C-AC55-0DE2D47EC214.jpeg?resize=413%2C420&amp;ssl=1 413w, https:\/\/i0.wp.com\/culturesco.com\/wp-content\/uploads\/2024\/01\/original-FF3119DD-3B18-461C-AC55-0DE2D47EC214.jpeg?resize=600%2C610&amp;ssl=1 600w, https:\/\/i0.wp.com\/culturesco.com\/wp-content\/uploads\/2024\/01\/original-FF3119DD-3B18-461C-AC55-0DE2D47EC214.jpeg?resize=50%2C50&amp;ssl=1 50w, https:\/\/i0.wp.com\/culturesco.com\/wp-content\/uploads\/2024\/01\/original-FF3119DD-3B18-461C-AC55-0DE2D47EC214.jpeg?resize=59%2C60&amp;ssl=1 59w, https:\/\/i0.wp.com\/culturesco.com\/wp-content\/uploads\/2024\/01\/original-FF3119DD-3B18-461C-AC55-0DE2D47EC214.jpeg?resize=89%2C90&amp;ssl=1 89w, https:\/\/i0.wp.com\/culturesco.com\/wp-content\/uploads\/2024\/01\/original-FF3119DD-3B18-461C-AC55-0DE2D47EC214.jpeg?w=590&amp;ssl=1 590w\" sizes=\"auto, (max-width: 425px) 100vw, 425px\" \/><figcaption id=\"caption-attachment-21630\" class=\"wp-caption-text\">The Twin Souls : Tourn\u00e9e 2024.<\/figcaption><\/figure>\n<h4 style=\"text-align: center\"><strong>The Twin Souls Family &amp; Friends.<\/strong><\/h4>\n<figure id=\"attachment_21626\" aria-describedby=\"caption-attachment-21626\" style=\"width: 411px\" class=\"wp-caption aligncenter\"><img data-recalc-dims=\"1\" loading=\"lazy\" decoding=\"async\" class=\" wp-image-21626 aligncenter\" src=\"https:\/\/i0.wp.com\/culturesco.com\/wp-content\/uploads\/2024\/01\/original-7494D86F-01A5-4A3B-8AD3-EE9132B80728-300x300.jpeg?resize=411%2C411&#038;ssl=1\" alt=\"The Twin Souls Family &amp; Friends.\" width=\"411\" height=\"411\" srcset=\"https:\/\/i0.wp.com\/culturesco.com\/wp-content\/uploads\/2024\/01\/original-7494D86F-01A5-4A3B-8AD3-EE9132B80728.jpeg?resize=300%2C300&amp;ssl=1 300w, https:\/\/i0.wp.com\/culturesco.com\/wp-content\/uploads\/2024\/01\/original-7494D86F-01A5-4A3B-8AD3-EE9132B80728.jpeg?resize=627%2C627&amp;ssl=1 627w, https:\/\/i0.wp.com\/culturesco.com\/wp-content\/uploads\/2024\/01\/original-7494D86F-01A5-4A3B-8AD3-EE9132B80728.jpeg?resize=150%2C150&amp;ssl=1 150w, https:\/\/i0.wp.com\/culturesco.com\/wp-content\/uploads\/2024\/01\/original-7494D86F-01A5-4A3B-8AD3-EE9132B80728.jpeg?resize=768%2C768&amp;ssl=1 768w, https:\/\/i0.wp.com\/culturesco.com\/wp-content\/uploads\/2024\/01\/original-7494D86F-01A5-4A3B-8AD3-EE9132B80728.jpeg?resize=696%2C696&amp;ssl=1 696w, https:\/\/i0.wp.com\/culturesco.com\/wp-content\/uploads\/2024\/01\/original-7494D86F-01A5-4A3B-8AD3-EE9132B80728.jpeg?resize=1068%2C1068&amp;ssl=1 1068w, https:\/\/i0.wp.com\/culturesco.com\/wp-content\/uploads\/2024\/01\/original-7494D86F-01A5-4A3B-8AD3-EE9132B80728.jpeg?resize=420%2C420&amp;ssl=1 420w, https:\/\/i0.wp.com\/culturesco.com\/wp-content\/uploads\/2024\/01\/original-7494D86F-01A5-4A3B-8AD3-EE9132B80728.jpeg?w=600&amp;ssl=1 600w, https:\/\/i0.wp.com\/culturesco.com\/wp-content\/uploads\/2024\/01\/original-7494D86F-01A5-4A3B-8AD3-EE9132B80728.jpeg?resize=100%2C100&amp;ssl=1 100w, https:\/\/i0.wp.com\/culturesco.com\/wp-content\/uploads\/2024\/01\/original-7494D86F-01A5-4A3B-8AD3-EE9132B80728.jpeg?resize=50%2C50&amp;ssl=1 50w, https:\/\/i0.wp.com\/culturesco.com\/wp-content\/uploads\/2024\/01\/original-7494D86F-01A5-4A3B-8AD3-EE9132B80728.jpeg?resize=60%2C60&amp;ssl=1 60w, https:\/\/i0.wp.com\/culturesco.com\/wp-content\/uploads\/2024\/01\/original-7494D86F-01A5-4A3B-8AD3-EE9132B80728.jpeg?resize=90%2C90&amp;ssl=1 90w\" sizes=\"auto, (max-width: 411px) 100vw, 411px\" \/><figcaption id=\"caption-attachment-21626\" class=\"wp-caption-text\">Pochette de Family &amp; Friends. Photo : Carolyne Sh\u00fc.<\/figcaption><\/figure>\n<p>Pr\u00e9commandez ou commandez le vinyle <strong>Family &amp; Friends<\/strong> <a href=\"https:\/\/helloarchipel.bandcamp.com\/album\/family-friends\">ici<\/a>.<\/p>\n<p>Retrouvez The Twin Souls sur <a href=\"https:\/\/www.facebook.com\/thetwinsoulsband\/?locale=fr_FR\">Facebook<\/a>, <a href=\"https:\/\/www.instagram.com\/thetwinsoulsband\/?hl=fr\">Instagram<\/a>, <a href=\"https:\/\/www.youtube.com\/channel\/UC_wWjCpTuZ7ktuFqRCYdhbg\">You Tube<\/a>, <a href=\"https:\/\/thetwinsouls.bandcamp.com\/\">Bandcamp<\/a> et toutes vos plateformes de streaming habituelles.<\/p>\n<p>Merci \u00e0 Virginie Bellavoir de nous avoir aid\u00e9 \u00e0 r\u00e9aliser cette interview.<\/p>\n<p><img data-recalc-dims=\"1\" loading=\"lazy\" decoding=\"async\" class=\"alignnone size-medium wp-image-21646\" src=\"https:\/\/i0.wp.com\/culturesco.com\/wp-content\/uploads\/2024\/01\/vb.jpg?resize=300%2C150&#038;ssl=1\" alt=\"\" width=\"300\" height=\"150\" srcset=\"https:\/\/i0.wp.com\/culturesco.com\/wp-content\/uploads\/2024\/01\/vb.jpg?resize=300%2C150&amp;ssl=1 300w, https:\/\/i0.wp.com\/culturesco.com\/wp-content\/uploads\/2024\/01\/vb.jpg?resize=1200%2C600&amp;ssl=1 1200w, https:\/\/i0.wp.com\/culturesco.com\/wp-content\/uploads\/2024\/01\/vb.jpg?resize=768%2C384&amp;ssl=1 768w, https:\/\/i0.wp.com\/culturesco.com\/wp-content\/uploads\/2024\/01\/vb.jpg?resize=1536%2C768&amp;ssl=1 1536w, https:\/\/i0.wp.com\/culturesco.com\/wp-content\/uploads\/2024\/01\/vb.jpg?resize=696%2C348&amp;ssl=1 696w, https:\/\/i0.wp.com\/culturesco.com\/wp-content\/uploads\/2024\/01\/vb.jpg?resize=1068%2C534&amp;ssl=1 1068w, https:\/\/i0.wp.com\/culturesco.com\/wp-content\/uploads\/2024\/01\/vb.jpg?resize=840%2C420&amp;ssl=1 840w, https:\/\/i0.wp.com\/culturesco.com\/wp-content\/uploads\/2024\/01\/vb.jpg?w=600&amp;ssl=1 600w, https:\/\/i0.wp.com\/culturesco.com\/wp-content\/uploads\/2024\/01\/vb.jpg?resize=120%2C60&amp;ssl=1 120w, https:\/\/i0.wp.com\/culturesco.com\/wp-content\/uploads\/2024\/01\/vb.jpg?resize=180%2C90&amp;ssl=1 180w\" sizes=\"auto, (max-width: 300px) 100vw, 300px\" \/><\/p>\n<p><em>Gian, janvier 2024.<\/em><\/p>\n","protected":false},"excerpt":{"rendered":"<p>\u00ab\u00a0Le duo a m\u00fbri et nous sommes aujourd&rsquo;hui assez loin de ce que nous \u00e9tions \u00e0 nos d\u00e9buts.\u00a0\u00bb A l\u2019\u00e9tranger vous avez des groupes comme les White Stripes, Royal Blood, Greta Van Fleet, The Black Keys dans les cat\u00e9gories duos et fratries qui m\u00e9langent rock 70\u2019s et garage \u00e0 la perfection. Et chez nous en [&hellip;]<\/p>\n","protected":false},"author":22,"featured_media":21627,"comment_status":"open","ping_status":"open","sticky":false,"template":"","format":"image","meta":{"jetpack_post_was_ever_published":false,"tdm_status":"","tdm_grid_status":"","_jetpack_newsletter_access":"","_jetpack_dont_email_post_to_subs":false,"_jetpack_newsletter_tier_id":0,"_jetpack_memberships_contains_paywalled_content":false,"_jetpack_memberships_contains_paid_content":false,"footnotes":""},"categories":[30,17,36,14466],"tags":[37,52,71,51],"class_list":{"0":"post-21624","1":"post","2":"type-post","3":"status-publish","4":"format-image","5":"has-post-thumbnail","7":"category-albums-rock","8":"category-carotte-rock-cultures","9":"category-groupes-rock-daujourdhui","10":"category-interview","11":"tag-album-rock","12":"tag-groupe-rock-actuel","13":"tag-interview","14":"tag-rock-francais","15":"post_format-post-format-image"},"yoast_head":"<!-- This site is optimized with the Yoast SEO plugin v27.5 - https:\/\/yoast.com\/product\/yoast-seo-wordpress\/ -->\n<title>[INTERVIEW] The Twin Souls : &quot;Beaucoup de choses se sont pass\u00e9es en 5 ans.&quot; - Culturesco<\/title>\n<meta name=\"description\" content=\"Culture Co I Interview du duo The Twin Souls pour la sortie de l&#039;album collection Family &amp; Friends le 9 f\u00e9vrier 2024 chez Archipel Records.\" \/>\n<meta name=\"robots\" content=\"index, follow, max-snippet:-1, max-image-preview:large, max-video-preview:-1\" \/>\n<link rel=\"canonical\" href=\"https:\/\/culturesco.com\/index.php\/2024\/01\/30\/interview-the-twin-souls\/\" \/>\n<meta property=\"og:locale\" content=\"fr_FR\" \/>\n<meta property=\"og:type\" content=\"article\" \/>\n<meta property=\"og:title\" content=\"[INTERVIEW] The Twin Souls : &quot;Beaucoup de choses se sont pass\u00e9es en 5 ans.&quot; - Culturesco\" \/>\n<meta property=\"og:description\" content=\"Culture Co I Interview du duo The Twin Souls pour la sortie de l&#039;album collection Family &amp; Friends le 9 f\u00e9vrier 2024 chez Archipel Records.\" \/>\n<meta property=\"og:url\" content=\"https:\/\/culturesco.com\/index.php\/2024\/01\/30\/interview-the-twin-souls\/\" \/>\n<meta property=\"og:site_name\" content=\"Culturesco\" \/>\n<meta property=\"article:publisher\" content=\"https:\/\/www.facebook.com\/radioculturesco\" \/>\n<meta property=\"article:published_time\" content=\"2024-01-30T19:19:41+00:00\" \/>\n<meta property=\"article:modified_time\" content=\"2024-06-26T15:21:28+00:00\" \/>\n<meta property=\"og:image\" content=\"https:\/\/culturesco.com\/wp-content\/uploads\/2024\/01\/original-16727707-76C1-4EBC-ABB1-108CBB40F311.jpeg\" \/>\n\t<meta property=\"og:image:width\" content=\"600\" \/>\n\t<meta property=\"og:image:height\" content=\"429\" \/>\n\t<meta property=\"og:image:type\" content=\"image\/jpeg\" \/>\n<meta name=\"author\" content=\"Gian Alex\" \/>\n<meta name=\"twitter:card\" content=\"summary_large_image\" \/>\n<meta name=\"twitter:creator\" content=\"@AugusteMarshal\" \/>\n<meta name=\"twitter:site\" content=\"@AugusteMarshal\" \/>\n<meta name=\"twitter:label1\" content=\"\u00c9crit par\" \/>\n\t<meta name=\"twitter:data1\" content=\"Gian Alex\" \/>\n\t<meta name=\"twitter:label2\" content=\"Dur\u00e9e de lecture estim\u00e9e\" \/>\n\t<meta name=\"twitter:data2\" content=\"11 minutes\" \/>\n<script type=\"application\/ld+json\" class=\"yoast-schema-graph\">{\"@context\":\"https:\\\/\\\/schema.org\",\"@graph\":[{\"@type\":\"Article\",\"@id\":\"https:\\\/\\\/culturesco.com\\\/index.php\\\/2024\\\/01\\\/30\\\/interview-the-twin-souls\\\/#article\",\"isPartOf\":{\"@id\":\"https:\\\/\\\/culturesco.com\\\/index.php\\\/2024\\\/01\\\/30\\\/interview-the-twin-souls\\\/\"},\"author\":{\"name\":\"Gian Alex\",\"@id\":\"https:\\\/\\\/culturesco.com\\\/#\\\/schema\\\/person\\\/96a50ce1113da86e8ed4a059222521e7\"},\"headline\":\"[INTERVIEW] The Twin Souls : \u00ab\u00a0Beaucoup de choses se sont pass\u00e9es en 5 ans.\u00a0\u00bb\",\"datePublished\":\"2024-01-30T19:19:41+00:00\",\"dateModified\":\"2024-06-26T15:21:28+00:00\",\"mainEntityOfPage\":{\"@id\":\"https:\\\/\\\/culturesco.com\\\/index.php\\\/2024\\\/01\\\/30\\\/interview-the-twin-souls\\\/\"},\"wordCount\":1919,\"commentCount\":0,\"publisher\":{\"@id\":\"https:\\\/\\\/culturesco.com\\\/#organization\"},\"image\":{\"@id\":\"https:\\\/\\\/culturesco.com\\\/index.php\\\/2024\\\/01\\\/30\\\/interview-the-twin-souls\\\/#primaryimage\"},\"thumbnailUrl\":\"https:\\\/\\\/i0.wp.com\\\/culturesco.com\\\/wp-content\\\/uploads\\\/2024\\\/01\\\/original-16727707-76C1-4EBC-ABB1-108CBB40F311.jpeg?fit=600%2C429&ssl=1\",\"keywords\":[\"album rock\",\"groupe rock actuel\",\"interview\",\"Rock fran\u00e7ais\"],\"articleSection\":[\"Albums rock\",\"Carotte Rock Cultures\",\"Groupes rock d'aujourd'hui\",\"Interview\"],\"inLanguage\":\"fr-FR\",\"potentialAction\":[{\"@type\":\"CommentAction\",\"name\":\"Comment\",\"target\":[\"https:\\\/\\\/culturesco.com\\\/index.php\\\/2024\\\/01\\\/30\\\/interview-the-twin-souls\\\/#respond\"]}]},{\"@type\":\"WebPage\",\"@id\":\"https:\\\/\\\/culturesco.com\\\/index.php\\\/2024\\\/01\\\/30\\\/interview-the-twin-souls\\\/\",\"url\":\"https:\\\/\\\/culturesco.com\\\/index.php\\\/2024\\\/01\\\/30\\\/interview-the-twin-souls\\\/\",\"name\":\"[INTERVIEW] The Twin Souls : \\\"Beaucoup de choses se sont pass\u00e9es en 5 ans.\\\" - Culturesco\",\"isPartOf\":{\"@id\":\"https:\\\/\\\/culturesco.com\\\/#website\"},\"primaryImageOfPage\":{\"@id\":\"https:\\\/\\\/culturesco.com\\\/index.php\\\/2024\\\/01\\\/30\\\/interview-the-twin-souls\\\/#primaryimage\"},\"image\":{\"@id\":\"https:\\\/\\\/culturesco.com\\\/index.php\\\/2024\\\/01\\\/30\\\/interview-the-twin-souls\\\/#primaryimage\"},\"thumbnailUrl\":\"https:\\\/\\\/i0.wp.com\\\/culturesco.com\\\/wp-content\\\/uploads\\\/2024\\\/01\\\/original-16727707-76C1-4EBC-ABB1-108CBB40F311.jpeg?fit=600%2C429&ssl=1\",\"datePublished\":\"2024-01-30T19:19:41+00:00\",\"dateModified\":\"2024-06-26T15:21:28+00:00\",\"description\":\"Culture Co I Interview du duo The Twin Souls pour la sortie de l'album collection Family & Friends le 9 f\u00e9vrier 2024 chez Archipel Records.\",\"breadcrumb\":{\"@id\":\"https:\\\/\\\/culturesco.com\\\/index.php\\\/2024\\\/01\\\/30\\\/interview-the-twin-souls\\\/#breadcrumb\"},\"inLanguage\":\"fr-FR\",\"potentialAction\":[{\"@type\":\"ReadAction\",\"target\":[\"https:\\\/\\\/culturesco.com\\\/index.php\\\/2024\\\/01\\\/30\\\/interview-the-twin-souls\\\/\"]}]},{\"@type\":\"ImageObject\",\"inLanguage\":\"fr-FR\",\"@id\":\"https:\\\/\\\/culturesco.com\\\/index.php\\\/2024\\\/01\\\/30\\\/interview-the-twin-souls\\\/#primaryimage\",\"url\":\"https:\\\/\\\/i0.wp.com\\\/culturesco.com\\\/wp-content\\\/uploads\\\/2024\\\/01\\\/original-16727707-76C1-4EBC-ABB1-108CBB40F311.jpeg?fit=600%2C429&ssl=1\",\"contentUrl\":\"https:\\\/\\\/i0.wp.com\\\/culturesco.com\\\/wp-content\\\/uploads\\\/2024\\\/01\\\/original-16727707-76C1-4EBC-ABB1-108CBB40F311.jpeg?fit=600%2C429&ssl=1\",\"width\":600,\"height\":429,\"caption\":\"The Twin Souls par Carolyne Shu.\"},{\"@type\":\"BreadcrumbList\",\"@id\":\"https:\\\/\\\/culturesco.com\\\/index.php\\\/2024\\\/01\\\/30\\\/interview-the-twin-souls\\\/#breadcrumb\",\"itemListElement\":[{\"@type\":\"ListItem\",\"position\":1,\"name\":\"Accueil\",\"item\":\"https:\\\/\\\/culturesco.com\\\/\"},{\"@type\":\"ListItem\",\"position\":2,\"name\":\"[INTERVIEW] The Twin Souls : &#8220;Beaucoup de choses se sont pass\u00e9es en 5 ans.&#8221;\"}]},{\"@type\":\"WebSite\",\"@id\":\"https:\\\/\\\/culturesco.com\\\/#website\",\"url\":\"https:\\\/\\\/culturesco.com\\\/\",\"name\":\"Culturesco\",\"description\":\"Culturesco | Un bon coup de pied dans ta Culture\",\"publisher\":{\"@id\":\"https:\\\/\\\/culturesco.com\\\/#organization\"},\"potentialAction\":[{\"@type\":\"SearchAction\",\"target\":{\"@type\":\"EntryPoint\",\"urlTemplate\":\"https:\\\/\\\/culturesco.com\\\/?s={search_term_string}\"},\"query-input\":{\"@type\":\"PropertyValueSpecification\",\"valueRequired\":true,\"valueName\":\"search_term_string\"}}],\"inLanguage\":\"fr-FR\"},{\"@type\":\"Organization\",\"@id\":\"https:\\\/\\\/culturesco.com\\\/#organization\",\"name\":\"CULTURESCO\",\"url\":\"https:\\\/\\\/culturesco.com\\\/\",\"logo\":{\"@type\":\"ImageObject\",\"inLanguage\":\"fr-FR\",\"@id\":\"https:\\\/\\\/culturesco.com\\\/#\\\/schema\\\/logo\\\/image\\\/\",\"url\":\"https:\\\/\\\/i0.wp.com\\\/culturesco.com\\\/wp-content\\\/uploads\\\/2022\\\/04\\\/culturesco-logo-blanc250p.png?fit=250%2C250&ssl=1\",\"contentUrl\":\"https:\\\/\\\/i0.wp.com\\\/culturesco.com\\\/wp-content\\\/uploads\\\/2022\\\/04\\\/culturesco-logo-blanc250p.png?fit=250%2C250&ssl=1\",\"width\":250,\"height\":250,\"caption\":\"CULTURESCO\"},\"image\":{\"@id\":\"https:\\\/\\\/culturesco.com\\\/#\\\/schema\\\/logo\\\/image\\\/\"},\"sameAs\":[\"https:\\\/\\\/www.facebook.com\\\/radioculturesco\",\"https:\\\/\\\/x.com\\\/AugusteMarshal\",\"https:\\\/\\\/www.instagram.com\\\/carotte_rock_culture\\\/\",\"https:\\\/\\\/www.pinterest.fr\\\/augustemarshal\\\/\",\"https:\\\/\\\/www.youtube.com\\\/channel\\\/UCiWLGffqWSXlNnfzp6YwwyQ\"]},{\"@type\":\"Person\",\"@id\":\"https:\\\/\\\/culturesco.com\\\/#\\\/schema\\\/person\\\/96a50ce1113da86e8ed4a059222521e7\",\"name\":\"Gian Alex\",\"image\":{\"@type\":\"ImageObject\",\"inLanguage\":\"fr-FR\",\"@id\":\"https:\\\/\\\/i0.wp.com\\\/culturesco.com\\\/wp-content\\\/uploads\\\/2022\\\/12\\\/Gian-Alex.jpg?fit=96%2C64&ssl=1\",\"url\":\"https:\\\/\\\/i0.wp.com\\\/culturesco.com\\\/wp-content\\\/uploads\\\/2022\\\/12\\\/Gian-Alex.jpg?fit=96%2C64&ssl=1\",\"contentUrl\":\"https:\\\/\\\/i0.wp.com\\\/culturesco.com\\\/wp-content\\\/uploads\\\/2022\\\/12\\\/Gian-Alex.jpg?fit=96%2C64&ssl=1\",\"caption\":\"Gian Alex\"},\"sameAs\":[\"https:\\\/\\\/linktr.ee\\\/gianalex\"],\"url\":\"https:\\\/\\\/culturesco.com\\\/index.php\\\/author\\\/gian-alex\\\/\"}]}<\/script>\n<!-- \/ Yoast SEO plugin. -->","yoast_head_json":{"title":"[INTERVIEW] The Twin Souls : \"Beaucoup de choses se sont pass\u00e9es en 5 ans.\" - Culturesco","description":"Culture Co I Interview du duo The Twin Souls pour la sortie de l'album collection Family & Friends le 9 f\u00e9vrier 2024 chez Archipel Records.","robots":{"index":"index","follow":"follow","max-snippet":"max-snippet:-1","max-image-preview":"max-image-preview:large","max-video-preview":"max-video-preview:-1"},"canonical":"https:\/\/culturesco.com\/index.php\/2024\/01\/30\/interview-the-twin-souls\/","og_locale":"fr_FR","og_type":"article","og_title":"[INTERVIEW] The Twin Souls : \"Beaucoup de choses se sont pass\u00e9es en 5 ans.\" - Culturesco","og_description":"Culture Co I Interview du duo The Twin Souls pour la sortie de l'album collection Family & Friends le 9 f\u00e9vrier 2024 chez Archipel Records.","og_url":"https:\/\/culturesco.com\/index.php\/2024\/01\/30\/interview-the-twin-souls\/","og_site_name":"Culturesco","article_publisher":"https:\/\/www.facebook.com\/radioculturesco","article_published_time":"2024-01-30T19:19:41+00:00","article_modified_time":"2024-06-26T15:21:28+00:00","og_image":[{"width":600,"height":429,"url":"https:\/\/culturesco.com\/wp-content\/uploads\/2024\/01\/original-16727707-76C1-4EBC-ABB1-108CBB40F311.jpeg","type":"image\/jpeg"}],"author":"Gian Alex","twitter_card":"summary_large_image","twitter_creator":"@AugusteMarshal","twitter_site":"@AugusteMarshal","twitter_misc":{"\u00c9crit par":"Gian Alex","Dur\u00e9e de lecture estim\u00e9e":"11 minutes"},"schema":{"@context":"https:\/\/schema.org","@graph":[{"@type":"Article","@id":"https:\/\/culturesco.com\/index.php\/2024\/01\/30\/interview-the-twin-souls\/#article","isPartOf":{"@id":"https:\/\/culturesco.com\/index.php\/2024\/01\/30\/interview-the-twin-souls\/"},"author":{"name":"Gian Alex","@id":"https:\/\/culturesco.com\/#\/schema\/person\/96a50ce1113da86e8ed4a059222521e7"},"headline":"[INTERVIEW] The Twin Souls : \u00ab\u00a0Beaucoup de choses se sont pass\u00e9es en 5 ans.\u00a0\u00bb","datePublished":"2024-01-30T19:19:41+00:00","dateModified":"2024-06-26T15:21:28+00:00","mainEntityOfPage":{"@id":"https:\/\/culturesco.com\/index.php\/2024\/01\/30\/interview-the-twin-souls\/"},"wordCount":1919,"commentCount":0,"publisher":{"@id":"https:\/\/culturesco.com\/#organization"},"image":{"@id":"https:\/\/culturesco.com\/index.php\/2024\/01\/30\/interview-the-twin-souls\/#primaryimage"},"thumbnailUrl":"https:\/\/i0.wp.com\/culturesco.com\/wp-content\/uploads\/2024\/01\/original-16727707-76C1-4EBC-ABB1-108CBB40F311.jpeg?fit=600%2C429&ssl=1","keywords":["album rock","groupe rock actuel","interview","Rock fran\u00e7ais"],"articleSection":["Albums rock","Carotte Rock Cultures","Groupes rock d'aujourd'hui","Interview"],"inLanguage":"fr-FR","potentialAction":[{"@type":"CommentAction","name":"Comment","target":["https:\/\/culturesco.com\/index.php\/2024\/01\/30\/interview-the-twin-souls\/#respond"]}]},{"@type":"WebPage","@id":"https:\/\/culturesco.com\/index.php\/2024\/01\/30\/interview-the-twin-souls\/","url":"https:\/\/culturesco.com\/index.php\/2024\/01\/30\/interview-the-twin-souls\/","name":"[INTERVIEW] The Twin Souls : \"Beaucoup de choses se sont pass\u00e9es en 5 ans.\" - Culturesco","isPartOf":{"@id":"https:\/\/culturesco.com\/#website"},"primaryImageOfPage":{"@id":"https:\/\/culturesco.com\/index.php\/2024\/01\/30\/interview-the-twin-souls\/#primaryimage"},"image":{"@id":"https:\/\/culturesco.com\/index.php\/2024\/01\/30\/interview-the-twin-souls\/#primaryimage"},"thumbnailUrl":"https:\/\/i0.wp.com\/culturesco.com\/wp-content\/uploads\/2024\/01\/original-16727707-76C1-4EBC-ABB1-108CBB40F311.jpeg?fit=600%2C429&ssl=1","datePublished":"2024-01-30T19:19:41+00:00","dateModified":"2024-06-26T15:21:28+00:00","description":"Culture Co I Interview du duo The Twin Souls pour la sortie de l'album collection Family & Friends le 9 f\u00e9vrier 2024 chez Archipel Records.","breadcrumb":{"@id":"https:\/\/culturesco.com\/index.php\/2024\/01\/30\/interview-the-twin-souls\/#breadcrumb"},"inLanguage":"fr-FR","potentialAction":[{"@type":"ReadAction","target":["https:\/\/culturesco.com\/index.php\/2024\/01\/30\/interview-the-twin-souls\/"]}]},{"@type":"ImageObject","inLanguage":"fr-FR","@id":"https:\/\/culturesco.com\/index.php\/2024\/01\/30\/interview-the-twin-souls\/#primaryimage","url":"https:\/\/i0.wp.com\/culturesco.com\/wp-content\/uploads\/2024\/01\/original-16727707-76C1-4EBC-ABB1-108CBB40F311.jpeg?fit=600%2C429&ssl=1","contentUrl":"https:\/\/i0.wp.com\/culturesco.com\/wp-content\/uploads\/2024\/01\/original-16727707-76C1-4EBC-ABB1-108CBB40F311.jpeg?fit=600%2C429&ssl=1","width":600,"height":429,"caption":"The Twin Souls par Carolyne Shu."},{"@type":"BreadcrumbList","@id":"https:\/\/culturesco.com\/index.php\/2024\/01\/30\/interview-the-twin-souls\/#breadcrumb","itemListElement":[{"@type":"ListItem","position":1,"name":"Accueil","item":"https:\/\/culturesco.com\/"},{"@type":"ListItem","position":2,"name":"[INTERVIEW] The Twin Souls : &#8220;Beaucoup de choses se sont pass\u00e9es en 5 ans.&#8221;"}]},{"@type":"WebSite","@id":"https:\/\/culturesco.com\/#website","url":"https:\/\/culturesco.com\/","name":"Culturesco","description":"Culturesco | Un bon coup de pied dans ta Culture","publisher":{"@id":"https:\/\/culturesco.com\/#organization"},"potentialAction":[{"@type":"SearchAction","target":{"@type":"EntryPoint","urlTemplate":"https:\/\/culturesco.com\/?s={search_term_string}"},"query-input":{"@type":"PropertyValueSpecification","valueRequired":true,"valueName":"search_term_string"}}],"inLanguage":"fr-FR"},{"@type":"Organization","@id":"https:\/\/culturesco.com\/#organization","name":"CULTURESCO","url":"https:\/\/culturesco.com\/","logo":{"@type":"ImageObject","inLanguage":"fr-FR","@id":"https:\/\/culturesco.com\/#\/schema\/logo\/image\/","url":"https:\/\/i0.wp.com\/culturesco.com\/wp-content\/uploads\/2022\/04\/culturesco-logo-blanc250p.png?fit=250%2C250&ssl=1","contentUrl":"https:\/\/i0.wp.com\/culturesco.com\/wp-content\/uploads\/2022\/04\/culturesco-logo-blanc250p.png?fit=250%2C250&ssl=1","width":250,"height":250,"caption":"CULTURESCO"},"image":{"@id":"https:\/\/culturesco.com\/#\/schema\/logo\/image\/"},"sameAs":["https:\/\/www.facebook.com\/radioculturesco","https:\/\/x.com\/AugusteMarshal","https:\/\/www.instagram.com\/carotte_rock_culture\/","https:\/\/www.pinterest.fr\/augustemarshal\/","https:\/\/www.youtube.com\/channel\/UCiWLGffqWSXlNnfzp6YwwyQ"]},{"@type":"Person","@id":"https:\/\/culturesco.com\/#\/schema\/person\/96a50ce1113da86e8ed4a059222521e7","name":"Gian Alex","image":{"@type":"ImageObject","inLanguage":"fr-FR","@id":"https:\/\/i0.wp.com\/culturesco.com\/wp-content\/uploads\/2022\/12\/Gian-Alex.jpg?fit=96%2C64&ssl=1","url":"https:\/\/i0.wp.com\/culturesco.com\/wp-content\/uploads\/2022\/12\/Gian-Alex.jpg?fit=96%2C64&ssl=1","contentUrl":"https:\/\/i0.wp.com\/culturesco.com\/wp-content\/uploads\/2022\/12\/Gian-Alex.jpg?fit=96%2C64&ssl=1","caption":"Gian Alex"},"sameAs":["https:\/\/linktr.ee\/gianalex"],"url":"https:\/\/culturesco.com\/index.php\/author\/gian-alex\/"}]}},"jetpack_featured_media_url":"https:\/\/i0.wp.com\/culturesco.com\/wp-content\/uploads\/2024\/01\/original-16727707-76C1-4EBC-ABB1-108CBB40F311.jpeg?fit=600%2C429&ssl=1","jetpack_likes_enabled":true,"jetpack_sharing_enabled":true,"jetpack_shortlink":"https:\/\/wp.me\/paz89I-5CM","_links":{"self":[{"href":"https:\/\/culturesco.com\/index.php\/wp-json\/wp\/v2\/posts\/21624","targetHints":{"allow":["GET"]}}],"collection":[{"href":"https:\/\/culturesco.com\/index.php\/wp-json\/wp\/v2\/posts"}],"about":[{"href":"https:\/\/culturesco.com\/index.php\/wp-json\/wp\/v2\/types\/post"}],"author":[{"embeddable":true,"href":"https:\/\/culturesco.com\/index.php\/wp-json\/wp\/v2\/users\/22"}],"replies":[{"embeddable":true,"href":"https:\/\/culturesco.com\/index.php\/wp-json\/wp\/v2\/comments?post=21624"}],"version-history":[{"count":0,"href":"https:\/\/culturesco.com\/index.php\/wp-json\/wp\/v2\/posts\/21624\/revisions"}],"wp:featuredmedia":[{"embeddable":true,"href":"https:\/\/culturesco.com\/index.php\/wp-json\/wp\/v2\/media\/21627"}],"wp:attachment":[{"href":"https:\/\/culturesco.com\/index.php\/wp-json\/wp\/v2\/media?parent=21624"}],"wp:term":[{"taxonomy":"category","embeddable":true,"href":"https:\/\/culturesco.com\/index.php\/wp-json\/wp\/v2\/categories?post=21624"},{"taxonomy":"post_tag","embeddable":true,"href":"https:\/\/culturesco.com\/index.php\/wp-json\/wp\/v2\/tags?post=21624"}],"curies":[{"name":"wp","href":"https:\/\/api.w.org\/{rel}","templated":true}]}}