{"id":2149,"date":"2019-01-07T22:55:13","date_gmt":"2019-01-07T21:55:13","guid":{"rendered":"https:\/\/culturesco.com\/?p=2149"},"modified":"2019-07-01T22:21:31","modified_gmt":"2019-07-01T20:21:31","slug":"free-troisieme-album-group-in-volt","status":"publish","type":"post","link":"https:\/\/culturesco.com\/index.php\/2019\/01\/07\/free-troisieme-album-group-in-volt\/","title":{"rendered":"IN VOLT : Album FREE &#8230; Les deux doigts dans la prise !"},"content":{"rendered":"<h2>IN VOLT\u00a0: Heavy, blues\u2019n\u2019hard \u2026 rock<\/h2>\n<p><img data-recalc-dims=\"1\" loading=\"lazy\" decoding=\"async\" class=\"aligncenter size-full wp-image-2150\" src=\"https:\/\/i0.wp.com\/culturesco.com\/wp-content\/uploads\/2019\/01\/in-volt.jpg?resize=696%2C364&#038;ssl=1\" alt=\"In Volt groupe\" width=\"696\" height=\"364\" \/><\/p>\n<p style=\"text-align: justify;\">Apr\u00e8s l&rsquo;eponyme <strong>In Volt<\/strong> en 2012 et <strong>Big fire<\/strong>\u00a0en 2014, les fran\u00e7ais d\u2019<strong>In Volt<\/strong> peaufinent <strong>Free<\/strong>, 3\u00e8me Lp dont la sortie est pr\u00e9vue courant f\u00e9vrier 2019. Mais comment font les \u00ab\u00a0autres\u00a0\u00bb, les anglais, les allemands? Pour que ce disque existe, les fr\u00e8res voix\/guitare ont du avoir recours \u00e0 l\u2019autofinancement puis au crowdfunding en \u00ab\u00a0famille\u00a0\u00bb. Forc\u00e9ment, les allemands ont <strong>Nuclear Blast<\/strong>, Label ind\u00e9pendant imbattable en termes de heavy metal. En Angleterre, c\u2019est plus simple: le rock est \u00ab\u00a0culturel\u00a0\u00bb. Pour exister en France, un groupe de rock doit tourner et tourner encore, Universal pr\u00e9f\u00e9rant sampler \u00e9ternellement les m\u00eames chansons au sein d\u2019ineptes Best-of \u00e0 \u00ab\u00a0danser\u00a0\u00bb.<\/p>\n<p style=\"text-align: justify;\">A la production de <strong>Free<\/strong>, on trouve l\u2019ing\u00e9nieur du son anglais <strong>Jon Caffery<\/strong>, connu pour son travail avec <a href=\"https:\/\/culturesco.com\/index.php\/2019\/06\/18\/sex-pistols-de-no-future-a-god-save-the-queen-censure-violence-et-succes\/\" target=\"_blank\" rel=\"noopener noreferrer\">The Sex Pistols<\/a>,\u00a0<strong>Joy Division<\/strong> ou <strong>Einsturzende Neubauten<\/strong>, groupes pr\u00e9sentant pourtant des univers musicaux \u00e0 des kilom\u00e8tres de celui du groupe\u00a0<strong>In Volt<\/strong>. Fallait-il oser? De fait, c\u2019est\u00a0<strong>Dieter Dierks <\/strong>(producteur l\u00e9gendaire du groupe <a href=\"https:\/\/culturesco.com\/index.php\/2019\/06\/23\/scorpions-hard-rock-et-allemand\/\" target=\"_blank\" rel=\"noopener noreferrer\">Scorpion<\/a>)\u00a0qui, contact\u00e9 par le groupe, propose Jon pour colorier les 11 nouveaux titres du groupe, de \u00abFree\u00bb \u00e0 \u00abThat\u2019s allright\u00bb. R\u00e9sultat?<\/p>\n<h3>Reportage de l&rsquo;enregistrement de ce 3\u00e8me l&rsquo;album \u00e0 K\u00f6ln<\/h3>\n<p><iframe loading=\"lazy\" src=\"https:\/\/www.youtube.com\/embed\/jIdfBRTPmRY\" width=\"560\" height=\"315\" frameborder=\"0\" allowfullscreen=\"allowfullscreen\"><\/iframe><\/p>\n<h3>In Volt &#8211; Nouvel album Free &#8211; Le son ?<\/h3>\n<p style=\"text-align: justify;\">Le son de \u00ab Free \u00bb d\u00e9coupe le cerveau en lamelles, plus pr\u00e9cis\u00e9ment la partie centrale du lobe temporal gauche, si\u00e8ge de l\u2019audition. Organique, heavy, pr\u00e9cis, \u00e9norme sans qu\u2019aucun instrument ne soit m\u00e9pris\u00e9, cordes vocales comprises. La b\u00eate en fureur jaillie des enceintes. Elle saute \u00e0 la gueule de l\u2019auditeur pour lui ouvrir le visage en deux, lac\u00e9rer ses chairs, incruster ses griffes au plus profond des os. Et le pire, c\u2019est qu\u2019une fois l\u2019album termin\u00e9, ne reste de ces blessures qu\u2019un sourire satisfait et l\u2019envie d\u2019une autre agression.<\/p>\n<p style=\"text-align: justify;\">Les paroles des chansons traitent d\u2019actualit\u00e9, de corruption, d\u2019une soci\u00e9t\u00e9 o\u00f9 3% de la population d\u00e9tient 99% des richesses. Ce genre de chose&#8230; mais pas seulement! L&rsquo;amour aussi, celui qui t\u00e9tanise, celui qui brise, qui saigne sur la pierre sacrificielle. Un sentiment qui chez eux ne se conjugue pas qu\u2019\u00e0 l\u2019eau de rose.<\/p>\n<h3>Nouvel album FREE<\/h3>\n<p style=\"text-align: justify;\">Ce groupe \u00e9voque une Les Paul Custom noire, une Black Beauty accoupl\u00e9e \u00e0 un ampli \u00e0 lampes. Dans cette cat\u00e9gorie, \u00e0 l\u2019international, on note quelques formations \u00abtalen-tueuses\u00bb. D\u2019Inglorious \u00e0 Kadavar. De Black Star Riders \u00e0 Rival Sons, peut-\u00eatre l\u2019\u00e9l\u00e8ve le plus dou\u00e9 de tous.<\/p>\n<p><img data-recalc-dims=\"1\" loading=\"lazy\" decoding=\"async\" class=\"size-full wp-image-2151\" src=\"https:\/\/i0.wp.com\/culturesco.com\/wp-content\/uploads\/2019\/01\/Sandra_Stein_61_157_INVOL.jpg?resize=550%2C366&#038;ssl=1\" alt=\"In Volt - Lp FREE\" width=\"550\" height=\"366\" srcset=\"https:\/\/i0.wp.com\/culturesco.com\/wp-content\/uploads\/2019\/01\/Sandra_Stein_61_157_INVOL.jpg?w=550&amp;ssl=1 550w, https:\/\/i0.wp.com\/culturesco.com\/wp-content\/uploads\/2019\/01\/Sandra_Stein_61_157_INVOL.jpg?resize=300%2C200&amp;ssl=1 300w\" sizes=\"auto, (max-width: 550px) 100vw, 550px\" \/><\/p>\n<p style=\"text-align: justify;\">El\u00e8ve? De <a href=\"https:\/\/culturesco.com\/index.php\/2019\/05\/22\/them-crooked-vultures-reunion-de-vautours\/\" target=\"_blank\" rel=\"noopener noreferrer\">Led Zeppelin<\/a> of course! Apr\u00e8s une \u00e9coute attentive de leur discographie, et du futur \u00ab\u00a0Free\u00a0\u00bb en particulier, on aligne <strong>In Volt<\/strong> sur ces t\u00e9nors contemporains. Combo fran\u00e7ais anglophone, il sied au pr\u00e9sent tout aussi bien que ses confr\u00e8res europ\u00e9ens. \u00ab\u00a0Maintenant\u00a0!\u00a0\u00bb, \u00ab\u00a0plus tard\u00a0\u00bb relevant du n\u00e9ant, c\u2019est dans ce contexte qu\u2019il faut garnir les platines d\u2019In Volt, digne repr\u00e9sentant du hard rock des 2000, tel un Back Roads lyonnais ou le<a href=\"https:\/\/culturesco.com\/index.php\/2018\/11\/15\/laura-cox-une-guepe-au-pays-des-frelons\/\" target=\"_blank\" rel=\"noopener noreferrer\"> Laura Cox Band<\/a> francilien, deux autres m\u00e9ritants d\u2019ici.<\/p>\n<p style=\"text-align: justify;\">Vous aimez le Whitesnake de \u00ab\u00a01987\u00a0\u00bb\u00a0? Le hard rock des 70\u2019s sonoris\u00e9 2000\u00a0? <strong>In Volt<\/strong> se la joue \u00ab\u00a0libre\u00a0\u00bb de revendiquer le droit d\u2019en \u00eatre, avec talent, t\u00eates de guitares bien hautes, quatuor uni tels les l\u00e9gendaires mousquetaires. Tout simplement\u00a0: \u00ab\u00a0Free\u00a0\u00bb.<\/p>\n<p>Thierry Dauge<\/p>\n<p>[contact-form-7 id=\u00a0\u00bb2350&Prime; title=\u00a0\u00bbRadio CulturesCo\u00a0\u00bb]<\/p>\n<p><strong>In Volt<\/strong> &#8211; album : <strong>Free<\/strong> &#8211; Disponible le 22 Fevrier 2019<\/p>\n<p><a href=\"http:\/\/www.involt.fr\/\">http:\/\/www.involt.fr\/<\/a><\/p>\n<p><a href=\"https:\/\/www.facebook.com\/InVolt-1369154436494863\/\">https:\/\/www.facebook.com\/InVolt-1369154436494863\/<\/a><\/p>\n<p>&nbsp;<\/p>\n","protected":false},"excerpt":{"rendered":"<p>IN VOLT\u00a0: Heavy, blues\u2019n\u2019hard \u2026 rock Apr\u00e8s l&rsquo;eponyme In Volt en 2012 et Big fire\u00a0en 2014, les fran\u00e7ais d\u2019In Volt peaufinent Free, 3\u00e8me Lp dont la sortie est pr\u00e9vue courant f\u00e9vrier 2019. Mais comment font les \u00ab\u00a0autres\u00a0\u00bb, les anglais, les allemands? Pour que ce disque existe, les fr\u00e8res voix\/guitare ont du avoir recours \u00e0 l\u2019autofinancement [&hellip;]<\/p>\n","protected":false},"author":3,"featured_media":2150,"comment_status":"open","ping_status":"open","sticky":false,"template":"","format":"image","meta":{"jetpack_post_was_ever_published":false,"tdm_status":"","tdm_grid_status":"","_jetpack_newsletter_access":"","_jetpack_dont_email_post_to_subs":false,"_jetpack_newsletter_tier_id":0,"_jetpack_memberships_contains_paywalled_content":false,"_jetpack_memberships_contains_paid_content":false,"footnotes":""},"categories":[17,36],"tags":[37,50],"class_list":{"0":"post-2149","1":"post","2":"type-post","3":"status-publish","4":"format-image","5":"has-post-thumbnail","7":"category-carotte-rock-cultures","8":"category-groupes-rock-daujourdhui","9":"tag-album-rock","10":"tag-hard-rock","11":"post_format-post-format-image"},"yoast_head":"<!-- This site is optimized with the Yoast SEO plugin v27.5 - https:\/\/yoast.com\/product\/yoast-seo-wordpress\/ -->\n<title>IN VOLT : Album FREE ... Les deux doigts dans la prise ! - Culturesco<\/title>\n<meta name=\"description\" content=\"CulturesCo | IN VOLT : FREE - Le groupe pr\u00e9sente son nouvel album 2019. Le son d\u00e9coupe le cerveau en lamelles... les deux doigts dans la prise\" \/>\n<meta name=\"robots\" content=\"index, follow, max-snippet:-1, max-image-preview:large, max-video-preview:-1\" \/>\n<link rel=\"canonical\" href=\"https:\/\/culturesco.com\/index.php\/2019\/01\/07\/free-troisieme-album-group-in-volt\/\" \/>\n<meta property=\"og:locale\" content=\"fr_FR\" \/>\n<meta property=\"og:type\" content=\"article\" \/>\n<meta property=\"og:title\" content=\"IN VOLT : Album FREE ... Les deux doigts dans la prise ! - Culturesco\" \/>\n<meta property=\"og:description\" content=\"CulturesCo | IN VOLT : FREE - Le groupe pr\u00e9sente son nouvel album 2019. Le son d\u00e9coupe le cerveau en lamelles... les deux doigts dans la prise\" \/>\n<meta property=\"og:url\" content=\"https:\/\/culturesco.com\/index.php\/2019\/01\/07\/free-troisieme-album-group-in-volt\/\" \/>\n<meta property=\"og:site_name\" content=\"Culturesco\" \/>\n<meta property=\"article:publisher\" content=\"https:\/\/www.facebook.com\/radioculturesco\" \/>\n<meta property=\"article:published_time\" content=\"2019-01-07T21:55:13+00:00\" \/>\n<meta property=\"article:modified_time\" content=\"2019-07-01T20:21:31+00:00\" \/>\n<meta property=\"og:image\" content=\"https:\/\/i1.wp.com\/culturesco.com\/wp-content\/uploads\/2019\/01\/in-volt-e1555102688632.jpg?fit=600%2C314&ssl=1\" \/>\n\t<meta property=\"og:image:width\" content=\"600\" \/>\n\t<meta property=\"og:image:height\" content=\"314\" \/>\n\t<meta property=\"og:image:type\" content=\"image\/jpeg\" \/>\n<meta name=\"author\" content=\"Thierry Dauge\" \/>\n<meta name=\"twitter:card\" content=\"summary_large_image\" \/>\n<meta name=\"twitter:creator\" content=\"@AugusteMarshal\" \/>\n<meta name=\"twitter:site\" content=\"@AugusteMarshal\" \/>\n<meta name=\"twitter:label1\" content=\"\u00c9crit par\" \/>\n\t<meta name=\"twitter:data1\" content=\"Thierry Dauge\" \/>\n\t<meta name=\"twitter:label2\" content=\"Dur\u00e9e de lecture estim\u00e9e\" \/>\n\t<meta name=\"twitter:data2\" content=\"3 minutes\" \/>\n<script type=\"application\/ld+json\" class=\"yoast-schema-graph\">{\"@context\":\"https:\\\/\\\/schema.org\",\"@graph\":[{\"@type\":\"Article\",\"@id\":\"https:\\\/\\\/culturesco.com\\\/index.php\\\/2019\\\/01\\\/07\\\/free-troisieme-album-group-in-volt\\\/#article\",\"isPartOf\":{\"@id\":\"https:\\\/\\\/culturesco.com\\\/index.php\\\/2019\\\/01\\\/07\\\/free-troisieme-album-group-in-volt\\\/\"},\"author\":{\"name\":\"Thierry Dauge\",\"@id\":\"https:\\\/\\\/culturesco.com\\\/#\\\/schema\\\/person\\\/19f04cf232d246197f6e7d62abe6cb0e\"},\"headline\":\"IN VOLT : Album FREE &#8230; Les deux doigts dans la prise !\",\"datePublished\":\"2019-01-07T21:55:13+00:00\",\"dateModified\":\"2019-07-01T20:21:31+00:00\",\"mainEntityOfPage\":{\"@id\":\"https:\\\/\\\/culturesco.com\\\/index.php\\\/2019\\\/01\\\/07\\\/free-troisieme-album-group-in-volt\\\/\"},\"wordCount\":602,\"commentCount\":0,\"publisher\":{\"@id\":\"https:\\\/\\\/culturesco.com\\\/#organization\"},\"image\":{\"@id\":\"https:\\\/\\\/culturesco.com\\\/index.php\\\/2019\\\/01\\\/07\\\/free-troisieme-album-group-in-volt\\\/#primaryimage\"},\"thumbnailUrl\":\"https:\\\/\\\/i0.wp.com\\\/culturesco.com\\\/wp-content\\\/uploads\\\/2019\\\/01\\\/in-volt-e1555102688632.jpg?fit=600%2C314&ssl=1\",\"keywords\":[\"album rock\",\"hard rock\"],\"articleSection\":[\"Carotte Rock Cultures\",\"Groupes rock d'aujourd'hui\"],\"inLanguage\":\"fr-FR\",\"potentialAction\":[{\"@type\":\"CommentAction\",\"name\":\"Comment\",\"target\":[\"https:\\\/\\\/culturesco.com\\\/index.php\\\/2019\\\/01\\\/07\\\/free-troisieme-album-group-in-volt\\\/#respond\"]}]},{\"@type\":\"WebPage\",\"@id\":\"https:\\\/\\\/culturesco.com\\\/index.php\\\/2019\\\/01\\\/07\\\/free-troisieme-album-group-in-volt\\\/\",\"url\":\"https:\\\/\\\/culturesco.com\\\/index.php\\\/2019\\\/01\\\/07\\\/free-troisieme-album-group-in-volt\\\/\",\"name\":\"IN VOLT : Album FREE ... Les deux doigts dans la prise ! - Culturesco\",\"isPartOf\":{\"@id\":\"https:\\\/\\\/culturesco.com\\\/#website\"},\"primaryImageOfPage\":{\"@id\":\"https:\\\/\\\/culturesco.com\\\/index.php\\\/2019\\\/01\\\/07\\\/free-troisieme-album-group-in-volt\\\/#primaryimage\"},\"image\":{\"@id\":\"https:\\\/\\\/culturesco.com\\\/index.php\\\/2019\\\/01\\\/07\\\/free-troisieme-album-group-in-volt\\\/#primaryimage\"},\"thumbnailUrl\":\"https:\\\/\\\/i0.wp.com\\\/culturesco.com\\\/wp-content\\\/uploads\\\/2019\\\/01\\\/in-volt-e1555102688632.jpg?fit=600%2C314&ssl=1\",\"datePublished\":\"2019-01-07T21:55:13+00:00\",\"dateModified\":\"2019-07-01T20:21:31+00:00\",\"description\":\"CulturesCo | IN VOLT : FREE - Le groupe pr\u00e9sente son nouvel album 2019. Le son d\u00e9coupe le cerveau en lamelles... les deux doigts dans la prise\",\"breadcrumb\":{\"@id\":\"https:\\\/\\\/culturesco.com\\\/index.php\\\/2019\\\/01\\\/07\\\/free-troisieme-album-group-in-volt\\\/#breadcrumb\"},\"inLanguage\":\"fr-FR\",\"potentialAction\":[{\"@type\":\"ReadAction\",\"target\":[\"https:\\\/\\\/culturesco.com\\\/index.php\\\/2019\\\/01\\\/07\\\/free-troisieme-album-group-in-volt\\\/\"]}]},{\"@type\":\"ImageObject\",\"inLanguage\":\"fr-FR\",\"@id\":\"https:\\\/\\\/culturesco.com\\\/index.php\\\/2019\\\/01\\\/07\\\/free-troisieme-album-group-in-volt\\\/#primaryimage\",\"url\":\"https:\\\/\\\/i0.wp.com\\\/culturesco.com\\\/wp-content\\\/uploads\\\/2019\\\/01\\\/in-volt-e1555102688632.jpg?fit=600%2C314&ssl=1\",\"contentUrl\":\"https:\\\/\\\/i0.wp.com\\\/culturesco.com\\\/wp-content\\\/uploads\\\/2019\\\/01\\\/in-volt-e1555102688632.jpg?fit=600%2C314&ssl=1\",\"width\":600,\"height\":314,\"caption\":\"In Volt groupe\"},{\"@type\":\"BreadcrumbList\",\"@id\":\"https:\\\/\\\/culturesco.com\\\/index.php\\\/2019\\\/01\\\/07\\\/free-troisieme-album-group-in-volt\\\/#breadcrumb\",\"itemListElement\":[{\"@type\":\"ListItem\",\"position\":1,\"name\":\"Accueil\",\"item\":\"https:\\\/\\\/culturesco.com\\\/\"},{\"@type\":\"ListItem\",\"position\":2,\"name\":\"IN VOLT : Album FREE &#8230; Les deux doigts dans la prise !\"}]},{\"@type\":\"WebSite\",\"@id\":\"https:\\\/\\\/culturesco.com\\\/#website\",\"url\":\"https:\\\/\\\/culturesco.com\\\/\",\"name\":\"Culturesco\",\"description\":\"Culturesco | Un bon coup de pied dans ta Culture\",\"publisher\":{\"@id\":\"https:\\\/\\\/culturesco.com\\\/#organization\"},\"potentialAction\":[{\"@type\":\"SearchAction\",\"target\":{\"@type\":\"EntryPoint\",\"urlTemplate\":\"https:\\\/\\\/culturesco.com\\\/?s={search_term_string}\"},\"query-input\":{\"@type\":\"PropertyValueSpecification\",\"valueRequired\":true,\"valueName\":\"search_term_string\"}}],\"inLanguage\":\"fr-FR\"},{\"@type\":\"Organization\",\"@id\":\"https:\\\/\\\/culturesco.com\\\/#organization\",\"name\":\"CULTURESCO\",\"url\":\"https:\\\/\\\/culturesco.com\\\/\",\"logo\":{\"@type\":\"ImageObject\",\"inLanguage\":\"fr-FR\",\"@id\":\"https:\\\/\\\/culturesco.com\\\/#\\\/schema\\\/logo\\\/image\\\/\",\"url\":\"https:\\\/\\\/i0.wp.com\\\/culturesco.com\\\/wp-content\\\/uploads\\\/2022\\\/04\\\/culturesco-logo-blanc250p.png?fit=250%2C250&ssl=1\",\"contentUrl\":\"https:\\\/\\\/i0.wp.com\\\/culturesco.com\\\/wp-content\\\/uploads\\\/2022\\\/04\\\/culturesco-logo-blanc250p.png?fit=250%2C250&ssl=1\",\"width\":250,\"height\":250,\"caption\":\"CULTURESCO\"},\"image\":{\"@id\":\"https:\\\/\\\/culturesco.com\\\/#\\\/schema\\\/logo\\\/image\\\/\"},\"sameAs\":[\"https:\\\/\\\/www.facebook.com\\\/radioculturesco\",\"https:\\\/\\\/x.com\\\/AugusteMarshal\",\"https:\\\/\\\/www.instagram.com\\\/carotte_rock_culture\\\/\",\"https:\\\/\\\/www.pinterest.fr\\\/augustemarshal\\\/\",\"https:\\\/\\\/www.youtube.com\\\/channel\\\/UCiWLGffqWSXlNnfzp6YwwyQ\"]},{\"@type\":\"Person\",\"@id\":\"https:\\\/\\\/culturesco.com\\\/#\\\/schema\\\/person\\\/19f04cf232d246197f6e7d62abe6cb0e\",\"name\":\"Thierry Dauge\",\"image\":{\"@type\":\"ImageObject\",\"inLanguage\":\"fr-FR\",\"@id\":\"https:\\\/\\\/i0.wp.com\\\/culturesco.com\\\/wp-content\\\/uploads\\\/2018\\\/12\\\/Black-Beauty-and-me.jpg?fit=96%2C96&ssl=1\",\"url\":\"https:\\\/\\\/i0.wp.com\\\/culturesco.com\\\/wp-content\\\/uploads\\\/2018\\\/12\\\/Black-Beauty-and-me.jpg?fit=96%2C96&ssl=1\",\"contentUrl\":\"https:\\\/\\\/i0.wp.com\\\/culturesco.com\\\/wp-content\\\/uploads\\\/2018\\\/12\\\/Black-Beauty-and-me.jpg?fit=96%2C96&ssl=1\",\"caption\":\"Thierry Dauge\"},\"description\":\"Amoureux des 70\u2019s et du hard rock en particulier, Thierry Dauge est chroniqueur sur Culturesco par amour de l\u2019\u00e9criture musicale. Co-auteur du livre\\\"Pop rock - Les instruments de l'ombre\\\" aux \u00e9ditions du Camion Blanc, collaborateur de Vivi pour \\\"Mes Ann\u00e9es Trust\\\", auteur de \\\"Sparks\\\" aux \u00e9ditions du Layeur, parce que le rock est loin d'\u00eatre mort ...\",\"url\":\"https:\\\/\\\/culturesco.com\\\/index.php\\\/author\\\/thierry-dauge888\\\/\"}]}<\/script>\n<!-- \/ Yoast SEO plugin. -->","yoast_head_json":{"title":"IN VOLT : Album FREE ... Les deux doigts dans la prise ! - Culturesco","description":"CulturesCo | IN VOLT : FREE - Le groupe pr\u00e9sente son nouvel album 2019. Le son d\u00e9coupe le cerveau en lamelles... les deux doigts dans la prise","robots":{"index":"index","follow":"follow","max-snippet":"max-snippet:-1","max-image-preview":"max-image-preview:large","max-video-preview":"max-video-preview:-1"},"canonical":"https:\/\/culturesco.com\/index.php\/2019\/01\/07\/free-troisieme-album-group-in-volt\/","og_locale":"fr_FR","og_type":"article","og_title":"IN VOLT : Album FREE ... Les deux doigts dans la prise ! - Culturesco","og_description":"CulturesCo | IN VOLT : FREE - Le groupe pr\u00e9sente son nouvel album 2019. Le son d\u00e9coupe le cerveau en lamelles... les deux doigts dans la prise","og_url":"https:\/\/culturesco.com\/index.php\/2019\/01\/07\/free-troisieme-album-group-in-volt\/","og_site_name":"Culturesco","article_publisher":"https:\/\/www.facebook.com\/radioculturesco","article_published_time":"2019-01-07T21:55:13+00:00","article_modified_time":"2019-07-01T20:21:31+00:00","og_image":[{"width":600,"height":314,"url":"https:\/\/i1.wp.com\/culturesco.com\/wp-content\/uploads\/2019\/01\/in-volt-e1555102688632.jpg?fit=600%2C314&ssl=1","type":"image\/jpeg"}],"author":"Thierry Dauge","twitter_card":"summary_large_image","twitter_creator":"@AugusteMarshal","twitter_site":"@AugusteMarshal","twitter_misc":{"\u00c9crit par":"Thierry Dauge","Dur\u00e9e de lecture estim\u00e9e":"3 minutes"},"schema":{"@context":"https:\/\/schema.org","@graph":[{"@type":"Article","@id":"https:\/\/culturesco.com\/index.php\/2019\/01\/07\/free-troisieme-album-group-in-volt\/#article","isPartOf":{"@id":"https:\/\/culturesco.com\/index.php\/2019\/01\/07\/free-troisieme-album-group-in-volt\/"},"author":{"name":"Thierry Dauge","@id":"https:\/\/culturesco.com\/#\/schema\/person\/19f04cf232d246197f6e7d62abe6cb0e"},"headline":"IN VOLT : Album FREE &#8230; Les deux doigts dans la prise !","datePublished":"2019-01-07T21:55:13+00:00","dateModified":"2019-07-01T20:21:31+00:00","mainEntityOfPage":{"@id":"https:\/\/culturesco.com\/index.php\/2019\/01\/07\/free-troisieme-album-group-in-volt\/"},"wordCount":602,"commentCount":0,"publisher":{"@id":"https:\/\/culturesco.com\/#organization"},"image":{"@id":"https:\/\/culturesco.com\/index.php\/2019\/01\/07\/free-troisieme-album-group-in-volt\/#primaryimage"},"thumbnailUrl":"https:\/\/i0.wp.com\/culturesco.com\/wp-content\/uploads\/2019\/01\/in-volt-e1555102688632.jpg?fit=600%2C314&ssl=1","keywords":["album rock","hard rock"],"articleSection":["Carotte Rock Cultures","Groupes rock d'aujourd'hui"],"inLanguage":"fr-FR","potentialAction":[{"@type":"CommentAction","name":"Comment","target":["https:\/\/culturesco.com\/index.php\/2019\/01\/07\/free-troisieme-album-group-in-volt\/#respond"]}]},{"@type":"WebPage","@id":"https:\/\/culturesco.com\/index.php\/2019\/01\/07\/free-troisieme-album-group-in-volt\/","url":"https:\/\/culturesco.com\/index.php\/2019\/01\/07\/free-troisieme-album-group-in-volt\/","name":"IN VOLT : Album FREE ... Les deux doigts dans la prise ! - Culturesco","isPartOf":{"@id":"https:\/\/culturesco.com\/#website"},"primaryImageOfPage":{"@id":"https:\/\/culturesco.com\/index.php\/2019\/01\/07\/free-troisieme-album-group-in-volt\/#primaryimage"},"image":{"@id":"https:\/\/culturesco.com\/index.php\/2019\/01\/07\/free-troisieme-album-group-in-volt\/#primaryimage"},"thumbnailUrl":"https:\/\/i0.wp.com\/culturesco.com\/wp-content\/uploads\/2019\/01\/in-volt-e1555102688632.jpg?fit=600%2C314&ssl=1","datePublished":"2019-01-07T21:55:13+00:00","dateModified":"2019-07-01T20:21:31+00:00","description":"CulturesCo | IN VOLT : FREE - Le groupe pr\u00e9sente son nouvel album 2019. Le son d\u00e9coupe le cerveau en lamelles... les deux doigts dans la prise","breadcrumb":{"@id":"https:\/\/culturesco.com\/index.php\/2019\/01\/07\/free-troisieme-album-group-in-volt\/#breadcrumb"},"inLanguage":"fr-FR","potentialAction":[{"@type":"ReadAction","target":["https:\/\/culturesco.com\/index.php\/2019\/01\/07\/free-troisieme-album-group-in-volt\/"]}]},{"@type":"ImageObject","inLanguage":"fr-FR","@id":"https:\/\/culturesco.com\/index.php\/2019\/01\/07\/free-troisieme-album-group-in-volt\/#primaryimage","url":"https:\/\/i0.wp.com\/culturesco.com\/wp-content\/uploads\/2019\/01\/in-volt-e1555102688632.jpg?fit=600%2C314&ssl=1","contentUrl":"https:\/\/i0.wp.com\/culturesco.com\/wp-content\/uploads\/2019\/01\/in-volt-e1555102688632.jpg?fit=600%2C314&ssl=1","width":600,"height":314,"caption":"In Volt groupe"},{"@type":"BreadcrumbList","@id":"https:\/\/culturesco.com\/index.php\/2019\/01\/07\/free-troisieme-album-group-in-volt\/#breadcrumb","itemListElement":[{"@type":"ListItem","position":1,"name":"Accueil","item":"https:\/\/culturesco.com\/"},{"@type":"ListItem","position":2,"name":"IN VOLT : Album FREE &#8230; Les deux doigts dans la prise !"}]},{"@type":"WebSite","@id":"https:\/\/culturesco.com\/#website","url":"https:\/\/culturesco.com\/","name":"Culturesco","description":"Culturesco | Un bon coup de pied dans ta Culture","publisher":{"@id":"https:\/\/culturesco.com\/#organization"},"potentialAction":[{"@type":"SearchAction","target":{"@type":"EntryPoint","urlTemplate":"https:\/\/culturesco.com\/?s={search_term_string}"},"query-input":{"@type":"PropertyValueSpecification","valueRequired":true,"valueName":"search_term_string"}}],"inLanguage":"fr-FR"},{"@type":"Organization","@id":"https:\/\/culturesco.com\/#organization","name":"CULTURESCO","url":"https:\/\/culturesco.com\/","logo":{"@type":"ImageObject","inLanguage":"fr-FR","@id":"https:\/\/culturesco.com\/#\/schema\/logo\/image\/","url":"https:\/\/i0.wp.com\/culturesco.com\/wp-content\/uploads\/2022\/04\/culturesco-logo-blanc250p.png?fit=250%2C250&ssl=1","contentUrl":"https:\/\/i0.wp.com\/culturesco.com\/wp-content\/uploads\/2022\/04\/culturesco-logo-blanc250p.png?fit=250%2C250&ssl=1","width":250,"height":250,"caption":"CULTURESCO"},"image":{"@id":"https:\/\/culturesco.com\/#\/schema\/logo\/image\/"},"sameAs":["https:\/\/www.facebook.com\/radioculturesco","https:\/\/x.com\/AugusteMarshal","https:\/\/www.instagram.com\/carotte_rock_culture\/","https:\/\/www.pinterest.fr\/augustemarshal\/","https:\/\/www.youtube.com\/channel\/UCiWLGffqWSXlNnfzp6YwwyQ"]},{"@type":"Person","@id":"https:\/\/culturesco.com\/#\/schema\/person\/19f04cf232d246197f6e7d62abe6cb0e","name":"Thierry Dauge","image":{"@type":"ImageObject","inLanguage":"fr-FR","@id":"https:\/\/i0.wp.com\/culturesco.com\/wp-content\/uploads\/2018\/12\/Black-Beauty-and-me.jpg?fit=96%2C96&ssl=1","url":"https:\/\/i0.wp.com\/culturesco.com\/wp-content\/uploads\/2018\/12\/Black-Beauty-and-me.jpg?fit=96%2C96&ssl=1","contentUrl":"https:\/\/i0.wp.com\/culturesco.com\/wp-content\/uploads\/2018\/12\/Black-Beauty-and-me.jpg?fit=96%2C96&ssl=1","caption":"Thierry Dauge"},"description":"Amoureux des 70\u2019s et du hard rock en particulier, Thierry Dauge est chroniqueur sur Culturesco par amour de l\u2019\u00e9criture musicale. Co-auteur du livre\"Pop rock - Les instruments de l'ombre\" aux \u00e9ditions du Camion Blanc, collaborateur de Vivi pour \"Mes Ann\u00e9es Trust\", auteur de \"Sparks\" aux \u00e9ditions du Layeur, parce que le rock est loin d'\u00eatre mort ...","url":"https:\/\/culturesco.com\/index.php\/author\/thierry-dauge888\/"}]}},"jetpack_featured_media_url":"https:\/\/i0.wp.com\/culturesco.com\/wp-content\/uploads\/2019\/01\/in-volt-e1555102688632.jpg?fit=600%2C314&ssl=1","jetpack_likes_enabled":true,"jetpack_sharing_enabled":true,"jetpack_shortlink":"https:\/\/wp.me\/paz89I-yF","_links":{"self":[{"href":"https:\/\/culturesco.com\/index.php\/wp-json\/wp\/v2\/posts\/2149","targetHints":{"allow":["GET"]}}],"collection":[{"href":"https:\/\/culturesco.com\/index.php\/wp-json\/wp\/v2\/posts"}],"about":[{"href":"https:\/\/culturesco.com\/index.php\/wp-json\/wp\/v2\/types\/post"}],"author":[{"embeddable":true,"href":"https:\/\/culturesco.com\/index.php\/wp-json\/wp\/v2\/users\/3"}],"replies":[{"embeddable":true,"href":"https:\/\/culturesco.com\/index.php\/wp-json\/wp\/v2\/comments?post=2149"}],"version-history":[{"count":0,"href":"https:\/\/culturesco.com\/index.php\/wp-json\/wp\/v2\/posts\/2149\/revisions"}],"wp:featuredmedia":[{"embeddable":true,"href":"https:\/\/culturesco.com\/index.php\/wp-json\/wp\/v2\/media\/2150"}],"wp:attachment":[{"href":"https:\/\/culturesco.com\/index.php\/wp-json\/wp\/v2\/media?parent=2149"}],"wp:term":[{"taxonomy":"category","embeddable":true,"href":"https:\/\/culturesco.com\/index.php\/wp-json\/wp\/v2\/categories?post=2149"},{"taxonomy":"post_tag","embeddable":true,"href":"https:\/\/culturesco.com\/index.php\/wp-json\/wp\/v2\/tags?post=2149"}],"curies":[{"name":"wp","href":"https:\/\/api.w.org\/{rel}","templated":true}]}}