{"id":21286,"date":"2023-12-15T19:16:28","date_gmt":"2023-12-15T18:16:28","guid":{"rendered":"https:\/\/culturesco.com\/?p=21286"},"modified":"2023-12-15T19:16:28","modified_gmt":"2023-12-15T18:16:28","slug":"stephan-eicher-engelberg","status":"publish","type":"post","link":"https:\/\/culturesco.com\/index.php\/2023\/12\/15\/stephan-eicher-engelberg\/","title":{"rendered":"Stephan EICHER &#8211; Engelberg"},"content":{"rendered":"<h2>Stephan EICHER &#8211; Engelberg<\/h2>\n<p><img data-recalc-dims=\"1\" loading=\"lazy\" decoding=\"async\" class=\" wp-image-21288 aligncenter\" src=\"https:\/\/i0.wp.com\/culturesco.com\/wp-content\/uploads\/2023\/12\/Stephan-EICHER-300x157.jpg?resize=606%2C317&#038;ssl=1\" alt=\"Stephan Eicher\" width=\"606\" height=\"317\" srcset=\"https:\/\/i0.wp.com\/culturesco.com\/wp-content\/uploads\/2023\/12\/Stephan-EICHER.jpg?resize=300%2C157&amp;ssl=1 300w, https:\/\/i0.wp.com\/culturesco.com\/wp-content\/uploads\/2023\/12\/Stephan-EICHER.jpg?resize=768%2C403&amp;ssl=1 768w, https:\/\/i0.wp.com\/culturesco.com\/wp-content\/uploads\/2023\/12\/Stephan-EICHER.jpg?resize=696%2C365&amp;ssl=1 696w, https:\/\/i0.wp.com\/culturesco.com\/wp-content\/uploads\/2023\/12\/Stephan-EICHER.jpg?resize=1068%2C560&amp;ssl=1 1068w, https:\/\/i0.wp.com\/culturesco.com\/wp-content\/uploads\/2023\/12\/Stephan-EICHER.jpg?resize=801%2C420&amp;ssl=1 801w, https:\/\/i0.wp.com\/culturesco.com\/wp-content\/uploads\/2023\/12\/Stephan-EICHER.jpg?w=600&amp;ssl=1 600w, https:\/\/i0.wp.com\/culturesco.com\/wp-content\/uploads\/2023\/12\/Stephan-EICHER.jpg?resize=114%2C60&amp;ssl=1 114w, https:\/\/i0.wp.com\/culturesco.com\/wp-content\/uploads\/2023\/12\/Stephan-EICHER.jpg?resize=172%2C90&amp;ssl=1 172w\" sizes=\"auto, (max-width: 606px) 100vw, 606px\" \/><\/p>\n<p style=\"text-align: justify;\">Depuis les <strong>ann\u00e9es 80<\/strong>, nous connaissons l\u2019<strong>artiste suisse<\/strong>, principalement pour ses deux hits : \u00ab<a href=\"https:\/\/www.youtube.com\/watch?v=FLB0jRngVdU\" target=\"_blank\" rel=\"noopener\"><strong> Two People In A Room<\/strong><\/a> \u00bb (1985) et \u00ab <a href=\"https:\/\/www.youtube.com\/watch?v=bgXJE0vLJWU\" target=\"_blank\" rel=\"noopener\"><strong>Combien de temps<\/strong><\/a> ? \u00bb (1987). En <strong>1991<\/strong>, <strong>Stephan Eicher<\/strong> franchit un cap, qu\u2019\u00e9cris-je, une p\u00e9ninsule (!) en sortant l\u2019album <strong><em>Engelberg<\/em><\/strong>. Pour celui-ci, il <strong>collabore avec<\/strong> deux \u00ab armoires normandes \u00bb, <strong>deux monstres sacr\u00e9s<\/strong> dans leurs disciplines artistiques respectives.<\/p>\n<p style=\"text-align: justify;\"><strong>Philippe Djian<\/strong>, auteur d\u2019une flop\u00e9e d\u2019\u0153uvres litt\u00e9raires chez Gallimard est, en passant, responsable d\u2019une temp\u00e9rature matinale \u00e0 37\u00b02 le matin. <strong>Dominique Blanc-Francard<\/strong>, ma\u00eetre es production, ex ing\u00e9nieur du son au mythique ch\u00e2teau d\u2019H\u00e9rouville, usine des merveilles depuis sa console. <strong>Le premier fomente des textes<\/strong> \u00e0 tiroir que beaucoup vont reprendre dans leurs salles de bains,<strong> le second lui mitonne un son qui l\u2019ouvre \u00e0 l\u2019oreille d\u2019un large public<\/strong>. Au final, les ondes radio nous assurent que nous n\u2019avons pas d\u2019ami comme lui\u2026 Et nous opinons !<\/p>\n<h3>Stephan EICHER &#8211; Pas d&rsquo;ami (Comme toi)<\/h3>\n<div class=\"youtube-embed\" data-video_id=\"T2C_bAx62ck\"><iframe loading=\"lazy\" title=\"Stephan Eicher - Pas D&#039;Ami (Comme Toi)\" width=\"696\" height=\"522\" src=\"https:\/\/www.youtube.com\/embed\/T2C_bAx62ck\" frameborder=\"0\" allow=\"accelerometer; autoplay; clipboard-write; encrypted-media; gyroscope; picture-in-picture; web-share\" referrerpolicy=\"strict-origin-when-cross-origin\" allowfullscreen><\/iframe><\/div>\n<p style=\"text-align: justify;\">La <strong>richesse des orchestrations<\/strong> dont b\u00e9n\u00e9ficient les chansons, ainsi que les <strong>multiples instruments<\/strong> mis \u00e0 disposition, participent pour beaucoup \u00e0 la <strong>qualit\u00e9 m\u00e9lodique de l\u2019album<\/strong>. Certes, le chant de<strong> Stephan Eicher<\/strong> est plut\u00f4t lin\u00e9aire et monocorde, mais <strong>son charisme attire l\u2019auditeur<\/strong>, attise la curiosit\u00e9 \u00e0 l\u2019\u00e9gard d\u2019un personnage au look pr\u00e9supposant de multiples origines.<\/p>\n<p style=\"text-align: justify;\">L\u2019anneau du compagnonnage \u00e0 l\u2019oreille, le cheveu long laiss\u00e9 libre de flotter aux vents, un certain dandysme vestimentaire, un profil au couteau soulign\u00e9 d\u2019un regard t\u00e9n\u00e9breux. <strong>Il voyage en solitaire<\/strong>. Gitan ? On l\u2019imagine davantage de Bucarest, Budapest ou Sofia que de Lausanne. Coiffons-le d\u2019un chapeau et l\u2019on devine <strong>Van Helsing pourchassant Dracula au c\u0153ur des Carpates.<\/strong><\/p>\n<h3>Hemmige<\/h3>\n<div class=\"youtube-embed\" data-video_id=\"pxjNh3sq66U\"><iframe loading=\"lazy\" title=\"Stephan Eicher - Hemmige\" width=\"696\" height=\"522\" src=\"https:\/\/www.youtube.com\/embed\/pxjNh3sq66U\" frameborder=\"0\" allow=\"accelerometer; autoplay; clipboard-write; encrypted-media; gyroscope; picture-in-picture; web-share\" referrerpolicy=\"strict-origin-when-cross-origin\" allowfullscreen><\/iframe><\/div>\n<p style=\"text-align: justify;\">Sous le propos r\u00e9serv\u00e9, on pressent<strong> une blessure<\/strong>, <strong>un myst\u00e8re<\/strong> suppos\u00e9, un <strong>conte imaginaire<\/strong> parcouru de nuages obscurs. En choisissant <strong>Philippe Djian<\/strong> comme <strong>partenaire d\u2019\u00e9criture<\/strong>, il s\u2019adresse \u00e0 un autre introverti, un chercheur obstin\u00e9 par le sens de la vie. Il n\u2019est qu\u2019\u00e0 \u00e9couter \/ lire <strong>les paroles<\/strong> des chansons pour identifier les choses du quotidien qui, par la magie des mots,<strong> interrogent plus qu\u2019elles n\u2019affirment<\/strong>. Parsem\u00e9es de <strong>questions existentielles<\/strong> pour les uns : \u00ab <em>Me feras-tu un enfant pour No\u00ebl ?<\/em> \u00bb, d\u2019autres n\u2019y appr\u00e9hendent qu\u2019un calque de leur propre (morne ?) existence.<\/p>\n<h3>Stephan EICHER &#8211; D\u00e9jeuner en paix<\/h3>\n<div class=\"youtube-embed\" data-video_id=\"SD27eir2GNw\"><iframe loading=\"lazy\" title=\"Stephan Eicher - D\u00e9jeuner En Paix\" width=\"696\" height=\"522\" src=\"https:\/\/www.youtube.com\/embed\/SD27eir2GNw\" frameborder=\"0\" allow=\"accelerometer; autoplay; clipboard-write; encrypted-media; gyroscope; picture-in-picture; web-share\" referrerpolicy=\"strict-origin-when-cross-origin\" allowfullscreen><\/iframe><\/div>\n<p style=\"text-align: justify;\"><strong>Stephan Eicher<\/strong> ne ma\u00e7onne pas <strong>sa musique,<\/strong> elle <strong>vibre en lui telle la s\u00e8ve dans l\u2019arbre<\/strong>. Les <strong>partitions de cordes<\/strong> \u2013 sept violons, trois altos, deux violoncelles et une contrebasse SVP ! \u2013 les <strong>notes d\u2019accord\u00e9on<\/strong>, les accords de <strong>guitares acoustiques<\/strong> et les saillies de <strong>solid-body tr\u00e8s \u00e9lectriques<\/strong> enregistr\u00e9s <strong>dans un \u00ab casino \u00bb<\/strong>, la salle de f\u00eates d\u2019un petit village suisse au sud de Lucerne : <strong>C\u2019\u00e9tait ici, nulle part ailleurs<\/strong>. En <strong>2021<\/strong>, <strong>l\u2019artiste<\/strong> retournant sur les traces de ce qu\u2019il r\u00e9alisa trente ans plus t\u00f4t, <strong>commente<\/strong> : \u00ab <strong><em>Je ne trouve pas le disque d\u00e9gueulasse du tout<\/em> <\/strong>\u00bb.<\/p>\n<h3>Tu ne me dois rien<\/h3>\n<div class=\"youtube-embed\" data-video_id=\"rko9vgHUUl4\"><iframe loading=\"lazy\" title=\"Stephan Eicher - Tu Ne Me Dois Rien\" width=\"696\" height=\"522\" src=\"https:\/\/www.youtube.com\/embed\/rko9vgHUUl4\" frameborder=\"0\" allow=\"accelerometer; autoplay; clipboard-write; encrypted-media; gyroscope; picture-in-picture; web-share\" referrerpolicy=\"strict-origin-when-cross-origin\" allowfullscreen><\/iframe><\/div>\n<p style=\"text-align: justify;\">Difficile envers lui-m\u00eame,<strong> pudique \u00e0 commenter ses propres travaux<\/strong>, Eicher livre peut-\u00eatre <strong>la cl\u00e9 qui le conduisit \u00e0 <em>Engelberg<\/em><\/strong> dans l\u2019album qui lui fait suite, <strong><em>Carcassonne<\/em><\/strong> (1993). Plus prompt \u00e0 se remettre en cause, se critiquer, via la plume de Djian, <strong>il entrouvre une porte :<\/strong><\/p>\n<h3 style=\"text-align: justify;\">\u00ab <em>J&rsquo;avais des hauts, j&rsquo;avais des bas. J&rsquo;avais plus ou moins chaud et toute la vie devant moi. J&rsquo;avais des hauts, j&rsquo;avais des bas. Je crois que j&rsquo;en voulais trop. J\u2019ai m\u00eame eu ce que je n\u2019voulais pas<\/em> \u00bb<\/h3>\n<p style=\"text-align: justify;\"><strong>\u00c9voque-t-il le succ\u00e8s ?<\/strong><\/p>\n<p>Thierry Dauge<\/p>\n","protected":false},"excerpt":{"rendered":"<p>Stephan EICHER &#8211; Engelberg Depuis les ann\u00e9es 80, nous connaissons l\u2019artiste suisse, principalement pour ses deux hits : \u00ab Two People In A Room \u00bb (1985) et \u00ab Combien de temps ? \u00bb (1987). En 1991, Stephan Eicher franchit un cap, qu\u2019\u00e9cris-je, une p\u00e9ninsule (!) en sortant l\u2019album Engelberg. Pour celui-ci, il collabore avec deux [&hellip;]<\/p>\n","protected":false},"author":3,"featured_media":21288,"comment_status":"open","ping_status":"open","sticky":false,"template":"","format":"image","meta":{"jetpack_post_was_ever_published":false,"tdm_status":"","tdm_grid_status":"","_jetpack_newsletter_access":"","_jetpack_dont_email_post_to_subs":false,"_jetpack_newsletter_tier_id":0,"_jetpack_memberships_contains_paywalled_content":false,"_jetpack_memberships_contains_paid_content":false,"footnotes":""},"categories":[30,17,14344,36],"tags":[37,40,51],"class_list":{"0":"post-21286","1":"post","2":"type-post","3":"status-publish","4":"format-image","5":"has-post-thumbnail","7":"category-albums-rock","8":"category-carotte-rock-cultures","9":"category-chanson-francaise","10":"category-groupes-rock-daujourdhui","11":"tag-album-rock","12":"tag-chanson-francaise","13":"tag-rock-francais","14":"post_format-post-format-image"},"yoast_head":"<!-- This site is optimized with the Yoast SEO plugin v27.5 - https:\/\/yoast.com\/product\/yoast-seo-wordpress\/ -->\n<title>Stephan EICHER - Engelberg - Culturesco chanson fran\u00e7aise<\/title>\n<meta name=\"description\" content=\"CulturesCo | En 1991, avec Engelberg, Stephan Eicher perfore l&#039;underground \u00e0 destination du grand public. Un bel album, de belles chansons.\" \/>\n<meta name=\"robots\" content=\"index, follow, max-snippet:-1, max-image-preview:large, max-video-preview:-1\" \/>\n<link rel=\"canonical\" href=\"https:\/\/culturesco.com\/index.php\/2023\/12\/15\/stephan-eicher-engelberg\/\" \/>\n<meta property=\"og:locale\" content=\"fr_FR\" \/>\n<meta property=\"og:type\" content=\"article\" \/>\n<meta property=\"og:title\" content=\"Stephan EICHER - Engelberg - Culturesco chanson fran\u00e7aise\" \/>\n<meta property=\"og:description\" content=\"CulturesCo | En 1991, avec Engelberg, Stephan Eicher perfore l&#039;underground \u00e0 destination du grand public. Un bel album, de belles chansons.\" \/>\n<meta property=\"og:url\" content=\"https:\/\/culturesco.com\/index.php\/2023\/12\/15\/stephan-eicher-engelberg\/\" \/>\n<meta property=\"og:site_name\" content=\"Culturesco\" \/>\n<meta property=\"article:publisher\" content=\"https:\/\/www.facebook.com\/radioculturesco\" \/>\n<meta property=\"article:published_time\" content=\"2023-12-15T18:16:28+00:00\" \/>\n<meta property=\"og:image\" content=\"https:\/\/culturesco.com\/wp-content\/uploads\/2023\/12\/Stephan-EICHER.jpg\" \/>\n\t<meta property=\"og:image:width\" content=\"600\" \/>\n\t<meta property=\"og:image:height\" content=\"315\" \/>\n\t<meta property=\"og:image:type\" content=\"image\/jpeg\" \/>\n<meta name=\"author\" content=\"Thierry Dauge\" \/>\n<meta name=\"twitter:card\" content=\"summary_large_image\" \/>\n<meta name=\"twitter:creator\" content=\"@AugusteMarshal\" \/>\n<meta name=\"twitter:site\" content=\"@AugusteMarshal\" \/>\n<meta name=\"twitter:label1\" content=\"\u00c9crit par\" \/>\n\t<meta name=\"twitter:data1\" content=\"Thierry Dauge\" \/>\n\t<meta name=\"twitter:label2\" content=\"Dur\u00e9e de lecture estim\u00e9e\" \/>\n\t<meta name=\"twitter:data2\" content=\"4 minutes\" \/>\n<script type=\"application\/ld+json\" class=\"yoast-schema-graph\">{\"@context\":\"https:\\\/\\\/schema.org\",\"@graph\":[{\"@type\":\"Article\",\"@id\":\"https:\\\/\\\/culturesco.com\\\/index.php\\\/2023\\\/12\\\/15\\\/stephan-eicher-engelberg\\\/#article\",\"isPartOf\":{\"@id\":\"https:\\\/\\\/culturesco.com\\\/index.php\\\/2023\\\/12\\\/15\\\/stephan-eicher-engelberg\\\/\"},\"author\":{\"name\":\"Thierry Dauge\",\"@id\":\"https:\\\/\\\/culturesco.com\\\/#\\\/schema\\\/person\\\/19f04cf232d246197f6e7d62abe6cb0e\"},\"headline\":\"Stephan EICHER &#8211; Engelberg\",\"datePublished\":\"2023-12-15T18:16:28+00:00\",\"mainEntityOfPage\":{\"@id\":\"https:\\\/\\\/culturesco.com\\\/index.php\\\/2023\\\/12\\\/15\\\/stephan-eicher-engelberg\\\/\"},\"wordCount\":644,\"commentCount\":0,\"publisher\":{\"@id\":\"https:\\\/\\\/culturesco.com\\\/#organization\"},\"image\":{\"@id\":\"https:\\\/\\\/culturesco.com\\\/index.php\\\/2023\\\/12\\\/15\\\/stephan-eicher-engelberg\\\/#primaryimage\"},\"thumbnailUrl\":\"https:\\\/\\\/i0.wp.com\\\/culturesco.com\\\/wp-content\\\/uploads\\\/2023\\\/12\\\/Stephan-EICHER.jpg?fit=600%2C315&ssl=1\",\"keywords\":[\"album rock\",\"chanson fran\u00e7aise\",\"Rock fran\u00e7ais\"],\"articleSection\":[\"Albums rock\",\"Carotte Rock Cultures\",\"Chanson fran\u00e7aise\",\"Groupes rock d'aujourd'hui\"],\"inLanguage\":\"fr-FR\",\"potentialAction\":[{\"@type\":\"CommentAction\",\"name\":\"Comment\",\"target\":[\"https:\\\/\\\/culturesco.com\\\/index.php\\\/2023\\\/12\\\/15\\\/stephan-eicher-engelberg\\\/#respond\"]}]},{\"@type\":\"WebPage\",\"@id\":\"https:\\\/\\\/culturesco.com\\\/index.php\\\/2023\\\/12\\\/15\\\/stephan-eicher-engelberg\\\/\",\"url\":\"https:\\\/\\\/culturesco.com\\\/index.php\\\/2023\\\/12\\\/15\\\/stephan-eicher-engelberg\\\/\",\"name\":\"Stephan EICHER - Engelberg - Culturesco chanson fran\u00e7aise\",\"isPartOf\":{\"@id\":\"https:\\\/\\\/culturesco.com\\\/#website\"},\"primaryImageOfPage\":{\"@id\":\"https:\\\/\\\/culturesco.com\\\/index.php\\\/2023\\\/12\\\/15\\\/stephan-eicher-engelberg\\\/#primaryimage\"},\"image\":{\"@id\":\"https:\\\/\\\/culturesco.com\\\/index.php\\\/2023\\\/12\\\/15\\\/stephan-eicher-engelberg\\\/#primaryimage\"},\"thumbnailUrl\":\"https:\\\/\\\/i0.wp.com\\\/culturesco.com\\\/wp-content\\\/uploads\\\/2023\\\/12\\\/Stephan-EICHER.jpg?fit=600%2C315&ssl=1\",\"datePublished\":\"2023-12-15T18:16:28+00:00\",\"description\":\"CulturesCo | En 1991, avec Engelberg, Stephan Eicher perfore l'underground \u00e0 destination du grand public. Un bel album, de belles chansons.\",\"breadcrumb\":{\"@id\":\"https:\\\/\\\/culturesco.com\\\/index.php\\\/2023\\\/12\\\/15\\\/stephan-eicher-engelberg\\\/#breadcrumb\"},\"inLanguage\":\"fr-FR\",\"potentialAction\":[{\"@type\":\"ReadAction\",\"target\":[\"https:\\\/\\\/culturesco.com\\\/index.php\\\/2023\\\/12\\\/15\\\/stephan-eicher-engelberg\\\/\"]}]},{\"@type\":\"ImageObject\",\"inLanguage\":\"fr-FR\",\"@id\":\"https:\\\/\\\/culturesco.com\\\/index.php\\\/2023\\\/12\\\/15\\\/stephan-eicher-engelberg\\\/#primaryimage\",\"url\":\"https:\\\/\\\/i0.wp.com\\\/culturesco.com\\\/wp-content\\\/uploads\\\/2023\\\/12\\\/Stephan-EICHER.jpg?fit=600%2C315&ssl=1\",\"contentUrl\":\"https:\\\/\\\/i0.wp.com\\\/culturesco.com\\\/wp-content\\\/uploads\\\/2023\\\/12\\\/Stephan-EICHER.jpg?fit=600%2C315&ssl=1\",\"width\":600,\"height\":315,\"caption\":\"Stephan Eicher\"},{\"@type\":\"BreadcrumbList\",\"@id\":\"https:\\\/\\\/culturesco.com\\\/index.php\\\/2023\\\/12\\\/15\\\/stephan-eicher-engelberg\\\/#breadcrumb\",\"itemListElement\":[{\"@type\":\"ListItem\",\"position\":1,\"name\":\"Accueil\",\"item\":\"https:\\\/\\\/culturesco.com\\\/\"},{\"@type\":\"ListItem\",\"position\":2,\"name\":\"Stephan EICHER &#8211; Engelberg\"}]},{\"@type\":\"WebSite\",\"@id\":\"https:\\\/\\\/culturesco.com\\\/#website\",\"url\":\"https:\\\/\\\/culturesco.com\\\/\",\"name\":\"Culturesco\",\"description\":\"Culturesco | Un bon coup de pied dans ta Culture\",\"publisher\":{\"@id\":\"https:\\\/\\\/culturesco.com\\\/#organization\"},\"potentialAction\":[{\"@type\":\"SearchAction\",\"target\":{\"@type\":\"EntryPoint\",\"urlTemplate\":\"https:\\\/\\\/culturesco.com\\\/?s={search_term_string}\"},\"query-input\":{\"@type\":\"PropertyValueSpecification\",\"valueRequired\":true,\"valueName\":\"search_term_string\"}}],\"inLanguage\":\"fr-FR\"},{\"@type\":\"Organization\",\"@id\":\"https:\\\/\\\/culturesco.com\\\/#organization\",\"name\":\"CULTURESCO\",\"url\":\"https:\\\/\\\/culturesco.com\\\/\",\"logo\":{\"@type\":\"ImageObject\",\"inLanguage\":\"fr-FR\",\"@id\":\"https:\\\/\\\/culturesco.com\\\/#\\\/schema\\\/logo\\\/image\\\/\",\"url\":\"https:\\\/\\\/i0.wp.com\\\/culturesco.com\\\/wp-content\\\/uploads\\\/2022\\\/04\\\/culturesco-logo-blanc250p.png?fit=250%2C250&ssl=1\",\"contentUrl\":\"https:\\\/\\\/i0.wp.com\\\/culturesco.com\\\/wp-content\\\/uploads\\\/2022\\\/04\\\/culturesco-logo-blanc250p.png?fit=250%2C250&ssl=1\",\"width\":250,\"height\":250,\"caption\":\"CULTURESCO\"},\"image\":{\"@id\":\"https:\\\/\\\/culturesco.com\\\/#\\\/schema\\\/logo\\\/image\\\/\"},\"sameAs\":[\"https:\\\/\\\/www.facebook.com\\\/radioculturesco\",\"https:\\\/\\\/x.com\\\/AugusteMarshal\",\"https:\\\/\\\/www.instagram.com\\\/carotte_rock_culture\\\/\",\"https:\\\/\\\/www.pinterest.fr\\\/augustemarshal\\\/\",\"https:\\\/\\\/www.youtube.com\\\/channel\\\/UCiWLGffqWSXlNnfzp6YwwyQ\"]},{\"@type\":\"Person\",\"@id\":\"https:\\\/\\\/culturesco.com\\\/#\\\/schema\\\/person\\\/19f04cf232d246197f6e7d62abe6cb0e\",\"name\":\"Thierry Dauge\",\"image\":{\"@type\":\"ImageObject\",\"inLanguage\":\"fr-FR\",\"@id\":\"https:\\\/\\\/i0.wp.com\\\/culturesco.com\\\/wp-content\\\/uploads\\\/2018\\\/12\\\/Black-Beauty-and-me.jpg?fit=96%2C96&ssl=1\",\"url\":\"https:\\\/\\\/i0.wp.com\\\/culturesco.com\\\/wp-content\\\/uploads\\\/2018\\\/12\\\/Black-Beauty-and-me.jpg?fit=96%2C96&ssl=1\",\"contentUrl\":\"https:\\\/\\\/i0.wp.com\\\/culturesco.com\\\/wp-content\\\/uploads\\\/2018\\\/12\\\/Black-Beauty-and-me.jpg?fit=96%2C96&ssl=1\",\"caption\":\"Thierry Dauge\"},\"description\":\"Amoureux des 70\u2019s et du hard rock en particulier, Thierry Dauge est chroniqueur sur Culturesco par amour de l\u2019\u00e9criture musicale. Co-auteur du livre\\\"Pop rock - Les instruments de l'ombre\\\" aux \u00e9ditions du Camion Blanc, collaborateur de Vivi pour \\\"Mes Ann\u00e9es Trust\\\", auteur de \\\"Sparks\\\" aux \u00e9ditions du Layeur, parce que le rock est loin d'\u00eatre mort ...\",\"url\":\"https:\\\/\\\/culturesco.com\\\/index.php\\\/author\\\/thierry-dauge888\\\/\"}]}<\/script>\n<!-- \/ Yoast SEO plugin. -->","yoast_head_json":{"title":"Stephan EICHER - Engelberg - Culturesco chanson fran\u00e7aise","description":"CulturesCo | En 1991, avec Engelberg, Stephan Eicher perfore l'underground \u00e0 destination du grand public. Un bel album, de belles chansons.","robots":{"index":"index","follow":"follow","max-snippet":"max-snippet:-1","max-image-preview":"max-image-preview:large","max-video-preview":"max-video-preview:-1"},"canonical":"https:\/\/culturesco.com\/index.php\/2023\/12\/15\/stephan-eicher-engelberg\/","og_locale":"fr_FR","og_type":"article","og_title":"Stephan EICHER - Engelberg - Culturesco chanson fran\u00e7aise","og_description":"CulturesCo | En 1991, avec Engelberg, Stephan Eicher perfore l'underground \u00e0 destination du grand public. Un bel album, de belles chansons.","og_url":"https:\/\/culturesco.com\/index.php\/2023\/12\/15\/stephan-eicher-engelberg\/","og_site_name":"Culturesco","article_publisher":"https:\/\/www.facebook.com\/radioculturesco","article_published_time":"2023-12-15T18:16:28+00:00","og_image":[{"width":600,"height":315,"url":"https:\/\/culturesco.com\/wp-content\/uploads\/2023\/12\/Stephan-EICHER.jpg","type":"image\/jpeg"}],"author":"Thierry Dauge","twitter_card":"summary_large_image","twitter_creator":"@AugusteMarshal","twitter_site":"@AugusteMarshal","twitter_misc":{"\u00c9crit par":"Thierry Dauge","Dur\u00e9e de lecture estim\u00e9e":"4 minutes"},"schema":{"@context":"https:\/\/schema.org","@graph":[{"@type":"Article","@id":"https:\/\/culturesco.com\/index.php\/2023\/12\/15\/stephan-eicher-engelberg\/#article","isPartOf":{"@id":"https:\/\/culturesco.com\/index.php\/2023\/12\/15\/stephan-eicher-engelberg\/"},"author":{"name":"Thierry Dauge","@id":"https:\/\/culturesco.com\/#\/schema\/person\/19f04cf232d246197f6e7d62abe6cb0e"},"headline":"Stephan EICHER &#8211; Engelberg","datePublished":"2023-12-15T18:16:28+00:00","mainEntityOfPage":{"@id":"https:\/\/culturesco.com\/index.php\/2023\/12\/15\/stephan-eicher-engelberg\/"},"wordCount":644,"commentCount":0,"publisher":{"@id":"https:\/\/culturesco.com\/#organization"},"image":{"@id":"https:\/\/culturesco.com\/index.php\/2023\/12\/15\/stephan-eicher-engelberg\/#primaryimage"},"thumbnailUrl":"https:\/\/i0.wp.com\/culturesco.com\/wp-content\/uploads\/2023\/12\/Stephan-EICHER.jpg?fit=600%2C315&ssl=1","keywords":["album rock","chanson fran\u00e7aise","Rock fran\u00e7ais"],"articleSection":["Albums rock","Carotte Rock Cultures","Chanson fran\u00e7aise","Groupes rock d'aujourd'hui"],"inLanguage":"fr-FR","potentialAction":[{"@type":"CommentAction","name":"Comment","target":["https:\/\/culturesco.com\/index.php\/2023\/12\/15\/stephan-eicher-engelberg\/#respond"]}]},{"@type":"WebPage","@id":"https:\/\/culturesco.com\/index.php\/2023\/12\/15\/stephan-eicher-engelberg\/","url":"https:\/\/culturesco.com\/index.php\/2023\/12\/15\/stephan-eicher-engelberg\/","name":"Stephan EICHER - Engelberg - Culturesco chanson fran\u00e7aise","isPartOf":{"@id":"https:\/\/culturesco.com\/#website"},"primaryImageOfPage":{"@id":"https:\/\/culturesco.com\/index.php\/2023\/12\/15\/stephan-eicher-engelberg\/#primaryimage"},"image":{"@id":"https:\/\/culturesco.com\/index.php\/2023\/12\/15\/stephan-eicher-engelberg\/#primaryimage"},"thumbnailUrl":"https:\/\/i0.wp.com\/culturesco.com\/wp-content\/uploads\/2023\/12\/Stephan-EICHER.jpg?fit=600%2C315&ssl=1","datePublished":"2023-12-15T18:16:28+00:00","description":"CulturesCo | En 1991, avec Engelberg, Stephan Eicher perfore l'underground \u00e0 destination du grand public. Un bel album, de belles chansons.","breadcrumb":{"@id":"https:\/\/culturesco.com\/index.php\/2023\/12\/15\/stephan-eicher-engelberg\/#breadcrumb"},"inLanguage":"fr-FR","potentialAction":[{"@type":"ReadAction","target":["https:\/\/culturesco.com\/index.php\/2023\/12\/15\/stephan-eicher-engelberg\/"]}]},{"@type":"ImageObject","inLanguage":"fr-FR","@id":"https:\/\/culturesco.com\/index.php\/2023\/12\/15\/stephan-eicher-engelberg\/#primaryimage","url":"https:\/\/i0.wp.com\/culturesco.com\/wp-content\/uploads\/2023\/12\/Stephan-EICHER.jpg?fit=600%2C315&ssl=1","contentUrl":"https:\/\/i0.wp.com\/culturesco.com\/wp-content\/uploads\/2023\/12\/Stephan-EICHER.jpg?fit=600%2C315&ssl=1","width":600,"height":315,"caption":"Stephan Eicher"},{"@type":"BreadcrumbList","@id":"https:\/\/culturesco.com\/index.php\/2023\/12\/15\/stephan-eicher-engelberg\/#breadcrumb","itemListElement":[{"@type":"ListItem","position":1,"name":"Accueil","item":"https:\/\/culturesco.com\/"},{"@type":"ListItem","position":2,"name":"Stephan EICHER &#8211; Engelberg"}]},{"@type":"WebSite","@id":"https:\/\/culturesco.com\/#website","url":"https:\/\/culturesco.com\/","name":"Culturesco","description":"Culturesco | Un bon coup de pied dans ta Culture","publisher":{"@id":"https:\/\/culturesco.com\/#organization"},"potentialAction":[{"@type":"SearchAction","target":{"@type":"EntryPoint","urlTemplate":"https:\/\/culturesco.com\/?s={search_term_string}"},"query-input":{"@type":"PropertyValueSpecification","valueRequired":true,"valueName":"search_term_string"}}],"inLanguage":"fr-FR"},{"@type":"Organization","@id":"https:\/\/culturesco.com\/#organization","name":"CULTURESCO","url":"https:\/\/culturesco.com\/","logo":{"@type":"ImageObject","inLanguage":"fr-FR","@id":"https:\/\/culturesco.com\/#\/schema\/logo\/image\/","url":"https:\/\/i0.wp.com\/culturesco.com\/wp-content\/uploads\/2022\/04\/culturesco-logo-blanc250p.png?fit=250%2C250&ssl=1","contentUrl":"https:\/\/i0.wp.com\/culturesco.com\/wp-content\/uploads\/2022\/04\/culturesco-logo-blanc250p.png?fit=250%2C250&ssl=1","width":250,"height":250,"caption":"CULTURESCO"},"image":{"@id":"https:\/\/culturesco.com\/#\/schema\/logo\/image\/"},"sameAs":["https:\/\/www.facebook.com\/radioculturesco","https:\/\/x.com\/AugusteMarshal","https:\/\/www.instagram.com\/carotte_rock_culture\/","https:\/\/www.pinterest.fr\/augustemarshal\/","https:\/\/www.youtube.com\/channel\/UCiWLGffqWSXlNnfzp6YwwyQ"]},{"@type":"Person","@id":"https:\/\/culturesco.com\/#\/schema\/person\/19f04cf232d246197f6e7d62abe6cb0e","name":"Thierry Dauge","image":{"@type":"ImageObject","inLanguage":"fr-FR","@id":"https:\/\/i0.wp.com\/culturesco.com\/wp-content\/uploads\/2018\/12\/Black-Beauty-and-me.jpg?fit=96%2C96&ssl=1","url":"https:\/\/i0.wp.com\/culturesco.com\/wp-content\/uploads\/2018\/12\/Black-Beauty-and-me.jpg?fit=96%2C96&ssl=1","contentUrl":"https:\/\/i0.wp.com\/culturesco.com\/wp-content\/uploads\/2018\/12\/Black-Beauty-and-me.jpg?fit=96%2C96&ssl=1","caption":"Thierry Dauge"},"description":"Amoureux des 70\u2019s et du hard rock en particulier, Thierry Dauge est chroniqueur sur Culturesco par amour de l\u2019\u00e9criture musicale. Co-auteur du livre\"Pop rock - Les instruments de l'ombre\" aux \u00e9ditions du Camion Blanc, collaborateur de Vivi pour \"Mes Ann\u00e9es Trust\", auteur de \"Sparks\" aux \u00e9ditions du Layeur, parce que le rock est loin d'\u00eatre mort ...","url":"https:\/\/culturesco.com\/index.php\/author\/thierry-dauge888\/"}]}},"jetpack_featured_media_url":"https:\/\/i0.wp.com\/culturesco.com\/wp-content\/uploads\/2023\/12\/Stephan-EICHER.jpg?fit=600%2C315&ssl=1","jetpack_likes_enabled":true,"jetpack_sharing_enabled":true,"jetpack_shortlink":"https:\/\/wp.me\/paz89I-5xk","_links":{"self":[{"href":"https:\/\/culturesco.com\/index.php\/wp-json\/wp\/v2\/posts\/21286","targetHints":{"allow":["GET"]}}],"collection":[{"href":"https:\/\/culturesco.com\/index.php\/wp-json\/wp\/v2\/posts"}],"about":[{"href":"https:\/\/culturesco.com\/index.php\/wp-json\/wp\/v2\/types\/post"}],"author":[{"embeddable":true,"href":"https:\/\/culturesco.com\/index.php\/wp-json\/wp\/v2\/users\/3"}],"replies":[{"embeddable":true,"href":"https:\/\/culturesco.com\/index.php\/wp-json\/wp\/v2\/comments?post=21286"}],"version-history":[{"count":0,"href":"https:\/\/culturesco.com\/index.php\/wp-json\/wp\/v2\/posts\/21286\/revisions"}],"wp:featuredmedia":[{"embeddable":true,"href":"https:\/\/culturesco.com\/index.php\/wp-json\/wp\/v2\/media\/21288"}],"wp:attachment":[{"href":"https:\/\/culturesco.com\/index.php\/wp-json\/wp\/v2\/media?parent=21286"}],"wp:term":[{"taxonomy":"category","embeddable":true,"href":"https:\/\/culturesco.com\/index.php\/wp-json\/wp\/v2\/categories?post=21286"},{"taxonomy":"post_tag","embeddable":true,"href":"https:\/\/culturesco.com\/index.php\/wp-json\/wp\/v2\/tags?post=21286"}],"curies":[{"name":"wp","href":"https:\/\/api.w.org\/{rel}","templated":true}]}}