{"id":20862,"date":"2023-11-07T10:55:19","date_gmt":"2023-11-07T09:55:19","guid":{"rendered":"https:\/\/culturesco.com\/?p=20862"},"modified":"2023-11-11T15:38:02","modified_gmt":"2023-11-11T14:38:02","slug":"jeanette-porque-te-vas","status":"publish","type":"post","link":"https:\/\/culturesco.com\/index.php\/2023\/11\/07\/jeanette-porque-te-vas\/","title":{"rendered":"JEANETTE : Porque Te Vas"},"content":{"rendered":"<h2>Le chant du d\u00e9part&#8230;<\/h2>\n<figure id=\"attachment_20865\" aria-describedby=\"caption-attachment-20865\" style=\"width: 400px\" class=\"wp-caption aligncenter\"><img data-recalc-dims=\"1\" loading=\"lazy\" decoding=\"async\" class=\"size-full wp-image-20865\" src=\"https:\/\/i0.wp.com\/culturesco.com\/wp-content\/uploads\/2023\/11\/jeanette-lutxana.jpg?resize=400%2C344&#038;ssl=1\" alt=\"Jeanette dans les ann\u00e9es 70\" width=\"400\" height=\"344\" srcset=\"https:\/\/i0.wp.com\/culturesco.com\/wp-content\/uploads\/2023\/11\/jeanette-lutxana.jpg?w=400&amp;ssl=1 400w, https:\/\/i0.wp.com\/culturesco.com\/wp-content\/uploads\/2023\/11\/jeanette-lutxana.jpg?resize=300%2C258&amp;ssl=1 300w, https:\/\/i0.wp.com\/culturesco.com\/wp-content\/uploads\/2023\/11\/jeanette-lutxana.jpg?resize=70%2C60&amp;ssl=1 70w, https:\/\/i0.wp.com\/culturesco.com\/wp-content\/uploads\/2023\/11\/jeanette-lutxana.jpg?resize=105%2C90&amp;ssl=1 105w\" sizes=\"auto, (max-width: 400px) 100vw, 400px\" \/><figcaption id=\"caption-attachment-20865\" class=\"wp-caption-text\">La chanteuse Jeanette dans les ann\u00e9es 70<\/figcaption><\/figure>\n<p style=\"text-align: justify;\">C\u2019est un soir de Juillet 1976. Dans une bo\u00eete en Bretagne, du c\u00f4t\u00e9 de Pontrieux, les gars en jean \/ tee-shirt et les nanas en robe Gypsy \/ sabots \u2013 c\u2019est la tendance de l\u2019ann\u00e9e &#8211; dansent sur les hits de cet \u00e9t\u00e9 solaire : <strong>Silly Love Song<\/strong> de <strong>Wings<\/strong>, <a href=\"https:\/\/culturesco.com\/index.php\/2020\/07\/15\/the-rolling-stones-black-and-blue-1976-fool-to-cry\/\"><strong>Fool To Cry<\/strong> <\/a>des <strong>Rolling Stones<\/strong>, <a href=\"https:\/\/culturesco.com\/index.php\/2022\/02\/21\/kraftwerk-radioactivity-sur-toutes-les-ondes\/\"><strong>Radioactivity<\/strong> <\/a>de <strong>Kraftwerk<\/strong>, <a href=\"https:\/\/culturesco.com\/index.php\/2022\/06\/05\/adriano-celentano-svalutation\/\"><strong>Svalutation<\/strong> <\/a>de l\u2019italien <strong>Adriano Celentano<\/strong>\u2026 Ou ce titre-l\u00e0, mi chant\u00e9 mi chuchot\u00e9 en Espagnol, par une fille \u00e0 la voix juv\u00e9nile et sensuelle : <strong>Porque Te Vas<\/strong> de <strong>Jeanette<\/strong> !<\/p>\n<h3>Jeanette \u2013 Porque Te Vas (1974)<\/h3>\n<div class=\"youtube-embed\" data-video_id=\"TjUhXbGdLYo\"><iframe loading=\"lazy\" title=\"Jeanette - Porque te vas\" width=\"696\" height=\"522\" src=\"https:\/\/www.youtube.com\/embed\/TjUhXbGdLYo\" frameborder=\"0\" allow=\"accelerometer; autoplay; clipboard-write; encrypted-media; gyroscope; picture-in-picture; web-share\" referrerpolicy=\"strict-origin-when-cross-origin\" allowfullscreen><\/iframe><\/div>\n<h3 style=\"text-align: justify;\">Tsi Tsi !<\/h3>\n<p style=\"text-align: justify;\">De la chanteuse, on ne sait pas grand-chose \u00e0 l\u2019\u00e9poque. Mais du c\u00f4t\u00e9 des Ib\u00e8res, on se souvient peut-\u00eatre du groupe <strong>Pic-Nic<\/strong>, formation entre folk et country, o\u00f9 elle appara\u00eet \u00e0 la fin des ann\u00e9es 60.<strong> Jeanette<\/strong> y d\u00e9voile son admiration pour <strong>Bob Dylan<\/strong>, <strong>Donovan<\/strong>, ou les <strong>Byrds<\/strong>.<\/p>\n<h3>Pic-Nic &#8211; C\u00e1llate Ni\u00f1a (1967)<\/h3>\n<div class=\"youtube-embed\" data-video_id=\"2CDctQKEj3I\"><iframe loading=\"lazy\" title=\"Jeanette - C\u00e1llate ni\u00f1a, con PIC - NIC\" width=\"696\" height=\"522\" src=\"https:\/\/www.youtube.com\/embed\/2CDctQKEj3I\" frameborder=\"0\" allow=\"accelerometer; autoplay; clipboard-write; encrypted-media; gyroscope; picture-in-picture; web-share\" referrerpolicy=\"strict-origin-when-cross-origin\" allowfullscreen><\/iframe><\/div>\n<p style=\"text-align: justify;\">Puis, apr\u00e8s 69, ann\u00e9e pour nous gainsbourrienne, elle quitte le <strong>Pic-Nic<\/strong> pour un parcours en solitaire et plusieurs singles dont <strong>Soy Rebelde<\/strong> (1971) ou <strong>Estroy Triste<\/strong> (1972)&#8230; Sa m\u00e9lancolie impressionne le public espagnol.<\/p>\n<h3>Jeanette \u2013 Soy Rebelde (1971)<\/h3>\n<div class=\"youtube-embed\" data-video_id=\"WZhkSQXRvQw\"><iframe loading=\"lazy\" title=\"Jeanette - Soy rebelde\" width=\"696\" height=\"522\" src=\"https:\/\/www.youtube.com\/embed\/WZhkSQXRvQw\" frameborder=\"0\" allow=\"accelerometer; autoplay; clipboard-write; encrypted-media; gyroscope; picture-in-picture; web-share\" referrerpolicy=\"strict-origin-when-cross-origin\" allowfullscreen><\/iframe><\/div>\n<p style=\"text-align: justify;\">En 1974, la chanteuse enregistre un titre compos\u00e9 et \u00e9crit par <strong>Jos\u00e9 Luis Perales<\/strong> avec <strong>Juanito M\u00e1rquez <\/strong>pour l&rsquo;orchestration ainsi que les arrangements. Un chant du d\u00e9part, de la s\u00e9paration&#8230; Apr\u00e8s les ballades au spleen quelque peu somnolent, il faut bien le dire, le th\u00e8me d\u00e9roule un tempo plus enlev\u00e9, une section de cuivres accrocheuse et ce gimmick du double coup de charley du batteur : Tsi Tsi ! \u00c7a chaloupe le transistor et le c\u0153ur des auditeurs aussi !<strong> Porque Te Vas<\/strong> chemine parmi les hits en Espagne mais pas ailleurs.<\/p>\n<h3 style=\"text-align: justify;\">\u00c9l\u00e8ve des corbeaux&#8230;<\/h3>\n<figure id=\"attachment_20864\" aria-describedby=\"caption-attachment-20864\" style=\"width: 350px\" class=\"wp-caption aligncenter\"><img data-recalc-dims=\"1\" loading=\"lazy\" decoding=\"async\" class=\"size-full wp-image-20864\" src=\"https:\/\/i0.wp.com\/culturesco.com\/wp-content\/uploads\/2023\/11\/R-2661592-1296073098-2.jpg?resize=350%2C362&#038;ssl=1\" alt=\"Jeanette, muisique de Cr\u00eda Cuervos\" width=\"350\" height=\"362\" srcset=\"https:\/\/i0.wp.com\/culturesco.com\/wp-content\/uploads\/2023\/11\/R-2661592-1296073098-2.jpg?w=350&amp;ssl=1 350w, https:\/\/i0.wp.com\/culturesco.com\/wp-content\/uploads\/2023\/11\/R-2661592-1296073098-2.jpg?resize=290%2C300&amp;ssl=1 290w, https:\/\/i0.wp.com\/culturesco.com\/wp-content\/uploads\/2023\/11\/R-2661592-1296073098-2.jpg?resize=58%2C60&amp;ssl=1 58w, https:\/\/i0.wp.com\/culturesco.com\/wp-content\/uploads\/2023\/11\/R-2661592-1296073098-2.jpg?resize=87%2C90&amp;ssl=1 87w\" sizes=\"auto, (max-width: 350px) 100vw, 350px\" \/><figcaption id=\"caption-attachment-20864\" class=\"wp-caption-text\">Jeanette, Porque Te Vas, musique du film Cr\u00eda Cuervos (1976)<\/figcaption><\/figure>\n<p style=\"text-align: justify;\">Le 20 Novembre 1975 dispara\u00eet <strong>Francisco Franco<\/strong>, le dictateur qui dirigeait le destin de l\u2019Espagne depuis 1939. Le grand pays semble h\u00e9siter entre l\u2019appel \u00e0 la libert\u00e9 et la rechute dans le gouffre. Le cin\u00e9aste<a href=\"https:\/\/fr.wikipedia.org\/wiki\/Carlos_Saura\"><strong> Carlos Saura<\/strong><\/a> tourne en parall\u00e8le son dixi\u00e8me long m\u00e9trage\u00a0:\u00a0 <strong><span class=\"lang-es\" lang=\"es\">Cr\u00eda Cuervos<\/span> <\/strong>(Une r\u00e9f\u00e9rence au dicton espagnol <em>\u00ab Cr\u00eda cuervos y te sacar\u00e1n los<\/em> <em>ojos\u00a0\u00bb<\/em>, litt\u00e9ralement<em> \u00ab El\u00e8ve des corbeaux et ils t&rsquo;arracheront les yeux \u00bb<\/em>). Ce film o\u00f9 se confrontent vision de l\u2019enfance et r\u00e9alit\u00e9 de l\u2019\u00e2ge adulte devient aussi une all\u00e9gorie sur une Espagne cloisonn\u00e9e et mortif\u00e8re. Mais quelle musique choisit <strong>Saura<\/strong> pour illustrer son projet\u00a0? <strong>Porque Te Vas<\/strong>. Lorsqu\u2019en Mai 1976, son \u0153uvre\u00a0 re\u00e7oit les honneurs du Festival de Cannes, la complainte de <strong>Jeanette<\/strong> est propuls\u00e9e sur toutes les radios de France puis d\u2019Europe. Alors le 45 tours se vend comme des churros sur les plages dor\u00e9es\u2026<\/p>\n<h3>Carlos Saura &#8211; <span class=\"lang-es\" lang=\"es\">Cr\u00eda Cuervos<\/span> \/ Extrait (1976)<\/h3>\n<div class=\"youtube-embed\" data-video_id=\"q8y-O4Wha1w\"><iframe loading=\"lazy\" title=\"Porque te vas - Ana Torrent en Cri\u0301a cuervos [HD] | FlixOl\u00e9\" width=\"696\" height=\"392\" src=\"https:\/\/www.youtube.com\/embed\/q8y-O4Wha1w\" frameborder=\"0\" allow=\"accelerometer; autoplay; clipboard-write; encrypted-media; gyroscope; picture-in-picture; web-share\" referrerpolicy=\"strict-origin-when-cross-origin\" allowfullscreen><\/iframe><\/div>\n<p><em>Hoy en mi ventana brilla el sol<\/em><br \/>\n<em>Y el corazon<\/em><br \/>\n<em>Se pone triste contemplando la ciudad<\/em><br \/>\n<em>Porque te vas<\/em><\/p>\n<p><em>Como cada noche despert\u00e9<\/em><br \/>\n<em>Pensando en ti<\/em><br \/>\n<em>Y en mi reloj todas las horas vi pasar<\/em><br \/>\n<em>Porque te vas<\/em><\/p>\n<p><em>Todas las promesas de mi amor se iran contigo<\/em><br \/>\n<em>Me olvidaras<\/em><br \/>\n<em>Me olvidaras<\/em><br \/>\n<em>Junto a la estacion yo llorar\u00e9 igual que un nino<\/em><br \/>\n<em>Porque te vas<\/em><br \/>\n<em>Porque te vas<\/em><br \/>\n<em>Porque te vas<\/em><br \/>\n<em>Porque te vas<\/em><\/p>\n<p><em>Bajo la penumbra de un farol<\/em><br \/>\n<em>Se dormiran<\/em><br \/>\n<em>Todas las cosas que quedaron por decir<\/em><br \/>\n<em>Se dormiran<\/em><\/p>\n<p><em>Junto a las manillas de un reloj<\/em><br \/>\n<em>Esperaran<\/em><br \/>\n<em>Todas las horas que quedaron por vivir<\/em><br \/>\n<em>Esperaran<\/em><\/p>\n<p><em>Todas las promesas de mi amor se iran contigo<\/em><br \/>\n<em>Me olvidaras<\/em><br \/>\n<em>Me olvidaras<\/em><br \/>\n<em>Junto a la estacion yo llorar\u00e9 igual que un nino<\/em><br \/>\n<em>Porque te vas&#8230;<\/em><br \/>\n<a href=\"https:\/\/paroles2chansons.lemonde.fr\/paroles-jeanette\/paroles-porque-te-vas.html\"><strong>(Traduction : ici)<\/strong><\/a><\/p>\n<p style=\"text-align: justify;\">Plus tard, les profs d\u2019Espagnol par chez nous se souvenant sans doute avec \u00e9motion de cette comptine tr\u00e8s seventies la proposeront \u00e0 leurs \u00e9l\u00e8ves. Peut-\u00eatre ont-ils \u00e9t\u00e9 aussi sensibles \u00e0 cette s\u00e9r\u00e9nade susurr\u00e9e par la douce <strong>Jeanette<\/strong> et \u00e0 ce fameux Tsi Tsi de cymbale&#8230;<\/p>\n<p style=\"text-align: justify;\">Ps : Pour d\u00e9couvrir la suite de la carri\u00e8re de<strong> Jeanette<\/strong>, <a href=\"https:\/\/www.youtube.com\/@jeanette4820\"><strong>sa cha\u00eene YouTube<\/strong><\/a>.<\/p>\n<p style=\"text-align: justify;\"><strong>Bruno Polaro\u00efd<\/strong><\/p>\n","protected":false},"excerpt":{"rendered":"<p>Le chant du d\u00e9part&#8230; C\u2019est un soir de Juillet 1976. Dans une bo\u00eete en Bretagne, du c\u00f4t\u00e9 de Pontrieux, les gars en jean \/ tee-shirt et les nanas en robe Gypsy \/ sabots \u2013 c\u2019est la tendance de l\u2019ann\u00e9e &#8211; dansent sur les hits de cet \u00e9t\u00e9 solaire : Silly Love Song de Wings, Fool [&hellip;]<\/p>\n","protected":false},"author":20,"featured_media":20863,"comment_status":"open","ping_status":"open","sticky":false,"template":"","format":"image","meta":{"jetpack_post_was_ever_published":false,"tdm_status":"","tdm_grid_status":"","_jetpack_newsletter_access":"","_jetpack_dont_email_post_to_subs":false,"_jetpack_newsletter_tier_id":0,"_jetpack_memberships_contains_paywalled_content":false,"_jetpack_memberships_contains_paid_content":false,"footnotes":""},"categories":[17,14449,24,14450],"tags":[12020,54,4171],"class_list":{"0":"post-20862","1":"post","2":"type-post","3":"status-publish","4":"format-image","5":"has-post-thumbnail","7":"category-carotte-rock-cultures","8":"category-chanson","9":"category-cinema","10":"category-single","11":"tag-chanteuse","12":"tag-cinema","13":"tag-pop-culture","14":"post_format-post-format-image"},"yoast_head":"<!-- This site is optimized with the Yoast SEO plugin v27.5 - https:\/\/yoast.com\/product\/yoast-seo-wordpress\/ -->\n<title>JEANETTE : Porque Te Vas - Culturesco<\/title>\n<meta name=\"description\" content=\"CulturesCo | Un bon coup de pied dans ta Culture | Chroniques et histoire du Rock, chanson - JEANETTE : Porque Te Vas\" \/>\n<meta name=\"robots\" content=\"index, follow, max-snippet:-1, max-image-preview:large, max-video-preview:-1\" \/>\n<link rel=\"canonical\" href=\"https:\/\/culturesco.com\/index.php\/2023\/11\/07\/jeanette-porque-te-vas\/\" \/>\n<meta property=\"og:locale\" content=\"fr_FR\" \/>\n<meta property=\"og:type\" content=\"article\" \/>\n<meta property=\"og:title\" content=\"JEANETTE : Porque Te Vas - Culturesco\" \/>\n<meta property=\"og:description\" content=\"CulturesCo | Un bon coup de pied dans ta Culture | Chroniques et histoire du Rock, chanson - JEANETTE : Porque Te Vas\" \/>\n<meta property=\"og:url\" content=\"https:\/\/culturesco.com\/index.php\/2023\/11\/07\/jeanette-porque-te-vas\/\" \/>\n<meta property=\"og:site_name\" content=\"Culturesco\" \/>\n<meta property=\"article:publisher\" content=\"https:\/\/www.facebook.com\/radioculturesco\" \/>\n<meta property=\"article:published_time\" content=\"2023-11-07T09:55:19+00:00\" \/>\n<meta property=\"article:modified_time\" content=\"2023-11-11T14:38:02+00:00\" \/>\n<meta property=\"og:image\" content=\"https:\/\/culturesco.com\/wp-content\/uploads\/2023\/11\/R-3228209-1321373828-2.jpg\" \/>\n\t<meta property=\"og:image:width\" content=\"600\" \/>\n\t<meta property=\"og:image:height\" content=\"314\" \/>\n\t<meta property=\"og:image:type\" content=\"image\/jpeg\" \/>\n<meta name=\"author\" content=\"Bruno Polaroid\" \/>\n<meta name=\"twitter:card\" content=\"summary_large_image\" \/>\n<meta name=\"twitter:creator\" content=\"@AugusteMarshal\" \/>\n<meta name=\"twitter:site\" content=\"@AugusteMarshal\" \/>\n<meta name=\"twitter:label1\" content=\"\u00c9crit par\" \/>\n\t<meta name=\"twitter:data1\" content=\"Bruno Polaroid\" \/>\n\t<meta name=\"twitter:label2\" content=\"Dur\u00e9e de lecture estim\u00e9e\" \/>\n\t<meta name=\"twitter:data2\" content=\"4 minutes\" \/>\n<script type=\"application\/ld+json\" class=\"yoast-schema-graph\">{\"@context\":\"https:\\\/\\\/schema.org\",\"@graph\":[{\"@type\":\"Article\",\"@id\":\"https:\\\/\\\/culturesco.com\\\/index.php\\\/2023\\\/11\\\/07\\\/jeanette-porque-te-vas\\\/#article\",\"isPartOf\":{\"@id\":\"https:\\\/\\\/culturesco.com\\\/index.php\\\/2023\\\/11\\\/07\\\/jeanette-porque-te-vas\\\/\"},\"author\":{\"name\":\"Bruno Polaroid\",\"@id\":\"https:\\\/\\\/culturesco.com\\\/#\\\/schema\\\/person\\\/81834f4613bae18e9afa0dfb9b4f5457\"},\"headline\":\"JEANETTE : Porque Te Vas\",\"datePublished\":\"2023-11-07T09:55:19+00:00\",\"dateModified\":\"2023-11-11T14:38:02+00:00\",\"mainEntityOfPage\":{\"@id\":\"https:\\\/\\\/culturesco.com\\\/index.php\\\/2023\\\/11\\\/07\\\/jeanette-porque-te-vas\\\/\"},\"wordCount\":732,\"commentCount\":0,\"publisher\":{\"@id\":\"https:\\\/\\\/culturesco.com\\\/#organization\"},\"image\":{\"@id\":\"https:\\\/\\\/culturesco.com\\\/index.php\\\/2023\\\/11\\\/07\\\/jeanette-porque-te-vas\\\/#primaryimage\"},\"thumbnailUrl\":\"https:\\\/\\\/i0.wp.com\\\/culturesco.com\\\/wp-content\\\/uploads\\\/2023\\\/11\\\/R-3228209-1321373828-2.jpg?fit=600%2C314&ssl=1\",\"keywords\":[\"chanteuse\",\"cin\u00e9ma\",\"Pop culture\"],\"articleSection\":[\"Carotte Rock Cultures\",\"chanson\",\"Cin\u00e9ma\",\"Single\"],\"inLanguage\":\"fr-FR\",\"potentialAction\":[{\"@type\":\"CommentAction\",\"name\":\"Comment\",\"target\":[\"https:\\\/\\\/culturesco.com\\\/index.php\\\/2023\\\/11\\\/07\\\/jeanette-porque-te-vas\\\/#respond\"]}]},{\"@type\":\"WebPage\",\"@id\":\"https:\\\/\\\/culturesco.com\\\/index.php\\\/2023\\\/11\\\/07\\\/jeanette-porque-te-vas\\\/\",\"url\":\"https:\\\/\\\/culturesco.com\\\/index.php\\\/2023\\\/11\\\/07\\\/jeanette-porque-te-vas\\\/\",\"name\":\"JEANETTE : Porque Te Vas - Culturesco\",\"isPartOf\":{\"@id\":\"https:\\\/\\\/culturesco.com\\\/#website\"},\"primaryImageOfPage\":{\"@id\":\"https:\\\/\\\/culturesco.com\\\/index.php\\\/2023\\\/11\\\/07\\\/jeanette-porque-te-vas\\\/#primaryimage\"},\"image\":{\"@id\":\"https:\\\/\\\/culturesco.com\\\/index.php\\\/2023\\\/11\\\/07\\\/jeanette-porque-te-vas\\\/#primaryimage\"},\"thumbnailUrl\":\"https:\\\/\\\/i0.wp.com\\\/culturesco.com\\\/wp-content\\\/uploads\\\/2023\\\/11\\\/R-3228209-1321373828-2.jpg?fit=600%2C314&ssl=1\",\"datePublished\":\"2023-11-07T09:55:19+00:00\",\"dateModified\":\"2023-11-11T14:38:02+00:00\",\"description\":\"CulturesCo | Un bon coup de pied dans ta Culture | Chroniques et histoire du Rock, chanson - JEANETTE : Porque Te Vas\",\"breadcrumb\":{\"@id\":\"https:\\\/\\\/culturesco.com\\\/index.php\\\/2023\\\/11\\\/07\\\/jeanette-porque-te-vas\\\/#breadcrumb\"},\"inLanguage\":\"fr-FR\",\"potentialAction\":[{\"@type\":\"ReadAction\",\"target\":[\"https:\\\/\\\/culturesco.com\\\/index.php\\\/2023\\\/11\\\/07\\\/jeanette-porque-te-vas\\\/\"]}]},{\"@type\":\"ImageObject\",\"inLanguage\":\"fr-FR\",\"@id\":\"https:\\\/\\\/culturesco.com\\\/index.php\\\/2023\\\/11\\\/07\\\/jeanette-porque-te-vas\\\/#primaryimage\",\"url\":\"https:\\\/\\\/i0.wp.com\\\/culturesco.com\\\/wp-content\\\/uploads\\\/2023\\\/11\\\/R-3228209-1321373828-2.jpg?fit=600%2C314&ssl=1\",\"contentUrl\":\"https:\\\/\\\/i0.wp.com\\\/culturesco.com\\\/wp-content\\\/uploads\\\/2023\\\/11\\\/R-3228209-1321373828-2.jpg?fit=600%2C314&ssl=1\",\"width\":600,\"height\":314,\"caption\":\"Jeanette, Porque Te Vas\"},{\"@type\":\"BreadcrumbList\",\"@id\":\"https:\\\/\\\/culturesco.com\\\/index.php\\\/2023\\\/11\\\/07\\\/jeanette-porque-te-vas\\\/#breadcrumb\",\"itemListElement\":[{\"@type\":\"ListItem\",\"position\":1,\"name\":\"Accueil\",\"item\":\"https:\\\/\\\/culturesco.com\\\/\"},{\"@type\":\"ListItem\",\"position\":2,\"name\":\"JEANETTE : Porque Te Vas\"}]},{\"@type\":\"WebSite\",\"@id\":\"https:\\\/\\\/culturesco.com\\\/#website\",\"url\":\"https:\\\/\\\/culturesco.com\\\/\",\"name\":\"Culturesco\",\"description\":\"Culturesco | Un bon coup de pied dans ta Culture\",\"publisher\":{\"@id\":\"https:\\\/\\\/culturesco.com\\\/#organization\"},\"potentialAction\":[{\"@type\":\"SearchAction\",\"target\":{\"@type\":\"EntryPoint\",\"urlTemplate\":\"https:\\\/\\\/culturesco.com\\\/?s={search_term_string}\"},\"query-input\":{\"@type\":\"PropertyValueSpecification\",\"valueRequired\":true,\"valueName\":\"search_term_string\"}}],\"inLanguage\":\"fr-FR\"},{\"@type\":\"Organization\",\"@id\":\"https:\\\/\\\/culturesco.com\\\/#organization\",\"name\":\"CULTURESCO\",\"url\":\"https:\\\/\\\/culturesco.com\\\/\",\"logo\":{\"@type\":\"ImageObject\",\"inLanguage\":\"fr-FR\",\"@id\":\"https:\\\/\\\/culturesco.com\\\/#\\\/schema\\\/logo\\\/image\\\/\",\"url\":\"https:\\\/\\\/i0.wp.com\\\/culturesco.com\\\/wp-content\\\/uploads\\\/2022\\\/04\\\/culturesco-logo-blanc250p.png?fit=250%2C250&ssl=1\",\"contentUrl\":\"https:\\\/\\\/i0.wp.com\\\/culturesco.com\\\/wp-content\\\/uploads\\\/2022\\\/04\\\/culturesco-logo-blanc250p.png?fit=250%2C250&ssl=1\",\"width\":250,\"height\":250,\"caption\":\"CULTURESCO\"},\"image\":{\"@id\":\"https:\\\/\\\/culturesco.com\\\/#\\\/schema\\\/logo\\\/image\\\/\"},\"sameAs\":[\"https:\\\/\\\/www.facebook.com\\\/radioculturesco\",\"https:\\\/\\\/x.com\\\/AugusteMarshal\",\"https:\\\/\\\/www.instagram.com\\\/carotte_rock_culture\\\/\",\"https:\\\/\\\/www.pinterest.fr\\\/augustemarshal\\\/\",\"https:\\\/\\\/www.youtube.com\\\/channel\\\/UCiWLGffqWSXlNnfzp6YwwyQ\"]},{\"@type\":\"Person\",\"@id\":\"https:\\\/\\\/culturesco.com\\\/#\\\/schema\\\/person\\\/81834f4613bae18e9afa0dfb9b4f5457\",\"name\":\"Bruno Polaroid\",\"image\":{\"@type\":\"ImageObject\",\"inLanguage\":\"fr-FR\",\"@id\":\"https:\\\/\\\/i0.wp.com\\\/culturesco.com\\\/wp-content\\\/uploads\\\/2021\\\/12\\\/1798853_1375590169374746_992490721_n.jpg?fit=94%2C96&ssl=1\",\"url\":\"https:\\\/\\\/i0.wp.com\\\/culturesco.com\\\/wp-content\\\/uploads\\\/2021\\\/12\\\/1798853_1375590169374746_992490721_n.jpg?fit=94%2C96&ssl=1\",\"contentUrl\":\"https:\\\/\\\/i0.wp.com\\\/culturesco.com\\\/wp-content\\\/uploads\\\/2021\\\/12\\\/1798853_1375590169374746_992490721_n.jpg?fit=94%2C96&ssl=1\",\"caption\":\"Bruno Polaroid\"},\"description\":\"Bruno Ledez alias Bruno Polaro\u00efd : Chroniqueur \u00e0 Cultures Co, Attach\u00e9 de Presse, ex Animateur \u00e0 Radio-Campus Lille \\\/ \u00c9mission La Folie (1986 - 2009), ex Chroniqueur \u00e9pisodique des fanzines Walking The Dog et Musiques, Images &amp; Passions Modernes.\",\"url\":\"https:\\\/\\\/culturesco.com\\\/index.php\\\/author\\\/bruno-polaroid\\\/\"}]}<\/script>\n<!-- \/ Yoast SEO plugin. -->","yoast_head_json":{"title":"JEANETTE : Porque Te Vas - Culturesco","description":"CulturesCo | Un bon coup de pied dans ta Culture | Chroniques et histoire du Rock, chanson - JEANETTE : Porque Te Vas","robots":{"index":"index","follow":"follow","max-snippet":"max-snippet:-1","max-image-preview":"max-image-preview:large","max-video-preview":"max-video-preview:-1"},"canonical":"https:\/\/culturesco.com\/index.php\/2023\/11\/07\/jeanette-porque-te-vas\/","og_locale":"fr_FR","og_type":"article","og_title":"JEANETTE : Porque Te Vas - Culturesco","og_description":"CulturesCo | Un bon coup de pied dans ta Culture | Chroniques et histoire du Rock, chanson - JEANETTE : Porque Te Vas","og_url":"https:\/\/culturesco.com\/index.php\/2023\/11\/07\/jeanette-porque-te-vas\/","og_site_name":"Culturesco","article_publisher":"https:\/\/www.facebook.com\/radioculturesco","article_published_time":"2023-11-07T09:55:19+00:00","article_modified_time":"2023-11-11T14:38:02+00:00","og_image":[{"width":600,"height":314,"url":"https:\/\/culturesco.com\/wp-content\/uploads\/2023\/11\/R-3228209-1321373828-2.jpg","type":"image\/jpeg"}],"author":"Bruno Polaroid","twitter_card":"summary_large_image","twitter_creator":"@AugusteMarshal","twitter_site":"@AugusteMarshal","twitter_misc":{"\u00c9crit par":"Bruno Polaroid","Dur\u00e9e de lecture estim\u00e9e":"4 minutes"},"schema":{"@context":"https:\/\/schema.org","@graph":[{"@type":"Article","@id":"https:\/\/culturesco.com\/index.php\/2023\/11\/07\/jeanette-porque-te-vas\/#article","isPartOf":{"@id":"https:\/\/culturesco.com\/index.php\/2023\/11\/07\/jeanette-porque-te-vas\/"},"author":{"name":"Bruno Polaroid","@id":"https:\/\/culturesco.com\/#\/schema\/person\/81834f4613bae18e9afa0dfb9b4f5457"},"headline":"JEANETTE : Porque Te Vas","datePublished":"2023-11-07T09:55:19+00:00","dateModified":"2023-11-11T14:38:02+00:00","mainEntityOfPage":{"@id":"https:\/\/culturesco.com\/index.php\/2023\/11\/07\/jeanette-porque-te-vas\/"},"wordCount":732,"commentCount":0,"publisher":{"@id":"https:\/\/culturesco.com\/#organization"},"image":{"@id":"https:\/\/culturesco.com\/index.php\/2023\/11\/07\/jeanette-porque-te-vas\/#primaryimage"},"thumbnailUrl":"https:\/\/i0.wp.com\/culturesco.com\/wp-content\/uploads\/2023\/11\/R-3228209-1321373828-2.jpg?fit=600%2C314&ssl=1","keywords":["chanteuse","cin\u00e9ma","Pop culture"],"articleSection":["Carotte Rock Cultures","chanson","Cin\u00e9ma","Single"],"inLanguage":"fr-FR","potentialAction":[{"@type":"CommentAction","name":"Comment","target":["https:\/\/culturesco.com\/index.php\/2023\/11\/07\/jeanette-porque-te-vas\/#respond"]}]},{"@type":"WebPage","@id":"https:\/\/culturesco.com\/index.php\/2023\/11\/07\/jeanette-porque-te-vas\/","url":"https:\/\/culturesco.com\/index.php\/2023\/11\/07\/jeanette-porque-te-vas\/","name":"JEANETTE : Porque Te Vas - Culturesco","isPartOf":{"@id":"https:\/\/culturesco.com\/#website"},"primaryImageOfPage":{"@id":"https:\/\/culturesco.com\/index.php\/2023\/11\/07\/jeanette-porque-te-vas\/#primaryimage"},"image":{"@id":"https:\/\/culturesco.com\/index.php\/2023\/11\/07\/jeanette-porque-te-vas\/#primaryimage"},"thumbnailUrl":"https:\/\/i0.wp.com\/culturesco.com\/wp-content\/uploads\/2023\/11\/R-3228209-1321373828-2.jpg?fit=600%2C314&ssl=1","datePublished":"2023-11-07T09:55:19+00:00","dateModified":"2023-11-11T14:38:02+00:00","description":"CulturesCo | Un bon coup de pied dans ta Culture | Chroniques et histoire du Rock, chanson - JEANETTE : Porque Te Vas","breadcrumb":{"@id":"https:\/\/culturesco.com\/index.php\/2023\/11\/07\/jeanette-porque-te-vas\/#breadcrumb"},"inLanguage":"fr-FR","potentialAction":[{"@type":"ReadAction","target":["https:\/\/culturesco.com\/index.php\/2023\/11\/07\/jeanette-porque-te-vas\/"]}]},{"@type":"ImageObject","inLanguage":"fr-FR","@id":"https:\/\/culturesco.com\/index.php\/2023\/11\/07\/jeanette-porque-te-vas\/#primaryimage","url":"https:\/\/i0.wp.com\/culturesco.com\/wp-content\/uploads\/2023\/11\/R-3228209-1321373828-2.jpg?fit=600%2C314&ssl=1","contentUrl":"https:\/\/i0.wp.com\/culturesco.com\/wp-content\/uploads\/2023\/11\/R-3228209-1321373828-2.jpg?fit=600%2C314&ssl=1","width":600,"height":314,"caption":"Jeanette, Porque Te Vas"},{"@type":"BreadcrumbList","@id":"https:\/\/culturesco.com\/index.php\/2023\/11\/07\/jeanette-porque-te-vas\/#breadcrumb","itemListElement":[{"@type":"ListItem","position":1,"name":"Accueil","item":"https:\/\/culturesco.com\/"},{"@type":"ListItem","position":2,"name":"JEANETTE : Porque Te Vas"}]},{"@type":"WebSite","@id":"https:\/\/culturesco.com\/#website","url":"https:\/\/culturesco.com\/","name":"Culturesco","description":"Culturesco | Un bon coup de pied dans ta Culture","publisher":{"@id":"https:\/\/culturesco.com\/#organization"},"potentialAction":[{"@type":"SearchAction","target":{"@type":"EntryPoint","urlTemplate":"https:\/\/culturesco.com\/?s={search_term_string}"},"query-input":{"@type":"PropertyValueSpecification","valueRequired":true,"valueName":"search_term_string"}}],"inLanguage":"fr-FR"},{"@type":"Organization","@id":"https:\/\/culturesco.com\/#organization","name":"CULTURESCO","url":"https:\/\/culturesco.com\/","logo":{"@type":"ImageObject","inLanguage":"fr-FR","@id":"https:\/\/culturesco.com\/#\/schema\/logo\/image\/","url":"https:\/\/i0.wp.com\/culturesco.com\/wp-content\/uploads\/2022\/04\/culturesco-logo-blanc250p.png?fit=250%2C250&ssl=1","contentUrl":"https:\/\/i0.wp.com\/culturesco.com\/wp-content\/uploads\/2022\/04\/culturesco-logo-blanc250p.png?fit=250%2C250&ssl=1","width":250,"height":250,"caption":"CULTURESCO"},"image":{"@id":"https:\/\/culturesco.com\/#\/schema\/logo\/image\/"},"sameAs":["https:\/\/www.facebook.com\/radioculturesco","https:\/\/x.com\/AugusteMarshal","https:\/\/www.instagram.com\/carotte_rock_culture\/","https:\/\/www.pinterest.fr\/augustemarshal\/","https:\/\/www.youtube.com\/channel\/UCiWLGffqWSXlNnfzp6YwwyQ"]},{"@type":"Person","@id":"https:\/\/culturesco.com\/#\/schema\/person\/81834f4613bae18e9afa0dfb9b4f5457","name":"Bruno Polaroid","image":{"@type":"ImageObject","inLanguage":"fr-FR","@id":"https:\/\/i0.wp.com\/culturesco.com\/wp-content\/uploads\/2021\/12\/1798853_1375590169374746_992490721_n.jpg?fit=94%2C96&ssl=1","url":"https:\/\/i0.wp.com\/culturesco.com\/wp-content\/uploads\/2021\/12\/1798853_1375590169374746_992490721_n.jpg?fit=94%2C96&ssl=1","contentUrl":"https:\/\/i0.wp.com\/culturesco.com\/wp-content\/uploads\/2021\/12\/1798853_1375590169374746_992490721_n.jpg?fit=94%2C96&ssl=1","caption":"Bruno Polaroid"},"description":"Bruno Ledez alias Bruno Polaro\u00efd : Chroniqueur \u00e0 Cultures Co, Attach\u00e9 de Presse, ex Animateur \u00e0 Radio-Campus Lille \/ \u00c9mission La Folie (1986 - 2009), ex Chroniqueur \u00e9pisodique des fanzines Walking The Dog et Musiques, Images &amp; Passions Modernes.","url":"https:\/\/culturesco.com\/index.php\/author\/bruno-polaroid\/"}]}},"jetpack_featured_media_url":"https:\/\/i0.wp.com\/culturesco.com\/wp-content\/uploads\/2023\/11\/R-3228209-1321373828-2.jpg?fit=600%2C314&ssl=1","jetpack_likes_enabled":true,"jetpack_sharing_enabled":true,"jetpack_shortlink":"https:\/\/wp.me\/paz89I-5qu","_links":{"self":[{"href":"https:\/\/culturesco.com\/index.php\/wp-json\/wp\/v2\/posts\/20862","targetHints":{"allow":["GET"]}}],"collection":[{"href":"https:\/\/culturesco.com\/index.php\/wp-json\/wp\/v2\/posts"}],"about":[{"href":"https:\/\/culturesco.com\/index.php\/wp-json\/wp\/v2\/types\/post"}],"author":[{"embeddable":true,"href":"https:\/\/culturesco.com\/index.php\/wp-json\/wp\/v2\/users\/20"}],"replies":[{"embeddable":true,"href":"https:\/\/culturesco.com\/index.php\/wp-json\/wp\/v2\/comments?post=20862"}],"version-history":[{"count":0,"href":"https:\/\/culturesco.com\/index.php\/wp-json\/wp\/v2\/posts\/20862\/revisions"}],"wp:featuredmedia":[{"embeddable":true,"href":"https:\/\/culturesco.com\/index.php\/wp-json\/wp\/v2\/media\/20863"}],"wp:attachment":[{"href":"https:\/\/culturesco.com\/index.php\/wp-json\/wp\/v2\/media?parent=20862"}],"wp:term":[{"taxonomy":"category","embeddable":true,"href":"https:\/\/culturesco.com\/index.php\/wp-json\/wp\/v2\/categories?post=20862"},{"taxonomy":"post_tag","embeddable":true,"href":"https:\/\/culturesco.com\/index.php\/wp-json\/wp\/v2\/tags?post=20862"}],"curies":[{"name":"wp","href":"https:\/\/api.w.org\/{rel}","templated":true}]}}