{"id":20819,"date":"2023-10-29T21:03:20","date_gmt":"2023-10-29T20:03:20","guid":{"rendered":"https:\/\/culturesco.com\/?p=20819"},"modified":"2023-10-29T21:03:20","modified_gmt":"2023-10-29T20:03:20","slug":"lou-reed-prince-de-la-nuit-et-des-angoisses-i-m-waiting-for-the-man","status":"publish","type":"post","link":"https:\/\/culturesco.com\/index.php\/2023\/10\/29\/lou-reed-prince-de-la-nuit-et-des-angoisses-i-m-waiting-for-the-man\/","title":{"rendered":"Lou Reed : Prince de la nuit et des angoisses"},"content":{"rendered":"<h2 style=\"text-align: justify;\">27 octobre 2013, Lou Reed \u00ab\u00a0Prince de la nuit et des angoisses\u00a0\u00bb file tra\u00eener sa carcasse dans une autre dimension<\/h2>\n<p style=\"text-align: justify;\">N\u00e9 en 1942 dans le quartier de Brooklyn \u00e0 New-York, Lewis Alan Reed a cinq ans quand il \u00e9tudie le piano, mais peu \u00e0 peu c\u2019est la guitare qui aura sa pr\u00e9f\u00e9rence, lui qui se passionne tr\u00e8s jeune pour le rock mais aussi le free jazz et la litt\u00e9rature.<br \/>\nEn fait, \u00e9touff\u00e9 par le rigorisme paternel, le conformisme ambiant et la tristesse de la petite ville de banlieue o\u00f9 la famille s\u2019est install\u00e9e, le jeune Lou Reed s\u2019\u00e9chappe gr\u00e2ce \u00e0 la musique et, \u00e0 seize ans, co\u00e9crit et enregistre en tant que guitariste, un 45 tours dans le style doo-woop au sein d\u2019un groupe appel\u00e9 <a href=\"https:\/\/www.allmusic.com\/artist\/the-shades-mn0001377623\" target=\"_blank\" rel=\"noopener\">The Shades<\/a>.<\/p>\n<p><img data-recalc-dims=\"1\" loading=\"lazy\" decoding=\"async\" class=\"size-full wp-image-20820 aligncenter\" src=\"https:\/\/i0.wp.com\/culturesco.com\/wp-content\/uploads\/2023\/10\/lou-reed-young.jpg?resize=438%2C600&#038;ssl=1\" alt=\"Lou reed jeune young\" width=\"438\" height=\"600\" srcset=\"https:\/\/i0.wp.com\/culturesco.com\/wp-content\/uploads\/2023\/10\/lou-reed-young.jpg?w=438&amp;ssl=1 438w, https:\/\/i0.wp.com\/culturesco.com\/wp-content\/uploads\/2023\/10\/lou-reed-young.jpg?resize=219%2C300&amp;ssl=1 219w, https:\/\/i0.wp.com\/culturesco.com\/wp-content\/uploads\/2023\/10\/lou-reed-young.jpg?resize=457%2C627&amp;ssl=1 457w, https:\/\/i0.wp.com\/culturesco.com\/wp-content\/uploads\/2023\/10\/lou-reed-young.jpg?resize=306%2C420&amp;ssl=1 306w, https:\/\/i0.wp.com\/culturesco.com\/wp-content\/uploads\/2023\/10\/lou-reed-young.jpg?resize=44%2C60&amp;ssl=1 44w, https:\/\/i0.wp.com\/culturesco.com\/wp-content\/uploads\/2023\/10\/lou-reed-young.jpg?resize=66%2C90&amp;ssl=1 66w\" sizes=\"auto, (max-width: 438px) 100vw, 438px\" \/><\/p>\n<blockquote>\n<h3 style=\"text-align: justify;\">\u00ab Il n\u2019y a qu\u2019un seul truc bien avec les petites villes, c\u2019est que tu sais qu\u2019il faut que tu foutes le camp \u00bb, Small Town &#8211; 1990<\/h3>\n<\/blockquote>\n<p style=\"text-align: justify;\">A la m\u00eame p\u00e9riode, Lou est diagnostiqu\u00e9 schizophr\u00e8ne et il est \u00ab soign\u00e9 \u00bb par s\u00e9ances d\u2019\u00e9lectrochocs\u2026 Cette douloureuse et barbare exp\u00e9rience ne sera pas sans cons\u00e9quences dans la vie de l\u2019adolescent, rappelant en 1974 ce qu\u2019il pense des \u00abpsychiatres \u00e0 deux sous\u00bb dans une d\u00e9claration de haine intitul\u00e9e \u00ab\u00a0Kill Your Sons\u00a0\u00bb.<\/p>\n<h3>Lou Reed &#8211; Kill Your Sons<\/h3>\n<div class=\"youtube-embed\" data-video_id=\"aTBpapWCDDo\"><iframe loading=\"lazy\" title=\"Lou Reed - Kill Your Sons (Official Audio)\" width=\"696\" height=\"392\" src=\"https:\/\/www.youtube.com\/embed\/aTBpapWCDDo\" frameborder=\"0\" allow=\"accelerometer; autoplay; clipboard-write; encrypted-media; gyroscope; picture-in-picture; web-share\" referrerpolicy=\"strict-origin-when-cross-origin\" allowfullscreen><\/iframe><\/div>\n<p style=\"text-align: justify;\">C\u2019est donc dans le New-York des 60\u2019s qu\u2019il d\u00e9bute sa carri\u00e8re artistique, alors que la ville est un formidable creuset de culture et de contre-culture et qu\u2019elle offre toutes les pistes pour les cr\u00e9ateurs en devenir. Mais elle est aussi la ville de tous les contrastes, des hautes tours de Wall Street aux minuscules caf\u00e9s hant\u00e9s de cr\u00e8ve-la-faim de Greenwich Village, o\u00f9 v\u00e9curent d\u00e8s 1948 les \u00e9crivains \u00ab Beat \u00bb, Allen Ginsberg, Neal Cassady, <a href=\"https:\/\/culturesco.com\/index.php\/2020\/10\/20\/jack-kerouac-le-jazz-poet-a-l-ame-vagabonde\/\" target=\"_blank\" rel=\"noopener\">Jack Kerouac<\/a> et William Burroughs.<\/p>\n<p style=\"text-align: justify;\">En 1961, <a href=\"https:\/\/culturesco.com\/index.php\/2021\/05\/24\/bob-dylan-newport-et-lalbum-blonde-on-blonde-i-want-you-rainy-day-women-just-like-a-woman\/\" target=\"_blank\" rel=\"noopener\">Dylan<\/a> d\u00e9couvre New-York, la \u00ab Gomorrhe des temps modernes \u00bb \u00e9crira t-il plus tard. Un Dylan qui, en novembre 1963 \u00e0 Syracuse (ville ou Lou suit des cours d\u2019\u00e9criture cr\u00e9ative \u00e0 l\u2019universit\u00e9), donne un concert seul sur sc\u00e8ne, avec sa guitare et son harmonica. Un choc pour <strong>Lou Reed<\/strong> qui se trouve dans la salle, et qui abandonne alors ses intentions de folk-songer, la place \u00e9tant d\u00e9j\u00e0 prise et de quelle fa\u00e7on, mais qui va retenir l\u2019essentiel. Un nouveau genre de songwriting est possible, et po\u00e9sie et musique populaire peuvent faire des \u00e9tincelles miraculeuses, le\u00e7on qu\u2019il ne va pas tarder \u00e0 mettre en \u0153uvre au sein du <strong>Velvet Underground<\/strong>.<\/p>\n<p><img data-recalc-dims=\"1\" loading=\"lazy\" decoding=\"async\" class=\"aligncenter wp-image-20821 size-medium\" src=\"https:\/\/i0.wp.com\/culturesco.com\/wp-content\/uploads\/2023\/10\/velvet-underground.jpg?resize=285%2C300&#038;ssl=1\" alt=\"Velvet Underground and nico\" width=\"285\" height=\"300\" srcset=\"https:\/\/i0.wp.com\/culturesco.com\/wp-content\/uploads\/2023\/10\/velvet-underground.jpg?resize=285%2C300&amp;ssl=1 285w, https:\/\/i0.wp.com\/culturesco.com\/wp-content\/uploads\/2023\/10\/velvet-underground.jpg?resize=399%2C420&amp;ssl=1 399w, https:\/\/i0.wp.com\/culturesco.com\/wp-content\/uploads\/2023\/10\/velvet-underground.jpg?resize=57%2C60&amp;ssl=1 57w, https:\/\/i0.wp.com\/culturesco.com\/wp-content\/uploads\/2023\/10\/velvet-underground.jpg?resize=86%2C90&amp;ssl=1 86w, https:\/\/i0.wp.com\/culturesco.com\/wp-content\/uploads\/2023\/10\/velvet-underground.jpg?w=563&amp;ssl=1 563w\" sizes=\"auto, (max-width: 285px) 100vw, 285px\" \/><\/p>\n<p style=\"text-align: justify;\">En effet, d\u00e8s 1964, il se produit modestement dans les bars de Syracuse. L\u00e0 il est rep\u00e9r\u00e9 par Terry Philips, un producteur du label Pickwick Records, et se retrouve promu songwritter professionnel \u00e0 composer \u00e0 la cha\u00eene des hits sans int\u00e9r\u00eat chant\u00e9s par des groupes fantoches, aux noms improbables, tel les Beachnuts, les Roughnecks ou les Primitives\u2026 Une de ces chansons se nomme \u00ab\u00a0The Ostrich\u00a0\u00bb, et elle marche fort. Terry Philips recrute, pour la jouer sur sc\u00e8ne avec Lou, un dandy de litt\u00e9rature aux cheveux longs et violoniste classique, <a href=\"https:\/\/culturesco.com\/index.php\/2020\/06\/11\/john-cale-paris-1919-velvet-underground-lou-reed\/\" target=\"_blank\" rel=\"noopener\">John Cale<\/a>.<\/p>\n<h3 style=\"text-align: justify;\">Une rencontre qui va changer le cours de leurs vies.<\/h3>\n<p style=\"text-align: justify;\">John Cale et Lou Reed ne se quittent plus et rencontrent un guitariste, <strong>Sterling Morrison<\/strong>, puis une batteuse de 21 ans, <strong>Maureen Tucker<\/strong>. Le <strong>Velvet Underground<\/strong>, du nom d\u2019un essai journalistique sorti en 1963 sur les comportements sexuels hors-norme, entre \u00e9changisme et sadomasochisme est n\u00e9. Ne manquent plus pour lancer le groupe qu\u2019un m\u00e9c\u00e8ne et une figure de proue.<\/p>\n<p style=\"text-align: justify;\">Nous sommes fin d\u00e9cembre 1965, en France <a href=\"https:\/\/fr.wikipedia.org\/wiki\/Mireille_Mathieu\" target=\"_blank\" rel=\"noopener\">Mireille Mathieu<\/a> d\u00e9marre une carri\u00e8re fulgurante \u00e0 l\u2019Olympia et l\u2019union des gauches m\u00e8ne <strong>Fran\u00e7ois Mitterand<\/strong> \u00e0 l\u2019inconcevable : mettre de Gaulle en difficult\u00e9 au 1er tour des pr\u00e9sidentielles. L\u00e0-bas, \u00e0 New-York, <a href=\"https:\/\/culturesco.com\/index.php\/2019\/02\/22\/songs-for-drella-lou-reed-et-john-cale-album-hommage-a-andy-warhol\/\" target=\"_blank\" rel=\"noopener\">Andy Warhol<\/a>, un peintre pop \u00e0 perruque blonde, roi de la <strong>Factory<\/strong>, cette incroyable usine \u00e0 id\u00e9es, et une mannequin allemande, femme fatale et astre blond qui fr\u00e9quente le lieu au bras de Brian Jones, et qui r\u00e9pond au patronyme ambigu de Nico, vont combler les vides au sein de Velvet Underground.<\/p>\n<figure id=\"attachment_20822\" aria-describedby=\"caption-attachment-20822\" style=\"width: 230px\" class=\"wp-caption aligncenter\"><img data-recalc-dims=\"1\" loading=\"lazy\" decoding=\"async\" class=\"wp-image-20822 size-medium\" src=\"https:\/\/i0.wp.com\/culturesco.com\/wp-content\/uploads\/2023\/10\/factory-e1698604059906-230x300.jpg?resize=230%2C300&#038;ssl=1\" alt=\"Factory andy warhol velvet underground\" width=\"230\" height=\"300\" srcset=\"https:\/\/i0.wp.com\/culturesco.com\/wp-content\/uploads\/2023\/10\/factory-e1698604059906.jpg?resize=230%2C300&amp;ssl=1 230w, https:\/\/i0.wp.com\/culturesco.com\/wp-content\/uploads\/2023\/10\/factory-e1698604059906.jpg?resize=322%2C420&amp;ssl=1 322w, https:\/\/i0.wp.com\/culturesco.com\/wp-content\/uploads\/2023\/10\/factory-e1698604059906.jpg?w=423&amp;ssl=1 423w\" sizes=\"auto, (max-width: 230px) 100vw, 230px\" \/><figcaption id=\"caption-attachment-20822\" class=\"wp-caption-text\">La Factory<\/figcaption><\/figure>\n<h3 style=\"text-align: justify;\">Avec cinq ans d\u2019avance, l\u2019esprit des seventies vient de naitre \u00e0 New-York.<\/h3>\n<p style=\"text-align: justify;\">En 1967, le Velvet publie donc son premier album, enregistr\u00e9 d\u00e9j\u00e0 depuis un an et avec des titres de Lou datant de 1964, compos\u00e9s pour la plupart dans la p\u00e9riode sexe, drogues et rock n\u2019roll de Reed et Cale. L\u2019album s\u2019intitule \u00ab\u00a0The Velvet Underground &amp; Nico\u00a0\u00bb et fait l\u2019effet d\u2019une bombe qui va \u00e9clabousser de toute sa superbe noirceur l\u2019arc-en-ciel du Flower Power.<\/p>\n<p style=\"text-align: justify;\">Une pochette c\u00e9l\u00e8bre, sur laquelle figure une banane, comme une provoc gaiement et gayment phallique, avec une petite fl\u00e8che invitant \u00e0 peler d\u00e9licatement le fruit d\u00e9fendu pour en savourer la chair oblongue&#8230; Une pochette sign\u00e9e \u00e9videmment Andy Warhol, et une galette de onze titres, de <strong>Venus in Furs<\/strong>, <strong>Heroin<\/strong>\u00a0\u00e0 <strong>Femme Fatale<\/strong>, qui s\u2019ouvre sur une chanson \u00e9voquant l\u2019attente du consommateur qui attend son dealer au coin de la rue : <strong>I\u2019m Waiting for the Man<\/strong>.<\/p>\n<h3>Velvet Underground : I&rsquo;m waiting for the man<\/h3>\n<div class=\"youtube-embed\" data-video_id=\"99og_g7rXnA\"><iframe loading=\"lazy\" title=\"I&#039;m Waiting For The Man\" width=\"696\" height=\"522\" src=\"https:\/\/www.youtube.com\/embed\/99og_g7rXnA\" frameborder=\"0\" allow=\"accelerometer; autoplay; clipboard-write; encrypted-media; gyroscope; picture-in-picture; web-share\" referrerpolicy=\"strict-origin-when-cross-origin\" allowfullscreen><\/iframe><\/div>\n<p style=\"text-align: justify;\">L\u2019album sort trois mois avant le \u00ab\u00a0<strong>Sgt Peppe<\/strong>r\u00a0\u00bb des <a href=\"https:\/\/culturesco.com\/index.php\/2023\/02\/09\/the-beatles-dictionnaire-inattendu-par-j-e-david\/\" target=\"_blank\" rel=\"noopener\">Beatles<\/a> et jette un froid dans l\u2019insouciante \u00ab partouze pop \u00bb ambiante, les chansons d\u00e9senchant\u00e9es de Lou \u00e9voquent seringues, fouets et autres outrances speed\u00e9es, toutes glan\u00e9es dans le caniveau new-yorkais. L\u2019aventure du Velvet durera six ans et produira cinq albums, tous quasiment ignor\u00e9s \u00e0 leurs sorties, sauf d\u2019une poign\u00e9e de fans. Lou Reed quittera m\u00eame le groupe avant la sortie du 4\u00e8me album en 70, \u00ab\u00a0<strong>Loaded<\/strong>\u00ab\u00a0.<\/p>\n<p style=\"text-align: justify;\">Rien ne va plus entre les membres aux egos affirm\u00e9s, Lou frisant m\u00eame la bipolarit\u00e9 et devenant de moins en moins g\u00e9rable. Bref, la messe est dite. Il faudra attendre les ann\u00e9es 80 et le r\u00f4le majeur en France d\u2019artistes comme <strong>Daho<\/strong>, <a href=\"https:\/\/culturesco.com\/index.php\/2019\/09\/16\/deces-de-philippe-pascal-un-dernier-hommage-de-marquis-de-sade-a-marc-seberg\/\" target=\"_blank\" rel=\"noopener\">Marc Seberg<\/a> ou les <strong>Rita Mitsouko<\/strong>, pour que le Velvet soit enfin consid\u00e9r\u00e9 comme un groupe aussi essentiel que les <strong>Beatles<\/strong> ou les <strong>Stones<\/strong>. La carri\u00e8re solo de Lou Reed va s\u2019\u00e9taler alors de 1972 \u00e0 2011. V\u00e9ritable cam\u00e9l\u00e9on, il va briller de toutes ses facettes pour signer des albums contrast\u00e9s et livrer encore quelques beaux chefs-d\u2019\u0153uvre.<\/p>\n<h3>Transformer<\/h3>\n<p style=\"text-align: justify;\">C\u2019est en 1972 que sort son deuxi\u00e8me album solo, produit par <strong>David Bowie<\/strong>, qui va mettre Lou Reed en pleine lumi\u00e8re, lui qui va donner \u00e0 travers la pochette de l\u2019album \u00ab\u00a0Transformer\u00a0\u00bb un visage aux ann\u00e9es 70 : sexe gay, humour d\u00e9viant, refrains en or et rock&rsquo;n&rsquo;roll \u00e0 paillettes, une l\u00e9gende est n\u00e9e. <strong>Vicious<\/strong>, <strong>Perfect Day<\/strong>, <strong>Satellite of Love<\/strong>, autant de titres qui envahissent les ondes, et puis surtout <strong>Walk on the Wild Side<\/strong>.<\/p>\n<h3>Lou Reed : Walk on the wild side<\/h3>\n<div class=\"youtube-embed\" data-video_id=\"oG6fayQBm9w\"><iframe loading=\"lazy\" title=\"Lou Reed - Walk on the Wild Side (Official Audio)\" width=\"696\" height=\"392\" src=\"https:\/\/www.youtube.com\/embed\/oG6fayQBm9w\" frameborder=\"0\" allow=\"accelerometer; autoplay; clipboard-write; encrypted-media; gyroscope; picture-in-picture; web-share\" referrerpolicy=\"strict-origin-when-cross-origin\" allowfullscreen><\/iframe><\/div>\n<p style=\"text-align: justify;\">Suivront vingt autres albums jusqu\u2019en 2011. Des albums aussi impr\u00e9visibles que l\u2019homme qui fait de la schizophr\u00e9nie un art majeur, buveur de whisky un jour, gobeur d\u2019amph\u00e9tamines le lendemain, mari\u00e9 \u00e0 une blonde incendiaire nomm\u00e9e Betty avant de filer le parfait amour avec Rachel, un travesti, se remarier avec une stripteaseuse et terminer sa vie avec la musicienne Laurie Anderson. En 1973 avec l\u2019album \u00ab\u00a0<a href=\"https:\/\/culturesco.com\/index.php\/2018\/12\/19\/lou-reed-je-suis-un-berlinois\/\" target=\"_blank\" rel=\"noopener\">Berlin<\/a>\u00ab\u00a0, les fans se scindent en deux groupes : ceux fascin\u00e9s par la noirceur et la sensualit\u00e9 morbide de l\u2019album, et ceux, plus nombreux, qui d\u00e9talent \u00e0 toutes jambes.<\/p>\n<h3 style=\"text-align: justify;\">Lou Reed s\u2019autoproclame artiste maudit, et jubile \u00e0 l\u2019id\u00e9e de charmer ou choquer un public volage.<\/h3>\n<p style=\"text-align: justify;\">Pour surprendre encore et toujours, il sort en 1989 son album le plus vital et sexy depuis \u00ab\u00a0Loaded\u00a0\u00bb en 1970 : \u00ab\u00a0New-York\u00a0\u00bb. Album suivi en 1990 par un nouveau chef-d\u2019\u0153uvre, \u00ab\u00a0Songs for Drella\u00a0\u00bb, hommage \u00e0 Andy Warhol disparu trois ans plus t\u00f4t, album pour lequel il retrouve John Cale. <a href=\"https:\/\/culturesco.com\/index.php\/2019\/02\/22\/songs-for-drella-lou-reed-et-john-cale-album-hommage-a-andy-warhol\/\" target=\"_blank\" rel=\"noopener\">Songs for Drella<\/a> est une merveille d\u2019empathie et de sobri\u00e9t\u00e9 c\u00e9l\u00e9brant la m\u00e9moire de l\u2019homme qui les sortit tous deux de l\u2019obscurit\u00e9. Lou va ensuite sortir cinq albums jusqu\u2019en 2007, dont l\u2019intimiste \u00ab\u00a0The Raven\u00a0\u00bb en 2003, sur lequel on retrouve Bowie, clin d\u2019\u0153il d\u2019un po\u00e8te rock \u00e0 Edgar Allan Poe.<\/p>\n<p><img data-recalc-dims=\"1\" loading=\"lazy\" decoding=\"async\" class=\"aligncenter wp-image-20826 size-medium\" src=\"https:\/\/i0.wp.com\/culturesco.com\/wp-content\/uploads\/2023\/10\/2870612789111ee3caa6bd66a39644b9.jpg?resize=300%2C297&#038;ssl=1\" alt=\"songs for drella\" width=\"300\" height=\"297\" srcset=\"https:\/\/i0.wp.com\/culturesco.com\/wp-content\/uploads\/2023\/10\/2870612789111ee3caa6bd66a39644b9.jpg?resize=300%2C297&amp;ssl=1 300w, https:\/\/i0.wp.com\/culturesco.com\/wp-content\/uploads\/2023\/10\/2870612789111ee3caa6bd66a39644b9.jpg?resize=150%2C150&amp;ssl=1 150w, https:\/\/i0.wp.com\/culturesco.com\/wp-content\/uploads\/2023\/10\/2870612789111ee3caa6bd66a39644b9.jpg?resize=424%2C420&amp;ssl=1 424w, https:\/\/i0.wp.com\/culturesco.com\/wp-content\/uploads\/2023\/10\/2870612789111ee3caa6bd66a39644b9.jpg?resize=100%2C100&amp;ssl=1 100w, https:\/\/i0.wp.com\/culturesco.com\/wp-content\/uploads\/2023\/10\/2870612789111ee3caa6bd66a39644b9.jpg?resize=50%2C50&amp;ssl=1 50w, https:\/\/i0.wp.com\/culturesco.com\/wp-content\/uploads\/2023\/10\/2870612789111ee3caa6bd66a39644b9.jpg?resize=61%2C60&amp;ssl=1 61w, https:\/\/i0.wp.com\/culturesco.com\/wp-content\/uploads\/2023\/10\/2870612789111ee3caa6bd66a39644b9.jpg?resize=91%2C90&amp;ssl=1 91w, https:\/\/i0.wp.com\/culturesco.com\/wp-content\/uploads\/2023\/10\/2870612789111ee3caa6bd66a39644b9.jpg?w=563&amp;ssl=1 563w\" sizes=\"auto, (max-width: 300px) 100vw, 300px\" \/><\/p>\n<p style=\"text-align: justify;\">En 2011, celui qui a \u00e9t\u00e9 fait <strong>Chevalier des Arts et des Lettre<\/strong>s par Jack Lang en 1992, et dont un ast\u00e9ro\u00efde porte le nom, apprend sa maladie du foie. Il subit une greffe et d\u00e9c\u00e8de des suites de complications le 27 octobre 2013 \u00e0 l\u2019\u00e2ge de 71 ans. Curieuse ironie du sort, <strong>Bowie<\/strong>, son double lumineux, qui fut tant pr\u00e9sent dans les pires moments, sorte d\u2019amour-haine-amiti\u00e9 qui connaitra les disputes et m\u00eame les coups, partira du m\u00eame mal deux ans plus tard. Alors que reste-t-il de cet artiste unique, surprenant et attachant ?<\/p>\n<p style=\"text-align: justify;\">Des chansons, des airs et une int\u00e9grale de ses textes, \u00ab\u00a0<strong>Traverser le feu<\/strong>\u00ab\u00a0, sortie en 2008.<br \/>\nUne \u00e9criture fulgurante, brutale et perverse, mais raffin\u00e9e jusque dans l\u2019obsc\u00e8ne&#8230; Des mots \u00e0 l\u2019image de l\u2019ambigu\u00eft\u00e9 de l\u2019homme.<\/p>\n<p>DENIS CHOFFLET<\/p>\n","protected":false},"excerpt":{"rendered":"<p>27 octobre 2013, Lou Reed \u00ab\u00a0Prince de la nuit et des angoisses\u00a0\u00bb file tra\u00eener sa carcasse dans une autre dimension. \u00ab Il n\u2019y a qu\u2019un seul truc bien avec les petites villes, c\u2019est que tu sais qu\u2019il faut que tu foutes le camp \u00bb, Small Town &#8211; 1990<\/p>\n","protected":false},"author":9,"featured_media":20828,"comment_status":"open","ping_status":"open","sticky":false,"template":"","format":"image","meta":{"jetpack_post_was_ever_published":false,"tdm_status":"","tdm_grid_status":"","_jetpack_newsletter_access":"","_jetpack_dont_email_post_to_subs":false,"_jetpack_newsletter_tier_id":0,"_jetpack_memberships_contains_paywalled_content":false,"_jetpack_memberships_contains_paid_content":false,"footnotes":""},"categories":[30,17,33],"tags":[58,48],"class_list":{"0":"post-20819","1":"post","2":"type-post","3":"status-publish","4":"format-image","5":"has-post-thumbnail","7":"category-albums-rock","8":"category-carotte-rock-cultures","9":"category-histoire-du-rock","10":"tag-histoire-du-rock","11":"tag-personnalite-rock","12":"post_format-post-format-image"},"yoast_head":"<!-- This site is optimized with the Yoast SEO plugin v27.5 - https:\/\/yoast.com\/product\/yoast-seo-wordpress\/ -->\n<title>Lou Reed : Prince de la nuit et des angoisses - Culturesco<\/title>\n<meta name=\"description\" content=\"CulturesCo | 27 octobre 2013, Lou Reed &quot;Prince de la nuit et des angoisses&quot; d\u00e9c\u00e8de. It&#039;s was not a perfect day !\" \/>\n<meta name=\"robots\" content=\"index, follow, max-snippet:-1, max-image-preview:large, max-video-preview:-1\" \/>\n<link rel=\"canonical\" href=\"https:\/\/culturesco.com\/index.php\/2023\/10\/29\/lou-reed-prince-de-la-nuit-et-des-angoisses-i-m-waiting-for-the-man\/\" \/>\n<meta property=\"og:locale\" content=\"fr_FR\" \/>\n<meta property=\"og:type\" content=\"article\" \/>\n<meta property=\"og:title\" content=\"Lou Reed : Prince de la nuit et des angoisses - Culturesco\" \/>\n<meta property=\"og:description\" content=\"CulturesCo | 27 octobre 2013, Lou Reed &quot;Prince de la nuit et des angoisses&quot; d\u00e9c\u00e8de. It&#039;s was not a perfect day !\" \/>\n<meta property=\"og:url\" content=\"https:\/\/culturesco.com\/index.php\/2023\/10\/29\/lou-reed-prince-de-la-nuit-et-des-angoisses-i-m-waiting-for-the-man\/\" \/>\n<meta property=\"og:site_name\" content=\"Culturesco\" \/>\n<meta property=\"article:publisher\" content=\"https:\/\/www.facebook.com\/radioculturesco\" \/>\n<meta property=\"article:published_time\" content=\"2023-10-29T20:03:20+00:00\" \/>\n<meta property=\"og:image\" content=\"https:\/\/culturesco.com\/wp-content\/uploads\/2023\/10\/Sans-titre-2.jpg\" \/>\n\t<meta property=\"og:image:width\" content=\"600\" \/>\n\t<meta property=\"og:image:height\" content=\"324\" \/>\n\t<meta property=\"og:image:type\" content=\"image\/jpeg\" \/>\n<meta name=\"author\" content=\"Denis Chofflet\" \/>\n<meta name=\"twitter:card\" content=\"summary_large_image\" \/>\n<meta name=\"twitter:creator\" content=\"@AugusteMarshal\" \/>\n<meta name=\"twitter:site\" content=\"@AugusteMarshal\" \/>\n<meta name=\"twitter:label1\" content=\"\u00c9crit par\" \/>\n\t<meta name=\"twitter:data1\" content=\"Denis Chofflet\" \/>\n\t<meta name=\"twitter:label2\" content=\"Dur\u00e9e de lecture estim\u00e9e\" \/>\n\t<meta name=\"twitter:data2\" content=\"8 minutes\" \/>\n<script type=\"application\/ld+json\" class=\"yoast-schema-graph\">{\"@context\":\"https:\\\/\\\/schema.org\",\"@graph\":[{\"@type\":\"Article\",\"@id\":\"https:\\\/\\\/culturesco.com\\\/index.php\\\/2023\\\/10\\\/29\\\/lou-reed-prince-de-la-nuit-et-des-angoisses-i-m-waiting-for-the-man\\\/#article\",\"isPartOf\":{\"@id\":\"https:\\\/\\\/culturesco.com\\\/index.php\\\/2023\\\/10\\\/29\\\/lou-reed-prince-de-la-nuit-et-des-angoisses-i-m-waiting-for-the-man\\\/\"},\"author\":{\"name\":\"Denis Chofflet\",\"@id\":\"https:\\\/\\\/culturesco.com\\\/#\\\/schema\\\/person\\\/e5f1d9f08e7735744b612e13ccec2293\"},\"headline\":\"Lou Reed : Prince de la nuit et des angoisses\",\"datePublished\":\"2023-10-29T20:03:20+00:00\",\"mainEntityOfPage\":{\"@id\":\"https:\\\/\\\/culturesco.com\\\/index.php\\\/2023\\\/10\\\/29\\\/lou-reed-prince-de-la-nuit-et-des-angoisses-i-m-waiting-for-the-man\\\/\"},\"wordCount\":1545,\"commentCount\":0,\"publisher\":{\"@id\":\"https:\\\/\\\/culturesco.com\\\/#organization\"},\"image\":{\"@id\":\"https:\\\/\\\/culturesco.com\\\/index.php\\\/2023\\\/10\\\/29\\\/lou-reed-prince-de-la-nuit-et-des-angoisses-i-m-waiting-for-the-man\\\/#primaryimage\"},\"thumbnailUrl\":\"https:\\\/\\\/i0.wp.com\\\/culturesco.com\\\/wp-content\\\/uploads\\\/2023\\\/10\\\/Sans-titre-2.jpg?fit=600%2C324&ssl=1\",\"keywords\":[\"histoire du rock\",\"Personnalit\u00e9 Rock\"],\"articleSection\":[\"Albums rock\",\"Carotte Rock Cultures\",\"Histoire du rock\"],\"inLanguage\":\"fr-FR\",\"potentialAction\":[{\"@type\":\"CommentAction\",\"name\":\"Comment\",\"target\":[\"https:\\\/\\\/culturesco.com\\\/index.php\\\/2023\\\/10\\\/29\\\/lou-reed-prince-de-la-nuit-et-des-angoisses-i-m-waiting-for-the-man\\\/#respond\"]}]},{\"@type\":\"WebPage\",\"@id\":\"https:\\\/\\\/culturesco.com\\\/index.php\\\/2023\\\/10\\\/29\\\/lou-reed-prince-de-la-nuit-et-des-angoisses-i-m-waiting-for-the-man\\\/\",\"url\":\"https:\\\/\\\/culturesco.com\\\/index.php\\\/2023\\\/10\\\/29\\\/lou-reed-prince-de-la-nuit-et-des-angoisses-i-m-waiting-for-the-man\\\/\",\"name\":\"Lou Reed : Prince de la nuit et des angoisses - Culturesco\",\"isPartOf\":{\"@id\":\"https:\\\/\\\/culturesco.com\\\/#website\"},\"primaryImageOfPage\":{\"@id\":\"https:\\\/\\\/culturesco.com\\\/index.php\\\/2023\\\/10\\\/29\\\/lou-reed-prince-de-la-nuit-et-des-angoisses-i-m-waiting-for-the-man\\\/#primaryimage\"},\"image\":{\"@id\":\"https:\\\/\\\/culturesco.com\\\/index.php\\\/2023\\\/10\\\/29\\\/lou-reed-prince-de-la-nuit-et-des-angoisses-i-m-waiting-for-the-man\\\/#primaryimage\"},\"thumbnailUrl\":\"https:\\\/\\\/i0.wp.com\\\/culturesco.com\\\/wp-content\\\/uploads\\\/2023\\\/10\\\/Sans-titre-2.jpg?fit=600%2C324&ssl=1\",\"datePublished\":\"2023-10-29T20:03:20+00:00\",\"description\":\"CulturesCo | 27 octobre 2013, Lou Reed \\\"Prince de la nuit et des angoisses\\\" d\u00e9c\u00e8de. It's was not a perfect day !\",\"breadcrumb\":{\"@id\":\"https:\\\/\\\/culturesco.com\\\/index.php\\\/2023\\\/10\\\/29\\\/lou-reed-prince-de-la-nuit-et-des-angoisses-i-m-waiting-for-the-man\\\/#breadcrumb\"},\"inLanguage\":\"fr-FR\",\"potentialAction\":[{\"@type\":\"ReadAction\",\"target\":[\"https:\\\/\\\/culturesco.com\\\/index.php\\\/2023\\\/10\\\/29\\\/lou-reed-prince-de-la-nuit-et-des-angoisses-i-m-waiting-for-the-man\\\/\"]}]},{\"@type\":\"ImageObject\",\"inLanguage\":\"fr-FR\",\"@id\":\"https:\\\/\\\/culturesco.com\\\/index.php\\\/2023\\\/10\\\/29\\\/lou-reed-prince-de-la-nuit-et-des-angoisses-i-m-waiting-for-the-man\\\/#primaryimage\",\"url\":\"https:\\\/\\\/i0.wp.com\\\/culturesco.com\\\/wp-content\\\/uploads\\\/2023\\\/10\\\/Sans-titre-2.jpg?fit=600%2C324&ssl=1\",\"contentUrl\":\"https:\\\/\\\/i0.wp.com\\\/culturesco.com\\\/wp-content\\\/uploads\\\/2023\\\/10\\\/Sans-titre-2.jpg?fit=600%2C324&ssl=1\",\"width\":600,\"height\":324,\"caption\":\"Lou reed prince de la nuit et des angoisses\"},{\"@type\":\"BreadcrumbList\",\"@id\":\"https:\\\/\\\/culturesco.com\\\/index.php\\\/2023\\\/10\\\/29\\\/lou-reed-prince-de-la-nuit-et-des-angoisses-i-m-waiting-for-the-man\\\/#breadcrumb\",\"itemListElement\":[{\"@type\":\"ListItem\",\"position\":1,\"name\":\"Accueil\",\"item\":\"https:\\\/\\\/culturesco.com\\\/\"},{\"@type\":\"ListItem\",\"position\":2,\"name\":\"Lou Reed : Prince de la nuit et des angoisses\"}]},{\"@type\":\"WebSite\",\"@id\":\"https:\\\/\\\/culturesco.com\\\/#website\",\"url\":\"https:\\\/\\\/culturesco.com\\\/\",\"name\":\"Culturesco\",\"description\":\"Culturesco | Un bon coup de pied dans ta Culture\",\"publisher\":{\"@id\":\"https:\\\/\\\/culturesco.com\\\/#organization\"},\"potentialAction\":[{\"@type\":\"SearchAction\",\"target\":{\"@type\":\"EntryPoint\",\"urlTemplate\":\"https:\\\/\\\/culturesco.com\\\/?s={search_term_string}\"},\"query-input\":{\"@type\":\"PropertyValueSpecification\",\"valueRequired\":true,\"valueName\":\"search_term_string\"}}],\"inLanguage\":\"fr-FR\"},{\"@type\":\"Organization\",\"@id\":\"https:\\\/\\\/culturesco.com\\\/#organization\",\"name\":\"CULTURESCO\",\"url\":\"https:\\\/\\\/culturesco.com\\\/\",\"logo\":{\"@type\":\"ImageObject\",\"inLanguage\":\"fr-FR\",\"@id\":\"https:\\\/\\\/culturesco.com\\\/#\\\/schema\\\/logo\\\/image\\\/\",\"url\":\"https:\\\/\\\/i0.wp.com\\\/culturesco.com\\\/wp-content\\\/uploads\\\/2022\\\/04\\\/culturesco-logo-blanc250p.png?fit=250%2C250&ssl=1\",\"contentUrl\":\"https:\\\/\\\/i0.wp.com\\\/culturesco.com\\\/wp-content\\\/uploads\\\/2022\\\/04\\\/culturesco-logo-blanc250p.png?fit=250%2C250&ssl=1\",\"width\":250,\"height\":250,\"caption\":\"CULTURESCO\"},\"image\":{\"@id\":\"https:\\\/\\\/culturesco.com\\\/#\\\/schema\\\/logo\\\/image\\\/\"},\"sameAs\":[\"https:\\\/\\\/www.facebook.com\\\/radioculturesco\",\"https:\\\/\\\/x.com\\\/AugusteMarshal\",\"https:\\\/\\\/www.instagram.com\\\/carotte_rock_culture\\\/\",\"https:\\\/\\\/www.pinterest.fr\\\/augustemarshal\\\/\",\"https:\\\/\\\/www.youtube.com\\\/channel\\\/UCiWLGffqWSXlNnfzp6YwwyQ\"]},{\"@type\":\"Person\",\"@id\":\"https:\\\/\\\/culturesco.com\\\/#\\\/schema\\\/person\\\/e5f1d9f08e7735744b612e13ccec2293\",\"name\":\"Denis Chofflet\",\"image\":{\"@type\":\"ImageObject\",\"inLanguage\":\"fr-FR\",\"@id\":\"https:\\\/\\\/i0.wp.com\\\/culturesco.com\\\/wp-content\\\/uploads\\\/2019\\\/01\\\/denis-chofflet.jpg?fit=96%2C86&ssl=1\",\"url\":\"https:\\\/\\\/i0.wp.com\\\/culturesco.com\\\/wp-content\\\/uploads\\\/2019\\\/01\\\/denis-chofflet.jpg?fit=96%2C86&ssl=1\",\"contentUrl\":\"https:\\\/\\\/i0.wp.com\\\/culturesco.com\\\/wp-content\\\/uploads\\\/2019\\\/01\\\/denis-chofflet.jpg?fit=96%2C86&ssl=1\",\"caption\":\"Denis Chofflet\"},\"sameAs\":[\"https:\\\/\\\/culturesco.com\"],\"url\":\"https:\\\/\\\/culturesco.com\\\/index.php\\\/author\\\/denis\\\/\"}]}<\/script>\n<!-- \/ Yoast SEO plugin. -->","yoast_head_json":{"title":"Lou Reed : Prince de la nuit et des angoisses - Culturesco","description":"CulturesCo | 27 octobre 2013, Lou Reed \"Prince de la nuit et des angoisses\" d\u00e9c\u00e8de. It's was not a perfect day !","robots":{"index":"index","follow":"follow","max-snippet":"max-snippet:-1","max-image-preview":"max-image-preview:large","max-video-preview":"max-video-preview:-1"},"canonical":"https:\/\/culturesco.com\/index.php\/2023\/10\/29\/lou-reed-prince-de-la-nuit-et-des-angoisses-i-m-waiting-for-the-man\/","og_locale":"fr_FR","og_type":"article","og_title":"Lou Reed : Prince de la nuit et des angoisses - Culturesco","og_description":"CulturesCo | 27 octobre 2013, Lou Reed \"Prince de la nuit et des angoisses\" d\u00e9c\u00e8de. It's was not a perfect day !","og_url":"https:\/\/culturesco.com\/index.php\/2023\/10\/29\/lou-reed-prince-de-la-nuit-et-des-angoisses-i-m-waiting-for-the-man\/","og_site_name":"Culturesco","article_publisher":"https:\/\/www.facebook.com\/radioculturesco","article_published_time":"2023-10-29T20:03:20+00:00","og_image":[{"width":600,"height":324,"url":"https:\/\/culturesco.com\/wp-content\/uploads\/2023\/10\/Sans-titre-2.jpg","type":"image\/jpeg"}],"author":"Denis Chofflet","twitter_card":"summary_large_image","twitter_creator":"@AugusteMarshal","twitter_site":"@AugusteMarshal","twitter_misc":{"\u00c9crit par":"Denis Chofflet","Dur\u00e9e de lecture estim\u00e9e":"8 minutes"},"schema":{"@context":"https:\/\/schema.org","@graph":[{"@type":"Article","@id":"https:\/\/culturesco.com\/index.php\/2023\/10\/29\/lou-reed-prince-de-la-nuit-et-des-angoisses-i-m-waiting-for-the-man\/#article","isPartOf":{"@id":"https:\/\/culturesco.com\/index.php\/2023\/10\/29\/lou-reed-prince-de-la-nuit-et-des-angoisses-i-m-waiting-for-the-man\/"},"author":{"name":"Denis Chofflet","@id":"https:\/\/culturesco.com\/#\/schema\/person\/e5f1d9f08e7735744b612e13ccec2293"},"headline":"Lou Reed : Prince de la nuit et des angoisses","datePublished":"2023-10-29T20:03:20+00:00","mainEntityOfPage":{"@id":"https:\/\/culturesco.com\/index.php\/2023\/10\/29\/lou-reed-prince-de-la-nuit-et-des-angoisses-i-m-waiting-for-the-man\/"},"wordCount":1545,"commentCount":0,"publisher":{"@id":"https:\/\/culturesco.com\/#organization"},"image":{"@id":"https:\/\/culturesco.com\/index.php\/2023\/10\/29\/lou-reed-prince-de-la-nuit-et-des-angoisses-i-m-waiting-for-the-man\/#primaryimage"},"thumbnailUrl":"https:\/\/i0.wp.com\/culturesco.com\/wp-content\/uploads\/2023\/10\/Sans-titre-2.jpg?fit=600%2C324&ssl=1","keywords":["histoire du rock","Personnalit\u00e9 Rock"],"articleSection":["Albums rock","Carotte Rock Cultures","Histoire du rock"],"inLanguage":"fr-FR","potentialAction":[{"@type":"CommentAction","name":"Comment","target":["https:\/\/culturesco.com\/index.php\/2023\/10\/29\/lou-reed-prince-de-la-nuit-et-des-angoisses-i-m-waiting-for-the-man\/#respond"]}]},{"@type":"WebPage","@id":"https:\/\/culturesco.com\/index.php\/2023\/10\/29\/lou-reed-prince-de-la-nuit-et-des-angoisses-i-m-waiting-for-the-man\/","url":"https:\/\/culturesco.com\/index.php\/2023\/10\/29\/lou-reed-prince-de-la-nuit-et-des-angoisses-i-m-waiting-for-the-man\/","name":"Lou Reed : Prince de la nuit et des angoisses - Culturesco","isPartOf":{"@id":"https:\/\/culturesco.com\/#website"},"primaryImageOfPage":{"@id":"https:\/\/culturesco.com\/index.php\/2023\/10\/29\/lou-reed-prince-de-la-nuit-et-des-angoisses-i-m-waiting-for-the-man\/#primaryimage"},"image":{"@id":"https:\/\/culturesco.com\/index.php\/2023\/10\/29\/lou-reed-prince-de-la-nuit-et-des-angoisses-i-m-waiting-for-the-man\/#primaryimage"},"thumbnailUrl":"https:\/\/i0.wp.com\/culturesco.com\/wp-content\/uploads\/2023\/10\/Sans-titre-2.jpg?fit=600%2C324&ssl=1","datePublished":"2023-10-29T20:03:20+00:00","description":"CulturesCo | 27 octobre 2013, Lou Reed \"Prince de la nuit et des angoisses\" d\u00e9c\u00e8de. It's was not a perfect day !","breadcrumb":{"@id":"https:\/\/culturesco.com\/index.php\/2023\/10\/29\/lou-reed-prince-de-la-nuit-et-des-angoisses-i-m-waiting-for-the-man\/#breadcrumb"},"inLanguage":"fr-FR","potentialAction":[{"@type":"ReadAction","target":["https:\/\/culturesco.com\/index.php\/2023\/10\/29\/lou-reed-prince-de-la-nuit-et-des-angoisses-i-m-waiting-for-the-man\/"]}]},{"@type":"ImageObject","inLanguage":"fr-FR","@id":"https:\/\/culturesco.com\/index.php\/2023\/10\/29\/lou-reed-prince-de-la-nuit-et-des-angoisses-i-m-waiting-for-the-man\/#primaryimage","url":"https:\/\/i0.wp.com\/culturesco.com\/wp-content\/uploads\/2023\/10\/Sans-titre-2.jpg?fit=600%2C324&ssl=1","contentUrl":"https:\/\/i0.wp.com\/culturesco.com\/wp-content\/uploads\/2023\/10\/Sans-titre-2.jpg?fit=600%2C324&ssl=1","width":600,"height":324,"caption":"Lou reed prince de la nuit et des angoisses"},{"@type":"BreadcrumbList","@id":"https:\/\/culturesco.com\/index.php\/2023\/10\/29\/lou-reed-prince-de-la-nuit-et-des-angoisses-i-m-waiting-for-the-man\/#breadcrumb","itemListElement":[{"@type":"ListItem","position":1,"name":"Accueil","item":"https:\/\/culturesco.com\/"},{"@type":"ListItem","position":2,"name":"Lou Reed : Prince de la nuit et des angoisses"}]},{"@type":"WebSite","@id":"https:\/\/culturesco.com\/#website","url":"https:\/\/culturesco.com\/","name":"Culturesco","description":"Culturesco | Un bon coup de pied dans ta Culture","publisher":{"@id":"https:\/\/culturesco.com\/#organization"},"potentialAction":[{"@type":"SearchAction","target":{"@type":"EntryPoint","urlTemplate":"https:\/\/culturesco.com\/?s={search_term_string}"},"query-input":{"@type":"PropertyValueSpecification","valueRequired":true,"valueName":"search_term_string"}}],"inLanguage":"fr-FR"},{"@type":"Organization","@id":"https:\/\/culturesco.com\/#organization","name":"CULTURESCO","url":"https:\/\/culturesco.com\/","logo":{"@type":"ImageObject","inLanguage":"fr-FR","@id":"https:\/\/culturesco.com\/#\/schema\/logo\/image\/","url":"https:\/\/i0.wp.com\/culturesco.com\/wp-content\/uploads\/2022\/04\/culturesco-logo-blanc250p.png?fit=250%2C250&ssl=1","contentUrl":"https:\/\/i0.wp.com\/culturesco.com\/wp-content\/uploads\/2022\/04\/culturesco-logo-blanc250p.png?fit=250%2C250&ssl=1","width":250,"height":250,"caption":"CULTURESCO"},"image":{"@id":"https:\/\/culturesco.com\/#\/schema\/logo\/image\/"},"sameAs":["https:\/\/www.facebook.com\/radioculturesco","https:\/\/x.com\/AugusteMarshal","https:\/\/www.instagram.com\/carotte_rock_culture\/","https:\/\/www.pinterest.fr\/augustemarshal\/","https:\/\/www.youtube.com\/channel\/UCiWLGffqWSXlNnfzp6YwwyQ"]},{"@type":"Person","@id":"https:\/\/culturesco.com\/#\/schema\/person\/e5f1d9f08e7735744b612e13ccec2293","name":"Denis Chofflet","image":{"@type":"ImageObject","inLanguage":"fr-FR","@id":"https:\/\/i0.wp.com\/culturesco.com\/wp-content\/uploads\/2019\/01\/denis-chofflet.jpg?fit=96%2C86&ssl=1","url":"https:\/\/i0.wp.com\/culturesco.com\/wp-content\/uploads\/2019\/01\/denis-chofflet.jpg?fit=96%2C86&ssl=1","contentUrl":"https:\/\/i0.wp.com\/culturesco.com\/wp-content\/uploads\/2019\/01\/denis-chofflet.jpg?fit=96%2C86&ssl=1","caption":"Denis Chofflet"},"sameAs":["https:\/\/culturesco.com"],"url":"https:\/\/culturesco.com\/index.php\/author\/denis\/"}]}},"jetpack_featured_media_url":"https:\/\/i0.wp.com\/culturesco.com\/wp-content\/uploads\/2023\/10\/Sans-titre-2.jpg?fit=600%2C324&ssl=1","jetpack_likes_enabled":true,"jetpack_sharing_enabled":true,"jetpack_shortlink":"https:\/\/wp.me\/paz89I-5pN","_links":{"self":[{"href":"https:\/\/culturesco.com\/index.php\/wp-json\/wp\/v2\/posts\/20819","targetHints":{"allow":["GET"]}}],"collection":[{"href":"https:\/\/culturesco.com\/index.php\/wp-json\/wp\/v2\/posts"}],"about":[{"href":"https:\/\/culturesco.com\/index.php\/wp-json\/wp\/v2\/types\/post"}],"author":[{"embeddable":true,"href":"https:\/\/culturesco.com\/index.php\/wp-json\/wp\/v2\/users\/9"}],"replies":[{"embeddable":true,"href":"https:\/\/culturesco.com\/index.php\/wp-json\/wp\/v2\/comments?post=20819"}],"version-history":[{"count":0,"href":"https:\/\/culturesco.com\/index.php\/wp-json\/wp\/v2\/posts\/20819\/revisions"}],"wp:featuredmedia":[{"embeddable":true,"href":"https:\/\/culturesco.com\/index.php\/wp-json\/wp\/v2\/media\/20828"}],"wp:attachment":[{"href":"https:\/\/culturesco.com\/index.php\/wp-json\/wp\/v2\/media?parent=20819"}],"wp:term":[{"taxonomy":"category","embeddable":true,"href":"https:\/\/culturesco.com\/index.php\/wp-json\/wp\/v2\/categories?post=20819"},{"taxonomy":"post_tag","embeddable":true,"href":"https:\/\/culturesco.com\/index.php\/wp-json\/wp\/v2\/tags?post=20819"}],"curies":[{"name":"wp","href":"https:\/\/api.w.org\/{rel}","templated":true}]}}