{"id":20700,"date":"2023-10-20T19:35:53","date_gmt":"2023-10-20T17:35:53","guid":{"rendered":"https:\/\/culturesco.com\/?p=20700"},"modified":"2023-10-20T19:37:01","modified_gmt":"2023-10-20T17:37:01","slug":"sacha-distel-oh-la-belle-vie","status":"publish","type":"post","link":"https:\/\/culturesco.com\/index.php\/2023\/10\/20\/sacha-distel-oh-la-belle-vie\/","title":{"rendered":"Sacha DISTEL &#8211; Oh, la belle vie !"},"content":{"rendered":"<h2>Sacha DISTEL &#8211; Oh, la belle vie !<\/h2>\n<p><img data-recalc-dims=\"1\" loading=\"lazy\" decoding=\"async\" class=\" wp-image-20701 aligncenter\" src=\"https:\/\/i0.wp.com\/culturesco.com\/wp-content\/uploads\/2023\/10\/Sacha-DISTEL-Front.jpg?resize=564%2C308&#038;ssl=1\" alt=\"Sacha Distel\" width=\"564\" height=\"308\" srcset=\"https:\/\/i0.wp.com\/culturesco.com\/wp-content\/uploads\/2023\/10\/Sacha-DISTEL-Front.jpg?resize=300%2C164&amp;ssl=1 300w, https:\/\/i0.wp.com\/culturesco.com\/wp-content\/uploads\/2023\/10\/Sacha-DISTEL-Front.jpg?resize=768%2C419&amp;ssl=1 768w, https:\/\/i0.wp.com\/culturesco.com\/wp-content\/uploads\/2023\/10\/Sacha-DISTEL-Front.jpg?resize=696%2C380&amp;ssl=1 696w, https:\/\/i0.wp.com\/culturesco.com\/wp-content\/uploads\/2023\/10\/Sacha-DISTEL-Front.jpg?resize=1068%2C583&amp;ssl=1 1068w, https:\/\/i0.wp.com\/culturesco.com\/wp-content\/uploads\/2023\/10\/Sacha-DISTEL-Front.jpg?resize=770%2C420&amp;ssl=1 770w, https:\/\/i0.wp.com\/culturesco.com\/wp-content\/uploads\/2023\/10\/Sacha-DISTEL-Front.jpg?w=600&amp;ssl=1 600w, https:\/\/i0.wp.com\/culturesco.com\/wp-content\/uploads\/2023\/10\/Sacha-DISTEL-Front.jpg?resize=110%2C60&amp;ssl=1 110w, https:\/\/i0.wp.com\/culturesco.com\/wp-content\/uploads\/2023\/10\/Sacha-DISTEL-Front.jpg?resize=165%2C90&amp;ssl=1 165w\" sizes=\"auto, (max-width: 564px) 100vw, 564px\" \/><\/p>\n<p style=\"text-align: justify;\"><strong>Sacha Distel<\/strong> n\u2019a pas dix-sept ans lorsqu\u2019il <strong>s\u2019initie \u00e0 la guitare avec<\/strong>, comme professeur, <a href=\"https:\/\/www.youtube.com\/watch?v=gFkUVik35U8\" target=\"_blank\" rel=\"noopener\"><strong>Henry Salvador<\/strong> <\/a>\u2013 alors guitariste dans l\u2019orchestre de Ray Ventura, l\u2019oncle de Sacha. \u00c0 dix-neuf ans, apr\u00e8s un<strong> s\u00e9jour linguistique et musical \u00e0 New-York<\/strong>, il revient <strong>en France<\/strong> et <strong>int\u00e8gre des formations de jazz du c\u00f4t\u00e9 de Saint-Germain-des-Pr\u00e9s<\/strong>, haut lieu de la sp\u00e9cialit\u00e9 \u2013 CF <a href=\"https:\/\/www.youtube.com\/watch?v=ppzoZYsE0U0\" target=\"_blank\" rel=\"noopener\">Boris Vian<\/a>, <a href=\"https:\/\/www.youtube.com\/watch?v=TLDflhhdPCg\" target=\"_blank\" rel=\"noopener\">Miles Davis<\/a>&#8230;<\/p>\n<p style=\"text-align: justify;\">D\u00e9termin\u00e9, il pratique son instrument avec opini\u00e2tret\u00e9 jusqu\u2019\u00e0 devenir \u00e0 vingt-trois ans<strong> l\u2019un des tout meilleurs guitaristes de jazz fran\u00e7ais<\/strong>. Nous sommes alors en 1955\/1956 et il enregistre avec, s\u2019il vous plait, rien moins que <a href=\"https:\/\/www.youtube.com\/watch?v=R_rTICMVXQQ\" target=\"_blank\" rel=\"noopener\">Lionel Hampton<\/a>. <strong>Il joue<\/strong> \u00e9galement <strong>aux c\u00f4t\u00e9s de pointures du genre<\/strong> : <a href=\"https:\/\/www.youtube.com\/watch?v=FK25-quv7fs\" target=\"_blank\" rel=\"noopener\">St\u00e9phane Grappelli<\/a> et\/ou Michel Portal, puis <strong>accompagne Juliette Gr\u00e9co et<a href=\"https:\/\/www.youtube.com\/watch?v=lJXLqAutql4\" target=\"_blank\" rel=\"noopener\"> Sarah Vaughan<\/a><\/strong>. Le \u00ab beau gosse \u00bb <strong>trace sa route\u2026<\/strong><\/p>\n<h3>Sacha DISTEL &#8211; Honeysuckle Rose<\/h3>\n<div class=\"youtube-embed\" data-video_id=\"cpHhHS9o8_0\"><iframe loading=\"lazy\" title=\"St\u00e9phane Grappelli - Honeysuckle Rose - vers 1959\" width=\"696\" height=\"522\" src=\"https:\/\/www.youtube.com\/embed\/cpHhHS9o8_0\" frameborder=\"0\" allow=\"accelerometer; autoplay; clipboard-write; encrypted-media; gyroscope; picture-in-picture; web-share\" referrerpolicy=\"strict-origin-when-cross-origin\" allowfullscreen><\/iframe><\/div>\n<p style=\"text-align: justify;\">\u00ab <a href=\"https:\/\/www.youtube.com\/watch?v=ZBQEMd0KsqM\" target=\"_blank\" rel=\"noopener\"><strong>Scoubidou<\/strong><\/a> \u00bb (1959), \u00ab <a href=\"https:\/\/www.youtube.com\/watch?v=xj6K5MwKbnw\" target=\"_blank\" rel=\"noopener\">Scandale dans la famille<\/a> \u00bb (1966), \u00ab <a href=\"https:\/\/www.youtube.com\/watch?v=EGdukWPpO5g\" target=\"_blank\" rel=\"noopener\"><strong>L\u2019incendie \u00e0 Rio<\/strong><\/a> \u00bb (1968), \u00ab Toute la pluie tombe sur moi \u00bb (1971), \u00ab <a href=\"https:\/\/www.youtube.com\/watch?v=0tZqE8Bs1oM\" target=\"_blank\" rel=\"noopener\"><strong>Tu es le soleil de ma vie<\/strong><\/a> \u00bb (1988), celle-ci en compagnie de Brigitte Bardot, <strong>les succ\u00e8s s\u2019encha\u00eenent.<\/strong> Apr\u00e8s Gainsbourg et son \u00ab <a href=\"https:\/\/www.youtube.com\/watch?v=Wa7wjr1NwhA\" target=\"_blank\" rel=\"noopener\">Bonnie and Clyde<\/a> \u00bb (1968), <strong>Distel fait chanter Bardot<\/strong>, comme si les amants de la plus belle femme du monde (?) se devaient de l\u2019honorer en chanson. \u00ab Gueule d\u2019amour \u00bb, <strong>Sacha fut un charmeur de princesses.<\/strong><\/p>\n<p><img data-recalc-dims=\"1\" loading=\"lazy\" decoding=\"async\" class=\" wp-image-20702 aligncenter\" src=\"https:\/\/i0.wp.com\/culturesco.com\/wp-content\/uploads\/2023\/10\/Sacha-DISTEL-et-les-femmes.jpg?resize=513%2C347&#038;ssl=1\" alt=\"Sacha Distel\" width=\"513\" height=\"347\" srcset=\"https:\/\/i0.wp.com\/culturesco.com\/wp-content\/uploads\/2023\/10\/Sacha-DISTEL-et-les-femmes.jpg?resize=300%2C203&amp;ssl=1 300w, https:\/\/i0.wp.com\/culturesco.com\/wp-content\/uploads\/2023\/10\/Sacha-DISTEL-et-les-femmes.jpg?resize=696%2C470&amp;ssl=1 696w, https:\/\/i0.wp.com\/culturesco.com\/wp-content\/uploads\/2023\/10\/Sacha-DISTEL-et-les-femmes.jpg?resize=622%2C420&amp;ssl=1 622w, https:\/\/i0.wp.com\/culturesco.com\/wp-content\/uploads\/2023\/10\/Sacha-DISTEL-et-les-femmes.jpg?w=600&amp;ssl=1 600w, https:\/\/i0.wp.com\/culturesco.com\/wp-content\/uploads\/2023\/10\/Sacha-DISTEL-et-les-femmes.jpg?resize=89%2C60&amp;ssl=1 89w, https:\/\/i0.wp.com\/culturesco.com\/wp-content\/uploads\/2023\/10\/Sacha-DISTEL-et-les-femmes.jpg?resize=133%2C90&amp;ssl=1 133w\" sizes=\"auto, (max-width: 513px) 100vw, 513px\" \/><\/p>\n<p style=\"text-align: justify;\">Mais <strong>l\u2019essentiel \u00e0 son propos n\u2019est pas dans les \u00ab cancans \u00bb<\/strong>, les ragots, les avanies jalouses de malfaisants mal accompagn\u00e9s.<\/p>\n<h3>Toute la pluie tombe sur moi<\/h3>\n<div class=\"youtube-embed\" data-video_id=\"L5JLqh4_h68\"><iframe loading=\"lazy\" title=\"Sacha Distel - Toute la pluie tombe sur moi\" width=\"696\" height=\"392\" src=\"https:\/\/www.youtube.com\/embed\/L5JLqh4_h68\" frameborder=\"0\" allow=\"accelerometer; autoplay; clipboard-write; encrypted-media; gyroscope; picture-in-picture; web-share\" referrerpolicy=\"strict-origin-when-cross-origin\" allowfullscreen><\/iframe><\/div>\n<p style=\"text-align: justify;\"><strong>En 1961<\/strong>, il compose \u00ab <a href=\"https:\/\/www.youtube.com\/watch?v=CUdprfdtQaA\" target=\"_blank\" rel=\"noopener\"><strong>Marina<\/strong> <\/a>\u00bb, <strong>un instrumental \u00e0 la guitare<\/strong> pr\u00e9gnante, une douce m\u00e9lodie jazzy destin\u00e9e \u00e0 musicaliser L\u2019Orgueil, un des sketchs r\u00e9alis\u00e9 par Roger Vadim pour le film <em>Les Sept P\u00e9ch\u00e9s Capitaux<\/em>. Trois ans plus tard, <strong>le chanteur reprend sa partition.<\/strong> Il y <strong>adjoint des paroles<\/strong> pour ce qui <strong>va devenir,<\/strong> et reste encore de nos jours, <strong>une chanson en or massif<\/strong> : \u00ab <strong>La belle vie<\/strong> \u00bb.<\/p>\n<h3>Sacha DISTEL &#8211; La belle vie (1964)<\/h3>\n<div class=\"youtube-embed\" data-video_id=\"4pbgaCHQV00\"><iframe loading=\"lazy\" title=\"Sacha Distel - La belle vie (Version originale - 1964)\" width=\"696\" height=\"392\" src=\"https:\/\/www.youtube.com\/embed\/4pbgaCHQV00\" frameborder=\"0\" allow=\"accelerometer; autoplay; clipboard-write; encrypted-media; gyroscope; picture-in-picture; web-share\" referrerpolicy=\"strict-origin-when-cross-origin\" allowfullscreen><\/iframe><\/div>\n<p style=\"text-align: justify;\"><strong>En 2013<\/strong>, la chanson est r\u00e9cup\u00e9r\u00e9e par<strong> Sinclair,<\/strong> le funkateer fran\u00e7ais, qui cherche (et r\u00e9ussit !) \u00e0 produire <strong>un album<\/strong> r\u00e9unissant des classiques de la <strong>chanson fran\u00e7aise<\/strong>. Pour \u00ab raviver \u00bb ces reprises, il r\u00e9unit un large panel de \u00ab cadors \u00bb plus ou moins m\u00e9daill\u00e9s. Ainsi, <strong>l\u2019interpr\u00e9tation du classique de Distel<\/strong> est-elle offerte \u00e0 <strong>un trio de crooners<\/strong> : Dany Brillant, Damien Sargue et Roch Voisine.<\/p>\n<h3>La belle vie (2013) &#8211; Reprise<\/h3>\n<div class=\"youtube-embed\" data-video_id=\"0r159-QhL8E\"><iframe loading=\"lazy\" title=\"DANY BRILLANT ft. Damien SARGUE, Roch VOISINE - La belle vie (Clip officiel)\" width=\"696\" height=\"392\" src=\"https:\/\/www.youtube.com\/embed\/0r159-QhL8E\" frameborder=\"0\" allow=\"accelerometer; autoplay; clipboard-write; encrypted-media; gyroscope; picture-in-picture; web-share\" referrerpolicy=\"strict-origin-when-cross-origin\" allowfullscreen><\/iframe><\/div>\n<p style=\"text-align: justify;\"><strong>Derni\u00e8rement<\/strong>, sur les \u00e9crans de t\u00e9l\u00e9vision, la ritournelle <strong>accompagne des \u00ab r\u00e9clames \u00bb<\/strong> pour le <em>Pack Open Orange<\/em> ou la <strong>Poste Services Seniors<\/strong>\u2026 Sacha doit se retourner dans sa tombe, <strong>cette splendide chanson m\u00e9ritait mieux<\/strong>.<\/p>\n<h3>Sacha DISTEL &#8211; La belle vie (1973)<\/h3>\n<div class=\"youtube-embed\" data-video_id=\"CduqxoFIyME\"><iframe loading=\"lazy\" title=\"Sacha Distel - La belle vie (Version de 1973)\" width=\"696\" height=\"392\" src=\"https:\/\/www.youtube.com\/embed\/CduqxoFIyME\" frameborder=\"0\" allow=\"accelerometer; autoplay; clipboard-write; encrypted-media; gyroscope; picture-in-picture; web-share\" referrerpolicy=\"strict-origin-when-cross-origin\" allowfullscreen><\/iframe><\/div>\n<p style=\"text-align: justify;\"><strong>On c\u00e9l\u00e8bre<\/strong> souvent <strong>Brel, Brassens, Ferr\u00e9, Ferrat,<\/strong> \u00e0 juste titre, comme des illustres repr\u00e9sentants de<strong> la chanson fran\u00e7aise \u00e0 texte.<\/strong> \u00ab <strong>La belle vie<\/strong> \u00bb, de et par <strong>Sacha Distel,<\/strong> si elle ne v\u00e9hicule pas de propos essentiels, <strong>a le pouvoir de distiller un climat apaisant<\/strong>. Est-elle <strong>le reflet de la vie<\/strong> de celui qui la chante et, par effet miroir, de celui ou celle qui l\u2019\u00e9coute ? \u00c7a n\u2019est pas certain\u2026 Mais<strong> il suffit parfois de le vouloir pour y croire.<\/strong><\/p>\n<p>Thierry Dauge<\/p>\n","protected":false},"excerpt":{"rendered":"<p>Sacha DISTEL &#8211; Oh, la belle vie ! Sacha Distel n\u2019a pas dix-sept ans lorsqu\u2019il s\u2019initie \u00e0 la guitare avec, comme professeur, Henry Salvador \u2013 alors guitariste dans l\u2019orchestre de Ray Ventura, l\u2019oncle de Sacha. \u00c0 dix-neuf ans, apr\u00e8s un s\u00e9jour linguistique et musical \u00e0 New-York, il revient en France et int\u00e8gre des formations de [&hellip;]<\/p>\n","protected":false},"author":3,"featured_media":20701,"comment_status":"open","ping_status":"open","sticky":false,"template":"","format":"image","meta":{"jetpack_post_was_ever_published":false,"tdm_status":"","tdm_grid_status":"","_jetpack_newsletter_access":"","_jetpack_dont_email_post_to_subs":false,"_jetpack_newsletter_tier_id":0,"_jetpack_memberships_contains_paywalled_content":false,"_jetpack_memberships_contains_paid_content":false,"footnotes":""},"categories":[17,14344,14419],"tags":[40,12104,12709],"class_list":{"0":"post-20700","1":"post","2":"type-post","3":"status-publish","4":"format-image","5":"has-post-thumbnail","7":"category-carotte-rock-cultures","8":"category-chanson-francaise","9":"category-jazz","10":"tag-chanson-francaise","11":"tag-hommage","12":"tag-jazz","13":"post_format-post-format-image"},"yoast_head":"<!-- This site is optimized with the Yoast SEO plugin v27.5 - https:\/\/yoast.com\/product\/yoast-seo-wordpress\/ -->\n<title>Sacha DISTEL - Oh, la belle vie ! - Culturesco chanson fran\u00e7aise<\/title>\n<meta name=\"description\" content=\"CulturesCo | Sacha Distel, chanteur de vari\u00e9t\u00e9, a compos\u00e9 une chanson ind\u00e9modable au pouvoir apaisant : La belle vie. Une ode \u00e0 la douceur.\" \/>\n<meta name=\"robots\" content=\"index, follow, max-snippet:-1, max-image-preview:large, max-video-preview:-1\" \/>\n<link rel=\"canonical\" href=\"https:\/\/culturesco.com\/index.php\/2023\/10\/20\/sacha-distel-oh-la-belle-vie\/\" \/>\n<meta property=\"og:locale\" content=\"fr_FR\" \/>\n<meta property=\"og:type\" content=\"article\" \/>\n<meta property=\"og:title\" content=\"Sacha DISTEL - Oh, la belle vie ! - Culturesco chanson fran\u00e7aise\" \/>\n<meta property=\"og:description\" content=\"CulturesCo | Sacha Distel, chanteur de vari\u00e9t\u00e9, a compos\u00e9 une chanson ind\u00e9modable au pouvoir apaisant : La belle vie. Une ode \u00e0 la douceur.\" \/>\n<meta property=\"og:url\" content=\"https:\/\/culturesco.com\/index.php\/2023\/10\/20\/sacha-distel-oh-la-belle-vie\/\" \/>\n<meta property=\"og:site_name\" content=\"Culturesco\" \/>\n<meta property=\"article:publisher\" content=\"https:\/\/www.facebook.com\/radioculturesco\" \/>\n<meta property=\"article:published_time\" content=\"2023-10-20T17:35:53+00:00\" \/>\n<meta property=\"article:modified_time\" content=\"2023-10-20T17:37:01+00:00\" \/>\n<meta property=\"og:image\" content=\"https:\/\/culturesco.com\/wp-content\/uploads\/2023\/10\/Sacha-DISTEL-Front.jpg\" \/>\n\t<meta property=\"og:image:width\" content=\"600\" \/>\n\t<meta property=\"og:image:height\" content=\"327\" \/>\n\t<meta property=\"og:image:type\" content=\"image\/jpeg\" \/>\n<meta name=\"author\" content=\"Thierry Dauge\" \/>\n<meta name=\"twitter:card\" content=\"summary_large_image\" \/>\n<meta name=\"twitter:creator\" content=\"@AugusteMarshal\" \/>\n<meta name=\"twitter:site\" content=\"@AugusteMarshal\" \/>\n<meta name=\"twitter:label1\" content=\"\u00c9crit par\" \/>\n\t<meta name=\"twitter:data1\" content=\"Thierry Dauge\" \/>\n\t<meta name=\"twitter:label2\" content=\"Dur\u00e9e de lecture estim\u00e9e\" \/>\n\t<meta name=\"twitter:data2\" content=\"3 minutes\" \/>\n<script type=\"application\/ld+json\" class=\"yoast-schema-graph\">{\"@context\":\"https:\\\/\\\/schema.org\",\"@graph\":[{\"@type\":\"Article\",\"@id\":\"https:\\\/\\\/culturesco.com\\\/index.php\\\/2023\\\/10\\\/20\\\/sacha-distel-oh-la-belle-vie\\\/#article\",\"isPartOf\":{\"@id\":\"https:\\\/\\\/culturesco.com\\\/index.php\\\/2023\\\/10\\\/20\\\/sacha-distel-oh-la-belle-vie\\\/\"},\"author\":{\"name\":\"Thierry Dauge\",\"@id\":\"https:\\\/\\\/culturesco.com\\\/#\\\/schema\\\/person\\\/19f04cf232d246197f6e7d62abe6cb0e\"},\"headline\":\"Sacha DISTEL &#8211; Oh, la belle vie !\",\"datePublished\":\"2023-10-20T17:35:53+00:00\",\"dateModified\":\"2023-10-20T17:37:01+00:00\",\"mainEntityOfPage\":{\"@id\":\"https:\\\/\\\/culturesco.com\\\/index.php\\\/2023\\\/10\\\/20\\\/sacha-distel-oh-la-belle-vie\\\/\"},\"wordCount\":580,\"commentCount\":0,\"publisher\":{\"@id\":\"https:\\\/\\\/culturesco.com\\\/#organization\"},\"image\":{\"@id\":\"https:\\\/\\\/culturesco.com\\\/index.php\\\/2023\\\/10\\\/20\\\/sacha-distel-oh-la-belle-vie\\\/#primaryimage\"},\"thumbnailUrl\":\"https:\\\/\\\/i0.wp.com\\\/culturesco.com\\\/wp-content\\\/uploads\\\/2023\\\/10\\\/Sacha-DISTEL-Front.jpg?fit=600%2C327&ssl=1\",\"keywords\":[\"chanson fran\u00e7aise\",\"Hommage\",\"jazz\"],\"articleSection\":[\"Carotte Rock Cultures\",\"Chanson fran\u00e7aise\",\"Jazz\"],\"inLanguage\":\"fr-FR\",\"potentialAction\":[{\"@type\":\"CommentAction\",\"name\":\"Comment\",\"target\":[\"https:\\\/\\\/culturesco.com\\\/index.php\\\/2023\\\/10\\\/20\\\/sacha-distel-oh-la-belle-vie\\\/#respond\"]}]},{\"@type\":\"WebPage\",\"@id\":\"https:\\\/\\\/culturesco.com\\\/index.php\\\/2023\\\/10\\\/20\\\/sacha-distel-oh-la-belle-vie\\\/\",\"url\":\"https:\\\/\\\/culturesco.com\\\/index.php\\\/2023\\\/10\\\/20\\\/sacha-distel-oh-la-belle-vie\\\/\",\"name\":\"Sacha DISTEL - Oh, la belle vie ! - Culturesco chanson fran\u00e7aise\",\"isPartOf\":{\"@id\":\"https:\\\/\\\/culturesco.com\\\/#website\"},\"primaryImageOfPage\":{\"@id\":\"https:\\\/\\\/culturesco.com\\\/index.php\\\/2023\\\/10\\\/20\\\/sacha-distel-oh-la-belle-vie\\\/#primaryimage\"},\"image\":{\"@id\":\"https:\\\/\\\/culturesco.com\\\/index.php\\\/2023\\\/10\\\/20\\\/sacha-distel-oh-la-belle-vie\\\/#primaryimage\"},\"thumbnailUrl\":\"https:\\\/\\\/i0.wp.com\\\/culturesco.com\\\/wp-content\\\/uploads\\\/2023\\\/10\\\/Sacha-DISTEL-Front.jpg?fit=600%2C327&ssl=1\",\"datePublished\":\"2023-10-20T17:35:53+00:00\",\"dateModified\":\"2023-10-20T17:37:01+00:00\",\"description\":\"CulturesCo | Sacha Distel, chanteur de vari\u00e9t\u00e9, a compos\u00e9 une chanson ind\u00e9modable au pouvoir apaisant : La belle vie. Une ode \u00e0 la douceur.\",\"breadcrumb\":{\"@id\":\"https:\\\/\\\/culturesco.com\\\/index.php\\\/2023\\\/10\\\/20\\\/sacha-distel-oh-la-belle-vie\\\/#breadcrumb\"},\"inLanguage\":\"fr-FR\",\"potentialAction\":[{\"@type\":\"ReadAction\",\"target\":[\"https:\\\/\\\/culturesco.com\\\/index.php\\\/2023\\\/10\\\/20\\\/sacha-distel-oh-la-belle-vie\\\/\"]}]},{\"@type\":\"ImageObject\",\"inLanguage\":\"fr-FR\",\"@id\":\"https:\\\/\\\/culturesco.com\\\/index.php\\\/2023\\\/10\\\/20\\\/sacha-distel-oh-la-belle-vie\\\/#primaryimage\",\"url\":\"https:\\\/\\\/i0.wp.com\\\/culturesco.com\\\/wp-content\\\/uploads\\\/2023\\\/10\\\/Sacha-DISTEL-Front.jpg?fit=600%2C327&ssl=1\",\"contentUrl\":\"https:\\\/\\\/i0.wp.com\\\/culturesco.com\\\/wp-content\\\/uploads\\\/2023\\\/10\\\/Sacha-DISTEL-Front.jpg?fit=600%2C327&ssl=1\",\"width\":600,\"height\":327,\"caption\":\"Sacha Distel\"},{\"@type\":\"BreadcrumbList\",\"@id\":\"https:\\\/\\\/culturesco.com\\\/index.php\\\/2023\\\/10\\\/20\\\/sacha-distel-oh-la-belle-vie\\\/#breadcrumb\",\"itemListElement\":[{\"@type\":\"ListItem\",\"position\":1,\"name\":\"Accueil\",\"item\":\"https:\\\/\\\/culturesco.com\\\/\"},{\"@type\":\"ListItem\",\"position\":2,\"name\":\"Sacha DISTEL &#8211; Oh, la belle vie !\"}]},{\"@type\":\"WebSite\",\"@id\":\"https:\\\/\\\/culturesco.com\\\/#website\",\"url\":\"https:\\\/\\\/culturesco.com\\\/\",\"name\":\"Culturesco\",\"description\":\"Culturesco | Un bon coup de pied dans ta Culture\",\"publisher\":{\"@id\":\"https:\\\/\\\/culturesco.com\\\/#organization\"},\"potentialAction\":[{\"@type\":\"SearchAction\",\"target\":{\"@type\":\"EntryPoint\",\"urlTemplate\":\"https:\\\/\\\/culturesco.com\\\/?s={search_term_string}\"},\"query-input\":{\"@type\":\"PropertyValueSpecification\",\"valueRequired\":true,\"valueName\":\"search_term_string\"}}],\"inLanguage\":\"fr-FR\"},{\"@type\":\"Organization\",\"@id\":\"https:\\\/\\\/culturesco.com\\\/#organization\",\"name\":\"CULTURESCO\",\"url\":\"https:\\\/\\\/culturesco.com\\\/\",\"logo\":{\"@type\":\"ImageObject\",\"inLanguage\":\"fr-FR\",\"@id\":\"https:\\\/\\\/culturesco.com\\\/#\\\/schema\\\/logo\\\/image\\\/\",\"url\":\"https:\\\/\\\/i0.wp.com\\\/culturesco.com\\\/wp-content\\\/uploads\\\/2022\\\/04\\\/culturesco-logo-blanc250p.png?fit=250%2C250&ssl=1\",\"contentUrl\":\"https:\\\/\\\/i0.wp.com\\\/culturesco.com\\\/wp-content\\\/uploads\\\/2022\\\/04\\\/culturesco-logo-blanc250p.png?fit=250%2C250&ssl=1\",\"width\":250,\"height\":250,\"caption\":\"CULTURESCO\"},\"image\":{\"@id\":\"https:\\\/\\\/culturesco.com\\\/#\\\/schema\\\/logo\\\/image\\\/\"},\"sameAs\":[\"https:\\\/\\\/www.facebook.com\\\/radioculturesco\",\"https:\\\/\\\/x.com\\\/AugusteMarshal\",\"https:\\\/\\\/www.instagram.com\\\/carotte_rock_culture\\\/\",\"https:\\\/\\\/www.pinterest.fr\\\/augustemarshal\\\/\",\"https:\\\/\\\/www.youtube.com\\\/channel\\\/UCiWLGffqWSXlNnfzp6YwwyQ\"]},{\"@type\":\"Person\",\"@id\":\"https:\\\/\\\/culturesco.com\\\/#\\\/schema\\\/person\\\/19f04cf232d246197f6e7d62abe6cb0e\",\"name\":\"Thierry Dauge\",\"image\":{\"@type\":\"ImageObject\",\"inLanguage\":\"fr-FR\",\"@id\":\"https:\\\/\\\/i0.wp.com\\\/culturesco.com\\\/wp-content\\\/uploads\\\/2018\\\/12\\\/Black-Beauty-and-me.jpg?fit=96%2C96&ssl=1\",\"url\":\"https:\\\/\\\/i0.wp.com\\\/culturesco.com\\\/wp-content\\\/uploads\\\/2018\\\/12\\\/Black-Beauty-and-me.jpg?fit=96%2C96&ssl=1\",\"contentUrl\":\"https:\\\/\\\/i0.wp.com\\\/culturesco.com\\\/wp-content\\\/uploads\\\/2018\\\/12\\\/Black-Beauty-and-me.jpg?fit=96%2C96&ssl=1\",\"caption\":\"Thierry Dauge\"},\"description\":\"Amoureux des 70\u2019s et du hard rock en particulier, Thierry Dauge est chroniqueur sur Culturesco par amour de l\u2019\u00e9criture musicale. Co-auteur du livre\\\"Pop rock - Les instruments de l'ombre\\\" aux \u00e9ditions du Camion Blanc, collaborateur de Vivi pour \\\"Mes Ann\u00e9es Trust\\\", auteur de \\\"Sparks\\\" aux \u00e9ditions du Layeur, parce que le rock est loin d'\u00eatre mort ...\",\"url\":\"https:\\\/\\\/culturesco.com\\\/index.php\\\/author\\\/thierry-dauge888\\\/\"}]}<\/script>\n<!-- \/ Yoast SEO plugin. -->","yoast_head_json":{"title":"Sacha DISTEL - Oh, la belle vie ! - Culturesco chanson fran\u00e7aise","description":"CulturesCo | Sacha Distel, chanteur de vari\u00e9t\u00e9, a compos\u00e9 une chanson ind\u00e9modable au pouvoir apaisant : La belle vie. Une ode \u00e0 la douceur.","robots":{"index":"index","follow":"follow","max-snippet":"max-snippet:-1","max-image-preview":"max-image-preview:large","max-video-preview":"max-video-preview:-1"},"canonical":"https:\/\/culturesco.com\/index.php\/2023\/10\/20\/sacha-distel-oh-la-belle-vie\/","og_locale":"fr_FR","og_type":"article","og_title":"Sacha DISTEL - Oh, la belle vie ! - Culturesco chanson fran\u00e7aise","og_description":"CulturesCo | Sacha Distel, chanteur de vari\u00e9t\u00e9, a compos\u00e9 une chanson ind\u00e9modable au pouvoir apaisant : La belle vie. Une ode \u00e0 la douceur.","og_url":"https:\/\/culturesco.com\/index.php\/2023\/10\/20\/sacha-distel-oh-la-belle-vie\/","og_site_name":"Culturesco","article_publisher":"https:\/\/www.facebook.com\/radioculturesco","article_published_time":"2023-10-20T17:35:53+00:00","article_modified_time":"2023-10-20T17:37:01+00:00","og_image":[{"width":600,"height":327,"url":"https:\/\/culturesco.com\/wp-content\/uploads\/2023\/10\/Sacha-DISTEL-Front.jpg","type":"image\/jpeg"}],"author":"Thierry Dauge","twitter_card":"summary_large_image","twitter_creator":"@AugusteMarshal","twitter_site":"@AugusteMarshal","twitter_misc":{"\u00c9crit par":"Thierry Dauge","Dur\u00e9e de lecture estim\u00e9e":"3 minutes"},"schema":{"@context":"https:\/\/schema.org","@graph":[{"@type":"Article","@id":"https:\/\/culturesco.com\/index.php\/2023\/10\/20\/sacha-distel-oh-la-belle-vie\/#article","isPartOf":{"@id":"https:\/\/culturesco.com\/index.php\/2023\/10\/20\/sacha-distel-oh-la-belle-vie\/"},"author":{"name":"Thierry Dauge","@id":"https:\/\/culturesco.com\/#\/schema\/person\/19f04cf232d246197f6e7d62abe6cb0e"},"headline":"Sacha DISTEL &#8211; Oh, la belle vie !","datePublished":"2023-10-20T17:35:53+00:00","dateModified":"2023-10-20T17:37:01+00:00","mainEntityOfPage":{"@id":"https:\/\/culturesco.com\/index.php\/2023\/10\/20\/sacha-distel-oh-la-belle-vie\/"},"wordCount":580,"commentCount":0,"publisher":{"@id":"https:\/\/culturesco.com\/#organization"},"image":{"@id":"https:\/\/culturesco.com\/index.php\/2023\/10\/20\/sacha-distel-oh-la-belle-vie\/#primaryimage"},"thumbnailUrl":"https:\/\/i0.wp.com\/culturesco.com\/wp-content\/uploads\/2023\/10\/Sacha-DISTEL-Front.jpg?fit=600%2C327&ssl=1","keywords":["chanson fran\u00e7aise","Hommage","jazz"],"articleSection":["Carotte Rock Cultures","Chanson fran\u00e7aise","Jazz"],"inLanguage":"fr-FR","potentialAction":[{"@type":"CommentAction","name":"Comment","target":["https:\/\/culturesco.com\/index.php\/2023\/10\/20\/sacha-distel-oh-la-belle-vie\/#respond"]}]},{"@type":"WebPage","@id":"https:\/\/culturesco.com\/index.php\/2023\/10\/20\/sacha-distel-oh-la-belle-vie\/","url":"https:\/\/culturesco.com\/index.php\/2023\/10\/20\/sacha-distel-oh-la-belle-vie\/","name":"Sacha DISTEL - Oh, la belle vie ! - Culturesco chanson fran\u00e7aise","isPartOf":{"@id":"https:\/\/culturesco.com\/#website"},"primaryImageOfPage":{"@id":"https:\/\/culturesco.com\/index.php\/2023\/10\/20\/sacha-distel-oh-la-belle-vie\/#primaryimage"},"image":{"@id":"https:\/\/culturesco.com\/index.php\/2023\/10\/20\/sacha-distel-oh-la-belle-vie\/#primaryimage"},"thumbnailUrl":"https:\/\/i0.wp.com\/culturesco.com\/wp-content\/uploads\/2023\/10\/Sacha-DISTEL-Front.jpg?fit=600%2C327&ssl=1","datePublished":"2023-10-20T17:35:53+00:00","dateModified":"2023-10-20T17:37:01+00:00","description":"CulturesCo | Sacha Distel, chanteur de vari\u00e9t\u00e9, a compos\u00e9 une chanson ind\u00e9modable au pouvoir apaisant : La belle vie. Une ode \u00e0 la douceur.","breadcrumb":{"@id":"https:\/\/culturesco.com\/index.php\/2023\/10\/20\/sacha-distel-oh-la-belle-vie\/#breadcrumb"},"inLanguage":"fr-FR","potentialAction":[{"@type":"ReadAction","target":["https:\/\/culturesco.com\/index.php\/2023\/10\/20\/sacha-distel-oh-la-belle-vie\/"]}]},{"@type":"ImageObject","inLanguage":"fr-FR","@id":"https:\/\/culturesco.com\/index.php\/2023\/10\/20\/sacha-distel-oh-la-belle-vie\/#primaryimage","url":"https:\/\/i0.wp.com\/culturesco.com\/wp-content\/uploads\/2023\/10\/Sacha-DISTEL-Front.jpg?fit=600%2C327&ssl=1","contentUrl":"https:\/\/i0.wp.com\/culturesco.com\/wp-content\/uploads\/2023\/10\/Sacha-DISTEL-Front.jpg?fit=600%2C327&ssl=1","width":600,"height":327,"caption":"Sacha Distel"},{"@type":"BreadcrumbList","@id":"https:\/\/culturesco.com\/index.php\/2023\/10\/20\/sacha-distel-oh-la-belle-vie\/#breadcrumb","itemListElement":[{"@type":"ListItem","position":1,"name":"Accueil","item":"https:\/\/culturesco.com\/"},{"@type":"ListItem","position":2,"name":"Sacha DISTEL &#8211; Oh, la belle vie !"}]},{"@type":"WebSite","@id":"https:\/\/culturesco.com\/#website","url":"https:\/\/culturesco.com\/","name":"Culturesco","description":"Culturesco | Un bon coup de pied dans ta Culture","publisher":{"@id":"https:\/\/culturesco.com\/#organization"},"potentialAction":[{"@type":"SearchAction","target":{"@type":"EntryPoint","urlTemplate":"https:\/\/culturesco.com\/?s={search_term_string}"},"query-input":{"@type":"PropertyValueSpecification","valueRequired":true,"valueName":"search_term_string"}}],"inLanguage":"fr-FR"},{"@type":"Organization","@id":"https:\/\/culturesco.com\/#organization","name":"CULTURESCO","url":"https:\/\/culturesco.com\/","logo":{"@type":"ImageObject","inLanguage":"fr-FR","@id":"https:\/\/culturesco.com\/#\/schema\/logo\/image\/","url":"https:\/\/i0.wp.com\/culturesco.com\/wp-content\/uploads\/2022\/04\/culturesco-logo-blanc250p.png?fit=250%2C250&ssl=1","contentUrl":"https:\/\/i0.wp.com\/culturesco.com\/wp-content\/uploads\/2022\/04\/culturesco-logo-blanc250p.png?fit=250%2C250&ssl=1","width":250,"height":250,"caption":"CULTURESCO"},"image":{"@id":"https:\/\/culturesco.com\/#\/schema\/logo\/image\/"},"sameAs":["https:\/\/www.facebook.com\/radioculturesco","https:\/\/x.com\/AugusteMarshal","https:\/\/www.instagram.com\/carotte_rock_culture\/","https:\/\/www.pinterest.fr\/augustemarshal\/","https:\/\/www.youtube.com\/channel\/UCiWLGffqWSXlNnfzp6YwwyQ"]},{"@type":"Person","@id":"https:\/\/culturesco.com\/#\/schema\/person\/19f04cf232d246197f6e7d62abe6cb0e","name":"Thierry Dauge","image":{"@type":"ImageObject","inLanguage":"fr-FR","@id":"https:\/\/i0.wp.com\/culturesco.com\/wp-content\/uploads\/2018\/12\/Black-Beauty-and-me.jpg?fit=96%2C96&ssl=1","url":"https:\/\/i0.wp.com\/culturesco.com\/wp-content\/uploads\/2018\/12\/Black-Beauty-and-me.jpg?fit=96%2C96&ssl=1","contentUrl":"https:\/\/i0.wp.com\/culturesco.com\/wp-content\/uploads\/2018\/12\/Black-Beauty-and-me.jpg?fit=96%2C96&ssl=1","caption":"Thierry Dauge"},"description":"Amoureux des 70\u2019s et du hard rock en particulier, Thierry Dauge est chroniqueur sur Culturesco par amour de l\u2019\u00e9criture musicale. Co-auteur du livre\"Pop rock - Les instruments de l'ombre\" aux \u00e9ditions du Camion Blanc, collaborateur de Vivi pour \"Mes Ann\u00e9es Trust\", auteur de \"Sparks\" aux \u00e9ditions du Layeur, parce que le rock est loin d'\u00eatre mort ...","url":"https:\/\/culturesco.com\/index.php\/author\/thierry-dauge888\/"}]}},"jetpack_featured_media_url":"https:\/\/i0.wp.com\/culturesco.com\/wp-content\/uploads\/2023\/10\/Sacha-DISTEL-Front.jpg?fit=600%2C327&ssl=1","jetpack_likes_enabled":true,"jetpack_sharing_enabled":true,"jetpack_shortlink":"https:\/\/wp.me\/paz89I-5nS","_links":{"self":[{"href":"https:\/\/culturesco.com\/index.php\/wp-json\/wp\/v2\/posts\/20700","targetHints":{"allow":["GET"]}}],"collection":[{"href":"https:\/\/culturesco.com\/index.php\/wp-json\/wp\/v2\/posts"}],"about":[{"href":"https:\/\/culturesco.com\/index.php\/wp-json\/wp\/v2\/types\/post"}],"author":[{"embeddable":true,"href":"https:\/\/culturesco.com\/index.php\/wp-json\/wp\/v2\/users\/3"}],"replies":[{"embeddable":true,"href":"https:\/\/culturesco.com\/index.php\/wp-json\/wp\/v2\/comments?post=20700"}],"version-history":[{"count":0,"href":"https:\/\/culturesco.com\/index.php\/wp-json\/wp\/v2\/posts\/20700\/revisions"}],"wp:featuredmedia":[{"embeddable":true,"href":"https:\/\/culturesco.com\/index.php\/wp-json\/wp\/v2\/media\/20701"}],"wp:attachment":[{"href":"https:\/\/culturesco.com\/index.php\/wp-json\/wp\/v2\/media?parent=20700"}],"wp:term":[{"taxonomy":"category","embeddable":true,"href":"https:\/\/culturesco.com\/index.php\/wp-json\/wp\/v2\/categories?post=20700"},{"taxonomy":"post_tag","embeddable":true,"href":"https:\/\/culturesco.com\/index.php\/wp-json\/wp\/v2\/tags?post=20700"}],"curies":[{"name":"wp","href":"https:\/\/api.w.org\/{rel}","templated":true}]}}