{"id":20629,"date":"2023-10-14T02:37:26","date_gmt":"2023-10-14T00:37:26","guid":{"rendered":"https:\/\/culturesco.com\/?p=20629"},"modified":"2023-10-16T09:52:09","modified_gmt":"2023-10-16T07:52:09","slug":"bleu-guitare-de-simon-baril","status":"publish","type":"post","link":"https:\/\/culturesco.com\/index.php\/2023\/10\/14\/bleu-guitare-de-simon-baril\/","title":{"rendered":"Bleu Guitare de Simon Baril"},"content":{"rendered":"<h2 style=\"text-align: justify;\">L&rsquo;errance \u00e0 la Wenders<\/h2>\n<figure id=\"attachment_20630\" aria-describedby=\"caption-attachment-20630\" style=\"width: 220px\" class=\"wp-caption aligncenter\"><img data-recalc-dims=\"1\" loading=\"lazy\" decoding=\"async\" class=\"size-medium wp-image-20630\" src=\"https:\/\/i0.wp.com\/culturesco.com\/wp-content\/uploads\/2023\/10\/Simon-Baril.jpeg?resize=220%2C300&#038;ssl=1\" alt=\"Bleu Guitare - Simon Baril\" width=\"220\" height=\"300\" srcset=\"https:\/\/i0.wp.com\/culturesco.com\/wp-content\/uploads\/2023\/10\/Simon-Baril.jpeg?resize=220%2C300&amp;ssl=1 220w, https:\/\/i0.wp.com\/culturesco.com\/wp-content\/uploads\/2023\/10\/Simon-Baril.jpeg?resize=460%2C627&amp;ssl=1 460w, https:\/\/i0.wp.com\/culturesco.com\/wp-content\/uploads\/2023\/10\/Simon-Baril.jpeg?resize=768%2C1048&amp;ssl=1 768w, https:\/\/i0.wp.com\/culturesco.com\/wp-content\/uploads\/2023\/10\/Simon-Baril.jpeg?resize=1126%2C1536&amp;ssl=1 1126w, https:\/\/i0.wp.com\/culturesco.com\/wp-content\/uploads\/2023\/10\/Simon-Baril.jpeg?resize=1501%2C2048&amp;ssl=1 1501w, https:\/\/i0.wp.com\/culturesco.com\/wp-content\/uploads\/2023\/10\/Simon-Baril.jpeg?resize=696%2C950&amp;ssl=1 696w, https:\/\/i0.wp.com\/culturesco.com\/wp-content\/uploads\/2023\/10\/Simon-Baril.jpeg?resize=1068%2C1457&amp;ssl=1 1068w, https:\/\/i0.wp.com\/culturesco.com\/wp-content\/uploads\/2023\/10\/Simon-Baril.jpeg?resize=308%2C420&amp;ssl=1 308w, https:\/\/i0.wp.com\/culturesco.com\/wp-content\/uploads\/2023\/10\/Simon-Baril.jpeg?resize=600%2C819&amp;ssl=1 600w, https:\/\/i0.wp.com\/culturesco.com\/wp-content\/uploads\/2023\/10\/Simon-Baril.jpeg?resize=44%2C60&amp;ssl=1 44w, https:\/\/i0.wp.com\/culturesco.com\/wp-content\/uploads\/2023\/10\/Simon-Baril.jpeg?resize=66%2C90&amp;ssl=1 66w, https:\/\/i0.wp.com\/culturesco.com\/wp-content\/uploads\/2023\/10\/Simon-Baril.jpeg?w=440&amp;ssl=1 440w\" sizes=\"auto, (max-width: 220px) 100vw, 220px\" \/><figcaption id=\"caption-attachment-20630\" class=\"wp-caption-text\">Bleu Guitare &#8211; Simon Baril<\/figcaption><\/figure>\n<h3 style=\"text-align: justify;\">Black and Blue<\/h3>\n<p style=\"text-align: justify;\"><strong>Un groupe fran\u00e7ais vient s&rsquo;\u00e9clater et se r\u00e9v\u00e9ler aux Etats-Unis et surtout \u00e0 Los Angeles. Pour le guitariste l&rsquo;av\u00e8nement va tourner au cauchemar<\/strong>. Dans une ruelle glauque qui doit rejoindre leur camionnette, il se fait massacrer par une bouteille pleine de whisky re\u00e7u sur le cr\u00e2ne suivi d&rsquo;un pi\u00e9tinement de ses mains qui vont le rendre incapable de jouer le moindre accord. Sympas, les autres membres lui trouvent un rempla\u00e7ant et continue leur p\u00e9riple. Lui, reste dans le coma.<\/p>\n<h3><em><a href=\"https:\/\/culturesco.com\/index.php\/2021\/11\/29\/rolling-stones-complexe-inferiorite\/\" target=\"_blank\" rel=\"noopener\">The Rolling Stones<\/a>\u00a0&#8211; You Can&rsquo;t Always Get Want You Want (Live)<\/em><\/h3>\n<div class=\"youtube-embed\" data-video_id=\"oqMl5CRoFdk\"><iframe loading=\"lazy\" title=\"The Rolling Stones - You Can&#039;t Always Get What You Want (Live) - OFFICIAL\" width=\"696\" height=\"392\" src=\"https:\/\/www.youtube.com\/embed\/oqMl5CRoFdk\" frameborder=\"0\" allow=\"accelerometer; autoplay; clipboard-write; encrypted-media; gyroscope; picture-in-picture; web-share\" referrerpolicy=\"strict-origin-when-cross-origin\" allowfullscreen><\/iframe><\/div>\n<p style=\"text-align: justify;\"><strong>C&rsquo;est neuf ans plus tard qu&rsquo;on le retrouve et l\u00e0 d\u00e9bute son errance, fa\u00e7on <em>Bleu Guitare<\/em>.<\/strong><\/p>\n<p style=\"text-align: justify;\"><strong>L&rsquo;ensemble se d\u00e9roule comme un bon film \u00e0 la Wenders\u00a0<\/strong>: tout se joue \u00e0 l&rsquo;int\u00e9rieur du personnage qui per\u00e7oit l&rsquo;ext\u00e9rieur \u00e0 sa fa\u00e7on. D\u00e8s lors, d\u00e9filent descriptions de paysages qui semblent connus mais vus intimement et la volont\u00e9 encore incertaine de savoir se qui est arriv\u00e9. Bref,<strong> il navigue au gr\u00e9 des jours et surtout des nuits sans savoir vraiment ce qu&rsquo;il veut<\/strong>.<\/p>\n<h3><em>Eric Clapton &#8211; Layla (Live)<\/em><\/h3>\n<div class=\"youtube-embed\" data-video_id=\"fX5USg8_1gA\"><iframe loading=\"lazy\" title=\"Eric Clapton - Layla\" width=\"696\" height=\"522\" src=\"https:\/\/www.youtube.com\/embed\/fX5USg8_1gA\" frameborder=\"0\" allow=\"accelerometer; autoplay; clipboard-write; encrypted-media; gyroscope; picture-in-picture; web-share\" referrerpolicy=\"strict-origin-when-cross-origin\" allowfullscreen><\/iframe><\/div>\n<p style=\"text-align: justify;\"><a href=\"https:\/\/www.lemonde.fr\/livres\/article\/2023\/06\/22\/bleu-guitare-de-simon-baril-le-bleu-nuit-de-la-cote-ouest_6178801_3260.html\" target=\"_blank\" rel=\"noopener\">Pour un premier roman<\/a> <strong>Simon Baril<\/strong> frappe fort entre roman noir, blues d\u00e9chirant \u00e0 l&rsquo;image de sa guitare bleue qu&rsquo;il garde pr\u00e9cieusement m\u00eame s&rsquo;il ne peut plus s&rsquo;en servir, et une hypoth\u00e9tique aventure amoureuse impossible avec une actrice.<\/p>\n<p style=\"text-align: justify;\">Inutile d&rsquo;en dire plus sinon que \u00e7a se lit tout seul avec, en fond, une musique ad\u00e9quate et sans d\u00e9voiler la fin naturellement.<\/p>\n<p style=\"text-align: justify;\"><strong>Bleu Guitare de Simon Baril<\/strong><\/p>\n<p style=\"text-align: justify;\">La Tengo \u2013 160 pages \u2013 18\u20ac<\/p>\n<p style=\"text-align: justify;\"><strong>Patrick B\u00e9nard<\/strong><\/p>\n","protected":false},"excerpt":{"rendered":"<p>Un groupe fran\u00e7ais vient s&rsquo;\u00e9clater et se r\u00e9v\u00e9ler aux Etats-Unis et surtout \u00e0 Los Angeles. Pour le guitariste l&rsquo;av\u00e8nement va tourner au cauchemar. Dans une ruelle glauque qui doit rejoindre leur camionnette, il se fait massacrer par une bouteille pleine de whisky re\u00e7u sur le cr\u00e2ne suivi d&rsquo;un pi\u00e9tinement de ses mains qui vont le rendre incapable de jouer le moindre accord. Sympas, les autres membres lui trouvent un rempla\u00e7ant et continue leur p\u00e9riple. Lui, reste dans le coma&#8230;<\/p>\n","protected":false},"author":4,"featured_media":20630,"comment_status":"open","ping_status":"open","sticky":false,"template":"","format":"image","meta":{"jetpack_post_was_ever_published":false,"tdm_status":"","tdm_grid_status":"","_jetpack_newsletter_access":"","_jetpack_dont_email_post_to_subs":false,"_jetpack_newsletter_tier_id":0,"_jetpack_memberships_contains_paywalled_content":false,"_jetpack_memberships_contains_paid_content":false,"footnotes":""},"categories":[27,66,65],"tags":[11669,42,20,14443,64,14444],"class_list":{"0":"post-20629","1":"post","2":"type-post","3":"status-publish","4":"format-image","5":"has-post-thumbnail","7":"category-litterature","8":"category-livre-rock","9":"category-societe","10":"tag-blues","11":"tag-litterature","12":"tag-livre-rock","13":"tag-roman-noir","14":"tag-societe","15":"tag-wom-wenders","16":"post_format-post-format-image"},"yoast_head":"<!-- This site is optimized with the Yoast SEO plugin v27.5 - https:\/\/yoast.com\/product\/yoast-seo-wordpress\/ -->\n<title>Bleu Guitare de Simon Baril - Culturesco<\/title>\n<meta name=\"description\" content=\"CulturesCo | Un bon coup de pied dans ta Culture | Chroniques et histoire du Rock, chanson fran\u00e7aise, litt\u00e9rature, cin\u00e9ma et bande dessin\u00e9e.\" \/>\n<meta name=\"robots\" content=\"index, follow, max-snippet:-1, max-image-preview:large, max-video-preview:-1\" \/>\n<link rel=\"canonical\" href=\"https:\/\/culturesco.com\/index.php\/2023\/10\/14\/bleu-guitare-de-simon-baril\/\" \/>\n<meta property=\"og:locale\" content=\"fr_FR\" \/>\n<meta property=\"og:type\" content=\"article\" \/>\n<meta property=\"og:title\" content=\"Bleu Guitare de Simon Baril - Culturesco\" \/>\n<meta property=\"og:description\" content=\"CulturesCo | Un bon coup de pied dans ta Culture | Chroniques et histoire du Rock, chanson fran\u00e7aise, litt\u00e9rature, cin\u00e9ma et bande dessin\u00e9e.\" \/>\n<meta property=\"og:url\" content=\"https:\/\/culturesco.com\/index.php\/2023\/10\/14\/bleu-guitare-de-simon-baril\/\" \/>\n<meta property=\"og:site_name\" content=\"Culturesco\" \/>\n<meta property=\"article:publisher\" content=\"https:\/\/www.facebook.com\/radioculturesco\" \/>\n<meta property=\"article:published_time\" content=\"2023-10-14T00:37:26+00:00\" \/>\n<meta property=\"article:modified_time\" content=\"2023-10-16T07:52:09+00:00\" \/>\n<meta property=\"og:image\" content=\"https:\/\/culturesco.com\/wp-content\/uploads\/2023\/10\/Simon-Baril.jpeg\" \/>\n\t<meta property=\"og:image:width\" content=\"440\" \/>\n\t<meta property=\"og:image:height\" content=\"600\" \/>\n\t<meta property=\"og:image:type\" content=\"image\/jpeg\" \/>\n<meta name=\"author\" content=\"Patrick Benard\" \/>\n<meta name=\"twitter:card\" content=\"summary_large_image\" \/>\n<meta name=\"twitter:creator\" content=\"@AugusteMarshal\" \/>\n<meta name=\"twitter:site\" content=\"@AugusteMarshal\" \/>\n<meta name=\"twitter:label1\" content=\"\u00c9crit par\" \/>\n\t<meta name=\"twitter:data1\" content=\"Patrick Benard\" \/>\n\t<meta name=\"twitter:label2\" content=\"Dur\u00e9e de lecture estim\u00e9e\" \/>\n\t<meta name=\"twitter:data2\" content=\"2 minutes\" \/>\n<script type=\"application\/ld+json\" class=\"yoast-schema-graph\">{\"@context\":\"https:\\\/\\\/schema.org\",\"@graph\":[{\"@type\":\"Article\",\"@id\":\"https:\\\/\\\/culturesco.com\\\/index.php\\\/2023\\\/10\\\/14\\\/bleu-guitare-de-simon-baril\\\/#article\",\"isPartOf\":{\"@id\":\"https:\\\/\\\/culturesco.com\\\/index.php\\\/2023\\\/10\\\/14\\\/bleu-guitare-de-simon-baril\\\/\"},\"author\":{\"name\":\"Patrick Benard\",\"@id\":\"https:\\\/\\\/culturesco.com\\\/#\\\/schema\\\/person\\\/c2ddd6724863f3bbd20a8278df0891f3\"},\"headline\":\"Bleu Guitare de Simon Baril\",\"datePublished\":\"2023-10-14T00:37:26+00:00\",\"dateModified\":\"2023-10-16T07:52:09+00:00\",\"mainEntityOfPage\":{\"@id\":\"https:\\\/\\\/culturesco.com\\\/index.php\\\/2023\\\/10\\\/14\\\/bleu-guitare-de-simon-baril\\\/\"},\"wordCount\":322,\"commentCount\":0,\"publisher\":{\"@id\":\"https:\\\/\\\/culturesco.com\\\/#organization\"},\"image\":{\"@id\":\"https:\\\/\\\/culturesco.com\\\/index.php\\\/2023\\\/10\\\/14\\\/bleu-guitare-de-simon-baril\\\/#primaryimage\"},\"thumbnailUrl\":\"https:\\\/\\\/i0.wp.com\\\/culturesco.com\\\/wp-content\\\/uploads\\\/2023\\\/10\\\/Simon-Baril.jpeg?fit=440%2C600&ssl=1\",\"keywords\":[\"blues\",\"litt\u00e9rature\",\"Livre Rock\",\"roman noir\",\"Soci\u00e9t\u00e9\",\"Wom Wenders\"],\"articleSection\":[\"Litt\u00e9rature\",\"Livre Rock\",\"Soci\u00e9t\u00e9\"],\"inLanguage\":\"fr-FR\",\"potentialAction\":[{\"@type\":\"CommentAction\",\"name\":\"Comment\",\"target\":[\"https:\\\/\\\/culturesco.com\\\/index.php\\\/2023\\\/10\\\/14\\\/bleu-guitare-de-simon-baril\\\/#respond\"]}]},{\"@type\":\"WebPage\",\"@id\":\"https:\\\/\\\/culturesco.com\\\/index.php\\\/2023\\\/10\\\/14\\\/bleu-guitare-de-simon-baril\\\/\",\"url\":\"https:\\\/\\\/culturesco.com\\\/index.php\\\/2023\\\/10\\\/14\\\/bleu-guitare-de-simon-baril\\\/\",\"name\":\"Bleu Guitare de Simon Baril - Culturesco\",\"isPartOf\":{\"@id\":\"https:\\\/\\\/culturesco.com\\\/#website\"},\"primaryImageOfPage\":{\"@id\":\"https:\\\/\\\/culturesco.com\\\/index.php\\\/2023\\\/10\\\/14\\\/bleu-guitare-de-simon-baril\\\/#primaryimage\"},\"image\":{\"@id\":\"https:\\\/\\\/culturesco.com\\\/index.php\\\/2023\\\/10\\\/14\\\/bleu-guitare-de-simon-baril\\\/#primaryimage\"},\"thumbnailUrl\":\"https:\\\/\\\/i0.wp.com\\\/culturesco.com\\\/wp-content\\\/uploads\\\/2023\\\/10\\\/Simon-Baril.jpeg?fit=440%2C600&ssl=1\",\"datePublished\":\"2023-10-14T00:37:26+00:00\",\"dateModified\":\"2023-10-16T07:52:09+00:00\",\"description\":\"CulturesCo | Un bon coup de pied dans ta Culture | Chroniques et histoire du Rock, chanson fran\u00e7aise, litt\u00e9rature, cin\u00e9ma et bande dessin\u00e9e.\",\"breadcrumb\":{\"@id\":\"https:\\\/\\\/culturesco.com\\\/index.php\\\/2023\\\/10\\\/14\\\/bleu-guitare-de-simon-baril\\\/#breadcrumb\"},\"inLanguage\":\"fr-FR\",\"potentialAction\":[{\"@type\":\"ReadAction\",\"target\":[\"https:\\\/\\\/culturesco.com\\\/index.php\\\/2023\\\/10\\\/14\\\/bleu-guitare-de-simon-baril\\\/\"]}]},{\"@type\":\"ImageObject\",\"inLanguage\":\"fr-FR\",\"@id\":\"https:\\\/\\\/culturesco.com\\\/index.php\\\/2023\\\/10\\\/14\\\/bleu-guitare-de-simon-baril\\\/#primaryimage\",\"url\":\"https:\\\/\\\/i0.wp.com\\\/culturesco.com\\\/wp-content\\\/uploads\\\/2023\\\/10\\\/Simon-Baril.jpeg?fit=440%2C600&ssl=1\",\"contentUrl\":\"https:\\\/\\\/i0.wp.com\\\/culturesco.com\\\/wp-content\\\/uploads\\\/2023\\\/10\\\/Simon-Baril.jpeg?fit=440%2C600&ssl=1\",\"width\":440,\"height\":600,\"caption\":\"Bleu Guitare - Simon Baril\"},{\"@type\":\"BreadcrumbList\",\"@id\":\"https:\\\/\\\/culturesco.com\\\/index.php\\\/2023\\\/10\\\/14\\\/bleu-guitare-de-simon-baril\\\/#breadcrumb\",\"itemListElement\":[{\"@type\":\"ListItem\",\"position\":1,\"name\":\"Accueil\",\"item\":\"https:\\\/\\\/culturesco.com\\\/\"},{\"@type\":\"ListItem\",\"position\":2,\"name\":\"Bleu Guitare de Simon Baril\"}]},{\"@type\":\"WebSite\",\"@id\":\"https:\\\/\\\/culturesco.com\\\/#website\",\"url\":\"https:\\\/\\\/culturesco.com\\\/\",\"name\":\"Culturesco\",\"description\":\"Culturesco | Un bon coup de pied dans ta Culture\",\"publisher\":{\"@id\":\"https:\\\/\\\/culturesco.com\\\/#organization\"},\"potentialAction\":[{\"@type\":\"SearchAction\",\"target\":{\"@type\":\"EntryPoint\",\"urlTemplate\":\"https:\\\/\\\/culturesco.com\\\/?s={search_term_string}\"},\"query-input\":{\"@type\":\"PropertyValueSpecification\",\"valueRequired\":true,\"valueName\":\"search_term_string\"}}],\"inLanguage\":\"fr-FR\"},{\"@type\":\"Organization\",\"@id\":\"https:\\\/\\\/culturesco.com\\\/#organization\",\"name\":\"CULTURESCO\",\"url\":\"https:\\\/\\\/culturesco.com\\\/\",\"logo\":{\"@type\":\"ImageObject\",\"inLanguage\":\"fr-FR\",\"@id\":\"https:\\\/\\\/culturesco.com\\\/#\\\/schema\\\/logo\\\/image\\\/\",\"url\":\"https:\\\/\\\/i0.wp.com\\\/culturesco.com\\\/wp-content\\\/uploads\\\/2022\\\/04\\\/culturesco-logo-blanc250p.png?fit=250%2C250&ssl=1\",\"contentUrl\":\"https:\\\/\\\/i0.wp.com\\\/culturesco.com\\\/wp-content\\\/uploads\\\/2022\\\/04\\\/culturesco-logo-blanc250p.png?fit=250%2C250&ssl=1\",\"width\":250,\"height\":250,\"caption\":\"CULTURESCO\"},\"image\":{\"@id\":\"https:\\\/\\\/culturesco.com\\\/#\\\/schema\\\/logo\\\/image\\\/\"},\"sameAs\":[\"https:\\\/\\\/www.facebook.com\\\/radioculturesco\",\"https:\\\/\\\/x.com\\\/AugusteMarshal\",\"https:\\\/\\\/www.instagram.com\\\/carotte_rock_culture\\\/\",\"https:\\\/\\\/www.pinterest.fr\\\/augustemarshal\\\/\",\"https:\\\/\\\/www.youtube.com\\\/channel\\\/UCiWLGffqWSXlNnfzp6YwwyQ\"]},{\"@type\":\"Person\",\"@id\":\"https:\\\/\\\/culturesco.com\\\/#\\\/schema\\\/person\\\/c2ddd6724863f3bbd20a8278df0891f3\",\"name\":\"Patrick Benard\",\"image\":{\"@type\":\"ImageObject\",\"inLanguage\":\"fr-FR\",\"@id\":\"https:\\\/\\\/i0.wp.com\\\/culturesco.com\\\/wp-content\\\/uploads\\\/2019\\\/02\\\/patrick-benard-2.jpg?fit=90%2C96&ssl=1\",\"url\":\"https:\\\/\\\/i0.wp.com\\\/culturesco.com\\\/wp-content\\\/uploads\\\/2019\\\/02\\\/patrick-benard-2.jpg?fit=90%2C96&ssl=1\",\"contentUrl\":\"https:\\\/\\\/i0.wp.com\\\/culturesco.com\\\/wp-content\\\/uploads\\\/2019\\\/02\\\/patrick-benard-2.jpg?fit=90%2C96&ssl=1\",\"caption\":\"Patrick Benard\"},\"description\":\"Ecrivain, chroniqueur, animateur radio, cr\u00e9ateur de la revue \u00ab Cin\u00e9manie \u00bb, autour du cin\u00e9ma dit d\u2019art et d\u2019essai, sp\u00e9cialiste du groupe The Cure, archiviste... 2020 : \\\"Le Post Rock\\\" essai sur le post rock de Mogwa\u00ef \u00e0 Godspeed You Black Emperor - Camion Blanc 2014 : \u00ab On the rocks \u2013le rock de 2007 \u00e0 2014 \u00bb chroniques livres et cd rocks, interviews \u2013Editions Vaillant 2010 : \u00ab Dans la T\u00eate de Robert Smith \u00bb, roman fiction autour de l\u2019histoire des Cure et de Robert Smith \u2013 Edilivres 2007 : \u00ab Chroniques Fr\u00e9n\u00e9tiques, une histoire intime du rock \u00bb, roman, prix Technikart. 2001 : \u00ab Les Iles du D\u00e9sert \u00bb, polar autour du rock \u2013 Editions Nykta\",\"url\":\"https:\\\/\\\/culturesco.com\\\/index.php\\\/author\\\/patrick-benard89\\\/\"}]}<\/script>\n<!-- \/ Yoast SEO plugin. -->","yoast_head_json":{"title":"Bleu Guitare de Simon Baril - Culturesco","description":"CulturesCo | Un bon coup de pied dans ta Culture | Chroniques et histoire du Rock, chanson fran\u00e7aise, litt\u00e9rature, cin\u00e9ma et bande dessin\u00e9e.","robots":{"index":"index","follow":"follow","max-snippet":"max-snippet:-1","max-image-preview":"max-image-preview:large","max-video-preview":"max-video-preview:-1"},"canonical":"https:\/\/culturesco.com\/index.php\/2023\/10\/14\/bleu-guitare-de-simon-baril\/","og_locale":"fr_FR","og_type":"article","og_title":"Bleu Guitare de Simon Baril - Culturesco","og_description":"CulturesCo | Un bon coup de pied dans ta Culture | Chroniques et histoire du Rock, chanson fran\u00e7aise, litt\u00e9rature, cin\u00e9ma et bande dessin\u00e9e.","og_url":"https:\/\/culturesco.com\/index.php\/2023\/10\/14\/bleu-guitare-de-simon-baril\/","og_site_name":"Culturesco","article_publisher":"https:\/\/www.facebook.com\/radioculturesco","article_published_time":"2023-10-14T00:37:26+00:00","article_modified_time":"2023-10-16T07:52:09+00:00","og_image":[{"width":440,"height":600,"url":"https:\/\/culturesco.com\/wp-content\/uploads\/2023\/10\/Simon-Baril.jpeg","type":"image\/jpeg"}],"author":"Patrick Benard","twitter_card":"summary_large_image","twitter_creator":"@AugusteMarshal","twitter_site":"@AugusteMarshal","twitter_misc":{"\u00c9crit par":"Patrick Benard","Dur\u00e9e de lecture estim\u00e9e":"2 minutes"},"schema":{"@context":"https:\/\/schema.org","@graph":[{"@type":"Article","@id":"https:\/\/culturesco.com\/index.php\/2023\/10\/14\/bleu-guitare-de-simon-baril\/#article","isPartOf":{"@id":"https:\/\/culturesco.com\/index.php\/2023\/10\/14\/bleu-guitare-de-simon-baril\/"},"author":{"name":"Patrick Benard","@id":"https:\/\/culturesco.com\/#\/schema\/person\/c2ddd6724863f3bbd20a8278df0891f3"},"headline":"Bleu Guitare de Simon Baril","datePublished":"2023-10-14T00:37:26+00:00","dateModified":"2023-10-16T07:52:09+00:00","mainEntityOfPage":{"@id":"https:\/\/culturesco.com\/index.php\/2023\/10\/14\/bleu-guitare-de-simon-baril\/"},"wordCount":322,"commentCount":0,"publisher":{"@id":"https:\/\/culturesco.com\/#organization"},"image":{"@id":"https:\/\/culturesco.com\/index.php\/2023\/10\/14\/bleu-guitare-de-simon-baril\/#primaryimage"},"thumbnailUrl":"https:\/\/i0.wp.com\/culturesco.com\/wp-content\/uploads\/2023\/10\/Simon-Baril.jpeg?fit=440%2C600&ssl=1","keywords":["blues","litt\u00e9rature","Livre Rock","roman noir","Soci\u00e9t\u00e9","Wom Wenders"],"articleSection":["Litt\u00e9rature","Livre Rock","Soci\u00e9t\u00e9"],"inLanguage":"fr-FR","potentialAction":[{"@type":"CommentAction","name":"Comment","target":["https:\/\/culturesco.com\/index.php\/2023\/10\/14\/bleu-guitare-de-simon-baril\/#respond"]}]},{"@type":"WebPage","@id":"https:\/\/culturesco.com\/index.php\/2023\/10\/14\/bleu-guitare-de-simon-baril\/","url":"https:\/\/culturesco.com\/index.php\/2023\/10\/14\/bleu-guitare-de-simon-baril\/","name":"Bleu Guitare de Simon Baril - Culturesco","isPartOf":{"@id":"https:\/\/culturesco.com\/#website"},"primaryImageOfPage":{"@id":"https:\/\/culturesco.com\/index.php\/2023\/10\/14\/bleu-guitare-de-simon-baril\/#primaryimage"},"image":{"@id":"https:\/\/culturesco.com\/index.php\/2023\/10\/14\/bleu-guitare-de-simon-baril\/#primaryimage"},"thumbnailUrl":"https:\/\/i0.wp.com\/culturesco.com\/wp-content\/uploads\/2023\/10\/Simon-Baril.jpeg?fit=440%2C600&ssl=1","datePublished":"2023-10-14T00:37:26+00:00","dateModified":"2023-10-16T07:52:09+00:00","description":"CulturesCo | Un bon coup de pied dans ta Culture | Chroniques et histoire du Rock, chanson fran\u00e7aise, litt\u00e9rature, cin\u00e9ma et bande dessin\u00e9e.","breadcrumb":{"@id":"https:\/\/culturesco.com\/index.php\/2023\/10\/14\/bleu-guitare-de-simon-baril\/#breadcrumb"},"inLanguage":"fr-FR","potentialAction":[{"@type":"ReadAction","target":["https:\/\/culturesco.com\/index.php\/2023\/10\/14\/bleu-guitare-de-simon-baril\/"]}]},{"@type":"ImageObject","inLanguage":"fr-FR","@id":"https:\/\/culturesco.com\/index.php\/2023\/10\/14\/bleu-guitare-de-simon-baril\/#primaryimage","url":"https:\/\/i0.wp.com\/culturesco.com\/wp-content\/uploads\/2023\/10\/Simon-Baril.jpeg?fit=440%2C600&ssl=1","contentUrl":"https:\/\/i0.wp.com\/culturesco.com\/wp-content\/uploads\/2023\/10\/Simon-Baril.jpeg?fit=440%2C600&ssl=1","width":440,"height":600,"caption":"Bleu Guitare - Simon Baril"},{"@type":"BreadcrumbList","@id":"https:\/\/culturesco.com\/index.php\/2023\/10\/14\/bleu-guitare-de-simon-baril\/#breadcrumb","itemListElement":[{"@type":"ListItem","position":1,"name":"Accueil","item":"https:\/\/culturesco.com\/"},{"@type":"ListItem","position":2,"name":"Bleu Guitare de Simon Baril"}]},{"@type":"WebSite","@id":"https:\/\/culturesco.com\/#website","url":"https:\/\/culturesco.com\/","name":"Culturesco","description":"Culturesco | Un bon coup de pied dans ta Culture","publisher":{"@id":"https:\/\/culturesco.com\/#organization"},"potentialAction":[{"@type":"SearchAction","target":{"@type":"EntryPoint","urlTemplate":"https:\/\/culturesco.com\/?s={search_term_string}"},"query-input":{"@type":"PropertyValueSpecification","valueRequired":true,"valueName":"search_term_string"}}],"inLanguage":"fr-FR"},{"@type":"Organization","@id":"https:\/\/culturesco.com\/#organization","name":"CULTURESCO","url":"https:\/\/culturesco.com\/","logo":{"@type":"ImageObject","inLanguage":"fr-FR","@id":"https:\/\/culturesco.com\/#\/schema\/logo\/image\/","url":"https:\/\/i0.wp.com\/culturesco.com\/wp-content\/uploads\/2022\/04\/culturesco-logo-blanc250p.png?fit=250%2C250&ssl=1","contentUrl":"https:\/\/i0.wp.com\/culturesco.com\/wp-content\/uploads\/2022\/04\/culturesco-logo-blanc250p.png?fit=250%2C250&ssl=1","width":250,"height":250,"caption":"CULTURESCO"},"image":{"@id":"https:\/\/culturesco.com\/#\/schema\/logo\/image\/"},"sameAs":["https:\/\/www.facebook.com\/radioculturesco","https:\/\/x.com\/AugusteMarshal","https:\/\/www.instagram.com\/carotte_rock_culture\/","https:\/\/www.pinterest.fr\/augustemarshal\/","https:\/\/www.youtube.com\/channel\/UCiWLGffqWSXlNnfzp6YwwyQ"]},{"@type":"Person","@id":"https:\/\/culturesco.com\/#\/schema\/person\/c2ddd6724863f3bbd20a8278df0891f3","name":"Patrick Benard","image":{"@type":"ImageObject","inLanguage":"fr-FR","@id":"https:\/\/i0.wp.com\/culturesco.com\/wp-content\/uploads\/2019\/02\/patrick-benard-2.jpg?fit=90%2C96&ssl=1","url":"https:\/\/i0.wp.com\/culturesco.com\/wp-content\/uploads\/2019\/02\/patrick-benard-2.jpg?fit=90%2C96&ssl=1","contentUrl":"https:\/\/i0.wp.com\/culturesco.com\/wp-content\/uploads\/2019\/02\/patrick-benard-2.jpg?fit=90%2C96&ssl=1","caption":"Patrick Benard"},"description":"Ecrivain, chroniqueur, animateur radio, cr\u00e9ateur de la revue \u00ab Cin\u00e9manie \u00bb, autour du cin\u00e9ma dit d\u2019art et d\u2019essai, sp\u00e9cialiste du groupe The Cure, archiviste... 2020 : \"Le Post Rock\" essai sur le post rock de Mogwa\u00ef \u00e0 Godspeed You Black Emperor - Camion Blanc 2014 : \u00ab On the rocks \u2013le rock de 2007 \u00e0 2014 \u00bb chroniques livres et cd rocks, interviews \u2013Editions Vaillant 2010 : \u00ab Dans la T\u00eate de Robert Smith \u00bb, roman fiction autour de l\u2019histoire des Cure et de Robert Smith \u2013 Edilivres 2007 : \u00ab Chroniques Fr\u00e9n\u00e9tiques, une histoire intime du rock \u00bb, roman, prix Technikart. 2001 : \u00ab Les Iles du D\u00e9sert \u00bb, polar autour du rock \u2013 Editions Nykta","url":"https:\/\/culturesco.com\/index.php\/author\/patrick-benard89\/"}]}},"jetpack_featured_media_url":"https:\/\/i0.wp.com\/culturesco.com\/wp-content\/uploads\/2023\/10\/Simon-Baril.jpeg?fit=440%2C600&ssl=1","jetpack_likes_enabled":true,"jetpack_sharing_enabled":true,"jetpack_shortlink":"https:\/\/wp.me\/paz89I-5mJ","_links":{"self":[{"href":"https:\/\/culturesco.com\/index.php\/wp-json\/wp\/v2\/posts\/20629","targetHints":{"allow":["GET"]}}],"collection":[{"href":"https:\/\/culturesco.com\/index.php\/wp-json\/wp\/v2\/posts"}],"about":[{"href":"https:\/\/culturesco.com\/index.php\/wp-json\/wp\/v2\/types\/post"}],"author":[{"embeddable":true,"href":"https:\/\/culturesco.com\/index.php\/wp-json\/wp\/v2\/users\/4"}],"replies":[{"embeddable":true,"href":"https:\/\/culturesco.com\/index.php\/wp-json\/wp\/v2\/comments?post=20629"}],"version-history":[{"count":0,"href":"https:\/\/culturesco.com\/index.php\/wp-json\/wp\/v2\/posts\/20629\/revisions"}],"wp:featuredmedia":[{"embeddable":true,"href":"https:\/\/culturesco.com\/index.php\/wp-json\/wp\/v2\/media\/20630"}],"wp:attachment":[{"href":"https:\/\/culturesco.com\/index.php\/wp-json\/wp\/v2\/media?parent=20629"}],"wp:term":[{"taxonomy":"category","embeddable":true,"href":"https:\/\/culturesco.com\/index.php\/wp-json\/wp\/v2\/categories?post=20629"},{"taxonomy":"post_tag","embeddable":true,"href":"https:\/\/culturesco.com\/index.php\/wp-json\/wp\/v2\/tags?post=20629"}],"curies":[{"name":"wp","href":"https:\/\/api.w.org\/{rel}","templated":true}]}}