{"id":20425,"date":"2023-09-21T04:08:21","date_gmt":"2023-09-21T02:08:21","guid":{"rendered":"https:\/\/culturesco.com\/?p=20425"},"modified":"2023-09-21T04:08:21","modified_gmt":"2023-09-21T02:08:21","slug":"tangerine-dream-de-emmanuel-saint-bonnet","status":"publish","type":"post","link":"https:\/\/culturesco.com\/index.php\/2023\/09\/21\/tangerine-dream-de-emmanuel-saint-bonnet\/","title":{"rendered":"Tangerine Dream de Emmanuel Saint-Bonnet"},"content":{"rendered":"<h2 style=\"text-align: justify\">Les Visiteurs du Son<\/h2>\n<figure id=\"attachment_20426\" aria-describedby=\"caption-attachment-20426\" style=\"width: 209px\" class=\"wp-caption aligncenter\"><img data-recalc-dims=\"1\" loading=\"lazy\" decoding=\"async\" class=\"size-medium wp-image-20426\" src=\"https:\/\/i0.wp.com\/culturesco.com\/wp-content\/uploads\/2023\/09\/Emmanuel-Saint-Bonnet.jpeg?resize=209%2C300&#038;ssl=1\" alt=\"Tangerine Dream de Emmanuel Saint-Bonnet\" width=\"209\" height=\"300\" srcset=\"https:\/\/i0.wp.com\/culturesco.com\/wp-content\/uploads\/2023\/09\/Emmanuel-Saint-Bonnet.jpeg?resize=209%2C300&amp;ssl=1 209w, https:\/\/i0.wp.com\/culturesco.com\/wp-content\/uploads\/2023\/09\/Emmanuel-Saint-Bonnet.jpeg?resize=437%2C627&amp;ssl=1 437w, https:\/\/i0.wp.com\/culturesco.com\/wp-content\/uploads\/2023\/09\/Emmanuel-Saint-Bonnet.jpeg?resize=768%2C1103&amp;ssl=1 768w, https:\/\/i0.wp.com\/culturesco.com\/wp-content\/uploads\/2023\/09\/Emmanuel-Saint-Bonnet.jpeg?resize=1070%2C1536&amp;ssl=1 1070w, https:\/\/i0.wp.com\/culturesco.com\/wp-content\/uploads\/2023\/09\/Emmanuel-Saint-Bonnet.jpeg?resize=1427%2C2048&amp;ssl=1 1427w, https:\/\/i0.wp.com\/culturesco.com\/wp-content\/uploads\/2023\/09\/Emmanuel-Saint-Bonnet.jpeg?resize=696%2C999&amp;ssl=1 696w, https:\/\/i0.wp.com\/culturesco.com\/wp-content\/uploads\/2023\/09\/Emmanuel-Saint-Bonnet.jpeg?resize=1068%2C1533&amp;ssl=1 1068w, https:\/\/i0.wp.com\/culturesco.com\/wp-content\/uploads\/2023\/09\/Emmanuel-Saint-Bonnet.jpeg?resize=293%2C420&amp;ssl=1 293w, https:\/\/i0.wp.com\/culturesco.com\/wp-content\/uploads\/2023\/09\/Emmanuel-Saint-Bonnet.jpeg?resize=600%2C861&amp;ssl=1 600w, https:\/\/i0.wp.com\/culturesco.com\/wp-content\/uploads\/2023\/09\/Emmanuel-Saint-Bonnet.jpeg?resize=42%2C60&amp;ssl=1 42w, https:\/\/i0.wp.com\/culturesco.com\/wp-content\/uploads\/2023\/09\/Emmanuel-Saint-Bonnet.jpeg?resize=63%2C90&amp;ssl=1 63w, https:\/\/i0.wp.com\/culturesco.com\/wp-content\/uploads\/2023\/09\/Emmanuel-Saint-Bonnet.jpeg?w=418&amp;ssl=1 418w\" sizes=\"auto, (max-width: 209px) 100vw, 209px\" \/><figcaption id=\"caption-attachment-20426\" class=\"wp-caption-text\">Tangerine Dream de Emmanuel Saint-Bonnet<\/figcaption><\/figure>\n<h3 style=\"text-align: justify\">1967 &#8211; 1987<\/h3>\n<p style=\"text-align: justify\">Cela para\u00eet invraisemblable qu&rsquo;il n&rsquo;existait aucun livre en fran\u00e7ais retra\u00e7ant la carri\u00e8re d&rsquo;un groupe comme <strong>Tangerine Dream<\/strong>. Heureusement, et mieux vaut tard que jamais,<strong> Emmanuel Saint-Bonnet<\/strong> vient rem\u00e9dier \u00e0 cet oubli consternant.<\/p>\n<p style=\"text-align: justify\">Consternant est l&rsquo;adjectif id\u00e9al pour remettre \u00e0 leur juste place ce qui s&rsquo;est appel\u00e9 au d\u00e9but des seventies la <strong>Kosmische Musik<\/strong>. M\u00eame si, d&rsquo;apr\u00e8s l&rsquo;auteur, <strong>les pr\u00e9mices viennent d&rsquo;Espagne<\/strong>, force est de constater, que ce style provient avant tout de <strong>l&rsquo;Allemagne de l&rsquo;Ouest<\/strong> (forc\u00e9ment, vu le contexte politique \u00e0 cette \u00e9poque).<\/p>\n<h3><em>Tangerine Dream &#8211; Atem<\/em><\/h3>\n<div class=\"youtube-embed\" data-video_id=\"dvaWcS0cPDI\"><iframe loading=\"lazy\" title=\"Atem\" width=\"696\" height=\"522\" src=\"https:\/\/www.youtube.com\/embed\/dvaWcS0cPDI\" frameborder=\"0\" allow=\"accelerometer; autoplay; clipboard-write; encrypted-media; gyroscope; picture-in-picture; web-share\" referrerpolicy=\"strict-origin-when-cross-origin\" allowfullscreen><\/iframe><\/div>\n<p style=\"text-align: justify\">Tout d\u00e9bute et se termine par un seul homme\u00a0:<strong> Edgar Froese<\/strong> (1944 \u2013 2015). Il s&rsquo;int\u00e9resse avant tout \u00e0 la musique improvis\u00e9e \u00e0 travers ses ma\u00eetres comme <strong>Karlheinz Stockhausen<\/strong>. Et quand arrive les premiers synth\u00e9tiseurs (pour faire simple, le d\u00e9but des <strong>Moog<\/strong>), le coup de foudre est saisissant.<\/p>\n<p style=\"text-align: justify\"><strong>Le rock<\/strong>, si on peut l&rsquo;appeler encore ainsi, <strong>devient progressif<\/strong>, c&rsquo;est \u00e0 dire qu&rsquo;il se rapproche de tout ce dont il voulait s&rsquo;\u00e9loigner sans pourtant le d\u00e9daigner, <strong>la musique classique<\/strong>. Ce sont les d\u00e9buts de <strong>Yes<\/strong> ou <strong>Genesis<\/strong> par exemple mais les sons habituels demeurent majoritaires\u00a0: guitare, basse, batterie, chant. Quelques claviers ont leur place mais lointaine.<\/p>\n<h3><em>Tangerine Dream &#8211; Ricochet (Live at Coventry Cathedral, 1975)<\/em><\/h3>\n<div class=\"youtube-embed\" data-video_id=\"g-1qhZ6GLYE\"><iframe loading=\"lazy\" title=\"Tangerine Dream Ricochet (Part One) Live at Conventry Cathedral 1975\" width=\"696\" height=\"522\" src=\"https:\/\/www.youtube.com\/embed\/g-1qhZ6GLYE\" frameborder=\"0\" allow=\"accelerometer; autoplay; clipboard-write; encrypted-media; gyroscope; picture-in-picture; web-share\" referrerpolicy=\"strict-origin-when-cross-origin\" allowfullscreen><\/iframe><\/div>\n<p style=\"text-align: justify\">C&rsquo;est l\u00e0 que surgit le trio \u00e0 g\u00e9om\u00e9trie variable dont l&rsquo;\u00e9picentre sera <strong>Edgar Froese<\/strong>. Les premiers sons laissent la place \u00e0 <strong>l&rsquo;improvisation<\/strong>, chacun poss\u00e9dant une armoire de boutons remplis de claviers. Seule la batterie a le droit d&rsquo;\u00eatre pr\u00e9sente et le sera, pas syst\u00e9matiquement. Progressivement ce style brut deviendra planant et sera repris dans moults musiques de films ou <strong>de pub. Mieux, d\u00e8s les ann\u00e9es quatre-vingt, une partie de la new wave s&rsquo;en empare, avant que l&rsquo;ambient et l&rsquo;\u00e9lectro n&rsquo;en fasse une figure majeure de la musique actuelle jusqu&rsquo;\u00e0 devenir inepte, mais c&rsquo;est une autre histoire.<\/strong><\/p>\n<h3><em>Tangerine Dream &#8211; Rubycon part one (1975)<\/em><\/h3>\n<div class=\"youtube-embed\" data-video_id=\"srdlyhdZNd4\"><iframe loading=\"lazy\" title=\"Tangerine Dream - Rubycon Part 1 (1975)\" width=\"696\" height=\"522\" src=\"https:\/\/www.youtube.com\/embed\/srdlyhdZNd4\" frameborder=\"0\" allow=\"accelerometer; autoplay; clipboard-write; encrypted-media; gyroscope; picture-in-picture; web-share\" referrerpolicy=\"strict-origin-when-cross-origin\" allowfullscreen><\/iframe><\/div>\n<p style=\"text-align: justify\"><strong>Voici donc le trajet sur vingt ans de la carri\u00e8re d\u00e9butante et tumultueuse en 1967 jusqu&rsquo;\u00e0 son av\u00e8nement en 1987<\/strong>, l\u00e0 o\u00f9 les choses se compliquent. Venez planer et d\u00e9guster ses moments inoubliables de sons venus d&rsquo;ailleurs et pourtant bien d&rsquo;ici dont la <strong>Science Fiction<\/strong> s&rsquo;est empar\u00e9e. Et n&rsquo;oublions pas un certain <strong>Klaus Schulze<\/strong> (1947 &#8211; 2022), qui fit parti du groupe \u00e0 ses d\u00e9buts et dont il faudra bien parler un jour quand il prit la tangente.<\/p>\n<p style=\"text-align: justify\"><strong>Tangerine Dream de Emmanuel Saint-Bonnet<\/strong><\/p>\n<p style=\"text-align: justify\">Le Mot Et Le Reste \u2013 146 pages \u2013 17\u20ac<\/p>\n<p style=\"text-align: justify\"><strong>Patrick B\u00e9nard<\/strong><\/p>\n","protected":false},"excerpt":{"rendered":"<p>Les Visiteurs du Son 1967 &#8211; 1987 Cela para\u00eet invraisemblable qu&rsquo;il n&rsquo;existait aucun livre en fran\u00e7ais retra\u00e7ant la carri\u00e8re d&rsquo;un groupe comme Tangerine Dream. Heureusement, et mieux vaut tard que jamais, Emmanuel Saint-Bonnet vient rem\u00e9dier \u00e0 cet oubli consternant. Consternant est l&rsquo;adjectif id\u00e9al pour remettre \u00e0 leur juste place ce qui s&rsquo;est appel\u00e9 au d\u00e9but [&hellip;]<\/p>\n","protected":false},"author":4,"featured_media":20426,"comment_status":"open","ping_status":"open","sticky":false,"template":"","format":"image","meta":{"jetpack_post_was_ever_published":false,"tdm_status":"","tdm_grid_status":"","_jetpack_newsletter_access":"","_jetpack_dont_email_post_to_subs":false,"_jetpack_newsletter_tier_id":0,"_jetpack_memberships_contains_paywalled_content":false,"_jetpack_memberships_contains_paid_content":false,"footnotes":""},"categories":[17,14416,33,27,66],"tags":[58,14438,42,20,14437,11916],"class_list":{"0":"post-20425","1":"post","2":"type-post","3":"status-publish","4":"format-image","5":"has-post-thumbnail","7":"category-carotte-rock-cultures","8":"category-electro","9":"category-histoire-du-rock","10":"category-litterature","11":"category-livre-rock","12":"tag-histoire-du-rock","13":"tag-kosmische-musik","14":"tag-litterature","15":"tag-livre-rock","16":"tag-musique-planante","17":"tag-prog-rock","18":"post_format-post-format-image"},"yoast_head":"<!-- This site is optimized with the Yoast SEO plugin v27.5 - https:\/\/yoast.com\/product\/yoast-seo-wordpress\/ -->\n<title>Tangerine Dream de Emmanuel Saint-Bonnet - Culturesco<\/title>\n<meta name=\"description\" content=\"CulturesCo | Un bon coup de pied dans ta Culture | Chroniques et histoire du Rock, chanson fran\u00e7aise, litt\u00e9rature, cin\u00e9ma et bande dessin\u00e9e.\" \/>\n<meta name=\"robots\" content=\"index, follow, max-snippet:-1, max-image-preview:large, max-video-preview:-1\" \/>\n<link rel=\"canonical\" href=\"https:\/\/culturesco.com\/index.php\/2023\/09\/21\/tangerine-dream-de-emmanuel-saint-bonnet\/\" \/>\n<meta property=\"og:locale\" content=\"fr_FR\" \/>\n<meta property=\"og:type\" content=\"article\" \/>\n<meta property=\"og:title\" content=\"Tangerine Dream de Emmanuel Saint-Bonnet - Culturesco\" \/>\n<meta property=\"og:description\" content=\"CulturesCo | Un bon coup de pied dans ta Culture | Chroniques et histoire du Rock, chanson fran\u00e7aise, litt\u00e9rature, cin\u00e9ma et bande dessin\u00e9e.\" \/>\n<meta property=\"og:url\" content=\"https:\/\/culturesco.com\/index.php\/2023\/09\/21\/tangerine-dream-de-emmanuel-saint-bonnet\/\" \/>\n<meta property=\"og:site_name\" content=\"Culturesco\" \/>\n<meta property=\"article:publisher\" content=\"https:\/\/www.facebook.com\/radioculturesco\" \/>\n<meta property=\"article:published_time\" content=\"2023-09-21T02:08:21+00:00\" \/>\n<meta property=\"og:image\" content=\"https:\/\/culturesco.com\/wp-content\/uploads\/2023\/09\/Emmanuel-Saint-Bonnet-437x627.jpeg\" \/>\n\t<meta property=\"og:image:width\" content=\"437\" \/>\n\t<meta property=\"og:image:height\" content=\"627\" \/>\n\t<meta property=\"og:image:type\" content=\"image\/jpeg\" \/>\n<meta name=\"author\" content=\"Patrick Benard\" \/>\n<meta name=\"twitter:card\" content=\"summary_large_image\" \/>\n<meta name=\"twitter:creator\" content=\"@AugusteMarshal\" \/>\n<meta name=\"twitter:site\" content=\"@AugusteMarshal\" \/>\n<meta name=\"twitter:label1\" content=\"\u00c9crit par\" \/>\n\t<meta name=\"twitter:data1\" content=\"Patrick Benard\" \/>\n\t<meta name=\"twitter:label2\" content=\"Dur\u00e9e de lecture estim\u00e9e\" \/>\n\t<meta name=\"twitter:data2\" content=\"3 minutes\" \/>\n<script type=\"application\/ld+json\" class=\"yoast-schema-graph\">{\"@context\":\"https:\\\/\\\/schema.org\",\"@graph\":[{\"@type\":\"Article\",\"@id\":\"https:\\\/\\\/culturesco.com\\\/index.php\\\/2023\\\/09\\\/21\\\/tangerine-dream-de-emmanuel-saint-bonnet\\\/#article\",\"isPartOf\":{\"@id\":\"https:\\\/\\\/culturesco.com\\\/index.php\\\/2023\\\/09\\\/21\\\/tangerine-dream-de-emmanuel-saint-bonnet\\\/\"},\"author\":{\"name\":\"Patrick Benard\",\"@id\":\"https:\\\/\\\/culturesco.com\\\/#\\\/schema\\\/person\\\/c2ddd6724863f3bbd20a8278df0891f3\"},\"headline\":\"Tangerine Dream de Emmanuel Saint-Bonnet\",\"datePublished\":\"2023-09-21T02:08:21+00:00\",\"mainEntityOfPage\":{\"@id\":\"https:\\\/\\\/culturesco.com\\\/index.php\\\/2023\\\/09\\\/21\\\/tangerine-dream-de-emmanuel-saint-bonnet\\\/\"},\"wordCount\":484,\"commentCount\":0,\"publisher\":{\"@id\":\"https:\\\/\\\/culturesco.com\\\/#organization\"},\"image\":{\"@id\":\"https:\\\/\\\/culturesco.com\\\/index.php\\\/2023\\\/09\\\/21\\\/tangerine-dream-de-emmanuel-saint-bonnet\\\/#primaryimage\"},\"thumbnailUrl\":\"https:\\\/\\\/i0.wp.com\\\/culturesco.com\\\/wp-content\\\/uploads\\\/2023\\\/09\\\/Emmanuel-Saint-Bonnet.jpeg?fit=418%2C600&ssl=1\",\"keywords\":[\"histoire du rock\",\"Kosmische Musik\",\"litt\u00e9rature\",\"Livre Rock\",\"musique planante\",\"Prog-rock\"],\"articleSection\":[\"Carotte Rock Cultures\",\"Electro\",\"Histoire du rock\",\"Litt\u00e9rature\",\"Livre Rock\"],\"inLanguage\":\"fr-FR\",\"potentialAction\":[{\"@type\":\"CommentAction\",\"name\":\"Comment\",\"target\":[\"https:\\\/\\\/culturesco.com\\\/index.php\\\/2023\\\/09\\\/21\\\/tangerine-dream-de-emmanuel-saint-bonnet\\\/#respond\"]}]},{\"@type\":\"WebPage\",\"@id\":\"https:\\\/\\\/culturesco.com\\\/index.php\\\/2023\\\/09\\\/21\\\/tangerine-dream-de-emmanuel-saint-bonnet\\\/\",\"url\":\"https:\\\/\\\/culturesco.com\\\/index.php\\\/2023\\\/09\\\/21\\\/tangerine-dream-de-emmanuel-saint-bonnet\\\/\",\"name\":\"Tangerine Dream de Emmanuel Saint-Bonnet - Culturesco\",\"isPartOf\":{\"@id\":\"https:\\\/\\\/culturesco.com\\\/#website\"},\"primaryImageOfPage\":{\"@id\":\"https:\\\/\\\/culturesco.com\\\/index.php\\\/2023\\\/09\\\/21\\\/tangerine-dream-de-emmanuel-saint-bonnet\\\/#primaryimage\"},\"image\":{\"@id\":\"https:\\\/\\\/culturesco.com\\\/index.php\\\/2023\\\/09\\\/21\\\/tangerine-dream-de-emmanuel-saint-bonnet\\\/#primaryimage\"},\"thumbnailUrl\":\"https:\\\/\\\/i0.wp.com\\\/culturesco.com\\\/wp-content\\\/uploads\\\/2023\\\/09\\\/Emmanuel-Saint-Bonnet.jpeg?fit=418%2C600&ssl=1\",\"datePublished\":\"2023-09-21T02:08:21+00:00\",\"description\":\"CulturesCo | Un bon coup de pied dans ta Culture | Chroniques et histoire du Rock, chanson fran\u00e7aise, litt\u00e9rature, cin\u00e9ma et bande dessin\u00e9e.\",\"breadcrumb\":{\"@id\":\"https:\\\/\\\/culturesco.com\\\/index.php\\\/2023\\\/09\\\/21\\\/tangerine-dream-de-emmanuel-saint-bonnet\\\/#breadcrumb\"},\"inLanguage\":\"fr-FR\",\"potentialAction\":[{\"@type\":\"ReadAction\",\"target\":[\"https:\\\/\\\/culturesco.com\\\/index.php\\\/2023\\\/09\\\/21\\\/tangerine-dream-de-emmanuel-saint-bonnet\\\/\"]}]},{\"@type\":\"ImageObject\",\"inLanguage\":\"fr-FR\",\"@id\":\"https:\\\/\\\/culturesco.com\\\/index.php\\\/2023\\\/09\\\/21\\\/tangerine-dream-de-emmanuel-saint-bonnet\\\/#primaryimage\",\"url\":\"https:\\\/\\\/i0.wp.com\\\/culturesco.com\\\/wp-content\\\/uploads\\\/2023\\\/09\\\/Emmanuel-Saint-Bonnet.jpeg?fit=418%2C600&ssl=1\",\"contentUrl\":\"https:\\\/\\\/i0.wp.com\\\/culturesco.com\\\/wp-content\\\/uploads\\\/2023\\\/09\\\/Emmanuel-Saint-Bonnet.jpeg?fit=418%2C600&ssl=1\",\"width\":418,\"height\":600,\"caption\":\"Tangerine Dream de Emmanuel Saint-Bonnet\"},{\"@type\":\"BreadcrumbList\",\"@id\":\"https:\\\/\\\/culturesco.com\\\/index.php\\\/2023\\\/09\\\/21\\\/tangerine-dream-de-emmanuel-saint-bonnet\\\/#breadcrumb\",\"itemListElement\":[{\"@type\":\"ListItem\",\"position\":1,\"name\":\"Accueil\",\"item\":\"https:\\\/\\\/culturesco.com\\\/\"},{\"@type\":\"ListItem\",\"position\":2,\"name\":\"Tangerine Dream de Emmanuel Saint-Bonnet\"}]},{\"@type\":\"WebSite\",\"@id\":\"https:\\\/\\\/culturesco.com\\\/#website\",\"url\":\"https:\\\/\\\/culturesco.com\\\/\",\"name\":\"Culturesco\",\"description\":\"Culturesco | Un bon coup de pied dans ta Culture\",\"publisher\":{\"@id\":\"https:\\\/\\\/culturesco.com\\\/#organization\"},\"potentialAction\":[{\"@type\":\"SearchAction\",\"target\":{\"@type\":\"EntryPoint\",\"urlTemplate\":\"https:\\\/\\\/culturesco.com\\\/?s={search_term_string}\"},\"query-input\":{\"@type\":\"PropertyValueSpecification\",\"valueRequired\":true,\"valueName\":\"search_term_string\"}}],\"inLanguage\":\"fr-FR\"},{\"@type\":\"Organization\",\"@id\":\"https:\\\/\\\/culturesco.com\\\/#organization\",\"name\":\"CULTURESCO\",\"url\":\"https:\\\/\\\/culturesco.com\\\/\",\"logo\":{\"@type\":\"ImageObject\",\"inLanguage\":\"fr-FR\",\"@id\":\"https:\\\/\\\/culturesco.com\\\/#\\\/schema\\\/logo\\\/image\\\/\",\"url\":\"https:\\\/\\\/i0.wp.com\\\/culturesco.com\\\/wp-content\\\/uploads\\\/2022\\\/04\\\/culturesco-logo-blanc250p.png?fit=250%2C250&ssl=1\",\"contentUrl\":\"https:\\\/\\\/i0.wp.com\\\/culturesco.com\\\/wp-content\\\/uploads\\\/2022\\\/04\\\/culturesco-logo-blanc250p.png?fit=250%2C250&ssl=1\",\"width\":250,\"height\":250,\"caption\":\"CULTURESCO\"},\"image\":{\"@id\":\"https:\\\/\\\/culturesco.com\\\/#\\\/schema\\\/logo\\\/image\\\/\"},\"sameAs\":[\"https:\\\/\\\/www.facebook.com\\\/radioculturesco\",\"https:\\\/\\\/x.com\\\/AugusteMarshal\",\"https:\\\/\\\/www.instagram.com\\\/carotte_rock_culture\\\/\",\"https:\\\/\\\/www.pinterest.fr\\\/augustemarshal\\\/\",\"https:\\\/\\\/www.youtube.com\\\/channel\\\/UCiWLGffqWSXlNnfzp6YwwyQ\"]},{\"@type\":\"Person\",\"@id\":\"https:\\\/\\\/culturesco.com\\\/#\\\/schema\\\/person\\\/c2ddd6724863f3bbd20a8278df0891f3\",\"name\":\"Patrick Benard\",\"image\":{\"@type\":\"ImageObject\",\"inLanguage\":\"fr-FR\",\"@id\":\"https:\\\/\\\/i0.wp.com\\\/culturesco.com\\\/wp-content\\\/uploads\\\/2019\\\/02\\\/patrick-benard-2.jpg?fit=90%2C96&ssl=1\",\"url\":\"https:\\\/\\\/i0.wp.com\\\/culturesco.com\\\/wp-content\\\/uploads\\\/2019\\\/02\\\/patrick-benard-2.jpg?fit=90%2C96&ssl=1\",\"contentUrl\":\"https:\\\/\\\/i0.wp.com\\\/culturesco.com\\\/wp-content\\\/uploads\\\/2019\\\/02\\\/patrick-benard-2.jpg?fit=90%2C96&ssl=1\",\"caption\":\"Patrick Benard\"},\"description\":\"Ecrivain, chroniqueur, animateur radio, cr\u00e9ateur de la revue \u00ab Cin\u00e9manie \u00bb, autour du cin\u00e9ma dit d\u2019art et d\u2019essai, sp\u00e9cialiste du groupe The Cure, archiviste... 2020 : \\\"Le Post Rock\\\" essai sur le post rock de Mogwa\u00ef \u00e0 Godspeed You Black Emperor - Camion Blanc 2014 : \u00ab On the rocks \u2013le rock de 2007 \u00e0 2014 \u00bb chroniques livres et cd rocks, interviews \u2013Editions Vaillant 2010 : \u00ab Dans la T\u00eate de Robert Smith \u00bb, roman fiction autour de l\u2019histoire des Cure et de Robert Smith \u2013 Edilivres 2007 : \u00ab Chroniques Fr\u00e9n\u00e9tiques, une histoire intime du rock \u00bb, roman, prix Technikart. 2001 : \u00ab Les Iles du D\u00e9sert \u00bb, polar autour du rock \u2013 Editions Nykta\",\"url\":\"https:\\\/\\\/culturesco.com\\\/index.php\\\/author\\\/patrick-benard89\\\/\"}]}<\/script>\n<!-- \/ Yoast SEO plugin. -->","yoast_head_json":{"title":"Tangerine Dream de Emmanuel Saint-Bonnet - Culturesco","description":"CulturesCo | Un bon coup de pied dans ta Culture | Chroniques et histoire du Rock, chanson fran\u00e7aise, litt\u00e9rature, cin\u00e9ma et bande dessin\u00e9e.","robots":{"index":"index","follow":"follow","max-snippet":"max-snippet:-1","max-image-preview":"max-image-preview:large","max-video-preview":"max-video-preview:-1"},"canonical":"https:\/\/culturesco.com\/index.php\/2023\/09\/21\/tangerine-dream-de-emmanuel-saint-bonnet\/","og_locale":"fr_FR","og_type":"article","og_title":"Tangerine Dream de Emmanuel Saint-Bonnet - Culturesco","og_description":"CulturesCo | Un bon coup de pied dans ta Culture | Chroniques et histoire du Rock, chanson fran\u00e7aise, litt\u00e9rature, cin\u00e9ma et bande dessin\u00e9e.","og_url":"https:\/\/culturesco.com\/index.php\/2023\/09\/21\/tangerine-dream-de-emmanuel-saint-bonnet\/","og_site_name":"Culturesco","article_publisher":"https:\/\/www.facebook.com\/radioculturesco","article_published_time":"2023-09-21T02:08:21+00:00","og_image":[{"width":437,"height":627,"url":"https:\/\/culturesco.com\/wp-content\/uploads\/2023\/09\/Emmanuel-Saint-Bonnet-437x627.jpeg","type":"image\/jpeg"}],"author":"Patrick Benard","twitter_card":"summary_large_image","twitter_creator":"@AugusteMarshal","twitter_site":"@AugusteMarshal","twitter_misc":{"\u00c9crit par":"Patrick Benard","Dur\u00e9e de lecture estim\u00e9e":"3 minutes"},"schema":{"@context":"https:\/\/schema.org","@graph":[{"@type":"Article","@id":"https:\/\/culturesco.com\/index.php\/2023\/09\/21\/tangerine-dream-de-emmanuel-saint-bonnet\/#article","isPartOf":{"@id":"https:\/\/culturesco.com\/index.php\/2023\/09\/21\/tangerine-dream-de-emmanuel-saint-bonnet\/"},"author":{"name":"Patrick Benard","@id":"https:\/\/culturesco.com\/#\/schema\/person\/c2ddd6724863f3bbd20a8278df0891f3"},"headline":"Tangerine Dream de Emmanuel Saint-Bonnet","datePublished":"2023-09-21T02:08:21+00:00","mainEntityOfPage":{"@id":"https:\/\/culturesco.com\/index.php\/2023\/09\/21\/tangerine-dream-de-emmanuel-saint-bonnet\/"},"wordCount":484,"commentCount":0,"publisher":{"@id":"https:\/\/culturesco.com\/#organization"},"image":{"@id":"https:\/\/culturesco.com\/index.php\/2023\/09\/21\/tangerine-dream-de-emmanuel-saint-bonnet\/#primaryimage"},"thumbnailUrl":"https:\/\/i0.wp.com\/culturesco.com\/wp-content\/uploads\/2023\/09\/Emmanuel-Saint-Bonnet.jpeg?fit=418%2C600&ssl=1","keywords":["histoire du rock","Kosmische Musik","litt\u00e9rature","Livre Rock","musique planante","Prog-rock"],"articleSection":["Carotte Rock Cultures","Electro","Histoire du rock","Litt\u00e9rature","Livre Rock"],"inLanguage":"fr-FR","potentialAction":[{"@type":"CommentAction","name":"Comment","target":["https:\/\/culturesco.com\/index.php\/2023\/09\/21\/tangerine-dream-de-emmanuel-saint-bonnet\/#respond"]}]},{"@type":"WebPage","@id":"https:\/\/culturesco.com\/index.php\/2023\/09\/21\/tangerine-dream-de-emmanuel-saint-bonnet\/","url":"https:\/\/culturesco.com\/index.php\/2023\/09\/21\/tangerine-dream-de-emmanuel-saint-bonnet\/","name":"Tangerine Dream de Emmanuel Saint-Bonnet - Culturesco","isPartOf":{"@id":"https:\/\/culturesco.com\/#website"},"primaryImageOfPage":{"@id":"https:\/\/culturesco.com\/index.php\/2023\/09\/21\/tangerine-dream-de-emmanuel-saint-bonnet\/#primaryimage"},"image":{"@id":"https:\/\/culturesco.com\/index.php\/2023\/09\/21\/tangerine-dream-de-emmanuel-saint-bonnet\/#primaryimage"},"thumbnailUrl":"https:\/\/i0.wp.com\/culturesco.com\/wp-content\/uploads\/2023\/09\/Emmanuel-Saint-Bonnet.jpeg?fit=418%2C600&ssl=1","datePublished":"2023-09-21T02:08:21+00:00","description":"CulturesCo | Un bon coup de pied dans ta Culture | Chroniques et histoire du Rock, chanson fran\u00e7aise, litt\u00e9rature, cin\u00e9ma et bande dessin\u00e9e.","breadcrumb":{"@id":"https:\/\/culturesco.com\/index.php\/2023\/09\/21\/tangerine-dream-de-emmanuel-saint-bonnet\/#breadcrumb"},"inLanguage":"fr-FR","potentialAction":[{"@type":"ReadAction","target":["https:\/\/culturesco.com\/index.php\/2023\/09\/21\/tangerine-dream-de-emmanuel-saint-bonnet\/"]}]},{"@type":"ImageObject","inLanguage":"fr-FR","@id":"https:\/\/culturesco.com\/index.php\/2023\/09\/21\/tangerine-dream-de-emmanuel-saint-bonnet\/#primaryimage","url":"https:\/\/i0.wp.com\/culturesco.com\/wp-content\/uploads\/2023\/09\/Emmanuel-Saint-Bonnet.jpeg?fit=418%2C600&ssl=1","contentUrl":"https:\/\/i0.wp.com\/culturesco.com\/wp-content\/uploads\/2023\/09\/Emmanuel-Saint-Bonnet.jpeg?fit=418%2C600&ssl=1","width":418,"height":600,"caption":"Tangerine Dream de Emmanuel Saint-Bonnet"},{"@type":"BreadcrumbList","@id":"https:\/\/culturesco.com\/index.php\/2023\/09\/21\/tangerine-dream-de-emmanuel-saint-bonnet\/#breadcrumb","itemListElement":[{"@type":"ListItem","position":1,"name":"Accueil","item":"https:\/\/culturesco.com\/"},{"@type":"ListItem","position":2,"name":"Tangerine Dream de Emmanuel Saint-Bonnet"}]},{"@type":"WebSite","@id":"https:\/\/culturesco.com\/#website","url":"https:\/\/culturesco.com\/","name":"Culturesco","description":"Culturesco | Un bon coup de pied dans ta Culture","publisher":{"@id":"https:\/\/culturesco.com\/#organization"},"potentialAction":[{"@type":"SearchAction","target":{"@type":"EntryPoint","urlTemplate":"https:\/\/culturesco.com\/?s={search_term_string}"},"query-input":{"@type":"PropertyValueSpecification","valueRequired":true,"valueName":"search_term_string"}}],"inLanguage":"fr-FR"},{"@type":"Organization","@id":"https:\/\/culturesco.com\/#organization","name":"CULTURESCO","url":"https:\/\/culturesco.com\/","logo":{"@type":"ImageObject","inLanguage":"fr-FR","@id":"https:\/\/culturesco.com\/#\/schema\/logo\/image\/","url":"https:\/\/i0.wp.com\/culturesco.com\/wp-content\/uploads\/2022\/04\/culturesco-logo-blanc250p.png?fit=250%2C250&ssl=1","contentUrl":"https:\/\/i0.wp.com\/culturesco.com\/wp-content\/uploads\/2022\/04\/culturesco-logo-blanc250p.png?fit=250%2C250&ssl=1","width":250,"height":250,"caption":"CULTURESCO"},"image":{"@id":"https:\/\/culturesco.com\/#\/schema\/logo\/image\/"},"sameAs":["https:\/\/www.facebook.com\/radioculturesco","https:\/\/x.com\/AugusteMarshal","https:\/\/www.instagram.com\/carotte_rock_culture\/","https:\/\/www.pinterest.fr\/augustemarshal\/","https:\/\/www.youtube.com\/channel\/UCiWLGffqWSXlNnfzp6YwwyQ"]},{"@type":"Person","@id":"https:\/\/culturesco.com\/#\/schema\/person\/c2ddd6724863f3bbd20a8278df0891f3","name":"Patrick Benard","image":{"@type":"ImageObject","inLanguage":"fr-FR","@id":"https:\/\/i0.wp.com\/culturesco.com\/wp-content\/uploads\/2019\/02\/patrick-benard-2.jpg?fit=90%2C96&ssl=1","url":"https:\/\/i0.wp.com\/culturesco.com\/wp-content\/uploads\/2019\/02\/patrick-benard-2.jpg?fit=90%2C96&ssl=1","contentUrl":"https:\/\/i0.wp.com\/culturesco.com\/wp-content\/uploads\/2019\/02\/patrick-benard-2.jpg?fit=90%2C96&ssl=1","caption":"Patrick Benard"},"description":"Ecrivain, chroniqueur, animateur radio, cr\u00e9ateur de la revue \u00ab Cin\u00e9manie \u00bb, autour du cin\u00e9ma dit d\u2019art et d\u2019essai, sp\u00e9cialiste du groupe The Cure, archiviste... 2020 : \"Le Post Rock\" essai sur le post rock de Mogwa\u00ef \u00e0 Godspeed You Black Emperor - Camion Blanc 2014 : \u00ab On the rocks \u2013le rock de 2007 \u00e0 2014 \u00bb chroniques livres et cd rocks, interviews \u2013Editions Vaillant 2010 : \u00ab Dans la T\u00eate de Robert Smith \u00bb, roman fiction autour de l\u2019histoire des Cure et de Robert Smith \u2013 Edilivres 2007 : \u00ab Chroniques Fr\u00e9n\u00e9tiques, une histoire intime du rock \u00bb, roman, prix Technikart. 2001 : \u00ab Les Iles du D\u00e9sert \u00bb, polar autour du rock \u2013 Editions Nykta","url":"https:\/\/culturesco.com\/index.php\/author\/patrick-benard89\/"}]}},"jetpack_featured_media_url":"https:\/\/i0.wp.com\/culturesco.com\/wp-content\/uploads\/2023\/09\/Emmanuel-Saint-Bonnet.jpeg?fit=418%2C600&ssl=1","jetpack_likes_enabled":true,"jetpack_sharing_enabled":true,"jetpack_shortlink":"https:\/\/wp.me\/paz89I-5jr","_links":{"self":[{"href":"https:\/\/culturesco.com\/index.php\/wp-json\/wp\/v2\/posts\/20425","targetHints":{"allow":["GET"]}}],"collection":[{"href":"https:\/\/culturesco.com\/index.php\/wp-json\/wp\/v2\/posts"}],"about":[{"href":"https:\/\/culturesco.com\/index.php\/wp-json\/wp\/v2\/types\/post"}],"author":[{"embeddable":true,"href":"https:\/\/culturesco.com\/index.php\/wp-json\/wp\/v2\/users\/4"}],"replies":[{"embeddable":true,"href":"https:\/\/culturesco.com\/index.php\/wp-json\/wp\/v2\/comments?post=20425"}],"version-history":[{"count":0,"href":"https:\/\/culturesco.com\/index.php\/wp-json\/wp\/v2\/posts\/20425\/revisions"}],"wp:featuredmedia":[{"embeddable":true,"href":"https:\/\/culturesco.com\/index.php\/wp-json\/wp\/v2\/media\/20426"}],"wp:attachment":[{"href":"https:\/\/culturesco.com\/index.php\/wp-json\/wp\/v2\/media?parent=20425"}],"wp:term":[{"taxonomy":"category","embeddable":true,"href":"https:\/\/culturesco.com\/index.php\/wp-json\/wp\/v2\/categories?post=20425"},{"taxonomy":"post_tag","embeddable":true,"href":"https:\/\/culturesco.com\/index.php\/wp-json\/wp\/v2\/tags?post=20425"}],"curies":[{"name":"wp","href":"https:\/\/api.w.org\/{rel}","templated":true}]}}