{"id":20201,"date":"2023-07-27T15:39:38","date_gmt":"2023-07-27T13:39:38","guid":{"rendered":"https:\/\/culturesco.com\/?p=20201"},"modified":"2023-07-27T15:45:08","modified_gmt":"2023-07-27T13:45:08","slug":"binic-folks-blues-festival-2023-du-28-au-30-juillet-bretagne","status":"publish","type":"post","link":"https:\/\/culturesco.com\/index.php\/2023\/07\/27\/binic-folks-blues-festival-2023-du-28-au-30-juillet-bretagne\/","title":{"rendered":"BINIC FOLKS BLUES FESTIVAL du 28 au 30 juillet | Bretagne"},"content":{"rendered":"<h2>BINIC FOLKS BLUES FESTIVAL !<\/h2>\n<p><img data-recalc-dims=\"1\" loading=\"lazy\" decoding=\"async\" class=\"alignnone wp-image-20202 size-large\" src=\"https:\/\/i0.wp.com\/culturesco.com\/wp-content\/uploads\/2023\/07\/349130528_577283237870067_7036195716009837359_n.png?resize=696%2C258&#038;ssl=1\" alt=\"binic folks blues festival\" width=\"696\" height=\"258\" srcset=\"https:\/\/i0.wp.com\/culturesco.com\/wp-content\/uploads\/2023\/07\/349130528_577283237870067_7036195716009837359_n.png?resize=1200%2C444&amp;ssl=1 1200w, https:\/\/i0.wp.com\/culturesco.com\/wp-content\/uploads\/2023\/07\/349130528_577283237870067_7036195716009837359_n.png?resize=300%2C111&amp;ssl=1 300w, https:\/\/i0.wp.com\/culturesco.com\/wp-content\/uploads\/2023\/07\/349130528_577283237870067_7036195716009837359_n.png?resize=768%2C284&amp;ssl=1 768w, https:\/\/i0.wp.com\/culturesco.com\/wp-content\/uploads\/2023\/07\/349130528_577283237870067_7036195716009837359_n.png?resize=696%2C258&amp;ssl=1 696w, https:\/\/i0.wp.com\/culturesco.com\/wp-content\/uploads\/2023\/07\/349130528_577283237870067_7036195716009837359_n.png?resize=1068%2C395&amp;ssl=1 1068w, https:\/\/i0.wp.com\/culturesco.com\/wp-content\/uploads\/2023\/07\/349130528_577283237870067_7036195716009837359_n.png?resize=1135%2C420&amp;ssl=1 1135w, https:\/\/i0.wp.com\/culturesco.com\/wp-content\/uploads\/2023\/07\/349130528_577283237870067_7036195716009837359_n.png?w=600&amp;ssl=1 600w, https:\/\/i0.wp.com\/culturesco.com\/wp-content\/uploads\/2023\/07\/349130528_577283237870067_7036195716009837359_n.png?resize=162%2C60&amp;ssl=1 162w, https:\/\/i0.wp.com\/culturesco.com\/wp-content\/uploads\/2023\/07\/349130528_577283237870067_7036195716009837359_n.png?resize=243%2C90&amp;ssl=1 243w\" sizes=\"auto, (max-width: 696px) 100vw, 696px\" \/><\/p>\n<p style=\"text-align: justify;\">En marge des grands festivals mainstream et autres \u00e9v\u00e8nements institutionnels fran\u00e7ais, l&rsquo;hexagone peut se targuer de certaines dates incontournables pour tout amateur de rock alternatif (mais pas que) qui se respecte : Le POINTU, le HELLFEST, le BOMB YOUR BRAIN FEST, le MOTOCULTOR pour n&rsquo;en citer que quelques-uns&#8230; le BINIC FOLKS BLUES FESTIVAL entre bien s\u00fbr dans cette cat\u00e9gorie\u2026 !<\/p>\n<p style=\"text-align: justify;\">Le <strong>BFBF<\/strong> existe depuis 2005. L\u2019association La <a href=\"https:\/\/lanefdfous.fr\/la-nef-d-fous\/\" target=\"_blank\" rel=\"noopener\">NEF D FOUS<\/a> est l\u2019organisatrice de l\u2019\u00e9v\u00e9nement.<\/p>\n<p><img data-recalc-dims=\"1\" loading=\"lazy\" decoding=\"async\" class=\"alignnone wp-image-20203 size-full\" src=\"https:\/\/i0.wp.com\/culturesco.com\/wp-content\/uploads\/2023\/07\/Capture-decran-3582.png?resize=696%2C223&#038;ssl=1\" alt=\"La Nef d fous\" width=\"696\" height=\"223\" srcset=\"https:\/\/i0.wp.com\/culturesco.com\/wp-content\/uploads\/2023\/07\/Capture-decran-3582.png?w=600&amp;ssl=1 600w, https:\/\/i0.wp.com\/culturesco.com\/wp-content\/uploads\/2023\/07\/Capture-decran-3582.png?resize=300%2C96&amp;ssl=1 300w, https:\/\/i0.wp.com\/culturesco.com\/wp-content\/uploads\/2023\/07\/Capture-decran-3582.png?resize=768%2C247&amp;ssl=1 768w, https:\/\/i0.wp.com\/culturesco.com\/wp-content\/uploads\/2023\/07\/Capture-decran-3582.png?resize=696%2C223&amp;ssl=1 696w, https:\/\/i0.wp.com\/culturesco.com\/wp-content\/uploads\/2023\/07\/Capture-decran-3582.png?resize=187%2C60&amp;ssl=1 187w, https:\/\/i0.wp.com\/culturesco.com\/wp-content\/uploads\/2023\/07\/Capture-decran-3582.png?resize=280%2C90&amp;ssl=1 280w\" sizes=\"auto, (max-width: 696px) 100vw, 696px\" \/><\/p>\n<h3>Cette ann\u00e9e, l&rsquo;\u00e9dition 2023 du BINIC s&rsquo;\u00e9talera sur trois jours, du 28 au 30 juillet.<\/h3>\n<p><a href=\"https:\/\/my.weezevent.com\/binic-folks-blues-festival-2023-les-15-ans-de-la-nef-d-fous\" target=\"_blank\" rel=\"noopener\">https:\/\/my.weezevent.com\/binic-folks-blues-festival-2023-les-15-ans-de-la-nef-d-fous<\/a><\/p>\n<p style=\"text-align: justify;\">La derni\u00e8re \u00e9dition, en 2019, avait rassembl\u00e9 pr\u00e8s de 70 000 festivaliers. Cette nouvelle \u00e9dition signe le retour du festival sur le PORT de BINIC (\u00e0 <strong>Binic-\u00c9tables-sur-Mer<\/strong> dans les C\u00f4tes-d&rsquo;Armor en Bretagne, faut-il le pr\u00e9ciser ?) avec quelques changements pour le bon d\u00e9roulement de l&rsquo;\u00e9v\u00e8nement par rapport aux \u00e9ditions ult\u00e9rieures. En effet, le festival se recentre d\u00e9sormais sur deux sc\u00e8nes (au lieu de trois) : une sur la plage de la Banche et l\u2019autre sur la place Le Pommelec, pour une circulation plus fluide et s\u00e9curis\u00e9. D&rsquo;autre part, l&rsquo;acc\u00e8s libre au festival ne pouvant plus \u00eatre de mise, <strong>La Nef D Fous<\/strong> a d\u00fb se r\u00e9signer et prendre la d\u00e9cision de mettre en place une billetterie (apr\u00e8s 10 ans de gratuit\u00e9, ce qui n&rsquo;est pas peu, faut-il le pr\u00e9ciser&#8230;).<\/p>\n<p style=\"text-align: justify;\">Toutefois, la participation \u00e0 l&rsquo;\u00e9v\u00e9nement reste des plus abordables, ne serait-ce qu&rsquo;au regard de la qualit\u00e9 de la programmation et du nombre d&rsquo;artistes pr\u00e9sent durant le festival.<\/p>\n<p><img data-recalc-dims=\"1\" loading=\"lazy\" decoding=\"async\" class=\"size-medium wp-image-20205 aligncenter\" src=\"https:\/\/i0.wp.com\/culturesco.com\/wp-content\/uploads\/2023\/07\/bicinic-folk-blues-festival-carre.jpg?resize=300%2C300&#038;ssl=1\" alt=\"binic folk blues festival\" width=\"300\" height=\"300\" srcset=\"https:\/\/i0.wp.com\/culturesco.com\/wp-content\/uploads\/2023\/07\/bicinic-folk-blues-festival-carre.jpg?resize=300%2C300&amp;ssl=1 300w, https:\/\/i0.wp.com\/culturesco.com\/wp-content\/uploads\/2023\/07\/bicinic-folk-blues-festival-carre.jpg?resize=627%2C627&amp;ssl=1 627w, https:\/\/i0.wp.com\/culturesco.com\/wp-content\/uploads\/2023\/07\/bicinic-folk-blues-festival-carre.jpg?resize=150%2C150&amp;ssl=1 150w, https:\/\/i0.wp.com\/culturesco.com\/wp-content\/uploads\/2023\/07\/bicinic-folk-blues-festival-carre.jpg?resize=768%2C768&amp;ssl=1 768w, https:\/\/i0.wp.com\/culturesco.com\/wp-content\/uploads\/2023\/07\/bicinic-folk-blues-festival-carre.jpg?resize=1536%2C1536&amp;ssl=1 1536w, https:\/\/i0.wp.com\/culturesco.com\/wp-content\/uploads\/2023\/07\/bicinic-folk-blues-festival-carre.jpg?resize=696%2C696&amp;ssl=1 696w, https:\/\/i0.wp.com\/culturesco.com\/wp-content\/uploads\/2023\/07\/bicinic-folk-blues-festival-carre.jpg?resize=1068%2C1068&amp;ssl=1 1068w, https:\/\/i0.wp.com\/culturesco.com\/wp-content\/uploads\/2023\/07\/bicinic-folk-blues-festival-carre.jpg?resize=420%2C420&amp;ssl=1 420w, https:\/\/i0.wp.com\/culturesco.com\/wp-content\/uploads\/2023\/07\/bicinic-folk-blues-festival-carre.jpg?w=600&amp;ssl=1 600w, https:\/\/i0.wp.com\/culturesco.com\/wp-content\/uploads\/2023\/07\/bicinic-folk-blues-festival-carre.jpg?resize=100%2C100&amp;ssl=1 100w, https:\/\/i0.wp.com\/culturesco.com\/wp-content\/uploads\/2023\/07\/bicinic-folk-blues-festival-carre.jpg?resize=50%2C50&amp;ssl=1 50w, https:\/\/i0.wp.com\/culturesco.com\/wp-content\/uploads\/2023\/07\/bicinic-folk-blues-festival-carre.jpg?resize=60%2C60&amp;ssl=1 60w, https:\/\/i0.wp.com\/culturesco.com\/wp-content\/uploads\/2023\/07\/bicinic-folk-blues-festival-carre.jpg?resize=90%2C90&amp;ssl=1 90w\" sizes=\"auto, (max-width: 300px) 100vw, 300px\" \/><\/p>\n<p style=\"text-align: justify;\">Le <strong>BINIC FOLKS BLUES FESTIVAL 2023<\/strong> sera aussi l\u2019occasion de c\u00e9l\u00e9brer les 15 ans de <strong>La NEF D FOUS<\/strong> et les 20 ans du Label <strong>BEAST RECORDS<\/strong>, acteur majeur du milieu musical breton alternatif et ind\u00e9pendant.<\/p>\n<h3>Au programme (en autres) de ce mill\u00e9sime 2023 :<\/h3>\n<p><img data-recalc-dims=\"1\" loading=\"lazy\" decoding=\"async\" class=\"wp-image-20204 size-large aligncenter\" src=\"https:\/\/i0.wp.com\/culturesco.com\/wp-content\/uploads\/2023\/07\/BFBF-mise-en-page_affiche-no_sponsors-1086x1536-1.jpg?resize=443%2C627&#038;ssl=1\" alt=\"bfbf 2023\" width=\"443\" height=\"627\" srcset=\"https:\/\/i0.wp.com\/culturesco.com\/wp-content\/uploads\/2023\/07\/BFBF-mise-en-page_affiche-no_sponsors-1086x1536-1.jpg?resize=443%2C627&amp;ssl=1 443w, https:\/\/i0.wp.com\/culturesco.com\/wp-content\/uploads\/2023\/07\/BFBF-mise-en-page_affiche-no_sponsors-1086x1536-1.jpg?resize=212%2C300&amp;ssl=1 212w, https:\/\/i0.wp.com\/culturesco.com\/wp-content\/uploads\/2023\/07\/BFBF-mise-en-page_affiche-no_sponsors-1086x1536-1.jpg?resize=768%2C1086&amp;ssl=1 768w, https:\/\/i0.wp.com\/culturesco.com\/wp-content\/uploads\/2023\/07\/BFBF-mise-en-page_affiche-no_sponsors-1086x1536-1.jpg?resize=696%2C984&amp;ssl=1 696w, https:\/\/i0.wp.com\/culturesco.com\/wp-content\/uploads\/2023\/07\/BFBF-mise-en-page_affiche-no_sponsors-1086x1536-1.jpg?resize=1068%2C1511&amp;ssl=1 1068w, https:\/\/i0.wp.com\/culturesco.com\/wp-content\/uploads\/2023\/07\/BFBF-mise-en-page_affiche-no_sponsors-1086x1536-1.jpg?resize=297%2C420&amp;ssl=1 297w, https:\/\/i0.wp.com\/culturesco.com\/wp-content\/uploads\/2023\/07\/BFBF-mise-en-page_affiche-no_sponsors-1086x1536-1.jpg?resize=600%2C849&amp;ssl=1 600w, https:\/\/i0.wp.com\/culturesco.com\/wp-content\/uploads\/2023\/07\/BFBF-mise-en-page_affiche-no_sponsors-1086x1536-1.jpg?resize=42%2C60&amp;ssl=1 42w, https:\/\/i0.wp.com\/culturesco.com\/wp-content\/uploads\/2023\/07\/BFBF-mise-en-page_affiche-no_sponsors-1086x1536-1.jpg?resize=64%2C90&amp;ssl=1 64w, https:\/\/i0.wp.com\/culturesco.com\/wp-content\/uploads\/2023\/07\/BFBF-mise-en-page_affiche-no_sponsors-1086x1536-1.jpg?w=424&amp;ssl=1 424w\" sizes=\"auto, (max-width: 443px) 100vw, 443px\" \/><\/p>\n<p style=\"text-align: justify;\">Meatbodies (USA) \u2013 GYASI (USA) \u2013 Cash Savage &amp; The Last Drinks (AUS) \u2013 Frankie and the Witch Fingers (USA) \u2013 Mini Skirt (AUS) \u2013 Silver Synthetic (USA) \u2013 Split System (AUS) \u2013 Jack Ladder (AUS) \u2013 Gee Tee (AUS) \u2013 Moody Beaches (AUS) \u2013 Satanic Togas (AUS) \u2013 Long Hours (AUS) \u2013 Brat Farrar (AUS) \u2013 Skinny Milk (UK) \u2013 Lunatic (AUS) \u2013 Psycho Mutants (HU) \u2013 Top Left Club (UK) \u2013 Thomas Schoeffler Jr &amp; The Rusty Rifles (FR) \u2013 Broken Waltz (BZH) \u2013 Food Fight (BZH) \u2013 Chris Pal (BZH) \u2013 Guadal Tejaz (BZH) \u2013 Bracco (FR) \u2013 Dirty Deep (FR)&#8230;<\/p>\n<p style=\"text-align: justify;\">Informations et liens relatifs :<br \/>\nBINIC FOLKS BLUES FESTIVAL :<br \/>\n<a href=\"https:\/\/www.facebook.com\/BinicFolksBluesFestival\">https:\/\/www.facebook.com\/BinicFolksBluesFestival<\/a><br \/>\nLa NEF D FOUS :<br \/>\n<a href=\"https:\/\/lanefdfous.fr\/\">https:\/\/lanefdfous.fr\/<\/a><br \/>\n<a href=\"https:\/\/www.facebook.com\/LaNefDFous\">https:\/\/www.facebook.com\/LaNefDFous<\/a><\/p>\n","protected":false},"excerpt":{"rendered":"<p>BINIC FOLKS BLUES FESTIVAL ! En marge des grands festivals mainstream et autres \u00e9v\u00e8nements institutionnels fran\u00e7ais, l&rsquo;hexagone peut se targuer de certaines dates incontournables pour tout amateur de rock alternatif (mais pas que) qui se respecte : Le POINTU, le HELLFEST, le BOMB YOUR BRAIN FEST, le MOTOCULTOR pour n&rsquo;en citer que quelques-uns&#8230; le BINIC [&hellip;]<\/p>\n","protected":false},"author":23,"featured_media":20206,"comment_status":"open","ping_status":"open","sticky":false,"template":"","format":"image","meta":{"jetpack_post_was_ever_published":false,"tdm_status":"","tdm_grid_status":"","_jetpack_newsletter_access":"","_jetpack_dont_email_post_to_subs":false,"_jetpack_newsletter_tier_id":0,"_jetpack_memberships_contains_paywalled_content":false,"_jetpack_memberships_contains_paid_content":false,"footnotes":""},"categories":[25],"tags":[72,11669,52],"class_list":{"0":"post-20201","1":"post","2":"type-post","3":"status-publish","4":"format-image","5":"has-post-thumbnail","7":"category-evenements-culturels","8":"tag-artiste-folk","9":"tag-blues","10":"tag-groupe-rock-actuel","11":"post_format-post-format-image"},"yoast_head":"<!-- This site is optimized with the Yoast SEO plugin v27.5 - https:\/\/yoast.com\/product\/yoast-seo-wordpress\/ -->\n<title>BINIC FOLKS BLUES FESTIVAL du 28 au 30 juillet | Bretagne - Culturesco<\/title>\n<meta name=\"description\" content=\"CulturesCo | Le binic folks blues festival a lieu cette ann\u00e9e les 28 et 30 juillet 2023 \u00e0 Binic-Etables-sur mer dans les C\u00f4tes d&#039;Armor\" \/>\n<meta name=\"robots\" content=\"index, follow, max-snippet:-1, max-image-preview:large, max-video-preview:-1\" \/>\n<link rel=\"canonical\" href=\"https:\/\/culturesco.com\/index.php\/2023\/07\/27\/binic-folks-blues-festival-2023-du-28-au-30-juillet-bretagne\/\" \/>\n<meta property=\"og:locale\" content=\"fr_FR\" \/>\n<meta property=\"og:type\" content=\"article\" \/>\n<meta property=\"og:title\" content=\"BINIC FOLKS BLUES FESTIVAL du 28 au 30 juillet | Bretagne - Culturesco\" \/>\n<meta property=\"og:description\" content=\"CulturesCo | Le binic folks blues festival a lieu cette ann\u00e9e les 28 et 30 juillet 2023 \u00e0 Binic-Etables-sur mer dans les C\u00f4tes d&#039;Armor\" \/>\n<meta property=\"og:url\" content=\"https:\/\/culturesco.com\/index.php\/2023\/07\/27\/binic-folks-blues-festival-2023-du-28-au-30-juillet-bretagne\/\" \/>\n<meta property=\"og:site_name\" content=\"Culturesco\" \/>\n<meta property=\"article:publisher\" content=\"https:\/\/www.facebook.com\/radioculturesco\" \/>\n<meta property=\"article:published_time\" content=\"2023-07-27T13:39:38+00:00\" \/>\n<meta property=\"article:modified_time\" content=\"2023-07-27T13:45:08+00:00\" \/>\n<meta property=\"og:image\" content=\"https:\/\/culturesco.com\/wp-content\/uploads\/2023\/07\/binic-folk-blues-festival.jpg\" \/>\n\t<meta property=\"og:image:width\" content=\"600\" \/>\n\t<meta property=\"og:image:height\" content=\"314\" \/>\n\t<meta property=\"og:image:type\" content=\"image\/jpeg\" \/>\n<meta name=\"author\" content=\"Jack Menant\" \/>\n<meta name=\"twitter:card\" content=\"summary_large_image\" \/>\n<meta name=\"twitter:creator\" content=\"@AugusteMarshal\" \/>\n<meta name=\"twitter:site\" content=\"@AugusteMarshal\" \/>\n<meta name=\"twitter:label1\" content=\"\u00c9crit par\" \/>\n\t<meta name=\"twitter:data1\" content=\"Jack Menant\" \/>\n\t<meta name=\"twitter:label2\" content=\"Dur\u00e9e de lecture estim\u00e9e\" \/>\n\t<meta name=\"twitter:data2\" content=\"3 minutes\" \/>\n<script type=\"application\/ld+json\" class=\"yoast-schema-graph\">{\"@context\":\"https:\\\/\\\/schema.org\",\"@graph\":[{\"@type\":\"Article\",\"@id\":\"https:\\\/\\\/culturesco.com\\\/index.php\\\/2023\\\/07\\\/27\\\/binic-folks-blues-festival-2023-du-28-au-30-juillet-bretagne\\\/#article\",\"isPartOf\":{\"@id\":\"https:\\\/\\\/culturesco.com\\\/index.php\\\/2023\\\/07\\\/27\\\/binic-folks-blues-festival-2023-du-28-au-30-juillet-bretagne\\\/\"},\"author\":{\"name\":\"Jack Menant\",\"@id\":\"https:\\\/\\\/culturesco.com\\\/#\\\/schema\\\/person\\\/ae648e60baa9473d0d102031c679892a\"},\"headline\":\"BINIC FOLKS BLUES FESTIVAL du 28 au 30 juillet | Bretagne\",\"datePublished\":\"2023-07-27T13:39:38+00:00\",\"dateModified\":\"2023-07-27T13:45:08+00:00\",\"mainEntityOfPage\":{\"@id\":\"https:\\\/\\\/culturesco.com\\\/index.php\\\/2023\\\/07\\\/27\\\/binic-folks-blues-festival-2023-du-28-au-30-juillet-bretagne\\\/\"},\"wordCount\":441,\"commentCount\":0,\"publisher\":{\"@id\":\"https:\\\/\\\/culturesco.com\\\/#organization\"},\"image\":{\"@id\":\"https:\\\/\\\/culturesco.com\\\/index.php\\\/2023\\\/07\\\/27\\\/binic-folks-blues-festival-2023-du-28-au-30-juillet-bretagne\\\/#primaryimage\"},\"thumbnailUrl\":\"https:\\\/\\\/i0.wp.com\\\/culturesco.com\\\/wp-content\\\/uploads\\\/2023\\\/07\\\/binic-folk-blues-festival.jpg?fit=600%2C314&ssl=1\",\"keywords\":[\"Artiste Folk\",\"blues\",\"groupe rock actuel\"],\"articleSection\":[\"Ev\u00e9nements culturels\"],\"inLanguage\":\"fr-FR\",\"potentialAction\":[{\"@type\":\"CommentAction\",\"name\":\"Comment\",\"target\":[\"https:\\\/\\\/culturesco.com\\\/index.php\\\/2023\\\/07\\\/27\\\/binic-folks-blues-festival-2023-du-28-au-30-juillet-bretagne\\\/#respond\"]}]},{\"@type\":\"WebPage\",\"@id\":\"https:\\\/\\\/culturesco.com\\\/index.php\\\/2023\\\/07\\\/27\\\/binic-folks-blues-festival-2023-du-28-au-30-juillet-bretagne\\\/\",\"url\":\"https:\\\/\\\/culturesco.com\\\/index.php\\\/2023\\\/07\\\/27\\\/binic-folks-blues-festival-2023-du-28-au-30-juillet-bretagne\\\/\",\"name\":\"BINIC FOLKS BLUES FESTIVAL du 28 au 30 juillet | Bretagne - Culturesco\",\"isPartOf\":{\"@id\":\"https:\\\/\\\/culturesco.com\\\/#website\"},\"primaryImageOfPage\":{\"@id\":\"https:\\\/\\\/culturesco.com\\\/index.php\\\/2023\\\/07\\\/27\\\/binic-folks-blues-festival-2023-du-28-au-30-juillet-bretagne\\\/#primaryimage\"},\"image\":{\"@id\":\"https:\\\/\\\/culturesco.com\\\/index.php\\\/2023\\\/07\\\/27\\\/binic-folks-blues-festival-2023-du-28-au-30-juillet-bretagne\\\/#primaryimage\"},\"thumbnailUrl\":\"https:\\\/\\\/i0.wp.com\\\/culturesco.com\\\/wp-content\\\/uploads\\\/2023\\\/07\\\/binic-folk-blues-festival.jpg?fit=600%2C314&ssl=1\",\"datePublished\":\"2023-07-27T13:39:38+00:00\",\"dateModified\":\"2023-07-27T13:45:08+00:00\",\"description\":\"CulturesCo | Le binic folks blues festival a lieu cette ann\u00e9e les 28 et 30 juillet 2023 \u00e0 Binic-Etables-sur mer dans les C\u00f4tes d'Armor\",\"breadcrumb\":{\"@id\":\"https:\\\/\\\/culturesco.com\\\/index.php\\\/2023\\\/07\\\/27\\\/binic-folks-blues-festival-2023-du-28-au-30-juillet-bretagne\\\/#breadcrumb\"},\"inLanguage\":\"fr-FR\",\"potentialAction\":[{\"@type\":\"ReadAction\",\"target\":[\"https:\\\/\\\/culturesco.com\\\/index.php\\\/2023\\\/07\\\/27\\\/binic-folks-blues-festival-2023-du-28-au-30-juillet-bretagne\\\/\"]}]},{\"@type\":\"ImageObject\",\"inLanguage\":\"fr-FR\",\"@id\":\"https:\\\/\\\/culturesco.com\\\/index.php\\\/2023\\\/07\\\/27\\\/binic-folks-blues-festival-2023-du-28-au-30-juillet-bretagne\\\/#primaryimage\",\"url\":\"https:\\\/\\\/i0.wp.com\\\/culturesco.com\\\/wp-content\\\/uploads\\\/2023\\\/07\\\/binic-folk-blues-festival.jpg?fit=600%2C314&ssl=1\",\"contentUrl\":\"https:\\\/\\\/i0.wp.com\\\/culturesco.com\\\/wp-content\\\/uploads\\\/2023\\\/07\\\/binic-folk-blues-festival.jpg?fit=600%2C314&ssl=1\",\"width\":600,\"height\":314},{\"@type\":\"BreadcrumbList\",\"@id\":\"https:\\\/\\\/culturesco.com\\\/index.php\\\/2023\\\/07\\\/27\\\/binic-folks-blues-festival-2023-du-28-au-30-juillet-bretagne\\\/#breadcrumb\",\"itemListElement\":[{\"@type\":\"ListItem\",\"position\":1,\"name\":\"Accueil\",\"item\":\"https:\\\/\\\/culturesco.com\\\/\"},{\"@type\":\"ListItem\",\"position\":2,\"name\":\"BINIC FOLKS BLUES FESTIVAL du 28 au 30 juillet | Bretagne\"}]},{\"@type\":\"WebSite\",\"@id\":\"https:\\\/\\\/culturesco.com\\\/#website\",\"url\":\"https:\\\/\\\/culturesco.com\\\/\",\"name\":\"Culturesco\",\"description\":\"Culturesco | Un bon coup de pied dans ta Culture\",\"publisher\":{\"@id\":\"https:\\\/\\\/culturesco.com\\\/#organization\"},\"potentialAction\":[{\"@type\":\"SearchAction\",\"target\":{\"@type\":\"EntryPoint\",\"urlTemplate\":\"https:\\\/\\\/culturesco.com\\\/?s={search_term_string}\"},\"query-input\":{\"@type\":\"PropertyValueSpecification\",\"valueRequired\":true,\"valueName\":\"search_term_string\"}}],\"inLanguage\":\"fr-FR\"},{\"@type\":\"Organization\",\"@id\":\"https:\\\/\\\/culturesco.com\\\/#organization\",\"name\":\"CULTURESCO\",\"url\":\"https:\\\/\\\/culturesco.com\\\/\",\"logo\":{\"@type\":\"ImageObject\",\"inLanguage\":\"fr-FR\",\"@id\":\"https:\\\/\\\/culturesco.com\\\/#\\\/schema\\\/logo\\\/image\\\/\",\"url\":\"https:\\\/\\\/i0.wp.com\\\/culturesco.com\\\/wp-content\\\/uploads\\\/2022\\\/04\\\/culturesco-logo-blanc250p.png?fit=250%2C250&ssl=1\",\"contentUrl\":\"https:\\\/\\\/i0.wp.com\\\/culturesco.com\\\/wp-content\\\/uploads\\\/2022\\\/04\\\/culturesco-logo-blanc250p.png?fit=250%2C250&ssl=1\",\"width\":250,\"height\":250,\"caption\":\"CULTURESCO\"},\"image\":{\"@id\":\"https:\\\/\\\/culturesco.com\\\/#\\\/schema\\\/logo\\\/image\\\/\"},\"sameAs\":[\"https:\\\/\\\/www.facebook.com\\\/radioculturesco\",\"https:\\\/\\\/x.com\\\/AugusteMarshal\",\"https:\\\/\\\/www.instagram.com\\\/carotte_rock_culture\\\/\",\"https:\\\/\\\/www.pinterest.fr\\\/augustemarshal\\\/\",\"https:\\\/\\\/www.youtube.com\\\/channel\\\/UCiWLGffqWSXlNnfzp6YwwyQ\"]},{\"@type\":\"Person\",\"@id\":\"https:\\\/\\\/culturesco.com\\\/#\\\/schema\\\/person\\\/ae648e60baa9473d0d102031c679892a\",\"name\":\"Jack Menant\",\"image\":{\"@type\":\"ImageObject\",\"inLanguage\":\"fr-FR\",\"@id\":\"https:\\\/\\\/secure.gravatar.com\\\/avatar\\\/c12cb10a9c9603851c6600ce8bb110492f6b90ab889bb710579eca262499ef9c?s=96&d=mm&r=g\",\"url\":\"https:\\\/\\\/secure.gravatar.com\\\/avatar\\\/c12cb10a9c9603851c6600ce8bb110492f6b90ab889bb710579eca262499ef9c?s=96&d=mm&r=g\",\"contentUrl\":\"https:\\\/\\\/secure.gravatar.com\\\/avatar\\\/c12cb10a9c9603851c6600ce8bb110492f6b90ab889bb710579eca262499ef9c?s=96&d=mm&r=g\",\"caption\":\"Jack Menant\"},\"url\":\"https:\\\/\\\/culturesco.com\\\/index.php\\\/author\\\/jack-menant\\\/\"}]}<\/script>\n<!-- \/ Yoast SEO plugin. -->","yoast_head_json":{"title":"BINIC FOLKS BLUES FESTIVAL du 28 au 30 juillet | Bretagne - Culturesco","description":"CulturesCo | Le binic folks blues festival a lieu cette ann\u00e9e les 28 et 30 juillet 2023 \u00e0 Binic-Etables-sur mer dans les C\u00f4tes d'Armor","robots":{"index":"index","follow":"follow","max-snippet":"max-snippet:-1","max-image-preview":"max-image-preview:large","max-video-preview":"max-video-preview:-1"},"canonical":"https:\/\/culturesco.com\/index.php\/2023\/07\/27\/binic-folks-blues-festival-2023-du-28-au-30-juillet-bretagne\/","og_locale":"fr_FR","og_type":"article","og_title":"BINIC FOLKS BLUES FESTIVAL du 28 au 30 juillet | Bretagne - Culturesco","og_description":"CulturesCo | Le binic folks blues festival a lieu cette ann\u00e9e les 28 et 30 juillet 2023 \u00e0 Binic-Etables-sur mer dans les C\u00f4tes d'Armor","og_url":"https:\/\/culturesco.com\/index.php\/2023\/07\/27\/binic-folks-blues-festival-2023-du-28-au-30-juillet-bretagne\/","og_site_name":"Culturesco","article_publisher":"https:\/\/www.facebook.com\/radioculturesco","article_published_time":"2023-07-27T13:39:38+00:00","article_modified_time":"2023-07-27T13:45:08+00:00","og_image":[{"width":600,"height":314,"url":"https:\/\/culturesco.com\/wp-content\/uploads\/2023\/07\/binic-folk-blues-festival.jpg","type":"image\/jpeg"}],"author":"Jack Menant","twitter_card":"summary_large_image","twitter_creator":"@AugusteMarshal","twitter_site":"@AugusteMarshal","twitter_misc":{"\u00c9crit par":"Jack Menant","Dur\u00e9e de lecture estim\u00e9e":"3 minutes"},"schema":{"@context":"https:\/\/schema.org","@graph":[{"@type":"Article","@id":"https:\/\/culturesco.com\/index.php\/2023\/07\/27\/binic-folks-blues-festival-2023-du-28-au-30-juillet-bretagne\/#article","isPartOf":{"@id":"https:\/\/culturesco.com\/index.php\/2023\/07\/27\/binic-folks-blues-festival-2023-du-28-au-30-juillet-bretagne\/"},"author":{"name":"Jack Menant","@id":"https:\/\/culturesco.com\/#\/schema\/person\/ae648e60baa9473d0d102031c679892a"},"headline":"BINIC FOLKS BLUES FESTIVAL du 28 au 30 juillet | Bretagne","datePublished":"2023-07-27T13:39:38+00:00","dateModified":"2023-07-27T13:45:08+00:00","mainEntityOfPage":{"@id":"https:\/\/culturesco.com\/index.php\/2023\/07\/27\/binic-folks-blues-festival-2023-du-28-au-30-juillet-bretagne\/"},"wordCount":441,"commentCount":0,"publisher":{"@id":"https:\/\/culturesco.com\/#organization"},"image":{"@id":"https:\/\/culturesco.com\/index.php\/2023\/07\/27\/binic-folks-blues-festival-2023-du-28-au-30-juillet-bretagne\/#primaryimage"},"thumbnailUrl":"https:\/\/i0.wp.com\/culturesco.com\/wp-content\/uploads\/2023\/07\/binic-folk-blues-festival.jpg?fit=600%2C314&ssl=1","keywords":["Artiste Folk","blues","groupe rock actuel"],"articleSection":["Ev\u00e9nements culturels"],"inLanguage":"fr-FR","potentialAction":[{"@type":"CommentAction","name":"Comment","target":["https:\/\/culturesco.com\/index.php\/2023\/07\/27\/binic-folks-blues-festival-2023-du-28-au-30-juillet-bretagne\/#respond"]}]},{"@type":"WebPage","@id":"https:\/\/culturesco.com\/index.php\/2023\/07\/27\/binic-folks-blues-festival-2023-du-28-au-30-juillet-bretagne\/","url":"https:\/\/culturesco.com\/index.php\/2023\/07\/27\/binic-folks-blues-festival-2023-du-28-au-30-juillet-bretagne\/","name":"BINIC FOLKS BLUES FESTIVAL du 28 au 30 juillet | Bretagne - Culturesco","isPartOf":{"@id":"https:\/\/culturesco.com\/#website"},"primaryImageOfPage":{"@id":"https:\/\/culturesco.com\/index.php\/2023\/07\/27\/binic-folks-blues-festival-2023-du-28-au-30-juillet-bretagne\/#primaryimage"},"image":{"@id":"https:\/\/culturesco.com\/index.php\/2023\/07\/27\/binic-folks-blues-festival-2023-du-28-au-30-juillet-bretagne\/#primaryimage"},"thumbnailUrl":"https:\/\/i0.wp.com\/culturesco.com\/wp-content\/uploads\/2023\/07\/binic-folk-blues-festival.jpg?fit=600%2C314&ssl=1","datePublished":"2023-07-27T13:39:38+00:00","dateModified":"2023-07-27T13:45:08+00:00","description":"CulturesCo | Le binic folks blues festival a lieu cette ann\u00e9e les 28 et 30 juillet 2023 \u00e0 Binic-Etables-sur mer dans les C\u00f4tes d'Armor","breadcrumb":{"@id":"https:\/\/culturesco.com\/index.php\/2023\/07\/27\/binic-folks-blues-festival-2023-du-28-au-30-juillet-bretagne\/#breadcrumb"},"inLanguage":"fr-FR","potentialAction":[{"@type":"ReadAction","target":["https:\/\/culturesco.com\/index.php\/2023\/07\/27\/binic-folks-blues-festival-2023-du-28-au-30-juillet-bretagne\/"]}]},{"@type":"ImageObject","inLanguage":"fr-FR","@id":"https:\/\/culturesco.com\/index.php\/2023\/07\/27\/binic-folks-blues-festival-2023-du-28-au-30-juillet-bretagne\/#primaryimage","url":"https:\/\/i0.wp.com\/culturesco.com\/wp-content\/uploads\/2023\/07\/binic-folk-blues-festival.jpg?fit=600%2C314&ssl=1","contentUrl":"https:\/\/i0.wp.com\/culturesco.com\/wp-content\/uploads\/2023\/07\/binic-folk-blues-festival.jpg?fit=600%2C314&ssl=1","width":600,"height":314},{"@type":"BreadcrumbList","@id":"https:\/\/culturesco.com\/index.php\/2023\/07\/27\/binic-folks-blues-festival-2023-du-28-au-30-juillet-bretagne\/#breadcrumb","itemListElement":[{"@type":"ListItem","position":1,"name":"Accueil","item":"https:\/\/culturesco.com\/"},{"@type":"ListItem","position":2,"name":"BINIC FOLKS BLUES FESTIVAL du 28 au 30 juillet | Bretagne"}]},{"@type":"WebSite","@id":"https:\/\/culturesco.com\/#website","url":"https:\/\/culturesco.com\/","name":"Culturesco","description":"Culturesco | Un bon coup de pied dans ta Culture","publisher":{"@id":"https:\/\/culturesco.com\/#organization"},"potentialAction":[{"@type":"SearchAction","target":{"@type":"EntryPoint","urlTemplate":"https:\/\/culturesco.com\/?s={search_term_string}"},"query-input":{"@type":"PropertyValueSpecification","valueRequired":true,"valueName":"search_term_string"}}],"inLanguage":"fr-FR"},{"@type":"Organization","@id":"https:\/\/culturesco.com\/#organization","name":"CULTURESCO","url":"https:\/\/culturesco.com\/","logo":{"@type":"ImageObject","inLanguage":"fr-FR","@id":"https:\/\/culturesco.com\/#\/schema\/logo\/image\/","url":"https:\/\/i0.wp.com\/culturesco.com\/wp-content\/uploads\/2022\/04\/culturesco-logo-blanc250p.png?fit=250%2C250&ssl=1","contentUrl":"https:\/\/i0.wp.com\/culturesco.com\/wp-content\/uploads\/2022\/04\/culturesco-logo-blanc250p.png?fit=250%2C250&ssl=1","width":250,"height":250,"caption":"CULTURESCO"},"image":{"@id":"https:\/\/culturesco.com\/#\/schema\/logo\/image\/"},"sameAs":["https:\/\/www.facebook.com\/radioculturesco","https:\/\/x.com\/AugusteMarshal","https:\/\/www.instagram.com\/carotte_rock_culture\/","https:\/\/www.pinterest.fr\/augustemarshal\/","https:\/\/www.youtube.com\/channel\/UCiWLGffqWSXlNnfzp6YwwyQ"]},{"@type":"Person","@id":"https:\/\/culturesco.com\/#\/schema\/person\/ae648e60baa9473d0d102031c679892a","name":"Jack Menant","image":{"@type":"ImageObject","inLanguage":"fr-FR","@id":"https:\/\/secure.gravatar.com\/avatar\/c12cb10a9c9603851c6600ce8bb110492f6b90ab889bb710579eca262499ef9c?s=96&d=mm&r=g","url":"https:\/\/secure.gravatar.com\/avatar\/c12cb10a9c9603851c6600ce8bb110492f6b90ab889bb710579eca262499ef9c?s=96&d=mm&r=g","contentUrl":"https:\/\/secure.gravatar.com\/avatar\/c12cb10a9c9603851c6600ce8bb110492f6b90ab889bb710579eca262499ef9c?s=96&d=mm&r=g","caption":"Jack Menant"},"url":"https:\/\/culturesco.com\/index.php\/author\/jack-menant\/"}]}},"jetpack_featured_media_url":"https:\/\/i0.wp.com\/culturesco.com\/wp-content\/uploads\/2023\/07\/binic-folk-blues-festival.jpg?fit=600%2C314&ssl=1","jetpack_likes_enabled":true,"jetpack_sharing_enabled":true,"jetpack_shortlink":"https:\/\/wp.me\/paz89I-5fP","_links":{"self":[{"href":"https:\/\/culturesco.com\/index.php\/wp-json\/wp\/v2\/posts\/20201","targetHints":{"allow":["GET"]}}],"collection":[{"href":"https:\/\/culturesco.com\/index.php\/wp-json\/wp\/v2\/posts"}],"about":[{"href":"https:\/\/culturesco.com\/index.php\/wp-json\/wp\/v2\/types\/post"}],"author":[{"embeddable":true,"href":"https:\/\/culturesco.com\/index.php\/wp-json\/wp\/v2\/users\/23"}],"replies":[{"embeddable":true,"href":"https:\/\/culturesco.com\/index.php\/wp-json\/wp\/v2\/comments?post=20201"}],"version-history":[{"count":0,"href":"https:\/\/culturesco.com\/index.php\/wp-json\/wp\/v2\/posts\/20201\/revisions"}],"wp:featuredmedia":[{"embeddable":true,"href":"https:\/\/culturesco.com\/index.php\/wp-json\/wp\/v2\/media\/20206"}],"wp:attachment":[{"href":"https:\/\/culturesco.com\/index.php\/wp-json\/wp\/v2\/media?parent=20201"}],"wp:term":[{"taxonomy":"category","embeddable":true,"href":"https:\/\/culturesco.com\/index.php\/wp-json\/wp\/v2\/categories?post=20201"},{"taxonomy":"post_tag","embeddable":true,"href":"https:\/\/culturesco.com\/index.php\/wp-json\/wp\/v2\/tags?post=20201"}],"curies":[{"name":"wp","href":"https:\/\/api.w.org\/{rel}","templated":true}]}}