{"id":20099,"date":"2023-07-11T02:43:08","date_gmt":"2023-07-11T00:43:08","guid":{"rendered":"https:\/\/culturesco.com\/?p=20099"},"modified":"2023-07-11T15:21:23","modified_gmt":"2023-07-11T13:21:23","slug":"the-cure-de-philippe-gonin","status":"publish","type":"post","link":"https:\/\/culturesco.com\/index.php\/2023\/07\/11\/the-cure-de-philippe-gonin\/","title":{"rendered":"The Cure de Philippe Gonin"},"content":{"rendered":"<h2 style=\"text-align: justify;\">De Malice \u00e0 The Cure<\/h2>\n<figure id=\"attachment_20100\" aria-describedby=\"caption-attachment-20100\" style=\"width: 210px\" class=\"wp-caption aligncenter\"><img data-recalc-dims=\"1\" loading=\"lazy\" decoding=\"async\" class=\"size-medium wp-image-20100\" src=\"https:\/\/i0.wp.com\/culturesco.com\/wp-content\/uploads\/2023\/07\/Philippe-Gonin.jpeg?resize=210%2C300&#038;ssl=1\" alt=\"Philippe Gonin - The Cure\" width=\"210\" height=\"300\" srcset=\"https:\/\/i0.wp.com\/culturesco.com\/wp-content\/uploads\/2023\/07\/Philippe-Gonin.jpeg?resize=210%2C300&amp;ssl=1 210w, https:\/\/i0.wp.com\/culturesco.com\/wp-content\/uploads\/2023\/07\/Philippe-Gonin.jpeg?resize=439%2C627&amp;ssl=1 439w, https:\/\/i0.wp.com\/culturesco.com\/wp-content\/uploads\/2023\/07\/Philippe-Gonin.jpeg?resize=768%2C1098&amp;ssl=1 768w, https:\/\/i0.wp.com\/culturesco.com\/wp-content\/uploads\/2023\/07\/Philippe-Gonin.jpeg?resize=1075%2C1536&amp;ssl=1 1075w, https:\/\/i0.wp.com\/culturesco.com\/wp-content\/uploads\/2023\/07\/Philippe-Gonin.jpeg?resize=1433%2C2048&amp;ssl=1 1433w, https:\/\/i0.wp.com\/culturesco.com\/wp-content\/uploads\/2023\/07\/Philippe-Gonin.jpeg?resize=696%2C995&amp;ssl=1 696w, https:\/\/i0.wp.com\/culturesco.com\/wp-content\/uploads\/2023\/07\/Philippe-Gonin.jpeg?resize=1068%2C1526&amp;ssl=1 1068w, https:\/\/i0.wp.com\/culturesco.com\/wp-content\/uploads\/2023\/07\/Philippe-Gonin.jpeg?resize=294%2C420&amp;ssl=1 294w, https:\/\/i0.wp.com\/culturesco.com\/wp-content\/uploads\/2023\/07\/Philippe-Gonin.jpeg?resize=600%2C858&amp;ssl=1 600w, https:\/\/i0.wp.com\/culturesco.com\/wp-content\/uploads\/2023\/07\/Philippe-Gonin.jpeg?resize=42%2C60&amp;ssl=1 42w, https:\/\/i0.wp.com\/culturesco.com\/wp-content\/uploads\/2023\/07\/Philippe-Gonin.jpeg?resize=63%2C90&amp;ssl=1 63w, https:\/\/i0.wp.com\/culturesco.com\/wp-content\/uploads\/2023\/07\/Philippe-Gonin.jpeg?w=420&amp;ssl=1 420w\" sizes=\"auto, (max-width: 210px) 100vw, 210px\" \/><figcaption id=\"caption-attachment-20100\" class=\"wp-caption-text\">Philippe Gonin &#8211; The Cure<\/figcaption><\/figure>\n<h3 style=\"text-align: justify;\">De la Folie \u00e0 la Gloire<\/h3>\n<p style=\"text-align: justify;\">Il y a parfois des moments intenses et forc\u00e9ment convaincants qui forment une osmose comme une parfaite d\u00e9gustation d&rsquo;un <em><strong>Corton Charlemagne<\/strong><\/em> ou d&rsquo;un <em><strong>Roman\u00e9e Conti<\/strong><\/em>. Parce que l&rsquo;\u00e9criture d&rsquo;un livre sur un des groupes les plus essentiels de ce quasi demi-si\u00e8cle dernier m\u00e9rite une belle descente de cave et donc une lecture attentive avec \u00e9ventuellement la musique en fond.<\/p>\n<p style=\"text-align: justify;\">En<strong> 1978<\/strong> qui aurait mis une pi\u00e8ce sur <strong>The Cure<\/strong> quand leur premier 45 tours sort, mettant en avant un titre que tout le monde croit provocateur parce qu&rsquo;il s&rsquo;appelle <em><strong>\u00ab\u00a0Killing an Arab\u00a0\u00bb\u00a0<\/strong><\/em>? Qui pouvait songer en pleine p\u00e9riode d&rsquo;after punk qu&rsquo;un post-ado anglais nomm\u00e9 <strong>Robert Smith<\/strong> s&rsquo;int\u00e9ressait \u00e0 <strong>Albert Camus<\/strong> et son livre <em><strong>\u00ab\u00a0L&rsquo;Etranger\u00a0\u00bb<\/strong><\/em>\u00a0?<\/p>\n<h3><em>The Cure &#8211; All Cats Are Grey (Live, Royal Albert Hall, 2011, with Lol Tolhurst)<\/em><\/h3>\n<div class=\"youtube-embed\" data-video_id=\"-j-7YxPt5ow\"><iframe loading=\"lazy\" title=\"The Cure - all cats are grey - Live @ London Royal Albert Hall 2011\" width=\"696\" height=\"392\" src=\"https:\/\/www.youtube.com\/embed\/-j-7YxPt5ow\" frameborder=\"0\" allow=\"accelerometer; autoplay; clipboard-write; encrypted-media; gyroscope; picture-in-picture; web-share\" referrerpolicy=\"strict-origin-when-cross-origin\" allowfullscreen><\/iframe><\/div>\n<p style=\"text-align: justify;\">Apr\u00e8s mille tours de passe passe, <strong>The Cure<\/strong> et son ma\u00eetre \u00e0 penser est toujours bel et bien pr\u00e9sent au sortir d&rsquo;une \u00e9ni\u00e8me tourn\u00e9e mondiale intitul\u00e9e, comme une chant du cygne peut-\u00eatre, sans doute m\u00eame, <em><strong>\u00ab\u00a0Songs of a Lost World\u00a0\u00bb<\/strong><\/em>, titre d&rsquo;un potentiel prochain album que tout le monde attend depuis&#8230; <strong>2008<\/strong>.<\/p>\n<h3><em>The Cure &#8211; Sinking (Live, 1986)<\/em><\/h3>\n<div class=\"youtube-embed\" data-video_id=\"ER6OuLM3vt8\"><iframe loading=\"lazy\" title=\"The Cure - Sinking (Rock am Ring N\u00fcrburg 1986)\" width=\"696\" height=\"522\" src=\"https:\/\/www.youtube.com\/embed\/ER6OuLM3vt8\" frameborder=\"0\" allow=\"accelerometer; autoplay; clipboard-write; encrypted-media; gyroscope; picture-in-picture; web-share\" referrerpolicy=\"strict-origin-when-cross-origin\" allowfullscreen><\/iframe><\/div>\n<p style=\"text-align: justify;\">Entre temps, le groupe et <strong>Robert Smith<\/strong> ont v\u00e9cu des ann\u00e9es \u00e9piques, tourment\u00e9es \u00e0 l&rsquo;instar de la p\u00e9riode qui court jusqu&rsquo;\u00e0 <strong>fin 1982<\/strong> et son indiscutable et inoubliable chef-d&rsquo;oeuvre <em><strong>Pornography<\/strong><\/em> (la fameuse trilogie), de la <strong>p\u00e9riode pop l\u00e9g\u00e8re<\/strong> mais sans jamais se renier qui s&rsquo;ensuit, de l&rsquo;immense <strong>Curemania<\/strong> pendant une dizaine d&rsquo;ann\u00e9es entre <strong>1983 et 1993<\/strong>, de l&rsquo;h\u00e9sitation sur les sentiers de la gloire construits entre albums alternant <strong>le c\u00f4t\u00e9 clair et sombre comme un Dr Jekyll et Mr Hyde<\/strong> de la fin et du nouveau si\u00e8cle. Il suffit d&rsquo;\u00e9couter <strong>les cinq nouveaux titres jou\u00e9s live<\/strong> au cours de la derni\u00e8re tourn\u00e9e qui, logiquement,<strong> doivent figurer sur cet album fant\u00f4me<\/strong> pour l&rsquo;instant.`<\/p>\n<h3><em>The Cure &#8211; Disintegration (Live, 1990)<\/em><\/h3>\n<div class=\"youtube-embed\" data-video_id=\"kwaUxzeRENk\"><iframe loading=\"lazy\" title=\"The Cure - Disintegration (Live 1990)\" width=\"696\" height=\"392\" src=\"https:\/\/www.youtube.com\/embed\/kwaUxzeRENk\" frameborder=\"0\" allow=\"accelerometer; autoplay; clipboard-write; encrypted-media; gyroscope; picture-in-picture; web-share\" referrerpolicy=\"strict-origin-when-cross-origin\" allowfullscreen><\/iframe><\/div>\n<p style=\"text-align: justify;\"><strong>Philippe Gonin<\/strong>, qui conna\u00eet le groupe par c\u0153ur et a d\u00e9j\u00e0 publi\u00e9 pas mal d&rsquo;ouvrages sur leur cas, comme il s&rsquo;est attaqu\u00e9 pr\u00e9c\u00e9demment aux <a href=\"https:\/\/fr.wikipedia.org\/wiki\/Pink_Floyd\" target=\"_blank\" rel=\"noopener\"><strong>Pink Floyd<\/strong><\/a> (si, si, il existe une relation entre les deux groupes, cherchez bien, c&rsquo;est facile \u00e0 trouver). Il d\u00e9cortique soigneusement, avec avidit\u00e9, l&rsquo;histoire et ses multiples anecdotes du <a href=\"https:\/\/culturesco.com\/index.php\/2022\/06\/21\/the-cure-faith\/\" target=\"_blank\" rel=\"noopener\"><em><strong>Rem\u00e8de<\/strong><\/em> <\/a>\u00e0 prendre et surtout \u00e0 \u00e9couter pour r\u00e9soudre tous vos maux. Rien n&rsquo;est oubli\u00e9, de <strong>Malice<\/strong>, le premier nom, jusqu&rsquo;\u00e0 <strong>f\u00e9vrier 2023.<\/strong><\/p>\n<p style=\"text-align: justify;\">Bref, inutile de rajouter que ce livre est absolument indispensable m\u00eame si les puristes sauront \u00eatre taquins, parfois \u00e0 tort, mais c&rsquo;est le tort justement de ne plus \u00eatre objectif. A ben si, finalement c&rsquo;est dit.<\/p>\n<h3><em>The Cure &#8211; Endsong (Paris, 2022) &#8211; In\u00e9dit<\/em><\/h3>\n<div class=\"youtube-embed\" data-video_id=\"a7DEaiSw2qM\"><iframe loading=\"lazy\" title=\"The CuRE - EndSong - Paris Bercy - 28.11.2022\" width=\"696\" height=\"392\" src=\"https:\/\/www.youtube.com\/embed\/a7DEaiSw2qM\" frameborder=\"0\" allow=\"accelerometer; autoplay; clipboard-write; encrypted-media; gyroscope; picture-in-picture; web-share\" referrerpolicy=\"strict-origin-when-cross-origin\" allowfullscreen><\/iframe><\/div>\n<p style=\"text-align: justify;\"><strong>Philippe Gonin \u2013 The Cure<\/strong><\/p>\n<p style=\"text-align: justify;\">Le Mot Et Le Reste \u2013 285 pages \u2013 23\u20ac<\/p>\n<p style=\"text-align: justify;\"><strong>Patrick B\u00e9nard<\/strong><\/p>\n<p><em>P.S.: les trois premiers titres sont issus de la playlist du livre de<strong> Philippe Gonin<\/strong>. Le dernier illustre ce qui pourrait \u00eatre un beau chant du du cygne du groupe.<\/em><\/p>\n","protected":false},"excerpt":{"rendered":"<p>De Malice \u00e0 The Cure De la Folie \u00e0 la Gloire Il y a parfois des moments intenses et forc\u00e9ment convaincants qui forment une osmose comme une parfaite d\u00e9gustation d&rsquo;un Corton Charlemagne ou d&rsquo;un Roman\u00e9e Conti. Parce que l&rsquo;\u00e9criture d&rsquo;un livre sur un des groupes les plus essentiels de ce quasi demi-si\u00e8cle dernier m\u00e9rite une [&hellip;]<\/p>\n","protected":false},"author":4,"featured_media":20100,"comment_status":"open","ping_status":"open","sticky":false,"template":"","format":"image","meta":{"jetpack_post_was_ever_published":false,"tdm_status":"","tdm_grid_status":"","_jetpack_newsletter_access":"","_jetpack_dont_email_post_to_subs":false,"_jetpack_newsletter_tier_id":0,"_jetpack_memberships_contains_paywalled_content":false,"_jetpack_memberships_contains_paid_content":false,"footnotes":""},"categories":[27,66],"tags":[42,20,12188,48,12296,82],"class_list":{"0":"post-20099","1":"post","2":"type-post","3":"status-publish","4":"format-image","5":"has-post-thumbnail","7":"category-litterature","8":"category-livre-rock","9":"tag-litterature","10":"tag-livre-rock","11":"tag-new-wave","12":"tag-personnalite-rock","13":"tag-pop-rock","14":"tag-the-cure","15":"post_format-post-format-image"},"yoast_head":"<!-- This site is optimized with the Yoast SEO plugin v27.5 - https:\/\/yoast.com\/product\/yoast-seo-wordpress\/ -->\n<title>The Cure de Philippe Gonin - Culturesco<\/title>\n<meta name=\"description\" content=\"CulturesCo | The Cure de Philippe Gonin, un livre consacr\u00e9 a l&#039;histoire du groupe de Robert Smith de 1976 \u00e0 2023 Editions Le mot et le reste\" \/>\n<meta name=\"robots\" content=\"index, follow, max-snippet:-1, max-image-preview:large, max-video-preview:-1\" \/>\n<link rel=\"canonical\" href=\"https:\/\/culturesco.com\/index.php\/2023\/07\/11\/the-cure-de-philippe-gonin\/\" \/>\n<meta property=\"og:locale\" content=\"fr_FR\" \/>\n<meta property=\"og:type\" content=\"article\" \/>\n<meta property=\"og:title\" content=\"The Cure de Philippe Gonin - Culturesco\" \/>\n<meta property=\"og:description\" content=\"CulturesCo | The Cure de Philippe Gonin, un livre consacr\u00e9 a l&#039;histoire du groupe de Robert Smith de 1976 \u00e0 2023 Editions Le mot et le reste\" \/>\n<meta property=\"og:url\" content=\"https:\/\/culturesco.com\/index.php\/2023\/07\/11\/the-cure-de-philippe-gonin\/\" \/>\n<meta property=\"og:site_name\" content=\"Culturesco\" \/>\n<meta property=\"article:publisher\" content=\"https:\/\/www.facebook.com\/radioculturesco\" \/>\n<meta property=\"article:published_time\" content=\"2023-07-11T00:43:08+00:00\" \/>\n<meta property=\"article:modified_time\" content=\"2023-07-11T13:21:23+00:00\" \/>\n<meta property=\"og:image\" content=\"https:\/\/culturesco.com\/wp-content\/uploads\/2023\/07\/Philippe-Gonin-439x627.jpeg\" \/>\n\t<meta property=\"og:image:width\" content=\"439\" \/>\n\t<meta property=\"og:image:height\" content=\"627\" \/>\n\t<meta property=\"og:image:type\" content=\"image\/jpeg\" \/>\n<meta name=\"author\" content=\"Patrick Benard\" \/>\n<meta name=\"twitter:card\" content=\"summary_large_image\" \/>\n<meta name=\"twitter:creator\" content=\"@AugusteMarshal\" \/>\n<meta name=\"twitter:site\" content=\"@AugusteMarshal\" \/>\n<meta name=\"twitter:label1\" content=\"\u00c9crit par\" \/>\n\t<meta name=\"twitter:data1\" content=\"Patrick Benard\" \/>\n\t<meta name=\"twitter:label2\" content=\"Dur\u00e9e de lecture estim\u00e9e\" \/>\n\t<meta name=\"twitter:data2\" content=\"3 minutes\" \/>\n<script type=\"application\/ld+json\" class=\"yoast-schema-graph\">{\"@context\":\"https:\\\/\\\/schema.org\",\"@graph\":[{\"@type\":\"Article\",\"@id\":\"https:\\\/\\\/culturesco.com\\\/index.php\\\/2023\\\/07\\\/11\\\/the-cure-de-philippe-gonin\\\/#article\",\"isPartOf\":{\"@id\":\"https:\\\/\\\/culturesco.com\\\/index.php\\\/2023\\\/07\\\/11\\\/the-cure-de-philippe-gonin\\\/\"},\"author\":{\"name\":\"Patrick Benard\",\"@id\":\"https:\\\/\\\/culturesco.com\\\/#\\\/schema\\\/person\\\/c2ddd6724863f3bbd20a8278df0891f3\"},\"headline\":\"The Cure de Philippe Gonin\",\"datePublished\":\"2023-07-11T00:43:08+00:00\",\"dateModified\":\"2023-07-11T13:21:23+00:00\",\"mainEntityOfPage\":{\"@id\":\"https:\\\/\\\/culturesco.com\\\/index.php\\\/2023\\\/07\\\/11\\\/the-cure-de-philippe-gonin\\\/\"},\"wordCount\":580,\"commentCount\":0,\"publisher\":{\"@id\":\"https:\\\/\\\/culturesco.com\\\/#organization\"},\"image\":{\"@id\":\"https:\\\/\\\/culturesco.com\\\/index.php\\\/2023\\\/07\\\/11\\\/the-cure-de-philippe-gonin\\\/#primaryimage\"},\"thumbnailUrl\":\"https:\\\/\\\/i0.wp.com\\\/culturesco.com\\\/wp-content\\\/uploads\\\/2023\\\/07\\\/Philippe-Gonin.jpeg?fit=420%2C600&ssl=1\",\"keywords\":[\"litt\u00e9rature\",\"Livre Rock\",\"New Wave\",\"Personnalit\u00e9 Rock\",\"pop rock\",\"The Cure\"],\"articleSection\":[\"Litt\u00e9rature\",\"Livre Rock\"],\"inLanguage\":\"fr-FR\",\"potentialAction\":[{\"@type\":\"CommentAction\",\"name\":\"Comment\",\"target\":[\"https:\\\/\\\/culturesco.com\\\/index.php\\\/2023\\\/07\\\/11\\\/the-cure-de-philippe-gonin\\\/#respond\"]}]},{\"@type\":\"WebPage\",\"@id\":\"https:\\\/\\\/culturesco.com\\\/index.php\\\/2023\\\/07\\\/11\\\/the-cure-de-philippe-gonin\\\/\",\"url\":\"https:\\\/\\\/culturesco.com\\\/index.php\\\/2023\\\/07\\\/11\\\/the-cure-de-philippe-gonin\\\/\",\"name\":\"The Cure de Philippe Gonin - Culturesco\",\"isPartOf\":{\"@id\":\"https:\\\/\\\/culturesco.com\\\/#website\"},\"primaryImageOfPage\":{\"@id\":\"https:\\\/\\\/culturesco.com\\\/index.php\\\/2023\\\/07\\\/11\\\/the-cure-de-philippe-gonin\\\/#primaryimage\"},\"image\":{\"@id\":\"https:\\\/\\\/culturesco.com\\\/index.php\\\/2023\\\/07\\\/11\\\/the-cure-de-philippe-gonin\\\/#primaryimage\"},\"thumbnailUrl\":\"https:\\\/\\\/i0.wp.com\\\/culturesco.com\\\/wp-content\\\/uploads\\\/2023\\\/07\\\/Philippe-Gonin.jpeg?fit=420%2C600&ssl=1\",\"datePublished\":\"2023-07-11T00:43:08+00:00\",\"dateModified\":\"2023-07-11T13:21:23+00:00\",\"description\":\"CulturesCo | The Cure de Philippe Gonin, un livre consacr\u00e9 a l'histoire du groupe de Robert Smith de 1976 \u00e0 2023 Editions Le mot et le reste\",\"breadcrumb\":{\"@id\":\"https:\\\/\\\/culturesco.com\\\/index.php\\\/2023\\\/07\\\/11\\\/the-cure-de-philippe-gonin\\\/#breadcrumb\"},\"inLanguage\":\"fr-FR\",\"potentialAction\":[{\"@type\":\"ReadAction\",\"target\":[\"https:\\\/\\\/culturesco.com\\\/index.php\\\/2023\\\/07\\\/11\\\/the-cure-de-philippe-gonin\\\/\"]}]},{\"@type\":\"ImageObject\",\"inLanguage\":\"fr-FR\",\"@id\":\"https:\\\/\\\/culturesco.com\\\/index.php\\\/2023\\\/07\\\/11\\\/the-cure-de-philippe-gonin\\\/#primaryimage\",\"url\":\"https:\\\/\\\/i0.wp.com\\\/culturesco.com\\\/wp-content\\\/uploads\\\/2023\\\/07\\\/Philippe-Gonin.jpeg?fit=420%2C600&ssl=1\",\"contentUrl\":\"https:\\\/\\\/i0.wp.com\\\/culturesco.com\\\/wp-content\\\/uploads\\\/2023\\\/07\\\/Philippe-Gonin.jpeg?fit=420%2C600&ssl=1\",\"width\":420,\"height\":600,\"caption\":\"Philippe Gonin - The Cure\"},{\"@type\":\"BreadcrumbList\",\"@id\":\"https:\\\/\\\/culturesco.com\\\/index.php\\\/2023\\\/07\\\/11\\\/the-cure-de-philippe-gonin\\\/#breadcrumb\",\"itemListElement\":[{\"@type\":\"ListItem\",\"position\":1,\"name\":\"Accueil\",\"item\":\"https:\\\/\\\/culturesco.com\\\/\"},{\"@type\":\"ListItem\",\"position\":2,\"name\":\"The Cure de Philippe Gonin\"}]},{\"@type\":\"WebSite\",\"@id\":\"https:\\\/\\\/culturesco.com\\\/#website\",\"url\":\"https:\\\/\\\/culturesco.com\\\/\",\"name\":\"Culturesco\",\"description\":\"Culturesco | Un bon coup de pied dans ta Culture\",\"publisher\":{\"@id\":\"https:\\\/\\\/culturesco.com\\\/#organization\"},\"potentialAction\":[{\"@type\":\"SearchAction\",\"target\":{\"@type\":\"EntryPoint\",\"urlTemplate\":\"https:\\\/\\\/culturesco.com\\\/?s={search_term_string}\"},\"query-input\":{\"@type\":\"PropertyValueSpecification\",\"valueRequired\":true,\"valueName\":\"search_term_string\"}}],\"inLanguage\":\"fr-FR\"},{\"@type\":\"Organization\",\"@id\":\"https:\\\/\\\/culturesco.com\\\/#organization\",\"name\":\"CULTURESCO\",\"url\":\"https:\\\/\\\/culturesco.com\\\/\",\"logo\":{\"@type\":\"ImageObject\",\"inLanguage\":\"fr-FR\",\"@id\":\"https:\\\/\\\/culturesco.com\\\/#\\\/schema\\\/logo\\\/image\\\/\",\"url\":\"https:\\\/\\\/i0.wp.com\\\/culturesco.com\\\/wp-content\\\/uploads\\\/2022\\\/04\\\/culturesco-logo-blanc250p.png?fit=250%2C250&ssl=1\",\"contentUrl\":\"https:\\\/\\\/i0.wp.com\\\/culturesco.com\\\/wp-content\\\/uploads\\\/2022\\\/04\\\/culturesco-logo-blanc250p.png?fit=250%2C250&ssl=1\",\"width\":250,\"height\":250,\"caption\":\"CULTURESCO\"},\"image\":{\"@id\":\"https:\\\/\\\/culturesco.com\\\/#\\\/schema\\\/logo\\\/image\\\/\"},\"sameAs\":[\"https:\\\/\\\/www.facebook.com\\\/radioculturesco\",\"https:\\\/\\\/x.com\\\/AugusteMarshal\",\"https:\\\/\\\/www.instagram.com\\\/carotte_rock_culture\\\/\",\"https:\\\/\\\/www.pinterest.fr\\\/augustemarshal\\\/\",\"https:\\\/\\\/www.youtube.com\\\/channel\\\/UCiWLGffqWSXlNnfzp6YwwyQ\"]},{\"@type\":\"Person\",\"@id\":\"https:\\\/\\\/culturesco.com\\\/#\\\/schema\\\/person\\\/c2ddd6724863f3bbd20a8278df0891f3\",\"name\":\"Patrick Benard\",\"image\":{\"@type\":\"ImageObject\",\"inLanguage\":\"fr-FR\",\"@id\":\"https:\\\/\\\/i0.wp.com\\\/culturesco.com\\\/wp-content\\\/uploads\\\/2019\\\/02\\\/patrick-benard-2.jpg?fit=90%2C96&ssl=1\",\"url\":\"https:\\\/\\\/i0.wp.com\\\/culturesco.com\\\/wp-content\\\/uploads\\\/2019\\\/02\\\/patrick-benard-2.jpg?fit=90%2C96&ssl=1\",\"contentUrl\":\"https:\\\/\\\/i0.wp.com\\\/culturesco.com\\\/wp-content\\\/uploads\\\/2019\\\/02\\\/patrick-benard-2.jpg?fit=90%2C96&ssl=1\",\"caption\":\"Patrick Benard\"},\"description\":\"Ecrivain, chroniqueur, animateur radio, cr\u00e9ateur de la revue \u00ab Cin\u00e9manie \u00bb, autour du cin\u00e9ma dit d\u2019art et d\u2019essai, sp\u00e9cialiste du groupe The Cure, archiviste... 2020 : \\\"Le Post Rock\\\" essai sur le post rock de Mogwa\u00ef \u00e0 Godspeed You Black Emperor - Camion Blanc 2014 : \u00ab On the rocks \u2013le rock de 2007 \u00e0 2014 \u00bb chroniques livres et cd rocks, interviews \u2013Editions Vaillant 2010 : \u00ab Dans la T\u00eate de Robert Smith \u00bb, roman fiction autour de l\u2019histoire des Cure et de Robert Smith \u2013 Edilivres 2007 : \u00ab Chroniques Fr\u00e9n\u00e9tiques, une histoire intime du rock \u00bb, roman, prix Technikart. 2001 : \u00ab Les Iles du D\u00e9sert \u00bb, polar autour du rock \u2013 Editions Nykta\",\"url\":\"https:\\\/\\\/culturesco.com\\\/index.php\\\/author\\\/patrick-benard89\\\/\"}]}<\/script>\n<!-- \/ Yoast SEO plugin. -->","yoast_head_json":{"title":"The Cure de Philippe Gonin - Culturesco","description":"CulturesCo | The Cure de Philippe Gonin, un livre consacr\u00e9 a l'histoire du groupe de Robert Smith de 1976 \u00e0 2023 Editions Le mot et le reste","robots":{"index":"index","follow":"follow","max-snippet":"max-snippet:-1","max-image-preview":"max-image-preview:large","max-video-preview":"max-video-preview:-1"},"canonical":"https:\/\/culturesco.com\/index.php\/2023\/07\/11\/the-cure-de-philippe-gonin\/","og_locale":"fr_FR","og_type":"article","og_title":"The Cure de Philippe Gonin - Culturesco","og_description":"CulturesCo | The Cure de Philippe Gonin, un livre consacr\u00e9 a l'histoire du groupe de Robert Smith de 1976 \u00e0 2023 Editions Le mot et le reste","og_url":"https:\/\/culturesco.com\/index.php\/2023\/07\/11\/the-cure-de-philippe-gonin\/","og_site_name":"Culturesco","article_publisher":"https:\/\/www.facebook.com\/radioculturesco","article_published_time":"2023-07-11T00:43:08+00:00","article_modified_time":"2023-07-11T13:21:23+00:00","og_image":[{"width":439,"height":627,"url":"https:\/\/culturesco.com\/wp-content\/uploads\/2023\/07\/Philippe-Gonin-439x627.jpeg","type":"image\/jpeg"}],"author":"Patrick Benard","twitter_card":"summary_large_image","twitter_creator":"@AugusteMarshal","twitter_site":"@AugusteMarshal","twitter_misc":{"\u00c9crit par":"Patrick Benard","Dur\u00e9e de lecture estim\u00e9e":"3 minutes"},"schema":{"@context":"https:\/\/schema.org","@graph":[{"@type":"Article","@id":"https:\/\/culturesco.com\/index.php\/2023\/07\/11\/the-cure-de-philippe-gonin\/#article","isPartOf":{"@id":"https:\/\/culturesco.com\/index.php\/2023\/07\/11\/the-cure-de-philippe-gonin\/"},"author":{"name":"Patrick Benard","@id":"https:\/\/culturesco.com\/#\/schema\/person\/c2ddd6724863f3bbd20a8278df0891f3"},"headline":"The Cure de Philippe Gonin","datePublished":"2023-07-11T00:43:08+00:00","dateModified":"2023-07-11T13:21:23+00:00","mainEntityOfPage":{"@id":"https:\/\/culturesco.com\/index.php\/2023\/07\/11\/the-cure-de-philippe-gonin\/"},"wordCount":580,"commentCount":0,"publisher":{"@id":"https:\/\/culturesco.com\/#organization"},"image":{"@id":"https:\/\/culturesco.com\/index.php\/2023\/07\/11\/the-cure-de-philippe-gonin\/#primaryimage"},"thumbnailUrl":"https:\/\/i0.wp.com\/culturesco.com\/wp-content\/uploads\/2023\/07\/Philippe-Gonin.jpeg?fit=420%2C600&ssl=1","keywords":["litt\u00e9rature","Livre Rock","New Wave","Personnalit\u00e9 Rock","pop rock","The Cure"],"articleSection":["Litt\u00e9rature","Livre Rock"],"inLanguage":"fr-FR","potentialAction":[{"@type":"CommentAction","name":"Comment","target":["https:\/\/culturesco.com\/index.php\/2023\/07\/11\/the-cure-de-philippe-gonin\/#respond"]}]},{"@type":"WebPage","@id":"https:\/\/culturesco.com\/index.php\/2023\/07\/11\/the-cure-de-philippe-gonin\/","url":"https:\/\/culturesco.com\/index.php\/2023\/07\/11\/the-cure-de-philippe-gonin\/","name":"The Cure de Philippe Gonin - Culturesco","isPartOf":{"@id":"https:\/\/culturesco.com\/#website"},"primaryImageOfPage":{"@id":"https:\/\/culturesco.com\/index.php\/2023\/07\/11\/the-cure-de-philippe-gonin\/#primaryimage"},"image":{"@id":"https:\/\/culturesco.com\/index.php\/2023\/07\/11\/the-cure-de-philippe-gonin\/#primaryimage"},"thumbnailUrl":"https:\/\/i0.wp.com\/culturesco.com\/wp-content\/uploads\/2023\/07\/Philippe-Gonin.jpeg?fit=420%2C600&ssl=1","datePublished":"2023-07-11T00:43:08+00:00","dateModified":"2023-07-11T13:21:23+00:00","description":"CulturesCo | The Cure de Philippe Gonin, un livre consacr\u00e9 a l'histoire du groupe de Robert Smith de 1976 \u00e0 2023 Editions Le mot et le reste","breadcrumb":{"@id":"https:\/\/culturesco.com\/index.php\/2023\/07\/11\/the-cure-de-philippe-gonin\/#breadcrumb"},"inLanguage":"fr-FR","potentialAction":[{"@type":"ReadAction","target":["https:\/\/culturesco.com\/index.php\/2023\/07\/11\/the-cure-de-philippe-gonin\/"]}]},{"@type":"ImageObject","inLanguage":"fr-FR","@id":"https:\/\/culturesco.com\/index.php\/2023\/07\/11\/the-cure-de-philippe-gonin\/#primaryimage","url":"https:\/\/i0.wp.com\/culturesco.com\/wp-content\/uploads\/2023\/07\/Philippe-Gonin.jpeg?fit=420%2C600&ssl=1","contentUrl":"https:\/\/i0.wp.com\/culturesco.com\/wp-content\/uploads\/2023\/07\/Philippe-Gonin.jpeg?fit=420%2C600&ssl=1","width":420,"height":600,"caption":"Philippe Gonin - The Cure"},{"@type":"BreadcrumbList","@id":"https:\/\/culturesco.com\/index.php\/2023\/07\/11\/the-cure-de-philippe-gonin\/#breadcrumb","itemListElement":[{"@type":"ListItem","position":1,"name":"Accueil","item":"https:\/\/culturesco.com\/"},{"@type":"ListItem","position":2,"name":"The Cure de Philippe Gonin"}]},{"@type":"WebSite","@id":"https:\/\/culturesco.com\/#website","url":"https:\/\/culturesco.com\/","name":"Culturesco","description":"Culturesco | Un bon coup de pied dans ta Culture","publisher":{"@id":"https:\/\/culturesco.com\/#organization"},"potentialAction":[{"@type":"SearchAction","target":{"@type":"EntryPoint","urlTemplate":"https:\/\/culturesco.com\/?s={search_term_string}"},"query-input":{"@type":"PropertyValueSpecification","valueRequired":true,"valueName":"search_term_string"}}],"inLanguage":"fr-FR"},{"@type":"Organization","@id":"https:\/\/culturesco.com\/#organization","name":"CULTURESCO","url":"https:\/\/culturesco.com\/","logo":{"@type":"ImageObject","inLanguage":"fr-FR","@id":"https:\/\/culturesco.com\/#\/schema\/logo\/image\/","url":"https:\/\/i0.wp.com\/culturesco.com\/wp-content\/uploads\/2022\/04\/culturesco-logo-blanc250p.png?fit=250%2C250&ssl=1","contentUrl":"https:\/\/i0.wp.com\/culturesco.com\/wp-content\/uploads\/2022\/04\/culturesco-logo-blanc250p.png?fit=250%2C250&ssl=1","width":250,"height":250,"caption":"CULTURESCO"},"image":{"@id":"https:\/\/culturesco.com\/#\/schema\/logo\/image\/"},"sameAs":["https:\/\/www.facebook.com\/radioculturesco","https:\/\/x.com\/AugusteMarshal","https:\/\/www.instagram.com\/carotte_rock_culture\/","https:\/\/www.pinterest.fr\/augustemarshal\/","https:\/\/www.youtube.com\/channel\/UCiWLGffqWSXlNnfzp6YwwyQ"]},{"@type":"Person","@id":"https:\/\/culturesco.com\/#\/schema\/person\/c2ddd6724863f3bbd20a8278df0891f3","name":"Patrick Benard","image":{"@type":"ImageObject","inLanguage":"fr-FR","@id":"https:\/\/i0.wp.com\/culturesco.com\/wp-content\/uploads\/2019\/02\/patrick-benard-2.jpg?fit=90%2C96&ssl=1","url":"https:\/\/i0.wp.com\/culturesco.com\/wp-content\/uploads\/2019\/02\/patrick-benard-2.jpg?fit=90%2C96&ssl=1","contentUrl":"https:\/\/i0.wp.com\/culturesco.com\/wp-content\/uploads\/2019\/02\/patrick-benard-2.jpg?fit=90%2C96&ssl=1","caption":"Patrick Benard"},"description":"Ecrivain, chroniqueur, animateur radio, cr\u00e9ateur de la revue \u00ab Cin\u00e9manie \u00bb, autour du cin\u00e9ma dit d\u2019art et d\u2019essai, sp\u00e9cialiste du groupe The Cure, archiviste... 2020 : \"Le Post Rock\" essai sur le post rock de Mogwa\u00ef \u00e0 Godspeed You Black Emperor - Camion Blanc 2014 : \u00ab On the rocks \u2013le rock de 2007 \u00e0 2014 \u00bb chroniques livres et cd rocks, interviews \u2013Editions Vaillant 2010 : \u00ab Dans la T\u00eate de Robert Smith \u00bb, roman fiction autour de l\u2019histoire des Cure et de Robert Smith \u2013 Edilivres 2007 : \u00ab Chroniques Fr\u00e9n\u00e9tiques, une histoire intime du rock \u00bb, roman, prix Technikart. 2001 : \u00ab Les Iles du D\u00e9sert \u00bb, polar autour du rock \u2013 Editions Nykta","url":"https:\/\/culturesco.com\/index.php\/author\/patrick-benard89\/"}]}},"jetpack_featured_media_url":"https:\/\/i0.wp.com\/culturesco.com\/wp-content\/uploads\/2023\/07\/Philippe-Gonin.jpeg?fit=420%2C600&ssl=1","jetpack_likes_enabled":true,"jetpack_sharing_enabled":true,"jetpack_shortlink":"https:\/\/wp.me\/paz89I-5eb","_links":{"self":[{"href":"https:\/\/culturesco.com\/index.php\/wp-json\/wp\/v2\/posts\/20099","targetHints":{"allow":["GET"]}}],"collection":[{"href":"https:\/\/culturesco.com\/index.php\/wp-json\/wp\/v2\/posts"}],"about":[{"href":"https:\/\/culturesco.com\/index.php\/wp-json\/wp\/v2\/types\/post"}],"author":[{"embeddable":true,"href":"https:\/\/culturesco.com\/index.php\/wp-json\/wp\/v2\/users\/4"}],"replies":[{"embeddable":true,"href":"https:\/\/culturesco.com\/index.php\/wp-json\/wp\/v2\/comments?post=20099"}],"version-history":[{"count":0,"href":"https:\/\/culturesco.com\/index.php\/wp-json\/wp\/v2\/posts\/20099\/revisions"}],"wp:featuredmedia":[{"embeddable":true,"href":"https:\/\/culturesco.com\/index.php\/wp-json\/wp\/v2\/media\/20100"}],"wp:attachment":[{"href":"https:\/\/culturesco.com\/index.php\/wp-json\/wp\/v2\/media?parent=20099"}],"wp:term":[{"taxonomy":"category","embeddable":true,"href":"https:\/\/culturesco.com\/index.php\/wp-json\/wp\/v2\/categories?post=20099"},{"taxonomy":"post_tag","embeddable":true,"href":"https:\/\/culturesco.com\/index.php\/wp-json\/wp\/v2\/tags?post=20099"}],"curies":[{"name":"wp","href":"https:\/\/api.w.org\/{rel}","templated":true}]}}