{"id":19918,"date":"2023-06-11T11:35:36","date_gmt":"2023-06-11T09:35:36","guid":{"rendered":"https:\/\/culturesco.com\/?p=19918"},"modified":"2023-12-08T11:34:09","modified_gmt":"2023-12-08T10:34:09","slug":"les-songes-miniatures-de-gilbert-garcin","status":"publish","type":"post","link":"https:\/\/culturesco.com\/index.php\/2023\/06\/11\/les-songes-miniatures-de-gilbert-garcin\/","title":{"rendered":"Les songes miniatures de Gilbert Garcin"},"content":{"rendered":"<h2 style=\"text-align: center;\">Les songes miniatures de Gilbert Garcin<\/h2>\n<p><img data-recalc-dims=\"1\" loading=\"lazy\" decoding=\"async\" class=\" wp-image-19926 aligncenter\" src=\"https:\/\/i0.wp.com\/culturesco.com\/wp-content\/uploads\/2023\/06\/Gilbert_Garcin_prison.jpg?resize=401%2C269&#038;ssl=1\" alt=\"Gilbert Garcin\" width=\"401\" height=\"269\" srcset=\"https:\/\/i0.wp.com\/culturesco.com\/wp-content\/uploads\/2023\/06\/Gilbert_Garcin_prison.jpg?resize=300%2C201&amp;ssl=1 300w, https:\/\/i0.wp.com\/culturesco.com\/wp-content\/uploads\/2023\/06\/Gilbert_Garcin_prison.jpg?resize=89%2C60&amp;ssl=1 89w, https:\/\/i0.wp.com\/culturesco.com\/wp-content\/uploads\/2023\/06\/Gilbert_Garcin_prison.jpg?resize=134%2C90&amp;ssl=1 134w, https:\/\/i0.wp.com\/culturesco.com\/wp-content\/uploads\/2023\/06\/Gilbert_Garcin_prison.jpg?w=499&amp;ssl=1 499w\" sizes=\"auto, (max-width: 401px) 100vw, 401px\" \/><\/p>\n<h3 style=\"text-align: justify;\">L&rsquo;homme avance lentement, t\u00eate nue,&#8230;<\/h3>\n<p style=\"text-align: justify;\">&#8230; V\u00eatu d\u2019un grand manteau noir qui lui donne des allures de croque-mort. Le ciel est sombre, charg\u00e9 de gros nuages lourds qui roulent au-dessus d\u2019un paysage \u00e9trange, en noir et blanc, qui semble changer \u00e0 tout moment. Ici des pissenlits g\u00e9ants qui attendent une tornade pour souffler leur duvet. L\u00e0 des grands rubans de papier qui se perdent dans le lointain. Au loin un personnage, couvert d\u2019un m\u00eame paletot sombre, vole dans le ciel bas, des ailes de chauve-souris accroch\u00e9es aux \u00e9paules. Des horloges le poursuivent. Et puis plus loin encore ce sont d\u2019\u00e9normes boulets m\u00e9talliques qui roulent sur l\u2019horizon, mena\u00e7ants. Il ne sait pas ce qu\u2019il fait l\u00e0 ni comment il est arriv\u00e9.<\/p>\n<h3 style=\"text-align: justify;\">Mais il n\u2019a pas peur&#8230;<\/h3>\n<p style=\"text-align: justify;\">&#8230; Dans le d\u00e9cor toujours mouvant une silhouette appara\u00eet, minuscule. Elle se rapproche. Une femme. Elle aussi habill\u00e9e d\u2019un manteau sobre. Elle est maintenant suffisamment proche pour que son visage se pr\u00e9cise. Il la reconna\u00eet. Il la conna\u00eet bien. C\u2019est sa femme. Elle non plus ne semble pas effray\u00e9e. Elle sourit et continue sa route aux c\u00f4t\u00e9s de son mari. Et puis soudain les nuages se d\u00e9chirent, laissant surgir une main gigantesque, tellement vaste qu\u2019elle remplit le ciel. La main tient une feuille de papier aux proportions \u00e9galement inimaginables\u2026<br \/>\n\u2014 Monsieur Garcin ?<br \/>\n\u2014 \u2026<br \/>\n\u2014 Monsieur Garcin ?<br \/>\n\u2014 \u2026 Euh oui ?<br \/>\n\u2014 Excusez moi mais c\u2019est pour signer la facture pour la commande d\u2019abat-jours\u2026<br \/>\n\u2014 Ah oui\u2026 Excusez moi j\u2019avais l\u2019esprit ailleurs\u2026 Tr\u00e8s bien\u2026 Posez la ici je m\u2019en occupe\u2026 Merci Suzanne\u2026<br \/>\nLa secr\u00e9taire \u00e9carte la feuille de papier qu\u2019elle agitait sous le nez de son patron, la d\u00e9pose sur le bureau et s\u2019\u00e9clipse par la porte vitr\u00e9e.<br \/>\nMonsieur Garcin prend le document, le signe avec un l\u00e9ger soupir. Il se l\u00e8ve de son fauteuil. Va \u00e0 la fen\u00eatre. \u00ab\u00a0Tiens, le temps s\u2019est couvert\u00a0\u00bb se dit-il en voyant de gros nuages lourds emplir l\u2019horizon, j\u2019ai bien fait de mettre mon grand manteau ce matin.<br \/>\nEt monsieur Garcin se plonge dans ses pens\u00e9es.<br \/>\nL\u2019esprit ailleurs\u2026<\/p>\n<figure id=\"attachment_19940\" aria-describedby=\"caption-attachment-19940\" style=\"width: 346px\" class=\"wp-caption aligncenter\"><img data-recalc-dims=\"1\" loading=\"lazy\" decoding=\"async\" class=\" wp-image-19940\" src=\"https:\/\/i0.wp.com\/culturesco.com\/wp-content\/uploads\/2023\/06\/a74628c7e47bd1ba2b190f0feabc072b.jpg?resize=346%2C405&#038;ssl=1\" alt=\"Gilbert Garcin Lorsque le vent viendra\" width=\"346\" height=\"405\" srcset=\"https:\/\/i0.wp.com\/culturesco.com\/wp-content\/uploads\/2023\/06\/a74628c7e47bd1ba2b190f0feabc072b.jpg?resize=256%2C300&amp;ssl=1 256w, https:\/\/i0.wp.com\/culturesco.com\/wp-content\/uploads\/2023\/06\/a74628c7e47bd1ba2b190f0feabc072b.jpg?resize=358%2C420&amp;ssl=1 358w, https:\/\/i0.wp.com\/culturesco.com\/wp-content\/uploads\/2023\/06\/a74628c7e47bd1ba2b190f0feabc072b.jpg?resize=51%2C60&amp;ssl=1 51w, https:\/\/i0.wp.com\/culturesco.com\/wp-content\/uploads\/2023\/06\/a74628c7e47bd1ba2b190f0feabc072b.jpg?resize=77%2C90&amp;ssl=1 77w, https:\/\/i0.wp.com\/culturesco.com\/wp-content\/uploads\/2023\/06\/a74628c7e47bd1ba2b190f0feabc072b.jpg?w=452&amp;ssl=1 452w\" sizes=\"auto, (max-width: 346px) 100vw, 346px\" \/><figcaption id=\"caption-attachment-19940\" class=\"wp-caption-text\">Gilbert Garcin &#8211; Lorsque le vent viendra<\/figcaption><\/figure>\n<h3 style=\"text-align: center;\">Le monsieur ordinaire<\/h3>\n<p style=\"text-align: justify;\">Vraiment rien ne pr\u00e9destinait <strong>Gilbert Garcin<\/strong> \u00e0 une vie d\u2019artiste. Quand il arpentait les rues de <a href=\"https:\/\/fr.wikipedia.org\/wiki\/La_Ciotat\"><strong>La Ciotat<\/strong><\/a>, o\u00f9 il avait vu le jour en 1929, les gens croisaient un monsieur \u00e0 l\u2019apparence stricte, ras\u00e9 de frais et cravat\u00e9. Bourgeois ais\u00e9 vivant avec sa femme Monique dans un quartier bourgeois ais\u00e9 au milieu d\u2019autres bourgeois ais\u00e9s, il dirigeait une entreprise de luminaire lui permettant un train de vie confortable avec la voile pour loisir. Une vie en ligne droite, toute trac\u00e9e, paisible, \u00e0 l\u2019abri du besoin et visiblement bien loin de toute activit\u00e9 artistique&#8230;<\/p>\n<figure id=\"attachment_19927\" aria-describedby=\"caption-attachment-19927\" style=\"width: 411px\" class=\"wp-caption aligncenter\"><img data-recalc-dims=\"1\" loading=\"lazy\" decoding=\"async\" class=\" wp-image-19927\" src=\"https:\/\/i0.wp.com\/culturesco.com\/wp-content\/uploads\/2023\/06\/Ainsi-va-le-monde.jpg?resize=411%2C278&#038;ssl=1\" alt=\"Gilbert Garcin Ainsi va le monde\" width=\"411\" height=\"278\" srcset=\"https:\/\/i0.wp.com\/culturesco.com\/wp-content\/uploads\/2023\/06\/Ainsi-va-le-monde.jpg?resize=300%2C203&amp;ssl=1 300w, https:\/\/i0.wp.com\/culturesco.com\/wp-content\/uploads\/2023\/06\/Ainsi-va-le-monde.jpg?resize=89%2C60&amp;ssl=1 89w, https:\/\/i0.wp.com\/culturesco.com\/wp-content\/uploads\/2023\/06\/Ainsi-va-le-monde.jpg?resize=133%2C90&amp;ssl=1 133w, https:\/\/i0.wp.com\/culturesco.com\/wp-content\/uploads\/2023\/06\/Ainsi-va-le-monde.jpg?w=600&amp;ssl=1 600w\" sizes=\"auto, (max-width: 411px) 100vw, 411px\" \/><figcaption id=\"caption-attachment-19927\" class=\"wp-caption-text\">Gilbert Garcin -Ainsi va le monde<\/figcaption><\/figure>\n<h3 style=\"text-align: center;\">Le monsieur cultiv\u00e9<\/h3>\n<p style=\"text-align: justify;\">N\u00e9anmoins ce tranquille entrepreneur est un curieux. Son quotidien bien r\u00e9gl\u00e9 ne l\u2019emp\u00eache pas de s\u2019int\u00e9resser au monde qui l\u2019entoure. Il lit beaucoup et notamment des ouvrages sur <a href=\"https:\/\/fr.wikipedia.org\/wiki\/Courants_artistiques_du_XXe_si%C3%A8cle\"><strong>l\u2019art du vingti\u00e8me si\u00e8cle<\/strong><\/a> qu\u2019il affectionne particuli\u00e8rement et conna\u00eet plut\u00f4t bien. Sans le savoir monsieur Garcin cultive peut-\u00eatre d\u00e9j\u00e0 une diff\u00e9rence. Sa diff\u00e9rence. Son petit truc bien \u00e0 lui qui commence \u00e0 en faire un \u00eatre un peu \u00e0 part dans son milieu ordonn\u00e9 et sans histoire. L\u2019\u00ab\u00a0esprit ailleurs\u00a0\u00bb s\u2019est peut-\u00eatre form\u00e9 comme \u00e7a, petit \u00e0 petit. Une \u00e2me d\u2019artiste qui couve, attendant son heure\u2026<\/p>\n<figure id=\"attachment_19928\" aria-describedby=\"caption-attachment-19928\" style=\"width: 414px\" class=\"wp-caption aligncenter\"><img data-recalc-dims=\"1\" loading=\"lazy\" decoding=\"async\" class=\" wp-image-19928\" src=\"https:\/\/i0.wp.com\/culturesco.com\/wp-content\/uploads\/2023\/06\/L-espace-et-le-temps.jpg?resize=414%2C295&#038;ssl=1\" alt=\"Gilbert Garcin l'espace et le temps\" width=\"414\" height=\"295\" srcset=\"https:\/\/i0.wp.com\/culturesco.com\/wp-content\/uploads\/2023\/06\/L-espace-et-le-temps.jpg?resize=300%2C214&amp;ssl=1 300w, https:\/\/i0.wp.com\/culturesco.com\/wp-content\/uploads\/2023\/06\/L-espace-et-le-temps.jpg?resize=100%2C70&amp;ssl=1 100w, https:\/\/i0.wp.com\/culturesco.com\/wp-content\/uploads\/2023\/06\/L-espace-et-le-temps.jpg?resize=84%2C60&amp;ssl=1 84w, https:\/\/i0.wp.com\/culturesco.com\/wp-content\/uploads\/2023\/06\/L-espace-et-le-temps.jpg?resize=126%2C90&amp;ssl=1 126w, https:\/\/i0.wp.com\/culturesco.com\/wp-content\/uploads\/2023\/06\/L-espace-et-le-temps.jpg?w=528&amp;ssl=1 528w\" sizes=\"auto, (max-width: 414px) 100vw, 414px\" \/><figcaption id=\"caption-attachment-19928\" class=\"wp-caption-text\">Gilbert Garcin &#8211; L&rsquo;espace et le temps<\/figcaption><\/figure>\n<h3 style=\"text-align: center;\">Le monsieur retrait\u00e9<\/h3>\n<p style=\"text-align: justify;\">D\u00e9but des ann\u00e9es 90. L\u2019heure de la retraite a sonn\u00e9. <strong>Gilbert Garcin<\/strong> se dit \u00ab\u00a0Bon, et maintenant\u00a0?\u00a0\u00bb \u00ab\u00a0La voile\u00a0?\u00a0\u00bb Il en a assez fait. \u00ab\u00a0La p\u00eache\u00a0?\u00a0\u00bb Bof\u2026 \u00ab\u00a0Le repos\u00a0?\u00a0\u00bb Ah non\u00a0! Pour \u00e9chapper \u00e0 l\u2019ennui qui menace, il d\u00e9cide de t\u00e2ter un peu de la <strong>photographie<\/strong>. Illico le voil\u00e0 \u00e9quip\u00e9 pour prendre ses premiers clich\u00e9s. L\u2019aventure le s\u00e9duit \u00e0 tel point qu\u2019il ose un concours amateur. Et ce concours il le gagne\u00a0! Nous sommes en 1995. Moment cl\u00e9 car ce succ\u00e8s lui donne l\u2019occasion d\u2019int\u00e9grer, durant les <a href=\"https:\/\/fr.wikipedia.org\/wiki\/Rencontres_de_la_photographie_d%27Arles\"><strong>Rencontres de la photographie d\u2019Arles<\/strong><\/a>, une master class dirig\u00e9e par <a href=\"https:\/\/fr.wikipedia.org\/wiki\/Pascal_Dol%C3%A9mieux\"><strong>Pascal Dol\u00e9mieux<\/strong><\/a>, photographe multidisciplinaire reconnu.<br \/>\n\u00ab <em>Il nous a fait photographier des figurines d\u00e9coup\u00e9es et pos\u00e9es dans les rues d\u2019Arles\u2026 J\u2019\u00e9tais le plus vieux, mais je me suis aper\u00e7u que je n\u2019\u00e9tais pas le moins \u00e0 l\u2019aise. Cet \u00e9t\u00e9-l\u00e0, un journaliste am\u00e9ricain a m\u00eame choisi une de mes photos parmi celles de tous les stagiaires.<\/em> \u00bb<br \/>\n<a href=\"https:\/\/fr.wikipedia.org\/wiki\/Pascal_Dol%C3%A9mieux\"><strong>Pascal Dol\u00e9mieux<\/strong><\/a>, sans le savoir, vient de provoquer un d\u00e9clic inattendu chez notre retrait\u00e9.<\/p>\n<figure id=\"attachment_19929\" aria-describedby=\"caption-attachment-19929\" style=\"width: 478px\" class=\"wp-caption aligncenter\"><img data-recalc-dims=\"1\" loading=\"lazy\" decoding=\"async\" class=\" wp-image-19929\" src=\"https:\/\/i0.wp.com\/culturesco.com\/wp-content\/uploads\/2023\/06\/La-tour-d-ivoire.jpeg?resize=478%2C333&#038;ssl=1\" alt=\"Gilbert Garcin La tour d'ivoire\" width=\"478\" height=\"333\" srcset=\"https:\/\/i0.wp.com\/culturesco.com\/wp-content\/uploads\/2023\/06\/La-tour-d-ivoire.jpeg?resize=300%2C209&amp;ssl=1 300w, https:\/\/i0.wp.com\/culturesco.com\/wp-content\/uploads\/2023\/06\/La-tour-d-ivoire.jpeg?resize=899%2C627&amp;ssl=1 899w, https:\/\/i0.wp.com\/culturesco.com\/wp-content\/uploads\/2023\/06\/La-tour-d-ivoire.jpeg?resize=768%2C536&amp;ssl=1 768w, https:\/\/i0.wp.com\/culturesco.com\/wp-content\/uploads\/2023\/06\/La-tour-d-ivoire.jpeg?resize=696%2C485&amp;ssl=1 696w, https:\/\/i0.wp.com\/culturesco.com\/wp-content\/uploads\/2023\/06\/La-tour-d-ivoire.jpeg?resize=1068%2C745&amp;ssl=1 1068w, https:\/\/i0.wp.com\/culturesco.com\/wp-content\/uploads\/2023\/06\/La-tour-d-ivoire.jpeg?resize=602%2C420&amp;ssl=1 602w, https:\/\/i0.wp.com\/culturesco.com\/wp-content\/uploads\/2023\/06\/La-tour-d-ivoire.jpeg?resize=100%2C70&amp;ssl=1 100w, https:\/\/i0.wp.com\/culturesco.com\/wp-content\/uploads\/2023\/06\/La-tour-d-ivoire.jpeg?w=600&amp;ssl=1 600w, https:\/\/i0.wp.com\/culturesco.com\/wp-content\/uploads\/2023\/06\/La-tour-d-ivoire.jpeg?resize=86%2C60&amp;ssl=1 86w, https:\/\/i0.wp.com\/culturesco.com\/wp-content\/uploads\/2023\/06\/La-tour-d-ivoire.jpeg?resize=129%2C90&amp;ssl=1 129w\" sizes=\"auto, (max-width: 478px) 100vw, 478px\" \/><figcaption id=\"caption-attachment-19929\" class=\"wp-caption-text\">Gilbert Garcin &#8211; La tour d&rsquo;ivoire<\/figcaption><\/figure>\n<h3 style=\"text-align: center;\">Le monsieur r\u00e9v\u00e9l\u00e9<\/h3>\n<p style=\"text-align: justify;\">Cet exercice de figurines propos\u00e9 par <a href=\"https:\/\/fr.wikipedia.org\/wiki\/Pascal_Dol%C3%A9mieux\"><strong>Pascal Dol\u00e9mieux<\/strong><\/a> va permettre \u00e0 Garcin de trouver sa propre technique\u00a0. \u00ab <em>si rudimentaire qu\u2019on peut l\u2019apprendre en un apr\u00e8s-midi<\/em> \u00bb comme il se pla\u00eet souvent \u00e0 dire\u00a0avec modestie. Il installe son atelier dans un cabanon au fond de son jardin de <a href=\"https:\/\/fr.wikipedia.org\/wiki\/La_Ciotat\"><strong>La Ciotat<\/strong><\/a> et se met au travail. Il commence par cr\u00e9er un petit personnage, sa propre personne photographi\u00e9e dans diff\u00e9rents attitudes. Coll\u00e9e sur un morceau de carton d\u00e9coup\u00e9 elle va devenir une silhouette d\u2019environ dix centim\u00e8tres de haut. Une sorte de <strong>Monsieur Tout-Le-Monde<\/strong> dans son \u00e9ternel pardessus gris fonc\u00e9. Monsieur qui ne restera pas longtemps seul puisqu\u2019une autre figurine, \u00e0 l\u2019effigie de sa femme, viendra l\u2019accompagner dans cette aventure en mod\u00e8le r\u00e9duit.<\/p>\n<h3><em>Tout peut arriver &#8211; Documentaire sur Gilbert Garcin<\/em><\/h3>\n<div class=\"youtube-embed\" data-video_id=\"E-NMw0YU3pk\"><iframe loading=\"lazy\" title=\"Tout peut arriver, Gilbert Garcin\" width=\"696\" height=\"392\" src=\"https:\/\/www.youtube.com\/embed\/E-NMw0YU3pk\" frameborder=\"0\" allow=\"accelerometer; autoplay; clipboard-write; encrypted-media; gyroscope; picture-in-picture; web-share\" referrerpolicy=\"strict-origin-when-cross-origin\" allowfullscreen><\/iframe><\/div>\n<h3 style=\"text-align: center;\">Le monsieur metteur en sc\u00e8ne<\/h3>\n<p style=\"text-align: justify;\">Des aventures qui vont prendre vie \u00e0 partir de presque rien. La simplicit\u00e9 reste le ma\u00eetre mot de <strong>Monsieur G<\/strong>, nom de bapt\u00eame de son double minuscule. Ainsi <strong>Gilbert Garcin<\/strong> opte d\u00e8s le d\u00e9part pour le noir et blanc, estimant que la couleur n\u2019apporte rien au sens de ses images. Quant aux d\u00e9cors ils seront minimalistes\u00a0: un peu de sable, quelques galets, de la ficelle, des accessoires de maison de poup\u00e9e ou bien encore un projecteur diapo pour les fonds de ciel. Pas d\u2019ordinateur, de logiciels, de num\u00e9rique. Garcin travaille \u00e0 l\u2019ancienne, un peu comme un <a href=\"https:\/\/fr.wikipedia.org\/wiki\/Georges_M%C3%A9li%C3%A8s\"><strong>M\u00e9li\u00e8s<\/strong><\/a>. Atteindre une perfection technique ne l\u2019int\u00e9resse pas. Ce sont les histoires et l\u2019\u00e9motion qu\u2019elles suscitent qui comptent. Et ce monde lilliputien, qui tient sur une table, est le th\u00e9\u00e2tre o\u00f9 <strong>Monsieur G<\/strong> va mettre en sc\u00e8ne et photographier ses personnages et ses dr\u00f4les de visions.<\/p>\n<figure id=\"attachment_19931\" aria-describedby=\"caption-attachment-19931\" style=\"width: 423px\" class=\"wp-caption aligncenter\"><img data-recalc-dims=\"1\" loading=\"lazy\" decoding=\"async\" class=\" wp-image-19931\" src=\"https:\/\/i0.wp.com\/culturesco.com\/wp-content\/uploads\/2023\/06\/L-envol-d-Icare.jpg?resize=423%2C326&#038;ssl=1\" alt=\"Gilbert Garcin l'envol d'Icare\" width=\"423\" height=\"326\" srcset=\"https:\/\/i0.wp.com\/culturesco.com\/wp-content\/uploads\/2023\/06\/L-envol-d-Icare.jpg?resize=300%2C231&amp;ssl=1 300w, https:\/\/i0.wp.com\/culturesco.com\/wp-content\/uploads\/2023\/06\/L-envol-d-Icare.jpg?resize=815%2C627&amp;ssl=1 815w, https:\/\/i0.wp.com\/culturesco.com\/wp-content\/uploads\/2023\/06\/L-envol-d-Icare.jpg?resize=768%2C591&amp;ssl=1 768w, https:\/\/i0.wp.com\/culturesco.com\/wp-content\/uploads\/2023\/06\/L-envol-d-Icare.jpg?resize=696%2C535&amp;ssl=1 696w, https:\/\/i0.wp.com\/culturesco.com\/wp-content\/uploads\/2023\/06\/L-envol-d-Icare.jpg?resize=546%2C420&amp;ssl=1 546w, https:\/\/i0.wp.com\/culturesco.com\/wp-content\/uploads\/2023\/06\/L-envol-d-Icare.jpg?w=600&amp;ssl=1 600w, https:\/\/i0.wp.com\/culturesco.com\/wp-content\/uploads\/2023\/06\/L-envol-d-Icare.jpg?resize=78%2C60&amp;ssl=1 78w, https:\/\/i0.wp.com\/culturesco.com\/wp-content\/uploads\/2023\/06\/L-envol-d-Icare.jpg?resize=117%2C90&amp;ssl=1 117w\" sizes=\"auto, (max-width: 423px) 100vw, 423px\" \/><figcaption id=\"caption-attachment-19931\" class=\"wp-caption-text\">Gilbert Garcin &#8211; L&rsquo;envol d&rsquo;Icare<\/figcaption><\/figure>\n<p style=\"text-align: center;\"><span style=\"color: #111111; font-family: Roboto, sans-serif; font-size: 22px; text-align: center;\">Le monsieur philosophe<\/span><\/p>\n<p>Oui un dr\u00f4le de monde que celui de Garcin. <a href=\"https:\/\/culturesco.com\/index.php\/2019\/09\/13\/dali-surrealiste-de-linconscient-a-la-psychanalyse\/\"><strong>Surr\u00e9aliste<\/strong><\/a>, po\u00e9tique. Avec toujours un humour qui peut se faire grin\u00e7ant. En solo ou accompagn\u00e9 de son \u00e9pouse miniature il \u00e9volue dans des paysages \u00e9tranges, d\u00e9pouill\u00e9s, parfois angoissants, au prise avec des objets, qui peuvent \u00eatre ceux du quotidien mais d\u00e9tourn\u00e9s, ou bien non identifi\u00e9s. Un peu comme si <a href=\"https:\/\/fr.wikipedia.org\/wiki\/Jacques_Tati\"><strong>Jacques Tati<\/strong><\/a> se baladait dans un tableau de <strong><a href=\"https:\/\/culturesco.com\/index.php\/2020\/06\/19\/rene-magritte-la-philosophie-en-image\/\">Magritte<\/a>.<\/strong> D\u2019ailleurs, comme chez le peintre belge, le contraste entre le bizarre des d\u00e9cors et la banalit\u00e9 des personnages accentue l\u2019\u00e9tranget\u00e9 des sayn\u00e8tes. Monsieur Gilbert y d\u00e9voile ses petites histoires faussement simples o\u00f9 il aborde de grands th\u00e8mes universels\u00a0: amour, temps, solitude, libert\u00e9. Ca parle \u00e0 tout le monde. Et \u00e7a touche d\u2019autant plus que la <strong>d\u00e9rision<\/strong> et <strong>l\u2019absurde<\/strong> sont toujours au rendez-vous. M\u00e9lange de tragique et de dr\u00f4lerie. \u00ab <em>On est mal barr\u00e9s, mais on le prend bien<\/em> \u00bb comme dit l\u2019artiste&#8230;<\/p>\n<figure id=\"attachment_19933\" aria-describedby=\"caption-attachment-19933\" style=\"width: 295px\" class=\"wp-caption aligncenter\"><img data-recalc-dims=\"1\" loading=\"lazy\" decoding=\"async\" class=\" wp-image-19933\" src=\"https:\/\/i0.wp.com\/culturesco.com\/wp-content\/uploads\/2023\/06\/L-union.jpg?resize=295%2C417&#038;ssl=1\" alt=\"Gilbert Garcin L'union\" width=\"295\" height=\"417\" srcset=\"https:\/\/i0.wp.com\/culturesco.com\/wp-content\/uploads\/2023\/06\/L-union.jpg?resize=212%2C300&amp;ssl=1 212w, https:\/\/i0.wp.com\/culturesco.com\/wp-content\/uploads\/2023\/06\/L-union.jpg?resize=297%2C420&amp;ssl=1 297w, https:\/\/i0.wp.com\/culturesco.com\/wp-content\/uploads\/2023\/06\/L-union.jpg?resize=42%2C60&amp;ssl=1 42w, https:\/\/i0.wp.com\/culturesco.com\/wp-content\/uploads\/2023\/06\/L-union.jpg?resize=64%2C90&amp;ssl=1 64w, https:\/\/i0.wp.com\/culturesco.com\/wp-content\/uploads\/2023\/06\/L-union.jpg?w=375&amp;ssl=1 375w\" sizes=\"auto, (max-width: 295px) 100vw, 295px\" \/><figcaption id=\"caption-attachment-19933\" class=\"wp-caption-text\">Gilbert Garcin &#8211; L&rsquo;union<\/figcaption><\/figure>\n<h3 style=\"text-align: center;\">Le monsieur organis\u00e9<\/h3>\n<p style=\"text-align: justify;\">En ancien chef d\u2019entreprise, <strong>Gilbert Garcin<\/strong> va organiser la promo de son art avec rigueur. Se tenant \u00e0 un rythme de production r\u00e9gulier, il envoie son book aux journalistes et aux festivals. La m\u00e9thode paye. <a href=\"https:\/\/fr.wikipedia.org\/wiki\/Christine_Ollier\"><strong>Christine Ollier<\/strong><\/a>, fondatrice de la <a href=\"https:\/\/www.fillesducalvaire.com\/\"><strong>galerie des<\/strong> <strong>Filles du Calvaire<\/strong><\/a>, lieu consacr\u00e9 \u00e0 <a href=\"https:\/\/fr.wikipedia.org\/wiki\/Art_contemporain\"><strong>l\u2019art contemporain<\/strong><\/a> sous toutes ses formes, le rep\u00e8re et lui propose d\u2019exposer \u00e0 <a href=\"https:\/\/fr.wikipedia.org\/wiki\/Paris_Photo\"><strong>Paris Photo<\/strong><\/a>, foire internationale de la photographie ancienne et actuelle. C\u2019est le carton. Nous sommes en 1998 et <strong>Monsieur G<\/strong> entame \u00e0 69 ans une nouvelle vie d\u2019artiste nomade. La reconnaissance arrive vite. On admire son travail en Suisse, au Canada, aux \u00c9tats-Unis, en Su\u00e8de, Belgique, Allemagne, Colombie et jusqu\u2019en Australie.<br \/>\nComme dans les r\u00eaves \u00e9veill\u00e9s de ses images, l\u2019\u00e9nigmatique retrait\u00e9 de <a href=\"https:\/\/fr.wikipedia.org\/wiki\/La_Ciotat\"><strong>La Ciotat<\/strong><\/a> est devenu une r\u00e9f\u00e9rence de la photo d\u2019aujourd\u2019hui.<\/p>\n<figure id=\"attachment_19934\" aria-describedby=\"caption-attachment-19934\" style=\"width: 514px\" class=\"wp-caption aligncenter\"><img data-recalc-dims=\"1\" loading=\"lazy\" decoding=\"async\" class=\" wp-image-19934\" src=\"https:\/\/i0.wp.com\/culturesco.com\/wp-content\/uploads\/2023\/06\/Les-amoureux-de-Perros-Guirec.jpg?resize=514%2C353&#038;ssl=1\" alt=\"Gilbert Garcin Les amoureux de Peirros-Guirec\" width=\"514\" height=\"353\" srcset=\"https:\/\/i0.wp.com\/culturesco.com\/wp-content\/uploads\/2023\/06\/Les-amoureux-de-Perros-Guirec.jpg?resize=300%2C206&amp;ssl=1 300w, https:\/\/i0.wp.com\/culturesco.com\/wp-content\/uploads\/2023\/06\/Les-amoureux-de-Perros-Guirec.jpg?resize=912%2C627&amp;ssl=1 912w, https:\/\/i0.wp.com\/culturesco.com\/wp-content\/uploads\/2023\/06\/Les-amoureux-de-Perros-Guirec.jpg?resize=768%2C528&amp;ssl=1 768w, https:\/\/i0.wp.com\/culturesco.com\/wp-content\/uploads\/2023\/06\/Les-amoureux-de-Perros-Guirec.jpg?resize=218%2C150&amp;ssl=1 218w, https:\/\/i0.wp.com\/culturesco.com\/wp-content\/uploads\/2023\/06\/Les-amoureux-de-Perros-Guirec.jpg?resize=696%2C478&amp;ssl=1 696w, https:\/\/i0.wp.com\/culturesco.com\/wp-content\/uploads\/2023\/06\/Les-amoureux-de-Perros-Guirec.jpg?resize=611%2C420&amp;ssl=1 611w, https:\/\/i0.wp.com\/culturesco.com\/wp-content\/uploads\/2023\/06\/Les-amoureux-de-Perros-Guirec.jpg?resize=100%2C70&amp;ssl=1 100w, https:\/\/i0.wp.com\/culturesco.com\/wp-content\/uploads\/2023\/06\/Les-amoureux-de-Perros-Guirec.jpg?w=600&amp;ssl=1 600w, https:\/\/i0.wp.com\/culturesco.com\/wp-content\/uploads\/2023\/06\/Les-amoureux-de-Perros-Guirec.jpg?resize=87%2C60&amp;ssl=1 87w, https:\/\/i0.wp.com\/culturesco.com\/wp-content\/uploads\/2023\/06\/Les-amoureux-de-Perros-Guirec.jpg?resize=131%2C90&amp;ssl=1 131w\" sizes=\"auto, (max-width: 514px) 100vw, 514px\" \/><figcaption id=\"caption-attachment-19934\" class=\"wp-caption-text\">Gilbert Garcin &#8211; Les amoureux de Peirros-Guirec<\/figcaption><\/figure>\n<figure id=\"attachment_19936\" aria-describedby=\"caption-attachment-19936\" style=\"width: 508px\" class=\"wp-caption aligncenter\"><img data-recalc-dims=\"1\" loading=\"lazy\" decoding=\"async\" class=\" wp-image-19936\" src=\"https:\/\/i0.wp.com\/culturesco.com\/wp-content\/uploads\/2023\/06\/Lechange-1.jpg?resize=508%2C352&#038;ssl=1\" alt=\"Gilbert Garcin L'\u00e9change\" width=\"508\" height=\"352\" srcset=\"https:\/\/i0.wp.com\/culturesco.com\/wp-content\/uploads\/2023\/06\/Lechange-1.jpg?resize=300%2C208&amp;ssl=1 300w, https:\/\/i0.wp.com\/culturesco.com\/wp-content\/uploads\/2023\/06\/Lechange-1.jpg?resize=218%2C150&amp;ssl=1 218w, https:\/\/i0.wp.com\/culturesco.com\/wp-content\/uploads\/2023\/06\/Lechange-1.jpg?resize=100%2C70&amp;ssl=1 100w, https:\/\/i0.wp.com\/culturesco.com\/wp-content\/uploads\/2023\/06\/Lechange-1.jpg?resize=86%2C60&amp;ssl=1 86w, https:\/\/i0.wp.com\/culturesco.com\/wp-content\/uploads\/2023\/06\/Lechange-1.jpg?resize=130%2C90&amp;ssl=1 130w, https:\/\/i0.wp.com\/culturesco.com\/wp-content\/uploads\/2023\/06\/Lechange-1.jpg?w=500&amp;ssl=1 500w\" sizes=\"auto, (max-width: 508px) 100vw, 508px\" \/><figcaption id=\"caption-attachment-19936\" class=\"wp-caption-text\">Gilbert Garcin &#8211; L&rsquo;\u00e9change<\/figcaption><\/figure>\n<p style=\"text-align: justify;\"><strong>Gilbert Garcin<\/strong> a quitt\u00e9 le r\u00e9el en avril 2020, \u00e0 90 ans. Paisiblement, dans son sommeil. Discret jusqu\u2019au bout. Une de ses derni\u00e8res cr\u00e9ations s\u2019appelle \u00ab\u00a0<strong>Le Charme de l\u2019au-del\u00e0<\/strong>\u00a0\u00bb o\u00f9 on le voit, de dos, valise \u00e0 la main, dans une mer de nuages. Un ultime pied de nez du dr\u00f4le de monsieur au grand manteau.<\/p>\n<figure id=\"attachment_19938\" aria-describedby=\"caption-attachment-19938\" style=\"width: 559px\" class=\"wp-caption aligncenter\"><img data-recalc-dims=\"1\" loading=\"lazy\" decoding=\"async\" class=\" wp-image-19938\" src=\"https:\/\/i0.wp.com\/culturesco.com\/wp-content\/uploads\/2023\/06\/Le-charme-de-lau-dela-1.jpg?resize=559%2C315&#038;ssl=1\" alt=\"Gilbert Garcin Le charme de l'au-del\u00e0\" width=\"559\" height=\"315\" srcset=\"https:\/\/i0.wp.com\/culturesco.com\/wp-content\/uploads\/2023\/06\/Le-charme-de-lau-dela-1.jpg?resize=300%2C169&amp;ssl=1 300w, https:\/\/i0.wp.com\/culturesco.com\/wp-content\/uploads\/2023\/06\/Le-charme-de-lau-dela-1.jpg?resize=1115%2C627&amp;ssl=1 1115w, https:\/\/i0.wp.com\/culturesco.com\/wp-content\/uploads\/2023\/06\/Le-charme-de-lau-dela-1.jpg?resize=768%2C432&amp;ssl=1 768w, https:\/\/i0.wp.com\/culturesco.com\/wp-content\/uploads\/2023\/06\/Le-charme-de-lau-dela-1.jpg?resize=696%2C392&amp;ssl=1 696w, https:\/\/i0.wp.com\/culturesco.com\/wp-content\/uploads\/2023\/06\/Le-charme-de-lau-dela-1.jpg?resize=1068%2C601&amp;ssl=1 1068w, https:\/\/i0.wp.com\/culturesco.com\/wp-content\/uploads\/2023\/06\/Le-charme-de-lau-dela-1.jpg?resize=747%2C420&amp;ssl=1 747w, https:\/\/i0.wp.com\/culturesco.com\/wp-content\/uploads\/2023\/06\/Le-charme-de-lau-dela-1.jpg?w=600&amp;ssl=1 600w, https:\/\/i0.wp.com\/culturesco.com\/wp-content\/uploads\/2023\/06\/Le-charme-de-lau-dela-1.jpg?resize=107%2C60&amp;ssl=1 107w, https:\/\/i0.wp.com\/culturesco.com\/wp-content\/uploads\/2023\/06\/Le-charme-de-lau-dela-1.jpg?resize=160%2C90&amp;ssl=1 160w\" sizes=\"auto, (max-width: 559px) 100vw, 559px\" \/><figcaption id=\"caption-attachment-19938\" class=\"wp-caption-text\">Gilbert Garcin &#8211; Le charme de l&rsquo;au-del\u00e0<\/figcaption><\/figure>\n<p>&nbsp;<\/p>\n<p style=\"text-align: justify;\"><strong>Note de la R\u00e9daction de culturesco.com<\/strong> : Suite \u00e0 sa demande, la petite-fille de Gilbert Garcin pr\u00e9cise que son grand-p\u00e8re n\u2019\u00e9tait pas sp\u00e9cialement rock et n\u2019aurait pas appr\u00e9ci\u00e9 d&rsquo;\u00eatre pr\u00e9sent\u00e9 comme un croque-mort, un cravat\u00e9 ou un bourgeois. Et il n\u2019a jamais eu de secr\u00e9taire\u2026 C&rsquo;est dit.<\/p>\n","protected":false},"excerpt":{"rendered":"<p>Les songes miniatures de Gilbert Garcin L&rsquo;homme avance lentement, t\u00eate nue,&#8230; &#8230; V\u00eatu d\u2019un grand manteau noir qui lui donne des allures de croque-mort. Le ciel est sombre, charg\u00e9 de gros nuages lourds qui roulent au-dessus d\u2019un paysage \u00e9trange, en noir et blanc, qui semble changer \u00e0 tout moment. Ici des pissenlits g\u00e9ants qui attendent [&hellip;]<\/p>\n","protected":false},"author":21,"featured_media":19944,"comment_status":"open","ping_status":"open","sticky":false,"template":"","format":"image","meta":{"jetpack_post_was_ever_published":true,"tdm_status":"","tdm_grid_status":"","_jetpack_newsletter_access":"","_jetpack_dont_email_post_to_subs":false,"_jetpack_newsletter_tier_id":0,"_jetpack_memberships_contains_paywalled_content":false,"_jetpack_memberships_contains_paid_content":false,"footnotes":""},"categories":[17,14455],"tags":[14457,14456,4171],"class_list":{"0":"post-19918","1":"post","2":"type-post","3":"status-publish","4":"format-image","5":"has-post-thumbnail","7":"category-carotte-rock-cultures","8":"category-photographie","9":"tag-art","10":"tag-photographie","11":"tag-pop-culture","12":"post_format-post-format-image"},"yoast_head":"<!-- This site is optimized with the Yoast SEO plugin v27.5 - https:\/\/yoast.com\/product\/yoast-seo-wordpress\/ -->\n<title>Les songes miniatures de Gilbert Garcin - Culturesco<\/title>\n<meta name=\"description\" content=\"Gilbert Garcin, o\u00f9 comment un entrepreneur \u00e0 la retraite est devenu une r\u00e9f\u00e9rence de la photographie surr\u00e9aliste.\" \/>\n<meta name=\"robots\" content=\"index, follow, max-snippet:-1, max-image-preview:large, max-video-preview:-1\" \/>\n<link rel=\"canonical\" href=\"https:\/\/culturesco.com\/index.php\/2023\/06\/11\/les-songes-miniatures-de-gilbert-garcin\/\" \/>\n<meta property=\"og:locale\" content=\"fr_FR\" \/>\n<meta property=\"og:type\" content=\"article\" \/>\n<meta property=\"og:title\" content=\"Les songes miniatures de Gilbert Garcin - Culturesco\" \/>\n<meta property=\"og:description\" content=\"Gilbert Garcin, o\u00f9 comment un entrepreneur \u00e0 la retraite est devenu une r\u00e9f\u00e9rence de la photographie surr\u00e9aliste.\" \/>\n<meta property=\"og:url\" content=\"https:\/\/culturesco.com\/index.php\/2023\/06\/11\/les-songes-miniatures-de-gilbert-garcin\/\" \/>\n<meta property=\"og:site_name\" content=\"Culturesco\" \/>\n<meta property=\"article:publisher\" content=\"https:\/\/www.facebook.com\/radioculturesco\" \/>\n<meta property=\"article:published_time\" content=\"2023-06-11T09:35:36+00:00\" \/>\n<meta property=\"article:modified_time\" content=\"2023-12-08T10:34:09+00:00\" \/>\n<meta property=\"og:image\" content=\"https:\/\/culturesco.com\/wp-content\/uploads\/2023\/06\/Le-charme-de-lau-dela-600-X-314.jpg\" \/>\n\t<meta property=\"og:image:width\" content=\"600\" \/>\n\t<meta property=\"og:image:height\" content=\"314\" \/>\n\t<meta property=\"og:image:type\" content=\"image\/jpeg\" \/>\n<meta name=\"author\" content=\"POUP\" \/>\n<meta name=\"twitter:card\" content=\"summary_large_image\" \/>\n<meta name=\"twitter:creator\" content=\"@AugusteMarshal\" \/>\n<meta name=\"twitter:site\" content=\"@AugusteMarshal\" \/>\n<meta name=\"twitter:label1\" content=\"\u00c9crit par\" \/>\n\t<meta name=\"twitter:data1\" content=\"POUP\" \/>\n\t<meta name=\"twitter:label2\" content=\"Dur\u00e9e de lecture estim\u00e9e\" \/>\n\t<meta name=\"twitter:data2\" content=\"10 minutes\" \/>\n<script type=\"application\/ld+json\" class=\"yoast-schema-graph\">{\"@context\":\"https:\\\/\\\/schema.org\",\"@graph\":[{\"@type\":\"Article\",\"@id\":\"https:\\\/\\\/culturesco.com\\\/index.php\\\/2023\\\/06\\\/11\\\/les-songes-miniatures-de-gilbert-garcin\\\/#article\",\"isPartOf\":{\"@id\":\"https:\\\/\\\/culturesco.com\\\/index.php\\\/2023\\\/06\\\/11\\\/les-songes-miniatures-de-gilbert-garcin\\\/\"},\"author\":{\"name\":\"POUP\",\"@id\":\"https:\\\/\\\/culturesco.com\\\/#\\\/schema\\\/person\\\/141a9f2445bccecf38edf04e7689ca59\"},\"headline\":\"Les songes miniatures de Gilbert Garcin\",\"datePublished\":\"2023-06-11T09:35:36+00:00\",\"dateModified\":\"2023-12-08T10:34:09+00:00\",\"mainEntityOfPage\":{\"@id\":\"https:\\\/\\\/culturesco.com\\\/index.php\\\/2023\\\/06\\\/11\\\/les-songes-miniatures-de-gilbert-garcin\\\/\"},\"wordCount\":1673,\"commentCount\":0,\"publisher\":{\"@id\":\"https:\\\/\\\/culturesco.com\\\/#organization\"},\"image\":{\"@id\":\"https:\\\/\\\/culturesco.com\\\/index.php\\\/2023\\\/06\\\/11\\\/les-songes-miniatures-de-gilbert-garcin\\\/#primaryimage\"},\"thumbnailUrl\":\"https:\\\/\\\/i0.wp.com\\\/culturesco.com\\\/wp-content\\\/uploads\\\/2023\\\/06\\\/Le-charme-de-lau-dela-600-X-314.jpg?fit=600%2C314&ssl=1\",\"keywords\":[\"Art\",\"Photographie\",\"Pop culture\"],\"articleSection\":[\"Carotte Rock Cultures\",\"Photographie\"],\"inLanguage\":\"fr-FR\",\"potentialAction\":[{\"@type\":\"CommentAction\",\"name\":\"Comment\",\"target\":[\"https:\\\/\\\/culturesco.com\\\/index.php\\\/2023\\\/06\\\/11\\\/les-songes-miniatures-de-gilbert-garcin\\\/#respond\"]}]},{\"@type\":\"WebPage\",\"@id\":\"https:\\\/\\\/culturesco.com\\\/index.php\\\/2023\\\/06\\\/11\\\/les-songes-miniatures-de-gilbert-garcin\\\/\",\"url\":\"https:\\\/\\\/culturesco.com\\\/index.php\\\/2023\\\/06\\\/11\\\/les-songes-miniatures-de-gilbert-garcin\\\/\",\"name\":\"Les songes miniatures de Gilbert Garcin - Culturesco\",\"isPartOf\":{\"@id\":\"https:\\\/\\\/culturesco.com\\\/#website\"},\"primaryImageOfPage\":{\"@id\":\"https:\\\/\\\/culturesco.com\\\/index.php\\\/2023\\\/06\\\/11\\\/les-songes-miniatures-de-gilbert-garcin\\\/#primaryimage\"},\"image\":{\"@id\":\"https:\\\/\\\/culturesco.com\\\/index.php\\\/2023\\\/06\\\/11\\\/les-songes-miniatures-de-gilbert-garcin\\\/#primaryimage\"},\"thumbnailUrl\":\"https:\\\/\\\/i0.wp.com\\\/culturesco.com\\\/wp-content\\\/uploads\\\/2023\\\/06\\\/Le-charme-de-lau-dela-600-X-314.jpg?fit=600%2C314&ssl=1\",\"datePublished\":\"2023-06-11T09:35:36+00:00\",\"dateModified\":\"2023-12-08T10:34:09+00:00\",\"description\":\"Gilbert Garcin, o\u00f9 comment un entrepreneur \u00e0 la retraite est devenu une r\u00e9f\u00e9rence de la photographie surr\u00e9aliste.\",\"breadcrumb\":{\"@id\":\"https:\\\/\\\/culturesco.com\\\/index.php\\\/2023\\\/06\\\/11\\\/les-songes-miniatures-de-gilbert-garcin\\\/#breadcrumb\"},\"inLanguage\":\"fr-FR\",\"potentialAction\":[{\"@type\":\"ReadAction\",\"target\":[\"https:\\\/\\\/culturesco.com\\\/index.php\\\/2023\\\/06\\\/11\\\/les-songes-miniatures-de-gilbert-garcin\\\/\"]}]},{\"@type\":\"ImageObject\",\"inLanguage\":\"fr-FR\",\"@id\":\"https:\\\/\\\/culturesco.com\\\/index.php\\\/2023\\\/06\\\/11\\\/les-songes-miniatures-de-gilbert-garcin\\\/#primaryimage\",\"url\":\"https:\\\/\\\/i0.wp.com\\\/culturesco.com\\\/wp-content\\\/uploads\\\/2023\\\/06\\\/Le-charme-de-lau-dela-600-X-314.jpg?fit=600%2C314&ssl=1\",\"contentUrl\":\"https:\\\/\\\/i0.wp.com\\\/culturesco.com\\\/wp-content\\\/uploads\\\/2023\\\/06\\\/Le-charme-de-lau-dela-600-X-314.jpg?fit=600%2C314&ssl=1\",\"width\":600,\"height\":314,\"caption\":\"Gilbert Garcin Le charme de l'au-del\u00e0\"},{\"@type\":\"BreadcrumbList\",\"@id\":\"https:\\\/\\\/culturesco.com\\\/index.php\\\/2023\\\/06\\\/11\\\/les-songes-miniatures-de-gilbert-garcin\\\/#breadcrumb\",\"itemListElement\":[{\"@type\":\"ListItem\",\"position\":1,\"name\":\"Accueil\",\"item\":\"https:\\\/\\\/culturesco.com\\\/\"},{\"@type\":\"ListItem\",\"position\":2,\"name\":\"Les songes miniatures de Gilbert Garcin\"}]},{\"@type\":\"WebSite\",\"@id\":\"https:\\\/\\\/culturesco.com\\\/#website\",\"url\":\"https:\\\/\\\/culturesco.com\\\/\",\"name\":\"Culturesco\",\"description\":\"Culturesco | Un bon coup de pied dans ta Culture\",\"publisher\":{\"@id\":\"https:\\\/\\\/culturesco.com\\\/#organization\"},\"potentialAction\":[{\"@type\":\"SearchAction\",\"target\":{\"@type\":\"EntryPoint\",\"urlTemplate\":\"https:\\\/\\\/culturesco.com\\\/?s={search_term_string}\"},\"query-input\":{\"@type\":\"PropertyValueSpecification\",\"valueRequired\":true,\"valueName\":\"search_term_string\"}}],\"inLanguage\":\"fr-FR\"},{\"@type\":\"Organization\",\"@id\":\"https:\\\/\\\/culturesco.com\\\/#organization\",\"name\":\"CULTURESCO\",\"url\":\"https:\\\/\\\/culturesco.com\\\/\",\"logo\":{\"@type\":\"ImageObject\",\"inLanguage\":\"fr-FR\",\"@id\":\"https:\\\/\\\/culturesco.com\\\/#\\\/schema\\\/logo\\\/image\\\/\",\"url\":\"https:\\\/\\\/i0.wp.com\\\/culturesco.com\\\/wp-content\\\/uploads\\\/2022\\\/04\\\/culturesco-logo-blanc250p.png?fit=250%2C250&ssl=1\",\"contentUrl\":\"https:\\\/\\\/i0.wp.com\\\/culturesco.com\\\/wp-content\\\/uploads\\\/2022\\\/04\\\/culturesco-logo-blanc250p.png?fit=250%2C250&ssl=1\",\"width\":250,\"height\":250,\"caption\":\"CULTURESCO\"},\"image\":{\"@id\":\"https:\\\/\\\/culturesco.com\\\/#\\\/schema\\\/logo\\\/image\\\/\"},\"sameAs\":[\"https:\\\/\\\/www.facebook.com\\\/radioculturesco\",\"https:\\\/\\\/x.com\\\/AugusteMarshal\",\"https:\\\/\\\/www.instagram.com\\\/carotte_rock_culture\\\/\",\"https:\\\/\\\/www.pinterest.fr\\\/augustemarshal\\\/\",\"https:\\\/\\\/www.youtube.com\\\/channel\\\/UCiWLGffqWSXlNnfzp6YwwyQ\"]},{\"@type\":\"Person\",\"@id\":\"https:\\\/\\\/culturesco.com\\\/#\\\/schema\\\/person\\\/141a9f2445bccecf38edf04e7689ca59\",\"name\":\"POUP\",\"image\":{\"@type\":\"ImageObject\",\"inLanguage\":\"fr-FR\",\"@id\":\"https:\\\/\\\/i0.wp.com\\\/culturesco.com\\\/wp-content\\\/uploads\\\/2021\\\/12\\\/CROOKED-HOUSE-BLUES-7.jpg?fit=96%2C71&ssl=1\",\"url\":\"https:\\\/\\\/i0.wp.com\\\/culturesco.com\\\/wp-content\\\/uploads\\\/2021\\\/12\\\/CROOKED-HOUSE-BLUES-7.jpg?fit=96%2C71&ssl=1\",\"contentUrl\":\"https:\\\/\\\/i0.wp.com\\\/culturesco.com\\\/wp-content\\\/uploads\\\/2021\\\/12\\\/CROOKED-HOUSE-BLUES-7.jpg?fit=96%2C71&ssl=1\",\"caption\":\"POUP\"},\"description\":\"Laurent Poupinais, alias Poup. Diverses aventures dans le monde du fanzine (Nestor Mag, La Chronique Du Vermifuge), dans le Rock Punk\\\/Garage (Les Ambulances, Mystery Machine, Traffic Drone) en tant que batteur. Dessinateur addict au noir et blanc qui r\u00e9alise des illustrations pour des fanzines (Rock Hardi , Cafzic) mais aussi des visuels pour des groupes (pochette de disque, T-shirt, affiche, flyers et toutes ces sortes de choses).\",\"url\":\"https:\\\/\\\/culturesco.com\\\/index.php\\\/author\\\/poup\\\/\"}]}<\/script>\n<!-- \/ Yoast SEO plugin. -->","yoast_head_json":{"title":"Les songes miniatures de Gilbert Garcin - Culturesco","description":"Gilbert Garcin, o\u00f9 comment un entrepreneur \u00e0 la retraite est devenu une r\u00e9f\u00e9rence de la photographie surr\u00e9aliste.","robots":{"index":"index","follow":"follow","max-snippet":"max-snippet:-1","max-image-preview":"max-image-preview:large","max-video-preview":"max-video-preview:-1"},"canonical":"https:\/\/culturesco.com\/index.php\/2023\/06\/11\/les-songes-miniatures-de-gilbert-garcin\/","og_locale":"fr_FR","og_type":"article","og_title":"Les songes miniatures de Gilbert Garcin - Culturesco","og_description":"Gilbert Garcin, o\u00f9 comment un entrepreneur \u00e0 la retraite est devenu une r\u00e9f\u00e9rence de la photographie surr\u00e9aliste.","og_url":"https:\/\/culturesco.com\/index.php\/2023\/06\/11\/les-songes-miniatures-de-gilbert-garcin\/","og_site_name":"Culturesco","article_publisher":"https:\/\/www.facebook.com\/radioculturesco","article_published_time":"2023-06-11T09:35:36+00:00","article_modified_time":"2023-12-08T10:34:09+00:00","og_image":[{"width":600,"height":314,"url":"https:\/\/culturesco.com\/wp-content\/uploads\/2023\/06\/Le-charme-de-lau-dela-600-X-314.jpg","type":"image\/jpeg"}],"author":"POUP","twitter_card":"summary_large_image","twitter_creator":"@AugusteMarshal","twitter_site":"@AugusteMarshal","twitter_misc":{"\u00c9crit par":"POUP","Dur\u00e9e de lecture estim\u00e9e":"10 minutes"},"schema":{"@context":"https:\/\/schema.org","@graph":[{"@type":"Article","@id":"https:\/\/culturesco.com\/index.php\/2023\/06\/11\/les-songes-miniatures-de-gilbert-garcin\/#article","isPartOf":{"@id":"https:\/\/culturesco.com\/index.php\/2023\/06\/11\/les-songes-miniatures-de-gilbert-garcin\/"},"author":{"name":"POUP","@id":"https:\/\/culturesco.com\/#\/schema\/person\/141a9f2445bccecf38edf04e7689ca59"},"headline":"Les songes miniatures de Gilbert Garcin","datePublished":"2023-06-11T09:35:36+00:00","dateModified":"2023-12-08T10:34:09+00:00","mainEntityOfPage":{"@id":"https:\/\/culturesco.com\/index.php\/2023\/06\/11\/les-songes-miniatures-de-gilbert-garcin\/"},"wordCount":1673,"commentCount":0,"publisher":{"@id":"https:\/\/culturesco.com\/#organization"},"image":{"@id":"https:\/\/culturesco.com\/index.php\/2023\/06\/11\/les-songes-miniatures-de-gilbert-garcin\/#primaryimage"},"thumbnailUrl":"https:\/\/i0.wp.com\/culturesco.com\/wp-content\/uploads\/2023\/06\/Le-charme-de-lau-dela-600-X-314.jpg?fit=600%2C314&ssl=1","keywords":["Art","Photographie","Pop culture"],"articleSection":["Carotte Rock Cultures","Photographie"],"inLanguage":"fr-FR","potentialAction":[{"@type":"CommentAction","name":"Comment","target":["https:\/\/culturesco.com\/index.php\/2023\/06\/11\/les-songes-miniatures-de-gilbert-garcin\/#respond"]}]},{"@type":"WebPage","@id":"https:\/\/culturesco.com\/index.php\/2023\/06\/11\/les-songes-miniatures-de-gilbert-garcin\/","url":"https:\/\/culturesco.com\/index.php\/2023\/06\/11\/les-songes-miniatures-de-gilbert-garcin\/","name":"Les songes miniatures de Gilbert Garcin - Culturesco","isPartOf":{"@id":"https:\/\/culturesco.com\/#website"},"primaryImageOfPage":{"@id":"https:\/\/culturesco.com\/index.php\/2023\/06\/11\/les-songes-miniatures-de-gilbert-garcin\/#primaryimage"},"image":{"@id":"https:\/\/culturesco.com\/index.php\/2023\/06\/11\/les-songes-miniatures-de-gilbert-garcin\/#primaryimage"},"thumbnailUrl":"https:\/\/i0.wp.com\/culturesco.com\/wp-content\/uploads\/2023\/06\/Le-charme-de-lau-dela-600-X-314.jpg?fit=600%2C314&ssl=1","datePublished":"2023-06-11T09:35:36+00:00","dateModified":"2023-12-08T10:34:09+00:00","description":"Gilbert Garcin, o\u00f9 comment un entrepreneur \u00e0 la retraite est devenu une r\u00e9f\u00e9rence de la photographie surr\u00e9aliste.","breadcrumb":{"@id":"https:\/\/culturesco.com\/index.php\/2023\/06\/11\/les-songes-miniatures-de-gilbert-garcin\/#breadcrumb"},"inLanguage":"fr-FR","potentialAction":[{"@type":"ReadAction","target":["https:\/\/culturesco.com\/index.php\/2023\/06\/11\/les-songes-miniatures-de-gilbert-garcin\/"]}]},{"@type":"ImageObject","inLanguage":"fr-FR","@id":"https:\/\/culturesco.com\/index.php\/2023\/06\/11\/les-songes-miniatures-de-gilbert-garcin\/#primaryimage","url":"https:\/\/i0.wp.com\/culturesco.com\/wp-content\/uploads\/2023\/06\/Le-charme-de-lau-dela-600-X-314.jpg?fit=600%2C314&ssl=1","contentUrl":"https:\/\/i0.wp.com\/culturesco.com\/wp-content\/uploads\/2023\/06\/Le-charme-de-lau-dela-600-X-314.jpg?fit=600%2C314&ssl=1","width":600,"height":314,"caption":"Gilbert Garcin Le charme de l'au-del\u00e0"},{"@type":"BreadcrumbList","@id":"https:\/\/culturesco.com\/index.php\/2023\/06\/11\/les-songes-miniatures-de-gilbert-garcin\/#breadcrumb","itemListElement":[{"@type":"ListItem","position":1,"name":"Accueil","item":"https:\/\/culturesco.com\/"},{"@type":"ListItem","position":2,"name":"Les songes miniatures de Gilbert Garcin"}]},{"@type":"WebSite","@id":"https:\/\/culturesco.com\/#website","url":"https:\/\/culturesco.com\/","name":"Culturesco","description":"Culturesco | Un bon coup de pied dans ta Culture","publisher":{"@id":"https:\/\/culturesco.com\/#organization"},"potentialAction":[{"@type":"SearchAction","target":{"@type":"EntryPoint","urlTemplate":"https:\/\/culturesco.com\/?s={search_term_string}"},"query-input":{"@type":"PropertyValueSpecification","valueRequired":true,"valueName":"search_term_string"}}],"inLanguage":"fr-FR"},{"@type":"Organization","@id":"https:\/\/culturesco.com\/#organization","name":"CULTURESCO","url":"https:\/\/culturesco.com\/","logo":{"@type":"ImageObject","inLanguage":"fr-FR","@id":"https:\/\/culturesco.com\/#\/schema\/logo\/image\/","url":"https:\/\/i0.wp.com\/culturesco.com\/wp-content\/uploads\/2022\/04\/culturesco-logo-blanc250p.png?fit=250%2C250&ssl=1","contentUrl":"https:\/\/i0.wp.com\/culturesco.com\/wp-content\/uploads\/2022\/04\/culturesco-logo-blanc250p.png?fit=250%2C250&ssl=1","width":250,"height":250,"caption":"CULTURESCO"},"image":{"@id":"https:\/\/culturesco.com\/#\/schema\/logo\/image\/"},"sameAs":["https:\/\/www.facebook.com\/radioculturesco","https:\/\/x.com\/AugusteMarshal","https:\/\/www.instagram.com\/carotte_rock_culture\/","https:\/\/www.pinterest.fr\/augustemarshal\/","https:\/\/www.youtube.com\/channel\/UCiWLGffqWSXlNnfzp6YwwyQ"]},{"@type":"Person","@id":"https:\/\/culturesco.com\/#\/schema\/person\/141a9f2445bccecf38edf04e7689ca59","name":"POUP","image":{"@type":"ImageObject","inLanguage":"fr-FR","@id":"https:\/\/i0.wp.com\/culturesco.com\/wp-content\/uploads\/2021\/12\/CROOKED-HOUSE-BLUES-7.jpg?fit=96%2C71&ssl=1","url":"https:\/\/i0.wp.com\/culturesco.com\/wp-content\/uploads\/2021\/12\/CROOKED-HOUSE-BLUES-7.jpg?fit=96%2C71&ssl=1","contentUrl":"https:\/\/i0.wp.com\/culturesco.com\/wp-content\/uploads\/2021\/12\/CROOKED-HOUSE-BLUES-7.jpg?fit=96%2C71&ssl=1","caption":"POUP"},"description":"Laurent Poupinais, alias Poup. Diverses aventures dans le monde du fanzine (Nestor Mag, La Chronique Du Vermifuge), dans le Rock Punk\/Garage (Les Ambulances, Mystery Machine, Traffic Drone) en tant que batteur. Dessinateur addict au noir et blanc qui r\u00e9alise des illustrations pour des fanzines (Rock Hardi , Cafzic) mais aussi des visuels pour des groupes (pochette de disque, T-shirt, affiche, flyers et toutes ces sortes de choses).","url":"https:\/\/culturesco.com\/index.php\/author\/poup\/"}]}},"jetpack_featured_media_url":"https:\/\/i0.wp.com\/culturesco.com\/wp-content\/uploads\/2023\/06\/Le-charme-de-lau-dela-600-X-314.jpg?fit=600%2C314&ssl=1","jetpack_likes_enabled":true,"jetpack_sharing_enabled":true,"jetpack_shortlink":"https:\/\/wp.me\/paz89I-5bg","_links":{"self":[{"href":"https:\/\/culturesco.com\/index.php\/wp-json\/wp\/v2\/posts\/19918","targetHints":{"allow":["GET"]}}],"collection":[{"href":"https:\/\/culturesco.com\/index.php\/wp-json\/wp\/v2\/posts"}],"about":[{"href":"https:\/\/culturesco.com\/index.php\/wp-json\/wp\/v2\/types\/post"}],"author":[{"embeddable":true,"href":"https:\/\/culturesco.com\/index.php\/wp-json\/wp\/v2\/users\/21"}],"replies":[{"embeddable":true,"href":"https:\/\/culturesco.com\/index.php\/wp-json\/wp\/v2\/comments?post=19918"}],"version-history":[{"count":0,"href":"https:\/\/culturesco.com\/index.php\/wp-json\/wp\/v2\/posts\/19918\/revisions"}],"wp:featuredmedia":[{"embeddable":true,"href":"https:\/\/culturesco.com\/index.php\/wp-json\/wp\/v2\/media\/19944"}],"wp:attachment":[{"href":"https:\/\/culturesco.com\/index.php\/wp-json\/wp\/v2\/media?parent=19918"}],"wp:term":[{"taxonomy":"category","embeddable":true,"href":"https:\/\/culturesco.com\/index.php\/wp-json\/wp\/v2\/categories?post=19918"},{"taxonomy":"post_tag","embeddable":true,"href":"https:\/\/culturesco.com\/index.php\/wp-json\/wp\/v2\/tags?post=19918"}],"curies":[{"name":"wp","href":"https:\/\/api.w.org\/{rel}","templated":true}]}}