{"id":19840,"date":"2023-06-08T16:53:09","date_gmt":"2023-06-08T14:53:09","guid":{"rendered":"https:\/\/culturesco.com\/?p=19840"},"modified":"2023-06-08T17:48:07","modified_gmt":"2023-06-08T15:48:07","slug":"leonard-cohen-la-priere-de-l-absent-de-son-education-a-ses-rencontres","status":"publish","type":"post","link":"https:\/\/culturesco.com\/index.php\/2023\/06\/08\/leonard-cohen-la-priere-de-l-absent-de-son-education-a-ses-rencontres\/","title":{"rendered":"Leonard COHEN : La Pri\u00e8re de l\u2019Absent"},"content":{"rendered":"\n<h2 class=\"wp-block-heading\" id=\"h-la-priere-de-l-absent-rencontres-et-spiritualites-chez-leonard-cohen\">La Pri\u00e8re de l\u2019Absent : Rencontres et Spiritualit\u00e9s chez Leonard Cohen<\/h2>\n\n\n\n<pre class=\"wp-block-verse\"><em>\u00ab Hineni, hineni, I'm ready, my lord \u00bb<\/em> :<\/pre>\n\n\n\n<p class=\"has-text-align-justify\">&#8230; plus du murmure outre-tombesque que du chant. <\/p>\n\n\n\n<p class=\"has-text-align-justify\">Leonard Cohen devant son Cr\u00e9ateur pressent son prochain d\u00e9part. Et il est pr\u00eat ! Enfin\u2026<\/p>\n\n\n\n<p class=\"has-text-align-justify\">Quelques mois plut\u00f4t, il faisait d\u00e9j\u00e0 ses adieux \u00e0 <a href=\"https:\/\/www.celles-qui-osent.com\/leonard-cohen-marianne\/\" target=\"_blank\" rel=\"noopener\">Marianne Ihlen<\/a>, la femme de sa vie, ou peut-\u00eatre, l\u2019une des femmes de ses multiples vies, sa muse, souffrant comme lui de leuc\u00e9mie, mais plus avanc\u00e9e :<\/p>\n\n\n\n<blockquote class=\"wp-block-quote is-style-default has-black-color has-white-background-color has-text-color has-background has-regular-font-size is-layout-flow wp-block-quote-is-layout-flow\" style=\"font-style:normal;font-weight:600;max-width:928px;margin-top:30px;margin-bottom:18px\">\n<figure class=\"wp-block-pullquote has-text-align-right\" id=\"h-dearest-marianne-i-m-just-a-little-behind-you-close-enough-to-take-your-hand-this-old-body-has-given-up-just-as-yours-has-too-i-ve-never-forgotten-your-love-and-your-beauty-but-you-know-that-i-don-t-have-to-say-any-more-safe-travels-old-friend-see-you-down-the-road-endless-love-and-gratitude\" style=\"max-width:503px\"><blockquote><p><span style=\"font-size: 14pt;\">Dearest Marianne, I\u2019m just a little behind you, close enough to take your hand. This old body has given up, just as yours has too. I\u2019ve never forgotten your love and your beauty. But you know that. I don\u2019t have to say any more. Safe travels old friend. See you down the road. Endless love and gratitude.<\/span><\/p><\/blockquote><\/figure>\n<\/blockquote>\n\n\n\n<p class=\"has-text-align-justify\"><a href=\"https:\/\/www.rollingstone.com\/music\/music-news\/leonard-cohen-penned-letter-to-so-long-marianne-muse-before-her-death-101175\/\" target=\"_blank\" rel=\"noopener\">Ce chemin s\u2019est effectivement ouvert pour les deux amants<\/a> qui se sont connus sur l\u2019\u00eele d\u2019Hydra en Gr\u00e8ce en 1960. Mais le chemin s\u2019est ouvert sur deux voies, chacun ayant trac\u00e9 son sillon, et \u00e9crit son histoire. M\u00eame si une partie de cette histoire a \u00e9t\u00e9 \u00e9crite par les deux.<\/p>\n\n\n\n<h3 class=\"wp-block-heading\" id=\"h-leonard-cohen-so-long-marianne\">Leonard Cohen &#8211; So long Marianne<\/h3>\n\n\n\n<figure class=\"wp-block-embed is-type-video is-provider-youtube wp-block-embed-youtube wp-embed-aspect-16-9 wp-has-aspect-ratio\"><div class=\"wp-block-embed__wrapper\">\n<div class=\"youtube-embed\" data-video_id=\"3XzAjfwQtvM\"><iframe loading=\"lazy\" title=\"Leonard Cohen - So Long, Marianne (Official Audio)\" width=\"696\" height=\"392\" src=\"https:\/\/www.youtube.com\/embed\/3XzAjfwQtvM\" frameborder=\"0\" allow=\"accelerometer; autoplay; clipboard-write; encrypted-media; gyroscope; picture-in-picture; web-share\" referrerpolicy=\"strict-origin-when-cross-origin\" allowfullscreen><\/iframe><\/div>\n<\/div><\/figure>\n\n\n\n<p class=\"has-text-align-justify has-background dropcapp2\" style=\"background-color:#e1e1e1\">L&rsquo;histoire de Cohen est rest\u00e9e fid\u00e8le \u00e0 lui-m\u00eame et \u00e0 l\u2019art. Il a \u00e9crit des chansons et des po\u00e8mes pas toujours accessibles. Il a fait de la musique et des rencontres qui ont conduit \u00e0 des chansons. <a href=\"https:\/\/culturesco.com\/index.php\/2021\/04\/17\/nico-chanteuse-the-end-un-livre-de-pierre-lemarchand\/\" target=\"_blank\" rel=\"noopener\">Nico<\/a>, son impossible amour, sa d\u00e9ception, et passez-moi l\u2019expression : son r\u00e2teau.<\/p>\n\n\n\n<p class=\"has-text-align-justify\"><a href=\"https:\/\/culturesco.com\/index.php\/2020\/10\/04\/kozmic-blues-le-coup-de-soul-de-janis-joplin-try-kozmic-blues-work-me-lord\/\" target=\"_blank\" rel=\"noopener\">Janis Joplin<\/a> (a-t-on dit), qui recherchait l\u2019acteur <strong>Kris Kristofferson<\/strong> dans l\u2019ascenseur du Chelsea Hotel de New York. Leonard Cohen r\u00e9ussissant \u00e0 se faire passer contre toute vraisemblance (le chanteur-acteur dominant Cohen d\u2019une bonne demie t\u00eate) pour Kristofferson, malgr\u00e9 un bref instant de lucidit\u00e9 de Pearl avant que la chanson \u00ab Chelsea Hotel N\u00b0 2 \u00bb&nbsp; relate la suite.<\/p>\n\n\n\n<figure class=\"wp-block-embed is-type-video is-provider-youtube wp-block-embed-youtube wp-embed-aspect-16-9 wp-has-aspect-ratio\"><div class=\"wp-block-embed__wrapper\">\n<iframe loading=\"lazy\" title=\"Leonard Cohen - Chelsea Hotel #2 (Official Audio)\" width=\"696\" height=\"392\" src=\"https:\/\/www.youtube.com\/embed\/WmbFZA16nrE?feature=oembed\" frameborder=\"0\" allow=\"accelerometer; autoplay; clipboard-write; encrypted-media; gyroscope; picture-in-picture; web-share\" referrerpolicy=\"strict-origin-when-cross-origin\" allowfullscreen><\/iframe>\n<\/div><\/figure>\n\n\n\n<p class=\"has-text-align-justify\"><strong>Suzanne Elrod<\/strong> (la deuxi\u00e8me du pr\u00e9nom et la m\u00e8re de ses enfants <strong>Adam<\/strong> et <strong>Lorca Cohen<\/strong>), <strong>Dominique Issermann<\/strong>, <a href=\"https:\/\/culturesco.com\/index.php\/2021\/06\/18\/joni-mitchell-blue-the-50th-anniversary-folk-rock-country-acoustique\/\" target=\"_blank\" rel=\"noopener\">Joni Mitchell<\/a>, <strong>Rebecca de Mornay<\/strong>, <strong>Anjani Thomas<\/strong> qui faisait les ch\u0153urs sur <strong>Various Positions<\/strong> et qui sera sa non-veuve.<\/p>\n\n\n\n<h3 class=\"wp-block-heading\" id=\"h-des-vinyles-dont-certains-acoustiques-et-depouilles\">Des vinyles, dont certains acoustiques et d\u00e9pouill\u00e9s.<\/h3>\n\n\n\n<p class=\"has-text-align-justify\">Son premier album <strong>Songs of Leonard Cohen<\/strong> paru en 1967 avec ses morceaux-phares <strong>\u00abSuzanne\u00bb<\/strong> , \u00e9crit pour <strong>Suzanne Verdal<\/strong>, avec qui il v\u00e9cut une \u00ab union spirituelle \u00bb est inoubliable. Il s&rsquo;agit d&rsquo;un de ses plus grands succ\u00e8s duquel il ne per\u00e7ut strictement rien, ayant c\u00e9d\u00e9 sans le savoir les droits de la chanson \u00e0 un arrangeur peu scrupuleux.<\/p>\n\n\n\n<h3 class=\"wp-block-heading\" id=\"h-suzanne\">Suzanne<\/h3>\n\n\n\n<figure class=\"wp-block-embed is-type-video is-provider-youtube wp-block-embed-youtube wp-embed-aspect-16-9 wp-has-aspect-ratio\"><div class=\"wp-block-embed__wrapper\">\n<iframe loading=\"lazy\" title=\"Leonard Cohen - Suzanne (Official Audio)\" width=\"696\" height=\"392\" src=\"https:\/\/www.youtube.com\/embed\/svitEEpI07E?feature=oembed\" frameborder=\"0\" allow=\"accelerometer; autoplay; clipboard-write; encrypted-media; gyroscope; picture-in-picture; web-share\" referrerpolicy=\"strict-origin-when-cross-origin\" allowfullscreen><\/iframe>\n<\/div><\/figure>\n\n\n\n<div class=\"wp-block-group\"><div class=\"wp-block-group__inner-container is-layout-constrained wp-block-group-is-layout-constrained\">\n<div class=\"wp-block-columns is-layout-flex wp-container-core-columns-is-layout-9d6595d7 wp-block-columns-is-layout-flex\">\n<div class=\"wp-block-column is-layout-flow wp-block-column-is-layout-flow\" style=\"flex-basis:100%\">\n<div class=\"wp-block-group\"><div class=\"wp-block-group__inner-container is-layout-constrained wp-block-group-is-layout-constrained\">\n<p class=\"has-text-align-justify\">Il y e\u00fbt aussi <strong>\u00abSo Long Marianne\u00bb<\/strong> qui au d\u00e9part se voulait une photographie de son histoire avec <strong>Marianne Ihlen<\/strong> et qui \u00e0 la fin a plut\u00f4t consacr\u00e9 leur rupture.<\/p>\n\n\n\n<p class=\"has-text-align-justify\">Des vinyles. C\u2019\u00e9tait le format \u00e0 l\u2019\u00e9poque et nous avons r\u00eav\u00e9 sur <strong>Various Positions<\/strong> en 1984. Notre na\u00efvet\u00e9 de jeune \u00e9tudiant nous laissait le fantasme d&rsquo;un K\u00e2ma-S\u00fbtra d\u00e9lirant&#8230; Et nous ne nous \u00e9tions pas tromp\u00e9. C\u2019\u00e9tait effectivement un K\u00e2ma-S\u00fbtra, mais de l\u2019\u00e2me \u00e0 travers ces \u00abVarious Positions\u00bb.<\/p>\n\n\n\n<p class=\"has-text-align-justify\">La prosternation et la contemplation : \u00abIf it be Your Will\u00bb&nbsp; avec <strong>Jennifer Warnes<\/strong> en contrechant et \u00e0 l\u2019unisson pour cette pri\u00e8re \u00e0 deux, \u00abHallelujah\u00bb et son ch\u0153ur ent\u00eatant.<\/p>\n<\/div><\/div>\n<\/div>\n<\/div>\n<\/div><\/div>\n\n\n\n<figure class=\"wp-block-embed is-type-video is-provider-youtube wp-block-embed-youtube wp-embed-aspect-4-3 wp-has-aspect-ratio\"><div class=\"wp-block-embed__wrapper\">\n<iframe loading=\"lazy\" title=\"Leonard Cohen - If It Be Your Will\" width=\"696\" height=\"522\" src=\"https:\/\/www.youtube.com\/embed\/imU68vGF-o0?feature=oembed\" frameborder=\"0\" allow=\"accelerometer; autoplay; clipboard-write; encrypted-media; gyroscope; picture-in-picture; web-share\" referrerpolicy=\"strict-origin-when-cross-origin\" allowfullscreen><\/iframe>\n<\/div><\/figure>\n\n\n\n<p class=\"has-text-align-justify\">La solitude avec \u00abHeart with no companion\u00bb ou l&rsquo;amour avec \u00abDance me to the End of Love\u00bb&nbsp; une de ses plus belles chansons ou encore \u00abComing back to You\u00bb&#8230;<\/p>\n\n\n\n<h3 class=\"wp-block-heading\" id=\"h-leonard-cohen-dance-me-to-the-en-d-of-the-love\">Leonard Cohen &#8211; Dance me to the en d of the Love<\/h3>\n\n\n\n<figure class=\"wp-block-embed is-type-video is-provider-youtube wp-block-embed-youtube wp-embed-aspect-4-3 wp-has-aspect-ratio\"><div class=\"wp-block-embed__wrapper\">\n<iframe loading=\"lazy\" title=\"LEONARD COHEN  - VARIOUS POSITIONS - Dance Me To The End Of Love\" width=\"696\" height=\"522\" src=\"https:\/\/www.youtube.com\/embed\/F-PZm-kseSc?feature=oembed\" frameborder=\"0\" allow=\"accelerometer; autoplay; clipboard-write; encrypted-media; gyroscope; picture-in-picture; web-share\" referrerpolicy=\"strict-origin-when-cross-origin\" allowfullscreen><\/iframe>\n<\/div><\/figure>\n\n\n\n<h3 class=\"wp-block-heading\" id=\"h-des-rencontres\">Des Rencontres<\/h3>\n\n\n\n<p class=\"has-text-align-justify\">Comment ne pas \u00e9voquer ses voyages, et notamment celui \u00e0 Cuba en pleine effervescence r\u00e9volutionnaire castriste. Arr\u00eat\u00e9 par l\u2019arm\u00e9e cubaine alors qu\u2019un groupe de contre r\u00e9volutionnaires avait attaqu\u00e9 l\u2019a\u00e9roport de La Havane. Puis, arr\u00eat\u00e9 une nouvelle fois lors de l\u2019attaque de la Baie des Cochons, <a href=\"https:\/\/faroutmagazine.co.uk\/leonard-cohen-cuba-idealism-bay-of-pigs-invasion\/?amp\" target=\"_blank\" rel=\"noopener\">il quittera l\u2019\u00eele et ses d\u00e9sillusions romantiques par un coup de chance<\/a> !<\/p>\n\n\n\n<h3 class=\"wp-block-heading\" id=\"h-des-personnes\">Des Personnes<\/h3>\n\n\n\n<p class=\"has-text-align-justify dropcapp2\" style=\"max-width:838px;margin-top:18px;margin-bottom:42px\"><strong>Sharon Teresa Robinson<\/strong> sa \u00abcollaborator\u00bb comme il aimait \u00e0 la pr\u00e9senter, chanteuse, choriste, compositrice et productrice. On avait d\u00e9couvert ses talents d\u2019\u00e9criture dans les chansons \u00abEverybody Knows\u00bb, \u00abI&rsquo;m Your Man\u00bb et \u00abWaiting for the Miracle\u00bb. Elle \u00e9largira la palette avec l\u2019album <strong>Ten New Songs<\/strong> dont elle sera co-auteure et co-productrice. Elle y jouera de tous les instruments, except\u00e9 la guitare sur <strong><em>\u00abIn My Secret Life\u00bb<\/em><\/strong> tenue par le fid\u00e8le <strong>Bob Metzger<\/strong>. Ce morceau bien que le plus connu de l\u2019album,&nbsp; aura pourtant bien du mal \u00e0 cacher d\u2019autres moments d\u2019intense \u00e9motion&nbsp; (\u00abYou have Love Enough\u00bb).<\/p>\n\n\n\n<div class=\"wp-block-columns is-layout-flex wp-container-core-columns-is-layout-9d6595d7 wp-block-columns-is-layout-flex\">\n<div class=\"wp-block-column is-layout-flow wp-block-column-is-layout-flow\" style=\"flex-basis:100%\">\n<p class=\"has-text-align-justify\">Elle partagera par ailleurs la photo de l\u2019album avec <strong>Leonard Cohen <\/strong>m\u00eame si sa pr\u00e9sence sera moyennement appr\u00e9ci\u00e9e des puristes de Cohen, qui d\u00e9plor\u00e8rent son influence dans l\u2019usage de synth\u00e9tiseurs et programmateurs.<\/p>\n<\/div>\n<\/div>\n\n\n\n<p class=\"has-text-align-justify dropcapp2\">Mais ce virage Cohen l\u2019avait pris tout seul \u00e0 partir de 1984 (<strong>Various Positions<\/strong>), et d\u00e9finitivement en 1988 avec l\u2019album <strong>I\u2019m Your Man<\/strong> (c\u2019est vrai que Robinson y avait co-sign\u00e9 \u00ab Everybody Knows \u00bb. Mais c\u2019est tout !). Il continuera sur la m\u00eame veine dans ses prochaines productions notamment avec <strong>Pat Leonard<\/strong> (entre autres producteur de Madonna). <\/p>\n\n\n\n<p class=\"has-text-align-justify\">Nous sommes tr\u00e8s loin des morceaux d\u00e9pouill\u00e9s des d\u00e9buts. Sa voix devenue caverneuse est murmur\u00e9e sur une nappe discr\u00e8te de synth\u00e9s, entrecoup\u00e9e par un ch\u0153ur f\u00e9minin&nbsp; souvent effectu\u00e9 par les brillantes <strong>Webb Sisters<\/strong>, <strong>Jennifer Warnes<\/strong>, <strong>Dana Glover<\/strong> et encore <strong>Sharon Teresa Robinson<\/strong>.<\/p>\n\n\n\n<h3 class=\"wp-block-heading\" id=\"h-son-public\">Son Public<\/h3>\n\n\n<div class=\"wp-block-image wp-image-19846 size-medium\">\n<figure class=\"aligncenter\"><img data-recalc-dims=\"1\" loading=\"lazy\" decoding=\"async\" width=\"300\" height=\"201\" src=\"https:\/\/i0.wp.com\/culturesco.com\/wp-content\/uploads\/2023\/06\/cohen-leonard.jpg?resize=300%2C201&#038;ssl=1\" alt=\"cohen leonard\" class=\"wp-image-19846\" srcset=\"https:\/\/i0.wp.com\/culturesco.com\/wp-content\/uploads\/2023\/06\/cohen-leonard.jpg?resize=300%2C201&amp;ssl=1 300w, https:\/\/i0.wp.com\/culturesco.com\/wp-content\/uploads\/2023\/06\/cohen-leonard.jpg?resize=935%2C627&amp;ssl=1 935w, https:\/\/i0.wp.com\/culturesco.com\/wp-content\/uploads\/2023\/06\/cohen-leonard.jpg?resize=768%2C515&amp;ssl=1 768w, https:\/\/i0.wp.com\/culturesco.com\/wp-content\/uploads\/2023\/06\/cohen-leonard.jpg?resize=1536%2C1030&amp;ssl=1 1536w, https:\/\/i0.wp.com\/culturesco.com\/wp-content\/uploads\/2023\/06\/cohen-leonard.jpg?resize=696%2C467&amp;ssl=1 696w, https:\/\/i0.wp.com\/culturesco.com\/wp-content\/uploads\/2023\/06\/cohen-leonard.jpg?resize=1068%2C716&amp;ssl=1 1068w, https:\/\/i0.wp.com\/culturesco.com\/wp-content\/uploads\/2023\/06\/cohen-leonard.jpg?resize=626%2C420&amp;ssl=1 626w, https:\/\/i0.wp.com\/culturesco.com\/wp-content\/uploads\/2023\/06\/cohen-leonard.jpg?w=600&amp;ssl=1 600w, https:\/\/i0.wp.com\/culturesco.com\/wp-content\/uploads\/2023\/06\/cohen-leonard.jpg?resize=89%2C60&amp;ssl=1 89w, https:\/\/i0.wp.com\/culturesco.com\/wp-content\/uploads\/2023\/06\/cohen-leonard.jpg?resize=134%2C90&amp;ssl=1 134w\" sizes=\"auto, (max-width: 300px) 100vw, 300px\" \/><figcaption class=\"wp-element-caption\">Neal Preston\/Corbis \u00a9<\/figcaption><\/figure>\n<\/div>\n\n\n<p class=\"has-text-align-justify has-background dropcapp3\" style=\"background-color:#e7e7e7;font-style:normal;font-weight:500;letter-spacing:1px\">A 73 ans, Leonard Cohen reprendra les routes et les concerts. Son s\u00e9jour paisible au <strong>Mount Baldy Zen Center<\/strong>, ne l\u2019avait pas \u00e9t\u00e9 pour ses finances. <strong>Live in London<\/strong> en retrace les meilleurs moments dans un show brillant, interactif et plein d\u2019humour. Trois heures de best of revisit\u00e9, avec des moments intenses comme \u00abI Tried to Leave You\u00bb , v\u00e9ritable jam-session de ses musiciens, introduits l\u2019un apr\u00e8s l\u2019autre par un <strong>Cohen<\/strong> jubilant en arri\u00e8re-plan. Seul b\u00e9mol d\u00e9plor\u00e9 par les fans, le prix exhorbitant des places : <a href=\"https:\/\/www.lemonde.fr\/culture\/article\/2008\/06\/28\/leonard-cohen-la-tournee-du-retour_1063990_3246.html\" target=\"_blank\" rel=\"noopener\">Jusqu\u2019\u00e0 350$ pour certaines d&rsquo;entre elles.<\/a><\/p>\n\n\n\n<h4 class=\"wp-block-heading\" id=\"h-leonard-cohen-i-tried-to-leave-you\">Leonard Cohen :&nbsp; I tried to leave you<\/h4>\n\n\n\n<figure class=\"wp-block-embed is-type-video is-provider-youtube wp-block-embed-youtube wp-embed-aspect-4-3 wp-has-aspect-ratio\"><div class=\"wp-block-embed__wrapper\">\n<iframe loading=\"lazy\" title=\"Leonard Cohen - I Tried To Leave You (Official Live in London 2008)\" width=\"696\" height=\"522\" src=\"https:\/\/www.youtube.com\/embed\/sGErfToOamY?feature=oembed\" frameborder=\"0\" allow=\"accelerometer; autoplay; clipboard-write; encrypted-media; gyroscope; picture-in-picture; web-share\" referrerpolicy=\"strict-origin-when-cross-origin\" allowfullscreen><\/iframe>\n<\/div><\/figure>\n\n\n\n<h3 class=\"wp-block-heading\" id=\"h-l-immanence-et-la-spiritualite\">L\u2019Immanence et la Spiritualit\u00e9<\/h3>\n\n\n\n<p class=\"has-text-align-justify\">Un appel, et la rencontre avec <a href=\"https:\/\/fr.wikipedia.org\/wiki\/Siddhartha_Gautama\" target=\"_blank\" rel=\"noopener\">Siddh\u00e2rta Gautama<\/a>. Le po\u00e8te est devenu moine Bouddhiste, se retirant pendant cinq ans au <strong>Mount Baldy Zen Center<\/strong>, un monast\u00e8re de Los Angeles. Tellement \u00e9loign\u00e9 des contingences mat\u00e9rielles, son manager en aurait profit\u00e9 pour le tondre, lui qui n\u2019avait d\u00e9j\u00e0 plus de cheveux durant son s\u00e9jour en ces saints lieux comme on peut le voir sur la fameuse photo de <strong>Angelica Sarkisyan<\/strong>\u2026<\/p>\n\n\n<div class=\"wp-block-image wp-image-19845 size-medium\">\n<figure class=\"aligncenter\"><img data-recalc-dims=\"1\" loading=\"lazy\" decoding=\"async\" width=\"200\" height=\"300\" src=\"https:\/\/i0.wp.com\/culturesco.com\/wp-content\/uploads\/2023\/06\/leonard-cohen.jpg?resize=200%2C300&#038;ssl=1\" alt=\"leonard cohen\" class=\"wp-image-19845\" srcset=\"https:\/\/i0.wp.com\/culturesco.com\/wp-content\/uploads\/2023\/06\/leonard-cohen.jpg?resize=200%2C300&amp;ssl=1 200w, https:\/\/i0.wp.com\/culturesco.com\/wp-content\/uploads\/2023\/06\/leonard-cohen.jpg?resize=418%2C627&amp;ssl=1 418w, https:\/\/i0.wp.com\/culturesco.com\/wp-content\/uploads\/2023\/06\/leonard-cohen.jpg?resize=280%2C420&amp;ssl=1 280w, https:\/\/i0.wp.com\/culturesco.com\/wp-content\/uploads\/2023\/06\/leonard-cohen.jpg?resize=40%2C60&amp;ssl=1 40w, https:\/\/i0.wp.com\/culturesco.com\/wp-content\/uploads\/2023\/06\/leonard-cohen.jpg?resize=60%2C90&amp;ssl=1 60w, https:\/\/i0.wp.com\/culturesco.com\/wp-content\/uploads\/2023\/06\/leonard-cohen.jpg?w=400&amp;ssl=1 400w\" sizes=\"auto, (max-width: 200px) 100vw, 200px\" \/><figcaption class=\"wp-element-caption\">Angelica Sarkisyan \u00a9<\/figcaption><\/figure>\n<\/div>\n\n\n<p class=\"has-text-align-justify\">Sous la conduite de Ma\u00eetre <strong>Joshua Sasaki<\/strong> dont il a \u00e9t\u00e9 l\u2019assistant, <strong>Leonard Cohen<\/strong>, ou plut\u00f4t<strong> Jikan<\/strong> s\u2019est pli\u00e9 comme tous les autres membres au rituel des travaux de corv\u00e9e qui consistaient \u00e0 nettoyer et couper des l\u00e9gumes, effectuer toutes les t\u00e2ches m\u00e9nag\u00e8res, le jardinage, etc. Il sera ordonn\u00e9 Moine Zen le 9 ao\u00fbt 1996.<\/p>\n\n\n\n<h3 class=\"wp-block-heading\" id=\"h-un-appel\">Un appel.<\/h3>\n\n\n\n<p><strong>Et la rencontre avec son Cr\u00e9ateur.<\/strong><\/p>\n\n\n\n<div class=\"wp-block-group\"><div class=\"wp-block-group__inner-container is-layout-constrained wp-block-group-is-layout-constrained\">\n<p class=\"has-text-align-justify has-background dropcapp3\" style=\"background-color:#c9d9cc;max-width:950px\">La religion a toujours \u00e9t\u00e9 pr\u00e9sente dans la musique de <strong>Cohen<\/strong>, m\u00eame dans les titres qu\u2019on n\u2019aurait jamais soup\u00e7onn\u00e9 de prime abord. Ainsi de la chanson \u00abAnthem\u00bb et son fameux :<br>\u00abThere is a crack, a crack in everything, That&rsquo;s how the light gets in\u00bb qui selon certains ex\u00e9g\u00e8tes h\u00e9bra\u00efques, rel\u00e8ve de l\u2019all\u00e9gorie de la Chevirat haKelim connue sous l\u2019appellation de \u00abla brisure des vases\u00bb telle que syst\u00e9matis\u00e9e par <strong>Isaac Ashkenazi Louria<\/strong>, rabbin du XVI\u00e8me si\u00e8cle et fondateur de l&rsquo;\u00e9cole kabbalistique de Safed, qui est pass\u00e9 \u00e0 la post\u00e9rit\u00e9 pour l\u2019un des plus grands th\u00e9ologiens mystiques juifs.<\/p>\n<\/div><\/div>\n\n\n\n<figure class=\"wp-block-embed is-type-video is-provider-youtube wp-block-embed-youtube wp-embed-aspect-4-3 wp-has-aspect-ratio\"><div class=\"wp-block-embed__wrapper\">\n<div class=\"youtube-embed\" data-video_id=\"c8-BT6y_wYg\"><iframe loading=\"lazy\" title=\"Leonard Cohen - Anthem (Official Live in London 2008)\" width=\"696\" height=\"522\" src=\"https:\/\/www.youtube.com\/embed\/c8-BT6y_wYg\" frameborder=\"0\" allow=\"accelerometer; autoplay; clipboard-write; encrypted-media; gyroscope; picture-in-picture; web-share\" referrerpolicy=\"strict-origin-when-cross-origin\" allowfullscreen><\/iframe><\/div>\n<\/div><\/figure>\n\n\n\n<h4 class=\"wp-block-heading\" id=\"h-leonard-cohen-tenait-ce-penchant-de-son-education-familiale\">Leonard Cohen tenait ce penchant de son \u00e9ducation familiale.<\/h4>\n\n\n\n<p class=\"has-drop-cap has-text-align-justify\" style=\"text-transform:none;max-width:995px\">Certes, <strong>Nathan Cohen<\/strong>, son p\u00e8re \u00e9tait dans la vente des v\u00eatements. Leonard Cohen le lui a bien rendu par son extr\u00eame \u00e9l\u00e9gance et son c\u00f4t\u00e9 chic, voire dandy : l\u2019homme \u00e0 la f\u00e9dora. Du c\u00f4t\u00e9 de sa maman Masha, c\u2019est une longue lign\u00e9e de rabbins qui remonterait jusqu\u2019au proph\u00e8te Aaron. Mais la figure tut\u00e9laire serait peut-\u00eatre celle de son grand-p\u00e8re, le rabbin Solomon Klonitsky-Kline qui lui a tout enseign\u00e9 du livre d\u2019Isa\u00efe. Il est \u00e0 noter que Leonard Cohen a c\u00f4toy\u00e9 dans sa vie, la religion chr\u00e9tienne et particuli\u00e8rement catholique \u00e0 maintes reprises.<\/p>\n\n\n\n<figure class=\"wp-block-embed is-type-video is-provider-youtube wp-block-embed-youtube wp-embed-aspect-16-9 wp-has-aspect-ratio\"><div class=\"wp-block-embed__wrapper\">\n<div class=\"youtube-embed\" data-video_id=\"ttEMYvpoR-k\"><iframe loading=\"lazy\" title=\"Leonard Cohen - Hallelujah (Official Audio)\" width=\"696\" height=\"392\" src=\"https:\/\/www.youtube.com\/embed\/ttEMYvpoR-k\" frameborder=\"0\" allow=\"accelerometer; autoplay; clipboard-write; encrypted-media; gyroscope; picture-in-picture; web-share\" referrerpolicy=\"strict-origin-when-cross-origin\" allowfullscreen><\/iframe><\/div>\n<\/div><figcaption class=\"wp-element-caption\"><strong><em>Leonard Cohen Hallelujah<\/em><\/strong><\/figcaption><\/figure>\n\n\n\n<p class=\"has-drop-cap has-text-align-justify\" style=\"max-width:794px\">M\u00eame s\u2019il n\u2019a pas \u00e9t\u00e9 d\u00e9vot et pros\u00e9lyte, la pr\u00e9sence de Dieu est ind\u00e9niable : \u00abHallelujah\u00bb, \u00abIf it be Your Will\u00bb, \u00abAmen\u00bb, \u00abYou Want it Darker\u00bb. Il en est de m\u00eame des figures bibliques et quelques ic\u00f4nes de la chr\u00e9tient\u00e9 qu\u2019il a \u00e9voqu\u00e9es \u00e0 travers ses chansons : J\u00e9sus, sa m\u00e8re la vierge Marie, Samson, Adam, David, Marie-Bernade dite Bernadette Soubirous, Jeanne d\u2019Arc, Isaac, etc. En m\u00eame temps, on est en droit de se demander pourquoi une telle incursion dans le bouddhisme,  mouvement religieux qui se singularise par l\u2019inexistence de Dieu. Siddh\u00e2rta Gautama n\u2019\u00e9tant ni Dieu, ni fils de Dieu : juste un homme face \u00e0 son destin. Entre Religion et Spiritualit\u00e9, quel fut son choix ?<\/p>\n\n\n\n<h3 class=\"wp-block-heading\" id=\"h-religion-et-spiritualite\">Religion et Spiritualit\u00e9<\/h3>\n\n\n\n<p class=\"has-text-align-justify has-text-color has-background dropcapp2\" style=\"color:#528270;background-color:#e4ebf8\">Pour l\u2019enregistrement de son dernier disque anthume, <strong>Leonard Cohen<\/strong> a fait venir le Ch\u0153ur <strong>Shaar Hashomayim<\/strong>, chorale de la plus ancienne congr\u00e9gation Ashk\u00e9naze du Qu\u00e9bec. Un retour aux sources en quelque sorte. L\u2019homme \u00e9tait pr\u00eat, aucun doute \u00e0 ce propos! Dans sa chanson \u00abYou Want It Darker\u00bb, la proclamation \u00abMagnified, sanctified, Be the holy name\u00bb traduite de l\u2019aram\u00e9en (langue du Christ) est en fait l\u2019invocation d\u2019ouverture du Kaddish, liturgie juive souvent prononc\u00e9e lors des fun\u00e9railles. Cette proclamation a d&rsquo;ailleurs \u00e9t\u00e9 lue \u00e0 ses fun\u00e9railles. La suite de la chanson est plus que logique et coh\u00e9rente ! L\u2019horizon \u00e9tait plomb\u00e9, mais sereinement plomb\u00e9 :<\/p>\n\n\n\n<figure class=\"wp-block-pullquote has-vivid-purple-color has-text-color has-large-font-size\" style=\"border-width:1px;border-radius:34px;font-style:normal;font-weight:500\"><blockquote><p>\u00abHineni ! Hineni !\u00bb.<\/p><\/blockquote><\/figure>\n\n\n\n<p class=\"has-text-align-justify has-white-background-color has-background\" style=\"letter-spacing:2px\">Le disque a \u00e9t\u00e9 publi\u00e9 le 21 octobre 2016. Quelques jours plus tard, le 07 novembre pr\u00e9cis\u00e9ment, Leonard Cohen s\u2019\u00e9teint dans sa 82\u00e8me ann\u00e9e. L\u2019annonce de son d\u00e9c\u00e8s le 10 novembre suivant sur Facebook, s\u2019est faite alors qu\u2019il avait d\u00e9j\u00e0 \u00e9t\u00e9 inhum\u00e9 aupr\u00e8s des siens : Mission termin\u00e9e. Place \u00e0 la l\u00e9gende et quelques regrets\u2026<\/p>\n\n\n\n<p class=\"has-text-align-justify has-background dropcapp3\" style=\"background-color:#9bc4b6\">Alors qu\u2019on comm\u00e9morait il y a peu le sixi\u00e8me anniversaire de sa disparition, peut-on penser qu\u2019il ait rencontr\u00e9 son Cr\u00e9ateur ?! Il n\u2019est plus l\u00e0 pour nous r\u00e9pondre, c\u2019est vrai, mais il a laiss\u00e9 des indices. \u00c0 chacun d\u2019en faire sa religion ou sa spiritualit\u00e9, tout en sachant qu\u2019il \u00e9tait pr\u00eat, voire tout pr\u00e8s\u2026<\/p>\n\n\n\n<pre class=\"wp-block-verse has-text-align-center has-text-color has-large-font-size\" style=\"color:#093023;font-style:normal;font-weight:500\">Hineni, hineni\nI'm ready, my lord<\/pre>\n\n\n\n<p><strong>La Pri\u00e8re de l\u2019Absent\u2026<\/strong><\/p>\n\n\n\n<p>GBK-M<\/p>\n","protected":false},"excerpt":{"rendered":"<p>\u00ab Je suis si pr\u00e8s derri\u00e8re toi, que si tu tends la main, tu peux atteindre la mienne. Et tu sais que j\u2019ai toujours aim\u00e9 ta beaut\u00e9 et ta sagesse et je n\u2019ai pas besoin d\u2019en dire plus parce que tu sais tout cela. Je veux seulement te souhaiter un tr\u00e8s beau voyage. Au revoir ma vieille amie. Mon amour \u00e9ternel. Rendez-vous au bout du chemin. \u00bb So Long Marianne<\/p>\n","protected":false},"author":17,"featured_media":19846,"comment_status":"open","ping_status":"open","sticky":false,"template":"","format":"image","meta":{"jetpack_post_was_ever_published":false,"tdm_status":"","tdm_grid_status":"","_jetpack_newsletter_access":"","_jetpack_dont_email_post_to_subs":false,"_jetpack_newsletter_tier_id":0,"_jetpack_memberships_contains_paywalled_content":false,"_jetpack_memberships_contains_paid_content":false,"footnotes":""},"categories":[17],"tags":[12189,48],"class_list":{"0":"post-19840","1":"post","2":"type-post","3":"status-publish","4":"format-image","5":"has-post-thumbnail","7":"category-carotte-rock-cultures","8":"tag-albums-essentiels","9":"tag-personnalite-rock","10":"post_format-post-format-image"},"yoast_head":"<!-- This site is optimized with the Yoast SEO plugin v27.5 - https:\/\/yoast.com\/product\/yoast-seo-wordpress\/ -->\n<title>Leonard COHEN : La Pri\u00e8re de l\u2019Absent - Culturesco<\/title>\n<meta name=\"description\" content=\"CulturesCo | Leonard Cohen La Pri\u00e8re de l\u2019Absent. Quel est la part de spiritualit\u00e9s dans l&#039;oeuvre du po\u00e8te? De son \u00e9ducation \u00e0 ses rencontres\" \/>\n<meta name=\"robots\" content=\"index, follow, max-snippet:-1, max-image-preview:large, max-video-preview:-1\" \/>\n<link rel=\"canonical\" href=\"https:\/\/culturesco.com\/index.php\/2023\/06\/08\/leonard-cohen-la-priere-de-l-absent-de-son-education-a-ses-rencontres\/\" \/>\n<meta property=\"og:locale\" content=\"fr_FR\" \/>\n<meta property=\"og:type\" content=\"article\" \/>\n<meta property=\"og:title\" content=\"Leonard COHEN : La Pri\u00e8re de l\u2019Absent - Culturesco\" \/>\n<meta property=\"og:description\" content=\"CulturesCo | Leonard Cohen La Pri\u00e8re de l\u2019Absent. Quel est la part de spiritualit\u00e9s dans l&#039;oeuvre du po\u00e8te? De son \u00e9ducation \u00e0 ses rencontres\" \/>\n<meta property=\"og:url\" content=\"https:\/\/culturesco.com\/index.php\/2023\/06\/08\/leonard-cohen-la-priere-de-l-absent-de-son-education-a-ses-rencontres\/\" \/>\n<meta property=\"og:site_name\" content=\"Culturesco\" \/>\n<meta property=\"article:publisher\" content=\"https:\/\/www.facebook.com\/radioculturesco\" \/>\n<meta property=\"article:published_time\" content=\"2023-06-08T14:53:09+00:00\" \/>\n<meta property=\"article:modified_time\" content=\"2023-06-08T15:48:07+00:00\" \/>\n<meta property=\"og:image\" content=\"https:\/\/culturesco.com\/wp-content\/uploads\/2023\/06\/cohen-leonard.jpg\" \/>\n\t<meta property=\"og:image:width\" content=\"600\" \/>\n\t<meta property=\"og:image:height\" content=\"402\" \/>\n\t<meta property=\"og:image:type\" content=\"image\/jpeg\" \/>\n<meta name=\"author\" content=\"G\u00e9rard Bertrand Kamdom-Motsebo\" \/>\n<meta name=\"twitter:card\" content=\"summary_large_image\" \/>\n<meta name=\"twitter:creator\" content=\"@AugusteMarshal\" \/>\n<meta name=\"twitter:site\" content=\"@AugusteMarshal\" \/>\n<meta name=\"twitter:label1\" content=\"\u00c9crit par\" \/>\n\t<meta name=\"twitter:data1\" content=\"G\u00e9rard Bertrand Kamdom-Motsebo\" \/>\n\t<meta name=\"twitter:label2\" content=\"Dur\u00e9e de lecture estim\u00e9e\" \/>\n\t<meta name=\"twitter:data2\" content=\"9 minutes\" \/>\n<script type=\"application\/ld+json\" class=\"yoast-schema-graph\">{\"@context\":\"https:\\\/\\\/schema.org\",\"@graph\":[{\"@type\":\"Article\",\"@id\":\"https:\\\/\\\/culturesco.com\\\/index.php\\\/2023\\\/06\\\/08\\\/leonard-cohen-la-priere-de-l-absent-de-son-education-a-ses-rencontres\\\/#article\",\"isPartOf\":{\"@id\":\"https:\\\/\\\/culturesco.com\\\/index.php\\\/2023\\\/06\\\/08\\\/leonard-cohen-la-priere-de-l-absent-de-son-education-a-ses-rencontres\\\/\"},\"author\":{\"name\":\"G\u00e9rard Bertrand Kamdom-Motsebo\",\"@id\":\"https:\\\/\\\/culturesco.com\\\/#\\\/schema\\\/person\\\/11469c14373ef9a5a920dff3c5896a07\"},\"headline\":\"Leonard COHEN : La Pri\u00e8re de l\u2019Absent\",\"datePublished\":\"2023-06-08T14:53:09+00:00\",\"dateModified\":\"2023-06-08T15:48:07+00:00\",\"mainEntityOfPage\":{\"@id\":\"https:\\\/\\\/culturesco.com\\\/index.php\\\/2023\\\/06\\\/08\\\/leonard-cohen-la-priere-de-l-absent-de-son-education-a-ses-rencontres\\\/\"},\"wordCount\":1855,\"commentCount\":0,\"publisher\":{\"@id\":\"https:\\\/\\\/culturesco.com\\\/#organization\"},\"image\":{\"@id\":\"https:\\\/\\\/culturesco.com\\\/index.php\\\/2023\\\/06\\\/08\\\/leonard-cohen-la-priere-de-l-absent-de-son-education-a-ses-rencontres\\\/#primaryimage\"},\"thumbnailUrl\":\"https:\\\/\\\/i0.wp.com\\\/culturesco.com\\\/wp-content\\\/uploads\\\/2023\\\/06\\\/cohen-leonard.jpg?fit=600%2C402&ssl=1\",\"keywords\":[\"Albums essentiels\",\"Personnalit\u00e9 Rock\"],\"articleSection\":[\"Carotte Rock Cultures\"],\"inLanguage\":\"fr-FR\",\"potentialAction\":[{\"@type\":\"CommentAction\",\"name\":\"Comment\",\"target\":[\"https:\\\/\\\/culturesco.com\\\/index.php\\\/2023\\\/06\\\/08\\\/leonard-cohen-la-priere-de-l-absent-de-son-education-a-ses-rencontres\\\/#respond\"]}]},{\"@type\":\"WebPage\",\"@id\":\"https:\\\/\\\/culturesco.com\\\/index.php\\\/2023\\\/06\\\/08\\\/leonard-cohen-la-priere-de-l-absent-de-son-education-a-ses-rencontres\\\/\",\"url\":\"https:\\\/\\\/culturesco.com\\\/index.php\\\/2023\\\/06\\\/08\\\/leonard-cohen-la-priere-de-l-absent-de-son-education-a-ses-rencontres\\\/\",\"name\":\"Leonard COHEN : La Pri\u00e8re de l\u2019Absent - Culturesco\",\"isPartOf\":{\"@id\":\"https:\\\/\\\/culturesco.com\\\/#website\"},\"primaryImageOfPage\":{\"@id\":\"https:\\\/\\\/culturesco.com\\\/index.php\\\/2023\\\/06\\\/08\\\/leonard-cohen-la-priere-de-l-absent-de-son-education-a-ses-rencontres\\\/#primaryimage\"},\"image\":{\"@id\":\"https:\\\/\\\/culturesco.com\\\/index.php\\\/2023\\\/06\\\/08\\\/leonard-cohen-la-priere-de-l-absent-de-son-education-a-ses-rencontres\\\/#primaryimage\"},\"thumbnailUrl\":\"https:\\\/\\\/i0.wp.com\\\/culturesco.com\\\/wp-content\\\/uploads\\\/2023\\\/06\\\/cohen-leonard.jpg?fit=600%2C402&ssl=1\",\"datePublished\":\"2023-06-08T14:53:09+00:00\",\"dateModified\":\"2023-06-08T15:48:07+00:00\",\"description\":\"CulturesCo | Leonard Cohen La Pri\u00e8re de l\u2019Absent. Quel est la part de spiritualit\u00e9s dans l'oeuvre du po\u00e8te? De son \u00e9ducation \u00e0 ses rencontres\",\"breadcrumb\":{\"@id\":\"https:\\\/\\\/culturesco.com\\\/index.php\\\/2023\\\/06\\\/08\\\/leonard-cohen-la-priere-de-l-absent-de-son-education-a-ses-rencontres\\\/#breadcrumb\"},\"inLanguage\":\"fr-FR\",\"potentialAction\":[{\"@type\":\"ReadAction\",\"target\":[\"https:\\\/\\\/culturesco.com\\\/index.php\\\/2023\\\/06\\\/08\\\/leonard-cohen-la-priere-de-l-absent-de-son-education-a-ses-rencontres\\\/\"]}]},{\"@type\":\"ImageObject\",\"inLanguage\":\"fr-FR\",\"@id\":\"https:\\\/\\\/culturesco.com\\\/index.php\\\/2023\\\/06\\\/08\\\/leonard-cohen-la-priere-de-l-absent-de-son-education-a-ses-rencontres\\\/#primaryimage\",\"url\":\"https:\\\/\\\/i0.wp.com\\\/culturesco.com\\\/wp-content\\\/uploads\\\/2023\\\/06\\\/cohen-leonard.jpg?fit=600%2C402&ssl=1\",\"contentUrl\":\"https:\\\/\\\/i0.wp.com\\\/culturesco.com\\\/wp-content\\\/uploads\\\/2023\\\/06\\\/cohen-leonard.jpg?fit=600%2C402&ssl=1\",\"width\":600,\"height\":402,\"caption\":\"cohen leonard\"},{\"@type\":\"BreadcrumbList\",\"@id\":\"https:\\\/\\\/culturesco.com\\\/index.php\\\/2023\\\/06\\\/08\\\/leonard-cohen-la-priere-de-l-absent-de-son-education-a-ses-rencontres\\\/#breadcrumb\",\"itemListElement\":[{\"@type\":\"ListItem\",\"position\":1,\"name\":\"Accueil\",\"item\":\"https:\\\/\\\/culturesco.com\\\/\"},{\"@type\":\"ListItem\",\"position\":2,\"name\":\"Leonard COHEN : La Pri\u00e8re de l\u2019Absent\"}]},{\"@type\":\"WebSite\",\"@id\":\"https:\\\/\\\/culturesco.com\\\/#website\",\"url\":\"https:\\\/\\\/culturesco.com\\\/\",\"name\":\"Culturesco\",\"description\":\"Culturesco | Un bon coup de pied dans ta Culture\",\"publisher\":{\"@id\":\"https:\\\/\\\/culturesco.com\\\/#organization\"},\"potentialAction\":[{\"@type\":\"SearchAction\",\"target\":{\"@type\":\"EntryPoint\",\"urlTemplate\":\"https:\\\/\\\/culturesco.com\\\/?s={search_term_string}\"},\"query-input\":{\"@type\":\"PropertyValueSpecification\",\"valueRequired\":true,\"valueName\":\"search_term_string\"}}],\"inLanguage\":\"fr-FR\"},{\"@type\":\"Organization\",\"@id\":\"https:\\\/\\\/culturesco.com\\\/#organization\",\"name\":\"CULTURESCO\",\"url\":\"https:\\\/\\\/culturesco.com\\\/\",\"logo\":{\"@type\":\"ImageObject\",\"inLanguage\":\"fr-FR\",\"@id\":\"https:\\\/\\\/culturesco.com\\\/#\\\/schema\\\/logo\\\/image\\\/\",\"url\":\"https:\\\/\\\/i0.wp.com\\\/culturesco.com\\\/wp-content\\\/uploads\\\/2022\\\/04\\\/culturesco-logo-blanc250p.png?fit=250%2C250&ssl=1\",\"contentUrl\":\"https:\\\/\\\/i0.wp.com\\\/culturesco.com\\\/wp-content\\\/uploads\\\/2022\\\/04\\\/culturesco-logo-blanc250p.png?fit=250%2C250&ssl=1\",\"width\":250,\"height\":250,\"caption\":\"CULTURESCO\"},\"image\":{\"@id\":\"https:\\\/\\\/culturesco.com\\\/#\\\/schema\\\/logo\\\/image\\\/\"},\"sameAs\":[\"https:\\\/\\\/www.facebook.com\\\/radioculturesco\",\"https:\\\/\\\/x.com\\\/AugusteMarshal\",\"https:\\\/\\\/www.instagram.com\\\/carotte_rock_culture\\\/\",\"https:\\\/\\\/www.pinterest.fr\\\/augustemarshal\\\/\",\"https:\\\/\\\/www.youtube.com\\\/channel\\\/UCiWLGffqWSXlNnfzp6YwwyQ\"]},{\"@type\":\"Person\",\"@id\":\"https:\\\/\\\/culturesco.com\\\/#\\\/schema\\\/person\\\/11469c14373ef9a5a920dff3c5896a07\",\"name\":\"G\u00e9rard Bertrand Kamdom-Motsebo\",\"image\":{\"@type\":\"ImageObject\",\"inLanguage\":\"fr-FR\",\"@id\":\"https:\\\/\\\/i0.wp.com\\\/culturesco.com\\\/wp-content\\\/uploads\\\/2023\\\/05\\\/gerard-bertrand-kandom-motsebo.jpg?fit=54%2C96&ssl=1\",\"url\":\"https:\\\/\\\/i0.wp.com\\\/culturesco.com\\\/wp-content\\\/uploads\\\/2023\\\/05\\\/gerard-bertrand-kandom-motsebo.jpg?fit=54%2C96&ssl=1\",\"contentUrl\":\"https:\\\/\\\/i0.wp.com\\\/culturesco.com\\\/wp-content\\\/uploads\\\/2023\\\/05\\\/gerard-bertrand-kandom-motsebo.jpg?fit=54%2C96&ssl=1\",\"caption\":\"G\u00e9rard Bertrand Kamdom-Motsebo\"},\"description\":\"Auteur Culturesco, cr\u00e9ateur des pages et groupes Rock Over Beethoven sur Facebook, administrateur du groupe FB Chanson fran\u00e7aise, madame r\u00eave, chroniqueur sur Carotte Rock Cultures et Radio Culturesco, cet \u00e9rudit \u201ctouche \u00e0 tout\u201d bas\u00e9 au Cameroun, partage quotidiennement son amour de la culture et de l\u2019\u00e9criture avec la verve d\u2019un passionn\u00e9\",\"url\":\"https:\\\/\\\/culturesco.com\\\/index.php\\\/author\\\/gerard-bertrand\\\/\"}]}<\/script>\n<!-- \/ Yoast SEO plugin. -->","yoast_head_json":{"title":"Leonard COHEN : La Pri\u00e8re de l\u2019Absent - Culturesco","description":"CulturesCo | Leonard Cohen La Pri\u00e8re de l\u2019Absent. Quel est la part de spiritualit\u00e9s dans l'oeuvre du po\u00e8te? De son \u00e9ducation \u00e0 ses rencontres","robots":{"index":"index","follow":"follow","max-snippet":"max-snippet:-1","max-image-preview":"max-image-preview:large","max-video-preview":"max-video-preview:-1"},"canonical":"https:\/\/culturesco.com\/index.php\/2023\/06\/08\/leonard-cohen-la-priere-de-l-absent-de-son-education-a-ses-rencontres\/","og_locale":"fr_FR","og_type":"article","og_title":"Leonard COHEN : La Pri\u00e8re de l\u2019Absent - Culturesco","og_description":"CulturesCo | Leonard Cohen La Pri\u00e8re de l\u2019Absent. Quel est la part de spiritualit\u00e9s dans l'oeuvre du po\u00e8te? De son \u00e9ducation \u00e0 ses rencontres","og_url":"https:\/\/culturesco.com\/index.php\/2023\/06\/08\/leonard-cohen-la-priere-de-l-absent-de-son-education-a-ses-rencontres\/","og_site_name":"Culturesco","article_publisher":"https:\/\/www.facebook.com\/radioculturesco","article_published_time":"2023-06-08T14:53:09+00:00","article_modified_time":"2023-06-08T15:48:07+00:00","og_image":[{"width":600,"height":402,"url":"https:\/\/culturesco.com\/wp-content\/uploads\/2023\/06\/cohen-leonard.jpg","type":"image\/jpeg"}],"author":"G\u00e9rard Bertrand Kamdom-Motsebo","twitter_card":"summary_large_image","twitter_creator":"@AugusteMarshal","twitter_site":"@AugusteMarshal","twitter_misc":{"\u00c9crit par":"G\u00e9rard Bertrand Kamdom-Motsebo","Dur\u00e9e de lecture estim\u00e9e":"9 minutes"},"schema":{"@context":"https:\/\/schema.org","@graph":[{"@type":"Article","@id":"https:\/\/culturesco.com\/index.php\/2023\/06\/08\/leonard-cohen-la-priere-de-l-absent-de-son-education-a-ses-rencontres\/#article","isPartOf":{"@id":"https:\/\/culturesco.com\/index.php\/2023\/06\/08\/leonard-cohen-la-priere-de-l-absent-de-son-education-a-ses-rencontres\/"},"author":{"name":"G\u00e9rard Bertrand Kamdom-Motsebo","@id":"https:\/\/culturesco.com\/#\/schema\/person\/11469c14373ef9a5a920dff3c5896a07"},"headline":"Leonard COHEN : La Pri\u00e8re de l\u2019Absent","datePublished":"2023-06-08T14:53:09+00:00","dateModified":"2023-06-08T15:48:07+00:00","mainEntityOfPage":{"@id":"https:\/\/culturesco.com\/index.php\/2023\/06\/08\/leonard-cohen-la-priere-de-l-absent-de-son-education-a-ses-rencontres\/"},"wordCount":1855,"commentCount":0,"publisher":{"@id":"https:\/\/culturesco.com\/#organization"},"image":{"@id":"https:\/\/culturesco.com\/index.php\/2023\/06\/08\/leonard-cohen-la-priere-de-l-absent-de-son-education-a-ses-rencontres\/#primaryimage"},"thumbnailUrl":"https:\/\/i0.wp.com\/culturesco.com\/wp-content\/uploads\/2023\/06\/cohen-leonard.jpg?fit=600%2C402&ssl=1","keywords":["Albums essentiels","Personnalit\u00e9 Rock"],"articleSection":["Carotte Rock Cultures"],"inLanguage":"fr-FR","potentialAction":[{"@type":"CommentAction","name":"Comment","target":["https:\/\/culturesco.com\/index.php\/2023\/06\/08\/leonard-cohen-la-priere-de-l-absent-de-son-education-a-ses-rencontres\/#respond"]}]},{"@type":"WebPage","@id":"https:\/\/culturesco.com\/index.php\/2023\/06\/08\/leonard-cohen-la-priere-de-l-absent-de-son-education-a-ses-rencontres\/","url":"https:\/\/culturesco.com\/index.php\/2023\/06\/08\/leonard-cohen-la-priere-de-l-absent-de-son-education-a-ses-rencontres\/","name":"Leonard COHEN : La Pri\u00e8re de l\u2019Absent - Culturesco","isPartOf":{"@id":"https:\/\/culturesco.com\/#website"},"primaryImageOfPage":{"@id":"https:\/\/culturesco.com\/index.php\/2023\/06\/08\/leonard-cohen-la-priere-de-l-absent-de-son-education-a-ses-rencontres\/#primaryimage"},"image":{"@id":"https:\/\/culturesco.com\/index.php\/2023\/06\/08\/leonard-cohen-la-priere-de-l-absent-de-son-education-a-ses-rencontres\/#primaryimage"},"thumbnailUrl":"https:\/\/i0.wp.com\/culturesco.com\/wp-content\/uploads\/2023\/06\/cohen-leonard.jpg?fit=600%2C402&ssl=1","datePublished":"2023-06-08T14:53:09+00:00","dateModified":"2023-06-08T15:48:07+00:00","description":"CulturesCo | Leonard Cohen La Pri\u00e8re de l\u2019Absent. Quel est la part de spiritualit\u00e9s dans l'oeuvre du po\u00e8te? De son \u00e9ducation \u00e0 ses rencontres","breadcrumb":{"@id":"https:\/\/culturesco.com\/index.php\/2023\/06\/08\/leonard-cohen-la-priere-de-l-absent-de-son-education-a-ses-rencontres\/#breadcrumb"},"inLanguage":"fr-FR","potentialAction":[{"@type":"ReadAction","target":["https:\/\/culturesco.com\/index.php\/2023\/06\/08\/leonard-cohen-la-priere-de-l-absent-de-son-education-a-ses-rencontres\/"]}]},{"@type":"ImageObject","inLanguage":"fr-FR","@id":"https:\/\/culturesco.com\/index.php\/2023\/06\/08\/leonard-cohen-la-priere-de-l-absent-de-son-education-a-ses-rencontres\/#primaryimage","url":"https:\/\/i0.wp.com\/culturesco.com\/wp-content\/uploads\/2023\/06\/cohen-leonard.jpg?fit=600%2C402&ssl=1","contentUrl":"https:\/\/i0.wp.com\/culturesco.com\/wp-content\/uploads\/2023\/06\/cohen-leonard.jpg?fit=600%2C402&ssl=1","width":600,"height":402,"caption":"cohen leonard"},{"@type":"BreadcrumbList","@id":"https:\/\/culturesco.com\/index.php\/2023\/06\/08\/leonard-cohen-la-priere-de-l-absent-de-son-education-a-ses-rencontres\/#breadcrumb","itemListElement":[{"@type":"ListItem","position":1,"name":"Accueil","item":"https:\/\/culturesco.com\/"},{"@type":"ListItem","position":2,"name":"Leonard COHEN : La Pri\u00e8re de l\u2019Absent"}]},{"@type":"WebSite","@id":"https:\/\/culturesco.com\/#website","url":"https:\/\/culturesco.com\/","name":"Culturesco","description":"Culturesco | Un bon coup de pied dans ta Culture","publisher":{"@id":"https:\/\/culturesco.com\/#organization"},"potentialAction":[{"@type":"SearchAction","target":{"@type":"EntryPoint","urlTemplate":"https:\/\/culturesco.com\/?s={search_term_string}"},"query-input":{"@type":"PropertyValueSpecification","valueRequired":true,"valueName":"search_term_string"}}],"inLanguage":"fr-FR"},{"@type":"Organization","@id":"https:\/\/culturesco.com\/#organization","name":"CULTURESCO","url":"https:\/\/culturesco.com\/","logo":{"@type":"ImageObject","inLanguage":"fr-FR","@id":"https:\/\/culturesco.com\/#\/schema\/logo\/image\/","url":"https:\/\/i0.wp.com\/culturesco.com\/wp-content\/uploads\/2022\/04\/culturesco-logo-blanc250p.png?fit=250%2C250&ssl=1","contentUrl":"https:\/\/i0.wp.com\/culturesco.com\/wp-content\/uploads\/2022\/04\/culturesco-logo-blanc250p.png?fit=250%2C250&ssl=1","width":250,"height":250,"caption":"CULTURESCO"},"image":{"@id":"https:\/\/culturesco.com\/#\/schema\/logo\/image\/"},"sameAs":["https:\/\/www.facebook.com\/radioculturesco","https:\/\/x.com\/AugusteMarshal","https:\/\/www.instagram.com\/carotte_rock_culture\/","https:\/\/www.pinterest.fr\/augustemarshal\/","https:\/\/www.youtube.com\/channel\/UCiWLGffqWSXlNnfzp6YwwyQ"]},{"@type":"Person","@id":"https:\/\/culturesco.com\/#\/schema\/person\/11469c14373ef9a5a920dff3c5896a07","name":"G\u00e9rard Bertrand Kamdom-Motsebo","image":{"@type":"ImageObject","inLanguage":"fr-FR","@id":"https:\/\/i0.wp.com\/culturesco.com\/wp-content\/uploads\/2023\/05\/gerard-bertrand-kandom-motsebo.jpg?fit=54%2C96&ssl=1","url":"https:\/\/i0.wp.com\/culturesco.com\/wp-content\/uploads\/2023\/05\/gerard-bertrand-kandom-motsebo.jpg?fit=54%2C96&ssl=1","contentUrl":"https:\/\/i0.wp.com\/culturesco.com\/wp-content\/uploads\/2023\/05\/gerard-bertrand-kandom-motsebo.jpg?fit=54%2C96&ssl=1","caption":"G\u00e9rard Bertrand Kamdom-Motsebo"},"description":"Auteur Culturesco, cr\u00e9ateur des pages et groupes Rock Over Beethoven sur Facebook, administrateur du groupe FB Chanson fran\u00e7aise, madame r\u00eave, chroniqueur sur Carotte Rock Cultures et Radio Culturesco, cet \u00e9rudit \u201ctouche \u00e0 tout\u201d bas\u00e9 au Cameroun, partage quotidiennement son amour de la culture et de l\u2019\u00e9criture avec la verve d\u2019un passionn\u00e9","url":"https:\/\/culturesco.com\/index.php\/author\/gerard-bertrand\/"}]}},"jetpack_featured_media_url":"https:\/\/i0.wp.com\/culturesco.com\/wp-content\/uploads\/2023\/06\/cohen-leonard.jpg?fit=600%2C402&ssl=1","jetpack_likes_enabled":true,"jetpack_sharing_enabled":true,"jetpack_shortlink":"https:\/\/wp.me\/paz89I-5a0","_links":{"self":[{"href":"https:\/\/culturesco.com\/index.php\/wp-json\/wp\/v2\/posts\/19840","targetHints":{"allow":["GET"]}}],"collection":[{"href":"https:\/\/culturesco.com\/index.php\/wp-json\/wp\/v2\/posts"}],"about":[{"href":"https:\/\/culturesco.com\/index.php\/wp-json\/wp\/v2\/types\/post"}],"author":[{"embeddable":true,"href":"https:\/\/culturesco.com\/index.php\/wp-json\/wp\/v2\/users\/17"}],"replies":[{"embeddable":true,"href":"https:\/\/culturesco.com\/index.php\/wp-json\/wp\/v2\/comments?post=19840"}],"version-history":[{"count":0,"href":"https:\/\/culturesco.com\/index.php\/wp-json\/wp\/v2\/posts\/19840\/revisions"}],"wp:featuredmedia":[{"embeddable":true,"href":"https:\/\/culturesco.com\/index.php\/wp-json\/wp\/v2\/media\/19846"}],"wp:attachment":[{"href":"https:\/\/culturesco.com\/index.php\/wp-json\/wp\/v2\/media?parent=19840"}],"wp:term":[{"taxonomy":"category","embeddable":true,"href":"https:\/\/culturesco.com\/index.php\/wp-json\/wp\/v2\/categories?post=19840"},{"taxonomy":"post_tag","embeddable":true,"href":"https:\/\/culturesco.com\/index.php\/wp-json\/wp\/v2\/tags?post=19840"}],"curies":[{"name":"wp","href":"https:\/\/api.w.org\/{rel}","templated":true}]}}