{"id":19637,"date":"2023-04-29T02:44:00","date_gmt":"2023-04-29T00:44:00","guid":{"rendered":"https:\/\/culturesco.com\/?p=19637"},"modified":"2023-04-29T03:40:37","modified_gmt":"2023-04-29T01:40:37","slug":"de-marbre-feu-de-veines","status":"publish","type":"post","link":"https:\/\/culturesco.com\/index.php\/2023\/04\/29\/de-marbre-feu-de-veines\/","title":{"rendered":"De Marbre \u2013 Feu de Veines"},"content":{"rendered":"<h2>Entre Killing Joke Et The Cure<\/h2>\n<figure id=\"attachment_19639\" aria-describedby=\"caption-attachment-19639\" style=\"width: 700px\" class=\"wp-caption aligncenter\"><img data-recalc-dims=\"1\" loading=\"lazy\" decoding=\"async\" class=\"size-full wp-image-19639\" src=\"https:\/\/i0.wp.com\/culturesco.com\/wp-content\/uploads\/2023\/04\/De-Marbre.jpg?resize=696%2C696&#038;ssl=1\" alt=\"De Marbre - Feu de Veines\" width=\"696\" height=\"696\" \/><figcaption id=\"caption-attachment-19639\" class=\"wp-caption-text\">De Marbre &#8211; Feu de Veines<\/figcaption><\/figure>\n<h3>Joyeux Et Sombre<\/h3>\n<p style=\"text-align: justify\">Form\u00e9 en 2019, <strong>ce quatuor lyonnais<\/strong> r\u00e9cent finalement sorte <strong>leur premier album, <\/strong><i><strong>Feu de Veines<\/strong>.<\/i> On reconna\u00eet volontiers certaines influences qu&rsquo;on leur accorde avec joie et tristesse, c&rsquo;est la loi dure et s\u00e9v\u00e8re du post punk, de la new wave et toute cette \u00e9poque magnifique des eighties.<\/p>\n<figure id=\"attachment_19638\" aria-describedby=\"caption-attachment-19638\" style=\"width: 300px\" class=\"wp-caption aligncenter\"><img data-recalc-dims=\"1\" loading=\"lazy\" decoding=\"async\" class=\"size-medium wp-image-19638\" src=\"https:\/\/i0.wp.com\/culturesco.com\/wp-content\/uploads\/2023\/04\/selecIMG_6349-reseaux-bc2.jpg?resize=300%2C199&#038;ssl=1\" alt=\"De Marbre\" width=\"300\" height=\"199\" srcset=\"https:\/\/i0.wp.com\/culturesco.com\/wp-content\/uploads\/2023\/04\/selecIMG_6349-reseaux-bc2.jpg?resize=300%2C199&amp;ssl=1 300w, https:\/\/i0.wp.com\/culturesco.com\/wp-content\/uploads\/2023\/04\/selecIMG_6349-reseaux-bc2.jpg?resize=947%2C627&amp;ssl=1 947w, https:\/\/i0.wp.com\/culturesco.com\/wp-content\/uploads\/2023\/04\/selecIMG_6349-reseaux-bc2.jpg?resize=768%2C508&amp;ssl=1 768w, https:\/\/i0.wp.com\/culturesco.com\/wp-content\/uploads\/2023\/04\/selecIMG_6349-reseaux-bc2.jpg?resize=696%2C461&amp;ssl=1 696w, https:\/\/i0.wp.com\/culturesco.com\/wp-content\/uploads\/2023\/04\/selecIMG_6349-reseaux-bc2.jpg?resize=1068%2C707&amp;ssl=1 1068w, https:\/\/i0.wp.com\/culturesco.com\/wp-content\/uploads\/2023\/04\/selecIMG_6349-reseaux-bc2.jpg?resize=635%2C420&amp;ssl=1 635w, https:\/\/i0.wp.com\/culturesco.com\/wp-content\/uploads\/2023\/04\/selecIMG_6349-reseaux-bc2.jpg?w=600&amp;ssl=1 600w, https:\/\/i0.wp.com\/culturesco.com\/wp-content\/uploads\/2023\/04\/selecIMG_6349-reseaux-bc2.jpg?resize=91%2C60&amp;ssl=1 91w, https:\/\/i0.wp.com\/culturesco.com\/wp-content\/uploads\/2023\/04\/selecIMG_6349-reseaux-bc2.jpg?resize=136%2C90&amp;ssl=1 136w\" sizes=\"auto, (max-width: 300px) 100vw, 300px\" \/><figcaption id=\"caption-attachment-19638\" class=\"wp-caption-text\">De Marbre<\/figcaption><\/figure>\n<p style=\"text-align: justify\"><strong>Force est de constater que cette p\u00e9riode a r\u00e9ellement chang\u00e9 l&rsquo;\u00e9volution musicale rock<\/strong>. Il \u00e9tait temps et cette r\u00e9volution continue de donner des groupes tr\u00e8s excitants comme De Marbre.<\/p>\n<p style=\"text-align: justify\">Alors bien s\u00fbr, allons-y s\u00fbr les r\u00e9f\u00e9rences qui vont de <strong>Killing Joke<\/strong> \u00e0 <strong>The Cure<\/strong> en passant par <strong>Marquis de Sade<\/strong>. Y&rsquo;a pire, quand m\u00eame, non\u00a0?<\/p>\n<h3><em>De Marbre &#8211; Sillon (Live)<\/em><\/h3>\n<div class=\"youtube-embed\" data-video_id=\"9VWlPn2y_xg\"><iframe loading=\"lazy\" title=\"De Marbre Sillon Live Rituale Lugdunum FEST I\" width=\"696\" height=\"392\" src=\"https:\/\/www.youtube.com\/embed\/9VWlPn2y_xg\" frameborder=\"0\" allow=\"accelerometer; autoplay; clipboard-write; encrypted-media; gyroscope; picture-in-picture; web-share\" referrerpolicy=\"strict-origin-when-cross-origin\" allowfullscreen><\/iframe><\/div>\n<p style=\"text-align: justify\">Le chant parl\u00e9, chant\u00e9, en fran\u00e7ais comme en anglais, met en avant des paroles sombres qu&rsquo;accompagnent volontiers une guitare d\u00e9chir\u00e9e, un synth\u00e9 d\u00e9sint\u00e9gr\u00e9 mais m\u00e9lodique, une rythmique qui ne s&rsquo;en laisse pas compter quitte \u00e0 changer de comportement comme sur <strong><i>Sillon<\/i><\/strong> et il y a mieux encore comme <strong><i>Digitale Pourpre<\/i><\/strong> qui ouvre l&rsquo;opus pour nous offrir un bon bain&#8230; de sang \u00e0 venir.`<\/p>\n<h3><em>De Marbre &#8211; Feu De Veines (Live)<\/em><\/h3>\n<div class=\"youtube-embed\" data-video_id=\"wZr5JZIHOdA\"><iframe loading=\"lazy\" title=\"De Marbre - Feu de veine - Live\" width=\"696\" height=\"392\" src=\"https:\/\/www.youtube.com\/embed\/wZr5JZIHOdA\" frameborder=\"0\" allow=\"accelerometer; autoplay; clipboard-write; encrypted-media; gyroscope; picture-in-picture; web-share\" referrerpolicy=\"strict-origin-when-cross-origin\" allowfullscreen><\/iframe><\/div>\n<p style=\"text-align: justify\"><strong>Quant au titre qui termine et donne le nom \u00e0 l&rsquo;album, il offre une percussion sonore et vibrante pour s&rsquo;achever en une fin apocalyptique<\/strong>. Tout cela m\u00e9rite une suite.<\/p>\n<p><strong>De Marbre \u2013 Feu de Veines<\/strong><\/p>\n<p>Autoproduction<\/p>\n<p>sortie le 31 mars 2023<\/p>\n<p><strong>Patrick B\u00e9nard<\/strong><\/p>\n<p style=\"text-align: justify\">\n","protected":false},"excerpt":{"rendered":"<p>Entre Killing Joke Et The Cure Joyeux Et Sombre Form\u00e9 en 2019, ce quatuor lyonnais r\u00e9cent finalement sorte leur premier album, Feu de Veines. On reconna\u00eet volontiers certaines influences qu&rsquo;on leur accorde avec joie et tristesse, c&rsquo;est la loi dure et s\u00e9v\u00e8re du post punk, de la new wave et toute cette \u00e9poque magnifique des [&hellip;]<\/p>\n","protected":false},"author":4,"featured_media":19644,"comment_status":"open","ping_status":"open","sticky":false,"template":"","format":"image","meta":{"jetpack_post_was_ever_published":false,"tdm_status":"","tdm_grid_status":"","_jetpack_newsletter_access":"","_jetpack_dont_email_post_to_subs":false,"_jetpack_newsletter_tier_id":0,"_jetpack_memberships_contains_paywalled_content":false,"_jetpack_memberships_contains_paid_content":false,"footnotes":""},"categories":[30,17,36],"tags":[],"class_list":{"0":"post-19637","1":"post","2":"type-post","3":"status-publish","4":"format-image","5":"has-post-thumbnail","7":"category-albums-rock","8":"category-carotte-rock-cultures","9":"category-groupes-rock-daujourdhui","10":"post_format-post-format-image"},"yoast_head":"<!-- This site is optimized with the Yoast SEO plugin v27.5 - https:\/\/yoast.com\/product\/yoast-seo-wordpress\/ -->\n<title>De Marbre \u2013 Feu de Veines - Culturesco<\/title>\n<meta name=\"description\" content=\"CulturesCo | Un bon coup de pied dans ta Culture | Chroniques et histoire du Rock, chanson fran\u00e7aise, litt\u00e9rature, cin\u00e9ma et bande dessin\u00e9e.\" \/>\n<meta name=\"robots\" content=\"index, follow, max-snippet:-1, max-image-preview:large, max-video-preview:-1\" \/>\n<link rel=\"canonical\" href=\"https:\/\/culturesco.com\/index.php\/2023\/04\/29\/de-marbre-feu-de-veines\/\" \/>\n<meta property=\"og:locale\" content=\"fr_FR\" \/>\n<meta property=\"og:type\" content=\"article\" \/>\n<meta property=\"og:title\" content=\"De Marbre \u2013 Feu de Veines - Culturesco\" \/>\n<meta property=\"og:description\" content=\"CulturesCo | Un bon coup de pied dans ta Culture | Chroniques et histoire du Rock, chanson fran\u00e7aise, litt\u00e9rature, cin\u00e9ma et bande dessin\u00e9e.\" \/>\n<meta property=\"og:url\" content=\"https:\/\/culturesco.com\/index.php\/2023\/04\/29\/de-marbre-feu-de-veines\/\" \/>\n<meta property=\"og:site_name\" content=\"Culturesco\" \/>\n<meta property=\"article:publisher\" content=\"https:\/\/www.facebook.com\/radioculturesco\" \/>\n<meta property=\"article:published_time\" content=\"2023-04-29T00:44:00+00:00\" \/>\n<meta property=\"article:modified_time\" content=\"2023-04-29T01:40:37+00:00\" \/>\n<meta property=\"og:image\" content=\"https:\/\/culturesco.com\/wp-content\/uploads\/2023\/04\/De-Marbre-2.jpg\" \/>\n\t<meta property=\"og:image:width\" content=\"600\" \/>\n\t<meta property=\"og:image:height\" content=\"600\" \/>\n\t<meta property=\"og:image:type\" content=\"image\/jpeg\" \/>\n<meta name=\"author\" content=\"Patrick Benard\" \/>\n<meta name=\"twitter:card\" content=\"summary_large_image\" \/>\n<meta name=\"twitter:creator\" content=\"@AugusteMarshal\" \/>\n<meta name=\"twitter:site\" content=\"@AugusteMarshal\" \/>\n<meta name=\"twitter:label1\" content=\"\u00c9crit par\" \/>\n\t<meta name=\"twitter:data1\" content=\"Patrick Benard\" \/>\n\t<meta name=\"twitter:label2\" content=\"Dur\u00e9e de lecture estim\u00e9e\" \/>\n\t<meta name=\"twitter:data2\" content=\"2 minutes\" \/>\n<script type=\"application\/ld+json\" class=\"yoast-schema-graph\">{\"@context\":\"https:\\\/\\\/schema.org\",\"@graph\":[{\"@type\":\"Article\",\"@id\":\"https:\\\/\\\/culturesco.com\\\/index.php\\\/2023\\\/04\\\/29\\\/de-marbre-feu-de-veines\\\/#article\",\"isPartOf\":{\"@id\":\"https:\\\/\\\/culturesco.com\\\/index.php\\\/2023\\\/04\\\/29\\\/de-marbre-feu-de-veines\\\/\"},\"author\":{\"name\":\"Patrick Benard\",\"@id\":\"https:\\\/\\\/culturesco.com\\\/#\\\/schema\\\/person\\\/c2ddd6724863f3bbd20a8278df0891f3\"},\"headline\":\"De Marbre \u2013 Feu de Veines\",\"datePublished\":\"2023-04-29T00:44:00+00:00\",\"dateModified\":\"2023-04-29T01:40:37+00:00\",\"mainEntityOfPage\":{\"@id\":\"https:\\\/\\\/culturesco.com\\\/index.php\\\/2023\\\/04\\\/29\\\/de-marbre-feu-de-veines\\\/\"},\"wordCount\":295,\"commentCount\":0,\"publisher\":{\"@id\":\"https:\\\/\\\/culturesco.com\\\/#organization\"},\"image\":{\"@id\":\"https:\\\/\\\/culturesco.com\\\/index.php\\\/2023\\\/04\\\/29\\\/de-marbre-feu-de-veines\\\/#primaryimage\"},\"thumbnailUrl\":\"https:\\\/\\\/i0.wp.com\\\/culturesco.com\\\/wp-content\\\/uploads\\\/2023\\\/04\\\/De-Marbre-2.jpg?fit=600%2C600&ssl=1\",\"articleSection\":[\"Albums rock\",\"Carotte Rock Cultures\",\"Groupes rock d'aujourd'hui\"],\"inLanguage\":\"fr-FR\",\"potentialAction\":[{\"@type\":\"CommentAction\",\"name\":\"Comment\",\"target\":[\"https:\\\/\\\/culturesco.com\\\/index.php\\\/2023\\\/04\\\/29\\\/de-marbre-feu-de-veines\\\/#respond\"]}]},{\"@type\":\"WebPage\",\"@id\":\"https:\\\/\\\/culturesco.com\\\/index.php\\\/2023\\\/04\\\/29\\\/de-marbre-feu-de-veines\\\/\",\"url\":\"https:\\\/\\\/culturesco.com\\\/index.php\\\/2023\\\/04\\\/29\\\/de-marbre-feu-de-veines\\\/\",\"name\":\"De Marbre \u2013 Feu de Veines - Culturesco\",\"isPartOf\":{\"@id\":\"https:\\\/\\\/culturesco.com\\\/#website\"},\"primaryImageOfPage\":{\"@id\":\"https:\\\/\\\/culturesco.com\\\/index.php\\\/2023\\\/04\\\/29\\\/de-marbre-feu-de-veines\\\/#primaryimage\"},\"image\":{\"@id\":\"https:\\\/\\\/culturesco.com\\\/index.php\\\/2023\\\/04\\\/29\\\/de-marbre-feu-de-veines\\\/#primaryimage\"},\"thumbnailUrl\":\"https:\\\/\\\/i0.wp.com\\\/culturesco.com\\\/wp-content\\\/uploads\\\/2023\\\/04\\\/De-Marbre-2.jpg?fit=600%2C600&ssl=1\",\"datePublished\":\"2023-04-29T00:44:00+00:00\",\"dateModified\":\"2023-04-29T01:40:37+00:00\",\"description\":\"CulturesCo | Un bon coup de pied dans ta Culture | Chroniques et histoire du Rock, chanson fran\u00e7aise, litt\u00e9rature, cin\u00e9ma et bande dessin\u00e9e.\",\"breadcrumb\":{\"@id\":\"https:\\\/\\\/culturesco.com\\\/index.php\\\/2023\\\/04\\\/29\\\/de-marbre-feu-de-veines\\\/#breadcrumb\"},\"inLanguage\":\"fr-FR\",\"potentialAction\":[{\"@type\":\"ReadAction\",\"target\":[\"https:\\\/\\\/culturesco.com\\\/index.php\\\/2023\\\/04\\\/29\\\/de-marbre-feu-de-veines\\\/\"]}]},{\"@type\":\"ImageObject\",\"inLanguage\":\"fr-FR\",\"@id\":\"https:\\\/\\\/culturesco.com\\\/index.php\\\/2023\\\/04\\\/29\\\/de-marbre-feu-de-veines\\\/#primaryimage\",\"url\":\"https:\\\/\\\/i0.wp.com\\\/culturesco.com\\\/wp-content\\\/uploads\\\/2023\\\/04\\\/De-Marbre-2.jpg?fit=600%2C600&ssl=1\",\"contentUrl\":\"https:\\\/\\\/i0.wp.com\\\/culturesco.com\\\/wp-content\\\/uploads\\\/2023\\\/04\\\/De-Marbre-2.jpg?fit=600%2C600&ssl=1\",\"width\":600,\"height\":600},{\"@type\":\"BreadcrumbList\",\"@id\":\"https:\\\/\\\/culturesco.com\\\/index.php\\\/2023\\\/04\\\/29\\\/de-marbre-feu-de-veines\\\/#breadcrumb\",\"itemListElement\":[{\"@type\":\"ListItem\",\"position\":1,\"name\":\"Accueil\",\"item\":\"https:\\\/\\\/culturesco.com\\\/\"},{\"@type\":\"ListItem\",\"position\":2,\"name\":\"De Marbre \u2013 Feu de Veines\"}]},{\"@type\":\"WebSite\",\"@id\":\"https:\\\/\\\/culturesco.com\\\/#website\",\"url\":\"https:\\\/\\\/culturesco.com\\\/\",\"name\":\"Culturesco\",\"description\":\"Culturesco | Un bon coup de pied dans ta Culture\",\"publisher\":{\"@id\":\"https:\\\/\\\/culturesco.com\\\/#organization\"},\"potentialAction\":[{\"@type\":\"SearchAction\",\"target\":{\"@type\":\"EntryPoint\",\"urlTemplate\":\"https:\\\/\\\/culturesco.com\\\/?s={search_term_string}\"},\"query-input\":{\"@type\":\"PropertyValueSpecification\",\"valueRequired\":true,\"valueName\":\"search_term_string\"}}],\"inLanguage\":\"fr-FR\"},{\"@type\":\"Organization\",\"@id\":\"https:\\\/\\\/culturesco.com\\\/#organization\",\"name\":\"CULTURESCO\",\"url\":\"https:\\\/\\\/culturesco.com\\\/\",\"logo\":{\"@type\":\"ImageObject\",\"inLanguage\":\"fr-FR\",\"@id\":\"https:\\\/\\\/culturesco.com\\\/#\\\/schema\\\/logo\\\/image\\\/\",\"url\":\"https:\\\/\\\/i0.wp.com\\\/culturesco.com\\\/wp-content\\\/uploads\\\/2022\\\/04\\\/culturesco-logo-blanc250p.png?fit=250%2C250&ssl=1\",\"contentUrl\":\"https:\\\/\\\/i0.wp.com\\\/culturesco.com\\\/wp-content\\\/uploads\\\/2022\\\/04\\\/culturesco-logo-blanc250p.png?fit=250%2C250&ssl=1\",\"width\":250,\"height\":250,\"caption\":\"CULTURESCO\"},\"image\":{\"@id\":\"https:\\\/\\\/culturesco.com\\\/#\\\/schema\\\/logo\\\/image\\\/\"},\"sameAs\":[\"https:\\\/\\\/www.facebook.com\\\/radioculturesco\",\"https:\\\/\\\/x.com\\\/AugusteMarshal\",\"https:\\\/\\\/www.instagram.com\\\/carotte_rock_culture\\\/\",\"https:\\\/\\\/www.pinterest.fr\\\/augustemarshal\\\/\",\"https:\\\/\\\/www.youtube.com\\\/channel\\\/UCiWLGffqWSXlNnfzp6YwwyQ\"]},{\"@type\":\"Person\",\"@id\":\"https:\\\/\\\/culturesco.com\\\/#\\\/schema\\\/person\\\/c2ddd6724863f3bbd20a8278df0891f3\",\"name\":\"Patrick Benard\",\"image\":{\"@type\":\"ImageObject\",\"inLanguage\":\"fr-FR\",\"@id\":\"https:\\\/\\\/i0.wp.com\\\/culturesco.com\\\/wp-content\\\/uploads\\\/2019\\\/02\\\/patrick-benard-2.jpg?fit=90%2C96&ssl=1\",\"url\":\"https:\\\/\\\/i0.wp.com\\\/culturesco.com\\\/wp-content\\\/uploads\\\/2019\\\/02\\\/patrick-benard-2.jpg?fit=90%2C96&ssl=1\",\"contentUrl\":\"https:\\\/\\\/i0.wp.com\\\/culturesco.com\\\/wp-content\\\/uploads\\\/2019\\\/02\\\/patrick-benard-2.jpg?fit=90%2C96&ssl=1\",\"caption\":\"Patrick Benard\"},\"description\":\"Ecrivain, chroniqueur, animateur radio, cr\u00e9ateur de la revue \u00ab Cin\u00e9manie \u00bb, autour du cin\u00e9ma dit d\u2019art et d\u2019essai, sp\u00e9cialiste du groupe The Cure, archiviste... 2020 : \\\"Le Post Rock\\\" essai sur le post rock de Mogwa\u00ef \u00e0 Godspeed You Black Emperor - Camion Blanc 2014 : \u00ab On the rocks \u2013le rock de 2007 \u00e0 2014 \u00bb chroniques livres et cd rocks, interviews \u2013Editions Vaillant 2010 : \u00ab Dans la T\u00eate de Robert Smith \u00bb, roman fiction autour de l\u2019histoire des Cure et de Robert Smith \u2013 Edilivres 2007 : \u00ab Chroniques Fr\u00e9n\u00e9tiques, une histoire intime du rock \u00bb, roman, prix Technikart. 2001 : \u00ab Les Iles du D\u00e9sert \u00bb, polar autour du rock \u2013 Editions Nykta\",\"url\":\"https:\\\/\\\/culturesco.com\\\/index.php\\\/author\\\/patrick-benard89\\\/\"}]}<\/script>\n<!-- \/ Yoast SEO plugin. -->","yoast_head_json":{"title":"De Marbre \u2013 Feu de Veines - Culturesco","description":"CulturesCo | Un bon coup de pied dans ta Culture | Chroniques et histoire du Rock, chanson fran\u00e7aise, litt\u00e9rature, cin\u00e9ma et bande dessin\u00e9e.","robots":{"index":"index","follow":"follow","max-snippet":"max-snippet:-1","max-image-preview":"max-image-preview:large","max-video-preview":"max-video-preview:-1"},"canonical":"https:\/\/culturesco.com\/index.php\/2023\/04\/29\/de-marbre-feu-de-veines\/","og_locale":"fr_FR","og_type":"article","og_title":"De Marbre \u2013 Feu de Veines - Culturesco","og_description":"CulturesCo | Un bon coup de pied dans ta Culture | Chroniques et histoire du Rock, chanson fran\u00e7aise, litt\u00e9rature, cin\u00e9ma et bande dessin\u00e9e.","og_url":"https:\/\/culturesco.com\/index.php\/2023\/04\/29\/de-marbre-feu-de-veines\/","og_site_name":"Culturesco","article_publisher":"https:\/\/www.facebook.com\/radioculturesco","article_published_time":"2023-04-29T00:44:00+00:00","article_modified_time":"2023-04-29T01:40:37+00:00","og_image":[{"width":600,"height":600,"url":"https:\/\/culturesco.com\/wp-content\/uploads\/2023\/04\/De-Marbre-2.jpg","type":"image\/jpeg"}],"author":"Patrick Benard","twitter_card":"summary_large_image","twitter_creator":"@AugusteMarshal","twitter_site":"@AugusteMarshal","twitter_misc":{"\u00c9crit par":"Patrick Benard","Dur\u00e9e de lecture estim\u00e9e":"2 minutes"},"schema":{"@context":"https:\/\/schema.org","@graph":[{"@type":"Article","@id":"https:\/\/culturesco.com\/index.php\/2023\/04\/29\/de-marbre-feu-de-veines\/#article","isPartOf":{"@id":"https:\/\/culturesco.com\/index.php\/2023\/04\/29\/de-marbre-feu-de-veines\/"},"author":{"name":"Patrick Benard","@id":"https:\/\/culturesco.com\/#\/schema\/person\/c2ddd6724863f3bbd20a8278df0891f3"},"headline":"De Marbre \u2013 Feu de Veines","datePublished":"2023-04-29T00:44:00+00:00","dateModified":"2023-04-29T01:40:37+00:00","mainEntityOfPage":{"@id":"https:\/\/culturesco.com\/index.php\/2023\/04\/29\/de-marbre-feu-de-veines\/"},"wordCount":295,"commentCount":0,"publisher":{"@id":"https:\/\/culturesco.com\/#organization"},"image":{"@id":"https:\/\/culturesco.com\/index.php\/2023\/04\/29\/de-marbre-feu-de-veines\/#primaryimage"},"thumbnailUrl":"https:\/\/i0.wp.com\/culturesco.com\/wp-content\/uploads\/2023\/04\/De-Marbre-2.jpg?fit=600%2C600&ssl=1","articleSection":["Albums rock","Carotte Rock Cultures","Groupes rock d'aujourd'hui"],"inLanguage":"fr-FR","potentialAction":[{"@type":"CommentAction","name":"Comment","target":["https:\/\/culturesco.com\/index.php\/2023\/04\/29\/de-marbre-feu-de-veines\/#respond"]}]},{"@type":"WebPage","@id":"https:\/\/culturesco.com\/index.php\/2023\/04\/29\/de-marbre-feu-de-veines\/","url":"https:\/\/culturesco.com\/index.php\/2023\/04\/29\/de-marbre-feu-de-veines\/","name":"De Marbre \u2013 Feu de Veines - Culturesco","isPartOf":{"@id":"https:\/\/culturesco.com\/#website"},"primaryImageOfPage":{"@id":"https:\/\/culturesco.com\/index.php\/2023\/04\/29\/de-marbre-feu-de-veines\/#primaryimage"},"image":{"@id":"https:\/\/culturesco.com\/index.php\/2023\/04\/29\/de-marbre-feu-de-veines\/#primaryimage"},"thumbnailUrl":"https:\/\/i0.wp.com\/culturesco.com\/wp-content\/uploads\/2023\/04\/De-Marbre-2.jpg?fit=600%2C600&ssl=1","datePublished":"2023-04-29T00:44:00+00:00","dateModified":"2023-04-29T01:40:37+00:00","description":"CulturesCo | Un bon coup de pied dans ta Culture | Chroniques et histoire du Rock, chanson fran\u00e7aise, litt\u00e9rature, cin\u00e9ma et bande dessin\u00e9e.","breadcrumb":{"@id":"https:\/\/culturesco.com\/index.php\/2023\/04\/29\/de-marbre-feu-de-veines\/#breadcrumb"},"inLanguage":"fr-FR","potentialAction":[{"@type":"ReadAction","target":["https:\/\/culturesco.com\/index.php\/2023\/04\/29\/de-marbre-feu-de-veines\/"]}]},{"@type":"ImageObject","inLanguage":"fr-FR","@id":"https:\/\/culturesco.com\/index.php\/2023\/04\/29\/de-marbre-feu-de-veines\/#primaryimage","url":"https:\/\/i0.wp.com\/culturesco.com\/wp-content\/uploads\/2023\/04\/De-Marbre-2.jpg?fit=600%2C600&ssl=1","contentUrl":"https:\/\/i0.wp.com\/culturesco.com\/wp-content\/uploads\/2023\/04\/De-Marbre-2.jpg?fit=600%2C600&ssl=1","width":600,"height":600},{"@type":"BreadcrumbList","@id":"https:\/\/culturesco.com\/index.php\/2023\/04\/29\/de-marbre-feu-de-veines\/#breadcrumb","itemListElement":[{"@type":"ListItem","position":1,"name":"Accueil","item":"https:\/\/culturesco.com\/"},{"@type":"ListItem","position":2,"name":"De Marbre \u2013 Feu de Veines"}]},{"@type":"WebSite","@id":"https:\/\/culturesco.com\/#website","url":"https:\/\/culturesco.com\/","name":"Culturesco","description":"Culturesco | Un bon coup de pied dans ta Culture","publisher":{"@id":"https:\/\/culturesco.com\/#organization"},"potentialAction":[{"@type":"SearchAction","target":{"@type":"EntryPoint","urlTemplate":"https:\/\/culturesco.com\/?s={search_term_string}"},"query-input":{"@type":"PropertyValueSpecification","valueRequired":true,"valueName":"search_term_string"}}],"inLanguage":"fr-FR"},{"@type":"Organization","@id":"https:\/\/culturesco.com\/#organization","name":"CULTURESCO","url":"https:\/\/culturesco.com\/","logo":{"@type":"ImageObject","inLanguage":"fr-FR","@id":"https:\/\/culturesco.com\/#\/schema\/logo\/image\/","url":"https:\/\/i0.wp.com\/culturesco.com\/wp-content\/uploads\/2022\/04\/culturesco-logo-blanc250p.png?fit=250%2C250&ssl=1","contentUrl":"https:\/\/i0.wp.com\/culturesco.com\/wp-content\/uploads\/2022\/04\/culturesco-logo-blanc250p.png?fit=250%2C250&ssl=1","width":250,"height":250,"caption":"CULTURESCO"},"image":{"@id":"https:\/\/culturesco.com\/#\/schema\/logo\/image\/"},"sameAs":["https:\/\/www.facebook.com\/radioculturesco","https:\/\/x.com\/AugusteMarshal","https:\/\/www.instagram.com\/carotte_rock_culture\/","https:\/\/www.pinterest.fr\/augustemarshal\/","https:\/\/www.youtube.com\/channel\/UCiWLGffqWSXlNnfzp6YwwyQ"]},{"@type":"Person","@id":"https:\/\/culturesco.com\/#\/schema\/person\/c2ddd6724863f3bbd20a8278df0891f3","name":"Patrick Benard","image":{"@type":"ImageObject","inLanguage":"fr-FR","@id":"https:\/\/i0.wp.com\/culturesco.com\/wp-content\/uploads\/2019\/02\/patrick-benard-2.jpg?fit=90%2C96&ssl=1","url":"https:\/\/i0.wp.com\/culturesco.com\/wp-content\/uploads\/2019\/02\/patrick-benard-2.jpg?fit=90%2C96&ssl=1","contentUrl":"https:\/\/i0.wp.com\/culturesco.com\/wp-content\/uploads\/2019\/02\/patrick-benard-2.jpg?fit=90%2C96&ssl=1","caption":"Patrick Benard"},"description":"Ecrivain, chroniqueur, animateur radio, cr\u00e9ateur de la revue \u00ab Cin\u00e9manie \u00bb, autour du cin\u00e9ma dit d\u2019art et d\u2019essai, sp\u00e9cialiste du groupe The Cure, archiviste... 2020 : \"Le Post Rock\" essai sur le post rock de Mogwa\u00ef \u00e0 Godspeed You Black Emperor - Camion Blanc 2014 : \u00ab On the rocks \u2013le rock de 2007 \u00e0 2014 \u00bb chroniques livres et cd rocks, interviews \u2013Editions Vaillant 2010 : \u00ab Dans la T\u00eate de Robert Smith \u00bb, roman fiction autour de l\u2019histoire des Cure et de Robert Smith \u2013 Edilivres 2007 : \u00ab Chroniques Fr\u00e9n\u00e9tiques, une histoire intime du rock \u00bb, roman, prix Technikart. 2001 : \u00ab Les Iles du D\u00e9sert \u00bb, polar autour du rock \u2013 Editions Nykta","url":"https:\/\/culturesco.com\/index.php\/author\/patrick-benard89\/"}]}},"jetpack_featured_media_url":"https:\/\/i0.wp.com\/culturesco.com\/wp-content\/uploads\/2023\/04\/De-Marbre-2.jpg?fit=600%2C600&ssl=1","jetpack_likes_enabled":true,"jetpack_sharing_enabled":true,"jetpack_shortlink":"https:\/\/wp.me\/paz89I-56J","_links":{"self":[{"href":"https:\/\/culturesco.com\/index.php\/wp-json\/wp\/v2\/posts\/19637","targetHints":{"allow":["GET"]}}],"collection":[{"href":"https:\/\/culturesco.com\/index.php\/wp-json\/wp\/v2\/posts"}],"about":[{"href":"https:\/\/culturesco.com\/index.php\/wp-json\/wp\/v2\/types\/post"}],"author":[{"embeddable":true,"href":"https:\/\/culturesco.com\/index.php\/wp-json\/wp\/v2\/users\/4"}],"replies":[{"embeddable":true,"href":"https:\/\/culturesco.com\/index.php\/wp-json\/wp\/v2\/comments?post=19637"}],"version-history":[{"count":0,"href":"https:\/\/culturesco.com\/index.php\/wp-json\/wp\/v2\/posts\/19637\/revisions"}],"wp:featuredmedia":[{"embeddable":true,"href":"https:\/\/culturesco.com\/index.php\/wp-json\/wp\/v2\/media\/19644"}],"wp:attachment":[{"href":"https:\/\/culturesco.com\/index.php\/wp-json\/wp\/v2\/media?parent=19637"}],"wp:term":[{"taxonomy":"category","embeddable":true,"href":"https:\/\/culturesco.com\/index.php\/wp-json\/wp\/v2\/categories?post=19637"},{"taxonomy":"post_tag","embeddable":true,"href":"https:\/\/culturesco.com\/index.php\/wp-json\/wp\/v2\/tags?post=19637"}],"curies":[{"name":"wp","href":"https:\/\/api.w.org\/{rel}","templated":true}]}}