{"id":19477,"date":"2023-04-13T02:16:57","date_gmt":"2023-04-13T00:16:57","guid":{"rendered":"https:\/\/culturesco.com\/?p=19477"},"modified":"2023-04-13T02:16:57","modified_gmt":"2023-04-13T00:16:57","slug":"okidoki-au-dela-des-brumes","status":"publish","type":"post","link":"https:\/\/culturesco.com\/index.php\/2023\/04\/13\/okidoki-au-dela-des-brumes\/","title":{"rendered":"Okidoki \u2013 Au-del\u00e0 des Brumes"},"content":{"rendered":"<h2 style=\"text-align: justify\">Du Jazz Contemporain<\/h2>\n<figure id=\"attachment_19478\" aria-describedby=\"caption-attachment-19478\" style=\"width: 300px\" class=\"wp-caption aligncenter\"><img data-recalc-dims=\"1\" loading=\"lazy\" decoding=\"async\" class=\"size-medium wp-image-19478\" src=\"https:\/\/i0.wp.com\/culturesco.com\/wp-content\/uploads\/2023\/04\/Okidoki.jpeg?resize=300%2C265&#038;ssl=1\" alt=\"Okidoki - Au-del\u00e0 des Brumes\" width=\"300\" height=\"265\" srcset=\"https:\/\/i0.wp.com\/culturesco.com\/wp-content\/uploads\/2023\/04\/Okidoki.jpeg?resize=300%2C265&amp;ssl=1 300w, https:\/\/i0.wp.com\/culturesco.com\/wp-content\/uploads\/2023\/04\/Okidoki.jpeg?resize=710%2C627&amp;ssl=1 710w, https:\/\/i0.wp.com\/culturesco.com\/wp-content\/uploads\/2023\/04\/Okidoki.jpeg?resize=768%2C678&amp;ssl=1 768w, https:\/\/i0.wp.com\/culturesco.com\/wp-content\/uploads\/2023\/04\/Okidoki.jpeg?resize=1536%2C1356&amp;ssl=1 1536w, https:\/\/i0.wp.com\/culturesco.com\/wp-content\/uploads\/2023\/04\/Okidoki.jpeg?resize=696%2C614&amp;ssl=1 696w, https:\/\/i0.wp.com\/culturesco.com\/wp-content\/uploads\/2023\/04\/Okidoki.jpeg?resize=1068%2C943&amp;ssl=1 1068w, https:\/\/i0.wp.com\/culturesco.com\/wp-content\/uploads\/2023\/04\/Okidoki.jpeg?resize=476%2C420&amp;ssl=1 476w, https:\/\/i0.wp.com\/culturesco.com\/wp-content\/uploads\/2023\/04\/Okidoki.jpeg?w=600&amp;ssl=1 600w, https:\/\/i0.wp.com\/culturesco.com\/wp-content\/uploads\/2023\/04\/Okidoki.jpeg?resize=68%2C60&amp;ssl=1 68w, https:\/\/i0.wp.com\/culturesco.com\/wp-content\/uploads\/2023\/04\/Okidoki.jpeg?resize=102%2C90&amp;ssl=1 102w\" sizes=\"auto, (max-width: 300px) 100vw, 300px\" \/><figcaption id=\"caption-attachment-19478\" class=\"wp-caption-text\">Okidoki &#8211; Au-del\u00e0 des Brumes<\/figcaption><\/figure>\n<h3 style=\"text-align: justify\">Un Quatuor Bien Europ\u00e9en<\/h3>\n<p style=\"text-align: justify\">Un coin de musique qu&rsquo;il est inhabituel de fr\u00e9quenter pour diff\u00e9rentes raisons personnelles\u00a0: <strong>le jazz<\/strong>. Il est pourtant aussi important que<strong> le blues<\/strong> pour inciter <strong>les d\u00e9buts du rock<\/strong>. Pas question de refaire, ici, une histoire de cette musique, il existe une centaine de bouquins parfait sur le sujet.<\/p>\n<h3><em>Okidoki &#8211; Teaser \u00ab\u00a0Au-del\u00e0 des Brumes\u00a0\u00bb<\/em><\/h3>\n<div class=\"youtube-embed\" data-video_id=\"sKX9tSEGjnw\"><iframe loading=\"lazy\" title=\"TEASER 2023 OKIDOKI quartet &quot;Au-del\u00e0 des brumes&quot;\" width=\"696\" height=\"392\" src=\"https:\/\/www.youtube.com\/embed\/sKX9tSEGjnw\" frameborder=\"0\" allow=\"accelerometer; autoplay; clipboard-write; encrypted-media; gyroscope; picture-in-picture; web-share\" referrerpolicy=\"strict-origin-when-cross-origin\" allowfullscreen><\/iframe><\/div>\n<p style=\"text-align: justify\">Alors il faut aller dans le contemporain, l&rsquo;actuel, le renouveau peut-\u00eatre. <strong>Okidoki<\/strong>, malgr\u00e9 son nom \u00e0 connotation filmique, s&rsquo;approche des horizons vivants dans une osmose entre le pr\u00e9sent am\u00e9ricain et un pass\u00e9 plus europ\u00e9en (\u00ab\u00a0A Special Day\u00a0\u00bb, par exemple). Paradoxe de ce <strong>quatuor franco-allemand<\/strong> qui affiche m\u00eame des origines musicales slaves. <strong>Anja Kowalski<\/strong> (voix et textes), <strong>Laurent Rochelle<\/strong> (clarinette basse et sax soprano), <strong>Fr\u00e9d\u00e9ric Schadoroff<\/strong> ((piano et synth\u00e9tiseur) et<strong> Jean-Denis Rivaleau<\/strong> (batterie) d\u00e9roulent un<strong> jazz parsem\u00e9 de po\u00e9sie, de swing et d&rsquo;avant-garde<\/strong>.<\/p>\n<h3><em>Okidoki &#8211; A Special Day (video officielle)<\/em><\/h3>\n<div class=\"youtube-embed\" data-video_id=\"sWWZXsLInJI\"><iframe loading=\"lazy\" title=\"A SPECIAL DAY | OKIDOKI\" width=\"696\" height=\"392\" src=\"https:\/\/www.youtube.com\/embed\/sWWZXsLInJI\" frameborder=\"0\" allow=\"accelerometer; autoplay; clipboard-write; encrypted-media; gyroscope; picture-in-picture; web-share\" referrerpolicy=\"strict-origin-when-cross-origin\" allowfullscreen><\/iframe><\/div>\n<p style=\"text-align: justify\">Incontestablement ce groupe a des choses \u00e0 dire et \u00e0 faire entendre avec ce charmant <strong><i>Au-del\u00e0 des Brumes.<\/i> <\/strong>Alors tendons l&rsquo;oreille sur une musique que certains aiment montrer comme \u00e9litiste alors qu&rsquo;elle s&rsquo;est toujours adress\u00e9e \u00e0 tout le monde.<\/p>\n<p style=\"text-align: justify\"><strong>Okidoki \u2013 Au-del\u00e0 des Brumes<\/strong><\/p>\n<p style=\"text-align: justify\">Linoleum \/ Inou\u00ef<\/p>\n<p style=\"text-align: justify\"><i>Sortie le 7 avril 2023<\/i><\/p>\n<p style=\"text-align: justify\"><strong>Patrick B\u00e9nard<\/strong><\/p>\n","protected":false},"excerpt":{"rendered":"<p>Du Jazz Contemporain Un Quatuor Bien Europ\u00e9en Un coin de musique qu&rsquo;il est inhabituel de fr\u00e9quenter pour diff\u00e9rentes raisons personnelles\u00a0: le jazz. Il est pourtant aussi important que le blues pour inciter les d\u00e9buts du rock. Pas question de refaire, ici, une histoire de cette musique, il existe une centaine de bouquins parfait sur le [&hellip;]<\/p>\n","protected":false},"author":4,"featured_media":19478,"comment_status":"open","ping_status":"open","sticky":false,"template":"","format":"image","meta":{"jetpack_post_was_ever_published":false,"tdm_status":"","tdm_grid_status":"","_jetpack_newsletter_access":"","_jetpack_dont_email_post_to_subs":false,"_jetpack_newsletter_tier_id":0,"_jetpack_memberships_contains_paywalled_content":false,"_jetpack_memberships_contains_paid_content":false,"footnotes":""},"categories":[25,65],"tags":[14369,14407,12709,14016,14408],"class_list":{"0":"post-19477","1":"post","2":"type-post","3":"status-publish","4":"format-image","5":"has-post-thumbnail","7":"category-evenements-culturels","8":"category-societe","9":"tag-avant-garde","10":"tag-contemporain","11":"tag-jazz","12":"tag-poesie","13":"tag-quatuor-franco-allemand","14":"post_format-post-format-image"},"yoast_head":"<!-- This site is optimized with the Yoast SEO plugin v27.4 - https:\/\/yoast.com\/product\/yoast-seo-wordpress\/ -->\n<title>Okidoki \u2013 Au-del\u00e0 des Brumes - Culturesco<\/title>\n<meta name=\"description\" content=\"CulturesCo | Un bon coup de pied dans ta Culture | Chroniques et histoire du Rock, chanson fran\u00e7aise, litt\u00e9rature, cin\u00e9ma et bande dessin\u00e9e.\" \/>\n<meta name=\"robots\" content=\"index, follow, max-snippet:-1, max-image-preview:large, max-video-preview:-1\" \/>\n<link rel=\"canonical\" href=\"https:\/\/culturesco.com\/index.php\/2023\/04\/13\/okidoki-au-dela-des-brumes\/\" \/>\n<meta property=\"og:locale\" content=\"fr_FR\" \/>\n<meta property=\"og:type\" content=\"article\" \/>\n<meta property=\"og:title\" content=\"Okidoki \u2013 Au-del\u00e0 des Brumes - Culturesco\" \/>\n<meta property=\"og:description\" content=\"CulturesCo | Un bon coup de pied dans ta Culture | Chroniques et histoire du Rock, chanson fran\u00e7aise, litt\u00e9rature, cin\u00e9ma et bande dessin\u00e9e.\" \/>\n<meta property=\"og:url\" content=\"https:\/\/culturesco.com\/index.php\/2023\/04\/13\/okidoki-au-dela-des-brumes\/\" \/>\n<meta property=\"og:site_name\" content=\"Culturesco\" \/>\n<meta property=\"article:publisher\" content=\"https:\/\/www.facebook.com\/radioculturesco\" \/>\n<meta property=\"article:published_time\" content=\"2023-04-13T00:16:57+00:00\" \/>\n<meta property=\"og:image\" content=\"https:\/\/culturesco.com\/wp-content\/uploads\/2023\/04\/Okidoki.jpeg\" \/>\n\t<meta property=\"og:image:width\" content=\"600\" \/>\n\t<meta property=\"og:image:height\" content=\"530\" \/>\n\t<meta property=\"og:image:type\" content=\"image\/jpeg\" \/>\n<meta name=\"author\" content=\"Patrick Benard\" \/>\n<meta name=\"twitter:card\" content=\"summary_large_image\" \/>\n<meta name=\"twitter:creator\" content=\"@AugusteMarshal\" \/>\n<meta name=\"twitter:site\" content=\"@AugusteMarshal\" \/>\n<meta name=\"twitter:label1\" content=\"\u00c9crit par\" \/>\n\t<meta name=\"twitter:data1\" content=\"Patrick Benard\" \/>\n\t<meta name=\"twitter:label2\" content=\"Dur\u00e9e de lecture estim\u00e9e\" \/>\n\t<meta name=\"twitter:data2\" content=\"2 minutes\" \/>\n<script type=\"application\/ld+json\" class=\"yoast-schema-graph\">{\"@context\":\"https:\\\/\\\/schema.org\",\"@graph\":[{\"@type\":\"Article\",\"@id\":\"https:\\\/\\\/culturesco.com\\\/index.php\\\/2023\\\/04\\\/13\\\/okidoki-au-dela-des-brumes\\\/#article\",\"isPartOf\":{\"@id\":\"https:\\\/\\\/culturesco.com\\\/index.php\\\/2023\\\/04\\\/13\\\/okidoki-au-dela-des-brumes\\\/\"},\"author\":{\"name\":\"Patrick Benard\",\"@id\":\"https:\\\/\\\/culturesco.com\\\/#\\\/schema\\\/person\\\/c2ddd6724863f3bbd20a8278df0891f3\"},\"headline\":\"Okidoki \u2013 Au-del\u00e0 des Brumes\",\"datePublished\":\"2023-04-13T00:16:57+00:00\",\"mainEntityOfPage\":{\"@id\":\"https:\\\/\\\/culturesco.com\\\/index.php\\\/2023\\\/04\\\/13\\\/okidoki-au-dela-des-brumes\\\/\"},\"wordCount\":251,\"commentCount\":0,\"publisher\":{\"@id\":\"https:\\\/\\\/culturesco.com\\\/#organization\"},\"image\":{\"@id\":\"https:\\\/\\\/culturesco.com\\\/index.php\\\/2023\\\/04\\\/13\\\/okidoki-au-dela-des-brumes\\\/#primaryimage\"},\"thumbnailUrl\":\"https:\\\/\\\/i0.wp.com\\\/culturesco.com\\\/wp-content\\\/uploads\\\/2023\\\/04\\\/Okidoki.jpeg?fit=600%2C530&ssl=1\",\"keywords\":[\"avant garde\",\"contemporain\",\"jazz\",\"po\u00e9sie\",\"quatuor franco-allemand\"],\"articleSection\":[\"Ev\u00e9nements culturels\",\"Soci\u00e9t\u00e9\"],\"inLanguage\":\"fr-FR\",\"potentialAction\":[{\"@type\":\"CommentAction\",\"name\":\"Comment\",\"target\":[\"https:\\\/\\\/culturesco.com\\\/index.php\\\/2023\\\/04\\\/13\\\/okidoki-au-dela-des-brumes\\\/#respond\"]}]},{\"@type\":\"WebPage\",\"@id\":\"https:\\\/\\\/culturesco.com\\\/index.php\\\/2023\\\/04\\\/13\\\/okidoki-au-dela-des-brumes\\\/\",\"url\":\"https:\\\/\\\/culturesco.com\\\/index.php\\\/2023\\\/04\\\/13\\\/okidoki-au-dela-des-brumes\\\/\",\"name\":\"Okidoki \u2013 Au-del\u00e0 des Brumes - Culturesco\",\"isPartOf\":{\"@id\":\"https:\\\/\\\/culturesco.com\\\/#website\"},\"primaryImageOfPage\":{\"@id\":\"https:\\\/\\\/culturesco.com\\\/index.php\\\/2023\\\/04\\\/13\\\/okidoki-au-dela-des-brumes\\\/#primaryimage\"},\"image\":{\"@id\":\"https:\\\/\\\/culturesco.com\\\/index.php\\\/2023\\\/04\\\/13\\\/okidoki-au-dela-des-brumes\\\/#primaryimage\"},\"thumbnailUrl\":\"https:\\\/\\\/i0.wp.com\\\/culturesco.com\\\/wp-content\\\/uploads\\\/2023\\\/04\\\/Okidoki.jpeg?fit=600%2C530&ssl=1\",\"datePublished\":\"2023-04-13T00:16:57+00:00\",\"description\":\"CulturesCo | Un bon coup de pied dans ta Culture | Chroniques et histoire du Rock, chanson fran\u00e7aise, litt\u00e9rature, cin\u00e9ma et bande dessin\u00e9e.\",\"breadcrumb\":{\"@id\":\"https:\\\/\\\/culturesco.com\\\/index.php\\\/2023\\\/04\\\/13\\\/okidoki-au-dela-des-brumes\\\/#breadcrumb\"},\"inLanguage\":\"fr-FR\",\"potentialAction\":[{\"@type\":\"ReadAction\",\"target\":[\"https:\\\/\\\/culturesco.com\\\/index.php\\\/2023\\\/04\\\/13\\\/okidoki-au-dela-des-brumes\\\/\"]}]},{\"@type\":\"ImageObject\",\"inLanguage\":\"fr-FR\",\"@id\":\"https:\\\/\\\/culturesco.com\\\/index.php\\\/2023\\\/04\\\/13\\\/okidoki-au-dela-des-brumes\\\/#primaryimage\",\"url\":\"https:\\\/\\\/i0.wp.com\\\/culturesco.com\\\/wp-content\\\/uploads\\\/2023\\\/04\\\/Okidoki.jpeg?fit=600%2C530&ssl=1\",\"contentUrl\":\"https:\\\/\\\/i0.wp.com\\\/culturesco.com\\\/wp-content\\\/uploads\\\/2023\\\/04\\\/Okidoki.jpeg?fit=600%2C530&ssl=1\",\"width\":600,\"height\":530,\"caption\":\"Okidoki - Au-del\u00e0 des Brumes\"},{\"@type\":\"BreadcrumbList\",\"@id\":\"https:\\\/\\\/culturesco.com\\\/index.php\\\/2023\\\/04\\\/13\\\/okidoki-au-dela-des-brumes\\\/#breadcrumb\",\"itemListElement\":[{\"@type\":\"ListItem\",\"position\":1,\"name\":\"Accueil\",\"item\":\"https:\\\/\\\/culturesco.com\\\/\"},{\"@type\":\"ListItem\",\"position\":2,\"name\":\"Okidoki \u2013 Au-del\u00e0 des Brumes\"}]},{\"@type\":\"WebSite\",\"@id\":\"https:\\\/\\\/culturesco.com\\\/#website\",\"url\":\"https:\\\/\\\/culturesco.com\\\/\",\"name\":\"Culturesco\",\"description\":\"Culturesco | Un bon coup de pied dans ta Culture\",\"publisher\":{\"@id\":\"https:\\\/\\\/culturesco.com\\\/#organization\"},\"potentialAction\":[{\"@type\":\"SearchAction\",\"target\":{\"@type\":\"EntryPoint\",\"urlTemplate\":\"https:\\\/\\\/culturesco.com\\\/?s={search_term_string}\"},\"query-input\":{\"@type\":\"PropertyValueSpecification\",\"valueRequired\":true,\"valueName\":\"search_term_string\"}}],\"inLanguage\":\"fr-FR\"},{\"@type\":\"Organization\",\"@id\":\"https:\\\/\\\/culturesco.com\\\/#organization\",\"name\":\"CULTURESCO\",\"url\":\"https:\\\/\\\/culturesco.com\\\/\",\"logo\":{\"@type\":\"ImageObject\",\"inLanguage\":\"fr-FR\",\"@id\":\"https:\\\/\\\/culturesco.com\\\/#\\\/schema\\\/logo\\\/image\\\/\",\"url\":\"https:\\\/\\\/i0.wp.com\\\/culturesco.com\\\/wp-content\\\/uploads\\\/2022\\\/04\\\/culturesco-logo-blanc250p.png?fit=250%2C250&ssl=1\",\"contentUrl\":\"https:\\\/\\\/i0.wp.com\\\/culturesco.com\\\/wp-content\\\/uploads\\\/2022\\\/04\\\/culturesco-logo-blanc250p.png?fit=250%2C250&ssl=1\",\"width\":250,\"height\":250,\"caption\":\"CULTURESCO\"},\"image\":{\"@id\":\"https:\\\/\\\/culturesco.com\\\/#\\\/schema\\\/logo\\\/image\\\/\"},\"sameAs\":[\"https:\\\/\\\/www.facebook.com\\\/radioculturesco\",\"https:\\\/\\\/x.com\\\/AugusteMarshal\",\"https:\\\/\\\/www.instagram.com\\\/carotte_rock_culture\\\/\",\"https:\\\/\\\/www.pinterest.fr\\\/augustemarshal\\\/\",\"https:\\\/\\\/www.youtube.com\\\/channel\\\/UCiWLGffqWSXlNnfzp6YwwyQ\"]},{\"@type\":\"Person\",\"@id\":\"https:\\\/\\\/culturesco.com\\\/#\\\/schema\\\/person\\\/c2ddd6724863f3bbd20a8278df0891f3\",\"name\":\"Patrick Benard\",\"image\":{\"@type\":\"ImageObject\",\"inLanguage\":\"fr-FR\",\"@id\":\"https:\\\/\\\/i0.wp.com\\\/culturesco.com\\\/wp-content\\\/uploads\\\/2019\\\/02\\\/patrick-benard-2.jpg?fit=90%2C96&ssl=1\",\"url\":\"https:\\\/\\\/i0.wp.com\\\/culturesco.com\\\/wp-content\\\/uploads\\\/2019\\\/02\\\/patrick-benard-2.jpg?fit=90%2C96&ssl=1\",\"contentUrl\":\"https:\\\/\\\/i0.wp.com\\\/culturesco.com\\\/wp-content\\\/uploads\\\/2019\\\/02\\\/patrick-benard-2.jpg?fit=90%2C96&ssl=1\",\"caption\":\"Patrick Benard\"},\"description\":\"Ecrivain, chroniqueur, animateur radio, cr\u00e9ateur de la revue \u00ab Cin\u00e9manie \u00bb, autour du cin\u00e9ma dit d\u2019art et d\u2019essai, sp\u00e9cialiste du groupe The Cure, archiviste... 2020 : \\\"Le Post Rock\\\" essai sur le post rock de Mogwa\u00ef \u00e0 Godspeed You Black Emperor - Camion Blanc 2014 : \u00ab On the rocks \u2013le rock de 2007 \u00e0 2014 \u00bb chroniques livres et cd rocks, interviews \u2013Editions Vaillant 2010 : \u00ab Dans la T\u00eate de Robert Smith \u00bb, roman fiction autour de l\u2019histoire des Cure et de Robert Smith \u2013 Edilivres 2007 : \u00ab Chroniques Fr\u00e9n\u00e9tiques, une histoire intime du rock \u00bb, roman, prix Technikart. 2001 : \u00ab Les Iles du D\u00e9sert \u00bb, polar autour du rock \u2013 Editions Nykta\",\"url\":\"https:\\\/\\\/culturesco.com\\\/index.php\\\/author\\\/patrick-benard89\\\/\"}]}<\/script>\n<!-- \/ Yoast SEO plugin. -->","yoast_head_json":{"title":"Okidoki \u2013 Au-del\u00e0 des Brumes - Culturesco","description":"CulturesCo | Un bon coup de pied dans ta Culture | Chroniques et histoire du Rock, chanson fran\u00e7aise, litt\u00e9rature, cin\u00e9ma et bande dessin\u00e9e.","robots":{"index":"index","follow":"follow","max-snippet":"max-snippet:-1","max-image-preview":"max-image-preview:large","max-video-preview":"max-video-preview:-1"},"canonical":"https:\/\/culturesco.com\/index.php\/2023\/04\/13\/okidoki-au-dela-des-brumes\/","og_locale":"fr_FR","og_type":"article","og_title":"Okidoki \u2013 Au-del\u00e0 des Brumes - Culturesco","og_description":"CulturesCo | Un bon coup de pied dans ta Culture | Chroniques et histoire du Rock, chanson fran\u00e7aise, litt\u00e9rature, cin\u00e9ma et bande dessin\u00e9e.","og_url":"https:\/\/culturesco.com\/index.php\/2023\/04\/13\/okidoki-au-dela-des-brumes\/","og_site_name":"Culturesco","article_publisher":"https:\/\/www.facebook.com\/radioculturesco","article_published_time":"2023-04-13T00:16:57+00:00","og_image":[{"width":600,"height":530,"url":"https:\/\/culturesco.com\/wp-content\/uploads\/2023\/04\/Okidoki.jpeg","type":"image\/jpeg"}],"author":"Patrick Benard","twitter_card":"summary_large_image","twitter_creator":"@AugusteMarshal","twitter_site":"@AugusteMarshal","twitter_misc":{"\u00c9crit par":"Patrick Benard","Dur\u00e9e de lecture estim\u00e9e":"2 minutes"},"schema":{"@context":"https:\/\/schema.org","@graph":[{"@type":"Article","@id":"https:\/\/culturesco.com\/index.php\/2023\/04\/13\/okidoki-au-dela-des-brumes\/#article","isPartOf":{"@id":"https:\/\/culturesco.com\/index.php\/2023\/04\/13\/okidoki-au-dela-des-brumes\/"},"author":{"name":"Patrick Benard","@id":"https:\/\/culturesco.com\/#\/schema\/person\/c2ddd6724863f3bbd20a8278df0891f3"},"headline":"Okidoki \u2013 Au-del\u00e0 des Brumes","datePublished":"2023-04-13T00:16:57+00:00","mainEntityOfPage":{"@id":"https:\/\/culturesco.com\/index.php\/2023\/04\/13\/okidoki-au-dela-des-brumes\/"},"wordCount":251,"commentCount":0,"publisher":{"@id":"https:\/\/culturesco.com\/#organization"},"image":{"@id":"https:\/\/culturesco.com\/index.php\/2023\/04\/13\/okidoki-au-dela-des-brumes\/#primaryimage"},"thumbnailUrl":"https:\/\/i0.wp.com\/culturesco.com\/wp-content\/uploads\/2023\/04\/Okidoki.jpeg?fit=600%2C530&ssl=1","keywords":["avant garde","contemporain","jazz","po\u00e9sie","quatuor franco-allemand"],"articleSection":["Ev\u00e9nements culturels","Soci\u00e9t\u00e9"],"inLanguage":"fr-FR","potentialAction":[{"@type":"CommentAction","name":"Comment","target":["https:\/\/culturesco.com\/index.php\/2023\/04\/13\/okidoki-au-dela-des-brumes\/#respond"]}]},{"@type":"WebPage","@id":"https:\/\/culturesco.com\/index.php\/2023\/04\/13\/okidoki-au-dela-des-brumes\/","url":"https:\/\/culturesco.com\/index.php\/2023\/04\/13\/okidoki-au-dela-des-brumes\/","name":"Okidoki \u2013 Au-del\u00e0 des Brumes - Culturesco","isPartOf":{"@id":"https:\/\/culturesco.com\/#website"},"primaryImageOfPage":{"@id":"https:\/\/culturesco.com\/index.php\/2023\/04\/13\/okidoki-au-dela-des-brumes\/#primaryimage"},"image":{"@id":"https:\/\/culturesco.com\/index.php\/2023\/04\/13\/okidoki-au-dela-des-brumes\/#primaryimage"},"thumbnailUrl":"https:\/\/i0.wp.com\/culturesco.com\/wp-content\/uploads\/2023\/04\/Okidoki.jpeg?fit=600%2C530&ssl=1","datePublished":"2023-04-13T00:16:57+00:00","description":"CulturesCo | Un bon coup de pied dans ta Culture | Chroniques et histoire du Rock, chanson fran\u00e7aise, litt\u00e9rature, cin\u00e9ma et bande dessin\u00e9e.","breadcrumb":{"@id":"https:\/\/culturesco.com\/index.php\/2023\/04\/13\/okidoki-au-dela-des-brumes\/#breadcrumb"},"inLanguage":"fr-FR","potentialAction":[{"@type":"ReadAction","target":["https:\/\/culturesco.com\/index.php\/2023\/04\/13\/okidoki-au-dela-des-brumes\/"]}]},{"@type":"ImageObject","inLanguage":"fr-FR","@id":"https:\/\/culturesco.com\/index.php\/2023\/04\/13\/okidoki-au-dela-des-brumes\/#primaryimage","url":"https:\/\/i0.wp.com\/culturesco.com\/wp-content\/uploads\/2023\/04\/Okidoki.jpeg?fit=600%2C530&ssl=1","contentUrl":"https:\/\/i0.wp.com\/culturesco.com\/wp-content\/uploads\/2023\/04\/Okidoki.jpeg?fit=600%2C530&ssl=1","width":600,"height":530,"caption":"Okidoki - Au-del\u00e0 des Brumes"},{"@type":"BreadcrumbList","@id":"https:\/\/culturesco.com\/index.php\/2023\/04\/13\/okidoki-au-dela-des-brumes\/#breadcrumb","itemListElement":[{"@type":"ListItem","position":1,"name":"Accueil","item":"https:\/\/culturesco.com\/"},{"@type":"ListItem","position":2,"name":"Okidoki \u2013 Au-del\u00e0 des Brumes"}]},{"@type":"WebSite","@id":"https:\/\/culturesco.com\/#website","url":"https:\/\/culturesco.com\/","name":"Culturesco","description":"Culturesco | Un bon coup de pied dans ta Culture","publisher":{"@id":"https:\/\/culturesco.com\/#organization"},"potentialAction":[{"@type":"SearchAction","target":{"@type":"EntryPoint","urlTemplate":"https:\/\/culturesco.com\/?s={search_term_string}"},"query-input":{"@type":"PropertyValueSpecification","valueRequired":true,"valueName":"search_term_string"}}],"inLanguage":"fr-FR"},{"@type":"Organization","@id":"https:\/\/culturesco.com\/#organization","name":"CULTURESCO","url":"https:\/\/culturesco.com\/","logo":{"@type":"ImageObject","inLanguage":"fr-FR","@id":"https:\/\/culturesco.com\/#\/schema\/logo\/image\/","url":"https:\/\/i0.wp.com\/culturesco.com\/wp-content\/uploads\/2022\/04\/culturesco-logo-blanc250p.png?fit=250%2C250&ssl=1","contentUrl":"https:\/\/i0.wp.com\/culturesco.com\/wp-content\/uploads\/2022\/04\/culturesco-logo-blanc250p.png?fit=250%2C250&ssl=1","width":250,"height":250,"caption":"CULTURESCO"},"image":{"@id":"https:\/\/culturesco.com\/#\/schema\/logo\/image\/"},"sameAs":["https:\/\/www.facebook.com\/radioculturesco","https:\/\/x.com\/AugusteMarshal","https:\/\/www.instagram.com\/carotte_rock_culture\/","https:\/\/www.pinterest.fr\/augustemarshal\/","https:\/\/www.youtube.com\/channel\/UCiWLGffqWSXlNnfzp6YwwyQ"]},{"@type":"Person","@id":"https:\/\/culturesco.com\/#\/schema\/person\/c2ddd6724863f3bbd20a8278df0891f3","name":"Patrick Benard","image":{"@type":"ImageObject","inLanguage":"fr-FR","@id":"https:\/\/i0.wp.com\/culturesco.com\/wp-content\/uploads\/2019\/02\/patrick-benard-2.jpg?fit=90%2C96&ssl=1","url":"https:\/\/i0.wp.com\/culturesco.com\/wp-content\/uploads\/2019\/02\/patrick-benard-2.jpg?fit=90%2C96&ssl=1","contentUrl":"https:\/\/i0.wp.com\/culturesco.com\/wp-content\/uploads\/2019\/02\/patrick-benard-2.jpg?fit=90%2C96&ssl=1","caption":"Patrick Benard"},"description":"Ecrivain, chroniqueur, animateur radio, cr\u00e9ateur de la revue \u00ab Cin\u00e9manie \u00bb, autour du cin\u00e9ma dit d\u2019art et d\u2019essai, sp\u00e9cialiste du groupe The Cure, archiviste... 2020 : \"Le Post Rock\" essai sur le post rock de Mogwa\u00ef \u00e0 Godspeed You Black Emperor - Camion Blanc 2014 : \u00ab On the rocks \u2013le rock de 2007 \u00e0 2014 \u00bb chroniques livres et cd rocks, interviews \u2013Editions Vaillant 2010 : \u00ab Dans la T\u00eate de Robert Smith \u00bb, roman fiction autour de l\u2019histoire des Cure et de Robert Smith \u2013 Edilivres 2007 : \u00ab Chroniques Fr\u00e9n\u00e9tiques, une histoire intime du rock \u00bb, roman, prix Technikart. 2001 : \u00ab Les Iles du D\u00e9sert \u00bb, polar autour du rock \u2013 Editions Nykta","url":"https:\/\/culturesco.com\/index.php\/author\/patrick-benard89\/"}]}},"jetpack_featured_media_url":"https:\/\/i0.wp.com\/culturesco.com\/wp-content\/uploads\/2023\/04\/Okidoki.jpeg?fit=600%2C530&ssl=1","jetpack_likes_enabled":true,"jetpack_sharing_enabled":true,"jetpack_shortlink":"https:\/\/wp.me\/paz89I-549","_links":{"self":[{"href":"https:\/\/culturesco.com\/index.php\/wp-json\/wp\/v2\/posts\/19477","targetHints":{"allow":["GET"]}}],"collection":[{"href":"https:\/\/culturesco.com\/index.php\/wp-json\/wp\/v2\/posts"}],"about":[{"href":"https:\/\/culturesco.com\/index.php\/wp-json\/wp\/v2\/types\/post"}],"author":[{"embeddable":true,"href":"https:\/\/culturesco.com\/index.php\/wp-json\/wp\/v2\/users\/4"}],"replies":[{"embeddable":true,"href":"https:\/\/culturesco.com\/index.php\/wp-json\/wp\/v2\/comments?post=19477"}],"version-history":[{"count":0,"href":"https:\/\/culturesco.com\/index.php\/wp-json\/wp\/v2\/posts\/19477\/revisions"}],"wp:featuredmedia":[{"embeddable":true,"href":"https:\/\/culturesco.com\/index.php\/wp-json\/wp\/v2\/media\/19478"}],"wp:attachment":[{"href":"https:\/\/culturesco.com\/index.php\/wp-json\/wp\/v2\/media?parent=19477"}],"wp:term":[{"taxonomy":"category","embeddable":true,"href":"https:\/\/culturesco.com\/index.php\/wp-json\/wp\/v2\/categories?post=19477"},{"taxonomy":"post_tag","embeddable":true,"href":"https:\/\/culturesco.com\/index.php\/wp-json\/wp\/v2\/tags?post=19477"}],"curies":[{"name":"wp","href":"https:\/\/api.w.org\/{rel}","templated":true}]}}