{"id":19445,"date":"2023-04-07T19:56:50","date_gmt":"2023-04-07T17:56:50","guid":{"rendered":"https:\/\/culturesco.com\/?p=19445"},"modified":"2023-04-07T19:56:50","modified_gmt":"2023-04-07T17:56:50","slug":"breton-l-ame-du-rock-celtique","status":"publish","type":"post","link":"https:\/\/culturesco.com\/index.php\/2023\/04\/07\/breton-l-ame-du-rock-celtique\/","title":{"rendered":"BRETONS &#8211; L&rsquo;\u00e2me du rock celtique"},"content":{"rendered":"<h2>BRETONS &#8211; L&rsquo;\u00e2me du rock celtique<\/h2>\n<p><img data-recalc-dims=\"1\" loading=\"lazy\" decoding=\"async\" class=\" wp-image-19446 aligncenter\" src=\"https:\/\/i0.wp.com\/culturesco.com\/wp-content\/uploads\/2023\/04\/BRETONS-Front.jpg?resize=660%2C341&#038;ssl=1\" alt=\"Bretons\" width=\"660\" height=\"341\" srcset=\"https:\/\/i0.wp.com\/culturesco.com\/wp-content\/uploads\/2023\/04\/BRETONS-Front.jpg?resize=300%2C155&amp;ssl=1 300w, https:\/\/i0.wp.com\/culturesco.com\/wp-content\/uploads\/2023\/04\/BRETONS-Front.jpg?resize=768%2C398&amp;ssl=1 768w, https:\/\/i0.wp.com\/culturesco.com\/wp-content\/uploads\/2023\/04\/BRETONS-Front.jpg?resize=696%2C361&amp;ssl=1 696w, https:\/\/i0.wp.com\/culturesco.com\/wp-content\/uploads\/2023\/04\/BRETONS-Front.jpg?resize=1068%2C553&amp;ssl=1 1068w, https:\/\/i0.wp.com\/culturesco.com\/wp-content\/uploads\/2023\/04\/BRETONS-Front.jpg?resize=810%2C420&amp;ssl=1 810w, https:\/\/i0.wp.com\/culturesco.com\/wp-content\/uploads\/2023\/04\/BRETONS-Front.jpg?w=600&amp;ssl=1 600w, https:\/\/i0.wp.com\/culturesco.com\/wp-content\/uploads\/2023\/04\/BRETONS-Front.jpg?resize=116%2C60&amp;ssl=1 116w, https:\/\/i0.wp.com\/culturesco.com\/wp-content\/uploads\/2023\/04\/BRETONS-Front.jpg?resize=174%2C90&amp;ssl=1 174w\" sizes=\"auto, (max-width: 660px) 100vw, 660px\" \/><\/p>\n<p style=\"text-align: justify;\"><strong>Sous la protection de Gwenn ha Du<\/strong>, le drapeau breton \u00e0 neufs bandes \u2013 les quatre blanches repr\u00e9sentant la Basse Bretagne, les cinq noires le Haute Bretagne \u2013 et onze hermines \u2013 symbole de puret\u00e9 \u2013 le collectif <strong>B.R.E.T.O.N.S<\/strong> <strong>livre ce magnifique album de rock celtique<\/strong> \u2026 <strong>ou de rock tout court<\/strong>. \u00ab Rock tout court \u00bb parce que la pr\u00e9sence de bombarde, de biniou, de violon, d\u2019accord\u00e9on, de mandoline \/ banjo et\/ou de fl\u00fbtiau dans les morceaux <strong>ne doit pas en restreindre l\u2019acc\u00e8s \u00e0 un territoire ou une r\u00e9gion<\/strong>. Au si\u00e8cle de l\u2019individualisme, il serait dommage qu\u2019un esprit communautaire vienne grever la <strong>possibilit\u00e9 d\u2019\u00e9coute \u00e0 un plus grand nombre<\/strong>. La qualit\u00e9 et <strong>l\u2019originalit\u00e9<\/strong> de <strong>B.R.E.T.O.N.S<\/strong> ouvre son<strong> r\u00e9pertoire \u00e0 l\u2019international<\/strong>, d\u2019autant plus qu\u2019il propose des <strong>r\u00e9interpr\u00e9tations de chansons<\/strong> d\u00e9j\u00e0 formidables dans leur jus, <strong>magnifi\u00e9es au pr\u00e9sent<\/strong>.<\/p>\n<h3>BRETONS &#8211; Son Ar Chistr<\/h3>\n<div class=\"youtube-embed\" data-video_id=\"DTgM25FCjCw\"><iframe loading=\"lazy\" title=\"BRETONS - Son Ar Chistr [radio edit]\" width=\"696\" height=\"392\" src=\"https:\/\/www.youtube.com\/embed\/DTgM25FCjCw\" frameborder=\"0\" allow=\"accelerometer; autoplay; clipboard-write; encrypted-media; gyroscope; picture-in-picture; web-share\" referrerpolicy=\"strict-origin-when-cross-origin\" allowfullscreen><\/iframe><\/div>\n<p style=\"text-align: justify;\">Ce <strong>patronyme, B.R.E.T.O.N.S<\/strong>, <strong>sied<\/strong> \u00e9videmment <strong>\u00e0 la perfection \u00e0 la musique en pr\u00e9sence.<\/strong> Nonobstant, parmi les <strong>quinze propositions<\/strong> de l\u2019album, outre des titres <strong>chant\u00e9s en breton<\/strong>, d\u2019autres figurent <strong>en fran\u00e7ais ou en anglais<\/strong>. L\u2019amateur de s\u2019exclamer : \u00ab <em>Sec\u2019hed am eus !<\/em> \u00bb (\u00ab <em>J\u2019ai soif !<\/em> \u00bb), peu importe le breuvage, du moment qu\u2019<strong>il y a l\u2019ivresse !<\/strong><\/p>\n<h3>En Vers et Contre Tous<\/h3>\n<div class=\"youtube-embed\" data-video_id=\"KywZLawOMUA\"><iframe loading=\"lazy\" title=\"En vers et contre tous\" width=\"696\" height=\"522\" src=\"https:\/\/www.youtube.com\/embed\/KywZLawOMUA\" frameborder=\"0\" allow=\"accelerometer; autoplay; clipboard-write; encrypted-media; gyroscope; picture-in-picture; web-share\" referrerpolicy=\"strict-origin-when-cross-origin\" allowfullscreen><\/iframe><\/div>\n<p style=\"text-align: justify;\"><strong>Les chansons<\/strong> proviennent, entre autres, des r\u00e9pertoires de <strong><a href=\"https:\/\/www.youtube.com\/watch?v=XcYng3TGq9E\" target=\"_blank\" rel=\"noopener\">Soldat Louis,<\/a> <a href=\"https:\/\/www.youtube.com\/watch?v=YPaz0p2dpEk\" target=\"_blank\" rel=\"noopener\">Flogging Molly<\/a>, <a href=\"https:\/\/www.youtube.com\/watch?v=q38dpXeFemw\" target=\"_blank\" rel=\"noopener\">Armens<\/a>, <a href=\"https:\/\/www.youtube.com\/watch?v=_cDPsPkEtyg\" target=\"_blank\" rel=\"noopener\">Alan Stivell<\/a> <\/strong>(quelle interpr\u00e9tation de la \u00ab Suite Sudarmoricaine \u00bb !), <a href=\"https:\/\/www.youtube.com\/watch?v=7Sphi0t4i7w\" target=\"_blank\" rel=\"noopener\">Tri Yann<\/a>, jusqu\u2019\u00e0 <strong>AC\/DC<\/strong> via un de ses incontournables fleuri de cornemuse \u2013 feu Bon Scott en jouait \u2013 \u00ab <a href=\"https:\/\/www.youtube.com\/watch?v=dU2sUzNyDoA\" target=\"_blank\" rel=\"noopener\">It\u2019s A Long Way To The Top<\/a> \u00bb. Tout du long, <strong>l\u2019ambiance est chaleureuse<\/strong>, bon enfant, fruit d\u2019<strong>un travail impliqu\u00e9<\/strong> ; la d\u00e9contraction ne devant pas nuire \u00e0 l\u2019application.<\/p>\n<h3>BRETONS &#8211; Druken Lullabies<\/h3>\n<div class=\"youtube-embed\" data-video_id=\"WOUKSCo66Es\"><iframe loading=\"lazy\" title=\"Drunken Lullabies\" width=\"696\" height=\"522\" src=\"https:\/\/www.youtube.com\/embed\/WOUKSCo66Es\" frameborder=\"0\" allow=\"accelerometer; autoplay; clipboard-write; encrypted-media; gyroscope; picture-in-picture; web-share\" referrerpolicy=\"strict-origin-when-cross-origin\" allowfullscreen><\/iframe><\/div>\n<p style=\"text-align: justify;\">Ce qu\u2019il y a d\u2019<strong>universel<\/strong> dans cette vision d\u2019un <strong>rock chatoyant<\/strong>, c\u2019est qu\u2019il convient tout aussi bien aux<strong> pubs enfum\u00e9s<\/strong> qu\u2019aux grands <strong>raouts festivaliers.<\/strong> On peut <strong>s\u2019y perdre et s\u2019enflammer<\/strong> \u00e0 deux ou \u00e0 un millier. Ce qui compte, c\u2019est <strong>le partage<\/strong>, le plaisir de <strong>danser et chanter<\/strong> ensemble autour d\u2019un verre de chouchen, de pommeau, de malt ou de houblon ferment\u00e9s. D\u2019un verre de rouge ? Pas de probl\u00e8me ! Ici, <strong>on accepte les compromis !<\/strong> Par contre, suivant en cela la devise de la Bretagne : \u00ab <em>Kentoc\u2019h mervel eget bezan saotret<\/em> \u00bb (\u00ab <em>Plut\u00f4t la mort que la souillure<\/em> \u00bb). La musique, \u00e7a se respecte, il n\u2019est <strong>pas question de la \u00ab saloper \u00bb au pr\u00e9texte de s\u2019amuser.<\/strong> En cela, cet album \u00e9pouse <strong>la tradition<\/strong>.<\/p>\n<h3>L&rsquo;\u00e9tincelle<\/h3>\n<div class=\"youtube-embed\" data-video_id=\"LZqvGDLUhF8\"><iframe loading=\"lazy\" title=\"L&#039;\u00e9tincelle\" width=\"696\" height=\"522\" src=\"https:\/\/www.youtube.com\/embed\/LZqvGDLUhF8\" frameborder=\"0\" allow=\"accelerometer; autoplay; clipboard-write; encrypted-media; gyroscope; picture-in-picture; web-share\" referrerpolicy=\"strict-origin-when-cross-origin\" allowfullscreen><\/iframe><\/div>\n<p style=\"text-align: justify;\">Il y a <strong>du <a href=\"https:\/\/www.youtube.com\/watch?v=HzF0hHb7xMc\" target=\"_blank\" rel=\"noopener\">Dropkick Murphys<\/a>, du <a href=\"https:\/\/www.youtube.com\/watch?v=fvV5mryQF1I\" target=\"_blank\" rel=\"noopener\">Pogues<\/a><\/strong> ainsi qu\u2019un zeste de <strong><a href=\"https:\/\/www.youtube.com\/watch?v=xlabx3GRX0M\" target=\"_blank\" rel=\"noopener\">Glenmor<\/a><\/strong> au pied du ch\u00eane pluri centenaires o\u00f9 tr\u00f4ne le <strong>chaudron de potion magique dans lequel sont tomb\u00e9s les membres de B.R.E.T.O.N.S<\/strong> lorsqu\u2019elle et ils \u00e9taient petits. Et si la plupart des titres sont port\u00e9s par une <strong>voix masculine<\/strong>, certains b\u00e9n\u00e9ficient du cristal tout droit sorti d\u2019entre des <strong>l\u00e8vres f\u00e9minines<\/strong>. Associ\u00e9s, testost\u00e9rone et \u0153strog\u00e8nes produisent <strong>des merveilles d\u2019entrelacs.<\/strong> Traverser les <strong>Monts d\u2019Arr\u00e9e<\/strong>, plonger dans la baie de <strong>Douarnenez<\/strong> \u00e0 la recherche de <strong>Dahud et la ville d\u2019Ys<\/strong>, toiser l\u2019horizon depuis les remparts de <strong>Saint-Malo<\/strong> ou ceux de la citadelle de <strong>Port-Louis<\/strong>, sensations s\u00e9culaires, vivifiantes et unique \u00e0 l\u2019extr\u00e9mit\u00e9 de <strong>penn ar bed<\/strong> (bout du monde) et <strong>Beg Ar Raz<\/strong> (Pointe du Raz).<\/p>\n<h3>BRETONS &#8211; I&rsquo;m Shipping Up To Boston<\/h3>\n<div class=\"youtube-embed\" data-video_id=\"tpC8yzgmV2A\"><iframe loading=\"lazy\" title=\"BRETONS - I&#039;m Shipping up to Boston [Dropkick Murphy&#039;s] - Acoustique\" width=\"696\" height=\"392\" src=\"https:\/\/www.youtube.com\/embed\/tpC8yzgmV2A\" frameborder=\"0\" allow=\"accelerometer; autoplay; clipboard-write; encrypted-media; gyroscope; picture-in-picture; web-share\" referrerpolicy=\"strict-origin-when-cross-origin\" allowfullscreen><\/iframe><\/div>\n<p style=\"text-align: justify;\">Vous l\u2019aimez comment <strong>la cervoise<\/strong>, vous ? <strong>Teint\u00e9e rock et celtique tel que B.R.E.T.O.N.S<\/strong> nous <strong>la propose<\/strong> sur cet album, <strong>on la boit jusqu\u2019\u00e0 la lie !<\/strong><\/p>\n<p style=\"text-align: justify;\">Thierry Dauge<\/p>\n<p><strong>B.R.E.T.O.N.S<\/strong> \u2013 <strong><em>Volume 1<\/em><\/strong> \u2013 Label <em>Aztec Musique<\/em> \u2013 D\u00e9j\u00e0 <strong>disponible dans toutes les disquaireries<\/strong><\/p>\n<blockquote class=\"wp-embedded-content\" data-secret=\"CAOkicWks4\"><p><a href=\"https:\/\/bretons-legroupe.com\/\">HOME<\/a><\/p><\/blockquote>\n<p><iframe loading=\"lazy\" class=\"wp-embedded-content\" sandbox=\"allow-scripts\" security=\"restricted\" style=\"position: absolute; visibility: hidden;\" title=\"\u00ab\u00a0HOME\u00a0\u00bb &#8212; \" src=\"https:\/\/bretons-legroupe.com\/embed\/#?secret=y12a3i0z6b#?secret=CAOkicWks4\" data-secret=\"CAOkicWks4\" width=\"600\" height=\"338\" frameborder=\"0\" marginwidth=\"0\" marginheight=\"0\" scrolling=\"no\"><\/iframe><\/p>\n","protected":false},"excerpt":{"rendered":"<p>BRETONS &#8211; L&rsquo;\u00e2me du rock celtique Sous la protection de Gwenn ha Du, le drapeau breton \u00e0 neufs bandes \u2013 les quatre blanches repr\u00e9sentant la Basse Bretagne, les cinq noires le Haute Bretagne \u2013 et onze hermines \u2013 symbole de puret\u00e9 \u2013 le collectif B.R.E.T.O.N.S livre ce magnifique album de rock celtique \u2026 ou de [&hellip;]<\/p>\n","protected":false},"author":3,"featured_media":19446,"comment_status":"open","ping_status":"open","sticky":false,"template":"","format":"image","meta":{"jetpack_post_was_ever_published":false,"tdm_status":"","tdm_grid_status":"","_jetpack_newsletter_access":"","_jetpack_dont_email_post_to_subs":false,"_jetpack_newsletter_tier_id":0,"_jetpack_memberships_contains_paywalled_content":false,"_jetpack_memberships_contains_paid_content":false,"footnotes":""},"categories":[30,17,36],"tags":[37,52,51],"class_list":{"0":"post-19445","1":"post","2":"type-post","3":"status-publish","4":"format-image","5":"has-post-thumbnail","7":"category-albums-rock","8":"category-carotte-rock-cultures","9":"category-groupes-rock-daujourdhui","10":"tag-album-rock","11":"tag-groupe-rock-actuel","12":"tag-rock-francais","13":"post_format-post-format-image"},"yoast_head":"<!-- This site is optimized with the Yoast SEO plugin v27.5 - https:\/\/yoast.com\/product\/yoast-seo-wordpress\/ -->\n<title>BRETONS - L&#039;\u00e2me du rock celtique - Culturesco<\/title>\n<meta name=\"description\" content=\"CulturesCo | Vous l\u2019aimez comment la cervoise ? Rock et celtique, B.R.E.T.O.N.S nous la propose sur cet album. Un divin breuvage.\" \/>\n<meta name=\"robots\" content=\"index, follow, max-snippet:-1, max-image-preview:large, max-video-preview:-1\" \/>\n<link rel=\"canonical\" href=\"https:\/\/culturesco.com\/index.php\/2023\/04\/07\/breton-l-ame-du-rock-celtique\/\" \/>\n<meta property=\"og:locale\" content=\"fr_FR\" \/>\n<meta property=\"og:type\" content=\"article\" \/>\n<meta property=\"og:title\" content=\"BRETONS - L&#039;\u00e2me du rock celtique - Culturesco\" \/>\n<meta property=\"og:description\" content=\"CulturesCo | Vous l\u2019aimez comment la cervoise ? Rock et celtique, B.R.E.T.O.N.S nous la propose sur cet album. Un divin breuvage.\" \/>\n<meta property=\"og:url\" content=\"https:\/\/culturesco.com\/index.php\/2023\/04\/07\/breton-l-ame-du-rock-celtique\/\" \/>\n<meta property=\"og:site_name\" content=\"Culturesco\" \/>\n<meta property=\"article:publisher\" content=\"https:\/\/www.facebook.com\/radioculturesco\" \/>\n<meta property=\"article:published_time\" content=\"2023-04-07T17:56:50+00:00\" \/>\n<meta property=\"og:image\" content=\"https:\/\/culturesco.com\/wp-content\/uploads\/2023\/04\/BRETONS-Front.jpg\" \/>\n\t<meta property=\"og:image:width\" content=\"600\" \/>\n\t<meta property=\"og:image:height\" content=\"311\" \/>\n\t<meta property=\"og:image:type\" content=\"image\/jpeg\" \/>\n<meta name=\"author\" content=\"Thierry Dauge\" \/>\n<meta name=\"twitter:card\" content=\"summary_large_image\" \/>\n<meta name=\"twitter:creator\" content=\"@AugusteMarshal\" \/>\n<meta name=\"twitter:site\" content=\"@AugusteMarshal\" \/>\n<meta name=\"twitter:label1\" content=\"\u00c9crit par\" \/>\n\t<meta name=\"twitter:data1\" content=\"Thierry Dauge\" \/>\n\t<meta name=\"twitter:label2\" content=\"Dur\u00e9e de lecture estim\u00e9e\" \/>\n\t<meta name=\"twitter:data2\" content=\"4 minutes\" \/>\n<script type=\"application\/ld+json\" class=\"yoast-schema-graph\">{\"@context\":\"https:\\\/\\\/schema.org\",\"@graph\":[{\"@type\":\"Article\",\"@id\":\"https:\\\/\\\/culturesco.com\\\/index.php\\\/2023\\\/04\\\/07\\\/breton-l-ame-du-rock-celtique\\\/#article\",\"isPartOf\":{\"@id\":\"https:\\\/\\\/culturesco.com\\\/index.php\\\/2023\\\/04\\\/07\\\/breton-l-ame-du-rock-celtique\\\/\"},\"author\":{\"name\":\"Thierry Dauge\",\"@id\":\"https:\\\/\\\/culturesco.com\\\/#\\\/schema\\\/person\\\/19f04cf232d246197f6e7d62abe6cb0e\"},\"headline\":\"BRETONS &#8211; L&rsquo;\u00e2me du rock celtique\",\"datePublished\":\"2023-04-07T17:56:50+00:00\",\"mainEntityOfPage\":{\"@id\":\"https:\\\/\\\/culturesco.com\\\/index.php\\\/2023\\\/04\\\/07\\\/breton-l-ame-du-rock-celtique\\\/\"},\"wordCount\":716,\"commentCount\":0,\"publisher\":{\"@id\":\"https:\\\/\\\/culturesco.com\\\/#organization\"},\"image\":{\"@id\":\"https:\\\/\\\/culturesco.com\\\/index.php\\\/2023\\\/04\\\/07\\\/breton-l-ame-du-rock-celtique\\\/#primaryimage\"},\"thumbnailUrl\":\"https:\\\/\\\/i0.wp.com\\\/culturesco.com\\\/wp-content\\\/uploads\\\/2023\\\/04\\\/BRETONS-Front.jpg?fit=600%2C311&ssl=1\",\"keywords\":[\"album rock\",\"groupe rock actuel\",\"Rock fran\u00e7ais\"],\"articleSection\":[\"Albums rock\",\"Carotte Rock Cultures\",\"Groupes rock d'aujourd'hui\"],\"inLanguage\":\"fr-FR\",\"potentialAction\":[{\"@type\":\"CommentAction\",\"name\":\"Comment\",\"target\":[\"https:\\\/\\\/culturesco.com\\\/index.php\\\/2023\\\/04\\\/07\\\/breton-l-ame-du-rock-celtique\\\/#respond\"]}]},{\"@type\":\"WebPage\",\"@id\":\"https:\\\/\\\/culturesco.com\\\/index.php\\\/2023\\\/04\\\/07\\\/breton-l-ame-du-rock-celtique\\\/\",\"url\":\"https:\\\/\\\/culturesco.com\\\/index.php\\\/2023\\\/04\\\/07\\\/breton-l-ame-du-rock-celtique\\\/\",\"name\":\"BRETONS - L'\u00e2me du rock celtique - Culturesco\",\"isPartOf\":{\"@id\":\"https:\\\/\\\/culturesco.com\\\/#website\"},\"primaryImageOfPage\":{\"@id\":\"https:\\\/\\\/culturesco.com\\\/index.php\\\/2023\\\/04\\\/07\\\/breton-l-ame-du-rock-celtique\\\/#primaryimage\"},\"image\":{\"@id\":\"https:\\\/\\\/culturesco.com\\\/index.php\\\/2023\\\/04\\\/07\\\/breton-l-ame-du-rock-celtique\\\/#primaryimage\"},\"thumbnailUrl\":\"https:\\\/\\\/i0.wp.com\\\/culturesco.com\\\/wp-content\\\/uploads\\\/2023\\\/04\\\/BRETONS-Front.jpg?fit=600%2C311&ssl=1\",\"datePublished\":\"2023-04-07T17:56:50+00:00\",\"description\":\"CulturesCo | Vous l\u2019aimez comment la cervoise ? Rock et celtique, B.R.E.T.O.N.S nous la propose sur cet album. Un divin breuvage.\",\"breadcrumb\":{\"@id\":\"https:\\\/\\\/culturesco.com\\\/index.php\\\/2023\\\/04\\\/07\\\/breton-l-ame-du-rock-celtique\\\/#breadcrumb\"},\"inLanguage\":\"fr-FR\",\"potentialAction\":[{\"@type\":\"ReadAction\",\"target\":[\"https:\\\/\\\/culturesco.com\\\/index.php\\\/2023\\\/04\\\/07\\\/breton-l-ame-du-rock-celtique\\\/\"]}]},{\"@type\":\"ImageObject\",\"inLanguage\":\"fr-FR\",\"@id\":\"https:\\\/\\\/culturesco.com\\\/index.php\\\/2023\\\/04\\\/07\\\/breton-l-ame-du-rock-celtique\\\/#primaryimage\",\"url\":\"https:\\\/\\\/i0.wp.com\\\/culturesco.com\\\/wp-content\\\/uploads\\\/2023\\\/04\\\/BRETONS-Front.jpg?fit=600%2C311&ssl=1\",\"contentUrl\":\"https:\\\/\\\/i0.wp.com\\\/culturesco.com\\\/wp-content\\\/uploads\\\/2023\\\/04\\\/BRETONS-Front.jpg?fit=600%2C311&ssl=1\",\"width\":600,\"height\":311,\"caption\":\"Bretons\"},{\"@type\":\"BreadcrumbList\",\"@id\":\"https:\\\/\\\/culturesco.com\\\/index.php\\\/2023\\\/04\\\/07\\\/breton-l-ame-du-rock-celtique\\\/#breadcrumb\",\"itemListElement\":[{\"@type\":\"ListItem\",\"position\":1,\"name\":\"Accueil\",\"item\":\"https:\\\/\\\/culturesco.com\\\/\"},{\"@type\":\"ListItem\",\"position\":2,\"name\":\"BRETONS &#8211; L&#8217;\u00e2me du rock celtique\"}]},{\"@type\":\"WebSite\",\"@id\":\"https:\\\/\\\/culturesco.com\\\/#website\",\"url\":\"https:\\\/\\\/culturesco.com\\\/\",\"name\":\"Culturesco\",\"description\":\"Culturesco | Un bon coup de pied dans ta Culture\",\"publisher\":{\"@id\":\"https:\\\/\\\/culturesco.com\\\/#organization\"},\"potentialAction\":[{\"@type\":\"SearchAction\",\"target\":{\"@type\":\"EntryPoint\",\"urlTemplate\":\"https:\\\/\\\/culturesco.com\\\/?s={search_term_string}\"},\"query-input\":{\"@type\":\"PropertyValueSpecification\",\"valueRequired\":true,\"valueName\":\"search_term_string\"}}],\"inLanguage\":\"fr-FR\"},{\"@type\":\"Organization\",\"@id\":\"https:\\\/\\\/culturesco.com\\\/#organization\",\"name\":\"CULTURESCO\",\"url\":\"https:\\\/\\\/culturesco.com\\\/\",\"logo\":{\"@type\":\"ImageObject\",\"inLanguage\":\"fr-FR\",\"@id\":\"https:\\\/\\\/culturesco.com\\\/#\\\/schema\\\/logo\\\/image\\\/\",\"url\":\"https:\\\/\\\/i0.wp.com\\\/culturesco.com\\\/wp-content\\\/uploads\\\/2022\\\/04\\\/culturesco-logo-blanc250p.png?fit=250%2C250&ssl=1\",\"contentUrl\":\"https:\\\/\\\/i0.wp.com\\\/culturesco.com\\\/wp-content\\\/uploads\\\/2022\\\/04\\\/culturesco-logo-blanc250p.png?fit=250%2C250&ssl=1\",\"width\":250,\"height\":250,\"caption\":\"CULTURESCO\"},\"image\":{\"@id\":\"https:\\\/\\\/culturesco.com\\\/#\\\/schema\\\/logo\\\/image\\\/\"},\"sameAs\":[\"https:\\\/\\\/www.facebook.com\\\/radioculturesco\",\"https:\\\/\\\/x.com\\\/AugusteMarshal\",\"https:\\\/\\\/www.instagram.com\\\/carotte_rock_culture\\\/\",\"https:\\\/\\\/www.pinterest.fr\\\/augustemarshal\\\/\",\"https:\\\/\\\/www.youtube.com\\\/channel\\\/UCiWLGffqWSXlNnfzp6YwwyQ\"]},{\"@type\":\"Person\",\"@id\":\"https:\\\/\\\/culturesco.com\\\/#\\\/schema\\\/person\\\/19f04cf232d246197f6e7d62abe6cb0e\",\"name\":\"Thierry Dauge\",\"image\":{\"@type\":\"ImageObject\",\"inLanguage\":\"fr-FR\",\"@id\":\"https:\\\/\\\/i0.wp.com\\\/culturesco.com\\\/wp-content\\\/uploads\\\/2018\\\/12\\\/Black-Beauty-and-me.jpg?fit=96%2C96&ssl=1\",\"url\":\"https:\\\/\\\/i0.wp.com\\\/culturesco.com\\\/wp-content\\\/uploads\\\/2018\\\/12\\\/Black-Beauty-and-me.jpg?fit=96%2C96&ssl=1\",\"contentUrl\":\"https:\\\/\\\/i0.wp.com\\\/culturesco.com\\\/wp-content\\\/uploads\\\/2018\\\/12\\\/Black-Beauty-and-me.jpg?fit=96%2C96&ssl=1\",\"caption\":\"Thierry Dauge\"},\"description\":\"Amoureux des 70\u2019s et du hard rock en particulier, Thierry Dauge est chroniqueur sur Culturesco par amour de l\u2019\u00e9criture musicale. Co-auteur du livre\\\"Pop rock - Les instruments de l'ombre\\\" aux \u00e9ditions du Camion Blanc, collaborateur de Vivi pour \\\"Mes Ann\u00e9es Trust\\\", auteur de \\\"Sparks\\\" aux \u00e9ditions du Layeur, parce que le rock est loin d'\u00eatre mort ...\",\"url\":\"https:\\\/\\\/culturesco.com\\\/index.php\\\/author\\\/thierry-dauge888\\\/\"}]}<\/script>\n<!-- \/ Yoast SEO plugin. -->","yoast_head_json":{"title":"BRETONS - L'\u00e2me du rock celtique - Culturesco","description":"CulturesCo | Vous l\u2019aimez comment la cervoise ? Rock et celtique, B.R.E.T.O.N.S nous la propose sur cet album. Un divin breuvage.","robots":{"index":"index","follow":"follow","max-snippet":"max-snippet:-1","max-image-preview":"max-image-preview:large","max-video-preview":"max-video-preview:-1"},"canonical":"https:\/\/culturesco.com\/index.php\/2023\/04\/07\/breton-l-ame-du-rock-celtique\/","og_locale":"fr_FR","og_type":"article","og_title":"BRETONS - L'\u00e2me du rock celtique - Culturesco","og_description":"CulturesCo | Vous l\u2019aimez comment la cervoise ? Rock et celtique, B.R.E.T.O.N.S nous la propose sur cet album. Un divin breuvage.","og_url":"https:\/\/culturesco.com\/index.php\/2023\/04\/07\/breton-l-ame-du-rock-celtique\/","og_site_name":"Culturesco","article_publisher":"https:\/\/www.facebook.com\/radioculturesco","article_published_time":"2023-04-07T17:56:50+00:00","og_image":[{"width":600,"height":311,"url":"https:\/\/culturesco.com\/wp-content\/uploads\/2023\/04\/BRETONS-Front.jpg","type":"image\/jpeg"}],"author":"Thierry Dauge","twitter_card":"summary_large_image","twitter_creator":"@AugusteMarshal","twitter_site":"@AugusteMarshal","twitter_misc":{"\u00c9crit par":"Thierry Dauge","Dur\u00e9e de lecture estim\u00e9e":"4 minutes"},"schema":{"@context":"https:\/\/schema.org","@graph":[{"@type":"Article","@id":"https:\/\/culturesco.com\/index.php\/2023\/04\/07\/breton-l-ame-du-rock-celtique\/#article","isPartOf":{"@id":"https:\/\/culturesco.com\/index.php\/2023\/04\/07\/breton-l-ame-du-rock-celtique\/"},"author":{"name":"Thierry Dauge","@id":"https:\/\/culturesco.com\/#\/schema\/person\/19f04cf232d246197f6e7d62abe6cb0e"},"headline":"BRETONS &#8211; L&rsquo;\u00e2me du rock celtique","datePublished":"2023-04-07T17:56:50+00:00","mainEntityOfPage":{"@id":"https:\/\/culturesco.com\/index.php\/2023\/04\/07\/breton-l-ame-du-rock-celtique\/"},"wordCount":716,"commentCount":0,"publisher":{"@id":"https:\/\/culturesco.com\/#organization"},"image":{"@id":"https:\/\/culturesco.com\/index.php\/2023\/04\/07\/breton-l-ame-du-rock-celtique\/#primaryimage"},"thumbnailUrl":"https:\/\/i0.wp.com\/culturesco.com\/wp-content\/uploads\/2023\/04\/BRETONS-Front.jpg?fit=600%2C311&ssl=1","keywords":["album rock","groupe rock actuel","Rock fran\u00e7ais"],"articleSection":["Albums rock","Carotte Rock Cultures","Groupes rock d'aujourd'hui"],"inLanguage":"fr-FR","potentialAction":[{"@type":"CommentAction","name":"Comment","target":["https:\/\/culturesco.com\/index.php\/2023\/04\/07\/breton-l-ame-du-rock-celtique\/#respond"]}]},{"@type":"WebPage","@id":"https:\/\/culturesco.com\/index.php\/2023\/04\/07\/breton-l-ame-du-rock-celtique\/","url":"https:\/\/culturesco.com\/index.php\/2023\/04\/07\/breton-l-ame-du-rock-celtique\/","name":"BRETONS - L'\u00e2me du rock celtique - Culturesco","isPartOf":{"@id":"https:\/\/culturesco.com\/#website"},"primaryImageOfPage":{"@id":"https:\/\/culturesco.com\/index.php\/2023\/04\/07\/breton-l-ame-du-rock-celtique\/#primaryimage"},"image":{"@id":"https:\/\/culturesco.com\/index.php\/2023\/04\/07\/breton-l-ame-du-rock-celtique\/#primaryimage"},"thumbnailUrl":"https:\/\/i0.wp.com\/culturesco.com\/wp-content\/uploads\/2023\/04\/BRETONS-Front.jpg?fit=600%2C311&ssl=1","datePublished":"2023-04-07T17:56:50+00:00","description":"CulturesCo | Vous l\u2019aimez comment la cervoise ? Rock et celtique, B.R.E.T.O.N.S nous la propose sur cet album. Un divin breuvage.","breadcrumb":{"@id":"https:\/\/culturesco.com\/index.php\/2023\/04\/07\/breton-l-ame-du-rock-celtique\/#breadcrumb"},"inLanguage":"fr-FR","potentialAction":[{"@type":"ReadAction","target":["https:\/\/culturesco.com\/index.php\/2023\/04\/07\/breton-l-ame-du-rock-celtique\/"]}]},{"@type":"ImageObject","inLanguage":"fr-FR","@id":"https:\/\/culturesco.com\/index.php\/2023\/04\/07\/breton-l-ame-du-rock-celtique\/#primaryimage","url":"https:\/\/i0.wp.com\/culturesco.com\/wp-content\/uploads\/2023\/04\/BRETONS-Front.jpg?fit=600%2C311&ssl=1","contentUrl":"https:\/\/i0.wp.com\/culturesco.com\/wp-content\/uploads\/2023\/04\/BRETONS-Front.jpg?fit=600%2C311&ssl=1","width":600,"height":311,"caption":"Bretons"},{"@type":"BreadcrumbList","@id":"https:\/\/culturesco.com\/index.php\/2023\/04\/07\/breton-l-ame-du-rock-celtique\/#breadcrumb","itemListElement":[{"@type":"ListItem","position":1,"name":"Accueil","item":"https:\/\/culturesco.com\/"},{"@type":"ListItem","position":2,"name":"BRETONS &#8211; L&#8217;\u00e2me du rock celtique"}]},{"@type":"WebSite","@id":"https:\/\/culturesco.com\/#website","url":"https:\/\/culturesco.com\/","name":"Culturesco","description":"Culturesco | Un bon coup de pied dans ta Culture","publisher":{"@id":"https:\/\/culturesco.com\/#organization"},"potentialAction":[{"@type":"SearchAction","target":{"@type":"EntryPoint","urlTemplate":"https:\/\/culturesco.com\/?s={search_term_string}"},"query-input":{"@type":"PropertyValueSpecification","valueRequired":true,"valueName":"search_term_string"}}],"inLanguage":"fr-FR"},{"@type":"Organization","@id":"https:\/\/culturesco.com\/#organization","name":"CULTURESCO","url":"https:\/\/culturesco.com\/","logo":{"@type":"ImageObject","inLanguage":"fr-FR","@id":"https:\/\/culturesco.com\/#\/schema\/logo\/image\/","url":"https:\/\/i0.wp.com\/culturesco.com\/wp-content\/uploads\/2022\/04\/culturesco-logo-blanc250p.png?fit=250%2C250&ssl=1","contentUrl":"https:\/\/i0.wp.com\/culturesco.com\/wp-content\/uploads\/2022\/04\/culturesco-logo-blanc250p.png?fit=250%2C250&ssl=1","width":250,"height":250,"caption":"CULTURESCO"},"image":{"@id":"https:\/\/culturesco.com\/#\/schema\/logo\/image\/"},"sameAs":["https:\/\/www.facebook.com\/radioculturesco","https:\/\/x.com\/AugusteMarshal","https:\/\/www.instagram.com\/carotte_rock_culture\/","https:\/\/www.pinterest.fr\/augustemarshal\/","https:\/\/www.youtube.com\/channel\/UCiWLGffqWSXlNnfzp6YwwyQ"]},{"@type":"Person","@id":"https:\/\/culturesco.com\/#\/schema\/person\/19f04cf232d246197f6e7d62abe6cb0e","name":"Thierry Dauge","image":{"@type":"ImageObject","inLanguage":"fr-FR","@id":"https:\/\/i0.wp.com\/culturesco.com\/wp-content\/uploads\/2018\/12\/Black-Beauty-and-me.jpg?fit=96%2C96&ssl=1","url":"https:\/\/i0.wp.com\/culturesco.com\/wp-content\/uploads\/2018\/12\/Black-Beauty-and-me.jpg?fit=96%2C96&ssl=1","contentUrl":"https:\/\/i0.wp.com\/culturesco.com\/wp-content\/uploads\/2018\/12\/Black-Beauty-and-me.jpg?fit=96%2C96&ssl=1","caption":"Thierry Dauge"},"description":"Amoureux des 70\u2019s et du hard rock en particulier, Thierry Dauge est chroniqueur sur Culturesco par amour de l\u2019\u00e9criture musicale. Co-auteur du livre\"Pop rock - Les instruments de l'ombre\" aux \u00e9ditions du Camion Blanc, collaborateur de Vivi pour \"Mes Ann\u00e9es Trust\", auteur de \"Sparks\" aux \u00e9ditions du Layeur, parce que le rock est loin d'\u00eatre mort ...","url":"https:\/\/culturesco.com\/index.php\/author\/thierry-dauge888\/"}]}},"jetpack_featured_media_url":"https:\/\/i0.wp.com\/culturesco.com\/wp-content\/uploads\/2023\/04\/BRETONS-Front.jpg?fit=600%2C311&ssl=1","jetpack_likes_enabled":true,"jetpack_sharing_enabled":true,"jetpack_shortlink":"https:\/\/wp.me\/paz89I-53D","_links":{"self":[{"href":"https:\/\/culturesco.com\/index.php\/wp-json\/wp\/v2\/posts\/19445","targetHints":{"allow":["GET"]}}],"collection":[{"href":"https:\/\/culturesco.com\/index.php\/wp-json\/wp\/v2\/posts"}],"about":[{"href":"https:\/\/culturesco.com\/index.php\/wp-json\/wp\/v2\/types\/post"}],"author":[{"embeddable":true,"href":"https:\/\/culturesco.com\/index.php\/wp-json\/wp\/v2\/users\/3"}],"replies":[{"embeddable":true,"href":"https:\/\/culturesco.com\/index.php\/wp-json\/wp\/v2\/comments?post=19445"}],"version-history":[{"count":0,"href":"https:\/\/culturesco.com\/index.php\/wp-json\/wp\/v2\/posts\/19445\/revisions"}],"wp:featuredmedia":[{"embeddable":true,"href":"https:\/\/culturesco.com\/index.php\/wp-json\/wp\/v2\/media\/19446"}],"wp:attachment":[{"href":"https:\/\/culturesco.com\/index.php\/wp-json\/wp\/v2\/media?parent=19445"}],"wp:term":[{"taxonomy":"category","embeddable":true,"href":"https:\/\/culturesco.com\/index.php\/wp-json\/wp\/v2\/categories?post=19445"},{"taxonomy":"post_tag","embeddable":true,"href":"https:\/\/culturesco.com\/index.php\/wp-json\/wp\/v2\/tags?post=19445"}],"curies":[{"name":"wp","href":"https:\/\/api.w.org\/{rel}","templated":true}]}}