{"id":19396,"date":"2023-04-04T03:22:58","date_gmt":"2023-04-04T01:22:58","guid":{"rendered":"https:\/\/culturesco.com\/?p=19396"},"modified":"2023-04-04T03:22:58","modified_gmt":"2023-04-04T01:22:58","slug":"kirstin-innes-reine-dun-jour","status":"publish","type":"post","link":"https:\/\/culturesco.com\/index.php\/2023\/04\/04\/kirstin-innes-reine-dun-jour\/","title":{"rendered":"Kirstin Innes \u2013 Reine D&rsquo;un Jour"},"content":{"rendered":"<h2 style=\"text-align: justify\">Le Tube de l&rsquo;Ann\u00e9e<\/h2>\n<figure id=\"attachment_19397\" aria-describedby=\"caption-attachment-19397\" style=\"width: 193px\" class=\"wp-caption aligncenter\"><img data-recalc-dims=\"1\" loading=\"lazy\" decoding=\"async\" class=\"size-medium wp-image-19397\" src=\"https:\/\/i0.wp.com\/culturesco.com\/wp-content\/uploads\/2023\/04\/Kirstin-Innes.jpeg?resize=193%2C300&#038;ssl=1\" alt=\"Kirstin Innes - Reine d'un Jour\" width=\"193\" height=\"300\" srcset=\"https:\/\/i0.wp.com\/culturesco.com\/wp-content\/uploads\/2023\/04\/Kirstin-Innes.jpeg?resize=193%2C300&amp;ssl=1 193w, https:\/\/i0.wp.com\/culturesco.com\/wp-content\/uploads\/2023\/04\/Kirstin-Innes.jpeg?resize=403%2C627&amp;ssl=1 403w, https:\/\/i0.wp.com\/culturesco.com\/wp-content\/uploads\/2023\/04\/Kirstin-Innes.jpeg?resize=768%2C1195&amp;ssl=1 768w, https:\/\/i0.wp.com\/culturesco.com\/wp-content\/uploads\/2023\/04\/Kirstin-Innes.jpeg?resize=987%2C1536&amp;ssl=1 987w, https:\/\/i0.wp.com\/culturesco.com\/wp-content\/uploads\/2023\/04\/Kirstin-Innes.jpeg?resize=1316%2C2048&amp;ssl=1 1316w, https:\/\/i0.wp.com\/culturesco.com\/wp-content\/uploads\/2023\/04\/Kirstin-Innes.jpeg?resize=696%2C1083&amp;ssl=1 696w, https:\/\/i0.wp.com\/culturesco.com\/wp-content\/uploads\/2023\/04\/Kirstin-Innes.jpeg?resize=1068%2C1662&amp;ssl=1 1068w, https:\/\/i0.wp.com\/culturesco.com\/wp-content\/uploads\/2023\/04\/Kirstin-Innes.jpeg?resize=270%2C420&amp;ssl=1 270w, https:\/\/i0.wp.com\/culturesco.com\/wp-content\/uploads\/2023\/04\/Kirstin-Innes.jpeg?resize=600%2C933&amp;ssl=1 600w, https:\/\/i0.wp.com\/culturesco.com\/wp-content\/uploads\/2023\/04\/Kirstin-Innes.jpeg?resize=39%2C60&amp;ssl=1 39w, https:\/\/i0.wp.com\/culturesco.com\/wp-content\/uploads\/2023\/04\/Kirstin-Innes.jpeg?resize=58%2C90&amp;ssl=1 58w, https:\/\/i0.wp.com\/culturesco.com\/wp-content\/uploads\/2023\/04\/Kirstin-Innes.jpeg?w=386&amp;ssl=1 386w\" sizes=\"auto, (max-width: 193px) 100vw, 193px\" \/><figcaption id=\"caption-attachment-19397\" class=\"wp-caption-text\">Kirstin Innes &#8211; Reine d&rsquo;un Jour<\/figcaption><\/figure>\n<h3 style=\"text-align: justify\">La Descente aux Enfers<\/h3>\n<p style=\"text-align: justify\">Vous rappelez-vous, il y a une bonne trentaine d&rsquo;ann\u00e9es, d&rsquo;une belle jeune femme, rousse, de m\u00e9moire, qui chantait et passait sur \u00e0 peu pr\u00e8s tous les m\u00e9dia du monde ce tube incontournable de pop rock intitul\u00e9 <em><strong>\u00ab\u00a0Rise Up\u00a0\u00bb<\/strong><\/em>\u00a0? Ok, elle fait partie de ces vedettes qui passent \u00e0 tort et \u00e0 travers de celles qu&rsquo;on met en \u00e9g\u00e9rie pour mieux la rabaisser aussi vite. Cela fait partie de la vie des journalistes \u00e0 qui on commande ce genre de chronique ou de reportage.<\/p>\n<p style=\"text-align: justify\">Elle s&rsquo;appelait <strong>Clio Campbell<\/strong>. Ca ne vous dit toujours rien\u00a0?&#8230; Normal, elle n&rsquo;a jamais exist\u00e9. En revanche, vous allez tout savoir de sa vie avec <strong><i>Reine d&rsquo;un Jour<\/i><\/strong>, un roman formidable qui propose de d\u00e9couvrir la vie d&rsquo;une star \u00e9ph\u00e9m\u00e8re avec ceux qui l&rsquo;ont tr\u00e8s bien connue et d&rsquo;autres de passages.<\/p>\n<h3><em>Joan Baez &#8211; Blowin&rsquo; in the Wind (France, 1971)<\/em><\/h3>\n<div class=\"youtube-embed\" data-video_id=\"pWYTtDqKztQ\"><iframe loading=\"lazy\" title=\"Joan Baez - Blowin&#039; in the wind (live in France, 1971)\" width=\"696\" height=\"522\" src=\"https:\/\/www.youtube.com\/embed\/pWYTtDqKztQ\" frameborder=\"0\" allow=\"accelerometer; autoplay; clipboard-write; encrypted-media; gyroscope; picture-in-picture; web-share\" referrerpolicy=\"strict-origin-when-cross-origin\" allowfullscreen><\/iframe><\/div>\n<p style=\"text-align: justify\">Parce qu&rsquo;il ne faut pas r\u00eaver, le roman de <strong>Kirstin Innes<\/strong>, journaliste \u00e9cossaise qui sort son premier livre traduit en France, <strong>d\u00e9bute par la d\u00e9couverte de son suicide \u00e0 la veille de ses cinquante et un ans<\/strong>. Il va donc falloir remonter le cours de sa vie et suivre son triste enterrement.<\/p>\n<p style=\"text-align: justify\"><strong>Oui, elle dispara\u00eet aussi vite qu&rsquo;elle est apparue. Combien en existent-ils ou elles qui ont d\u00fb suivre ce chemin de croix<\/strong> (P\u00e2ques est au go\u00fbt du jour) ?. Un ou deux albums \u00e9gratign\u00e9s par la critique, une refonte de sa vie du c\u00f4t\u00e9 des pauvres et des opprim\u00e9s qui fait marrer tout le monde sauf l&rsquo;int\u00e9ress\u00e9e. Il n&rsquo;y a pas de mal pourtant \u00e0 d\u00e9couvrir une nouvelle <strong>Joan Baez<\/strong>, \u00e0 la fois acoustique et \u00e9lectrique. Mais le monde est cruel, isn&rsquo;t it\u00a0?<\/p>\n<h3><em>Joan Baez &#8211; Le Temps des Cerises (Olympia, Paris, 2019)<\/em><\/h3>\n<div class=\"youtube-embed\" data-video_id=\"qbPEyAw7QY0\"><iframe loading=\"lazy\" title=\"&quot;Le Temps Des Cerises&quot;, Joan Baez - Paris, F\u00e9vrier 2019\" width=\"696\" height=\"392\" src=\"https:\/\/www.youtube.com\/embed\/qbPEyAw7QY0\" frameborder=\"0\" allow=\"accelerometer; autoplay; clipboard-write; encrypted-media; gyroscope; picture-in-picture; web-share\" referrerpolicy=\"strict-origin-when-cross-origin\" allowfullscreen><\/iframe><\/div>\n<p style=\"text-align: justify\">La descente n&rsquo;en sera que plus profonde et irr\u00e9m\u00e9diable sans pour autant que quiconque s&rsquo;en rende compte parmi ses connaissances. <strong>Un livre qui se d\u00e9guste \u00e0 l&rsquo;aube d&rsquo;un printemps pluvieux<\/strong>. Maintenant.<\/p>\n<p style=\"text-align: justify\"><strong>Kirstin Innes \u2013 Reine D&rsquo;un Jour<\/strong><\/p>\n<p style=\"text-align: justify\">M\u00e9taili\u00e9 \u2013 506 pages \u2013 23\u20ac<\/p>\n<p style=\"text-align: justify\"><strong>Patrick B\u00e9nard<\/strong><\/p>\n","protected":false},"excerpt":{"rendered":"<p>Le Tube de l&rsquo;Ann\u00e9e La Descente aux Enfers Vous rappelez-vous, il y a une bonne trentaine d&rsquo;ann\u00e9es, d&rsquo;une belle jeune femme, rousse, de m\u00e9moire, qui chantait et passait sur \u00e0 peu pr\u00e8s tous les m\u00e9dia du monde ce tube incontournable de pop rock intitul\u00e9 \u00ab\u00a0Rise Up\u00a0\u00bb\u00a0? Ok, elle fait partie de ces vedettes qui passent [&hellip;]<\/p>\n","protected":false},"author":4,"featured_media":19397,"comment_status":"open","ping_status":"open","sticky":false,"template":"","format":"image","meta":{"jetpack_post_was_ever_published":false,"tdm_status":"","tdm_grid_status":"","_jetpack_newsletter_access":"","_jetpack_dont_email_post_to_subs":false,"_jetpack_newsletter_tier_id":0,"_jetpack_memberships_contains_paywalled_content":false,"_jetpack_memberships_contains_paid_content":false,"footnotes":""},"categories":[27,66,65],"tags":[13539,42,20,14403,4171,14404],"class_list":{"0":"post-19396","1":"post","2":"type-post","3":"status-publish","4":"format-image","5":"has-post-thumbnail","7":"category-litterature","8":"category-livre-rock","9":"category-societe","10":"tag-folk","11":"tag-litterature","12":"tag-livre-rock","13":"tag-personnalite-rock-fictive","14":"tag-pop-culture","15":"tag-vie-dartiste","16":"post_format-post-format-image"},"yoast_head":"<!-- This site is optimized with the Yoast SEO plugin v27.5 - https:\/\/yoast.com\/product\/yoast-seo-wordpress\/ -->\n<title>Kirstin Innes \u2013 Reine D&#039;un Jour - Culturesco<\/title>\n<meta name=\"description\" content=\"CulturesCo | Un bon coup de pied dans ta Culture | Chroniques et histoire du Rock, chanson fran\u00e7aise, litt\u00e9rature, cin\u00e9ma et bande dessin\u00e9e.\" \/>\n<meta name=\"robots\" content=\"index, follow, max-snippet:-1, max-image-preview:large, max-video-preview:-1\" \/>\n<link rel=\"canonical\" href=\"https:\/\/culturesco.com\/index.php\/2023\/04\/04\/kirstin-innes-reine-dun-jour\/\" \/>\n<meta property=\"og:locale\" content=\"fr_FR\" \/>\n<meta property=\"og:type\" content=\"article\" \/>\n<meta property=\"og:title\" content=\"Kirstin Innes \u2013 Reine D&#039;un Jour - Culturesco\" \/>\n<meta property=\"og:description\" content=\"CulturesCo | Un bon coup de pied dans ta Culture | Chroniques et histoire du Rock, chanson fran\u00e7aise, litt\u00e9rature, cin\u00e9ma et bande dessin\u00e9e.\" \/>\n<meta property=\"og:url\" content=\"https:\/\/culturesco.com\/index.php\/2023\/04\/04\/kirstin-innes-reine-dun-jour\/\" \/>\n<meta property=\"og:site_name\" content=\"Culturesco\" \/>\n<meta property=\"article:publisher\" content=\"https:\/\/www.facebook.com\/radioculturesco\" \/>\n<meta property=\"article:published_time\" content=\"2023-04-04T01:22:58+00:00\" \/>\n<meta property=\"og:image\" content=\"https:\/\/culturesco.com\/wp-content\/uploads\/2023\/04\/Kirstin-Innes.jpeg\" \/>\n\t<meta property=\"og:image:width\" content=\"1639\" \/>\n\t<meta property=\"og:image:height\" content=\"2550\" \/>\n\t<meta property=\"og:image:type\" content=\"image\/jpeg\" \/>\n<meta name=\"author\" content=\"Patrick Benard\" \/>\n<meta name=\"twitter:card\" content=\"summary_large_image\" \/>\n<meta name=\"twitter:creator\" content=\"@AugusteMarshal\" \/>\n<meta name=\"twitter:site\" content=\"@AugusteMarshal\" \/>\n<meta name=\"twitter:label1\" content=\"\u00c9crit par\" \/>\n\t<meta name=\"twitter:data1\" content=\"Patrick Benard\" \/>\n\t<meta name=\"twitter:label2\" content=\"Dur\u00e9e de lecture estim\u00e9e\" \/>\n\t<meta name=\"twitter:data2\" content=\"2 minutes\" \/>\n<script type=\"application\/ld+json\" class=\"yoast-schema-graph\">{\"@context\":\"https:\\\/\\\/schema.org\",\"@graph\":[{\"@type\":\"Article\",\"@id\":\"https:\\\/\\\/culturesco.com\\\/index.php\\\/2023\\\/04\\\/04\\\/kirstin-innes-reine-dun-jour\\\/#article\",\"isPartOf\":{\"@id\":\"https:\\\/\\\/culturesco.com\\\/index.php\\\/2023\\\/04\\\/04\\\/kirstin-innes-reine-dun-jour\\\/\"},\"author\":{\"name\":\"Patrick Benard\",\"@id\":\"https:\\\/\\\/culturesco.com\\\/#\\\/schema\\\/person\\\/c2ddd6724863f3bbd20a8278df0891f3\"},\"headline\":\"Kirstin Innes \u2013 Reine D&rsquo;un Jour\",\"datePublished\":\"2023-04-04T01:22:58+00:00\",\"mainEntityOfPage\":{\"@id\":\"https:\\\/\\\/culturesco.com\\\/index.php\\\/2023\\\/04\\\/04\\\/kirstin-innes-reine-dun-jour\\\/\"},\"wordCount\":406,\"commentCount\":0,\"publisher\":{\"@id\":\"https:\\\/\\\/culturesco.com\\\/#organization\"},\"image\":{\"@id\":\"https:\\\/\\\/culturesco.com\\\/index.php\\\/2023\\\/04\\\/04\\\/kirstin-innes-reine-dun-jour\\\/#primaryimage\"},\"thumbnailUrl\":\"https:\\\/\\\/i0.wp.com\\\/culturesco.com\\\/wp-content\\\/uploads\\\/2023\\\/04\\\/Kirstin-Innes.jpeg?fit=386%2C600&ssl=1\",\"keywords\":[\"folk\",\"litt\u00e9rature\",\"Livre Rock\",\"personnalit\u00e9 rock fictive\",\"Pop culture\",\"vie d'artiste\"],\"articleSection\":[\"Litt\u00e9rature\",\"Livre Rock\",\"Soci\u00e9t\u00e9\"],\"inLanguage\":\"fr-FR\",\"potentialAction\":[{\"@type\":\"CommentAction\",\"name\":\"Comment\",\"target\":[\"https:\\\/\\\/culturesco.com\\\/index.php\\\/2023\\\/04\\\/04\\\/kirstin-innes-reine-dun-jour\\\/#respond\"]}]},{\"@type\":\"WebPage\",\"@id\":\"https:\\\/\\\/culturesco.com\\\/index.php\\\/2023\\\/04\\\/04\\\/kirstin-innes-reine-dun-jour\\\/\",\"url\":\"https:\\\/\\\/culturesco.com\\\/index.php\\\/2023\\\/04\\\/04\\\/kirstin-innes-reine-dun-jour\\\/\",\"name\":\"Kirstin Innes \u2013 Reine D'un Jour - Culturesco\",\"isPartOf\":{\"@id\":\"https:\\\/\\\/culturesco.com\\\/#website\"},\"primaryImageOfPage\":{\"@id\":\"https:\\\/\\\/culturesco.com\\\/index.php\\\/2023\\\/04\\\/04\\\/kirstin-innes-reine-dun-jour\\\/#primaryimage\"},\"image\":{\"@id\":\"https:\\\/\\\/culturesco.com\\\/index.php\\\/2023\\\/04\\\/04\\\/kirstin-innes-reine-dun-jour\\\/#primaryimage\"},\"thumbnailUrl\":\"https:\\\/\\\/i0.wp.com\\\/culturesco.com\\\/wp-content\\\/uploads\\\/2023\\\/04\\\/Kirstin-Innes.jpeg?fit=386%2C600&ssl=1\",\"datePublished\":\"2023-04-04T01:22:58+00:00\",\"description\":\"CulturesCo | Un bon coup de pied dans ta Culture | Chroniques et histoire du Rock, chanson fran\u00e7aise, litt\u00e9rature, cin\u00e9ma et bande dessin\u00e9e.\",\"breadcrumb\":{\"@id\":\"https:\\\/\\\/culturesco.com\\\/index.php\\\/2023\\\/04\\\/04\\\/kirstin-innes-reine-dun-jour\\\/#breadcrumb\"},\"inLanguage\":\"fr-FR\",\"potentialAction\":[{\"@type\":\"ReadAction\",\"target\":[\"https:\\\/\\\/culturesco.com\\\/index.php\\\/2023\\\/04\\\/04\\\/kirstin-innes-reine-dun-jour\\\/\"]}]},{\"@type\":\"ImageObject\",\"inLanguage\":\"fr-FR\",\"@id\":\"https:\\\/\\\/culturesco.com\\\/index.php\\\/2023\\\/04\\\/04\\\/kirstin-innes-reine-dun-jour\\\/#primaryimage\",\"url\":\"https:\\\/\\\/i0.wp.com\\\/culturesco.com\\\/wp-content\\\/uploads\\\/2023\\\/04\\\/Kirstin-Innes.jpeg?fit=386%2C600&ssl=1\",\"contentUrl\":\"https:\\\/\\\/i0.wp.com\\\/culturesco.com\\\/wp-content\\\/uploads\\\/2023\\\/04\\\/Kirstin-Innes.jpeg?fit=386%2C600&ssl=1\",\"width\":386,\"height\":600,\"caption\":\"Kirstin Innes - Reine d'un Jour\"},{\"@type\":\"BreadcrumbList\",\"@id\":\"https:\\\/\\\/culturesco.com\\\/index.php\\\/2023\\\/04\\\/04\\\/kirstin-innes-reine-dun-jour\\\/#breadcrumb\",\"itemListElement\":[{\"@type\":\"ListItem\",\"position\":1,\"name\":\"Accueil\",\"item\":\"https:\\\/\\\/culturesco.com\\\/\"},{\"@type\":\"ListItem\",\"position\":2,\"name\":\"Kirstin Innes \u2013 Reine D&#8217;un Jour\"}]},{\"@type\":\"WebSite\",\"@id\":\"https:\\\/\\\/culturesco.com\\\/#website\",\"url\":\"https:\\\/\\\/culturesco.com\\\/\",\"name\":\"Culturesco\",\"description\":\"Culturesco | Un bon coup de pied dans ta Culture\",\"publisher\":{\"@id\":\"https:\\\/\\\/culturesco.com\\\/#organization\"},\"potentialAction\":[{\"@type\":\"SearchAction\",\"target\":{\"@type\":\"EntryPoint\",\"urlTemplate\":\"https:\\\/\\\/culturesco.com\\\/?s={search_term_string}\"},\"query-input\":{\"@type\":\"PropertyValueSpecification\",\"valueRequired\":true,\"valueName\":\"search_term_string\"}}],\"inLanguage\":\"fr-FR\"},{\"@type\":\"Organization\",\"@id\":\"https:\\\/\\\/culturesco.com\\\/#organization\",\"name\":\"CULTURESCO\",\"url\":\"https:\\\/\\\/culturesco.com\\\/\",\"logo\":{\"@type\":\"ImageObject\",\"inLanguage\":\"fr-FR\",\"@id\":\"https:\\\/\\\/culturesco.com\\\/#\\\/schema\\\/logo\\\/image\\\/\",\"url\":\"https:\\\/\\\/i0.wp.com\\\/culturesco.com\\\/wp-content\\\/uploads\\\/2022\\\/04\\\/culturesco-logo-blanc250p.png?fit=250%2C250&ssl=1\",\"contentUrl\":\"https:\\\/\\\/i0.wp.com\\\/culturesco.com\\\/wp-content\\\/uploads\\\/2022\\\/04\\\/culturesco-logo-blanc250p.png?fit=250%2C250&ssl=1\",\"width\":250,\"height\":250,\"caption\":\"CULTURESCO\"},\"image\":{\"@id\":\"https:\\\/\\\/culturesco.com\\\/#\\\/schema\\\/logo\\\/image\\\/\"},\"sameAs\":[\"https:\\\/\\\/www.facebook.com\\\/radioculturesco\",\"https:\\\/\\\/x.com\\\/AugusteMarshal\",\"https:\\\/\\\/www.instagram.com\\\/carotte_rock_culture\\\/\",\"https:\\\/\\\/www.pinterest.fr\\\/augustemarshal\\\/\",\"https:\\\/\\\/www.youtube.com\\\/channel\\\/UCiWLGffqWSXlNnfzp6YwwyQ\"]},{\"@type\":\"Person\",\"@id\":\"https:\\\/\\\/culturesco.com\\\/#\\\/schema\\\/person\\\/c2ddd6724863f3bbd20a8278df0891f3\",\"name\":\"Patrick Benard\",\"image\":{\"@type\":\"ImageObject\",\"inLanguage\":\"fr-FR\",\"@id\":\"https:\\\/\\\/i0.wp.com\\\/culturesco.com\\\/wp-content\\\/uploads\\\/2019\\\/02\\\/patrick-benard-2.jpg?fit=90%2C96&ssl=1\",\"url\":\"https:\\\/\\\/i0.wp.com\\\/culturesco.com\\\/wp-content\\\/uploads\\\/2019\\\/02\\\/patrick-benard-2.jpg?fit=90%2C96&ssl=1\",\"contentUrl\":\"https:\\\/\\\/i0.wp.com\\\/culturesco.com\\\/wp-content\\\/uploads\\\/2019\\\/02\\\/patrick-benard-2.jpg?fit=90%2C96&ssl=1\",\"caption\":\"Patrick Benard\"},\"description\":\"Ecrivain, chroniqueur, animateur radio, cr\u00e9ateur de la revue \u00ab Cin\u00e9manie \u00bb, autour du cin\u00e9ma dit d\u2019art et d\u2019essai, sp\u00e9cialiste du groupe The Cure, archiviste... 2020 : \\\"Le Post Rock\\\" essai sur le post rock de Mogwa\u00ef \u00e0 Godspeed You Black Emperor - Camion Blanc 2014 : \u00ab On the rocks \u2013le rock de 2007 \u00e0 2014 \u00bb chroniques livres et cd rocks, interviews \u2013Editions Vaillant 2010 : \u00ab Dans la T\u00eate de Robert Smith \u00bb, roman fiction autour de l\u2019histoire des Cure et de Robert Smith \u2013 Edilivres 2007 : \u00ab Chroniques Fr\u00e9n\u00e9tiques, une histoire intime du rock \u00bb, roman, prix Technikart. 2001 : \u00ab Les Iles du D\u00e9sert \u00bb, polar autour du rock \u2013 Editions Nykta\",\"url\":\"https:\\\/\\\/culturesco.com\\\/index.php\\\/author\\\/patrick-benard89\\\/\"}]}<\/script>\n<!-- \/ Yoast SEO plugin. -->","yoast_head_json":{"title":"Kirstin Innes \u2013 Reine D'un Jour - Culturesco","description":"CulturesCo | Un bon coup de pied dans ta Culture | Chroniques et histoire du Rock, chanson fran\u00e7aise, litt\u00e9rature, cin\u00e9ma et bande dessin\u00e9e.","robots":{"index":"index","follow":"follow","max-snippet":"max-snippet:-1","max-image-preview":"max-image-preview:large","max-video-preview":"max-video-preview:-1"},"canonical":"https:\/\/culturesco.com\/index.php\/2023\/04\/04\/kirstin-innes-reine-dun-jour\/","og_locale":"fr_FR","og_type":"article","og_title":"Kirstin Innes \u2013 Reine D'un Jour - Culturesco","og_description":"CulturesCo | Un bon coup de pied dans ta Culture | Chroniques et histoire du Rock, chanson fran\u00e7aise, litt\u00e9rature, cin\u00e9ma et bande dessin\u00e9e.","og_url":"https:\/\/culturesco.com\/index.php\/2023\/04\/04\/kirstin-innes-reine-dun-jour\/","og_site_name":"Culturesco","article_publisher":"https:\/\/www.facebook.com\/radioculturesco","article_published_time":"2023-04-04T01:22:58+00:00","og_image":[{"width":1639,"height":2550,"url":"https:\/\/culturesco.com\/wp-content\/uploads\/2023\/04\/Kirstin-Innes.jpeg","type":"image\/jpeg"}],"author":"Patrick Benard","twitter_card":"summary_large_image","twitter_creator":"@AugusteMarshal","twitter_site":"@AugusteMarshal","twitter_misc":{"\u00c9crit par":"Patrick Benard","Dur\u00e9e de lecture estim\u00e9e":"2 minutes"},"schema":{"@context":"https:\/\/schema.org","@graph":[{"@type":"Article","@id":"https:\/\/culturesco.com\/index.php\/2023\/04\/04\/kirstin-innes-reine-dun-jour\/#article","isPartOf":{"@id":"https:\/\/culturesco.com\/index.php\/2023\/04\/04\/kirstin-innes-reine-dun-jour\/"},"author":{"name":"Patrick Benard","@id":"https:\/\/culturesco.com\/#\/schema\/person\/c2ddd6724863f3bbd20a8278df0891f3"},"headline":"Kirstin Innes \u2013 Reine D&rsquo;un Jour","datePublished":"2023-04-04T01:22:58+00:00","mainEntityOfPage":{"@id":"https:\/\/culturesco.com\/index.php\/2023\/04\/04\/kirstin-innes-reine-dun-jour\/"},"wordCount":406,"commentCount":0,"publisher":{"@id":"https:\/\/culturesco.com\/#organization"},"image":{"@id":"https:\/\/culturesco.com\/index.php\/2023\/04\/04\/kirstin-innes-reine-dun-jour\/#primaryimage"},"thumbnailUrl":"https:\/\/i0.wp.com\/culturesco.com\/wp-content\/uploads\/2023\/04\/Kirstin-Innes.jpeg?fit=386%2C600&ssl=1","keywords":["folk","litt\u00e9rature","Livre Rock","personnalit\u00e9 rock fictive","Pop culture","vie d'artiste"],"articleSection":["Litt\u00e9rature","Livre Rock","Soci\u00e9t\u00e9"],"inLanguage":"fr-FR","potentialAction":[{"@type":"CommentAction","name":"Comment","target":["https:\/\/culturesco.com\/index.php\/2023\/04\/04\/kirstin-innes-reine-dun-jour\/#respond"]}]},{"@type":"WebPage","@id":"https:\/\/culturesco.com\/index.php\/2023\/04\/04\/kirstin-innes-reine-dun-jour\/","url":"https:\/\/culturesco.com\/index.php\/2023\/04\/04\/kirstin-innes-reine-dun-jour\/","name":"Kirstin Innes \u2013 Reine D'un Jour - Culturesco","isPartOf":{"@id":"https:\/\/culturesco.com\/#website"},"primaryImageOfPage":{"@id":"https:\/\/culturesco.com\/index.php\/2023\/04\/04\/kirstin-innes-reine-dun-jour\/#primaryimage"},"image":{"@id":"https:\/\/culturesco.com\/index.php\/2023\/04\/04\/kirstin-innes-reine-dun-jour\/#primaryimage"},"thumbnailUrl":"https:\/\/i0.wp.com\/culturesco.com\/wp-content\/uploads\/2023\/04\/Kirstin-Innes.jpeg?fit=386%2C600&ssl=1","datePublished":"2023-04-04T01:22:58+00:00","description":"CulturesCo | Un bon coup de pied dans ta Culture | Chroniques et histoire du Rock, chanson fran\u00e7aise, litt\u00e9rature, cin\u00e9ma et bande dessin\u00e9e.","breadcrumb":{"@id":"https:\/\/culturesco.com\/index.php\/2023\/04\/04\/kirstin-innes-reine-dun-jour\/#breadcrumb"},"inLanguage":"fr-FR","potentialAction":[{"@type":"ReadAction","target":["https:\/\/culturesco.com\/index.php\/2023\/04\/04\/kirstin-innes-reine-dun-jour\/"]}]},{"@type":"ImageObject","inLanguage":"fr-FR","@id":"https:\/\/culturesco.com\/index.php\/2023\/04\/04\/kirstin-innes-reine-dun-jour\/#primaryimage","url":"https:\/\/i0.wp.com\/culturesco.com\/wp-content\/uploads\/2023\/04\/Kirstin-Innes.jpeg?fit=386%2C600&ssl=1","contentUrl":"https:\/\/i0.wp.com\/culturesco.com\/wp-content\/uploads\/2023\/04\/Kirstin-Innes.jpeg?fit=386%2C600&ssl=1","width":386,"height":600,"caption":"Kirstin Innes - Reine d'un Jour"},{"@type":"BreadcrumbList","@id":"https:\/\/culturesco.com\/index.php\/2023\/04\/04\/kirstin-innes-reine-dun-jour\/#breadcrumb","itemListElement":[{"@type":"ListItem","position":1,"name":"Accueil","item":"https:\/\/culturesco.com\/"},{"@type":"ListItem","position":2,"name":"Kirstin Innes \u2013 Reine D&#8217;un Jour"}]},{"@type":"WebSite","@id":"https:\/\/culturesco.com\/#website","url":"https:\/\/culturesco.com\/","name":"Culturesco","description":"Culturesco | Un bon coup de pied dans ta Culture","publisher":{"@id":"https:\/\/culturesco.com\/#organization"},"potentialAction":[{"@type":"SearchAction","target":{"@type":"EntryPoint","urlTemplate":"https:\/\/culturesco.com\/?s={search_term_string}"},"query-input":{"@type":"PropertyValueSpecification","valueRequired":true,"valueName":"search_term_string"}}],"inLanguage":"fr-FR"},{"@type":"Organization","@id":"https:\/\/culturesco.com\/#organization","name":"CULTURESCO","url":"https:\/\/culturesco.com\/","logo":{"@type":"ImageObject","inLanguage":"fr-FR","@id":"https:\/\/culturesco.com\/#\/schema\/logo\/image\/","url":"https:\/\/i0.wp.com\/culturesco.com\/wp-content\/uploads\/2022\/04\/culturesco-logo-blanc250p.png?fit=250%2C250&ssl=1","contentUrl":"https:\/\/i0.wp.com\/culturesco.com\/wp-content\/uploads\/2022\/04\/culturesco-logo-blanc250p.png?fit=250%2C250&ssl=1","width":250,"height":250,"caption":"CULTURESCO"},"image":{"@id":"https:\/\/culturesco.com\/#\/schema\/logo\/image\/"},"sameAs":["https:\/\/www.facebook.com\/radioculturesco","https:\/\/x.com\/AugusteMarshal","https:\/\/www.instagram.com\/carotte_rock_culture\/","https:\/\/www.pinterest.fr\/augustemarshal\/","https:\/\/www.youtube.com\/channel\/UCiWLGffqWSXlNnfzp6YwwyQ"]},{"@type":"Person","@id":"https:\/\/culturesco.com\/#\/schema\/person\/c2ddd6724863f3bbd20a8278df0891f3","name":"Patrick Benard","image":{"@type":"ImageObject","inLanguage":"fr-FR","@id":"https:\/\/i0.wp.com\/culturesco.com\/wp-content\/uploads\/2019\/02\/patrick-benard-2.jpg?fit=90%2C96&ssl=1","url":"https:\/\/i0.wp.com\/culturesco.com\/wp-content\/uploads\/2019\/02\/patrick-benard-2.jpg?fit=90%2C96&ssl=1","contentUrl":"https:\/\/i0.wp.com\/culturesco.com\/wp-content\/uploads\/2019\/02\/patrick-benard-2.jpg?fit=90%2C96&ssl=1","caption":"Patrick Benard"},"description":"Ecrivain, chroniqueur, animateur radio, cr\u00e9ateur de la revue \u00ab Cin\u00e9manie \u00bb, autour du cin\u00e9ma dit d\u2019art et d\u2019essai, sp\u00e9cialiste du groupe The Cure, archiviste... 2020 : \"Le Post Rock\" essai sur le post rock de Mogwa\u00ef \u00e0 Godspeed You Black Emperor - Camion Blanc 2014 : \u00ab On the rocks \u2013le rock de 2007 \u00e0 2014 \u00bb chroniques livres et cd rocks, interviews \u2013Editions Vaillant 2010 : \u00ab Dans la T\u00eate de Robert Smith \u00bb, roman fiction autour de l\u2019histoire des Cure et de Robert Smith \u2013 Edilivres 2007 : \u00ab Chroniques Fr\u00e9n\u00e9tiques, une histoire intime du rock \u00bb, roman, prix Technikart. 2001 : \u00ab Les Iles du D\u00e9sert \u00bb, polar autour du rock \u2013 Editions Nykta","url":"https:\/\/culturesco.com\/index.php\/author\/patrick-benard89\/"}]}},"jetpack_featured_media_url":"https:\/\/i0.wp.com\/culturesco.com\/wp-content\/uploads\/2023\/04\/Kirstin-Innes.jpeg?fit=386%2C600&ssl=1","jetpack_likes_enabled":true,"jetpack_sharing_enabled":true,"jetpack_shortlink":"https:\/\/wp.me\/paz89I-52Q","_links":{"self":[{"href":"https:\/\/culturesco.com\/index.php\/wp-json\/wp\/v2\/posts\/19396","targetHints":{"allow":["GET"]}}],"collection":[{"href":"https:\/\/culturesco.com\/index.php\/wp-json\/wp\/v2\/posts"}],"about":[{"href":"https:\/\/culturesco.com\/index.php\/wp-json\/wp\/v2\/types\/post"}],"author":[{"embeddable":true,"href":"https:\/\/culturesco.com\/index.php\/wp-json\/wp\/v2\/users\/4"}],"replies":[{"embeddable":true,"href":"https:\/\/culturesco.com\/index.php\/wp-json\/wp\/v2\/comments?post=19396"}],"version-history":[{"count":0,"href":"https:\/\/culturesco.com\/index.php\/wp-json\/wp\/v2\/posts\/19396\/revisions"}],"wp:featuredmedia":[{"embeddable":true,"href":"https:\/\/culturesco.com\/index.php\/wp-json\/wp\/v2\/media\/19397"}],"wp:attachment":[{"href":"https:\/\/culturesco.com\/index.php\/wp-json\/wp\/v2\/media?parent=19396"}],"wp:term":[{"taxonomy":"category","embeddable":true,"href":"https:\/\/culturesco.com\/index.php\/wp-json\/wp\/v2\/categories?post=19396"},{"taxonomy":"post_tag","embeddable":true,"href":"https:\/\/culturesco.com\/index.php\/wp-json\/wp\/v2\/tags?post=19396"}],"curies":[{"name":"wp","href":"https:\/\/api.w.org\/{rel}","templated":true}]}}