{"id":19342,"date":"2023-03-31T19:16:52","date_gmt":"2023-03-31T17:16:52","guid":{"rendered":"https:\/\/culturesco.com\/?p=19342"},"modified":"2024-06-11T20:44:03","modified_gmt":"2024-06-11T18:44:03","slug":"jl-aubert-autant-a-nouveau-conversations-avec-c-goffette","status":"publish","type":"post","link":"https:\/\/culturesco.com\/index.php\/2023\/03\/31\/jl-aubert-autant-a-nouveau-conversations-avec-c-goffette\/","title":{"rendered":"JL. AUBERT &#8211; Autant \u00e0 Nouveau, conversations avec C. Goffette"},"content":{"rendered":"<h2>JL. AUBERT &#8211; Autant \u00e0 Nouveau, conversations avec C. Goffette<\/h2>\n<p><img data-recalc-dims=\"1\" loading=\"lazy\" decoding=\"async\" class=\" wp-image-19343 aligncenter\" src=\"https:\/\/i0.wp.com\/culturesco.com\/wp-content\/uploads\/2023\/03\/Aubert-Goffette-Conversat%C2%B0.jpg?resize=624%2C327&#038;ssl=1\" alt=\"Jean-Louis Aubert\" width=\"624\" height=\"327\" srcset=\"https:\/\/i0.wp.com\/culturesco.com\/wp-content\/uploads\/2023\/03\/Aubert-Goffette-Conversat%C2%B0.jpg?resize=300%2C157&amp;ssl=1 300w, https:\/\/i0.wp.com\/culturesco.com\/wp-content\/uploads\/2023\/03\/Aubert-Goffette-Conversat%C2%B0.jpg?resize=768%2C401&amp;ssl=1 768w, https:\/\/i0.wp.com\/culturesco.com\/wp-content\/uploads\/2023\/03\/Aubert-Goffette-Conversat%C2%B0.jpg?resize=805%2C420&amp;ssl=1 805w, https:\/\/i0.wp.com\/culturesco.com\/wp-content\/uploads\/2023\/03\/Aubert-Goffette-Conversat%C2%B0.jpg?w=600&amp;ssl=1 600w, https:\/\/i0.wp.com\/culturesco.com\/wp-content\/uploads\/2023\/03\/Aubert-Goffette-Conversat%C2%B0.jpg?resize=115%2C60&amp;ssl=1 115w, https:\/\/i0.wp.com\/culturesco.com\/wp-content\/uploads\/2023\/03\/Aubert-Goffette-Conversat%C2%B0.jpg?resize=172%2C90&amp;ssl=1 172w\" sizes=\"auto, (max-width: 624px) 100vw, 624px\" \/><\/p>\n<h3><strong>Christophe GOFFETTE par lui-m\u00eame<\/strong><\/h3>\n<p style=\"text-align: justify;\"><strong>Fan de rock<\/strong>,<a href=\"https:\/\/www.youtube.com\/watch?v=PE1vGT-hlLI\" target=\"_blank\" rel=\"noopener\"> Alice Cooper<\/a>, <a href=\"https:\/\/www.youtube.com\/watch?v=KQqfegOZ_X0\" target=\"_blank\" rel=\"noopener\">Bl\u00fce \u00d6yster Cult<\/a>, <a href=\"https:\/\/www.youtube.com\/watch?v=GwB2EZS9x9I\" target=\"_blank\" rel=\"noopener\">Iggy Pop<\/a>\u2026, <strong>Christophe Goffette<\/strong>, enfant, surfe sur sa passion dans un contexte embouteill\u00e9 par la vari\u00e9t\u00e9 fran\u00e7aise et le disco. Soudain, <strong>T\u00e9l\u00e9phone surgit sur son \u00e9cran radar<\/strong> et l\u2019enfant qui tourne adolescent <strong>identifie un peu de son quotidien dans les textes de Jean-Louis Aubert<\/strong>, pour la plupart.<strong><em> Au C\u0153ur De La Nuit<\/em><\/strong> (1980), son <strong>premier vinyle<\/strong> achet\u00e9, r\u00e9pond aux questions qu\u2019il se pose tout autant qu\u2019il suscite chez lui <strong>un int\u00e9r\u00eat croissant pour le quatuor<\/strong> \u2013 disque d\u00e9cri\u00e9 par les grincheux, jamais contents, qui le d\u00e9crivent comme le d\u00e9but de la fin des communications t\u00e9l\u00e9phoniques.<\/p>\n<p style=\"text-align: justify;\">Contexte pos\u00e9, <strong>Mister Goffette aborde le fruit de ses interviews, Jean-Louis Aubert<\/strong>, un \u00eatre entier f\u00e9ru d\u2019humanit\u00e9 qui conjugue son pr\u00e9sent au \u00ab devenir \u00bb. Au futur ? Non, \u00e0 \u00ab l\u2019instant \u00bb qui, sit\u00f4t v\u00e9cu, caract\u00e9rise d\u00e9j\u00e0 le pass\u00e9. N\u00e9cessitant une attention soutenue, <strong>on converse avec Aubert comme on parle avec un pote.<\/strong><\/p>\n<h3>TELEPHONE &#8211; Au C\u0153ur de la Nuit<\/h3>\n<div class=\"youtube-embed\" data-video_id=\"PdjySppcEXo\"><iframe loading=\"lazy\" title=\"TELEPHONE - Au coeur de la nuit (Clip officiel)\" width=\"696\" height=\"522\" src=\"https:\/\/www.youtube.com\/embed\/PdjySppcEXo\" frameborder=\"0\" allow=\"accelerometer; autoplay; clipboard-write; encrypted-media; gyroscope; picture-in-picture; web-share\" referrerpolicy=\"strict-origin-when-cross-origin\" allowfullscreen><\/iframe><\/div>\n<h3><strong>Le cadre ouvert<\/strong><\/h3>\n<h3 style=\"text-align: justify;\">\u00ab <em>Converser avec Jean-Louis Aubert est toujours un r\u00e9el plaisir \u2026 Volubile, chaleureux et courtois, il se livre sans la moindre retenue \u2026 Il s\u2019agissait aussi d\u2019\u00eatre le plus fid\u00e8le et proche possible de ses propos originels, o\u00f9 tout a son importance et son utilit\u00e9<\/em> \u00bb (C. Goffette)<\/h3>\n<p style=\"text-align: justify;\">Parcourons sans plus tarder ces<strong> quatre \u00ab conversations \u00bb<\/strong> o\u00f9, \u00e0 n\u2019en pas douter, nous en apprendrons<strong><em> Autant \u00e0 Nouveau.<\/em><\/strong><\/p>\n<h3>Jean-Louis AUBERT &#8211; Temps \u00e0 Nouveau<\/h3>\n<div class=\"youtube-embed\" data-video_id=\"RBiaNwGzGN8\"><iframe loading=\"lazy\" title=\"Jean-Louis Aubert - Temps \u00e0 nouveau (Clip officiel)\" width=\"696\" height=\"522\" src=\"https:\/\/www.youtube.com\/embed\/RBiaNwGzGN8\" frameborder=\"0\" allow=\"accelerometer; autoplay; clipboard-write; encrypted-media; gyroscope; picture-in-picture; web-share\" referrerpolicy=\"strict-origin-when-cross-origin\" allowfullscreen><\/iframe><\/div>\n<h3><strong>Jean-Louis AUBERT : 1- Conversation 1993<\/strong><\/h3>\n<p style=\"text-align: justify;\"><strong>Suivre Jean-Louis Aubert<\/strong> lorsqu\u2019il r\u00e9pond \u00e0 une question <strong>c\u2019est investir la boule de flipper<\/strong> qui rebondit de bumper en bumper, s\u2019\u00e9lancer sur les traces intersid\u00e9ral d\u2019<strong>un esprit voyageur,<\/strong> tenter de saisir le fil issue d\u2019une bobine qui d\u00e9roule son contenu \u00e0 grande vitesse depuis les berges d\u2019une rivi\u00e8re en crue.<\/p>\n<h3 style=\"text-align: justify;\">\u00ab <em>Je ne cherche pas la perfection, je cherche \u00e0 \u00eatre le plus proche de mon imperfection, ce serait cela ma perfection<\/em> \u00bb (A propos de l\u2019album Bleu, Blanc Vert \u2013 1989)<\/h3>\n<p style=\"text-align: justify;\">Ancr\u00e9 dans le pr\u00e9sent, <strong>l\u2019artiste semble consid\u00e9rer le temps comme une lame tranchant l\u2019imm\u00e9diatet\u00e9<\/strong>, r\u00e9alit\u00e9 de l\u2019instant n\u2019existant plus dans le pass\u00e9 et pas encore dans le futur. A cet \u00e9gard, <strong>l\u2019interviewer sort de sa grille de questions<\/strong> pr\u00e9\u00e9tablies pour plus de pr\u00e9cision, <strong>aiguiser la concision<\/strong>. Gr\u00e2ce \u00e0 cela, les \u00e9changes n\u2019adoptent pas le mod\u00e8le dit du \u00ab ping-pong \u00bb, bulles de cellulo\u00efd virevoltant d\u2019une bouche \u00e0 l\u2019autre, au b\u00e9n\u00e9fice d\u2019un dialogue en mouvement. <strong>Les deux interlocuteurs progressent de concert<\/strong> vers une \u00ab non-fin \u00bb <strong>des entretiens<\/strong> puisque <strong>exempts d\u2019objectifs ou de buts \u00e0 atteindre.<\/strong><\/p>\n<h3 style=\"text-align: justify;\">\u00ab<em> \u2026 livrer ce qui a \u00e9t\u00e9, c\u2019est un peu toujours livrer la mort. Ce qui a \u00e9t\u00e9 n\u2019est plus \u2026<\/em> \u00bb (A propos de l\u2019album H \u2013 1992)<\/h3>\n<h3>Attentat<\/h3>\n<div class=\"youtube-embed\" data-video_id=\"-5KpFUwXHWo\"><iframe loading=\"lazy\" title=\"Attentat\" width=\"696\" height=\"522\" src=\"https:\/\/www.youtube.com\/embed\/-5KpFUwXHWo\" frameborder=\"0\" allow=\"accelerometer; autoplay; clipboard-write; encrypted-media; gyroscope; picture-in-picture; web-share\" referrerpolicy=\"strict-origin-when-cross-origin\" allowfullscreen><\/iframe><\/div>\n<h3 style=\"text-align: justify;\">\u00ab<em> Les chansons, en tout cas, sont faites comme des v\u00eatements. Pareil pour les id\u00e9es. Elles sont faites pour s\u2019adapter aux autres \u2026 Quand je compose, c\u2019est avant tout pour moi, mais je pense que c\u2019est par la m\u00eame occasion une mani\u00e8re d\u2019\u00eatre honn\u00eate avec les autres\u2026Si je ne pense qu\u2019aux autres, je ne pense qu\u2019\u00e0 moi parce qu\u2019en fait si tu fais une chanson pour ceux qui vont l\u2019\u00e9couter, c\u2019est tr\u00e8s \u00e9go\u00efste. Certains vont dire que c\u2019est de la musique commerciale, d\u2019autre qu\u2019elle est sans \u00e2me\u2026<\/em> \u00bb (A propos de l\u2019expression de sentiments personnels dans les chansons)<\/h3>\n<p style=\"text-align: justify;\"><strong>Aubert r\u00e9pond rarement directement aux questions pos\u00e9es<\/strong>, d\u2019autant plus si celles-ci touchent \u00e0 son processus de cr\u00e9ation. Il <strong>parle d\u2019un \u00ab int\u00e9rieur \u00bb livr\u00e9 vers l\u2019ext\u00e9rieur<\/strong> puis revenant en boomerang enrichir ses fondations. Il pense que l\u2019acc\u00e9l\u00e9ration du mouvement<strong> apporte de l\u2019\u00e9quilibre et de l\u2019honn\u00eatet\u00e9 aux textes ainsi cr\u00e9\u00e9s<\/strong>. Surtout, <strong>il ne fige rien<\/strong>, chaque chanson pouvant de ce fait \u00e9voluer en fonction du quotidien de celui ou celle qui l\u2019\u00e9coute.<\/p>\n<h3 style=\"text-align: justify;\">\u00ab <em>Tant que les id\u00e9es circulent, tant qu\u2019il y a des \u00eatres pour poser des questions et d\u2019autres pour tenter d\u2019y r\u00e9pondre, nous naviguons vers un infini des possibles<\/em> \u00bb (A propos de l\u2019expression \u00ab en devenir \u00bb fr\u00e9quemment utilis\u00e9e par JL. Aubert)<\/h3>\n<h3>Jean-Louis AUBERT &#8211; Entends-moi<\/h3>\n<div class=\"youtube-embed\" data-video_id=\"yOdywB_bky0\"><iframe loading=\"lazy\" title=\"Jean-Louis Aubert - Entends-moi (Clip officiel)\" width=\"696\" height=\"522\" src=\"https:\/\/www.youtube.com\/embed\/yOdywB_bky0\" frameborder=\"0\" allow=\"accelerometer; autoplay; clipboard-write; encrypted-media; gyroscope; picture-in-picture; web-share\" referrerpolicy=\"strict-origin-when-cross-origin\" allowfullscreen><\/iframe><\/div>\n<h3 style=\"text-align: justify;\"><strong>Jean-Louis AUBERT : 2- Conversation 1997<\/strong><\/h3>\n<p style=\"text-align: justify;\">Lorsqu\u2019on interroge un artiste, un musicien, sur ce qui fait que sa musique est ce qu\u2019elle est, il r\u00e9pond g\u00e9n\u00e9ralement \u00e0 c\u00f4t\u00e9, se contentant de \u00ab vendre \u00bb le truc en pr\u00e9cisant qu\u2019il n\u2019a rien fait de meilleur. <strong>Jean-Louis Aubert pr\u00e9f\u00e8re l\u2019introspection<\/strong>, les parfums, l\u2019air du temps,<strong> le meilleur \u00e0 venir<\/strong>, m\u00eame s\u2019il faut pour cela passer par la case \u00ab souffrir \u00bb. Pour <strong>expliquer sa musique<\/strong>, il discourt d\u2019autre chose que de notes, d\u2019accords et de partitions, leur pr\u00e9f\u00e9rant <strong>les textures, les saveurs<\/strong>, et gratifiant ceux qui ont enrichis sa palette, m\u00eame s\u2019il reste d\u00e9cideur au final.<\/p>\n<h3 style=\"text-align: justify;\">\u00ab <em>Il est adorable et tu ne peux lui faire qu\u2019un plaisir, c\u2019est lui dire qu\u2019on va jouer. Je crois d\u2019ailleurs que la principale question qu\u2019il pose, c\u2019est : \u2018Quand est-ce qu\u2019on joue ?\u2019 \u2026 Et quand tu joues avec lui, c\u2019est comme l\u00e2cher un cheval dans un pr\u00e9, c\u2019est fou furieux<\/em> \u00bb (A propos de Richard Kolinka)<\/h3>\n<p style=\"text-align: justify;\">Lorsque tout devient trop compliqu\u00e9, qu\u2019\u00e0 force de pinailler sur les d\u00e9tails les morceaux s\u2019alourdissent, ne ressemblent plus en rien aux sensations initialement voulues, il faut <strong>revenir \u00e0 plus de simplicit\u00e9<\/strong>. En cela, le chanteur pr\u00e9f\u00e8re <strong>les prises spontan\u00e9es<\/strong> des chansons, <strong>m\u00eame si des erreurs y figurent<\/strong>, aux enregistrements car\u00e9n\u00e9s. Le chrome, s\u2019il brille, g\u00e2che et affadit les d\u00e9sirs visc\u00e9raux, les <strong>lignes<\/strong> tortueuses mais <strong>directes entre l\u2019artistes et ses fans.<\/strong><\/p>\n<h3 style=\"text-align: justify;\">\u00ab<em> Ce dont je suis s\u00fbr avec cet album, c\u2019est d\u2019avoir captur\u00e9 quelque chose de beaucoup plus vivant qu\u2019auparavant\u2026 Je veux vraiment rapprocher les morceaux le plus pr\u00e8s possible de ma peau, m\u00eame sous ma peau \u2026 Les chansons en ressortent plus fortes parce que ce sont elles qui portent le poids de la coh\u00e9sion de l\u2019album \u2026<\/em> \u00bb (A propos de Stockholm \u2013 1997)<\/h3>\n<h3>Le Jour se L\u00e8ve Encore<\/h3>\n<div class=\"youtube-embed\" data-video_id=\"d95N5EJGl8Y\"><iframe loading=\"lazy\" title=\"Jean-Louis Aubert - Le Jour Se L\u00e8ve Encore (Clip officiel)\" width=\"696\" height=\"392\" src=\"https:\/\/www.youtube.com\/embed\/d95N5EJGl8Y\" frameborder=\"0\" allow=\"accelerometer; autoplay; clipboard-write; encrypted-media; gyroscope; picture-in-picture; web-share\" referrerpolicy=\"strict-origin-when-cross-origin\" allowfullscreen><\/iframe><\/div>\n<h3><strong>Jean-Louis AUBERT : 3- Conversation 2001<\/strong><\/h3>\n<p style=\"text-align: justify;\">La traduction en <strong>mots sur ses motivations profondes<\/strong> que Jean-Louis Aubert livre dans ces conversations <strong>demande au lecteur un effort d\u2019interpr\u00e9tation<\/strong>. <strong>Christophe Goffette nous pr\u00e9vient<\/strong> en d\u00e9but d\u2019ouvrage, lorsqu\u2019il pr\u00e9cise qu\u2019il faut <strong>adopter un \u00e9tat d\u2019esprit correspondant<\/strong> pour bien nuancer les propos exprim\u00e9s. <strong>Globalement po\u00e9tique,<\/strong> on se noie parfois dans le <strong>flot m\u00e9taphorique<\/strong> <strong>utilis\u00e9 par le chanteur<\/strong> pour, non pas expliquer, mais simplement <strong>donner son ressenti<\/strong> \u2013 puisqu\u2019il donne sans rien attendre en retour \u2013 <strong>livrer ses sentiments<\/strong>.<\/p>\n<h3 style=\"text-align: justify;\">\u00ab <em>\u2026 une chanson, \u00e7a te prend par surprise ; la phrase que tu notes, tu ne sais pas pourquoi tu notes celle-l\u00e0, il y a quelque chose d\u2019inexplicable qui t\u2019accroche, comme une rencontre \u2026<\/em> \u00bb (A propos de Comme un Accord \u2013 2001)<\/h3>\n<p style=\"text-align: justify;\"><strong>Adepte de la remise en question<\/strong>,<strong> Aubert refuse de s\u2019appuyer sur ses succ\u00e8s pass\u00e9s<\/strong> pour construire ce qu\u2019il nomme ses \u00ab recueils de chansons \u00bb. Intelligemment, <strong>l\u2019interviewer va rechercher l\u2019artiste<\/strong> l\u00e0 o\u00f9 il l\u2019a laiss\u00e9 lors des conversations pr\u00e9c\u00e9dentes. Ma\u00eetre tisseur de son tissu musical, <strong>l\u2019artiste ne d\u00e9ment jamais ce qu\u2019il a pr\u00e9c\u00e9demment affirm\u00e9.<\/strong><\/p>\n<h3>Jean-Louis AUBERT &#8211; Alter Ego<\/h3>\n<div class=\"youtube-embed\" data-video_id=\"6qpvDY6PYx4\"><iframe loading=\"lazy\" title=\"Jean-Louis Aubert - Alter Ego (Clip officiel)\" width=\"696\" height=\"392\" src=\"https:\/\/www.youtube.com\/embed\/6qpvDY6PYx4\" frameborder=\"0\" allow=\"accelerometer; autoplay; clipboard-write; encrypted-media; gyroscope; picture-in-picture; web-share\" referrerpolicy=\"strict-origin-when-cross-origin\" allowfullscreen><\/iframe><\/div>\n<h3 style=\"text-align: justify;\"><strong>Jean-Louis AUBERT : 4- Conversation 2005<\/strong><\/h3>\n<p style=\"text-align: justify;\"><strong>De conversation et conversation<\/strong>, m\u00eame si les questions diff\u00e8rent, <strong>Jean-Louis Aubert revient sur les m\u00eames th\u00e9matiques<\/strong>, surtout celle de <strong>communiquer \u00e0 l\u2019ext\u00e9rieur ce qu\u2019il ressent \u00e0 l\u2019int\u00e9rieur.<\/strong><\/p>\n<h3 style=\"text-align: justify;\">\u00ab <em>Je vais t\u2019expliquer ce qui est arriv\u00e9 pour ce disque \u2026 D\u2019abord, j\u2019ai perdu mon studio, la Loupe \u2026 Je me suis retrouv\u00e9 juste \u00e0 c\u00f4t\u00e9 de chez toi, au ch\u00e2teau d\u2019H\u00e9rouville. Mythique studio, mais quand m\u00eame bien abandonn\u00e9 l\u2019hiver. Heureusement, le groupe me rendait des visites. L\u2019amiti\u00e9, jouer ces chansons avec les copains, \u00e7a m\u2019a permis de les ext\u00e9rioriser<\/em> \u00bb (A propos d\u2019Id\u00e9al Standard \u2013 2005)<\/h3>\n<p style=\"text-align: justify;\"><strong>Aubert s\u2019\u00e9tonne qu\u2019on le compare toujours \u00e0 un adolescent,<\/strong> lui le cinquantenaire (\u00e0 cette \u00e9poque), p\u00e8re de famille et d\u2019une d\u00e9j\u00e0 longue carri\u00e8re. Peut-\u00eatre cet \u00e9tat de penser est-il d\u00fb <strong>aux images qui transparaissent, et dans ses textes et dans sa musique<\/strong> ? Ou bien, est-ce <strong>sa voix,<\/strong> fragile dans sa justesse (C. Goffette s\u2019en amuse avec lui) et sa <strong>pratique des aigus<\/strong> ? Mais <strong>peut-\u00eatre s\u2019agit-il d\u2019un ailleurs,<\/strong> de ce d\u00e9s\u00e9quilibre implicite que l\u2019artiste sous-tend entre ce qu\u2019il croit et qu\u2019il sait et le moment o\u00f9 ces deux p\u00f4les, <strong>certitude \/ incertitude, se rencontrent et se figent.<\/strong><\/p>\n<h3 style=\"text-align: justify;\">\u00ab <em>\u2026 Je n\u2019arrive pas \u00e0 avoir de m\u00e9thode, ni pour \u00e9crire, ni pour composer, ni pour accumuler. Il n\u2019y en a qu\u2019une que je connaisse \u2026 Je commence \u00e0 m\u2019attacher aux chansons lorsque je note leurs titres dans un petit carnet \u2026<\/em> \u00bb (A propos de la difficult\u00e9 \u00e0 composer)<\/h3>\n<h3>Ailleurs<\/h3>\n<div class=\"youtube-embed\" data-video_id=\"nD7V2dnWEsA\"><iframe loading=\"lazy\" title=\"Ailleurs\" width=\"696\" height=\"522\" src=\"https:\/\/www.youtube.com\/embed\/nD7V2dnWEsA\" frameborder=\"0\" allow=\"accelerometer; autoplay; clipboard-write; encrypted-media; gyroscope; picture-in-picture; web-share\" referrerpolicy=\"strict-origin-when-cross-origin\" allowfullscreen><\/iframe><\/div>\n<h3 style=\"text-align: justify;\"><strong>Pour ne pas finir \u2026 les albums<\/strong><\/h3>\n<p style=\"text-align: justify;\">Si <strong>les \u00e9changes entre Christophe Goffette et Jean-Louis Aubert s\u2019arr\u00eatent en 2005,<\/strong> on n\u2019a pas fini de tendre l\u2019oreille aux \u00ab communications \u00bb du chanteur. <strong>Trois albums vont suivre<\/strong>, le dernier datant de 2019. Parmi ceux-l\u00e0, en 2014, <em>Les Parages du Vide<\/em>, ou la mise en musique des po\u00e8mes de Michel Houellebecq (CF la chronique sur ce m\u00eame site), album d\u2019\u00e9tonnement et de beaut\u00e9 constante.<\/p>\n<p style=\"text-align: justify;\"><strong>Pour clore <em>Autant \u00e0 Nouveau<\/em><\/strong>, <strong>le journaliste autodidacte nous livre ses r\u00e9flexions sur chacun des albums de l\u2019artiste, ceux de T\u00e9l\u00e9phone compris.<\/strong> Par choix, nous ne r\u00e9v\u00e8lerons rien de leur teneur. Simplement, d\u00e9j\u00e0 pour la premi\u00e8re chronique du<a href=\"https:\/\/www.youtube.com\/watch?v=ah3ayYdRO5A\" target=\"_blank\" rel=\"noopener\"> premier Lp<\/a>, <strong>\u00e7a vaut le coup d\u2019y venir.<\/strong><\/p>\n<h3>Jean-Louis AUBERT &#8211; L&rsquo;Enfant et le Cerf-Volant<\/h3>\n<div class=\"youtube-embed\" data-video_id=\"mEQZVK393jg\"><iframe loading=\"lazy\" title=\"L&#039;enfant et le cerf-volant\" width=\"696\" height=\"522\" src=\"https:\/\/www.youtube.com\/embed\/mEQZVK393jg\" frameborder=\"0\" allow=\"accelerometer; autoplay; clipboard-write; encrypted-media; gyroscope; picture-in-picture; web-share\" referrerpolicy=\"strict-origin-when-cross-origin\" allowfullscreen><\/iframe><\/div>\n<p style=\"text-align: justify;\">Lorsqu\u2019on referme un ouvrage, un roman, un recueil de po\u00e8mes ou un essai, il persiste parfois une fragrance, une onde \u00e9trange qui vibre longtemps dans nos subconscients.<\/p>\n<p style=\"text-align: justify;\"><strong>Lorsqu\u2019on referme cet ouvrage<\/strong>,<strong> qu\u2019en reste-t-il ?<\/strong> Persiste-t-il une vibration ?<\/p>\n<h3 style=\"text-align: justify;\">\u00ab<em> Il est temps \u00e0 nouveau, oh temps \u00e0 nouveau, de prendre le souffle \u00e0 nouveau. Il est temps \u00e0 nouveau, oh temps \u00e0 nouveau, de nous jeter \u00e0 l&rsquo;eau<\/em> \u00bb<\/h3>\n<p style=\"text-align: justify;\"><strong>Une philosophie \u2026<\/strong><\/p>\n<p>Thierry Dauge<\/p>\n<p><strong><em>Jean-Louis AUBERT &#8211; Autant \u00e0 Nouveau<\/em><\/strong> de <strong>Christophe Goffette<\/strong> &#8211; Editions du Nouveau Monde &#8211; <strong>Disponible le 12 avril<\/strong><\/p>\n","protected":false},"excerpt":{"rendered":"<p>JL. AUBERT &#8211; Autant \u00e0 Nouveau, conversations avec C. Goffette Christophe GOFFETTE par lui-m\u00eame Fan de rock, Alice Cooper, Bl\u00fce \u00d6yster Cult, Iggy Pop\u2026, Christophe Goffette, enfant, surfe sur sa passion dans un contexte embouteill\u00e9 par la vari\u00e9t\u00e9 fran\u00e7aise et le disco. Soudain, T\u00e9l\u00e9phone surgit sur son \u00e9cran radar et l\u2019enfant qui tourne adolescent identifie [&hellip;]<\/p>\n","protected":false},"author":3,"featured_media":19343,"comment_status":"open","ping_status":"open","sticky":false,"template":"","format":"image","meta":{"jetpack_post_was_ever_published":false,"tdm_status":"","tdm_grid_status":"","_jetpack_newsletter_access":"","_jetpack_dont_email_post_to_subs":false,"_jetpack_newsletter_tier_id":0,"_jetpack_memberships_contains_paywalled_content":false,"_jetpack_memberships_contains_paid_content":false,"footnotes":""},"categories":[17,14344,14466,27,66],"tags":[40,39,51],"class_list":{"0":"post-19342","1":"post","2":"type-post","3":"status-publish","4":"format-image","5":"has-post-thumbnail","7":"category-carotte-rock-cultures","8":"category-chanson-francaise","9":"category-interview","10":"category-litterature","11":"category-livre-rock","12":"tag-chanson-francaise","13":"tag-citation","14":"tag-rock-francais","15":"post_format-post-format-image"},"yoast_head":"<!-- This site is optimized with the Yoast SEO plugin v27.5 - https:\/\/yoast.com\/product\/yoast-seo-wordpress\/ -->\n<title>JL. AUBERT - Autant \u00e0 Nouveau, conversations avec C. Goffette - Culturesco<\/title>\n<meta name=\"description\" content=\"CulturesCo | Autant \u00e0 Nouveau, ouvrage de Christophe Goffette, renferme quatre interviews de Jean-Louis Aubert. Conversations po\u00e9tiques.\" \/>\n<meta name=\"robots\" content=\"index, follow, max-snippet:-1, max-image-preview:large, max-video-preview:-1\" \/>\n<link rel=\"canonical\" href=\"https:\/\/culturesco.com\/index.php\/2023\/03\/31\/jl-aubert-autant-a-nouveau-conversations-avec-c-goffette\/\" \/>\n<meta property=\"og:locale\" content=\"fr_FR\" \/>\n<meta property=\"og:type\" content=\"article\" \/>\n<meta property=\"og:title\" content=\"JL. AUBERT - Autant \u00e0 Nouveau, conversations avec C. Goffette - Culturesco\" \/>\n<meta property=\"og:description\" content=\"CulturesCo | Autant \u00e0 Nouveau, ouvrage de Christophe Goffette, renferme quatre interviews de Jean-Louis Aubert. Conversations po\u00e9tiques.\" \/>\n<meta property=\"og:url\" content=\"https:\/\/culturesco.com\/index.php\/2023\/03\/31\/jl-aubert-autant-a-nouveau-conversations-avec-c-goffette\/\" \/>\n<meta property=\"og:site_name\" content=\"Culturesco\" \/>\n<meta property=\"article:publisher\" content=\"https:\/\/www.facebook.com\/radioculturesco\" \/>\n<meta property=\"article:published_time\" content=\"2023-03-31T17:16:52+00:00\" \/>\n<meta property=\"article:modified_time\" content=\"2024-06-11T18:44:03+00:00\" \/>\n<meta property=\"og:image\" content=\"https:\/\/culturesco.com\/wp-content\/uploads\/2023\/03\/Aubert-Goffette-Conversat\u00b0.jpg\" \/>\n\t<meta property=\"og:image:width\" content=\"600\" \/>\n\t<meta property=\"og:image:height\" content=\"313\" \/>\n\t<meta property=\"og:image:type\" content=\"image\/jpeg\" \/>\n<meta name=\"author\" content=\"Thierry Dauge\" \/>\n<meta name=\"twitter:card\" content=\"summary_large_image\" \/>\n<meta name=\"twitter:creator\" content=\"@AugusteMarshal\" \/>\n<meta name=\"twitter:site\" content=\"@AugusteMarshal\" \/>\n<meta name=\"twitter:label1\" content=\"\u00c9crit par\" \/>\n\t<meta name=\"twitter:data1\" content=\"Thierry Dauge\" \/>\n\t<meta name=\"twitter:label2\" content=\"Dur\u00e9e de lecture estim\u00e9e\" \/>\n\t<meta name=\"twitter:data2\" content=\"9 minutes\" \/>\n<script type=\"application\/ld+json\" class=\"yoast-schema-graph\">{\"@context\":\"https:\\\/\\\/schema.org\",\"@graph\":[{\"@type\":\"Article\",\"@id\":\"https:\\\/\\\/culturesco.com\\\/index.php\\\/2023\\\/03\\\/31\\\/jl-aubert-autant-a-nouveau-conversations-avec-c-goffette\\\/#article\",\"isPartOf\":{\"@id\":\"https:\\\/\\\/culturesco.com\\\/index.php\\\/2023\\\/03\\\/31\\\/jl-aubert-autant-a-nouveau-conversations-avec-c-goffette\\\/\"},\"author\":{\"name\":\"Thierry Dauge\",\"@id\":\"https:\\\/\\\/culturesco.com\\\/#\\\/schema\\\/person\\\/19f04cf232d246197f6e7d62abe6cb0e\"},\"headline\":\"JL. AUBERT &#8211; Autant \u00e0 Nouveau, conversations avec C. Goffette\",\"datePublished\":\"2023-03-31T17:16:52+00:00\",\"dateModified\":\"2024-06-11T18:44:03+00:00\",\"mainEntityOfPage\":{\"@id\":\"https:\\\/\\\/culturesco.com\\\/index.php\\\/2023\\\/03\\\/31\\\/jl-aubert-autant-a-nouveau-conversations-avec-c-goffette\\\/\"},\"wordCount\":1852,\"commentCount\":0,\"publisher\":{\"@id\":\"https:\\\/\\\/culturesco.com\\\/#organization\"},\"image\":{\"@id\":\"https:\\\/\\\/culturesco.com\\\/index.php\\\/2023\\\/03\\\/31\\\/jl-aubert-autant-a-nouveau-conversations-avec-c-goffette\\\/#primaryimage\"},\"thumbnailUrl\":\"https:\\\/\\\/i0.wp.com\\\/culturesco.com\\\/wp-content\\\/uploads\\\/2023\\\/03\\\/Aubert-Goffette-Conversat%C2%B0.jpg?fit=600%2C313&ssl=1\",\"keywords\":[\"chanson fran\u00e7aise\",\"citation\",\"Rock fran\u00e7ais\"],\"articleSection\":[\"Carotte Rock Cultures\",\"Chanson fran\u00e7aise\",\"Interview\",\"Litt\u00e9rature\",\"Livre Rock\"],\"inLanguage\":\"fr-FR\",\"potentialAction\":[{\"@type\":\"CommentAction\",\"name\":\"Comment\",\"target\":[\"https:\\\/\\\/culturesco.com\\\/index.php\\\/2023\\\/03\\\/31\\\/jl-aubert-autant-a-nouveau-conversations-avec-c-goffette\\\/#respond\"]}]},{\"@type\":\"WebPage\",\"@id\":\"https:\\\/\\\/culturesco.com\\\/index.php\\\/2023\\\/03\\\/31\\\/jl-aubert-autant-a-nouveau-conversations-avec-c-goffette\\\/\",\"url\":\"https:\\\/\\\/culturesco.com\\\/index.php\\\/2023\\\/03\\\/31\\\/jl-aubert-autant-a-nouveau-conversations-avec-c-goffette\\\/\",\"name\":\"JL. AUBERT - Autant \u00e0 Nouveau, conversations avec C. Goffette - Culturesco\",\"isPartOf\":{\"@id\":\"https:\\\/\\\/culturesco.com\\\/#website\"},\"primaryImageOfPage\":{\"@id\":\"https:\\\/\\\/culturesco.com\\\/index.php\\\/2023\\\/03\\\/31\\\/jl-aubert-autant-a-nouveau-conversations-avec-c-goffette\\\/#primaryimage\"},\"image\":{\"@id\":\"https:\\\/\\\/culturesco.com\\\/index.php\\\/2023\\\/03\\\/31\\\/jl-aubert-autant-a-nouveau-conversations-avec-c-goffette\\\/#primaryimage\"},\"thumbnailUrl\":\"https:\\\/\\\/i0.wp.com\\\/culturesco.com\\\/wp-content\\\/uploads\\\/2023\\\/03\\\/Aubert-Goffette-Conversat%C2%B0.jpg?fit=600%2C313&ssl=1\",\"datePublished\":\"2023-03-31T17:16:52+00:00\",\"dateModified\":\"2024-06-11T18:44:03+00:00\",\"description\":\"CulturesCo | Autant \u00e0 Nouveau, ouvrage de Christophe Goffette, renferme quatre interviews de Jean-Louis Aubert. Conversations po\u00e9tiques.\",\"breadcrumb\":{\"@id\":\"https:\\\/\\\/culturesco.com\\\/index.php\\\/2023\\\/03\\\/31\\\/jl-aubert-autant-a-nouveau-conversations-avec-c-goffette\\\/#breadcrumb\"},\"inLanguage\":\"fr-FR\",\"potentialAction\":[{\"@type\":\"ReadAction\",\"target\":[\"https:\\\/\\\/culturesco.com\\\/index.php\\\/2023\\\/03\\\/31\\\/jl-aubert-autant-a-nouveau-conversations-avec-c-goffette\\\/\"]}]},{\"@type\":\"ImageObject\",\"inLanguage\":\"fr-FR\",\"@id\":\"https:\\\/\\\/culturesco.com\\\/index.php\\\/2023\\\/03\\\/31\\\/jl-aubert-autant-a-nouveau-conversations-avec-c-goffette\\\/#primaryimage\",\"url\":\"https:\\\/\\\/i0.wp.com\\\/culturesco.com\\\/wp-content\\\/uploads\\\/2023\\\/03\\\/Aubert-Goffette-Conversat%C2%B0.jpg?fit=600%2C313&ssl=1\",\"contentUrl\":\"https:\\\/\\\/i0.wp.com\\\/culturesco.com\\\/wp-content\\\/uploads\\\/2023\\\/03\\\/Aubert-Goffette-Conversat%C2%B0.jpg?fit=600%2C313&ssl=1\",\"width\":600,\"height\":313,\"caption\":\"Jean-Louis Aubert\"},{\"@type\":\"BreadcrumbList\",\"@id\":\"https:\\\/\\\/culturesco.com\\\/index.php\\\/2023\\\/03\\\/31\\\/jl-aubert-autant-a-nouveau-conversations-avec-c-goffette\\\/#breadcrumb\",\"itemListElement\":[{\"@type\":\"ListItem\",\"position\":1,\"name\":\"Accueil\",\"item\":\"https:\\\/\\\/culturesco.com\\\/\"},{\"@type\":\"ListItem\",\"position\":2,\"name\":\"JL. AUBERT &#8211; Autant \u00e0 Nouveau, conversations avec C. Goffette\"}]},{\"@type\":\"WebSite\",\"@id\":\"https:\\\/\\\/culturesco.com\\\/#website\",\"url\":\"https:\\\/\\\/culturesco.com\\\/\",\"name\":\"Culturesco\",\"description\":\"Culturesco | Un bon coup de pied dans ta Culture\",\"publisher\":{\"@id\":\"https:\\\/\\\/culturesco.com\\\/#organization\"},\"potentialAction\":[{\"@type\":\"SearchAction\",\"target\":{\"@type\":\"EntryPoint\",\"urlTemplate\":\"https:\\\/\\\/culturesco.com\\\/?s={search_term_string}\"},\"query-input\":{\"@type\":\"PropertyValueSpecification\",\"valueRequired\":true,\"valueName\":\"search_term_string\"}}],\"inLanguage\":\"fr-FR\"},{\"@type\":\"Organization\",\"@id\":\"https:\\\/\\\/culturesco.com\\\/#organization\",\"name\":\"CULTURESCO\",\"url\":\"https:\\\/\\\/culturesco.com\\\/\",\"logo\":{\"@type\":\"ImageObject\",\"inLanguage\":\"fr-FR\",\"@id\":\"https:\\\/\\\/culturesco.com\\\/#\\\/schema\\\/logo\\\/image\\\/\",\"url\":\"https:\\\/\\\/i0.wp.com\\\/culturesco.com\\\/wp-content\\\/uploads\\\/2022\\\/04\\\/culturesco-logo-blanc250p.png?fit=250%2C250&ssl=1\",\"contentUrl\":\"https:\\\/\\\/i0.wp.com\\\/culturesco.com\\\/wp-content\\\/uploads\\\/2022\\\/04\\\/culturesco-logo-blanc250p.png?fit=250%2C250&ssl=1\",\"width\":250,\"height\":250,\"caption\":\"CULTURESCO\"},\"image\":{\"@id\":\"https:\\\/\\\/culturesco.com\\\/#\\\/schema\\\/logo\\\/image\\\/\"},\"sameAs\":[\"https:\\\/\\\/www.facebook.com\\\/radioculturesco\",\"https:\\\/\\\/x.com\\\/AugusteMarshal\",\"https:\\\/\\\/www.instagram.com\\\/carotte_rock_culture\\\/\",\"https:\\\/\\\/www.pinterest.fr\\\/augustemarshal\\\/\",\"https:\\\/\\\/www.youtube.com\\\/channel\\\/UCiWLGffqWSXlNnfzp6YwwyQ\"]},{\"@type\":\"Person\",\"@id\":\"https:\\\/\\\/culturesco.com\\\/#\\\/schema\\\/person\\\/19f04cf232d246197f6e7d62abe6cb0e\",\"name\":\"Thierry Dauge\",\"image\":{\"@type\":\"ImageObject\",\"inLanguage\":\"fr-FR\",\"@id\":\"https:\\\/\\\/i0.wp.com\\\/culturesco.com\\\/wp-content\\\/uploads\\\/2018\\\/12\\\/Black-Beauty-and-me.jpg?fit=96%2C96&ssl=1\",\"url\":\"https:\\\/\\\/i0.wp.com\\\/culturesco.com\\\/wp-content\\\/uploads\\\/2018\\\/12\\\/Black-Beauty-and-me.jpg?fit=96%2C96&ssl=1\",\"contentUrl\":\"https:\\\/\\\/i0.wp.com\\\/culturesco.com\\\/wp-content\\\/uploads\\\/2018\\\/12\\\/Black-Beauty-and-me.jpg?fit=96%2C96&ssl=1\",\"caption\":\"Thierry Dauge\"},\"description\":\"Amoureux des 70\u2019s et du hard rock en particulier, Thierry Dauge est chroniqueur sur Culturesco par amour de l\u2019\u00e9criture musicale. Co-auteur du livre\\\"Pop rock - Les instruments de l'ombre\\\" aux \u00e9ditions du Camion Blanc, collaborateur de Vivi pour \\\"Mes Ann\u00e9es Trust\\\", auteur de \\\"Sparks\\\" aux \u00e9ditions du Layeur, parce que le rock est loin d'\u00eatre mort ...\",\"url\":\"https:\\\/\\\/culturesco.com\\\/index.php\\\/author\\\/thierry-dauge888\\\/\"}]}<\/script>\n<!-- \/ Yoast SEO plugin. -->","yoast_head_json":{"title":"JL. AUBERT - Autant \u00e0 Nouveau, conversations avec C. Goffette - Culturesco","description":"CulturesCo | Autant \u00e0 Nouveau, ouvrage de Christophe Goffette, renferme quatre interviews de Jean-Louis Aubert. Conversations po\u00e9tiques.","robots":{"index":"index","follow":"follow","max-snippet":"max-snippet:-1","max-image-preview":"max-image-preview:large","max-video-preview":"max-video-preview:-1"},"canonical":"https:\/\/culturesco.com\/index.php\/2023\/03\/31\/jl-aubert-autant-a-nouveau-conversations-avec-c-goffette\/","og_locale":"fr_FR","og_type":"article","og_title":"JL. AUBERT - Autant \u00e0 Nouveau, conversations avec C. Goffette - Culturesco","og_description":"CulturesCo | Autant \u00e0 Nouveau, ouvrage de Christophe Goffette, renferme quatre interviews de Jean-Louis Aubert. Conversations po\u00e9tiques.","og_url":"https:\/\/culturesco.com\/index.php\/2023\/03\/31\/jl-aubert-autant-a-nouveau-conversations-avec-c-goffette\/","og_site_name":"Culturesco","article_publisher":"https:\/\/www.facebook.com\/radioculturesco","article_published_time":"2023-03-31T17:16:52+00:00","article_modified_time":"2024-06-11T18:44:03+00:00","og_image":[{"width":600,"height":313,"url":"https:\/\/culturesco.com\/wp-content\/uploads\/2023\/03\/Aubert-Goffette-Conversat\u00b0.jpg","type":"image\/jpeg"}],"author":"Thierry Dauge","twitter_card":"summary_large_image","twitter_creator":"@AugusteMarshal","twitter_site":"@AugusteMarshal","twitter_misc":{"\u00c9crit par":"Thierry Dauge","Dur\u00e9e de lecture estim\u00e9e":"9 minutes"},"schema":{"@context":"https:\/\/schema.org","@graph":[{"@type":"Article","@id":"https:\/\/culturesco.com\/index.php\/2023\/03\/31\/jl-aubert-autant-a-nouveau-conversations-avec-c-goffette\/#article","isPartOf":{"@id":"https:\/\/culturesco.com\/index.php\/2023\/03\/31\/jl-aubert-autant-a-nouveau-conversations-avec-c-goffette\/"},"author":{"name":"Thierry Dauge","@id":"https:\/\/culturesco.com\/#\/schema\/person\/19f04cf232d246197f6e7d62abe6cb0e"},"headline":"JL. AUBERT &#8211; Autant \u00e0 Nouveau, conversations avec C. Goffette","datePublished":"2023-03-31T17:16:52+00:00","dateModified":"2024-06-11T18:44:03+00:00","mainEntityOfPage":{"@id":"https:\/\/culturesco.com\/index.php\/2023\/03\/31\/jl-aubert-autant-a-nouveau-conversations-avec-c-goffette\/"},"wordCount":1852,"commentCount":0,"publisher":{"@id":"https:\/\/culturesco.com\/#organization"},"image":{"@id":"https:\/\/culturesco.com\/index.php\/2023\/03\/31\/jl-aubert-autant-a-nouveau-conversations-avec-c-goffette\/#primaryimage"},"thumbnailUrl":"https:\/\/i0.wp.com\/culturesco.com\/wp-content\/uploads\/2023\/03\/Aubert-Goffette-Conversat%C2%B0.jpg?fit=600%2C313&ssl=1","keywords":["chanson fran\u00e7aise","citation","Rock fran\u00e7ais"],"articleSection":["Carotte Rock Cultures","Chanson fran\u00e7aise","Interview","Litt\u00e9rature","Livre Rock"],"inLanguage":"fr-FR","potentialAction":[{"@type":"CommentAction","name":"Comment","target":["https:\/\/culturesco.com\/index.php\/2023\/03\/31\/jl-aubert-autant-a-nouveau-conversations-avec-c-goffette\/#respond"]}]},{"@type":"WebPage","@id":"https:\/\/culturesco.com\/index.php\/2023\/03\/31\/jl-aubert-autant-a-nouveau-conversations-avec-c-goffette\/","url":"https:\/\/culturesco.com\/index.php\/2023\/03\/31\/jl-aubert-autant-a-nouveau-conversations-avec-c-goffette\/","name":"JL. AUBERT - Autant \u00e0 Nouveau, conversations avec C. Goffette - Culturesco","isPartOf":{"@id":"https:\/\/culturesco.com\/#website"},"primaryImageOfPage":{"@id":"https:\/\/culturesco.com\/index.php\/2023\/03\/31\/jl-aubert-autant-a-nouveau-conversations-avec-c-goffette\/#primaryimage"},"image":{"@id":"https:\/\/culturesco.com\/index.php\/2023\/03\/31\/jl-aubert-autant-a-nouveau-conversations-avec-c-goffette\/#primaryimage"},"thumbnailUrl":"https:\/\/i0.wp.com\/culturesco.com\/wp-content\/uploads\/2023\/03\/Aubert-Goffette-Conversat%C2%B0.jpg?fit=600%2C313&ssl=1","datePublished":"2023-03-31T17:16:52+00:00","dateModified":"2024-06-11T18:44:03+00:00","description":"CulturesCo | Autant \u00e0 Nouveau, ouvrage de Christophe Goffette, renferme quatre interviews de Jean-Louis Aubert. Conversations po\u00e9tiques.","breadcrumb":{"@id":"https:\/\/culturesco.com\/index.php\/2023\/03\/31\/jl-aubert-autant-a-nouveau-conversations-avec-c-goffette\/#breadcrumb"},"inLanguage":"fr-FR","potentialAction":[{"@type":"ReadAction","target":["https:\/\/culturesco.com\/index.php\/2023\/03\/31\/jl-aubert-autant-a-nouveau-conversations-avec-c-goffette\/"]}]},{"@type":"ImageObject","inLanguage":"fr-FR","@id":"https:\/\/culturesco.com\/index.php\/2023\/03\/31\/jl-aubert-autant-a-nouveau-conversations-avec-c-goffette\/#primaryimage","url":"https:\/\/i0.wp.com\/culturesco.com\/wp-content\/uploads\/2023\/03\/Aubert-Goffette-Conversat%C2%B0.jpg?fit=600%2C313&ssl=1","contentUrl":"https:\/\/i0.wp.com\/culturesco.com\/wp-content\/uploads\/2023\/03\/Aubert-Goffette-Conversat%C2%B0.jpg?fit=600%2C313&ssl=1","width":600,"height":313,"caption":"Jean-Louis Aubert"},{"@type":"BreadcrumbList","@id":"https:\/\/culturesco.com\/index.php\/2023\/03\/31\/jl-aubert-autant-a-nouveau-conversations-avec-c-goffette\/#breadcrumb","itemListElement":[{"@type":"ListItem","position":1,"name":"Accueil","item":"https:\/\/culturesco.com\/"},{"@type":"ListItem","position":2,"name":"JL. AUBERT &#8211; Autant \u00e0 Nouveau, conversations avec C. Goffette"}]},{"@type":"WebSite","@id":"https:\/\/culturesco.com\/#website","url":"https:\/\/culturesco.com\/","name":"Culturesco","description":"Culturesco | Un bon coup de pied dans ta Culture","publisher":{"@id":"https:\/\/culturesco.com\/#organization"},"potentialAction":[{"@type":"SearchAction","target":{"@type":"EntryPoint","urlTemplate":"https:\/\/culturesco.com\/?s={search_term_string}"},"query-input":{"@type":"PropertyValueSpecification","valueRequired":true,"valueName":"search_term_string"}}],"inLanguage":"fr-FR"},{"@type":"Organization","@id":"https:\/\/culturesco.com\/#organization","name":"CULTURESCO","url":"https:\/\/culturesco.com\/","logo":{"@type":"ImageObject","inLanguage":"fr-FR","@id":"https:\/\/culturesco.com\/#\/schema\/logo\/image\/","url":"https:\/\/i0.wp.com\/culturesco.com\/wp-content\/uploads\/2022\/04\/culturesco-logo-blanc250p.png?fit=250%2C250&ssl=1","contentUrl":"https:\/\/i0.wp.com\/culturesco.com\/wp-content\/uploads\/2022\/04\/culturesco-logo-blanc250p.png?fit=250%2C250&ssl=1","width":250,"height":250,"caption":"CULTURESCO"},"image":{"@id":"https:\/\/culturesco.com\/#\/schema\/logo\/image\/"},"sameAs":["https:\/\/www.facebook.com\/radioculturesco","https:\/\/x.com\/AugusteMarshal","https:\/\/www.instagram.com\/carotte_rock_culture\/","https:\/\/www.pinterest.fr\/augustemarshal\/","https:\/\/www.youtube.com\/channel\/UCiWLGffqWSXlNnfzp6YwwyQ"]},{"@type":"Person","@id":"https:\/\/culturesco.com\/#\/schema\/person\/19f04cf232d246197f6e7d62abe6cb0e","name":"Thierry Dauge","image":{"@type":"ImageObject","inLanguage":"fr-FR","@id":"https:\/\/i0.wp.com\/culturesco.com\/wp-content\/uploads\/2018\/12\/Black-Beauty-and-me.jpg?fit=96%2C96&ssl=1","url":"https:\/\/i0.wp.com\/culturesco.com\/wp-content\/uploads\/2018\/12\/Black-Beauty-and-me.jpg?fit=96%2C96&ssl=1","contentUrl":"https:\/\/i0.wp.com\/culturesco.com\/wp-content\/uploads\/2018\/12\/Black-Beauty-and-me.jpg?fit=96%2C96&ssl=1","caption":"Thierry Dauge"},"description":"Amoureux des 70\u2019s et du hard rock en particulier, Thierry Dauge est chroniqueur sur Culturesco par amour de l\u2019\u00e9criture musicale. Co-auteur du livre\"Pop rock - Les instruments de l'ombre\" aux \u00e9ditions du Camion Blanc, collaborateur de Vivi pour \"Mes Ann\u00e9es Trust\", auteur de \"Sparks\" aux \u00e9ditions du Layeur, parce que le rock est loin d'\u00eatre mort ...","url":"https:\/\/culturesco.com\/index.php\/author\/thierry-dauge888\/"}]}},"jetpack_featured_media_url":"https:\/\/i0.wp.com\/culturesco.com\/wp-content\/uploads\/2023\/03\/Aubert-Goffette-Conversat%C2%B0.jpg?fit=600%2C313&ssl=1","jetpack_likes_enabled":true,"jetpack_sharing_enabled":true,"jetpack_shortlink":"https:\/\/wp.me\/paz89I-51Y","_links":{"self":[{"href":"https:\/\/culturesco.com\/index.php\/wp-json\/wp\/v2\/posts\/19342","targetHints":{"allow":["GET"]}}],"collection":[{"href":"https:\/\/culturesco.com\/index.php\/wp-json\/wp\/v2\/posts"}],"about":[{"href":"https:\/\/culturesco.com\/index.php\/wp-json\/wp\/v2\/types\/post"}],"author":[{"embeddable":true,"href":"https:\/\/culturesco.com\/index.php\/wp-json\/wp\/v2\/users\/3"}],"replies":[{"embeddable":true,"href":"https:\/\/culturesco.com\/index.php\/wp-json\/wp\/v2\/comments?post=19342"}],"version-history":[{"count":0,"href":"https:\/\/culturesco.com\/index.php\/wp-json\/wp\/v2\/posts\/19342\/revisions"}],"wp:featuredmedia":[{"embeddable":true,"href":"https:\/\/culturesco.com\/index.php\/wp-json\/wp\/v2\/media\/19343"}],"wp:attachment":[{"href":"https:\/\/culturesco.com\/index.php\/wp-json\/wp\/v2\/media?parent=19342"}],"wp:term":[{"taxonomy":"category","embeddable":true,"href":"https:\/\/culturesco.com\/index.php\/wp-json\/wp\/v2\/categories?post=19342"},{"taxonomy":"post_tag","embeddable":true,"href":"https:\/\/culturesco.com\/index.php\/wp-json\/wp\/v2\/tags?post=19342"}],"curies":[{"name":"wp","href":"https:\/\/api.w.org\/{rel}","templated":true}]}}