{"id":19277,"date":"2023-03-30T02:31:53","date_gmt":"2023-03-30T00:31:53","guid":{"rendered":"https:\/\/culturesco.com\/?p=19277"},"modified":"2023-12-09T21:06:46","modified_gmt":"2023-12-09T20:06:46","slug":"war-lalbum-generationnel-de-u2-fete-ses-40-ans-sunday-bloody-sunday-new-years-day-like-a-song","status":"publish","type":"post","link":"https:\/\/culturesco.com\/index.php\/2023\/03\/30\/war-lalbum-generationnel-de-u2-fete-ses-40-ans-sunday-bloody-sunday-new-years-day-like-a-song\/","title":{"rendered":"WAR, l\u2019album g\u00e9n\u00e9rationnel de U2"},"content":{"rendered":"<h2>Un album sous le signe de l&rsquo;union<\/h2>\n<p><img data-recalc-dims=\"1\" loading=\"lazy\" decoding=\"async\" class=\"aligncenter wp-image-19311 size-full\" src=\"https:\/\/i0.wp.com\/culturesco.com\/wp-content\/uploads\/2023\/03\/97449675.jpg?resize=494%2C369&#038;ssl=1\" alt=\"U2 - WAR\" width=\"494\" height=\"369\" srcset=\"https:\/\/i0.wp.com\/culturesco.com\/wp-content\/uploads\/2023\/03\/97449675.jpg?w=494&amp;ssl=1 494w, https:\/\/i0.wp.com\/culturesco.com\/wp-content\/uploads\/2023\/03\/97449675.jpg?resize=300%2C224&amp;ssl=1 300w, https:\/\/i0.wp.com\/culturesco.com\/wp-content\/uploads\/2023\/03\/97449675.jpg?resize=80%2C60&amp;ssl=1 80w, https:\/\/i0.wp.com\/culturesco.com\/wp-content\/uploads\/2023\/03\/97449675.jpg?resize=265%2C198&amp;ssl=1 265w, https:\/\/i0.wp.com\/culturesco.com\/wp-content\/uploads\/2023\/03\/97449675.jpg?resize=120%2C90&amp;ssl=1 120w\" sizes=\"auto, (max-width: 494px) 100vw, 494px\" \/><\/p>\n<p style=\"text-align: justify;\">L&rsquo;album <strong>WAR<\/strong> a plus de <strong>40 ans<\/strong> d&rsquo;existence. En 1982, <strong>U2<\/strong> n\u2019est pas encore le mastodonte avide de stades d\u2019aujourd\u2019hui. Les quatre de Dublin ont d\u00e9j\u00e0 publi\u00e9 deux albums. La critique a r\u00e9serv\u00e9 un bon accueil \u00e0 <strong><a href=\"https:\/\/culturesco.com\/index.php\/2021\/10\/20\/boy-album-le-debut-dune-longue-et-belle-histoire-pour-u2-i-will-follow-out-of-control\/\" target=\"_blank\" rel=\"noopener\"><em>Boy<\/em><\/a><\/strong>, le premier, d\u00e9celant dans le quatuor un espoir de renouveau rock. Enfin un groupe capable de fusionner le punk, la new-wave et la cold-wave, sans sophistication excessive. Le deuxi\u00e8me opus, <strong><em>October<\/em><\/strong>, est plus \u00e9labor\u00e9, mais son message ostensiblement religieux d\u00e9route le public. D\u2019autant qu\u2019une \u00ab\u00a0<em>guerre sainte\u00a0\u00bb<\/em> fait encore rage sur le sol irlandais\u2026<\/p>\n<p style=\"text-align: justify;\"><strong>Island Records<\/strong> fait ses comptes et songe s\u00e9rieusement \u00e0 interrompre sa collaboration avec le groupe. <strong>Chris Blackwell<\/strong> leur accorde un dernier album. Les s\u00e9ances d\u00e9butent au <strong>mois d\u2019ao\u00fbt 1982<\/strong>.<\/p>\n<h3 style=\"text-align: justify;\">Derni\u00e8re chance&#8230; avant la gloire !<\/h3>\n<p style=\"text-align: justify;\">Sur WAR, comme pour les deux premiers exercices, le producteur <strong>Steve Lillywhite<\/strong> est aux manettes. Le groupe est sous pression, et les conflits sont fr\u00e9quents dans les studios Windmill Lane de Dublin. Notamment entre <strong>Bono<\/strong> et le bassiste <strong>Adam Clayton<\/strong>. Ce dernier n\u2019\u00e9pouse pas les id\u00e9aux religieux de ses acolytes. Il arrive parfois \u00e9m\u00e9ch\u00e9, et suscite la col\u00e8re du chanteur.<\/p>\n<figure id=\"attachment_19303\" aria-describedby=\"caption-attachment-19303\" style=\"width: 300px\" class=\"wp-caption aligncenter\"><img data-recalc-dims=\"1\" loading=\"lazy\" decoding=\"async\" class=\"wp-image-19303 size-medium\" src=\"https:\/\/i0.wp.com\/culturesco.com\/wp-content\/uploads\/2023\/03\/184211_fbe567.jpg?resize=300%2C200&#038;ssl=1\" alt=\"U2\" width=\"300\" height=\"200\" srcset=\"https:\/\/i0.wp.com\/culturesco.com\/wp-content\/uploads\/2023\/03\/184211_fbe567.jpg?resize=300%2C200&amp;ssl=1 300w, https:\/\/i0.wp.com\/culturesco.com\/wp-content\/uploads\/2023\/03\/184211_fbe567.jpg?resize=90%2C60&amp;ssl=1 90w, https:\/\/i0.wp.com\/culturesco.com\/wp-content\/uploads\/2023\/03\/184211_fbe567.jpg?resize=135%2C90&amp;ssl=1 135w, https:\/\/i0.wp.com\/culturesco.com\/wp-content\/uploads\/2023\/03\/184211_fbe567.jpg?w=350&amp;ssl=1 350w\" sizes=\"auto, (max-width: 300px) 100vw, 300px\" \/><figcaption id=\"caption-attachment-19303\" class=\"wp-caption-text\">Bono et Adam Clayton<\/figcaption><\/figure>\n<p style=\"text-align: justify;\">Mais l\u2019amour de la musique les unit ind\u00e9niablement. En guise d\u2019excuse, Bono \u00e9crit pour Adam Clayton, un titre souvent \u00e9clips\u00e9 par les standards de l\u2019album. Un genre de folk myst\u00e9rieux aux r\u00e9sonnances celtes, et dot\u00e9 de sublimes arrangements.<\/p>\n<blockquote>\n<h4><em>\u00ab Je sais que certaines chansons de WAR pourraient \u00eatre r\u00e9-enregistr\u00e9es et am\u00e9lior\u00e9es, mais pour Drowning Man, c&rsquo;est la perfection. C&rsquo;est l&rsquo;un des plus beaux enregistrements de toute notre carri\u00e8re \u00bb The Edge<\/em><\/h4>\n<\/blockquote>\n<p style=\"text-align: justify;\">La partie de violon est jou\u00e9e par <strong>Steve Wickham<\/strong>, musicien rencontr\u00e9 \u00e0 un arr\u00eat de bus de Dublin par The Edge et Bono, et futur membre des <a href=\"https:\/\/culturesco.com\/index.php\/2019\/02\/22\/les-inveteres-du-rock-podcast-emission-radio-auguste-marshal-avec-the-pogues-noir-desir-led-zeppelin-waterboys\/\" target=\"_blank\" rel=\"noopener\">Waterboys<\/a>.<\/p>\n<h3>U2 &#8211; Drowning Man (WAR)<\/h3>\n<div class=\"youtube-embed\" data-video_id=\"NV1dLOiyvvk\"><iframe loading=\"lazy\" title=\"Drowning Man (Remastered 2008)\" width=\"696\" height=\"522\" src=\"https:\/\/www.youtube.com\/embed\/NV1dLOiyvvk\" frameborder=\"0\" allow=\"accelerometer; autoplay; clipboard-write; encrypted-media; gyroscope; picture-in-picture; web-share\" referrerpolicy=\"strict-origin-when-cross-origin\" allowfullscreen><\/iframe><\/div>\n<p style=\"text-align: justify;\">Composer un hymne rock, qui soit \u00e9galement un hymne \u00e0 la paix, est une prouesse que peu de groupes ont su r\u00e9ussir. Si Bono est la plume majeure de <a href=\"https:\/\/culturesco.com\/index.php\/2021\/10\/20\/boy-album-le-debut-dune-longue-et-belle-histoire-pour-u2-i-will-follow-out-of-control\/\" target=\"_blank\" rel=\"noopener\">U2<\/a>, c\u2019est The Edge qui est \u00e0 l\u2019origine du titre <strong><em>Sunday Bloody Sunday<\/em><\/strong>, standard et piste introductive de l\u2019album WAR.<\/p>\n<figure id=\"attachment_19305\" aria-describedby=\"caption-attachment-19305\" style=\"width: 300px\" class=\"wp-caption aligncenter\"><img data-recalc-dims=\"1\" loading=\"lazy\" decoding=\"async\" class=\"wp-image-19305 size-medium\" src=\"https:\/\/i0.wp.com\/culturesco.com\/wp-content\/uploads\/2023\/03\/The-Edge-Bono.jpg?resize=300%2C169&#038;ssl=1\" alt=\"The Edge &amp; Bono\" width=\"300\" height=\"169\" srcset=\"https:\/\/i0.wp.com\/culturesco.com\/wp-content\/uploads\/2023\/03\/The-Edge-Bono.jpg?resize=300%2C169&amp;ssl=1 300w, https:\/\/i0.wp.com\/culturesco.com\/wp-content\/uploads\/2023\/03\/The-Edge-Bono.jpg?resize=107%2C60&amp;ssl=1 107w, https:\/\/i0.wp.com\/culturesco.com\/wp-content\/uploads\/2023\/03\/The-Edge-Bono.jpg?resize=160%2C90&amp;ssl=1 160w, https:\/\/i0.wp.com\/culturesco.com\/wp-content\/uploads\/2023\/03\/The-Edge-Bono.jpg?w=439&amp;ssl=1 439w\" sizes=\"auto, (max-width: 300px) 100vw, 300px\" \/><figcaption id=\"caption-attachment-19305\" class=\"wp-caption-text\">The Edge et Bono<\/figcaption><\/figure>\n<p style=\"text-align: justify;\">Pendant que le chanteur profite de son voyage de noces en Jama\u00efque, le guitariste tente de se remettre d\u2019une rupture. Il traverse \u00e9galement une p\u00e9riode de doute quant \u00e0 sa facult\u00e9 \u00e0 composer. Pour couronner le tout, les conflits sur le sol irlandais entre l\u2019IRA et l\u2019arm\u00e9e britannique s\u2019intensifient. Souhaitant expier son mal \u00eatre, The Edge d\u00e9croche sa Stratocaster Black et se lance dans un arp\u00e8ge descendant. Il trouve un th\u00e8me accrocheur, quelques paroles et un refrain, mais le titre en reste au stade de l\u2019\u00e9bauche.<\/p>\n<h3>Standard rock et hymne \u00e0 la paix<\/h3>\n<p style=\"text-align: justify;\">A son retour, Bono compl\u00e8te le texte. Ce dernier est inspir\u00e9 par une rencontre ayant eu lieu \u00e0 New York avec des partisans de l\u2019<strong>IRA<\/strong>. Comme beaucoup d\u2019irlandais, apr\u00e8s avoir souhait\u00e9 le d\u00e9part de l\u2019arm\u00e9e anglaise, le quatuor aspire d\u00e9sormais \u00e0 la paix.<\/p>\n<p><img data-recalc-dims=\"1\" loading=\"lazy\" decoding=\"async\" class=\"aligncenter wp-image-19304\" src=\"https:\/\/i0.wp.com\/culturesco.com\/wp-content\/uploads\/2023\/03\/2a2c4ca-U2-IRA.webp?resize=400%2C249&#038;ssl=1\" alt=\"U2\" width=\"400\" height=\"249\" srcset=\"https:\/\/i0.wp.com\/culturesco.com\/wp-content\/uploads\/2023\/03\/2a2c4ca-U2-IRA.webp?resize=300%2C187&amp;ssl=1 300w, https:\/\/i0.wp.com\/culturesco.com\/wp-content\/uploads\/2023\/03\/2a2c4ca-U2-IRA.webp?resize=768%2C478&amp;ssl=1 768w, https:\/\/i0.wp.com\/culturesco.com\/wp-content\/uploads\/2023\/03\/2a2c4ca-U2-IRA.webp?resize=696%2C434&amp;ssl=1 696w, https:\/\/i0.wp.com\/culturesco.com\/wp-content\/uploads\/2023\/03\/2a2c4ca-U2-IRA.webp?resize=674%2C420&amp;ssl=1 674w, https:\/\/i0.wp.com\/culturesco.com\/wp-content\/uploads\/2023\/03\/2a2c4ca-U2-IRA.webp?resize=600%2C374&amp;ssl=1 600w, https:\/\/i0.wp.com\/culturesco.com\/wp-content\/uploads\/2023\/03\/2a2c4ca-U2-IRA.webp?resize=96%2C60&amp;ssl=1 96w, https:\/\/i0.wp.com\/culturesco.com\/wp-content\/uploads\/2023\/03\/2a2c4ca-U2-IRA.webp?resize=144%2C90&amp;ssl=1 144w, https:\/\/i0.wp.com\/culturesco.com\/wp-content\/uploads\/2023\/03\/2a2c4ca-U2-IRA.webp?w=1000&amp;ssl=1 1000w\" sizes=\"auto, (max-width: 400px) 100vw, 400px\" \/><\/p>\n<p style=\"text-align: justify;\"><em>Sunday Bloody Sunday<\/em> fait directement r\u00e9f\u00e9rence \u00e0 deux massacres perp\u00e9tr\u00e9s par l\u2019arm\u00e9e en 1920 et 1972. Il exprime le ras le bol de la violence et repr\u00e9sente un appel \u00e0 l\u2019union. Comme le pr\u00e9cisera Bono en concert (parfois muni d\u2019un drapeau blanc), <em>\u201cThis song is not a rebel song\u201d<\/em>. En effet, il s\u2019agit d\u2019un titre pacifiste.<\/p>\n<p style=\"text-align: justify;\">A l\u2019image de la partie batterie de <strong>John Bonham<\/strong> (<a href=\"https:\/\/culturesco.com\/index.php\/2022\/03\/31\/led-zeppelin-i-le-projet-ambitieux-de-jimmy-page-communication-breakdown-babe-im-gonna-leave-you-good-times-bad-times-dazed-and-confused\/\" target=\"_blank\" rel=\"noopener\">Led Zeppelin<\/a>) sur le titre <em>When The Levee Breaks<\/em>, celle ex\u00e9cut\u00e9e par Larry Mullen Jr est enregistr\u00e9e au pied d\u2019un escalier, afin d\u2019obtenir une r\u00e9verb\u00e9ration naturelle. D\u00e8s les premi\u00e8res mesures, on est happ\u00e9 par le rythme martial et le cri du sonar (violon \u00e9lectrique jou\u00e9 par Steve Wickham). L\u2019arp\u00e8ge d\u00e9compos\u00e9 de The Edge semble annoncer une menace, et le chant inquiet de Bono provoque le premier frisson. Quand le refrain et la basse d\u2019Adam Clayton font irruption, espoir et d\u00e9sespoir se confondent\u2026 \u00ab\u00a0<em>How long must we sing this song\u00a0\u00bb<\/em>\u2026 A l\u2019image de cette guerre qui n\u2019en finit pas, le riff de guitare attaque de plus belle, mais sans parvenir \u00e0 couvrir le cri de ralliement\u2026<\/p>\n<p style=\"text-align: justify;\"><em>\u201cCause tonight<\/em><br \/>\n<em>We can be as one<\/em><br \/>\n<em>Tonight\u201d<\/em><\/p>\n<h3>U2 &#8211; Sunday Bloody Sunday (WAR)<\/h3>\n<div class=\"youtube-embed\" data-video_id=\"34ouxz5V9Jo\"><iframe loading=\"lazy\" title=\"U2 - WAR (\u95d8) \/ Sunday Bloody Sunday 1983\" width=\"696\" height=\"392\" src=\"https:\/\/www.youtube.com\/embed\/34ouxz5V9Jo\" frameborder=\"0\" allow=\"accelerometer; autoplay; clipboard-write; encrypted-media; gyroscope; picture-in-picture; web-share\" referrerpolicy=\"strict-origin-when-cross-origin\" allowfullscreen><\/iframe><\/div>\n<p style=\"text-align: justify;\"><em>Seconds<\/em> constitue la deuxi\u00e8me piste. Mais son titre n\u2019est pas seulement d\u00fb \u00e0 sa position sur l\u2019album. Il fait \u00e9galement r\u00e9f\u00e9rence \u00e0 un duo. C\u00f4t\u00e9 vocal, g\u00e9n\u00e9ralement The Edge se contente d\u2019effectuer les secondes voix. Sur le titre <em>Seconds<\/em>, Bono et The Edge se partagent les couplets avant de conclure le morceau en ch\u0153ur. Enfin, un troisi\u00e8me sens, plus profond et r\u00e9sultant du pr\u00e9c\u00e9dent, est attribu\u00e9 au titre\u2026<\/p>\n<blockquote>\n<h4><em>\u201cIt takes a second to say goodbye\u201d<\/em><br \/>\n<em>(Cela prend une second de dire au revoir)<\/em><\/h4>\n<\/blockquote>\n<p style=\"text-align: justify;\">A l\u2019\u00e9poque, Bono est en panne d\u2019inspiration et demande \u00e0 The Edge de se mettre \u00e0 l\u2019\u00e9criture. Cette premi\u00e8re phrase \u00e9crite par le guitariste est le point de d\u00e9part du morceau. Inspir\u00e9 par la Guerre Froide, Bono d\u00e9veloppe \u00e0 partir de cette phrase, un genre de r\u00e9quisitoire contre l\u2019utilisation de la bombe atomique, et sa facult\u00e9 monstrueuse \u00e0 an\u00e9antir la vie <strong>\u201cen une seconde\u201d<\/strong>.<\/p>\n<p style=\"text-align: justify;\">Le groove instigu\u00e9 par la basse d\u2019Adam Clayton est d\u00e9cupl\u00e9 par une partie de guitare folk chaloup\u00e9e. La grosse caisse au son brut \u00e9voque la musique militaire et le chant reste revendicatif. Un titre hypnotique, incisif, et singulier dans la discographie du groupe.<\/p>\n<h3>U2 &#8211; Seconds (WAR)<\/h3>\n<div class=\"youtube-embed\" data-video_id=\"nGWZYA4gwFc\"><iframe loading=\"lazy\" title=\"Seconds (Remastered 2008)\" width=\"696\" height=\"522\" src=\"https:\/\/www.youtube.com\/embed\/nGWZYA4gwFc\" frameborder=\"0\" allow=\"accelerometer; autoplay; clipboard-write; encrypted-media; gyroscope; picture-in-picture; web-share\" referrerpolicy=\"strict-origin-when-cross-origin\" allowfullscreen><\/iframe><\/div>\n<p style=\"text-align: justify;\">En termes de popularit\u00e9, <strong><em>New Year\u2019s Day<\/em><\/strong> rivalise ais\u00e9ment avec <em>Sunday Bloody Sunday<\/em>. N\u00e9anmoins, je me dois de pr\u00e9ciser une chose qui pourrait en \u00e9tonner plus d\u2019un. En 1983, si l\u2019album WAR atteint la premi\u00e8re place dans les charts anglais, <em>Sunday Bloody Sunday<\/em> conna\u00eet son meilleur classement aux Pays-Bas (2\u00e8me). Idem pour <em>New Year\u2019s Day<\/em> en Irlande (2\u00e8me). Ce n\u2019est qu\u2019au fil du temps, en touchant le coeur de chaque nouvelle g\u00e9n\u00e9ration, qu\u2019ils deviendront des incontournables.<\/p>\n<h3>Le tube 80&rsquo;s<\/h3>\n<p style=\"text-align: justify;\">Mais revenons \u00e0 nos moutons du \u201cnouvel an\u201d. L\u00e0 encore, glisser sur le m\u00eame album, un tube g\u00e9n\u00e9rationnel, un titre symbole d\u2019une \u00e9poque, en plus d\u2019un hymne, n\u2019a rien d\u2019anodin.<\/p>\n<p><img data-recalc-dims=\"1\" loading=\"lazy\" decoding=\"async\" class=\"size-medium wp-image-19306 aligncenter\" src=\"https:\/\/i0.wp.com\/culturesco.com\/wp-content\/uploads\/2023\/03\/anton-corbijns-picture-tou2-war-album.jpg?resize=300%2C218&#038;ssl=1\" alt=\"\" width=\"300\" height=\"218\" srcset=\"https:\/\/i0.wp.com\/culturesco.com\/wp-content\/uploads\/2023\/03\/anton-corbijns-picture-tou2-war-album.jpg?resize=300%2C218&amp;ssl=1 300w, https:\/\/i0.wp.com\/culturesco.com\/wp-content\/uploads\/2023\/03\/anton-corbijns-picture-tou2-war-album.jpg?resize=863%2C627&amp;ssl=1 863w, https:\/\/i0.wp.com\/culturesco.com\/wp-content\/uploads\/2023\/03\/anton-corbijns-picture-tou2-war-album.jpg?resize=768%2C558&amp;ssl=1 768w, https:\/\/i0.wp.com\/culturesco.com\/wp-content\/uploads\/2023\/03\/anton-corbijns-picture-tou2-war-album.jpg?resize=696%2C506&amp;ssl=1 696w, https:\/\/i0.wp.com\/culturesco.com\/wp-content\/uploads\/2023\/03\/anton-corbijns-picture-tou2-war-album.jpg?resize=1068%2C776&amp;ssl=1 1068w, https:\/\/i0.wp.com\/culturesco.com\/wp-content\/uploads\/2023\/03\/anton-corbijns-picture-tou2-war-album.jpg?resize=578%2C420&amp;ssl=1 578w, https:\/\/i0.wp.com\/culturesco.com\/wp-content\/uploads\/2023\/03\/anton-corbijns-picture-tou2-war-album.jpg?resize=324%2C235&amp;ssl=1 324w, https:\/\/i0.wp.com\/culturesco.com\/wp-content\/uploads\/2023\/03\/anton-corbijns-picture-tou2-war-album.jpg?w=600&amp;ssl=1 600w, https:\/\/i0.wp.com\/culturesco.com\/wp-content\/uploads\/2023\/03\/anton-corbijns-picture-tou2-war-album.jpg?resize=83%2C60&amp;ssl=1 83w, https:\/\/i0.wp.com\/culturesco.com\/wp-content\/uploads\/2023\/03\/anton-corbijns-picture-tou2-war-album.jpg?resize=124%2C90&amp;ssl=1 124w\" sizes=\"auto, (max-width: 300px) 100vw, 300px\" \/><\/p>\n<p style=\"text-align: justify;\"><em>New Year\u2019s Day<\/em> est le fruit d\u2019une double d\u00e9dicace. Bono l\u2019\u00e9crit en premier lieu, en songeant \u00e0 son \u00e9pouse. C\u2019est une chanson positive. Son mariage et l\u2019envol du groupe sont le moteur de ce titre tournoyant, car ils repr\u00e9sentent l\u2019espoir d\u2019une vie meilleure, pour le chanteur et son entourage. <em>New Year\u2019s Day<\/em> est donc un titre positif, auquel Bono ajoute un sens politique en le d\u00e9diant \u00e0 <strong>Solidarnosc<\/strong> (f\u00e9d\u00e9ration de syndicats polonais) et son leader <strong>Lech Walesa<\/strong>.<\/p>\n<p style=\"text-align: justify;\">Une nouvelle fois la structure du morceau est simple. U2 n\u2019a pas totalement oubli\u00e9 les le\u00e7ons de punk rock de leur jeunesse, l\u2019efficacit\u00e9 et un style marqu\u00e9 priment sur le reste. La ligne de basse rudimentaire et pourtant l\u00e9gendaire d\u2019Adam Clayton est puis\u00e9e dans celle du titre <em>Fade to Grey<\/em> du groupe <a href=\"https:\/\/fr.wikipedia.org\/wiki\/Visage_(groupe)\" target=\"_blank\" rel=\"noopener\">Visage<\/a>. A cette \u00e9poque, le bassiste a l\u2019habitude de la jouer en effectuant ses r\u00e9glages. Surmont\u00e9e de trois notes de piano (et non de synth\u00e9tiseur) jou\u00e9es par The Edge, l\u2019effet est entra\u00eenant d\u00e8s l\u2019entame du titre. Le guitariste ajoute ses accords syncop\u00e9s, qui l\u2019air de rien sont en train de devenir le son de U2. Ainsi qu\u2019un solo simple et m\u00e9lodieux que chacun peut fredonner.<\/p>\n<p style=\"text-align: justify;\">Enfin, le chant de Bono touche par sa force empreinte de douceur. Il atteint des cimes (enneig\u00e9s ?) sur lesquels il va voltiger durant toutes les ann\u00e9es 80.<\/p>\n<h3>U2 &#8211; New Year\u2019s Day<\/h3>\n<div class=\"youtube-embed\" data-video_id=\"jeYCyCaK_5k\"><iframe loading=\"lazy\" title=\"U2 - New Year&#039;s Day (Official Music Video)\" width=\"696\" height=\"392\" src=\"https:\/\/www.youtube.com\/embed\/jeYCyCaK_5k\" frameborder=\"0\" allow=\"accelerometer; autoplay; clipboard-write; encrypted-media; gyroscope; picture-in-picture; web-share\" referrerpolicy=\"strict-origin-when-cross-origin\" allowfullscreen><\/iframe><\/div>\n<p style=\"text-align: justify;\"><em>Like a Song<\/em> est sans aucun doute la composition la plus violente et la plus rock jamais produite par le groupe. Comme le reste de l\u2019album, elle est motiv\u00e9e par une situation devenue intenable sur le sol irlandais.<\/p>\n<figure id=\"attachment_19307\" aria-describedby=\"caption-attachment-19307\" style=\"width: 300px\" class=\"wp-caption aligncenter\"><img data-recalc-dims=\"1\" loading=\"lazy\" decoding=\"async\" class=\"wp-image-19307 size-medium\" src=\"https:\/\/i0.wp.com\/culturesco.com\/wp-content\/uploads\/2023\/03\/1984-larry1.jpg?resize=300%2C214&#038;ssl=1\" alt=\"U2\" width=\"300\" height=\"214\" srcset=\"https:\/\/i0.wp.com\/culturesco.com\/wp-content\/uploads\/2023\/03\/1984-larry1.jpg?resize=300%2C214&amp;ssl=1 300w, https:\/\/i0.wp.com\/culturesco.com\/wp-content\/uploads\/2023\/03\/1984-larry1.jpg?resize=100%2C70&amp;ssl=1 100w, https:\/\/i0.wp.com\/culturesco.com\/wp-content\/uploads\/2023\/03\/1984-larry1.jpg?resize=84%2C60&amp;ssl=1 84w, https:\/\/i0.wp.com\/culturesco.com\/wp-content\/uploads\/2023\/03\/1984-larry1.jpg?resize=126%2C90&amp;ssl=1 126w, https:\/\/i0.wp.com\/culturesco.com\/wp-content\/uploads\/2023\/03\/1984-larry1.jpg?w=500&amp;ssl=1 500w\" sizes=\"auto, (max-width: 300px) 100vw, 300px\" \/><figcaption id=\"caption-attachment-19307\" class=\"wp-caption-text\">Larry Mullen Jr<\/figcaption><\/figure>\n<p style=\"text-align: justify;\">Bono et sa bande mettent de c\u00f4t\u00e9 leur qu\u00eate de s\u00e9r\u00e9nit\u00e9 pour se faire la voix d\u2019un peuple meurtri. La guerre, et son lot de victimes, de traumatismes et d\u2019angoisses investissent leur musique. Leur titres prennent soudain une autre dimension. The Edge met toute sa rage dans ses riffs, Bono d\u00e9ploie un chant visc\u00e9ral, Clayton des lignes inventives. Quant \u00e0 <strong>Larry Mullen Jr<\/strong>, il sort de son carcan minimaliste en s\u2019offrant son premier solo de batterie\u2026<\/p>\n<h3>U2 &#8211; Like a Song<\/h3>\n<div class=\"youtube-embed\" data-video_id=\"32R-9oCXWRU\"><iframe loading=\"lazy\" title=\"Like A Song... (Remastered 2008)\" width=\"696\" height=\"522\" src=\"https:\/\/www.youtube.com\/embed\/32R-9oCXWRU\" frameborder=\"0\" allow=\"accelerometer; autoplay; clipboard-write; encrypted-media; gyroscope; picture-in-picture; web-share\" referrerpolicy=\"strict-origin-when-cross-origin\" allowfullscreen><\/iframe><\/div>\n<p style=\"text-align: justify;\">Tous les titres que je viens d\u2019\u00e9voquer composent la Face A de l\u2019album WAR. Si l\u2019analyse d\u2019une face est tomb\u00e9e en d\u00e9su\u00e9tude au moment de l\u2019apparition du Compact Disc, peu de grands albums rock poss\u00e8dent une telle intensit\u00e9 sur les 5 premiers titres. D\u2019autant que l\u2019envers (la face B) n\u2019a rien de d\u00e9cevant. Comme sur ce titre sillonn\u00e9 par la guitare et le style l\u00e9gendaire de The Edge\u2026<\/p>\n<h3>U2 &#8211; Two Hearts Beat as One<\/h3>\n<div class=\"youtube-embed\" data-video_id=\"LnpSSE0GKak\"><iframe loading=\"lazy\" title=\"7 Two Hearts Beat As One (War - U2)\" width=\"696\" height=\"392\" src=\"https:\/\/www.youtube.com\/embed\/LnpSSE0GKak\" frameborder=\"0\" allow=\"accelerometer; autoplay; clipboard-write; encrypted-media; gyroscope; picture-in-picture; web-share\" referrerpolicy=\"strict-origin-when-cross-origin\" allowfullscreen><\/iframe><\/div>\n<p style=\"text-align: justify;\">Pour la petite histoire, comme sur l&rsquo;album Boy, le visage de <strong>Peter Rowen<\/strong> orne la pochette. Le gar\u00e7on est le jeune fr\u00e8re d&rsquo;un membre des <strong>Virgin Prunes<\/strong>, groupe irlandais ayant d\u00e9but\u00e9 \u00e0 Dublin aux c\u00f4t\u00e9s de U2.<\/p>\n<p><img data-recalc-dims=\"1\" loading=\"lazy\" decoding=\"async\" class=\"size-medium wp-image-19313 aligncenter\" src=\"https:\/\/i0.wp.com\/culturesco.com\/wp-content\/uploads\/2023\/03\/U2-peter-rowen-boy-war.jpg?resize=300%2C150&#038;ssl=1\" alt=\"WAR\" width=\"300\" height=\"150\" srcset=\"https:\/\/i0.wp.com\/culturesco.com\/wp-content\/uploads\/2023\/03\/U2-peter-rowen-boy-war.jpg?resize=300%2C150&amp;ssl=1 300w, https:\/\/i0.wp.com\/culturesco.com\/wp-content\/uploads\/2023\/03\/U2-peter-rowen-boy-war.jpg?resize=768%2C384&amp;ssl=1 768w, https:\/\/i0.wp.com\/culturesco.com\/wp-content\/uploads\/2023\/03\/U2-peter-rowen-boy-war.jpg?resize=696%2C348&amp;ssl=1 696w, https:\/\/i0.wp.com\/culturesco.com\/wp-content\/uploads\/2023\/03\/U2-peter-rowen-boy-war.jpg?resize=840%2C420&amp;ssl=1 840w, https:\/\/i0.wp.com\/culturesco.com\/wp-content\/uploads\/2023\/03\/U2-peter-rowen-boy-war.jpg?w=600&amp;ssl=1 600w, https:\/\/i0.wp.com\/culturesco.com\/wp-content\/uploads\/2023\/03\/U2-peter-rowen-boy-war.jpg?resize=120%2C60&amp;ssl=1 120w, https:\/\/i0.wp.com\/culturesco.com\/wp-content\/uploads\/2023\/03\/U2-peter-rowen-boy-war.jpg?resize=180%2C90&amp;ssl=1 180w\" sizes=\"auto, (max-width: 300px) 100vw, 300px\" \/><\/p>\n<p style=\"text-align: justify;\">Soulag\u00e9s par les ventes de l\u2019album et la popularit\u00e9 grandissante du groupe, Steve Blackwell et Island Records prolongent l\u2019aventure avec U2.<\/p>\n<p style=\"text-align: justify;\">Avec la publication de WAR le <strong>28 f\u00e9vrier 1983<\/strong>, plus qu\u2019un troisi\u00e8me album r\u00e9ussi, U2 d\u00e9livre une \u0153uvre g\u00e9n\u00e9rationnelle. 40 ans plus tard, il faudrait presque pouvoir oublier <em>New Year\u2019s Day<\/em> et <em>Sunday Bloody Sunday,<\/em> afin de les appr\u00e9cier comme si c\u2019\u00e9tait la premi\u00e8re \u00e9coute, tant ils ont \u00e9t\u00e9 rabach\u00e9s.<\/p>\n<p><img data-recalc-dims=\"1\" loading=\"lazy\" decoding=\"async\" class=\"size-medium wp-image-19309 aligncenter\" src=\"https:\/\/i0.wp.com\/culturesco.com\/wp-content\/uploads\/2023\/03\/61OMBeMV3vL._SL1500_.jpg?resize=300%2C279&#038;ssl=1\" alt=\"\" width=\"300\" height=\"279\" srcset=\"https:\/\/i0.wp.com\/culturesco.com\/wp-content\/uploads\/2023\/03\/61OMBeMV3vL._SL1500_.jpg?resize=300%2C279&amp;ssl=1 300w, https:\/\/i0.wp.com\/culturesco.com\/wp-content\/uploads\/2023\/03\/61OMBeMV3vL._SL1500_.jpg?resize=674%2C627&amp;ssl=1 674w, https:\/\/i0.wp.com\/culturesco.com\/wp-content\/uploads\/2023\/03\/61OMBeMV3vL._SL1500_.jpg?resize=768%2C715&amp;ssl=1 768w, https:\/\/i0.wp.com\/culturesco.com\/wp-content\/uploads\/2023\/03\/61OMBeMV3vL._SL1500_.jpg?resize=696%2C648&amp;ssl=1 696w, https:\/\/i0.wp.com\/culturesco.com\/wp-content\/uploads\/2023\/03\/61OMBeMV3vL._SL1500_.jpg?resize=1068%2C994&amp;ssl=1 1068w, https:\/\/i0.wp.com\/culturesco.com\/wp-content\/uploads\/2023\/03\/61OMBeMV3vL._SL1500_.jpg?resize=451%2C420&amp;ssl=1 451w, https:\/\/i0.wp.com\/culturesco.com\/wp-content\/uploads\/2023\/03\/61OMBeMV3vL._SL1500_.jpg?w=600&amp;ssl=1 600w, https:\/\/i0.wp.com\/culturesco.com\/wp-content\/uploads\/2023\/03\/61OMBeMV3vL._SL1500_.jpg?resize=64%2C60&amp;ssl=1 64w, https:\/\/i0.wp.com\/culturesco.com\/wp-content\/uploads\/2023\/03\/61OMBeMV3vL._SL1500_.jpg?resize=97%2C90&amp;ssl=1 97w\" sizes=\"auto, (max-width: 300px) 100vw, 300px\" \/><\/p>\n<p style=\"text-align: justify;\">La sortie, quelques mois plus tard, de l&rsquo;excellent live <strong><em>Under a Blood Red Sky<\/em><\/strong>, viendra confirmer l&rsquo;envol du groupe.<\/p>\n<p style=\"text-align: justify;\">Pour les rares auditeurs n\u2019ayant jamais \u00e9prouv\u00e9 cette \u201cguerre\u201d (WAR) dans sa totalit\u00e9, un bon conseil, il n\u2019est pas trop tard pour balancer votre Best of. Je n\u2019ai pas fait grand cas de la face B, pourtant l\u2019\u00e9motion procur\u00e9e par des titres tels que <em>Surrender<\/em> et <em>40<\/em>, ou encore l\u2019efficacit\u00e9 du titre <em>Red Light<\/em> (avec les choristes de Kid Creole &amp; The Coconuts), sont autant d\u2019ingr\u00e9dients contribuant \u00e0 la pl\u00e9nitude de cet album.<\/p>\n<h3 style=\"text-align: justify;\">U2 &#8211; Red Light<\/h3>\n<div class=\"youtube-embed\" data-video_id=\"k3s7HqsM0Zw\"><iframe loading=\"lazy\" title=\"Red Light (Remastered 2008)\" width=\"696\" height=\"522\" src=\"https:\/\/www.youtube.com\/embed\/k3s7HqsM0Zw\" frameborder=\"0\" allow=\"accelerometer; autoplay; clipboard-write; encrypted-media; gyroscope; picture-in-picture; web-share\" referrerpolicy=\"strict-origin-when-cross-origin\" allowfullscreen><\/iframe><\/div>\n<p style=\"text-align: justify;\">Et qui dit album g\u00e9n\u00e9rationnel dit anecdote ! En conclusion, je vous propose d&rsquo;abord d&rsquo;\u00e9couter les confidences de mon coll\u00e8gue <a href=\"https:\/\/culturesco.com\/index.php\/author\/admin8255\/\">Auguste Marshal<\/a>, dans son excellente \u00e9mission <strong>Cultures Co<\/strong>, diffus\u00e9e chaque vendredi \u00e0 21H00 sur la radio <a href=\"https:\/\/culturesco.com\/index.php\/station\/pop-culture-radio\/\" target=\"_blank\" rel=\"noopener\">Pop Culture<\/a><strong>.<\/strong><\/p>\n<div class=\"youtube-embed\" data-video_id=\"ZO-DY3f0eGM\"><iframe loading=\"lazy\" title=\"U2 : sortie de l&#039;album WAR en 1983 - Chronique radio d&#039;Auguste Marshal\" width=\"696\" height=\"392\" src=\"https:\/\/www.youtube.com\/embed\/ZO-DY3f0eGM\" frameborder=\"0\" allow=\"accelerometer; autoplay; clipboard-write; encrypted-media; gyroscope; picture-in-picture; web-share\" referrerpolicy=\"strict-origin-when-cross-origin\" allowfullscreen><\/iframe><\/div>\n<p style=\"text-align: justify;\">Enfin, en ce qui me concerne, je souhaiterais \u00e9voquer l&rsquo;histoire d&rsquo;une cassette et d&rsquo;un baladeur, ou la balade d&rsquo;un walkman et de son contenant (au choix). Cet appareil gagn\u00e9 \u00e0 une tombola lorsque j&rsquo;avais 9 ans n\u2019a connu que le groupe U2. Quelques ann\u00e9es apr\u00e8s la publication de WAR, j\u2019avais pour habitude de me rendre chaque jour au coll\u00e8ge, casque sur les oreilles, et cassette de War dans le lecteur. Il s\u2019agissait alors de l\u2019unique album du groupe en ma possession.<\/p>\n<figure id=\"attachment_19310\" aria-describedby=\"caption-attachment-19310\" style=\"width: 192px\" class=\"wp-caption alignnone\"><img data-recalc-dims=\"1\" loading=\"lazy\" decoding=\"async\" class=\"wp-image-19310 size-full\" src=\"https:\/\/i0.wp.com\/culturesco.com\/wp-content\/uploads\/2023\/03\/R-1162466-1203499830.jpg?resize=192%2C300&#038;ssl=1\" alt=\"War (cassette)\" width=\"192\" height=\"300\" srcset=\"https:\/\/i0.wp.com\/culturesco.com\/wp-content\/uploads\/2023\/03\/R-1162466-1203499830.jpg?w=192&amp;ssl=1 192w, https:\/\/i0.wp.com\/culturesco.com\/wp-content\/uploads\/2023\/03\/R-1162466-1203499830.jpg?resize=38%2C60&amp;ssl=1 38w, https:\/\/i0.wp.com\/culturesco.com\/wp-content\/uploads\/2023\/03\/R-1162466-1203499830.jpg?resize=58%2C90&amp;ssl=1 58w\" sizes=\"auto, (max-width: 192px) 100vw, 192px\" \/><figcaption id=\"caption-attachment-19310\" class=\"wp-caption-text\">WAR (cassette)<\/figcaption><\/figure>\n<p style=\"text-align: justify;\">Un ami, fatigu\u00e9 de me voir m\u2019enivrer du chef d\u2019oeuvre jusqu\u2019\u00e0 l\u2019\u00e9coeurement, consentit \u00e0 me faire une copie des deux pr\u00e9c\u00e9dents albums, <a href=\"https:\/\/culturesco.com\/index.php\/2021\/10\/20\/boy-album-le-debut-dune-longue-et-belle-histoire-pour-u2-i-will-follow-out-of-control\/\" target=\"_blank\" rel=\"noopener\"><em>Boy<\/em><\/a> et <em>October<\/em>, ainsi que des deux suivants, <a href=\"https:\/\/culturesco.com\/index.php\/2019\/11\/27\/u2-the-unforgettable-fire-album-inoubliable-avec-les-tubes-bad-et-pride\/\" target=\"_blank\" rel=\"noopener\"><em>The Unforgettable Fire<\/em><\/a> et <a href=\"https:\/\/culturesco.com\/index.php\/2021\/03\/09\/the-joshua-tree-u2-revele-sa-fibre-americaine-with-or-without-you-where-the-streets-have-no-name-i-still-havent-found-what-im-looking-for\/\" target=\"_blank\" rel=\"noopener\"><em>The Joshua Tree<\/em><\/a>. C&rsquo;est ainsi que j&rsquo;ai d\u00e9couvert le reste de leur oeuvre. Le walkman, sur lequel j\u2019ai fini par \u00e9crire \u201c<strong>U2<\/strong>\u201d au marqueur, n\u2019a donc dig\u00e9r\u00e9 que des albums du quatuor irlandais tout au long de son existence. Avant de rendre l\u2019\u00e2me, au cours d\u2019une malheureuse bagarre. Car \u201cla guerre\u201d a toujours un prix&#8230;<\/p>\n<p>Serge Debono<\/p>\n","protected":false},"excerpt":{"rendered":"<p>Un album sous le signe de l&rsquo;union L&rsquo;album WAR a plus de 40 ans d&rsquo;existence. En 1982, U2 n\u2019est pas encore le mastodonte avide de stades d\u2019aujourd\u2019hui. Les quatre de Dublin ont d\u00e9j\u00e0 publi\u00e9 deux albums. La critique a r\u00e9serv\u00e9 un bon accueil \u00e0 Boy, le premier, d\u00e9celant dans le quatuor un espoir de renouveau [&hellip;]<\/p>\n","protected":false},"author":15,"featured_media":19302,"comment_status":"open","ping_status":"open","sticky":false,"template":"","format":"image","meta":{"jetpack_post_was_ever_published":false,"tdm_status":"","tdm_grid_status":"","_jetpack_newsletter_access":"","_jetpack_dont_email_post_to_subs":false,"_jetpack_newsletter_tier_id":0,"_jetpack_memberships_contains_paywalled_content":false,"_jetpack_memberships_contains_paid_content":false,"footnotes":""},"categories":[30,17],"tags":[37,12189,38,52,58,12188,4171,12296],"class_list":{"0":"post-19277","1":"post","2":"type-post","3":"status-publish","4":"format-image","5":"has-post-thumbnail","7":"category-albums-rock","8":"category-carotte-rock-cultures","9":"tag-album-rock","10":"tag-albums-essentiels","11":"tag-classic-rock","12":"tag-groupe-rock-actuel","13":"tag-histoire-du-rock","14":"tag-new-wave","15":"tag-pop-culture","16":"tag-pop-rock","17":"post_format-post-format-image"},"yoast_head":"<!-- This site is optimized with the Yoast SEO plugin v27.5 - https:\/\/yoast.com\/product\/yoast-seo-wordpress\/ -->\n<title>WAR, l\u2019album g\u00e9n\u00e9rationnel de U2 - Culturesco<\/title>\n<meta name=\"description\" content=\"En 1983, apr\u00e8s deux succ\u00e8s d&#039;estime, U2 d\u00e9livre WAR. Cet album culte et g\u00e9n\u00e9rationnel fait entrer le groupe irlandais dans l&#039;Histoire du Rock\" \/>\n<meta name=\"robots\" content=\"index, follow, max-snippet:-1, max-image-preview:large, max-video-preview:-1\" \/>\n<link rel=\"canonical\" href=\"https:\/\/culturesco.com\/index.php\/2023\/03\/30\/war-lalbum-generationnel-de-u2-fete-ses-40-ans-sunday-bloody-sunday-new-years-day-like-a-song\/\" \/>\n<meta property=\"og:locale\" content=\"fr_FR\" \/>\n<meta property=\"og:type\" content=\"article\" \/>\n<meta property=\"og:title\" content=\"WAR, l\u2019album g\u00e9n\u00e9rationnel de U2 - Culturesco\" \/>\n<meta property=\"og:description\" content=\"En 1983, apr\u00e8s deux succ\u00e8s d&#039;estime, U2 d\u00e9livre WAR. Cet album culte et g\u00e9n\u00e9rationnel fait entrer le groupe irlandais dans l&#039;Histoire du Rock\" \/>\n<meta property=\"og:url\" content=\"https:\/\/culturesco.com\/index.php\/2023\/03\/30\/war-lalbum-generationnel-de-u2-fete-ses-40-ans-sunday-bloody-sunday-new-years-day-like-a-song\/\" \/>\n<meta property=\"og:site_name\" content=\"Culturesco\" \/>\n<meta property=\"article:publisher\" content=\"https:\/\/www.facebook.com\/radioculturesco\" \/>\n<meta property=\"article:published_time\" content=\"2023-03-30T00:31:53+00:00\" \/>\n<meta property=\"article:modified_time\" content=\"2023-12-09T20:06:46+00:00\" \/>\n<meta property=\"og:image\" content=\"https:\/\/culturesco.com\/wp-content\/uploads\/2023\/03\/287e041302f34b11ddfb57afc8048cd8-1677501236.jpg\" \/>\n\t<meta property=\"og:image:width\" content=\"600\" \/>\n\t<meta property=\"og:image:height\" content=\"338\" \/>\n\t<meta property=\"og:image:type\" content=\"image\/jpeg\" \/>\n<meta name=\"author\" content=\"Serge Debono\" \/>\n<meta name=\"twitter:card\" content=\"summary_large_image\" \/>\n<meta name=\"twitter:creator\" content=\"@AugusteMarshal\" \/>\n<meta name=\"twitter:site\" content=\"@AugusteMarshal\" \/>\n<meta name=\"twitter:label1\" content=\"\u00c9crit par\" \/>\n\t<meta name=\"twitter:data1\" content=\"Serge Debono\" \/>\n\t<meta name=\"twitter:label2\" content=\"Dur\u00e9e de lecture estim\u00e9e\" \/>\n\t<meta name=\"twitter:data2\" content=\"11 minutes\" \/>\n<script type=\"application\/ld+json\" class=\"yoast-schema-graph\">{\"@context\":\"https:\\\/\\\/schema.org\",\"@graph\":[{\"@type\":\"Article\",\"@id\":\"https:\\\/\\\/culturesco.com\\\/index.php\\\/2023\\\/03\\\/30\\\/war-lalbum-generationnel-de-u2-fete-ses-40-ans-sunday-bloody-sunday-new-years-day-like-a-song\\\/#article\",\"isPartOf\":{\"@id\":\"https:\\\/\\\/culturesco.com\\\/index.php\\\/2023\\\/03\\\/30\\\/war-lalbum-generationnel-de-u2-fete-ses-40-ans-sunday-bloody-sunday-new-years-day-like-a-song\\\/\"},\"author\":{\"name\":\"Serge Debono\",\"@id\":\"https:\\\/\\\/culturesco.com\\\/#\\\/schema\\\/person\\\/3bb0040ed615ad5553a08cf2d68ec38e\"},\"headline\":\"WAR, l\u2019album g\u00e9n\u00e9rationnel de U2\",\"datePublished\":\"2023-03-30T00:31:53+00:00\",\"dateModified\":\"2023-12-09T20:06:46+00:00\",\"mainEntityOfPage\":{\"@id\":\"https:\\\/\\\/culturesco.com\\\/index.php\\\/2023\\\/03\\\/30\\\/war-lalbum-generationnel-de-u2-fete-ses-40-ans-sunday-bloody-sunday-new-years-day-like-a-song\\\/\"},\"wordCount\":2148,\"commentCount\":0,\"publisher\":{\"@id\":\"https:\\\/\\\/culturesco.com\\\/#organization\"},\"image\":{\"@id\":\"https:\\\/\\\/culturesco.com\\\/index.php\\\/2023\\\/03\\\/30\\\/war-lalbum-generationnel-de-u2-fete-ses-40-ans-sunday-bloody-sunday-new-years-day-like-a-song\\\/#primaryimage\"},\"thumbnailUrl\":\"https:\\\/\\\/i0.wp.com\\\/culturesco.com\\\/wp-content\\\/uploads\\\/2023\\\/03\\\/287e041302f34b11ddfb57afc8048cd8-1677501236.jpg?fit=600%2C338&ssl=1\",\"keywords\":[\"album rock\",\"Albums essentiels\",\"classic rock\",\"groupe rock actuel\",\"histoire du rock\",\"New Wave\",\"Pop culture\",\"pop rock\"],\"articleSection\":[\"Albums rock\",\"Carotte Rock Cultures\"],\"inLanguage\":\"fr-FR\",\"potentialAction\":[{\"@type\":\"CommentAction\",\"name\":\"Comment\",\"target\":[\"https:\\\/\\\/culturesco.com\\\/index.php\\\/2023\\\/03\\\/30\\\/war-lalbum-generationnel-de-u2-fete-ses-40-ans-sunday-bloody-sunday-new-years-day-like-a-song\\\/#respond\"]}]},{\"@type\":\"WebPage\",\"@id\":\"https:\\\/\\\/culturesco.com\\\/index.php\\\/2023\\\/03\\\/30\\\/war-lalbum-generationnel-de-u2-fete-ses-40-ans-sunday-bloody-sunday-new-years-day-like-a-song\\\/\",\"url\":\"https:\\\/\\\/culturesco.com\\\/index.php\\\/2023\\\/03\\\/30\\\/war-lalbum-generationnel-de-u2-fete-ses-40-ans-sunday-bloody-sunday-new-years-day-like-a-song\\\/\",\"name\":\"WAR, l\u2019album g\u00e9n\u00e9rationnel de U2 - Culturesco\",\"isPartOf\":{\"@id\":\"https:\\\/\\\/culturesco.com\\\/#website\"},\"primaryImageOfPage\":{\"@id\":\"https:\\\/\\\/culturesco.com\\\/index.php\\\/2023\\\/03\\\/30\\\/war-lalbum-generationnel-de-u2-fete-ses-40-ans-sunday-bloody-sunday-new-years-day-like-a-song\\\/#primaryimage\"},\"image\":{\"@id\":\"https:\\\/\\\/culturesco.com\\\/index.php\\\/2023\\\/03\\\/30\\\/war-lalbum-generationnel-de-u2-fete-ses-40-ans-sunday-bloody-sunday-new-years-day-like-a-song\\\/#primaryimage\"},\"thumbnailUrl\":\"https:\\\/\\\/i0.wp.com\\\/culturesco.com\\\/wp-content\\\/uploads\\\/2023\\\/03\\\/287e041302f34b11ddfb57afc8048cd8-1677501236.jpg?fit=600%2C338&ssl=1\",\"datePublished\":\"2023-03-30T00:31:53+00:00\",\"dateModified\":\"2023-12-09T20:06:46+00:00\",\"description\":\"En 1983, apr\u00e8s deux succ\u00e8s d'estime, U2 d\u00e9livre WAR. Cet album culte et g\u00e9n\u00e9rationnel fait entrer le groupe irlandais dans l'Histoire du Rock\",\"breadcrumb\":{\"@id\":\"https:\\\/\\\/culturesco.com\\\/index.php\\\/2023\\\/03\\\/30\\\/war-lalbum-generationnel-de-u2-fete-ses-40-ans-sunday-bloody-sunday-new-years-day-like-a-song\\\/#breadcrumb\"},\"inLanguage\":\"fr-FR\",\"potentialAction\":[{\"@type\":\"ReadAction\",\"target\":[\"https:\\\/\\\/culturesco.com\\\/index.php\\\/2023\\\/03\\\/30\\\/war-lalbum-generationnel-de-u2-fete-ses-40-ans-sunday-bloody-sunday-new-years-day-like-a-song\\\/\"]}]},{\"@type\":\"ImageObject\",\"inLanguage\":\"fr-FR\",\"@id\":\"https:\\\/\\\/culturesco.com\\\/index.php\\\/2023\\\/03\\\/30\\\/war-lalbum-generationnel-de-u2-fete-ses-40-ans-sunday-bloody-sunday-new-years-day-like-a-song\\\/#primaryimage\",\"url\":\"https:\\\/\\\/i0.wp.com\\\/culturesco.com\\\/wp-content\\\/uploads\\\/2023\\\/03\\\/287e041302f34b11ddfb57afc8048cd8-1677501236.jpg?fit=600%2C338&ssl=1\",\"contentUrl\":\"https:\\\/\\\/i0.wp.com\\\/culturesco.com\\\/wp-content\\\/uploads\\\/2023\\\/03\\\/287e041302f34b11ddfb57afc8048cd8-1677501236.jpg?fit=600%2C338&ssl=1\",\"width\":600,\"height\":338,\"caption\":\"WAR - U2\"},{\"@type\":\"BreadcrumbList\",\"@id\":\"https:\\\/\\\/culturesco.com\\\/index.php\\\/2023\\\/03\\\/30\\\/war-lalbum-generationnel-de-u2-fete-ses-40-ans-sunday-bloody-sunday-new-years-day-like-a-song\\\/#breadcrumb\",\"itemListElement\":[{\"@type\":\"ListItem\",\"position\":1,\"name\":\"Accueil\",\"item\":\"https:\\\/\\\/culturesco.com\\\/\"},{\"@type\":\"ListItem\",\"position\":2,\"name\":\"WAR, l\u2019album g\u00e9n\u00e9rationnel de U2\"}]},{\"@type\":\"WebSite\",\"@id\":\"https:\\\/\\\/culturesco.com\\\/#website\",\"url\":\"https:\\\/\\\/culturesco.com\\\/\",\"name\":\"Culturesco\",\"description\":\"Culturesco | Un bon coup de pied dans ta Culture\",\"publisher\":{\"@id\":\"https:\\\/\\\/culturesco.com\\\/#organization\"},\"potentialAction\":[{\"@type\":\"SearchAction\",\"target\":{\"@type\":\"EntryPoint\",\"urlTemplate\":\"https:\\\/\\\/culturesco.com\\\/?s={search_term_string}\"},\"query-input\":{\"@type\":\"PropertyValueSpecification\",\"valueRequired\":true,\"valueName\":\"search_term_string\"}}],\"inLanguage\":\"fr-FR\"},{\"@type\":\"Organization\",\"@id\":\"https:\\\/\\\/culturesco.com\\\/#organization\",\"name\":\"CULTURESCO\",\"url\":\"https:\\\/\\\/culturesco.com\\\/\",\"logo\":{\"@type\":\"ImageObject\",\"inLanguage\":\"fr-FR\",\"@id\":\"https:\\\/\\\/culturesco.com\\\/#\\\/schema\\\/logo\\\/image\\\/\",\"url\":\"https:\\\/\\\/i0.wp.com\\\/culturesco.com\\\/wp-content\\\/uploads\\\/2022\\\/04\\\/culturesco-logo-blanc250p.png?fit=250%2C250&ssl=1\",\"contentUrl\":\"https:\\\/\\\/i0.wp.com\\\/culturesco.com\\\/wp-content\\\/uploads\\\/2022\\\/04\\\/culturesco-logo-blanc250p.png?fit=250%2C250&ssl=1\",\"width\":250,\"height\":250,\"caption\":\"CULTURESCO\"},\"image\":{\"@id\":\"https:\\\/\\\/culturesco.com\\\/#\\\/schema\\\/logo\\\/image\\\/\"},\"sameAs\":[\"https:\\\/\\\/www.facebook.com\\\/radioculturesco\",\"https:\\\/\\\/x.com\\\/AugusteMarshal\",\"https:\\\/\\\/www.instagram.com\\\/carotte_rock_culture\\\/\",\"https:\\\/\\\/www.pinterest.fr\\\/augustemarshal\\\/\",\"https:\\\/\\\/www.youtube.com\\\/channel\\\/UCiWLGffqWSXlNnfzp6YwwyQ\"]},{\"@type\":\"Person\",\"@id\":\"https:\\\/\\\/culturesco.com\\\/#\\\/schema\\\/person\\\/3bb0040ed615ad5553a08cf2d68ec38e\",\"name\":\"Serge Debono\",\"image\":{\"@type\":\"ImageObject\",\"inLanguage\":\"fr-FR\",\"@id\":\"https:\\\/\\\/i0.wp.com\\\/culturesco.com\\\/wp-content\\\/uploads\\\/2022\\\/05\\\/60002991_386930685257671_7441165878386753536_n.jpg?fit=96%2C96&ssl=1\",\"url\":\"https:\\\/\\\/i0.wp.com\\\/culturesco.com\\\/wp-content\\\/uploads\\\/2022\\\/05\\\/60002991_386930685257671_7441165878386753536_n.jpg?fit=96%2C96&ssl=1\",\"contentUrl\":\"https:\\\/\\\/i0.wp.com\\\/culturesco.com\\\/wp-content\\\/uploads\\\/2022\\\/05\\\/60002991_386930685257671_7441165878386753536_n.jpg?fit=96%2C96&ssl=1\",\"caption\":\"Serge Debono\"},\"description\":\"Passionn\u00e9 de musique 60's et 70's, Serge Debono est l'auteur de \\\"Crossroads, dans l'ombre de Jimi Hendrix\\\", un livre \u00e0 mi-chemin entre le roman initiatique et le conte rock, ainsi que d'une analyse du premier opus des Doors, tous deux publi\u00e9s aux Editions Andr\u00e9 Odemard. Il est \u00e9galement chroniqueur et auteur de fictions sur le site Cultures Co, la page FB Carottes Rock Culture, ainsi que animateur sur la radio web Pop Culture.\",\"url\":\"https:\\\/\\\/culturesco.com\\\/index.php\\\/author\\\/serge-debono\\\/\"}]}<\/script>\n<!-- \/ Yoast SEO plugin. -->","yoast_head_json":{"title":"WAR, l\u2019album g\u00e9n\u00e9rationnel de U2 - Culturesco","description":"En 1983, apr\u00e8s deux succ\u00e8s d'estime, U2 d\u00e9livre WAR. Cet album culte et g\u00e9n\u00e9rationnel fait entrer le groupe irlandais dans l'Histoire du Rock","robots":{"index":"index","follow":"follow","max-snippet":"max-snippet:-1","max-image-preview":"max-image-preview:large","max-video-preview":"max-video-preview:-1"},"canonical":"https:\/\/culturesco.com\/index.php\/2023\/03\/30\/war-lalbum-generationnel-de-u2-fete-ses-40-ans-sunday-bloody-sunday-new-years-day-like-a-song\/","og_locale":"fr_FR","og_type":"article","og_title":"WAR, l\u2019album g\u00e9n\u00e9rationnel de U2 - Culturesco","og_description":"En 1983, apr\u00e8s deux succ\u00e8s d'estime, U2 d\u00e9livre WAR. Cet album culte et g\u00e9n\u00e9rationnel fait entrer le groupe irlandais dans l'Histoire du Rock","og_url":"https:\/\/culturesco.com\/index.php\/2023\/03\/30\/war-lalbum-generationnel-de-u2-fete-ses-40-ans-sunday-bloody-sunday-new-years-day-like-a-song\/","og_site_name":"Culturesco","article_publisher":"https:\/\/www.facebook.com\/radioculturesco","article_published_time":"2023-03-30T00:31:53+00:00","article_modified_time":"2023-12-09T20:06:46+00:00","og_image":[{"width":600,"height":338,"url":"https:\/\/culturesco.com\/wp-content\/uploads\/2023\/03\/287e041302f34b11ddfb57afc8048cd8-1677501236.jpg","type":"image\/jpeg"}],"author":"Serge Debono","twitter_card":"summary_large_image","twitter_creator":"@AugusteMarshal","twitter_site":"@AugusteMarshal","twitter_misc":{"\u00c9crit par":"Serge Debono","Dur\u00e9e de lecture estim\u00e9e":"11 minutes"},"schema":{"@context":"https:\/\/schema.org","@graph":[{"@type":"Article","@id":"https:\/\/culturesco.com\/index.php\/2023\/03\/30\/war-lalbum-generationnel-de-u2-fete-ses-40-ans-sunday-bloody-sunday-new-years-day-like-a-song\/#article","isPartOf":{"@id":"https:\/\/culturesco.com\/index.php\/2023\/03\/30\/war-lalbum-generationnel-de-u2-fete-ses-40-ans-sunday-bloody-sunday-new-years-day-like-a-song\/"},"author":{"name":"Serge Debono","@id":"https:\/\/culturesco.com\/#\/schema\/person\/3bb0040ed615ad5553a08cf2d68ec38e"},"headline":"WAR, l\u2019album g\u00e9n\u00e9rationnel de U2","datePublished":"2023-03-30T00:31:53+00:00","dateModified":"2023-12-09T20:06:46+00:00","mainEntityOfPage":{"@id":"https:\/\/culturesco.com\/index.php\/2023\/03\/30\/war-lalbum-generationnel-de-u2-fete-ses-40-ans-sunday-bloody-sunday-new-years-day-like-a-song\/"},"wordCount":2148,"commentCount":0,"publisher":{"@id":"https:\/\/culturesco.com\/#organization"},"image":{"@id":"https:\/\/culturesco.com\/index.php\/2023\/03\/30\/war-lalbum-generationnel-de-u2-fete-ses-40-ans-sunday-bloody-sunday-new-years-day-like-a-song\/#primaryimage"},"thumbnailUrl":"https:\/\/i0.wp.com\/culturesco.com\/wp-content\/uploads\/2023\/03\/287e041302f34b11ddfb57afc8048cd8-1677501236.jpg?fit=600%2C338&ssl=1","keywords":["album rock","Albums essentiels","classic rock","groupe rock actuel","histoire du rock","New Wave","Pop culture","pop rock"],"articleSection":["Albums rock","Carotte Rock Cultures"],"inLanguage":"fr-FR","potentialAction":[{"@type":"CommentAction","name":"Comment","target":["https:\/\/culturesco.com\/index.php\/2023\/03\/30\/war-lalbum-generationnel-de-u2-fete-ses-40-ans-sunday-bloody-sunday-new-years-day-like-a-song\/#respond"]}]},{"@type":"WebPage","@id":"https:\/\/culturesco.com\/index.php\/2023\/03\/30\/war-lalbum-generationnel-de-u2-fete-ses-40-ans-sunday-bloody-sunday-new-years-day-like-a-song\/","url":"https:\/\/culturesco.com\/index.php\/2023\/03\/30\/war-lalbum-generationnel-de-u2-fete-ses-40-ans-sunday-bloody-sunday-new-years-day-like-a-song\/","name":"WAR, l\u2019album g\u00e9n\u00e9rationnel de U2 - Culturesco","isPartOf":{"@id":"https:\/\/culturesco.com\/#website"},"primaryImageOfPage":{"@id":"https:\/\/culturesco.com\/index.php\/2023\/03\/30\/war-lalbum-generationnel-de-u2-fete-ses-40-ans-sunday-bloody-sunday-new-years-day-like-a-song\/#primaryimage"},"image":{"@id":"https:\/\/culturesco.com\/index.php\/2023\/03\/30\/war-lalbum-generationnel-de-u2-fete-ses-40-ans-sunday-bloody-sunday-new-years-day-like-a-song\/#primaryimage"},"thumbnailUrl":"https:\/\/i0.wp.com\/culturesco.com\/wp-content\/uploads\/2023\/03\/287e041302f34b11ddfb57afc8048cd8-1677501236.jpg?fit=600%2C338&ssl=1","datePublished":"2023-03-30T00:31:53+00:00","dateModified":"2023-12-09T20:06:46+00:00","description":"En 1983, apr\u00e8s deux succ\u00e8s d'estime, U2 d\u00e9livre WAR. Cet album culte et g\u00e9n\u00e9rationnel fait entrer le groupe irlandais dans l'Histoire du Rock","breadcrumb":{"@id":"https:\/\/culturesco.com\/index.php\/2023\/03\/30\/war-lalbum-generationnel-de-u2-fete-ses-40-ans-sunday-bloody-sunday-new-years-day-like-a-song\/#breadcrumb"},"inLanguage":"fr-FR","potentialAction":[{"@type":"ReadAction","target":["https:\/\/culturesco.com\/index.php\/2023\/03\/30\/war-lalbum-generationnel-de-u2-fete-ses-40-ans-sunday-bloody-sunday-new-years-day-like-a-song\/"]}]},{"@type":"ImageObject","inLanguage":"fr-FR","@id":"https:\/\/culturesco.com\/index.php\/2023\/03\/30\/war-lalbum-generationnel-de-u2-fete-ses-40-ans-sunday-bloody-sunday-new-years-day-like-a-song\/#primaryimage","url":"https:\/\/i0.wp.com\/culturesco.com\/wp-content\/uploads\/2023\/03\/287e041302f34b11ddfb57afc8048cd8-1677501236.jpg?fit=600%2C338&ssl=1","contentUrl":"https:\/\/i0.wp.com\/culturesco.com\/wp-content\/uploads\/2023\/03\/287e041302f34b11ddfb57afc8048cd8-1677501236.jpg?fit=600%2C338&ssl=1","width":600,"height":338,"caption":"WAR - U2"},{"@type":"BreadcrumbList","@id":"https:\/\/culturesco.com\/index.php\/2023\/03\/30\/war-lalbum-generationnel-de-u2-fete-ses-40-ans-sunday-bloody-sunday-new-years-day-like-a-song\/#breadcrumb","itemListElement":[{"@type":"ListItem","position":1,"name":"Accueil","item":"https:\/\/culturesco.com\/"},{"@type":"ListItem","position":2,"name":"WAR, l\u2019album g\u00e9n\u00e9rationnel de U2"}]},{"@type":"WebSite","@id":"https:\/\/culturesco.com\/#website","url":"https:\/\/culturesco.com\/","name":"Culturesco","description":"Culturesco | Un bon coup de pied dans ta Culture","publisher":{"@id":"https:\/\/culturesco.com\/#organization"},"potentialAction":[{"@type":"SearchAction","target":{"@type":"EntryPoint","urlTemplate":"https:\/\/culturesco.com\/?s={search_term_string}"},"query-input":{"@type":"PropertyValueSpecification","valueRequired":true,"valueName":"search_term_string"}}],"inLanguage":"fr-FR"},{"@type":"Organization","@id":"https:\/\/culturesco.com\/#organization","name":"CULTURESCO","url":"https:\/\/culturesco.com\/","logo":{"@type":"ImageObject","inLanguage":"fr-FR","@id":"https:\/\/culturesco.com\/#\/schema\/logo\/image\/","url":"https:\/\/i0.wp.com\/culturesco.com\/wp-content\/uploads\/2022\/04\/culturesco-logo-blanc250p.png?fit=250%2C250&ssl=1","contentUrl":"https:\/\/i0.wp.com\/culturesco.com\/wp-content\/uploads\/2022\/04\/culturesco-logo-blanc250p.png?fit=250%2C250&ssl=1","width":250,"height":250,"caption":"CULTURESCO"},"image":{"@id":"https:\/\/culturesco.com\/#\/schema\/logo\/image\/"},"sameAs":["https:\/\/www.facebook.com\/radioculturesco","https:\/\/x.com\/AugusteMarshal","https:\/\/www.instagram.com\/carotte_rock_culture\/","https:\/\/www.pinterest.fr\/augustemarshal\/","https:\/\/www.youtube.com\/channel\/UCiWLGffqWSXlNnfzp6YwwyQ"]},{"@type":"Person","@id":"https:\/\/culturesco.com\/#\/schema\/person\/3bb0040ed615ad5553a08cf2d68ec38e","name":"Serge Debono","image":{"@type":"ImageObject","inLanguage":"fr-FR","@id":"https:\/\/i0.wp.com\/culturesco.com\/wp-content\/uploads\/2022\/05\/60002991_386930685257671_7441165878386753536_n.jpg?fit=96%2C96&ssl=1","url":"https:\/\/i0.wp.com\/culturesco.com\/wp-content\/uploads\/2022\/05\/60002991_386930685257671_7441165878386753536_n.jpg?fit=96%2C96&ssl=1","contentUrl":"https:\/\/i0.wp.com\/culturesco.com\/wp-content\/uploads\/2022\/05\/60002991_386930685257671_7441165878386753536_n.jpg?fit=96%2C96&ssl=1","caption":"Serge Debono"},"description":"Passionn\u00e9 de musique 60's et 70's, Serge Debono est l'auteur de \"Crossroads, dans l'ombre de Jimi Hendrix\", un livre \u00e0 mi-chemin entre le roman initiatique et le conte rock, ainsi que d'une analyse du premier opus des Doors, tous deux publi\u00e9s aux Editions Andr\u00e9 Odemard. Il est \u00e9galement chroniqueur et auteur de fictions sur le site Cultures Co, la page FB Carottes Rock Culture, ainsi que animateur sur la radio web Pop Culture.","url":"https:\/\/culturesco.com\/index.php\/author\/serge-debono\/"}]}},"jetpack_featured_media_url":"https:\/\/i0.wp.com\/culturesco.com\/wp-content\/uploads\/2023\/03\/287e041302f34b11ddfb57afc8048cd8-1677501236.jpg?fit=600%2C338&ssl=1","jetpack_likes_enabled":true,"jetpack_sharing_enabled":true,"jetpack_shortlink":"https:\/\/wp.me\/paz89I-50V","_links":{"self":[{"href":"https:\/\/culturesco.com\/index.php\/wp-json\/wp\/v2\/posts\/19277","targetHints":{"allow":["GET"]}}],"collection":[{"href":"https:\/\/culturesco.com\/index.php\/wp-json\/wp\/v2\/posts"}],"about":[{"href":"https:\/\/culturesco.com\/index.php\/wp-json\/wp\/v2\/types\/post"}],"author":[{"embeddable":true,"href":"https:\/\/culturesco.com\/index.php\/wp-json\/wp\/v2\/users\/15"}],"replies":[{"embeddable":true,"href":"https:\/\/culturesco.com\/index.php\/wp-json\/wp\/v2\/comments?post=19277"}],"version-history":[{"count":0,"href":"https:\/\/culturesco.com\/index.php\/wp-json\/wp\/v2\/posts\/19277\/revisions"}],"wp:featuredmedia":[{"embeddable":true,"href":"https:\/\/culturesco.com\/index.php\/wp-json\/wp\/v2\/media\/19302"}],"wp:attachment":[{"href":"https:\/\/culturesco.com\/index.php\/wp-json\/wp\/v2\/media?parent=19277"}],"wp:term":[{"taxonomy":"category","embeddable":true,"href":"https:\/\/culturesco.com\/index.php\/wp-json\/wp\/v2\/categories?post=19277"},{"taxonomy":"post_tag","embeddable":true,"href":"https:\/\/culturesco.com\/index.php\/wp-json\/wp\/v2\/tags?post=19277"}],"curies":[{"name":"wp","href":"https:\/\/api.w.org\/{rel}","templated":true}]}}