{"id":18936,"date":"2023-02-05T21:08:58","date_gmt":"2023-02-05T20:08:58","guid":{"rendered":"https:\/\/culturesco.com\/?p=18936"},"modified":"2024-03-20T11:21:16","modified_gmt":"2024-03-20T10:21:16","slug":"interview-jean-pierre-kalfon-sort-un-album-rock-mefistofelange","status":"publish","type":"post","link":"https:\/\/culturesco.com\/index.php\/2023\/02\/05\/interview-jean-pierre-kalfon-sort-un-album-rock-mefistofelange\/","title":{"rendered":"Interview : Jean-Pierre Kalfon sort un album Rock &#8211; M\u00e9fistof\u00e9lange"},"content":{"rendered":"<h2 style=\"text-align: left;\">Jean-Pierre Kalfon pr\u00e9sente son album M\u00e9fistof\u00e9lange<\/h2>\n<h2 style=\"text-align: center;\"><img data-recalc-dims=\"1\" loading=\"lazy\" decoding=\"async\" class=\"alignnone size-medium wp-image-18949\" src=\"https:\/\/i0.wp.com\/culturesco.com\/wp-content\/uploads\/2023\/02\/jpk-mefistofelange.webp?resize=300%2C300&#038;ssl=1\" alt=\"Jean pierre kalfon m\u00e9fistof\u00e9lange\" width=\"300\" height=\"300\" srcset=\"https:\/\/i0.wp.com\/culturesco.com\/wp-content\/uploads\/2023\/02\/jpk-mefistofelange.webp?resize=300%2C300&amp;ssl=1 300w, https:\/\/i0.wp.com\/culturesco.com\/wp-content\/uploads\/2023\/02\/jpk-mefistofelange.webp?resize=627%2C627&amp;ssl=1 627w, https:\/\/i0.wp.com\/culturesco.com\/wp-content\/uploads\/2023\/02\/jpk-mefistofelange.webp?resize=150%2C150&amp;ssl=1 150w, https:\/\/i0.wp.com\/culturesco.com\/wp-content\/uploads\/2023\/02\/jpk-mefistofelange.webp?resize=768%2C768&amp;ssl=1 768w, https:\/\/i0.wp.com\/culturesco.com\/wp-content\/uploads\/2023\/02\/jpk-mefistofelange.webp?resize=696%2C696&amp;ssl=1 696w, https:\/\/i0.wp.com\/culturesco.com\/wp-content\/uploads\/2023\/02\/jpk-mefistofelange.webp?resize=1068%2C1068&amp;ssl=1 1068w, https:\/\/i0.wp.com\/culturesco.com\/wp-content\/uploads\/2023\/02\/jpk-mefistofelange.webp?resize=420%2C420&amp;ssl=1 420w, https:\/\/i0.wp.com\/culturesco.com\/wp-content\/uploads\/2023\/02\/jpk-mefistofelange.webp?resize=600%2C600&amp;ssl=1 600w, https:\/\/i0.wp.com\/culturesco.com\/wp-content\/uploads\/2023\/02\/jpk-mefistofelange.webp?resize=100%2C100&amp;ssl=1 100w, https:\/\/i0.wp.com\/culturesco.com\/wp-content\/uploads\/2023\/02\/jpk-mefistofelange.webp?resize=60%2C60&amp;ssl=1 60w, https:\/\/i0.wp.com\/culturesco.com\/wp-content\/uploads\/2023\/02\/jpk-mefistofelange.webp?resize=90%2C90&amp;ssl=1 90w, https:\/\/i0.wp.com\/culturesco.com\/wp-content\/uploads\/2023\/02\/jpk-mefistofelange.webp?resize=50%2C50&amp;ssl=1 50w, https:\/\/i0.wp.com\/culturesco.com\/wp-content\/uploads\/2023\/02\/jpk-mefistofelange.webp?w=1080&amp;ssl=1 1080w\" sizes=\"auto, (max-width: 300px) 100vw, 300px\" \/><\/h2>\n<p style=\"text-align: justify;\">Quelle \u00e9tonnante rencontre. Imaginez un acteur n\u00e9 en 1938 et dont tout le monde conna\u00eet le nom. Un acteur de th\u00e9\u00e2tre, de cin\u00e9ma et de t\u00e9l\u00e9vision. Il a tourn\u00e9 avec les plus grands : <strong>Lelouch<\/strong>, <a href=\"https:\/\/fr.wikipedia.org\/wiki\/Jean-Luc_Godard\" target=\"_blank\" rel=\"noopener\">Godard<\/a>, <strong>Henri Verneuil<\/strong>, <a href=\"https:\/\/fr.wikipedia.org\/wiki\/Claude_Chabrol\" target=\"_blank\" rel=\"noopener\">Claude Chabrol<\/a>, <strong>Samuel Benchetrit<\/strong> \u2026 au bas mot, une centaine de films pour le cin\u00e9ma. L\u2019homme traverse aujourd\u2019hui sa 84\u00e8me ann\u00e9e, et \u00e0 l\u2019heure o\u00f9 la moyenne de ses cong\u00e9n\u00e8res de la m\u00eame g\u00e9n\u00e9ration se retirent le plus souvent pour vivre moins intens\u00e9ment, celui-ci apr\u00e8s avoir publi\u00e9 son autobiographie en 2018, nous gratifie fin 2022, d&rsquo;un album de Rock!<\/p>\n<p style=\"text-align: justify;\">Une passion moins connue dans sa carri\u00e8re, la musique, pour un homme qui a pourtant toujours v\u00e9cu \u00e9troitement li\u00e9 \u00e0 cet univers. Arm\u00e9 de cette voix rocailleuse \u00e0 souhait et de ce look atypique qui lui ont attir\u00e9 des r\u00f4les souvent sombres au cin\u00e9ma, <strong>Jean-Pierre Kalfon<\/strong> d\u00e9ploie le panel d&rsquo;un artiste aux ressources multiples. Il nous pr\u00e9sente son nouvel album intitul\u00e9, <strong>M\u00e9fistof\u00e9lange<\/strong> lors d&rsquo;une discussion en tous points passionnante ! C&rsquo;est un plaisir de partager ce moment avec vous !<\/p>\n<p style=\"text-align: center;\"><iframe loading=\"lazy\" src=\"https:\/\/w.soundcloud.com\/player\/?url=https%3A\/\/api.soundcloud.com\/tracks\/1440344020&amp;color=%23ff5500&amp;auto_play=false&amp;hide_related=false&amp;show_comments=true&amp;show_user=true&amp;show_reposts=false&amp;show_teaser=true&amp;visual=true\" width=\"100%\" height=\"300\" frameborder=\"no\" scrolling=\"no\" data-mce-fragment=\"1\"><\/iframe><\/p>\n<div style=\"font-size: 10px; color: #cccccc; line-break: anywhere; word-break: normal; overflow: hidden; white-space: nowrap; text-overflow: ellipsis; font-family: Interstate,Lucida Grande,Lucida Sans Unicode,Lucida Sans,Garuda,Verdana,Tahoma,sans-serif; font-weight: 100;\"><a style=\"color: #cccccc; text-decoration: none;\" title=\"Auguste Marshal\" href=\"https:\/\/soundcloud.com\/auguste-marshal\" target=\"_blank\" rel=\"noopener\">Auguste Marshal<\/a> \u00b7 <a style=\"color: #cccccc; text-decoration: none;\" title=\"Jean-Pierre Kalfon invit\u00e9 d'Auguste Marshal - Culturesco Episode 24\" href=\"https:\/\/soundcloud.com\/auguste-marshal\/jean-pierre-kalfon-invite-dauguste-marshal-culturesco-episode-24\" target=\"_blank\" rel=\"noopener\">Jean-Pierre Kalfon invit\u00e9 d&rsquo;Auguste Marshal &#8211; Culturesco Episode 24<\/a><\/div>\n<h3>On vous conna\u00eet en tant qu\u2019acteur, mais beaucoup moins comme chanteur, pourtant, la musique vous accompagne depuis tr\u00e8s longtemps, n\u2019est-ce pas ?<\/h3>\n<p style=\"text-align: justify;\">JPK : Mon premier 45 tours 4 titres chez CBS c\u2019\u00e9tait en 1965. Puis il y a eu aussi le film <a href=\"https:\/\/www.cinematheque.fr\/film\/29822.html\" target=\"_blank\" rel=\"noopener\">Les Idoles<\/a> dont on avait fait la bande son et j\u2019ai fait pas mal de 45 tours de chansons de films. Et j\u2019ai fait un album en 1993 qui s\u2019appelait <strong>Black Minestrone<\/strong> (New Rose records).<\/p>\n<p><img data-recalc-dims=\"1\" loading=\"lazy\" decoding=\"async\" class=\"size-medium wp-image-18942 aligncenter\" src=\"https:\/\/i0.wp.com\/culturesco.com\/wp-content\/uploads\/2023\/02\/Jean-pierre-kalfon-black-minestrone.jpg?resize=300%2C300&#038;ssl=1\" alt=\"Black Minestrone jean pierre kalfon\" width=\"300\" height=\"300\" srcset=\"https:\/\/i0.wp.com\/culturesco.com\/wp-content\/uploads\/2023\/02\/Jean-pierre-kalfon-black-minestrone.jpg?resize=300%2C300&amp;ssl=1 300w, https:\/\/i0.wp.com\/culturesco.com\/wp-content\/uploads\/2023\/02\/Jean-pierre-kalfon-black-minestrone.jpg?resize=150%2C150&amp;ssl=1 150w, https:\/\/i0.wp.com\/culturesco.com\/wp-content\/uploads\/2023\/02\/Jean-pierre-kalfon-black-minestrone.jpg?resize=420%2C420&amp;ssl=1 420w, https:\/\/i0.wp.com\/culturesco.com\/wp-content\/uploads\/2023\/02\/Jean-pierre-kalfon-black-minestrone.jpg?resize=100%2C100&amp;ssl=1 100w, https:\/\/i0.wp.com\/culturesco.com\/wp-content\/uploads\/2023\/02\/Jean-pierre-kalfon-black-minestrone.jpg?resize=60%2C60&amp;ssl=1 60w, https:\/\/i0.wp.com\/culturesco.com\/wp-content\/uploads\/2023\/02\/Jean-pierre-kalfon-black-minestrone.jpg?resize=90%2C90&amp;ssl=1 90w, https:\/\/i0.wp.com\/culturesco.com\/wp-content\/uploads\/2023\/02\/Jean-pierre-kalfon-black-minestrone.jpg?resize=50%2C50&amp;ssl=1 50w, https:\/\/i0.wp.com\/culturesco.com\/wp-content\/uploads\/2023\/02\/Jean-pierre-kalfon-black-minestrone.jpg?w=500&amp;ssl=1 500w\" sizes=\"auto, (max-width: 300px) 100vw, 300px\" \/><\/p>\n<h3>Votre nouvel album M\u00e9fistof\u00e9lange passe du Rock, au Blues et \u00e0 la Soul, c\u2019est un disque vari\u00e9 qui semble \u00eatre \u00e0 l\u2019image de votre vie d\u2019artiste ?<\/h3>\n<p style=\"text-align: justify;\">JPK : C\u2019est exactement \u00e7a, c\u2019est mon v\u00e9cu \u00e0 travers diff\u00e9rentes \u00e9poques et influences, Blues, Rythm&rsquo;n&rsquo;Blues, Soul. J\u2019ai \u00e9cris tous les textes, je me suis vraiment exprim\u00e9. Lorsque je suis acteur, je m\u2019exprime \u00e0 travers des r\u00f4les, ce n\u2019est pas moi vraiment, tandis que l\u00e0, c\u2019est carr\u00e9ment moi, de A \u00e0 Z. J&rsquo;ai \u00e9galement compos\u00e9 deux des musiques. J\u2019avais envie de parler aux gens. Quand on a la vie que j\u2019ai v\u00e9cu, je pense qu\u2019on a des choses \u00e0 raconter aux gens. Je n\u2019ai rien \u00e0 leur apprendre, mais j\u2019aime \u00e0 voir comment \u00e7a r\u00e9agit lorsqu\u2019on parle avec son propre c\u0153ur.<\/p>\n<div class=\"youtube-embed\" data-video_id=\"_ntlwXT8AUE\"><iframe loading=\"lazy\" title=\"COSTARD  - Jean Pierre Kalfon - Album &quot; M\u00e9fistof\u00e9lange&quot;\" width=\"696\" height=\"392\" src=\"https:\/\/www.youtube.com\/embed\/_ntlwXT8AUE\" frameborder=\"0\" allow=\"accelerometer; autoplay; clipboard-write; encrypted-media; gyroscope; picture-in-picture; web-share\" referrerpolicy=\"strict-origin-when-cross-origin\" allowfullscreen><\/iframe><\/div>\n<h3>Comment est n\u00e9 ce projet ?<\/h3>\n<p style=\"text-align: justify;\">Jean-Pierre Kalfon : \u00e7a faisait longtemps que je voulais faire cet album, je cherchais et je ne trouvais pas. Et puis un jour, j\u2019ai un ami musicien, le batteur <a href=\"https:\/\/fr.wikipedia.org\/wiki\/Amaury_Blanchard\" target=\"_blank\" rel=\"noopener\">Amaury Blanchard<\/a>, qui \u00e0 parl\u00e9 de moi \u00e0 l\u2019une de ses connaissances, et de fil en aiguilles les choses se sont faites. Au moment o\u00f9 je ne cherchais pas\u2026 J\u2019ai donc envoy\u00e9 des maquettes \u00e0 <strong>Philippe Margueron<\/strong> de<a href=\"https:\/\/www.deviation-records.com\/\" target=\"_blank\" rel=\"noopener\"> D\u00e9viation Records<\/a>, et on s\u2019est lanc\u00e9 dans l\u2019entreprise.<\/p>\n<h3>Et comment s&rsquo;est d\u00e9roul\u00e9e la partie cr\u00e9ation avec vos musiciens ?<\/h3>\n<p style=\"text-align: justify;\">JPK : J\u2019ai compos\u00e9 paroles et musiques sur deux chansons. Et pour les autres, les musiciens me donnent parfois des musiques, ou je leur apporte des textes qu\u2019ils mettent en musique. \u00c7a fonctionne dans les deux sens.<\/p>\n<h3>Quel est votre rapport \u00e0 l\u2019\u00e9criture ?<\/h3>\n<p style=\"text-align: justify;\">JPK : J\u2019accroche sur un mot, sur une image. Voyez, aujourd\u2019hui je suis parti sur l\u2019id\u00e9e de \u201cTiens me voil\u00e0 encore amoureux, est-ce que tu ne trouves pas, que tu es un peu vieux pour ce genre de jeu ?\u201d Je suis parti de \u00e7a, et apr\u00e8s je vais tirer le fil. Vous partez sur une id\u00e9e et vous d\u00e9veloppez. Et j\u2019essaie en m\u00eame temps de partir dans d\u2019autres directions pour pas que \u00e7a reste dans le m\u00eame esprit. J\u2019essaie de prendre des d\u00e9viations \u2026<\/p>\n<h3>L\u2019album s\u2019appelle M\u00e9fistof\u00e9lange, c\u2019est aussi le titre d\u2019une chanson ?<\/h3>\n<p style=\"text-align: justify;\">JPK : C\u2019est une chanson que j\u2019ai \u00e9crite pour <a href=\"https:\/\/culturesco.com\/index.php\/2021\/07\/23\/back-to-black-le-chant-du-cygne-precoce-d-amy-winehouse-rehab-you-know-that-im-no-good\/\" target=\"_blank\" rel=\"noopener\">Amy Winehouse<\/a> que j\u2019adore, qui est g\u00e9niale et qui s\u2019est fait bouffer par la vie.<\/p>\n<p style=\"text-align: center;\"><iframe loading=\"lazy\" style=\"border-radius: 12px;\" src=\"https:\/\/open.spotify.com\/embed\/track\/2A4b9Jjx550m2jGxDV0yyd?utm_source=generator\" width=\"100%\" height=\"352\" frameborder=\"0\" allowfullscreen=\"allowfullscreen\"><\/iframe><\/p>\n<h3>Cette chanson exprime la dualit\u00e9 de la vie d\u2019Amy ou la dualit\u00e9 de nous tous ?<\/h3>\n<p style=\"text-align: justify;\">Jean-Pierre Kalfon : C\u2019est la dualit\u00e9 de tout le monde, mais c\u2019est aussi quand il fait l\u2019ange que M\u00e9fisto est le plus dangereux, parce qu\u2019on ne le voit pas venir. Il se d\u00e9guise en ange, et nous, on se fait avoir\u2026<\/p>\n<h3>Vous m\u00eame, vous n\u2019avez pas souvent \u00e9t\u00e9 un ange au cin\u00e9ma ?<\/h3>\n<p><img data-recalc-dims=\"1\" loading=\"lazy\" decoding=\"async\" class=\"size-full wp-image-18945 aligncenter\" src=\"https:\/\/i0.wp.com\/culturesco.com\/wp-content\/uploads\/2023\/02\/jean-pierre-kalfon-cinema.jpeg?resize=275%2C183&#038;ssl=1\" alt=\"kalfon au cin\u00e9ma\" width=\"275\" height=\"183\" srcset=\"https:\/\/i0.wp.com\/culturesco.com\/wp-content\/uploads\/2023\/02\/jean-pierre-kalfon-cinema.jpeg?w=275&amp;ssl=1 275w, https:\/\/i0.wp.com\/culturesco.com\/wp-content\/uploads\/2023\/02\/jean-pierre-kalfon-cinema.jpeg?resize=90%2C60&amp;ssl=1 90w, https:\/\/i0.wp.com\/culturesco.com\/wp-content\/uploads\/2023\/02\/jean-pierre-kalfon-cinema.jpeg?resize=135%2C90&amp;ssl=1 135w\" sizes=\"auto, (max-width: 275px) 100vw, 275px\" \/><\/p>\n<p style=\"text-align: justify;\">JPK : Non pas vraiment (rires) \u2026 mais je n\u2019ai pas fait que cela. Je n\u2019ai pas jou\u00e9 que des r\u00f4les de voyous. J\u2019ai jou\u00e9 des pr\u00eatres, par exemple dans <strong>Vivement dimanche<\/strong> de <strong>Truffaut<\/strong>, ou dans Les uns et les Autres de Lelouch. Evidemment, ce n&rsquo;est pas le principal trait de caract\u00e8re qu\u2019on retient de moi en tant que personnage de cin\u00e9ma, mais j\u2019ai quand m\u00eame eu des choses tr\u00e8s vari\u00e9es. C\u2019est tr\u00e8s int\u00e9ressant, vous passez d\u2019un univers \u00e0 un autre suivant les metteurs en sc\u00e8ne, les sc\u00e9narios et les partenaires.<\/p>\n<figure id=\"attachment_18946\" aria-describedby=\"caption-attachment-18946\" style=\"width: 300px\" class=\"wp-caption aligncenter\"><img data-recalc-dims=\"1\" loading=\"lazy\" decoding=\"async\" class=\"size-medium wp-image-18946\" src=\"https:\/\/i0.wp.com\/culturesco.com\/wp-content\/uploads\/2023\/02\/vivement-dimanche-Truffaut.webp?resize=300%2C229&#038;ssl=1\" alt=\"Vivement dimanche Fran\u00e7ois Truffaut\" width=\"300\" height=\"229\" srcset=\"https:\/\/i0.wp.com\/culturesco.com\/wp-content\/uploads\/2023\/02\/vivement-dimanche-Truffaut.webp?resize=300%2C229&amp;ssl=1 300w, https:\/\/i0.wp.com\/culturesco.com\/wp-content\/uploads\/2023\/02\/vivement-dimanche-Truffaut.webp?resize=823%2C627&amp;ssl=1 823w, https:\/\/i0.wp.com\/culturesco.com\/wp-content\/uploads\/2023\/02\/vivement-dimanche-Truffaut.webp?resize=768%2C585&amp;ssl=1 768w, https:\/\/i0.wp.com\/culturesco.com\/wp-content\/uploads\/2023\/02\/vivement-dimanche-Truffaut.webp?resize=696%2C530&amp;ssl=1 696w, https:\/\/i0.wp.com\/culturesco.com\/wp-content\/uploads\/2023\/02\/vivement-dimanche-Truffaut.webp?resize=1068%2C814&amp;ssl=1 1068w, https:\/\/i0.wp.com\/culturesco.com\/wp-content\/uploads\/2023\/02\/vivement-dimanche-Truffaut.webp?resize=551%2C420&amp;ssl=1 551w, https:\/\/i0.wp.com\/culturesco.com\/wp-content\/uploads\/2023\/02\/vivement-dimanche-Truffaut.webp?resize=80%2C60&amp;ssl=1 80w, https:\/\/i0.wp.com\/culturesco.com\/wp-content\/uploads\/2023\/02\/vivement-dimanche-Truffaut.webp?resize=600%2C457&amp;ssl=1 600w, https:\/\/i0.wp.com\/culturesco.com\/wp-content\/uploads\/2023\/02\/vivement-dimanche-Truffaut.webp?resize=79%2C60&amp;ssl=1 79w, https:\/\/i0.wp.com\/culturesco.com\/wp-content\/uploads\/2023\/02\/vivement-dimanche-Truffaut.webp?resize=118%2C90&amp;ssl=1 118w, https:\/\/i0.wp.com\/culturesco.com\/wp-content\/uploads\/2023\/02\/vivement-dimanche-Truffaut.webp?w=1080&amp;ssl=1 1080w\" sizes=\"auto, (max-width: 300px) 100vw, 300px\" \/><figcaption id=\"caption-attachment-18946\" class=\"wp-caption-text\">Vivement Dimanche -Fran\u00e7ois Truffaut<\/figcaption><\/figure>\n<h3>On nous a pr\u00e9sent\u00e9 cet album, comme un disque de Rock. Rock, oui, mais pas seulement ?<\/h3>\n<p style=\"text-align: justify;\">JPK : Il est Blues, Soul, travers\u00e9 de ballades, c\u2019est au fond quelques touches de l\u2019expression d\u2019une vie. On passe d\u2019un univers \u00e0 un autre, car moi m\u00eame je suis pass\u00e9 d\u2019un univers \u00e0 un autre. En 84 ans, on a l\u2019occasion de se balader dans la vie.<\/p>\n<h3>Vous avez \u00e9crit Sex Toy, un texte assez provocateur ?<\/h3>\n<p style=\"text-align: center;\"><iframe loading=\"lazy\" style=\"border-radius: 12px;\" src=\"https:\/\/open.spotify.com\/embed\/track\/4kycll2KX2FuACWlaAtZP5?utm_source=generator\" width=\"100%\" height=\"152\" frameborder=\"0\" allowfullscreen=\"allowfullscreen\"><\/iframe><\/p>\n<p style=\"text-align: justify;\">JPK : Ecoutez, je pense que \u00e7a fait partie des choses de la vie maintenant. Il y a des boutiques partout de Sex Toys et je ne vois pas pourquoi on ne parlerait pas de \u00e7a. \u00c7a me provoque aussi, puisque toutes ces choses n\u2019existaient pas avant. \u00c7a c\u2019est mis \u00e0 devenir des objets commerciaux, donc je pensais qu\u2019il fallait le traiter, mais d\u2019une fa\u00e7on qui ne soit pas vulgaire, que \u00e7a reste gracieux.<\/p>\n<h3>Vous avez bien connu les New York Dolls, pouvez-nous vous parler de cette p\u00e9riode l\u00e0 ?<\/h3>\n<figure id=\"attachment_18947\" aria-describedby=\"caption-attachment-18947\" style=\"width: 204px\" class=\"wp-caption aligncenter\"><img data-recalc-dims=\"1\" loading=\"lazy\" decoding=\"async\" class=\"wp-image-18947 size-medium\" src=\"https:\/\/i0.wp.com\/culturesco.com\/wp-content\/uploads\/2023\/02\/kalfon-New-york-dolls.jpg?resize=204%2C300&#038;ssl=1\" alt=\"Sylvain Sylvain Jayne (Wayne) County Jean-Pierre kalfon\" width=\"204\" height=\"300\" srcset=\"https:\/\/i0.wp.com\/culturesco.com\/wp-content\/uploads\/2023\/02\/kalfon-New-york-dolls.jpg?resize=204%2C300&amp;ssl=1 204w, https:\/\/i0.wp.com\/culturesco.com\/wp-content\/uploads\/2023\/02\/kalfon-New-york-dolls.jpg?resize=425%2C627&amp;ssl=1 425w, https:\/\/i0.wp.com\/culturesco.com\/wp-content\/uploads\/2023\/02\/kalfon-New-york-dolls.jpg?resize=285%2C420&amp;ssl=1 285w, https:\/\/i0.wp.com\/culturesco.com\/wp-content\/uploads\/2023\/02\/kalfon-New-york-dolls.jpg?resize=41%2C60&amp;ssl=1 41w, https:\/\/i0.wp.com\/culturesco.com\/wp-content\/uploads\/2023\/02\/kalfon-New-york-dolls.jpg?resize=61%2C90&amp;ssl=1 61w, https:\/\/i0.wp.com\/culturesco.com\/wp-content\/uploads\/2023\/02\/kalfon-New-york-dolls.jpg?w=407&amp;ssl=1 407w\" sizes=\"auto, (max-width: 204px) 100vw, 204px\" \/><figcaption id=\"caption-attachment-18947\" class=\"wp-caption-text\">Sylvain Sylvain (New York Dolls) Jayne (Wayne) County et Jean-Pierre Kalfon<\/figcaption><\/figure>\n<p style=\"text-align: justify;\">JPK : C\u2019\u00e9tait une p\u00e9riode de folie, j\u2019\u00e9tais \u00e0 New-York en 1973 au moment de l\u2019explosion des <a href=\"https:\/\/culturesco.com\/index.php\/2019\/06\/12\/new-york-dolls-que-reste-t-il-de-nos-poupees-olympia-2006-de-1973-a-2006-albums-et-concert-des-new-york-dolls-punk-rock\/\" target=\"_blank\" rel=\"noopener\">New York Dolls<\/a> et je suis rest\u00e9 copain avec <strong>David Johansen<\/strong> qui est le seul qui reste, tous les autres sont morts. <strong>Sylvain Sylvain<\/strong> est d\u00e9c\u00e9d\u00e9 r\u00e9cemment, il m\u2019avait envoy\u00e9 une musique pour que j\u2019\u00e9crive des paroles fran\u00e7aises sur les refrains. Avec mes musiciens, on a mis le truc au carr\u00e9, et j\u2019ai \u00e9cris les paroles. Malheureusement, il est mort avant que j\u2019ai eu le temps de lui envoyer. Alors je les ai envoy\u00e9es \u00e0 <strong>David Johansen<\/strong> et sa femme Vanda, mais je n\u2019ai pas eu encore de retour. J\u2019\u00e9tais \u00e9galement copain avec le bassiste des <strong>New York Dolls<\/strong>, <strong>Arthur Kane<\/strong>, les autres je ne les connaissais moins bien, <a href=\"https:\/\/culturesco.com\/index.php\/2019\/04\/22\/johnny-thunders-so-alone-1er-album-solo-1978-avec-steve-jones-paul-cook-chrissie-hynde-phil-lynottt\/\" target=\"_blank\" rel=\"noopener\">Johnny Thunders<\/a> un peu seulement\u2026<\/p>\n<p style=\"text-align: justify;\">C\u2019\u00e9tait une p\u00e9riode de folie, c\u2019\u00e9tait les d\u00e9marrages du Punk, bien avant les <a href=\"https:\/\/culturesco.com\/index.php\/2019\/07\/12\/sex-pistols-la-grande-escroquerie-du-rock-n-roll-histoire-et-biographie-de-l-epopee-punk-de-johnny-rotten-sid-vicious-and-the-great-swindle\/\" target=\"_blank\" rel=\"noopener\">Sex Pistols<\/a>.<br \/>\nEn m\u00eame temps, il y a des gens de Toulouse, qui ont ressorti mon disque de 1965 et qui me consid\u00e8rent comme le premier Punk, 10 ans avant les anglais.<\/p>\n<h3>Le 1er titre extrait du premier Ep de Jean-Pierre Kalfon (1965)<\/h3>\n<p style=\"text-align: center;\"><iframe style=\"border: 0; width: 350px; height: 470px;\" src=\"https:\/\/bandcamp.com\/EmbeddedPlayer\/album=1255853622\/size=large\/bgcol=ffffff\/linkcol=0687f5\/tracklist=false\/transparent=true\/\" seamless=\"\"><a href=\"https:\/\/popsuperette.bandcamp.com\/album\/my-friend-mon-ami-3-7-ep\">\u00ab\u00a0My Friend, Mon Ami\u00a0\u00bb + 3 [7&Prime; EP] by Jean-Pierre KALFON<\/a><\/iframe><\/p>\n<h3>Vous avez \u00e9galement \u00e9t\u00e9 guitariste ?<\/h3>\n<p style=\"text-align: justify;\">Jean-Pierre Kalfon : J&rsquo;ai \u00e9t\u00e9 guitariste avec <a href=\"https:\/\/culturesco.com\/index.php\/2021\/10\/12\/jacques-higelin-chanteur-ou-poete-chanson-francaise-parc-montsouris\/\" target=\"_blank\" rel=\"noopener\">Jacques Higelin<\/a> pendant 6 mois, on a fait une tourn\u00e9e ensemble pour l\u2019album<strong> BBH<\/strong> en 1975.<\/p>\n<h3>Et si je vous dis Mont de Marsan 1ere \u00e9dition ?<\/h3>\n<p style=\"text-align: justify;\">JPK : C\u2019est le premier festival Punk en France en ao\u00fbt 1976, j\u2019y ai particip\u00e9, mais j\u2019ai eu une m\u00e9saventure. On avait r\u00e9p\u00e9t\u00e9 \u00e0 deux guitares, plus un bassiste et un batteur, et le deuxi\u00e8me guitariste n\u2019est pas venu. Je me suis donc retrouv\u00e9 \u00e0 tout faire, chanter, jouer, ce qui n\u2019est pas bon pour moi, parce que je ne suis pas assez comp\u00e9tent. Du coup, \u00e7a c\u2019est pass\u00e9 difficilement pour moi. Ce n\u2019est donc pas un tr\u00e8s bon souvenir techniquement, mais en m\u00eame temps c\u2019\u00e9tait une exp\u00e9rience.<\/p>\n<h3>Est-ce qu\u2019on pourra vous voir sur sc\u00e8ne pour la promotion de ce nouvel album M\u00e9fistof\u00e9lange?<\/h3>\n<p style=\"text-align: justify;\">JPK : On est en train de monter l\u2019affaire. J\u2019ai fait deux concerts derni\u00e8rement, et on devrait faire une pr\u00e9sentation de cet album avec tous les musiciens en mars ou avril prochain.<\/p>\n<h3>Une chanson qui vous accompagne depuis quelques ann\u00e9es ?<\/h3>\n<p style=\"text-align: justify;\">JPK : Chain of Fools, d\u2019Aretha Franklin, ou alors aussi Elvis Presley : All shook up.<\/p>\n<p><iframe loading=\"lazy\" title=\"Elvis Presley - All Shook Up (Official Audio)\" width=\"696\" height=\"392\" src=\"https:\/\/www.youtube.com\/embed\/23zLefwiii4?feature=oembed\" frameborder=\"0\" allow=\"accelerometer; autoplay; clipboard-write; encrypted-media; gyroscope; picture-in-picture; web-share\" referrerpolicy=\"strict-origin-when-cross-origin\" allowfullscreen><\/iframe><\/p>\n<h3>Un concert inoubliable ?<\/h3>\n<p style=\"text-align: justify;\">JPK : Il y en a beaucoup. Le dernier, c\u2019\u00e9tait celui de <a href=\"https:\/\/culturesco.com\/index.php\/2022\/03\/15\/the-jeff-beck-group-pionnier-du-hard-et-all-star-band\/\" target=\"_blank\" rel=\"noopener\">Jeff Beck<\/a> avec la petite bassiste <strong>Tal Wilkenfeld<\/strong>. C\u2019est un guitariste merveilleux, un artiste extraordinaire.<\/p>\n<h3>Un livre \u00e0 emporter sur une \u00eele d\u00e9serte ?<\/h3>\n<p style=\"text-align: justify;\">Jean-Pierre Kalfon : <a href=\"https:\/\/www.babelio.com\/livres\/Fante-Demande-a-la-poussiere\/1092652\" target=\"_blank\" rel=\"noopener\">John Fante<\/a> ; Demande \u00e0 la poussi\u00e8re\u2026 Il y en a plein d\u2019autres\u2026 <strong>Victor Hugo<\/strong>\u2026 j\u2019ai chant\u00e9 un texte de Victor Hugo sur la guerre :<\/p>\n<blockquote>\n<h5 style=\"text-align: justify;\">\u201cdepuis six mille ans la guerre pla\u00eet au peuple querelleur et Dieu perd son temps \u00e0 faire les \u00e9toiles et les fleurs\u201d<\/h5>\n<\/blockquote>\n<p style=\"text-align: justify;\">Voyez, c\u2019est pas d\u2019aujourd\u2019hui, c\u2019\u00e9tait d\u00e9j\u00e0 quelque chose qui lui faisait mal, et qui nous fait mal.<\/p>\n<p style=\"text-align: center;\"><iframe style=\"border: 0; width: 350px; height: 470px;\" src=\"https:\/\/bandcamp.com\/EmbeddedPlayer\/album=1255853622\/size=large\/bgcol=ffffff\/linkcol=0687f5\/tracklist=false\/track=2896246056\/transparent=true\/\" seamless=\"\"><a href=\"https:\/\/popsuperette.bandcamp.com\/album\/my-friend-mon-ami-3-7-ep\">\u00ab\u00a0My Friend, Mon Ami\u00a0\u00bb + 3 [7&Prime; EP] by Jean-Pierre KALFON<\/a><\/iframe><\/p>\n<h4>Si dans votre carri\u00e8re cin\u00e9matographique, vous ne deviez retenir qu\u2019un seul film ?<\/h4>\n<p style=\"text-align: justify;\">JPK : Je pense que ce serait <strong>Une \u00e9trange affaire<\/strong> de <strong>Pierre Granier-Deferre<\/strong> (1981) . C\u2019est mon plus beau film. C\u2019est un film magnifique avec <a href=\"https:\/\/fr.wikipedia.org\/wiki\/Michel_Piccoli\" target=\"_blank\" rel=\"noopener\">Michel Piccoli<\/a>, Nathalie Baye, G\u00e9rard Lanvin, Jean-Fran\u00e7ois Balmer.<\/p>\n<figure id=\"attachment_18948\" aria-describedby=\"caption-attachment-18948\" style=\"width: 300px\" class=\"wp-caption alignright\"><img data-recalc-dims=\"1\" loading=\"lazy\" decoding=\"async\" class=\"size-medium wp-image-18948\" src=\"https:\/\/i0.wp.com\/culturesco.com\/wp-content\/uploads\/2023\/02\/une-etrange-affaire-film-1981.jpg?resize=300%2C169&#038;ssl=1\" alt=\"une etrange affaire film 1981 de Pierre Granier-Deferre\" width=\"300\" height=\"169\" srcset=\"https:\/\/i0.wp.com\/culturesco.com\/wp-content\/uploads\/2023\/02\/une-etrange-affaire-film-1981.jpg?resize=300%2C169&amp;ssl=1 300w, https:\/\/i0.wp.com\/culturesco.com\/wp-content\/uploads\/2023\/02\/une-etrange-affaire-film-1981.jpg?resize=1115%2C627&amp;ssl=1 1115w, https:\/\/i0.wp.com\/culturesco.com\/wp-content\/uploads\/2023\/02\/une-etrange-affaire-film-1981.jpg?resize=768%2C432&amp;ssl=1 768w, https:\/\/i0.wp.com\/culturesco.com\/wp-content\/uploads\/2023\/02\/une-etrange-affaire-film-1981.jpg?resize=696%2C392&amp;ssl=1 696w, https:\/\/i0.wp.com\/culturesco.com\/wp-content\/uploads\/2023\/02\/une-etrange-affaire-film-1981.jpg?resize=1068%2C601&amp;ssl=1 1068w, https:\/\/i0.wp.com\/culturesco.com\/wp-content\/uploads\/2023\/02\/une-etrange-affaire-film-1981.jpg?resize=747%2C420&amp;ssl=1 747w, https:\/\/i0.wp.com\/culturesco.com\/wp-content\/uploads\/2023\/02\/une-etrange-affaire-film-1981.jpg?w=600&amp;ssl=1 600w, https:\/\/i0.wp.com\/culturesco.com\/wp-content\/uploads\/2023\/02\/une-etrange-affaire-film-1981.jpg?resize=107%2C60&amp;ssl=1 107w, https:\/\/i0.wp.com\/culturesco.com\/wp-content\/uploads\/2023\/02\/une-etrange-affaire-film-1981.jpg?resize=160%2C90&amp;ssl=1 160w\" sizes=\"auto, (max-width: 300px) 100vw, 300px\" \/><figcaption id=\"caption-attachment-18948\" class=\"wp-caption-text\">Une \u00e9trange affaire film 1981 de Pierre Granier-Deferre<\/figcaption><\/figure>\n<h4>Votre vie est une vie Rock\u2019n\u2019Roll, atypique \u2026<\/h4>\n<p style=\"text-align: justify;\">JPK : mouvement\u00e9e (Rires\u2026)<\/p>\n<h4>Quel est votre regard sur la p\u00e9riode actuelle ?<\/h4>\n<p style=\"text-align: justify;\">JPK : Et bien, j\u2019esp\u00e8re que \u00e7a va se renouveler, mais je ne suis pas tr\u00e8s inquiet, je pense que les jeunes ont beaucoup de ressorts. Il y a le rap, la techno, ce n\u2019est pas mon univers, mais n\u2019emp\u00eache que les gens arrivent \u00e0 cr\u00e9er par eux-m\u00eames, \u00e0 s\u2019en sortir par eux-m\u00eames. Et \u00e7a je trouve \u00e7a tr\u00e8s bien. Je trouve tr\u00e8s bien que les gens se prennent par la main et se cr\u00e9ent leur propre univers. \u00c7a, \u00e7a me pla\u00eet !<\/p>\n<h4>Auriez-vous un message pour la jeunesse d\u2019aujourd\u2019hui ?<\/h4>\n<p style=\"text-align: justify;\">JPK : Ce que je pourrais dire aux gens, c\u2019est allez-y, faites, fabriquez ! Fabriquez votre univers, regardez ce qu\u2019il y a dans votre esprit, dans votre cerveau et essayez de le sortir ou de le coucher sur le papier, sur l\u2019image, au son\u2026 de n\u2019importe quelle fa\u00e7on, mais essayez de cr\u00e9er. Cr\u00e9er quelque chose, c\u2019est ce qu\u2019il y a de mieux. C\u2019est ce qu\u2019il y a de mieux dans la vie, la cr\u00e9ation, la cr\u00e9ativit\u00e9 \u2026 c\u2019est mon id\u00e9e des choses. Et Bravo de vous bouger vous aussi.<\/p>\n<p style=\"text-align: justify;\">Merci <strong>Jean-Pierre Kalfon<\/strong> pour votre gentillesse et toute l\u2019\u00e9nergie qui se d\u00e9gage de vous.<\/p>\n<p>Album M\u00e9fistof\u00e9lange, <a href=\"https:\/\/www.deviation-records.com\/album\/mefistofelange-jean-pierre-kalfon\/\" target=\"_blank\" rel=\"noopener\">chez D\u00e9viation Records<\/a><\/p>\n<p><img data-recalc-dims=\"1\" loading=\"lazy\" decoding=\"async\" class=\"size-medium wp-image-18949 aligncenter\" src=\"https:\/\/i0.wp.com\/culturesco.com\/wp-content\/uploads\/2023\/02\/jpk-mefistofelange.webp?resize=300%2C300&#038;ssl=1\" alt=\"Jean pierre kalfon m\u00e9fistof\u00e9lange\" width=\"300\" height=\"300\" srcset=\"https:\/\/i0.wp.com\/culturesco.com\/wp-content\/uploads\/2023\/02\/jpk-mefistofelange.webp?resize=300%2C300&amp;ssl=1 300w, https:\/\/i0.wp.com\/culturesco.com\/wp-content\/uploads\/2023\/02\/jpk-mefistofelange.webp?resize=627%2C627&amp;ssl=1 627w, https:\/\/i0.wp.com\/culturesco.com\/wp-content\/uploads\/2023\/02\/jpk-mefistofelange.webp?resize=150%2C150&amp;ssl=1 150w, https:\/\/i0.wp.com\/culturesco.com\/wp-content\/uploads\/2023\/02\/jpk-mefistofelange.webp?resize=768%2C768&amp;ssl=1 768w, https:\/\/i0.wp.com\/culturesco.com\/wp-content\/uploads\/2023\/02\/jpk-mefistofelange.webp?resize=696%2C696&amp;ssl=1 696w, https:\/\/i0.wp.com\/culturesco.com\/wp-content\/uploads\/2023\/02\/jpk-mefistofelange.webp?resize=1068%2C1068&amp;ssl=1 1068w, https:\/\/i0.wp.com\/culturesco.com\/wp-content\/uploads\/2023\/02\/jpk-mefistofelange.webp?resize=420%2C420&amp;ssl=1 420w, https:\/\/i0.wp.com\/culturesco.com\/wp-content\/uploads\/2023\/02\/jpk-mefistofelange.webp?resize=600%2C600&amp;ssl=1 600w, https:\/\/i0.wp.com\/culturesco.com\/wp-content\/uploads\/2023\/02\/jpk-mefistofelange.webp?resize=100%2C100&amp;ssl=1 100w, https:\/\/i0.wp.com\/culturesco.com\/wp-content\/uploads\/2023\/02\/jpk-mefistofelange.webp?resize=60%2C60&amp;ssl=1 60w, https:\/\/i0.wp.com\/culturesco.com\/wp-content\/uploads\/2023\/02\/jpk-mefistofelange.webp?resize=90%2C90&amp;ssl=1 90w, https:\/\/i0.wp.com\/culturesco.com\/wp-content\/uploads\/2023\/02\/jpk-mefistofelange.webp?resize=50%2C50&amp;ssl=1 50w, https:\/\/i0.wp.com\/culturesco.com\/wp-content\/uploads\/2023\/02\/jpk-mefistofelange.webp?w=1080&amp;ssl=1 1080w\" sizes=\"auto, (max-width: 300px) 100vw, 300px\" \/><\/p>\n<p>Interview, Auguste Marshal.<\/p>\n<p>Retrouvez-\u00e9galement notre chronique d\u00e9di\u00e9e \u00e0 l&rsquo;album <strong>M\u00e9fistof\u00e9lange<\/strong> de <strong>Jean-Pierre Kalfon\u00a0<\/strong>:<\/p>\n<blockquote class=\"wp-embedded-content\" data-secret=\"I52J6lKkG1\"><p><a href=\"https:\/\/culturesco.com\/index.php\/2022\/10\/08\/jean-pierre-kalfon-mefistofelange\/\">Jean-Pierre KALFON &#8211; M\u00e9fistof\u00e9lange<\/a><\/p><\/blockquote>\n<p><iframe loading=\"lazy\" class=\"wp-embedded-content\" sandbox=\"allow-scripts\" security=\"restricted\" style=\"position: absolute; visibility: hidden;\" title=\"\u00ab\u00a0Jean-Pierre KALFON &#8211; M\u00e9fistof\u00e9lange\u00a0\u00bb &#8212; Culturesco\" src=\"https:\/\/culturesco.com\/index.php\/2022\/10\/08\/jean-pierre-kalfon-mefistofelange\/embed\/#?secret=E4UrSbvNlZ#?secret=I52J6lKkG1\" data-secret=\"I52J6lKkG1\" width=\"600\" height=\"338\" frameborder=\"0\" marginwidth=\"0\" marginheight=\"0\" scrolling=\"no\"><\/iframe><\/p>\n<p>&nbsp;<\/p>\n","protected":false},"excerpt":{"rendered":"<p>Jean-Pierre Kalfon pr\u00e9sente son album M\u00e9fistof\u00e9lange Quelle \u00e9tonnante rencontre. Imaginez un acteur n\u00e9 en 1938 et dont tout le monde conna\u00eet le nom. Un acteur de th\u00e9\u00e2tre, de cin\u00e9ma et de t\u00e9l\u00e9vision. Il a tourn\u00e9 avec les plus grands : Lelouch, Godard, Henri Verneuil, Claude Chabrol, Samuel Benchetrit \u2026 au bas mot, une centaine de [&hellip;]<\/p>\n","protected":false},"author":1,"featured_media":18953,"comment_status":"open","ping_status":"open","sticky":false,"template":"","format":"image","meta":{"jetpack_post_was_ever_published":false,"tdm_status":"","tdm_grid_status":"","_jetpack_newsletter_access":"","_jetpack_dont_email_post_to_subs":false,"_jetpack_newsletter_tier_id":0,"_jetpack_memberships_contains_paywalled_content":false,"_jetpack_memberships_contains_paid_content":false,"footnotes":""},"categories":[30,34,17,14344,36,33,14466],"tags":[37,11669,40,52,58,48],"class_list":{"0":"post-18936","1":"post","2":"type-post","3":"status-publish","4":"format-image","5":"has-post-thumbnail","7":"category-albums-rock","8":"category-anecdotes-rock","9":"category-carotte-rock-cultures","10":"category-chanson-francaise","11":"category-groupes-rock-daujourdhui","12":"category-histoire-du-rock","13":"category-interview","14":"tag-album-rock","15":"tag-blues","16":"tag-chanson-francaise","17":"tag-groupe-rock-actuel","18":"tag-histoire-du-rock","19":"tag-personnalite-rock","20":"post_format-post-format-image"},"yoast_head":"<!-- This site is optimized with the Yoast SEO plugin v27.5 - https:\/\/yoast.com\/product\/yoast-seo-wordpress\/ -->\n<title>Interview : Jean-Pierre Kalfon sort un album Rock - M\u00e9fistof\u00e9lange -<\/title>\n<meta name=\"description\" content=\"CulturesCo | L&#039;acteur Jean-Pierre Kalfon vient de sortir son 1er album rock M\u00e9fistof\u00e9lange \u00e0 l&#039;\u00e2ge de 84 ans. Interview d&#039;un artiste atypique\" \/>\n<meta name=\"robots\" content=\"index, follow, max-snippet:-1, max-image-preview:large, max-video-preview:-1\" \/>\n<link rel=\"canonical\" href=\"https:\/\/culturesco.com\/index.php\/2023\/02\/05\/interview-jean-pierre-kalfon-sort-un-album-rock-mefistofelange\/\" \/>\n<meta property=\"og:locale\" content=\"fr_FR\" \/>\n<meta property=\"og:type\" content=\"article\" \/>\n<meta property=\"og:title\" content=\"Interview : Jean-Pierre Kalfon sort un album Rock - M\u00e9fistof\u00e9lange -\" \/>\n<meta property=\"og:description\" content=\"CulturesCo | L&#039;acteur Jean-Pierre Kalfon vient de sortir son 1er album rock M\u00e9fistof\u00e9lange \u00e0 l&#039;\u00e2ge de 84 ans. Interview d&#039;un artiste atypique\" \/>\n<meta property=\"og:url\" content=\"https:\/\/culturesco.com\/index.php\/2023\/02\/05\/interview-jean-pierre-kalfon-sort-un-album-rock-mefistofelange\/\" \/>\n<meta property=\"og:site_name\" content=\"Culturesco\" \/>\n<meta property=\"article:publisher\" content=\"https:\/\/www.facebook.com\/radioculturesco\" \/>\n<meta property=\"article:author\" content=\"https:\/\/www.facebook.com\/radioculturesco\" \/>\n<meta property=\"article:published_time\" content=\"2023-02-05T20:08:58+00:00\" \/>\n<meta property=\"article:modified_time\" content=\"2024-03-20T10:21:16+00:00\" \/>\n<meta property=\"og:image\" content=\"https:\/\/culturesco.com\/wp-content\/uploads\/2023\/02\/jean-pierre-kalfon-mefistofelange.jpg\" \/>\n\t<meta property=\"og:image:width\" content=\"600\" \/>\n\t<meta property=\"og:image:height\" content=\"324\" \/>\n\t<meta property=\"og:image:type\" content=\"image\/jpeg\" \/>\n<meta name=\"author\" content=\"Auguste Marshal\" \/>\n<meta name=\"twitter:card\" content=\"summary_large_image\" \/>\n<meta name=\"twitter:creator\" content=\"@https:\/\/twitter.com\/AugusteMarshal\" \/>\n<meta name=\"twitter:site\" content=\"@AugusteMarshal\" \/>\n<meta name=\"twitter:label1\" content=\"\u00c9crit par\" \/>\n\t<meta name=\"twitter:data1\" content=\"Auguste Marshal\" \/>\n\t<meta name=\"twitter:label2\" content=\"Dur\u00e9e de lecture estim\u00e9e\" \/>\n\t<meta name=\"twitter:data2\" content=\"11 minutes\" \/>\n<script type=\"application\/ld+json\" class=\"yoast-schema-graph\">{\"@context\":\"https:\\\/\\\/schema.org\",\"@graph\":[{\"@type\":\"Article\",\"@id\":\"https:\\\/\\\/culturesco.com\\\/index.php\\\/2023\\\/02\\\/05\\\/interview-jean-pierre-kalfon-sort-un-album-rock-mefistofelange\\\/#article\",\"isPartOf\":{\"@id\":\"https:\\\/\\\/culturesco.com\\\/index.php\\\/2023\\\/02\\\/05\\\/interview-jean-pierre-kalfon-sort-un-album-rock-mefistofelange\\\/\"},\"author\":{\"name\":\"Auguste Marshal\",\"@id\":\"https:\\\/\\\/culturesco.com\\\/#\\\/schema\\\/person\\\/9a265b03a60b0fa349532a231f7d1d0e\"},\"headline\":\"Interview : Jean-Pierre Kalfon sort un album Rock &#8211; M\u00e9fistof\u00e9lange\",\"datePublished\":\"2023-02-05T20:08:58+00:00\",\"dateModified\":\"2024-03-20T10:21:16+00:00\",\"mainEntityOfPage\":{\"@id\":\"https:\\\/\\\/culturesco.com\\\/index.php\\\/2023\\\/02\\\/05\\\/interview-jean-pierre-kalfon-sort-un-album-rock-mefistofelange\\\/\"},\"wordCount\":2006,\"commentCount\":0,\"publisher\":{\"@id\":\"https:\\\/\\\/culturesco.com\\\/#organization\"},\"image\":{\"@id\":\"https:\\\/\\\/culturesco.com\\\/index.php\\\/2023\\\/02\\\/05\\\/interview-jean-pierre-kalfon-sort-un-album-rock-mefistofelange\\\/#primaryimage\"},\"thumbnailUrl\":\"https:\\\/\\\/i0.wp.com\\\/culturesco.com\\\/wp-content\\\/uploads\\\/2023\\\/02\\\/jean-pierre-kalfon-mefistofelange.jpg?fit=600%2C324&ssl=1\",\"keywords\":[\"album rock\",\"blues\",\"chanson fran\u00e7aise\",\"groupe rock actuel\",\"histoire du rock\",\"Personnalit\u00e9 Rock\"],\"articleSection\":[\"Albums rock\",\"Anecdotes rock\",\"Carotte Rock Cultures\",\"Chanson fran\u00e7aise\",\"Groupes rock d'aujourd'hui\",\"Histoire du rock\",\"Interview\"],\"inLanguage\":\"fr-FR\",\"potentialAction\":[{\"@type\":\"CommentAction\",\"name\":\"Comment\",\"target\":[\"https:\\\/\\\/culturesco.com\\\/index.php\\\/2023\\\/02\\\/05\\\/interview-jean-pierre-kalfon-sort-un-album-rock-mefistofelange\\\/#respond\"]}]},{\"@type\":\"WebPage\",\"@id\":\"https:\\\/\\\/culturesco.com\\\/index.php\\\/2023\\\/02\\\/05\\\/interview-jean-pierre-kalfon-sort-un-album-rock-mefistofelange\\\/\",\"url\":\"https:\\\/\\\/culturesco.com\\\/index.php\\\/2023\\\/02\\\/05\\\/interview-jean-pierre-kalfon-sort-un-album-rock-mefistofelange\\\/\",\"name\":\"Interview : Jean-Pierre Kalfon sort un album Rock - M\u00e9fistof\u00e9lange -\",\"isPartOf\":{\"@id\":\"https:\\\/\\\/culturesco.com\\\/#website\"},\"primaryImageOfPage\":{\"@id\":\"https:\\\/\\\/culturesco.com\\\/index.php\\\/2023\\\/02\\\/05\\\/interview-jean-pierre-kalfon-sort-un-album-rock-mefistofelange\\\/#primaryimage\"},\"image\":{\"@id\":\"https:\\\/\\\/culturesco.com\\\/index.php\\\/2023\\\/02\\\/05\\\/interview-jean-pierre-kalfon-sort-un-album-rock-mefistofelange\\\/#primaryimage\"},\"thumbnailUrl\":\"https:\\\/\\\/i0.wp.com\\\/culturesco.com\\\/wp-content\\\/uploads\\\/2023\\\/02\\\/jean-pierre-kalfon-mefistofelange.jpg?fit=600%2C324&ssl=1\",\"datePublished\":\"2023-02-05T20:08:58+00:00\",\"dateModified\":\"2024-03-20T10:21:16+00:00\",\"description\":\"CulturesCo | L'acteur Jean-Pierre Kalfon vient de sortir son 1er album rock M\u00e9fistof\u00e9lange \u00e0 l'\u00e2ge de 84 ans. Interview d'un artiste atypique\",\"breadcrumb\":{\"@id\":\"https:\\\/\\\/culturesco.com\\\/index.php\\\/2023\\\/02\\\/05\\\/interview-jean-pierre-kalfon-sort-un-album-rock-mefistofelange\\\/#breadcrumb\"},\"inLanguage\":\"fr-FR\",\"potentialAction\":[{\"@type\":\"ReadAction\",\"target\":[\"https:\\\/\\\/culturesco.com\\\/index.php\\\/2023\\\/02\\\/05\\\/interview-jean-pierre-kalfon-sort-un-album-rock-mefistofelange\\\/\"]}]},{\"@type\":\"ImageObject\",\"inLanguage\":\"fr-FR\",\"@id\":\"https:\\\/\\\/culturesco.com\\\/index.php\\\/2023\\\/02\\\/05\\\/interview-jean-pierre-kalfon-sort-un-album-rock-mefistofelange\\\/#primaryimage\",\"url\":\"https:\\\/\\\/i0.wp.com\\\/culturesco.com\\\/wp-content\\\/uploads\\\/2023\\\/02\\\/jean-pierre-kalfon-mefistofelange.jpg?fit=600%2C324&ssl=1\",\"contentUrl\":\"https:\\\/\\\/i0.wp.com\\\/culturesco.com\\\/wp-content\\\/uploads\\\/2023\\\/02\\\/jean-pierre-kalfon-mefistofelange.jpg?fit=600%2C324&ssl=1\",\"width\":600,\"height\":324,\"caption\":\"Jean pierre kalfon album mefistofelange\"},{\"@type\":\"BreadcrumbList\",\"@id\":\"https:\\\/\\\/culturesco.com\\\/index.php\\\/2023\\\/02\\\/05\\\/interview-jean-pierre-kalfon-sort-un-album-rock-mefistofelange\\\/#breadcrumb\",\"itemListElement\":[{\"@type\":\"ListItem\",\"position\":1,\"name\":\"Accueil\",\"item\":\"https:\\\/\\\/culturesco.com\\\/\"},{\"@type\":\"ListItem\",\"position\":2,\"name\":\"Interview : Jean-Pierre Kalfon sort un album Rock &#8211; M\u00e9fistof\u00e9lange\"}]},{\"@type\":\"WebSite\",\"@id\":\"https:\\\/\\\/culturesco.com\\\/#website\",\"url\":\"https:\\\/\\\/culturesco.com\\\/\",\"name\":\"Culturesco\",\"description\":\"Culturesco | Un bon coup de pied dans ta Culture\",\"publisher\":{\"@id\":\"https:\\\/\\\/culturesco.com\\\/#organization\"},\"potentialAction\":[{\"@type\":\"SearchAction\",\"target\":{\"@type\":\"EntryPoint\",\"urlTemplate\":\"https:\\\/\\\/culturesco.com\\\/?s={search_term_string}\"},\"query-input\":{\"@type\":\"PropertyValueSpecification\",\"valueRequired\":true,\"valueName\":\"search_term_string\"}}],\"inLanguage\":\"fr-FR\"},{\"@type\":\"Organization\",\"@id\":\"https:\\\/\\\/culturesco.com\\\/#organization\",\"name\":\"CULTURESCO\",\"url\":\"https:\\\/\\\/culturesco.com\\\/\",\"logo\":{\"@type\":\"ImageObject\",\"inLanguage\":\"fr-FR\",\"@id\":\"https:\\\/\\\/culturesco.com\\\/#\\\/schema\\\/logo\\\/image\\\/\",\"url\":\"https:\\\/\\\/i0.wp.com\\\/culturesco.com\\\/wp-content\\\/uploads\\\/2022\\\/04\\\/culturesco-logo-blanc250p.png?fit=250%2C250&ssl=1\",\"contentUrl\":\"https:\\\/\\\/i0.wp.com\\\/culturesco.com\\\/wp-content\\\/uploads\\\/2022\\\/04\\\/culturesco-logo-blanc250p.png?fit=250%2C250&ssl=1\",\"width\":250,\"height\":250,\"caption\":\"CULTURESCO\"},\"image\":{\"@id\":\"https:\\\/\\\/culturesco.com\\\/#\\\/schema\\\/logo\\\/image\\\/\"},\"sameAs\":[\"https:\\\/\\\/www.facebook.com\\\/radioculturesco\",\"https:\\\/\\\/x.com\\\/AugusteMarshal\",\"https:\\\/\\\/www.instagram.com\\\/carotte_rock_culture\\\/\",\"https:\\\/\\\/www.pinterest.fr\\\/augustemarshal\\\/\",\"https:\\\/\\\/www.youtube.com\\\/channel\\\/UCiWLGffqWSXlNnfzp6YwwyQ\"]},{\"@type\":\"Person\",\"@id\":\"https:\\\/\\\/culturesco.com\\\/#\\\/schema\\\/person\\\/9a265b03a60b0fa349532a231f7d1d0e\",\"name\":\"Auguste Marshal\",\"image\":{\"@type\":\"ImageObject\",\"inLanguage\":\"fr-FR\",\"@id\":\"https:\\\/\\\/i0.wp.com\\\/culturesco.com\\\/wp-content\\\/uploads\\\/2019\\\/03\\\/auguste.jpg?fit=96%2C74&ssl=1\",\"url\":\"https:\\\/\\\/i0.wp.com\\\/culturesco.com\\\/wp-content\\\/uploads\\\/2019\\\/03\\\/auguste.jpg?fit=96%2C74&ssl=1\",\"contentUrl\":\"https:\\\/\\\/i0.wp.com\\\/culturesco.com\\\/wp-content\\\/uploads\\\/2019\\\/03\\\/auguste.jpg?fit=96%2C74&ssl=1\",\"caption\":\"Auguste Marshal\"},\"description\":\"Animateur Radio - Producteur animateur de l'\u00e9mission Culturesco sur Pop Culture Radio - Community Manager - Cr\u00e9ateur du blog Culturesco.com et pr\u00e9c\u00e9demment du Blog Rock Auguste Marshal - Administrateur des pages Facebook et Instagram Carotte Rock Cultures et Radio CulturesCo - Administrateur de groupes Facebook\",\"sameAs\":[\"https:\\\/\\\/culturesco.com\",\"https:\\\/\\\/www.facebook.com\\\/radioculturesco\",\"https:\\\/\\\/www.instagram.com\\\/carotte_rock_culture\\\/\",\"https:\\\/\\\/www.linkedin.com\\\/in\\\/auguste-marshal-7125b1151\\\/\",\"https:\\\/\\\/x.com\\\/https:\\\/\\\/twitter.com\\\/AugusteMarshal\",\"https:\\\/\\\/www.youtube.com\\\/channel\\\/UCiWLGffqWSXlNnfzp6YwwyQ\"],\"url\":\"https:\\\/\\\/culturesco.com\\\/index.php\\\/author\\\/admin8255\\\/\"}]}<\/script>\n<!-- \/ Yoast SEO plugin. -->","yoast_head_json":{"title":"Interview : Jean-Pierre Kalfon sort un album Rock - M\u00e9fistof\u00e9lange -","description":"CulturesCo | L'acteur Jean-Pierre Kalfon vient de sortir son 1er album rock M\u00e9fistof\u00e9lange \u00e0 l'\u00e2ge de 84 ans. Interview d'un artiste atypique","robots":{"index":"index","follow":"follow","max-snippet":"max-snippet:-1","max-image-preview":"max-image-preview:large","max-video-preview":"max-video-preview:-1"},"canonical":"https:\/\/culturesco.com\/index.php\/2023\/02\/05\/interview-jean-pierre-kalfon-sort-un-album-rock-mefistofelange\/","og_locale":"fr_FR","og_type":"article","og_title":"Interview : Jean-Pierre Kalfon sort un album Rock - M\u00e9fistof\u00e9lange -","og_description":"CulturesCo | L'acteur Jean-Pierre Kalfon vient de sortir son 1er album rock M\u00e9fistof\u00e9lange \u00e0 l'\u00e2ge de 84 ans. Interview d'un artiste atypique","og_url":"https:\/\/culturesco.com\/index.php\/2023\/02\/05\/interview-jean-pierre-kalfon-sort-un-album-rock-mefistofelange\/","og_site_name":"Culturesco","article_publisher":"https:\/\/www.facebook.com\/radioculturesco","article_author":"https:\/\/www.facebook.com\/radioculturesco","article_published_time":"2023-02-05T20:08:58+00:00","article_modified_time":"2024-03-20T10:21:16+00:00","og_image":[{"width":600,"height":324,"url":"https:\/\/culturesco.com\/wp-content\/uploads\/2023\/02\/jean-pierre-kalfon-mefistofelange.jpg","type":"image\/jpeg"}],"author":"Auguste Marshal","twitter_card":"summary_large_image","twitter_creator":"@https:\/\/twitter.com\/AugusteMarshal","twitter_site":"@AugusteMarshal","twitter_misc":{"\u00c9crit par":"Auguste Marshal","Dur\u00e9e de lecture estim\u00e9e":"11 minutes"},"schema":{"@context":"https:\/\/schema.org","@graph":[{"@type":"Article","@id":"https:\/\/culturesco.com\/index.php\/2023\/02\/05\/interview-jean-pierre-kalfon-sort-un-album-rock-mefistofelange\/#article","isPartOf":{"@id":"https:\/\/culturesco.com\/index.php\/2023\/02\/05\/interview-jean-pierre-kalfon-sort-un-album-rock-mefistofelange\/"},"author":{"name":"Auguste Marshal","@id":"https:\/\/culturesco.com\/#\/schema\/person\/9a265b03a60b0fa349532a231f7d1d0e"},"headline":"Interview : Jean-Pierre Kalfon sort un album Rock &#8211; M\u00e9fistof\u00e9lange","datePublished":"2023-02-05T20:08:58+00:00","dateModified":"2024-03-20T10:21:16+00:00","mainEntityOfPage":{"@id":"https:\/\/culturesco.com\/index.php\/2023\/02\/05\/interview-jean-pierre-kalfon-sort-un-album-rock-mefistofelange\/"},"wordCount":2006,"commentCount":0,"publisher":{"@id":"https:\/\/culturesco.com\/#organization"},"image":{"@id":"https:\/\/culturesco.com\/index.php\/2023\/02\/05\/interview-jean-pierre-kalfon-sort-un-album-rock-mefistofelange\/#primaryimage"},"thumbnailUrl":"https:\/\/i0.wp.com\/culturesco.com\/wp-content\/uploads\/2023\/02\/jean-pierre-kalfon-mefistofelange.jpg?fit=600%2C324&ssl=1","keywords":["album rock","blues","chanson fran\u00e7aise","groupe rock actuel","histoire du rock","Personnalit\u00e9 Rock"],"articleSection":["Albums rock","Anecdotes rock","Carotte Rock Cultures","Chanson fran\u00e7aise","Groupes rock d'aujourd'hui","Histoire du rock","Interview"],"inLanguage":"fr-FR","potentialAction":[{"@type":"CommentAction","name":"Comment","target":["https:\/\/culturesco.com\/index.php\/2023\/02\/05\/interview-jean-pierre-kalfon-sort-un-album-rock-mefistofelange\/#respond"]}]},{"@type":"WebPage","@id":"https:\/\/culturesco.com\/index.php\/2023\/02\/05\/interview-jean-pierre-kalfon-sort-un-album-rock-mefistofelange\/","url":"https:\/\/culturesco.com\/index.php\/2023\/02\/05\/interview-jean-pierre-kalfon-sort-un-album-rock-mefistofelange\/","name":"Interview : Jean-Pierre Kalfon sort un album Rock - M\u00e9fistof\u00e9lange -","isPartOf":{"@id":"https:\/\/culturesco.com\/#website"},"primaryImageOfPage":{"@id":"https:\/\/culturesco.com\/index.php\/2023\/02\/05\/interview-jean-pierre-kalfon-sort-un-album-rock-mefistofelange\/#primaryimage"},"image":{"@id":"https:\/\/culturesco.com\/index.php\/2023\/02\/05\/interview-jean-pierre-kalfon-sort-un-album-rock-mefistofelange\/#primaryimage"},"thumbnailUrl":"https:\/\/i0.wp.com\/culturesco.com\/wp-content\/uploads\/2023\/02\/jean-pierre-kalfon-mefistofelange.jpg?fit=600%2C324&ssl=1","datePublished":"2023-02-05T20:08:58+00:00","dateModified":"2024-03-20T10:21:16+00:00","description":"CulturesCo | L'acteur Jean-Pierre Kalfon vient de sortir son 1er album rock M\u00e9fistof\u00e9lange \u00e0 l'\u00e2ge de 84 ans. Interview d'un artiste atypique","breadcrumb":{"@id":"https:\/\/culturesco.com\/index.php\/2023\/02\/05\/interview-jean-pierre-kalfon-sort-un-album-rock-mefistofelange\/#breadcrumb"},"inLanguage":"fr-FR","potentialAction":[{"@type":"ReadAction","target":["https:\/\/culturesco.com\/index.php\/2023\/02\/05\/interview-jean-pierre-kalfon-sort-un-album-rock-mefistofelange\/"]}]},{"@type":"ImageObject","inLanguage":"fr-FR","@id":"https:\/\/culturesco.com\/index.php\/2023\/02\/05\/interview-jean-pierre-kalfon-sort-un-album-rock-mefistofelange\/#primaryimage","url":"https:\/\/i0.wp.com\/culturesco.com\/wp-content\/uploads\/2023\/02\/jean-pierre-kalfon-mefistofelange.jpg?fit=600%2C324&ssl=1","contentUrl":"https:\/\/i0.wp.com\/culturesco.com\/wp-content\/uploads\/2023\/02\/jean-pierre-kalfon-mefistofelange.jpg?fit=600%2C324&ssl=1","width":600,"height":324,"caption":"Jean pierre kalfon album mefistofelange"},{"@type":"BreadcrumbList","@id":"https:\/\/culturesco.com\/index.php\/2023\/02\/05\/interview-jean-pierre-kalfon-sort-un-album-rock-mefistofelange\/#breadcrumb","itemListElement":[{"@type":"ListItem","position":1,"name":"Accueil","item":"https:\/\/culturesco.com\/"},{"@type":"ListItem","position":2,"name":"Interview : Jean-Pierre Kalfon sort un album Rock &#8211; M\u00e9fistof\u00e9lange"}]},{"@type":"WebSite","@id":"https:\/\/culturesco.com\/#website","url":"https:\/\/culturesco.com\/","name":"Culturesco","description":"Culturesco | Un bon coup de pied dans ta Culture","publisher":{"@id":"https:\/\/culturesco.com\/#organization"},"potentialAction":[{"@type":"SearchAction","target":{"@type":"EntryPoint","urlTemplate":"https:\/\/culturesco.com\/?s={search_term_string}"},"query-input":{"@type":"PropertyValueSpecification","valueRequired":true,"valueName":"search_term_string"}}],"inLanguage":"fr-FR"},{"@type":"Organization","@id":"https:\/\/culturesco.com\/#organization","name":"CULTURESCO","url":"https:\/\/culturesco.com\/","logo":{"@type":"ImageObject","inLanguage":"fr-FR","@id":"https:\/\/culturesco.com\/#\/schema\/logo\/image\/","url":"https:\/\/i0.wp.com\/culturesco.com\/wp-content\/uploads\/2022\/04\/culturesco-logo-blanc250p.png?fit=250%2C250&ssl=1","contentUrl":"https:\/\/i0.wp.com\/culturesco.com\/wp-content\/uploads\/2022\/04\/culturesco-logo-blanc250p.png?fit=250%2C250&ssl=1","width":250,"height":250,"caption":"CULTURESCO"},"image":{"@id":"https:\/\/culturesco.com\/#\/schema\/logo\/image\/"},"sameAs":["https:\/\/www.facebook.com\/radioculturesco","https:\/\/x.com\/AugusteMarshal","https:\/\/www.instagram.com\/carotte_rock_culture\/","https:\/\/www.pinterest.fr\/augustemarshal\/","https:\/\/www.youtube.com\/channel\/UCiWLGffqWSXlNnfzp6YwwyQ"]},{"@type":"Person","@id":"https:\/\/culturesco.com\/#\/schema\/person\/9a265b03a60b0fa349532a231f7d1d0e","name":"Auguste Marshal","image":{"@type":"ImageObject","inLanguage":"fr-FR","@id":"https:\/\/i0.wp.com\/culturesco.com\/wp-content\/uploads\/2019\/03\/auguste.jpg?fit=96%2C74&ssl=1","url":"https:\/\/i0.wp.com\/culturesco.com\/wp-content\/uploads\/2019\/03\/auguste.jpg?fit=96%2C74&ssl=1","contentUrl":"https:\/\/i0.wp.com\/culturesco.com\/wp-content\/uploads\/2019\/03\/auguste.jpg?fit=96%2C74&ssl=1","caption":"Auguste Marshal"},"description":"Animateur Radio - Producteur animateur de l'\u00e9mission Culturesco sur Pop Culture Radio - Community Manager - Cr\u00e9ateur du blog Culturesco.com et pr\u00e9c\u00e9demment du Blog Rock Auguste Marshal - Administrateur des pages Facebook et Instagram Carotte Rock Cultures et Radio CulturesCo - Administrateur de groupes Facebook","sameAs":["https:\/\/culturesco.com","https:\/\/www.facebook.com\/radioculturesco","https:\/\/www.instagram.com\/carotte_rock_culture\/","https:\/\/www.linkedin.com\/in\/auguste-marshal-7125b1151\/","https:\/\/x.com\/https:\/\/twitter.com\/AugusteMarshal","https:\/\/www.youtube.com\/channel\/UCiWLGffqWSXlNnfzp6YwwyQ"],"url":"https:\/\/culturesco.com\/index.php\/author\/admin8255\/"}]}},"jetpack_featured_media_url":"https:\/\/i0.wp.com\/culturesco.com\/wp-content\/uploads\/2023\/02\/jean-pierre-kalfon-mefistofelange.jpg?fit=600%2C324&ssl=1","jetpack_likes_enabled":true,"jetpack_sharing_enabled":true,"jetpack_shortlink":"https:\/\/wp.me\/paz89I-4Vq","_links":{"self":[{"href":"https:\/\/culturesco.com\/index.php\/wp-json\/wp\/v2\/posts\/18936","targetHints":{"allow":["GET"]}}],"collection":[{"href":"https:\/\/culturesco.com\/index.php\/wp-json\/wp\/v2\/posts"}],"about":[{"href":"https:\/\/culturesco.com\/index.php\/wp-json\/wp\/v2\/types\/post"}],"author":[{"embeddable":true,"href":"https:\/\/culturesco.com\/index.php\/wp-json\/wp\/v2\/users\/1"}],"replies":[{"embeddable":true,"href":"https:\/\/culturesco.com\/index.php\/wp-json\/wp\/v2\/comments?post=18936"}],"version-history":[{"count":0,"href":"https:\/\/culturesco.com\/index.php\/wp-json\/wp\/v2\/posts\/18936\/revisions"}],"wp:featuredmedia":[{"embeddable":true,"href":"https:\/\/culturesco.com\/index.php\/wp-json\/wp\/v2\/media\/18953"}],"wp:attachment":[{"href":"https:\/\/culturesco.com\/index.php\/wp-json\/wp\/v2\/media?parent=18936"}],"wp:term":[{"taxonomy":"category","embeddable":true,"href":"https:\/\/culturesco.com\/index.php\/wp-json\/wp\/v2\/categories?post=18936"},{"taxonomy":"post_tag","embeddable":true,"href":"https:\/\/culturesco.com\/index.php\/wp-json\/wp\/v2\/tags?post=18936"}],"curies":[{"name":"wp","href":"https:\/\/api.w.org\/{rel}","templated":true}]}}