{"id":18799,"date":"2023-01-10T02:49:01","date_gmt":"2023-01-10T01:49:01","guid":{"rendered":"https:\/\/culturesco.com\/?p=18799"},"modified":"2023-01-19T03:11:24","modified_gmt":"2023-01-19T02:11:24","slug":"persona-revue-trimestrielle","status":"publish","type":"post","link":"https:\/\/culturesco.com\/index.php\/2023\/01\/10\/persona-revue-trimestrielle\/","title":{"rendered":"PERSONA \u2013 Revue Trimestrielle"},"content":{"rendered":"<h2>Une revue os\u00e9e dans la culture actuelle<\/h2>\n<figure id=\"attachment_18800\" aria-describedby=\"caption-attachment-18800\" style=\"width: 212px\" class=\"wp-caption aligncenter\"><img data-recalc-dims=\"1\" loading=\"lazy\" decoding=\"async\" class=\"size-medium wp-image-18800\" src=\"https:\/\/i0.wp.com\/culturesco.com\/wp-content\/uploads\/2023\/01\/Persona.jpeg?resize=212%2C300&#038;ssl=1\" alt=\"Persona - revue trimestrielle\" width=\"212\" height=\"300\" srcset=\"https:\/\/i0.wp.com\/culturesco.com\/wp-content\/uploads\/2023\/01\/Persona.jpeg?resize=212%2C300&amp;ssl=1 212w, https:\/\/i0.wp.com\/culturesco.com\/wp-content\/uploads\/2023\/01\/Persona.jpeg?resize=444%2C627&amp;ssl=1 444w, https:\/\/i0.wp.com\/culturesco.com\/wp-content\/uploads\/2023\/01\/Persona.jpeg?resize=768%2C1085&amp;ssl=1 768w, https:\/\/i0.wp.com\/culturesco.com\/wp-content\/uploads\/2023\/01\/Persona.jpeg?resize=1088%2C1536&amp;ssl=1 1088w, https:\/\/i0.wp.com\/culturesco.com\/wp-content\/uploads\/2023\/01\/Persona.jpeg?resize=1450%2C2048&amp;ssl=1 1450w, https:\/\/i0.wp.com\/culturesco.com\/wp-content\/uploads\/2023\/01\/Persona.jpeg?resize=696%2C983&amp;ssl=1 696w, https:\/\/i0.wp.com\/culturesco.com\/wp-content\/uploads\/2023\/01\/Persona.jpeg?resize=1068%2C1508&amp;ssl=1 1068w, https:\/\/i0.wp.com\/culturesco.com\/wp-content\/uploads\/2023\/01\/Persona.jpeg?resize=297%2C420&amp;ssl=1 297w, https:\/\/i0.wp.com\/culturesco.com\/wp-content\/uploads\/2023\/01\/Persona.jpeg?resize=600%2C847&amp;ssl=1 600w, https:\/\/i0.wp.com\/culturesco.com\/wp-content\/uploads\/2023\/01\/Persona.jpeg?resize=42%2C60&amp;ssl=1 42w, https:\/\/i0.wp.com\/culturesco.com\/wp-content\/uploads\/2023\/01\/Persona.jpeg?resize=64%2C90&amp;ssl=1 64w, https:\/\/i0.wp.com\/culturesco.com\/wp-content\/uploads\/2023\/01\/Persona.jpeg?w=425&amp;ssl=1 425w\" sizes=\"auto, (max-width: 212px) 100vw, 212px\" \/><figcaption id=\"caption-attachment-18800\" class=\"wp-caption-text\">Persona &#8211; revue trimestrielle<\/figcaption><\/figure>\n<p style=\"text-align: justify\">Histoire de bien commencer cette nouvelle ann\u00e9e, il s&rsquo;agit d&rsquo;\u00eatre nouveau et original. Alors quoique de mieux que de parler de <strong>PERSONA<\/strong>, une revue trimestrielle originale qui s&rsquo;abreuve autour de la musique mais pas que. Elle approche tous les arts possibles, s&rsquo;en d\u00e9lecte et se veut la plus lisible et la moins hautaine possible. Bref, une sorte d&rsquo;<em>Inrockuptibles<\/em> sans le c\u00f4t\u00e9 \u00abje me la p\u00e8te\u00a0\u00bb, mais avec une mise en page et donc une envie d&rsquo;en savoir plus remarquable.<\/p>\n<h3>MNNQNS &#8211; Full Circle Bak (Live &#8211; Paris &#8211; 30\/06\/2022)<\/h3>\n<div class=\"youtube-embed\" data-video_id=\"OkQKaCZd3Lk\"><iframe loading=\"lazy\" title=\"MNNQNS - Full Circle Back (Live) Paris, Studio 104 - 30\/06\/2022\" width=\"696\" height=\"392\" src=\"https:\/\/www.youtube.com\/embed\/OkQKaCZd3Lk\" frameborder=\"0\" allow=\"accelerometer; autoplay; clipboard-write; encrypted-media; gyroscope; picture-in-picture; web-share\" referrerpolicy=\"strict-origin-when-cross-origin\" allowfullscreen><\/iframe><\/div>\n<p style=\"text-align: justify\">Pour f\u00eater son <strong>21\u00e8me num\u00e9ro<\/strong> en novembre dernier<strong> Fr\u00e9d\u00e9ric Lema\u00eetre<\/strong> a r\u00e9uni une belle brochette d&rsquo;anciens et de futurs groupes qui vont r\u00e9jouir les amateurs de new wave ou de chansons ambitieuses. Sans parler du reste. Pour en savoir plus, le mieux \u00e9tait de rencontrer le ma\u00eetre des lieux.<\/p>\n<h3 style=\"text-align: justify\">Comment est n\u00e9e l&rsquo;envie de faire une telle revue ?<\/h3>\n<p style=\"text-align: justify\">J\u2019ai longtemps travaill\u00e9 pour un fanzine qui a dur\u00e9 pr\u00e8s de 35 ans : <strong>Abus Dangereux<\/strong>. Mais dans les derniers temps de ma contribution avec ce titre, je me suis souvent heurt\u00e9 \u00e0 leur d\u00e9cision de ne pas parler de ce qui \u00e9tait trop \u00ab\u00a0franco-fran\u00e7ais\u00a0\u00bb comme <strong>Dominique A<\/strong>, voire trop exp\u00e9rimental comme les projets de <strong>Serge Teyssot-Gay<\/strong> et c\u2019est l\u00e0 que j\u2019ai d\u00e9cid\u00e9 de voler de mes propres ailes. Je me suis alors dit que <strong>PERSONA<\/strong> n\u2019allait pas parler seulement que de musique, mais aussi de litt\u00e9rature, de photographie, de graphisme, tout ce qui en fait m\u2019a toujours nourri depuis des ann\u00e9es.<\/p>\n<h3 style=\"text-align: justify\">Comment as-tu pens\u00e9 sa conception et aussi sa dur\u00e9e de sortie (mensuelle, bimestrielle, annuelle, biannuelle) et comment t\u2019es-tu organis\u00e9 pour faire conna\u00eetre Persona ?<\/h3>\n<p style=\"text-align: justify\">Il \u00e9tait clair d\u00e8s le d\u00e9but qu\u2019il fallait prendre le temps de faire les choses. <strong>En faire un trimestriel semblait donc la meilleure option<\/strong>. L\u2019id\u00e9e d\u00e8s le d\u00e9part \u00e9tait aussi de ne mettre <strong>aucune publicit\u00e9<\/strong> \u00e0 l\u2019int\u00e9rieur et de<strong> choisir un beau papier afin de restituer au mieux le travail des artistes<\/strong>. Il \u00e9tait question aussi d\u2019\u00e9changer un grand temps de parole avec tous ceux qu\u2019on aime depuis des ann\u00e9es et qui ont une \u0153uvre d\u00e9j\u00e0 importante.<\/p>\n<h3>And Also the Trees &#8211; Slow Pulse Boy (live, 1986)<\/h3>\n<div class=\"youtube-embed\" data-video_id=\"2JsDSCHh4Jc\"><iframe loading=\"lazy\" title=\"And Also The Trees  - Slow Pulse Boy, ( The Evening of the 24th, 1986 VIDEO Remastered\" width=\"696\" height=\"392\" src=\"https:\/\/www.youtube.com\/embed\/2JsDSCHh4Jc\" frameborder=\"0\" allow=\"accelerometer; autoplay; clipboard-write; encrypted-media; gyroscope; picture-in-picture; web-share\" referrerpolicy=\"strict-origin-when-cross-origin\" allowfullscreen><\/iframe><\/div>\n<p style=\"text-align: justify\">Faire conna\u00eetre <strong>PERSONA<\/strong> est encore aujourd\u2019hui une qu\u00eate car la distribution est ce qu\u2019il y a de plus difficile \u00e0 organiser et nous ne disposons que de quelques points de ventes en France. Le plus simple aujourd\u2019hui et le plus avantageux pour nous est de passer par notre site pour se procurer la revue.<\/p>\n<p style=\"text-align: justify\"><a href=\"https:\/\/www.personaedition.com\/\" target=\"_blank\" rel=\"noopener\"><strong>https:\/\/www.personaedition.com<\/strong><\/a><\/p>\n<h3 style=\"text-align: justify\">Comment as-tu recrut\u00e9 tes chroniqueurs ou intervieweurs, sachant, j\u2019imagine, que c\u2019est du b\u00e9n\u00e9volat ?<\/h3>\n<p style=\"text-align: justify\">Les diff\u00e9rents chroniqueurs ou intervieweurs sont arriv\u00e9s petit \u00e0 petit. Certains travaillaient d\u00e9j\u00e0 dans <strong>Abus Dangereux<\/strong> et d\u2019autres sur des <strong>Web Zine<\/strong>. Au fur et \u00e0 mesure des sorties et des soir\u00e9es consacr\u00e9es \u00e0 celles-ci, des personnes sont venues me voir et me proposer leur service. Aujourd\u2019hui une douzaine de contributeurs participent \u00e0 la richesse de la revue et c\u2019est un grand honneur d\u2019avoir toutes ces plumes. Effectivement tout le monde est b\u00e9n\u00e9vole car<strong> PERSONA<\/strong> n\u2019a toujours aucune aide financi\u00e8re ni aucune publicit\u00e9\u00a0\u00e0 l\u2019int\u00e9rieur et avec l\u2019augmentation massive du prix du papier il est clair que la presse est dans un grand moment de trouble. <strong>La revue vit donc en auto-\u00e9conomie<\/strong>, ind\u00e9pendante jusqu\u2019au bout, mais c\u2019est dur, \u00e9videmment !<\/p>\n<h3 style=\"text-align: justify\"><img data-recalc-dims=\"1\" loading=\"lazy\" decoding=\"async\" class=\"aligncenter wp-image-18810 size-full\" src=\"https:\/\/i0.wp.com\/culturesco.com\/wp-content\/uploads\/2023\/01\/persona-revue.jpg?resize=600%2C324&#038;ssl=1\" alt=\"persona revue trimestrielle\" width=\"600\" height=\"324\" srcset=\"https:\/\/i0.wp.com\/culturesco.com\/wp-content\/uploads\/2023\/01\/persona-revue.jpg?w=600&amp;ssl=1 600w, https:\/\/i0.wp.com\/culturesco.com\/wp-content\/uploads\/2023\/01\/persona-revue.jpg?resize=300%2C162&amp;ssl=1 300w, https:\/\/i0.wp.com\/culturesco.com\/wp-content\/uploads\/2023\/01\/persona-revue.jpg?resize=111%2C60&amp;ssl=1 111w, https:\/\/i0.wp.com\/culturesco.com\/wp-content\/uploads\/2023\/01\/persona-revue.jpg?resize=167%2C90&amp;ssl=1 167w\" sizes=\"auto, (max-width: 600px) 100vw, 600px\" \/><br \/>\nN\u2019aurais-tu pas pr\u00e9f\u00e9r\u00e9 faire un blog plut\u00f4t qu&rsquo;une sortie\u00a0papier, luxueuse qui plus est ?<\/h3>\n<p style=\"text-align: justify\">L\u2019id\u00e9e de d\u00e9part \u00e9tait vraiment de continuer \u00e0 faire un travail \u00e0 l\u2019ancienne, sur du papier, qui plus est de bonne qualit\u00e9, et de continuer \u00e0 faire vivre cette presse ind\u00e9pendante. Ceci dit, aujourd\u2019hui nous sommes tellement sollicit\u00e9s que nous postons aussi des interviews sur notre site et quelques chroniques de livres et de disques, mais nous sommes vraiment attach\u00e9s au format papier et en ce sens c\u2019est aussi pour \u00e7a que <strong>PERSONA<\/strong> se veut un bel objet.<\/p>\n<h3>Baroque Bordello &#8211; L&rsquo;envie d&rsquo;en finir (demo, 1982)<\/h3>\n<div class=\"youtube-embed\" data-video_id=\"t1B_nvj7o6g\"><iframe loading=\"lazy\" title=\"Baroque Bordello - L&#039;Envie D&#039;En Finir (Demo. 1982)\" width=\"696\" height=\"392\" src=\"https:\/\/www.youtube.com\/embed\/t1B_nvj7o6g\" frameborder=\"0\" allow=\"accelerometer; autoplay; clipboard-write; encrypted-media; gyroscope; picture-in-picture; web-share\" referrerpolicy=\"strict-origin-when-cross-origin\" allowfullscreen><\/iframe><\/div>\n<h4>En m\u00eame temps, tu te lances dans l\u2019\u00e9dition os\u00e9e autour d\u2019un groupe auquel tu tiens, je suppose, The Cure. Les deux premiers titres de la fameuse trilogie sont sortis et tu bosses sur le dernier, <i>Pornography<\/i>. qu\u2019est-ce qui t\u2019as amen\u00e9 \u00e0 faire cela et penses-tu aller plus loin, par la suite, exemple Joy Division ?<\/h4>\n<p style=\"text-align: justify\">Dans le <strong>num\u00e9ro 6 de PERSONA<\/strong>, en 2018, j\u2019avais d\u00e9j\u00e0 fait un hommage \u00e0 l\u2019album<strong>\u00a0<\/strong><em><strong>Pornography<\/strong>.<\/em> Par la suite, pour les 40 ans de\u00a0<strong><i>Seventeen Seconds<\/i><\/strong>, j\u2019ai eu envie de replonger dans l\u2019histoire de cet album intemporel, \u00e0 la fois au niveau de la cr\u00e9ation, de l\u2019enregistrement et de la tourn\u00e9e qui a suivi. L\u2019ensemble est sorti dans un carnet de <strong>40 pages au format A5<\/strong>. Devant son succ\u00e8s, j\u2019ai donc eu envie de poursuivre avec l\u2019album d\u2019apr\u00e8s,<strong>\u00a0<a href=\"https:\/\/culturesco.com\/index.php\/2022\/06\/21\/the-cure-faith\/\" target=\"_blank\" rel=\"noopener\"><i>Faith<\/i><\/a><\/strong>\u00a0et forc\u00e9ment par extension avec\u00a0<a href=\"https:\/\/culturesco.com\/index.php\/2022\/05\/04\/pornography-de-the-cure-a-40-ans-le-disque-ultime-d-une-generation-cold\/\" target=\"_blank\" rel=\"noopener\">Pornography<\/a>\u00a0pour ainsi traiter de l\u2019ensemble de <strong>la trilogie<\/strong>, qui pour <strong>tout fan de Cure est un tr\u00e9sor incommensurable<\/strong>.<\/p>\n<p style=\"text-align: justify\">Par la suite, effectivement d\u2019autres carnets sont pr\u00e9vus, mais pas seulement musicaux, certains seront d\u00e9di\u00e9s \u00e0 la photographie et d\u2019autres \u00e0 la litt\u00e9rature.<br \/>\nEn tout cas c\u2019est un plaisir immense de se replonger dans une \u0153uvre et d\u2019aller y d\u00e9nicher des anecdotes rares, voire m\u00e9connues du grand public.<\/p>\n<h3>The Cure &#8211; Play For Today (Vid\u00e9o officielle, 1980)<\/h3>\n<div class=\"youtube-embed\" data-video_id=\"hmbOLTWggXI\"><iframe loading=\"lazy\" title=\"THE CURE- PLAY FOR TODAY\" width=\"696\" height=\"522\" src=\"https:\/\/www.youtube.com\/embed\/hmbOLTWggXI\" frameborder=\"0\" allow=\"accelerometer; autoplay; clipboard-write; encrypted-media; gyroscope; picture-in-picture; web-share\" referrerpolicy=\"strict-origin-when-cross-origin\" allowfullscreen><\/iframe><\/div>\n<p style=\"text-align: justify\"><strong>PERSONA<\/strong> dans sa globalit\u00e9 a toujours envie de proposer une vision neuve et originale de <strong>tous les Arts<\/strong> qui nous \u00e9meuvent. Esp\u00e9rons que le plus grand nombre puisse s\u2019y int\u00e9resser \u00e9galement.<\/p>\n<p>PERSONA \u2013 revue Trimestrielle &#8211; 12\u20ac<br \/>\n<a href=\"https:\/\/www.personaedition.com\" target=\"_blank\" rel=\"noopener\">https:\/\/www.personaedition.com<\/a><\/p>\n<p>Patrick B\u00e9nard<\/p>\n","protected":false},"excerpt":{"rendered":"<p>Une revue os\u00e9e dans la culture actuelle Histoire de bien commencer cette nouvelle ann\u00e9e, il s&rsquo;agit d&rsquo;\u00eatre nouveau et original. Alors quoique de mieux que de parler de PERSONA, une revue trimestrielle originale qui s&rsquo;abreuve autour de la musique mais pas que. Elle approche tous les arts possibles, s&rsquo;en d\u00e9lecte et se veut la plus [&hellip;]<\/p>\n","protected":false},"author":4,"featured_media":18810,"comment_status":"open","ping_status":"open","sticky":false,"template":"","format":"image","meta":{"jetpack_post_was_ever_published":false,"tdm_status":"","tdm_grid_status":"","_jetpack_newsletter_access":"","_jetpack_dont_email_post_to_subs":false,"_jetpack_newsletter_tier_id":0,"_jetpack_memberships_contains_paywalled_content":false,"_jetpack_memberships_contains_paid_content":false,"footnotes":""},"categories":[17,27,66,14384],"tags":[14389,42,14386,14388,12188,14390,14382,14391,91,14387],"class_list":{"0":"post-18799","1":"post","2":"type-post","3":"status-publish","4":"format-image","5":"has-post-thumbnail","7":"category-carotte-rock-cultures","8":"category-litterature","9":"category-livre-rock","10":"category-spectacle","11":"tag-arts","12":"tag-litterature","13":"tag-magazine","14":"tag-musique","15":"tag-new-wave","16":"tag-peinture","17":"tag-photos","18":"tag-revue-luxueuse","19":"tag-theatre","20":"tag-trimestriel","21":"post_format-post-format-image"},"yoast_head":"<!-- This site is optimized with the Yoast SEO plugin v27.5 - https:\/\/yoast.com\/product\/yoast-seo-wordpress\/ -->\n<title>PERSONA \u2013 Revue Trimestrielle - Culturesco<\/title>\n<meta name=\"description\" content=\"CulturesCo | Un bon coup de pied dans ta Culture | Chroniques et histoire du Rock, chanson fran\u00e7aise, litt\u00e9rature, cin\u00e9ma et bande dessin\u00e9e.\" \/>\n<meta name=\"robots\" content=\"index, follow, max-snippet:-1, max-image-preview:large, max-video-preview:-1\" \/>\n<link rel=\"canonical\" href=\"https:\/\/culturesco.com\/index.php\/2023\/01\/10\/persona-revue-trimestrielle\/\" \/>\n<meta property=\"og:locale\" content=\"fr_FR\" \/>\n<meta property=\"og:type\" content=\"article\" \/>\n<meta property=\"og:title\" content=\"PERSONA \u2013 Revue Trimestrielle - Culturesco\" \/>\n<meta property=\"og:description\" content=\"CulturesCo | Un bon coup de pied dans ta Culture | Chroniques et histoire du Rock, chanson fran\u00e7aise, litt\u00e9rature, cin\u00e9ma et bande dessin\u00e9e.\" \/>\n<meta property=\"og:url\" content=\"https:\/\/culturesco.com\/index.php\/2023\/01\/10\/persona-revue-trimestrielle\/\" \/>\n<meta property=\"og:site_name\" content=\"Culturesco\" \/>\n<meta property=\"article:publisher\" content=\"https:\/\/www.facebook.com\/radioculturesco\" \/>\n<meta property=\"article:published_time\" content=\"2023-01-10T01:49:01+00:00\" \/>\n<meta property=\"article:modified_time\" content=\"2023-01-19T02:11:24+00:00\" \/>\n<meta property=\"og:image\" content=\"https:\/\/culturesco.com\/wp-content\/uploads\/2023\/01\/persona-revue.jpg\" \/>\n\t<meta property=\"og:image:width\" content=\"600\" \/>\n\t<meta property=\"og:image:height\" content=\"324\" \/>\n\t<meta property=\"og:image:type\" content=\"image\/jpeg\" \/>\n<meta name=\"author\" content=\"Patrick Benard\" \/>\n<meta name=\"twitter:card\" content=\"summary_large_image\" \/>\n<meta name=\"twitter:creator\" content=\"@AugusteMarshal\" \/>\n<meta name=\"twitter:site\" content=\"@AugusteMarshal\" \/>\n<meta name=\"twitter:label1\" content=\"\u00c9crit par\" \/>\n\t<meta name=\"twitter:data1\" content=\"Patrick Benard\" \/>\n\t<meta name=\"twitter:label2\" content=\"Dur\u00e9e de lecture estim\u00e9e\" \/>\n\t<meta name=\"twitter:data2\" content=\"6 minutes\" \/>\n<script type=\"application\/ld+json\" class=\"yoast-schema-graph\">{\"@context\":\"https:\\\/\\\/schema.org\",\"@graph\":[{\"@type\":\"Article\",\"@id\":\"https:\\\/\\\/culturesco.com\\\/index.php\\\/2023\\\/01\\\/10\\\/persona-revue-trimestrielle\\\/#article\",\"isPartOf\":{\"@id\":\"https:\\\/\\\/culturesco.com\\\/index.php\\\/2023\\\/01\\\/10\\\/persona-revue-trimestrielle\\\/\"},\"author\":{\"name\":\"Patrick Benard\",\"@id\":\"https:\\\/\\\/culturesco.com\\\/#\\\/schema\\\/person\\\/c2ddd6724863f3bbd20a8278df0891f3\"},\"headline\":\"PERSONA \u2013 Revue Trimestrielle\",\"datePublished\":\"2023-01-10T01:49:01+00:00\",\"dateModified\":\"2023-01-19T02:11:24+00:00\",\"mainEntityOfPage\":{\"@id\":\"https:\\\/\\\/culturesco.com\\\/index.php\\\/2023\\\/01\\\/10\\\/persona-revue-trimestrielle\\\/\"},\"wordCount\":1067,\"commentCount\":0,\"publisher\":{\"@id\":\"https:\\\/\\\/culturesco.com\\\/#organization\"},\"image\":{\"@id\":\"https:\\\/\\\/culturesco.com\\\/index.php\\\/2023\\\/01\\\/10\\\/persona-revue-trimestrielle\\\/#primaryimage\"},\"thumbnailUrl\":\"https:\\\/\\\/i0.wp.com\\\/culturesco.com\\\/wp-content\\\/uploads\\\/2023\\\/01\\\/persona-revue.jpg?fit=600%2C324&ssl=1\",\"keywords\":[\"arts\",\"litt\u00e9rature\",\"magazine\",\"musique\",\"New Wave\",\"peinture\",\"photos\",\"revue luxueuse\",\"th\u00e9\u00e2tre\",\"trimestriel\"],\"articleSection\":[\"Carotte Rock Cultures\",\"Litt\u00e9rature\",\"Livre Rock\",\"Spectacle\"],\"inLanguage\":\"fr-FR\",\"potentialAction\":[{\"@type\":\"CommentAction\",\"name\":\"Comment\",\"target\":[\"https:\\\/\\\/culturesco.com\\\/index.php\\\/2023\\\/01\\\/10\\\/persona-revue-trimestrielle\\\/#respond\"]}]},{\"@type\":\"WebPage\",\"@id\":\"https:\\\/\\\/culturesco.com\\\/index.php\\\/2023\\\/01\\\/10\\\/persona-revue-trimestrielle\\\/\",\"url\":\"https:\\\/\\\/culturesco.com\\\/index.php\\\/2023\\\/01\\\/10\\\/persona-revue-trimestrielle\\\/\",\"name\":\"PERSONA \u2013 Revue Trimestrielle - Culturesco\",\"isPartOf\":{\"@id\":\"https:\\\/\\\/culturesco.com\\\/#website\"},\"primaryImageOfPage\":{\"@id\":\"https:\\\/\\\/culturesco.com\\\/index.php\\\/2023\\\/01\\\/10\\\/persona-revue-trimestrielle\\\/#primaryimage\"},\"image\":{\"@id\":\"https:\\\/\\\/culturesco.com\\\/index.php\\\/2023\\\/01\\\/10\\\/persona-revue-trimestrielle\\\/#primaryimage\"},\"thumbnailUrl\":\"https:\\\/\\\/i0.wp.com\\\/culturesco.com\\\/wp-content\\\/uploads\\\/2023\\\/01\\\/persona-revue.jpg?fit=600%2C324&ssl=1\",\"datePublished\":\"2023-01-10T01:49:01+00:00\",\"dateModified\":\"2023-01-19T02:11:24+00:00\",\"description\":\"CulturesCo | Un bon coup de pied dans ta Culture | Chroniques et histoire du Rock, chanson fran\u00e7aise, litt\u00e9rature, cin\u00e9ma et bande dessin\u00e9e.\",\"breadcrumb\":{\"@id\":\"https:\\\/\\\/culturesco.com\\\/index.php\\\/2023\\\/01\\\/10\\\/persona-revue-trimestrielle\\\/#breadcrumb\"},\"inLanguage\":\"fr-FR\",\"potentialAction\":[{\"@type\":\"ReadAction\",\"target\":[\"https:\\\/\\\/culturesco.com\\\/index.php\\\/2023\\\/01\\\/10\\\/persona-revue-trimestrielle\\\/\"]}]},{\"@type\":\"ImageObject\",\"inLanguage\":\"fr-FR\",\"@id\":\"https:\\\/\\\/culturesco.com\\\/index.php\\\/2023\\\/01\\\/10\\\/persona-revue-trimestrielle\\\/#primaryimage\",\"url\":\"https:\\\/\\\/i0.wp.com\\\/culturesco.com\\\/wp-content\\\/uploads\\\/2023\\\/01\\\/persona-revue.jpg?fit=600%2C324&ssl=1\",\"contentUrl\":\"https:\\\/\\\/i0.wp.com\\\/culturesco.com\\\/wp-content\\\/uploads\\\/2023\\\/01\\\/persona-revue.jpg?fit=600%2C324&ssl=1\",\"width\":600,\"height\":324,\"caption\":\"persona revue trimestrielle\"},{\"@type\":\"BreadcrumbList\",\"@id\":\"https:\\\/\\\/culturesco.com\\\/index.php\\\/2023\\\/01\\\/10\\\/persona-revue-trimestrielle\\\/#breadcrumb\",\"itemListElement\":[{\"@type\":\"ListItem\",\"position\":1,\"name\":\"Accueil\",\"item\":\"https:\\\/\\\/culturesco.com\\\/\"},{\"@type\":\"ListItem\",\"position\":2,\"name\":\"PERSONA \u2013 Revue Trimestrielle\"}]},{\"@type\":\"WebSite\",\"@id\":\"https:\\\/\\\/culturesco.com\\\/#website\",\"url\":\"https:\\\/\\\/culturesco.com\\\/\",\"name\":\"Culturesco\",\"description\":\"Culturesco | Un bon coup de pied dans ta Culture\",\"publisher\":{\"@id\":\"https:\\\/\\\/culturesco.com\\\/#organization\"},\"potentialAction\":[{\"@type\":\"SearchAction\",\"target\":{\"@type\":\"EntryPoint\",\"urlTemplate\":\"https:\\\/\\\/culturesco.com\\\/?s={search_term_string}\"},\"query-input\":{\"@type\":\"PropertyValueSpecification\",\"valueRequired\":true,\"valueName\":\"search_term_string\"}}],\"inLanguage\":\"fr-FR\"},{\"@type\":\"Organization\",\"@id\":\"https:\\\/\\\/culturesco.com\\\/#organization\",\"name\":\"CULTURESCO\",\"url\":\"https:\\\/\\\/culturesco.com\\\/\",\"logo\":{\"@type\":\"ImageObject\",\"inLanguage\":\"fr-FR\",\"@id\":\"https:\\\/\\\/culturesco.com\\\/#\\\/schema\\\/logo\\\/image\\\/\",\"url\":\"https:\\\/\\\/i0.wp.com\\\/culturesco.com\\\/wp-content\\\/uploads\\\/2022\\\/04\\\/culturesco-logo-blanc250p.png?fit=250%2C250&ssl=1\",\"contentUrl\":\"https:\\\/\\\/i0.wp.com\\\/culturesco.com\\\/wp-content\\\/uploads\\\/2022\\\/04\\\/culturesco-logo-blanc250p.png?fit=250%2C250&ssl=1\",\"width\":250,\"height\":250,\"caption\":\"CULTURESCO\"},\"image\":{\"@id\":\"https:\\\/\\\/culturesco.com\\\/#\\\/schema\\\/logo\\\/image\\\/\"},\"sameAs\":[\"https:\\\/\\\/www.facebook.com\\\/radioculturesco\",\"https:\\\/\\\/x.com\\\/AugusteMarshal\",\"https:\\\/\\\/www.instagram.com\\\/carotte_rock_culture\\\/\",\"https:\\\/\\\/www.pinterest.fr\\\/augustemarshal\\\/\",\"https:\\\/\\\/www.youtube.com\\\/channel\\\/UCiWLGffqWSXlNnfzp6YwwyQ\"]},{\"@type\":\"Person\",\"@id\":\"https:\\\/\\\/culturesco.com\\\/#\\\/schema\\\/person\\\/c2ddd6724863f3bbd20a8278df0891f3\",\"name\":\"Patrick Benard\",\"image\":{\"@type\":\"ImageObject\",\"inLanguage\":\"fr-FR\",\"@id\":\"https:\\\/\\\/i0.wp.com\\\/culturesco.com\\\/wp-content\\\/uploads\\\/2019\\\/02\\\/patrick-benard-2.jpg?fit=90%2C96&ssl=1\",\"url\":\"https:\\\/\\\/i0.wp.com\\\/culturesco.com\\\/wp-content\\\/uploads\\\/2019\\\/02\\\/patrick-benard-2.jpg?fit=90%2C96&ssl=1\",\"contentUrl\":\"https:\\\/\\\/i0.wp.com\\\/culturesco.com\\\/wp-content\\\/uploads\\\/2019\\\/02\\\/patrick-benard-2.jpg?fit=90%2C96&ssl=1\",\"caption\":\"Patrick Benard\"},\"description\":\"Ecrivain, chroniqueur, animateur radio, cr\u00e9ateur de la revue \u00ab Cin\u00e9manie \u00bb, autour du cin\u00e9ma dit d\u2019art et d\u2019essai, sp\u00e9cialiste du groupe The Cure, archiviste... 2020 : \\\"Le Post Rock\\\" essai sur le post rock de Mogwa\u00ef \u00e0 Godspeed You Black Emperor - Camion Blanc 2014 : \u00ab On the rocks \u2013le rock de 2007 \u00e0 2014 \u00bb chroniques livres et cd rocks, interviews \u2013Editions Vaillant 2010 : \u00ab Dans la T\u00eate de Robert Smith \u00bb, roman fiction autour de l\u2019histoire des Cure et de Robert Smith \u2013 Edilivres 2007 : \u00ab Chroniques Fr\u00e9n\u00e9tiques, une histoire intime du rock \u00bb, roman, prix Technikart. 2001 : \u00ab Les Iles du D\u00e9sert \u00bb, polar autour du rock \u2013 Editions Nykta\",\"url\":\"https:\\\/\\\/culturesco.com\\\/index.php\\\/author\\\/patrick-benard89\\\/\"}]}<\/script>\n<!-- \/ Yoast SEO plugin. -->","yoast_head_json":{"title":"PERSONA \u2013 Revue Trimestrielle - Culturesco","description":"CulturesCo | Un bon coup de pied dans ta Culture | Chroniques et histoire du Rock, chanson fran\u00e7aise, litt\u00e9rature, cin\u00e9ma et bande dessin\u00e9e.","robots":{"index":"index","follow":"follow","max-snippet":"max-snippet:-1","max-image-preview":"max-image-preview:large","max-video-preview":"max-video-preview:-1"},"canonical":"https:\/\/culturesco.com\/index.php\/2023\/01\/10\/persona-revue-trimestrielle\/","og_locale":"fr_FR","og_type":"article","og_title":"PERSONA \u2013 Revue Trimestrielle - Culturesco","og_description":"CulturesCo | Un bon coup de pied dans ta Culture | Chroniques et histoire du Rock, chanson fran\u00e7aise, litt\u00e9rature, cin\u00e9ma et bande dessin\u00e9e.","og_url":"https:\/\/culturesco.com\/index.php\/2023\/01\/10\/persona-revue-trimestrielle\/","og_site_name":"Culturesco","article_publisher":"https:\/\/www.facebook.com\/radioculturesco","article_published_time":"2023-01-10T01:49:01+00:00","article_modified_time":"2023-01-19T02:11:24+00:00","og_image":[{"width":600,"height":324,"url":"https:\/\/culturesco.com\/wp-content\/uploads\/2023\/01\/persona-revue.jpg","type":"image\/jpeg"}],"author":"Patrick Benard","twitter_card":"summary_large_image","twitter_creator":"@AugusteMarshal","twitter_site":"@AugusteMarshal","twitter_misc":{"\u00c9crit par":"Patrick Benard","Dur\u00e9e de lecture estim\u00e9e":"6 minutes"},"schema":{"@context":"https:\/\/schema.org","@graph":[{"@type":"Article","@id":"https:\/\/culturesco.com\/index.php\/2023\/01\/10\/persona-revue-trimestrielle\/#article","isPartOf":{"@id":"https:\/\/culturesco.com\/index.php\/2023\/01\/10\/persona-revue-trimestrielle\/"},"author":{"name":"Patrick Benard","@id":"https:\/\/culturesco.com\/#\/schema\/person\/c2ddd6724863f3bbd20a8278df0891f3"},"headline":"PERSONA \u2013 Revue Trimestrielle","datePublished":"2023-01-10T01:49:01+00:00","dateModified":"2023-01-19T02:11:24+00:00","mainEntityOfPage":{"@id":"https:\/\/culturesco.com\/index.php\/2023\/01\/10\/persona-revue-trimestrielle\/"},"wordCount":1067,"commentCount":0,"publisher":{"@id":"https:\/\/culturesco.com\/#organization"},"image":{"@id":"https:\/\/culturesco.com\/index.php\/2023\/01\/10\/persona-revue-trimestrielle\/#primaryimage"},"thumbnailUrl":"https:\/\/i0.wp.com\/culturesco.com\/wp-content\/uploads\/2023\/01\/persona-revue.jpg?fit=600%2C324&ssl=1","keywords":["arts","litt\u00e9rature","magazine","musique","New Wave","peinture","photos","revue luxueuse","th\u00e9\u00e2tre","trimestriel"],"articleSection":["Carotte Rock Cultures","Litt\u00e9rature","Livre Rock","Spectacle"],"inLanguage":"fr-FR","potentialAction":[{"@type":"CommentAction","name":"Comment","target":["https:\/\/culturesco.com\/index.php\/2023\/01\/10\/persona-revue-trimestrielle\/#respond"]}]},{"@type":"WebPage","@id":"https:\/\/culturesco.com\/index.php\/2023\/01\/10\/persona-revue-trimestrielle\/","url":"https:\/\/culturesco.com\/index.php\/2023\/01\/10\/persona-revue-trimestrielle\/","name":"PERSONA \u2013 Revue Trimestrielle - Culturesco","isPartOf":{"@id":"https:\/\/culturesco.com\/#website"},"primaryImageOfPage":{"@id":"https:\/\/culturesco.com\/index.php\/2023\/01\/10\/persona-revue-trimestrielle\/#primaryimage"},"image":{"@id":"https:\/\/culturesco.com\/index.php\/2023\/01\/10\/persona-revue-trimestrielle\/#primaryimage"},"thumbnailUrl":"https:\/\/i0.wp.com\/culturesco.com\/wp-content\/uploads\/2023\/01\/persona-revue.jpg?fit=600%2C324&ssl=1","datePublished":"2023-01-10T01:49:01+00:00","dateModified":"2023-01-19T02:11:24+00:00","description":"CulturesCo | Un bon coup de pied dans ta Culture | Chroniques et histoire du Rock, chanson fran\u00e7aise, litt\u00e9rature, cin\u00e9ma et bande dessin\u00e9e.","breadcrumb":{"@id":"https:\/\/culturesco.com\/index.php\/2023\/01\/10\/persona-revue-trimestrielle\/#breadcrumb"},"inLanguage":"fr-FR","potentialAction":[{"@type":"ReadAction","target":["https:\/\/culturesco.com\/index.php\/2023\/01\/10\/persona-revue-trimestrielle\/"]}]},{"@type":"ImageObject","inLanguage":"fr-FR","@id":"https:\/\/culturesco.com\/index.php\/2023\/01\/10\/persona-revue-trimestrielle\/#primaryimage","url":"https:\/\/i0.wp.com\/culturesco.com\/wp-content\/uploads\/2023\/01\/persona-revue.jpg?fit=600%2C324&ssl=1","contentUrl":"https:\/\/i0.wp.com\/culturesco.com\/wp-content\/uploads\/2023\/01\/persona-revue.jpg?fit=600%2C324&ssl=1","width":600,"height":324,"caption":"persona revue trimestrielle"},{"@type":"BreadcrumbList","@id":"https:\/\/culturesco.com\/index.php\/2023\/01\/10\/persona-revue-trimestrielle\/#breadcrumb","itemListElement":[{"@type":"ListItem","position":1,"name":"Accueil","item":"https:\/\/culturesco.com\/"},{"@type":"ListItem","position":2,"name":"PERSONA \u2013 Revue Trimestrielle"}]},{"@type":"WebSite","@id":"https:\/\/culturesco.com\/#website","url":"https:\/\/culturesco.com\/","name":"Culturesco","description":"Culturesco | Un bon coup de pied dans ta Culture","publisher":{"@id":"https:\/\/culturesco.com\/#organization"},"potentialAction":[{"@type":"SearchAction","target":{"@type":"EntryPoint","urlTemplate":"https:\/\/culturesco.com\/?s={search_term_string}"},"query-input":{"@type":"PropertyValueSpecification","valueRequired":true,"valueName":"search_term_string"}}],"inLanguage":"fr-FR"},{"@type":"Organization","@id":"https:\/\/culturesco.com\/#organization","name":"CULTURESCO","url":"https:\/\/culturesco.com\/","logo":{"@type":"ImageObject","inLanguage":"fr-FR","@id":"https:\/\/culturesco.com\/#\/schema\/logo\/image\/","url":"https:\/\/i0.wp.com\/culturesco.com\/wp-content\/uploads\/2022\/04\/culturesco-logo-blanc250p.png?fit=250%2C250&ssl=1","contentUrl":"https:\/\/i0.wp.com\/culturesco.com\/wp-content\/uploads\/2022\/04\/culturesco-logo-blanc250p.png?fit=250%2C250&ssl=1","width":250,"height":250,"caption":"CULTURESCO"},"image":{"@id":"https:\/\/culturesco.com\/#\/schema\/logo\/image\/"},"sameAs":["https:\/\/www.facebook.com\/radioculturesco","https:\/\/x.com\/AugusteMarshal","https:\/\/www.instagram.com\/carotte_rock_culture\/","https:\/\/www.pinterest.fr\/augustemarshal\/","https:\/\/www.youtube.com\/channel\/UCiWLGffqWSXlNnfzp6YwwyQ"]},{"@type":"Person","@id":"https:\/\/culturesco.com\/#\/schema\/person\/c2ddd6724863f3bbd20a8278df0891f3","name":"Patrick Benard","image":{"@type":"ImageObject","inLanguage":"fr-FR","@id":"https:\/\/i0.wp.com\/culturesco.com\/wp-content\/uploads\/2019\/02\/patrick-benard-2.jpg?fit=90%2C96&ssl=1","url":"https:\/\/i0.wp.com\/culturesco.com\/wp-content\/uploads\/2019\/02\/patrick-benard-2.jpg?fit=90%2C96&ssl=1","contentUrl":"https:\/\/i0.wp.com\/culturesco.com\/wp-content\/uploads\/2019\/02\/patrick-benard-2.jpg?fit=90%2C96&ssl=1","caption":"Patrick Benard"},"description":"Ecrivain, chroniqueur, animateur radio, cr\u00e9ateur de la revue \u00ab Cin\u00e9manie \u00bb, autour du cin\u00e9ma dit d\u2019art et d\u2019essai, sp\u00e9cialiste du groupe The Cure, archiviste... 2020 : \"Le Post Rock\" essai sur le post rock de Mogwa\u00ef \u00e0 Godspeed You Black Emperor - Camion Blanc 2014 : \u00ab On the rocks \u2013le rock de 2007 \u00e0 2014 \u00bb chroniques livres et cd rocks, interviews \u2013Editions Vaillant 2010 : \u00ab Dans la T\u00eate de Robert Smith \u00bb, roman fiction autour de l\u2019histoire des Cure et de Robert Smith \u2013 Edilivres 2007 : \u00ab Chroniques Fr\u00e9n\u00e9tiques, une histoire intime du rock \u00bb, roman, prix Technikart. 2001 : \u00ab Les Iles du D\u00e9sert \u00bb, polar autour du rock \u2013 Editions Nykta","url":"https:\/\/culturesco.com\/index.php\/author\/patrick-benard89\/"}]}},"jetpack_featured_media_url":"https:\/\/i0.wp.com\/culturesco.com\/wp-content\/uploads\/2023\/01\/persona-revue.jpg?fit=600%2C324&ssl=1","jetpack_likes_enabled":true,"jetpack_sharing_enabled":true,"jetpack_shortlink":"https:\/\/wp.me\/paz89I-4Td","_links":{"self":[{"href":"https:\/\/culturesco.com\/index.php\/wp-json\/wp\/v2\/posts\/18799","targetHints":{"allow":["GET"]}}],"collection":[{"href":"https:\/\/culturesco.com\/index.php\/wp-json\/wp\/v2\/posts"}],"about":[{"href":"https:\/\/culturesco.com\/index.php\/wp-json\/wp\/v2\/types\/post"}],"author":[{"embeddable":true,"href":"https:\/\/culturesco.com\/index.php\/wp-json\/wp\/v2\/users\/4"}],"replies":[{"embeddable":true,"href":"https:\/\/culturesco.com\/index.php\/wp-json\/wp\/v2\/comments?post=18799"}],"version-history":[{"count":0,"href":"https:\/\/culturesco.com\/index.php\/wp-json\/wp\/v2\/posts\/18799\/revisions"}],"wp:featuredmedia":[{"embeddable":true,"href":"https:\/\/culturesco.com\/index.php\/wp-json\/wp\/v2\/media\/18810"}],"wp:attachment":[{"href":"https:\/\/culturesco.com\/index.php\/wp-json\/wp\/v2\/media?parent=18799"}],"wp:term":[{"taxonomy":"category","embeddable":true,"href":"https:\/\/culturesco.com\/index.php\/wp-json\/wp\/v2\/categories?post=18799"},{"taxonomy":"post_tag","embeddable":true,"href":"https:\/\/culturesco.com\/index.php\/wp-json\/wp\/v2\/tags?post=18799"}],"curies":[{"name":"wp","href":"https:\/\/api.w.org\/{rel}","templated":true}]}}