{"id":18565,"date":"2022-12-07T18:10:12","date_gmt":"2022-12-07T17:10:12","guid":{"rendered":"https:\/\/culturesco.com\/?p=18565"},"modified":"2024-06-09T20:31:20","modified_gmt":"2024-06-09T18:31:20","slug":"marjorie-hache-francis-zegut-eric-jean-jean-interview-rtl2-pop-rock-station","status":"publish","type":"post","link":"https:\/\/culturesco.com\/index.php\/2022\/12\/07\/marjorie-hache-francis-zegut-eric-jean-jean-interview-rtl2-pop-rock-station\/","title":{"rendered":"[Interview] Marjorie Hache :\u00a0\u00bbLes radios libres ont \u00e9t\u00e9 un \u00e9l\u00e9ment d\u00e9clencheur\u00a0\u00bb"},"content":{"rendered":"<h2>\u00ab\u00a0Les auditeurs d&rsquo;RTL2 et les fid\u00e8les de Pop Rock Station ont \u00e9t\u00e9 super accueillants\u00a0\u00bb<\/h2>\n<p style=\"text-align: justify;\">Arriv\u00e9e le 29 ao\u00fbt sur RTL2, <a href=\"https:\/\/www.rtl2.fr\/auteur\/marjorie-hache\" target=\"_blank\" rel=\"noopener\">Marjorie Hache<\/a> remplie toutes les cases du tableau : animation au top, bonne humeur, programmation d&rsquo;enfer et un accent \u00e9cossais dont vos cages \u00e0 miel (comme nous dirait Tonton Z\u00e9gut) vont en tomber amoureuses d\u00e8s les premi\u00e8res secondes d&rsquo;\u00e9coute. La radio n&rsquo;est pas un m\u00e9tier mais bel et bien une passion et un amour certain pour la musique. Voici le premier entretien pour son arriv\u00e9e dans <strong>Pop Rock Station<\/strong> avec \u00e9galement les participations de<a href=\"https:\/\/culturesco.com\/index.php\/2022\/11\/20\/interview-tonton-zegut-le-roi-de-la-radio-de-wango-tango-a-pop-rock-station\/\" target=\"_blank\" rel=\"noopener\"> Francis Z\u00e9gut<\/a>, <strong>\u00c9ric Jean-Jean<\/strong> et <strong>Pierre Janaszak<\/strong> de RSTLSS pour une interview 100% radiophonique autour de <strong>Marjorie Hache<\/strong>. Enjoy !<\/p>\n<p><img data-recalc-dims=\"1\" loading=\"lazy\" decoding=\"async\" class=\"alignnone size-full wp-image-18568\" src=\"https:\/\/i0.wp.com\/culturesco.com\/wp-content\/uploads\/2022\/12\/pop-rock-station-zegut-marjorie-hache.jpg?resize=600%2C338&#038;ssl=1\" alt=\"pop rock station zegut marjoie hache\" width=\"600\" height=\"338\" srcset=\"https:\/\/i0.wp.com\/culturesco.com\/wp-content\/uploads\/2022\/12\/pop-rock-station-zegut-marjorie-hache.jpg?w=600&amp;ssl=1 600w, https:\/\/i0.wp.com\/culturesco.com\/wp-content\/uploads\/2022\/12\/pop-rock-station-zegut-marjorie-hache.jpg?resize=300%2C169&amp;ssl=1 300w, https:\/\/i0.wp.com\/culturesco.com\/wp-content\/uploads\/2022\/12\/pop-rock-station-zegut-marjorie-hache.jpg?resize=107%2C60&amp;ssl=1 107w, https:\/\/i0.wp.com\/culturesco.com\/wp-content\/uploads\/2022\/12\/pop-rock-station-zegut-marjorie-hache.jpg?resize=160%2C90&amp;ssl=1 160w\" sizes=\"auto, (max-width: 600px) 100vw, 600px\" \/><\/p>\n<h3 style=\"text-align: justify;\">Salut Marjorie comment tu vas ?<\/h3>\n<p style=\"text-align: justify;\">Hello, pas trop mal. Je n&rsquo;ai pas vu passer ces trois derniers mois.<\/p>\n<h3 style=\"text-align: justify;\">D\u00e9but ao\u00fbt, on apprenait sur les r\u00e9seaux que tu allais tenir Pop Rock Station du lundi au jeudi sur RTL2. Qu&rsquo;elle a \u00e9t\u00e9 ta r\u00e9action lorsque l&rsquo;on t&rsquo;as propos\u00e9 cette place ?<\/h3>\n<p style=\"text-align: justify;\">\u00ab\u00a0Wow no way?! Dream job.\u00a0\u00bb J&rsquo;\u00e9tais super contente. Pr\u00e9senter une \u00e9mission radio r\u00e9guli\u00e8rement, et qui plus est une musicale, me manquait. J&rsquo;\u00e9tais un peu inqui\u00e8te apr\u00e8s le rythme bizarre de ces derni\u00e8res ann\u00e9es o\u00f9, je pense comme beaucoup de personnes, j&rsquo;ai vu pas mal de choses tomber \u00e0 l&rsquo;eau. Je n&rsquo;osais pas trop y croire et du coup j&rsquo;en ai parl\u00e9 \u00e0 tr\u00e8s peu de personnes jusqu&rsquo;\u00e0 l&rsquo;annonce officielle par Tristan Jurgensen.<\/p>\n<h3 style=\"text-align: justify;\">Passer apr\u00e8s Tonton Z\u00e9gut qui a tenu l&rsquo;\u00e9mission pendant 20 ans, ce n&rsquo;est pas rien?<\/h3>\n<p style=\"text-align: justify;\">Bien s\u00fbr. Z\u00e9gut est une figure mythique du rock et de la radio en France. J&rsquo;ai beaucoup d&rsquo;amis pour qui sa pr\u00e9sence sur les ondes a \u00e9t\u00e9 salvatrice question musique. Il a fait beaucoup pour la ou plut\u00f4t les sc\u00e8nes m\u00e9tal en France mais pas que&#8230; Big shoes to fill ! Apr\u00e8s, la tranche du lundi au jeudi \u00e9tait devenue une tranche de flux depuis quelques temps donc je ne suis pas arriv\u00e9e sur une tranche qu&rsquo;il venait de quitter. Le fait qu&rsquo;il fasse une grande messe de Rock&rsquo;n&rsquo;roll le dimanche soir m&rsquo;a aussi rassur\u00e9e.<\/p>\n<h3 style=\"text-align: justify;\">Comment t&rsquo;ont accueilli les fid\u00e8les auditeurs de Tonton Z\u00e9z\u00e9 ? Quelles ont \u00e9t\u00e9 leurs r\u00e9actions en \u00e9coutant tes premi\u00e8res \u00e9missions sur RTL2?<\/h3>\n<p style=\"text-align: justify;\">Vraiment chaleureusement. J&rsquo;avais un peu peur de me prendre des tacles parce que je n&rsquo;\u00e9tais pas <strong>Francis Z\u00e9gut<\/strong> et des commentaires lourds sur mon apparence (Et oui, on ne peut pas tous avoir une aussi belle barbe que Francis) et non sur le contenu musical\u2026 mais que nenni! Les auditeurs d&rsquo;RTL2 et les fid\u00e8les de Pop Rock Station ont \u00e9t\u00e9 super accueillants, curieux, bon esprit surtout au d\u00e9but alors que je cherchais mes marques \u00e0 l&rsquo;antenne et autour de mes playlists d&rsquo;\u00e9missions. \u00c7a m&rsquo;a vraiment fait chaud au c\u0153ur de recevoir des messages de vrais fans de musique.<\/p>\n<h3 style=\"text-align: justify;\">J&rsquo;imagine que tu connais Francis Z\u00e9gut depuis pas mal de temps. Te souviens-tu de ta premi\u00e8re rencontre avec ce grand monsieur de la radio fran\u00e7aise?<\/h3>\n<p style=\"text-align: justify;\">Et bien figure toi qu&rsquo;on ne s&rsquo;est pas encore rencontr\u00e9 en personne !! Lui est sur la French West Coast et moi \u00e0 Paris. Je fais aussi des chroniques chez <strong>Eric Jean-Jean<\/strong> dans le <strong>Drive RTL2<\/strong> et je pr\u00e9sente r\u00e9guli\u00e8rement une \u00e9mission musicale \u00ab\u00a0Encore\u00a0\u00bb pour la cha\u00eene internationale France 24. La rentr\u00e9e 2022 a donc \u00e9t\u00e9 intense. Mais on s&rsquo;\u00e9crit au moins une fois par semaine pour \u00e9changer sur des groupes qu&rsquo;on aime o\u00f9 des choses qu&rsquo;on va faire dans nos \u00e9missions. On va essayer de se rencontrer en personne d\u00e9but 2023. Watch this space.<\/p>\n<h3 style=\"text-align: justify;\">Quel r\u00f4le a-t-il avec toi depuis que tu as rejoint RTL2 ?<\/h3>\n<p style=\"text-align: justify;\">Reposes-moi la question dans un an. Je n&rsquo;ai pas encore assez de recul. En revanche je peux te dire que depuis que j&rsquo;ai commenc\u00e9, il a \u00e9t\u00e9 super cool avec des messages bienveillants et encourageants. Il me laisse ma place pour que je puisse d\u00e9velopper ma version de <strong>Pop Rock Station<\/strong> en semaine. On \u00e9change sur la musique et c&rsquo;est cool parce que fondamentalement, c&rsquo;est elle la star de l&rsquo;\u00e9mission.<\/p>\n<h3 style=\"text-align: justify;\">Tu nous viens de ce magnifique pays qu&rsquo;est l&rsquo;Ecosse. Comment es-tu tomb\u00e9e amoureuse de la musique ?<\/h3>\n<p style=\"text-align: justify;\">Haha tr\u00e8s t\u00f4t. Il parait que je donnais des coups de pieds dans le ventre de ma m\u00e8re en rythme lors d&rsquo;un concours de cornemuse \u00ab\u00a0Young Piper Of The Year\u00a0\u00bb dans les H\u00e9brides Ext\u00e9rieures. Toute petite j&rsquo;\u00e9tais tr\u00e8s fan de <strong>Yellow Submarine<\/strong> (<a href=\"https:\/\/culturesco.com\/index.php\/2020\/11\/20\/the-beatles-de-stan-cuesta\/\">Beatles<\/a>) et Barbara Ann (Beach Boys). Je pensais que c&rsquo;\u00e9tait des comptines pour enfants. Je suis n\u00e9e \u00e0 Edimbourg mais j&rsquo;ai grandi entre la France et l&rsquo;Ecosse. A la maison on avait surtout droit \u00e0 de la musique traditionnelle \u00c9cossaise, du classique et du Jazz. Mais quasiment pas de rock ou musique moderne. J\u2019ai d\u00fb construire ma culture musicale en fl\u00e2nant sur les ondes et en enregistrant pleins de morceaux et en achetant des magazines musicaux.<\/p>\n<p style=\"text-align: justify;\">J&rsquo;ai fait quelques ann\u00e9es de piano et quand on partait en vacances scolaires dans les H\u00e9brides, tous nos voisins \u00e9taient de supers musiciens traditionnels donc il y avait toujours des jam sessions. Mon fr\u00e8re, ma s\u0153ur et moi faisions une semaine de stages de musiques traditionnelles avec les enfants locaux. Les amis que je me suis faite l\u00e0-bas font toujours partie de mes meilleurs. J&rsquo;ai aussi eu des grosses phases de Hip Hop quand j&rsquo;\u00e9tais ado et qui plus est Hip Hop fran\u00e7ais, M\u00e9tal of course et c&rsquo;est en allant vivre et \u00e9tudier \u00e0 Glasgow que j&rsquo;ai d\u00e9couvert mon amour pour l&rsquo;\u00e9lectro et la techno.<\/p>\n<h3 style=\"text-align: justify;\">Quels sont les artistes qui ont chang\u00e9 ta vie ?<\/h3>\n<p style=\"text-align: justify;\">Ha! Les <strong>Spice Girls<\/strong>, elles ont litt\u00e9ralement \u00e9t\u00e9 mon gateway drug\/ drogue de passerelle vers la pop musique et tr\u00e8s vite le rock et le hip hop. Les clips et leurs looks \u00e9taient incroyables sans parler des titres efficaces qui pr\u00f4naient loyaut\u00e9 et sororit\u00e9. M\u00eame si c&rsquo;\u00e9tait une appropriation commerciale du Girl Power des Riot Grrrls ce n&rsquo;\u00e9tait pas une mauvaise chose. Du coup les Spice Girls m&rsquo;ont amen\u00e9e \u00e0 regarder MTV \/ MCM o\u00f9 je guettais leurs clips et \u00e7a m&rsquo;a expos\u00e9 \u00e0 plein de rock en fin de compte: <a href=\"https:\/\/culturesco.com\/index.php\/2022\/06\/23\/garbage-vow\/\" target=\"_blank\" rel=\"noopener\">Garbage<\/a>, <a href=\"https:\/\/culturesco.com\/index.php\/2019\/05\/28\/skunk-anansie-25-ans-decarriere-heavy-rock-metal-fusion-biographie-et-live-report\/\" target=\"_blank\" rel=\"noopener\">Skunk Anansie<\/a>, <strong>les Smashing Pumpkins<\/strong>, <strong>Beck<\/strong>, <a href=\"https:\/\/culturesco.com\/index.php\/2019\/12\/12\/blur-a-charmless-band-parklife-girls-and-boy-country-house-song-2\/\" target=\"_blank\" rel=\"noopener\">Blur<\/a>, <strong>No Doubt<\/strong>, ou encore <strong>Bj\u00f6rk<\/strong> et <strong>NIN<\/strong> dont les clips me retournaient un peu la t\u00eate.<\/p>\n<p style=\"text-align: justify;\">Il y avait aussi plein de choses un peu moins cools. Disons que la p\u00e9riode Nu Metal \u00e9tait sur le point d&rsquo;exploser. Tout n&rsquo;\u00e9tait pas glorieux. A travers MTV, je suis tomb\u00e9e sur le clip \u00ab\u00a0Sabotage\u00a0\u00bb des <strong>Beastie Boys<\/strong> et je me souviens que les poils de mes bras se sont h\u00e9riss\u00e9s. Moment marquant. Apr\u00e8s je cherchais les musiques qui me feraient cet effet. Mais je ne pouvais pas passer ma vie devant la t\u00e9l\u00e9. La radio \u00e9tait une fa\u00e7on plus intime et sinc\u00e8re (on est pas biais\u00e9 par la qualit\u00e9 d&rsquo;un clip) pour avoir de fortes sensations musicales. C&rsquo;est arriv\u00e9 entre autres avec des titres d&rsquo;<strong>Ideal J<\/strong>, <strong>Chemical Brothers<\/strong>, <strong>Eminem<\/strong>, <strong>Nas<\/strong>, <strong>Offspring<\/strong>, <a href=\"https:\/\/culturesco.com\/index.php\/2021\/01\/07\/system-of-a-down-de-toxicity-a-mezmerize-hypnotize\/\" target=\"_blank\" rel=\"noopener\">System Of A Down<\/a> ou le premier album du <strong>113<\/strong>. Puis j&rsquo;ai eu une grosse phase 60&rsquo;s rock et Techno. I know&#8230;<\/p>\n<div class=\"youtube-embed\" data-video_id=\"z5rRZdiu1UE\"><iframe loading=\"lazy\" title=\"Beastie Boys - Sabotage (Official Music Video)\" width=\"696\" height=\"392\" src=\"https:\/\/www.youtube.com\/embed\/z5rRZdiu1UE?start=6\" frameborder=\"0\" allow=\"accelerometer; autoplay; clipboard-write; encrypted-media; gyroscope; picture-in-picture; web-share\" referrerpolicy=\"strict-origin-when-cross-origin\" allowfullscreen><\/iframe><\/div>\n<h3 style=\"text-align: justify;\">Comment es-tu devenue animatrice radio? Quels sont les \u00ab\u00a0grands\u00a0\u00bb animateurs qui t&rsquo;ont donn\u00e9 l&rsquo;envie de te lancer dans cette magnifique aventure?<\/h3>\n<p style=\"text-align: justify;\">J&rsquo;ai voulu faire de la radio vers 13\/14 ans. Les radios libres ont \u00e9t\u00e9 un \u00e9l\u00e9ment d\u00e9clencheur mais tr\u00e8s vite j&rsquo;\u00e9tais fan d&rsquo;\u00e9missions de musique. En France, il y avait Yann Zitouny et Vali (Stereo Press) ou encore M\u00e9lanie Bauer (Ketchup &amp; Marmelade). A l&rsquo;\u00e9poque il n&rsquo;y avait pas de \u00ab Replay \u00bb donc j&rsquo;\u00e9tais vraiment d\u00e9pit\u00e9e lorsque je ratais leurs \u00e9missions mais sinon j&rsquo;\u00e9coutais pleins de radios diff\u00e9rentes et je voulais \u00e9couter le plus de musique possible. Ce n&rsquo;est pas forc\u00e9ment un animateur, mais j&rsquo;admire beaucoup Jean-Patrick Laurent, le programmateur de O\u00dcI FM qui m&rsquo;a beaucoup appris en termes de programmation musicale quand je faisais une \u00e9mission qui s&rsquo;appelait UK Beats.<\/p>\n<p style=\"text-align: justify;\">Mon parcours : J&rsquo;ai fait des stages \u00e0 Londres \u00e0 LBC et au NME quand j&rsquo;\u00e9tais au Lyc\u00e9e. Puis j&rsquo;ai pass\u00e9 plusieurs ann\u00e9es \u00e0 animer des \u00e9missions sur Subcity Radio, une radio associative de la fac de Glasgow o\u00f9 j&rsquo;ai appris \u00e9norm\u00e9ment en parall\u00e8le pendant mes \u00e9tudes d&rsquo;Histoire et Science Politique. J&rsquo;ai fait des stages \u00e0 Xfm et Radio Nova et une \u00e9cole de journalisme avant de devenir une \u00ab\u00a0serious news journalist\u00a0\u00bb avec des passages \u00e0 RFI, France Info, BBC 5 live etc&#8230; Mais au bout de quelques ann\u00e9es. L&rsquo;appel de la musique a \u00e9t\u00e9 plus forte&#8230;<\/p>\n<h3 style=\"text-align: justify;\">Pour toi, quel est le r\u00f4le d&rsquo;un animateur radio? Et comment s&rsquo;\u00e9coute une \u00e9mission radio pour \u00eatre au plus pr\u00e8s de l&rsquo;animateur?<\/h3>\n<p style=\"text-align: justify;\">C&rsquo;est vraiment une relation intimiste. Je pr\u00e9f\u00e8re personnellement \u00e9couter la radio seule ou en silence si je veux \u00e9couter ce que dit l&rsquo;animateur ou l&rsquo;animatrice. J&rsquo;ai envie d&rsquo;entendre quelqu&rsquo;un qui me raconte des choses int\u00e9ressantes et en qui je peux avoir confiance ou qui me fait rire. C&rsquo;est encore mieux si c&rsquo;est les deux. Mais \u00e7a n&rsquo;engage que moi.<\/p>\n<h3 style=\"text-align: justify;\">A l&rsquo;heure o\u00f9 les plateformes de streaming nous offrent des milliers de playlists faites sur mesures pour leurs abonn\u00e9s. Penses-tu que la radio ait encore de beaux jours devant elle?<\/h3>\n<p style=\"text-align: justify;\">Difficile \u00e0 dire. Les playlists ne sont pas vraiment la m\u00eame chose. La radio et le c\u00f4t\u00e9 r\u00e9p\u00e9titif que peuvent avoir certaines playlists sont \u00e0 double tranchant. Dans le temps, il y avait quelque chose d&rsquo;unifiant&#8230; On \u00e9coutait tous une \u00e9mission en m\u00eame temps il y avait un v\u00e9cu commun \u00a0\u00bb Tu as entendu \u00e7a \u00e0 la radio hier soir?\u00a0\u00bb Maintenant c&rsquo;est plus t&rsquo;a vu sur Tik Tok ou tu as vu sur netflix? Je ne sais pas si beaucoup de jeunes \u00e9coutent encore la radio planqu\u00e9s sous la couette comme moi et bien d&rsquo;autres avant le faisait&#8230;.<\/p>\n<p style=\"text-align: justify;\">Mais je pense qu&rsquo;une programmation musicale faite \u00e0 la main comme on essaye de faire avec <a href=\"https:\/\/www.rtl2.fr\/programmes\/poprockstation\" target=\"_blank\" rel=\"noopener\">Pop Rock Station<\/a> sur RTL2 c&rsquo;est autre chose que la playlist d&rsquo;un algorithme aussi ind\u00e9 ou sp\u00e9 soit-elle surtout. Surtout si on l&rsquo;accompagne de petites anecdotes et qu&rsquo;on n&rsquo;oublie pas que la musique est ce qu&rsquo;il y a de plus important. C&rsquo;est certain qu&rsquo;aujourd&rsquo;hui la radio doit s&rsquo;adapter et cr\u00e9er une plus grande offre sp\u00e9cialis\u00e9e en format podcast.<\/p>\n<h3 style=\"text-align: justify;\">Tu \u00e9coutes quoi en ce moment?<\/h3>\n<p style=\"text-align: justify;\">Pleins de choses &#8230; J&rsquo;ai l&rsquo;impression d&rsquo;\u00eatre constamment en retard sur mes \u00e9coutes. J&rsquo;ai tr\u00e8s h\u00e2te que sorte les nouveaux <a href=\"https:\/\/culturesco.com\/index.php\/2022\/05\/24\/iggy-and-the-stooges-definitif\/\" target=\"_blank\" rel=\"noopener\">Iggy Pop<\/a> et <strong>Gaz Coombes<\/strong>. Spoiler: They are both really good.<\/p>\n<div class=\"youtube-embed\" data-video_id=\"GwB2EZS9x9I\"><iframe loading=\"lazy\" title=\"Iggy Pop - Frenzy (Official Audio)\" width=\"696\" height=\"392\" src=\"https:\/\/www.youtube.com\/embed\/GwB2EZS9x9I\" frameborder=\"0\" allow=\"accelerometer; autoplay; clipboard-write; encrypted-media; gyroscope; picture-in-picture; web-share\" referrerpolicy=\"strict-origin-when-cross-origin\" allowfullscreen><\/iframe><\/div>\n<h3 style=\"text-align: justify;\">Quel est ton coup de c\u0153ur du moment ?<\/h3>\n<p style=\"text-align: justify;\">Les nouveaux <strong>Yeah Yeah Yeahs<\/strong>, <strong>Weyes Blood<\/strong>, un jeune Fran\u00e7ais expatri\u00e9 \u00e0 Montreal qui s&rsquo;appel Alias. J&rsquo;ai le nouveau<strong> Lee Fields<\/strong> \u00e0 me mettre sous la dent et je trouve vraiment chouette <strong>Tropical Gothclub<\/strong> le projet de <strong>Dean Fertita<\/strong> (guiatriste <strong>QOTSA<\/strong> , <strong>Raconteurs<\/strong>&#8230;)<\/p>\n<h3 style=\"text-align: justify;\">Comment pr\u00e9f\u00e8res-tu \u00e9couter la musique ? Vinyle, Cd, Streaming &#8230; K7 lol?<\/h3>\n<p style=\"text-align: justify;\">Honn\u00eatement c&rsquo;est le bordel en ce moment. Je suis entre deux appart et je n&rsquo;ai pas encore eu le temps d&rsquo;importer ma biblioth\u00e8que itunes sur mon ordi (\u00e7a fait deux ans que je dois le faire, je n&rsquo;ai vraiment pas d&rsquo;excuses \u00e0 part le fait que je sois technologiquement paresseuse). Mon t\u00e9l\u00e9phone est vieux et mon Ipod est mort (obsolescence programm\u00e9e..,) du coup quand je suis dans les transports j&rsquo;\u00e9coute soit des podcasts soit de la musique via soundcloud\/ bandcamp.<\/p>\n<p style=\"text-align: justify;\">J&rsquo;essaye de ne pas utiliser les plateformes de streaming tant qu&rsquo;elles ne r\u00e9mun\u00e8rent pas correctement les artistes ce qui fait de moi une boomeuse ou une rebelle. Who knows&#8230; J&rsquo;aime \u00e9couter des vinyles et des CDs et j&rsquo;ai toujours toutes mes K7. Franchement je suis ringarde. On dit que les cordonniers sont les plus mal chauss\u00e9s&#8230;<\/p>\n<h3 style=\"text-align: justify;\">Merci Marjorie de nous avoir consacr\u00e9 un peu de ton temps pour cette interview. On se donne rendez-vous dans 20 ans pour une interview bilan?<\/h3>\n<p style=\"text-align: justify;\">Avec plaisir. Merci \u00e0 toi.<\/p>\n<h4 style=\"text-align: justify;\">Et si on partait maintenant sur la <strong>French West Coast<\/strong> \u00e0 la rencontre de<strong> Francis Z\u00e9gut<\/strong> pour nous parler de <strong>Marjorie Hache<\/strong> ?<\/h4>\n<p><img data-recalc-dims=\"1\" loading=\"lazy\" decoding=\"async\" class=\"wp-image-18580 size-full aligncenter\" src=\"https:\/\/i0.wp.com\/culturesco.com\/wp-content\/uploads\/2022\/12\/zegut-e1670431672153.jpg?resize=500%2C346&#038;ssl=1\" alt=\"zegut pop rock station\" width=\"500\" height=\"346\" srcset=\"https:\/\/i0.wp.com\/culturesco.com\/wp-content\/uploads\/2022\/12\/zegut-e1670431672153.jpg?w=500&amp;ssl=1 500w, https:\/\/i0.wp.com\/culturesco.com\/wp-content\/uploads\/2022\/12\/zegut-e1670431672153.jpg?resize=300%2C208&amp;ssl=1 300w, https:\/\/i0.wp.com\/culturesco.com\/wp-content\/uploads\/2022\/12\/zegut-e1670431672153.jpg?resize=218%2C150&amp;ssl=1 218w, https:\/\/i0.wp.com\/culturesco.com\/wp-content\/uploads\/2022\/12\/zegut-e1670431672153.jpg?resize=100%2C70&amp;ssl=1 100w\" sizes=\"auto, (max-width: 500px) 100vw, 500px\" \/><\/p>\n<h3 style=\"text-align: justify;\">Salut Tonton Z\u00e9z\u00e9, comment tu vas ?<\/h3>\n<p style=\"text-align: justify;\">Je vais bien je te remercie.<\/p>\n<h3 style=\"text-align: justify;\">D\u00e9but ao\u00fbt, on apprenait que Marjorie Hache allait tenir Pop Rock Station du lundi au jeudi sur RTL2. Comment ce choix s&rsquo;est dirig\u00e9 vers Marjorie?<\/h3>\n<p style=\"text-align: justify;\">C&rsquo;est avant tout un choix de la direction de RTL2 pour remettre plus de rock dans les soir\u00e9es.<\/p>\n<h3 style=\"text-align: justify;\">Quel est ton r\u00f4le aupr\u00e8s de Marjorie depuis qu&rsquo;elle a rejoint l&rsquo;aventure?<\/h3>\n<p style=\"text-align: justify;\">Je n&rsquo;ai aucun r\u00f4le pr\u00e9cis, je suis heureux qu&rsquo;il y ait plus de musiques \u00e9nerv\u00e9es sur RTL2. Quand j&rsquo;ai \u00e9cout\u00e9 un bon truc je lui envoie un mail, le dernier coup de c\u0153ur c&rsquo;est <strong>Meryl Streek<\/strong>.<\/p>\n<div class=\"youtube-embed\" data-video_id=\"SXJrKhedWag\"><iframe loading=\"lazy\" title=\"Meryl Streek - False Apologies\" width=\"696\" height=\"392\" src=\"https:\/\/www.youtube.com\/embed\/SXJrKhedWag?start=1\" frameborder=\"0\" allow=\"accelerometer; autoplay; clipboard-write; encrypted-media; gyroscope; picture-in-picture; web-share\" referrerpolicy=\"strict-origin-when-cross-origin\" allowfullscreen><\/iframe><\/div>\n<h3 style=\"text-align: justify;\">Elle a su bien \u00e9videmment garder l&rsquo;esprit de l&rsquo;\u00e9mission tout y amenant un vent de fra\u00eecheur avec un petit renouvellement de la programmation. Peut-on dire qu&rsquo;elle a pass\u00e9 et relev\u00e9 le d\u00e9fis avec brio?<\/h3>\n<p style=\"text-align: justify;\">Je la trouve fra\u00eeche, passionn\u00e9e, intelligente de quoi faire un bon bout de chemin, je valide.<\/p>\n<h3 style=\"text-align: justify;\">Finalement, comme tu nous disais il n&rsquo;y a pas si longtemps que \u00e7a sur tes r\u00e9seaux : \u00ab\u00a0La radio, c&rsquo;est une histoire de transmission\u00a0\u00bb?<\/h3>\n<p style=\"text-align: justify;\">De transmission mais aussi d&rsquo;\u00e9change, avec le temps qui passe je rencontre beaucoup d&rsquo;hommes et de femmes qui ont \u00e9cout\u00e9 \u00e0 une \u00e9poque ou une autre, pour un animateur c&rsquo;est la plus belle des r\u00e9compenses.<\/p>\n<p><img data-recalc-dims=\"1\" loading=\"lazy\" decoding=\"async\" class=\"alignnone size-full wp-image-18581\" src=\"https:\/\/i0.wp.com\/culturesco.com\/wp-content\/uploads\/2022\/12\/zegut-rtl2.jpg?resize=640%2C426&#038;ssl=1\" alt=\"Zegut RTL2\" width=\"640\" height=\"426\" srcset=\"https:\/\/i0.wp.com\/culturesco.com\/wp-content\/uploads\/2022\/12\/zegut-rtl2.jpg?w=600&amp;ssl=1 600w, https:\/\/i0.wp.com\/culturesco.com\/wp-content\/uploads\/2022\/12\/zegut-rtl2.jpg?resize=300%2C200&amp;ssl=1 300w, https:\/\/i0.wp.com\/culturesco.com\/wp-content\/uploads\/2022\/12\/zegut-rtl2.jpg?resize=631%2C420&amp;ssl=1 631w, https:\/\/i0.wp.com\/culturesco.com\/wp-content\/uploads\/2022\/12\/zegut-rtl2.jpg?resize=90%2C60&amp;ssl=1 90w, https:\/\/i0.wp.com\/culturesco.com\/wp-content\/uploads\/2022\/12\/zegut-rtl2.jpg?resize=135%2C90&amp;ssl=1 135w\" sizes=\"auto, (max-width: 640px) 100vw, 640px\" \/><\/p>\n<h3 style=\"text-align: justify;\">Merci pour ta participation, on se dit \u00e0 dimanche soir \u00e0 partir de 22H pour la grande messe du rock sur RTL2, mais aussi sur ton byzegut.<\/h3>\n<p><a href=\"https:\/\/byzegut.com\/\" target=\"_blank\" rel=\"noopener\">https:\/\/byzegut.com\/<\/a><\/p>\n<p style=\"text-align: justify;\">Et puisqu&rsquo;on est \u00e0 RTL2, <a href=\"https:\/\/www.rtl2.fr\/programmes\/le-drive-rtl2\" target=\"_blank\" rel=\"noopener\">\u00c9ric Jean-Jean<\/a>, il en pense quoi de <strong>Marjorie Hache<\/strong> ?<\/p>\n<figure id=\"attachment_18582\" aria-describedby=\"caption-attachment-18582\" style=\"width: 272px\" class=\"wp-caption alignleft\"><img data-recalc-dims=\"1\" loading=\"lazy\" decoding=\"async\" class=\"wp-image-18582 size-medium\" src=\"https:\/\/i0.wp.com\/culturesco.com\/wp-content\/uploads\/2022\/12\/eric-jean-jean-marjorie-hache.jpg?resize=272%2C300&#038;ssl=1\" alt=\"Eric Jean jean Marjorie hache rtl2\" width=\"272\" height=\"300\" srcset=\"https:\/\/i0.wp.com\/culturesco.com\/wp-content\/uploads\/2022\/12\/eric-jean-jean-marjorie-hache.jpg?resize=272%2C300&amp;ssl=1 272w, https:\/\/i0.wp.com\/culturesco.com\/wp-content\/uploads\/2022\/12\/eric-jean-jean-marjorie-hache.jpg?resize=568%2C627&amp;ssl=1 568w, https:\/\/i0.wp.com\/culturesco.com\/wp-content\/uploads\/2022\/12\/eric-jean-jean-marjorie-hache.jpg?resize=381%2C420&amp;ssl=1 381w, https:\/\/i0.wp.com\/culturesco.com\/wp-content\/uploads\/2022\/12\/eric-jean-jean-marjorie-hache.jpg?resize=54%2C60&amp;ssl=1 54w, https:\/\/i0.wp.com\/culturesco.com\/wp-content\/uploads\/2022\/12\/eric-jean-jean-marjorie-hache.jpg?resize=82%2C90&amp;ssl=1 82w, https:\/\/i0.wp.com\/culturesco.com\/wp-content\/uploads\/2022\/12\/eric-jean-jean-marjorie-hache.jpg?w=544&amp;ssl=1 544w\" sizes=\"auto, (max-width: 272px) 100vw, 272px\" \/><figcaption id=\"caption-attachment-18582\" class=\"wp-caption-text\">Eric Jean-Jean et Marjorie Hache &#8211; RTL2<\/figcaption><\/figure>\n<h3 style=\"text-align: justify;\">Salut \u00c9ric, Marjorie tient sa rubrique \u00ab\u00a0Le Journal De La Musique\u00a0\u00bb dans le Drive RTL2. Quel effet \u00e7a fait d&rsquo;avoir Marjorie Hache \u00e0 c\u00f4t\u00e9 de soi avec son sourire et sa bonne humeur ?<\/h3>\n<p style=\"text-align: justify;\">Marjorie est une \u00ab\u00a0bonne camarade\u00a0\u00bb. Toujours souriante, arrangeante, elle est aussi cool dans les couloirs de la station qu&rsquo;\u00e0 l&rsquo;antenne. C&rsquo;est important des gens comme elle dans une \u00e9quipe.<\/p>\n<p style=\"text-align: justify;\">Elle est la sp\u00e9cialiste du chocolat et nous en am\u00e8ne tout le temps, j&rsquo;aime ce cot\u00e9 gourmand qui se traduit aussi par ses go\u00fbts en musique.<\/p>\n<p style=\"text-align: justify;\">Ajoutons ce d\u00e9licieux accent et cette immense app\u00e9tence \u00e0 la musique et tu comprendras que je suis tr\u00e8s heureux qu&rsquo;elle ait accept\u00e9 de rejoindre RTL2. D&rsquo;ailleurs, RTL2 est une vraie petite famille qui peut parfois \u00eatre un \u00ab\u00a0gang\u00a0\u00bb. La greffe avec des nouveaux ne fonctionne pas toujours, avec elle, ce fut imm\u00e9diat. A titre personnel, et dans mes mots c&rsquo;est le plus grand des compliments, c&rsquo;est vraiment une fille sympa et \u00ab\u00a0Gentille\u00a0\u00bb. J&rsquo;aime plus que tout cette qualit\u00e9.<\/p>\n<h3 style=\"text-align: justify;\">Elle a aussi une culture musicale incroyable.<\/h3>\n<p style=\"text-align: justify;\">\u00c7a, c&rsquo;est le moins qu&rsquo;on puisse dire. Et c&rsquo;est cool de bavarder avec quelqu&rsquo;un qui situe imm\u00e9diatement <strong>John Paul Jones<\/strong> ou <strong>Allan White<\/strong>. J&rsquo;adore bavarder &lsquo;musique&rsquo; avec elle, parfois un peu trop, nous avons presque parfois des d\u00e9bats \u00e0 l&rsquo;antenne. J&rsquo;admire et respecte beaucoup ses connaissances. C&rsquo;est rassurant de l&rsquo;avoir dans une \u00e9quipe quelqu\u00a0\u00bbun qui maitrise aussi bien son sujet.<\/p>\n<h3 style=\"text-align: justify;\">Comment la trouves-tu dans Pop Rock Station ?<\/h3>\n<p style=\"text-align: justify;\">Fra\u00eeche, intelligente, brillante et cool. Parfaite.<\/p>\n<p><img data-recalc-dims=\"1\" loading=\"lazy\" decoding=\"async\" class=\"aligncenter wp-image-18584 size-full\" src=\"https:\/\/i0.wp.com\/culturesco.com\/wp-content\/uploads\/2022\/12\/eric-jean-jean-marjorie-hache-rtl2.jpg?resize=600%2C579&#038;ssl=1\" alt=\"eric jean jean marjorie hache\" width=\"600\" height=\"579\" srcset=\"https:\/\/i0.wp.com\/culturesco.com\/wp-content\/uploads\/2022\/12\/eric-jean-jean-marjorie-hache-rtl2.jpg?w=600&amp;ssl=1 600w, https:\/\/i0.wp.com\/culturesco.com\/wp-content\/uploads\/2022\/12\/eric-jean-jean-marjorie-hache-rtl2.jpg?resize=300%2C290&amp;ssl=1 300w, https:\/\/i0.wp.com\/culturesco.com\/wp-content\/uploads\/2022\/12\/eric-jean-jean-marjorie-hache-rtl2.jpg?resize=435%2C420&amp;ssl=1 435w, https:\/\/i0.wp.com\/culturesco.com\/wp-content\/uploads\/2022\/12\/eric-jean-jean-marjorie-hache-rtl2.jpg?resize=62%2C60&amp;ssl=1 62w, https:\/\/i0.wp.com\/culturesco.com\/wp-content\/uploads\/2022\/12\/eric-jean-jean-marjorie-hache-rtl2.jpg?resize=93%2C90&amp;ssl=1 93w\" sizes=\"auto, (max-width: 600px) 100vw, 600px\" \/><\/p>\n<p style=\"text-align: justify;\">Merci \u00c9ric de nous avoir consacr\u00e9 un peu de ton temps pour cette petite interview. On te retrouve tous les jours \u00e0 partir de 16H dans Le Drive RTL2. A bient\u00f4t.<\/p>\n<p style=\"text-align: justify;\">Mais que pense aussi <strong>Pierre Janaszak<\/strong>, animateur sur <strong>RSTLSS<\/strong> (et ami de longue date avec Marjorie) sur son arriv\u00e9e dans Pop Rock Station.<\/p>\n<h3><img data-recalc-dims=\"1\" loading=\"lazy\" decoding=\"async\" class=\"size-medium wp-image-18585 alignright\" src=\"https:\/\/i0.wp.com\/culturesco.com\/wp-content\/uploads\/2022\/12\/pierre-janaszak.jpg?resize=300%2C182&#038;ssl=1\" alt=\"pierre janaszak\" width=\"300\" height=\"182\" srcset=\"https:\/\/i0.wp.com\/culturesco.com\/wp-content\/uploads\/2022\/12\/pierre-janaszak.jpg?resize=300%2C182&amp;ssl=1 300w, https:\/\/i0.wp.com\/culturesco.com\/wp-content\/uploads\/2022\/12\/pierre-janaszak.jpg?w=600&amp;ssl=1 600w, https:\/\/i0.wp.com\/culturesco.com\/wp-content\/uploads\/2022\/12\/pierre-janaszak.jpg?resize=99%2C60&amp;ssl=1 99w, https:\/\/i0.wp.com\/culturesco.com\/wp-content\/uploads\/2022\/12\/pierre-janaszak.jpg?resize=149%2C90&amp;ssl=1 149w\" sizes=\"auto, (max-width: 300px) 100vw, 300px\" \/><\/h3>\n<h3 style=\"text-align: justify;\">Salut Pierre, quelle a \u00e9t\u00e9 ta r\u00e9action lorsque tu as appris que Marjorie allait tenir Pop Rock Station sur RTL2?<\/h3>\n<p style=\"text-align: justify;\">Eh bien j&rsquo;ai eu une double \u00e9motion. Tout d&rsquo;abord et \u00e9videmment, j&rsquo;ai \u00e9t\u00e9 tr\u00e8s heureux qu&rsquo;elle acc\u00e8de \u00e0 une grande radio nationale, elle le m\u00e9rite amplement. Marjorie est une personne fonci\u00e8rement gentille, ultra cultiv\u00e9e, \u00e0 l&rsquo;\u00e9coute et surtout, elle est rock! En m\u00eame temps comment ne pas l&rsquo;\u00eatre lorsqu&rsquo;on est li\u00e9e \u00e0 l&rsquo;Ecosse. Tout au long de sa carri\u00e8re, elle a pu croiser, interviewer et sympathiser avec des artistes et des groupes internationaux. Ma deuxi\u00e8me \u00e9motion a \u00e9t\u00e9 de la jalousie, haha, elle va travailler avec celui qui m&rsquo;a berc\u00e9, qui a fait l&rsquo;animateur que je suis aujourd&rsquo;hui, <strong>FRANCIS ZEGUT<\/strong>! \u00c7a fait 2 personnes extraordinaires sur cette \u00e9mission. Pincez moi, je r\u00eave !<\/p>\n<p style=\"text-align: justify;\">Tout ce que je peux vous dire, c&rsquo;est que Marjorie on ne peut que l&rsquo;aimer et que \u00e7a fait du bien d&rsquo;avoir des femmes animatrices qui parlent de rock.<\/p>\n<p><img data-recalc-dims=\"1\" loading=\"lazy\" decoding=\"async\" class=\"alignnone wp-image-18586 size-full\" src=\"https:\/\/i0.wp.com\/culturesco.com\/wp-content\/uploads\/2022\/12\/pierre-janaszak-marjorie-hache.jpg?resize=640%2C534&#038;ssl=1\" alt=\"pierre janaszak et marjorie hache\" width=\"640\" height=\"534\" srcset=\"https:\/\/i0.wp.com\/culturesco.com\/wp-content\/uploads\/2022\/12\/pierre-janaszak-marjorie-hache.jpg?w=600&amp;ssl=1 600w, https:\/\/i0.wp.com\/culturesco.com\/wp-content\/uploads\/2022\/12\/pierre-janaszak-marjorie-hache.jpg?resize=300%2C250&amp;ssl=1 300w, https:\/\/i0.wp.com\/culturesco.com\/wp-content\/uploads\/2022\/12\/pierre-janaszak-marjorie-hache.jpg?resize=503%2C420&amp;ssl=1 503w, https:\/\/i0.wp.com\/culturesco.com\/wp-content\/uploads\/2022\/12\/pierre-janaszak-marjorie-hache.jpg?resize=72%2C60&amp;ssl=1 72w, https:\/\/i0.wp.com\/culturesco.com\/wp-content\/uploads\/2022\/12\/pierre-janaszak-marjorie-hache.jpg?resize=108%2C90&amp;ssl=1 108w\" sizes=\"auto, (max-width: 640px) 100vw, 640px\" \/><\/p>\n<h4 style=\"text-align: justify;\">Retrouvez Pierre \u00e0 partir de 18H sur RSTLSS du lundi au jeudi avec son \u00e9mission Les Nouveaut\u00e9s Rock.<\/h4>\n<p style=\"text-align: justify;\">D\u00e9cid\u00e9ment tout le monde aime Marjorie Hache, et nous aussi d&rsquo;ailleurs.<img data-recalc-dims=\"1\" loading=\"lazy\" decoding=\"async\" class=\"size-medium wp-image-18587 alignright\" src=\"https:\/\/i0.wp.com\/culturesco.com\/wp-content\/uploads\/2022\/12\/marjorie-hache.jpg?resize=261%2C300&#038;ssl=1\" alt=\"marjorie hache rtl2 pop rock station\" width=\"261\" height=\"300\" srcset=\"https:\/\/i0.wp.com\/culturesco.com\/wp-content\/uploads\/2022\/12\/marjorie-hache.jpg?resize=261%2C300&amp;ssl=1 261w, https:\/\/i0.wp.com\/culturesco.com\/wp-content\/uploads\/2022\/12\/marjorie-hache.jpg?resize=545%2C627&amp;ssl=1 545w, https:\/\/i0.wp.com\/culturesco.com\/wp-content\/uploads\/2022\/12\/marjorie-hache.jpg?resize=365%2C420&amp;ssl=1 365w, https:\/\/i0.wp.com\/culturesco.com\/wp-content\/uploads\/2022\/12\/marjorie-hache.jpg?resize=52%2C60&amp;ssl=1 52w, https:\/\/i0.wp.com\/culturesco.com\/wp-content\/uploads\/2022\/12\/marjorie-hache.jpg?resize=78%2C90&amp;ssl=1 78w, https:\/\/i0.wp.com\/culturesco.com\/wp-content\/uploads\/2022\/12\/marjorie-hache.jpg?w=521&amp;ssl=1 521w\" sizes=\"auto, (max-width: 261px) 100vw, 261px\" \/><\/p>\n<p style=\"text-align: justify;\">Rendez-vous de 22H \u00e0 minuit pour <strong>Pop Rock Station<\/strong> avec Marjorie Hache du lundi au jeudi et avec Francis Z\u00e9gut tous les dimanches, m\u00eame endroit m\u00eame heure.<\/p>\n<p>&nbsp;<\/p>\n<p style=\"text-align: justify;\">Merci \u00e0 Marjorie Hache pour cette interview, mais aussi \u00e0 Francis Z\u00e9gut, \u00c9ric Jean-Jean et Pierre Janaszak.<\/p>\n<p style=\"text-align: justify;\">Cr\u00e9dits photos : RTL2, BY Z\u00c9GUT, RSTLSS et Marjorie Hache.<\/p>\n<p style=\"text-align: justify;\"><strong>Gian<\/strong>, d\u00e9cembre 2022.<\/p>\n","protected":false},"excerpt":{"rendered":"<p>\u00ab\u00a0Les auditeurs d&rsquo;RTL2 et les fid\u00e8les de Pop Rock Station ont \u00e9t\u00e9 super accueillants\u00a0\u00bb Arriv\u00e9e le 29 ao\u00fbt sur RTL2, Marjorie Hache remplie toutes les cases du tableau : animation au top, bonne humeur, programmation d&rsquo;enfer et un accent \u00e9cossais dont vos cages \u00e0 miel (comme nous dirait Tonton Z\u00e9gut) vont en tomber amoureuses d\u00e8s [&hellip;]<\/p>\n","protected":false},"author":22,"featured_media":18568,"comment_status":"open","ping_status":"open","sticky":false,"template":"","format":"image","meta":{"jetpack_post_was_ever_published":false,"tdm_status":"","tdm_grid_status":"","_jetpack_newsletter_access":"","_jetpack_dont_email_post_to_subs":false,"_jetpack_newsletter_tier_id":0,"_jetpack_memberships_contains_paywalled_content":false,"_jetpack_memberships_contains_paid_content":false,"footnotes":""},"categories":[17,33,14466,26],"tags":[48,4166],"class_list":{"0":"post-18565","1":"post","2":"type-post","3":"status-publish","4":"format-image","5":"has-post-thumbnail","7":"category-carotte-rock-cultures","8":"category-histoire-du-rock","9":"category-interview","10":"category-radio","11":"tag-personnalite-rock","12":"tag-radio","13":"post_format-post-format-image"},"yoast_head":"<!-- This site is optimized with the Yoast SEO plugin v27.5 - https:\/\/yoast.com\/product\/yoast-seo-wordpress\/ -->\n<title>[Interview] Marjorie Hache :&quot;Les radios libres ont \u00e9t\u00e9 un \u00e9l\u00e9ment d\u00e9clencheur&quot;<\/title>\n<meta name=\"description\" content=\"CulturesCo | Francis ZEGUT, Marjorie Hache, Eric Jean-Jean : interview au c\u0153ur de l&#039;\u00e9quipe Rock d&#039; RTL2 - POP ROCK STATION\" \/>\n<meta name=\"robots\" content=\"index, follow, max-snippet:-1, max-image-preview:large, max-video-preview:-1\" \/>\n<link rel=\"canonical\" href=\"https:\/\/culturesco.com\/index.php\/2022\/12\/07\/marjorie-hache-francis-zegut-eric-jean-jean-interview-rtl2-pop-rock-station\/\" \/>\n<meta property=\"og:locale\" content=\"fr_FR\" \/>\n<meta property=\"og:type\" content=\"article\" \/>\n<meta property=\"og:title\" content=\"[Interview] Marjorie Hache :&quot;Les radios libres ont \u00e9t\u00e9 un \u00e9l\u00e9ment d\u00e9clencheur&quot;\" \/>\n<meta property=\"og:description\" content=\"CulturesCo | Francis ZEGUT, Marjorie Hache, Eric Jean-Jean : interview au c\u0153ur de l&#039;\u00e9quipe Rock d&#039; RTL2 - POP ROCK STATION\" \/>\n<meta property=\"og:url\" content=\"https:\/\/culturesco.com\/index.php\/2022\/12\/07\/marjorie-hache-francis-zegut-eric-jean-jean-interview-rtl2-pop-rock-station\/\" \/>\n<meta property=\"og:site_name\" content=\"Culturesco\" \/>\n<meta property=\"article:publisher\" content=\"https:\/\/www.facebook.com\/radioculturesco\" \/>\n<meta property=\"article:published_time\" content=\"2022-12-07T17:10:12+00:00\" \/>\n<meta property=\"article:modified_time\" content=\"2024-06-09T18:31:20+00:00\" \/>\n<meta property=\"og:image\" content=\"https:\/\/culturesco.com\/wp-content\/uploads\/2022\/12\/pop-rock-station-zegut-marjorie-hache.jpg\" \/>\n\t<meta property=\"og:image:width\" content=\"600\" \/>\n\t<meta property=\"og:image:height\" content=\"338\" \/>\n\t<meta property=\"og:image:type\" content=\"image\/jpeg\" \/>\n<meta name=\"author\" content=\"Gian Alex\" \/>\n<meta name=\"twitter:card\" content=\"summary_large_image\" \/>\n<meta name=\"twitter:creator\" content=\"@AugusteMarshal\" \/>\n<meta name=\"twitter:site\" content=\"@AugusteMarshal\" \/>\n<meta name=\"twitter:label1\" content=\"\u00c9crit par\" \/>\n\t<meta name=\"twitter:data1\" content=\"Gian Alex\" \/>\n\t<meta name=\"twitter:label2\" content=\"Dur\u00e9e de lecture estim\u00e9e\" \/>\n\t<meta name=\"twitter:data2\" content=\"16 minutes\" \/>\n<script type=\"application\/ld+json\" class=\"yoast-schema-graph\">{\"@context\":\"https:\\\/\\\/schema.org\",\"@graph\":[{\"@type\":\"Article\",\"@id\":\"https:\\\/\\\/culturesco.com\\\/index.php\\\/2022\\\/12\\\/07\\\/marjorie-hache-francis-zegut-eric-jean-jean-interview-rtl2-pop-rock-station\\\/#article\",\"isPartOf\":{\"@id\":\"https:\\\/\\\/culturesco.com\\\/index.php\\\/2022\\\/12\\\/07\\\/marjorie-hache-francis-zegut-eric-jean-jean-interview-rtl2-pop-rock-station\\\/\"},\"author\":{\"name\":\"Gian Alex\",\"@id\":\"https:\\\/\\\/culturesco.com\\\/#\\\/schema\\\/person\\\/96a50ce1113da86e8ed4a059222521e7\"},\"headline\":\"[Interview] Marjorie Hache :\u00a0\u00bbLes radios libres ont \u00e9t\u00e9 un \u00e9l\u00e9ment d\u00e9clencheur\u00a0\u00bb\",\"datePublished\":\"2022-12-07T17:10:12+00:00\",\"dateModified\":\"2024-06-09T18:31:20+00:00\",\"mainEntityOfPage\":{\"@id\":\"https:\\\/\\\/culturesco.com\\\/index.php\\\/2022\\\/12\\\/07\\\/marjorie-hache-francis-zegut-eric-jean-jean-interview-rtl2-pop-rock-station\\\/\"},\"wordCount\":3128,\"commentCount\":0,\"publisher\":{\"@id\":\"https:\\\/\\\/culturesco.com\\\/#organization\"},\"image\":{\"@id\":\"https:\\\/\\\/culturesco.com\\\/index.php\\\/2022\\\/12\\\/07\\\/marjorie-hache-francis-zegut-eric-jean-jean-interview-rtl2-pop-rock-station\\\/#primaryimage\"},\"thumbnailUrl\":\"https:\\\/\\\/i0.wp.com\\\/culturesco.com\\\/wp-content\\\/uploads\\\/2022\\\/12\\\/pop-rock-station-zegut-marjorie-hache.jpg?fit=600%2C338&ssl=1\",\"keywords\":[\"Personnalit\u00e9 Rock\",\"radio\"],\"articleSection\":[\"Carotte Rock Cultures\",\"Histoire du rock\",\"Interview\",\"Radio\"],\"inLanguage\":\"fr-FR\",\"potentialAction\":[{\"@type\":\"CommentAction\",\"name\":\"Comment\",\"target\":[\"https:\\\/\\\/culturesco.com\\\/index.php\\\/2022\\\/12\\\/07\\\/marjorie-hache-francis-zegut-eric-jean-jean-interview-rtl2-pop-rock-station\\\/#respond\"]}]},{\"@type\":\"WebPage\",\"@id\":\"https:\\\/\\\/culturesco.com\\\/index.php\\\/2022\\\/12\\\/07\\\/marjorie-hache-francis-zegut-eric-jean-jean-interview-rtl2-pop-rock-station\\\/\",\"url\":\"https:\\\/\\\/culturesco.com\\\/index.php\\\/2022\\\/12\\\/07\\\/marjorie-hache-francis-zegut-eric-jean-jean-interview-rtl2-pop-rock-station\\\/\",\"name\":\"[Interview] Marjorie Hache :\\\"Les radios libres ont \u00e9t\u00e9 un \u00e9l\u00e9ment d\u00e9clencheur\\\"\",\"isPartOf\":{\"@id\":\"https:\\\/\\\/culturesco.com\\\/#website\"},\"primaryImageOfPage\":{\"@id\":\"https:\\\/\\\/culturesco.com\\\/index.php\\\/2022\\\/12\\\/07\\\/marjorie-hache-francis-zegut-eric-jean-jean-interview-rtl2-pop-rock-station\\\/#primaryimage\"},\"image\":{\"@id\":\"https:\\\/\\\/culturesco.com\\\/index.php\\\/2022\\\/12\\\/07\\\/marjorie-hache-francis-zegut-eric-jean-jean-interview-rtl2-pop-rock-station\\\/#primaryimage\"},\"thumbnailUrl\":\"https:\\\/\\\/i0.wp.com\\\/culturesco.com\\\/wp-content\\\/uploads\\\/2022\\\/12\\\/pop-rock-station-zegut-marjorie-hache.jpg?fit=600%2C338&ssl=1\",\"datePublished\":\"2022-12-07T17:10:12+00:00\",\"dateModified\":\"2024-06-09T18:31:20+00:00\",\"description\":\"CulturesCo | Francis ZEGUT, Marjorie Hache, Eric Jean-Jean : interview au c\u0153ur de l'\u00e9quipe Rock d' RTL2 - POP ROCK STATION\",\"breadcrumb\":{\"@id\":\"https:\\\/\\\/culturesco.com\\\/index.php\\\/2022\\\/12\\\/07\\\/marjorie-hache-francis-zegut-eric-jean-jean-interview-rtl2-pop-rock-station\\\/#breadcrumb\"},\"inLanguage\":\"fr-FR\",\"potentialAction\":[{\"@type\":\"ReadAction\",\"target\":[\"https:\\\/\\\/culturesco.com\\\/index.php\\\/2022\\\/12\\\/07\\\/marjorie-hache-francis-zegut-eric-jean-jean-interview-rtl2-pop-rock-station\\\/\"]}]},{\"@type\":\"ImageObject\",\"inLanguage\":\"fr-FR\",\"@id\":\"https:\\\/\\\/culturesco.com\\\/index.php\\\/2022\\\/12\\\/07\\\/marjorie-hache-francis-zegut-eric-jean-jean-interview-rtl2-pop-rock-station\\\/#primaryimage\",\"url\":\"https:\\\/\\\/i0.wp.com\\\/culturesco.com\\\/wp-content\\\/uploads\\\/2022\\\/12\\\/pop-rock-station-zegut-marjorie-hache.jpg?fit=600%2C338&ssl=1\",\"contentUrl\":\"https:\\\/\\\/i0.wp.com\\\/culturesco.com\\\/wp-content\\\/uploads\\\/2022\\\/12\\\/pop-rock-station-zegut-marjorie-hache.jpg?fit=600%2C338&ssl=1\",\"width\":600,\"height\":338,\"caption\":\"pop rock station zegut marjoie hache\"},{\"@type\":\"BreadcrumbList\",\"@id\":\"https:\\\/\\\/culturesco.com\\\/index.php\\\/2022\\\/12\\\/07\\\/marjorie-hache-francis-zegut-eric-jean-jean-interview-rtl2-pop-rock-station\\\/#breadcrumb\",\"itemListElement\":[{\"@type\":\"ListItem\",\"position\":1,\"name\":\"Accueil\",\"item\":\"https:\\\/\\\/culturesco.com\\\/\"},{\"@type\":\"ListItem\",\"position\":2,\"name\":\"[Interview] Marjorie Hache :&#8221;Les radios libres ont \u00e9t\u00e9 un \u00e9l\u00e9ment d\u00e9clencheur&#8221;\"}]},{\"@type\":\"WebSite\",\"@id\":\"https:\\\/\\\/culturesco.com\\\/#website\",\"url\":\"https:\\\/\\\/culturesco.com\\\/\",\"name\":\"Culturesco\",\"description\":\"Culturesco | Un bon coup de pied dans ta Culture\",\"publisher\":{\"@id\":\"https:\\\/\\\/culturesco.com\\\/#organization\"},\"potentialAction\":[{\"@type\":\"SearchAction\",\"target\":{\"@type\":\"EntryPoint\",\"urlTemplate\":\"https:\\\/\\\/culturesco.com\\\/?s={search_term_string}\"},\"query-input\":{\"@type\":\"PropertyValueSpecification\",\"valueRequired\":true,\"valueName\":\"search_term_string\"}}],\"inLanguage\":\"fr-FR\"},{\"@type\":\"Organization\",\"@id\":\"https:\\\/\\\/culturesco.com\\\/#organization\",\"name\":\"CULTURESCO\",\"url\":\"https:\\\/\\\/culturesco.com\\\/\",\"logo\":{\"@type\":\"ImageObject\",\"inLanguage\":\"fr-FR\",\"@id\":\"https:\\\/\\\/culturesco.com\\\/#\\\/schema\\\/logo\\\/image\\\/\",\"url\":\"https:\\\/\\\/i0.wp.com\\\/culturesco.com\\\/wp-content\\\/uploads\\\/2022\\\/04\\\/culturesco-logo-blanc250p.png?fit=250%2C250&ssl=1\",\"contentUrl\":\"https:\\\/\\\/i0.wp.com\\\/culturesco.com\\\/wp-content\\\/uploads\\\/2022\\\/04\\\/culturesco-logo-blanc250p.png?fit=250%2C250&ssl=1\",\"width\":250,\"height\":250,\"caption\":\"CULTURESCO\"},\"image\":{\"@id\":\"https:\\\/\\\/culturesco.com\\\/#\\\/schema\\\/logo\\\/image\\\/\"},\"sameAs\":[\"https:\\\/\\\/www.facebook.com\\\/radioculturesco\",\"https:\\\/\\\/x.com\\\/AugusteMarshal\",\"https:\\\/\\\/www.instagram.com\\\/carotte_rock_culture\\\/\",\"https:\\\/\\\/www.pinterest.fr\\\/augustemarshal\\\/\",\"https:\\\/\\\/www.youtube.com\\\/channel\\\/UCiWLGffqWSXlNnfzp6YwwyQ\"]},{\"@type\":\"Person\",\"@id\":\"https:\\\/\\\/culturesco.com\\\/#\\\/schema\\\/person\\\/96a50ce1113da86e8ed4a059222521e7\",\"name\":\"Gian Alex\",\"image\":{\"@type\":\"ImageObject\",\"inLanguage\":\"fr-FR\",\"@id\":\"https:\\\/\\\/i0.wp.com\\\/culturesco.com\\\/wp-content\\\/uploads\\\/2022\\\/12\\\/Gian-Alex.jpg?fit=96%2C64&ssl=1\",\"url\":\"https:\\\/\\\/i0.wp.com\\\/culturesco.com\\\/wp-content\\\/uploads\\\/2022\\\/12\\\/Gian-Alex.jpg?fit=96%2C64&ssl=1\",\"contentUrl\":\"https:\\\/\\\/i0.wp.com\\\/culturesco.com\\\/wp-content\\\/uploads\\\/2022\\\/12\\\/Gian-Alex.jpg?fit=96%2C64&ssl=1\",\"caption\":\"Gian Alex\"},\"sameAs\":[\"https:\\\/\\\/linktr.ee\\\/gianalex\"],\"url\":\"https:\\\/\\\/culturesco.com\\\/index.php\\\/author\\\/gian-alex\\\/\"}]}<\/script>\n<!-- \/ Yoast SEO plugin. -->","yoast_head_json":{"title":"[Interview] Marjorie Hache :\"Les radios libres ont \u00e9t\u00e9 un \u00e9l\u00e9ment d\u00e9clencheur\"","description":"CulturesCo | Francis ZEGUT, Marjorie Hache, Eric Jean-Jean : interview au c\u0153ur de l'\u00e9quipe Rock d' RTL2 - POP ROCK STATION","robots":{"index":"index","follow":"follow","max-snippet":"max-snippet:-1","max-image-preview":"max-image-preview:large","max-video-preview":"max-video-preview:-1"},"canonical":"https:\/\/culturesco.com\/index.php\/2022\/12\/07\/marjorie-hache-francis-zegut-eric-jean-jean-interview-rtl2-pop-rock-station\/","og_locale":"fr_FR","og_type":"article","og_title":"[Interview] Marjorie Hache :\"Les radios libres ont \u00e9t\u00e9 un \u00e9l\u00e9ment d\u00e9clencheur\"","og_description":"CulturesCo | Francis ZEGUT, Marjorie Hache, Eric Jean-Jean : interview au c\u0153ur de l'\u00e9quipe Rock d' RTL2 - POP ROCK STATION","og_url":"https:\/\/culturesco.com\/index.php\/2022\/12\/07\/marjorie-hache-francis-zegut-eric-jean-jean-interview-rtl2-pop-rock-station\/","og_site_name":"Culturesco","article_publisher":"https:\/\/www.facebook.com\/radioculturesco","article_published_time":"2022-12-07T17:10:12+00:00","article_modified_time":"2024-06-09T18:31:20+00:00","og_image":[{"width":600,"height":338,"url":"https:\/\/culturesco.com\/wp-content\/uploads\/2022\/12\/pop-rock-station-zegut-marjorie-hache.jpg","type":"image\/jpeg"}],"author":"Gian Alex","twitter_card":"summary_large_image","twitter_creator":"@AugusteMarshal","twitter_site":"@AugusteMarshal","twitter_misc":{"\u00c9crit par":"Gian Alex","Dur\u00e9e de lecture estim\u00e9e":"16 minutes"},"schema":{"@context":"https:\/\/schema.org","@graph":[{"@type":"Article","@id":"https:\/\/culturesco.com\/index.php\/2022\/12\/07\/marjorie-hache-francis-zegut-eric-jean-jean-interview-rtl2-pop-rock-station\/#article","isPartOf":{"@id":"https:\/\/culturesco.com\/index.php\/2022\/12\/07\/marjorie-hache-francis-zegut-eric-jean-jean-interview-rtl2-pop-rock-station\/"},"author":{"name":"Gian Alex","@id":"https:\/\/culturesco.com\/#\/schema\/person\/96a50ce1113da86e8ed4a059222521e7"},"headline":"[Interview] Marjorie Hache :\u00a0\u00bbLes radios libres ont \u00e9t\u00e9 un \u00e9l\u00e9ment d\u00e9clencheur\u00a0\u00bb","datePublished":"2022-12-07T17:10:12+00:00","dateModified":"2024-06-09T18:31:20+00:00","mainEntityOfPage":{"@id":"https:\/\/culturesco.com\/index.php\/2022\/12\/07\/marjorie-hache-francis-zegut-eric-jean-jean-interview-rtl2-pop-rock-station\/"},"wordCount":3128,"commentCount":0,"publisher":{"@id":"https:\/\/culturesco.com\/#organization"},"image":{"@id":"https:\/\/culturesco.com\/index.php\/2022\/12\/07\/marjorie-hache-francis-zegut-eric-jean-jean-interview-rtl2-pop-rock-station\/#primaryimage"},"thumbnailUrl":"https:\/\/i0.wp.com\/culturesco.com\/wp-content\/uploads\/2022\/12\/pop-rock-station-zegut-marjorie-hache.jpg?fit=600%2C338&ssl=1","keywords":["Personnalit\u00e9 Rock","radio"],"articleSection":["Carotte Rock Cultures","Histoire du rock","Interview","Radio"],"inLanguage":"fr-FR","potentialAction":[{"@type":"CommentAction","name":"Comment","target":["https:\/\/culturesco.com\/index.php\/2022\/12\/07\/marjorie-hache-francis-zegut-eric-jean-jean-interview-rtl2-pop-rock-station\/#respond"]}]},{"@type":"WebPage","@id":"https:\/\/culturesco.com\/index.php\/2022\/12\/07\/marjorie-hache-francis-zegut-eric-jean-jean-interview-rtl2-pop-rock-station\/","url":"https:\/\/culturesco.com\/index.php\/2022\/12\/07\/marjorie-hache-francis-zegut-eric-jean-jean-interview-rtl2-pop-rock-station\/","name":"[Interview] Marjorie Hache :\"Les radios libres ont \u00e9t\u00e9 un \u00e9l\u00e9ment d\u00e9clencheur\"","isPartOf":{"@id":"https:\/\/culturesco.com\/#website"},"primaryImageOfPage":{"@id":"https:\/\/culturesco.com\/index.php\/2022\/12\/07\/marjorie-hache-francis-zegut-eric-jean-jean-interview-rtl2-pop-rock-station\/#primaryimage"},"image":{"@id":"https:\/\/culturesco.com\/index.php\/2022\/12\/07\/marjorie-hache-francis-zegut-eric-jean-jean-interview-rtl2-pop-rock-station\/#primaryimage"},"thumbnailUrl":"https:\/\/i0.wp.com\/culturesco.com\/wp-content\/uploads\/2022\/12\/pop-rock-station-zegut-marjorie-hache.jpg?fit=600%2C338&ssl=1","datePublished":"2022-12-07T17:10:12+00:00","dateModified":"2024-06-09T18:31:20+00:00","description":"CulturesCo | Francis ZEGUT, Marjorie Hache, Eric Jean-Jean : interview au c\u0153ur de l'\u00e9quipe Rock d' RTL2 - POP ROCK STATION","breadcrumb":{"@id":"https:\/\/culturesco.com\/index.php\/2022\/12\/07\/marjorie-hache-francis-zegut-eric-jean-jean-interview-rtl2-pop-rock-station\/#breadcrumb"},"inLanguage":"fr-FR","potentialAction":[{"@type":"ReadAction","target":["https:\/\/culturesco.com\/index.php\/2022\/12\/07\/marjorie-hache-francis-zegut-eric-jean-jean-interview-rtl2-pop-rock-station\/"]}]},{"@type":"ImageObject","inLanguage":"fr-FR","@id":"https:\/\/culturesco.com\/index.php\/2022\/12\/07\/marjorie-hache-francis-zegut-eric-jean-jean-interview-rtl2-pop-rock-station\/#primaryimage","url":"https:\/\/i0.wp.com\/culturesco.com\/wp-content\/uploads\/2022\/12\/pop-rock-station-zegut-marjorie-hache.jpg?fit=600%2C338&ssl=1","contentUrl":"https:\/\/i0.wp.com\/culturesco.com\/wp-content\/uploads\/2022\/12\/pop-rock-station-zegut-marjorie-hache.jpg?fit=600%2C338&ssl=1","width":600,"height":338,"caption":"pop rock station zegut marjoie hache"},{"@type":"BreadcrumbList","@id":"https:\/\/culturesco.com\/index.php\/2022\/12\/07\/marjorie-hache-francis-zegut-eric-jean-jean-interview-rtl2-pop-rock-station\/#breadcrumb","itemListElement":[{"@type":"ListItem","position":1,"name":"Accueil","item":"https:\/\/culturesco.com\/"},{"@type":"ListItem","position":2,"name":"[Interview] Marjorie Hache :&#8221;Les radios libres ont \u00e9t\u00e9 un \u00e9l\u00e9ment d\u00e9clencheur&#8221;"}]},{"@type":"WebSite","@id":"https:\/\/culturesco.com\/#website","url":"https:\/\/culturesco.com\/","name":"Culturesco","description":"Culturesco | Un bon coup de pied dans ta Culture","publisher":{"@id":"https:\/\/culturesco.com\/#organization"},"potentialAction":[{"@type":"SearchAction","target":{"@type":"EntryPoint","urlTemplate":"https:\/\/culturesco.com\/?s={search_term_string}"},"query-input":{"@type":"PropertyValueSpecification","valueRequired":true,"valueName":"search_term_string"}}],"inLanguage":"fr-FR"},{"@type":"Organization","@id":"https:\/\/culturesco.com\/#organization","name":"CULTURESCO","url":"https:\/\/culturesco.com\/","logo":{"@type":"ImageObject","inLanguage":"fr-FR","@id":"https:\/\/culturesco.com\/#\/schema\/logo\/image\/","url":"https:\/\/i0.wp.com\/culturesco.com\/wp-content\/uploads\/2022\/04\/culturesco-logo-blanc250p.png?fit=250%2C250&ssl=1","contentUrl":"https:\/\/i0.wp.com\/culturesco.com\/wp-content\/uploads\/2022\/04\/culturesco-logo-blanc250p.png?fit=250%2C250&ssl=1","width":250,"height":250,"caption":"CULTURESCO"},"image":{"@id":"https:\/\/culturesco.com\/#\/schema\/logo\/image\/"},"sameAs":["https:\/\/www.facebook.com\/radioculturesco","https:\/\/x.com\/AugusteMarshal","https:\/\/www.instagram.com\/carotte_rock_culture\/","https:\/\/www.pinterest.fr\/augustemarshal\/","https:\/\/www.youtube.com\/channel\/UCiWLGffqWSXlNnfzp6YwwyQ"]},{"@type":"Person","@id":"https:\/\/culturesco.com\/#\/schema\/person\/96a50ce1113da86e8ed4a059222521e7","name":"Gian Alex","image":{"@type":"ImageObject","inLanguage":"fr-FR","@id":"https:\/\/i0.wp.com\/culturesco.com\/wp-content\/uploads\/2022\/12\/Gian-Alex.jpg?fit=96%2C64&ssl=1","url":"https:\/\/i0.wp.com\/culturesco.com\/wp-content\/uploads\/2022\/12\/Gian-Alex.jpg?fit=96%2C64&ssl=1","contentUrl":"https:\/\/i0.wp.com\/culturesco.com\/wp-content\/uploads\/2022\/12\/Gian-Alex.jpg?fit=96%2C64&ssl=1","caption":"Gian Alex"},"sameAs":["https:\/\/linktr.ee\/gianalex"],"url":"https:\/\/culturesco.com\/index.php\/author\/gian-alex\/"}]}},"jetpack_featured_media_url":"https:\/\/i0.wp.com\/culturesco.com\/wp-content\/uploads\/2022\/12\/pop-rock-station-zegut-marjorie-hache.jpg?fit=600%2C338&ssl=1","jetpack_likes_enabled":true,"jetpack_sharing_enabled":true,"jetpack_shortlink":"https:\/\/wp.me\/paz89I-4Pr","_links":{"self":[{"href":"https:\/\/culturesco.com\/index.php\/wp-json\/wp\/v2\/posts\/18565","targetHints":{"allow":["GET"]}}],"collection":[{"href":"https:\/\/culturesco.com\/index.php\/wp-json\/wp\/v2\/posts"}],"about":[{"href":"https:\/\/culturesco.com\/index.php\/wp-json\/wp\/v2\/types\/post"}],"author":[{"embeddable":true,"href":"https:\/\/culturesco.com\/index.php\/wp-json\/wp\/v2\/users\/22"}],"replies":[{"embeddable":true,"href":"https:\/\/culturesco.com\/index.php\/wp-json\/wp\/v2\/comments?post=18565"}],"version-history":[{"count":0,"href":"https:\/\/culturesco.com\/index.php\/wp-json\/wp\/v2\/posts\/18565\/revisions"}],"wp:featuredmedia":[{"embeddable":true,"href":"https:\/\/culturesco.com\/index.php\/wp-json\/wp\/v2\/media\/18568"}],"wp:attachment":[{"href":"https:\/\/culturesco.com\/index.php\/wp-json\/wp\/v2\/media?parent=18565"}],"wp:term":[{"taxonomy":"category","embeddable":true,"href":"https:\/\/culturesco.com\/index.php\/wp-json\/wp\/v2\/categories?post=18565"},{"taxonomy":"post_tag","embeddable":true,"href":"https:\/\/culturesco.com\/index.php\/wp-json\/wp\/v2\/tags?post=18565"}],"curies":[{"name":"wp","href":"https:\/\/api.w.org\/{rel}","templated":true}]}}