{"id":1855,"date":"2018-12-25T12:45:58","date_gmt":"2018-12-25T11:45:58","guid":{"rendered":"https:\/\/culturesco.com\/?p=1855"},"modified":"2018-12-26T10:46:34","modified_gmt":"2018-12-26T09:46:34","slug":"tony-iommi-et-jethro-tull-1968","status":"publish","type":"post","link":"https:\/\/culturesco.com\/index.php\/2018\/12\/25\/tony-iommi-et-jethro-tull-1968\/","title":{"rendered":"Tony Iommi et Jethro Tull (1968)"},"content":{"rendered":"<h2>Mick ABRAHAMS avait d\u00e9j\u00e0 quitt\u00e9 le groupe<\/h2>\n<h3>La future vedette de BLACK SABBATH incognito !<\/h3>\n<p><img data-recalc-dims=\"1\" loading=\"lazy\" decoding=\"async\" class=\"aligncenter size-medium wp-image-1857\" src=\"https:\/\/i0.wp.com\/culturesco.com\/wp-content\/uploads\/2018\/12\/ob_02edaa_sans-titre.png?resize=300%2C270&#038;ssl=1\" alt=\"\" width=\"300\" height=\"270\" \/>Gasp ! Sur la photo, OK&#8230; mais sur certains clips, pas moyen d&rsquo;arriver \u00e0 savoir qui est ce guitariste apathique qui se cache sous le grand chapeau <a href=\"https:\/\/www.youtube.com\/watch?v=uTYXf0R4Ffc\">(cliquer ICI<\/a>). Il ne bouge vraiment pas beaucoup !<\/p>\n<p>Mick ABRAHAMS avait d\u00e9j\u00e0 quitt\u00e9 le groupe, Martin \u00ab\u00a0Lancelot\u00a0\u00bb BARRE n&rsquo;y \u00e9tait pas encore int\u00e9gr\u00e9 (son bapt\u00eame du feu eut lieu le 31 d\u00e9cembre 1968). En toute logique, il doit s&rsquo;agir de Tony IOMMI&#8230; mais comme l&rsquo;interpr\u00e9tation est en playback (\u00e0 part celle du chanteur fl\u00fbtiste Ian ANDERSON) cela peut \u00eatre&#8230; N&rsquo;IMPORTE QUI : IOMMI avait peut-\u00eatre \u00e9t\u00e9 d\u00e9j\u00e0 vir\u00e9 et on demanda \u00e0 un inconnu de mimer le guitariste tout en restant m\u00e9connaissable gr\u00e2ce au chapeau. Pour savoir s&rsquo;il s&rsquo;agit <strong>vraiment <\/strong>de Iommi, demandons \u00e0 nos lecteurs bien \u00e9quip\u00e9s d&rsquo;agrandir les images des deux clips au maximum : Tony Iommi, en effet, avait \u00e9t\u00e9 pr\u00e9c\u00e9demment amput\u00e9 de deux doigts, \u00e7a doit pouvoir se voir. Au <em>Rock&rsquo;n&rsquo;roll circus<\/em>, c&rsquo;est certain qu&rsquo;il s&rsquo;agit de lui puisque, justement, Ian anderson lui avait demand\u00e9 de rester dans le groupe pour cette prestation. Mais l&rsquo;autre clip ?<\/p>\n<p><strong>Un cas bizarre&#8230;<\/strong><\/p>\n<p>Un cas bizarre, en effet, dans l&rsquo;histoire du rock, d&rsquo;un gars qui quitte un groupe pour y revenir quelques mois plus tard. Attention, ce n&rsquo;est pas un cas <strong>unique <\/strong>(voir la clique de Deep Purple) mais c&rsquo;est RARE. Iommi \u00e9tait d\u00e9j\u00e0 avec Black Sabbath \u00e0 une \u00e9poque o\u00f9 le groupe s&rsquo;appelait encore EARTH.<\/p>\n<p>Tony Iommi fit un passage de quelques mois au sein de Jethro Tull en 1968 entre \u00ab\u00a0THIS WAS\u00a0\u00bb, le premier album et \u00ab\u00a0STAND UP\u00a0\u00bb le second album de ce groupe. Le film des Rolling Stones<strong> The Rock and Roll Circus<\/strong>, t\u00e9moigne de ce passage (presque) inaper\u00e7u avant l&rsquo;arriv\u00e9e de Martin Barre qui restera comme le guitariste attitr\u00e9 de Jethro Tull (<a href=\"https:\/\/www.youtube.com\/watch?v=yT8Mk1pZySg\">cliquer ICI<\/a>). Mais, sauf erreur de ma part, il ne semble pas exister de trace enregistr\u00e9e de Iommi au sein du Tull puisque les clips qu&rsquo;on peut voir sur YouTube sont en playback<\/p>\n","protected":false},"excerpt":{"rendered":"<p>Mick ABRAHAMS avait d\u00e9j\u00e0 quitt\u00e9 le groupe La future vedette de BLACK SABBATH incognito ! Gasp ! Sur la photo, OK&#8230; mais sur certains clips, pas moyen d&rsquo;arriver \u00e0 savoir qui est ce guitariste apathique qui se cache sous le grand chapeau (cliquer ICI). Il ne bouge vraiment pas beaucoup ! Mick ABRAHAMS avait d\u00e9j\u00e0 [&hellip;]<\/p>\n","protected":false},"author":2,"featured_media":1857,"comment_status":"open","ping_status":"open","sticky":false,"template":"","format":"image","meta":{"jetpack_post_was_ever_published":false,"tdm_status":"","tdm_grid_status":"","_jetpack_newsletter_access":"","_jetpack_dont_email_post_to_subs":false,"_jetpack_newsletter_tier_id":0,"_jetpack_memberships_contains_paywalled_content":false,"_jetpack_memberships_contains_paid_content":false,"footnotes":""},"categories":[17],"tags":[],"class_list":{"0":"post-1855","1":"post","2":"type-post","3":"status-publish","4":"format-image","5":"has-post-thumbnail","7":"category-carotte-rock-cultures","8":"post_format-post-format-image"},"yoast_head":"<!-- This site is optimized with the Yoast SEO plugin v27.5 - https:\/\/yoast.com\/product\/yoast-seo-wordpress\/ -->\n<title>Tony Iommi et Jethro Tull (1968) - Culturesco<\/title>\n<meta name=\"description\" content=\"CulturesCo | Un bon coup de pied dans ta Culture | Chroniques et histoire du Rock, chanson fran\u00e7aise, litt\u00e9rature, cin\u00e9ma et bande dessin\u00e9e.\" \/>\n<meta name=\"robots\" content=\"index, follow, max-snippet:-1, max-image-preview:large, max-video-preview:-1\" \/>\n<link rel=\"canonical\" href=\"https:\/\/culturesco.com\/index.php\/2018\/12\/25\/tony-iommi-et-jethro-tull-1968\/\" \/>\n<meta property=\"og:locale\" content=\"fr_FR\" \/>\n<meta property=\"og:type\" content=\"article\" \/>\n<meta property=\"og:title\" content=\"Tony Iommi et Jethro Tull (1968) - Culturesco\" \/>\n<meta property=\"og:description\" content=\"CulturesCo | Un bon coup de pied dans ta Culture | Chroniques et histoire du Rock, chanson fran\u00e7aise, litt\u00e9rature, cin\u00e9ma et bande dessin\u00e9e.\" \/>\n<meta property=\"og:url\" content=\"https:\/\/culturesco.com\/index.php\/2018\/12\/25\/tony-iommi-et-jethro-tull-1968\/\" \/>\n<meta property=\"og:site_name\" content=\"Culturesco\" \/>\n<meta property=\"article:publisher\" content=\"https:\/\/www.facebook.com\/radioculturesco\" \/>\n<meta property=\"article:published_time\" content=\"2018-12-25T11:45:58+00:00\" \/>\n<meta property=\"article:modified_time\" content=\"2018-12-26T09:46:34+00:00\" \/>\n<meta property=\"og:image\" content=\"https:\/\/i0.wp.com\/culturesco.com\/wp-content\/uploads\/2018\/12\/ob_02edaa_sans-titre.png?fit=300%2C270&ssl=1\" \/>\n\t<meta property=\"og:image:width\" content=\"300\" \/>\n\t<meta property=\"og:image:height\" content=\"270\" \/>\n\t<meta property=\"og:image:type\" content=\"image\/png\" \/>\n<meta name=\"author\" content=\"Daniel Lesueur\" \/>\n<meta name=\"twitter:card\" content=\"summary_large_image\" \/>\n<meta name=\"twitter:creator\" content=\"@AugusteMarshal\" \/>\n<meta name=\"twitter:site\" content=\"@AugusteMarshal\" \/>\n<meta name=\"twitter:label1\" content=\"\u00c9crit par\" \/>\n\t<meta name=\"twitter:data1\" content=\"Daniel Lesueur\" \/>\n\t<meta name=\"twitter:label2\" content=\"Dur\u00e9e de lecture estim\u00e9e\" \/>\n\t<meta name=\"twitter:data2\" content=\"2 minutes\" \/>\n<script type=\"application\/ld+json\" class=\"yoast-schema-graph\">{\"@context\":\"https:\\\/\\\/schema.org\",\"@graph\":[{\"@type\":\"Article\",\"@id\":\"https:\\\/\\\/culturesco.com\\\/index.php\\\/2018\\\/12\\\/25\\\/tony-iommi-et-jethro-tull-1968\\\/#article\",\"isPartOf\":{\"@id\":\"https:\\\/\\\/culturesco.com\\\/index.php\\\/2018\\\/12\\\/25\\\/tony-iommi-et-jethro-tull-1968\\\/\"},\"author\":{\"name\":\"Daniel Lesueur\",\"@id\":\"https:\\\/\\\/culturesco.com\\\/#\\\/schema\\\/person\\\/716087cb1b01edf85084af2d12096a8f\"},\"headline\":\"Tony Iommi et Jethro Tull (1968)\",\"datePublished\":\"2018-12-25T11:45:58+00:00\",\"dateModified\":\"2018-12-26T09:46:34+00:00\",\"mainEntityOfPage\":{\"@id\":\"https:\\\/\\\/culturesco.com\\\/index.php\\\/2018\\\/12\\\/25\\\/tony-iommi-et-jethro-tull-1968\\\/\"},\"wordCount\":374,\"commentCount\":1,\"publisher\":{\"@id\":\"https:\\\/\\\/culturesco.com\\\/#organization\"},\"image\":{\"@id\":\"https:\\\/\\\/culturesco.com\\\/index.php\\\/2018\\\/12\\\/25\\\/tony-iommi-et-jethro-tull-1968\\\/#primaryimage\"},\"thumbnailUrl\":\"https:\\\/\\\/i0.wp.com\\\/culturesco.com\\\/wp-content\\\/uploads\\\/2018\\\/12\\\/ob_02edaa_sans-titre.png?fit=300%2C270&ssl=1\",\"articleSection\":[\"Carotte Rock Cultures\"],\"inLanguage\":\"fr-FR\",\"potentialAction\":[{\"@type\":\"CommentAction\",\"name\":\"Comment\",\"target\":[\"https:\\\/\\\/culturesco.com\\\/index.php\\\/2018\\\/12\\\/25\\\/tony-iommi-et-jethro-tull-1968\\\/#respond\"]}]},{\"@type\":\"WebPage\",\"@id\":\"https:\\\/\\\/culturesco.com\\\/index.php\\\/2018\\\/12\\\/25\\\/tony-iommi-et-jethro-tull-1968\\\/\",\"url\":\"https:\\\/\\\/culturesco.com\\\/index.php\\\/2018\\\/12\\\/25\\\/tony-iommi-et-jethro-tull-1968\\\/\",\"name\":\"Tony Iommi et Jethro Tull (1968) - Culturesco\",\"isPartOf\":{\"@id\":\"https:\\\/\\\/culturesco.com\\\/#website\"},\"primaryImageOfPage\":{\"@id\":\"https:\\\/\\\/culturesco.com\\\/index.php\\\/2018\\\/12\\\/25\\\/tony-iommi-et-jethro-tull-1968\\\/#primaryimage\"},\"image\":{\"@id\":\"https:\\\/\\\/culturesco.com\\\/index.php\\\/2018\\\/12\\\/25\\\/tony-iommi-et-jethro-tull-1968\\\/#primaryimage\"},\"thumbnailUrl\":\"https:\\\/\\\/i0.wp.com\\\/culturesco.com\\\/wp-content\\\/uploads\\\/2018\\\/12\\\/ob_02edaa_sans-titre.png?fit=300%2C270&ssl=1\",\"datePublished\":\"2018-12-25T11:45:58+00:00\",\"dateModified\":\"2018-12-26T09:46:34+00:00\",\"description\":\"CulturesCo | Un bon coup de pied dans ta Culture | Chroniques et histoire du Rock, chanson fran\u00e7aise, litt\u00e9rature, cin\u00e9ma et bande dessin\u00e9e.\",\"breadcrumb\":{\"@id\":\"https:\\\/\\\/culturesco.com\\\/index.php\\\/2018\\\/12\\\/25\\\/tony-iommi-et-jethro-tull-1968\\\/#breadcrumb\"},\"inLanguage\":\"fr-FR\",\"potentialAction\":[{\"@type\":\"ReadAction\",\"target\":[\"https:\\\/\\\/culturesco.com\\\/index.php\\\/2018\\\/12\\\/25\\\/tony-iommi-et-jethro-tull-1968\\\/\"]}]},{\"@type\":\"ImageObject\",\"inLanguage\":\"fr-FR\",\"@id\":\"https:\\\/\\\/culturesco.com\\\/index.php\\\/2018\\\/12\\\/25\\\/tony-iommi-et-jethro-tull-1968\\\/#primaryimage\",\"url\":\"https:\\\/\\\/i0.wp.com\\\/culturesco.com\\\/wp-content\\\/uploads\\\/2018\\\/12\\\/ob_02edaa_sans-titre.png?fit=300%2C270&ssl=1\",\"contentUrl\":\"https:\\\/\\\/i0.wp.com\\\/culturesco.com\\\/wp-content\\\/uploads\\\/2018\\\/12\\\/ob_02edaa_sans-titre.png?fit=300%2C270&ssl=1\",\"width\":300,\"height\":270},{\"@type\":\"BreadcrumbList\",\"@id\":\"https:\\\/\\\/culturesco.com\\\/index.php\\\/2018\\\/12\\\/25\\\/tony-iommi-et-jethro-tull-1968\\\/#breadcrumb\",\"itemListElement\":[{\"@type\":\"ListItem\",\"position\":1,\"name\":\"Accueil\",\"item\":\"https:\\\/\\\/culturesco.com\\\/\"},{\"@type\":\"ListItem\",\"position\":2,\"name\":\"Tony Iommi et Jethro Tull (1968)\"}]},{\"@type\":\"WebSite\",\"@id\":\"https:\\\/\\\/culturesco.com\\\/#website\",\"url\":\"https:\\\/\\\/culturesco.com\\\/\",\"name\":\"Culturesco\",\"description\":\"Culturesco | Un bon coup de pied dans ta Culture\",\"publisher\":{\"@id\":\"https:\\\/\\\/culturesco.com\\\/#organization\"},\"potentialAction\":[{\"@type\":\"SearchAction\",\"target\":{\"@type\":\"EntryPoint\",\"urlTemplate\":\"https:\\\/\\\/culturesco.com\\\/?s={search_term_string}\"},\"query-input\":{\"@type\":\"PropertyValueSpecification\",\"valueRequired\":true,\"valueName\":\"search_term_string\"}}],\"inLanguage\":\"fr-FR\"},{\"@type\":\"Organization\",\"@id\":\"https:\\\/\\\/culturesco.com\\\/#organization\",\"name\":\"CULTURESCO\",\"url\":\"https:\\\/\\\/culturesco.com\\\/\",\"logo\":{\"@type\":\"ImageObject\",\"inLanguage\":\"fr-FR\",\"@id\":\"https:\\\/\\\/culturesco.com\\\/#\\\/schema\\\/logo\\\/image\\\/\",\"url\":\"https:\\\/\\\/i0.wp.com\\\/culturesco.com\\\/wp-content\\\/uploads\\\/2022\\\/04\\\/culturesco-logo-blanc250p.png?fit=250%2C250&ssl=1\",\"contentUrl\":\"https:\\\/\\\/i0.wp.com\\\/culturesco.com\\\/wp-content\\\/uploads\\\/2022\\\/04\\\/culturesco-logo-blanc250p.png?fit=250%2C250&ssl=1\",\"width\":250,\"height\":250,\"caption\":\"CULTURESCO\"},\"image\":{\"@id\":\"https:\\\/\\\/culturesco.com\\\/#\\\/schema\\\/logo\\\/image\\\/\"},\"sameAs\":[\"https:\\\/\\\/www.facebook.com\\\/radioculturesco\",\"https:\\\/\\\/x.com\\\/AugusteMarshal\",\"https:\\\/\\\/www.instagram.com\\\/carotte_rock_culture\\\/\",\"https:\\\/\\\/www.pinterest.fr\\\/augustemarshal\\\/\",\"https:\\\/\\\/www.youtube.com\\\/channel\\\/UCiWLGffqWSXlNnfzp6YwwyQ\"]},{\"@type\":\"Person\",\"@id\":\"https:\\\/\\\/culturesco.com\\\/#\\\/schema\\\/person\\\/716087cb1b01edf85084af2d12096a8f\",\"name\":\"Daniel Lesueur\",\"image\":{\"@type\":\"ImageObject\",\"inLanguage\":\"fr-FR\",\"@id\":\"https:\\\/\\\/i0.wp.com\\\/culturesco.com\\\/wp-content\\\/uploads\\\/2018\\\/12\\\/lesueur.jpg?fit=96%2C89&ssl=1\",\"url\":\"https:\\\/\\\/i0.wp.com\\\/culturesco.com\\\/wp-content\\\/uploads\\\/2018\\\/12\\\/lesueur.jpg?fit=96%2C89&ssl=1\",\"contentUrl\":\"https:\\\/\\\/i0.wp.com\\\/culturesco.com\\\/wp-content\\\/uploads\\\/2018\\\/12\\\/lesueur.jpg?fit=96%2C89&ssl=1\",\"caption\":\"Daniel Lesueur\"},\"description\":\"\u00c9crivain - Directeur de collection chez Camion Blanc\",\"url\":\"https:\\\/\\\/culturesco.com\\\/index.php\\\/author\\\/daniel-lesueur\\\/\"}]}<\/script>\n<!-- \/ Yoast SEO plugin. -->","yoast_head_json":{"title":"Tony Iommi et Jethro Tull (1968) - Culturesco","description":"CulturesCo | Un bon coup de pied dans ta Culture | Chroniques et histoire du Rock, chanson fran\u00e7aise, litt\u00e9rature, cin\u00e9ma et bande dessin\u00e9e.","robots":{"index":"index","follow":"follow","max-snippet":"max-snippet:-1","max-image-preview":"max-image-preview:large","max-video-preview":"max-video-preview:-1"},"canonical":"https:\/\/culturesco.com\/index.php\/2018\/12\/25\/tony-iommi-et-jethro-tull-1968\/","og_locale":"fr_FR","og_type":"article","og_title":"Tony Iommi et Jethro Tull (1968) - Culturesco","og_description":"CulturesCo | Un bon coup de pied dans ta Culture | Chroniques et histoire du Rock, chanson fran\u00e7aise, litt\u00e9rature, cin\u00e9ma et bande dessin\u00e9e.","og_url":"https:\/\/culturesco.com\/index.php\/2018\/12\/25\/tony-iommi-et-jethro-tull-1968\/","og_site_name":"Culturesco","article_publisher":"https:\/\/www.facebook.com\/radioculturesco","article_published_time":"2018-12-25T11:45:58+00:00","article_modified_time":"2018-12-26T09:46:34+00:00","og_image":[{"width":300,"height":270,"url":"https:\/\/i0.wp.com\/culturesco.com\/wp-content\/uploads\/2018\/12\/ob_02edaa_sans-titre.png?fit=300%2C270&ssl=1","type":"image\/png"}],"author":"Daniel Lesueur","twitter_card":"summary_large_image","twitter_creator":"@AugusteMarshal","twitter_site":"@AugusteMarshal","twitter_misc":{"\u00c9crit par":"Daniel Lesueur","Dur\u00e9e de lecture estim\u00e9e":"2 minutes"},"schema":{"@context":"https:\/\/schema.org","@graph":[{"@type":"Article","@id":"https:\/\/culturesco.com\/index.php\/2018\/12\/25\/tony-iommi-et-jethro-tull-1968\/#article","isPartOf":{"@id":"https:\/\/culturesco.com\/index.php\/2018\/12\/25\/tony-iommi-et-jethro-tull-1968\/"},"author":{"name":"Daniel Lesueur","@id":"https:\/\/culturesco.com\/#\/schema\/person\/716087cb1b01edf85084af2d12096a8f"},"headline":"Tony Iommi et Jethro Tull (1968)","datePublished":"2018-12-25T11:45:58+00:00","dateModified":"2018-12-26T09:46:34+00:00","mainEntityOfPage":{"@id":"https:\/\/culturesco.com\/index.php\/2018\/12\/25\/tony-iommi-et-jethro-tull-1968\/"},"wordCount":374,"commentCount":1,"publisher":{"@id":"https:\/\/culturesco.com\/#organization"},"image":{"@id":"https:\/\/culturesco.com\/index.php\/2018\/12\/25\/tony-iommi-et-jethro-tull-1968\/#primaryimage"},"thumbnailUrl":"https:\/\/i0.wp.com\/culturesco.com\/wp-content\/uploads\/2018\/12\/ob_02edaa_sans-titre.png?fit=300%2C270&ssl=1","articleSection":["Carotte Rock Cultures"],"inLanguage":"fr-FR","potentialAction":[{"@type":"CommentAction","name":"Comment","target":["https:\/\/culturesco.com\/index.php\/2018\/12\/25\/tony-iommi-et-jethro-tull-1968\/#respond"]}]},{"@type":"WebPage","@id":"https:\/\/culturesco.com\/index.php\/2018\/12\/25\/tony-iommi-et-jethro-tull-1968\/","url":"https:\/\/culturesco.com\/index.php\/2018\/12\/25\/tony-iommi-et-jethro-tull-1968\/","name":"Tony Iommi et Jethro Tull (1968) - Culturesco","isPartOf":{"@id":"https:\/\/culturesco.com\/#website"},"primaryImageOfPage":{"@id":"https:\/\/culturesco.com\/index.php\/2018\/12\/25\/tony-iommi-et-jethro-tull-1968\/#primaryimage"},"image":{"@id":"https:\/\/culturesco.com\/index.php\/2018\/12\/25\/tony-iommi-et-jethro-tull-1968\/#primaryimage"},"thumbnailUrl":"https:\/\/i0.wp.com\/culturesco.com\/wp-content\/uploads\/2018\/12\/ob_02edaa_sans-titre.png?fit=300%2C270&ssl=1","datePublished":"2018-12-25T11:45:58+00:00","dateModified":"2018-12-26T09:46:34+00:00","description":"CulturesCo | Un bon coup de pied dans ta Culture | Chroniques et histoire du Rock, chanson fran\u00e7aise, litt\u00e9rature, cin\u00e9ma et bande dessin\u00e9e.","breadcrumb":{"@id":"https:\/\/culturesco.com\/index.php\/2018\/12\/25\/tony-iommi-et-jethro-tull-1968\/#breadcrumb"},"inLanguage":"fr-FR","potentialAction":[{"@type":"ReadAction","target":["https:\/\/culturesco.com\/index.php\/2018\/12\/25\/tony-iommi-et-jethro-tull-1968\/"]}]},{"@type":"ImageObject","inLanguage":"fr-FR","@id":"https:\/\/culturesco.com\/index.php\/2018\/12\/25\/tony-iommi-et-jethro-tull-1968\/#primaryimage","url":"https:\/\/i0.wp.com\/culturesco.com\/wp-content\/uploads\/2018\/12\/ob_02edaa_sans-titre.png?fit=300%2C270&ssl=1","contentUrl":"https:\/\/i0.wp.com\/culturesco.com\/wp-content\/uploads\/2018\/12\/ob_02edaa_sans-titre.png?fit=300%2C270&ssl=1","width":300,"height":270},{"@type":"BreadcrumbList","@id":"https:\/\/culturesco.com\/index.php\/2018\/12\/25\/tony-iommi-et-jethro-tull-1968\/#breadcrumb","itemListElement":[{"@type":"ListItem","position":1,"name":"Accueil","item":"https:\/\/culturesco.com\/"},{"@type":"ListItem","position":2,"name":"Tony Iommi et Jethro Tull (1968)"}]},{"@type":"WebSite","@id":"https:\/\/culturesco.com\/#website","url":"https:\/\/culturesco.com\/","name":"Culturesco","description":"Culturesco | Un bon coup de pied dans ta Culture","publisher":{"@id":"https:\/\/culturesco.com\/#organization"},"potentialAction":[{"@type":"SearchAction","target":{"@type":"EntryPoint","urlTemplate":"https:\/\/culturesco.com\/?s={search_term_string}"},"query-input":{"@type":"PropertyValueSpecification","valueRequired":true,"valueName":"search_term_string"}}],"inLanguage":"fr-FR"},{"@type":"Organization","@id":"https:\/\/culturesco.com\/#organization","name":"CULTURESCO","url":"https:\/\/culturesco.com\/","logo":{"@type":"ImageObject","inLanguage":"fr-FR","@id":"https:\/\/culturesco.com\/#\/schema\/logo\/image\/","url":"https:\/\/i0.wp.com\/culturesco.com\/wp-content\/uploads\/2022\/04\/culturesco-logo-blanc250p.png?fit=250%2C250&ssl=1","contentUrl":"https:\/\/i0.wp.com\/culturesco.com\/wp-content\/uploads\/2022\/04\/culturesco-logo-blanc250p.png?fit=250%2C250&ssl=1","width":250,"height":250,"caption":"CULTURESCO"},"image":{"@id":"https:\/\/culturesco.com\/#\/schema\/logo\/image\/"},"sameAs":["https:\/\/www.facebook.com\/radioculturesco","https:\/\/x.com\/AugusteMarshal","https:\/\/www.instagram.com\/carotte_rock_culture\/","https:\/\/www.pinterest.fr\/augustemarshal\/","https:\/\/www.youtube.com\/channel\/UCiWLGffqWSXlNnfzp6YwwyQ"]},{"@type":"Person","@id":"https:\/\/culturesco.com\/#\/schema\/person\/716087cb1b01edf85084af2d12096a8f","name":"Daniel Lesueur","image":{"@type":"ImageObject","inLanguage":"fr-FR","@id":"https:\/\/i0.wp.com\/culturesco.com\/wp-content\/uploads\/2018\/12\/lesueur.jpg?fit=96%2C89&ssl=1","url":"https:\/\/i0.wp.com\/culturesco.com\/wp-content\/uploads\/2018\/12\/lesueur.jpg?fit=96%2C89&ssl=1","contentUrl":"https:\/\/i0.wp.com\/culturesco.com\/wp-content\/uploads\/2018\/12\/lesueur.jpg?fit=96%2C89&ssl=1","caption":"Daniel Lesueur"},"description":"\u00c9crivain - Directeur de collection chez Camion Blanc","url":"https:\/\/culturesco.com\/index.php\/author\/daniel-lesueur\/"}]}},"jetpack_featured_media_url":"https:\/\/i0.wp.com\/culturesco.com\/wp-content\/uploads\/2018\/12\/ob_02edaa_sans-titre.png?fit=300%2C270&ssl=1","jetpack_likes_enabled":true,"jetpack_sharing_enabled":true,"jetpack_shortlink":"https:\/\/wp.me\/paz89I-tV","_links":{"self":[{"href":"https:\/\/culturesco.com\/index.php\/wp-json\/wp\/v2\/posts\/1855","targetHints":{"allow":["GET"]}}],"collection":[{"href":"https:\/\/culturesco.com\/index.php\/wp-json\/wp\/v2\/posts"}],"about":[{"href":"https:\/\/culturesco.com\/index.php\/wp-json\/wp\/v2\/types\/post"}],"author":[{"embeddable":true,"href":"https:\/\/culturesco.com\/index.php\/wp-json\/wp\/v2\/users\/2"}],"replies":[{"embeddable":true,"href":"https:\/\/culturesco.com\/index.php\/wp-json\/wp\/v2\/comments?post=1855"}],"version-history":[{"count":0,"href":"https:\/\/culturesco.com\/index.php\/wp-json\/wp\/v2\/posts\/1855\/revisions"}],"wp:featuredmedia":[{"embeddable":true,"href":"https:\/\/culturesco.com\/index.php\/wp-json\/wp\/v2\/media\/1857"}],"wp:attachment":[{"href":"https:\/\/culturesco.com\/index.php\/wp-json\/wp\/v2\/media?parent=1855"}],"wp:term":[{"taxonomy":"category","embeddable":true,"href":"https:\/\/culturesco.com\/index.php\/wp-json\/wp\/v2\/categories?post=1855"},{"taxonomy":"post_tag","embeddable":true,"href":"https:\/\/culturesco.com\/index.php\/wp-json\/wp\/v2\/tags?post=1855"}],"curies":[{"name":"wp","href":"https:\/\/api.w.org\/{rel}","templated":true}]}}