{"id":18428,"date":"2022-11-27T03:40:24","date_gmt":"2022-11-27T02:40:24","guid":{"rendered":"https:\/\/culturesco.com\/?p=18428"},"modified":"2022-11-27T13:23:58","modified_gmt":"2022-11-27T12:23:58","slug":"the-cure-wish-30th-anniversary","status":"publish","type":"post","link":"https:\/\/culturesco.com\/index.php\/2022\/11\/27\/the-cure-wish-30th-anniversary\/","title":{"rendered":"The Cure \u2013 Wish (30th Anniversary)"},"content":{"rendered":"<h2 style=\"text-align: justify;\">Un Grand Souhait \u00e0 Red\u00e9couvrir<\/h2>\n<figure id=\"attachment_18429\" aria-describedby=\"caption-attachment-18429\" style=\"width: 300px\" class=\"wp-caption aligncenter\"><img data-recalc-dims=\"1\" loading=\"lazy\" decoding=\"async\" class=\"size-medium wp-image-18429\" src=\"https:\/\/i0.wp.com\/culturesco.com\/wp-content\/uploads\/2022\/11\/The-Cure.jpeg?resize=300%2C270&#038;ssl=1\" alt=\"The Cure - Wish (30th Anniversary)\" width=\"300\" height=\"270\" srcset=\"https:\/\/i0.wp.com\/culturesco.com\/wp-content\/uploads\/2022\/11\/The-Cure.jpeg?resize=300%2C270&amp;ssl=1 300w, https:\/\/i0.wp.com\/culturesco.com\/wp-content\/uploads\/2022\/11\/The-Cure.jpeg?resize=697%2C627&amp;ssl=1 697w, https:\/\/i0.wp.com\/culturesco.com\/wp-content\/uploads\/2022\/11\/The-Cure.jpeg?resize=768%2C691&amp;ssl=1 768w, https:\/\/i0.wp.com\/culturesco.com\/wp-content\/uploads\/2022\/11\/The-Cure.jpeg?resize=1536%2C1382&amp;ssl=1 1536w, https:\/\/i0.wp.com\/culturesco.com\/wp-content\/uploads\/2022\/11\/The-Cure.jpeg?resize=696%2C626&amp;ssl=1 696w, https:\/\/i0.wp.com\/culturesco.com\/wp-content\/uploads\/2022\/11\/The-Cure.jpeg?resize=1068%2C961&amp;ssl=1 1068w, https:\/\/i0.wp.com\/culturesco.com\/wp-content\/uploads\/2022\/11\/The-Cure.jpeg?resize=467%2C420&amp;ssl=1 467w, https:\/\/i0.wp.com\/culturesco.com\/wp-content\/uploads\/2022\/11\/The-Cure.jpeg?w=600&amp;ssl=1 600w, https:\/\/i0.wp.com\/culturesco.com\/wp-content\/uploads\/2022\/11\/The-Cure.jpeg?resize=67%2C60&amp;ssl=1 67w, https:\/\/i0.wp.com\/culturesco.com\/wp-content\/uploads\/2022\/11\/The-Cure.jpeg?resize=100%2C90&amp;ssl=1 100w\" sizes=\"auto, (max-width: 300px) 100vw, 300px\" \/><figcaption id=\"caption-attachment-18429\" class=\"wp-caption-text\">The Cure &#8211; Wish (30th Anniversary)<\/figcaption><\/figure>\n<h3 style=\"text-align: justify;\">Des Guitares Puissantes<\/h3>\n<p style=\"text-align: justify;\">Il y a trente ans, eh oui d\u00e9j\u00e0\u00a0!, sortait <i><strong>Wish<\/strong>,<\/i> la suite programm\u00e9e de l&rsquo;immense<a href=\"https:\/\/culturesco.com\/index.php\/2019\/06\/04\/the-cure-concert-des-30-ans-de-l-album-disintegration-en-streaming-jeudi-30-mai-2019\/\" target=\"_blank\" rel=\"noopener\"><strong> <i>Disintegration<\/i><\/strong><\/a>. Et justement la question est : comment aller plus loin\u00a0?<\/p>\n<p style=\"text-align: justify;\">La r\u00e9ponse judicieuse consiste \u00e0 se diriger diff\u00e9remment tout en conservant ce qui fait qu&rsquo;on aime <strong>The Cure<\/strong>, \u00e0 savoir une alternance de titres tr\u00e8s (trop?) pop, et d&rsquo;autres plus graves, tristes, noirs.<\/p>\n<p style=\"text-align: justify;\"><strong>Entre 1988 et 1992<\/strong>, en gros, une nouvelle d\u00e9ferlante arrive d&rsquo;<strong>Outre-Manche<\/strong> qu&rsquo;on appelle le <strong>shoegaze<\/strong>, \u00e9ventuellement, <strong>la noisy pop<\/strong>. Les groupes s&rsquo;appellent <a href=\"https:\/\/culturesco.com\/index.php\/2022\/01\/23\/the-jesus-and-mary-chain-lalbum-darklands\/\" target=\"_blank\" rel=\"noopener\"><strong>Jesus and Mary Chain<\/strong><\/a>, <strong>My Bloody Valentine<\/strong>,<strong> Ride<\/strong>, entre autres. Le jeu consiste \u00e0 mettre les amplis \u00e0 fond, \u00e0 regarder ses pompes pour changer souvent le sons des guitares plaqu\u00e9 sur des rampes d&rsquo;arrangements.<\/p>\n<h3><em>The Cure &#8211; Open (Live, Wish Tour 1992)<\/em><\/h3>\n<div class=\"youtube-embed\" data-video_id=\"KKUzrYwB3To\"><iframe loading=\"lazy\" title=\"The Cure - Open - Live Wish Tour 1992 (2018 Unofficial Remaster)\" width=\"696\" height=\"392\" src=\"https:\/\/www.youtube.com\/embed\/KKUzrYwB3To\" frameborder=\"0\" allow=\"accelerometer; autoplay; clipboard-write; encrypted-media; gyroscope; picture-in-picture; web-share\" referrerpolicy=\"strict-origin-when-cross-origin\" allowfullscreen><\/iframe><\/div>\n<p style=\"text-align: justify;\"><strong>Robert Smith<\/strong> qui aime \u00e9couter ce qui se trame musicalement trouve l&rsquo;id\u00e9e int\u00e9ressante d&rsquo;autant que ces groupes se revendiquent de son rem\u00e8de imparable. Ni une, ni deux, il doit se dire qu&rsquo;on va leur montrer aux gamins qu&rsquo;on peut le faire aussi. Hop\u00a0! toute la troupe est embarqu\u00e9e vers un nouveau souhait plein de ressources. Les guitares sont d\u00e9brid\u00e9es, la basses ronronne comme un tigre affam\u00e9 et la batterie n&rsquo;en peut plus de rouler les m\u00e9caniques. Seul, l&rsquo;accompagnement des synth\u00e9s se fait plus discret. Logique.<\/p>\n<h3><em>The Cure &#8211; From the Edge of the Deep Green Sea (Live, Detroit, 1992)<\/em><\/h3>\n<div class=\"youtube-embed\" data-video_id=\"erz1EKxO82Y\"><iframe loading=\"lazy\" title=\"The Cure - From the Edge of the Deep Green Sea (Detroit 1992)\" width=\"696\" height=\"522\" src=\"https:\/\/www.youtube.com\/embed\/erz1EKxO82Y\" frameborder=\"0\" allow=\"accelerometer; autoplay; clipboard-write; encrypted-media; gyroscope; picture-in-picture; web-share\" referrerpolicy=\"strict-origin-when-cross-origin\" allowfullscreen><\/iframe><\/div>\n<p style=\"text-align: justify;\"><strong>Trente ans plus tard<\/strong>, il fallait bien arroser \u00e7a et sortir, comme <strong>The Cure<\/strong> le fait r\u00e9guli\u00e8rement, une nouvelle \u00e9dition accompagn\u00e9e de <strong>deux opus suppl\u00e9mentaire<\/strong>s, de la m\u00eame p\u00e9riode naturellement, avec<strong> d\u00e9mos<\/strong>, <strong>in\u00e9dits<\/strong> ou <strong>raret\u00e9s<\/strong> et <strong>remasterisa<\/strong>tion de l&rsquo;original. Et sinc\u00e8rement, elle vaut le coup. Le plaisir de red\u00e9couvrir <strong>\u00ab\u00a0Open\u00a0\u00bb<\/strong>, <strong>\u00ab\u00a0Apart\u00a0\u00bb<\/strong>, <strong>\u00ab\u00a0From the Edge of the Deep Green Sea\u00a0\u00bb<\/strong>, <strong>\u00ab\u00a0Trust\u00a0\u00bb<\/strong>,<strong> \u00ab A Letter To Elise\u00a0\u00bb<\/strong> ou <strong>\u00ab\u00a0End\u00a0\u00bb<\/strong>, plus clairs, plus directs, plus francs est un v\u00e9ritable bonheur (ce qui ne veut pas dire que l&rsquo;original \u00e9tait un brouillon, juste qu&rsquo;il correspondait au son rock de la p\u00e9riode).<\/p>\n<h3><em>The Cure &#8211; A Letter to Elise (Live, 1991 Rare)<\/em><\/h3>\n<div class=\"youtube-embed\" data-video_id=\"twES3RtAsV4\"><iframe loading=\"lazy\" title=\"The Cure - A Letter To Elise - Live (Rare 1991)\" width=\"696\" height=\"522\" src=\"https:\/\/www.youtube.com\/embed\/twES3RtAsV4\" frameborder=\"0\" allow=\"accelerometer; autoplay; clipboard-write; encrypted-media; gyroscope; picture-in-picture; web-share\" referrerpolicy=\"strict-origin-when-cross-origin\" allowfullscreen><\/iframe><\/div>\n<p style=\"text-align: justify;\"><strong>Le deuxi\u00e8me cd<\/strong> correspond a <strong>des raret\u00e9s<\/strong>, <strong>des faces b<\/strong>, <strong>des instrumentaux<\/strong> d&rsquo;une beaut\u00e9 sid\u00e9rante. Pas la peine d&rsquo;en dire davantage, il suffit de mettre les \u00e9couteurs et de se laisser bercer par diff\u00e9rentes versions plus calmes mais tellement envo\u00fbtantes.<\/p>\n<p style=\"text-align: justify;\"><strong>Le troisi\u00e8me cd<\/strong> nous embarque carr\u00e9ment vers <strong>certains in\u00e9dits (ou presque)<\/strong>, <strong>des versions \u00e9tonnantes<\/strong> pour s&rsquo;achever par un hom\u00e9rique <strong>\u00ab\u00a0End\u00a0\u00bb<\/strong> tir\u00e9 du concert au Z\u00e9nith parisien de la tourn\u00e9e qui suivit, issu des chutes du live <strong>\u00ab\u00a0<a href=\"https:\/\/fr.wikipedia.org\/wiki\/Paris_(album_de_The_Cure)\" target=\"_blank\" rel=\"noopener\">Paris\u00a0<\/a>\u00bb<\/strong> encore grav\u00e9 dans toutes les m\u00e9moires.<\/p>\n<h3><em>The Cure &#8211; End (Live, 1992)<\/em><\/h3>\n<div class=\"youtube-embed\" data-video_id=\"TOZhtynjrTc\"><iframe loading=\"lazy\" title=\"The Cure - end live\" width=\"696\" height=\"522\" src=\"https:\/\/www.youtube.com\/embed\/TOZhtynjrTc\" frameborder=\"0\" allow=\"accelerometer; autoplay; clipboard-write; encrypted-media; gyroscope; picture-in-picture; web-share\" referrerpolicy=\"strict-origin-when-cross-origin\" allowfullscreen><\/iframe><\/div>\n<p style=\"text-align: justify;\">Bref, sortez vingt euros de votre porte-monnaie et vous avez votre <strong>cadeau de No\u00ebl<\/strong> tout pr\u00e9par\u00e9.<\/p>\n<p style=\"text-align: justify;\"><strong>The Cure \u2013 Wish\u00a0<\/strong><strong>(30<sup>th<\/sup> Anniversary) \u2013 3 CD<\/strong><\/p>\n<p style=\"text-align: justify;\">Fiction Records<\/p>\n<p style=\"text-align: justify;\"><strong>Patrick B\u00e9nard<\/strong><\/p>\n","protected":false},"excerpt":{"rendered":"<p>Un Grand Souhait \u00e0 Red\u00e9couvrir Des Guitares Puissantes Il y a trente ans, eh oui d\u00e9j\u00e0\u00a0!, sortait Wish, la suite programm\u00e9e de l&rsquo;immense Disintegration. Et justement la question est : comment aller plus loin\u00a0? La r\u00e9ponse judicieuse consiste \u00e0 se diriger diff\u00e9remment tout en conservant ce qui fait qu&rsquo;on aime The Cure, \u00e0 savoir une [&hellip;]<\/p>\n","protected":false},"author":4,"featured_media":18429,"comment_status":"open","ping_status":"open","sticky":false,"template":"","format":"image","meta":{"jetpack_post_was_ever_published":false,"tdm_status":"","tdm_grid_status":"","_jetpack_newsletter_access":"","_jetpack_dont_email_post_to_subs":false,"_jetpack_newsletter_tier_id":0,"_jetpack_memberships_contains_paywalled_content":false,"_jetpack_memberships_contains_paid_content":false,"footnotes":""},"categories":[17],"tags":[37,12189,67,38,52,12188,48,82],"class_list":{"0":"post-18428","1":"post","2":"type-post","3":"status-publish","4":"format-image","5":"has-post-thumbnail","7":"category-carotte-rock-cultures","8":"tag-album-rock","9":"tag-albums-essentiels","10":"tag-anecdotes-rock","11":"tag-classic-rock","12":"tag-groupe-rock-actuel","13":"tag-new-wave","14":"tag-personnalite-rock","15":"tag-the-cure","16":"post_format-post-format-image"},"yoast_head":"<!-- This site is optimized with the Yoast SEO plugin v27.5 - https:\/\/yoast.com\/product\/yoast-seo-wordpress\/ -->\n<title>The Cure \u2013 Wish (30th Anniversary) - Culturesco<\/title>\n<meta name=\"description\" content=\"CulturesCo | The Cure WISH 30th ieme anniversaire. Nouvelle \u00e9dition accompagn\u00e9e de deux disques suppl\u00e9mentaires\" \/>\n<meta name=\"robots\" content=\"index, follow, max-snippet:-1, max-image-preview:large, max-video-preview:-1\" \/>\n<link rel=\"canonical\" href=\"https:\/\/culturesco.com\/index.php\/2022\/11\/27\/the-cure-wish-30th-anniversary\/\" \/>\n<meta property=\"og:locale\" content=\"fr_FR\" \/>\n<meta property=\"og:type\" content=\"article\" \/>\n<meta property=\"og:title\" content=\"The Cure \u2013 Wish (30th Anniversary) - Culturesco\" \/>\n<meta property=\"og:description\" content=\"CulturesCo | The Cure WISH 30th ieme anniversaire. Nouvelle \u00e9dition accompagn\u00e9e de deux disques suppl\u00e9mentaires\" \/>\n<meta property=\"og:url\" content=\"https:\/\/culturesco.com\/index.php\/2022\/11\/27\/the-cure-wish-30th-anniversary\/\" \/>\n<meta property=\"og:site_name\" content=\"Culturesco\" \/>\n<meta property=\"article:publisher\" content=\"https:\/\/www.facebook.com\/radioculturesco\" \/>\n<meta property=\"article:published_time\" content=\"2022-11-27T02:40:24+00:00\" \/>\n<meta property=\"article:modified_time\" content=\"2022-11-27T12:23:58+00:00\" \/>\n<meta property=\"og:image\" content=\"https:\/\/culturesco.com\/wp-content\/uploads\/2022\/11\/The-Cure.jpeg\" \/>\n\t<meta property=\"og:image:width\" content=\"600\" \/>\n\t<meta property=\"og:image:height\" content=\"540\" \/>\n\t<meta property=\"og:image:type\" content=\"image\/jpeg\" \/>\n<meta name=\"author\" content=\"Patrick Benard\" \/>\n<meta name=\"twitter:card\" content=\"summary_large_image\" \/>\n<meta name=\"twitter:creator\" content=\"@AugusteMarshal\" \/>\n<meta name=\"twitter:site\" content=\"@AugusteMarshal\" \/>\n<meta name=\"twitter:label1\" content=\"\u00c9crit par\" \/>\n\t<meta name=\"twitter:data1\" content=\"Patrick Benard\" \/>\n\t<meta name=\"twitter:label2\" content=\"Dur\u00e9e de lecture estim\u00e9e\" \/>\n\t<meta name=\"twitter:data2\" content=\"3 minutes\" \/>\n<script type=\"application\/ld+json\" class=\"yoast-schema-graph\">{\"@context\":\"https:\\\/\\\/schema.org\",\"@graph\":[{\"@type\":\"Article\",\"@id\":\"https:\\\/\\\/culturesco.com\\\/index.php\\\/2022\\\/11\\\/27\\\/the-cure-wish-30th-anniversary\\\/#article\",\"isPartOf\":{\"@id\":\"https:\\\/\\\/culturesco.com\\\/index.php\\\/2022\\\/11\\\/27\\\/the-cure-wish-30th-anniversary\\\/\"},\"author\":{\"name\":\"Patrick Benard\",\"@id\":\"https:\\\/\\\/culturesco.com\\\/#\\\/schema\\\/person\\\/c2ddd6724863f3bbd20a8278df0891f3\"},\"headline\":\"The Cure \u2013 Wish (30th Anniversary)\",\"datePublished\":\"2022-11-27T02:40:24+00:00\",\"dateModified\":\"2022-11-27T12:23:58+00:00\",\"mainEntityOfPage\":{\"@id\":\"https:\\\/\\\/culturesco.com\\\/index.php\\\/2022\\\/11\\\/27\\\/the-cure-wish-30th-anniversary\\\/\"},\"wordCount\":551,\"commentCount\":0,\"publisher\":{\"@id\":\"https:\\\/\\\/culturesco.com\\\/#organization\"},\"image\":{\"@id\":\"https:\\\/\\\/culturesco.com\\\/index.php\\\/2022\\\/11\\\/27\\\/the-cure-wish-30th-anniversary\\\/#primaryimage\"},\"thumbnailUrl\":\"https:\\\/\\\/i0.wp.com\\\/culturesco.com\\\/wp-content\\\/uploads\\\/2022\\\/11\\\/The-Cure.jpeg?fit=600%2C540&ssl=1\",\"keywords\":[\"album rock\",\"Albums essentiels\",\"Anecdotes Rock\",\"classic rock\",\"groupe rock actuel\",\"New Wave\",\"Personnalit\u00e9 Rock\",\"The Cure\"],\"articleSection\":[\"Carotte Rock Cultures\"],\"inLanguage\":\"fr-FR\",\"potentialAction\":[{\"@type\":\"CommentAction\",\"name\":\"Comment\",\"target\":[\"https:\\\/\\\/culturesco.com\\\/index.php\\\/2022\\\/11\\\/27\\\/the-cure-wish-30th-anniversary\\\/#respond\"]}]},{\"@type\":\"WebPage\",\"@id\":\"https:\\\/\\\/culturesco.com\\\/index.php\\\/2022\\\/11\\\/27\\\/the-cure-wish-30th-anniversary\\\/\",\"url\":\"https:\\\/\\\/culturesco.com\\\/index.php\\\/2022\\\/11\\\/27\\\/the-cure-wish-30th-anniversary\\\/\",\"name\":\"The Cure \u2013 Wish (30th Anniversary) - Culturesco\",\"isPartOf\":{\"@id\":\"https:\\\/\\\/culturesco.com\\\/#website\"},\"primaryImageOfPage\":{\"@id\":\"https:\\\/\\\/culturesco.com\\\/index.php\\\/2022\\\/11\\\/27\\\/the-cure-wish-30th-anniversary\\\/#primaryimage\"},\"image\":{\"@id\":\"https:\\\/\\\/culturesco.com\\\/index.php\\\/2022\\\/11\\\/27\\\/the-cure-wish-30th-anniversary\\\/#primaryimage\"},\"thumbnailUrl\":\"https:\\\/\\\/i0.wp.com\\\/culturesco.com\\\/wp-content\\\/uploads\\\/2022\\\/11\\\/The-Cure.jpeg?fit=600%2C540&ssl=1\",\"datePublished\":\"2022-11-27T02:40:24+00:00\",\"dateModified\":\"2022-11-27T12:23:58+00:00\",\"description\":\"CulturesCo | The Cure WISH 30th ieme anniversaire. Nouvelle \u00e9dition accompagn\u00e9e de deux disques suppl\u00e9mentaires\",\"breadcrumb\":{\"@id\":\"https:\\\/\\\/culturesco.com\\\/index.php\\\/2022\\\/11\\\/27\\\/the-cure-wish-30th-anniversary\\\/#breadcrumb\"},\"inLanguage\":\"fr-FR\",\"potentialAction\":[{\"@type\":\"ReadAction\",\"target\":[\"https:\\\/\\\/culturesco.com\\\/index.php\\\/2022\\\/11\\\/27\\\/the-cure-wish-30th-anniversary\\\/\"]}]},{\"@type\":\"ImageObject\",\"inLanguage\":\"fr-FR\",\"@id\":\"https:\\\/\\\/culturesco.com\\\/index.php\\\/2022\\\/11\\\/27\\\/the-cure-wish-30th-anniversary\\\/#primaryimage\",\"url\":\"https:\\\/\\\/i0.wp.com\\\/culturesco.com\\\/wp-content\\\/uploads\\\/2022\\\/11\\\/The-Cure.jpeg?fit=600%2C540&ssl=1\",\"contentUrl\":\"https:\\\/\\\/i0.wp.com\\\/culturesco.com\\\/wp-content\\\/uploads\\\/2022\\\/11\\\/The-Cure.jpeg?fit=600%2C540&ssl=1\",\"width\":600,\"height\":540,\"caption\":\"The Cure - Wish (30th Anniversary)\"},{\"@type\":\"BreadcrumbList\",\"@id\":\"https:\\\/\\\/culturesco.com\\\/index.php\\\/2022\\\/11\\\/27\\\/the-cure-wish-30th-anniversary\\\/#breadcrumb\",\"itemListElement\":[{\"@type\":\"ListItem\",\"position\":1,\"name\":\"Accueil\",\"item\":\"https:\\\/\\\/culturesco.com\\\/\"},{\"@type\":\"ListItem\",\"position\":2,\"name\":\"The Cure \u2013 Wish (30th Anniversary)\"}]},{\"@type\":\"WebSite\",\"@id\":\"https:\\\/\\\/culturesco.com\\\/#website\",\"url\":\"https:\\\/\\\/culturesco.com\\\/\",\"name\":\"Culturesco\",\"description\":\"Culturesco | Un bon coup de pied dans ta Culture\",\"publisher\":{\"@id\":\"https:\\\/\\\/culturesco.com\\\/#organization\"},\"potentialAction\":[{\"@type\":\"SearchAction\",\"target\":{\"@type\":\"EntryPoint\",\"urlTemplate\":\"https:\\\/\\\/culturesco.com\\\/?s={search_term_string}\"},\"query-input\":{\"@type\":\"PropertyValueSpecification\",\"valueRequired\":true,\"valueName\":\"search_term_string\"}}],\"inLanguage\":\"fr-FR\"},{\"@type\":\"Organization\",\"@id\":\"https:\\\/\\\/culturesco.com\\\/#organization\",\"name\":\"CULTURESCO\",\"url\":\"https:\\\/\\\/culturesco.com\\\/\",\"logo\":{\"@type\":\"ImageObject\",\"inLanguage\":\"fr-FR\",\"@id\":\"https:\\\/\\\/culturesco.com\\\/#\\\/schema\\\/logo\\\/image\\\/\",\"url\":\"https:\\\/\\\/i0.wp.com\\\/culturesco.com\\\/wp-content\\\/uploads\\\/2022\\\/04\\\/culturesco-logo-blanc250p.png?fit=250%2C250&ssl=1\",\"contentUrl\":\"https:\\\/\\\/i0.wp.com\\\/culturesco.com\\\/wp-content\\\/uploads\\\/2022\\\/04\\\/culturesco-logo-blanc250p.png?fit=250%2C250&ssl=1\",\"width\":250,\"height\":250,\"caption\":\"CULTURESCO\"},\"image\":{\"@id\":\"https:\\\/\\\/culturesco.com\\\/#\\\/schema\\\/logo\\\/image\\\/\"},\"sameAs\":[\"https:\\\/\\\/www.facebook.com\\\/radioculturesco\",\"https:\\\/\\\/x.com\\\/AugusteMarshal\",\"https:\\\/\\\/www.instagram.com\\\/carotte_rock_culture\\\/\",\"https:\\\/\\\/www.pinterest.fr\\\/augustemarshal\\\/\",\"https:\\\/\\\/www.youtube.com\\\/channel\\\/UCiWLGffqWSXlNnfzp6YwwyQ\"]},{\"@type\":\"Person\",\"@id\":\"https:\\\/\\\/culturesco.com\\\/#\\\/schema\\\/person\\\/c2ddd6724863f3bbd20a8278df0891f3\",\"name\":\"Patrick Benard\",\"image\":{\"@type\":\"ImageObject\",\"inLanguage\":\"fr-FR\",\"@id\":\"https:\\\/\\\/i0.wp.com\\\/culturesco.com\\\/wp-content\\\/uploads\\\/2019\\\/02\\\/patrick-benard-2.jpg?fit=90%2C96&ssl=1\",\"url\":\"https:\\\/\\\/i0.wp.com\\\/culturesco.com\\\/wp-content\\\/uploads\\\/2019\\\/02\\\/patrick-benard-2.jpg?fit=90%2C96&ssl=1\",\"contentUrl\":\"https:\\\/\\\/i0.wp.com\\\/culturesco.com\\\/wp-content\\\/uploads\\\/2019\\\/02\\\/patrick-benard-2.jpg?fit=90%2C96&ssl=1\",\"caption\":\"Patrick Benard\"},\"description\":\"Ecrivain, chroniqueur, animateur radio, cr\u00e9ateur de la revue \u00ab Cin\u00e9manie \u00bb, autour du cin\u00e9ma dit d\u2019art et d\u2019essai, sp\u00e9cialiste du groupe The Cure, archiviste... 2020 : \\\"Le Post Rock\\\" essai sur le post rock de Mogwa\u00ef \u00e0 Godspeed You Black Emperor - Camion Blanc 2014 : \u00ab On the rocks \u2013le rock de 2007 \u00e0 2014 \u00bb chroniques livres et cd rocks, interviews \u2013Editions Vaillant 2010 : \u00ab Dans la T\u00eate de Robert Smith \u00bb, roman fiction autour de l\u2019histoire des Cure et de Robert Smith \u2013 Edilivres 2007 : \u00ab Chroniques Fr\u00e9n\u00e9tiques, une histoire intime du rock \u00bb, roman, prix Technikart. 2001 : \u00ab Les Iles du D\u00e9sert \u00bb, polar autour du rock \u2013 Editions Nykta\",\"url\":\"https:\\\/\\\/culturesco.com\\\/index.php\\\/author\\\/patrick-benard89\\\/\"}]}<\/script>\n<!-- \/ Yoast SEO plugin. -->","yoast_head_json":{"title":"The Cure \u2013 Wish (30th Anniversary) - Culturesco","description":"CulturesCo | The Cure WISH 30th ieme anniversaire. Nouvelle \u00e9dition accompagn\u00e9e de deux disques suppl\u00e9mentaires","robots":{"index":"index","follow":"follow","max-snippet":"max-snippet:-1","max-image-preview":"max-image-preview:large","max-video-preview":"max-video-preview:-1"},"canonical":"https:\/\/culturesco.com\/index.php\/2022\/11\/27\/the-cure-wish-30th-anniversary\/","og_locale":"fr_FR","og_type":"article","og_title":"The Cure \u2013 Wish (30th Anniversary) - Culturesco","og_description":"CulturesCo | The Cure WISH 30th ieme anniversaire. Nouvelle \u00e9dition accompagn\u00e9e de deux disques suppl\u00e9mentaires","og_url":"https:\/\/culturesco.com\/index.php\/2022\/11\/27\/the-cure-wish-30th-anniversary\/","og_site_name":"Culturesco","article_publisher":"https:\/\/www.facebook.com\/radioculturesco","article_published_time":"2022-11-27T02:40:24+00:00","article_modified_time":"2022-11-27T12:23:58+00:00","og_image":[{"width":600,"height":540,"url":"https:\/\/culturesco.com\/wp-content\/uploads\/2022\/11\/The-Cure.jpeg","type":"image\/jpeg"}],"author":"Patrick Benard","twitter_card":"summary_large_image","twitter_creator":"@AugusteMarshal","twitter_site":"@AugusteMarshal","twitter_misc":{"\u00c9crit par":"Patrick Benard","Dur\u00e9e de lecture estim\u00e9e":"3 minutes"},"schema":{"@context":"https:\/\/schema.org","@graph":[{"@type":"Article","@id":"https:\/\/culturesco.com\/index.php\/2022\/11\/27\/the-cure-wish-30th-anniversary\/#article","isPartOf":{"@id":"https:\/\/culturesco.com\/index.php\/2022\/11\/27\/the-cure-wish-30th-anniversary\/"},"author":{"name":"Patrick Benard","@id":"https:\/\/culturesco.com\/#\/schema\/person\/c2ddd6724863f3bbd20a8278df0891f3"},"headline":"The Cure \u2013 Wish (30th Anniversary)","datePublished":"2022-11-27T02:40:24+00:00","dateModified":"2022-11-27T12:23:58+00:00","mainEntityOfPage":{"@id":"https:\/\/culturesco.com\/index.php\/2022\/11\/27\/the-cure-wish-30th-anniversary\/"},"wordCount":551,"commentCount":0,"publisher":{"@id":"https:\/\/culturesco.com\/#organization"},"image":{"@id":"https:\/\/culturesco.com\/index.php\/2022\/11\/27\/the-cure-wish-30th-anniversary\/#primaryimage"},"thumbnailUrl":"https:\/\/i0.wp.com\/culturesco.com\/wp-content\/uploads\/2022\/11\/The-Cure.jpeg?fit=600%2C540&ssl=1","keywords":["album rock","Albums essentiels","Anecdotes Rock","classic rock","groupe rock actuel","New Wave","Personnalit\u00e9 Rock","The Cure"],"articleSection":["Carotte Rock Cultures"],"inLanguage":"fr-FR","potentialAction":[{"@type":"CommentAction","name":"Comment","target":["https:\/\/culturesco.com\/index.php\/2022\/11\/27\/the-cure-wish-30th-anniversary\/#respond"]}]},{"@type":"WebPage","@id":"https:\/\/culturesco.com\/index.php\/2022\/11\/27\/the-cure-wish-30th-anniversary\/","url":"https:\/\/culturesco.com\/index.php\/2022\/11\/27\/the-cure-wish-30th-anniversary\/","name":"The Cure \u2013 Wish (30th Anniversary) - Culturesco","isPartOf":{"@id":"https:\/\/culturesco.com\/#website"},"primaryImageOfPage":{"@id":"https:\/\/culturesco.com\/index.php\/2022\/11\/27\/the-cure-wish-30th-anniversary\/#primaryimage"},"image":{"@id":"https:\/\/culturesco.com\/index.php\/2022\/11\/27\/the-cure-wish-30th-anniversary\/#primaryimage"},"thumbnailUrl":"https:\/\/i0.wp.com\/culturesco.com\/wp-content\/uploads\/2022\/11\/The-Cure.jpeg?fit=600%2C540&ssl=1","datePublished":"2022-11-27T02:40:24+00:00","dateModified":"2022-11-27T12:23:58+00:00","description":"CulturesCo | The Cure WISH 30th ieme anniversaire. Nouvelle \u00e9dition accompagn\u00e9e de deux disques suppl\u00e9mentaires","breadcrumb":{"@id":"https:\/\/culturesco.com\/index.php\/2022\/11\/27\/the-cure-wish-30th-anniversary\/#breadcrumb"},"inLanguage":"fr-FR","potentialAction":[{"@type":"ReadAction","target":["https:\/\/culturesco.com\/index.php\/2022\/11\/27\/the-cure-wish-30th-anniversary\/"]}]},{"@type":"ImageObject","inLanguage":"fr-FR","@id":"https:\/\/culturesco.com\/index.php\/2022\/11\/27\/the-cure-wish-30th-anniversary\/#primaryimage","url":"https:\/\/i0.wp.com\/culturesco.com\/wp-content\/uploads\/2022\/11\/The-Cure.jpeg?fit=600%2C540&ssl=1","contentUrl":"https:\/\/i0.wp.com\/culturesco.com\/wp-content\/uploads\/2022\/11\/The-Cure.jpeg?fit=600%2C540&ssl=1","width":600,"height":540,"caption":"The Cure - Wish (30th Anniversary)"},{"@type":"BreadcrumbList","@id":"https:\/\/culturesco.com\/index.php\/2022\/11\/27\/the-cure-wish-30th-anniversary\/#breadcrumb","itemListElement":[{"@type":"ListItem","position":1,"name":"Accueil","item":"https:\/\/culturesco.com\/"},{"@type":"ListItem","position":2,"name":"The Cure \u2013 Wish (30th Anniversary)"}]},{"@type":"WebSite","@id":"https:\/\/culturesco.com\/#website","url":"https:\/\/culturesco.com\/","name":"Culturesco","description":"Culturesco | Un bon coup de pied dans ta Culture","publisher":{"@id":"https:\/\/culturesco.com\/#organization"},"potentialAction":[{"@type":"SearchAction","target":{"@type":"EntryPoint","urlTemplate":"https:\/\/culturesco.com\/?s={search_term_string}"},"query-input":{"@type":"PropertyValueSpecification","valueRequired":true,"valueName":"search_term_string"}}],"inLanguage":"fr-FR"},{"@type":"Organization","@id":"https:\/\/culturesco.com\/#organization","name":"CULTURESCO","url":"https:\/\/culturesco.com\/","logo":{"@type":"ImageObject","inLanguage":"fr-FR","@id":"https:\/\/culturesco.com\/#\/schema\/logo\/image\/","url":"https:\/\/i0.wp.com\/culturesco.com\/wp-content\/uploads\/2022\/04\/culturesco-logo-blanc250p.png?fit=250%2C250&ssl=1","contentUrl":"https:\/\/i0.wp.com\/culturesco.com\/wp-content\/uploads\/2022\/04\/culturesco-logo-blanc250p.png?fit=250%2C250&ssl=1","width":250,"height":250,"caption":"CULTURESCO"},"image":{"@id":"https:\/\/culturesco.com\/#\/schema\/logo\/image\/"},"sameAs":["https:\/\/www.facebook.com\/radioculturesco","https:\/\/x.com\/AugusteMarshal","https:\/\/www.instagram.com\/carotte_rock_culture\/","https:\/\/www.pinterest.fr\/augustemarshal\/","https:\/\/www.youtube.com\/channel\/UCiWLGffqWSXlNnfzp6YwwyQ"]},{"@type":"Person","@id":"https:\/\/culturesco.com\/#\/schema\/person\/c2ddd6724863f3bbd20a8278df0891f3","name":"Patrick Benard","image":{"@type":"ImageObject","inLanguage":"fr-FR","@id":"https:\/\/i0.wp.com\/culturesco.com\/wp-content\/uploads\/2019\/02\/patrick-benard-2.jpg?fit=90%2C96&ssl=1","url":"https:\/\/i0.wp.com\/culturesco.com\/wp-content\/uploads\/2019\/02\/patrick-benard-2.jpg?fit=90%2C96&ssl=1","contentUrl":"https:\/\/i0.wp.com\/culturesco.com\/wp-content\/uploads\/2019\/02\/patrick-benard-2.jpg?fit=90%2C96&ssl=1","caption":"Patrick Benard"},"description":"Ecrivain, chroniqueur, animateur radio, cr\u00e9ateur de la revue \u00ab Cin\u00e9manie \u00bb, autour du cin\u00e9ma dit d\u2019art et d\u2019essai, sp\u00e9cialiste du groupe The Cure, archiviste... 2020 : \"Le Post Rock\" essai sur le post rock de Mogwa\u00ef \u00e0 Godspeed You Black Emperor - Camion Blanc 2014 : \u00ab On the rocks \u2013le rock de 2007 \u00e0 2014 \u00bb chroniques livres et cd rocks, interviews \u2013Editions Vaillant 2010 : \u00ab Dans la T\u00eate de Robert Smith \u00bb, roman fiction autour de l\u2019histoire des Cure et de Robert Smith \u2013 Edilivres 2007 : \u00ab Chroniques Fr\u00e9n\u00e9tiques, une histoire intime du rock \u00bb, roman, prix Technikart. 2001 : \u00ab Les Iles du D\u00e9sert \u00bb, polar autour du rock \u2013 Editions Nykta","url":"https:\/\/culturesco.com\/index.php\/author\/patrick-benard89\/"}]}},"jetpack_featured_media_url":"https:\/\/i0.wp.com\/culturesco.com\/wp-content\/uploads\/2022\/11\/The-Cure.jpeg?fit=600%2C540&ssl=1","jetpack_likes_enabled":true,"jetpack_sharing_enabled":true,"jetpack_shortlink":"https:\/\/wp.me\/paz89I-4Ne","_links":{"self":[{"href":"https:\/\/culturesco.com\/index.php\/wp-json\/wp\/v2\/posts\/18428","targetHints":{"allow":["GET"]}}],"collection":[{"href":"https:\/\/culturesco.com\/index.php\/wp-json\/wp\/v2\/posts"}],"about":[{"href":"https:\/\/culturesco.com\/index.php\/wp-json\/wp\/v2\/types\/post"}],"author":[{"embeddable":true,"href":"https:\/\/culturesco.com\/index.php\/wp-json\/wp\/v2\/users\/4"}],"replies":[{"embeddable":true,"href":"https:\/\/culturesco.com\/index.php\/wp-json\/wp\/v2\/comments?post=18428"}],"version-history":[{"count":0,"href":"https:\/\/culturesco.com\/index.php\/wp-json\/wp\/v2\/posts\/18428\/revisions"}],"wp:featuredmedia":[{"embeddable":true,"href":"https:\/\/culturesco.com\/index.php\/wp-json\/wp\/v2\/media\/18429"}],"wp:attachment":[{"href":"https:\/\/culturesco.com\/index.php\/wp-json\/wp\/v2\/media?parent=18428"}],"wp:term":[{"taxonomy":"category","embeddable":true,"href":"https:\/\/culturesco.com\/index.php\/wp-json\/wp\/v2\/categories?post=18428"},{"taxonomy":"post_tag","embeddable":true,"href":"https:\/\/culturesco.com\/index.php\/wp-json\/wp\/v2\/tags?post=18428"}],"curies":[{"name":"wp","href":"https:\/\/api.w.org\/{rel}","templated":true}]}}