{"id":18417,"date":"2022-11-25T16:36:35","date_gmt":"2022-11-25T15:36:35","guid":{"rendered":"https:\/\/culturesco.com\/?p=18417"},"modified":"2022-11-25T16:36:35","modified_gmt":"2022-11-25T15:36:35","slug":"lux-the-band-gravity","status":"publish","type":"post","link":"https:\/\/culturesco.com\/index.php\/2022\/11\/25\/lux-the-band-gravity\/","title":{"rendered":"LUX The Band &#8211; Gravity"},"content":{"rendered":"<h2>LUX The Band &#8211; Gravity<\/h2>\n<p><img data-recalc-dims=\"1\" loading=\"lazy\" decoding=\"async\" class=\" wp-image-18418 aligncenter\" src=\"https:\/\/i0.wp.com\/culturesco.com\/wp-content\/uploads\/2022\/11\/LUX-The-Band-Gravity.jpg?resize=594%2C303&#038;ssl=1\" alt=\"Lux The Bnad\" width=\"594\" height=\"303\" srcset=\"https:\/\/i0.wp.com\/culturesco.com\/wp-content\/uploads\/2022\/11\/LUX-The-Band-Gravity.jpg?resize=300%2C153&amp;ssl=1 300w, https:\/\/i0.wp.com\/culturesco.com\/wp-content\/uploads\/2022\/11\/LUX-The-Band-Gravity.jpg?resize=768%2C392&amp;ssl=1 768w, https:\/\/i0.wp.com\/culturesco.com\/wp-content\/uploads\/2022\/11\/LUX-The-Band-Gravity.jpg?resize=696%2C356&amp;ssl=1 696w, https:\/\/i0.wp.com\/culturesco.com\/wp-content\/uploads\/2022\/11\/LUX-The-Band-Gravity.jpg?resize=1068%2C546&amp;ssl=1 1068w, https:\/\/i0.wp.com\/culturesco.com\/wp-content\/uploads\/2022\/11\/LUX-The-Band-Gravity.jpg?resize=822%2C420&amp;ssl=1 822w, https:\/\/i0.wp.com\/culturesco.com\/wp-content\/uploads\/2022\/11\/LUX-The-Band-Gravity.jpg?w=600&amp;ssl=1 600w, https:\/\/i0.wp.com\/culturesco.com\/wp-content\/uploads\/2022\/11\/LUX-The-Band-Gravity.jpg?resize=117%2C60&amp;ssl=1 117w, https:\/\/i0.wp.com\/culturesco.com\/wp-content\/uploads\/2022\/11\/LUX-The-Band-Gravity.jpg?resize=176%2C90&amp;ssl=1 176w\" sizes=\"auto, (max-width: 594px) 100vw, 594px\" \/><\/p>\n<p style=\"text-align: justify;\">A propos de <strong><em>Gravity,<\/em><\/strong> le nouvel album de <strong>LUX The Band<\/strong>, un chroniqueur US aurait certainement parl\u00e9 de \u00ab <strong>soft rock<\/strong> \u00bb. Par chez nous, \u00ab soft \u00bb connotant quelque chose de \u00ab doux \u00bb, <strong>l\u2019AOC manque d\u2019exactitude pour qualifier la musique en pr\u00e9sence.<\/strong><\/p>\n<p style=\"text-align: justify;\">En mati\u00e8re de <strong>r\u00e9f\u00e9rences<\/strong>, afin de cerner davantage les partitions, on peut citer <strong>The Raconteurs<\/strong>, pour les plus \u00ab jeunes \u00bb, ou<strong> Bon Jovi<\/strong>, pour les \u00ab anciens \u00bb, notamment lorsque ceux-ci remontent \u00e0 leurs racines, <strong>dans leurs moments les plus \u00ab roots \u00bb<\/strong> (The Raconteurs :<a href=\"https:\/\/www.youtube.com\/watch?v=x2L849taRCs\" target=\"_blank\" rel=\"noopener\"><em> Consoleurs Of The Lonely<\/em> <\/a>2008 \u2013 Bon Jovi :<em><a href=\"https:\/\/www.youtube.com\/watch?v=SRvCvsRp5ho\" target=\"_blank\" rel=\"noopener\"> Slippery When Wait<\/a><\/em> 1986 \/ <a href=\"https:\/\/www.youtube.com\/watch?v=XhKB6FkyriY\" target=\"_blank\" rel=\"noopener\"><em>This House is not for Sale<\/em> <\/a>2016). D\u2019une fa\u00e7on plus globale, un <strong>mixe de <a href=\"https:\/\/www.youtube.com\/watch?v=YYOKMUTTDdA\" target=\"_blank\" rel=\"noopener\">R.E.M.<\/a><\/strong> pr\u00eatant ses m\u00e9lodies \u00e0 la musique<strong> de<a href=\"https:\/\/www.youtube.com\/watch?v=qjjs4thy-R0\" target=\"_blank\" rel=\"noopener\"> Free<\/a><\/strong>, peut s\u2019entendre, sans n\u00e9gliger <strong>un petit c\u00f4t\u00e9 <a href=\"https:\/\/www.youtube.com\/watch?v=SrGSt5eDt9o\" target=\"_blank\" rel=\"noopener\">Jefferson Airplane<\/a><\/strong>. Et puisqu\u2019on aborde ce parall\u00e8le, <strong>au sujet de l\u2019interpr\u00e9tation d\u2019Angela<\/strong>, citons <strong>Grace Slick<\/strong>, surtout pour les pistes <strong>o\u00f9 sa voix est mix\u00e9e \u00e0 celle de Sylvain<\/strong>, comme sur \u00ab <strong>Lullaby<\/strong> \u00bb par exemple.<\/p>\n<h3>LUX The Band &#8211; A Son Of Sam<\/h3>\n<div class=\"youtube-embed\" data-video_id=\"5JDZx8NQip0\"><iframe loading=\"lazy\" title=\"LUX the band - A Son of Sam (official video) - rock\" width=\"696\" height=\"392\" src=\"https:\/\/www.youtube.com\/embed\/5JDZx8NQip0\" frameborder=\"0\" allow=\"accelerometer; autoplay; clipboard-write; encrypted-media; gyroscope; picture-in-picture; web-share\" referrerpolicy=\"strict-origin-when-cross-origin\" allowfullscreen><\/iframe><\/div>\n<p style=\"text-align: justify;\">Mais borner le phras\u00e9 de cette <strong>am\u00e9ricaine, parisienne d\u2019adoption,<\/strong> \u00e0 la chanteuse franciscanaise t\u00e9moignerait d\u2019une oreille limit\u00e9e. Par place, on per\u00e7oit <strong>des intonations de Dolores O\u2019Riordan<\/strong>, la regrett\u00e9e chanteuse des <a href=\"https:\/\/www.youtube.com\/watch?v=Zz-DJr1Qs54\" target=\"_blank\" rel=\"noopener\">Cranberries<\/a>. <strong>Sharleen Spiteri ?<\/strong> \u00c9ventuellement, mais alors <strong>en ces temps recul\u00e9s o\u00f9<a href=\"https:\/\/www.youtube.com\/watch?v=sm3uU3c1LYs\" target=\"_blank\" rel=\"noopener\"> Texas<\/a> aff\u00fbtait encore ses guitares<\/strong> \u00e0 la pierre angulaire du rock. Derni\u00e8re fragrance, lorsque les chansons s\u2019\u00e9lectrifient,<strong> des accents en fin de vers \u00e9voquent <a href=\"https:\/\/www.youtube.com\/watch?v=a-befOtn9GQ\" target=\"_blank\" rel=\"noopener\">Patti Smith<\/a><\/strong> (\u00ab <strong>A Son Of Sam<\/strong> \u00bb ou \u00ab <strong>The Score<\/strong> \u00bb).<\/p>\n<p><img data-recalc-dims=\"1\" loading=\"lazy\" decoding=\"async\" class=\" wp-image-18419 aligncenter\" src=\"https:\/\/i0.wp.com\/culturesco.com\/wp-content\/uploads\/2022\/11\/LUX-The-Band-Inner.jpg?resize=607%2C269&#038;ssl=1\" alt=\"Lux The Band\" width=\"607\" height=\"269\" srcset=\"https:\/\/i0.wp.com\/culturesco.com\/wp-content\/uploads\/2022\/11\/LUX-The-Band-Inner.jpg?resize=300%2C133&amp;ssl=1 300w, https:\/\/i0.wp.com\/culturesco.com\/wp-content\/uploads\/2022\/11\/LUX-The-Band-Inner.jpg?resize=768%2C339&amp;ssl=1 768w, https:\/\/i0.wp.com\/culturesco.com\/wp-content\/uploads\/2022\/11\/LUX-The-Band-Inner.jpg?resize=696%2C308&amp;ssl=1 696w, https:\/\/i0.wp.com\/culturesco.com\/wp-content\/uploads\/2022\/11\/LUX-The-Band-Inner.jpg?resize=950%2C420&amp;ssl=1 950w, https:\/\/i0.wp.com\/culturesco.com\/wp-content\/uploads\/2022\/11\/LUX-The-Band-Inner.jpg?w=600&amp;ssl=1 600w, https:\/\/i0.wp.com\/culturesco.com\/wp-content\/uploads\/2022\/11\/LUX-The-Band-Inner.jpg?resize=136%2C60&amp;ssl=1 136w, https:\/\/i0.wp.com\/culturesco.com\/wp-content\/uploads\/2022\/11\/LUX-The-Band-Inner.jpg?resize=204%2C90&amp;ssl=1 204w\" sizes=\"auto, (max-width: 607px) 100vw, 607px\" \/><\/p>\n<p style=\"text-align: justify;\">Pour reprendre le parall\u00e8le avec les groupes \u00e9voqu\u00e9s plus haut, lorsque <strong>la Les Paul de Sylvain Laforge<\/strong> prend des solos, ses <strong>lianes de notes<\/strong> suivent-elles davantage celles de <strong>Jorma Kaukonen<\/strong> ou de <strong>Paul Kossoff<\/strong> ? Si c\u2019est le cas, qu\u2019il s\u2019agisse de l\u2019un ou l\u2019autre, \u00e7a n\u2019est pas au sein de leurs formations originelles les plus connues, mais plut\u00f4t faut-il y desceller le Kaukonen de<a href=\"https:\/\/www.youtube.com\/watch?v=4k3JEmAH3HY\" target=\"_blank\" rel=\"noopener\"> Hot Tuna<\/a> et un Kossoff versus <a href=\"https:\/\/www.youtube.com\/watch?v=wszcZAORj7g\" target=\"_blank\" rel=\"noopener\">Back Street Crawler<\/a> ; tout en reconnaissant \u00e0 <strong>Sylvain sa propre v\u00e9locit\u00e9.<\/strong><\/p>\n<h3>LUX The Band &#8211; Hijak (live 2020)<\/h3>\n<div class=\"youtube-embed\" data-video_id=\"rWjg5w9XaG0\"><iframe loading=\"lazy\" title=\"LUX the band \u2022 Hijack - Live at the Bus Palladium Paris - rock\" width=\"696\" height=\"392\" src=\"https:\/\/www.youtube.com\/embed\/rWjg5w9XaG0\" frameborder=\"0\" allow=\"accelerometer; autoplay; clipboard-write; encrypted-media; gyroscope; picture-in-picture; web-share\" referrerpolicy=\"strict-origin-when-cross-origin\" allowfullscreen><\/iframe><\/div>\n<p style=\"text-align: justify;\"><strong>On l\u2019aura compris<\/strong>, que ce soit en \u00ab front de sc\u00e8ne \u00bb ou au niveau rythmique, <strong>un duo basse \/ batterie hyper carr\u00e9<\/strong>, <strong>ces musiciens n\u2019en sont pas \u00e0 leurs coups d\u2019essais<\/strong>. Par cons\u00e9quent,<strong><em> Gravity<\/em> sonne tr\u00e8s \u00ab pro \u00bb<\/strong>, sans bavures mais <strong>sans arrondir les angles<\/strong> non plus. En mati\u00e8re de <strong>rock music<\/strong>, assurer en studio <strong>l\u2019aspect \u00ab vivant \u00bb, live, de ses compositions<\/strong>, appara\u00eet comme un <strong>param\u00e8tre essentiel.<\/strong> Et s\u2019il fallait qualifier l\u2019ex\u00e9cution par<strong> LUX The Band<\/strong> des <strong>dix chansons composant<em> Gravity<\/em><\/strong>, c\u2019est de <strong>\u00ab qualit\u00e9 \u00bb<\/strong> dont on parlerait.<strong> Toute cette chronique s\u2019en fait l\u2019\u00e9cho.<\/strong><\/p>\n<p>Thierry Dauge<\/p>\n<p><strong>LUX The Band<\/strong> \u2013 <strong><em>Gravity<\/em><\/strong> &#8211; Sortie <strong>le 9 d\u00e9cembre 2022<\/strong><\/p>\n","protected":false},"excerpt":{"rendered":"<p>LUX The Band &#8211; Gravity A propos de Gravity, le nouvel album de LUX The Band, un chroniqueur US aurait certainement parl\u00e9 de \u00ab soft rock \u00bb. Par chez nous, \u00ab soft \u00bb connotant quelque chose de \u00ab doux \u00bb, l\u2019AOC manque d\u2019exactitude pour qualifier la musique en pr\u00e9sence. En mati\u00e8re de r\u00e9f\u00e9rences, afin de [&hellip;]<\/p>\n","protected":false},"author":3,"featured_media":18418,"comment_status":"open","ping_status":"open","sticky":false,"template":"","format":"image","meta":{"jetpack_post_was_ever_published":false,"tdm_status":"","tdm_grid_status":"","_jetpack_newsletter_access":"","_jetpack_dont_email_post_to_subs":false,"_jetpack_newsletter_tier_id":0,"_jetpack_memberships_contains_paywalled_content":false,"_jetpack_memberships_contains_paid_content":false,"footnotes":""},"categories":[30,17,36],"tags":[37,52,51],"class_list":{"0":"post-18417","1":"post","2":"type-post","3":"status-publish","4":"format-image","5":"has-post-thumbnail","7":"category-albums-rock","8":"category-carotte-rock-cultures","9":"category-groupes-rock-daujourdhui","10":"tag-album-rock","11":"tag-groupe-rock-actuel","12":"tag-rock-francais","13":"post_format-post-format-image"},"yoast_head":"<!-- This site is optimized with the Yoast SEO plugin v27.5 - https:\/\/yoast.com\/product\/yoast-seo-wordpress\/ -->\n<title>LUX The Band - Gravity - Culturesco rock fran\u00e7ais<\/title>\n<meta name=\"description\" content=\"CulturesCo | Avec &quot;Gravity&quot;, Lux The Band, groupe fran\u00e7ais, envoie un album de rock urbain, tant muscl\u00e9 que parfois folk, toujours m\u00e9lodieux\" \/>\n<meta name=\"robots\" content=\"index, follow, max-snippet:-1, max-image-preview:large, max-video-preview:-1\" \/>\n<link rel=\"canonical\" href=\"https:\/\/culturesco.com\/index.php\/2022\/11\/25\/lux-the-band-gravity\/\" \/>\n<meta property=\"og:locale\" content=\"fr_FR\" \/>\n<meta property=\"og:type\" content=\"article\" \/>\n<meta property=\"og:title\" content=\"LUX The Band - Gravity - Culturesco rock fran\u00e7ais\" \/>\n<meta property=\"og:description\" content=\"CulturesCo | Avec &quot;Gravity&quot;, Lux The Band, groupe fran\u00e7ais, envoie un album de rock urbain, tant muscl\u00e9 que parfois folk, toujours m\u00e9lodieux\" \/>\n<meta property=\"og:url\" content=\"https:\/\/culturesco.com\/index.php\/2022\/11\/25\/lux-the-band-gravity\/\" \/>\n<meta property=\"og:site_name\" content=\"Culturesco\" \/>\n<meta property=\"article:publisher\" content=\"https:\/\/www.facebook.com\/radioculturesco\" \/>\n<meta property=\"article:published_time\" content=\"2022-11-25T15:36:35+00:00\" \/>\n<meta property=\"og:image\" content=\"https:\/\/culturesco.com\/wp-content\/uploads\/2022\/11\/LUX-The-Band-Gravity.jpg\" \/>\n\t<meta property=\"og:image:width\" content=\"600\" \/>\n\t<meta property=\"og:image:height\" content=\"307\" \/>\n\t<meta property=\"og:image:type\" content=\"image\/jpeg\" \/>\n<meta name=\"author\" content=\"Thierry Dauge\" \/>\n<meta name=\"twitter:card\" content=\"summary_large_image\" \/>\n<meta name=\"twitter:creator\" content=\"@AugusteMarshal\" \/>\n<meta name=\"twitter:site\" content=\"@AugusteMarshal\" \/>\n<meta name=\"twitter:label1\" content=\"\u00c9crit par\" \/>\n\t<meta name=\"twitter:data1\" content=\"Thierry Dauge\" \/>\n\t<meta name=\"twitter:label2\" content=\"Dur\u00e9e de lecture estim\u00e9e\" \/>\n\t<meta name=\"twitter:data2\" content=\"3 minutes\" \/>\n<script type=\"application\/ld+json\" class=\"yoast-schema-graph\">{\"@context\":\"https:\\\/\\\/schema.org\",\"@graph\":[{\"@type\":\"Article\",\"@id\":\"https:\\\/\\\/culturesco.com\\\/index.php\\\/2022\\\/11\\\/25\\\/lux-the-band-gravity\\\/#article\",\"isPartOf\":{\"@id\":\"https:\\\/\\\/culturesco.com\\\/index.php\\\/2022\\\/11\\\/25\\\/lux-the-band-gravity\\\/\"},\"author\":{\"name\":\"Thierry Dauge\",\"@id\":\"https:\\\/\\\/culturesco.com\\\/#\\\/schema\\\/person\\\/19f04cf232d246197f6e7d62abe6cb0e\"},\"headline\":\"LUX The Band &#8211; Gravity\",\"datePublished\":\"2022-11-25T15:36:35+00:00\",\"mainEntityOfPage\":{\"@id\":\"https:\\\/\\\/culturesco.com\\\/index.php\\\/2022\\\/11\\\/25\\\/lux-the-band-gravity\\\/\"},\"wordCount\":497,\"commentCount\":0,\"publisher\":{\"@id\":\"https:\\\/\\\/culturesco.com\\\/#organization\"},\"image\":{\"@id\":\"https:\\\/\\\/culturesco.com\\\/index.php\\\/2022\\\/11\\\/25\\\/lux-the-band-gravity\\\/#primaryimage\"},\"thumbnailUrl\":\"https:\\\/\\\/i0.wp.com\\\/culturesco.com\\\/wp-content\\\/uploads\\\/2022\\\/11\\\/LUX-The-Band-Gravity.jpg?fit=600%2C307&ssl=1\",\"keywords\":[\"album rock\",\"groupe rock actuel\",\"Rock fran\u00e7ais\"],\"articleSection\":[\"Albums rock\",\"Carotte Rock Cultures\",\"Groupes rock d'aujourd'hui\"],\"inLanguage\":\"fr-FR\",\"potentialAction\":[{\"@type\":\"CommentAction\",\"name\":\"Comment\",\"target\":[\"https:\\\/\\\/culturesco.com\\\/index.php\\\/2022\\\/11\\\/25\\\/lux-the-band-gravity\\\/#respond\"]}]},{\"@type\":\"WebPage\",\"@id\":\"https:\\\/\\\/culturesco.com\\\/index.php\\\/2022\\\/11\\\/25\\\/lux-the-band-gravity\\\/\",\"url\":\"https:\\\/\\\/culturesco.com\\\/index.php\\\/2022\\\/11\\\/25\\\/lux-the-band-gravity\\\/\",\"name\":\"LUX The Band - Gravity - Culturesco rock fran\u00e7ais\",\"isPartOf\":{\"@id\":\"https:\\\/\\\/culturesco.com\\\/#website\"},\"primaryImageOfPage\":{\"@id\":\"https:\\\/\\\/culturesco.com\\\/index.php\\\/2022\\\/11\\\/25\\\/lux-the-band-gravity\\\/#primaryimage\"},\"image\":{\"@id\":\"https:\\\/\\\/culturesco.com\\\/index.php\\\/2022\\\/11\\\/25\\\/lux-the-band-gravity\\\/#primaryimage\"},\"thumbnailUrl\":\"https:\\\/\\\/i0.wp.com\\\/culturesco.com\\\/wp-content\\\/uploads\\\/2022\\\/11\\\/LUX-The-Band-Gravity.jpg?fit=600%2C307&ssl=1\",\"datePublished\":\"2022-11-25T15:36:35+00:00\",\"description\":\"CulturesCo | Avec \\\"Gravity\\\", Lux The Band, groupe fran\u00e7ais, envoie un album de rock urbain, tant muscl\u00e9 que parfois folk, toujours m\u00e9lodieux\",\"breadcrumb\":{\"@id\":\"https:\\\/\\\/culturesco.com\\\/index.php\\\/2022\\\/11\\\/25\\\/lux-the-band-gravity\\\/#breadcrumb\"},\"inLanguage\":\"fr-FR\",\"potentialAction\":[{\"@type\":\"ReadAction\",\"target\":[\"https:\\\/\\\/culturesco.com\\\/index.php\\\/2022\\\/11\\\/25\\\/lux-the-band-gravity\\\/\"]}]},{\"@type\":\"ImageObject\",\"inLanguage\":\"fr-FR\",\"@id\":\"https:\\\/\\\/culturesco.com\\\/index.php\\\/2022\\\/11\\\/25\\\/lux-the-band-gravity\\\/#primaryimage\",\"url\":\"https:\\\/\\\/i0.wp.com\\\/culturesco.com\\\/wp-content\\\/uploads\\\/2022\\\/11\\\/LUX-The-Band-Gravity.jpg?fit=600%2C307&ssl=1\",\"contentUrl\":\"https:\\\/\\\/i0.wp.com\\\/culturesco.com\\\/wp-content\\\/uploads\\\/2022\\\/11\\\/LUX-The-Band-Gravity.jpg?fit=600%2C307&ssl=1\",\"width\":600,\"height\":307,\"caption\":\"Lux The Bnad\"},{\"@type\":\"BreadcrumbList\",\"@id\":\"https:\\\/\\\/culturesco.com\\\/index.php\\\/2022\\\/11\\\/25\\\/lux-the-band-gravity\\\/#breadcrumb\",\"itemListElement\":[{\"@type\":\"ListItem\",\"position\":1,\"name\":\"Accueil\",\"item\":\"https:\\\/\\\/culturesco.com\\\/\"},{\"@type\":\"ListItem\",\"position\":2,\"name\":\"LUX The Band &#8211; Gravity\"}]},{\"@type\":\"WebSite\",\"@id\":\"https:\\\/\\\/culturesco.com\\\/#website\",\"url\":\"https:\\\/\\\/culturesco.com\\\/\",\"name\":\"Culturesco\",\"description\":\"Culturesco | Un bon coup de pied dans ta Culture\",\"publisher\":{\"@id\":\"https:\\\/\\\/culturesco.com\\\/#organization\"},\"potentialAction\":[{\"@type\":\"SearchAction\",\"target\":{\"@type\":\"EntryPoint\",\"urlTemplate\":\"https:\\\/\\\/culturesco.com\\\/?s={search_term_string}\"},\"query-input\":{\"@type\":\"PropertyValueSpecification\",\"valueRequired\":true,\"valueName\":\"search_term_string\"}}],\"inLanguage\":\"fr-FR\"},{\"@type\":\"Organization\",\"@id\":\"https:\\\/\\\/culturesco.com\\\/#organization\",\"name\":\"CULTURESCO\",\"url\":\"https:\\\/\\\/culturesco.com\\\/\",\"logo\":{\"@type\":\"ImageObject\",\"inLanguage\":\"fr-FR\",\"@id\":\"https:\\\/\\\/culturesco.com\\\/#\\\/schema\\\/logo\\\/image\\\/\",\"url\":\"https:\\\/\\\/i0.wp.com\\\/culturesco.com\\\/wp-content\\\/uploads\\\/2022\\\/04\\\/culturesco-logo-blanc250p.png?fit=250%2C250&ssl=1\",\"contentUrl\":\"https:\\\/\\\/i0.wp.com\\\/culturesco.com\\\/wp-content\\\/uploads\\\/2022\\\/04\\\/culturesco-logo-blanc250p.png?fit=250%2C250&ssl=1\",\"width\":250,\"height\":250,\"caption\":\"CULTURESCO\"},\"image\":{\"@id\":\"https:\\\/\\\/culturesco.com\\\/#\\\/schema\\\/logo\\\/image\\\/\"},\"sameAs\":[\"https:\\\/\\\/www.facebook.com\\\/radioculturesco\",\"https:\\\/\\\/x.com\\\/AugusteMarshal\",\"https:\\\/\\\/www.instagram.com\\\/carotte_rock_culture\\\/\",\"https:\\\/\\\/www.pinterest.fr\\\/augustemarshal\\\/\",\"https:\\\/\\\/www.youtube.com\\\/channel\\\/UCiWLGffqWSXlNnfzp6YwwyQ\"]},{\"@type\":\"Person\",\"@id\":\"https:\\\/\\\/culturesco.com\\\/#\\\/schema\\\/person\\\/19f04cf232d246197f6e7d62abe6cb0e\",\"name\":\"Thierry Dauge\",\"image\":{\"@type\":\"ImageObject\",\"inLanguage\":\"fr-FR\",\"@id\":\"https:\\\/\\\/i0.wp.com\\\/culturesco.com\\\/wp-content\\\/uploads\\\/2018\\\/12\\\/Black-Beauty-and-me.jpg?fit=96%2C96&ssl=1\",\"url\":\"https:\\\/\\\/i0.wp.com\\\/culturesco.com\\\/wp-content\\\/uploads\\\/2018\\\/12\\\/Black-Beauty-and-me.jpg?fit=96%2C96&ssl=1\",\"contentUrl\":\"https:\\\/\\\/i0.wp.com\\\/culturesco.com\\\/wp-content\\\/uploads\\\/2018\\\/12\\\/Black-Beauty-and-me.jpg?fit=96%2C96&ssl=1\",\"caption\":\"Thierry Dauge\"},\"description\":\"Amoureux des 70\u2019s et du hard rock en particulier, Thierry Dauge est chroniqueur sur Culturesco par amour de l\u2019\u00e9criture musicale. Co-auteur du livre\\\"Pop rock - Les instruments de l'ombre\\\" aux \u00e9ditions du Camion Blanc, collaborateur de Vivi pour \\\"Mes Ann\u00e9es Trust\\\", auteur de \\\"Sparks\\\" aux \u00e9ditions du Layeur, parce que le rock est loin d'\u00eatre mort ...\",\"url\":\"https:\\\/\\\/culturesco.com\\\/index.php\\\/author\\\/thierry-dauge888\\\/\"}]}<\/script>\n<!-- \/ Yoast SEO plugin. -->","yoast_head_json":{"title":"LUX The Band - Gravity - Culturesco rock fran\u00e7ais","description":"CulturesCo | Avec \"Gravity\", Lux The Band, groupe fran\u00e7ais, envoie un album de rock urbain, tant muscl\u00e9 que parfois folk, toujours m\u00e9lodieux","robots":{"index":"index","follow":"follow","max-snippet":"max-snippet:-1","max-image-preview":"max-image-preview:large","max-video-preview":"max-video-preview:-1"},"canonical":"https:\/\/culturesco.com\/index.php\/2022\/11\/25\/lux-the-band-gravity\/","og_locale":"fr_FR","og_type":"article","og_title":"LUX The Band - Gravity - Culturesco rock fran\u00e7ais","og_description":"CulturesCo | Avec \"Gravity\", Lux The Band, groupe fran\u00e7ais, envoie un album de rock urbain, tant muscl\u00e9 que parfois folk, toujours m\u00e9lodieux","og_url":"https:\/\/culturesco.com\/index.php\/2022\/11\/25\/lux-the-band-gravity\/","og_site_name":"Culturesco","article_publisher":"https:\/\/www.facebook.com\/radioculturesco","article_published_time":"2022-11-25T15:36:35+00:00","og_image":[{"width":600,"height":307,"url":"https:\/\/culturesco.com\/wp-content\/uploads\/2022\/11\/LUX-The-Band-Gravity.jpg","type":"image\/jpeg"}],"author":"Thierry Dauge","twitter_card":"summary_large_image","twitter_creator":"@AugusteMarshal","twitter_site":"@AugusteMarshal","twitter_misc":{"\u00c9crit par":"Thierry Dauge","Dur\u00e9e de lecture estim\u00e9e":"3 minutes"},"schema":{"@context":"https:\/\/schema.org","@graph":[{"@type":"Article","@id":"https:\/\/culturesco.com\/index.php\/2022\/11\/25\/lux-the-band-gravity\/#article","isPartOf":{"@id":"https:\/\/culturesco.com\/index.php\/2022\/11\/25\/lux-the-band-gravity\/"},"author":{"name":"Thierry Dauge","@id":"https:\/\/culturesco.com\/#\/schema\/person\/19f04cf232d246197f6e7d62abe6cb0e"},"headline":"LUX The Band &#8211; Gravity","datePublished":"2022-11-25T15:36:35+00:00","mainEntityOfPage":{"@id":"https:\/\/culturesco.com\/index.php\/2022\/11\/25\/lux-the-band-gravity\/"},"wordCount":497,"commentCount":0,"publisher":{"@id":"https:\/\/culturesco.com\/#organization"},"image":{"@id":"https:\/\/culturesco.com\/index.php\/2022\/11\/25\/lux-the-band-gravity\/#primaryimage"},"thumbnailUrl":"https:\/\/i0.wp.com\/culturesco.com\/wp-content\/uploads\/2022\/11\/LUX-The-Band-Gravity.jpg?fit=600%2C307&ssl=1","keywords":["album rock","groupe rock actuel","Rock fran\u00e7ais"],"articleSection":["Albums rock","Carotte Rock Cultures","Groupes rock d'aujourd'hui"],"inLanguage":"fr-FR","potentialAction":[{"@type":"CommentAction","name":"Comment","target":["https:\/\/culturesco.com\/index.php\/2022\/11\/25\/lux-the-band-gravity\/#respond"]}]},{"@type":"WebPage","@id":"https:\/\/culturesco.com\/index.php\/2022\/11\/25\/lux-the-band-gravity\/","url":"https:\/\/culturesco.com\/index.php\/2022\/11\/25\/lux-the-band-gravity\/","name":"LUX The Band - Gravity - Culturesco rock fran\u00e7ais","isPartOf":{"@id":"https:\/\/culturesco.com\/#website"},"primaryImageOfPage":{"@id":"https:\/\/culturesco.com\/index.php\/2022\/11\/25\/lux-the-band-gravity\/#primaryimage"},"image":{"@id":"https:\/\/culturesco.com\/index.php\/2022\/11\/25\/lux-the-band-gravity\/#primaryimage"},"thumbnailUrl":"https:\/\/i0.wp.com\/culturesco.com\/wp-content\/uploads\/2022\/11\/LUX-The-Band-Gravity.jpg?fit=600%2C307&ssl=1","datePublished":"2022-11-25T15:36:35+00:00","description":"CulturesCo | Avec \"Gravity\", Lux The Band, groupe fran\u00e7ais, envoie un album de rock urbain, tant muscl\u00e9 que parfois folk, toujours m\u00e9lodieux","breadcrumb":{"@id":"https:\/\/culturesco.com\/index.php\/2022\/11\/25\/lux-the-band-gravity\/#breadcrumb"},"inLanguage":"fr-FR","potentialAction":[{"@type":"ReadAction","target":["https:\/\/culturesco.com\/index.php\/2022\/11\/25\/lux-the-band-gravity\/"]}]},{"@type":"ImageObject","inLanguage":"fr-FR","@id":"https:\/\/culturesco.com\/index.php\/2022\/11\/25\/lux-the-band-gravity\/#primaryimage","url":"https:\/\/i0.wp.com\/culturesco.com\/wp-content\/uploads\/2022\/11\/LUX-The-Band-Gravity.jpg?fit=600%2C307&ssl=1","contentUrl":"https:\/\/i0.wp.com\/culturesco.com\/wp-content\/uploads\/2022\/11\/LUX-The-Band-Gravity.jpg?fit=600%2C307&ssl=1","width":600,"height":307,"caption":"Lux The Bnad"},{"@type":"BreadcrumbList","@id":"https:\/\/culturesco.com\/index.php\/2022\/11\/25\/lux-the-band-gravity\/#breadcrumb","itemListElement":[{"@type":"ListItem","position":1,"name":"Accueil","item":"https:\/\/culturesco.com\/"},{"@type":"ListItem","position":2,"name":"LUX The Band &#8211; Gravity"}]},{"@type":"WebSite","@id":"https:\/\/culturesco.com\/#website","url":"https:\/\/culturesco.com\/","name":"Culturesco","description":"Culturesco | Un bon coup de pied dans ta Culture","publisher":{"@id":"https:\/\/culturesco.com\/#organization"},"potentialAction":[{"@type":"SearchAction","target":{"@type":"EntryPoint","urlTemplate":"https:\/\/culturesco.com\/?s={search_term_string}"},"query-input":{"@type":"PropertyValueSpecification","valueRequired":true,"valueName":"search_term_string"}}],"inLanguage":"fr-FR"},{"@type":"Organization","@id":"https:\/\/culturesco.com\/#organization","name":"CULTURESCO","url":"https:\/\/culturesco.com\/","logo":{"@type":"ImageObject","inLanguage":"fr-FR","@id":"https:\/\/culturesco.com\/#\/schema\/logo\/image\/","url":"https:\/\/i0.wp.com\/culturesco.com\/wp-content\/uploads\/2022\/04\/culturesco-logo-blanc250p.png?fit=250%2C250&ssl=1","contentUrl":"https:\/\/i0.wp.com\/culturesco.com\/wp-content\/uploads\/2022\/04\/culturesco-logo-blanc250p.png?fit=250%2C250&ssl=1","width":250,"height":250,"caption":"CULTURESCO"},"image":{"@id":"https:\/\/culturesco.com\/#\/schema\/logo\/image\/"},"sameAs":["https:\/\/www.facebook.com\/radioculturesco","https:\/\/x.com\/AugusteMarshal","https:\/\/www.instagram.com\/carotte_rock_culture\/","https:\/\/www.pinterest.fr\/augustemarshal\/","https:\/\/www.youtube.com\/channel\/UCiWLGffqWSXlNnfzp6YwwyQ"]},{"@type":"Person","@id":"https:\/\/culturesco.com\/#\/schema\/person\/19f04cf232d246197f6e7d62abe6cb0e","name":"Thierry Dauge","image":{"@type":"ImageObject","inLanguage":"fr-FR","@id":"https:\/\/i0.wp.com\/culturesco.com\/wp-content\/uploads\/2018\/12\/Black-Beauty-and-me.jpg?fit=96%2C96&ssl=1","url":"https:\/\/i0.wp.com\/culturesco.com\/wp-content\/uploads\/2018\/12\/Black-Beauty-and-me.jpg?fit=96%2C96&ssl=1","contentUrl":"https:\/\/i0.wp.com\/culturesco.com\/wp-content\/uploads\/2018\/12\/Black-Beauty-and-me.jpg?fit=96%2C96&ssl=1","caption":"Thierry Dauge"},"description":"Amoureux des 70\u2019s et du hard rock en particulier, Thierry Dauge est chroniqueur sur Culturesco par amour de l\u2019\u00e9criture musicale. Co-auteur du livre\"Pop rock - Les instruments de l'ombre\" aux \u00e9ditions du Camion Blanc, collaborateur de Vivi pour \"Mes Ann\u00e9es Trust\", auteur de \"Sparks\" aux \u00e9ditions du Layeur, parce que le rock est loin d'\u00eatre mort ...","url":"https:\/\/culturesco.com\/index.php\/author\/thierry-dauge888\/"}]}},"jetpack_featured_media_url":"https:\/\/i0.wp.com\/culturesco.com\/wp-content\/uploads\/2022\/11\/LUX-The-Band-Gravity.jpg?fit=600%2C307&ssl=1","jetpack_likes_enabled":true,"jetpack_sharing_enabled":true,"jetpack_shortlink":"https:\/\/wp.me\/paz89I-4N3","_links":{"self":[{"href":"https:\/\/culturesco.com\/index.php\/wp-json\/wp\/v2\/posts\/18417","targetHints":{"allow":["GET"]}}],"collection":[{"href":"https:\/\/culturesco.com\/index.php\/wp-json\/wp\/v2\/posts"}],"about":[{"href":"https:\/\/culturesco.com\/index.php\/wp-json\/wp\/v2\/types\/post"}],"author":[{"embeddable":true,"href":"https:\/\/culturesco.com\/index.php\/wp-json\/wp\/v2\/users\/3"}],"replies":[{"embeddable":true,"href":"https:\/\/culturesco.com\/index.php\/wp-json\/wp\/v2\/comments?post=18417"}],"version-history":[{"count":0,"href":"https:\/\/culturesco.com\/index.php\/wp-json\/wp\/v2\/posts\/18417\/revisions"}],"wp:featuredmedia":[{"embeddable":true,"href":"https:\/\/culturesco.com\/index.php\/wp-json\/wp\/v2\/media\/18418"}],"wp:attachment":[{"href":"https:\/\/culturesco.com\/index.php\/wp-json\/wp\/v2\/media?parent=18417"}],"wp:term":[{"taxonomy":"category","embeddable":true,"href":"https:\/\/culturesco.com\/index.php\/wp-json\/wp\/v2\/categories?post=18417"},{"taxonomy":"post_tag","embeddable":true,"href":"https:\/\/culturesco.com\/index.php\/wp-json\/wp\/v2\/tags?post=18417"}],"curies":[{"name":"wp","href":"https:\/\/api.w.org\/{rel}","templated":true}]}}