{"id":1831,"date":"2018-12-25T12:49:38","date_gmt":"2018-12-25T11:49:38","guid":{"rendered":"https:\/\/culturesco.com\/?p=1831"},"modified":"2019-08-09T15:44:44","modified_gmt":"2019-08-09T13:44:44","slug":"deux-livres-pour-les-50-ans-de-jethro-tull","status":"publish","type":"post","link":"https:\/\/culturesco.com\/index.php\/2018\/12\/25\/deux-livres-pour-les-50-ans-de-jethro-tull\/","title":{"rendered":"JETHRO TULL Deux livres pour les 50 ans du groupe"},"content":{"rendered":"<h2>Du John Evan(s) Band \u00e0 Ian Anderson<\/h2>\n<h3>Une histoire en\u2026 pr\u00e8s de 1400 pages<\/h3>\n<p style=\"text-align: justify;\"><strong>50 ans Jethro Tull<\/strong> :<\/p>\n<p style=\"text-align: justify;\">855 pour l&rsquo;un, 392 pour l&rsquo;autre, on peut parler de pav\u00e9s, en ce qui concerne les deux livres qui viennent de sortir :<\/p>\n<p style=\"text-align: justify;\"><strong><span id=\"productTitle\" class=\"a-size-large\">Jethro Tull Madness in the spring <\/span><\/strong><span id=\"productTitle\" class=\"a-size-large\">de Adrian Michelet-Delys <\/span>(<a href=\"https:\/\/www.amazon.fr\/Jethro-Madness-spring-Adrian-Michenet-Delys\/dp\/2378480482\/ref=sr_1_1?ie=UTF8&amp;qid=1545737271&amp;sr=8-1&amp;keywords=tull+adrian\">cliquer ICI<\/a>) et <strong>Ian Anderson Gentleman rocker<\/strong> de Frank bardel et Julien Del\u00e9glise (<a href=\"https:\/\/www.amazon.fr\/Jethro-Tull-Anderson-Gentleman-rocker\/dp\/2378480423\/ref=sr_1_1?s=books&amp;ie=UTF8&amp;qid=1545737859&amp;sr=1-1&amp;keywords=tull+gentleman\">cliquer ICI<\/a>).<\/p>\n<figure id=\"attachment_1867\" aria-describedby=\"caption-attachment-1867\" style=\"width: 605px\" class=\"wp-caption aligncenter\"><img data-recalc-dims=\"1\" loading=\"lazy\" decoding=\"async\" class=\"wp-image-1867 size-full\" title=\"jethro tull - 2 Livres\" src=\"https:\/\/i0.wp.com\/culturesco.com\/wp-content\/uploads\/2018\/12\/jethro-tull.jpg?resize=605%2C426&#038;ssl=1\" alt=\"jethro tull\" width=\"605\" height=\"426\" srcset=\"https:\/\/i0.wp.com\/culturesco.com\/wp-content\/uploads\/2018\/12\/jethro-tull.jpg?w=600&amp;ssl=1 600w, https:\/\/i0.wp.com\/culturesco.com\/wp-content\/uploads\/2018\/12\/jethro-tull.jpg?resize=300%2C211&amp;ssl=1 300w, https:\/\/i0.wp.com\/culturesco.com\/wp-content\/uploads\/2018\/12\/jethro-tull.jpg?resize=100%2C70&amp;ssl=1 100w, https:\/\/i0.wp.com\/culturesco.com\/wp-content\/uploads\/2018\/12\/jethro-tull.jpg?resize=596%2C420&amp;ssl=1 596w\" sizes=\"auto, (max-width: 605px) 100vw, 605px\" \/><figcaption id=\"caption-attachment-1867\" class=\"wp-caption-text\">50 ans jethro tull<\/figcaption><\/figure>\n<p>&nbsp;<\/p>\n<h3>JETHRO TULL &#8211; Une histoire qui commence d\u00e8s 1967<\/h3>\n<p style=\"text-align: justify;\">A cette \u00e9poque, les musiciens, tous britanniques, se produisent dans les clubs, les festivals de blues, etc. Le groupe se compose alors de <strong>Ian Anderson<\/strong>, chant et fl\u00fbte, et compositeur de la majorit\u00e9 des morceaux (neuf ans plus tard, c&rsquo;est-\u00e0-dire en 1976, Ian est le seul rescap\u00e9 de la formation originale), <strong>Mick Abrahams<\/strong>, guitare, <strong>Glen Cornick<\/strong>, basse, et <em>Clive Bunker<\/em>, batterie. On est en plein \u00ab blues boom \u00bb en Angleterre et ce n&rsquo;est qu&rsquo;un groupe de plus. Il y a toutefois un \u00ab petit quelque chose \u00bb qui attire l&rsquo;attention: une tenue assez particuli\u00e8re. les membres ressemblent tout simplement&#8230; \u00e0 des clochards. Ajoutez \u00e0 cela un \u00abgimmick \u00bb : Jethro Tull est le premier groupe de blues \u00e0 utiliser la fl\u00fbte comme instrument majeur.<\/p>\n<h3>Jethro Tull &#8211; A song for jeffrey<\/h3>\n<div class=\"youtube-embed\" data-video_id=\"3hZOeB-9D6Y\"><iframe loading=\"lazy\" title=\"Jethro Tull - A Song for Jeffrey\" width=\"696\" height=\"522\" src=\"https:\/\/www.youtube.com\/embed\/3hZOeB-9D6Y\" frameborder=\"0\" allow=\"accelerometer; autoplay; clipboard-write; encrypted-media; gyroscope; picture-in-picture; web-share\" referrerpolicy=\"strict-origin-when-cross-origin\" allowfullscreen><\/iframe><\/div>\n<p style=\"text-align: justify;\">Polydor \/ M. G. M. accorde au groupe une premi\u00e8re chance. Et un obscur 45 tours sort, avec deux de leurs compositions : \u00ab Sunshine day \u00bb et \u00ab Aeroplane \u00bb. Par erreur, le disque sort sous le nom de Jethro Toe, ce qui, en fait, ne change rien : inutile de dire qu&rsquo;il tombe imm\u00e9diatement dans l&rsquo;oubli. Il faudra attendre encore quelques mois pour que la courageuse Island leur propose un contrat ; \u00e0 cette \u00e9poque, le succ\u00e8s relatif de groupes comme Traffic et Spencer Davis Group (ce dernier d\u00e9j\u00e0 sur la descente), permet \u00e0 cette petite marque de signer des gens comme Free, Winder K. Frog, Clouds, Spooky Tooth et donc le Tull.<\/p>\n<figure id=\"attachment_1849\" aria-describedby=\"caption-attachment-1849\" style=\"width: 300px\" class=\"wp-caption aligncenter\"><img data-recalc-dims=\"1\" loading=\"lazy\" decoding=\"async\" class=\"wp-image-1849 size-medium\" src=\"https:\/\/i0.wp.com\/culturesco.com\/wp-content\/uploads\/2018\/12\/R-1965104-1255529256_jpeg.jpg?resize=300%2C300&#038;ssl=1\" alt=\"JETHRO TULL\" width=\"300\" height=\"300\" srcset=\"https:\/\/i0.wp.com\/culturesco.com\/wp-content\/uploads\/2018\/12\/R-1965104-1255529256_jpeg.jpg?resize=300%2C300&amp;ssl=1 300w, https:\/\/i0.wp.com\/culturesco.com\/wp-content\/uploads\/2018\/12\/R-1965104-1255529256_jpeg.jpg?resize=100%2C100&amp;ssl=1 100w, https:\/\/i0.wp.com\/culturesco.com\/wp-content\/uploads\/2018\/12\/R-1965104-1255529256_jpeg.jpg?resize=150%2C150&amp;ssl=1 150w, https:\/\/i0.wp.com\/culturesco.com\/wp-content\/uploads\/2018\/12\/R-1965104-1255529256_jpeg.jpg?resize=418%2C420&amp;ssl=1 418w, https:\/\/i0.wp.com\/culturesco.com\/wp-content\/uploads\/2018\/12\/R-1965104-1255529256_jpeg.jpg?w=479&amp;ssl=1 479w\" sizes=\"auto, (max-width: 300px) 100vw, 300px\" \/><figcaption id=\"caption-attachment-1849\" class=\"wp-caption-text\">JETHRO TULL &#8211;\u00a0 50 ans jethro tull<\/figcaption><\/figure>\n<p style=\"text-align: justify;\">On tente un simple, pour t\u00e2ter le terrain, voir la r\u00e9action du \u00ab m\u00e9tier \u00bb vis-\u00e0-vis de ce groupe si original. Favorable ! <strong>Song for Jeffrey<\/strong>, bien que loin de grimper au hit-parade, attire l&rsquo;attention d&rsquo;un noyau de fans. Il sera interpr\u00e9t\u00e9 dans le <strong>ROCK&rsquo;N&rsquo;ROLL CIRCUS<\/strong> des <strong>Rolling Stones<\/strong>\u2026 ce qui va nous conduire \u00e0 un autre article (<a href=\"https:\/\/culturesco.com\/index.php\/2018\/12\/25\/tony-iommi-et-jethro-tull-1968\/\">cliquer ICI<\/a>)\u00a0!<\/p>\n<p>Daniel Lesueur<\/p>\n","protected":false},"excerpt":{"rendered":"<p>Du John Evan(s) Band \u00e0 Ian Anderson Une histoire en\u2026 pr\u00e8s de 1400 pages 50 ans Jethro Tull : 855 pour l&rsquo;un, 392 pour l&rsquo;autre, on peut parler de pav\u00e9s, en ce qui concerne les deux livres qui viennent de sortir : Jethro Tull Madness in the spring de Adrian Michelet-Delys (cliquer ICI) et Ian [&hellip;]<\/p>\n","protected":false},"author":2,"featured_media":1867,"comment_status":"open","ping_status":"open","sticky":false,"template":"","format":"image","meta":{"jetpack_post_was_ever_published":false,"tdm_status":"","tdm_grid_status":"","_jetpack_newsletter_access":"","_jetpack_dont_email_post_to_subs":false,"_jetpack_newsletter_tier_id":0,"_jetpack_memberships_contains_paywalled_content":false,"_jetpack_memberships_contains_paid_content":false,"footnotes":""},"categories":[17,66],"tags":[20],"class_list":{"0":"post-1831","1":"post","2":"type-post","3":"status-publish","4":"format-image","5":"has-post-thumbnail","7":"category-carotte-rock-cultures","8":"category-livre-rock","9":"tag-livre-rock","10":"post_format-post-format-image"},"yoast_head":"<!-- This site is optimized with the Yoast SEO plugin v27.4 - https:\/\/yoast.com\/product\/yoast-seo-wordpress\/ -->\n<title>JETHRO TULL Deux livres pour les 50 ans du groupe - Culturesco<\/title>\n<meta name=\"description\" content=\"CulturesCo | Deux livres pour les 50 ans de JETHRO TULL - Du John Evan(s) Band \u00e0 Ian AndersonUne histoire en\u2026 pr\u00e8s de 1400 pages\" \/>\n<meta name=\"robots\" content=\"index, follow, max-snippet:-1, max-image-preview:large, max-video-preview:-1\" \/>\n<link rel=\"canonical\" href=\"https:\/\/culturesco.com\/index.php\/2018\/12\/25\/deux-livres-pour-les-50-ans-de-jethro-tull\/\" \/>\n<meta property=\"og:locale\" content=\"fr_FR\" \/>\n<meta property=\"og:type\" content=\"article\" \/>\n<meta property=\"og:title\" content=\"JETHRO TULL Deux livres pour les 50 ans du groupe - Culturesco\" \/>\n<meta property=\"og:description\" content=\"CulturesCo | Deux livres pour les 50 ans de JETHRO TULL - Du John Evan(s) Band \u00e0 Ian AndersonUne histoire en\u2026 pr\u00e8s de 1400 pages\" \/>\n<meta property=\"og:url\" content=\"https:\/\/culturesco.com\/index.php\/2018\/12\/25\/deux-livres-pour-les-50-ans-de-jethro-tull\/\" \/>\n<meta property=\"og:site_name\" content=\"Culturesco\" \/>\n<meta property=\"article:publisher\" content=\"https:\/\/www.facebook.com\/radioculturesco\" \/>\n<meta property=\"article:published_time\" content=\"2018-12-25T11:49:38+00:00\" \/>\n<meta property=\"article:modified_time\" content=\"2019-08-09T13:44:44+00:00\" \/>\n<meta property=\"og:image\" content=\"https:\/\/i2.wp.com\/culturesco.com\/wp-content\/uploads\/2018\/12\/ian-anderson-jethro-tull.jpg?fit=600%2C314&ssl=1\" \/>\n\t<meta property=\"og:image:width\" content=\"600\" \/>\n\t<meta property=\"og:image:height\" content=\"314\" \/>\n\t<meta property=\"og:image:type\" content=\"image\/jpeg\" \/>\n<meta name=\"author\" content=\"Daniel Lesueur\" \/>\n<meta name=\"twitter:card\" content=\"summary_large_image\" \/>\n<meta name=\"twitter:creator\" content=\"@AugusteMarshal\" \/>\n<meta name=\"twitter:site\" content=\"@AugusteMarshal\" \/>\n<meta name=\"twitter:label1\" content=\"\u00c9crit par\" \/>\n\t<meta name=\"twitter:data1\" content=\"Daniel Lesueur\" \/>\n\t<meta name=\"twitter:label2\" content=\"Dur\u00e9e de lecture estim\u00e9e\" \/>\n\t<meta name=\"twitter:data2\" content=\"2 minutes\" \/>\n<script type=\"application\/ld+json\" class=\"yoast-schema-graph\">{\"@context\":\"https:\\\/\\\/schema.org\",\"@graph\":[{\"@type\":\"Article\",\"@id\":\"https:\\\/\\\/culturesco.com\\\/index.php\\\/2018\\\/12\\\/25\\\/deux-livres-pour-les-50-ans-de-jethro-tull\\\/#article\",\"isPartOf\":{\"@id\":\"https:\\\/\\\/culturesco.com\\\/index.php\\\/2018\\\/12\\\/25\\\/deux-livres-pour-les-50-ans-de-jethro-tull\\\/\"},\"author\":{\"name\":\"Daniel Lesueur\",\"@id\":\"https:\\\/\\\/culturesco.com\\\/#\\\/schema\\\/person\\\/716087cb1b01edf85084af2d12096a8f\"},\"headline\":\"JETHRO TULL Deux livres pour les 50 ans du groupe\",\"datePublished\":\"2018-12-25T11:49:38+00:00\",\"dateModified\":\"2019-08-09T13:44:44+00:00\",\"mainEntityOfPage\":{\"@id\":\"https:\\\/\\\/culturesco.com\\\/index.php\\\/2018\\\/12\\\/25\\\/deux-livres-pour-les-50-ans-de-jethro-tull\\\/\"},\"wordCount\":423,\"commentCount\":0,\"publisher\":{\"@id\":\"https:\\\/\\\/culturesco.com\\\/#organization\"},\"image\":{\"@id\":\"https:\\\/\\\/culturesco.com\\\/index.php\\\/2018\\\/12\\\/25\\\/deux-livres-pour-les-50-ans-de-jethro-tull\\\/#primaryimage\"},\"thumbnailUrl\":\"https:\\\/\\\/i0.wp.com\\\/culturesco.com\\\/wp-content\\\/uploads\\\/2018\\\/12\\\/jethro-tull.jpg?fit=600%2C422&ssl=1\",\"keywords\":[\"Livre Rock\"],\"articleSection\":[\"Carotte Rock Cultures\",\"Livre Rock\"],\"inLanguage\":\"fr-FR\",\"potentialAction\":[{\"@type\":\"CommentAction\",\"name\":\"Comment\",\"target\":[\"https:\\\/\\\/culturesco.com\\\/index.php\\\/2018\\\/12\\\/25\\\/deux-livres-pour-les-50-ans-de-jethro-tull\\\/#respond\"]}]},{\"@type\":\"WebPage\",\"@id\":\"https:\\\/\\\/culturesco.com\\\/index.php\\\/2018\\\/12\\\/25\\\/deux-livres-pour-les-50-ans-de-jethro-tull\\\/\",\"url\":\"https:\\\/\\\/culturesco.com\\\/index.php\\\/2018\\\/12\\\/25\\\/deux-livres-pour-les-50-ans-de-jethro-tull\\\/\",\"name\":\"JETHRO TULL Deux livres pour les 50 ans du groupe - Culturesco\",\"isPartOf\":{\"@id\":\"https:\\\/\\\/culturesco.com\\\/#website\"},\"primaryImageOfPage\":{\"@id\":\"https:\\\/\\\/culturesco.com\\\/index.php\\\/2018\\\/12\\\/25\\\/deux-livres-pour-les-50-ans-de-jethro-tull\\\/#primaryimage\"},\"image\":{\"@id\":\"https:\\\/\\\/culturesco.com\\\/index.php\\\/2018\\\/12\\\/25\\\/deux-livres-pour-les-50-ans-de-jethro-tull\\\/#primaryimage\"},\"thumbnailUrl\":\"https:\\\/\\\/i0.wp.com\\\/culturesco.com\\\/wp-content\\\/uploads\\\/2018\\\/12\\\/jethro-tull.jpg?fit=600%2C422&ssl=1\",\"datePublished\":\"2018-12-25T11:49:38+00:00\",\"dateModified\":\"2019-08-09T13:44:44+00:00\",\"description\":\"CulturesCo | Deux livres pour les 50 ans de JETHRO TULL - Du John Evan(s) Band \u00e0 Ian AndersonUne histoire en\u2026 pr\u00e8s de 1400 pages\",\"breadcrumb\":{\"@id\":\"https:\\\/\\\/culturesco.com\\\/index.php\\\/2018\\\/12\\\/25\\\/deux-livres-pour-les-50-ans-de-jethro-tull\\\/#breadcrumb\"},\"inLanguage\":\"fr-FR\",\"potentialAction\":[{\"@type\":\"ReadAction\",\"target\":[\"https:\\\/\\\/culturesco.com\\\/index.php\\\/2018\\\/12\\\/25\\\/deux-livres-pour-les-50-ans-de-jethro-tull\\\/\"]}]},{\"@type\":\"ImageObject\",\"inLanguage\":\"fr-FR\",\"@id\":\"https:\\\/\\\/culturesco.com\\\/index.php\\\/2018\\\/12\\\/25\\\/deux-livres-pour-les-50-ans-de-jethro-tull\\\/#primaryimage\",\"url\":\"https:\\\/\\\/i0.wp.com\\\/culturesco.com\\\/wp-content\\\/uploads\\\/2018\\\/12\\\/jethro-tull.jpg?fit=600%2C422&ssl=1\",\"contentUrl\":\"https:\\\/\\\/i0.wp.com\\\/culturesco.com\\\/wp-content\\\/uploads\\\/2018\\\/12\\\/jethro-tull.jpg?fit=600%2C422&ssl=1\",\"width\":600,\"height\":422,\"caption\":\"jethro tull\"},{\"@type\":\"BreadcrumbList\",\"@id\":\"https:\\\/\\\/culturesco.com\\\/index.php\\\/2018\\\/12\\\/25\\\/deux-livres-pour-les-50-ans-de-jethro-tull\\\/#breadcrumb\",\"itemListElement\":[{\"@type\":\"ListItem\",\"position\":1,\"name\":\"Accueil\",\"item\":\"https:\\\/\\\/culturesco.com\\\/\"},{\"@type\":\"ListItem\",\"position\":2,\"name\":\"JETHRO TULL Deux livres pour les 50 ans du groupe\"}]},{\"@type\":\"WebSite\",\"@id\":\"https:\\\/\\\/culturesco.com\\\/#website\",\"url\":\"https:\\\/\\\/culturesco.com\\\/\",\"name\":\"Culturesco\",\"description\":\"Culturesco | Un bon coup de pied dans ta Culture\",\"publisher\":{\"@id\":\"https:\\\/\\\/culturesco.com\\\/#organization\"},\"potentialAction\":[{\"@type\":\"SearchAction\",\"target\":{\"@type\":\"EntryPoint\",\"urlTemplate\":\"https:\\\/\\\/culturesco.com\\\/?s={search_term_string}\"},\"query-input\":{\"@type\":\"PropertyValueSpecification\",\"valueRequired\":true,\"valueName\":\"search_term_string\"}}],\"inLanguage\":\"fr-FR\"},{\"@type\":\"Organization\",\"@id\":\"https:\\\/\\\/culturesco.com\\\/#organization\",\"name\":\"CULTURESCO\",\"url\":\"https:\\\/\\\/culturesco.com\\\/\",\"logo\":{\"@type\":\"ImageObject\",\"inLanguage\":\"fr-FR\",\"@id\":\"https:\\\/\\\/culturesco.com\\\/#\\\/schema\\\/logo\\\/image\\\/\",\"url\":\"https:\\\/\\\/i0.wp.com\\\/culturesco.com\\\/wp-content\\\/uploads\\\/2022\\\/04\\\/culturesco-logo-blanc250p.png?fit=250%2C250&ssl=1\",\"contentUrl\":\"https:\\\/\\\/i0.wp.com\\\/culturesco.com\\\/wp-content\\\/uploads\\\/2022\\\/04\\\/culturesco-logo-blanc250p.png?fit=250%2C250&ssl=1\",\"width\":250,\"height\":250,\"caption\":\"CULTURESCO\"},\"image\":{\"@id\":\"https:\\\/\\\/culturesco.com\\\/#\\\/schema\\\/logo\\\/image\\\/\"},\"sameAs\":[\"https:\\\/\\\/www.facebook.com\\\/radioculturesco\",\"https:\\\/\\\/x.com\\\/AugusteMarshal\",\"https:\\\/\\\/www.instagram.com\\\/carotte_rock_culture\\\/\",\"https:\\\/\\\/www.pinterest.fr\\\/augustemarshal\\\/\",\"https:\\\/\\\/www.youtube.com\\\/channel\\\/UCiWLGffqWSXlNnfzp6YwwyQ\"]},{\"@type\":\"Person\",\"@id\":\"https:\\\/\\\/culturesco.com\\\/#\\\/schema\\\/person\\\/716087cb1b01edf85084af2d12096a8f\",\"name\":\"Daniel Lesueur\",\"image\":{\"@type\":\"ImageObject\",\"inLanguage\":\"fr-FR\",\"@id\":\"https:\\\/\\\/i0.wp.com\\\/culturesco.com\\\/wp-content\\\/uploads\\\/2018\\\/12\\\/lesueur.jpg?fit=96%2C89&ssl=1\",\"url\":\"https:\\\/\\\/i0.wp.com\\\/culturesco.com\\\/wp-content\\\/uploads\\\/2018\\\/12\\\/lesueur.jpg?fit=96%2C89&ssl=1\",\"contentUrl\":\"https:\\\/\\\/i0.wp.com\\\/culturesco.com\\\/wp-content\\\/uploads\\\/2018\\\/12\\\/lesueur.jpg?fit=96%2C89&ssl=1\",\"caption\":\"Daniel Lesueur\"},\"description\":\"\u00c9crivain - Directeur de collection chez Camion Blanc\",\"url\":\"https:\\\/\\\/culturesco.com\\\/index.php\\\/author\\\/daniel-lesueur\\\/\"}]}<\/script>\n<!-- \/ Yoast SEO plugin. -->","yoast_head_json":{"title":"JETHRO TULL Deux livres pour les 50 ans du groupe - Culturesco","description":"CulturesCo | Deux livres pour les 50 ans de JETHRO TULL - Du John Evan(s) Band \u00e0 Ian AndersonUne histoire en\u2026 pr\u00e8s de 1400 pages","robots":{"index":"index","follow":"follow","max-snippet":"max-snippet:-1","max-image-preview":"max-image-preview:large","max-video-preview":"max-video-preview:-1"},"canonical":"https:\/\/culturesco.com\/index.php\/2018\/12\/25\/deux-livres-pour-les-50-ans-de-jethro-tull\/","og_locale":"fr_FR","og_type":"article","og_title":"JETHRO TULL Deux livres pour les 50 ans du groupe - Culturesco","og_description":"CulturesCo | Deux livres pour les 50 ans de JETHRO TULL - Du John Evan(s) Band \u00e0 Ian AndersonUne histoire en\u2026 pr\u00e8s de 1400 pages","og_url":"https:\/\/culturesco.com\/index.php\/2018\/12\/25\/deux-livres-pour-les-50-ans-de-jethro-tull\/","og_site_name":"Culturesco","article_publisher":"https:\/\/www.facebook.com\/radioculturesco","article_published_time":"2018-12-25T11:49:38+00:00","article_modified_time":"2019-08-09T13:44:44+00:00","og_image":[{"width":600,"height":314,"url":"https:\/\/i2.wp.com\/culturesco.com\/wp-content\/uploads\/2018\/12\/ian-anderson-jethro-tull.jpg?fit=600%2C314&ssl=1","type":"image\/jpeg"}],"author":"Daniel Lesueur","twitter_card":"summary_large_image","twitter_creator":"@AugusteMarshal","twitter_site":"@AugusteMarshal","twitter_misc":{"\u00c9crit par":"Daniel Lesueur","Dur\u00e9e de lecture estim\u00e9e":"2 minutes"},"schema":{"@context":"https:\/\/schema.org","@graph":[{"@type":"Article","@id":"https:\/\/culturesco.com\/index.php\/2018\/12\/25\/deux-livres-pour-les-50-ans-de-jethro-tull\/#article","isPartOf":{"@id":"https:\/\/culturesco.com\/index.php\/2018\/12\/25\/deux-livres-pour-les-50-ans-de-jethro-tull\/"},"author":{"name":"Daniel Lesueur","@id":"https:\/\/culturesco.com\/#\/schema\/person\/716087cb1b01edf85084af2d12096a8f"},"headline":"JETHRO TULL Deux livres pour les 50 ans du groupe","datePublished":"2018-12-25T11:49:38+00:00","dateModified":"2019-08-09T13:44:44+00:00","mainEntityOfPage":{"@id":"https:\/\/culturesco.com\/index.php\/2018\/12\/25\/deux-livres-pour-les-50-ans-de-jethro-tull\/"},"wordCount":423,"commentCount":0,"publisher":{"@id":"https:\/\/culturesco.com\/#organization"},"image":{"@id":"https:\/\/culturesco.com\/index.php\/2018\/12\/25\/deux-livres-pour-les-50-ans-de-jethro-tull\/#primaryimage"},"thumbnailUrl":"https:\/\/i0.wp.com\/culturesco.com\/wp-content\/uploads\/2018\/12\/jethro-tull.jpg?fit=600%2C422&ssl=1","keywords":["Livre Rock"],"articleSection":["Carotte Rock Cultures","Livre Rock"],"inLanguage":"fr-FR","potentialAction":[{"@type":"CommentAction","name":"Comment","target":["https:\/\/culturesco.com\/index.php\/2018\/12\/25\/deux-livres-pour-les-50-ans-de-jethro-tull\/#respond"]}]},{"@type":"WebPage","@id":"https:\/\/culturesco.com\/index.php\/2018\/12\/25\/deux-livres-pour-les-50-ans-de-jethro-tull\/","url":"https:\/\/culturesco.com\/index.php\/2018\/12\/25\/deux-livres-pour-les-50-ans-de-jethro-tull\/","name":"JETHRO TULL Deux livres pour les 50 ans du groupe - Culturesco","isPartOf":{"@id":"https:\/\/culturesco.com\/#website"},"primaryImageOfPage":{"@id":"https:\/\/culturesco.com\/index.php\/2018\/12\/25\/deux-livres-pour-les-50-ans-de-jethro-tull\/#primaryimage"},"image":{"@id":"https:\/\/culturesco.com\/index.php\/2018\/12\/25\/deux-livres-pour-les-50-ans-de-jethro-tull\/#primaryimage"},"thumbnailUrl":"https:\/\/i0.wp.com\/culturesco.com\/wp-content\/uploads\/2018\/12\/jethro-tull.jpg?fit=600%2C422&ssl=1","datePublished":"2018-12-25T11:49:38+00:00","dateModified":"2019-08-09T13:44:44+00:00","description":"CulturesCo | Deux livres pour les 50 ans de JETHRO TULL - Du John Evan(s) Band \u00e0 Ian AndersonUne histoire en\u2026 pr\u00e8s de 1400 pages","breadcrumb":{"@id":"https:\/\/culturesco.com\/index.php\/2018\/12\/25\/deux-livres-pour-les-50-ans-de-jethro-tull\/#breadcrumb"},"inLanguage":"fr-FR","potentialAction":[{"@type":"ReadAction","target":["https:\/\/culturesco.com\/index.php\/2018\/12\/25\/deux-livres-pour-les-50-ans-de-jethro-tull\/"]}]},{"@type":"ImageObject","inLanguage":"fr-FR","@id":"https:\/\/culturesco.com\/index.php\/2018\/12\/25\/deux-livres-pour-les-50-ans-de-jethro-tull\/#primaryimage","url":"https:\/\/i0.wp.com\/culturesco.com\/wp-content\/uploads\/2018\/12\/jethro-tull.jpg?fit=600%2C422&ssl=1","contentUrl":"https:\/\/i0.wp.com\/culturesco.com\/wp-content\/uploads\/2018\/12\/jethro-tull.jpg?fit=600%2C422&ssl=1","width":600,"height":422,"caption":"jethro tull"},{"@type":"BreadcrumbList","@id":"https:\/\/culturesco.com\/index.php\/2018\/12\/25\/deux-livres-pour-les-50-ans-de-jethro-tull\/#breadcrumb","itemListElement":[{"@type":"ListItem","position":1,"name":"Accueil","item":"https:\/\/culturesco.com\/"},{"@type":"ListItem","position":2,"name":"JETHRO TULL Deux livres pour les 50 ans du groupe"}]},{"@type":"WebSite","@id":"https:\/\/culturesco.com\/#website","url":"https:\/\/culturesco.com\/","name":"Culturesco","description":"Culturesco | Un bon coup de pied dans ta Culture","publisher":{"@id":"https:\/\/culturesco.com\/#organization"},"potentialAction":[{"@type":"SearchAction","target":{"@type":"EntryPoint","urlTemplate":"https:\/\/culturesco.com\/?s={search_term_string}"},"query-input":{"@type":"PropertyValueSpecification","valueRequired":true,"valueName":"search_term_string"}}],"inLanguage":"fr-FR"},{"@type":"Organization","@id":"https:\/\/culturesco.com\/#organization","name":"CULTURESCO","url":"https:\/\/culturesco.com\/","logo":{"@type":"ImageObject","inLanguage":"fr-FR","@id":"https:\/\/culturesco.com\/#\/schema\/logo\/image\/","url":"https:\/\/i0.wp.com\/culturesco.com\/wp-content\/uploads\/2022\/04\/culturesco-logo-blanc250p.png?fit=250%2C250&ssl=1","contentUrl":"https:\/\/i0.wp.com\/culturesco.com\/wp-content\/uploads\/2022\/04\/culturesco-logo-blanc250p.png?fit=250%2C250&ssl=1","width":250,"height":250,"caption":"CULTURESCO"},"image":{"@id":"https:\/\/culturesco.com\/#\/schema\/logo\/image\/"},"sameAs":["https:\/\/www.facebook.com\/radioculturesco","https:\/\/x.com\/AugusteMarshal","https:\/\/www.instagram.com\/carotte_rock_culture\/","https:\/\/www.pinterest.fr\/augustemarshal\/","https:\/\/www.youtube.com\/channel\/UCiWLGffqWSXlNnfzp6YwwyQ"]},{"@type":"Person","@id":"https:\/\/culturesco.com\/#\/schema\/person\/716087cb1b01edf85084af2d12096a8f","name":"Daniel Lesueur","image":{"@type":"ImageObject","inLanguage":"fr-FR","@id":"https:\/\/i0.wp.com\/culturesco.com\/wp-content\/uploads\/2018\/12\/lesueur.jpg?fit=96%2C89&ssl=1","url":"https:\/\/i0.wp.com\/culturesco.com\/wp-content\/uploads\/2018\/12\/lesueur.jpg?fit=96%2C89&ssl=1","contentUrl":"https:\/\/i0.wp.com\/culturesco.com\/wp-content\/uploads\/2018\/12\/lesueur.jpg?fit=96%2C89&ssl=1","caption":"Daniel Lesueur"},"description":"\u00c9crivain - Directeur de collection chez Camion Blanc","url":"https:\/\/culturesco.com\/index.php\/author\/daniel-lesueur\/"}]}},"jetpack_featured_media_url":"https:\/\/i0.wp.com\/culturesco.com\/wp-content\/uploads\/2018\/12\/jethro-tull.jpg?fit=600%2C422&ssl=1","jetpack_likes_enabled":true,"jetpack_sharing_enabled":true,"jetpack_shortlink":"https:\/\/wp.me\/paz89I-tx","_links":{"self":[{"href":"https:\/\/culturesco.com\/index.php\/wp-json\/wp\/v2\/posts\/1831","targetHints":{"allow":["GET"]}}],"collection":[{"href":"https:\/\/culturesco.com\/index.php\/wp-json\/wp\/v2\/posts"}],"about":[{"href":"https:\/\/culturesco.com\/index.php\/wp-json\/wp\/v2\/types\/post"}],"author":[{"embeddable":true,"href":"https:\/\/culturesco.com\/index.php\/wp-json\/wp\/v2\/users\/2"}],"replies":[{"embeddable":true,"href":"https:\/\/culturesco.com\/index.php\/wp-json\/wp\/v2\/comments?post=1831"}],"version-history":[{"count":0,"href":"https:\/\/culturesco.com\/index.php\/wp-json\/wp\/v2\/posts\/1831\/revisions"}],"wp:featuredmedia":[{"embeddable":true,"href":"https:\/\/culturesco.com\/index.php\/wp-json\/wp\/v2\/media\/1867"}],"wp:attachment":[{"href":"https:\/\/culturesco.com\/index.php\/wp-json\/wp\/v2\/media?parent=1831"}],"wp:term":[{"taxonomy":"category","embeddable":true,"href":"https:\/\/culturesco.com\/index.php\/wp-json\/wp\/v2\/categories?post=1831"},{"taxonomy":"post_tag","embeddable":true,"href":"https:\/\/culturesco.com\/index.php\/wp-json\/wp\/v2\/tags?post=1831"}],"curies":[{"name":"wp","href":"https:\/\/api.w.org\/{rel}","templated":true}]}}